{"id":26508,"date":"2024-06-03T17:18:24","date_gmt":"2024-06-03T20:18:24","guid":{"rendered":"https:\/\/www.grupomedcof.com.br\/blog\/?p=26508"},"modified":"2024-08-12T14:54:37","modified_gmt":"2024-08-12T17:54:37","slug":"residencia-medica-unesp-2024","status":"publish","type":"post","link":"https:\/\/www.grupomedcof.com.br\/blog\/residencia-medica-unesp-2024\/","title":{"rendered":"Resid\u00eancia M\u00e9dica: UNESP 2024"},"content":{"rendered":"<div id=\"ez-toc-container\" class=\"ez-toc-v2_0_74 counter-hierarchy ez-toc-counter ez-toc-transparent ez-toc-container-direction\">\n<div class=\"ez-toc-title-container\">\n<p class=\"ez-toc-title\" style=\"cursor:inherit\">Sum\u00e1rio<\/p>\n<span class=\"ez-toc-title-toggle\"><a href=\"#\" class=\"ez-toc-pull-right ez-toc-btn ez-toc-btn-xs ez-toc-btn-default ez-toc-toggle\" aria-label=\"Alternar tabela de conte\u00fado\"><span class=\"ez-toc-js-icon-con\"><span class=\"\"><span class=\"eztoc-hide\" style=\"display:none;\">Toggle<\/span><span class=\"ez-toc-icon-toggle-span\"><svg style=\"fill: #999;color:#999\" xmlns=\"http:\/\/www.w3.org\/2000\/svg\" class=\"list-377408\" width=\"20px\" height=\"20px\" viewBox=\"0 0 24 24\" fill=\"none\"><path d=\"M6 6H4v2h2V6zm14 0H8v2h12V6zM4 11h2v2H4v-2zm16 0H8v2h12v-2zM4 16h2v2H4v-2zm16 0H8v2h12v-2z\" fill=\"currentColor\"><\/path><\/svg><svg style=\"fill: #999;color:#999\" class=\"arrow-unsorted-368013\" xmlns=\"http:\/\/www.w3.org\/2000\/svg\" width=\"10px\" height=\"10px\" viewBox=\"0 0 24 24\" version=\"1.2\" baseProfile=\"tiny\"><path d=\"M18.2 9.3l-6.2-6.3-6.2 6.3c-.2.2-.3.4-.3.7s.1.5.3.7c.2.2.4.3.7.3h11c.3 0 .5-.1.7-.3.2-.2.3-.5.3-.7s-.1-.5-.3-.7zM5.8 14.7l6.2 6.3 6.2-6.3c.2-.2.3-.5.3-.7s-.1-.5-.3-.7c-.2-.2-.4-.3-.7-.3h-11c-.3 0-.5.1-.7.3-.2.2-.3.5-.3.7s.1.5.3.7z\"\/><\/svg><\/span><\/span><\/span><\/a><\/span><\/div>\n<nav><ul class='ez-toc-list ez-toc-list-level-1 ' ><li class='ez-toc-page-1 ez-toc-heading-level-2'><a class=\"ez-toc-link ez-toc-heading-1\" href=\"https:\/\/www.grupomedcof.com.br\/blog\/residencia-medica-unesp-2024\/#Sobre_a_UNESP\" >Sobre a UNESP<\/a><\/li><li class='ez-toc-page-1 ez-toc-heading-level-2'><a class=\"ez-toc-link ez-toc-heading-2\" href=\"https:\/\/www.grupomedcof.com.br\/blog\/residencia-medica-unesp-2024\/#Edital_UNESP_2024\" >Edital UNESP 2024<\/a><\/li><li class='ez-toc-page-1 ez-toc-heading-level-2'><a class=\"ez-toc-link ez-toc-heading-3\" href=\"https:\/\/www.grupomedcof.com.br\/blog\/residencia-medica-unesp-2024\/#Inscricoes\" >Inscri\u00e7\u00f5es<\/a><\/li><li class='ez-toc-page-1 ez-toc-heading-level-2'><a class=\"ez-toc-link ez-toc-heading-4\" href=\"https:\/\/www.grupomedcof.com.br\/blog\/residencia-medica-unesp-2024\/#Vagas\" >Vagas<\/a><ul class='ez-toc-list-level-3' ><li class='ez-toc-heading-level-3'><a class=\"ez-toc-link ez-toc-heading-5\" href=\"https:\/\/www.grupomedcof.com.br\/blog\/residencia-medica-unesp-2024\/#Acesso_direto\" >Acesso direto<\/a><\/li><li class='ez-toc-page-1 ez-toc-heading-level-3'><a class=\"ez-toc-link ez-toc-heading-6\" href=\"https:\/\/www.grupomedcof.com.br\/blog\/residencia-medica-unesp-2024\/#Pre-requisito\" >Pr\u00e9-requisito<\/a><\/li><\/ul><\/li><li class='ez-toc-page-1 ez-toc-heading-level-2'><a class=\"ez-toc-link ez-toc-heading-7\" href=\"https:\/\/www.grupomedcof.com.br\/blog\/residencia-medica-unesp-2024\/#Processo_seletivo\" >Processo seletivo<\/a><ul class='ez-toc-list-level-3' ><li class='ez-toc-heading-level-3'><a class=\"ez-toc-link ez-toc-heading-8\" href=\"https:\/\/www.grupomedcof.com.br\/blog\/residencia-medica-unesp-2024\/#Prova_objetiva\" >Prova objetiva<\/a><\/li><li class='ez-toc-page-1 ez-toc-heading-level-3'><a class=\"ez-toc-link ez-toc-heading-9\" href=\"https:\/\/www.grupomedcof.com.br\/blog\/residencia-medica-unesp-2024\/#Analise_Curricular\" >An\u00e1lise Curricular<\/a><\/li><\/ul><\/li><li class='ez-toc-page-1 ez-toc-heading-level-2'><a class=\"ez-toc-link ez-toc-heading-10\" href=\"https:\/\/www.grupomedcof.com.br\/blog\/residencia-medica-unesp-2024\/#Definicao_da_nota\" >Defini\u00e7\u00e3o da nota<\/a><ul class='ez-toc-list-level-3' ><li class='ez-toc-heading-level-3'><a class=\"ez-toc-link ez-toc-heading-11\" href=\"https:\/\/www.grupomedcof.com.br\/blog\/residencia-medica-unesp-2024\/#Criterios_de_desempate\" >Crit\u00e9rios de desempate<\/a><\/li><\/ul><\/li><li class='ez-toc-page-1 ez-toc-heading-level-2'><a class=\"ez-toc-link ez-toc-heading-12\" href=\"https:\/\/www.grupomedcof.com.br\/blog\/residencia-medica-unesp-2024\/#Resultado_UNESP_2024\" >Resultado UNESP 2024<\/a><\/li><li class='ez-toc-page-1 ez-toc-heading-level-2'><a class=\"ez-toc-link ez-toc-heading-13\" href=\"https:\/\/www.grupomedcof.com.br\/blog\/residencia-medica-unesp-2024\/#Calendario_UNESP_2024\" >Calend\u00e1rio UNESP 2024<\/a><\/li><li class='ez-toc-page-1 ez-toc-heading-level-2'><a class=\"ez-toc-link ez-toc-heading-14\" href=\"https:\/\/www.grupomedcof.com.br\/blog\/residencia-medica-unesp-2024\/#Se_prepare_para_a_UNESP_2025\" >Se prepare para a UNESP 2025<\/a><\/li><\/ul><\/nav><\/div>\n\n<figure class=\"wp-block-image size-large\"><img loading=\"lazy\" decoding=\"async\" width=\"1024\" height=\"576\" src=\"https:\/\/www.grupomedcof.com.br\/blog\/wp-content\/uploads\/2024\/05\/Blog-MedCof-1-6-1024x576.png\" alt=\"\" class=\"wp-image-26511\" srcset=\"https:\/\/www.grupomedcof.com.br\/blog\/wp-content\/uploads\/2024\/05\/Blog-MedCof-1-6-1024x576.png 1024w, https:\/\/www.grupomedcof.com.br\/blog\/wp-content\/uploads\/2024\/05\/Blog-MedCof-1-6-300x169.png 300w, https:\/\/www.grupomedcof.com.br\/blog\/wp-content\/uploads\/2024\/05\/Blog-MedCof-1-6-768x432.png 768w, https:\/\/www.grupomedcof.com.br\/blog\/wp-content\/uploads\/2024\/05\/Blog-MedCof-1-6-1536x864.png 1536w, https:\/\/www.grupomedcof.com.br\/blog\/wp-content\/uploads\/2024\/05\/Blog-MedCof-1-6-747x420.png 747w, https:\/\/www.grupomedcof.com.br\/blog\/wp-content\/uploads\/2024\/05\/Blog-MedCof-1-6-150x84.png 150w, https:\/\/www.grupomedcof.com.br\/blog\/wp-content\/uploads\/2024\/05\/Blog-MedCof-1-6-696x392.png 696w, https:\/\/www.grupomedcof.com.br\/blog\/wp-content\/uploads\/2024\/05\/Blog-MedCof-1-6-1068x601.png 1068w, https:\/\/www.grupomedcof.com.br\/blog\/wp-content\/uploads\/2024\/05\/Blog-MedCof-1-6.png 1920w\" sizes=\"auto, (max-width: 1024px) 100vw, 1024px\" \/><\/figure>\n\n\n\n<p>Relembre como foi a \u00faltima edi\u00e7\u00e3o da prova de resid\u00eancia da UNESP e se prepare para a pr\u00f3xima prova!<\/p>\n\n\n\n<h2 class=\"wp-block-heading\" id=\"h-sobre-a-unesp\"><span class=\"ez-toc-section\" id=\"Sobre_a_UNESP\"><\/span><strong>Sobre a UNESP<\/strong><span class=\"ez-toc-section-end\"><\/span><\/h2>\n\n\n\n<p>A Universidade Estadual Paulista Julio de Mesquita Filho, tamb\u00e9m conhecida como UNESP, \u00e9 uma institui\u00e7\u00e3o p\u00fablica e possui v\u00e1rios campus distribu\u00eddos por todo o estado de S\u00e3o Paulo. A faculdade de medicina da UNESP fica localizada no campus da cidade de <strong>Botucatu<\/strong>.<\/p>\n\n\n\n<h2 class=\"wp-block-heading\" id=\"h-edital-unesp-2024\"><span class=\"ez-toc-section\" id=\"Edital_UNESP_2024\"><\/span><strong>Edital UNESP 2024<\/strong><span class=\"ez-toc-section-end\"><\/span><\/h2>\n\n\n\n<p>A divulga\u00e7\u00e3o do&nbsp;<a href=\"https:\/\/www.grupomedcof.com.br\/blog\/edital-residencia-medica-unesp-2023-2024\/\">edital<\/a>&nbsp;para o processo seletivo nas vagas de <strong>acesso direto<\/strong> e <strong>pr\u00e9-requisito<\/strong> de Resid\u00eancia M\u00e9dica da UNESP 2024 ocorreu no dia&nbsp;<strong>18 de setembro de 2023<\/strong>&nbsp;atrav\u00e9s do Di\u00e1rio Oficial do Estado de S\u00e3o Paulo. O respons\u00e1vel pelo processo seletivo \u00e9 a Funda\u00e7\u00e3o Vunesp.<\/p>\n\n\n\n<p>Assim, no edital, os candidatos receberam informa\u00e7\u00f5es sobre datas, inscri\u00e7\u00f5es, processo seletivo, vagas ofertadas, taxa de inscri\u00e7\u00e3o, isen\u00e7\u00e3o de taxa e matr\u00edculas.<\/p>\n\n\n\n<h2 class=\"wp-block-heading\" id=\"h-inscricoes\"><span class=\"ez-toc-section\" id=\"Inscricoes\"><\/span><strong>Inscri\u00e7\u00f5es<\/strong><span class=\"ez-toc-section-end\"><\/span><\/h2>\n\n\n\n<p><span style=\"color: rgb(34, 34, 34); white-space-collapse: collapse;\">Os candidatos que prestaram a prova da&nbsp;<\/span><strong style=\"color: rgb(34, 34, 34); white-space-collapse: collapse; box-sizing: border-box;\">UNESP 2024<\/strong><span style=\"color: rgb(34, 34, 34); white-space-collapse: collapse;\">&nbsp;realizaram suas inscri\u00e7\u00f5es entre os dias 02 e 13\/10\/2023.<\/span>&nbsp;Quem precisou de redu\u00e7\u00e3o de 50% da taxa de inscri\u00e7\u00e3o, solicitou entre os dias 02 e 03\/10\/2023.<\/p>\n\n\n\n<p>Entretanto, aqueles que pagaram o valor integral,&nbsp;a taxa&nbsp;estabelecida<strong>&nbsp;foi de R$ 613,00<\/strong>&nbsp;e&nbsp;o pagamento p\u00f4de ser efetuado at\u00e9 o dia&nbsp;<strong>13&nbsp;de outubro<\/strong>.<\/p>\n\n\n\n<p>Bem como no momento em que o candidato fez sua inscri\u00e7\u00e3o, ele tamb\u00e9m escolheu, dentre as duas op\u00e7\u00f5es dispon\u00edveis, a cidade em que desejaria realizar sua prova: <strong>S\u00e3o Paulo<\/strong> ou <strong>Botucatu<\/strong>.<\/p>\n\n\n\n<h2 class=\"wp-block-heading\" id=\"h-vagas\"><span class=\"ez-toc-section\" id=\"Vagas\"><\/span><strong>Vagas<\/strong><span class=\"ez-toc-section-end\"><\/span><\/h2>\n\n\n\n<p>Nesta edi\u00e7\u00e3o ofertou-se ao todo<strong>&nbsp;188&nbsp;vagas<\/strong>&nbsp;para&nbsp;<strong>3.300 candidatos<\/strong>&nbsp;inscritos.<strong>&nbsp;<\/strong>Na tabela abaixo voc\u00ea poder\u00e1 conferir a disposi\u00e7\u00e3o de cada uma de acordo com a especialidade e a concorr\u00eancia. A \u00faltima consiste na soma da prova objetiva com a an\u00e1lise curricular e da nota obtida pelo \u00faltimo suplente.<\/p>\n\n\n\n<h3 class=\"wp-block-heading\" id=\"h-acesso-direto\"><span class=\"ez-toc-section\" id=\"Acesso_direto\"><\/span><strong>Acesso direto<\/strong><span class=\"ez-toc-section-end\"><\/span><\/h3>\n\n\n\n<figure class=\"wp-block-table\"><table><tbody><tr><td><strong>Especialidade<\/strong><\/td><td><strong>Vagas ofertadas<\/strong><\/td><td><strong>Concorr\u00eancia<\/strong><br><strong>(Cand\/Vaga)<\/strong><\/td><\/tr><tr><td>Anestesiologia<\/td><td>7<\/td><td>36,57<\/td><\/tr><tr><td>Cirurgia Cardiovascular<\/td><td>2<\/td><td>13<\/td><\/tr><tr><td>Cirurgia Geral<\/td><td>13<\/td><td>26,69<\/td><\/tr><tr><td>Cl\u00ednica M\u00e9dica<\/td><td>29<\/td><td>16,06<\/td><\/tr><tr><td>Dermatologia<\/td><td>6<\/td><td>44<\/td><\/tr><tr><td>Ginecologia e Obstetr\u00edcia<\/td><td>10<\/td><td>23,2<\/td><\/tr><tr><td>Infectologia<\/td><td>4<\/td><td>7,25<\/td><\/tr><tr><td>Medicina de Emerg\u00eancia<\/td><td>4<\/td><td>5,75<\/td><\/tr><tr><td>Medicina de Fam\u00edlia e Comunidade<\/td><td>1<\/td><td>8<\/td><\/tr><tr><td>Medicina Intensiva<\/td><td>1<\/td><td>5<\/td><\/tr><tr><td>Neurocirurgia<\/td><td>1<\/td><td>68<\/td><\/tr><tr><td>Neurologia<\/td><td>8<\/td><td>17,5<\/td><\/tr><tr><td>Oftalmologia<\/td><td>7<\/td><td>32,57<\/td><\/tr><tr><td>Ortopedia e Traumatologia<\/td><td>6<\/td><td>12,33<\/td><\/tr><tr><td>Otorrinolaringologia<\/td><td>4<\/td><td>37<\/td><\/tr><tr><td>Patologia<\/td><td>3<\/td><td>7<\/td><\/tr><tr><td>Pediatria<\/td><td>17<\/td><td>12,88<\/td><\/tr><tr><td>Psiquiatria<\/td><td>6<\/td><td>49,16<\/td><\/tr><tr><td>Radiologia e Diagn\u00f3stico por Imagem<\/td><td>7<\/td><td>17<\/td><\/tr><\/tbody><\/table><\/figure>\n\n\n\n<h3 class=\"wp-block-heading\" id=\"h-pre-requisito\"><span class=\"ez-toc-section\" id=\"Pre-requisito\"><\/span><strong>Pr\u00e9-requisito<\/strong><span class=\"ez-toc-section-end\"><\/span><\/h3>\n\n\n\n<figure class=\"wp-block-table\"><table><tbody><tr><td><strong>Especialidade<\/strong><\/td><td><strong>Vagas ofertadas<\/strong><\/td><td><strong>Concorr\u00eancia<\/strong><br><strong>(Cand\/Vaga)<\/strong><\/td><\/tr><tr><td>Cardiologia<\/td><td>7<\/td><td>4,85<\/td><\/tr><tr><td>Cirurgia da m\u00e3o<\/td><td>1<\/td><td>5<\/td><\/tr><tr><td>Cirurgia do aparelho digestivo<\/td><td>4<\/td><td>4<\/td><\/tr><tr><td>Cirurgia Pedi\u00e1trica<\/td><td>1<\/td><td>6<\/td><\/tr><tr><td>Cirurgia Pl\u00e1stica<\/td><td>1<\/td><td>51<\/td><\/tr><tr><td>Cirurgia Tor\u00e1cica<\/td><td>1<\/td><td>2<\/td><\/tr><tr><td>Cirurgia Vascular<\/td><td>3<\/td><td>3,33<\/td><\/tr><tr><td>Endocrinologia e Metabologia<\/td><td>3<\/td><td>14,66<\/td><\/tr><tr><td>Endoscopia<\/td><td>2<\/td><td>4<\/td><\/tr><tr><td>Gastroenterologia<\/td><td>4<\/td><td>8,5<\/td><\/tr><tr><td>Geriatria<\/td><td>4<\/td><td>7<\/td><\/tr><tr><td>Hematologia e Hemoterapia<\/td><td>4<\/td><td>4,75<\/td><\/tr><tr><td>Mastologia<\/td><td>1<\/td><td>5<\/td><\/tr><tr><td>Nefrologia<\/td><td>8<\/td><td>2,62<\/td><\/tr><tr><td>Oncologia Cl\u00ednica<\/td><td>1<\/td><td>5<\/td><\/tr><tr><td>Pneumologia<\/td><td>3<\/td><td>4<\/td><\/tr><tr><td>Reumatologia<\/td><td>2<\/td><td>6<\/td><\/tr><tr><td>Urologia<\/td><td>2<\/td><td>10<\/td><\/tr><\/tbody><\/table><\/figure>\n\n\n\n<h2 class=\"wp-block-heading\" id=\"h-processo-seletivo\"><span class=\"ez-toc-section\" id=\"Processo_seletivo\"><\/span><strong>Processo seletivo<\/strong><span class=\"ez-toc-section-end\"><\/span><\/h2>\n\n\n\n<p>Assim como as demais provas de resid\u00eancia de m\u00e9dica, os candidatos que prestaram para o processo seletivo da UNESP passaram por duas fases avaliativas: a prova objetiva e a an\u00e1lise curricular.<\/p>\n\n\n\n<h3 class=\"wp-block-heading\" id=\"h-prova-objetiva\"><span class=\"ez-toc-section\" id=\"Prova_objetiva\"><\/span><strong>Prova objetiva<\/strong><span class=\"ez-toc-section-end\"><\/span><\/h3>\n\n\n\n<p>A 1\u00aa fase ocorreu no dia&nbsp;<strong>25 de novembro&nbsp;de 2023<\/strong>, e consistiu na Prova Objetiva. Desse modo, uma vez que existem diferentes programas, a elabora\u00e7\u00e3o da prova foi feita de maneira espec\u00edfica para cada um. Veja abaixo quais foram os conte\u00fados:<\/p>\n\n\n\n<ul class=\"wp-block-list\">\n<li><strong>Acesso Direto:<\/strong>&nbsp;100 quest\u00f5es abordando assuntos das 5 grandes \u00e1reas m\u00e9dicas;<\/li>\n\n\n\n<li><strong>Pr\u00e9-requisito:<\/strong>&nbsp;100 quest\u00f5es de m\u00faltipla escolha de acordo com a especialidade escolhida;<\/li>\n\n\n\n<li><strong>Mastologia<\/strong>: 25 quest\u00f5es de m\u00faltipla escolha com base no pr\u00e9-requisito exigido;<\/li>\n\n\n\n<li><strong>Endoscopia e Cirurgia da M\u00e3o:<\/strong>&nbsp;60 quest\u00f5es de m\u00faltipla escolha com base no pr\u00e9-requisito exigido.<\/li>\n<\/ul>\n\n\n\n<h3 class=\"wp-block-heading\" id=\"h-analise-curricular\"><span class=\"ez-toc-section\" id=\"Analise_Curricular\"><\/span><strong>An\u00e1lise Curricular<\/strong><span class=\"ez-toc-section-end\"><\/span><\/h3>\n\n\n\n<p>Sendo assim, os candidatos que atingiram a pontua\u00e7\u00e3o m\u00ednima exigida prosseguiram para a segunda fase: a <strong>an\u00e1lise curricular<\/strong>. Os curr\u00edculos encaminhados nos dias 05 a 08\/12\/2023 foram analisados no per\u00edodo de <strong>11 a 15\/12\/2023<\/strong>. <strong>A nota provis\u00f3ria foi disponibilizada no dia 19 de janeiro de 2024<\/strong>.&nbsp;Veja abaixo os itens que ser\u00e3o pontuados:<\/p>\n\n\n\n<figure class=\"wp-block-table\"><table><tbody><tr><td><strong>Itens considerados<\/strong><\/td><\/tr><tr><td>Dura\u00e7\u00e3o do internato<\/td><\/tr><tr><td>Aproveitamento durante o curso de gradua\u00e7\u00e3o<\/td><\/tr><tr><td>Participa\u00e7\u00e3o em atividades extra-curriculares relacionadas ao ensino, assist\u00eancia, extens\u00e3o e pesquisa<\/td><\/tr><tr><td>Est\u00e1gios supervisionados<\/td><\/tr><tr><td>Envolvimento institucional em atividades acad\u00eamicas, de representa\u00e7\u00e3o discente e de gest\u00e3o<\/td><\/tr><tr><td>Monitorias<\/td><\/tr><tr><td>Trabalhos publicados, trabalhos apresentados em congressos, bolsa oficial de inicia\u00e7\u00e3o cient\u00edfica (especificar fonte: Reitoria, CNPq, Fapesp, IC-ISB ou outras)<\/td><\/tr><tr><td>L\u00ednguas estrangeiras e outras atividades apresentadas<\/td><\/tr><\/tbody><\/table><\/figure>\n\n\n\n<p>Para saber mais informa\u00e7\u00f5es sobre an\u00e1lise curricular e ver os crit\u00e9rios que cada institui\u00e7\u00e3o pontua, veja o nosso post exclusivo sobre <strong><a href=\"https:\/\/www.grupomedcof.com.br\/blog\/atividades-essenciais-para-uma-boa-analise-curricular\/\">An\u00e1lise Curricular: Atividades essenciais que n\u00e3o podem faltar<\/a><\/strong>.<\/p>\n\n\n\n<h2 class=\"wp-block-heading\" id=\"h-definicao-da-nota\"><span class=\"ez-toc-section\" id=\"Definicao_da_nota\"><\/span><strong>Defini\u00e7\u00e3o da nota<\/strong><span class=\"ez-toc-section-end\"><\/span><\/h2>\n\n\n\n<p>A nota final da UNESP definiu-se com base na&nbsp;<strong>soma do resultado da prova objetiva e da an\u00e1lise curricular<\/strong>. Entretanto elas possuem pesos diferentes, enquanto a&nbsp;<strong>prova objetiva comp\u00f5e 90%<\/strong>&nbsp;da nota final, a<strong>&nbsp;an\u00e1lise curricular corresponde aos 10%<\/strong>&nbsp;restantes.<\/p>\n\n\n\n<p>Portanto, para obter a nota final de cada participante realizou-se o seguinte c\u00e1lculo:<\/p>\n\n\n\n<p>PF = pontua\u00e7\u00e3o final<\/p>\n\n\n\n<p>PO = pontua\u00e7\u00e3o da Prova Objetiva<\/p>\n\n\n\n<p>PC = pontua\u00e7\u00e3o da An\u00e1lise Curricular<\/p>\n\n\n\n<p><strong>(PF) = (PO x 9) + (PC x 1) <\/strong><\/p>\n\n\n\n<h3 class=\"wp-block-heading\" id=\"h-criterios-de-desempate\"><span class=\"ez-toc-section\" id=\"Criterios_de_desempate\"><\/span><strong>Crit\u00e9rios de desempate<\/strong><span class=\"ez-toc-section-end\"><\/span><\/h3>\n\n\n\n<p>Por outro lado, em caso de empate, os crit\u00e9rios utilizados para desempate foram:<\/p>\n\n\n\n<ul class=\"wp-block-list\">\n<li>Maior pontua\u00e7\u00e3o na Prova Objetiva;<\/li>\n\n\n\n<li>Maior idade.<\/li>\n<\/ul>\n\n\n\n<p>Al\u00e9m disso,&nbsp;os candidatos que participaram dos programas que d\u00e3o bonifica\u00e7\u00e3o de pontos, e solicitaram no momento da inscri\u00e7\u00e3o,&nbsp;tiveram b\u00f4nus de 10% na nota final. <\/p>\n\n\n\n<h2 class=\"wp-block-heading\" id=\"h-resultado-unesp-2024\"><span class=\"ez-toc-section\" id=\"Resultado_UNESP_2024\"><\/span><strong>Resultado UNESP 2024<\/strong><span class=\"ez-toc-section-end\"><\/span><\/h2>\n\n\n\n<p>Ap\u00f3s o<strong>&nbsp;Resultado Preliminar da An\u00e1lise Curricular<\/strong> ser divulgado&nbsp;<strong>no dia 19 de janeiro&nbsp;<\/strong>e o<strong>&nbsp;per\u00edodo de recursos&nbsp;<\/strong>acontecer<strong>&nbsp;at\u00e9 o dia&nbsp;23 de janeiro,&nbsp;<\/strong>o&nbsp;<strong>Resultado final do&nbsp;Processo Seletivo de Resid\u00eancia M\u00e9dica UNESP&nbsp;2024 foi divulgado no dia 30 de janeiro de 2024<\/strong>.<\/p>\n\n\n\n<h2 class=\"wp-block-heading\" id=\"h-calendario-unesp-2024\"><span class=\"ez-toc-section\" id=\"Calendario_UNESP_2024\"><\/span><strong>Calend\u00e1rio UNESP 2024<\/strong><span class=\"ez-toc-section-end\"><\/span><\/h2>\n\n\n\n<figure class=\"wp-block-table\"><table><tbody><tr><td><strong>Evento<\/strong><\/td><td><strong>Data<\/strong><\/td><\/tr><tr><td>Inscri\u00e7\u00f5es<\/td><td>02 a 13\/10\/2023<\/td><\/tr><tr><td>1\u00aa fase &#8211; Prova Objetiva<\/td><td>25\/11\/2023<\/td><\/tr><tr><td>Convoca\u00e7\u00e3o para a 2\u00aa fase<\/td><td>04\/12\/2023<\/td><\/tr><tr><td>Envio dos documentos<\/td><td>05 a 08\/12\/2023<\/td><\/tr><tr><td>2\u00aa fase &#8211; An\u00e1lise Curricular<\/td><td>11 a 15\/12\/2023<\/td><\/tr><tr><td>Resultado Preliminar<\/td><td>19\/01\/2024<\/td><\/tr><tr><td>Per\u00edodo de recursos<\/td><td>22 e 23\/01\/2024<\/td><\/tr><tr><td>Resultado final<\/td><td>at\u00e9 30\/01\/2024<\/td><\/tr><tr><td>In\u00edcio dos programas<\/td><td>01\/03\/2024<\/td><\/tr><\/tbody><\/table><\/figure>\n\n\n\n<h2 class=\"wp-block-heading\" id=\"h-se-prepare-para-a-unesp-2025\"><span class=\"ez-toc-section\" id=\"Se_prepare_para_a_UNESP_2025\"><\/span><strong>Se prepare para a UNESP 2025<\/strong> <span class=\"ez-toc-section-end\"><\/span><\/h2>\n\n\n\n<p>A&nbsp;<strong><a href=\"https:\/\/www.grupomedcof.com.br\/home\/?page=cursos\">Medcof<\/a>&nbsp;<\/strong>te ajuda a mandar bem na&nbsp;pr\u00f3xima prova da UNESP! Com o nosso cat\u00e1logo repleto de cursos, te guiaremos na jornada \u00e0&nbsp;Resid\u00eancia M\u00e9dica&nbsp;dos sonhos! Confira os nossos&nbsp;cursos e&nbsp;<a href=\"https:\/\/www.grupomedcof.com.br\/blog\/presenca-da-medcof-nas-aprovacoes-em-residencia-medica-no-brasil\/\" target=\"_blank\" rel=\"noreferrer noopener\"><strong>seja mais um aprovado<\/strong><\/a>&nbsp;nas melhores institui\u00e7\u00f5es do pa\u00eds!<\/p>\n\n\n\n<figure class=\"wp-block-embed is-type-video is-provider-youtube wp-block-embed-youtube wp-embed-aspect-16-9 wp-has-aspect-ratio\"><div class=\"wp-block-embed__wrapper\">\n<div class=\"youtube-embed\" data-video_id=\"\"><iframe loading=\"lazy\" title=\"Gabarito Resid\u00eancia M\u00e9dica UNESP 2024 - Corre\u00e7\u00e3o P\u00f3s-Prova - Ao Vivo\" width=\"696\" height=\"392\" src=\"https:\/\/www.youtube.com\/embed\/CD0cB0zNXK8?feature=oembed&#038;enablejsapi=1\" frameborder=\"0\" allow=\"accelerometer; autoplay; clipboard-write; encrypted-media; gyroscope; picture-in-picture; web-share\" referrerpolicy=\"strict-origin-when-cross-origin\" allowfullscreen><\/iframe><\/div>\n<\/div><\/figure>\n","protected":false},"excerpt":{"rendered":"<p>Relembre como foi a \u00faltima edi\u00e7\u00e3o da prova de resid\u00eancia da UNESP e se prepare para a pr\u00f3xima prova<\/p>\n","protected":false},"author":23,"featured_media":26511,"comment_status":"open","ping_status":"open","sticky":false,"template":"","format":"standard","meta":{"footnotes":""},"categories":[10],"tags":[979],"ppma_author":[3618],"class_list":{"0":"post-26508","1":"post","2":"type-post","3":"status-publish","4":"format-standard","5":"has-post-thumbnail","7":"category-raio-x-editais","8":"tag-raio-x-editais-2024"},"yoast_head":"<!-- This site is optimized with the Yoast SEO Premium plugin v24.3 (Yoast SEO v27.4) - https:\/\/yoast.com\/product\/yoast-seo-premium-wordpress\/ -->\n<title>Resid\u00eancia M\u00e9dica: UNESP 2024 - Blog de Medcof: conte\u00fados, editais, revalida e mais!<\/title>\n<meta name=\"description\" content=\"A divulga\u00e7\u00e3o do\u00a0edital\u00a0para o processo seletivo nas vagas de acesso direto e pr\u00e9-requisito de Resid\u00eancia M\u00e9dica da UNESP 2024 ocorreu no dia..\" \/>\n<meta name=\"robots\" content=\"index, follow, max-snippet:-1, max-image-preview:large, max-video-preview:-1\" \/>\n<link rel=\"canonical\" href=\"https:\/\/www.grupomedcof.com.br\/blog\/residencia-medica-unesp-2024\/\" \/>\n<meta property=\"og:locale\" content=\"pt_BR\" \/>\n<meta property=\"og:type\" content=\"article\" \/>\n<meta property=\"og:title\" content=\"Resid\u00eancia M\u00e9dica: UNESP 2024\" \/>\n<meta property=\"og:description\" content=\"A divulga\u00e7\u00e3o do\u00a0edital\u00a0para o processo seletivo nas vagas de acesso direto e pr\u00e9-requisito de Resid\u00eancia M\u00e9dica da UNESP 2024 ocorreu no dia..\" \/>\n<meta property=\"og:url\" content=\"https:\/\/www.grupomedcof.com.br\/blog\/residencia-medica-unesp-2024\/\" \/>\n<meta property=\"og:site_name\" content=\"Blog de Medcof: conte\u00fados, editais, revalida e mais!\" \/>\n<meta property=\"article:publisher\" content=\"https:\/\/www.facebook.com\/MedCofQbank\/\" \/>\n<meta property=\"article:published_time\" content=\"2024-06-03T20:18:24+00:00\" \/>\n<meta property=\"article:modified_time\" content=\"2024-08-12T17:54:37+00:00\" \/>\n<meta property=\"og:image\" content=\"https:\/\/www.grupomedcof.com.br\/blog\/wp-content\/uploads\/2024\/05\/Blog-MedCof-1-6.png\" \/>\n\t<meta property=\"og:image:width\" content=\"1920\" \/>\n\t<meta property=\"og:image:height\" content=\"1080\" \/>\n\t<meta property=\"og:image:type\" content=\"image\/png\" \/>\n<meta name=\"author\" content=\"Lu\u00edsa Porto\" \/>\n<meta name=\"twitter:card\" content=\"summary_large_image\" \/>\n<meta name=\"twitter:label1\" content=\"Escrito por\" \/>\n\t<meta name=\"twitter:data1\" content=\"Lu\u00edsa Porto\" \/>\n\t<meta name=\"twitter:label2\" content=\"Est. tempo de leitura\" \/>\n\t<meta name=\"twitter:data2\" content=\"6 minutos\" \/>\n<script type=\"application\/ld+json\" class=\"yoast-schema-graph\">{\"@context\":\"https:\\\/\\\/schema.org\",\"@graph\":[{\"@type\":\"Article\",\"@id\":\"https:\\\/\\\/www.grupomedcof.com.br\\\/blog\\\/residencia-medica-unesp-2024\\\/#article\",\"isPartOf\":{\"@id\":\"https:\\\/\\\/www.grupomedcof.com.br\\\/blog\\\/residencia-medica-unesp-2024\\\/\"},\"author\":{\"name\":\"Lu\u00edsa Porto\",\"@id\":\"https:\\\/\\\/www.grupomedcof.com.br\\\/blog\\\/#\\\/schema\\\/person\\\/d755ffce500bd0766bbf0e4e6572518f\"},\"headline\":\"Resid\u00eancia M\u00e9dica: UNESP 2024\",\"datePublished\":\"2024-06-03T20:18:24+00:00\",\"dateModified\":\"2024-08-12T17:54:37+00:00\",\"mainEntityOfPage\":{\"@id\":\"https:\\\/\\\/www.grupomedcof.com.br\\\/blog\\\/residencia-medica-unesp-2024\\\/\"},\"wordCount\":1044,\"commentCount\":0,\"publisher\":{\"@id\":\"https:\\\/\\\/www.grupomedcof.com.br\\\/blog\\\/#organization\"},\"image\":{\"@id\":\"https:\\\/\\\/www.grupomedcof.com.br\\\/blog\\\/residencia-medica-unesp-2024\\\/#primaryimage\"},\"thumbnailUrl\":\"https:\\\/\\\/www.grupomedcof.com.br\\\/blog\\\/wp-content\\\/uploads\\\/2024\\\/05\\\/Blog-MedCof-1-6.png\",\"keywords\":[\"Raio-X Editais 2024\"],\"articleSection\":[\"Raio-X Editais\"],\"inLanguage\":\"pt-BR\"},{\"@type\":\"WebPage\",\"@id\":\"https:\\\/\\\/www.grupomedcof.com.br\\\/blog\\\/residencia-medica-unesp-2024\\\/\",\"url\":\"https:\\\/\\\/www.grupomedcof.com.br\\\/blog\\\/residencia-medica-unesp-2024\\\/\",\"name\":\"Resid\u00eancia M\u00e9dica: UNESP 2024 - Blog de Medcof: conte\u00fados, editais, revalida e mais!\",\"isPartOf\":{\"@id\":\"https:\\\/\\\/www.grupomedcof.com.br\\\/blog\\\/#website\"},\"primaryImageOfPage\":{\"@id\":\"https:\\\/\\\/www.grupomedcof.com.br\\\/blog\\\/residencia-medica-unesp-2024\\\/#primaryimage\"},\"image\":{\"@id\":\"https:\\\/\\\/www.grupomedcof.com.br\\\/blog\\\/residencia-medica-unesp-2024\\\/#primaryimage\"},\"thumbnailUrl\":\"https:\\\/\\\/www.grupomedcof.com.br\\\/blog\\\/wp-content\\\/uploads\\\/2024\\\/05\\\/Blog-MedCof-1-6.png\",\"datePublished\":\"2024-06-03T20:18:24+00:00\",\"dateModified\":\"2024-08-12T17:54:37+00:00\",\"description\":\"A divulga\u00e7\u00e3o do\u00a0edital\u00a0para o processo seletivo nas vagas de acesso direto e pr\u00e9-requisito de Resid\u00eancia M\u00e9dica da UNESP 2024 ocorreu no dia..\",\"breadcrumb\":{\"@id\":\"https:\\\/\\\/www.grupomedcof.com.br\\\/blog\\\/residencia-medica-unesp-2024\\\/#breadcrumb\"},\"inLanguage\":\"pt-BR\",\"potentialAction\":[{\"@type\":\"ReadAction\",\"target\":[\"https:\\\/\\\/www.grupomedcof.com.br\\\/blog\\\/residencia-medica-unesp-2024\\\/\"]}]},{\"@type\":\"ImageObject\",\"inLanguage\":\"pt-BR\",\"@id\":\"https:\\\/\\\/www.grupomedcof.com.br\\\/blog\\\/residencia-medica-unesp-2024\\\/#primaryimage\",\"url\":\"https:\\\/\\\/www.grupomedcof.com.br\\\/blog\\\/wp-content\\\/uploads\\\/2024\\\/05\\\/Blog-MedCof-1-6.png\",\"contentUrl\":\"https:\\\/\\\/www.grupomedcof.com.br\\\/blog\\\/wp-content\\\/uploads\\\/2024\\\/05\\\/Blog-MedCof-1-6.png\",\"width\":1920,\"height\":1080},{\"@type\":\"BreadcrumbList\",\"@id\":\"https:\\\/\\\/www.grupomedcof.com.br\\\/blog\\\/residencia-medica-unesp-2024\\\/#breadcrumb\",\"itemListElement\":[{\"@type\":\"ListItem\",\"position\":1,\"name\":\"In\u00edcio\",\"item\":\"https:\\\/\\\/www.grupomedcof.com.br\\\/blog\\\/\"},{\"@type\":\"ListItem\",\"position\":2,\"name\":\"Resid\u00eancia M\u00e9dica: UNESP 2024\"}]},{\"@type\":\"WebSite\",\"@id\":\"https:\\\/\\\/www.grupomedcof.com.br\\\/blog\\\/#website\",\"url\":\"https:\\\/\\\/www.grupomedcof.com.br\\\/blog\\\/\",\"name\":\"Blog de Medcof: conte\u00fados, editais, revalida e mais!\",\"description\":\"Acesso o blog de MedCof! Seu portal de conte\u00fados sobre resid\u00eancia m\u00e9dica, an\u00e1lise e editais e muito mais. Clique e confira!\",\"publisher\":{\"@id\":\"https:\\\/\\\/www.grupomedcof.com.br\\\/blog\\\/#organization\"},\"alternateName\":\"Blog de Medcof: conte\u00fados, editais, revalida e mais!\",\"potentialAction\":[{\"@type\":\"SearchAction\",\"target\":{\"@type\":\"EntryPoint\",\"urlTemplate\":\"https:\\\/\\\/www.grupomedcof.com.br\\\/blog\\\/?s={search_term_string}\"},\"query-input\":{\"@type\":\"PropertyValueSpecification\",\"valueRequired\":true,\"valueName\":\"search_term_string\"}}],\"inLanguage\":\"pt-BR\"},{\"@type\":\"Organization\",\"@id\":\"https:\\\/\\\/www.grupomedcof.com.br\\\/blog\\\/#organization\",\"name\":\"Grupo MedCof\",\"url\":\"https:\\\/\\\/www.grupomedcof.com.br\\\/blog\\\/\",\"logo\":{\"@type\":\"ImageObject\",\"inLanguage\":\"pt-BR\",\"@id\":\"https:\\\/\\\/www.grupomedcof.com.br\\\/blog\\\/#\\\/schema\\\/logo\\\/image\\\/\",\"url\":\"https:\\\/\\\/www.grupomedcof.com.br\\\/blog\\\/wp-content\\\/uploads\\\/2022\\\/01\\\/logo-medcof.png\",\"contentUrl\":\"https:\\\/\\\/www.grupomedcof.com.br\\\/blog\\\/wp-content\\\/uploads\\\/2022\\\/01\\\/logo-medcof.png\",\"width\":768,\"height\":269,\"caption\":\"Grupo MedCof\"},\"image\":{\"@id\":\"https:\\\/\\\/www.grupomedcof.com.br\\\/blog\\\/#\\\/schema\\\/logo\\\/image\\\/\"},\"sameAs\":[\"https:\\\/\\\/www.facebook.com\\\/MedCofQbank\\\/\",\"https:\\\/\\\/www.instagram.com\\\/grupomedcof\\\/\",\"https:\\\/\\\/br.linkedin.com\\\/company\\\/medcof\",\"https:\\\/\\\/www.youtube.com\\\/channel\\\/UCdHMuOHKICxcHwecxN8P-AA\"]},{\"@type\":\"Person\",\"@id\":\"https:\\\/\\\/www.grupomedcof.com.br\\\/blog\\\/#\\\/schema\\\/person\\\/d755ffce500bd0766bbf0e4e6572518f\",\"name\":\"Lu\u00edsa Porto\",\"image\":{\"@type\":\"ImageObject\",\"inLanguage\":\"pt-BR\",\"@id\":\"https:\\\/\\\/www.grupomedcof.com.br\\\/blog\\\/wp-content\\\/uploads\\\/2025\\\/05\\\/cropped-WhatsApp-Image-2025-05-05-at-19.22.15-96x96.jpegd989589e3fd3e4fb9efe9268a95bbcc4\",\"url\":\"https:\\\/\\\/www.grupomedcof.com.br\\\/blog\\\/wp-content\\\/uploads\\\/2025\\\/05\\\/cropped-WhatsApp-Image-2025-05-05-at-19.22.15-96x96.jpeg\",\"contentUrl\":\"https:\\\/\\\/www.grupomedcof.com.br\\\/blog\\\/wp-content\\\/uploads\\\/2025\\\/05\\\/cropped-WhatsApp-Image-2025-05-05-at-19.22.15-96x96.jpeg\",\"caption\":\"Lu\u00edsa Porto\"},\"description\":\"Estudante de Jornalismo do 6\u00ba semestre, encantada pela \u00e1rea da comunica\u00e7\u00e3o e f\u00e3 de automobilismo\",\"url\":\"https:\\\/\\\/www.grupomedcof.com.br\\\/blog\\\/author\\\/porto\\\/\"}]}<\/script>\n<!-- \/ Yoast SEO Premium plugin. -->","yoast_head_json":{"title":"Resid\u00eancia M\u00e9dica: UNESP 2024 - Blog de Medcof: conte\u00fados, editais, revalida e mais!","description":"A divulga\u00e7\u00e3o do\u00a0edital\u00a0para o processo seletivo nas vagas de acesso direto e pr\u00e9-requisito de Resid\u00eancia M\u00e9dica da UNESP 2024 ocorreu no dia..","robots":{"index":"index","follow":"follow","max-snippet":"max-snippet:-1","max-image-preview":"max-image-preview:large","max-video-preview":"max-video-preview:-1"},"canonical":"https:\/\/www.grupomedcof.com.br\/blog\/residencia-medica-unesp-2024\/","og_locale":"pt_BR","og_type":"article","og_title":"Resid\u00eancia M\u00e9dica: UNESP 2024","og_description":"A divulga\u00e7\u00e3o do\u00a0edital\u00a0para o processo seletivo nas vagas de acesso direto e pr\u00e9-requisito de Resid\u00eancia M\u00e9dica da UNESP 2024 ocorreu no dia..","og_url":"https:\/\/www.grupomedcof.com.br\/blog\/residencia-medica-unesp-2024\/","og_site_name":"Blog de Medcof: conte\u00fados, editais, revalida e mais!","article_publisher":"https:\/\/www.facebook.com\/MedCofQbank\/","article_published_time":"2024-06-03T20:18:24+00:00","article_modified_time":"2024-08-12T17:54:37+00:00","og_image":[{"width":1920,"height":1080,"url":"https:\/\/www.grupomedcof.com.br\/blog\/wp-content\/uploads\/2024\/05\/Blog-MedCof-1-6.png","type":"image\/png"}],"author":"Lu\u00edsa Porto","twitter_card":"summary_large_image","twitter_misc":{"Escrito por":"Lu\u00edsa Porto","Est. tempo de leitura":"6 minutos"},"schema":{"@context":"https:\/\/schema.org","@graph":[{"@type":"Article","@id":"https:\/\/www.grupomedcof.com.br\/blog\/residencia-medica-unesp-2024\/#article","isPartOf":{"@id":"https:\/\/www.grupomedcof.com.br\/blog\/residencia-medica-unesp-2024\/"},"author":{"name":"Lu\u00edsa Porto","@id":"https:\/\/www.grupomedcof.com.br\/blog\/#\/schema\/person\/d755ffce500bd0766bbf0e4e6572518f"},"headline":"Resid\u00eancia M\u00e9dica: UNESP 2024","datePublished":"2024-06-03T20:18:24+00:00","dateModified":"2024-08-12T17:54:37+00:00","mainEntityOfPage":{"@id":"https:\/\/www.grupomedcof.com.br\/blog\/residencia-medica-unesp-2024\/"},"wordCount":1044,"commentCount":0,"publisher":{"@id":"https:\/\/www.grupomedcof.com.br\/blog\/#organization"},"image":{"@id":"https:\/\/www.grupomedcof.com.br\/blog\/residencia-medica-unesp-2024\/#primaryimage"},"thumbnailUrl":"https:\/\/www.grupomedcof.com.br\/blog\/wp-content\/uploads\/2024\/05\/Blog-MedCof-1-6.png","keywords":["Raio-X Editais 2024"],"articleSection":["Raio-X Editais"],"inLanguage":"pt-BR"},{"@type":"WebPage","@id":"https:\/\/www.grupomedcof.com.br\/blog\/residencia-medica-unesp-2024\/","url":"https:\/\/www.grupomedcof.com.br\/blog\/residencia-medica-unesp-2024\/","name":"Resid\u00eancia M\u00e9dica: UNESP 2024 - Blog de Medcof: conte\u00fados, editais, revalida e mais!","isPartOf":{"@id":"https:\/\/www.grupomedcof.com.br\/blog\/#website"},"primaryImageOfPage":{"@id":"https:\/\/www.grupomedcof.com.br\/blog\/residencia-medica-unesp-2024\/#primaryimage"},"image":{"@id":"https:\/\/www.grupomedcof.com.br\/blog\/residencia-medica-unesp-2024\/#primaryimage"},"thumbnailUrl":"https:\/\/www.grupomedcof.com.br\/blog\/wp-content\/uploads\/2024\/05\/Blog-MedCof-1-6.png","datePublished":"2024-06-03T20:18:24+00:00","dateModified":"2024-08-12T17:54:37+00:00","description":"A divulga\u00e7\u00e3o do\u00a0edital\u00a0para o processo seletivo nas vagas de acesso direto e pr\u00e9-requisito de Resid\u00eancia M\u00e9dica da UNESP 2024 ocorreu no dia..","breadcrumb":{"@id":"https:\/\/www.grupomedcof.com.br\/blog\/residencia-medica-unesp-2024\/#breadcrumb"},"inLanguage":"pt-BR","potentialAction":[{"@type":"ReadAction","target":["https:\/\/www.grupomedcof.com.br\/blog\/residencia-medica-unesp-2024\/"]}]},{"@type":"ImageObject","inLanguage":"pt-BR","@id":"https:\/\/www.grupomedcof.com.br\/blog\/residencia-medica-unesp-2024\/#primaryimage","url":"https:\/\/www.grupomedcof.com.br\/blog\/wp-content\/uploads\/2024\/05\/Blog-MedCof-1-6.png","contentUrl":"https:\/\/www.grupomedcof.com.br\/blog\/wp-content\/uploads\/2024\/05\/Blog-MedCof-1-6.png","width":1920,"height":1080},{"@type":"BreadcrumbList","@id":"https:\/\/www.grupomedcof.com.br\/blog\/residencia-medica-unesp-2024\/#breadcrumb","itemListElement":[{"@type":"ListItem","position":1,"name":"In\u00edcio","item":"https:\/\/www.grupomedcof.com.br\/blog\/"},{"@type":"ListItem","position":2,"name":"Resid\u00eancia M\u00e9dica: UNESP 2024"}]},{"@type":"WebSite","@id":"https:\/\/www.grupomedcof.com.br\/blog\/#website","url":"https:\/\/www.grupomedcof.com.br\/blog\/","name":"Blog de Medcof: conte\u00fados, editais, revalida e mais!","description":"Acesso o blog de MedCof! Seu portal de conte\u00fados sobre resid\u00eancia m\u00e9dica, an\u00e1lise e editais e muito mais. Clique e confira!","publisher":{"@id":"https:\/\/www.grupomedcof.com.br\/blog\/#organization"},"alternateName":"Blog de Medcof: conte\u00fados, editais, revalida e mais!","potentialAction":[{"@type":"SearchAction","target":{"@type":"EntryPoint","urlTemplate":"https:\/\/www.grupomedcof.com.br\/blog\/?s={search_term_string}"},"query-input":{"@type":"PropertyValueSpecification","valueRequired":true,"valueName":"search_term_string"}}],"inLanguage":"pt-BR"},{"@type":"Organization","@id":"https:\/\/www.grupomedcof.com.br\/blog\/#organization","name":"Grupo MedCof","url":"https:\/\/www.grupomedcof.com.br\/blog\/","logo":{"@type":"ImageObject","inLanguage":"pt-BR","@id":"https:\/\/www.grupomedcof.com.br\/blog\/#\/schema\/logo\/image\/","url":"https:\/\/www.grupomedcof.com.br\/blog\/wp-content\/uploads\/2022\/01\/logo-medcof.png","contentUrl":"https:\/\/www.grupomedcof.com.br\/blog\/wp-content\/uploads\/2022\/01\/logo-medcof.png","width":768,"height":269,"caption":"Grupo MedCof"},"image":{"@id":"https:\/\/www.grupomedcof.com.br\/blog\/#\/schema\/logo\/image\/"},"sameAs":["https:\/\/www.facebook.com\/MedCofQbank\/","https:\/\/www.instagram.com\/grupomedcof\/","https:\/\/br.linkedin.com\/company\/medcof","https:\/\/www.youtube.com\/channel\/UCdHMuOHKICxcHwecxN8P-AA"]},{"@type":"Person","@id":"https:\/\/www.grupomedcof.com.br\/blog\/#\/schema\/person\/d755ffce500bd0766bbf0e4e6572518f","name":"Lu\u00edsa Porto","image":{"@type":"ImageObject","inLanguage":"pt-BR","@id":"https:\/\/www.grupomedcof.com.br\/blog\/wp-content\/uploads\/2025\/05\/cropped-WhatsApp-Image-2025-05-05-at-19.22.15-96x96.jpegd989589e3fd3e4fb9efe9268a95bbcc4","url":"https:\/\/www.grupomedcof.com.br\/blog\/wp-content\/uploads\/2025\/05\/cropped-WhatsApp-Image-2025-05-05-at-19.22.15-96x96.jpeg","contentUrl":"https:\/\/www.grupomedcof.com.br\/blog\/wp-content\/uploads\/2025\/05\/cropped-WhatsApp-Image-2025-05-05-at-19.22.15-96x96.jpeg","caption":"Lu\u00edsa Porto"},"description":"Estudante de Jornalismo do 6\u00ba semestre, encantada pela \u00e1rea da comunica\u00e7\u00e3o e f\u00e3 de automobilismo","url":"https:\/\/www.grupomedcof.com.br\/blog\/author\/porto\/"}]}},"authors":[{"term_id":3618,"user_id":23,"is_guest":0,"slug":"porto","display_name":"Lu\u00edsa Porto","avatar_url":"https:\/\/www.grupomedcof.com.br\/blog\/wp-content\/uploads\/2025\/05\/cropped-WhatsApp-Image-2025-05-05-at-19.22.15-96x96.jpeg","0":null,"1":"","2":"","3":"","4":"","5":"","6":"","7":"","8":""}],"_links":{"self":[{"href":"https:\/\/www.grupomedcof.com.br\/blog\/wp-json\/wp\/v2\/posts\/26508","targetHints":{"allow":["GET"]}}],"collection":[{"href":"https:\/\/www.grupomedcof.com.br\/blog\/wp-json\/wp\/v2\/posts"}],"about":[{"href":"https:\/\/www.grupomedcof.com.br\/blog\/wp-json\/wp\/v2\/types\/post"}],"author":[{"embeddable":true,"href":"https:\/\/www.grupomedcof.com.br\/blog\/wp-json\/wp\/v2\/users\/23"}],"replies":[{"embeddable":true,"href":"https:\/\/www.grupomedcof.com.br\/blog\/wp-json\/wp\/v2\/comments?post=26508"}],"version-history":[{"count":0,"href":"https:\/\/www.grupomedcof.com.br\/blog\/wp-json\/wp\/v2\/posts\/26508\/revisions"}],"wp:featuredmedia":[{"embeddable":true,"href":"https:\/\/www.grupomedcof.com.br\/blog\/wp-json\/wp\/v2\/media\/26511"}],"wp:attachment":[{"href":"https:\/\/www.grupomedcof.com.br\/blog\/wp-json\/wp\/v2\/media?parent=26508"}],"wp:term":[{"taxonomy":"category","embeddable":true,"href":"https:\/\/www.grupomedcof.com.br\/blog\/wp-json\/wp\/v2\/categories?post=26508"},{"taxonomy":"post_tag","embeddable":true,"href":"https:\/\/www.grupomedcof.com.br\/blog\/wp-json\/wp\/v2\/tags?post=26508"},{"taxonomy":"author","embeddable":true,"href":"https:\/\/www.grupomedcof.com.br\/blog\/wp-json\/wp\/v2\/ppma_author?post=26508"}],"curies":[{"name":"wp","href":"https:\/\/api.w.org\/{rel}","templated":true}]}}