{"id":26632,"date":"2024-06-11T09:51:38","date_gmt":"2024-06-11T12:51:38","guid":{"rendered":"https:\/\/www.grupomedcof.com.br\/blog\/?p=26632"},"modified":"2024-06-11T09:52:44","modified_gmt":"2024-06-11T12:52:44","slug":"instituicoes-da-surce-aderem-ao-enare","status":"publish","type":"post","link":"https:\/\/www.grupomedcof.com.br\/blog\/instituicoes-da-surce-aderem-ao-enare\/","title":{"rendered":"Institui\u00e7\u00f5es da SURCE aderem ao ENARE"},"content":{"rendered":"<div id=\"ez-toc-container\" class=\"ez-toc-v2_0_74 counter-hierarchy ez-toc-counter ez-toc-transparent ez-toc-container-direction\">\n<div class=\"ez-toc-title-container\">\n<p class=\"ez-toc-title\" style=\"cursor:inherit\">Sum\u00e1rio<\/p>\n<span class=\"ez-toc-title-toggle\"><a href=\"#\" class=\"ez-toc-pull-right ez-toc-btn ez-toc-btn-xs ez-toc-btn-default ez-toc-toggle\" aria-label=\"Alternar tabela de conte\u00fado\"><span class=\"ez-toc-js-icon-con\"><span class=\"\"><span class=\"eztoc-hide\" style=\"display:none;\">Toggle<\/span><span class=\"ez-toc-icon-toggle-span\"><svg style=\"fill: #999;color:#999\" xmlns=\"http:\/\/www.w3.org\/2000\/svg\" class=\"list-377408\" width=\"20px\" height=\"20px\" viewBox=\"0 0 24 24\" fill=\"none\"><path d=\"M6 6H4v2h2V6zm14 0H8v2h12V6zM4 11h2v2H4v-2zm16 0H8v2h12v-2zM4 16h2v2H4v-2zm16 0H8v2h12v-2z\" fill=\"currentColor\"><\/path><\/svg><svg style=\"fill: #999;color:#999\" class=\"arrow-unsorted-368013\" xmlns=\"http:\/\/www.w3.org\/2000\/svg\" width=\"10px\" height=\"10px\" viewBox=\"0 0 24 24\" version=\"1.2\" baseProfile=\"tiny\"><path d=\"M18.2 9.3l-6.2-6.3-6.2 6.3c-.2.2-.3.4-.3.7s.1.5.3.7c.2.2.4.3.7.3h11c.3 0 .5-.1.7-.3.2-.2.3-.5.3-.7s-.1-.5-.3-.7zM5.8 14.7l6.2 6.3 6.2-6.3c.2-.2.3-.5.3-.7s-.1-.5-.3-.7c-.2-.2-.4-.3-.7-.3h-11c-.3 0-.5.1-.7.3-.2.2-.3.5-.3.7s.1.5.3.7z\"\/><\/svg><\/span><\/span><\/span><\/a><\/span><\/div>\n<nav><ul class='ez-toc-list ez-toc-list-level-1 ' ><li class='ez-toc-page-1 ez-toc-heading-level-2'><a class=\"ez-toc-link ez-toc-heading-1\" href=\"https:\/\/www.grupomedcof.com.br\/blog\/instituicoes-da-surce-aderem-ao-enare\/#Sobre_a_nova_adesao\" >Sobre a nova ades\u00e3o<\/a><\/li><li class='ez-toc-page-1 ez-toc-heading-level-2'><a class=\"ez-toc-link ez-toc-heading-2\" href=\"https:\/\/www.grupomedcof.com.br\/blog\/instituicoes-da-surce-aderem-ao-enare\/#ENARE_20242025\" >ENARE 2024\/2025<\/a><\/li><li class='ez-toc-page-1 ez-toc-heading-level-2'><a class=\"ez-toc-link ez-toc-heading-3\" href=\"https:\/\/www.grupomedcof.com.br\/blog\/instituicoes-da-surce-aderem-ao-enare\/#Conquiste_a_aprovacao_participe_do_Desafio_HIIT\" >Conquiste a aprova\u00e7\u00e3o participe do Desafio HIIT<\/a><\/li><\/ul><\/nav><\/div>\n\n<p>Com dois dias para encerramento do per\u00edodo de ades\u00e3o, a Ebserh anuncia que <strong>treze institui\u00e7\u00f5es, antes participantes da SURCE, aderiram ao ENARE.<\/strong><\/p>\n\n\n\n<h2 class=\"wp-block-heading\" id=\"h-sobre-a-nova-adesao\"><span class=\"ez-toc-section\" id=\"Sobre_a_nova_adesao\"><\/span><strong>Sobre a nova ades\u00e3o<\/strong><span class=\"ez-toc-section-end\"><\/span><\/h2>\n\n\n\n<p>De acordo com a <a href=\"https:\/\/www.gov.br\/ebserh\/pt-br\/comunicacao\/noticias\/secretaria-de-saude-do-ceara-adere-ao-exame-nacional-de-residencia\" target=\"_blank\" rel=\"noreferrer noopener nofollow\"><strong>publica\u00e7\u00e3o<\/strong> <\/a>realizada pela Empresa Brasileira de Servi\u00e7os Hospitalares (Ebserh), houve a ades\u00e3o da <strong>Secretaria do Estado do Cear\u00e1 (Sesa\/CE)<\/strong> e da <strong>Escola P\u00fablica de Sa\u00fade do Cear\u00e1 (ESP\/CE)<\/strong> ao Exame Nacional de Resid\u00eancia (ENARE). Juntas, ela somam <strong>13 hospitais<\/strong> e poder\u00e3o ofertar mais de <strong>1 mil vagas<\/strong> para resid\u00eancia m\u00e9dica, multiprofissional e em \u00e1rea profissional da sa\u00fade.<\/p>\n\n\n\n<p>Segundo o superintendente da ESP\/CE, Luciano Pamplona, a ades\u00e3o das institui\u00e7\u00f5es foi comemorada e prev\u00ea melhorias na aplica\u00e7\u00e3o do exame, que agora, est\u00e1 <strong><a href=\"https:\/\/www.grupomedcof.com.br\/blog\/enare-2024-2025-tem-novas-datas-previstas\/https:\/\/www.grupomedcof.com.br\/blog\/enare-2024-2025-tem-novas-datas-previstas\/\" target=\"_blank\" rel=\"noreferrer noopener\">sob responsabilidade da FGV <\/a><\/strong>(Funda\u00e7\u00e3o Get\u00falio Vargas).<\/p>\n\n\n\n<p>Al\u00e9m disso, Pamplona afirma que<strong> a expectativa \u00e9 que outras institui\u00e7\u00f5es &#8220;menores&#8221;, tamb\u00e9m vinculadas a SURCE, fa\u00e7am ades\u00e3o ao ENARE,<\/strong> somando mais 27 institui\u00e7\u00f5es e totalizando 1.330 vagas de resid\u00eancia.<\/p>\n\n\n\n<h2 class=\"wp-block-heading\" id=\"h-enare-2024-2025\"><span class=\"ez-toc-section\" id=\"ENARE_20242025\"><\/span><strong>ENARE<\/strong> <strong>2024\/2025<\/strong><span class=\"ez-toc-section-end\"><\/span><\/h2>\n\n\n\n<p>Esta edi\u00e7\u00e3o j\u00e1 conta com diversas novidades como a gest\u00e3o da aplica\u00e7\u00e3o pela FGV e a ades\u00e3o de institui\u00e7\u00f5es que antes faziam parte de outros processo seletivos, como a\u00a0<a href=\"https:\/\/www.grupomedcof.com.br\/blog\/sesau-alagoas-adere-ao-enare-2024-2025\/\" target=\"_blank\" rel=\"noreferrer noopener\"><strong>Secretaria de Estado da Sa\u00fade do estado do Alagoas<\/strong> <strong>(Sesau)<\/strong><\/a>. Al\u00e9m disso, recentemente, a empresa tamb\u00e9m assumiu a <a href=\"https:\/\/www.grupomedcof.com.br\/blog\/ebserh-assume-gestao-do-complexo-hospitalar-da-ufrj\/\"><strong>gest\u00e3o do complexo hospitalar da UFRJ<\/strong><\/a>, levantando quest\u00f5es sobre o processo seletivo da institui\u00e7\u00e3o.<\/p>\n\n\n\n<p>Ademais, o ENARE 2024\/2025 tem a aplica\u00e7\u00e3o do exame prevista para o dia<strong> 20 de outubro de 2024<\/strong> e publica\u00e7\u00e3o do edital em julho!<\/p>\n\n\n\n<p>Que saber mais sobre a \u00faltima edi\u00e7\u00e3o? Ent\u00e3o confira o nosso post: <a href=\"https:\/\/www.grupomedcof.com.br\/blog\/residencia-medica-enare-2024\/\" target=\"_blank\" rel=\"noreferrer noopener\"><strong>Resid\u00eancia M\u00e9dica: ENARE 2024<\/strong><\/a>, onde voc\u00ea poder\u00e1 encontrar detalhes das vagas ofertadas, concorr\u00eancia e de cada fase avaliativa.<\/p>\n\n\n\n<h2 class=\"wp-block-heading\" id=\"h-conquiste-a-aprovacao-participe-do-desafio-hiit\"><span class=\"ez-toc-section\" id=\"Conquiste_a_aprovacao_participe_do_Desafio_HIIT\"><\/span><strong>Conquiste a aprova\u00e7\u00e3o participe do Desafio HIIT<\/strong><span class=\"ez-toc-section-end\"><\/span><\/h2>\n\n\n\n<p>Tenha seus conhecimentos desafiados em uma competi\u00e7\u00e3o saud\u00e1vel com aprendizado interativo e quest\u00f5es multim\u00eddia atrav\u00e9s do <strong><a href=\"https:\/\/hiit.grupomedcof.com.br\/desafio-hiit#form\">Desafio HIIT<\/a><\/strong>! Ele acontecer\u00e1 no dia\u00a0<strong>17 de junho<\/strong> e ser\u00e1\u00a0<strong>100% online<\/strong>\u00a0e\u00a0<strong>gratuito<\/strong>. <\/p>\n\n\n\n<p>E n\u00e3o para por a\u00ed, ainda haver\u00e1 a oportunidade de ganhar pr\u00eamios valiosos que ajudar\u00e3o nos seus estudos e rotina di\u00e1ria.<\/p>\n\n\n\n<figure class=\"wp-block-embed is-type-video is-provider-youtube wp-block-embed-youtube wp-embed-aspect-16-9 wp-has-aspect-ratio\"><div class=\"wp-block-embed__wrapper\">\n<div class=\"youtube-embed\" data-video_id=\"WD9KoNV42sA\"><iframe loading=\"lazy\" title=\"Desafio HIIT MedCof  2024 - Transforme sua prepara\u00e7\u00e3o para a resid\u00eancia m\u00e9dica\" width=\"696\" height=\"392\" src=\"https:\/\/www.youtube.com\/embed\/WD9KoNV42sA?feature=oembed&#038;enablejsapi=1\" frameborder=\"0\" allow=\"accelerometer; autoplay; clipboard-write; encrypted-media; gyroscope; picture-in-picture; web-share\" referrerpolicy=\"strict-origin-when-cross-origin\" allowfullscreen><\/iframe><\/div>\n<\/div><\/figure>\n","protected":false},"excerpt":{"rendered":"<p>Com dois dias para encerramento do per\u00edodo de ades\u00e3o, Ebserh anuncia que treze institui\u00e7\u00f5es, antes participantes da SURCE, aderiram ao ENARE<\/p>\n","protected":false},"author":6,"featured_media":26637,"comment_status":"open","ping_status":"open","sticky":false,"template":"","format":"standard","meta":{"footnotes":""},"categories":[287,240],"tags":[1432,29,1431,117,68,252],"ppma_author":[3609],"class_list":{"0":"post-26632","1":"post","2":"type-post","3":"status-publish","4":"format-standard","5":"has-post-thumbnail","7":"category-destaques-medcof","8":"category-noticias","9":"tag-ebserh","10":"tag-enare","11":"tag-enare-2025","12":"tag-provas-de-residencia","13":"tag-residencia-medica","14":"tag-surce"},"yoast_head":"<!-- This site is optimized with the Yoast SEO Premium plugin v24.3 (Yoast SEO v27.4) - https:\/\/yoast.com\/product\/yoast-seo-premium-wordpress\/ -->\n<title>Institui\u00e7\u00f5es da SURCE aderem ao ENARE - Blog de Medcof: conte\u00fados, editais, revalida e mais!<\/title>\n<meta name=\"description\" content=\"Com dois dias para encerramento do per\u00edodo de ades\u00e3o, Ebserh anuncia que treze institui\u00e7\u00f5es, antes participantes da SURCE, aderiram ao ENARE\" \/>\n<meta name=\"robots\" content=\"index, follow, max-snippet:-1, max-image-preview:large, max-video-preview:-1\" \/>\n<link rel=\"canonical\" href=\"https:\/\/www.grupomedcof.com.br\/blog\/instituicoes-da-surce-aderem-ao-enare\/\" \/>\n<meta property=\"og:locale\" content=\"pt_BR\" \/>\n<meta property=\"og:type\" content=\"article\" \/>\n<meta property=\"og:title\" content=\"Institui\u00e7\u00f5es da SURCE aderem ao ENARE\" \/>\n<meta property=\"og:description\" content=\"Com dois dias para encerramento do per\u00edodo de ades\u00e3o, Ebserh anuncia que treze institui\u00e7\u00f5es, antes participantes da SURCE, aderiram ao ENARE\" \/>\n<meta property=\"og:url\" content=\"https:\/\/www.grupomedcof.com.br\/blog\/instituicoes-da-surce-aderem-ao-enare\/\" \/>\n<meta property=\"og:site_name\" content=\"Blog de Medcof: conte\u00fados, editais, revalida e mais!\" \/>\n<meta property=\"article:publisher\" content=\"https:\/\/www.facebook.com\/MedCofQbank\/\" \/>\n<meta property=\"article:published_time\" content=\"2024-06-11T12:51:38+00:00\" \/>\n<meta property=\"article:modified_time\" content=\"2024-06-11T12:52:44+00:00\" \/>\n<meta property=\"og:image\" content=\"https:\/\/www.grupomedcof.com.br\/blog\/wp-content\/uploads\/2024\/06\/Blog-MedCof-2024-06-11T094628.577.png\" \/>\n\t<meta property=\"og:image:width\" content=\"2560\" \/>\n\t<meta property=\"og:image:height\" content=\"1440\" \/>\n\t<meta property=\"og:image:type\" content=\"image\/png\" \/>\n<meta name=\"author\" content=\"J\u00falia Moreira\" \/>\n<meta name=\"twitter:card\" content=\"summary_large_image\" \/>\n<meta name=\"twitter:label1\" content=\"Escrito por\" \/>\n\t<meta name=\"twitter:data1\" content=\"J\u00falia Moreira\" \/>\n\t<meta name=\"twitter:label2\" content=\"Est. tempo de leitura\" \/>\n\t<meta name=\"twitter:data2\" content=\"2 minutos\" \/>\n<script type=\"application\/ld+json\" class=\"yoast-schema-graph\">{\"@context\":\"https:\\\/\\\/schema.org\",\"@graph\":[{\"@type\":\"Article\",\"@id\":\"https:\\\/\\\/www.grupomedcof.com.br\\\/blog\\\/instituicoes-da-surce-aderem-ao-enare\\\/#article\",\"isPartOf\":{\"@id\":\"https:\\\/\\\/www.grupomedcof.com.br\\\/blog\\\/instituicoes-da-surce-aderem-ao-enare\\\/\"},\"author\":{\"name\":\"J\u00falia Moreira\",\"@id\":\"https:\\\/\\\/www.grupomedcof.com.br\\\/blog\\\/#\\\/schema\\\/person\\\/1375e0ce724529d7a1d8156ea7f8ceaa\"},\"headline\":\"Institui\u00e7\u00f5es da SURCE aderem ao ENARE\",\"datePublished\":\"2024-06-11T12:51:38+00:00\",\"dateModified\":\"2024-06-11T12:52:44+00:00\",\"mainEntityOfPage\":{\"@id\":\"https:\\\/\\\/www.grupomedcof.com.br\\\/blog\\\/instituicoes-da-surce-aderem-ao-enare\\\/\"},\"wordCount\":384,\"commentCount\":0,\"publisher\":{\"@id\":\"https:\\\/\\\/www.grupomedcof.com.br\\\/blog\\\/#organization\"},\"image\":{\"@id\":\"https:\\\/\\\/www.grupomedcof.com.br\\\/blog\\\/instituicoes-da-surce-aderem-ao-enare\\\/#primaryimage\"},\"thumbnailUrl\":\"https:\\\/\\\/www.grupomedcof.com.br\\\/blog\\\/wp-content\\\/uploads\\\/2024\\\/06\\\/Blog-MedCof-2024-06-11T094628.577.png\",\"keywords\":[\"Ebserh\",\"ENARE\",\"ENARE 2025\",\"Provas de Resid\u00eancia\",\"Resid\u00eancia M\u00e9dica\",\"SURCE\"],\"articleSection\":[\"Destaques MedCof\",\"Not\u00edcias\"],\"inLanguage\":\"pt-BR\"},{\"@type\":\"WebPage\",\"@id\":\"https:\\\/\\\/www.grupomedcof.com.br\\\/blog\\\/instituicoes-da-surce-aderem-ao-enare\\\/\",\"url\":\"https:\\\/\\\/www.grupomedcof.com.br\\\/blog\\\/instituicoes-da-surce-aderem-ao-enare\\\/\",\"name\":\"Institui\u00e7\u00f5es da SURCE aderem ao ENARE - Blog de Medcof: conte\u00fados, editais, revalida e mais!\",\"isPartOf\":{\"@id\":\"https:\\\/\\\/www.grupomedcof.com.br\\\/blog\\\/#website\"},\"primaryImageOfPage\":{\"@id\":\"https:\\\/\\\/www.grupomedcof.com.br\\\/blog\\\/instituicoes-da-surce-aderem-ao-enare\\\/#primaryimage\"},\"image\":{\"@id\":\"https:\\\/\\\/www.grupomedcof.com.br\\\/blog\\\/instituicoes-da-surce-aderem-ao-enare\\\/#primaryimage\"},\"thumbnailUrl\":\"https:\\\/\\\/www.grupomedcof.com.br\\\/blog\\\/wp-content\\\/uploads\\\/2024\\\/06\\\/Blog-MedCof-2024-06-11T094628.577.png\",\"datePublished\":\"2024-06-11T12:51:38+00:00\",\"dateModified\":\"2024-06-11T12:52:44+00:00\",\"description\":\"Com dois dias para encerramento do per\u00edodo de ades\u00e3o, Ebserh anuncia que treze institui\u00e7\u00f5es, antes participantes da SURCE, aderiram ao ENARE\",\"breadcrumb\":{\"@id\":\"https:\\\/\\\/www.grupomedcof.com.br\\\/blog\\\/instituicoes-da-surce-aderem-ao-enare\\\/#breadcrumb\"},\"inLanguage\":\"pt-BR\",\"potentialAction\":[{\"@type\":\"ReadAction\",\"target\":[\"https:\\\/\\\/www.grupomedcof.com.br\\\/blog\\\/instituicoes-da-surce-aderem-ao-enare\\\/\"]}]},{\"@type\":\"ImageObject\",\"inLanguage\":\"pt-BR\",\"@id\":\"https:\\\/\\\/www.grupomedcof.com.br\\\/blog\\\/instituicoes-da-surce-aderem-ao-enare\\\/#primaryimage\",\"url\":\"https:\\\/\\\/www.grupomedcof.com.br\\\/blog\\\/wp-content\\\/uploads\\\/2024\\\/06\\\/Blog-MedCof-2024-06-11T094628.577.png\",\"contentUrl\":\"https:\\\/\\\/www.grupomedcof.com.br\\\/blog\\\/wp-content\\\/uploads\\\/2024\\\/06\\\/Blog-MedCof-2024-06-11T094628.577.png\",\"width\":2560,\"height\":1440,\"caption\":\"Com dois dias para encerramento do per\u00edodo de ades\u00e3o, Ebserh anuncia que treze institui\u00e7\u00f5es, antes participantes da SURCE, aderiram ao ENARE\"},{\"@type\":\"BreadcrumbList\",\"@id\":\"https:\\\/\\\/www.grupomedcof.com.br\\\/blog\\\/instituicoes-da-surce-aderem-ao-enare\\\/#breadcrumb\",\"itemListElement\":[{\"@type\":\"ListItem\",\"position\":1,\"name\":\"In\u00edcio\",\"item\":\"https:\\\/\\\/www.grupomedcof.com.br\\\/blog\\\/\"},{\"@type\":\"ListItem\",\"position\":2,\"name\":\"Institui\u00e7\u00f5es da SURCE aderem ao ENARE\"}]},{\"@type\":\"WebSite\",\"@id\":\"https:\\\/\\\/www.grupomedcof.com.br\\\/blog\\\/#website\",\"url\":\"https:\\\/\\\/www.grupomedcof.com.br\\\/blog\\\/\",\"name\":\"Blog de Medcof: conte\u00fados, editais, revalida e mais!\",\"description\":\"Acesso o blog de MedCof! Seu portal de conte\u00fados sobre resid\u00eancia m\u00e9dica, an\u00e1lise e editais e muito mais. Clique e confira!\",\"publisher\":{\"@id\":\"https:\\\/\\\/www.grupomedcof.com.br\\\/blog\\\/#organization\"},\"alternateName\":\"Blog de Medcof: conte\u00fados, editais, revalida e mais!\",\"potentialAction\":[{\"@type\":\"SearchAction\",\"target\":{\"@type\":\"EntryPoint\",\"urlTemplate\":\"https:\\\/\\\/www.grupomedcof.com.br\\\/blog\\\/?s={search_term_string}\"},\"query-input\":{\"@type\":\"PropertyValueSpecification\",\"valueRequired\":true,\"valueName\":\"search_term_string\"}}],\"inLanguage\":\"pt-BR\"},{\"@type\":\"Organization\",\"@id\":\"https:\\\/\\\/www.grupomedcof.com.br\\\/blog\\\/#organization\",\"name\":\"Grupo MedCof\",\"url\":\"https:\\\/\\\/www.grupomedcof.com.br\\\/blog\\\/\",\"logo\":{\"@type\":\"ImageObject\",\"inLanguage\":\"pt-BR\",\"@id\":\"https:\\\/\\\/www.grupomedcof.com.br\\\/blog\\\/#\\\/schema\\\/logo\\\/image\\\/\",\"url\":\"https:\\\/\\\/www.grupomedcof.com.br\\\/blog\\\/wp-content\\\/uploads\\\/2022\\\/01\\\/logo-medcof.png\",\"contentUrl\":\"https:\\\/\\\/www.grupomedcof.com.br\\\/blog\\\/wp-content\\\/uploads\\\/2022\\\/01\\\/logo-medcof.png\",\"width\":768,\"height\":269,\"caption\":\"Grupo MedCof\"},\"image\":{\"@id\":\"https:\\\/\\\/www.grupomedcof.com.br\\\/blog\\\/#\\\/schema\\\/logo\\\/image\\\/\"},\"sameAs\":[\"https:\\\/\\\/www.facebook.com\\\/MedCofQbank\\\/\",\"https:\\\/\\\/www.instagram.com\\\/grupomedcof\\\/\",\"https:\\\/\\\/br.linkedin.com\\\/company\\\/medcof\",\"https:\\\/\\\/www.youtube.com\\\/channel\\\/UCdHMuOHKICxcHwecxN8P-AA\"]},{\"@type\":\"Person\",\"@id\":\"https:\\\/\\\/www.grupomedcof.com.br\\\/blog\\\/#\\\/schema\\\/person\\\/1375e0ce724529d7a1d8156ea7f8ceaa\",\"name\":\"J\u00falia Moreira\",\"image\":{\"@type\":\"ImageObject\",\"inLanguage\":\"pt-BR\",\"@id\":\"https:\\\/\\\/www.grupomedcof.com.br\\\/blog\\\/wp-content\\\/uploads\\\/2024\\\/12\\\/cropped-Captura-de-tela-2023-12-15-094946-96x96.png6a0083ac34a0445de97d55fae63a4a41\",\"url\":\"https:\\\/\\\/www.grupomedcof.com.br\\\/blog\\\/wp-content\\\/uploads\\\/2024\\\/12\\\/cropped-Captura-de-tela-2023-12-15-094946-96x96.png\",\"contentUrl\":\"https:\\\/\\\/www.grupomedcof.com.br\\\/blog\\\/wp-content\\\/uploads\\\/2024\\\/12\\\/cropped-Captura-de-tela-2023-12-15-094946-96x96.png\",\"caption\":\"J\u00falia Moreira\"},\"description\":\"Estudante do 8\u00ba semestre de Jornalismo na ECA-USP, f\u00e3 de filmes de terror e m\u00fasica popular sul-coreana.\",\"sameAs\":[\"https:\\\/\\\/www.grupomedcof.com.br\\\/\"],\"url\":\"https:\\\/\\\/www.grupomedcof.com.br\\\/blog\\\/author\\\/julia\\\/\"}]}<\/script>\n<!-- \/ Yoast SEO Premium plugin. -->","yoast_head_json":{"title":"Institui\u00e7\u00f5es da SURCE aderem ao ENARE - Blog de Medcof: conte\u00fados, editais, revalida e mais!","description":"Com dois dias para encerramento do per\u00edodo de ades\u00e3o, Ebserh anuncia que treze institui\u00e7\u00f5es, antes participantes da SURCE, aderiram ao ENARE","robots":{"index":"index","follow":"follow","max-snippet":"max-snippet:-1","max-image-preview":"max-image-preview:large","max-video-preview":"max-video-preview:-1"},"canonical":"https:\/\/www.grupomedcof.com.br\/blog\/instituicoes-da-surce-aderem-ao-enare\/","og_locale":"pt_BR","og_type":"article","og_title":"Institui\u00e7\u00f5es da SURCE aderem ao ENARE","og_description":"Com dois dias para encerramento do per\u00edodo de ades\u00e3o, Ebserh anuncia que treze institui\u00e7\u00f5es, antes participantes da SURCE, aderiram ao ENARE","og_url":"https:\/\/www.grupomedcof.com.br\/blog\/instituicoes-da-surce-aderem-ao-enare\/","og_site_name":"Blog de Medcof: conte\u00fados, editais, revalida e mais!","article_publisher":"https:\/\/www.facebook.com\/MedCofQbank\/","article_published_time":"2024-06-11T12:51:38+00:00","article_modified_time":"2024-06-11T12:52:44+00:00","og_image":[{"width":2560,"height":1440,"url":"https:\/\/www.grupomedcof.com.br\/blog\/wp-content\/uploads\/2024\/06\/Blog-MedCof-2024-06-11T094628.577.png","type":"image\/png"}],"author":"J\u00falia Moreira","twitter_card":"summary_large_image","twitter_misc":{"Escrito por":"J\u00falia Moreira","Est. tempo de leitura":"2 minutos"},"schema":{"@context":"https:\/\/schema.org","@graph":[{"@type":"Article","@id":"https:\/\/www.grupomedcof.com.br\/blog\/instituicoes-da-surce-aderem-ao-enare\/#article","isPartOf":{"@id":"https:\/\/www.grupomedcof.com.br\/blog\/instituicoes-da-surce-aderem-ao-enare\/"},"author":{"name":"J\u00falia Moreira","@id":"https:\/\/www.grupomedcof.com.br\/blog\/#\/schema\/person\/1375e0ce724529d7a1d8156ea7f8ceaa"},"headline":"Institui\u00e7\u00f5es da SURCE aderem ao ENARE","datePublished":"2024-06-11T12:51:38+00:00","dateModified":"2024-06-11T12:52:44+00:00","mainEntityOfPage":{"@id":"https:\/\/www.grupomedcof.com.br\/blog\/instituicoes-da-surce-aderem-ao-enare\/"},"wordCount":384,"commentCount":0,"publisher":{"@id":"https:\/\/www.grupomedcof.com.br\/blog\/#organization"},"image":{"@id":"https:\/\/www.grupomedcof.com.br\/blog\/instituicoes-da-surce-aderem-ao-enare\/#primaryimage"},"thumbnailUrl":"https:\/\/www.grupomedcof.com.br\/blog\/wp-content\/uploads\/2024\/06\/Blog-MedCof-2024-06-11T094628.577.png","keywords":["Ebserh","ENARE","ENARE 2025","Provas de Resid\u00eancia","Resid\u00eancia M\u00e9dica","SURCE"],"articleSection":["Destaques MedCof","Not\u00edcias"],"inLanguage":"pt-BR"},{"@type":"WebPage","@id":"https:\/\/www.grupomedcof.com.br\/blog\/instituicoes-da-surce-aderem-ao-enare\/","url":"https:\/\/www.grupomedcof.com.br\/blog\/instituicoes-da-surce-aderem-ao-enare\/","name":"Institui\u00e7\u00f5es da SURCE aderem ao ENARE - Blog de Medcof: conte\u00fados, editais, revalida e mais!","isPartOf":{"@id":"https:\/\/www.grupomedcof.com.br\/blog\/#website"},"primaryImageOfPage":{"@id":"https:\/\/www.grupomedcof.com.br\/blog\/instituicoes-da-surce-aderem-ao-enare\/#primaryimage"},"image":{"@id":"https:\/\/www.grupomedcof.com.br\/blog\/instituicoes-da-surce-aderem-ao-enare\/#primaryimage"},"thumbnailUrl":"https:\/\/www.grupomedcof.com.br\/blog\/wp-content\/uploads\/2024\/06\/Blog-MedCof-2024-06-11T094628.577.png","datePublished":"2024-06-11T12:51:38+00:00","dateModified":"2024-06-11T12:52:44+00:00","description":"Com dois dias para encerramento do per\u00edodo de ades\u00e3o, Ebserh anuncia que treze institui\u00e7\u00f5es, antes participantes da SURCE, aderiram ao ENARE","breadcrumb":{"@id":"https:\/\/www.grupomedcof.com.br\/blog\/instituicoes-da-surce-aderem-ao-enare\/#breadcrumb"},"inLanguage":"pt-BR","potentialAction":[{"@type":"ReadAction","target":["https:\/\/www.grupomedcof.com.br\/blog\/instituicoes-da-surce-aderem-ao-enare\/"]}]},{"@type":"ImageObject","inLanguage":"pt-BR","@id":"https:\/\/www.grupomedcof.com.br\/blog\/instituicoes-da-surce-aderem-ao-enare\/#primaryimage","url":"https:\/\/www.grupomedcof.com.br\/blog\/wp-content\/uploads\/2024\/06\/Blog-MedCof-2024-06-11T094628.577.png","contentUrl":"https:\/\/www.grupomedcof.com.br\/blog\/wp-content\/uploads\/2024\/06\/Blog-MedCof-2024-06-11T094628.577.png","width":2560,"height":1440,"caption":"Com dois dias para encerramento do per\u00edodo de ades\u00e3o, Ebserh anuncia que treze institui\u00e7\u00f5es, antes participantes da SURCE, aderiram ao ENARE"},{"@type":"BreadcrumbList","@id":"https:\/\/www.grupomedcof.com.br\/blog\/instituicoes-da-surce-aderem-ao-enare\/#breadcrumb","itemListElement":[{"@type":"ListItem","position":1,"name":"In\u00edcio","item":"https:\/\/www.grupomedcof.com.br\/blog\/"},{"@type":"ListItem","position":2,"name":"Institui\u00e7\u00f5es da SURCE aderem ao ENARE"}]},{"@type":"WebSite","@id":"https:\/\/www.grupomedcof.com.br\/blog\/#website","url":"https:\/\/www.grupomedcof.com.br\/blog\/","name":"Blog de Medcof: conte\u00fados, editais, revalida e mais!","description":"Acesso o blog de MedCof! Seu portal de conte\u00fados sobre resid\u00eancia m\u00e9dica, an\u00e1lise e editais e muito mais. Clique e confira!","publisher":{"@id":"https:\/\/www.grupomedcof.com.br\/blog\/#organization"},"alternateName":"Blog de Medcof: conte\u00fados, editais, revalida e mais!","potentialAction":[{"@type":"SearchAction","target":{"@type":"EntryPoint","urlTemplate":"https:\/\/www.grupomedcof.com.br\/blog\/?s={search_term_string}"},"query-input":{"@type":"PropertyValueSpecification","valueRequired":true,"valueName":"search_term_string"}}],"inLanguage":"pt-BR"},{"@type":"Organization","@id":"https:\/\/www.grupomedcof.com.br\/blog\/#organization","name":"Grupo MedCof","url":"https:\/\/www.grupomedcof.com.br\/blog\/","logo":{"@type":"ImageObject","inLanguage":"pt-BR","@id":"https:\/\/www.grupomedcof.com.br\/blog\/#\/schema\/logo\/image\/","url":"https:\/\/www.grupomedcof.com.br\/blog\/wp-content\/uploads\/2022\/01\/logo-medcof.png","contentUrl":"https:\/\/www.grupomedcof.com.br\/blog\/wp-content\/uploads\/2022\/01\/logo-medcof.png","width":768,"height":269,"caption":"Grupo MedCof"},"image":{"@id":"https:\/\/www.grupomedcof.com.br\/blog\/#\/schema\/logo\/image\/"},"sameAs":["https:\/\/www.facebook.com\/MedCofQbank\/","https:\/\/www.instagram.com\/grupomedcof\/","https:\/\/br.linkedin.com\/company\/medcof","https:\/\/www.youtube.com\/channel\/UCdHMuOHKICxcHwecxN8P-AA"]},{"@type":"Person","@id":"https:\/\/www.grupomedcof.com.br\/blog\/#\/schema\/person\/1375e0ce724529d7a1d8156ea7f8ceaa","name":"J\u00falia Moreira","image":{"@type":"ImageObject","inLanguage":"pt-BR","@id":"https:\/\/www.grupomedcof.com.br\/blog\/wp-content\/uploads\/2024\/12\/cropped-Captura-de-tela-2023-12-15-094946-96x96.png6a0083ac34a0445de97d55fae63a4a41","url":"https:\/\/www.grupomedcof.com.br\/blog\/wp-content\/uploads\/2024\/12\/cropped-Captura-de-tela-2023-12-15-094946-96x96.png","contentUrl":"https:\/\/www.grupomedcof.com.br\/blog\/wp-content\/uploads\/2024\/12\/cropped-Captura-de-tela-2023-12-15-094946-96x96.png","caption":"J\u00falia Moreira"},"description":"Estudante do 8\u00ba semestre de Jornalismo na ECA-USP, f\u00e3 de filmes de terror e m\u00fasica popular sul-coreana.","sameAs":["https:\/\/www.grupomedcof.com.br\/"],"url":"https:\/\/www.grupomedcof.com.br\/blog\/author\/julia\/"}]}},"authors":[{"term_id":3609,"user_id":6,"is_guest":0,"slug":"julia","display_name":"J\u00falia Moreira","avatar_url":"https:\/\/www.grupomedcof.com.br\/blog\/wp-content\/uploads\/2024\/12\/cropped-Captura-de-tela-2023-12-15-094946-96x96.png","0":null,"1":"","2":"","3":"","4":"","5":"","6":"","7":"","8":""}],"_links":{"self":[{"href":"https:\/\/www.grupomedcof.com.br\/blog\/wp-json\/wp\/v2\/posts\/26632","targetHints":{"allow":["GET"]}}],"collection":[{"href":"https:\/\/www.grupomedcof.com.br\/blog\/wp-json\/wp\/v2\/posts"}],"about":[{"href":"https:\/\/www.grupomedcof.com.br\/blog\/wp-json\/wp\/v2\/types\/post"}],"author":[{"embeddable":true,"href":"https:\/\/www.grupomedcof.com.br\/blog\/wp-json\/wp\/v2\/users\/6"}],"replies":[{"embeddable":true,"href":"https:\/\/www.grupomedcof.com.br\/blog\/wp-json\/wp\/v2\/comments?post=26632"}],"version-history":[{"count":0,"href":"https:\/\/www.grupomedcof.com.br\/blog\/wp-json\/wp\/v2\/posts\/26632\/revisions"}],"wp:featuredmedia":[{"embeddable":true,"href":"https:\/\/www.grupomedcof.com.br\/blog\/wp-json\/wp\/v2\/media\/26637"}],"wp:attachment":[{"href":"https:\/\/www.grupomedcof.com.br\/blog\/wp-json\/wp\/v2\/media?parent=26632"}],"wp:term":[{"taxonomy":"category","embeddable":true,"href":"https:\/\/www.grupomedcof.com.br\/blog\/wp-json\/wp\/v2\/categories?post=26632"},{"taxonomy":"post_tag","embeddable":true,"href":"https:\/\/www.grupomedcof.com.br\/blog\/wp-json\/wp\/v2\/tags?post=26632"},{"taxonomy":"author","embeddable":true,"href":"https:\/\/www.grupomedcof.com.br\/blog\/wp-json\/wp\/v2\/ppma_author?post=26632"}],"curies":[{"name":"wp","href":"https:\/\/api.w.org\/{rel}","templated":true}]}}