{"id":26693,"date":"2026-04-24T11:44:58","date_gmt":"2026-04-24T14:44:58","guid":{"rendered":"https:\/\/www.grupomedcof.com.br\/blog\/?p=26693"},"modified":"2026-04-24T11:59:16","modified_gmt":"2026-04-24T14:59:16","slug":"edital-enare-adesao-instituicoes","status":"publish","type":"post","link":"https:\/\/www.grupomedcof.com.br\/blog\/edital-enare-adesao-instituicoes\/","title":{"rendered":"Enare 2026\/2027: confira o edital de ades\u00e3o das institui\u00e7\u00f5es"},"content":{"rendered":"<div id=\"ez-toc-container\" class=\"ez-toc-v2_0_74 counter-hierarchy ez-toc-counter ez-toc-transparent ez-toc-container-direction\">\n<div class=\"ez-toc-title-container\">\n<p class=\"ez-toc-title\" style=\"cursor:inherit\">Sum\u00e1rio<\/p>\n<span class=\"ez-toc-title-toggle\"><a href=\"#\" class=\"ez-toc-pull-right ez-toc-btn ez-toc-btn-xs ez-toc-btn-default ez-toc-toggle\" aria-label=\"Alternar tabela de conte\u00fado\"><span class=\"ez-toc-js-icon-con\"><span class=\"\"><span class=\"eztoc-hide\" style=\"display:none;\">Toggle<\/span><span class=\"ez-toc-icon-toggle-span\"><svg style=\"fill: #999;color:#999\" xmlns=\"http:\/\/www.w3.org\/2000\/svg\" class=\"list-377408\" width=\"20px\" height=\"20px\" viewBox=\"0 0 24 24\" fill=\"none\"><path d=\"M6 6H4v2h2V6zm14 0H8v2h12V6zM4 11h2v2H4v-2zm16 0H8v2h12v-2zM4 16h2v2H4v-2zm16 0H8v2h12v-2z\" fill=\"currentColor\"><\/path><\/svg><svg style=\"fill: #999;color:#999\" class=\"arrow-unsorted-368013\" xmlns=\"http:\/\/www.w3.org\/2000\/svg\" width=\"10px\" height=\"10px\" viewBox=\"0 0 24 24\" version=\"1.2\" baseProfile=\"tiny\"><path d=\"M18.2 9.3l-6.2-6.3-6.2 6.3c-.2.2-.3.4-.3.7s.1.5.3.7c.2.2.4.3.7.3h11c.3 0 .5-.1.7-.3.2-.2.3-.5.3-.7s-.1-.5-.3-.7zM5.8 14.7l6.2 6.3 6.2-6.3c.2-.2.3-.5.3-.7s-.1-.5-.3-.7c-.2-.2-.4-.3-.7-.3h-11c-.3 0-.5.1-.7.3-.2.2-.3.5-.3.7s.1.5.3.7z\"\/><\/svg><\/span><\/span><\/span><\/a><\/span><\/div>\n<nav><ul class='ez-toc-list ez-toc-list-level-1 ' ><li class='ez-toc-page-1 ez-toc-heading-level-2'><a class=\"ez-toc-link ez-toc-heading-1\" href=\"https:\/\/www.grupomedcof.com.br\/blog\/edital-enare-adesao-instituicoes\/#Quem_pode_aderir_ao_ENARE\" >Quem pode aderir ao ENARE?<\/a><\/li><li class='ez-toc-page-1 ez-toc-heading-level-2'><a class=\"ez-toc-link ez-toc-heading-2\" href=\"https:\/\/www.grupomedcof.com.br\/blog\/edital-enare-adesao-instituicoes\/#Como_fazer_a_adesao\" >Como fazer a ades\u00e3o<\/a><\/li><li class='ez-toc-page-1 ez-toc-heading-level-2'><a class=\"ez-toc-link ez-toc-heading-3\" href=\"https:\/\/www.grupomedcof.com.br\/blog\/edital-enare-adesao-instituicoes\/#Processo_seletivo_%E2%80%93_Fase_unica_confirmada\" >Processo seletivo &#8211; Fase \u00fanica confirmada<\/a><\/li><li class='ez-toc-page-1 ez-toc-heading-level-2'><a class=\"ez-toc-link ez-toc-heading-4\" href=\"https:\/\/www.grupomedcof.com.br\/blog\/edital-enare-adesao-instituicoes\/#Como_foi_a_edicao_anterior_do_Enare\" >Como foi a edi\u00e7\u00e3o anterior do Enare<\/a><\/li><li class='ez-toc-page-1 ez-toc-heading-level-2'><a class=\"ez-toc-link ez-toc-heading-5\" href=\"https:\/\/www.grupomedcof.com.br\/blog\/edital-enare-adesao-instituicoes\/#Comece_em_maio_e_seja_aprovado_na_residencia_medica\" >Comece em maio e seja aprovado na resid\u00eancia m\u00e9dica!<\/a><\/li><\/ul><\/nav><\/div>\n\n<p>O HU Brasil divulgou o <strong>Edital n\u00ba 01\/2026<\/strong>, que regulamenta a ades\u00e3o de institui\u00e7\u00f5es p\u00fablicas e privadas ao <strong>ENARE 2026\/2027<\/strong><\/p>\n\n\n\n<figure class=\"wp-block-gallery has-nested-images columns-default is-cropped wp-block-gallery-1 is-layout-flex wp-block-gallery-is-layout-flex\">\n<figure class=\"wp-block-image size-large\"><img loading=\"lazy\" decoding=\"async\" width=\"1024\" height=\"576\" data-id=\"26729\" src=\"https:\/\/www.grupomedcof.com.br\/blog\/wp-content\/uploads\/2024\/06\/Blog-MedCof-1-1024x576.png\" alt=\"enare 2024\" class=\"wp-image-26729\" srcset=\"https:\/\/www.grupomedcof.com.br\/blog\/wp-content\/uploads\/2024\/06\/Blog-MedCof-1-1024x576.png 1024w, https:\/\/www.grupomedcof.com.br\/blog\/wp-content\/uploads\/2024\/06\/Blog-MedCof-1-300x169.png 300w, https:\/\/www.grupomedcof.com.br\/blog\/wp-content\/uploads\/2024\/06\/Blog-MedCof-1-768x432.png 768w, https:\/\/www.grupomedcof.com.br\/blog\/wp-content\/uploads\/2024\/06\/Blog-MedCof-1-1536x864.png 1536w, https:\/\/www.grupomedcof.com.br\/blog\/wp-content\/uploads\/2024\/06\/Blog-MedCof-1-747x420.png 747w, https:\/\/www.grupomedcof.com.br\/blog\/wp-content\/uploads\/2024\/06\/Blog-MedCof-1-150x84.png 150w, https:\/\/www.grupomedcof.com.br\/blog\/wp-content\/uploads\/2024\/06\/Blog-MedCof-1-696x392.png 696w, https:\/\/www.grupomedcof.com.br\/blog\/wp-content\/uploads\/2024\/06\/Blog-MedCof-1-1068x601.png 1068w, https:\/\/www.grupomedcof.com.br\/blog\/wp-content\/uploads\/2024\/06\/Blog-MedCof-1.png 1920w\" sizes=\"auto, (max-width: 1024px) 100vw, 1024px\" \/><\/figure>\n<\/figure>\n\n\n\n<h2 class=\"wp-block-heading\" id=\"h-quem-pode-aderir-ao-enare\"><span class=\"ez-toc-section\" id=\"Quem_pode_aderir_ao_ENARE\"><\/span><strong>Quem pode aderir ao ENARE?<\/strong><span class=\"ez-toc-section-end\"><\/span><\/h2>\n\n\n\n<p>Podem aderir <strong>institui\u00e7\u00f5es p\u00fablicas e privadas com ou sem fins lucrativos<\/strong>, que possuam:<\/p>\n\n\n\n<ul class=\"wp-block-list\">\n<li>Programas de resid\u00eancia m\u00e9dica ou multiprofissional reconhecidos pelo MEC;<\/li>\n\n\n\n<li>Vagas autorizadas com financiamento de bolsas de resid\u00eancia;<\/li>\n\n\n\n<li>Regularidade com CNRM ou CNRMS;<\/li>\n\n\n\n<li>COREME ou COREMU ativas e infraestrutura compat\u00edvel.<\/li>\n<\/ul>\n\n\n\n<h2 class=\"wp-block-heading\" id=\"h-como-fazer-a-adesao\"><span class=\"ez-toc-section\" id=\"Como_fazer_a_adesao\"><\/span><strong>Como fazer a ades\u00e3o<\/strong><span class=\"ez-toc-section-end\"><\/span><\/h2>\n\n\n\n<p>As institui\u00e7\u00f5es devem enviar a documenta\u00e7\u00e3o exigida conforme orienta\u00e7\u00f5es do edital, entre os dias <strong>27 de abril e 15 de maio de 2026. <\/strong>O processo \u00e9 conduzido inteiramente online, por meio da plataforma oficial:<\/p>\n\n\n\n<div class=\"wp-block-buttons is-layout-flex wp-block-buttons-is-layout-flex\">\n<div class=\"wp-block-button\"><a class=\"wp-block-button__link wp-element-button\" href=\"https:\/\/www.grupomedcof.com.br\/blog\/wp-content\/uploads\/2025\/05\/Edital-adesao-ENARE-2027.pdf\" target=\"_blank\" rel=\"noreferrer noopener\">CLIQUE AQUI E CONFIRA O EDITAL DE ADES\u00c3O<\/a><\/div>\n<\/div>\n\n\n\n<h2 class=\"wp-block-heading\" id=\"h-processo-seletivo-fase-unica-confirmada\"><span class=\"ez-toc-section\" id=\"Processo_seletivo_%E2%80%93_Fase_unica_confirmada\"><\/span><strong>Processo seletivo &#8211; Fase \u00fanica confirmada<\/strong><span class=\"ez-toc-section-end\"><\/span><\/h2>\n\n\n\n<p>Com a publica\u00e7\u00e3o do edital de chamamento para ades\u00e3o das institui\u00e7\u00f5es, uma informa\u00e7\u00e3o importante tamb\u00e9m foi divulgada: o processo seletivo do ENARE\/Enamed ter\u00e1 uma fase \u00fanica, a prova objetiva, assim como a edi\u00e7\u00e3o anterior. <\/p>\n\n\n\n<p>Desse modo, a prova objetiva ir\u00e1 compor <strong>100% da nota final do candidato<\/strong>. Al\u00e9m disso, a nota final no Exame poder\u00e1 ser acrescida de 10% de bonifica\u00e7\u00e3o, como disposto no edital de sele\u00e7\u00e3o dos candidatos do Enare 2026\/2027.<\/p>\n\n\n\n<figure class=\"wp-block-image size-large\"><a href=\"https:\/\/www.grupomedcof.com.br\/cofletters\/?clientId=&amp;utm_campaign=newsletter&amp;utm_medium=banner&amp;utm_source=blog&amp;utm_content=inscricao#https:\/\/www.grupomedcof.com.br\/blog\/\" target=\"_blank\" rel=\" noreferrer noopener\"><img loading=\"lazy\" decoding=\"async\" width=\"1024\" height=\"320\" src=\"https:\/\/www.grupomedcof.com.br\/blog\/wp-content\/uploads\/2025\/11\/Banner-MedCof-Plus-2200x460-11-1343x420-1-1024x320.png\" alt=\"\" class=\"wp-image-39227\" srcset=\"https:\/\/www.grupomedcof.com.br\/blog\/wp-content\/uploads\/2025\/11\/Banner-MedCof-Plus-2200x460-11-1343x420-1-1024x320.png 1024w, https:\/\/www.grupomedcof.com.br\/blog\/wp-content\/uploads\/2025\/11\/Banner-MedCof-Plus-2200x460-11-1343x420-1-300x94.png 300w, https:\/\/www.grupomedcof.com.br\/blog\/wp-content\/uploads\/2025\/11\/Banner-MedCof-Plus-2200x460-11-1343x420-1-768x240.png 768w, https:\/\/www.grupomedcof.com.br\/blog\/wp-content\/uploads\/2025\/11\/Banner-MedCof-Plus-2200x460-11-1343x420-1-150x47.png 150w, https:\/\/www.grupomedcof.com.br\/blog\/wp-content\/uploads\/2025\/11\/Banner-MedCof-Plus-2200x460-11-1343x420-1-696x218.png 696w, https:\/\/www.grupomedcof.com.br\/blog\/wp-content\/uploads\/2025\/11\/Banner-MedCof-Plus-2200x460-11-1343x420-1-1068x334.png 1068w, https:\/\/www.grupomedcof.com.br\/blog\/wp-content\/uploads\/2025\/11\/Banner-MedCof-Plus-2200x460-11-1343x420-1.png 1343w\" sizes=\"auto, (max-width: 1024px) 100vw, 1024px\" \/><\/a><\/figure>\n\n\n\n<h2 class=\"wp-block-heading\" id=\"h-como-foi-a-edicao-anterior-do-enare\"><span class=\"ez-toc-section\" id=\"Como_foi_a_edicao_anterior_do_Enare\"><\/span><strong>Como foi a edi\u00e7\u00e3o anterior do Enare<\/strong><span class=\"ez-toc-section-end\"><\/span><\/h2>\n\n\n\n<p>Com o&nbsp;<strong><a href=\"https:\/\/www.grupomedcof.com.br\/blog\/edital-enare-publicado\/\" target=\"_blank\" rel=\"noreferrer noopener\">edital<\/a>&nbsp;<\/strong>publicado em junho de 2025, os candidatos puderam realizar as inscri\u00e7\u00f5es entre os dias 07 e 30 de julho.<\/p>\n\n\n\n<p>O processo seletivo contou com&nbsp;<strong><a href=\"https:\/\/www.grupomedcof.com.br\/blog\/recordes-enare\/\" target=\"_blank\" rel=\"noreferrer noopener\">mais de 6 mil vagas<\/a>&nbsp;<\/strong>de Resid\u00eancia M\u00e9dica dispon\u00edveis em todo o pa\u00eds e teve in\u00edcio com sua prova objetiva no dia 19 de outubro de 2025.<a href=\"https:\/\/www.grupomedcof.com.br\/cofletters\/\"><\/a><\/p>\n\n\n\n<div class=\"wp-block-buttons is-content-justification-center is-layout-flex wp-container-core-buttons-is-layout-16018d1d wp-block-buttons-is-layout-flex\">\n<div class=\"wp-block-button\"><a class=\"wp-block-button__link wp-element-button\" href=\"https:\/\/www.grupomedcof.com.br\/blog\/notas-de-corte-enare\/\" target=\"_blank\" rel=\"noreferrer noopener\">Confira as notas de corte do ENARE<\/a><\/div>\n<\/div>\n\n\n\n<h2 class=\"wp-block-heading\" id=\"h-comece-em-maio-e-seja-aprovado-na-residencia-medica\"><span class=\"ez-toc-section\" id=\"Comece_em_maio_e_seja_aprovado_na_residencia_medica\"><\/span><strong>Comece em maio e seja aprovado na resid\u00eancia m\u00e9dica!<\/strong><span class=\"ez-toc-section-end\"><\/span><\/h2>\n\n\n\n<p>Participe da live com aprovados e professores especialistas e entenda que ainda h\u00e1 tempo de realizar esse sonho em 2026.<\/p>\n\n\n\n<div class=\"wp-block-buttons is-content-justification-center is-layout-flex wp-container-core-buttons-is-layout-16018d1d wp-block-buttons-is-layout-flex\">\n<div class=\"wp-block-button\"><a class=\"wp-block-button__link wp-element-button\" href=\"https:\/\/extensivo.grupomedcof.com.br\/live-residencia-maio\" target=\"_blank\" rel=\"noreferrer noopener\">Quero garantir minha aprova\u00e7\u00e3o!<\/a><\/div>\n<\/div>\n\n\n\n<figure class=\"wp-block-image size-large\"><img loading=\"lazy\" decoding=\"async\" width=\"1024\" height=\"482\" src=\"https:\/\/www.grupomedcof.com.br\/blog\/wp-content\/uploads\/2026\/04\/image-10-1024x482.png\" alt=\"\" class=\"wp-image-43353\" srcset=\"https:\/\/www.grupomedcof.com.br\/blog\/wp-content\/uploads\/2026\/04\/image-10-1024x482.png 1024w, https:\/\/www.grupomedcof.com.br\/blog\/wp-content\/uploads\/2026\/04\/image-10-300x141.png 300w, https:\/\/www.grupomedcof.com.br\/blog\/wp-content\/uploads\/2026\/04\/image-10-768x362.png 768w, https:\/\/www.grupomedcof.com.br\/blog\/wp-content\/uploads\/2026\/04\/image-10-892x420.png 892w, https:\/\/www.grupomedcof.com.br\/blog\/wp-content\/uploads\/2026\/04\/image-10-150x71.png 150w, https:\/\/www.grupomedcof.com.br\/blog\/wp-content\/uploads\/2026\/04\/image-10-696x328.png 696w, https:\/\/www.grupomedcof.com.br\/blog\/wp-content\/uploads\/2026\/04\/image-10-1068x503.png 1068w, https:\/\/www.grupomedcof.com.br\/blog\/wp-content\/uploads\/2026\/04\/image-10.png 1451w\" sizes=\"auto, (max-width: 1024px) 100vw, 1024px\" \/><\/figure>\n","protected":false},"excerpt":{"rendered":"<p>A Empresa Brasileira de Servi\u00e7os Hospitalares (EBSERH) divulgou o Edital n\u00ba 02\/2025, que regulamenta a ades\u00e3o de institui\u00e7\u00f5es p\u00fablicas e privadas ao ENARE 2025\/2026.<\/p>\n","protected":false},"author":20,"featured_media":26739,"comment_status":"open","ping_status":"open","sticky":false,"template":"","format":"standard","meta":{"footnotes":""},"categories":[287,174],"tags":[29,1451,68],"ppma_author":[3616],"class_list":{"0":"post-26693","1":"post","2":"type-post","3":"status-publish","4":"format-standard","5":"has-post-thumbnail","7":"category-destaques-medcof","8":"category-residencia-medica","9":"tag-enare","10":"tag-instituicoes","11":"tag-residencia-medica"},"yoast_head":"<!-- This site is optimized with the Yoast SEO Premium plugin v24.3 (Yoast SEO v27.4) - https:\/\/yoast.com\/product\/yoast-seo-premium-wordpress\/ -->\n<title>Enare 2025\/2026: Publicado edital de ades\u00e3o | Blog MedCof<\/title>\n<meta name=\"description\" content=\"A EBSERH divulgou o Edital n\u00ba 02\/2025, que regulamenta a ades\u00e3o de institui\u00e7\u00f5es p\u00fablicas e privadas ao ENARE 2025\/2026. Confira!\" \/>\n<meta name=\"robots\" content=\"index, follow, max-snippet:-1, max-image-preview:large, max-video-preview:-1\" \/>\n<link rel=\"canonical\" href=\"https:\/\/www.grupomedcof.com.br\/blog\/edital-enare-adesao-instituicoes\/\" \/>\n<meta property=\"og:locale\" content=\"pt_BR\" \/>\n<meta property=\"og:type\" content=\"article\" \/>\n<meta property=\"og:title\" content=\"Enare 2026\/2027: confira o edital de ades\u00e3o das institui\u00e7\u00f5es\" \/>\n<meta property=\"og:description\" content=\"A EBSERH divulgou o Edital n\u00ba 02\/2025, que regulamenta a ades\u00e3o de institui\u00e7\u00f5es p\u00fablicas e privadas ao ENARE 2025\/2026. Confira!\" \/>\n<meta property=\"og:url\" content=\"https:\/\/www.grupomedcof.com.br\/blog\/edital-enare-adesao-instituicoes\/\" \/>\n<meta property=\"og:site_name\" content=\"Blog de Medcof: conte\u00fados, editais, revalida e mais!\" \/>\n<meta property=\"article:publisher\" content=\"https:\/\/www.facebook.com\/MedCofQbank\/\" \/>\n<meta property=\"article:published_time\" content=\"2026-04-24T14:44:58+00:00\" \/>\n<meta property=\"article:modified_time\" content=\"2026-04-24T14:59:16+00:00\" \/>\n<meta property=\"og:image\" content=\"https:\/\/www.grupomedcof.com.br\/blog\/wp-content\/uploads\/2024\/06\/Blog-MedCof-1-1.png\" \/>\n\t<meta property=\"og:image:width\" content=\"1920\" \/>\n\t<meta property=\"og:image:height\" content=\"1080\" \/>\n\t<meta property=\"og:image:type\" content=\"image\/png\" \/>\n<meta name=\"author\" content=\"Leila Menzel\" \/>\n<meta name=\"twitter:card\" content=\"summary_large_image\" \/>\n<meta name=\"twitter:label1\" content=\"Escrito por\" \/>\n\t<meta name=\"twitter:data1\" content=\"Leila Menzel\" \/>\n\t<meta name=\"twitter:label2\" content=\"Est. tempo de leitura\" \/>\n\t<meta name=\"twitter:data2\" content=\"3 minutos\" \/>\n<script type=\"application\/ld+json\" class=\"yoast-schema-graph\">{\"@context\":\"https:\\\/\\\/schema.org\",\"@graph\":[{\"@type\":\"Article\",\"@id\":\"https:\\\/\\\/www.grupomedcof.com.br\\\/blog\\\/edital-enare-adesao-instituicoes\\\/#article\",\"isPartOf\":{\"@id\":\"https:\\\/\\\/www.grupomedcof.com.br\\\/blog\\\/edital-enare-adesao-instituicoes\\\/\"},\"author\":{\"name\":\"Leila Menzel\",\"@id\":\"https:\\\/\\\/www.grupomedcof.com.br\\\/blog\\\/#\\\/schema\\\/person\\\/9a44c2184a836bf5ae6967fdb3a1451e\"},\"headline\":\"Enare 2026\\\/2027: confira o edital de ades\u00e3o das institui\u00e7\u00f5es\",\"datePublished\":\"2026-04-24T14:44:58+00:00\",\"dateModified\":\"2026-04-24T14:59:16+00:00\",\"mainEntityOfPage\":{\"@id\":\"https:\\\/\\\/www.grupomedcof.com.br\\\/blog\\\/edital-enare-adesao-instituicoes\\\/\"},\"wordCount\":324,\"commentCount\":0,\"publisher\":{\"@id\":\"https:\\\/\\\/www.grupomedcof.com.br\\\/blog\\\/#organization\"},\"image\":{\"@id\":\"https:\\\/\\\/www.grupomedcof.com.br\\\/blog\\\/edital-enare-adesao-instituicoes\\\/#primaryimage\"},\"thumbnailUrl\":\"https:\\\/\\\/www.grupomedcof.com.br\\\/blog\\\/wp-content\\\/uploads\\\/2024\\\/06\\\/Blog-MedCof-1-1.png\",\"keywords\":[\"ENARE\",\"Institui\u00e7\u00f5es\",\"Resid\u00eancia M\u00e9dica\"],\"articleSection\":[\"Destaques MedCof\",\"Resid\u00eancia m\u00e9dica: editais, resultados, temas quentes e mais\"],\"inLanguage\":\"pt-BR\"},{\"@type\":\"WebPage\",\"@id\":\"https:\\\/\\\/www.grupomedcof.com.br\\\/blog\\\/edital-enare-adesao-instituicoes\\\/\",\"url\":\"https:\\\/\\\/www.grupomedcof.com.br\\\/blog\\\/edital-enare-adesao-instituicoes\\\/\",\"name\":\"Enare 2025\\\/2026: Publicado edital de ades\u00e3o | Blog MedCof\",\"isPartOf\":{\"@id\":\"https:\\\/\\\/www.grupomedcof.com.br\\\/blog\\\/#website\"},\"primaryImageOfPage\":{\"@id\":\"https:\\\/\\\/www.grupomedcof.com.br\\\/blog\\\/edital-enare-adesao-instituicoes\\\/#primaryimage\"},\"image\":{\"@id\":\"https:\\\/\\\/www.grupomedcof.com.br\\\/blog\\\/edital-enare-adesao-instituicoes\\\/#primaryimage\"},\"thumbnailUrl\":\"https:\\\/\\\/www.grupomedcof.com.br\\\/blog\\\/wp-content\\\/uploads\\\/2024\\\/06\\\/Blog-MedCof-1-1.png\",\"datePublished\":\"2026-04-24T14:44:58+00:00\",\"dateModified\":\"2026-04-24T14:59:16+00:00\",\"description\":\"A EBSERH divulgou o Edital n\u00ba 02\\\/2025, que regulamenta a ades\u00e3o de institui\u00e7\u00f5es p\u00fablicas e privadas ao ENARE 2025\\\/2026. Confira!\",\"breadcrumb\":{\"@id\":\"https:\\\/\\\/www.grupomedcof.com.br\\\/blog\\\/edital-enare-adesao-instituicoes\\\/#breadcrumb\"},\"inLanguage\":\"pt-BR\",\"potentialAction\":[{\"@type\":\"ReadAction\",\"target\":[\"https:\\\/\\\/www.grupomedcof.com.br\\\/blog\\\/edital-enare-adesao-instituicoes\\\/\"]}]},{\"@type\":\"ImageObject\",\"inLanguage\":\"pt-BR\",\"@id\":\"https:\\\/\\\/www.grupomedcof.com.br\\\/blog\\\/edital-enare-adesao-instituicoes\\\/#primaryimage\",\"url\":\"https:\\\/\\\/www.grupomedcof.com.br\\\/blog\\\/wp-content\\\/uploads\\\/2024\\\/06\\\/Blog-MedCof-1-1.png\",\"contentUrl\":\"https:\\\/\\\/www.grupomedcof.com.br\\\/blog\\\/wp-content\\\/uploads\\\/2024\\\/06\\\/Blog-MedCof-1-1.png\",\"width\":1920,\"height\":1080},{\"@type\":\"BreadcrumbList\",\"@id\":\"https:\\\/\\\/www.grupomedcof.com.br\\\/blog\\\/edital-enare-adesao-instituicoes\\\/#breadcrumb\",\"itemListElement\":[{\"@type\":\"ListItem\",\"position\":1,\"name\":\"In\u00edcio\",\"item\":\"https:\\\/\\\/www.grupomedcof.com.br\\\/blog\\\/\"},{\"@type\":\"ListItem\",\"position\":2,\"name\":\"Enare 2026\\\/2027: confira o edital de ades\u00e3o das institui\u00e7\u00f5es\"}]},{\"@type\":\"WebSite\",\"@id\":\"https:\\\/\\\/www.grupomedcof.com.br\\\/blog\\\/#website\",\"url\":\"https:\\\/\\\/www.grupomedcof.com.br\\\/blog\\\/\",\"name\":\"Blog de Medcof: conte\u00fados, editais, revalida e mais!\",\"description\":\"Acesso o blog de MedCof! Seu portal de conte\u00fados sobre resid\u00eancia m\u00e9dica, an\u00e1lise e editais e muito mais. Clique e confira!\",\"publisher\":{\"@id\":\"https:\\\/\\\/www.grupomedcof.com.br\\\/blog\\\/#organization\"},\"alternateName\":\"Blog de Medcof: conte\u00fados, editais, revalida e mais!\",\"potentialAction\":[{\"@type\":\"SearchAction\",\"target\":{\"@type\":\"EntryPoint\",\"urlTemplate\":\"https:\\\/\\\/www.grupomedcof.com.br\\\/blog\\\/?s={search_term_string}\"},\"query-input\":{\"@type\":\"PropertyValueSpecification\",\"valueRequired\":true,\"valueName\":\"search_term_string\"}}],\"inLanguage\":\"pt-BR\"},{\"@type\":\"Organization\",\"@id\":\"https:\\\/\\\/www.grupomedcof.com.br\\\/blog\\\/#organization\",\"name\":\"Grupo MedCof\",\"url\":\"https:\\\/\\\/www.grupomedcof.com.br\\\/blog\\\/\",\"logo\":{\"@type\":\"ImageObject\",\"inLanguage\":\"pt-BR\",\"@id\":\"https:\\\/\\\/www.grupomedcof.com.br\\\/blog\\\/#\\\/schema\\\/logo\\\/image\\\/\",\"url\":\"https:\\\/\\\/www.grupomedcof.com.br\\\/blog\\\/wp-content\\\/uploads\\\/2022\\\/01\\\/logo-medcof.png\",\"contentUrl\":\"https:\\\/\\\/www.grupomedcof.com.br\\\/blog\\\/wp-content\\\/uploads\\\/2022\\\/01\\\/logo-medcof.png\",\"width\":768,\"height\":269,\"caption\":\"Grupo MedCof\"},\"image\":{\"@id\":\"https:\\\/\\\/www.grupomedcof.com.br\\\/blog\\\/#\\\/schema\\\/logo\\\/image\\\/\"},\"sameAs\":[\"https:\\\/\\\/www.facebook.com\\\/MedCofQbank\\\/\",\"https:\\\/\\\/www.instagram.com\\\/grupomedcof\\\/\",\"https:\\\/\\\/br.linkedin.com\\\/company\\\/medcof\",\"https:\\\/\\\/www.youtube.com\\\/channel\\\/UCdHMuOHKICxcHwecxN8P-AA\"]},{\"@type\":\"Person\",\"@id\":\"https:\\\/\\\/www.grupomedcof.com.br\\\/blog\\\/#\\\/schema\\\/person\\\/9a44c2184a836bf5ae6967fdb3a1451e\",\"name\":\"Leila Menzel\",\"image\":{\"@type\":\"ImageObject\",\"inLanguage\":\"pt-BR\",\"@id\":\"https:\\\/\\\/www.grupomedcof.com.br\\\/blog\\\/wp-content\\\/uploads\\\/2025\\\/09\\\/cropped-eu-96x96.jpeg19a74936d997c0a8b3031618467fa1d0\",\"url\":\"https:\\\/\\\/www.grupomedcof.com.br\\\/blog\\\/wp-content\\\/uploads\\\/2025\\\/09\\\/cropped-eu-96x96.jpeg\",\"contentUrl\":\"https:\\\/\\\/www.grupomedcof.com.br\\\/blog\\\/wp-content\\\/uploads\\\/2025\\\/09\\\/cropped-eu-96x96.jpeg\",\"caption\":\"Leila Menzel\"},\"description\":\"Estudante do 6\u00b0 semestre de jornalismo, amo e escrevo poesias e viajo em livros de romances clich\u00eas.\",\"url\":\"https:\\\/\\\/www.grupomedcof.com.br\\\/blog\\\/author\\\/leila-menzel\\\/\"}]}<\/script>\n<!-- \/ Yoast SEO Premium plugin. -->","yoast_head_json":{"title":"Enare 2025\/2026: Publicado edital de ades\u00e3o | Blog MedCof","description":"A EBSERH divulgou o Edital n\u00ba 02\/2025, que regulamenta a ades\u00e3o de institui\u00e7\u00f5es p\u00fablicas e privadas ao ENARE 2025\/2026. Confira!","robots":{"index":"index","follow":"follow","max-snippet":"max-snippet:-1","max-image-preview":"max-image-preview:large","max-video-preview":"max-video-preview:-1"},"canonical":"https:\/\/www.grupomedcof.com.br\/blog\/edital-enare-adesao-instituicoes\/","og_locale":"pt_BR","og_type":"article","og_title":"Enare 2026\/2027: confira o edital de ades\u00e3o das institui\u00e7\u00f5es","og_description":"A EBSERH divulgou o Edital n\u00ba 02\/2025, que regulamenta a ades\u00e3o de institui\u00e7\u00f5es p\u00fablicas e privadas ao ENARE 2025\/2026. Confira!","og_url":"https:\/\/www.grupomedcof.com.br\/blog\/edital-enare-adesao-instituicoes\/","og_site_name":"Blog de Medcof: conte\u00fados, editais, revalida e mais!","article_publisher":"https:\/\/www.facebook.com\/MedCofQbank\/","article_published_time":"2026-04-24T14:44:58+00:00","article_modified_time":"2026-04-24T14:59:16+00:00","og_image":[{"width":1920,"height":1080,"url":"https:\/\/www.grupomedcof.com.br\/blog\/wp-content\/uploads\/2024\/06\/Blog-MedCof-1-1.png","type":"image\/png"}],"author":"Leila Menzel","twitter_card":"summary_large_image","twitter_misc":{"Escrito por":"Leila Menzel","Est. tempo de leitura":"3 minutos"},"schema":{"@context":"https:\/\/schema.org","@graph":[{"@type":"Article","@id":"https:\/\/www.grupomedcof.com.br\/blog\/edital-enare-adesao-instituicoes\/#article","isPartOf":{"@id":"https:\/\/www.grupomedcof.com.br\/blog\/edital-enare-adesao-instituicoes\/"},"author":{"name":"Leila Menzel","@id":"https:\/\/www.grupomedcof.com.br\/blog\/#\/schema\/person\/9a44c2184a836bf5ae6967fdb3a1451e"},"headline":"Enare 2026\/2027: confira o edital de ades\u00e3o das institui\u00e7\u00f5es","datePublished":"2026-04-24T14:44:58+00:00","dateModified":"2026-04-24T14:59:16+00:00","mainEntityOfPage":{"@id":"https:\/\/www.grupomedcof.com.br\/blog\/edital-enare-adesao-instituicoes\/"},"wordCount":324,"commentCount":0,"publisher":{"@id":"https:\/\/www.grupomedcof.com.br\/blog\/#organization"},"image":{"@id":"https:\/\/www.grupomedcof.com.br\/blog\/edital-enare-adesao-instituicoes\/#primaryimage"},"thumbnailUrl":"https:\/\/www.grupomedcof.com.br\/blog\/wp-content\/uploads\/2024\/06\/Blog-MedCof-1-1.png","keywords":["ENARE","Institui\u00e7\u00f5es","Resid\u00eancia M\u00e9dica"],"articleSection":["Destaques MedCof","Resid\u00eancia m\u00e9dica: editais, resultados, temas quentes e mais"],"inLanguage":"pt-BR"},{"@type":"WebPage","@id":"https:\/\/www.grupomedcof.com.br\/blog\/edital-enare-adesao-instituicoes\/","url":"https:\/\/www.grupomedcof.com.br\/blog\/edital-enare-adesao-instituicoes\/","name":"Enare 2025\/2026: Publicado edital de ades\u00e3o | Blog MedCof","isPartOf":{"@id":"https:\/\/www.grupomedcof.com.br\/blog\/#website"},"primaryImageOfPage":{"@id":"https:\/\/www.grupomedcof.com.br\/blog\/edital-enare-adesao-instituicoes\/#primaryimage"},"image":{"@id":"https:\/\/www.grupomedcof.com.br\/blog\/edital-enare-adesao-instituicoes\/#primaryimage"},"thumbnailUrl":"https:\/\/www.grupomedcof.com.br\/blog\/wp-content\/uploads\/2024\/06\/Blog-MedCof-1-1.png","datePublished":"2026-04-24T14:44:58+00:00","dateModified":"2026-04-24T14:59:16+00:00","description":"A EBSERH divulgou o Edital n\u00ba 02\/2025, que regulamenta a ades\u00e3o de institui\u00e7\u00f5es p\u00fablicas e privadas ao ENARE 2025\/2026. Confira!","breadcrumb":{"@id":"https:\/\/www.grupomedcof.com.br\/blog\/edital-enare-adesao-instituicoes\/#breadcrumb"},"inLanguage":"pt-BR","potentialAction":[{"@type":"ReadAction","target":["https:\/\/www.grupomedcof.com.br\/blog\/edital-enare-adesao-instituicoes\/"]}]},{"@type":"ImageObject","inLanguage":"pt-BR","@id":"https:\/\/www.grupomedcof.com.br\/blog\/edital-enare-adesao-instituicoes\/#primaryimage","url":"https:\/\/www.grupomedcof.com.br\/blog\/wp-content\/uploads\/2024\/06\/Blog-MedCof-1-1.png","contentUrl":"https:\/\/www.grupomedcof.com.br\/blog\/wp-content\/uploads\/2024\/06\/Blog-MedCof-1-1.png","width":1920,"height":1080},{"@type":"BreadcrumbList","@id":"https:\/\/www.grupomedcof.com.br\/blog\/edital-enare-adesao-instituicoes\/#breadcrumb","itemListElement":[{"@type":"ListItem","position":1,"name":"In\u00edcio","item":"https:\/\/www.grupomedcof.com.br\/blog\/"},{"@type":"ListItem","position":2,"name":"Enare 2026\/2027: confira o edital de ades\u00e3o das institui\u00e7\u00f5es"}]},{"@type":"WebSite","@id":"https:\/\/www.grupomedcof.com.br\/blog\/#website","url":"https:\/\/www.grupomedcof.com.br\/blog\/","name":"Blog de Medcof: conte\u00fados, editais, revalida e mais!","description":"Acesso o blog de MedCof! Seu portal de conte\u00fados sobre resid\u00eancia m\u00e9dica, an\u00e1lise e editais e muito mais. Clique e confira!","publisher":{"@id":"https:\/\/www.grupomedcof.com.br\/blog\/#organization"},"alternateName":"Blog de Medcof: conte\u00fados, editais, revalida e mais!","potentialAction":[{"@type":"SearchAction","target":{"@type":"EntryPoint","urlTemplate":"https:\/\/www.grupomedcof.com.br\/blog\/?s={search_term_string}"},"query-input":{"@type":"PropertyValueSpecification","valueRequired":true,"valueName":"search_term_string"}}],"inLanguage":"pt-BR"},{"@type":"Organization","@id":"https:\/\/www.grupomedcof.com.br\/blog\/#organization","name":"Grupo MedCof","url":"https:\/\/www.grupomedcof.com.br\/blog\/","logo":{"@type":"ImageObject","inLanguage":"pt-BR","@id":"https:\/\/www.grupomedcof.com.br\/blog\/#\/schema\/logo\/image\/","url":"https:\/\/www.grupomedcof.com.br\/blog\/wp-content\/uploads\/2022\/01\/logo-medcof.png","contentUrl":"https:\/\/www.grupomedcof.com.br\/blog\/wp-content\/uploads\/2022\/01\/logo-medcof.png","width":768,"height":269,"caption":"Grupo MedCof"},"image":{"@id":"https:\/\/www.grupomedcof.com.br\/blog\/#\/schema\/logo\/image\/"},"sameAs":["https:\/\/www.facebook.com\/MedCofQbank\/","https:\/\/www.instagram.com\/grupomedcof\/","https:\/\/br.linkedin.com\/company\/medcof","https:\/\/www.youtube.com\/channel\/UCdHMuOHKICxcHwecxN8P-AA"]},{"@type":"Person","@id":"https:\/\/www.grupomedcof.com.br\/blog\/#\/schema\/person\/9a44c2184a836bf5ae6967fdb3a1451e","name":"Leila Menzel","image":{"@type":"ImageObject","inLanguage":"pt-BR","@id":"https:\/\/www.grupomedcof.com.br\/blog\/wp-content\/uploads\/2025\/09\/cropped-eu-96x96.jpeg19a74936d997c0a8b3031618467fa1d0","url":"https:\/\/www.grupomedcof.com.br\/blog\/wp-content\/uploads\/2025\/09\/cropped-eu-96x96.jpeg","contentUrl":"https:\/\/www.grupomedcof.com.br\/blog\/wp-content\/uploads\/2025\/09\/cropped-eu-96x96.jpeg","caption":"Leila Menzel"},"description":"Estudante do 6\u00b0 semestre de jornalismo, amo e escrevo poesias e viajo em livros de romances clich\u00eas.","url":"https:\/\/www.grupomedcof.com.br\/blog\/author\/leila-menzel\/"}]}},"authors":[{"term_id":3616,"user_id":20,"is_guest":0,"slug":"leila-menzel","display_name":"Leila Menzel","avatar_url":"https:\/\/www.grupomedcof.com.br\/blog\/wp-content\/uploads\/2025\/09\/cropped-eu-96x96.jpeg","0":null,"1":"","2":"","3":"","4":"","5":"","6":"","7":"","8":""}],"_links":{"self":[{"href":"https:\/\/www.grupomedcof.com.br\/blog\/wp-json\/wp\/v2\/posts\/26693","targetHints":{"allow":["GET"]}}],"collection":[{"href":"https:\/\/www.grupomedcof.com.br\/blog\/wp-json\/wp\/v2\/posts"}],"about":[{"href":"https:\/\/www.grupomedcof.com.br\/blog\/wp-json\/wp\/v2\/types\/post"}],"author":[{"embeddable":true,"href":"https:\/\/www.grupomedcof.com.br\/blog\/wp-json\/wp\/v2\/users\/20"}],"replies":[{"embeddable":true,"href":"https:\/\/www.grupomedcof.com.br\/blog\/wp-json\/wp\/v2\/comments?post=26693"}],"version-history":[{"count":3,"href":"https:\/\/www.grupomedcof.com.br\/blog\/wp-json\/wp\/v2\/posts\/26693\/revisions"}],"predecessor-version":[{"id":43355,"href":"https:\/\/www.grupomedcof.com.br\/blog\/wp-json\/wp\/v2\/posts\/26693\/revisions\/43355"}],"wp:featuredmedia":[{"embeddable":true,"href":"https:\/\/www.grupomedcof.com.br\/blog\/wp-json\/wp\/v2\/media\/26739"}],"wp:attachment":[{"href":"https:\/\/www.grupomedcof.com.br\/blog\/wp-json\/wp\/v2\/media?parent=26693"}],"wp:term":[{"taxonomy":"category","embeddable":true,"href":"https:\/\/www.grupomedcof.com.br\/blog\/wp-json\/wp\/v2\/categories?post=26693"},{"taxonomy":"post_tag","embeddable":true,"href":"https:\/\/www.grupomedcof.com.br\/blog\/wp-json\/wp\/v2\/tags?post=26693"},{"taxonomy":"author","embeddable":true,"href":"https:\/\/www.grupomedcof.com.br\/blog\/wp-json\/wp\/v2\/ppma_author?post=26693"}],"curies":[{"name":"wp","href":"https:\/\/api.w.org\/{rel}","templated":true}]}}