{"id":26803,"date":"2024-06-18T16:36:41","date_gmt":"2024-06-18T19:36:41","guid":{"rendered":"https:\/\/www.grupomedcof.com.br\/blog\/?p=26803"},"modified":"2025-12-22T11:24:09","modified_gmt":"2025-12-22T14:24:09","slug":"a-hipertensao-arterial-sistemica-na-infancia-como-tratar","status":"publish","type":"post","link":"https:\/\/www.grupomedcof.com.br\/blog\/a-hipertensao-arterial-sistemica-na-infancia-como-tratar\/","title":{"rendered":"Hipertens\u00e3o Arterial Sist\u00eamica (HAS) em Crian\u00e7as: Defini\u00e7\u00e3o, rastreamento e diagn\u00f3stico!"},"content":{"rendered":"<div id=\"ez-toc-container\" class=\"ez-toc-v2_0_74 counter-hierarchy ez-toc-counter ez-toc-transparent ez-toc-container-direction\">\n<div class=\"ez-toc-title-container\">\n<p class=\"ez-toc-title\" style=\"cursor:inherit\">Sum\u00e1rio<\/p>\n<span class=\"ez-toc-title-toggle\"><a href=\"#\" class=\"ez-toc-pull-right ez-toc-btn ez-toc-btn-xs ez-toc-btn-default ez-toc-toggle\" aria-label=\"Alternar tabela de conte\u00fado\"><span class=\"ez-toc-js-icon-con\"><span class=\"\"><span class=\"eztoc-hide\" style=\"display:none;\">Toggle<\/span><span class=\"ez-toc-icon-toggle-span\"><svg style=\"fill: #999;color:#999\" xmlns=\"http:\/\/www.w3.org\/2000\/svg\" class=\"list-377408\" width=\"20px\" height=\"20px\" viewBox=\"0 0 24 24\" fill=\"none\"><path d=\"M6 6H4v2h2V6zm14 0H8v2h12V6zM4 11h2v2H4v-2zm16 0H8v2h12v-2zM4 16h2v2H4v-2zm16 0H8v2h12v-2z\" fill=\"currentColor\"><\/path><\/svg><svg style=\"fill: #999;color:#999\" class=\"arrow-unsorted-368013\" xmlns=\"http:\/\/www.w3.org\/2000\/svg\" width=\"10px\" height=\"10px\" viewBox=\"0 0 24 24\" version=\"1.2\" baseProfile=\"tiny\"><path d=\"M18.2 9.3l-6.2-6.3-6.2 6.3c-.2.2-.3.4-.3.7s.1.5.3.7c.2.2.4.3.7.3h11c.3 0 .5-.1.7-.3.2-.2.3-.5.3-.7s-.1-.5-.3-.7zM5.8 14.7l6.2 6.3 6.2-6.3c.2-.2.3-.5.3-.7s-.1-.5-.3-.7c-.2-.2-.4-.3-.7-.3h-11c-.3 0-.5.1-.7.3-.2.2-.3.5-.3.7s.1.5.3.7z\"\/><\/svg><\/span><\/span><\/span><\/a><\/span><\/div>\n<nav><ul class='ez-toc-list ez-toc-list-level-1 ' ><li class='ez-toc-page-1 ez-toc-heading-level-2'><a class=\"ez-toc-link ez-toc-heading-1\" href=\"https:\/\/www.grupomedcof.com.br\/blog\/a-hipertensao-arterial-sistemica-na-infancia-como-tratar\/#Definicao\" >Defini\u00e7\u00e3o<\/a><\/li><li class='ez-toc-page-1 ez-toc-heading-level-2'><a class=\"ez-toc-link ez-toc-heading-2\" href=\"https:\/\/www.grupomedcof.com.br\/blog\/a-hipertensao-arterial-sistemica-na-infancia-como-tratar\/#Classificacao\" >Classifica\u00e7\u00e3o<\/a><\/li><li class='ez-toc-page-1 ez-toc-heading-level-2'><a class=\"ez-toc-link ez-toc-heading-3\" href=\"https:\/\/www.grupomedcof.com.br\/blog\/a-hipertensao-arterial-sistemica-na-infancia-como-tratar\/#Rastreamento\" >Rastreamento<\/a><\/li><li class='ez-toc-page-1 ez-toc-heading-level-2'><a class=\"ez-toc-link ez-toc-heading-4\" href=\"https:\/\/www.grupomedcof.com.br\/blog\/a-hipertensao-arterial-sistemica-na-infancia-como-tratar\/#Tecnica_de_Afericao_de_PA_em_criancas\" >T\u00e9cnica de Aferi\u00e7\u00e3o de PA em crian\u00e7as<\/a><\/li><li class='ez-toc-page-1 ez-toc-heading-level-2'><a class=\"ez-toc-link ez-toc-heading-5\" href=\"https:\/\/www.grupomedcof.com.br\/blog\/a-hipertensao-arterial-sistemica-na-infancia-como-tratar\/#Avaliacao\" >Avalia\u00e7\u00e3o<\/a><\/li><li class='ez-toc-page-1 ez-toc-heading-level-2'><a class=\"ez-toc-link ez-toc-heading-6\" href=\"https:\/\/www.grupomedcof.com.br\/blog\/a-hipertensao-arterial-sistemica-na-infancia-como-tratar\/#Vamos_praticar\" >Vamos praticar!<\/a><ul class='ez-toc-list-level-3' ><li class='ez-toc-heading-level-3'><a class=\"ez-toc-link ez-toc-heading-7\" href=\"https:\/\/www.grupomedcof.com.br\/blog\/a-hipertensao-arterial-sistemica-na-infancia-como-tratar\/#E_se_der_alterado\" >E se der alterado?<\/a><\/li><li class='ez-toc-page-1 ez-toc-heading-level-3'><a class=\"ez-toc-link ez-toc-heading-8\" href=\"https:\/\/www.grupomedcof.com.br\/blog\/a-hipertensao-arterial-sistemica-na-infancia-como-tratar\/#Classificacao-2\" >Classifica\u00e7\u00e3o<\/a><\/li><li class='ez-toc-page-1 ez-toc-heading-level-3'><a class=\"ez-toc-link ez-toc-heading-9\" href=\"https:\/\/www.grupomedcof.com.br\/blog\/a-hipertensao-arterial-sistemica-na-infancia-como-tratar\/#Diagnostico\" >Diagn\u00f3stico<\/a><\/li><li class='ez-toc-page-1 ez-toc-heading-level-3'><a class=\"ez-toc-link ez-toc-heading-10\" href=\"https:\/\/www.grupomedcof.com.br\/blog\/a-hipertensao-arterial-sistemica-na-infancia-como-tratar\/#Exames_complementares\" >Exames complementares<\/a><\/li><\/ul><\/li><li class='ez-toc-page-1 ez-toc-heading-level-2'><a class=\"ez-toc-link ez-toc-heading-11\" href=\"https:\/\/www.grupomedcof.com.br\/blog\/a-hipertensao-arterial-sistemica-na-infancia-como-tratar\/#Conheca_o_MedCof\" >Conhe\u00e7a o MedCof<\/a><\/li><\/ul><\/nav><\/div>\n\n<figure class=\"wp-block-gallery has-nested-images columns-default is-cropped wp-block-gallery-1 is-layout-flex wp-block-gallery-is-layout-flex\">\n<figure class=\"wp-block-image size-large\"><img loading=\"lazy\" decoding=\"async\" width=\"1024\" height=\"576\" data-id=\"26812\" src=\"https:\/\/www.grupomedcof.com.br\/blog\/wp-content\/uploads\/2024\/06\/Blog-MedCof-4-2-1024x576.png\" alt=\"\" class=\"wp-image-26812\" srcset=\"https:\/\/www.grupomedcof.com.br\/blog\/wp-content\/uploads\/2024\/06\/Blog-MedCof-4-2-1024x576.png 1024w, https:\/\/www.grupomedcof.com.br\/blog\/wp-content\/uploads\/2024\/06\/Blog-MedCof-4-2-300x169.png 300w, https:\/\/www.grupomedcof.com.br\/blog\/wp-content\/uploads\/2024\/06\/Blog-MedCof-4-2-768x432.png 768w, https:\/\/www.grupomedcof.com.br\/blog\/wp-content\/uploads\/2024\/06\/Blog-MedCof-4-2-1536x864.png 1536w, https:\/\/www.grupomedcof.com.br\/blog\/wp-content\/uploads\/2024\/06\/Blog-MedCof-4-2-2048x1152.png 2048w, https:\/\/www.grupomedcof.com.br\/blog\/wp-content\/uploads\/2024\/06\/Blog-MedCof-4-2-747x420.png 747w, https:\/\/www.grupomedcof.com.br\/blog\/wp-content\/uploads\/2024\/06\/Blog-MedCof-4-2-150x84.png 150w, https:\/\/www.grupomedcof.com.br\/blog\/wp-content\/uploads\/2024\/06\/Blog-MedCof-4-2-696x392.png 696w, https:\/\/www.grupomedcof.com.br\/blog\/wp-content\/uploads\/2024\/06\/Blog-MedCof-4-2-1068x601.png 1068w, https:\/\/www.grupomedcof.com.br\/blog\/wp-content\/uploads\/2024\/06\/Blog-MedCof-4-2-1920x1080.png 1920w\" sizes=\"auto, (max-width: 1024px) 100vw, 1024px\" \/><\/figure>\n<\/figure>\n\n\n\n<p>Devido ao aumento de sobrepeso e obesidade na popula\u00e7\u00e3o pedi\u00e1trica, houve aumento de hipertens\u00e3o essencial nessa faixa et\u00e1ria, sendo, portanto, important\u00edssimo o dom\u00ednio sobre o tema.<\/p>\n\n\n\n<p>Nesse post vamos abordar sobre a defini\u00e7\u00e3o, rastreamento e como \u00e9 feito o diagn\u00f3stico da Hipertens\u00e3o na popula\u00e7\u00e3o pedi\u00e1trica.<\/p>\n\n\n\n<h2 class=\"wp-block-heading\" id=\"h-definicao\"><span class=\"ez-toc-section\" id=\"Definicao\"><\/span><strong>Defini\u00e7\u00e3o<\/strong><span class=\"ez-toc-section-end\"><\/span><\/h2>\n\n\n\n<p>A <strong>Hipertens\u00e3o Arterial Sist\u00eamica (HAS)<\/strong> na inf\u00e2ncia e adolesc\u00eancia \u00e9 definida por uma Press\u00e3o Arterial Sist\u00f3lica (PAS) e\/ou Press\u00e3o Arterial Diast\u00f3lica (PAD) \u2265 Percentil 95 para sexo, idade e percentil da estatura em <strong>tr\u00eas ou mais<\/strong> ocasi\u00f5es diferentes.<\/p>\n\n\n\n<h2 class=\"wp-block-heading\"><span class=\"ez-toc-section\" id=\"Classificacao\"><\/span><strong>Classifica\u00e7\u00e3o<\/strong><span class=\"ez-toc-section-end\"><\/span><\/h2>\n\n\n\n<p>A classifica\u00e7\u00e3o desta condi\u00e7\u00e3o \u00e9 muito importante, pois ela vai orientar o fluxo de investiga\u00e7\u00e3o e tratamento das crian\u00e7as diagnosticadas.<\/p>\n\n\n\n<h2 class=\"wp-block-heading\"><span class=\"ez-toc-section\" id=\"Rastreamento\"><\/span><strong>Rastreamento<\/strong><span class=\"ez-toc-section-end\"><\/span><\/h2>\n\n\n\n<p>A Press\u00e3o Arterial (PA) deve ser aferida <strong>anualmente<\/strong> em crian\u00e7as <strong>a partir dos 3 anos<\/strong> de idade, caso ela n\u00e3o tenha fator de risco.<\/p>\n\n\n\n<p>Na vig\u00eancia de algum <strong>fator de risco,<\/strong> em crian\u00e7as a partir de 3 anos, a PA deve ser aferida em <strong>todas as consultas.<\/strong><\/p>\n\n\n\n<p><strong>Fique de olho nos fatores de risco!<\/strong><\/p>\n\n\n\n<ul class=\"wp-block-list\">\n<li>Obesidade;<\/li>\n\n\n\n<li>Diabetes;<\/li>\n\n\n\n<li>Doen\u00e7a renal;<\/li>\n\n\n\n<li>Hist\u00f3ria de obstru\u00e7\u00e3o do arco a\u00f3rtico ou coarcta\u00e7\u00e3o;<\/li>\n\n\n\n<li>Uso de medicamentos que podem aumentar a PA;<\/li>\n<\/ul>\n\n\n\n<p>Deve-se aferir a press\u00e3o arterial <strong>antes dos 3 anos de idade em todas as consultas se:<\/strong><\/p>\n\n\n\n<ul class=\"wp-block-list\">\n<li>Hist\u00f3rico neonatal:\n<ul class=\"wp-block-list\">\n<li>Prematuros &lt;32 semanas<\/li>\n\n\n\n<li>Muito baixo peso ao nascer<\/li>\n\n\n\n<li>Cateterismo umbilical<\/li>\n\n\n\n<li>Outras complica\u00e7\u00f5es no per\u00edodo neonatal requerendo interna\u00e7\u00e3o em UTI<\/li>\n<\/ul>\n<\/li>\n\n\n\n<li>Doen\u00e7as card\u00edacas: Cardiopatia cong\u00eanita (corrigida ou n\u00e3o)<\/li>\n\n\n\n<li>Doen\u00e7as renais\n<ul class=\"wp-block-list\">\n<li>ITU de repeti\u00e7\u00e3o;<\/li>\n\n\n\n<li>Hemat\u00faria ou protein\u00faria;<\/li>\n\n\n\n<li>Doen\u00e7a renal conhecida;<\/li>\n\n\n\n<li>Malforma\u00e7\u00e3o urol\u00f3gica<\/li>\n\n\n\n<li>Hist\u00f3ria familiar de doen\u00e7a renal cong\u00eanita<\/li>\n<\/ul>\n<\/li>\n\n\n\n<li>Transplantes\n<ul class=\"wp-block-list\">\n<li>\u00d3rg\u00e3os s\u00f3lidos<\/li>\n\n\n\n<li>Medula \u00f3ssea<\/li>\n<\/ul>\n<\/li>\n\n\n\n<li>Outros &#8211; Neoplasia<\/li>\n\n\n\n<li>Tratamento com drogas que sabidamente aumentam a PA<\/li>\n\n\n\n<li>Outras doen\u00e7as associadas \u00e0 Hipertens\u00e3o\n<ul class=\"wp-block-list\">\n<li>Neurofibromatose<\/li>\n\n\n\n<li>Esclerose tuberosa<\/li>\n\n\n\n<li>Anemia falciforme<\/li>\n<\/ul>\n<\/li>\n\n\n\n<li>Evid\u00eancia de aumento da press\u00e3o intracraniana<\/li>\n<\/ul>\n\n\n\n<h2 class=\"wp-block-heading\"><span class=\"ez-toc-section\" id=\"Tecnica_de_Afericao_de_PA_em_criancas\"><\/span><strong>T\u00e9cnica de Aferi\u00e7\u00e3o de PA em crian\u00e7as<\/strong><span class=\"ez-toc-section-end\"><\/span><\/h2>\n\n\n\n<p>Para a correta identifica\u00e7\u00e3o e diagn\u00f3stico de hipertens\u00e3o, \u00e9 necess\u00e1rio a aferi\u00e7\u00e3o correta da PA em crian\u00e7as e adolescente, pois a falha nesse m\u00e9todo pode subestimar ou superestimar a PA.<\/p>\n\n\n\n<p>Portanto, voc\u00ea deve estar atento a posi\u00e7\u00e3o da crian\u00e7a, tempo de repouso (&gt; 5 minutos), bexiga vazia, e sele\u00e7\u00e3o do <strong>manguito adequado. Sempre que poss\u00edvel, deve-se aferir no bra\u00e7o direito ao n\u00edvel do cora\u00e7\u00e3o!<\/strong><\/p>\n\n\n\n<p><strong>Como selecionar o manguito adequado?<\/strong> O manguito ideal deve ter uma c\u00e2mara de ar com largura correspondente a <strong>40% <\/strong>a circunfer\u00eancia braquial (medida no ponto m\u00e9dio da medida do acr\u00f4mio ao ol\u00e9crano) <strong>e comprimento de 80 a 100% da circunfer\u00eancia do braquial.<\/strong><\/p>\n\n\n\n<figure class=\"wp-block-image\"><img decoding=\"async\" src=\"https:\/\/lh7-rt.googleusercontent.com\/docsz\/AD_4nXcrNYAM5TFzB7BNJrjSYQe0GM-gAJpEi-Umfmi6-gugLESrTWotW5dMoTQAoC8fMtyxn6LgX7uDRCRE9-7iPhRR86ezhmYtyd-wZodYw9hpe8Nqu6gUhfQKPOLl5DJ3ISbXZhyM?key=zqlOUPvAgHwl0uKeamCEcmHP\" alt=\"\"\/><figcaption class=\"wp-element-caption\">Fonte: Uptodate, 2023.<\/figcaption><\/figure>\n\n\n\n<h2 class=\"wp-block-heading\"><span class=\"ez-toc-section\" id=\"Avaliacao\"><\/span><strong>Avalia\u00e7\u00e3o<\/strong><span class=\"ez-toc-section-end\"><\/span><\/h2>\n\n\n\n<p>Uma vez aferida a press\u00e3o arterial a avalia\u00e7\u00e3o deve ser realizada a partir da an\u00e1lise dos percentis! Relacionando o percentil de estatura, sexo e idade de cada paciente com a PA aferida.<\/p>\n\n\n\n<p>Portanto, devemos avaliar o gr\u00e1fico para saber se a PA est\u00e1 ou n\u00e3o adequada para a crian\u00e7a.<\/p>\n\n\n\n<h2 class=\"wp-block-heading\" id=\"h-vamos-praticar\"><span class=\"ez-toc-section\" id=\"Vamos_praticar\"><\/span><strong>Vamos praticar!<\/strong><span class=\"ez-toc-section-end\"><\/span><\/h2>\n\n\n\n<p>Jos\u00e9 \u00e9 uma crian\u00e7a de 4 anos, que est\u00e1 no percentil 50 de estatura, e est\u00e1 com uma PA de 108&#215;66 mmHg, e sua m\u00e3e disse que nunca se preocupou por ser baixa. Essa preocupa\u00e7\u00e3o retrata a realidade?<\/p>\n\n\n\n<p><img loading=\"lazy\" decoding=\"async\" width=\"624\" height=\"451\" src=\"https:\/\/lh7-rt.googleusercontent.com\/docsz\/AD_4nXe81hJ4fh88bABZlWJg44tYCnufDGbf4AY5erZgLaTT-C0RcPMs6cueMk52HX5MC_X3_CgHJWVUMdPWY0M15pJKCc5SK8AS9kMoje9_61clpozegC5PQBXognl3JD3exGXN3-8lFw?key=zqlOUPvAgHwl0uKeamCEcmHP\"><\/p>\n\n\n\n<p>R \u2192 Quando colocamos as informa\u00e7\u00f5es do texto no gr\u00e1fico, podemos ver que a press\u00e3o de Jos\u00e9 est\u00e1 no percentil 95, estando sim alterada!<\/p>\n\n\n\n<h3 class=\"wp-block-heading\"><span class=\"ez-toc-section\" id=\"E_se_der_alterado\"><\/span><strong>E se der alterado?<\/strong><span class=\"ez-toc-section-end\"><\/span><\/h3>\n\n\n\n<p>Se quando for feita a aferi\u00e7\u00e3o da PA o percentil encontrado for maior ou igual ao p90, a aferi\u00e7\u00e3o deve ser feita por mais 2 vezes, e ap\u00f3s isso, calcular a m\u00e9dia das 3 medidas e avaliar no gr\u00e1fico.<\/p>\n\n\n\n<p><strong>Preste aten\u00e7\u00e3o!<\/strong> O diagn\u00f3stico de HAS \u00e9 mais precisa a partir de 1 ano de idade, em beb\u00eas deve-se utilizar a tabela espec\u00edfica pela Idade Gestacional corrigida, mesmo sem tanta precis\u00e3o.<\/p>\n\n\n\n<h3 class=\"wp-block-heading\"><span class=\"ez-toc-section\" id=\"Classificacao-2\"><\/span><strong>Classifica\u00e7\u00e3o<\/strong><span class=\"ez-toc-section-end\"><\/span><\/h3>\n\n\n\n<p>Ent\u00e3o, a partir da avalia\u00e7\u00e3o da press\u00e3o, \u00e9 necess\u00e1rio que que classifique a partir do percentil encontrado, pois ir\u00e1 mudar o seguimento e tratamento desta crian\u00e7a:<\/p>\n\n\n\n<ul class=\"wp-block-list\">\n<li>Normal se &lt; p90;<\/li>\n\n\n\n<li>PA elevada se \u2265 p90 e &lt;p95, ou 120&#215;80 mmHg;<\/li>\n\n\n\n<li>HAS est\u00e1gio 1 se \u2265 p95 e &lt; p95 + 12mmHg;<\/li>\n\n\n\n<li>HAS est\u00e1gio 2 se \u2265 p95 + 12 mmHg;<\/li>\n<\/ul>\n\n\n\n<p>** Lembrando que essa classifica\u00e7\u00e3o \u00e9 v\u00e1lida para crian\u00e7as de 1 a 13 anos.<\/p>\n\n\n\n<h3 class=\"wp-block-heading\"><span class=\"ez-toc-section\" id=\"Diagnostico\"><\/span><strong>Diagn\u00f3stico<\/strong><span class=\"ez-toc-section-end\"><\/span><\/h3>\n\n\n\n<p>Uma vez identificada a altera\u00e7\u00e3o press\u00f3rica em crian\u00e7as \u00e9 necess\u00e1rio fazer uma avalia\u00e7\u00e3o minuciosa na <strong>hist\u00f3ria e exame f\u00edsico<\/strong> para <strong>causas secund\u00e1rias<\/strong>, visto que a preval\u00eancia de <strong>hipertens\u00e3o secund\u00e1ria \u00e9 maior em crian\u00e7as que em adultos.<\/strong><\/p>\n\n\n\n<p>Portanto, <strong>pode-se DISPENSAR<\/strong> uma avalia\u00e7\u00e3o extensa para <strong>causas secund\u00e1rias<\/strong> se a crian\u00e7a for <strong>maior que 6 anos, possui sobrepeso\/obesidade, tem hist\u00f3ria familiar positiva para hipertens\u00e3o e possui o predom\u00ednio de eleva\u00e7\u00e3o da PAS.<\/strong><\/p>\n\n\n\n<p><strong>Fique de olho nas principais causas secund\u00e1rias:<\/strong>&nbsp;<\/p>\n\n\n\n<ul class=\"wp-block-list\">\n<li>Trombose da art\u00e9ria renal;&nbsp;<\/li>\n\n\n\n<li>Estenose de art\u00e9ria renal;&nbsp;<\/li>\n\n\n\n<li>Malforma\u00e7\u00f5es e doen\u00e7as do par\u00eanquima renal;&nbsp;<\/li>\n\n\n\n<li>Coarcta\u00e7\u00e3o de aorta;&nbsp;<\/li>\n\n\n\n<li>Displasia broncopulmonar;<\/li>\n\n\n\n<li>Hipertireoidismo;&nbsp;<\/li>\n\n\n\n<li>Feocromocitoma;&nbsp;<\/li>\n\n\n\n<li>Neoplasias: Neuroblastoma, Tumor de Wilms.<\/li>\n<\/ul>\n\n\n\n<h3 class=\"wp-block-heading\"><span class=\"ez-toc-section\" id=\"Exames_complementares\"><\/span><strong>Exames complementares<\/strong><span class=\"ez-toc-section-end\"><\/span><\/h3>\n\n\n\n<p>Os exames complementares s\u00e3o utilizados para confirmar diagn\u00f3stico, principalmente nos quadros que n\u00e3o est\u00e3o t\u00e3o claros, para identificar causas secund\u00e1rias ou investigar altera\u00e7\u00f5es em \u00f3rg\u00e3o alvo.<\/p>\n\n\n\n<p>Exames laboratoriais para avaliar a <strong>fun\u00e7\u00e3o renal, urina 1, urocultura, eletr\u00f3litos, \u00e1cido \u00farico, hemograma, perfil lip\u00eddico e glicemia<\/strong> devem ser solicitados para <strong>todos<\/strong> os pacientes em investiga\u00e7\u00e3o de HAS secund\u00e1ria.<\/p>\n\n\n\n<p>Para pacientes <strong>obesos<\/strong>, deve-se tamb\u00e9m realizar avalia\u00e7\u00e3o metab\u00f3lica como perfil lip\u00eddico em jejum, hemoglobina glicada e transaminases.<\/p>\n\n\n\n<p>A <strong>ultrassonografia renal<\/strong> est\u00e1 indicada para menores de 6 anos ou naqueles que tiverem urina 1 ou fun\u00e7\u00e3o renal alteradas.<\/p>\n\n\n\n<p>Na investiga\u00e7\u00e3o de causas espec\u00edficas pode-se solicitar polissonografia, ecocardiograma, screening para drogas, entre outros.<\/p>\n\n\n\n<p>Agora voc\u00ea j\u00e1 sabe as indica\u00e7\u00f5es de rastreamento, como diagnosticar e investigar as causas de hipertens\u00e3o arterial na inf\u00e2ncia! Continue nos acompanhando no blog para ficar por dentro de tudo que voc\u00ea precisa saber para ser um profissional atualizado!<\/p>\n\n\n\n<p><strong>Refer\u00eancias: <\/strong>Sociedade Brasileira de Pediatria (SBP). Departamento Cient\u00edfico de Nefrologia. Hipertens\u00e3o arterial na inf\u00e2ncia e adolesc\u00eancia. n\u00b02. Sociedade Brasileira de Pediatria. abr. 2019<\/p>\n\n\n\n<p>Flynn, JT. Ambulatory blood pressure monitoring in children. UpToDate. <em>Acessado em 18 de julho de 2023.<\/em><\/p>\n\n\n\n<p>Mattoo, TJ. Evaluation of hypertension in children and adolescents. UpToDate. <em>Acessado em 18 de julho de 2023.<\/em>Mattoo, TJ. Definition and diagnosis of hypertension in children and adolescents. UpToDate. <em>Acessado em 18 de julho de 2023.<\/em><\/p>\n\n\n\n<h2 class=\"wp-block-heading\" id=\"h-conheca-o-medcof\"><span class=\"ez-toc-section\" id=\"Conheca_o_MedCof\"><\/span><strong>Conhe\u00e7a o MedCof<\/strong><span class=\"ez-toc-section-end\"><\/span><\/h2>\n\n\n\n<p>Continue acompanhando nossos posts sobre os principais temas da medicina e mantenha-se atualizado explorando novos conhecimentos. Al\u00e9m de v\u00eddeo aulas e lives com \u00f3timos conte\u00fados, tamb\u00e9m temos plataformas que otimizam seu tempo!<\/p>\n\n\n\n<figure class=\"wp-block-embed is-type-video is-provider-youtube wp-block-embed-youtube wp-embed-aspect-16-9 wp-has-aspect-ratio\"><div class=\"wp-block-embed__wrapper\">\n<div class=\"youtube-embed\" data-video_id=\"vN5tAcnrBSY\"><iframe loading=\"lazy\" title=\"A plataforma mais completa para sua prepara\u00e7\u00e3o para a resid\u00eancia m\u00e9dica\" width=\"696\" height=\"392\" src=\"https:\/\/www.youtube.com\/embed\/vN5tAcnrBSY?feature=oembed&#038;enablejsapi=1\" frameborder=\"0\" allow=\"accelerometer; autoplay; clipboard-write; encrypted-media; gyroscope; picture-in-picture; web-share\" referrerpolicy=\"strict-origin-when-cross-origin\" allowfullscreen><\/iframe><\/div>\n<\/div><\/figure>\n\n\n\n<p><\/p>\n\n\n\n<p><\/p>\n\n\n\n<p><\/p>\n","protected":false},"excerpt":{"rendered":"<p>A hipertens\u00e3o na inf\u00e2ncia ocorre quando a crian\u00e7a tem valores de press\u00e3o arterial superiores a P95 em tr\u00eas ou mais ocasi\u00f5es diferentes. <\/p>\n","protected":false},"author":18,"featured_media":26812,"comment_status":"open","ping_status":"open","sticky":false,"template":"","format":"standard","meta":{"footnotes":""},"categories":[120],"tags":[132,133,1455,109,1457,3020],"ppma_author":[3611],"class_list":{"0":"post-26803","1":"post","2":"type-post","3":"status-publish","4":"format-standard","5":"has-post-thumbnail","7":"category-pediatria","8":"tag-has","9":"tag-hipertensao-arterial-sistemica","10":"tag-infancia","11":"tag-pediatria","12":"tag-pressao","13":"tag-revisado-por-camilla-castro"},"yoast_head":"<!-- This site is optimized with the Yoast SEO Premium plugin v24.3 (Yoast SEO v27.4) - https:\/\/yoast.com\/product\/yoast-seo-premium-wordpress\/ -->\n<title>Saiba tudo sobre Hipertens\u00e3o Arterial Sist\u00eamica (HAS) em Crian\u00e7as<\/title>\n<meta name=\"description\" content=\"A hipertens\u00e3o na inf\u00e2ncia ocorre quando a crian\u00e7a tem valores de press\u00e3o arterial superiores a P95 em tr\u00eas ou mais ocasi\u00f5es diferentes.\" \/>\n<meta name=\"robots\" content=\"index, follow, max-snippet:-1, max-image-preview:large, max-video-preview:-1\" \/>\n<link rel=\"canonical\" href=\"https:\/\/www.grupomedcof.com.br\/blog\/a-hipertensao-arterial-sistemica-na-infancia-como-tratar\/\" \/>\n<meta property=\"og:locale\" content=\"pt_BR\" \/>\n<meta property=\"og:type\" content=\"article\" \/>\n<meta property=\"og:title\" content=\"Hipertens\u00e3o Arterial Sist\u00eamica (HAS) em Crian\u00e7as: Defini\u00e7\u00e3o, rastreamento e diagn\u00f3stico!\" \/>\n<meta property=\"og:description\" content=\"A hipertens\u00e3o na inf\u00e2ncia ocorre quando a crian\u00e7a tem valores de press\u00e3o arterial superiores a P95 em tr\u00eas ou mais ocasi\u00f5es diferentes.\" \/>\n<meta property=\"og:url\" content=\"https:\/\/www.grupomedcof.com.br\/blog\/a-hipertensao-arterial-sistemica-na-infancia-como-tratar\/\" \/>\n<meta property=\"og:site_name\" content=\"Blog de Medcof: conte\u00fados, editais, revalida e mais!\" \/>\n<meta property=\"article:publisher\" content=\"https:\/\/www.facebook.com\/MedCofQbank\/\" \/>\n<meta property=\"article:published_time\" content=\"2024-06-18T19:36:41+00:00\" \/>\n<meta property=\"article:modified_time\" content=\"2025-12-22T14:24:09+00:00\" \/>\n<meta property=\"og:image\" content=\"https:\/\/www.grupomedcof.com.br\/blog\/wp-content\/uploads\/2024\/06\/Blog-MedCof-4-2-1024x576.png\" \/>\n\t<meta property=\"og:image:width\" content=\"1024\" \/>\n\t<meta property=\"og:image:height\" content=\"576\" \/>\n\t<meta property=\"og:image:type\" content=\"image\/png\" \/>\n<meta name=\"author\" content=\"Leila Menzel\" \/>\n<meta name=\"twitter:card\" content=\"summary_large_image\" \/>\n<meta name=\"twitter:label1\" content=\"Escrito por\" \/>\n\t<meta name=\"twitter:data1\" content=\"Leila Menzel\" \/>\n\t<meta name=\"twitter:label2\" content=\"Est. tempo de leitura\" \/>\n\t<meta name=\"twitter:data2\" content=\"7 minutos\" \/>\n<script type=\"application\/ld+json\" class=\"yoast-schema-graph\">{\"@context\":\"https:\\\/\\\/schema.org\",\"@graph\":[{\"@type\":\"Article\",\"@id\":\"https:\\\/\\\/www.grupomedcof.com.br\\\/blog\\\/a-hipertensao-arterial-sistemica-na-infancia-como-tratar\\\/#article\",\"isPartOf\":{\"@id\":\"https:\\\/\\\/www.grupomedcof.com.br\\\/blog\\\/a-hipertensao-arterial-sistemica-na-infancia-como-tratar\\\/\"},\"author\":{\"name\":\"Leila Menzel\",\"@id\":\"https:\\\/\\\/www.grupomedcof.com.br\\\/blog\\\/#\\\/schema\\\/person\\\/2a5527209c17e7eb35bd6a4ebd5c7956\"},\"headline\":\"Hipertens\u00e3o Arterial Sist\u00eamica (HAS) em Crian\u00e7as: Defini\u00e7\u00e3o, rastreamento e diagn\u00f3stico!\",\"datePublished\":\"2024-06-18T19:36:41+00:00\",\"dateModified\":\"2025-12-22T14:24:09+00:00\",\"mainEntityOfPage\":{\"@id\":\"https:\\\/\\\/www.grupomedcof.com.br\\\/blog\\\/a-hipertensao-arterial-sistemica-na-infancia-como-tratar\\\/\"},\"wordCount\":1177,\"commentCount\":0,\"publisher\":{\"@id\":\"https:\\\/\\\/www.grupomedcof.com.br\\\/blog\\\/#organization\"},\"image\":{\"@id\":\"https:\\\/\\\/www.grupomedcof.com.br\\\/blog\\\/a-hipertensao-arterial-sistemica-na-infancia-como-tratar\\\/#primaryimage\"},\"thumbnailUrl\":\"https:\\\/\\\/www.grupomedcof.com.br\\\/blog\\\/wp-content\\\/uploads\\\/2024\\\/06\\\/Blog-MedCof-4-2.png\",\"keywords\":[\"HAS\",\"Hipertens\u00e3o Arterial Sist\u00eamica\",\"Inf\u00e2ncia\",\"Pediatria\",\"Press\u00e3o\",\"Revisado por: Camilla Castro\"],\"articleSection\":[\"Pediatria\"],\"inLanguage\":\"pt-BR\"},{\"@type\":\"WebPage\",\"@id\":\"https:\\\/\\\/www.grupomedcof.com.br\\\/blog\\\/a-hipertensao-arterial-sistemica-na-infancia-como-tratar\\\/\",\"url\":\"https:\\\/\\\/www.grupomedcof.com.br\\\/blog\\\/a-hipertensao-arterial-sistemica-na-infancia-como-tratar\\\/\",\"name\":\"Saiba tudo sobre Hipertens\u00e3o Arterial Sist\u00eamica (HAS) em Crian\u00e7as\",\"isPartOf\":{\"@id\":\"https:\\\/\\\/www.grupomedcof.com.br\\\/blog\\\/#website\"},\"primaryImageOfPage\":{\"@id\":\"https:\\\/\\\/www.grupomedcof.com.br\\\/blog\\\/a-hipertensao-arterial-sistemica-na-infancia-como-tratar\\\/#primaryimage\"},\"image\":{\"@id\":\"https:\\\/\\\/www.grupomedcof.com.br\\\/blog\\\/a-hipertensao-arterial-sistemica-na-infancia-como-tratar\\\/#primaryimage\"},\"thumbnailUrl\":\"https:\\\/\\\/www.grupomedcof.com.br\\\/blog\\\/wp-content\\\/uploads\\\/2024\\\/06\\\/Blog-MedCof-4-2.png\",\"datePublished\":\"2024-06-18T19:36:41+00:00\",\"dateModified\":\"2025-12-22T14:24:09+00:00\",\"description\":\"A hipertens\u00e3o na inf\u00e2ncia ocorre quando a crian\u00e7a tem valores de press\u00e3o arterial superiores a P95 em tr\u00eas ou mais ocasi\u00f5es diferentes.\",\"breadcrumb\":{\"@id\":\"https:\\\/\\\/www.grupomedcof.com.br\\\/blog\\\/a-hipertensao-arterial-sistemica-na-infancia-como-tratar\\\/#breadcrumb\"},\"inLanguage\":\"pt-BR\",\"potentialAction\":[{\"@type\":\"ReadAction\",\"target\":[\"https:\\\/\\\/www.grupomedcof.com.br\\\/blog\\\/a-hipertensao-arterial-sistemica-na-infancia-como-tratar\\\/\"]}]},{\"@type\":\"ImageObject\",\"inLanguage\":\"pt-BR\",\"@id\":\"https:\\\/\\\/www.grupomedcof.com.br\\\/blog\\\/a-hipertensao-arterial-sistemica-na-infancia-como-tratar\\\/#primaryimage\",\"url\":\"https:\\\/\\\/www.grupomedcof.com.br\\\/blog\\\/wp-content\\\/uploads\\\/2024\\\/06\\\/Blog-MedCof-4-2.png\",\"contentUrl\":\"https:\\\/\\\/www.grupomedcof.com.br\\\/blog\\\/wp-content\\\/uploads\\\/2024\\\/06\\\/Blog-MedCof-4-2.png\",\"width\":2560,\"height\":1440},{\"@type\":\"BreadcrumbList\",\"@id\":\"https:\\\/\\\/www.grupomedcof.com.br\\\/blog\\\/a-hipertensao-arterial-sistemica-na-infancia-como-tratar\\\/#breadcrumb\",\"itemListElement\":[{\"@type\":\"ListItem\",\"position\":1,\"name\":\"In\u00edcio\",\"item\":\"https:\\\/\\\/www.grupomedcof.com.br\\\/blog\\\/\"},{\"@type\":\"ListItem\",\"position\":2,\"name\":\"Hipertens\u00e3o Arterial Sist\u00eamica (HAS) em Crian\u00e7as: Defini\u00e7\u00e3o, rastreamento e diagn\u00f3stico!\"}]},{\"@type\":\"WebSite\",\"@id\":\"https:\\\/\\\/www.grupomedcof.com.br\\\/blog\\\/#website\",\"url\":\"https:\\\/\\\/www.grupomedcof.com.br\\\/blog\\\/\",\"name\":\"Blog de Medcof: conte\u00fados, editais, revalida e mais!\",\"description\":\"Acesso o blog de MedCof! Seu portal de conte\u00fados sobre resid\u00eancia m\u00e9dica, an\u00e1lise e editais e muito mais. Clique e confira!\",\"publisher\":{\"@id\":\"https:\\\/\\\/www.grupomedcof.com.br\\\/blog\\\/#organization\"},\"alternateName\":\"Blog de Medcof: conte\u00fados, editais, revalida e mais!\",\"potentialAction\":[{\"@type\":\"SearchAction\",\"target\":{\"@type\":\"EntryPoint\",\"urlTemplate\":\"https:\\\/\\\/www.grupomedcof.com.br\\\/blog\\\/?s={search_term_string}\"},\"query-input\":{\"@type\":\"PropertyValueSpecification\",\"valueRequired\":true,\"valueName\":\"search_term_string\"}}],\"inLanguage\":\"pt-BR\"},{\"@type\":\"Organization\",\"@id\":\"https:\\\/\\\/www.grupomedcof.com.br\\\/blog\\\/#organization\",\"name\":\"Grupo MedCof\",\"url\":\"https:\\\/\\\/www.grupomedcof.com.br\\\/blog\\\/\",\"logo\":{\"@type\":\"ImageObject\",\"inLanguage\":\"pt-BR\",\"@id\":\"https:\\\/\\\/www.grupomedcof.com.br\\\/blog\\\/#\\\/schema\\\/logo\\\/image\\\/\",\"url\":\"https:\\\/\\\/www.grupomedcof.com.br\\\/blog\\\/wp-content\\\/uploads\\\/2022\\\/01\\\/logo-medcof.png\",\"contentUrl\":\"https:\\\/\\\/www.grupomedcof.com.br\\\/blog\\\/wp-content\\\/uploads\\\/2022\\\/01\\\/logo-medcof.png\",\"width\":768,\"height\":269,\"caption\":\"Grupo MedCof\"},\"image\":{\"@id\":\"https:\\\/\\\/www.grupomedcof.com.br\\\/blog\\\/#\\\/schema\\\/logo\\\/image\\\/\"},\"sameAs\":[\"https:\\\/\\\/www.facebook.com\\\/MedCofQbank\\\/\",\"https:\\\/\\\/www.instagram.com\\\/grupomedcof\\\/\",\"https:\\\/\\\/br.linkedin.com\\\/company\\\/medcof\",\"https:\\\/\\\/www.youtube.com\\\/channel\\\/UCdHMuOHKICxcHwecxN8P-AA\"]},{\"@type\":\"Person\",\"@id\":\"https:\\\/\\\/www.grupomedcof.com.br\\\/blog\\\/#\\\/schema\\\/person\\\/2a5527209c17e7eb35bd6a4ebd5c7956\",\"name\":\"Leila Menzel\",\"image\":{\"@type\":\"ImageObject\",\"inLanguage\":\"pt-BR\",\"@id\":\"https:\\\/\\\/www.grupomedcof.com.br\\\/blog\\\/wp-content\\\/uploads\\\/2023\\\/04\\\/cropped-cropped-cropped-logo-96x96.png15459389df217b605b4f0cce419ac81a\",\"url\":\"https:\\\/\\\/www.grupomedcof.com.br\\\/blog\\\/wp-content\\\/uploads\\\/2023\\\/04\\\/cropped-cropped-cropped-logo-96x96.png\",\"contentUrl\":\"https:\\\/\\\/www.grupomedcof.com.br\\\/blog\\\/wp-content\\\/uploads\\\/2023\\\/04\\\/cropped-cropped-cropped-logo-96x96.png\",\"caption\":\"Leila Menzel\"},\"description\":\"Estudante do 6\u00b0 semestre de jornalismo, amo e escrevo poesias e viajo em livros de romances clich\u00eas.\",\"url\":\"https:\\\/\\\/www.grupomedcof.com.br\\\/blog\\\/author\\\/leila\\\/\"}]}<\/script>\n<!-- \/ Yoast SEO Premium plugin. -->","yoast_head_json":{"title":"Saiba tudo sobre Hipertens\u00e3o Arterial Sist\u00eamica (HAS) em Crian\u00e7as","description":"A hipertens\u00e3o na inf\u00e2ncia ocorre quando a crian\u00e7a tem valores de press\u00e3o arterial superiores a P95 em tr\u00eas ou mais ocasi\u00f5es diferentes.","robots":{"index":"index","follow":"follow","max-snippet":"max-snippet:-1","max-image-preview":"max-image-preview:large","max-video-preview":"max-video-preview:-1"},"canonical":"https:\/\/www.grupomedcof.com.br\/blog\/a-hipertensao-arterial-sistemica-na-infancia-como-tratar\/","og_locale":"pt_BR","og_type":"article","og_title":"Hipertens\u00e3o Arterial Sist\u00eamica (HAS) em Crian\u00e7as: Defini\u00e7\u00e3o, rastreamento e diagn\u00f3stico!","og_description":"A hipertens\u00e3o na inf\u00e2ncia ocorre quando a crian\u00e7a tem valores de press\u00e3o arterial superiores a P95 em tr\u00eas ou mais ocasi\u00f5es diferentes.","og_url":"https:\/\/www.grupomedcof.com.br\/blog\/a-hipertensao-arterial-sistemica-na-infancia-como-tratar\/","og_site_name":"Blog de Medcof: conte\u00fados, editais, revalida e mais!","article_publisher":"https:\/\/www.facebook.com\/MedCofQbank\/","article_published_time":"2024-06-18T19:36:41+00:00","article_modified_time":"2025-12-22T14:24:09+00:00","og_image":[{"width":1024,"height":576,"url":"https:\/\/www.grupomedcof.com.br\/blog\/wp-content\/uploads\/2024\/06\/Blog-MedCof-4-2-1024x576.png","type":"image\/png"}],"author":"Leila Menzel","twitter_card":"summary_large_image","twitter_misc":{"Escrito por":"Leila Menzel","Est. tempo de leitura":"7 minutos"},"schema":{"@context":"https:\/\/schema.org","@graph":[{"@type":"Article","@id":"https:\/\/www.grupomedcof.com.br\/blog\/a-hipertensao-arterial-sistemica-na-infancia-como-tratar\/#article","isPartOf":{"@id":"https:\/\/www.grupomedcof.com.br\/blog\/a-hipertensao-arterial-sistemica-na-infancia-como-tratar\/"},"author":{"name":"Leila Menzel","@id":"https:\/\/www.grupomedcof.com.br\/blog\/#\/schema\/person\/2a5527209c17e7eb35bd6a4ebd5c7956"},"headline":"Hipertens\u00e3o Arterial Sist\u00eamica (HAS) em Crian\u00e7as: Defini\u00e7\u00e3o, rastreamento e diagn\u00f3stico!","datePublished":"2024-06-18T19:36:41+00:00","dateModified":"2025-12-22T14:24:09+00:00","mainEntityOfPage":{"@id":"https:\/\/www.grupomedcof.com.br\/blog\/a-hipertensao-arterial-sistemica-na-infancia-como-tratar\/"},"wordCount":1177,"commentCount":0,"publisher":{"@id":"https:\/\/www.grupomedcof.com.br\/blog\/#organization"},"image":{"@id":"https:\/\/www.grupomedcof.com.br\/blog\/a-hipertensao-arterial-sistemica-na-infancia-como-tratar\/#primaryimage"},"thumbnailUrl":"https:\/\/www.grupomedcof.com.br\/blog\/wp-content\/uploads\/2024\/06\/Blog-MedCof-4-2.png","keywords":["HAS","Hipertens\u00e3o Arterial Sist\u00eamica","Inf\u00e2ncia","Pediatria","Press\u00e3o","Revisado por: Camilla Castro"],"articleSection":["Pediatria"],"inLanguage":"pt-BR"},{"@type":"WebPage","@id":"https:\/\/www.grupomedcof.com.br\/blog\/a-hipertensao-arterial-sistemica-na-infancia-como-tratar\/","url":"https:\/\/www.grupomedcof.com.br\/blog\/a-hipertensao-arterial-sistemica-na-infancia-como-tratar\/","name":"Saiba tudo sobre Hipertens\u00e3o Arterial Sist\u00eamica (HAS) em Crian\u00e7as","isPartOf":{"@id":"https:\/\/www.grupomedcof.com.br\/blog\/#website"},"primaryImageOfPage":{"@id":"https:\/\/www.grupomedcof.com.br\/blog\/a-hipertensao-arterial-sistemica-na-infancia-como-tratar\/#primaryimage"},"image":{"@id":"https:\/\/www.grupomedcof.com.br\/blog\/a-hipertensao-arterial-sistemica-na-infancia-como-tratar\/#primaryimage"},"thumbnailUrl":"https:\/\/www.grupomedcof.com.br\/blog\/wp-content\/uploads\/2024\/06\/Blog-MedCof-4-2.png","datePublished":"2024-06-18T19:36:41+00:00","dateModified":"2025-12-22T14:24:09+00:00","description":"A hipertens\u00e3o na inf\u00e2ncia ocorre quando a crian\u00e7a tem valores de press\u00e3o arterial superiores a P95 em tr\u00eas ou mais ocasi\u00f5es diferentes.","breadcrumb":{"@id":"https:\/\/www.grupomedcof.com.br\/blog\/a-hipertensao-arterial-sistemica-na-infancia-como-tratar\/#breadcrumb"},"inLanguage":"pt-BR","potentialAction":[{"@type":"ReadAction","target":["https:\/\/www.grupomedcof.com.br\/blog\/a-hipertensao-arterial-sistemica-na-infancia-como-tratar\/"]}]},{"@type":"ImageObject","inLanguage":"pt-BR","@id":"https:\/\/www.grupomedcof.com.br\/blog\/a-hipertensao-arterial-sistemica-na-infancia-como-tratar\/#primaryimage","url":"https:\/\/www.grupomedcof.com.br\/blog\/wp-content\/uploads\/2024\/06\/Blog-MedCof-4-2.png","contentUrl":"https:\/\/www.grupomedcof.com.br\/blog\/wp-content\/uploads\/2024\/06\/Blog-MedCof-4-2.png","width":2560,"height":1440},{"@type":"BreadcrumbList","@id":"https:\/\/www.grupomedcof.com.br\/blog\/a-hipertensao-arterial-sistemica-na-infancia-como-tratar\/#breadcrumb","itemListElement":[{"@type":"ListItem","position":1,"name":"In\u00edcio","item":"https:\/\/www.grupomedcof.com.br\/blog\/"},{"@type":"ListItem","position":2,"name":"Hipertens\u00e3o Arterial Sist\u00eamica (HAS) em Crian\u00e7as: Defini\u00e7\u00e3o, rastreamento e diagn\u00f3stico!"}]},{"@type":"WebSite","@id":"https:\/\/www.grupomedcof.com.br\/blog\/#website","url":"https:\/\/www.grupomedcof.com.br\/blog\/","name":"Blog de Medcof: conte\u00fados, editais, revalida e mais!","description":"Acesso o blog de MedCof! Seu portal de conte\u00fados sobre resid\u00eancia m\u00e9dica, an\u00e1lise e editais e muito mais. Clique e confira!","publisher":{"@id":"https:\/\/www.grupomedcof.com.br\/blog\/#organization"},"alternateName":"Blog de Medcof: conte\u00fados, editais, revalida e mais!","potentialAction":[{"@type":"SearchAction","target":{"@type":"EntryPoint","urlTemplate":"https:\/\/www.grupomedcof.com.br\/blog\/?s={search_term_string}"},"query-input":{"@type":"PropertyValueSpecification","valueRequired":true,"valueName":"search_term_string"}}],"inLanguage":"pt-BR"},{"@type":"Organization","@id":"https:\/\/www.grupomedcof.com.br\/blog\/#organization","name":"Grupo MedCof","url":"https:\/\/www.grupomedcof.com.br\/blog\/","logo":{"@type":"ImageObject","inLanguage":"pt-BR","@id":"https:\/\/www.grupomedcof.com.br\/blog\/#\/schema\/logo\/image\/","url":"https:\/\/www.grupomedcof.com.br\/blog\/wp-content\/uploads\/2022\/01\/logo-medcof.png","contentUrl":"https:\/\/www.grupomedcof.com.br\/blog\/wp-content\/uploads\/2022\/01\/logo-medcof.png","width":768,"height":269,"caption":"Grupo MedCof"},"image":{"@id":"https:\/\/www.grupomedcof.com.br\/blog\/#\/schema\/logo\/image\/"},"sameAs":["https:\/\/www.facebook.com\/MedCofQbank\/","https:\/\/www.instagram.com\/grupomedcof\/","https:\/\/br.linkedin.com\/company\/medcof","https:\/\/www.youtube.com\/channel\/UCdHMuOHKICxcHwecxN8P-AA"]},{"@type":"Person","@id":"https:\/\/www.grupomedcof.com.br\/blog\/#\/schema\/person\/2a5527209c17e7eb35bd6a4ebd5c7956","name":"Leila Menzel","image":{"@type":"ImageObject","inLanguage":"pt-BR","@id":"https:\/\/www.grupomedcof.com.br\/blog\/wp-content\/uploads\/2023\/04\/cropped-cropped-cropped-logo-96x96.png15459389df217b605b4f0cce419ac81a","url":"https:\/\/www.grupomedcof.com.br\/blog\/wp-content\/uploads\/2023\/04\/cropped-cropped-cropped-logo-96x96.png","contentUrl":"https:\/\/www.grupomedcof.com.br\/blog\/wp-content\/uploads\/2023\/04\/cropped-cropped-cropped-logo-96x96.png","caption":"Leila Menzel"},"description":"Estudante do 6\u00b0 semestre de jornalismo, amo e escrevo poesias e viajo em livros de romances clich\u00eas.","url":"https:\/\/www.grupomedcof.com.br\/blog\/author\/leila\/"}]}},"authors":[{"term_id":3611,"user_id":18,"is_guest":0,"slug":"leila","display_name":"Leila Menzel","avatar_url":"https:\/\/www.grupomedcof.com.br\/blog\/wp-content\/uploads\/2023\/04\/cropped-cropped-cropped-logo-96x96.png","0":null,"1":"","2":"","3":"","4":"","5":"","6":"","7":"","8":""}],"_links":{"self":[{"href":"https:\/\/www.grupomedcof.com.br\/blog\/wp-json\/wp\/v2\/posts\/26803","targetHints":{"allow":["GET"]}}],"collection":[{"href":"https:\/\/www.grupomedcof.com.br\/blog\/wp-json\/wp\/v2\/posts"}],"about":[{"href":"https:\/\/www.grupomedcof.com.br\/blog\/wp-json\/wp\/v2\/types\/post"}],"author":[{"embeddable":true,"href":"https:\/\/www.grupomedcof.com.br\/blog\/wp-json\/wp\/v2\/users\/18"}],"replies":[{"embeddable":true,"href":"https:\/\/www.grupomedcof.com.br\/blog\/wp-json\/wp\/v2\/comments?post=26803"}],"version-history":[{"count":2,"href":"https:\/\/www.grupomedcof.com.br\/blog\/wp-json\/wp\/v2\/posts\/26803\/revisions"}],"predecessor-version":[{"id":40363,"href":"https:\/\/www.grupomedcof.com.br\/blog\/wp-json\/wp\/v2\/posts\/26803\/revisions\/40363"}],"wp:featuredmedia":[{"embeddable":true,"href":"https:\/\/www.grupomedcof.com.br\/blog\/wp-json\/wp\/v2\/media\/26812"}],"wp:attachment":[{"href":"https:\/\/www.grupomedcof.com.br\/blog\/wp-json\/wp\/v2\/media?parent=26803"}],"wp:term":[{"taxonomy":"category","embeddable":true,"href":"https:\/\/www.grupomedcof.com.br\/blog\/wp-json\/wp\/v2\/categories?post=26803"},{"taxonomy":"post_tag","embeddable":true,"href":"https:\/\/www.grupomedcof.com.br\/blog\/wp-json\/wp\/v2\/tags?post=26803"},{"taxonomy":"author","embeddable":true,"href":"https:\/\/www.grupomedcof.com.br\/blog\/wp-json\/wp\/v2\/ppma_author?post=26803"}],"curies":[{"name":"wp","href":"https:\/\/api.w.org\/{rel}","templated":true}]}}