{"id":26905,"date":"2024-06-21T09:14:08","date_gmt":"2024-06-21T12:14:08","guid":{"rendered":"https:\/\/www.grupomedcof.com.br\/blog\/?p=26905"},"modified":"2024-06-21T09:14:10","modified_gmt":"2024-06-21T12:14:10","slug":"projeto-de-lei-visa-implementar-oab-dos-medicos","status":"publish","type":"post","link":"https:\/\/www.grupomedcof.com.br\/blog\/projeto-de-lei-visa-implementar-oab-dos-medicos\/","title":{"rendered":"Projeto de lei visa implementar &#8220;OAB dos m\u00e9dicos&#8221;"},"content":{"rendered":"<div id=\"ez-toc-container\" class=\"ez-toc-v2_0_74 counter-hierarchy ez-toc-counter ez-toc-transparent ez-toc-container-direction\">\n<div class=\"ez-toc-title-container\">\n<p class=\"ez-toc-title\" style=\"cursor:inherit\">Sum\u00e1rio<\/p>\n<span class=\"ez-toc-title-toggle\"><a href=\"#\" class=\"ez-toc-pull-right ez-toc-btn ez-toc-btn-xs ez-toc-btn-default ez-toc-toggle\" aria-label=\"Alternar tabela de conte\u00fado\"><span class=\"ez-toc-js-icon-con\"><span class=\"\"><span class=\"eztoc-hide\" style=\"display:none;\">Toggle<\/span><span class=\"ez-toc-icon-toggle-span\"><svg style=\"fill: #999;color:#999\" xmlns=\"http:\/\/www.w3.org\/2000\/svg\" class=\"list-377408\" width=\"20px\" height=\"20px\" viewBox=\"0 0 24 24\" fill=\"none\"><path d=\"M6 6H4v2h2V6zm14 0H8v2h12V6zM4 11h2v2H4v-2zm16 0H8v2h12v-2zM4 16h2v2H4v-2zm16 0H8v2h12v-2z\" fill=\"currentColor\"><\/path><\/svg><svg style=\"fill: #999;color:#999\" class=\"arrow-unsorted-368013\" xmlns=\"http:\/\/www.w3.org\/2000\/svg\" width=\"10px\" height=\"10px\" viewBox=\"0 0 24 24\" version=\"1.2\" baseProfile=\"tiny\"><path d=\"M18.2 9.3l-6.2-6.3-6.2 6.3c-.2.2-.3.4-.3.7s.1.5.3.7c.2.2.4.3.7.3h11c.3 0 .5-.1.7-.3.2-.2.3-.5.3-.7s-.1-.5-.3-.7zM5.8 14.7l6.2 6.3 6.2-6.3c.2-.2.3-.5.3-.7s-.1-.5-.3-.7c-.2-.2-.4-.3-.7-.3h-11c-.3 0-.5.1-.7.3-.2.2-.3.5-.3.7s.1.5.3.7z\"\/><\/svg><\/span><\/span><\/span><\/a><\/span><\/div>\n<nav><ul class='ez-toc-list ez-toc-list-level-1 ' ><li class='ez-toc-page-1 ez-toc-heading-level-2'><a class=\"ez-toc-link ez-toc-heading-1\" href=\"https:\/\/www.grupomedcof.com.br\/blog\/projeto-de-lei-visa-implementar-oab-dos-medicos\/#Projetos_de_lei_que_planejam_implementar_o_ENPM\" >Projetos de lei que planejam implementar o ENPM<\/a><\/li><li class='ez-toc-page-1 ez-toc-heading-level-2'><a class=\"ez-toc-link ez-toc-heading-2\" href=\"https:\/\/www.grupomedcof.com.br\/blog\/projeto-de-lei-visa-implementar-oab-dos-medicos\/#SAEME-CFM\" >SAEME-CFM&nbsp;<\/a><\/li><li class='ez-toc-page-1 ez-toc-heading-level-2'><a class=\"ez-toc-link ez-toc-heading-3\" href=\"https:\/\/www.grupomedcof.com.br\/blog\/projeto-de-lei-visa-implementar-oab-dos-medicos\/#SIMAPES\" >SIMAPES<\/a><\/li><li class='ez-toc-page-1 ez-toc-heading-level-2'><a class=\"ez-toc-link ez-toc-heading-4\" href=\"https:\/\/www.grupomedcof.com.br\/blog\/projeto-de-lei-visa-implementar-oab-dos-medicos\/#Conquiste_a_aprovacao\" >Conquiste a aprova\u00e7\u00e3o!<\/a><\/li><\/ul><\/nav><\/div>\n\n<figure class=\"wp-block-gallery has-nested-images columns-default is-cropped wp-block-gallery-1 is-layout-flex wp-block-gallery-is-layout-flex\">\n<figure class=\"wp-block-image size-large\"><img loading=\"lazy\" decoding=\"async\" width=\"1024\" height=\"576\" data-id=\"26915\" src=\"https:\/\/www.grupomedcof.com.br\/blog\/wp-content\/uploads\/2024\/06\/Blog-MedCof-8-2-1024x576.png\" alt=\"M\u00e9dico escrevendo em prancheta\" class=\"wp-image-26915\" srcset=\"https:\/\/www.grupomedcof.com.br\/blog\/wp-content\/uploads\/2024\/06\/Blog-MedCof-8-2-1024x576.png 1024w, https:\/\/www.grupomedcof.com.br\/blog\/wp-content\/uploads\/2024\/06\/Blog-MedCof-8-2-300x169.png 300w, https:\/\/www.grupomedcof.com.br\/blog\/wp-content\/uploads\/2024\/06\/Blog-MedCof-8-2-768x432.png 768w, https:\/\/www.grupomedcof.com.br\/blog\/wp-content\/uploads\/2024\/06\/Blog-MedCof-8-2-1536x864.png 1536w, https:\/\/www.grupomedcof.com.br\/blog\/wp-content\/uploads\/2024\/06\/Blog-MedCof-8-2-2048x1152.png 2048w, https:\/\/www.grupomedcof.com.br\/blog\/wp-content\/uploads\/2024\/06\/Blog-MedCof-8-2-747x420.png 747w, https:\/\/www.grupomedcof.com.br\/blog\/wp-content\/uploads\/2024\/06\/Blog-MedCof-8-2-150x84.png 150w, https:\/\/www.grupomedcof.com.br\/blog\/wp-content\/uploads\/2024\/06\/Blog-MedCof-8-2-696x392.png 696w, https:\/\/www.grupomedcof.com.br\/blog\/wp-content\/uploads\/2024\/06\/Blog-MedCof-8-2-1068x601.png 1068w, https:\/\/www.grupomedcof.com.br\/blog\/wp-content\/uploads\/2024\/06\/Blog-MedCof-8-2-1920x1080.png 1920w\" sizes=\"auto, (max-width: 1024px) 100vw, 1024px\" \/><\/figure>\n<\/figure>\n\n\n\n<p>Com projetos de lei j\u00e1 em tramita\u00e7\u00e3o, a ideia do exame surgiu pelo aumento da abertura de cursos de medicina no Brasil. <\/p>\n\n\n\n<h2 class=\"wp-block-heading\" id=\"h-projetos-de-lei-que-planejam-implementar-o-enpm\"><span class=\"ez-toc-section\" id=\"Projetos_de_lei_que_planejam_implementar_o_ENPM\"><\/span><strong>Projetos de lei que planejam implementar o ENPM<\/strong><span class=\"ez-toc-section-end\"><\/span><\/h2>\n\n\n\n<p><strong>PL 650\/2007<\/strong><\/p>\n\n\n\n<p>O projeto de lei <strong>650\/2007<\/strong> apresentado pelo deputado federal Ribamar Alves, tem como objetivo tornar o <strong>Exame Nacional de Profici\u00eancia em Medicina<\/strong>\u00a0(ENPM) obrigat\u00f3rio para exerc\u00edcio da medicina. E assim, recebeu seu apelido de <strong>OAB dos m\u00e9dicos<\/strong> pela similaridade com o Exame da Ordem dos Advogados, tem como objetivo avaliar o conhecimento, a capacita\u00e7\u00e3o e a pr\u00e1tica de m\u00e9dicos rec\u00e9m-formados.<\/p>\n\n\n\n<p>Assim, se caso aprovado pelo senado,\u00a0o texto do projeto altera o artigo 17 da\u00a0<a href=\"https:\/\/www2.camara.leg.br\/legin\/fed\/lei\/1950-1959\/lei-3268-30-setembro-1957-354846-publicacaooriginal-1-pl.html\" target=\"_blank\" rel=\"noreferrer noopener\">Lei n\u00ba 3.268, de 30 de setembro de 1957<\/a>, que prev\u00ea a obrigatoriedade do registro de t\u00edtulo, diploma, certificado ou carta de conclus\u00e3o na gradua\u00e7\u00e3o em medicina pelo Minist\u00e9rio da Educa\u00e7\u00e3o e Cultura (MEC) e de inscri\u00e7\u00e3o no Conselho Regional de Medicina (CRM) para a atua\u00e7\u00e3o na profiss\u00e3o.<\/p>\n\n\n\n<p>Ap\u00f3s a apresenta\u00e7\u00e3o do Projeto de Lei n\u00ba 650 em 2007,\u00a0<strong>outros projetos com ementas parecidas\u00a0<\/strong>foram apresentados por outros integrantes do Poder Legislativo. Confira projetos de lei que foram anexados ao <strong>PL 650\/2007<\/strong>.<\/p>\n\n\n\n<p><strong>PL 999\/2007&nbsp;<\/strong><\/p>\n\n\n\n<p>O Projeto de Lei n\u00ba 999 de 2007, apresentado em maio do mesmo ano pelo PDT, teve como justificativa a prolifera\u00e7\u00e3o de cursos de gradua\u00e7\u00e3o em Medicina\u00a0de qualidade question\u00e1vel.<\/p>\n\n\n\n<p><strong>PL 4265\/2012<\/strong><\/p>\n\n\n\n<p>Apresentado pelo deputado federal Onofre Santo Agostini (PSD\/SC), o<a href=\"https:\/\/www.camara.leg.br\/proposicoesWeb\/fichadetramitacao?idProposicao=552506\" target=\"_blank\" rel=\"noreferrer noopener\">\u00a0Projeto de Lei n\u00ba 4.265 de 2012<\/a>\u00a0tamb\u00e9m foi\u00a0<strong>anexado ao PL 650\/2007<\/strong>\u00a0e visa instituir o\u00a0<strong>exame de profici\u00eancia\u00a0<\/strong>como condi\u00e7\u00e3o para registro dos m\u00e9dicos nos Conselhos Regionais de Medicina. Pois sua justificativa mencionava a baixa qualidade dos profissionais no mercado de trabalho brasileiro e foi submetida em 2012. <\/p>\n\n\n\n<p><strong>PL 8285\/2014<\/strong> <\/p>\n\n\n\n<p>Anexado ao PL 650\/2007, Goi\u00e1s Thiago Peixoto, deputado federal, apresentou o \u00a0Projeto de Lei n\u00ba 8.285 de 2014. Confira trecho da justificativa do PL:<\/p>\n\n\n\n<div class=\"wp-block-group\"><div class=\"wp-block-group__inner-container is-layout-constrained wp-block-group-is-layout-constrained\">\n<pre class=\"wp-block-verse\">Como rem\u00e9dio amargo mas eficaz para coibir a m\u00e1 forma\u00e7\u00e3o m\u00e9dica alardeada pelos quatro cantos do pa\u00eds, nossa proposta visa instituir um exame geral de profici\u00eancia que se constitua em efetivo pr\u00e9-requisito para o exerc\u00edcio legal da medicina. Esse exame, a exemplo do que j\u00e1 ocorre em outros pa\u00edses e na \u00e1rea jur\u00eddica brasileira (Ordem dos Advogados do Brasil \u2013 OAB), ser\u00e1 realizado pelos Conselhos Regionais de Medicina e servir\u00e1 como condi\u00e7\u00e3o para o registro<br>profissional.<\/pre>\n<\/div><\/div>\n\n\n\n<p><strong>PL 5712\/2019<\/strong><\/p>\n\n\n\n<p>Em outubro de 2019, o deputado federal Andr\u00e9 Fufuca (PP\/MA) apresentou o\u00a0<a href=\"https:\/\/www.camara.leg.br\/proposicoesWeb\/fichadetramitacao?idProposicao=2227285\" target=\"_blank\" rel=\"noreferrer noopener\">Projeto de Lei n\u00ba 5.712 de 2019<\/a>\u00a0com o objetivo de criar um\u00a0<strong>exame de profici\u00eancia como condi\u00e7\u00e3o obrigat\u00f3ria para exerc\u00edcio da Medicina no Brasil<\/strong>.<\/p>\n\n\n\n<p><strong><a href=\"https:\/\/www.grupomedcof.com.br\/blog\/enpm-a-oab-dos-medicos\/\">Projeto de Lei 4667\/20<\/a><\/strong><\/p>\n\n\n\n<p>Logo ap\u00f3s, em 2020, o m\u00e9dico e deputado federal Eduardo Costa (PTB) apresentou a implementa\u00e7\u00e3o da obrigatoriedade do ENPM \u00e0 C\u00e2mara dos Deputados.<\/p>\n\n\n\n<p>Contudo, ainda em tramita\u00e7\u00e3o, o projeto de lei altera o artigo 17 da Lei n\u00ba 3.268, de 30 de setembro de 1957 em que consta:<\/p>\n\n\n\n<p><em>\u201cOs m\u00e9dicos s\u00f3 poder\u00e3o exercer legalmente a medicina, em qualquer de seus ramos ou especialidades, ap\u00f3s o pr\u00e9vio registro de seus t\u00edtulos, diplomas, certificados ou cartas no Minist\u00e9rio da Educa\u00e7\u00e3o e Cultura e de sua inscri\u00e7\u00e3o no Conselho Regional de Medicina, sob cuja jurisdi\u00e7\u00e3o se achar o local de sua atividade.\u201d \u2013&nbsp;<a href=\"https:\/\/www2.camara.leg.br\/legin\/fed\/lei\/1950-1959\/lei-3268-30-setembro-1957-354846-publicacaooriginal-1-pl.html\" target=\"_blank\" rel=\"noreferrer noopener\">C\u00e2mara dos Deputados<\/a>.<\/em><\/p>\n\n\n\n<div class=\"wp-block-group\"><div class=\"wp-block-group__inner-container is-layout-constrained wp-block-group-is-layout-constrained\">\n<h2 class=\"wp-block-heading\" id=\"h-saeme-cfm-nbsp\"><span class=\"ez-toc-section\" id=\"SAEME-CFM\"><\/span><strong>SAEME-CFM&nbsp;<\/strong><span class=\"ez-toc-section-end\"><\/span><\/h2>\n\n\n\n<p>O <strong>Sistema de Acredita\u00e7\u00e3o de Escolas M\u00e9dicas (SAEME)<\/strong>, criado em 2015 e desenvolvido pelo Conselho Federal de Medicina (CFM), \u00e9 uma outra op\u00e7\u00e3o de sistema que monitoram a qualidade do ensino de medicina no pa\u00eds. Assim, o SAEME avalia a qualidade dos cursos de medicina com base na ades\u00e3o volunt\u00e1ria das institui\u00e7\u00f5es e a\u00a0<strong>identifica\u00e7\u00e3o de quais cursos atendem os requisitos m\u00ednimos para a forma\u00e7\u00e3o.<\/strong><\/p>\n\n\n\n<h2 class=\"wp-block-heading\" id=\"h-simapes\"><span class=\"ez-toc-section\" id=\"SIMAPES\"><\/span><strong>SIMAPES<\/strong><span class=\"ez-toc-section-end\"><\/span><\/h2>\n\n\n\n<p>O<strong>&nbsp;Sistema de Mapeamento em Educa\u00e7\u00e3o na Sa\u00fade&nbsp;<\/strong>(SIMAPES) permite a coleta, an\u00e1lise e a disponibiliza\u00e7\u00e3o de informa\u00e7\u00f5es referentes \u00e0 educa\u00e7\u00e3o em sa\u00fade no pa\u00eds. <br>Assim, ele est\u00e1 integrado com o banco de dados de institui\u00e7\u00f5es como:<\/p>\n\n\n\n<ul class=\"wp-block-list\">\n<li>Minist\u00e9rio da Educa\u00e7\u00e3o;<\/li>\n\n\n\n<li>Instituto Brasileiro de Geografia e Estat\u00edstica (IBGE);<\/li>\n\n\n\n<li>Sistema de Reestrutura\u00e7\u00e3o da Informa\u00e7\u00e3o da Aten\u00e7\u00e3o B\u00e1sica em N\u00edvel Nacional (e-SUS AB);<\/li>\n\n\n\n<li>Cadastro Nacional de Estabelecimentos de Sa\u00fade (CNES); e<\/li>\n\n\n\n<li>Contrato Organizativo de A\u00e7\u00e3o P\u00fablica de Ensino-Sa\u00fade (COAPES).<\/li>\n<\/ul>\n<\/div><\/div>\n\n\n\n<h2 class=\"wp-block-heading\" id=\"h-conquiste-a-aprovacao\"><span class=\"ez-toc-section\" id=\"Conquiste_a_aprovacao\"><\/span><strong>Conquiste a aprova\u00e7\u00e3o!<\/strong><span class=\"ez-toc-section-end\"><\/span><\/h2>\n\n\n\n<p>Seja mais um aprovado nas provas de resid\u00eancia m\u00e9dica com o <strong>Grupo MedCof!<\/strong><br>Temos um cat\u00e1logo farto de cursos que te ajudar\u00e3o a alcan\u00e7ar seus objetivos! <\/p>\n\n\n\n<p>Mas, se voc\u00ea \u00e9 novo por aqui, que tal se inscrever na<strong><a href=\"https:\/\/www.grupomedcof.com.br\/inscricao-hiit-2023\/\" target=\"_blank\" rel=\"noreferrer noopener\">\u00a0Semana HIIT<\/a>?<\/strong>\u00a0Ser\u00e1 um evento\u00a0100% gratuito e online\u00a0que te permitir\u00e1 conhecer um pouco do nosso m\u00e9todo de ensino!<\/p>\n\n\n\n<figure class=\"wp-block-embed is-type-video is-provider-youtube wp-block-embed-youtube wp-embed-aspect-16-9 wp-has-aspect-ratio\"><div class=\"wp-block-embed__wrapper\">\nhttps:\/\/www.youtube.com\/watch?v=J1cPRkRfbzA\n<\/div><\/figure>\n","protected":false},"excerpt":{"rendered":"<p>Apelidado de OAB dos m\u00e9dicos, tem como objetivo avaliar o conhecimento, a capacita\u00e7\u00e3o e a pr\u00e1tica de m\u00e9dicos rec\u00e9m-formados.<\/p>\n","protected":false},"author":18,"featured_media":26915,"comment_status":"open","ping_status":"open","sticky":false,"template":"","format":"standard","meta":{"footnotes":""},"categories":[173],"tags":[1464,1463,1462],"ppma_author":[3611],"class_list":{"0":"post-26905","1":"post","2":"type-post","3":"status-publish","4":"format-standard","5":"has-post-thumbnail","7":"category-novidades","8":"tag-medicos","9":"tag-oab-dos-medicos","10":"tag-projeto-de-lei"},"yoast_head":"<!-- This site is optimized with the Yoast SEO Premium plugin v24.3 (Yoast SEO v27.4) - https:\/\/yoast.com\/product\/yoast-seo-premium-wordpress\/ -->\n<title>Projeto de lei visa implementar &quot;OAB dos m\u00e9dicos&quot; - Blog de Medcof: conte\u00fados, editais, revalida e mais!<\/title>\n<meta name=\"description\" content=\"Apelidado de OAB dos m\u00e9dicos, tem como objetivo avaliar o conhecimento, a capacita\u00e7\u00e3o e a pr\u00e1tica de m\u00e9dicos rec\u00e9m-formados.\" \/>\n<meta name=\"robots\" content=\"index, follow, max-snippet:-1, max-image-preview:large, max-video-preview:-1\" \/>\n<link rel=\"canonical\" href=\"https:\/\/www.grupomedcof.com.br\/blog\/projeto-de-lei-visa-implementar-oab-dos-medicos\/\" \/>\n<meta property=\"og:locale\" content=\"pt_BR\" \/>\n<meta property=\"og:type\" content=\"article\" \/>\n<meta property=\"og:title\" content=\"Projeto de lei visa implementar &quot;OAB dos m\u00e9dicos&quot;\" \/>\n<meta property=\"og:description\" content=\"Apelidado de OAB dos m\u00e9dicos, tem como objetivo avaliar o conhecimento, a capacita\u00e7\u00e3o e a pr\u00e1tica de m\u00e9dicos rec\u00e9m-formados.\" \/>\n<meta property=\"og:url\" content=\"https:\/\/www.grupomedcof.com.br\/blog\/projeto-de-lei-visa-implementar-oab-dos-medicos\/\" \/>\n<meta property=\"og:site_name\" content=\"Blog de Medcof: conte\u00fados, editais, revalida e mais!\" \/>\n<meta property=\"article:publisher\" content=\"https:\/\/www.facebook.com\/MedCofQbank\/\" \/>\n<meta property=\"article:published_time\" content=\"2024-06-21T12:14:08+00:00\" \/>\n<meta property=\"article:modified_time\" content=\"2024-06-21T12:14:10+00:00\" \/>\n<meta property=\"og:image\" content=\"https:\/\/www.grupomedcof.com.br\/blog\/wp-content\/uploads\/2024\/06\/Blog-MedCof-8-2-1024x576.png\" \/>\n\t<meta property=\"og:image:width\" content=\"1024\" \/>\n\t<meta property=\"og:image:height\" content=\"576\" \/>\n\t<meta property=\"og:image:type\" content=\"image\/png\" \/>\n<meta name=\"author\" content=\"Leila Menzel\" \/>\n<meta name=\"twitter:card\" content=\"summary_large_image\" \/>\n<meta name=\"twitter:label1\" content=\"Escrito por\" \/>\n\t<meta name=\"twitter:data1\" content=\"Leila Menzel\" \/>\n\t<meta name=\"twitter:label2\" content=\"Est. tempo de leitura\" \/>\n\t<meta name=\"twitter:data2\" content=\"5 minutos\" \/>\n<script type=\"application\/ld+json\" class=\"yoast-schema-graph\">{\"@context\":\"https:\\\/\\\/schema.org\",\"@graph\":[{\"@type\":\"Article\",\"@id\":\"https:\\\/\\\/www.grupomedcof.com.br\\\/blog\\\/projeto-de-lei-visa-implementar-oab-dos-medicos\\\/#article\",\"isPartOf\":{\"@id\":\"https:\\\/\\\/www.grupomedcof.com.br\\\/blog\\\/projeto-de-lei-visa-implementar-oab-dos-medicos\\\/\"},\"author\":{\"name\":\"Leila Menzel\",\"@id\":\"https:\\\/\\\/www.grupomedcof.com.br\\\/blog\\\/#\\\/schema\\\/person\\\/2a5527209c17e7eb35bd6a4ebd5c7956\"},\"headline\":\"Projeto de lei visa implementar &#8220;OAB dos m\u00e9dicos&#8221;\",\"datePublished\":\"2024-06-21T12:14:08+00:00\",\"dateModified\":\"2024-06-21T12:14:10+00:00\",\"mainEntityOfPage\":{\"@id\":\"https:\\\/\\\/www.grupomedcof.com.br\\\/blog\\\/projeto-de-lei-visa-implementar-oab-dos-medicos\\\/\"},\"wordCount\":728,\"commentCount\":0,\"publisher\":{\"@id\":\"https:\\\/\\\/www.grupomedcof.com.br\\\/blog\\\/#organization\"},\"image\":{\"@id\":\"https:\\\/\\\/www.grupomedcof.com.br\\\/blog\\\/projeto-de-lei-visa-implementar-oab-dos-medicos\\\/#primaryimage\"},\"thumbnailUrl\":\"https:\\\/\\\/www.grupomedcof.com.br\\\/blog\\\/wp-content\\\/uploads\\\/2024\\\/06\\\/Blog-MedCof-8-2.png\",\"keywords\":[\"M\u00e9dicos\",\"OAB dos m\u00e9dicos\",\"Projeto de lei\"],\"articleSection\":[\"Novidades\"],\"inLanguage\":\"pt-BR\"},{\"@type\":\"WebPage\",\"@id\":\"https:\\\/\\\/www.grupomedcof.com.br\\\/blog\\\/projeto-de-lei-visa-implementar-oab-dos-medicos\\\/\",\"url\":\"https:\\\/\\\/www.grupomedcof.com.br\\\/blog\\\/projeto-de-lei-visa-implementar-oab-dos-medicos\\\/\",\"name\":\"Projeto de lei visa implementar \\\"OAB dos m\u00e9dicos\\\" - Blog de Medcof: conte\u00fados, editais, revalida e mais!\",\"isPartOf\":{\"@id\":\"https:\\\/\\\/www.grupomedcof.com.br\\\/blog\\\/#website\"},\"primaryImageOfPage\":{\"@id\":\"https:\\\/\\\/www.grupomedcof.com.br\\\/blog\\\/projeto-de-lei-visa-implementar-oab-dos-medicos\\\/#primaryimage\"},\"image\":{\"@id\":\"https:\\\/\\\/www.grupomedcof.com.br\\\/blog\\\/projeto-de-lei-visa-implementar-oab-dos-medicos\\\/#primaryimage\"},\"thumbnailUrl\":\"https:\\\/\\\/www.grupomedcof.com.br\\\/blog\\\/wp-content\\\/uploads\\\/2024\\\/06\\\/Blog-MedCof-8-2.png\",\"datePublished\":\"2024-06-21T12:14:08+00:00\",\"dateModified\":\"2024-06-21T12:14:10+00:00\",\"description\":\"Apelidado de OAB dos m\u00e9dicos, tem como objetivo avaliar o conhecimento, a capacita\u00e7\u00e3o e a pr\u00e1tica de m\u00e9dicos rec\u00e9m-formados.\",\"breadcrumb\":{\"@id\":\"https:\\\/\\\/www.grupomedcof.com.br\\\/blog\\\/projeto-de-lei-visa-implementar-oab-dos-medicos\\\/#breadcrumb\"},\"inLanguage\":\"pt-BR\",\"potentialAction\":[{\"@type\":\"ReadAction\",\"target\":[\"https:\\\/\\\/www.grupomedcof.com.br\\\/blog\\\/projeto-de-lei-visa-implementar-oab-dos-medicos\\\/\"]}]},{\"@type\":\"ImageObject\",\"inLanguage\":\"pt-BR\",\"@id\":\"https:\\\/\\\/www.grupomedcof.com.br\\\/blog\\\/projeto-de-lei-visa-implementar-oab-dos-medicos\\\/#primaryimage\",\"url\":\"https:\\\/\\\/www.grupomedcof.com.br\\\/blog\\\/wp-content\\\/uploads\\\/2024\\\/06\\\/Blog-MedCof-8-2.png\",\"contentUrl\":\"https:\\\/\\\/www.grupomedcof.com.br\\\/blog\\\/wp-content\\\/uploads\\\/2024\\\/06\\\/Blog-MedCof-8-2.png\",\"width\":2560,\"height\":1440,\"caption\":\"OAB dos m\u00e9dicos\"},{\"@type\":\"BreadcrumbList\",\"@id\":\"https:\\\/\\\/www.grupomedcof.com.br\\\/blog\\\/projeto-de-lei-visa-implementar-oab-dos-medicos\\\/#breadcrumb\",\"itemListElement\":[{\"@type\":\"ListItem\",\"position\":1,\"name\":\"In\u00edcio\",\"item\":\"https:\\\/\\\/www.grupomedcof.com.br\\\/blog\\\/\"},{\"@type\":\"ListItem\",\"position\":2,\"name\":\"Projeto de lei visa implementar &#8220;OAB dos m\u00e9dicos&#8221;\"}]},{\"@type\":\"WebSite\",\"@id\":\"https:\\\/\\\/www.grupomedcof.com.br\\\/blog\\\/#website\",\"url\":\"https:\\\/\\\/www.grupomedcof.com.br\\\/blog\\\/\",\"name\":\"Blog de Medcof: conte\u00fados, editais, revalida e mais!\",\"description\":\"Acesso o blog de MedCof! Seu portal de conte\u00fados sobre resid\u00eancia m\u00e9dica, an\u00e1lise e editais e muito mais. Clique e confira!\",\"publisher\":{\"@id\":\"https:\\\/\\\/www.grupomedcof.com.br\\\/blog\\\/#organization\"},\"alternateName\":\"Blog de Medcof: conte\u00fados, editais, revalida e mais!\",\"potentialAction\":[{\"@type\":\"SearchAction\",\"target\":{\"@type\":\"EntryPoint\",\"urlTemplate\":\"https:\\\/\\\/www.grupomedcof.com.br\\\/blog\\\/?s={search_term_string}\"},\"query-input\":{\"@type\":\"PropertyValueSpecification\",\"valueRequired\":true,\"valueName\":\"search_term_string\"}}],\"inLanguage\":\"pt-BR\"},{\"@type\":\"Organization\",\"@id\":\"https:\\\/\\\/www.grupomedcof.com.br\\\/blog\\\/#organization\",\"name\":\"Grupo MedCof\",\"url\":\"https:\\\/\\\/www.grupomedcof.com.br\\\/blog\\\/\",\"logo\":{\"@type\":\"ImageObject\",\"inLanguage\":\"pt-BR\",\"@id\":\"https:\\\/\\\/www.grupomedcof.com.br\\\/blog\\\/#\\\/schema\\\/logo\\\/image\\\/\",\"url\":\"https:\\\/\\\/www.grupomedcof.com.br\\\/blog\\\/wp-content\\\/uploads\\\/2022\\\/01\\\/logo-medcof.png\",\"contentUrl\":\"https:\\\/\\\/www.grupomedcof.com.br\\\/blog\\\/wp-content\\\/uploads\\\/2022\\\/01\\\/logo-medcof.png\",\"width\":768,\"height\":269,\"caption\":\"Grupo MedCof\"},\"image\":{\"@id\":\"https:\\\/\\\/www.grupomedcof.com.br\\\/blog\\\/#\\\/schema\\\/logo\\\/image\\\/\"},\"sameAs\":[\"https:\\\/\\\/www.facebook.com\\\/MedCofQbank\\\/\",\"https:\\\/\\\/www.instagram.com\\\/grupomedcof\\\/\",\"https:\\\/\\\/br.linkedin.com\\\/company\\\/medcof\",\"https:\\\/\\\/www.youtube.com\\\/channel\\\/UCdHMuOHKICxcHwecxN8P-AA\"]},{\"@type\":\"Person\",\"@id\":\"https:\\\/\\\/www.grupomedcof.com.br\\\/blog\\\/#\\\/schema\\\/person\\\/2a5527209c17e7eb35bd6a4ebd5c7956\",\"name\":\"Leila Menzel\",\"image\":{\"@type\":\"ImageObject\",\"inLanguage\":\"pt-BR\",\"@id\":\"https:\\\/\\\/www.grupomedcof.com.br\\\/blog\\\/wp-content\\\/uploads\\\/2023\\\/04\\\/cropped-cropped-cropped-logo-96x96.png15459389df217b605b4f0cce419ac81a\",\"url\":\"https:\\\/\\\/www.grupomedcof.com.br\\\/blog\\\/wp-content\\\/uploads\\\/2023\\\/04\\\/cropped-cropped-cropped-logo-96x96.png\",\"contentUrl\":\"https:\\\/\\\/www.grupomedcof.com.br\\\/blog\\\/wp-content\\\/uploads\\\/2023\\\/04\\\/cropped-cropped-cropped-logo-96x96.png\",\"caption\":\"Leila Menzel\"},\"description\":\"Estudante do 6\u00b0 semestre de jornalismo, amo e escrevo poesias e viajo em livros de romances clich\u00eas.\",\"url\":\"https:\\\/\\\/www.grupomedcof.com.br\\\/blog\\\/author\\\/leila\\\/\"}]}<\/script>\n<!-- \/ Yoast SEO Premium plugin. -->","yoast_head_json":{"title":"Projeto de lei visa implementar \"OAB dos m\u00e9dicos\" - Blog de Medcof: conte\u00fados, editais, revalida e mais!","description":"Apelidado de OAB dos m\u00e9dicos, tem como objetivo avaliar o conhecimento, a capacita\u00e7\u00e3o e a pr\u00e1tica de m\u00e9dicos rec\u00e9m-formados.","robots":{"index":"index","follow":"follow","max-snippet":"max-snippet:-1","max-image-preview":"max-image-preview:large","max-video-preview":"max-video-preview:-1"},"canonical":"https:\/\/www.grupomedcof.com.br\/blog\/projeto-de-lei-visa-implementar-oab-dos-medicos\/","og_locale":"pt_BR","og_type":"article","og_title":"Projeto de lei visa implementar \"OAB dos m\u00e9dicos\"","og_description":"Apelidado de OAB dos m\u00e9dicos, tem como objetivo avaliar o conhecimento, a capacita\u00e7\u00e3o e a pr\u00e1tica de m\u00e9dicos rec\u00e9m-formados.","og_url":"https:\/\/www.grupomedcof.com.br\/blog\/projeto-de-lei-visa-implementar-oab-dos-medicos\/","og_site_name":"Blog de Medcof: conte\u00fados, editais, revalida e mais!","article_publisher":"https:\/\/www.facebook.com\/MedCofQbank\/","article_published_time":"2024-06-21T12:14:08+00:00","article_modified_time":"2024-06-21T12:14:10+00:00","og_image":[{"width":1024,"height":576,"url":"https:\/\/www.grupomedcof.com.br\/blog\/wp-content\/uploads\/2024\/06\/Blog-MedCof-8-2-1024x576.png","type":"image\/png"}],"author":"Leila Menzel","twitter_card":"summary_large_image","twitter_misc":{"Escrito por":"Leila Menzel","Est. tempo de leitura":"5 minutos"},"schema":{"@context":"https:\/\/schema.org","@graph":[{"@type":"Article","@id":"https:\/\/www.grupomedcof.com.br\/blog\/projeto-de-lei-visa-implementar-oab-dos-medicos\/#article","isPartOf":{"@id":"https:\/\/www.grupomedcof.com.br\/blog\/projeto-de-lei-visa-implementar-oab-dos-medicos\/"},"author":{"name":"Leila Menzel","@id":"https:\/\/www.grupomedcof.com.br\/blog\/#\/schema\/person\/2a5527209c17e7eb35bd6a4ebd5c7956"},"headline":"Projeto de lei visa implementar &#8220;OAB dos m\u00e9dicos&#8221;","datePublished":"2024-06-21T12:14:08+00:00","dateModified":"2024-06-21T12:14:10+00:00","mainEntityOfPage":{"@id":"https:\/\/www.grupomedcof.com.br\/blog\/projeto-de-lei-visa-implementar-oab-dos-medicos\/"},"wordCount":728,"commentCount":0,"publisher":{"@id":"https:\/\/www.grupomedcof.com.br\/blog\/#organization"},"image":{"@id":"https:\/\/www.grupomedcof.com.br\/blog\/projeto-de-lei-visa-implementar-oab-dos-medicos\/#primaryimage"},"thumbnailUrl":"https:\/\/www.grupomedcof.com.br\/blog\/wp-content\/uploads\/2024\/06\/Blog-MedCof-8-2.png","keywords":["M\u00e9dicos","OAB dos m\u00e9dicos","Projeto de lei"],"articleSection":["Novidades"],"inLanguage":"pt-BR"},{"@type":"WebPage","@id":"https:\/\/www.grupomedcof.com.br\/blog\/projeto-de-lei-visa-implementar-oab-dos-medicos\/","url":"https:\/\/www.grupomedcof.com.br\/blog\/projeto-de-lei-visa-implementar-oab-dos-medicos\/","name":"Projeto de lei visa implementar \"OAB dos m\u00e9dicos\" - Blog de Medcof: conte\u00fados, editais, revalida e mais!","isPartOf":{"@id":"https:\/\/www.grupomedcof.com.br\/blog\/#website"},"primaryImageOfPage":{"@id":"https:\/\/www.grupomedcof.com.br\/blog\/projeto-de-lei-visa-implementar-oab-dos-medicos\/#primaryimage"},"image":{"@id":"https:\/\/www.grupomedcof.com.br\/blog\/projeto-de-lei-visa-implementar-oab-dos-medicos\/#primaryimage"},"thumbnailUrl":"https:\/\/www.grupomedcof.com.br\/blog\/wp-content\/uploads\/2024\/06\/Blog-MedCof-8-2.png","datePublished":"2024-06-21T12:14:08+00:00","dateModified":"2024-06-21T12:14:10+00:00","description":"Apelidado de OAB dos m\u00e9dicos, tem como objetivo avaliar o conhecimento, a capacita\u00e7\u00e3o e a pr\u00e1tica de m\u00e9dicos rec\u00e9m-formados.","breadcrumb":{"@id":"https:\/\/www.grupomedcof.com.br\/blog\/projeto-de-lei-visa-implementar-oab-dos-medicos\/#breadcrumb"},"inLanguage":"pt-BR","potentialAction":[{"@type":"ReadAction","target":["https:\/\/www.grupomedcof.com.br\/blog\/projeto-de-lei-visa-implementar-oab-dos-medicos\/"]}]},{"@type":"ImageObject","inLanguage":"pt-BR","@id":"https:\/\/www.grupomedcof.com.br\/blog\/projeto-de-lei-visa-implementar-oab-dos-medicos\/#primaryimage","url":"https:\/\/www.grupomedcof.com.br\/blog\/wp-content\/uploads\/2024\/06\/Blog-MedCof-8-2.png","contentUrl":"https:\/\/www.grupomedcof.com.br\/blog\/wp-content\/uploads\/2024\/06\/Blog-MedCof-8-2.png","width":2560,"height":1440,"caption":"OAB dos m\u00e9dicos"},{"@type":"BreadcrumbList","@id":"https:\/\/www.grupomedcof.com.br\/blog\/projeto-de-lei-visa-implementar-oab-dos-medicos\/#breadcrumb","itemListElement":[{"@type":"ListItem","position":1,"name":"In\u00edcio","item":"https:\/\/www.grupomedcof.com.br\/blog\/"},{"@type":"ListItem","position":2,"name":"Projeto de lei visa implementar &#8220;OAB dos m\u00e9dicos&#8221;"}]},{"@type":"WebSite","@id":"https:\/\/www.grupomedcof.com.br\/blog\/#website","url":"https:\/\/www.grupomedcof.com.br\/blog\/","name":"Blog de Medcof: conte\u00fados, editais, revalida e mais!","description":"Acesso o blog de MedCof! Seu portal de conte\u00fados sobre resid\u00eancia m\u00e9dica, an\u00e1lise e editais e muito mais. Clique e confira!","publisher":{"@id":"https:\/\/www.grupomedcof.com.br\/blog\/#organization"},"alternateName":"Blog de Medcof: conte\u00fados, editais, revalida e mais!","potentialAction":[{"@type":"SearchAction","target":{"@type":"EntryPoint","urlTemplate":"https:\/\/www.grupomedcof.com.br\/blog\/?s={search_term_string}"},"query-input":{"@type":"PropertyValueSpecification","valueRequired":true,"valueName":"search_term_string"}}],"inLanguage":"pt-BR"},{"@type":"Organization","@id":"https:\/\/www.grupomedcof.com.br\/blog\/#organization","name":"Grupo MedCof","url":"https:\/\/www.grupomedcof.com.br\/blog\/","logo":{"@type":"ImageObject","inLanguage":"pt-BR","@id":"https:\/\/www.grupomedcof.com.br\/blog\/#\/schema\/logo\/image\/","url":"https:\/\/www.grupomedcof.com.br\/blog\/wp-content\/uploads\/2022\/01\/logo-medcof.png","contentUrl":"https:\/\/www.grupomedcof.com.br\/blog\/wp-content\/uploads\/2022\/01\/logo-medcof.png","width":768,"height":269,"caption":"Grupo MedCof"},"image":{"@id":"https:\/\/www.grupomedcof.com.br\/blog\/#\/schema\/logo\/image\/"},"sameAs":["https:\/\/www.facebook.com\/MedCofQbank\/","https:\/\/www.instagram.com\/grupomedcof\/","https:\/\/br.linkedin.com\/company\/medcof","https:\/\/www.youtube.com\/channel\/UCdHMuOHKICxcHwecxN8P-AA"]},{"@type":"Person","@id":"https:\/\/www.grupomedcof.com.br\/blog\/#\/schema\/person\/2a5527209c17e7eb35bd6a4ebd5c7956","name":"Leila Menzel","image":{"@type":"ImageObject","inLanguage":"pt-BR","@id":"https:\/\/www.grupomedcof.com.br\/blog\/wp-content\/uploads\/2023\/04\/cropped-cropped-cropped-logo-96x96.png15459389df217b605b4f0cce419ac81a","url":"https:\/\/www.grupomedcof.com.br\/blog\/wp-content\/uploads\/2023\/04\/cropped-cropped-cropped-logo-96x96.png","contentUrl":"https:\/\/www.grupomedcof.com.br\/blog\/wp-content\/uploads\/2023\/04\/cropped-cropped-cropped-logo-96x96.png","caption":"Leila Menzel"},"description":"Estudante do 6\u00b0 semestre de jornalismo, amo e escrevo poesias e viajo em livros de romances clich\u00eas.","url":"https:\/\/www.grupomedcof.com.br\/blog\/author\/leila\/"}]}},"authors":[{"term_id":3611,"user_id":18,"is_guest":0,"slug":"leila","display_name":"Leila Menzel","avatar_url":"https:\/\/www.grupomedcof.com.br\/blog\/wp-content\/uploads\/2023\/04\/cropped-cropped-cropped-logo-96x96.png","0":null,"1":"","2":"","3":"","4":"","5":"","6":"","7":"","8":""}],"_links":{"self":[{"href":"https:\/\/www.grupomedcof.com.br\/blog\/wp-json\/wp\/v2\/posts\/26905","targetHints":{"allow":["GET"]}}],"collection":[{"href":"https:\/\/www.grupomedcof.com.br\/blog\/wp-json\/wp\/v2\/posts"}],"about":[{"href":"https:\/\/www.grupomedcof.com.br\/blog\/wp-json\/wp\/v2\/types\/post"}],"author":[{"embeddable":true,"href":"https:\/\/www.grupomedcof.com.br\/blog\/wp-json\/wp\/v2\/users\/18"}],"replies":[{"embeddable":true,"href":"https:\/\/www.grupomedcof.com.br\/blog\/wp-json\/wp\/v2\/comments?post=26905"}],"version-history":[{"count":0,"href":"https:\/\/www.grupomedcof.com.br\/blog\/wp-json\/wp\/v2\/posts\/26905\/revisions"}],"wp:featuredmedia":[{"embeddable":true,"href":"https:\/\/www.grupomedcof.com.br\/blog\/wp-json\/wp\/v2\/media\/26915"}],"wp:attachment":[{"href":"https:\/\/www.grupomedcof.com.br\/blog\/wp-json\/wp\/v2\/media?parent=26905"}],"wp:term":[{"taxonomy":"category","embeddable":true,"href":"https:\/\/www.grupomedcof.com.br\/blog\/wp-json\/wp\/v2\/categories?post=26905"},{"taxonomy":"post_tag","embeddable":true,"href":"https:\/\/www.grupomedcof.com.br\/blog\/wp-json\/wp\/v2\/tags?post=26905"},{"taxonomy":"author","embeddable":true,"href":"https:\/\/www.grupomedcof.com.br\/blog\/wp-json\/wp\/v2\/ppma_author?post=26905"}],"curies":[{"name":"wp","href":"https:\/\/api.w.org\/{rel}","templated":true}]}}