{"id":27017,"date":"2026-03-06T15:31:06","date_gmt":"2026-03-06T18:31:06","guid":{"rendered":"https:\/\/www.grupomedcof.com.br\/blog\/?p=27017"},"modified":"2026-04-16T16:27:25","modified_gmt":"2026-04-16T19:27:25","slug":"edital-prova-de-titulo-em-medicina-intensiva","status":"publish","type":"post","link":"https:\/\/www.grupomedcof.com.br\/blog\/edital-prova-de-titulo-em-medicina-intensiva\/","title":{"rendered":"Prova de T\u00edtulo em Medicina Intensiva (TEMI) 2026: confira o edital"},"content":{"rendered":"<div id=\"ez-toc-container\" class=\"ez-toc-v2_0_74 counter-hierarchy ez-toc-counter ez-toc-transparent ez-toc-container-direction\">\n<div class=\"ez-toc-title-container\">\n<p class=\"ez-toc-title\" style=\"cursor:inherit\">Sum\u00e1rio<\/p>\n<span class=\"ez-toc-title-toggle\"><a href=\"#\" class=\"ez-toc-pull-right ez-toc-btn ez-toc-btn-xs ez-toc-btn-default ez-toc-toggle\" aria-label=\"Alternar tabela de conte\u00fado\"><span class=\"ez-toc-js-icon-con\"><span class=\"\"><span class=\"eztoc-hide\" style=\"display:none;\">Toggle<\/span><span class=\"ez-toc-icon-toggle-span\"><svg style=\"fill: #999;color:#999\" xmlns=\"http:\/\/www.w3.org\/2000\/svg\" class=\"list-377408\" width=\"20px\" height=\"20px\" viewBox=\"0 0 24 24\" fill=\"none\"><path d=\"M6 6H4v2h2V6zm14 0H8v2h12V6zM4 11h2v2H4v-2zm16 0H8v2h12v-2zM4 16h2v2H4v-2zm16 0H8v2h12v-2z\" fill=\"currentColor\"><\/path><\/svg><svg style=\"fill: #999;color:#999\" class=\"arrow-unsorted-368013\" xmlns=\"http:\/\/www.w3.org\/2000\/svg\" width=\"10px\" height=\"10px\" viewBox=\"0 0 24 24\" version=\"1.2\" baseProfile=\"tiny\"><path d=\"M18.2 9.3l-6.2-6.3-6.2 6.3c-.2.2-.3.4-.3.7s.1.5.3.7c.2.2.4.3.7.3h11c.3 0 .5-.1.7-.3.2-.2.3-.5.3-.7s-.1-.5-.3-.7zM5.8 14.7l6.2 6.3 6.2-6.3c.2-.2.3-.5.3-.7s-.1-.5-.3-.7c-.2-.2-.4-.3-.7-.3h-11c-.3 0-.5.1-.7.3-.2.2-.3.5-.3.7s.1.5.3.7z\"\/><\/svg><\/span><\/span><\/span><\/a><\/span><\/div>\n<nav><ul class='ez-toc-list ez-toc-list-level-1 ' ><li class='ez-toc-page-1 ez-toc-heading-level-2'><a class=\"ez-toc-link ez-toc-heading-1\" href=\"https:\/\/www.grupomedcof.com.br\/blog\/edital-prova-de-titulo-em-medicina-intensiva\/#Inscricoes\" >Inscri\u00e7\u00f5es<\/a><\/li><li class='ez-toc-page-1 ez-toc-heading-level-2'><a class=\"ez-toc-link ez-toc-heading-2\" href=\"https:\/\/www.grupomedcof.com.br\/blog\/edital-prova-de-titulo-em-medicina-intensiva\/#Como_funciona_o_TEMI\" >Como funciona o TEMI?<\/a><\/li><li class='ez-toc-page-1 ez-toc-heading-level-2'><a class=\"ez-toc-link ez-toc-heading-3\" href=\"https:\/\/www.grupomedcof.com.br\/blog\/edital-prova-de-titulo-em-medicina-intensiva\/#Quem_pode_participar\" >Quem pode participar?<\/a><\/li><li class='ez-toc-page-1 ez-toc-heading-level-2'><a class=\"ez-toc-link ez-toc-heading-4\" href=\"https:\/\/www.grupomedcof.com.br\/blog\/edital-prova-de-titulo-em-medicina-intensiva\/#Cronograma\" >Cronograma<\/a><\/li><li class='ez-toc-page-1 ez-toc-heading-level-2'><a class=\"ez-toc-link ez-toc-heading-5\" href=\"https:\/\/www.grupomedcof.com.br\/blog\/edital-prova-de-titulo-em-medicina-intensiva\/#Edital_na_integra\" >Edital na \u00edntegra<\/a><\/li><li class='ez-toc-page-1 ez-toc-heading-level-2'><a class=\"ez-toc-link ez-toc-heading-6\" href=\"https:\/\/www.grupomedcof.com.br\/blog\/edital-prova-de-titulo-em-medicina-intensiva\/#Por_que_fazer_o_TEMI\" >Por que fazer o TEMI?<\/a><\/li><li class='ez-toc-page-1 ez-toc-heading-level-2'><a class=\"ez-toc-link ez-toc-heading-7\" href=\"https:\/\/www.grupomedcof.com.br\/blog\/edital-prova-de-titulo-em-medicina-intensiva\/#Prepare-se_para_a_proxima_prova_do_TEMI\" >Prepare-se para a pr\u00f3xima prova do TEMI<\/a><\/li><\/ul><\/nav><\/div>\n\n<figure class=\"wp-block-image size-large\"><img loading=\"lazy\" decoding=\"async\" width=\"1024\" height=\"576\" src=\"https:\/\/www.grupomedcof.com.br\/blog\/wp-content\/uploads\/2024\/06\/Blog-MedCof-19-1024x576.png\" alt=\"\" class=\"wp-image-27025\" srcset=\"https:\/\/www.grupomedcof.com.br\/blog\/wp-content\/uploads\/2024\/06\/Blog-MedCof-19-1024x576.png 1024w, https:\/\/www.grupomedcof.com.br\/blog\/wp-content\/uploads\/2024\/06\/Blog-MedCof-19-300x169.png 300w, https:\/\/www.grupomedcof.com.br\/blog\/wp-content\/uploads\/2024\/06\/Blog-MedCof-19-768x432.png 768w, https:\/\/www.grupomedcof.com.br\/blog\/wp-content\/uploads\/2024\/06\/Blog-MedCof-19-1536x864.png 1536w, https:\/\/www.grupomedcof.com.br\/blog\/wp-content\/uploads\/2024\/06\/Blog-MedCof-19-747x420.png 747w, https:\/\/www.grupomedcof.com.br\/blog\/wp-content\/uploads\/2024\/06\/Blog-MedCof-19-150x84.png 150w, https:\/\/www.grupomedcof.com.br\/blog\/wp-content\/uploads\/2024\/06\/Blog-MedCof-19-696x392.png 696w, https:\/\/www.grupomedcof.com.br\/blog\/wp-content\/uploads\/2024\/06\/Blog-MedCof-19-1068x601.png 1068w, https:\/\/www.grupomedcof.com.br\/blog\/wp-content\/uploads\/2024\/06\/Blog-MedCof-19.png 1920w\" sizes=\"auto, (max-width: 1024px) 100vw, 1024px\" \/><\/figure>\n\n\n\n<p>A <strong>Prova de T\u00edtulo de Especialista em Medicina Intensiva (TEMI) 2026 <\/strong>j\u00e1 tem cronograma definido.<\/p>\n\n\n\n<p><a href=\"https:\/\/temi.grupomedcof.com.br\/\"><strong>Prepare-se com a MedCof<\/strong><\/a> e garanta uma prepara\u00e7\u00e3o completa, com conte\u00fado atualizado e foco total nas exig\u00eancias da AMIB.<\/p>\n\n\n\n<h2 class=\"wp-block-heading\" id=\"h-inscricoes\"><span class=\"ez-toc-section\" id=\"Inscricoes\"><\/span><strong>Inscri\u00e7\u00f5es<\/strong><span class=\"ez-toc-section-end\"><\/span><\/h2>\n\n\n\n<p>As inscri\u00e7\u00f5es para o TEMI 2026 devem ser feitas exclusivamente pelo site da AMIB at\u00e9 <strong>15 de julho de 2026, \u00e0s 20h<\/strong>. <\/p>\n\n\n\n<p>A taxa de inscri\u00e7\u00e3o varia de acordo com o v\u00ednculo associativo:<\/p>\n\n\n\n<ul class=\"wp-block-list\">\n<li><strong>R$ 1.890<\/strong> para associados adimplentes da AMIB e AMB<\/li>\n\n\n\n<li><strong>R$ 3.050<\/strong> para os demais candidatos EDITAL-TEMI-2026<\/li>\n<\/ul>\n\n\n\n<p>Entre os documentos obrigat\u00f3rios est\u00e3o diploma de Medicina, registro no CRM, curr\u00edculo vitae e comprova\u00e7\u00e3o de forma\u00e7\u00e3o ou experi\u00eancia profissional na \u00e1rea. <\/p>\n\n\n\n<h2 class=\"wp-block-heading\"><span class=\"ez-toc-section\" id=\"Como_funciona_o_TEMI\"><\/span><strong>Como funciona o TEMI?<\/strong><span class=\"ez-toc-section-end\"><\/span><\/h2>\n\n\n\n<p>O exame \u00e9 composto por <strong>duas etapas<\/strong>: <\/p>\n\n\n\n<p>A <strong>primeira etapa<\/strong> \u00e9 a prova te\u00f3rica, que ser\u00e1 aplicada em <strong>10 de novembro de 2026<\/strong>. Com dura\u00e7\u00e3o de quatro horas e composta por <strong>90 quest\u00f5es de m\u00faltipla escolha<\/strong>. <\/p>\n\n\n\n<p>A habilita\u00e7\u00e3o para a etapa seguinte depende do desempenho na prova te\u00f3rica combinado \u00e0 pontua\u00e7\u00e3o obtida na an\u00e1lise curricular. <\/p>\n\n\n\n<p>A <strong>segunda etapa<\/strong> \u00e9 a prova pr\u00e1tica, marcada para <strong>15 de novembro de 2026<\/strong>. <\/p>\n\n\n\n<p>Nessa fase, os candidatos passam por <strong>esta\u00e7\u00f5es de simula\u00e7\u00e3o e cen\u00e1rios cl\u00ednicos<\/strong>, que avaliam habilidades t\u00e9cnicas, tomada de decis\u00e3o, comunica\u00e7\u00e3o e atitudes profissionais necess\u00e1rias para a atua\u00e7\u00e3o em medicina intensiva. EDITAL-TEMI-2026<\/p>\n\n\n\n<p>Para obter o t\u00edtulo, o candidato deve atingir <strong>desempenho m\u00ednimo de 70% na prova pr\u00e1tica<\/strong>, o que corresponde a m\u00e9dia final igual ou superior a 3,5. EDITAL-TEMI-2026<\/p>\n\n\n\n<h2 class=\"wp-block-heading\"><span class=\"ez-toc-section\" id=\"Quem_pode_participar\"><\/span><strong>Quem pode participar?<\/strong><span class=\"ez-toc-section-end\"><\/span><\/h2>\n\n\n\n<p>Podem se inscrever m\u00e9dicos que atendam a pelo menos um dos seguintes crit\u00e9rios:<\/p>\n\n\n\n<ul class=\"wp-block-list\">\n<li><strong>Conclus\u00e3o de resid\u00eancia m\u00e9dica em Medicina Intensiva<\/strong> reconhecida pela Comiss\u00e3o Nacional de Resid\u00eancia M\u00e9dica (CNRM);<\/li>\n\n\n\n<li><strong>Conclus\u00e3o de programa de forma\u00e7\u00e3o em Medicina Intensiva credenciado pela AMIB<\/strong>;<\/li>\n\n\n\n<li><strong>Experi\u00eancia profissional m\u00ednima de seis anos na \u00e1rea<\/strong>, comprovada por documenta\u00e7\u00e3o espec\u00edfica. <\/li>\n<\/ul>\n\n\n\n<p>Tamb\u00e9m podem participar m\u00e9dicos que estejam <strong>no \u00faltimo ano da resid\u00eancia ou do programa de forma\u00e7\u00e3o<\/strong>, desde que apresentem declara\u00e7\u00e3o de conclus\u00e3o prevista at\u00e9 fevereiro de 2027. <\/p>\n\n\n\n<h2 class=\"wp-block-heading\" id=\"h-cronograma\"><span class=\"ez-toc-section\" id=\"Cronograma\"><\/span><strong>Cronograma<\/strong><span class=\"ez-toc-section-end\"><\/span><\/h2>\n\n\n\n<figure class=\"wp-block-table\"><table class=\"has-fixed-layout\"><tbody><tr><td><strong>Inscri\u00e7\u00f5es<\/strong><\/td><td>02\/03\/2026 a 15\/07\/2026<\/td><\/tr><tr><td><strong>Prazo final para envio de documentos da an\u00e1lise curricular<\/strong><\/td><td>05\/10\/2026<\/td><\/tr><tr><td><strong>Resultado da an\u00e1lise curricular<\/strong><\/td><td>30\/10\/2026<\/td><\/tr><tr><td><strong>Prova te\u00f3rica<\/strong><\/td><td>10\/11\/2026<\/td><\/tr><tr><td><strong>Resultado p\u00f3s-recursos da prova te\u00f3rica<\/strong><\/td><td>13\/11\/2026<\/td><\/tr><tr><td><strong>Prova pr\u00e1tica<\/strong><\/td><td>15\/11\/2026<\/td><\/tr><tr><td><strong>Resultado preliminar<\/strong><\/td><td>16\/11\/2026<\/td><\/tr><tr><td><strong>Resultado final<\/strong><\/td><td>16\/12\/2026<\/td><\/tr><\/tbody><\/table><\/figure>\n\n\n\n<h2 class=\"wp-block-heading\" id=\"h-edital-na-integra\"><span class=\"ez-toc-section\" id=\"Edital_na_integra\"><\/span><strong>Edital na \u00edntegra<\/strong><span class=\"ez-toc-section-end\"><\/span><\/h2>\n\n\n\n<div data-wp-interactive=\"core\/file\" class=\"wp-block-file\"><object data-wp-bind--hidden=\"!state.hasPdfPreview\" hidden class=\"wp-block-file__embed\" data=\"https:\/\/www.grupomedcof.com.br\/blog\/wp-content\/uploads\/2025\/12\/EDITAL-TEMI-2026_compressed.pdf\" type=\"application\/pdf\" style=\"width:100%;height:600px\" aria-label=\"Incorporado de EDITAL-TEMI-2026_compressed.\"><\/object><a id=\"wp-block-file--media-bb67835b-232c-4ac8-9072-bfc095682905\" href=\"https:\/\/www.grupomedcof.com.br\/blog\/wp-content\/uploads\/2025\/12\/EDITAL-TEMI-2026_compressed.pdf\">EDITAL-TEMI-2026_compressed<\/a><a href=\"https:\/\/www.grupomedcof.com.br\/blog\/wp-content\/uploads\/2025\/12\/EDITAL-TEMI-2026_compressed.pdf\" class=\"wp-block-file__button wp-element-button\" download aria-describedby=\"wp-block-file--media-bb67835b-232c-4ac8-9072-bfc095682905\">Baixar<\/a><\/div>\n\n\n\n<h2 class=\"wp-block-heading\"><span class=\"ez-toc-section\" id=\"Por_que_fazer_o_TEMI\"><\/span><strong>Por que fazer o TEMI?<\/strong><span class=\"ez-toc-section-end\"><\/span><\/h2>\n\n\n\n<ul class=\"wp-block-list\">\n<li><strong>Reconhecimento oficial: <\/strong>certifica a qualifica\u00e7\u00e3o t\u00e9cnica e \u00e9tica do intensivista.<\/li>\n\n\n\n<li><strong>Melhores oportunidades: <\/strong>amplia a empregabilidade em UTIs e hospitais de refer\u00eancia.<\/li>\n\n\n\n<li><strong>Valoriza\u00e7\u00e3o profissional:<\/strong> possibilita sal\u00e1rios mais altos e destaque no mercado.<\/li>\n\n\n\n<li><strong>Acesso a cargos de lideran\u00e7a:<\/strong> requisito para coordena\u00e7\u00f5es e preceptorias.<\/li>\n\n\n\n<li><strong>Pontua\u00e7\u00e3o em sele\u00e7\u00f5es: <\/strong>diferencia o candidato em concursos e processos seletivos.<\/li>\n\n\n\n<li><strong>Atualiza\u00e7\u00e3o constante: <\/strong>estimula o dom\u00ednio das pr\u00e1ticas mais recentes da especialidade.<\/li>\n<\/ul>\n\n\n\n<h2 class=\"wp-block-heading\" id=\"h-prepare-se-para-a-proxima-prova-do-temi\"><span class=\"ez-toc-section\" id=\"Prepare-se_para_a_proxima_prova_do_TEMI\"><\/span><strong>Prepare-se para a pr\u00f3xima prova do TEMI<\/strong><span class=\"ez-toc-section-end\"><\/span><\/h2>\n\n\n\n<p>Por fim, se voc\u00ea gostaria de conquistar o seu T\u00edtulo de Especialista em Medicina Intensiva, conhe\u00e7a o Grupo Medcof, nossos&nbsp;<a href=\"https:\/\/www.grupomedcof.com.br\/home\/\"><strong>cursos<\/strong><\/a>&nbsp;e a metodologia inovadora. Para se dar bem na pr\u00f3xima prova da AMIB, conhe\u00e7a tamb\u00e9m o nosso Instagram focado na \u00e1rea de Medicina Intensiva, acesse j\u00e1 o&nbsp;<a href=\"https:\/\/www.instagram.com\/medcof.temi\/\"><strong>@medcof.temi<\/strong><\/a>!<\/p>\n\n\n\n<figure class=\"wp-block-embed is-type-video is-provider-youtube wp-block-embed-youtube wp-embed-aspect-16-9 wp-has-aspect-ratio\"><div class=\"wp-block-embed__wrapper\">\n<iframe loading=\"lazy\" title=\"Como funciona o fluxo de estudo da MedCof?\" width=\"696\" height=\"392\" src=\"https:\/\/www.youtube.com\/embed\/DH0YqpA2LBc?feature=oembed\" frameborder=\"0\" allow=\"accelerometer; autoplay; clipboard-write; encrypted-media; gyroscope; picture-in-picture; web-share\" referrerpolicy=\"strict-origin-when-cross-origin\" allowfullscreen><\/iframe>\n<\/div><\/figure>\n","protected":false},"excerpt":{"rendered":"<p>Confira as principais informa\u00e7\u00f5es do TEMI 2026: inscri\u00e7\u00f5es, quem pode participar, como funciona a prova e o cronograma.<\/p>\n","protected":false},"author":35,"featured_media":27025,"comment_status":"open","ping_status":"open","sticky":false,"template":"","format":"standard","meta":{"footnotes":""},"categories":[2023,285,1409],"tags":[200,1054,212],"ppma_author":[3619],"class_list":{"0":"post-27017","1":"post","2":"type-post","3":"status-publish","4":"format-standard","5":"has-post-thumbnail","7":"category-editais","8":"category-medicina-intensiva","9":"category-prova-de-titulo","10":"tag-medicina-intensiva","11":"tag-medicina-intensiva-adulto","12":"tag-provas-de-titulo"},"yoast_head":"<!-- This site is optimized with the Yoast SEO Premium plugin v24.3 (Yoast SEO v27.5) - https:\/\/yoast.com\/product\/yoast-seo-premium-wordpress\/ -->\n<title>Prova de T\u00edtulo em Medicina Intensiva (TEMI) 2026: confira o edital - Blog de Medcof: conte\u00fados, editais, revalida e mais!<\/title>\n<meta name=\"description\" content=\"Confira as principais informa\u00e7\u00f5es do TEMI 2026: inscri\u00e7\u00f5es, quem pode participar, como funciona a prova e o cronograma.\" \/>\n<meta name=\"robots\" content=\"index, follow, max-snippet:-1, max-image-preview:large, max-video-preview:-1\" \/>\n<link rel=\"canonical\" href=\"https:\/\/www.grupomedcof.com.br\/blog\/edital-prova-de-titulo-em-medicina-intensiva\/\" \/>\n<meta property=\"og:locale\" content=\"pt_BR\" \/>\n<meta property=\"og:type\" content=\"article\" \/>\n<meta property=\"og:title\" content=\"Prova de T\u00edtulo em Medicina Intensiva (TEMI) 2026: confira o edital\" \/>\n<meta property=\"og:description\" content=\"Confira as principais informa\u00e7\u00f5es do TEMI 2026: inscri\u00e7\u00f5es, quem pode participar, como funciona a prova e o cronograma.\" \/>\n<meta property=\"og:url\" content=\"https:\/\/www.grupomedcof.com.br\/blog\/edital-prova-de-titulo-em-medicina-intensiva\/\" \/>\n<meta property=\"og:site_name\" content=\"Blog de Medcof: conte\u00fados, editais, revalida e mais!\" \/>\n<meta property=\"article:publisher\" content=\"https:\/\/www.facebook.com\/MedCofQbank\/\" \/>\n<meta property=\"article:published_time\" content=\"2026-03-06T18:31:06+00:00\" \/>\n<meta property=\"article:modified_time\" content=\"2026-04-16T19:27:25+00:00\" \/>\n<meta property=\"og:image\" content=\"https:\/\/www.grupomedcof.com.br\/blog\/wp-content\/uploads\/2024\/06\/Blog-MedCof-19-1024x576.png\" \/>\n\t<meta property=\"og:image:width\" content=\"1024\" \/>\n\t<meta property=\"og:image:height\" content=\"576\" \/>\n\t<meta property=\"og:image:type\" content=\"image\/png\" \/>\n<meta name=\"author\" content=\"Laura Fernandes\" \/>\n<meta name=\"twitter:card\" content=\"summary_large_image\" \/>\n<meta name=\"twitter:label1\" content=\"Escrito por\" \/>\n\t<meta name=\"twitter:data1\" content=\"Laura Fernandes\" \/>\n\t<meta name=\"twitter:label2\" content=\"Est. tempo de leitura\" \/>\n\t<meta name=\"twitter:data2\" content=\"4 minutos\" \/>\n<script type=\"application\/ld+json\" class=\"yoast-schema-graph\">{\"@context\":\"https:\\\/\\\/schema.org\",\"@graph\":[{\"@type\":\"Article\",\"@id\":\"https:\\\/\\\/www.grupomedcof.com.br\\\/blog\\\/edital-prova-de-titulo-em-medicina-intensiva\\\/#article\",\"isPartOf\":{\"@id\":\"https:\\\/\\\/www.grupomedcof.com.br\\\/blog\\\/edital-prova-de-titulo-em-medicina-intensiva\\\/\"},\"author\":{\"name\":\"Laura Fernandes\",\"@id\":\"https:\\\/\\\/www.grupomedcof.com.br\\\/blog\\\/#\\\/schema\\\/person\\\/8ef52fbd7689d8a1d2208bdf4d975d8e\"},\"headline\":\"Prova de T\u00edtulo em Medicina Intensiva (TEMI) 2026: confira o edital\",\"datePublished\":\"2026-03-06T18:31:06+00:00\",\"dateModified\":\"2026-04-16T19:27:25+00:00\",\"mainEntityOfPage\":{\"@id\":\"https:\\\/\\\/www.grupomedcof.com.br\\\/blog\\\/edital-prova-de-titulo-em-medicina-intensiva\\\/\"},\"wordCount\":565,\"commentCount\":0,\"publisher\":{\"@id\":\"https:\\\/\\\/www.grupomedcof.com.br\\\/blog\\\/#organization\"},\"image\":{\"@id\":\"https:\\\/\\\/www.grupomedcof.com.br\\\/blog\\\/edital-prova-de-titulo-em-medicina-intensiva\\\/#primaryimage\"},\"thumbnailUrl\":\"https:\\\/\\\/www.grupomedcof.com.br\\\/blog\\\/wp-content\\\/uploads\\\/2024\\\/06\\\/Blog-MedCof-19.png\",\"keywords\":[\"Medicina Intensiva\",\"medicina intensiva adulto\",\"Provas de T\u00edtulo\"],\"articleSection\":[\"Editais\",\"Medicina Intensiva\",\"Prova de T\u00edtulo: dicas e informa\u00e7\u00f5es confi\u00e1veis e atualizadas\"],\"inLanguage\":\"pt-BR\"},{\"@type\":\"WebPage\",\"@id\":\"https:\\\/\\\/www.grupomedcof.com.br\\\/blog\\\/edital-prova-de-titulo-em-medicina-intensiva\\\/\",\"url\":\"https:\\\/\\\/www.grupomedcof.com.br\\\/blog\\\/edital-prova-de-titulo-em-medicina-intensiva\\\/\",\"name\":\"Prova de T\u00edtulo em Medicina Intensiva (TEMI) 2026: confira o edital - Blog de Medcof: conte\u00fados, editais, revalida e mais!\",\"isPartOf\":{\"@id\":\"https:\\\/\\\/www.grupomedcof.com.br\\\/blog\\\/#website\"},\"primaryImageOfPage\":{\"@id\":\"https:\\\/\\\/www.grupomedcof.com.br\\\/blog\\\/edital-prova-de-titulo-em-medicina-intensiva\\\/#primaryimage\"},\"image\":{\"@id\":\"https:\\\/\\\/www.grupomedcof.com.br\\\/blog\\\/edital-prova-de-titulo-em-medicina-intensiva\\\/#primaryimage\"},\"thumbnailUrl\":\"https:\\\/\\\/www.grupomedcof.com.br\\\/blog\\\/wp-content\\\/uploads\\\/2024\\\/06\\\/Blog-MedCof-19.png\",\"datePublished\":\"2026-03-06T18:31:06+00:00\",\"dateModified\":\"2026-04-16T19:27:25+00:00\",\"description\":\"Confira as principais informa\u00e7\u00f5es do TEMI 2026: inscri\u00e7\u00f5es, quem pode participar, como funciona a prova e o cronograma.\",\"breadcrumb\":{\"@id\":\"https:\\\/\\\/www.grupomedcof.com.br\\\/blog\\\/edital-prova-de-titulo-em-medicina-intensiva\\\/#breadcrumb\"},\"inLanguage\":\"pt-BR\",\"potentialAction\":[{\"@type\":\"ReadAction\",\"target\":[\"https:\\\/\\\/www.grupomedcof.com.br\\\/blog\\\/edital-prova-de-titulo-em-medicina-intensiva\\\/\"]}]},{\"@type\":\"ImageObject\",\"inLanguage\":\"pt-BR\",\"@id\":\"https:\\\/\\\/www.grupomedcof.com.br\\\/blog\\\/edital-prova-de-titulo-em-medicina-intensiva\\\/#primaryimage\",\"url\":\"https:\\\/\\\/www.grupomedcof.com.br\\\/blog\\\/wp-content\\\/uploads\\\/2024\\\/06\\\/Blog-MedCof-19.png\",\"contentUrl\":\"https:\\\/\\\/www.grupomedcof.com.br\\\/blog\\\/wp-content\\\/uploads\\\/2024\\\/06\\\/Blog-MedCof-19.png\",\"width\":1920,\"height\":1080},{\"@type\":\"BreadcrumbList\",\"@id\":\"https:\\\/\\\/www.grupomedcof.com.br\\\/blog\\\/edital-prova-de-titulo-em-medicina-intensiva\\\/#breadcrumb\",\"itemListElement\":[{\"@type\":\"ListItem\",\"position\":1,\"name\":\"In\u00edcio\",\"item\":\"https:\\\/\\\/www.grupomedcof.com.br\\\/blog\\\/\"},{\"@type\":\"ListItem\",\"position\":2,\"name\":\"Prova de T\u00edtulo em Medicina Intensiva (TEMI) 2026: confira o edital\"}]},{\"@type\":\"WebSite\",\"@id\":\"https:\\\/\\\/www.grupomedcof.com.br\\\/blog\\\/#website\",\"url\":\"https:\\\/\\\/www.grupomedcof.com.br\\\/blog\\\/\",\"name\":\"Blog de Medcof: conte\u00fados, editais, revalida e mais!\",\"description\":\"Acesso o blog de MedCof! Seu portal de conte\u00fados sobre resid\u00eancia m\u00e9dica, an\u00e1lise e editais e muito mais. Clique e confira!\",\"publisher\":{\"@id\":\"https:\\\/\\\/www.grupomedcof.com.br\\\/blog\\\/#organization\"},\"alternateName\":\"Blog de Medcof: conte\u00fados, editais, revalida e mais!\",\"potentialAction\":[{\"@type\":\"SearchAction\",\"target\":{\"@type\":\"EntryPoint\",\"urlTemplate\":\"https:\\\/\\\/www.grupomedcof.com.br\\\/blog\\\/?s={search_term_string}\"},\"query-input\":{\"@type\":\"PropertyValueSpecification\",\"valueRequired\":true,\"valueName\":\"search_term_string\"}}],\"inLanguage\":\"pt-BR\"},{\"@type\":\"Organization\",\"@id\":\"https:\\\/\\\/www.grupomedcof.com.br\\\/blog\\\/#organization\",\"name\":\"Grupo MedCof\",\"url\":\"https:\\\/\\\/www.grupomedcof.com.br\\\/blog\\\/\",\"logo\":{\"@type\":\"ImageObject\",\"inLanguage\":\"pt-BR\",\"@id\":\"https:\\\/\\\/www.grupomedcof.com.br\\\/blog\\\/#\\\/schema\\\/logo\\\/image\\\/\",\"url\":\"https:\\\/\\\/www.grupomedcof.com.br\\\/blog\\\/wp-content\\\/uploads\\\/2022\\\/01\\\/logo-medcof.png\",\"contentUrl\":\"https:\\\/\\\/www.grupomedcof.com.br\\\/blog\\\/wp-content\\\/uploads\\\/2022\\\/01\\\/logo-medcof.png\",\"width\":768,\"height\":269,\"caption\":\"Grupo MedCof\"},\"image\":{\"@id\":\"https:\\\/\\\/www.grupomedcof.com.br\\\/blog\\\/#\\\/schema\\\/logo\\\/image\\\/\"},\"sameAs\":[\"https:\\\/\\\/www.facebook.com\\\/MedCofQbank\\\/\",\"https:\\\/\\\/www.instagram.com\\\/grupomedcof\\\/\",\"https:\\\/\\\/br.linkedin.com\\\/company\\\/medcof\",\"https:\\\/\\\/www.youtube.com\\\/channel\\\/UCdHMuOHKICxcHwecxN8P-AA\"]},{\"@type\":\"Person\",\"@id\":\"https:\\\/\\\/www.grupomedcof.com.br\\\/blog\\\/#\\\/schema\\\/person\\\/8ef52fbd7689d8a1d2208bdf4d975d8e\",\"name\":\"Laura Fernandes\",\"image\":{\"@type\":\"ImageObject\",\"inLanguage\":\"pt-BR\",\"@id\":\"https:\\\/\\\/www.grupomedcof.com.br\\\/blog\\\/wp-content\\\/uploads\\\/2025\\\/09\\\/cropped-equipe-96x96.jpegaa171aa213b4913d9406ab69d274aa2a\",\"url\":\"https:\\\/\\\/www.grupomedcof.com.br\\\/blog\\\/wp-content\\\/uploads\\\/2025\\\/09\\\/cropped-equipe-96x96.jpeg\",\"contentUrl\":\"https:\\\/\\\/www.grupomedcof.com.br\\\/blog\\\/wp-content\\\/uploads\\\/2025\\\/09\\\/cropped-equipe-96x96.jpeg\",\"caption\":\"Laura Fernandes\"},\"description\":\"Jornalista pela UFOP, escrevo sobre sa\u00fade e especializa\u00e7\u00f5es m\u00e9dicas.\",\"url\":\"https:\\\/\\\/www.grupomedcof.com.br\\\/blog\\\/author\\\/laura\\\/\"}]}<\/script>\n<!-- \/ Yoast SEO Premium plugin. -->","yoast_head_json":{"title":"Prova de T\u00edtulo em Medicina Intensiva (TEMI) 2026: confira o edital - Blog de Medcof: conte\u00fados, editais, revalida e mais!","description":"Confira as principais informa\u00e7\u00f5es do TEMI 2026: inscri\u00e7\u00f5es, quem pode participar, como funciona a prova e o cronograma.","robots":{"index":"index","follow":"follow","max-snippet":"max-snippet:-1","max-image-preview":"max-image-preview:large","max-video-preview":"max-video-preview:-1"},"canonical":"https:\/\/www.grupomedcof.com.br\/blog\/edital-prova-de-titulo-em-medicina-intensiva\/","og_locale":"pt_BR","og_type":"article","og_title":"Prova de T\u00edtulo em Medicina Intensiva (TEMI) 2026: confira o edital","og_description":"Confira as principais informa\u00e7\u00f5es do TEMI 2026: inscri\u00e7\u00f5es, quem pode participar, como funciona a prova e o cronograma.","og_url":"https:\/\/www.grupomedcof.com.br\/blog\/edital-prova-de-titulo-em-medicina-intensiva\/","og_site_name":"Blog de Medcof: conte\u00fados, editais, revalida e mais!","article_publisher":"https:\/\/www.facebook.com\/MedCofQbank\/","article_published_time":"2026-03-06T18:31:06+00:00","article_modified_time":"2026-04-16T19:27:25+00:00","og_image":[{"width":1024,"height":576,"url":"https:\/\/www.grupomedcof.com.br\/blog\/wp-content\/uploads\/2024\/06\/Blog-MedCof-19-1024x576.png","type":"image\/png"}],"author":"Laura Fernandes","twitter_card":"summary_large_image","twitter_misc":{"Escrito por":"Laura Fernandes","Est. tempo de leitura":"4 minutos"},"schema":{"@context":"https:\/\/schema.org","@graph":[{"@type":"Article","@id":"https:\/\/www.grupomedcof.com.br\/blog\/edital-prova-de-titulo-em-medicina-intensiva\/#article","isPartOf":{"@id":"https:\/\/www.grupomedcof.com.br\/blog\/edital-prova-de-titulo-em-medicina-intensiva\/"},"author":{"name":"Laura Fernandes","@id":"https:\/\/www.grupomedcof.com.br\/blog\/#\/schema\/person\/8ef52fbd7689d8a1d2208bdf4d975d8e"},"headline":"Prova de T\u00edtulo em Medicina Intensiva (TEMI) 2026: confira o edital","datePublished":"2026-03-06T18:31:06+00:00","dateModified":"2026-04-16T19:27:25+00:00","mainEntityOfPage":{"@id":"https:\/\/www.grupomedcof.com.br\/blog\/edital-prova-de-titulo-em-medicina-intensiva\/"},"wordCount":565,"commentCount":0,"publisher":{"@id":"https:\/\/www.grupomedcof.com.br\/blog\/#organization"},"image":{"@id":"https:\/\/www.grupomedcof.com.br\/blog\/edital-prova-de-titulo-em-medicina-intensiva\/#primaryimage"},"thumbnailUrl":"https:\/\/www.grupomedcof.com.br\/blog\/wp-content\/uploads\/2024\/06\/Blog-MedCof-19.png","keywords":["Medicina Intensiva","medicina intensiva adulto","Provas de T\u00edtulo"],"articleSection":["Editais","Medicina Intensiva","Prova de T\u00edtulo: dicas e informa\u00e7\u00f5es confi\u00e1veis e atualizadas"],"inLanguage":"pt-BR"},{"@type":"WebPage","@id":"https:\/\/www.grupomedcof.com.br\/blog\/edital-prova-de-titulo-em-medicina-intensiva\/","url":"https:\/\/www.grupomedcof.com.br\/blog\/edital-prova-de-titulo-em-medicina-intensiva\/","name":"Prova de T\u00edtulo em Medicina Intensiva (TEMI) 2026: confira o edital - Blog de Medcof: conte\u00fados, editais, revalida e mais!","isPartOf":{"@id":"https:\/\/www.grupomedcof.com.br\/blog\/#website"},"primaryImageOfPage":{"@id":"https:\/\/www.grupomedcof.com.br\/blog\/edital-prova-de-titulo-em-medicina-intensiva\/#primaryimage"},"image":{"@id":"https:\/\/www.grupomedcof.com.br\/blog\/edital-prova-de-titulo-em-medicina-intensiva\/#primaryimage"},"thumbnailUrl":"https:\/\/www.grupomedcof.com.br\/blog\/wp-content\/uploads\/2024\/06\/Blog-MedCof-19.png","datePublished":"2026-03-06T18:31:06+00:00","dateModified":"2026-04-16T19:27:25+00:00","description":"Confira as principais informa\u00e7\u00f5es do TEMI 2026: inscri\u00e7\u00f5es, quem pode participar, como funciona a prova e o cronograma.","breadcrumb":{"@id":"https:\/\/www.grupomedcof.com.br\/blog\/edital-prova-de-titulo-em-medicina-intensiva\/#breadcrumb"},"inLanguage":"pt-BR","potentialAction":[{"@type":"ReadAction","target":["https:\/\/www.grupomedcof.com.br\/blog\/edital-prova-de-titulo-em-medicina-intensiva\/"]}]},{"@type":"ImageObject","inLanguage":"pt-BR","@id":"https:\/\/www.grupomedcof.com.br\/blog\/edital-prova-de-titulo-em-medicina-intensiva\/#primaryimage","url":"https:\/\/www.grupomedcof.com.br\/blog\/wp-content\/uploads\/2024\/06\/Blog-MedCof-19.png","contentUrl":"https:\/\/www.grupomedcof.com.br\/blog\/wp-content\/uploads\/2024\/06\/Blog-MedCof-19.png","width":1920,"height":1080},{"@type":"BreadcrumbList","@id":"https:\/\/www.grupomedcof.com.br\/blog\/edital-prova-de-titulo-em-medicina-intensiva\/#breadcrumb","itemListElement":[{"@type":"ListItem","position":1,"name":"In\u00edcio","item":"https:\/\/www.grupomedcof.com.br\/blog\/"},{"@type":"ListItem","position":2,"name":"Prova de T\u00edtulo em Medicina Intensiva (TEMI) 2026: confira o edital"}]},{"@type":"WebSite","@id":"https:\/\/www.grupomedcof.com.br\/blog\/#website","url":"https:\/\/www.grupomedcof.com.br\/blog\/","name":"Blog de Medcof: conte\u00fados, editais, revalida e mais!","description":"Acesso o blog de MedCof! Seu portal de conte\u00fados sobre resid\u00eancia m\u00e9dica, an\u00e1lise e editais e muito mais. Clique e confira!","publisher":{"@id":"https:\/\/www.grupomedcof.com.br\/blog\/#organization"},"alternateName":"Blog de Medcof: conte\u00fados, editais, revalida e mais!","potentialAction":[{"@type":"SearchAction","target":{"@type":"EntryPoint","urlTemplate":"https:\/\/www.grupomedcof.com.br\/blog\/?s={search_term_string}"},"query-input":{"@type":"PropertyValueSpecification","valueRequired":true,"valueName":"search_term_string"}}],"inLanguage":"pt-BR"},{"@type":"Organization","@id":"https:\/\/www.grupomedcof.com.br\/blog\/#organization","name":"Grupo MedCof","url":"https:\/\/www.grupomedcof.com.br\/blog\/","logo":{"@type":"ImageObject","inLanguage":"pt-BR","@id":"https:\/\/www.grupomedcof.com.br\/blog\/#\/schema\/logo\/image\/","url":"https:\/\/www.grupomedcof.com.br\/blog\/wp-content\/uploads\/2022\/01\/logo-medcof.png","contentUrl":"https:\/\/www.grupomedcof.com.br\/blog\/wp-content\/uploads\/2022\/01\/logo-medcof.png","width":768,"height":269,"caption":"Grupo MedCof"},"image":{"@id":"https:\/\/www.grupomedcof.com.br\/blog\/#\/schema\/logo\/image\/"},"sameAs":["https:\/\/www.facebook.com\/MedCofQbank\/","https:\/\/www.instagram.com\/grupomedcof\/","https:\/\/br.linkedin.com\/company\/medcof","https:\/\/www.youtube.com\/channel\/UCdHMuOHKICxcHwecxN8P-AA"]},{"@type":"Person","@id":"https:\/\/www.grupomedcof.com.br\/blog\/#\/schema\/person\/8ef52fbd7689d8a1d2208bdf4d975d8e","name":"Laura Fernandes","image":{"@type":"ImageObject","inLanguage":"pt-BR","@id":"https:\/\/www.grupomedcof.com.br\/blog\/wp-content\/uploads\/2025\/09\/cropped-equipe-96x96.jpegaa171aa213b4913d9406ab69d274aa2a","url":"https:\/\/www.grupomedcof.com.br\/blog\/wp-content\/uploads\/2025\/09\/cropped-equipe-96x96.jpeg","contentUrl":"https:\/\/www.grupomedcof.com.br\/blog\/wp-content\/uploads\/2025\/09\/cropped-equipe-96x96.jpeg","caption":"Laura Fernandes"},"description":"Jornalista pela UFOP, escrevo sobre sa\u00fade e especializa\u00e7\u00f5es m\u00e9dicas.","url":"https:\/\/www.grupomedcof.com.br\/blog\/author\/laura\/"}]}},"authors":[{"term_id":3619,"user_id":35,"is_guest":0,"slug":"laura","display_name":"Laura Fernandes","avatar_url":"https:\/\/www.grupomedcof.com.br\/blog\/wp-content\/uploads\/2025\/09\/cropped-equipe-96x96.jpeg","0":null,"1":"","2":"","3":"","4":"","5":"","6":"","7":"","8":""}],"_links":{"self":[{"href":"https:\/\/www.grupomedcof.com.br\/blog\/wp-json\/wp\/v2\/posts\/27017","targetHints":{"allow":["GET"]}}],"collection":[{"href":"https:\/\/www.grupomedcof.com.br\/blog\/wp-json\/wp\/v2\/posts"}],"about":[{"href":"https:\/\/www.grupomedcof.com.br\/blog\/wp-json\/wp\/v2\/types\/post"}],"author":[{"embeddable":true,"href":"https:\/\/www.grupomedcof.com.br\/blog\/wp-json\/wp\/v2\/users\/35"}],"replies":[{"embeddable":true,"href":"https:\/\/www.grupomedcof.com.br\/blog\/wp-json\/wp\/v2\/comments?post=27017"}],"version-history":[{"count":3,"href":"https:\/\/www.grupomedcof.com.br\/blog\/wp-json\/wp\/v2\/posts\/27017\/revisions"}],"predecessor-version":[{"id":42148,"href":"https:\/\/www.grupomedcof.com.br\/blog\/wp-json\/wp\/v2\/posts\/27017\/revisions\/42148"}],"wp:featuredmedia":[{"embeddable":true,"href":"https:\/\/www.grupomedcof.com.br\/blog\/wp-json\/wp\/v2\/media\/27025"}],"wp:attachment":[{"href":"https:\/\/www.grupomedcof.com.br\/blog\/wp-json\/wp\/v2\/media?parent=27017"}],"wp:term":[{"taxonomy":"category","embeddable":true,"href":"https:\/\/www.grupomedcof.com.br\/blog\/wp-json\/wp\/v2\/categories?post=27017"},{"taxonomy":"post_tag","embeddable":true,"href":"https:\/\/www.grupomedcof.com.br\/blog\/wp-json\/wp\/v2\/tags?post=27017"},{"taxonomy":"author","embeddable":true,"href":"https:\/\/www.grupomedcof.com.br\/blog\/wp-json\/wp\/v2\/ppma_author?post=27017"}],"curies":[{"name":"wp","href":"https:\/\/api.w.org\/{rel}","templated":true}]}}