{"id":27067,"date":"2024-06-25T14:51:21","date_gmt":"2024-06-25T17:51:21","guid":{"rendered":"https:\/\/www.grupomedcof.com.br\/blog\/?p=27067"},"modified":"2024-08-13T13:17:00","modified_gmt":"2024-08-13T16:17:00","slug":"atualizacao-da-lista-oficial-de-especialidades-do-cfm","status":"publish","type":"post","link":"https:\/\/www.grupomedcof.com.br\/blog\/atualizacao-da-lista-oficial-de-especialidades-do-cfm\/","title":{"rendered":"Atualiza\u00e7\u00e3o da lista oficial de especialidades do CFM"},"content":{"rendered":"<div id=\"ez-toc-container\" class=\"ez-toc-v2_0_74 counter-hierarchy ez-toc-counter ez-toc-transparent ez-toc-container-direction\">\n<div class=\"ez-toc-title-container\">\n<p class=\"ez-toc-title\" style=\"cursor:inherit\">Sum\u00e1rio<\/p>\n<span class=\"ez-toc-title-toggle\"><a href=\"#\" class=\"ez-toc-pull-right ez-toc-btn ez-toc-btn-xs ez-toc-btn-default ez-toc-toggle\" aria-label=\"Alternar tabela de conte\u00fado\"><span class=\"ez-toc-js-icon-con\"><span class=\"\"><span class=\"eztoc-hide\" style=\"display:none;\">Toggle<\/span><span class=\"ez-toc-icon-toggle-span\"><svg style=\"fill: #999;color:#999\" xmlns=\"http:\/\/www.w3.org\/2000\/svg\" class=\"list-377408\" width=\"20px\" height=\"20px\" viewBox=\"0 0 24 24\" fill=\"none\"><path d=\"M6 6H4v2h2V6zm14 0H8v2h12V6zM4 11h2v2H4v-2zm16 0H8v2h12v-2zM4 16h2v2H4v-2zm16 0H8v2h12v-2z\" fill=\"currentColor\"><\/path><\/svg><svg style=\"fill: #999;color:#999\" class=\"arrow-unsorted-368013\" xmlns=\"http:\/\/www.w3.org\/2000\/svg\" width=\"10px\" height=\"10px\" viewBox=\"0 0 24 24\" version=\"1.2\" baseProfile=\"tiny\"><path d=\"M18.2 9.3l-6.2-6.3-6.2 6.3c-.2.2-.3.4-.3.7s.1.5.3.7c.2.2.4.3.7.3h11c.3 0 .5-.1.7-.3.2-.2.3-.5.3-.7s-.1-.5-.3-.7zM5.8 14.7l6.2 6.3 6.2-6.3c.2-.2.3-.5.3-.7s-.1-.5-.3-.7c-.2-.2-.4-.3-.7-.3h-11c-.3 0-.5.1-.7.3-.2.2-.3.5-.3.7s.1.5.3.7z\"\/><\/svg><\/span><\/span><\/span><\/a><\/span><\/div>\n<nav><ul class='ez-toc-list ez-toc-list-level-1 ' ><li class='ez-toc-page-1 ez-toc-heading-level-2'><a class=\"ez-toc-link ez-toc-heading-1\" href=\"https:\/\/www.grupomedcof.com.br\/blog\/atualizacao-da-lista-oficial-de-especialidades-do-cfm\/#Novidades_nos_pre-requisitos\" >Novidades nos pr\u00e9-requisitos<\/a><\/li><li class='ez-toc-page-1 ez-toc-heading-level-2'><a class=\"ez-toc-link ez-toc-heading-2\" href=\"https:\/\/www.grupomedcof.com.br\/blog\/atualizacao-da-lista-oficial-de-especialidades-do-cfm\/#Medicina_Aeroespacial\" >Medicina Aeroespacial<\/a><\/li><li class='ez-toc-page-1 ez-toc-heading-level-2'><a class=\"ez-toc-link ez-toc-heading-3\" href=\"https:\/\/www.grupomedcof.com.br\/blog\/atualizacao-da-lista-oficial-de-especialidades-do-cfm\/#Medicina_do_sono\" >Medicina do sono<\/a><\/li><li class='ez-toc-page-1 ez-toc-heading-level-2'><a class=\"ez-toc-link ez-toc-heading-4\" href=\"https:\/\/www.grupomedcof.com.br\/blog\/atualizacao-da-lista-oficial-de-especialidades-do-cfm\/#Toxicologia_Medica\" >Toxicologia M\u00e9dica<\/a><\/li><li class='ez-toc-page-1 ez-toc-heading-level-2'><a class=\"ez-toc-link ez-toc-heading-5\" href=\"https:\/\/www.grupomedcof.com.br\/blog\/atualizacao-da-lista-oficial-de-especialidades-do-cfm\/#Oncogenetica\" >Oncogen\u00e9tica<\/a><\/li><li class='ez-toc-page-1 ez-toc-heading-level-2'><a class=\"ez-toc-link ez-toc-heading-6\" href=\"https:\/\/www.grupomedcof.com.br\/blog\/atualizacao-da-lista-oficial-de-especialidades-do-cfm\/#Seja_um_MedCoffer\" >Seja um MedCoffer!<\/a><\/li><\/ul><\/nav><\/div>\n\n<figure class=\"wp-block-gallery has-nested-images columns-default is-cropped wp-block-gallery-1 is-layout-flex wp-block-gallery-is-layout-flex\">\n<figure class=\"wp-block-image size-large\"><img loading=\"lazy\" decoding=\"async\" width=\"1024\" height=\"576\" data-id=\"27081\" src=\"https:\/\/www.grupomedcof.com.br\/blog\/wp-content\/uploads\/2024\/06\/Blog-MedCof-16-1-1024x576.png\" alt=\"A imagem cont\u00e9m a logo do Conselho Federal de Medicina\" class=\"wp-image-27081\" srcset=\"https:\/\/www.grupomedcof.com.br\/blog\/wp-content\/uploads\/2024\/06\/Blog-MedCof-16-1-1024x576.png 1024w, https:\/\/www.grupomedcof.com.br\/blog\/wp-content\/uploads\/2024\/06\/Blog-MedCof-16-1-300x169.png 300w, https:\/\/www.grupomedcof.com.br\/blog\/wp-content\/uploads\/2024\/06\/Blog-MedCof-16-1-768x432.png 768w, https:\/\/www.grupomedcof.com.br\/blog\/wp-content\/uploads\/2024\/06\/Blog-MedCof-16-1-1536x864.png 1536w, https:\/\/www.grupomedcof.com.br\/blog\/wp-content\/uploads\/2024\/06\/Blog-MedCof-16-1-2048x1152.png 2048w, https:\/\/www.grupomedcof.com.br\/blog\/wp-content\/uploads\/2024\/06\/Blog-MedCof-16-1-747x420.png 747w, https:\/\/www.grupomedcof.com.br\/blog\/wp-content\/uploads\/2024\/06\/Blog-MedCof-16-1-150x84.png 150w, https:\/\/www.grupomedcof.com.br\/blog\/wp-content\/uploads\/2024\/06\/Blog-MedCof-16-1-696x392.png 696w, https:\/\/www.grupomedcof.com.br\/blog\/wp-content\/uploads\/2024\/06\/Blog-MedCof-16-1-1068x601.png 1068w, https:\/\/www.grupomedcof.com.br\/blog\/wp-content\/uploads\/2024\/06\/Blog-MedCof-16-1-1920x1080.png 1920w\" sizes=\"auto, (max-width: 1024px) 100vw, 1024px\" \/><\/figure>\n<\/figure>\n\n\n\n<p>O Conselho Federal de Medicina (CFM) publicou na \u00faltima segunda-feira (24) a atualiza\u00e7\u00e3o da lista de especialidades e \u00e1reas de atua\u00e7\u00e3o m\u00e9dicas reconhecidas pela Comiss\u00e3o Mista de Especialidades (CME). O novo documento substitui a Resolu\u00e7\u00e3o CFM n\u00ba 2.330\/2023.<\/p>\n\n\n\n<p>Al\u00e9m de atualizar a lista de especialidades m\u00e9dicas de atua\u00e7\u00e3o reconhecidas pela <strong>CME<\/strong>, a resolu\u00e7\u00e3o tamb\u00e9m trouxe mudan\u00e7as na \u00e1rea de atua\u00e7\u00e3o em Endoscopia respirat\u00f3ria. Ademais, agora os que tiverem t\u00edtulo em pediatria com certificado de atua\u00e7\u00e3o em Pneumologia Pedi\u00e1trica tamb\u00e9m poder\u00e3o obter o certificado nesta \u00e1rea.<\/p>\n\n\n\n<p>Desse modo, confira abaixo algumas atualiza\u00e7\u00f5es da lista do CFM:<\/p>\n\n\n\n<h2 class=\"wp-block-heading\" id=\"h-novidades-nos-pre-requisitos\"><span class=\"ez-toc-section\" id=\"Novidades_nos_pre-requisitos\"><\/span><strong>Novidades nos pr\u00e9-requisitos<\/strong><span class=\"ez-toc-section-end\"><\/span><\/h2>\n\n\n\n<p>De acordo com a publica\u00e7\u00e3o, algumas especialidades agora contam com novos pr\u00e9-requisitos para ingresso de resid\u00eancia m\u00e9dica pr\u00e9via ou t\u00edtulo de especialista, s\u00e3o elas:<\/p>\n\n\n\n<h2 class=\"wp-block-heading\" id=\"h-medicina-aeroespacial\"><span class=\"ez-toc-section\" id=\"Medicina_Aeroespacial\"><\/span><strong>Medicina Aeroespacial<\/strong><span class=\"ez-toc-section-end\"><\/span><\/h2>\n\n\n\n<p>Com dura\u00e7\u00e3o de 2 anos, para realizar essa \u00e1rea de atua\u00e7\u00e3o, al\u00e9m das anteriores, poder\u00e1 ser consideradas como pr\u00e9-requisito para ingresso novas especialidades como:<\/p>\n\n\n\n<ul class=\"wp-block-list\">\n<li><a href=\"https:\/\/www.grupomedcof.com.br\/blog\/residencia-em-cardiologia-como-funciona-quanto-ganha-e-onde-estudar\/\" target=\"_blank\" rel=\"noreferrer noopener\">Cardiologia<\/a>;<\/li>\n\n\n\n<li>Cirurgia Pedi\u00e1trica;<\/li>\n\n\n\n<li>Medicina do Trabalho;<\/li>\n\n\n\n<li>Medicina do Tr\u00e1fego;<\/li>\n\n\n\n<li>Ortopedia e Traumatologia;<\/li>\n\n\n\n<li>Otorrinolaringologia;<\/li>\n\n\n\n<li>Psiquiatria.<\/li>\n<\/ul>\n\n\n\n<p>Al\u00e9m disso, a cria\u00e7\u00e3o da \u00e1rea de Medicina Aeroespacial extinguiu a de <strong>Medicina de Urg\u00eancia.<\/strong><\/p>\n\n\n\n<h2 class=\"wp-block-heading\" id=\"h-medicina-do-sono\"><span class=\"ez-toc-section\" id=\"Medicina_do_sono\"><\/span><strong>Medicina do sono<\/strong><span class=\"ez-toc-section-end\"><\/span><\/h2>\n\n\n\n<p>Anteriormente, o m\u00e9dico deveria concluir pr\u00e9-requisito em<strong> Cl\u00ednica M\u00e9dica, Neurologia, Otorrinolaringologia, Pediatria, Pneumologia ou Psiquiatria<\/strong>.\u00a0Agora, m\u00e9dicos com resid\u00eancia m\u00e9dica em <strong>Cardiologia<\/strong> tamb\u00e9m poder\u00e3o ingressar em Medicina do Sono. <\/p>\n\n\n\n<h2 class=\"wp-block-heading\" id=\"h-toxicologia-medica\"><span class=\"ez-toc-section\" id=\"Toxicologia_Medica\"><\/span><strong>Toxicologia M\u00e9dica<\/strong><span class=\"ez-toc-section-end\"><\/span><\/h2>\n\n\n\n<p>Anteriormente exigindo como pr\u00e9-requisito Resid\u00eancia M\u00e9dica em Cl\u00ednica M\u00e9dica, Medicina Intensiva, Pediatria ou Pneumologia, agora com a nova resolu\u00e7\u00e3o o pr\u00e9-requisito conta com  a <strong>Medicina do Trabalho.<\/strong><\/p>\n\n\n\n<h2 class=\"wp-block-heading\" id=\"h-oncogenetica\"><span class=\"ez-toc-section\" id=\"Oncogenetica\"><\/span><strong>Oncogen\u00e9tica<\/strong><span class=\"ez-toc-section-end\"><\/span><\/h2>\n\n\n\n<p>Unindo os campos de Gen\u00e9tica e Oncologia, a Oncogen\u00e9tica se dedica a estudar o impacto de muta\u00e7\u00f5es heredit\u00e1rias na incid\u00eancia dos tumores. O seu principal objetivo \u00e9 auxiliar pessoas que apresentam risco aumentado de desenvolver c\u00e2ncer devido \u00e0s suas caracter\u00edsticas gen\u00e9ticas a reduzirem este risco.<\/p>\n\n\n\n<p>Essa nova \u00e1rea de atua\u00e7\u00e3o ter\u00e1 como pr\u00e9-requisito para ingresso as seguintes especialidades:<\/p>\n\n\n\n<ul class=\"wp-block-list\">\n<li>Cirurgia de Cabe\u00e7a e Pesco\u00e7o;<\/li>\n\n\n\n<li>Cirurgia Oncol\u00f3gica;<\/li>\n\n\n\n<li>Coloproctologia;<\/li>\n\n\n\n<li>Gen\u00e9tica M\u00e9dica;<\/li>\n\n\n\n<li>Hematologia e Hemoterapia;<\/li>\n\n\n\n<li>Mastologia;<\/li>\n\n\n\n<li>Neurologia;<\/li>\n\n\n\n<li>Oncologia Cl\u00ednica;<\/li>\n\n\n\n<li>Patologia Cl\u00ednica\/Medicina Laboratorial; ou\u00a0<\/li>\n\n\n\n<li>Radioterapia.<\/li>\n<\/ul>\n\n\n\n<div class=\"wp-block-buttons is-layout-flex wp-block-buttons-is-layout-flex\">\n<div class=\"wp-block-button\"><a class=\"wp-block-button__link wp-element-button\" href=\"https:\/\/cdn.medblog.estrategiaeducacional.com.br\/wp-content\/uploads\/2024\/06\/RESOLUCAO-CFM-no-2.380-DE-18-DE-JUNHO-DE-2024-RESOLUCAO-CFM-no-2.380-DE-18-DE-JUNHO-DE-2024-DOU-Imprensa-Nacional.pdf\">Confira atualiza\u00e7\u00e3o da lista<\/a><\/div>\n<\/div>\n\n\n\n<h2 class=\"wp-block-heading\" id=\"h-seja-um-medcoffer\"><span class=\"ez-toc-section\" id=\"Seja_um_MedCoffer\"><\/span><strong>Seja um MedCoffer!<\/strong><span class=\"ez-toc-section-end\"><\/span><\/h2>\n\n\n\n<p>Assista essa aula para saber quais erros n\u00e3o cometer ao estudar para as provas de resid\u00eancia m\u00e9dica com o Dr. Diogo Fukuda e mandar bem!<\/p>\n\n\n\n<figure class=\"wp-block-embed is-type-video is-provider-youtube wp-block-embed-youtube wp-embed-aspect-16-9 wp-has-aspect-ratio\"><div class=\"wp-block-embed__wrapper\">\n<div class=\"youtube-embed\" data-video_id=\"rwEdfoc5SPY\"><iframe loading=\"lazy\" title=\"Papo de Aprovado #4 -Qual erro n\u00e3o cometer ao estudar para prova de Resid\u00eancia com Dr. Diogo Fukuda\" width=\"696\" height=\"392\" src=\"https:\/\/www.youtube.com\/embed\/rwEdfoc5SPY?feature=oembed&#038;enablejsapi=1\" frameborder=\"0\" allow=\"accelerometer; autoplay; clipboard-write; encrypted-media; gyroscope; picture-in-picture; web-share\" referrerpolicy=\"strict-origin-when-cross-origin\" allowfullscreen><\/iframe><\/div>\n<\/div><\/figure>\n","protected":false},"excerpt":{"rendered":"<p>O CFM publicou na \u00faltima segunda-feira (24) a atualiza\u00e7\u00e3o da lista de especialidades e \u00e1reas de atua\u00e7\u00e3o m\u00e9dicas reconhecidas pela CME.<\/p>\n","protected":false},"author":18,"featured_media":27081,"comment_status":"open","ping_status":"open","sticky":false,"template":"","format":"standard","meta":{"footnotes":""},"categories":[1802,174],"tags":[1483,1484,93,117,68],"ppma_author":[3611],"class_list":{"0":"post-27067","1":"post","2":"type-post","3":"status-publish","4":"format-standard","5":"has-post-thumbnail","7":"category-cfm","8":"category-residencia-medica","9":"tag-atualizacao","10":"tag-atualizacao-especialidades","11":"tag-especialidades-medicas","12":"tag-provas-de-residencia","13":"tag-residencia-medica"},"yoast_head":"<!-- This site is optimized with the Yoast SEO Premium plugin v24.3 (Yoast SEO v27.4) - https:\/\/yoast.com\/product\/yoast-seo-premium-wordpress\/ -->\n<title>Atualiza\u00e7\u00e3o da lista oficial de especialidades do CFM - Blog de Medcof: conte\u00fados, editais, revalida e mais!<\/title>\n<meta name=\"description\" content=\"O CFM publicou na \u00faltima segunda-feira (24) a atualiza\u00e7\u00e3o da lista de especialidades e \u00e1reas de atua\u00e7\u00e3o m\u00e9dicas reconhecidas pela CME.\" \/>\n<meta name=\"robots\" content=\"index, follow, max-snippet:-1, max-image-preview:large, max-video-preview:-1\" \/>\n<link rel=\"canonical\" href=\"https:\/\/www.grupomedcof.com.br\/blog\/atualizacao-da-lista-oficial-de-especialidades-do-cfm\/\" \/>\n<meta property=\"og:locale\" content=\"pt_BR\" \/>\n<meta property=\"og:type\" content=\"article\" \/>\n<meta property=\"og:title\" content=\"Atualiza\u00e7\u00e3o da lista oficial de especialidades do CFM\" \/>\n<meta property=\"og:description\" content=\"O CFM publicou na \u00faltima segunda-feira (24) a atualiza\u00e7\u00e3o da lista de especialidades e \u00e1reas de atua\u00e7\u00e3o m\u00e9dicas reconhecidas pela CME.\" \/>\n<meta property=\"og:url\" content=\"https:\/\/www.grupomedcof.com.br\/blog\/atualizacao-da-lista-oficial-de-especialidades-do-cfm\/\" \/>\n<meta property=\"og:site_name\" content=\"Blog de Medcof: conte\u00fados, editais, revalida e mais!\" \/>\n<meta property=\"article:publisher\" content=\"https:\/\/www.facebook.com\/MedCofQbank\/\" \/>\n<meta property=\"article:published_time\" content=\"2024-06-25T17:51:21+00:00\" \/>\n<meta property=\"article:modified_time\" content=\"2024-08-13T16:17:00+00:00\" \/>\n<meta property=\"og:image\" content=\"https:\/\/www.grupomedcof.com.br\/blog\/wp-content\/uploads\/2024\/06\/Blog-MedCof-16-1.png\" \/>\n\t<meta property=\"og:image:width\" content=\"2560\" \/>\n\t<meta property=\"og:image:height\" content=\"1440\" \/>\n\t<meta property=\"og:image:type\" content=\"image\/png\" \/>\n<meta name=\"author\" content=\"Leila Menzel\" \/>\n<meta name=\"twitter:card\" content=\"summary_large_image\" \/>\n<meta name=\"twitter:label1\" content=\"Escrito por\" \/>\n\t<meta name=\"twitter:data1\" content=\"Leila Menzel\" \/>\n\t<meta name=\"twitter:label2\" content=\"Est. tempo de leitura\" \/>\n\t<meta name=\"twitter:data2\" content=\"3 minutos\" \/>\n<script type=\"application\/ld+json\" class=\"yoast-schema-graph\">{\"@context\":\"https:\\\/\\\/schema.org\",\"@graph\":[{\"@type\":\"Article\",\"@id\":\"https:\\\/\\\/www.grupomedcof.com.br\\\/blog\\\/atualizacao-da-lista-oficial-de-especialidades-do-cfm\\\/#article\",\"isPartOf\":{\"@id\":\"https:\\\/\\\/www.grupomedcof.com.br\\\/blog\\\/atualizacao-da-lista-oficial-de-especialidades-do-cfm\\\/\"},\"author\":{\"name\":\"Leila Menzel\",\"@id\":\"https:\\\/\\\/www.grupomedcof.com.br\\\/blog\\\/#\\\/schema\\\/person\\\/2a5527209c17e7eb35bd6a4ebd5c7956\"},\"headline\":\"Atualiza\u00e7\u00e3o da lista oficial de especialidades do CFM\",\"datePublished\":\"2024-06-25T17:51:21+00:00\",\"dateModified\":\"2024-08-13T16:17:00+00:00\",\"mainEntityOfPage\":{\"@id\":\"https:\\\/\\\/www.grupomedcof.com.br\\\/blog\\\/atualizacao-da-lista-oficial-de-especialidades-do-cfm\\\/\"},\"wordCount\":440,\"commentCount\":1,\"publisher\":{\"@id\":\"https:\\\/\\\/www.grupomedcof.com.br\\\/blog\\\/#organization\"},\"image\":{\"@id\":\"https:\\\/\\\/www.grupomedcof.com.br\\\/blog\\\/atualizacao-da-lista-oficial-de-especialidades-do-cfm\\\/#primaryimage\"},\"thumbnailUrl\":\"https:\\\/\\\/www.grupomedcof.com.br\\\/blog\\\/wp-content\\\/uploads\\\/2024\\\/06\\\/Blog-MedCof-16-1.png\",\"keywords\":[\"Atualiza\u00e7\u00e3o\",\"Atualiza\u00e7\u00e3o especialidades\",\"Especialidades m\u00e9dicas\",\"Provas de Resid\u00eancia\",\"Resid\u00eancia M\u00e9dica\"],\"articleSection\":[\"CFM\",\"Resid\u00eancia m\u00e9dica: editais, resultados, temas quentes e mais\"],\"inLanguage\":\"pt-BR\"},{\"@type\":\"WebPage\",\"@id\":\"https:\\\/\\\/www.grupomedcof.com.br\\\/blog\\\/atualizacao-da-lista-oficial-de-especialidades-do-cfm\\\/\",\"url\":\"https:\\\/\\\/www.grupomedcof.com.br\\\/blog\\\/atualizacao-da-lista-oficial-de-especialidades-do-cfm\\\/\",\"name\":\"Atualiza\u00e7\u00e3o da lista oficial de especialidades do CFM - Blog de Medcof: conte\u00fados, editais, revalida e mais!\",\"isPartOf\":{\"@id\":\"https:\\\/\\\/www.grupomedcof.com.br\\\/blog\\\/#website\"},\"primaryImageOfPage\":{\"@id\":\"https:\\\/\\\/www.grupomedcof.com.br\\\/blog\\\/atualizacao-da-lista-oficial-de-especialidades-do-cfm\\\/#primaryimage\"},\"image\":{\"@id\":\"https:\\\/\\\/www.grupomedcof.com.br\\\/blog\\\/atualizacao-da-lista-oficial-de-especialidades-do-cfm\\\/#primaryimage\"},\"thumbnailUrl\":\"https:\\\/\\\/www.grupomedcof.com.br\\\/blog\\\/wp-content\\\/uploads\\\/2024\\\/06\\\/Blog-MedCof-16-1.png\",\"datePublished\":\"2024-06-25T17:51:21+00:00\",\"dateModified\":\"2024-08-13T16:17:00+00:00\",\"description\":\"O CFM publicou na \u00faltima segunda-feira (24) a atualiza\u00e7\u00e3o da lista de especialidades e \u00e1reas de atua\u00e7\u00e3o m\u00e9dicas reconhecidas pela CME.\",\"breadcrumb\":{\"@id\":\"https:\\\/\\\/www.grupomedcof.com.br\\\/blog\\\/atualizacao-da-lista-oficial-de-especialidades-do-cfm\\\/#breadcrumb\"},\"inLanguage\":\"pt-BR\",\"potentialAction\":[{\"@type\":\"ReadAction\",\"target\":[\"https:\\\/\\\/www.grupomedcof.com.br\\\/blog\\\/atualizacao-da-lista-oficial-de-especialidades-do-cfm\\\/\"]}]},{\"@type\":\"ImageObject\",\"inLanguage\":\"pt-BR\",\"@id\":\"https:\\\/\\\/www.grupomedcof.com.br\\\/blog\\\/atualizacao-da-lista-oficial-de-especialidades-do-cfm\\\/#primaryimage\",\"url\":\"https:\\\/\\\/www.grupomedcof.com.br\\\/blog\\\/wp-content\\\/uploads\\\/2024\\\/06\\\/Blog-MedCof-16-1.png\",\"contentUrl\":\"https:\\\/\\\/www.grupomedcof.com.br\\\/blog\\\/wp-content\\\/uploads\\\/2024\\\/06\\\/Blog-MedCof-16-1.png\",\"width\":2560,\"height\":1440,\"caption\":\"A imagem cont\u00e9m a logo do Conselho Federal de Medicina\"},{\"@type\":\"BreadcrumbList\",\"@id\":\"https:\\\/\\\/www.grupomedcof.com.br\\\/blog\\\/atualizacao-da-lista-oficial-de-especialidades-do-cfm\\\/#breadcrumb\",\"itemListElement\":[{\"@type\":\"ListItem\",\"position\":1,\"name\":\"In\u00edcio\",\"item\":\"https:\\\/\\\/www.grupomedcof.com.br\\\/blog\\\/\"},{\"@type\":\"ListItem\",\"position\":2,\"name\":\"Atualiza\u00e7\u00e3o da lista oficial de especialidades do CFM\"}]},{\"@type\":\"WebSite\",\"@id\":\"https:\\\/\\\/www.grupomedcof.com.br\\\/blog\\\/#website\",\"url\":\"https:\\\/\\\/www.grupomedcof.com.br\\\/blog\\\/\",\"name\":\"Blog de Medcof: conte\u00fados, editais, revalida e mais!\",\"description\":\"Acesso o blog de MedCof! Seu portal de conte\u00fados sobre resid\u00eancia m\u00e9dica, an\u00e1lise e editais e muito mais. Clique e confira!\",\"publisher\":{\"@id\":\"https:\\\/\\\/www.grupomedcof.com.br\\\/blog\\\/#organization\"},\"alternateName\":\"Blog de Medcof: conte\u00fados, editais, revalida e mais!\",\"potentialAction\":[{\"@type\":\"SearchAction\",\"target\":{\"@type\":\"EntryPoint\",\"urlTemplate\":\"https:\\\/\\\/www.grupomedcof.com.br\\\/blog\\\/?s={search_term_string}\"},\"query-input\":{\"@type\":\"PropertyValueSpecification\",\"valueRequired\":true,\"valueName\":\"search_term_string\"}}],\"inLanguage\":\"pt-BR\"},{\"@type\":\"Organization\",\"@id\":\"https:\\\/\\\/www.grupomedcof.com.br\\\/blog\\\/#organization\",\"name\":\"Grupo MedCof\",\"url\":\"https:\\\/\\\/www.grupomedcof.com.br\\\/blog\\\/\",\"logo\":{\"@type\":\"ImageObject\",\"inLanguage\":\"pt-BR\",\"@id\":\"https:\\\/\\\/www.grupomedcof.com.br\\\/blog\\\/#\\\/schema\\\/logo\\\/image\\\/\",\"url\":\"https:\\\/\\\/www.grupomedcof.com.br\\\/blog\\\/wp-content\\\/uploads\\\/2022\\\/01\\\/logo-medcof.png\",\"contentUrl\":\"https:\\\/\\\/www.grupomedcof.com.br\\\/blog\\\/wp-content\\\/uploads\\\/2022\\\/01\\\/logo-medcof.png\",\"width\":768,\"height\":269,\"caption\":\"Grupo MedCof\"},\"image\":{\"@id\":\"https:\\\/\\\/www.grupomedcof.com.br\\\/blog\\\/#\\\/schema\\\/logo\\\/image\\\/\"},\"sameAs\":[\"https:\\\/\\\/www.facebook.com\\\/MedCofQbank\\\/\",\"https:\\\/\\\/www.instagram.com\\\/grupomedcof\\\/\",\"https:\\\/\\\/br.linkedin.com\\\/company\\\/medcof\",\"https:\\\/\\\/www.youtube.com\\\/channel\\\/UCdHMuOHKICxcHwecxN8P-AA\"]},{\"@type\":\"Person\",\"@id\":\"https:\\\/\\\/www.grupomedcof.com.br\\\/blog\\\/#\\\/schema\\\/person\\\/2a5527209c17e7eb35bd6a4ebd5c7956\",\"name\":\"Leila Menzel\",\"image\":{\"@type\":\"ImageObject\",\"inLanguage\":\"pt-BR\",\"@id\":\"https:\\\/\\\/www.grupomedcof.com.br\\\/blog\\\/wp-content\\\/uploads\\\/2023\\\/04\\\/cropped-cropped-cropped-logo-96x96.png15459389df217b605b4f0cce419ac81a\",\"url\":\"https:\\\/\\\/www.grupomedcof.com.br\\\/blog\\\/wp-content\\\/uploads\\\/2023\\\/04\\\/cropped-cropped-cropped-logo-96x96.png\",\"contentUrl\":\"https:\\\/\\\/www.grupomedcof.com.br\\\/blog\\\/wp-content\\\/uploads\\\/2023\\\/04\\\/cropped-cropped-cropped-logo-96x96.png\",\"caption\":\"Leila Menzel\"},\"description\":\"Estudante do 6\u00b0 semestre de jornalismo, amo e escrevo poesias e viajo em livros de romances clich\u00eas.\",\"url\":\"https:\\\/\\\/www.grupomedcof.com.br\\\/blog\\\/author\\\/leila\\\/\"}]}<\/script>\n<!-- \/ Yoast SEO Premium plugin. -->","yoast_head_json":{"title":"Atualiza\u00e7\u00e3o da lista oficial de especialidades do CFM - Blog de Medcof: conte\u00fados, editais, revalida e mais!","description":"O CFM publicou na \u00faltima segunda-feira (24) a atualiza\u00e7\u00e3o da lista de especialidades e \u00e1reas de atua\u00e7\u00e3o m\u00e9dicas reconhecidas pela CME.","robots":{"index":"index","follow":"follow","max-snippet":"max-snippet:-1","max-image-preview":"max-image-preview:large","max-video-preview":"max-video-preview:-1"},"canonical":"https:\/\/www.grupomedcof.com.br\/blog\/atualizacao-da-lista-oficial-de-especialidades-do-cfm\/","og_locale":"pt_BR","og_type":"article","og_title":"Atualiza\u00e7\u00e3o da lista oficial de especialidades do CFM","og_description":"O CFM publicou na \u00faltima segunda-feira (24) a atualiza\u00e7\u00e3o da lista de especialidades e \u00e1reas de atua\u00e7\u00e3o m\u00e9dicas reconhecidas pela CME.","og_url":"https:\/\/www.grupomedcof.com.br\/blog\/atualizacao-da-lista-oficial-de-especialidades-do-cfm\/","og_site_name":"Blog de Medcof: conte\u00fados, editais, revalida e mais!","article_publisher":"https:\/\/www.facebook.com\/MedCofQbank\/","article_published_time":"2024-06-25T17:51:21+00:00","article_modified_time":"2024-08-13T16:17:00+00:00","og_image":[{"width":2560,"height":1440,"url":"https:\/\/www.grupomedcof.com.br\/blog\/wp-content\/uploads\/2024\/06\/Blog-MedCof-16-1.png","type":"image\/png"}],"author":"Leila Menzel","twitter_card":"summary_large_image","twitter_misc":{"Escrito por":"Leila Menzel","Est. tempo de leitura":"3 minutos"},"schema":{"@context":"https:\/\/schema.org","@graph":[{"@type":"Article","@id":"https:\/\/www.grupomedcof.com.br\/blog\/atualizacao-da-lista-oficial-de-especialidades-do-cfm\/#article","isPartOf":{"@id":"https:\/\/www.grupomedcof.com.br\/blog\/atualizacao-da-lista-oficial-de-especialidades-do-cfm\/"},"author":{"name":"Leila Menzel","@id":"https:\/\/www.grupomedcof.com.br\/blog\/#\/schema\/person\/2a5527209c17e7eb35bd6a4ebd5c7956"},"headline":"Atualiza\u00e7\u00e3o da lista oficial de especialidades do CFM","datePublished":"2024-06-25T17:51:21+00:00","dateModified":"2024-08-13T16:17:00+00:00","mainEntityOfPage":{"@id":"https:\/\/www.grupomedcof.com.br\/blog\/atualizacao-da-lista-oficial-de-especialidades-do-cfm\/"},"wordCount":440,"commentCount":1,"publisher":{"@id":"https:\/\/www.grupomedcof.com.br\/blog\/#organization"},"image":{"@id":"https:\/\/www.grupomedcof.com.br\/blog\/atualizacao-da-lista-oficial-de-especialidades-do-cfm\/#primaryimage"},"thumbnailUrl":"https:\/\/www.grupomedcof.com.br\/blog\/wp-content\/uploads\/2024\/06\/Blog-MedCof-16-1.png","keywords":["Atualiza\u00e7\u00e3o","Atualiza\u00e7\u00e3o especialidades","Especialidades m\u00e9dicas","Provas de Resid\u00eancia","Resid\u00eancia M\u00e9dica"],"articleSection":["CFM","Resid\u00eancia m\u00e9dica: editais, resultados, temas quentes e mais"],"inLanguage":"pt-BR"},{"@type":"WebPage","@id":"https:\/\/www.grupomedcof.com.br\/blog\/atualizacao-da-lista-oficial-de-especialidades-do-cfm\/","url":"https:\/\/www.grupomedcof.com.br\/blog\/atualizacao-da-lista-oficial-de-especialidades-do-cfm\/","name":"Atualiza\u00e7\u00e3o da lista oficial de especialidades do CFM - Blog de Medcof: conte\u00fados, editais, revalida e mais!","isPartOf":{"@id":"https:\/\/www.grupomedcof.com.br\/blog\/#website"},"primaryImageOfPage":{"@id":"https:\/\/www.grupomedcof.com.br\/blog\/atualizacao-da-lista-oficial-de-especialidades-do-cfm\/#primaryimage"},"image":{"@id":"https:\/\/www.grupomedcof.com.br\/blog\/atualizacao-da-lista-oficial-de-especialidades-do-cfm\/#primaryimage"},"thumbnailUrl":"https:\/\/www.grupomedcof.com.br\/blog\/wp-content\/uploads\/2024\/06\/Blog-MedCof-16-1.png","datePublished":"2024-06-25T17:51:21+00:00","dateModified":"2024-08-13T16:17:00+00:00","description":"O CFM publicou na \u00faltima segunda-feira (24) a atualiza\u00e7\u00e3o da lista de especialidades e \u00e1reas de atua\u00e7\u00e3o m\u00e9dicas reconhecidas pela CME.","breadcrumb":{"@id":"https:\/\/www.grupomedcof.com.br\/blog\/atualizacao-da-lista-oficial-de-especialidades-do-cfm\/#breadcrumb"},"inLanguage":"pt-BR","potentialAction":[{"@type":"ReadAction","target":["https:\/\/www.grupomedcof.com.br\/blog\/atualizacao-da-lista-oficial-de-especialidades-do-cfm\/"]}]},{"@type":"ImageObject","inLanguage":"pt-BR","@id":"https:\/\/www.grupomedcof.com.br\/blog\/atualizacao-da-lista-oficial-de-especialidades-do-cfm\/#primaryimage","url":"https:\/\/www.grupomedcof.com.br\/blog\/wp-content\/uploads\/2024\/06\/Blog-MedCof-16-1.png","contentUrl":"https:\/\/www.grupomedcof.com.br\/blog\/wp-content\/uploads\/2024\/06\/Blog-MedCof-16-1.png","width":2560,"height":1440,"caption":"A imagem cont\u00e9m a logo do Conselho Federal de Medicina"},{"@type":"BreadcrumbList","@id":"https:\/\/www.grupomedcof.com.br\/blog\/atualizacao-da-lista-oficial-de-especialidades-do-cfm\/#breadcrumb","itemListElement":[{"@type":"ListItem","position":1,"name":"In\u00edcio","item":"https:\/\/www.grupomedcof.com.br\/blog\/"},{"@type":"ListItem","position":2,"name":"Atualiza\u00e7\u00e3o da lista oficial de especialidades do CFM"}]},{"@type":"WebSite","@id":"https:\/\/www.grupomedcof.com.br\/blog\/#website","url":"https:\/\/www.grupomedcof.com.br\/blog\/","name":"Blog de Medcof: conte\u00fados, editais, revalida e mais!","description":"Acesso o blog de MedCof! Seu portal de conte\u00fados sobre resid\u00eancia m\u00e9dica, an\u00e1lise e editais e muito mais. Clique e confira!","publisher":{"@id":"https:\/\/www.grupomedcof.com.br\/blog\/#organization"},"alternateName":"Blog de Medcof: conte\u00fados, editais, revalida e mais!","potentialAction":[{"@type":"SearchAction","target":{"@type":"EntryPoint","urlTemplate":"https:\/\/www.grupomedcof.com.br\/blog\/?s={search_term_string}"},"query-input":{"@type":"PropertyValueSpecification","valueRequired":true,"valueName":"search_term_string"}}],"inLanguage":"pt-BR"},{"@type":"Organization","@id":"https:\/\/www.grupomedcof.com.br\/blog\/#organization","name":"Grupo MedCof","url":"https:\/\/www.grupomedcof.com.br\/blog\/","logo":{"@type":"ImageObject","inLanguage":"pt-BR","@id":"https:\/\/www.grupomedcof.com.br\/blog\/#\/schema\/logo\/image\/","url":"https:\/\/www.grupomedcof.com.br\/blog\/wp-content\/uploads\/2022\/01\/logo-medcof.png","contentUrl":"https:\/\/www.grupomedcof.com.br\/blog\/wp-content\/uploads\/2022\/01\/logo-medcof.png","width":768,"height":269,"caption":"Grupo MedCof"},"image":{"@id":"https:\/\/www.grupomedcof.com.br\/blog\/#\/schema\/logo\/image\/"},"sameAs":["https:\/\/www.facebook.com\/MedCofQbank\/","https:\/\/www.instagram.com\/grupomedcof\/","https:\/\/br.linkedin.com\/company\/medcof","https:\/\/www.youtube.com\/channel\/UCdHMuOHKICxcHwecxN8P-AA"]},{"@type":"Person","@id":"https:\/\/www.grupomedcof.com.br\/blog\/#\/schema\/person\/2a5527209c17e7eb35bd6a4ebd5c7956","name":"Leila Menzel","image":{"@type":"ImageObject","inLanguage":"pt-BR","@id":"https:\/\/www.grupomedcof.com.br\/blog\/wp-content\/uploads\/2023\/04\/cropped-cropped-cropped-logo-96x96.png15459389df217b605b4f0cce419ac81a","url":"https:\/\/www.grupomedcof.com.br\/blog\/wp-content\/uploads\/2023\/04\/cropped-cropped-cropped-logo-96x96.png","contentUrl":"https:\/\/www.grupomedcof.com.br\/blog\/wp-content\/uploads\/2023\/04\/cropped-cropped-cropped-logo-96x96.png","caption":"Leila Menzel"},"description":"Estudante do 6\u00b0 semestre de jornalismo, amo e escrevo poesias e viajo em livros de romances clich\u00eas.","url":"https:\/\/www.grupomedcof.com.br\/blog\/author\/leila\/"}]}},"authors":[{"term_id":3611,"user_id":18,"is_guest":0,"slug":"leila","display_name":"Leila Menzel","avatar_url":"https:\/\/www.grupomedcof.com.br\/blog\/wp-content\/uploads\/2023\/04\/cropped-cropped-cropped-logo-96x96.png","0":null,"1":"","2":"","3":"","4":"","5":"","6":"","7":"","8":""}],"_links":{"self":[{"href":"https:\/\/www.grupomedcof.com.br\/blog\/wp-json\/wp\/v2\/posts\/27067","targetHints":{"allow":["GET"]}}],"collection":[{"href":"https:\/\/www.grupomedcof.com.br\/blog\/wp-json\/wp\/v2\/posts"}],"about":[{"href":"https:\/\/www.grupomedcof.com.br\/blog\/wp-json\/wp\/v2\/types\/post"}],"author":[{"embeddable":true,"href":"https:\/\/www.grupomedcof.com.br\/blog\/wp-json\/wp\/v2\/users\/18"}],"replies":[{"embeddable":true,"href":"https:\/\/www.grupomedcof.com.br\/blog\/wp-json\/wp\/v2\/comments?post=27067"}],"version-history":[{"count":0,"href":"https:\/\/www.grupomedcof.com.br\/blog\/wp-json\/wp\/v2\/posts\/27067\/revisions"}],"wp:featuredmedia":[{"embeddable":true,"href":"https:\/\/www.grupomedcof.com.br\/blog\/wp-json\/wp\/v2\/media\/27081"}],"wp:attachment":[{"href":"https:\/\/www.grupomedcof.com.br\/blog\/wp-json\/wp\/v2\/media?parent=27067"}],"wp:term":[{"taxonomy":"category","embeddable":true,"href":"https:\/\/www.grupomedcof.com.br\/blog\/wp-json\/wp\/v2\/categories?post=27067"},{"taxonomy":"post_tag","embeddable":true,"href":"https:\/\/www.grupomedcof.com.br\/blog\/wp-json\/wp\/v2\/tags?post=27067"},{"taxonomy":"author","embeddable":true,"href":"https:\/\/www.grupomedcof.com.br\/blog\/wp-json\/wp\/v2\/ppma_author?post=27067"}],"curies":[{"name":"wp","href":"https:\/\/api.w.org\/{rel}","templated":true}]}}