{"id":27102,"date":"2024-06-26T10:54:36","date_gmt":"2024-06-26T13:54:36","guid":{"rendered":"https:\/\/www.grupomedcof.com.br\/blog\/?p=27102"},"modified":"2024-08-02T16:31:25","modified_gmt":"2024-08-02T19:31:25","slug":"uso-de-fenol-e-proibido-pela-anvisa","status":"publish","type":"post","link":"https:\/\/www.grupomedcof.com.br\/blog\/uso-de-fenol-e-proibido-pela-anvisa\/","title":{"rendered":"Uso de fenol \u00e9 proibido pela Anvisa"},"content":{"rendered":"<div id=\"ez-toc-container\" class=\"ez-toc-v2_0_74 counter-hierarchy ez-toc-counter ez-toc-transparent ez-toc-container-direction\">\n<div class=\"ez-toc-title-container\">\n<p class=\"ez-toc-title\" style=\"cursor:inherit\">Sum\u00e1rio<\/p>\n<span class=\"ez-toc-title-toggle\"><a href=\"#\" class=\"ez-toc-pull-right ez-toc-btn ez-toc-btn-xs ez-toc-btn-default ez-toc-toggle\" aria-label=\"Alternar tabela de conte\u00fado\"><span class=\"ez-toc-js-icon-con\"><span class=\"\"><span class=\"eztoc-hide\" style=\"display:none;\">Toggle<\/span><span class=\"ez-toc-icon-toggle-span\"><svg style=\"fill: #999;color:#999\" xmlns=\"http:\/\/www.w3.org\/2000\/svg\" class=\"list-377408\" width=\"20px\" height=\"20px\" viewBox=\"0 0 24 24\" fill=\"none\"><path d=\"M6 6H4v2h2V6zm14 0H8v2h12V6zM4 11h2v2H4v-2zm16 0H8v2h12v-2zM4 16h2v2H4v-2zm16 0H8v2h12v-2z\" fill=\"currentColor\"><\/path><\/svg><svg style=\"fill: #999;color:#999\" class=\"arrow-unsorted-368013\" xmlns=\"http:\/\/www.w3.org\/2000\/svg\" width=\"10px\" height=\"10px\" viewBox=\"0 0 24 24\" version=\"1.2\" baseProfile=\"tiny\"><path d=\"M18.2 9.3l-6.2-6.3-6.2 6.3c-.2.2-.3.4-.3.7s.1.5.3.7c.2.2.4.3.7.3h11c.3 0 .5-.1.7-.3.2-.2.3-.5.3-.7s-.1-.5-.3-.7zM5.8 14.7l6.2 6.3 6.2-6.3c.2-.2.3-.5.3-.7s-.1-.5-.3-.7c-.2-.2-.4-.3-.7-.3h-11c-.3 0-.5.1-.7.3-.2.2-.3.5-.3.7s.1.5.3.7z\"\/><\/svg><\/span><\/span><\/span><\/a><\/span><\/div>\n<nav><ul class='ez-toc-list ez-toc-list-level-1 ' ><li class='ez-toc-page-1 ez-toc-heading-level-2'><a class=\"ez-toc-link ez-toc-heading-1\" href=\"https:\/\/www.grupomedcof.com.br\/blog\/uso-de-fenol-e-proibido-pela-anvisa\/#Entenda_o_acontecimento\" >Entenda o acontecimento<\/a><\/li><li class='ez-toc-page-1 ez-toc-heading-level-2'><a class=\"ez-toc-link ez-toc-heading-2\" href=\"https:\/\/www.grupomedcof.com.br\/blog\/uso-de-fenol-e-proibido-pela-anvisa\/#Manifestacao_da_CFM\" >Manifesta\u00e7\u00e3o da CFM<\/a><\/li><li class='ez-toc-page-1 ez-toc-heading-level-2'><a class=\"ez-toc-link ez-toc-heading-3\" href=\"https:\/\/www.grupomedcof.com.br\/blog\/uso-de-fenol-e-proibido-pela-anvisa\/#O_que_e_o_peeling_de_fenol\" >O que \u00e9 o peeling de fenol<\/a><\/li><li class='ez-toc-page-1 ez-toc-heading-level-2'><a class=\"ez-toc-link ez-toc-heading-4\" href=\"https:\/\/www.grupomedcof.com.br\/blog\/uso-de-fenol-e-proibido-pela-anvisa\/#TED_2025\" >TED 2025<\/a><\/li><\/ul><\/nav><\/div>\n\n<figure class=\"wp-block-gallery has-nested-images columns-default is-cropped wp-block-gallery-1 is-layout-flex wp-block-gallery-is-layout-flex\">\n<figure class=\"wp-block-image size-large\"><img loading=\"lazy\" decoding=\"async\" width=\"1024\" height=\"576\" data-id=\"27105\" src=\"https:\/\/www.grupomedcof.com.br\/blog\/wp-content\/uploads\/2024\/06\/Blog-MedCof-17-1-1024x576.png\" alt=\"Imagem com logo da Anvisa\" class=\"wp-image-27105\" srcset=\"https:\/\/www.grupomedcof.com.br\/blog\/wp-content\/uploads\/2024\/06\/Blog-MedCof-17-1-1024x576.png 1024w, https:\/\/www.grupomedcof.com.br\/blog\/wp-content\/uploads\/2024\/06\/Blog-MedCof-17-1-300x169.png 300w, https:\/\/www.grupomedcof.com.br\/blog\/wp-content\/uploads\/2024\/06\/Blog-MedCof-17-1-768x432.png 768w, https:\/\/www.grupomedcof.com.br\/blog\/wp-content\/uploads\/2024\/06\/Blog-MedCof-17-1-1536x864.png 1536w, https:\/\/www.grupomedcof.com.br\/blog\/wp-content\/uploads\/2024\/06\/Blog-MedCof-17-1-2048x1152.png 2048w, https:\/\/www.grupomedcof.com.br\/blog\/wp-content\/uploads\/2024\/06\/Blog-MedCof-17-1-747x420.png 747w, https:\/\/www.grupomedcof.com.br\/blog\/wp-content\/uploads\/2024\/06\/Blog-MedCof-17-1-150x84.png 150w, https:\/\/www.grupomedcof.com.br\/blog\/wp-content\/uploads\/2024\/06\/Blog-MedCof-17-1-696x392.png 696w, https:\/\/www.grupomedcof.com.br\/blog\/wp-content\/uploads\/2024\/06\/Blog-MedCof-17-1-1068x601.png 1068w, https:\/\/www.grupomedcof.com.br\/blog\/wp-content\/uploads\/2024\/06\/Blog-MedCof-17-1-1920x1080.png 1920w\" sizes=\"auto, (max-width: 1024px) 100vw, 1024px\" \/><\/figure>\n<\/figure>\n\n\n\n<pre class=\"wp-block-preformatted\"><em>Uso de fenol \u00e9 proibido temporariamente e ficar\u00e1 em observa\u00e7\u00e3o enquanto s\u00e3o conduzidas investiga\u00e7\u00f5es sobre os potenciais danos.<\/em><\/pre>\n\n\n\n<p>Na \u00faltima ter\u00e7a-feira (25), a <a href=\"https:\/\/www.gov.br\/anvisa\/pt-br\/assuntos\/noticias-anvisa\/2024\/anvisa-proibe-venda-e-uso-de-produtos-a-base-de-fenol-em-procedimentos-de-saude-em-geral-ou-esteticos\" target=\"_blank\" rel=\"noreferrer noopener nofollow\">Ag\u00eancia Nacional de Vigil\u00e2ncia Sanit\u00e1ria <\/a>(ANVISA) publicou uma <a href=\"https:\/\/cdn.medblog.estrategiaeducacional.com.br\/wp-content\/uploads\/2024\/06\/RESOLUCAO-RE-No-2.384-DE-24-DE-JUNHO-DE-2024-RESOLUCAO-RE-No-2.384-DE-24-DE-JUNHO-DE-2024-DOU-Imprensa-Nacional.pdf\" target=\"_blank\" rel=\"noreferrer noopener nofollow\">resolu\u00e7\u00e3o<\/a> no Di\u00e1rio Oficial da Uni\u00e3o proibindo <strong>a importa\u00e7\u00e3o, a fabrica\u00e7\u00e3o, a manipula\u00e7\u00e3o, a comercializa\u00e7\u00e3o, a propaganda e a utiliza\u00e7\u00e3o de produtos \u00e0 base de fenol em procedimentos de sa\u00fade em geral e atividade est\u00e9tica.  <\/strong><\/p>\n\n\n\n<p>Segundo a<strong> ANVISA<\/strong>, a proibi\u00e7\u00e3o se deve \u00e0 falta de estudos que comprovem a efic\u00e1cia e a seguran\u00e7a do <strong>fenol.<\/strong><\/p>\n\n\n\n<h2 class=\"wp-block-heading\" id=\"h-entenda-o-acontecimento\"><span class=\"ez-toc-section\" id=\"Entenda_o_acontecimento\"><\/span><strong>Entenda o acontecimento<\/strong><span class=\"ez-toc-section-end\"><\/span><\/h2>\n\n\n\n<p>A medida ocorreu como precau\u00e7\u00e3o diante dos recentes casos relacionados a subst\u00e2ncia, incluindo o epis\u00f3dio de S\u00e3o Paulo, no qual um jovem de 27 anos morreu ap\u00f3s complica\u00e7\u00f5es do uso de fenol praticado em uma cl\u00ednica de est\u00e9tica sem autoriza\u00e7\u00e3o ou especializa\u00e7\u00e3o.<br>O caso est\u00e1 sendo investigado como homic\u00eddio e a cl\u00ednica sofreu interditada e multada.<\/p>\n\n\n\n<p>Ademais, outro caso ocorreu com uma idosa de 64 anos que sofreu queimaduras severas no rosto ap\u00f3s realizar um procedimento de peeling de fenol. Segundo investiga\u00e7\u00f5es da Pol\u00edcia Civil do Paran\u00e1, a aplica\u00e7\u00e3o ocorreu por um esteticista que exercia ilegalmente a profiss\u00e3o e o uso de produtos n\u00e3o autorizados. <br>Sendo assim, a falsa esteticista tamb\u00e9m est\u00e1 sendo investigada &nbsp;por crimes como o exerc\u00edcio ilegal da medicina e a poss\u00edvel falsifica\u00e7\u00e3o de produtos farmac\u00eauticos. J\u00e1 a v\u00edtima, al\u00e9m de sofrer s\u00e9rias les\u00f5es, enfrenta um longo processo de recupera\u00e7\u00e3o.<\/p>\n\n\n\n<h2 class=\"wp-block-heading\" id=\"h-manifestacao-da-cfm\"><span class=\"ez-toc-section\" id=\"Manifestacao_da_CFM\"><\/span><strong>Manifesta\u00e7\u00e3o da CFM<\/strong><span class=\"ez-toc-section-end\"><\/span><\/h2>\n\n\n\n<p>Al\u00e9m disso, o\u00a0Conselho Federal de Medicina (CFM)<strong>\u00a0<\/strong>tamb\u00e9m se manifestou e solicitou que o \u00f3rg\u00e3o reveja, urgentemente, os termos da <strong>Resolu\u00e7\u00e3o 2.384\/2024<\/strong> para permitir que os m\u00e9dicos do pa\u00eds possam atender a popula\u00e7\u00e3o em suas necessidades utilizando o fenol em tratamentos, inclusive est\u00e9ticos, segundo crit\u00e9rios de seguran\u00e7a e efic\u00e1cia. Ademais, para o Conselho, a restri\u00e7\u00e3o foi excessiva ao impedir que m\u00e9dicos, profissionais capacitados e habilitados a atendimentos com essa subst\u00e2ncia, possam atender as demandas de seus pacientes.<\/p>\n\n\n\n<p>Desse modo, o CFM concluiu que os problemas no uso do fenol, incluindo registros de efeitos adversos com o uso de fenol e at\u00e9 mortes, t\u00eam ocorrido em <strong>tratamentos est\u00e9ticos realizados apenas por n\u00e3o m\u00e9dicos.<\/strong><\/p>\n\n\n\n<h2 class=\"wp-block-heading\" id=\"h-o-que-e-o-peeling-de-fenol\"><span class=\"ez-toc-section\" id=\"O_que_e_o_peeling_de_fenol\"><\/span><strong>O que \u00e9 o peeling de fenol<\/strong><span class=\"ez-toc-section-end\"><\/span><\/h2>\n\n\n\n<p>O peeling de fenol \u00e9 conhecido como um dos tratamentos est\u00e9ticos mais intensos utilizados para rejuvenescimento facial e \u00e9 indicado pela&nbsp;<strong>Sociedade Brasileira de Dermatologia (SBD) <\/strong>para tratar envelhecimento facial severo.<br>Essa t\u00e9cnica usa uma solu\u00e7\u00e3o qu\u00edmica aplicada na pele, causando a descama\u00e7\u00e3o das camadas superficiais e promovendo a renova\u00e7\u00e3o celular.<\/p>\n\n\n\n<p>Embora apresente resultados significativos em redu\u00e7\u00e3o de rugas e melhora na pele, ainda existe o risco do procedimento, principalmente quando realizado em ambientes n\u00e3o controlados.<\/p>\n\n\n\n<h2 class=\"wp-block-heading\" id=\"h-ted-2025\"><span class=\"ez-toc-section\" id=\"TED_2025\"><\/span><strong>TED 2025<\/strong><span class=\"ez-toc-section-end\"><\/span><\/h2>\n\n\n\n<p>A Sociedade Brasileira de Dermatologia (SBD) foi fundada por um grupo de 18 m\u00e9dicos. Seu estatuto teve registro no dia em que se comemora o <strong>Dia do Dermatologista<\/strong> no Brasil, em 5 de fevereiro. <\/p>\n\n\n\n<p>A SBD realiza reuni\u00f5es que ajudam a formar e aperfei\u00e7oar v\u00e1rias gera\u00e7\u00f5es de dermatologista de todo o pa\u00eds.<\/p>\n\n\n\n<p>Em 1967, a SBD cria o T\u00edtulo de <strong>Especialista em Dermatologia <a href=\"https:\/\/www.grupomedcof.com.br\/blog\/por-que-voce-precisa-obter-o-ted-em-2025\/\" target=\"_blank\" rel=\"noreferrer noopener nofollow\">(TED)<\/a><\/strong>. A primeira prova ocorreu em Juiz de Fora, no Servi\u00e7o do Professor Ant\u00f4nio Carlos Pereira Filho, em paralelo aos trabalhos do 24\u00b0 Congresso Brasileiro de Dermatologia.&nbsp;<\/p>\n\n\n\n<p>O <strong>T\u00edtulo de Especialista em Dermatologia<\/strong> vai al\u00e9m de um reconhecimento de compet\u00eancia dentro de uma \u00e1rea de aplica\u00e7\u00e3o. Isso porque, al\u00e9m dos especialistas oriundos do programa de Resid\u00eancia M\u00e9dica, ela \u00e9 a qualifica\u00e7\u00e3o espec\u00edfica que legitima o exerc\u00edcio da especialidade com a seguran\u00e7a desejada pela sociedade e pacientes.<\/p>\n\n\n\n<p>Quer se especializar em dermatologia? Ent\u00e3o confira em nosso<strong> blog<\/strong> <a href=\"https:\/\/www.grupomedcof.com.br\/blog\/especializacao-em-dermatologia-como-se-preparar\/\">como voc\u00ea deve se preparar! <\/a><\/p>\n","protected":false},"excerpt":{"rendered":"<p>Uso de fenol \u00e9 proibido temporariamente e ficar\u00e1 em observa\u00e7\u00e3o enquanto s\u00e3o conduzidas investiga\u00e7\u00f5es sobre os potenciais danos.<\/p>\n","protected":false},"author":20,"featured_media":27105,"comment_status":"open","ping_status":"open","sticky":false,"template":"","format":"standard","meta":{"footnotes":""},"categories":[203,173],"tags":[204,1485,1486,1487,68],"ppma_author":[3616],"class_list":{"0":"post-27102","1":"post","2":"type-post","3":"status-publish","4":"format-standard","5":"has-post-thumbnail","7":"category-dermatologia","8":"category-novidades","9":"tag-dermatologia","10":"tag-especializacao-dermatologia","11":"tag-peeling-de-fenol","12":"tag-procedimentos-esteticos","13":"tag-residencia-medica"},"yoast_head":"<!-- This site is optimized with the Yoast SEO Premium plugin v24.3 (Yoast SEO v27.4) - https:\/\/yoast.com\/product\/yoast-seo-premium-wordpress\/ -->\n<title>Uso de fenol \u00e9 proibido pela Anvisa - Blog de Medcof: conte\u00fados, editais, revalida e mais!<\/title>\n<meta name=\"description\" content=\"Uso de fenol \u00e9 proibido temporariamente e ficar\u00e1 em observa\u00e7\u00e3o enquanto s\u00e3o conduzidas investiga\u00e7\u00f5es sobre os potenciais danos.\" \/>\n<meta name=\"robots\" content=\"index, follow, max-snippet:-1, max-image-preview:large, max-video-preview:-1\" \/>\n<link rel=\"canonical\" href=\"https:\/\/www.grupomedcof.com.br\/blog\/uso-de-fenol-e-proibido-pela-anvisa\/\" \/>\n<meta property=\"og:locale\" content=\"pt_BR\" \/>\n<meta property=\"og:type\" content=\"article\" \/>\n<meta property=\"og:title\" content=\"Uso de fenol \u00e9 proibido pela Anvisa\" \/>\n<meta property=\"og:description\" content=\"Uso de fenol \u00e9 proibido temporariamente e ficar\u00e1 em observa\u00e7\u00e3o enquanto s\u00e3o conduzidas investiga\u00e7\u00f5es sobre os potenciais danos.\" \/>\n<meta property=\"og:url\" content=\"https:\/\/www.grupomedcof.com.br\/blog\/uso-de-fenol-e-proibido-pela-anvisa\/\" \/>\n<meta property=\"og:site_name\" content=\"Blog de Medcof: conte\u00fados, editais, revalida e mais!\" \/>\n<meta property=\"article:publisher\" content=\"https:\/\/www.facebook.com\/MedCofQbank\/\" \/>\n<meta property=\"article:published_time\" content=\"2024-06-26T13:54:36+00:00\" \/>\n<meta property=\"article:modified_time\" content=\"2024-08-02T19:31:25+00:00\" \/>\n<meta property=\"og:image\" content=\"https:\/\/www.grupomedcof.com.br\/blog\/wp-content\/uploads\/2024\/06\/Blog-MedCof-17-1.png\" \/>\n\t<meta property=\"og:image:width\" content=\"2560\" \/>\n\t<meta property=\"og:image:height\" content=\"1440\" \/>\n\t<meta property=\"og:image:type\" content=\"image\/png\" \/>\n<meta name=\"author\" content=\"Leila Menzel\" \/>\n<meta name=\"twitter:card\" content=\"summary_large_image\" \/>\n<meta name=\"twitter:label1\" content=\"Escrito por\" \/>\n\t<meta name=\"twitter:data1\" content=\"Leila Menzel\" \/>\n\t<meta name=\"twitter:label2\" content=\"Est. tempo de leitura\" \/>\n\t<meta name=\"twitter:data2\" content=\"4 minutos\" \/>\n<script type=\"application\/ld+json\" class=\"yoast-schema-graph\">{\"@context\":\"https:\\\/\\\/schema.org\",\"@graph\":[{\"@type\":\"Article\",\"@id\":\"https:\\\/\\\/www.grupomedcof.com.br\\\/blog\\\/uso-de-fenol-e-proibido-pela-anvisa\\\/#article\",\"isPartOf\":{\"@id\":\"https:\\\/\\\/www.grupomedcof.com.br\\\/blog\\\/uso-de-fenol-e-proibido-pela-anvisa\\\/\"},\"author\":{\"name\":\"Leila Menzel\",\"@id\":\"https:\\\/\\\/www.grupomedcof.com.br\\\/blog\\\/#\\\/schema\\\/person\\\/9a44c2184a836bf5ae6967fdb3a1451e\"},\"headline\":\"Uso de fenol \u00e9 proibido pela Anvisa\",\"datePublished\":\"2024-06-26T13:54:36+00:00\",\"dateModified\":\"2024-08-02T19:31:25+00:00\",\"mainEntityOfPage\":{\"@id\":\"https:\\\/\\\/www.grupomedcof.com.br\\\/blog\\\/uso-de-fenol-e-proibido-pela-anvisa\\\/\"},\"wordCount\":656,\"commentCount\":0,\"publisher\":{\"@id\":\"https:\\\/\\\/www.grupomedcof.com.br\\\/blog\\\/#organization\"},\"image\":{\"@id\":\"https:\\\/\\\/www.grupomedcof.com.br\\\/blog\\\/uso-de-fenol-e-proibido-pela-anvisa\\\/#primaryimage\"},\"thumbnailUrl\":\"https:\\\/\\\/www.grupomedcof.com.br\\\/blog\\\/wp-content\\\/uploads\\\/2024\\\/06\\\/Blog-MedCof-17-1.png\",\"keywords\":[\"Dermatologia\",\"Especializa\u00e7\u00e3o dermatologia\",\"Peeling de fenol\",\"Procedimentos est\u00e9ticos\",\"Resid\u00eancia M\u00e9dica\"],\"articleSection\":[\"Dermatologia\",\"Novidades\"],\"inLanguage\":\"pt-BR\"},{\"@type\":\"WebPage\",\"@id\":\"https:\\\/\\\/www.grupomedcof.com.br\\\/blog\\\/uso-de-fenol-e-proibido-pela-anvisa\\\/\",\"url\":\"https:\\\/\\\/www.grupomedcof.com.br\\\/blog\\\/uso-de-fenol-e-proibido-pela-anvisa\\\/\",\"name\":\"Uso de fenol \u00e9 proibido pela Anvisa - Blog de Medcof: conte\u00fados, editais, revalida e mais!\",\"isPartOf\":{\"@id\":\"https:\\\/\\\/www.grupomedcof.com.br\\\/blog\\\/#website\"},\"primaryImageOfPage\":{\"@id\":\"https:\\\/\\\/www.grupomedcof.com.br\\\/blog\\\/uso-de-fenol-e-proibido-pela-anvisa\\\/#primaryimage\"},\"image\":{\"@id\":\"https:\\\/\\\/www.grupomedcof.com.br\\\/blog\\\/uso-de-fenol-e-proibido-pela-anvisa\\\/#primaryimage\"},\"thumbnailUrl\":\"https:\\\/\\\/www.grupomedcof.com.br\\\/blog\\\/wp-content\\\/uploads\\\/2024\\\/06\\\/Blog-MedCof-17-1.png\",\"datePublished\":\"2024-06-26T13:54:36+00:00\",\"dateModified\":\"2024-08-02T19:31:25+00:00\",\"description\":\"Uso de fenol \u00e9 proibido temporariamente e ficar\u00e1 em observa\u00e7\u00e3o enquanto s\u00e3o conduzidas investiga\u00e7\u00f5es sobre os potenciais danos.\",\"breadcrumb\":{\"@id\":\"https:\\\/\\\/www.grupomedcof.com.br\\\/blog\\\/uso-de-fenol-e-proibido-pela-anvisa\\\/#breadcrumb\"},\"inLanguage\":\"pt-BR\",\"potentialAction\":[{\"@type\":\"ReadAction\",\"target\":[\"https:\\\/\\\/www.grupomedcof.com.br\\\/blog\\\/uso-de-fenol-e-proibido-pela-anvisa\\\/\"]}]},{\"@type\":\"ImageObject\",\"inLanguage\":\"pt-BR\",\"@id\":\"https:\\\/\\\/www.grupomedcof.com.br\\\/blog\\\/uso-de-fenol-e-proibido-pela-anvisa\\\/#primaryimage\",\"url\":\"https:\\\/\\\/www.grupomedcof.com.br\\\/blog\\\/wp-content\\\/uploads\\\/2024\\\/06\\\/Blog-MedCof-17-1.png\",\"contentUrl\":\"https:\\\/\\\/www.grupomedcof.com.br\\\/blog\\\/wp-content\\\/uploads\\\/2024\\\/06\\\/Blog-MedCof-17-1.png\",\"width\":2560,\"height\":1440,\"caption\":\"Imagem com logo da Anvisa\"},{\"@type\":\"BreadcrumbList\",\"@id\":\"https:\\\/\\\/www.grupomedcof.com.br\\\/blog\\\/uso-de-fenol-e-proibido-pela-anvisa\\\/#breadcrumb\",\"itemListElement\":[{\"@type\":\"ListItem\",\"position\":1,\"name\":\"In\u00edcio\",\"item\":\"https:\\\/\\\/www.grupomedcof.com.br\\\/blog\\\/\"},{\"@type\":\"ListItem\",\"position\":2,\"name\":\"Uso de fenol \u00e9 proibido pela Anvisa\"}]},{\"@type\":\"WebSite\",\"@id\":\"https:\\\/\\\/www.grupomedcof.com.br\\\/blog\\\/#website\",\"url\":\"https:\\\/\\\/www.grupomedcof.com.br\\\/blog\\\/\",\"name\":\"Blog de Medcof: conte\u00fados, editais, revalida e mais!\",\"description\":\"Acesso o blog de MedCof! Seu portal de conte\u00fados sobre resid\u00eancia m\u00e9dica, an\u00e1lise e editais e muito mais. Clique e confira!\",\"publisher\":{\"@id\":\"https:\\\/\\\/www.grupomedcof.com.br\\\/blog\\\/#organization\"},\"alternateName\":\"Blog de Medcof: conte\u00fados, editais, revalida e mais!\",\"potentialAction\":[{\"@type\":\"SearchAction\",\"target\":{\"@type\":\"EntryPoint\",\"urlTemplate\":\"https:\\\/\\\/www.grupomedcof.com.br\\\/blog\\\/?s={search_term_string}\"},\"query-input\":{\"@type\":\"PropertyValueSpecification\",\"valueRequired\":true,\"valueName\":\"search_term_string\"}}],\"inLanguage\":\"pt-BR\"},{\"@type\":\"Organization\",\"@id\":\"https:\\\/\\\/www.grupomedcof.com.br\\\/blog\\\/#organization\",\"name\":\"Grupo MedCof\",\"url\":\"https:\\\/\\\/www.grupomedcof.com.br\\\/blog\\\/\",\"logo\":{\"@type\":\"ImageObject\",\"inLanguage\":\"pt-BR\",\"@id\":\"https:\\\/\\\/www.grupomedcof.com.br\\\/blog\\\/#\\\/schema\\\/logo\\\/image\\\/\",\"url\":\"https:\\\/\\\/www.grupomedcof.com.br\\\/blog\\\/wp-content\\\/uploads\\\/2022\\\/01\\\/logo-medcof.png\",\"contentUrl\":\"https:\\\/\\\/www.grupomedcof.com.br\\\/blog\\\/wp-content\\\/uploads\\\/2022\\\/01\\\/logo-medcof.png\",\"width\":768,\"height\":269,\"caption\":\"Grupo MedCof\"},\"image\":{\"@id\":\"https:\\\/\\\/www.grupomedcof.com.br\\\/blog\\\/#\\\/schema\\\/logo\\\/image\\\/\"},\"sameAs\":[\"https:\\\/\\\/www.facebook.com\\\/MedCofQbank\\\/\",\"https:\\\/\\\/www.instagram.com\\\/grupomedcof\\\/\",\"https:\\\/\\\/br.linkedin.com\\\/company\\\/medcof\",\"https:\\\/\\\/www.youtube.com\\\/channel\\\/UCdHMuOHKICxcHwecxN8P-AA\"]},{\"@type\":\"Person\",\"@id\":\"https:\\\/\\\/www.grupomedcof.com.br\\\/blog\\\/#\\\/schema\\\/person\\\/9a44c2184a836bf5ae6967fdb3a1451e\",\"name\":\"Leila Menzel\",\"image\":{\"@type\":\"ImageObject\",\"inLanguage\":\"pt-BR\",\"@id\":\"https:\\\/\\\/www.grupomedcof.com.br\\\/blog\\\/wp-content\\\/uploads\\\/2025\\\/09\\\/cropped-eu-96x96.jpeg19a74936d997c0a8b3031618467fa1d0\",\"url\":\"https:\\\/\\\/www.grupomedcof.com.br\\\/blog\\\/wp-content\\\/uploads\\\/2025\\\/09\\\/cropped-eu-96x96.jpeg\",\"contentUrl\":\"https:\\\/\\\/www.grupomedcof.com.br\\\/blog\\\/wp-content\\\/uploads\\\/2025\\\/09\\\/cropped-eu-96x96.jpeg\",\"caption\":\"Leila Menzel\"},\"description\":\"Estudante do 6\u00b0 semestre de jornalismo, amo e escrevo poesias e viajo em livros de romances clich\u00eas.\",\"url\":\"https:\\\/\\\/www.grupomedcof.com.br\\\/blog\\\/author\\\/leila-menzel\\\/\"}]}<\/script>\n<!-- \/ Yoast SEO Premium plugin. -->","yoast_head_json":{"title":"Uso de fenol \u00e9 proibido pela Anvisa - Blog de Medcof: conte\u00fados, editais, revalida e mais!","description":"Uso de fenol \u00e9 proibido temporariamente e ficar\u00e1 em observa\u00e7\u00e3o enquanto s\u00e3o conduzidas investiga\u00e7\u00f5es sobre os potenciais danos.","robots":{"index":"index","follow":"follow","max-snippet":"max-snippet:-1","max-image-preview":"max-image-preview:large","max-video-preview":"max-video-preview:-1"},"canonical":"https:\/\/www.grupomedcof.com.br\/blog\/uso-de-fenol-e-proibido-pela-anvisa\/","og_locale":"pt_BR","og_type":"article","og_title":"Uso de fenol \u00e9 proibido pela Anvisa","og_description":"Uso de fenol \u00e9 proibido temporariamente e ficar\u00e1 em observa\u00e7\u00e3o enquanto s\u00e3o conduzidas investiga\u00e7\u00f5es sobre os potenciais danos.","og_url":"https:\/\/www.grupomedcof.com.br\/blog\/uso-de-fenol-e-proibido-pela-anvisa\/","og_site_name":"Blog de Medcof: conte\u00fados, editais, revalida e mais!","article_publisher":"https:\/\/www.facebook.com\/MedCofQbank\/","article_published_time":"2024-06-26T13:54:36+00:00","article_modified_time":"2024-08-02T19:31:25+00:00","og_image":[{"width":2560,"height":1440,"url":"https:\/\/www.grupomedcof.com.br\/blog\/wp-content\/uploads\/2024\/06\/Blog-MedCof-17-1.png","type":"image\/png"}],"author":"Leila Menzel","twitter_card":"summary_large_image","twitter_misc":{"Escrito por":"Leila Menzel","Est. tempo de leitura":"4 minutos"},"schema":{"@context":"https:\/\/schema.org","@graph":[{"@type":"Article","@id":"https:\/\/www.grupomedcof.com.br\/blog\/uso-de-fenol-e-proibido-pela-anvisa\/#article","isPartOf":{"@id":"https:\/\/www.grupomedcof.com.br\/blog\/uso-de-fenol-e-proibido-pela-anvisa\/"},"author":{"name":"Leila Menzel","@id":"https:\/\/www.grupomedcof.com.br\/blog\/#\/schema\/person\/9a44c2184a836bf5ae6967fdb3a1451e"},"headline":"Uso de fenol \u00e9 proibido pela Anvisa","datePublished":"2024-06-26T13:54:36+00:00","dateModified":"2024-08-02T19:31:25+00:00","mainEntityOfPage":{"@id":"https:\/\/www.grupomedcof.com.br\/blog\/uso-de-fenol-e-proibido-pela-anvisa\/"},"wordCount":656,"commentCount":0,"publisher":{"@id":"https:\/\/www.grupomedcof.com.br\/blog\/#organization"},"image":{"@id":"https:\/\/www.grupomedcof.com.br\/blog\/uso-de-fenol-e-proibido-pela-anvisa\/#primaryimage"},"thumbnailUrl":"https:\/\/www.grupomedcof.com.br\/blog\/wp-content\/uploads\/2024\/06\/Blog-MedCof-17-1.png","keywords":["Dermatologia","Especializa\u00e7\u00e3o dermatologia","Peeling de fenol","Procedimentos est\u00e9ticos","Resid\u00eancia M\u00e9dica"],"articleSection":["Dermatologia","Novidades"],"inLanguage":"pt-BR"},{"@type":"WebPage","@id":"https:\/\/www.grupomedcof.com.br\/blog\/uso-de-fenol-e-proibido-pela-anvisa\/","url":"https:\/\/www.grupomedcof.com.br\/blog\/uso-de-fenol-e-proibido-pela-anvisa\/","name":"Uso de fenol \u00e9 proibido pela Anvisa - Blog de Medcof: conte\u00fados, editais, revalida e mais!","isPartOf":{"@id":"https:\/\/www.grupomedcof.com.br\/blog\/#website"},"primaryImageOfPage":{"@id":"https:\/\/www.grupomedcof.com.br\/blog\/uso-de-fenol-e-proibido-pela-anvisa\/#primaryimage"},"image":{"@id":"https:\/\/www.grupomedcof.com.br\/blog\/uso-de-fenol-e-proibido-pela-anvisa\/#primaryimage"},"thumbnailUrl":"https:\/\/www.grupomedcof.com.br\/blog\/wp-content\/uploads\/2024\/06\/Blog-MedCof-17-1.png","datePublished":"2024-06-26T13:54:36+00:00","dateModified":"2024-08-02T19:31:25+00:00","description":"Uso de fenol \u00e9 proibido temporariamente e ficar\u00e1 em observa\u00e7\u00e3o enquanto s\u00e3o conduzidas investiga\u00e7\u00f5es sobre os potenciais danos.","breadcrumb":{"@id":"https:\/\/www.grupomedcof.com.br\/blog\/uso-de-fenol-e-proibido-pela-anvisa\/#breadcrumb"},"inLanguage":"pt-BR","potentialAction":[{"@type":"ReadAction","target":["https:\/\/www.grupomedcof.com.br\/blog\/uso-de-fenol-e-proibido-pela-anvisa\/"]}]},{"@type":"ImageObject","inLanguage":"pt-BR","@id":"https:\/\/www.grupomedcof.com.br\/blog\/uso-de-fenol-e-proibido-pela-anvisa\/#primaryimage","url":"https:\/\/www.grupomedcof.com.br\/blog\/wp-content\/uploads\/2024\/06\/Blog-MedCof-17-1.png","contentUrl":"https:\/\/www.grupomedcof.com.br\/blog\/wp-content\/uploads\/2024\/06\/Blog-MedCof-17-1.png","width":2560,"height":1440,"caption":"Imagem com logo da Anvisa"},{"@type":"BreadcrumbList","@id":"https:\/\/www.grupomedcof.com.br\/blog\/uso-de-fenol-e-proibido-pela-anvisa\/#breadcrumb","itemListElement":[{"@type":"ListItem","position":1,"name":"In\u00edcio","item":"https:\/\/www.grupomedcof.com.br\/blog\/"},{"@type":"ListItem","position":2,"name":"Uso de fenol \u00e9 proibido pela Anvisa"}]},{"@type":"WebSite","@id":"https:\/\/www.grupomedcof.com.br\/blog\/#website","url":"https:\/\/www.grupomedcof.com.br\/blog\/","name":"Blog de Medcof: conte\u00fados, editais, revalida e mais!","description":"Acesso o blog de MedCof! Seu portal de conte\u00fados sobre resid\u00eancia m\u00e9dica, an\u00e1lise e editais e muito mais. Clique e confira!","publisher":{"@id":"https:\/\/www.grupomedcof.com.br\/blog\/#organization"},"alternateName":"Blog de Medcof: conte\u00fados, editais, revalida e mais!","potentialAction":[{"@type":"SearchAction","target":{"@type":"EntryPoint","urlTemplate":"https:\/\/www.grupomedcof.com.br\/blog\/?s={search_term_string}"},"query-input":{"@type":"PropertyValueSpecification","valueRequired":true,"valueName":"search_term_string"}}],"inLanguage":"pt-BR"},{"@type":"Organization","@id":"https:\/\/www.grupomedcof.com.br\/blog\/#organization","name":"Grupo MedCof","url":"https:\/\/www.grupomedcof.com.br\/blog\/","logo":{"@type":"ImageObject","inLanguage":"pt-BR","@id":"https:\/\/www.grupomedcof.com.br\/blog\/#\/schema\/logo\/image\/","url":"https:\/\/www.grupomedcof.com.br\/blog\/wp-content\/uploads\/2022\/01\/logo-medcof.png","contentUrl":"https:\/\/www.grupomedcof.com.br\/blog\/wp-content\/uploads\/2022\/01\/logo-medcof.png","width":768,"height":269,"caption":"Grupo MedCof"},"image":{"@id":"https:\/\/www.grupomedcof.com.br\/blog\/#\/schema\/logo\/image\/"},"sameAs":["https:\/\/www.facebook.com\/MedCofQbank\/","https:\/\/www.instagram.com\/grupomedcof\/","https:\/\/br.linkedin.com\/company\/medcof","https:\/\/www.youtube.com\/channel\/UCdHMuOHKICxcHwecxN8P-AA"]},{"@type":"Person","@id":"https:\/\/www.grupomedcof.com.br\/blog\/#\/schema\/person\/9a44c2184a836bf5ae6967fdb3a1451e","name":"Leila Menzel","image":{"@type":"ImageObject","inLanguage":"pt-BR","@id":"https:\/\/www.grupomedcof.com.br\/blog\/wp-content\/uploads\/2025\/09\/cropped-eu-96x96.jpeg19a74936d997c0a8b3031618467fa1d0","url":"https:\/\/www.grupomedcof.com.br\/blog\/wp-content\/uploads\/2025\/09\/cropped-eu-96x96.jpeg","contentUrl":"https:\/\/www.grupomedcof.com.br\/blog\/wp-content\/uploads\/2025\/09\/cropped-eu-96x96.jpeg","caption":"Leila Menzel"},"description":"Estudante do 6\u00b0 semestre de jornalismo, amo e escrevo poesias e viajo em livros de romances clich\u00eas.","url":"https:\/\/www.grupomedcof.com.br\/blog\/author\/leila-menzel\/"}]}},"authors":[{"term_id":3616,"user_id":20,"is_guest":0,"slug":"leila-menzel","display_name":"Leila Menzel","avatar_url":"https:\/\/www.grupomedcof.com.br\/blog\/wp-content\/uploads\/2025\/09\/cropped-eu-96x96.jpeg","0":null,"1":"","2":"","3":"","4":"","5":"","6":"","7":"","8":""}],"_links":{"self":[{"href":"https:\/\/www.grupomedcof.com.br\/blog\/wp-json\/wp\/v2\/posts\/27102","targetHints":{"allow":["GET"]}}],"collection":[{"href":"https:\/\/www.grupomedcof.com.br\/blog\/wp-json\/wp\/v2\/posts"}],"about":[{"href":"https:\/\/www.grupomedcof.com.br\/blog\/wp-json\/wp\/v2\/types\/post"}],"author":[{"embeddable":true,"href":"https:\/\/www.grupomedcof.com.br\/blog\/wp-json\/wp\/v2\/users\/20"}],"replies":[{"embeddable":true,"href":"https:\/\/www.grupomedcof.com.br\/blog\/wp-json\/wp\/v2\/comments?post=27102"}],"version-history":[{"count":0,"href":"https:\/\/www.grupomedcof.com.br\/blog\/wp-json\/wp\/v2\/posts\/27102\/revisions"}],"wp:featuredmedia":[{"embeddable":true,"href":"https:\/\/www.grupomedcof.com.br\/blog\/wp-json\/wp\/v2\/media\/27105"}],"wp:attachment":[{"href":"https:\/\/www.grupomedcof.com.br\/blog\/wp-json\/wp\/v2\/media?parent=27102"}],"wp:term":[{"taxonomy":"category","embeddable":true,"href":"https:\/\/www.grupomedcof.com.br\/blog\/wp-json\/wp\/v2\/categories?post=27102"},{"taxonomy":"post_tag","embeddable":true,"href":"https:\/\/www.grupomedcof.com.br\/blog\/wp-json\/wp\/v2\/tags?post=27102"},{"taxonomy":"author","embeddable":true,"href":"https:\/\/www.grupomedcof.com.br\/blog\/wp-json\/wp\/v2\/ppma_author?post=27102"}],"curies":[{"name":"wp","href":"https:\/\/api.w.org\/{rel}","templated":true}]}}