{"id":27174,"date":"2026-02-10T12:28:56","date_gmt":"2026-02-10T15:28:56","guid":{"rendered":"https:\/\/www.grupomedcof.com.br\/blog\/?p=27174"},"modified":"2026-02-10T12:28:59","modified_gmt":"2026-02-10T15:28:59","slug":"residencia-medica-usp-sp","status":"publish","type":"post","link":"https:\/\/www.grupomedcof.com.br\/blog\/residencia-medica-usp-sp\/","title":{"rendered":"Resid\u00eancia M\u00e9dica da USP-SP 2025\/2026: resultado final dispon\u00edvel!"},"content":{"rendered":"<div id=\"ez-toc-container\" class=\"ez-toc-v2_0_74 counter-hierarchy ez-toc-counter ez-toc-transparent ez-toc-container-direction\">\n<div class=\"ez-toc-title-container\">\n<p class=\"ez-toc-title\" style=\"cursor:inherit\">Sum\u00e1rio<\/p>\n<span class=\"ez-toc-title-toggle\"><a href=\"#\" class=\"ez-toc-pull-right ez-toc-btn ez-toc-btn-xs ez-toc-btn-default ez-toc-toggle\" aria-label=\"Alternar tabela de conte\u00fado\"><span class=\"ez-toc-js-icon-con\"><span class=\"\"><span class=\"eztoc-hide\" style=\"display:none;\">Toggle<\/span><span class=\"ez-toc-icon-toggle-span\"><svg style=\"fill: #999;color:#999\" xmlns=\"http:\/\/www.w3.org\/2000\/svg\" class=\"list-377408\" width=\"20px\" height=\"20px\" viewBox=\"0 0 24 24\" fill=\"none\"><path d=\"M6 6H4v2h2V6zm14 0H8v2h12V6zM4 11h2v2H4v-2zm16 0H8v2h12v-2zM4 16h2v2H4v-2zm16 0H8v2h12v-2z\" fill=\"currentColor\"><\/path><\/svg><svg style=\"fill: #999;color:#999\" class=\"arrow-unsorted-368013\" xmlns=\"http:\/\/www.w3.org\/2000\/svg\" width=\"10px\" height=\"10px\" viewBox=\"0 0 24 24\" version=\"1.2\" baseProfile=\"tiny\"><path d=\"M18.2 9.3l-6.2-6.3-6.2 6.3c-.2.2-.3.4-.3.7s.1.5.3.7c.2.2.4.3.7.3h11c.3 0 .5-.1.7-.3.2-.2.3-.5.3-.7s-.1-.5-.3-.7zM5.8 14.7l6.2 6.3 6.2-6.3c.2-.2.3-.5.3-.7s-.1-.5-.3-.7c-.2-.2-.4-.3-.7-.3h-11c-.3 0-.5.1-.7.3-.2.2-.3.5-.3.7s.1.5.3.7z\"\/><\/svg><\/span><\/span><\/span><\/a><\/span><\/div>\n<nav><ul class='ez-toc-list ez-toc-list-level-1 ' ><li class='ez-toc-page-1 ez-toc-heading-level-2'><a class=\"ez-toc-link ez-toc-heading-1\" href=\"https:\/\/www.grupomedcof.com.br\/blog\/residencia-medica-usp-sp\/#Sobre_a_USP-SP\" >Sobre a USP-SP<\/a><\/li><li class='ez-toc-page-1 ez-toc-heading-level-2'><a class=\"ez-toc-link ez-toc-heading-2\" href=\"https:\/\/www.grupomedcof.com.br\/blog\/residencia-medica-usp-sp\/#Como_e_o_processo_seletivo_para_residencia_medica_USP-SP\" >Como \u00e9 o processo seletivo para resid\u00eancia m\u00e9dica USP-SP?<\/a><ul class='ez-toc-list-level-3' ><li class='ez-toc-heading-level-3'><a class=\"ez-toc-link ez-toc-heading-3\" href=\"https:\/\/www.grupomedcof.com.br\/blog\/residencia-medica-usp-sp\/#Prova_objetiva\" >Prova objetiva<\/a><\/li><li class='ez-toc-page-1 ez-toc-heading-level-3'><a class=\"ez-toc-link ez-toc-heading-4\" href=\"https:\/\/www.grupomedcof.com.br\/blog\/residencia-medica-usp-sp\/#Analise_Curricular\" >An\u00e1lise Curricular<\/a><\/li><\/ul><\/li><li class='ez-toc-page-1 ez-toc-heading-level-2'><a class=\"ez-toc-link ez-toc-heading-5\" href=\"https:\/\/www.grupomedcof.com.br\/blog\/residencia-medica-usp-sp\/#Como_se_inscrever_para_a_residencia_medica_do_USP-SP\" >Como se inscrever para a resid\u00eancia m\u00e9dica do USP-SP?<\/a><\/li><li class='ez-toc-page-1 ez-toc-heading-level-2'><a class=\"ez-toc-link ez-toc-heading-6\" href=\"https:\/\/www.grupomedcof.com.br\/blog\/residencia-medica-usp-sp\/#Edital_de_residencia_medica_USP-SP_20252026\" >Edital de resid\u00eancia m\u00e9dica USP-SP 2025\/2026<\/a><\/li><li class='ez-toc-page-1 ez-toc-heading-level-2'><a class=\"ez-toc-link ez-toc-heading-7\" href=\"https:\/\/www.grupomedcof.com.br\/blog\/residencia-medica-usp-sp\/#Qual_o_valor_da_bolsa_de_residencia_medica_na_USP\" >Qual o valor da bolsa de resid\u00eancia m\u00e9dica na USP?<\/a><\/li><li class='ez-toc-page-1 ez-toc-heading-level-2'><a class=\"ez-toc-link ez-toc-heading-8\" href=\"https:\/\/www.grupomedcof.com.br\/blog\/residencia-medica-usp-sp\/#Gabaritos_USP-SP\" >Gabaritos USP-SP<\/a><\/li><li class='ez-toc-page-1 ez-toc-heading-level-2'><a class=\"ez-toc-link ez-toc-heading-9\" href=\"https:\/\/www.grupomedcof.com.br\/blog\/residencia-medica-usp-sp\/#Vagas_em_especialidades_medicas_oferecidas_na_residencia_USP-SP_20252026\" >Vagas em especialidades m\u00e9dicas oferecidas na resid\u00eancia USP-SP 2025\/2026<\/a><\/li><li class='ez-toc-page-1 ez-toc-heading-level-2'><a class=\"ez-toc-link ez-toc-heading-10\" href=\"https:\/\/www.grupomedcof.com.br\/blog\/residencia-medica-usp-sp\/#Nota_de_corte_residencia_medica_USP-SP_20252026\" >Nota de corte resid\u00eancia m\u00e9dica USP-SP 2025\/2026<\/a><\/li><li class='ez-toc-page-1 ez-toc-heading-level-2'><a class=\"ez-toc-link ez-toc-heading-11\" href=\"https:\/\/www.grupomedcof.com.br\/blog\/residencia-medica-usp-sp\/#Resultado_da_Prova_Objetiva\" >Resultado da Prova Objetiva<\/a><\/li><li class='ez-toc-page-1 ez-toc-heading-level-2'><a class=\"ez-toc-link ez-toc-heading-12\" href=\"https:\/\/www.grupomedcof.com.br\/blog\/residencia-medica-usp-sp\/#Resultado_Preliminar_Analise_Curricular\" >Resultado Preliminar An\u00e1lise Curricular<\/a><\/li><li class='ez-toc-page-1 ez-toc-heading-level-2'><a class=\"ez-toc-link ez-toc-heading-13\" href=\"https:\/\/www.grupomedcof.com.br\/blog\/residencia-medica-usp-sp\/#Resultado_Final_USP_residencia_medica_20252026\" >Resultado Final USP resid\u00eancia m\u00e9dica 2025\/2026<\/a><\/li><li class='ez-toc-page-1 ez-toc-heading-level-2'><a class=\"ez-toc-link ez-toc-heading-14\" href=\"https:\/\/www.grupomedcof.com.br\/blog\/residencia-medica-usp-sp\/#Qual_e_a_concorrencia_para_a_residencia_medica_USP-SP_2026\" >Qual \u00e9 a concorr\u00eancia para a resid\u00eancia m\u00e9dica USP-SP 2026?<\/a><ul class='ez-toc-list-level-3' ><li class='ez-toc-heading-level-3'><a class=\"ez-toc-link ez-toc-heading-15\" href=\"https:\/\/www.grupomedcof.com.br\/blog\/residencia-medica-usp-sp\/#Acesso_Direto\" >Acesso Direto<\/a><\/li><li class='ez-toc-page-1 ez-toc-heading-level-3'><a class=\"ez-toc-link ez-toc-heading-16\" href=\"https:\/\/www.grupomedcof.com.br\/blog\/residencia-medica-usp-sp\/#Pre-Requisito\" >Pr\u00e9-Requisito<\/a><\/li><li class='ez-toc-page-1 ez-toc-heading-level-3'><a class=\"ez-toc-link ez-toc-heading-17\" href=\"https:\/\/www.grupomedcof.com.br\/blog\/residencia-medica-usp-sp\/#Pre-Requisito_%E2%80%93_Especialidades_Clinicas\" >Pr\u00e9-Requisito \u2013 Especialidades Cl\u00ednicas<\/a><\/li><li class='ez-toc-page-1 ez-toc-heading-level-3'><a class=\"ez-toc-link ez-toc-heading-18\" href=\"https:\/\/www.grupomedcof.com.br\/blog\/residencia-medica-usp-sp\/#Pre-Requisito_%E2%80%93_Especialidades_Cirurgicas\" >Pr\u00e9-Requisito \u2013 Especialidades Cir\u00fargicas<\/a><\/li><li class='ez-toc-page-1 ez-toc-heading-level-3'><a class=\"ez-toc-link ez-toc-heading-19\" href=\"https:\/\/www.grupomedcof.com.br\/blog\/residencia-medica-usp-sp\/#Pre-Requisito_%E2%80%93_Especialidades_Pediatricas\" >Pr\u00e9-Requisito \u2013 Especialidades Pedi\u00e1tricas<\/a><\/li><li class='ez-toc-page-1 ez-toc-heading-level-3'><a class=\"ez-toc-link ez-toc-heading-20\" href=\"https:\/\/www.grupomedcof.com.br\/blog\/residencia-medica-usp-sp\/#Areas_de_Atuacao_e_Anos_Adicionais\" >\u00c1reas de Atua\u00e7\u00e3o e Anos Adicionais<\/a><\/li><\/ul><\/li><li class='ez-toc-page-1 ez-toc-heading-level-2'><a class=\"ez-toc-link ez-toc-heading-21\" href=\"https:\/\/www.grupomedcof.com.br\/blog\/residencia-medica-usp-sp\/#Cronograma_USP-SP_20252026\" >Cronograma USP-SP 2025\/2026<\/a><\/li><li class='ez-toc-page-1 ez-toc-heading-level-2'><a class=\"ez-toc-link ez-toc-heading-22\" href=\"https:\/\/www.grupomedcof.com.br\/blog\/residencia-medica-usp-sp\/#Como_passar_na_Residencia_Medica_USP-SP\" >Como passar na Resid\u00eancia M\u00e9dica USP-SP?<\/a><\/li><li class='ez-toc-page-1 ez-toc-heading-level-2'><a class=\"ez-toc-link ez-toc-heading-23\" href=\"https:\/\/www.grupomedcof.com.br\/blog\/residencia-medica-usp-sp\/#Seja_aprovado_na_residencia_medica_USP-SP_20252026\" >Seja aprovado na resid\u00eancia m\u00e9dica USP-SP 2025\/2026<\/a><\/li><\/ul><\/nav><\/div>\n\n<figure class=\"wp-block-image size-large\"><img loading=\"lazy\" decoding=\"async\" width=\"1024\" height=\"576\" src=\"https:\/\/www.grupomedcof.com.br\/blog\/wp-content\/uploads\/2024\/06\/Blog-MedCof-19-1-1024x576.png\" alt=\"A imagem cont\u00e9m a logo do curso de medicina da USP\" class=\"wp-image-27184\" srcset=\"https:\/\/www.grupomedcof.com.br\/blog\/wp-content\/uploads\/2024\/06\/Blog-MedCof-19-1-1024x576.png 1024w, https:\/\/www.grupomedcof.com.br\/blog\/wp-content\/uploads\/2024\/06\/Blog-MedCof-19-1-300x169.png 300w, https:\/\/www.grupomedcof.com.br\/blog\/wp-content\/uploads\/2024\/06\/Blog-MedCof-19-1-768x432.png 768w, https:\/\/www.grupomedcof.com.br\/blog\/wp-content\/uploads\/2024\/06\/Blog-MedCof-19-1-1536x864.png 1536w, https:\/\/www.grupomedcof.com.br\/blog\/wp-content\/uploads\/2024\/06\/Blog-MedCof-19-1-2048x1152.png 2048w, https:\/\/www.grupomedcof.com.br\/blog\/wp-content\/uploads\/2024\/06\/Blog-MedCof-19-1-747x420.png 747w, https:\/\/www.grupomedcof.com.br\/blog\/wp-content\/uploads\/2024\/06\/Blog-MedCof-19-1-150x84.png 150w, https:\/\/www.grupomedcof.com.br\/blog\/wp-content\/uploads\/2024\/06\/Blog-MedCof-19-1-696x392.png 696w, https:\/\/www.grupomedcof.com.br\/blog\/wp-content\/uploads\/2024\/06\/Blog-MedCof-19-1-1068x601.png 1068w, https:\/\/www.grupomedcof.com.br\/blog\/wp-content\/uploads\/2024\/06\/Blog-MedCof-19-1-1920x1080.png 1920w\" sizes=\"auto, (max-width: 1024px) 100vw, 1024px\" \/><\/figure>\n\n\n\n<p>Acompanhe em primeira m\u00e3o todas as informa\u00e7\u00f5es sobre a Resid\u00eancia M\u00e9dica USP-SP e saiba tudo sobre o processo seletivo.&nbsp;<\/p>\n\n\n\n<p>No Portal de Not\u00edcias da MedCof, voc\u00ea fica por dentro de todas as novidades sobre a <strong>prova da Resid\u00eancia M\u00e9dica USP-SP 2025\/2026.<\/strong><\/p>\n\n\n\n<h2 class=\"wp-block-heading\" id=\"h-sobre-a-usp-sp\"><span class=\"ez-toc-section\" id=\"Sobre_a_USP-SP\"><\/span><strong>Sobre a USP-SP<\/strong><span class=\"ez-toc-section-end\"><\/span><\/h2>\n\n\n\n<p>A <a href=\"https:\/\/www5.usp.br\/institucional\/a-usp\/\"><strong>Universidade de S\u00e3o Paulo (USP)<\/strong><\/a> teve sua funda\u00e7\u00e3o em 1934 e \u00e9 uma universidade p\u00fablica mantida pelo <strong>Estado de S\u00e3o Paulo<\/strong> e tamb\u00e9m est\u00e1 ligada \u00e0 Secretaria de Desenvolvimento Econ\u00f4mico.<\/p>\n\n\n\n<p>Al\u00e9m disso, \u00e9 reconhecida por diferentes rankings mundiais, e assim, a USP busca pela excel\u00eancia e permite integrar um seleto grupo de institui\u00e7\u00f5es de padr\u00e3o mundial.<\/p>\n\n\n\n<p>Atualmente, a institui\u00e7\u00e3o \u00e9 respons\u00e1vel por <strong>mais de 20% da produ\u00e7\u00e3o cient\u00edfica brasileira<\/strong> e sua gradua\u00e7\u00e3o \u00e9 repleta de cursos dedicados a todas as \u00e1reas de conhecimento, tornando-se assim uma <strong>refer\u00eancia<\/strong> entre os profissionais que buscam uma institui\u00e7\u00e3o para a realizar sua <strong>resid\u00eancia m\u00e9dica<\/strong>.<\/p>\n\n\n\n<h2 class=\"wp-block-heading\" id=\"h-como-e-o-processo-seletivo-para-residencia-medica-usp-sp\"><span class=\"ez-toc-section\" id=\"Como_e_o_processo_seletivo_para_residencia_medica_USP-SP\"><\/span><strong>Como \u00e9 o processo seletivo para resid\u00eancia m\u00e9dica USP-SP?<\/strong><span class=\"ez-toc-section-end\"><\/span><\/h2>\n\n\n\n<p>O processo seletivo possui <strong>duas fases: <\/strong>a prova objetiva e a <strong>an\u00e1lise curricular<\/strong> para todas as especialidades, exceto para as especialidades de <strong>\u00c1reas de Atua\u00e7\u00e3o e Anos Adicionais,<\/strong> que contam com a prova de habilidades espec\u00edficas. Ademais, \u00e9 necess\u00e1rio realizar o pagamento da taxa de <strong>R$620,00<\/strong>.<\/p>\n\n\n\n<h3 class=\"wp-block-heading\" id=\"h-prova-objetiva\"><span class=\"ez-toc-section\" id=\"Prova_objetiva\"><\/span><strong>Prova objetiva<\/strong><span class=\"ez-toc-section-end\"><\/span><\/h3>\n\n\n\n<p>A prova objetiva da <strong>Universidade de S\u00e3o Paulo<\/strong> \u00e9 composta pela aplica\u00e7\u00e3o de <strong>120 quest\u00f5es de m\u00faltipla escolha, <\/strong>sendo esse n\u00famero de perguntas para os programas de <strong>acesso direto e pr\u00e9-requisitos<\/strong>, enquanto para os programas de <strong>Anos Adicionais e \u00c1reas de Atua\u00e7\u00e3o<\/strong>, ser\u00e3o cobradas 40 quest\u00f5es. A prova aconteceu no dia <strong>07 de dezembro de 2025.<\/strong><\/p>\n\n\n\n<p>Para Acesso Direto, a prova versar\u00e1 sobre o conte\u00fado program\u00e1tico do curso de gradua\u00e7\u00e3o em Medicina, com quest\u00f5es divididas igualmente entre as \u00e1reas de Cirurgia Geral, Cl\u00ednica M\u00e9dica, Obstetr\u00edcia e Ginecologia, Medicina Preventiva e Social, Medicina de Fam\u00edlia e Comunidade, Sa\u00fade Coletiva e Pediatria. Tamb\u00e9m ser\u00e1 abordado conte\u00fado referente \u00e0 Sa\u00fade Mental e Medicina de Urg\u00eancia.<\/p>\n\n\n\n<p>Programas com Pr\u00e9-Requisito ter\u00e3o as quest\u00f5es baseadas no conte\u00fado referente \u00e0 \u00e1rea exigida como requisito para ingresso no programa.<\/p>\n\n\n\n<p>Os participantes precisam obter, pelo menos, <strong>50% de acerto nesta primeira etapa<\/strong> e, atingindo esta porcentagem, seguem para a fase seguinte, a <strong>an\u00e1lise curricular<\/strong>.<\/p>\n\n\n\n<p>Estudar as provas similares da institui\u00e7\u00e3o pode ser a diferen\u00e7a na sua prepara\u00e7\u00e3o. Acesse <a href=\"https:\/\/www.grupomedcof.com.br\/blog\/provas-de-residencia-medica-similares-a-usp-sp\/\" target=\"_blank\" rel=\"noreferrer noopener\">Provas de Resid\u00eancia M\u00e9dica Similares a USP-SP.<\/a><\/p>\n\n\n\n<h3 class=\"wp-block-heading\" id=\"h-analise-curricular\"><span class=\"ez-toc-section\" id=\"Analise_Curricular\"><\/span><strong>An\u00e1lise Curricular<\/strong><span class=\"ez-toc-section-end\"><\/span><\/h3>\n\n\n\n<p>Assim como outras institui\u00e7\u00f5es, a USP tamb\u00e9m conta com a <strong>an\u00e1lise curricular<\/strong> como componente do processo seletivo para os programas de resid\u00eancia m\u00e9dica, visando melhor qualificar o profissional \u00e0 \u00e1rea desejada.<\/p>\n\n\n\n<p>Para edi\u00e7\u00e3o 2025\/2026, os alunos devem encaminhar seus documentos no per\u00edodo de <strong><strong>05 e 12 de janeiro de 2026<\/strong><\/strong>, para que assim sejam analisados os curr\u00edculos durante os dias <strong>13 a 23 de janeiro de 2026.<\/strong><\/p>\n\n\n\n<h2 class=\"wp-block-heading\" id=\"h-como-se-inscrever-para-a-residencia-medica-do-usp-sp\"><span class=\"ez-toc-section\" id=\"Como_se_inscrever_para_a_residencia_medica_do_USP-SP\"><\/span><strong>Como se inscrever para a resid\u00eancia m\u00e9dica do USP-SP?<\/strong><span class=\"ez-toc-section-end\"><\/span><\/h2>\n\n\n\n<p>Para se inscrever no processo seletivo da USP-SP foi necess\u00e1rio realizar o preenchimento do formul\u00e1rio de inscri\u00e7\u00e3o por meio do site da <a href=\"https:\/\/www.fuvest.br\/\" target=\"_blank\" rel=\"noreferrer noopener\"><strong>Fuvest<\/strong><\/a>, e ap\u00f3s, quitar a taxa de <strong>$620,00.<\/strong><\/p>\n\n\n\n<p>Nesta edi\u00e7\u00e3o, o per\u00edodo de inscri\u00e7\u00f5es ocorreu entre os dias <strong>07 e 29 de outubro de 2025<\/strong>.<\/p>\n\n\n\n<h2 class=\"wp-block-heading\" id=\"h-edital-de-residencia-medica-usp-sp-2025-2026\"><span class=\"ez-toc-section\" id=\"Edital_de_residencia_medica_USP-SP_20252026\"><\/span><strong>Edital de resid\u00eancia m\u00e9dica USP-SP 2025\/2026<\/strong><span class=\"ez-toc-section-end\"><\/span><\/h2>\n\n\n\n<p>O <a href=\"https:\/\/www.grupomedcof.com.br\/blog\/edital-residencia-medica-usp-sp\/\">edital<\/a> foi divulgado por meio do site da <strong>Fuvest<\/strong>, e a USP-SP avalia os candidatos por meio de duas fases: a <strong>prova objetiva e a an\u00e1lise curricular<\/strong>. O documento foi veiculado no dia <strong>22 de setembro de 2025<\/strong>.<\/p>\n\n\n\n<p>A <strong>primeira etapa<\/strong>, aconteceu no dia <strong>07 de dezembro de 2025<\/strong>, \u00e0s 13h e teve 120 quest\u00f5es de m\u00faltipla escolha, como j\u00e1 mencionado acima. A <strong>segunda fase ocorre<\/strong> entre os dias <strong><strong>13 a 23 de janeiro de 2026<\/strong><\/strong>.<\/p>\n\n\n\n<h2 class=\"wp-block-heading\" id=\"h-qual-o-valor-da-bolsa-de-residencia-medica-na-usp\"><span class=\"ez-toc-section\" id=\"Qual_o_valor_da_bolsa_de_residencia_medica_na_USP\"><\/span><strong>Qual o valor da bolsa de resid\u00eancia m\u00e9dica na USP?<\/strong><span class=\"ez-toc-section-end\"><\/span><\/h2>\n\n\n\n<p>Segundo informa\u00e7\u00f5es do portal da Funda\u00e7\u00e3o Universit\u00e1ria para o Vestibular (FUVEST), o valor estabelecido da bolsa para os residentes m\u00e9dicos da USP foi de <strong>R$4.106,09<\/strong> mensais. <\/p>\n\n\n\n<h2 class=\"wp-block-heading\" id=\"h-gabaritos-usp-sp\"><span class=\"ez-toc-section\" id=\"Gabaritos_USP-SP\"><\/span><strong>Gabaritos USP-SP<\/strong><span class=\"ez-toc-section-end\"><\/span><\/h2>\n\n\n\n<p>A prova objetiva foi aplicada no dia <strong>07 de dezembro de 2025<\/strong> e os gabaritos foram liberados no dia 09. Sendo assim, confira abaixo os gabaritos:<\/p>\n\n\n\n<div class=\"wp-block-buttons is-content-justification-center is-layout-flex wp-container-core-buttons-is-layout-16018d1d wp-block-buttons-is-layout-flex\">\n<div class=\"wp-block-button\"><a class=\"wp-block-button__link wp-element-button\" href=\"https:\/\/www.grupomedcof.com.br\/blog\/wp-content\/uploads\/2025\/09\/Gabarito-USP-SP-AD-2026.pdf\" target=\"_blank\" rel=\"noreferrer noopener\">Gabarito Acesso Direto<\/a><\/div>\n\n\n\n<div class=\"wp-block-button\"><a class=\"wp-block-button__link wp-element-button\" href=\"https:\/\/www.grupomedcof.com.br\/blog\/wp-content\/uploads\/2025\/09\/Gabarito-USP-SP-Especialidades-Clinicas-2026.pdf\" target=\"_blank\" rel=\"noreferrer noopener\">Gabarito Especialidades Cl\u00ednicas<\/a><\/div>\n\n\n\n<div class=\"wp-block-button\"><a class=\"wp-block-button__link wp-element-button\" href=\"https:\/\/www.grupomedcof.com.br\/blog\/gabarito-usp-sp\/\" target=\"_blank\" rel=\"noreferrer noopener\">Confira os outros gabaritos!<\/a><\/div>\n<\/div>\n\n\n\n<h2 class=\"wp-block-heading\" id=\"h-vagas-em-especialidades-medicas-oferecidas-na-residencia-usp-sp-2025-2026\"><span class=\"ez-toc-section\" id=\"Vagas_em_especialidades_medicas_oferecidas_na_residencia_USP-SP_20252026\"><\/span><strong><strong>Vagas em especialidades m\u00e9dicas oferecidas na resid\u00eancia USP-SP 2025\/2026<\/strong><\/strong><span class=\"ez-toc-section-end\"><\/span><\/h2>\n\n\n\n<p>Segundo o edital publicado, foram contabilizadas mais de <strong>834 vagas<\/strong> disponibilizadas para programas de resid\u00eancia m\u00e9dica, sendo estas distribu\u00eddas entre <strong>acesso direto, pr\u00e9-requisito e \u00e1reas de atua\u00e7\u00e3o<\/strong>. Veja abaixo a distribui\u00e7\u00e3o dessas vagas:<\/p>\n\n\n\n<figure class=\"wp-block-table\"><table class=\"has-fixed-layout\"><thead><tr><th>Especialidades<\/th><th>Retorno For\u00e7as Armadas<\/th><th>Vagas Previstas<\/th><\/tr><\/thead><tbody><tr><td>Acupuntura<\/td><td>\u2013<\/td><td>2<\/td><\/tr><tr><td>Alergia e Imunologia<\/td><td>\u2013<\/td><td>3+1* = 4<\/td><\/tr><tr><td>Alergia e Imunologia \u2013 Ano Adicional<\/td><td>\u2013<\/td><td>1<\/td><\/tr><tr><td>Alergia e Imunologia Pedi\u00e1trica<\/td><td>\u2013<\/td><td>2+1* = 3<\/td><\/tr><tr><td>Anestesiologia<\/td><td>2<\/td><td>33<\/td><\/tr><tr><td>Cardiologia<\/td><td>\u2013<\/td><td>48+4* = 52<\/td><\/tr><tr><td>Cardio-Oncologia<\/td><td>\u2013<\/td><td>8*<\/td><\/tr><tr><td>Cardiologia Pedi\u00e1trica<\/td><td>\u2013<\/td><td>5+7* = 12<\/td><\/tr><tr><td>Cirurgia Cardiovascular<\/td><td>2<\/td><td>2+6* = 8<\/td><\/tr><tr><td>Cirurgia da M\u00e3o<\/td><td>\u2013<\/td><td>1<\/td><\/tr><tr><td>Cirurgia de Cabe\u00e7a e Pesco\u00e7o<\/td><td>\u2013<\/td><td>5<\/td><\/tr><tr><td>Cirurgia do Aparelho Digestivo<\/td><td>\u2013<\/td><td>4<\/td><\/tr><tr><td>Cirurgia Geral<\/td><td>2<\/td><td>22<\/td><\/tr><tr><td>Cirurgia Geral \u2013 Programa Avan\u00e7ado<\/td><td>\u2013<\/td><td>1<\/td><\/tr><tr><td>Cirurgia Pedi\u00e1trica<\/td><td>\u2013<\/td><td>2<\/td><\/tr><tr><td>Cirurgia Pl\u00e1stica<\/td><td>\u2013<\/td><td>7<\/td><\/tr><tr><td>Cirurgia Tor\u00e1cica<\/td><td>\u2013<\/td><td>4+2* = 6<\/td><\/tr><tr><td>Cirurgia Vascular<\/td><td>\u2013<\/td><td>5<\/td><\/tr><tr><td>Cirurgia Videolaparoscopia<\/td><td>\u2013<\/td><td>1<\/td><\/tr><tr><td>Cl\u00ednica M\u00e9dica<\/td><td>2+1* = 3<\/td><td>46+11* = 57<\/td><\/tr><tr><td>Cl\u00ednica M\u00e9dica \u2013 Ano Adicional<\/td><td>\u2013<\/td><td>10*<\/td><\/tr><tr><td>Coloproctologia<\/td><td>\u2013<\/td><td>3<\/td><\/tr><tr><td>Dermatologia<\/td><td>\u2013<\/td><td>10<\/td><\/tr><tr><td>Dor<\/td><td>\u2013<\/td><td>2+5* = 7<\/td><\/tr><tr><td>Eletrofisiologia Cl\u00ednica Invasiva<\/td><td>\u2013<\/td><td>1<\/td><\/tr><tr><td>Emerg\u00eancia Pedi\u00e1trica<\/td><td>\u2013<\/td><td>1+4* = 5<\/td><\/tr><tr><td>Endocrinologia<\/td><td>\u2013<\/td><td>10<\/td><\/tr><tr><td>Endocrinologia e Metabologia \u2013 Ano Adicional<\/td><td>\u2013<\/td><td>1<\/td><\/tr><tr><td>Endocrinologia Pedi\u00e1trica<\/td><td>\u2013<\/td><td>1+2* = 3<\/td><\/tr><tr><td>Endoscopia<\/td><td>\u2013<\/td><td>4+4* = 8<\/td><\/tr><tr><td>Endoscopia Digestiva<\/td><td>\u2013<\/td><td>3+1* = 4<\/td><\/tr><tr><td>Endoscopia Ginecol\u00f3gica<\/td><td>\u2013<\/td><td>2*<\/td><\/tr><tr><td>Gastroenterologia<\/td><td>\u2013<\/td><td>4+4* = 8<\/td><\/tr><tr><td>Gastroenterologia Pedi\u00e1trica<\/td><td>\u2013<\/td><td>2<\/td><\/tr><tr><td>Gen\u00e9tica M\u00e9dica<\/td><td>\u2013<\/td><td>5*<\/td><\/tr><tr><td>Geriatria<\/td><td>\u2013<\/td><td>10+6* = 16<\/td><\/tr><tr><td>Hematologia e Hemoterapia<\/td><td>\u2013<\/td><td>6+6* = 12<\/td><\/tr><tr><td>Hematologia-Hemoterapia Pedi\u00e1trica<\/td><td>\u2013<\/td><td>2*<\/td><\/tr><tr><td>Hemodin\u00e2mica e Cardiologia Intervencionista<\/td><td>\u2013<\/td><td>6<\/td><\/tr><tr><td>Hepatologia<\/td><td>\u2013<\/td><td>3*<\/td><\/tr><tr><td>Infectologia<\/td><td>\u2013<\/td><td>6<\/td><\/tr><tr><td>Infectologia Pedi\u00e1trica<\/td><td>\u2013<\/td><td>2<\/td><\/tr><tr><td>Mastologia<\/td><td>\u2013<\/td><td>5<\/td><\/tr><tr><td>Medicina de Emerg\u00eancia<\/td><td>\u2013<\/td><td>24<\/td><\/tr><tr><td>Medicina de Fam\u00edlia e Comunidade<\/td><td>\u2013<\/td><td>10<\/td><\/tr><tr><td>Medicina do Adolescente<\/td><td>\u2013<\/td><td>2<\/td><\/tr><tr><td>Medicina do Sono<\/td><td>\u2013<\/td><td>2+4* = 6<\/td><\/tr><tr><td>Medicina do Trabalho<\/td><td>\u2013<\/td><td>2<\/td><\/tr><tr><td>Medicina Esportiva<\/td><td>\u2013<\/td><td>6<\/td><\/tr><tr><td>Medicina Fetal<\/td><td>\u2013<\/td><td>2+2* = 4<\/td><\/tr><tr><td>Medicina F\u00edsica e Reabilita\u00e7\u00e3o<\/td><td>\u2013<\/td><td>6<\/td><\/tr><tr><td>Medicina Intensiva<\/td><td>\u2013<\/td><td>10<\/td><\/tr><tr><td>Medicina Intensiva Pedi\u00e1trica<\/td><td>\u2013<\/td><td>4+4* = 8<\/td><\/tr><tr><td>Medicina Legal e Per\u00edcia M\u00e9dica<\/td><td>\u2013<\/td><td>2+3* = 5<\/td><\/tr><tr><td>Medicina Nuclear<\/td><td>\u2013<\/td><td>5<\/td><\/tr><tr><td>Medicina Nuclear \u2013 Ano Adicional<\/td><td>\u2013<\/td><td>6*<\/td><\/tr><tr><td>Medicina Paliativa<\/td><td>\u2013<\/td><td>2+1* = 3<\/td><\/tr><tr><td>Medicina Preventiva e Social<\/td><td>\u2013<\/td><td>4<\/td><\/tr><tr><td>Medicina Tropical<\/td><td>\u2013<\/td><td>4*<\/td><\/tr><tr><td>Nefrologia<\/td><td>\u2013<\/td><td>8<\/td><\/tr><tr><td>Nefrologia Pedi\u00e1trica<\/td><td>\u2013<\/td><td>2+5* = 7<\/td><\/tr><tr><td>Neonatologia<\/td><td>\u2013<\/td><td>2+18* = 20<\/td><\/tr><tr><td>Neurocirurgia<\/td><td>\u2013<\/td><td>2+4* = 6<\/td><\/tr><tr><td>Neurofisiologia Cl\u00ednica<\/td><td>\u2013<\/td><td>1<\/td><\/tr><tr><td>Neurologia \u2013 Ano Adicional<\/td><td>\u2013<\/td><td>1+10* = 11<\/td><\/tr><tr><td>Neurologia<\/td><td>1<\/td><td>9+8* = 17<\/td><\/tr><tr><td>Neurologia Pedi\u00e1trica<\/td><td>\u2013<\/td><td>5<\/td><\/tr><tr><td>Neurorradiologia<\/td><td>\u2013<\/td><td>1*<\/td><\/tr><tr><td>Nutrologia<\/td><td>\u2013<\/td><td>2<\/td><\/tr><tr><td>Nutrologia Pedi\u00e1trica<\/td><td>\u2013<\/td><td>1<\/td><\/tr><tr><td>Obstetr\u00edcia e Ginecologia<\/td><td>\u2013<\/td><td>16<\/td><\/tr><tr><td>Obstetr\u00edcia e Ginecologia \u2013 Ano Adicional<\/td><td>\u2013<\/td><td>6<\/td><\/tr><tr><td>Oftalmologia<\/td><td>2<\/td><td>13<\/td><\/tr><tr><td>Oncologia Cl\u00ednica<\/td><td>\u2013<\/td><td>17<\/td><\/tr><tr><td>Oncologia Pedi\u00e1trica<\/td><td>\u2013<\/td><td>4<\/td><\/tr><tr><td>Ortopedia e Traumatologia<\/td><td>\u2013<\/td><td>16+2* = 18<\/td><\/tr><tr><td>Otorrinolaringologia<\/td><td>1<\/td><td>4<\/td><\/tr><tr><td>Patologia<\/td><td>\u2013<\/td><td>9<\/td><\/tr><tr><td>Patologia Cl\u00ednica\/Medicina Laboratorial<\/td><td>\u2013<\/td><td>2<\/td><\/tr><tr><td>Patologia Cl\u00ednica\/Medicina Laboratorial \u2013 Ano Adicional<\/td><td>\u2013<\/td><td>1<\/td><\/tr><tr><td>Pediatria<\/td><td>\u2013<\/td><td>40<\/td><\/tr><tr><td>Pediatria \u2013 Ano Adicional<\/td><td>\u2013<\/td><td>2<\/td><\/tr><tr><td>Pneumologia<\/td><td>\u2013<\/td><td>7+5* = 12<\/td><\/tr><tr><td>Pneumologia \u2013 Ano Adicional<\/td><td>\u2013<\/td><td>1+1* = 2<\/td><\/tr><tr><td>Pneumologia Pedi\u00e1trica<\/td><td>\u2013<\/td><td>3*<\/td><\/tr><tr><td>Psicogeriatria<\/td><td>\u2013<\/td><td>4<\/td><\/tr><tr><td>Psicoterapia<\/td><td>\u2013<\/td><td>2<\/td><\/tr><tr><td>Psiquiatria<\/td><td>2<\/td><td>18<\/td><\/tr><tr><td>Psiquiatria \u2013 Ano Adicional<\/td><td>\u2013<\/td><td>2<\/td><\/tr><tr><td>Psiquiatria da Inf\u00e2ncia e da Adolesc\u00eancia<\/td><td>\u2013<\/td><td>6<\/td><\/tr><tr><td>Psiquiatria Forense<\/td><td>\u2013<\/td><td>2<\/td><\/tr><tr><td>Radiologia e Diagn\u00f3stico por Imagem<\/td><td>\u2013<\/td><td>24<\/td><\/tr><tr><td>Radioterapia<\/td><td>\u2013<\/td><td>6<\/td><\/tr><tr><td>Reprodu\u00e7\u00e3o Assistida<\/td><td>\u2013<\/td><td>4*<\/td><\/tr><tr><td>Reumatologia<\/td><td>\u2013<\/td><td>10+2* = 12<\/td><\/tr><tr><td>Reumatologia Pedi\u00e1trica<\/td><td>\u2013<\/td><td>2<\/td><\/tr><tr><td>Transplante de Cora\u00e7\u00e3o \u2013 Cardiologia<\/td><td>\u2013<\/td><td>3*<\/td><\/tr><tr><td>Transplante de Cora\u00e7\u00e3o \u2013 Cirurgia Cardiovascular<\/td><td>\u2013<\/td><td>2*<\/td><\/tr><tr><td>Transplante de C\u00f3rnea \u2013 Oftalmologia<\/td><td>\u2013<\/td><td>5<\/td><\/tr><tr><td>Transplante de F\u00edgado \u2013 Cirurgia Pedi\u00e1trica<\/td><td>\u2013<\/td><td>1*<\/td><\/tr><tr><td>Transplante de F\u00edgado \u2013 Gastroenterologia<\/td><td>\u2013<\/td><td>2*<\/td><\/tr><tr><td>Transplante de F\u00edgado \u2013 Cirurgia do Aparelho Digestivo<\/td><td>\u2013<\/td><td>2*<\/td><\/tr><tr><td>Transplante de Medula \u00d3ssea \u2013 Hematologia e Hemoterapia<\/td><td>\u2013<\/td><td>2*<\/td><\/tr><tr><td>Transplante de P\u00e2ncreas \u2013 Cirurgia do Aparelho Digestivo<\/td><td>\u2013<\/td><td>1*<\/td><\/tr><tr><td>Transplante de Pulm\u00e3o \u2013 Cirurgia Tor\u00e1cica<\/td><td>\u2013<\/td><td>1*<\/td><\/tr><tr><td>Transplante de Rim \u2013 Nefrologia<\/td><td>\u2013<\/td><td>2*<\/td><\/tr><tr><td>Transplante de Rim \u2013 Pediatria<\/td><td>\u2013<\/td><td>2*<\/td><\/tr><tr><td>Transplante de Rim \u2013 Urologia<\/td><td>\u2013<\/td><td>2*<\/td><\/tr><tr><td>Urologia<\/td><td>\u2013<\/td><td>5<\/td><\/tr><\/tbody><\/table><\/figure>\n\n\n\n<h2 class=\"wp-block-heading\" id=\"h-nota-de-corte-residencia-medica-usp-sp-2025-2026\"><span class=\"ez-toc-section\" id=\"Nota_de_corte_residencia_medica_USP-SP_20252026\"><\/span><strong><strong>Nota de corte resid\u00eancia m\u00e9dica USP-SP 2025\/2026<\/strong><\/strong><span class=\"ez-toc-section-end\"><\/span><\/h2>\n\n\n\n<p>As notas de corte ser\u00e3o contabilizadas ap\u00f3s divulga\u00e7\u00e3o do resultado definitivo da prova de resid\u00eancia m\u00e9dica da USP-SP 2025\/2026.<\/p>\n\n\n\n<h2 class=\"wp-block-heading\" id=\"h-resultado-da-prova-objetiva\"><span class=\"ez-toc-section\" id=\"Resultado_da_Prova_Objetiva\"><\/span><strong>Resultado da Prova Objetiva<\/strong><span class=\"ez-toc-section-end\"><\/span><\/h2>\n\n\n\n<p>Ap\u00f3s a divulga\u00e7\u00e3o da nota preliminar  a <a href=\"https:\/\/www.fuvest.br\/residencia-medica\/\" target=\"_blank\" rel=\"noreferrer noopener\">Fuvest<\/a> divulgou o resultado definitivo da primeira fase, convocando os candidatos aprovados para a segunda etapa do processo seletivo.<\/p>\n\n\n\n<div class=\"wp-block-buttons is-layout-flex wp-block-buttons-is-layout-flex\">\n<div class=\"wp-block-button\"><a class=\"wp-block-button__link wp-element-button\" href=\"https:\/\/www.grupomedcof.com.br\/blog\/wp-content\/uploads\/2025\/12\/Convocacao-para-segunda-fase-Residencia-Medica-USP-SP.pdf\" target=\"_blank\" rel=\"noreferrer noopener\">Convoca\u00e7\u00e3o<\/a><\/div>\n\n\n\n<div class=\"wp-block-button\"><a class=\"wp-block-button__link wp-element-button\" href=\"https:\/\/www.grupomedcof.com.br\/blog\/gabarito-usp-sp\/\" target=\"_blank\" rel=\"noreferrer noopener\">Confira aqui a nota preliminar!<\/a><\/div>\n<\/div>\n\n\n\n<h2 class=\"wp-block-heading\" id=\"h-resultado-preliminar-analise-curricular\"><span class=\"ez-toc-section\" id=\"Resultado_Preliminar_Analise_Curricular\"><\/span><strong>Resultado Preliminar An\u00e1lise Curricular <\/strong><span class=\"ez-toc-section-end\"><\/span><\/h2>\n\n\n\n<p>Conforme previsto, o documento foi divulgado em 29 de janeiro, atrav\u00e9s da \u00c1rea do Candidato da Fuvest. <\/p>\n\n\n\n<div class=\"wp-block-buttons is-layout-flex wp-block-buttons-is-layout-flex\">\n<div class=\"wp-block-button\"><a class=\"wp-block-button__link wp-element-button\" href=\"https:\/\/www.grupomedcof.com.br\/blog\/wp-content\/uploads\/2026\/01\/rm2026-fase2-relacao-participantes-notas.pdf\" target=\"_blank\" rel=\"noreferrer noopener\">Resultado Preliminar An\u00e1lise Curricular USP-SP 2026<\/a><\/div>\n<\/div>\n\n\n\n<h2 class=\"wp-block-heading\" id=\"gabaritos-usp-sp\"><span class=\"ez-toc-section\" id=\"Resultado_Final_USP_residencia_medica_20252026\"><\/span><strong>Resultado Final USP resid\u00eancia m\u00e9dica 2025\/2026<\/strong><span class=\"ez-toc-section-end\"><\/span><\/h2>\n\n\n\n<p>O <strong>resultado final <\/strong>foi divulgado em <strong>10 de fevereiro de 2026,<\/strong> atrav\u00e9s do site oficial da sele\u00e7\u00e3o. Veja o resultado final e a lista de candidatos convocados em 1\u00aa chamada:<\/p>\n\n\n\n<div class=\"wp-block-buttons is-layout-flex wp-block-buttons-is-layout-flex\">\n<div class=\"wp-block-button\"><a class=\"wp-block-button__link wp-element-button\" href=\"https:\/\/www.grupomedcof.com.br\/blog\/wp-content\/uploads\/2026\/01\/Resultado-Final-USP-SP-2026.pdf\" target=\"_blank\" rel=\"noreferrer noopener\">Resultado Final e Convoca\u00e7\u00e3o<\/a><\/div>\n<\/div>\n\n\n\n<p>O per\u00edodo de\u00a0<strong>matr\u00edculas\u00a0online<\/strong> acontecer\u00e1 entre os dias\u00a0<strong>10 e 13\u00a0de fevereiro\u00a0de 2026<\/strong>.<\/p>\n\n\n\n<h2 class=\"wp-block-heading\" id=\"h-qual-e-a-concorrencia-para-a-residencia-medica-usp-sp-2026\"><span class=\"ez-toc-section\" id=\"Qual_e_a_concorrencia_para_a_residencia_medica_USP-SP_2026\"><\/span><strong>Qual \u00e9 a concorr\u00eancia para a resid\u00eancia m\u00e9dica USP-SP 2026?<\/strong><span class=\"ez-toc-section-end\"><\/span><\/h2>\n\n\n\n<p>Nesta edi\u00e7\u00e3o, a USP-SP obteve&nbsp;<strong><strong>11.082<\/strong>&nbsp;candidatos inscritos<\/strong>&nbsp;no processo seletivo, contando com&nbsp;<strong>834 vagas<\/strong>&nbsp;ofertadas, acarretando em uma rela\u00e7\u00e3o geral de&nbsp;<strong><strong>13,28<\/strong><\/strong>.<\/p>\n\n\n\n<h3 class=\"wp-block-heading\" id=\"h-acesso-direto\"><span class=\"ez-toc-section\" id=\"Acesso_Direto\"><\/span><strong>Acesso Direto<\/strong><span class=\"ez-toc-section-end\"><\/span><\/h3>\n\n\n\n<figure class=\"wp-block-table\"><table class=\"has-fixed-layout\"><thead><tr><th class=\"has-text-align-left\" data-align=\"left\">Especialidade<\/th><th class=\"has-text-align-left\" data-align=\"left\">Inscritos 24\/2025<\/th><th class=\"has-text-align-left\" data-align=\"left\">Vagas 24\/2025<\/th><th class=\"has-text-align-left\" data-align=\"left\">Rela\u00e7\u00e3o 24\/2025<\/th><th class=\"has-text-align-left\" data-align=\"left\">Inscritos 25\/2026<\/th><th class=\"has-text-align-left\" data-align=\"left\">Vagas 25\/2026<\/th><th class=\"has-text-align-left\" data-align=\"left\">Rela\u00e7\u00e3o 25\/2026<\/th><\/tr><\/thead><tbody><tr><td>Acupuntura<\/td><td>10<\/td><td>2<\/td><td>5,00<\/td><td>11<\/td><td>2<\/td><td>5,50<\/td><\/tr><tr><td>Anestesiologia<\/td><td>670<\/td><td>33<\/td><td>20,30<\/td><td>690<\/td><td>33<\/td><td>20,91<\/td><\/tr><tr><td>Cirurgia Cardiovascular<\/td><td>101<\/td><td>3<\/td><td>33,67<\/td><td>102<\/td><td>8<\/td><td>12,75<\/td><\/tr><tr><td>Cirurgia Geral<\/td><td>838<\/td><td>24<\/td><td>34,92<\/td><td>931<\/td><td>22<\/td><td>42,32<\/td><\/tr><tr><td>Cl\u00ednica M\u00e9dica<\/td><td>1129<\/td><td>57<\/td><td>19,81<\/td><td>1192<\/td><td>57<\/td><td>20,91<\/td><\/tr><tr><td>Dermatologia<\/td><td>452<\/td><td>10<\/td><td>45,20<\/td><td>486<\/td><td>10<\/td><td>48,60<\/td><\/tr><tr><td>Gen\u00e9tica M\u00e9dica<\/td><td>60<\/td><td>5<\/td><td>12,00<\/td><td>58<\/td><td>5<\/td><td>11,60<\/td><\/tr><tr><td>Infectologia<\/td><td>74<\/td><td>6<\/td><td>12,33<\/td><td>72<\/td><td>8<\/td><td>9,00<\/td><\/tr><tr><td>Medicina de Emerg\u00eancia<\/td><td>140<\/td><td>22<\/td><td>6,36<\/td><td>157<\/td><td>24<\/td><td>6,54<\/td><\/tr><tr><td>Medicina de Fam\u00edlia e Comunidade<\/td><td>89<\/td><td>10<\/td><td>8,90<\/td><td>115<\/td><td>10<\/td><td>11,50<\/td><\/tr><tr><td>Medicina do Trabalho<\/td><td>18<\/td><td>2<\/td><td>9,00<\/td><td>52<\/td><td>2<\/td><td>26,00<\/td><\/tr><tr><td>Medicina Esportiva<\/td><td>149<\/td><td>6<\/td><td>24,83<\/td><td>145<\/td><td>6<\/td><td>24,17<\/td><\/tr><tr><td>Medicina F\u00edsica e Reabilita\u00e7\u00e3o<\/td><td>65<\/td><td>10<\/td><td>6,50<\/td><td>76<\/td><td>10<\/td><td>7,60<\/td><\/tr><tr><td>Medicina Intensiva<\/td><td>103<\/td><td>10<\/td><td>10,30<\/td><td>88<\/td><td>10<\/td><td>8,80<\/td><\/tr><tr><td>Medicina Legal e Per\u00edcia M\u00e9dica<\/td><td>57<\/td><td>5<\/td><td>11,40<\/td><td>54<\/td><td>5<\/td><td>10,80<\/td><\/tr><tr><td>Medicina Nuclear<\/td><td>30<\/td><td>4<\/td><td>7,50<\/td><td>22<\/td><td>5<\/td><td>4,40<\/td><\/tr><tr><td>Medicina Preventiva e Social<\/td><td>48<\/td><td>5<\/td><td>9,60<\/td><td>48<\/td><td>5<\/td><td>9,60<\/td><\/tr><tr><td>Neurocirurgia<\/td><td>233<\/td><td>5<\/td><td>46,60<\/td><td>303<\/td><td>6<\/td><td>50,50<\/td><\/tr><tr><td>Neurologia<\/td><td>324<\/td><td>9<\/td><td>36,00<\/td><td>411<\/td><td>17<\/td><td>24,18<\/td><\/tr><tr><td>Obstetr\u00edcia e Ginecologia<\/td><td>587<\/td><td>16<\/td><td>36,69<\/td><td>614<\/td><td>16<\/td><td>38,38<\/td><\/tr><tr><td>Oftalmologia<\/td><td>383<\/td><td>14<\/td><td>27,36<\/td><td>482<\/td><td>13<\/td><td>37,08<\/td><\/tr><tr><td>Ortopedia e Traumatologia<\/td><td>309<\/td><td>16<\/td><td>19,31<\/td><td>443<\/td><td>18<\/td><td>24,61<\/td><\/tr><tr><td>Otorrinolaringologia<\/td><td>226<\/td><td>4<\/td><td>56,50<\/td><td>283<\/td><td>4<\/td><td>70,75<\/td><\/tr><tr><td>Patologia<\/td><td>84<\/td><td>9<\/td><td>9,33<\/td><td>126<\/td><td>9<\/td><td>14,00<\/td><\/tr><tr><td>Patologia Cl\u00ednica\/Medicina Laboratorial<\/td><td>52<\/td><td>2<\/td><td>26,00<\/td><td>9<\/td><td>2<\/td><td>4,50<\/td><\/tr><tr><td>Pediatria<\/td><td>449<\/td><td>38<\/td><td>11,82<\/td><td>536<\/td><td>40<\/td><td>13,40<\/td><\/tr><tr><td>Psiquiatria<\/td><td>710<\/td><td>20<\/td><td>35,50<\/td><td>731<\/td><td>18<\/td><td>40,61<\/td><\/tr><tr><td>Radiologia e Diagn\u00f3stico por Imagem<\/td><td>350<\/td><td>24<\/td><td>14,58<\/td><td>396<\/td><td>24<\/td><td>16,50<\/td><\/tr><tr><td>Radioterapia<\/td><td>22<\/td><td>5<\/td><td>4,40<\/td><td>27<\/td><td>5<\/td><td>5,40<\/td><\/tr><\/tbody><\/table><\/figure>\n\n\n\n<h3 class=\"wp-block-heading\" id=\"h-pre-requisito\"><span class=\"ez-toc-section\" id=\"Pre-Requisito\"><\/span><strong>Pr\u00e9-Requisito<\/strong><span class=\"ez-toc-section-end\"><\/span><\/h3>\n\n\n\n<figure class=\"wp-block-table\"><table class=\"has-fixed-layout\"><thead><tr><th class=\"has-text-align-left\" data-align=\"left\">Especialidade<\/th><th class=\"has-text-align-left\" data-align=\"left\">Inscritos 2025<\/th><th class=\"has-text-align-left\" data-align=\"left\">Vagas 2025<\/th><th class=\"has-text-align-left\" data-align=\"left\">Rela\u00e7\u00e3o 2025<\/th><th class=\"has-text-align-left\" data-align=\"left\">Inscritos 2026<\/th><th class=\"has-text-align-left\" data-align=\"left\">Vagas 2026<\/th><th class=\"has-text-align-left\" data-align=\"left\">Rela\u00e7\u00e3o 2026<\/th><\/tr><\/thead><tbody><tr><td>Cirurgia de Cabe\u00e7a e Pesco\u00e7o<\/td><td>19<\/td><td>5<\/td><td>3,80<\/td><td>12<\/td><td>5<\/td><td>2,40<\/td><\/tr><tr><td>Cirurgia da M\u00e3o<\/td><td>27<\/td><td>4<\/td><td>6,75<\/td><td>32<\/td><td>4<\/td><td>8,00<\/td><\/tr><tr><td>Endoscopia<\/td><td>35<\/td><td>8<\/td><td>4,38<\/td><td>32<\/td><td>8<\/td><td>4,00<\/td><\/tr><tr><td>Mastologia<\/td><td>25<\/td><td>5<\/td><td>5,00<\/td><td>19<\/td><td>5<\/td><td>3,80<\/td><\/tr><tr><td>Nutrologia<\/td><td>42<\/td><td>2<\/td><td>21,00<\/td><td>11<\/td><td>2<\/td><td>5,50<\/td><\/tr><\/tbody><\/table><\/figure>\n\n\n\n<h3 class=\"wp-block-heading\" id=\"h-pre-requisito-especialidades-clinicas\"><span class=\"ez-toc-section\" id=\"Pre-Requisito_%E2%80%93_Especialidades_Clinicas\"><\/span><strong>Pr\u00e9-Requisito \u2013 Especialidades Cl\u00ednicas<\/strong><span class=\"ez-toc-section-end\"><\/span><\/h3>\n\n\n\n<figure class=\"wp-block-table\"><table class=\"has-fixed-layout\"><thead><tr><th class=\"has-text-align-left\" data-align=\"left\">Especialidade<\/th><th class=\"has-text-align-left\" data-align=\"left\">Inscritos 2025<\/th><th class=\"has-text-align-left\" data-align=\"left\">Vagas 2025<\/th><th class=\"has-text-align-left\" data-align=\"left\">Rela\u00e7\u00e3o 2025<\/th><th class=\"has-text-align-left\" data-align=\"left\">Inscritos 2026<\/th><th class=\"has-text-align-left\" data-align=\"left\">Vagas 2026<\/th><th class=\"has-text-align-left\" data-align=\"left\">Rela\u00e7\u00e3o 2026<\/th><\/tr><\/thead><tbody><tr><td>Alergia e Imunologia<\/td><td>5<\/td><td>4<\/td><td>1,25<\/td><td>16<\/td><td>4<\/td><td>4,00<\/td><\/tr><tr><td>Cardiologia<\/td><td>306<\/td><td>52<\/td><td>5,88<\/td><td>348<\/td><td>52<\/td><td>6,69<\/td><\/tr><tr><td>Endocrinologia<\/td><td>126<\/td><td>10<\/td><td>12,60<\/td><td>145<\/td><td>10<\/td><td>14,50<\/td><\/tr><tr><td>Gastroenterologia<\/td><td>80<\/td><td>8<\/td><td>10,00<\/td><td>78<\/td><td>8<\/td><td>9,75<\/td><\/tr><tr><td>Geriatria<\/td><td>102<\/td><td>16<\/td><td>6,38<\/td><td>115<\/td><td>16<\/td><td>7,19<\/td><\/tr><tr><td>Hematologia e Hemoterapia<\/td><td>83<\/td><td>12<\/td><td>6,92<\/td><td>102<\/td><td>12<\/td><td>8,50<\/td><\/tr><tr><td>Nefrologia<\/td><td>56<\/td><td>12<\/td><td>4,67<\/td><td>43<\/td><td>12<\/td><td>3,58<\/td><\/tr><tr><td>Oncologia Cl\u00ednica<\/td><td>111<\/td><td>14<\/td><td>7,93<\/td><td>115<\/td><td>14<\/td><td>8,21<\/td><\/tr><tr><td>Pneumologia<\/td><td>50<\/td><td>9<\/td><td>5,56<\/td><td>47<\/td><td>12<\/td><td>3,92<\/td><\/tr><tr><td>Reumatologia<\/td><td>74<\/td><td>12<\/td><td>6,17<\/td><td>73<\/td><td>12<\/td><td>6,08<\/td><\/tr><\/tbody><\/table><\/figure>\n\n\n\n<h3 class=\"wp-block-heading\" id=\"h-pre-requisito-especialidades-cirurgicas\"><span class=\"ez-toc-section\" id=\"Pre-Requisito_%E2%80%93_Especialidades_Cirurgicas\"><\/span><strong>Pr\u00e9-Requisito \u2013 Especialidades Cir\u00fargicas<\/strong><span class=\"ez-toc-section-end\"><\/span><\/h3>\n\n\n\n<figure class=\"wp-block-table\"><table class=\"has-fixed-layout\"><thead><tr><th class=\"has-text-align-left\" data-align=\"left\">Especialidade<\/th><th class=\"has-text-align-left\" data-align=\"left\">Inscritos 2025<\/th><th class=\"has-text-align-left\" data-align=\"left\">Vagas 2025<\/th><th class=\"has-text-align-left\" data-align=\"left\">Rela\u00e7\u00e3o 2025<\/th><th class=\"has-text-align-left\" data-align=\"left\">Inscritos 2026<\/th><th class=\"has-text-align-left\" data-align=\"left\">Vagas 2026<\/th><th class=\"has-text-align-left\" data-align=\"left\">Rela\u00e7\u00e3o 2026<\/th><\/tr><\/thead><tbody><tr><td>Cirurgia do Aparelho Digestivo<\/td><td>46<\/td><td>7<\/td><td>6,57<\/td><td>49<\/td><td>7<\/td><td>7,00<\/td><\/tr><tr><td>Cirurgia Pedi\u00e1trica<\/td><td>16<\/td><td>2<\/td><td>8,00<\/td><td>8<\/td><td>1<\/td><td>8,00<\/td><\/tr><tr><td>Cirurgia Pl\u00e1stica<\/td><td>136<\/td><td>7<\/td><td>19,43<\/td><td>200<\/td><td>7<\/td><td>28,57<\/td><\/tr><tr><td>Cirurgia Tor\u00e1cica<\/td><td>17<\/td><td>6<\/td><td>2,83<\/td><td>20<\/td><td>6<\/td><td>3,33<\/td><\/tr><tr><td>Cirurgia Vascular<\/td><td>38<\/td><td>4<\/td><td>9,50<\/td><td>42<\/td><td>5<\/td><td>8,40<\/td><\/tr><tr><td>Coloproctologia<\/td><td>13<\/td><td>1<\/td><td>13,00<\/td><td>14<\/td><td>1<\/td><td>14,00<\/td><\/tr><tr><td>Urologia<\/td><td>74<\/td><td>5<\/td><td>14,80<\/td><td>86<\/td><td>5<\/td><td>17,20<\/td><\/tr><\/tbody><\/table><\/figure>\n\n\n\n<h3 class=\"wp-block-heading\" id=\"h-pre-requisito-especialidades-pediatricas\"><span class=\"ez-toc-section\" id=\"Pre-Requisito_%E2%80%93_Especialidades_Pediatricas\"><\/span><strong>Pr\u00e9-Requisito \u2013 Especialidades Pedi\u00e1tricas<\/strong><span class=\"ez-toc-section-end\"><\/span><\/h3>\n\n\n\n<figure class=\"wp-block-table\"><table class=\"has-fixed-layout\"><thead><tr><th class=\"has-text-align-left\" data-align=\"left\">Especialidade<\/th><th class=\"has-text-align-left\" data-align=\"left\">Inscritos 2025<\/th><th class=\"has-text-align-left\" data-align=\"left\">Vagas 2025<\/th><th class=\"has-text-align-left\" data-align=\"left\">Rela\u00e7\u00e3o 2025<\/th><th class=\"has-text-align-left\" data-align=\"left\">Inscritos 2026<\/th><th class=\"has-text-align-left\" data-align=\"left\">Vagas 2026<\/th><th class=\"has-text-align-left\" data-align=\"left\">Rela\u00e7\u00e3o 2026<\/th><\/tr><\/thead><tbody><tr><td>Alergia e Imunologia Pedi\u00e1trica<\/td><td>22<\/td><td>2<\/td><td>11,00<\/td><td>27<\/td><td>3<\/td><td>9,00<\/td><\/tr><tr><td>Cardiologia Pedi\u00e1trica<\/td><td>33<\/td><td>12<\/td><td>2,75<\/td><td>28<\/td><td>12<\/td><td>2,33<\/td><\/tr><tr><td>Emerg\u00eancia Pedi\u00e1trica<\/td><td>1<\/td><td>5<\/td><td>0,20<\/td><td>6<\/td><td>5<\/td><td>1,20<\/td><\/tr><tr><td>Endocrinologia Pedi\u00e1trica<\/td><td>30<\/td><td>2<\/td><td>15,00<\/td><td>43<\/td><td>2<\/td><td>14,33<\/td><\/tr><tr><td>Gastroenterologia Pedi\u00e1trica<\/td><td>13<\/td><td>2<\/td><td>6,50<\/td><td>13<\/td><td>2<\/td><td>6,50<\/td><\/tr><tr><td>Hematologia-Hemoterapia Pedi\u00e1trica<\/td><td>5<\/td><td>2<\/td><td>2,50<\/td><td>14<\/td><td>2<\/td><td>7,00<\/td><\/tr><tr><td>Infectologia Pedi\u00e1trica<\/td><td>8<\/td><td>3<\/td><td>2,67<\/td><td>4<\/td><td>3<\/td><td>1,33<\/td><\/tr><tr><td>Medicina do Adolescente<\/td><td>5<\/td><td>1<\/td><td>5,00<\/td><td>2<\/td><td>1<\/td><td>2,00<\/td><\/tr><tr><td>Medicina Intensiva Pedi\u00e1trica<\/td><td>23<\/td><td>8<\/td><td>2,88<\/td><td>23<\/td><td>8<\/td><td>2,88<\/td><\/tr><tr><td>Nefrologia Pedi\u00e1trica<\/td><td>8<\/td><td>7<\/td><td>1,14<\/td><td>14<\/td><td>7<\/td><td>2,00<\/td><\/tr><tr><td>Neonatologia<\/td><td>40<\/td><td>20<\/td><td>2,00<\/td><td>30<\/td><td>20<\/td><td>1,50<\/td><\/tr><tr><td>Neurologia Pedi\u00e1trica<\/td><td>74<\/td><td>5<\/td><td>14,80<\/td><td>69<\/td><td>5<\/td><td>13,80<\/td><\/tr><tr><td>Nutrologia Pedi\u00e1trica<\/td><td>31<\/td><td>1<\/td><td>3,00<\/td><td>0<\/td><td>1<\/td><td>0<\/td><\/tr><tr><td>Oncologia Pedi\u00e1trica<\/td><td>14<\/td><td>4<\/td><td>3,50<\/td><td>16<\/td><td>4<\/td><td>4,00<\/td><\/tr><tr><td>Pneumologia Pedi\u00e1trica<\/td><td>16<\/td><td>3<\/td><td>5,33<\/td><td>14<\/td><td>3<\/td><td>4,67<\/td><\/tr><tr><td>Reumatologia Pedi\u00e1trica<\/td><td>3<\/td><td>2<\/td><td>1,50<\/td><td>9<\/td><td>2<\/td><td>4,50<\/td><\/tr><tr><td>Transplante de Rim (Pediatria)<\/td><td>0<\/td><td>2<\/td><td>0,00<\/td><td>1<\/td><td>2<\/td><td>0,50<\/td><\/tr><\/tbody><\/table><\/figure>\n\n\n\n<h3 class=\"wp-block-heading\" id=\"h-areas-de-atuacao-e-anos-adicionais\"><span class=\"ez-toc-section\" id=\"Areas_de_Atuacao_e_Anos_Adicionais\"><\/span><strong>\u00c1reas de Atua\u00e7\u00e3o e Anos Adicionais<\/strong><span class=\"ez-toc-section-end\"><\/span><\/h3>\n\n\n\n<figure class=\"wp-block-table\"><table class=\"has-fixed-layout\"><tbody><tr><td><strong>Especialidades<\/strong><\/td><td><strong>Inscritos 2025<\/strong><\/td><td><strong>Vagas 2025<\/strong><\/td><td><strong>Rela\u00e7\u00e3o candidato\/vaga 2025<\/strong><\/td><td><strong>Inscritos 2026<\/strong><\/td><td><strong>Vagas 2026<\/strong><\/td><td><strong>Rela\u00e7\u00e3o 2026<\/strong><\/td><\/tr><tr><td>Alergia e Imunologia \u2013 AA<\/td><td>0<\/td><td>2<\/td><td>0<\/td><td>0<\/td><td>1<\/td><td>0<\/td><\/tr><tr><td>Cirurgia Geral \u2013 Programa Avan\u00e7ado<\/td><td>3<\/td><td>2<\/td><td>1,50<\/td><td>5<\/td><td>2<\/td><td>2.5<\/td><\/tr><tr><td>Cirurgia Videolaparasc\u00f3pica<\/td><td>3<\/td><td>1<\/td><td>3,00<\/td><td>1<\/td><td>1<\/td><td>1<\/td><\/tr><tr><td>Dor<\/td><td>23<\/td><td>6<\/td><td>3,83<\/td><td>39<\/td><td>7<\/td><td>5,57<\/td><\/tr><tr><td>Eletrofisiologia Cl\u00ednica Invansiva<\/td><td>6<\/td><td>1<\/td><td>6<\/td><td>10<\/td><td>1<\/td><td>10,00<\/td><\/tr><tr><td>Endocrinologia \u2013 Ano Adicional<\/td><td>2<\/td><td>1<\/td><td>2,0<\/td><td>1<\/td><td>1<\/td><td>1,00<\/td><\/tr><tr><td>Endoscopia Digestiva<\/td><td>12<\/td><td>4<\/td><td>3,00<\/td><td>15<\/td><td>4<\/td><td>3,75<\/td><\/tr><tr><td>Endoscopia Ginecol\u00f3gica<\/td><td>36<\/td><td>2<\/td><td>18,00<\/td><td>34<\/td><td>2<\/td><td>17,00<\/td><\/tr><tr><td>Hemodin\u00e2mica e Cardiologia Intervencionista<\/td><td>26<\/td><td>5<\/td><td>5,20<\/td><td>28<\/td><td>6<\/td><td>4,67<\/td><\/tr><tr><td>Hepatologia<\/td><td>10<\/td><td>3<\/td><td>3,33<\/td><td>4<\/td><td>3<\/td><td>1,33<\/td><\/tr><tr><td>Medicina do Sono<\/td><td>10<\/td><td>6<\/td><td>1,67<\/td><td>13<\/td><td>6<\/td><td>2,17<\/td><\/tr><tr><td>Medicina Fetal<\/td><td>36<\/td><td>4<\/td><td>9,00<\/td><td>43<\/td><td>4<\/td><td>10,75<\/td><\/tr><tr><td>Medicina Nuclear \u2013 Ano adicional<\/td><td>3<\/td><td>6<\/td><td>0,50<\/td><td>4<\/td><td>6<\/td><td>0,67<\/td><\/tr><tr><td>Medicina Paliativa<\/td><td>24<\/td><td>8<\/td><td>3,00<\/td><td>15<\/td><td>16<\/td><td>0.94<\/td><\/tr><tr><td>Medicina Tropical<\/td><td>2<\/td><td>4<\/td><td>0,50<\/td><td>4<\/td><td>4<\/td><td>1,00<\/td><\/tr><tr><td>Neurofisiologia Cl\u00ednica<\/td><td>12<\/td><td>2<\/td><td>6,00<\/td><td>11<\/td><td>2<\/td><td>5.5<\/td><\/tr><tr><td>Neurorradiologia<\/td><td>8<\/td><td>1<\/td><td>8,00<\/td><td>8<\/td><td>1<\/td><td>8,00<\/td><\/tr><tr><td>Obstetr\u00edcia e Ginecologia \u2013 Ano adicional<\/td><td>21<\/td><td>3<\/td><td>7,00<\/td><td>22<\/td><td>3<\/td><td>7,33<\/td><\/tr><tr><td>Patologia Cl\u00ednica\/ Med. Laboratorial \u2013 Ano adicional<\/td><td>0<\/td><td>1<\/td><td>0,00<\/td><td>1<\/td><td>1<\/td><td>1,00<\/td><\/tr><tr><td>Psicogeriatria<\/td><td>14<\/td><td>4<\/td><td>3.5<\/td><td>20<\/td><td>4<\/td><td>5,00<\/td><\/tr><tr><td>Psicoterapia<\/td><td>5<\/td><td>2<\/td><td>2,50<\/td><td>9<\/td><td>2<\/td><td>4,50<\/td><\/tr><tr><td>Psiquiatria \u2013 Ano adicional<\/td><td>6<\/td><td>2<\/td><td>2,50<\/td><td>7<\/td><td>2<\/td><td>3,50<\/td><\/tr><tr><td>Psiquiatria da Inf\u00e2ncia e da Adolesc\u00eancia<\/td><td>44<\/td><td>6<\/td><td>7,33<\/td><td>38<\/td><td>6<\/td><td>6,33<\/td><\/tr><tr><td>Psiquiatria Forense<\/td><td>9<\/td><td>2<\/td><td>4,50<\/td><td>18<\/td><td>2<\/td><td>9,00<\/td><\/tr><tr><td>Transplante de Cora\u00e7\u00e3o \u2013 Cardiologia<\/td><td>11<\/td><td>3<\/td><td>3,67<\/td><td>5<\/td><td>3<\/td><td>1,67<\/td><\/tr><tr><td>Transplante de Cora\u00e7\u00e3o \u2013 Cir. Cardiovascular<\/td><td>2<\/td><td>2<\/td><td>1,00<\/td><td>0<\/td><td>2<\/td><td>00,00<\/td><\/tr><tr><td>Transplante de C\u00f3rnea \u2013 Oftalmologia<\/td><td>2<\/td><td>5<\/td><td>0,40<\/td><td>3<\/td><td>5<\/td><td>0,60<\/td><\/tr><tr><td>Transplante de F\u00edgado \u2013 Cir. Pedi\u00e1trica<\/td><td>0<\/td><td>1<\/td><td>0,00<\/td><td>1<\/td><td>1<\/td><td>1,00<\/td><\/tr><tr><td>Transplante de F\u00edgado \u2013 Cir. do Aparelho Digestivo<\/td><td>4<\/td><td>2<\/td><td>2,00<\/td><td>3<\/td><td>2<\/td><td>1,50<\/td><\/tr><tr><td>Transplante de F\u00edgado \u2013 Gastroenterologia<\/td><td>2<\/td><td>2<\/td><td>1,00<\/td><td>0<\/td><td>2<\/td><td>0,00<\/td><\/tr><tr><td>Transplante de Medula \u00d3ssea \u2013 Hematologia e Hemoterapia<\/td><td>6<\/td><td>2<\/td><td>3,00<\/td><td>11<\/td><td>2<\/td><td>5,50<\/td><\/tr><tr><td>Transplante de P\u00e2ncreas \u2013 Cir. do Aparelho Digestivo<\/td><td>1<\/td><td>1<\/td><td>1,00<\/td><td>0<\/td><td>2<\/td><td>0,00<\/td><\/tr><tr><td>Transplante de Pulm\u00e3o \u2013 Cir. Tor\u00e1cica<\/td><td>1<\/td><td>1<\/td><td>1,00<\/td><td>1<\/td><td>1<\/td><td>1,00<\/td><\/tr><tr><td>Transplante de Pulm\u00e3o \u2013 Pneumologia<\/td><td>2<\/td><td>1<\/td><td>2,00<\/td><td>0<\/td><td>1<\/td><td>0,00<\/td><\/tr><tr><td>Transplante de Rim \u2013 Nefrologia<\/td><td>3<\/td><td>2<\/td><td>1,50<\/td><td>6<\/td><td>2<\/td><td>3,00<\/td><\/tr><tr><td>Transplante de Rim \u2013 Urologia<\/td><td>1<\/td><td>2<\/td><td>0,50<\/td><td>0<\/td><td>2<\/td><td>0,00<\/td><\/tr><tr><td>Cardio-Oncologia<\/td><td>\u2013<\/td><td>\u2013<\/td><td>\u2013<\/td><td>2<\/td><td>8<\/td><td>0,25<\/td><\/tr><tr><td>Clinica M\u00e9dica AA<\/td><td>\u2013<\/td><td>\u2013<\/td><td>\u2013<\/td><td>18<\/td><td>10<\/td><td>1,80<\/td><\/tr><\/tbody><\/table><\/figure>\n\n\n\n<h2 class=\"wp-block-heading\" id=\"h-cronograma-usp-sp-2025-2026\"><span class=\"ez-toc-section\" id=\"Cronograma_USP-SP_20252026\"><\/span><strong>Cronograma USP-SP 2025\/2026<\/strong><span class=\"ez-toc-section-end\"><\/span><\/h2>\n\n\n\n<figure class=\"wp-block-table\"><table class=\"has-fixed-layout\"><tbody><tr><td><strong>Solicita\u00e7\u00e3o de Isen\u00e7\u00e3o<\/strong><\/td><td>24 e 25\/10\/2025<\/td><\/tr><tr><td><strong>Inscri\u00e7\u00f5es<\/strong><\/td><td>07 a 29\/10\/2025<\/td><\/tr><tr><td><strong>Locais de prova<\/strong><\/td><td>20\/11\/2025<\/td><\/tr><tr><td><strong>Aplica\u00e7\u00e3o da prova objetiva<\/strong><\/td><td>07\/12\/2025<\/td><\/tr><tr><td><strong>Gabarito<\/strong><\/td><td>08\/12\/2025<\/td><\/tr><tr><td><strong>Recursos<\/strong><\/td><td>At\u00e9 o dia 10\/12\/2025<\/td><\/tr><tr><td><strong>Envio do curr\u00edculo<\/strong><\/td><td>05 a 12\/01\/2026<\/td><\/tr><tr><td><strong>Avalia\u00e7\u00e3o curricular<\/strong><\/td><td>13 a 23\/01\/2026<\/td><\/tr><tr><td><strong>Nota da 2\u00aa fase<\/strong><\/td><td>29\/01\/2026<\/td><\/tr><tr><td><strong>Convoca\u00e7\u00e3o para matr\u00edculas<\/strong><\/td><td>10\/02\/2026<\/td><\/tr><tr><td><strong>Matr\u00edculas<\/strong><\/td><td>A partir do dia 24\/02\/2026<\/td><\/tr><tr><td><strong>In\u00edcio dos programas<\/strong><\/td><td>01\/03\/2026<\/td><\/tr><\/tbody><\/table><\/figure>\n\n\n\n<h2 class=\"wp-block-heading\" id=\"h-como-passar-na-residencia-medica-usp-sp\"><span class=\"ez-toc-section\" id=\"Como_passar_na_Residencia_Medica_USP-SP\"><\/span><strong>Como passar na Resid\u00eancia M\u00e9dica USP-SP?<\/strong><span class=\"ez-toc-section-end\"><\/span><\/h2>\n\n\n\n<p>Para conquistar a t\u00e3o sonhada vaga na resid\u00eancia m\u00e9dica da USP-SP, \u00e9 necess\u00e1rio adotar um estudo estrat\u00e9gico. Utilize materiais de qualidade como nossas aulas e fichas-resumos.<\/p>\n\n\n\n<p>Conhecer a estrutura da prova \u00e9 importante para estudar os <a href=\"https:\/\/www.grupomedcof.com.br\/blog\/usp-sp-temas-quentes-residencia-medica\/\">temas mais cobrados<\/a> e treinar com quest\u00f5es e simulados.&nbsp;<\/p>\n\n\n\n<p>Por fim, mantenha a consist\u00eancia com um cronograma de estudos detalhado!<\/p>\n\n\n\n<h2 class=\"wp-block-heading\" id=\"h-seja-aprovado-na-residencia-medica-usp-sp-2025-2026\"><span class=\"ez-toc-section\" id=\"Seja_aprovado_na_residencia_medica_USP-SP_20252026\"><\/span><strong><strong>Seja aprovado na resid\u00eancia m\u00e9dica USP-SP 2025\/2026<\/strong><\/strong><span class=\"ez-toc-section-end\"><\/span><\/h2>\n\n\n\n<p>Para mandar bem na pr\u00f3xima edi\u00e7\u00e3o de resid\u00eancia m\u00e9dica USP-SP invista em um m\u00e9todo eficaz e de qualidade, e o <a href=\"https:\/\/www.grupomedcof.com.br\/blog\/saiba-como-utilizar-a-nossa-metodologia\/\"><strong>MedCof <\/strong><\/a>\u00e9 especialista nisso! Nossa metodologia j\u00e1 aprovou mais de 35 mil residentes em todo o pa\u00eds, sempre de olho no que \u00e9 cobrado no <a href=\"https:\/\/www.grupomedcof.com.br\/blog\/edital-residencia-medica-usp-rp\/\" target=\"_blank\" rel=\"noreferrer noopener\">edital usp-sp<\/a>. Por fim, acesse o nosso canal do YouTube para conferir nossos materiais.<\/p>\n\n\n\n<figure class=\"wp-block-embed is-type-video is-provider-youtube wp-block-embed-youtube wp-embed-aspect-16-9 wp-has-aspect-ratio\"><div class=\"wp-block-embed__wrapper\">\n<div class=\"youtube-embed\" data-video_id=\"GIHiRXif6XA\"><iframe loading=\"lazy\" title=\"GABARITO USP-SP Acesso Direto  | Resid\u00eancia M\u00e9dica 2026 \u2013 Corre\u00e7\u00e3o da Prova USP-SP R1 Acesso Direto\" width=\"696\" height=\"392\" src=\"https:\/\/www.youtube.com\/embed\/GIHiRXif6XA?feature=oembed&#038;enablejsapi=1\" frameborder=\"0\" allow=\"accelerometer; autoplay; clipboard-write; encrypted-media; gyroscope; picture-in-picture; web-share\" referrerpolicy=\"strict-origin-when-cross-origin\" allowfullscreen><\/iframe><\/div>\n<\/div><\/figure>\n\n\n\n<p><\/p>\n","protected":false},"excerpt":{"rendered":"<p>Saiba tudo sobre o processo seletivo para resid\u00eancia m\u00e9dica da USP-SP: editais, bolsas, notas de corte e todas as atualiza\u00e7\u00f5es e informa\u00e7\u00f5es relevantes.<\/p>\n","protected":false},"author":20,"featured_media":27184,"comment_status":"open","ping_status":"open","sticky":false,"template":"","format":"standard","meta":{"footnotes":""},"categories":[287,10],"tags":[93,1495,117,1494,979,68,15],"ppma_author":[3616],"class_list":{"0":"post-27174","1":"post","2":"type-post","3":"status-publish","4":"format-standard","5":"has-post-thumbnail","7":"category-destaques-medcof","8":"category-raio-x-editais","9":"tag-especialidades-medicas","10":"tag-medicina-usp","11":"tag-provas-de-residencia","12":"tag-raio-x","13":"tag-raio-x-editais-2024","14":"tag-residencia-medica","15":"tag-usp"},"yoast_head":"<!-- This site is optimized with the Yoast SEO Premium plugin v24.3 (Yoast SEO v27.4) - https:\/\/yoast.com\/product\/yoast-seo-premium-wordpress\/ -->\n<title>Resid\u00eancia M\u00e9dica USP-SP 2025\/2026: editais e informa\u00e7\u00f5es<\/title>\n<meta name=\"description\" content=\"Saiba tudo sobre o processo seletivo para resid\u00eancia m\u00e9dica da USP-SP: editais, bolsas, notas de corte e todas as atualiza\u00e7\u00f5es e informa\u00e7\u00f5es relevantes.\" \/>\n<meta name=\"robots\" content=\"index, follow, max-snippet:-1, max-image-preview:large, max-video-preview:-1\" \/>\n<link rel=\"canonical\" href=\"https:\/\/www.grupomedcof.com.br\/blog\/residencia-medica-usp-sp\/\" \/>\n<meta property=\"og:locale\" content=\"pt_BR\" \/>\n<meta property=\"og:type\" content=\"article\" \/>\n<meta property=\"og:title\" content=\"Resid\u00eancia M\u00e9dica da USP-SP 2025\/2026: resultado final dispon\u00edvel!\" \/>\n<meta property=\"og:description\" content=\"Saiba tudo sobre o processo seletivo para resid\u00eancia m\u00e9dica da USP-SP: editais, bolsas, notas de corte e todas as atualiza\u00e7\u00f5es e informa\u00e7\u00f5es relevantes.\" \/>\n<meta property=\"og:url\" content=\"https:\/\/www.grupomedcof.com.br\/blog\/residencia-medica-usp-sp\/\" \/>\n<meta property=\"og:site_name\" content=\"Blog de Medcof: conte\u00fados, editais, revalida e mais!\" \/>\n<meta property=\"article:publisher\" content=\"https:\/\/www.facebook.com\/MedCofQbank\/\" \/>\n<meta property=\"article:published_time\" content=\"2026-02-10T15:28:56+00:00\" \/>\n<meta property=\"article:modified_time\" content=\"2026-02-10T15:28:59+00:00\" \/>\n<meta property=\"og:image\" content=\"https:\/\/www.grupomedcof.com.br\/blog\/wp-content\/uploads\/2024\/06\/Blog-MedCof-19-1.png\" \/>\n\t<meta property=\"og:image:width\" content=\"2560\" \/>\n\t<meta property=\"og:image:height\" content=\"1440\" \/>\n\t<meta property=\"og:image:type\" content=\"image\/png\" \/>\n<meta name=\"author\" content=\"Leila Menzel\" \/>\n<meta name=\"twitter:card\" content=\"summary_large_image\" \/>\n<meta name=\"twitter:label1\" content=\"Escrito por\" \/>\n\t<meta name=\"twitter:data1\" content=\"Leila Menzel\" \/>\n\t<meta name=\"twitter:label2\" content=\"Est. tempo de leitura\" \/>\n\t<meta name=\"twitter:data2\" content=\"15 minutos\" \/>\n<script type=\"application\/ld+json\" class=\"yoast-schema-graph\">{\"@context\":\"https:\\\/\\\/schema.org\",\"@graph\":[{\"@type\":\"Article\",\"@id\":\"https:\\\/\\\/www.grupomedcof.com.br\\\/blog\\\/residencia-medica-usp-sp\\\/#article\",\"isPartOf\":{\"@id\":\"https:\\\/\\\/www.grupomedcof.com.br\\\/blog\\\/residencia-medica-usp-sp\\\/\"},\"author\":{\"name\":\"Leila Menzel\",\"@id\":\"https:\\\/\\\/www.grupomedcof.com.br\\\/blog\\\/#\\\/schema\\\/person\\\/9a44c2184a836bf5ae6967fdb3a1451e\"},\"headline\":\"Resid\u00eancia M\u00e9dica da USP-SP 2025\\\/2026: resultado final dispon\u00edvel!\",\"datePublished\":\"2026-02-10T15:28:56+00:00\",\"dateModified\":\"2026-02-10T15:28:59+00:00\",\"mainEntityOfPage\":{\"@id\":\"https:\\\/\\\/www.grupomedcof.com.br\\\/blog\\\/residencia-medica-usp-sp\\\/\"},\"wordCount\":1925,\"commentCount\":0,\"publisher\":{\"@id\":\"https:\\\/\\\/www.grupomedcof.com.br\\\/blog\\\/#organization\"},\"image\":{\"@id\":\"https:\\\/\\\/www.grupomedcof.com.br\\\/blog\\\/residencia-medica-usp-sp\\\/#primaryimage\"},\"thumbnailUrl\":\"https:\\\/\\\/www.grupomedcof.com.br\\\/blog\\\/wp-content\\\/uploads\\\/2024\\\/06\\\/Blog-MedCof-19-1.png\",\"keywords\":[\"Especialidades m\u00e9dicas\",\"Medicina USP\",\"Provas de Resid\u00eancia\",\"Raio-X\",\"Raio-X Editais 2024\",\"Resid\u00eancia M\u00e9dica\",\"USP\"],\"articleSection\":[\"Destaques MedCof\",\"Raio-X Editais\"],\"inLanguage\":\"pt-BR\"},{\"@type\":\"WebPage\",\"@id\":\"https:\\\/\\\/www.grupomedcof.com.br\\\/blog\\\/residencia-medica-usp-sp\\\/\",\"url\":\"https:\\\/\\\/www.grupomedcof.com.br\\\/blog\\\/residencia-medica-usp-sp\\\/\",\"name\":\"Resid\u00eancia M\u00e9dica USP-SP 2025\\\/2026: editais e informa\u00e7\u00f5es\",\"isPartOf\":{\"@id\":\"https:\\\/\\\/www.grupomedcof.com.br\\\/blog\\\/#website\"},\"primaryImageOfPage\":{\"@id\":\"https:\\\/\\\/www.grupomedcof.com.br\\\/blog\\\/residencia-medica-usp-sp\\\/#primaryimage\"},\"image\":{\"@id\":\"https:\\\/\\\/www.grupomedcof.com.br\\\/blog\\\/residencia-medica-usp-sp\\\/#primaryimage\"},\"thumbnailUrl\":\"https:\\\/\\\/www.grupomedcof.com.br\\\/blog\\\/wp-content\\\/uploads\\\/2024\\\/06\\\/Blog-MedCof-19-1.png\",\"datePublished\":\"2026-02-10T15:28:56+00:00\",\"dateModified\":\"2026-02-10T15:28:59+00:00\",\"description\":\"Saiba tudo sobre o processo seletivo para resid\u00eancia m\u00e9dica da USP-SP: editais, bolsas, notas de corte e todas as atualiza\u00e7\u00f5es e informa\u00e7\u00f5es relevantes.\",\"breadcrumb\":{\"@id\":\"https:\\\/\\\/www.grupomedcof.com.br\\\/blog\\\/residencia-medica-usp-sp\\\/#breadcrumb\"},\"inLanguage\":\"pt-BR\",\"potentialAction\":[{\"@type\":\"ReadAction\",\"target\":[\"https:\\\/\\\/www.grupomedcof.com.br\\\/blog\\\/residencia-medica-usp-sp\\\/\"]}]},{\"@type\":\"ImageObject\",\"inLanguage\":\"pt-BR\",\"@id\":\"https:\\\/\\\/www.grupomedcof.com.br\\\/blog\\\/residencia-medica-usp-sp\\\/#primaryimage\",\"url\":\"https:\\\/\\\/www.grupomedcof.com.br\\\/blog\\\/wp-content\\\/uploads\\\/2024\\\/06\\\/Blog-MedCof-19-1.png\",\"contentUrl\":\"https:\\\/\\\/www.grupomedcof.com.br\\\/blog\\\/wp-content\\\/uploads\\\/2024\\\/06\\\/Blog-MedCof-19-1.png\",\"width\":2560,\"height\":1440,\"caption\":\"A imagem cont\u00e9m a logo do curso de medicina da USP\"},{\"@type\":\"BreadcrumbList\",\"@id\":\"https:\\\/\\\/www.grupomedcof.com.br\\\/blog\\\/residencia-medica-usp-sp\\\/#breadcrumb\",\"itemListElement\":[{\"@type\":\"ListItem\",\"position\":1,\"name\":\"In\u00edcio\",\"item\":\"https:\\\/\\\/www.grupomedcof.com.br\\\/blog\\\/\"},{\"@type\":\"ListItem\",\"position\":2,\"name\":\"Resid\u00eancia M\u00e9dica da USP-SP 2025\\\/2026: resultado final dispon\u00edvel!\"}]},{\"@type\":\"WebSite\",\"@id\":\"https:\\\/\\\/www.grupomedcof.com.br\\\/blog\\\/#website\",\"url\":\"https:\\\/\\\/www.grupomedcof.com.br\\\/blog\\\/\",\"name\":\"Blog de Medcof: conte\u00fados, editais, revalida e mais!\",\"description\":\"Acesso o blog de MedCof! Seu portal de conte\u00fados sobre resid\u00eancia m\u00e9dica, an\u00e1lise e editais e muito mais. Clique e confira!\",\"publisher\":{\"@id\":\"https:\\\/\\\/www.grupomedcof.com.br\\\/blog\\\/#organization\"},\"alternateName\":\"Blog de Medcof: conte\u00fados, editais, revalida e mais!\",\"potentialAction\":[{\"@type\":\"SearchAction\",\"target\":{\"@type\":\"EntryPoint\",\"urlTemplate\":\"https:\\\/\\\/www.grupomedcof.com.br\\\/blog\\\/?s={search_term_string}\"},\"query-input\":{\"@type\":\"PropertyValueSpecification\",\"valueRequired\":true,\"valueName\":\"search_term_string\"}}],\"inLanguage\":\"pt-BR\"},{\"@type\":\"Organization\",\"@id\":\"https:\\\/\\\/www.grupomedcof.com.br\\\/blog\\\/#organization\",\"name\":\"Grupo MedCof\",\"url\":\"https:\\\/\\\/www.grupomedcof.com.br\\\/blog\\\/\",\"logo\":{\"@type\":\"ImageObject\",\"inLanguage\":\"pt-BR\",\"@id\":\"https:\\\/\\\/www.grupomedcof.com.br\\\/blog\\\/#\\\/schema\\\/logo\\\/image\\\/\",\"url\":\"https:\\\/\\\/www.grupomedcof.com.br\\\/blog\\\/wp-content\\\/uploads\\\/2022\\\/01\\\/logo-medcof.png\",\"contentUrl\":\"https:\\\/\\\/www.grupomedcof.com.br\\\/blog\\\/wp-content\\\/uploads\\\/2022\\\/01\\\/logo-medcof.png\",\"width\":768,\"height\":269,\"caption\":\"Grupo MedCof\"},\"image\":{\"@id\":\"https:\\\/\\\/www.grupomedcof.com.br\\\/blog\\\/#\\\/schema\\\/logo\\\/image\\\/\"},\"sameAs\":[\"https:\\\/\\\/www.facebook.com\\\/MedCofQbank\\\/\",\"https:\\\/\\\/www.instagram.com\\\/grupomedcof\\\/\",\"https:\\\/\\\/br.linkedin.com\\\/company\\\/medcof\",\"https:\\\/\\\/www.youtube.com\\\/channel\\\/UCdHMuOHKICxcHwecxN8P-AA\"]},{\"@type\":\"Person\",\"@id\":\"https:\\\/\\\/www.grupomedcof.com.br\\\/blog\\\/#\\\/schema\\\/person\\\/9a44c2184a836bf5ae6967fdb3a1451e\",\"name\":\"Leila Menzel\",\"image\":{\"@type\":\"ImageObject\",\"inLanguage\":\"pt-BR\",\"@id\":\"https:\\\/\\\/www.grupomedcof.com.br\\\/blog\\\/wp-content\\\/uploads\\\/2025\\\/09\\\/cropped-eu-96x96.jpeg19a74936d997c0a8b3031618467fa1d0\",\"url\":\"https:\\\/\\\/www.grupomedcof.com.br\\\/blog\\\/wp-content\\\/uploads\\\/2025\\\/09\\\/cropped-eu-96x96.jpeg\",\"contentUrl\":\"https:\\\/\\\/www.grupomedcof.com.br\\\/blog\\\/wp-content\\\/uploads\\\/2025\\\/09\\\/cropped-eu-96x96.jpeg\",\"caption\":\"Leila Menzel\"},\"description\":\"Estudante do 6\u00b0 semestre de jornalismo, amo e escrevo poesias e viajo em livros de romances clich\u00eas.\",\"url\":\"https:\\\/\\\/www.grupomedcof.com.br\\\/blog\\\/author\\\/leila-menzel\\\/\"}]}<\/script>\n<!-- \/ Yoast SEO Premium plugin. -->","yoast_head_json":{"title":"Resid\u00eancia M\u00e9dica USP-SP 2025\/2026: editais e informa\u00e7\u00f5es","description":"Saiba tudo sobre o processo seletivo para resid\u00eancia m\u00e9dica da USP-SP: editais, bolsas, notas de corte e todas as atualiza\u00e7\u00f5es e informa\u00e7\u00f5es relevantes.","robots":{"index":"index","follow":"follow","max-snippet":"max-snippet:-1","max-image-preview":"max-image-preview:large","max-video-preview":"max-video-preview:-1"},"canonical":"https:\/\/www.grupomedcof.com.br\/blog\/residencia-medica-usp-sp\/","og_locale":"pt_BR","og_type":"article","og_title":"Resid\u00eancia M\u00e9dica da USP-SP 2025\/2026: resultado final dispon\u00edvel!","og_description":"Saiba tudo sobre o processo seletivo para resid\u00eancia m\u00e9dica da USP-SP: editais, bolsas, notas de corte e todas as atualiza\u00e7\u00f5es e informa\u00e7\u00f5es relevantes.","og_url":"https:\/\/www.grupomedcof.com.br\/blog\/residencia-medica-usp-sp\/","og_site_name":"Blog de Medcof: conte\u00fados, editais, revalida e mais!","article_publisher":"https:\/\/www.facebook.com\/MedCofQbank\/","article_published_time":"2026-02-10T15:28:56+00:00","article_modified_time":"2026-02-10T15:28:59+00:00","og_image":[{"width":2560,"height":1440,"url":"https:\/\/www.grupomedcof.com.br\/blog\/wp-content\/uploads\/2024\/06\/Blog-MedCof-19-1.png","type":"image\/png"}],"author":"Leila Menzel","twitter_card":"summary_large_image","twitter_misc":{"Escrito por":"Leila Menzel","Est. tempo de leitura":"15 minutos"},"schema":{"@context":"https:\/\/schema.org","@graph":[{"@type":"Article","@id":"https:\/\/www.grupomedcof.com.br\/blog\/residencia-medica-usp-sp\/#article","isPartOf":{"@id":"https:\/\/www.grupomedcof.com.br\/blog\/residencia-medica-usp-sp\/"},"author":{"name":"Leila Menzel","@id":"https:\/\/www.grupomedcof.com.br\/blog\/#\/schema\/person\/9a44c2184a836bf5ae6967fdb3a1451e"},"headline":"Resid\u00eancia M\u00e9dica da USP-SP 2025\/2026: resultado final dispon\u00edvel!","datePublished":"2026-02-10T15:28:56+00:00","dateModified":"2026-02-10T15:28:59+00:00","mainEntityOfPage":{"@id":"https:\/\/www.grupomedcof.com.br\/blog\/residencia-medica-usp-sp\/"},"wordCount":1925,"commentCount":0,"publisher":{"@id":"https:\/\/www.grupomedcof.com.br\/blog\/#organization"},"image":{"@id":"https:\/\/www.grupomedcof.com.br\/blog\/residencia-medica-usp-sp\/#primaryimage"},"thumbnailUrl":"https:\/\/www.grupomedcof.com.br\/blog\/wp-content\/uploads\/2024\/06\/Blog-MedCof-19-1.png","keywords":["Especialidades m\u00e9dicas","Medicina USP","Provas de Resid\u00eancia","Raio-X","Raio-X Editais 2024","Resid\u00eancia M\u00e9dica","USP"],"articleSection":["Destaques MedCof","Raio-X Editais"],"inLanguage":"pt-BR"},{"@type":"WebPage","@id":"https:\/\/www.grupomedcof.com.br\/blog\/residencia-medica-usp-sp\/","url":"https:\/\/www.grupomedcof.com.br\/blog\/residencia-medica-usp-sp\/","name":"Resid\u00eancia M\u00e9dica USP-SP 2025\/2026: editais e informa\u00e7\u00f5es","isPartOf":{"@id":"https:\/\/www.grupomedcof.com.br\/blog\/#website"},"primaryImageOfPage":{"@id":"https:\/\/www.grupomedcof.com.br\/blog\/residencia-medica-usp-sp\/#primaryimage"},"image":{"@id":"https:\/\/www.grupomedcof.com.br\/blog\/residencia-medica-usp-sp\/#primaryimage"},"thumbnailUrl":"https:\/\/www.grupomedcof.com.br\/blog\/wp-content\/uploads\/2024\/06\/Blog-MedCof-19-1.png","datePublished":"2026-02-10T15:28:56+00:00","dateModified":"2026-02-10T15:28:59+00:00","description":"Saiba tudo sobre o processo seletivo para resid\u00eancia m\u00e9dica da USP-SP: editais, bolsas, notas de corte e todas as atualiza\u00e7\u00f5es e informa\u00e7\u00f5es relevantes.","breadcrumb":{"@id":"https:\/\/www.grupomedcof.com.br\/blog\/residencia-medica-usp-sp\/#breadcrumb"},"inLanguage":"pt-BR","potentialAction":[{"@type":"ReadAction","target":["https:\/\/www.grupomedcof.com.br\/blog\/residencia-medica-usp-sp\/"]}]},{"@type":"ImageObject","inLanguage":"pt-BR","@id":"https:\/\/www.grupomedcof.com.br\/blog\/residencia-medica-usp-sp\/#primaryimage","url":"https:\/\/www.grupomedcof.com.br\/blog\/wp-content\/uploads\/2024\/06\/Blog-MedCof-19-1.png","contentUrl":"https:\/\/www.grupomedcof.com.br\/blog\/wp-content\/uploads\/2024\/06\/Blog-MedCof-19-1.png","width":2560,"height":1440,"caption":"A imagem cont\u00e9m a logo do curso de medicina da USP"},{"@type":"BreadcrumbList","@id":"https:\/\/www.grupomedcof.com.br\/blog\/residencia-medica-usp-sp\/#breadcrumb","itemListElement":[{"@type":"ListItem","position":1,"name":"In\u00edcio","item":"https:\/\/www.grupomedcof.com.br\/blog\/"},{"@type":"ListItem","position":2,"name":"Resid\u00eancia M\u00e9dica da USP-SP 2025\/2026: resultado final dispon\u00edvel!"}]},{"@type":"WebSite","@id":"https:\/\/www.grupomedcof.com.br\/blog\/#website","url":"https:\/\/www.grupomedcof.com.br\/blog\/","name":"Blog de Medcof: conte\u00fados, editais, revalida e mais!","description":"Acesso o blog de MedCof! Seu portal de conte\u00fados sobre resid\u00eancia m\u00e9dica, an\u00e1lise e editais e muito mais. Clique e confira!","publisher":{"@id":"https:\/\/www.grupomedcof.com.br\/blog\/#organization"},"alternateName":"Blog de Medcof: conte\u00fados, editais, revalida e mais!","potentialAction":[{"@type":"SearchAction","target":{"@type":"EntryPoint","urlTemplate":"https:\/\/www.grupomedcof.com.br\/blog\/?s={search_term_string}"},"query-input":{"@type":"PropertyValueSpecification","valueRequired":true,"valueName":"search_term_string"}}],"inLanguage":"pt-BR"},{"@type":"Organization","@id":"https:\/\/www.grupomedcof.com.br\/blog\/#organization","name":"Grupo MedCof","url":"https:\/\/www.grupomedcof.com.br\/blog\/","logo":{"@type":"ImageObject","inLanguage":"pt-BR","@id":"https:\/\/www.grupomedcof.com.br\/blog\/#\/schema\/logo\/image\/","url":"https:\/\/www.grupomedcof.com.br\/blog\/wp-content\/uploads\/2022\/01\/logo-medcof.png","contentUrl":"https:\/\/www.grupomedcof.com.br\/blog\/wp-content\/uploads\/2022\/01\/logo-medcof.png","width":768,"height":269,"caption":"Grupo MedCof"},"image":{"@id":"https:\/\/www.grupomedcof.com.br\/blog\/#\/schema\/logo\/image\/"},"sameAs":["https:\/\/www.facebook.com\/MedCofQbank\/","https:\/\/www.instagram.com\/grupomedcof\/","https:\/\/br.linkedin.com\/company\/medcof","https:\/\/www.youtube.com\/channel\/UCdHMuOHKICxcHwecxN8P-AA"]},{"@type":"Person","@id":"https:\/\/www.grupomedcof.com.br\/blog\/#\/schema\/person\/9a44c2184a836bf5ae6967fdb3a1451e","name":"Leila Menzel","image":{"@type":"ImageObject","inLanguage":"pt-BR","@id":"https:\/\/www.grupomedcof.com.br\/blog\/wp-content\/uploads\/2025\/09\/cropped-eu-96x96.jpeg19a74936d997c0a8b3031618467fa1d0","url":"https:\/\/www.grupomedcof.com.br\/blog\/wp-content\/uploads\/2025\/09\/cropped-eu-96x96.jpeg","contentUrl":"https:\/\/www.grupomedcof.com.br\/blog\/wp-content\/uploads\/2025\/09\/cropped-eu-96x96.jpeg","caption":"Leila Menzel"},"description":"Estudante do 6\u00b0 semestre de jornalismo, amo e escrevo poesias e viajo em livros de romances clich\u00eas.","url":"https:\/\/www.grupomedcof.com.br\/blog\/author\/leila-menzel\/"}]}},"authors":[{"term_id":3616,"user_id":20,"is_guest":0,"slug":"leila-menzel","display_name":"Leila Menzel","avatar_url":"https:\/\/www.grupomedcof.com.br\/blog\/wp-content\/uploads\/2025\/09\/cropped-eu-96x96.jpeg","0":null,"1":"","2":"","3":"","4":"","5":"","6":"","7":"","8":""}],"_links":{"self":[{"href":"https:\/\/www.grupomedcof.com.br\/blog\/wp-json\/wp\/v2\/posts\/27174","targetHints":{"allow":["GET"]}}],"collection":[{"href":"https:\/\/www.grupomedcof.com.br\/blog\/wp-json\/wp\/v2\/posts"}],"about":[{"href":"https:\/\/www.grupomedcof.com.br\/blog\/wp-json\/wp\/v2\/types\/post"}],"author":[{"embeddable":true,"href":"https:\/\/www.grupomedcof.com.br\/blog\/wp-json\/wp\/v2\/users\/20"}],"replies":[{"embeddable":true,"href":"https:\/\/www.grupomedcof.com.br\/blog\/wp-json\/wp\/v2\/comments?post=27174"}],"version-history":[{"count":16,"href":"https:\/\/www.grupomedcof.com.br\/blog\/wp-json\/wp\/v2\/posts\/27174\/revisions"}],"predecessor-version":[{"id":41693,"href":"https:\/\/www.grupomedcof.com.br\/blog\/wp-json\/wp\/v2\/posts\/27174\/revisions\/41693"}],"wp:featuredmedia":[{"embeddable":true,"href":"https:\/\/www.grupomedcof.com.br\/blog\/wp-json\/wp\/v2\/media\/27184"}],"wp:attachment":[{"href":"https:\/\/www.grupomedcof.com.br\/blog\/wp-json\/wp\/v2\/media?parent=27174"}],"wp:term":[{"taxonomy":"category","embeddable":true,"href":"https:\/\/www.grupomedcof.com.br\/blog\/wp-json\/wp\/v2\/categories?post=27174"},{"taxonomy":"post_tag","embeddable":true,"href":"https:\/\/www.grupomedcof.com.br\/blog\/wp-json\/wp\/v2\/tags?post=27174"},{"taxonomy":"author","embeddable":true,"href":"https:\/\/www.grupomedcof.com.br\/blog\/wp-json\/wp\/v2\/ppma_author?post=27174"}],"curies":[{"name":"wp","href":"https:\/\/api.w.org\/{rel}","templated":true}]}}