{"id":27194,"date":"2025-02-25T13:41:49","date_gmt":"2025-02-25T16:41:49","guid":{"rendered":"https:\/\/www.grupomedcof.com.br\/blog\/?p=27194"},"modified":"2026-02-09T11:06:31","modified_gmt":"2026-02-09T14:06:31","slug":"usp-sp-temas-quentes-residencia-medica","status":"publish","type":"post","link":"https:\/\/www.grupomedcof.com.br\/blog\/usp-sp-temas-quentes-residencia-medica\/","title":{"rendered":"USP-SP 2025\/2026: Temas quentes da resid\u00eancia m\u00e9dica"},"content":{"rendered":"<div id=\"ez-toc-container\" class=\"ez-toc-v2_0_74 counter-hierarchy ez-toc-counter ez-toc-transparent ez-toc-container-direction\">\n<div class=\"ez-toc-title-container\">\n<p class=\"ez-toc-title\" style=\"cursor:inherit\">Sum\u00e1rio<\/p>\n<span class=\"ez-toc-title-toggle\"><a href=\"#\" class=\"ez-toc-pull-right ez-toc-btn ez-toc-btn-xs ez-toc-btn-default ez-toc-toggle\" aria-label=\"Alternar tabela de conte\u00fado\"><span class=\"ez-toc-js-icon-con\"><span class=\"\"><span class=\"eztoc-hide\" style=\"display:none;\">Toggle<\/span><span class=\"ez-toc-icon-toggle-span\"><svg style=\"fill: #999;color:#999\" xmlns=\"http:\/\/www.w3.org\/2000\/svg\" class=\"list-377408\" width=\"20px\" height=\"20px\" viewBox=\"0 0 24 24\" fill=\"none\"><path d=\"M6 6H4v2h2V6zm14 0H8v2h12V6zM4 11h2v2H4v-2zm16 0H8v2h12v-2zM4 16h2v2H4v-2zm16 0H8v2h12v-2z\" fill=\"currentColor\"><\/path><\/svg><svg style=\"fill: #999;color:#999\" class=\"arrow-unsorted-368013\" xmlns=\"http:\/\/www.w3.org\/2000\/svg\" width=\"10px\" height=\"10px\" viewBox=\"0 0 24 24\" version=\"1.2\" baseProfile=\"tiny\"><path d=\"M18.2 9.3l-6.2-6.3-6.2 6.3c-.2.2-.3.4-.3.7s.1.5.3.7c.2.2.4.3.7.3h11c.3 0 .5-.1.7-.3.2-.2.3-.5.3-.7s-.1-.5-.3-.7zM5.8 14.7l6.2 6.3 6.2-6.3c.2-.2.3-.5.3-.7s-.1-.5-.3-.7c-.2-.2-.4-.3-.7-.3h-11c-.3 0-.5.1-.7.3-.2.2-.3.5-.3.7s.1.5.3.7z\"\/><\/svg><\/span><\/span><\/span><\/a><\/span><\/div>\n<nav><ul class='ez-toc-list ez-toc-list-level-1 ' ><li class='ez-toc-page-1 ez-toc-heading-level-2'><a class=\"ez-toc-link ez-toc-heading-1\" href=\"https:\/\/www.grupomedcof.com.br\/blog\/usp-sp-temas-quentes-residencia-medica\/#Temas_quentes\" >Temas quentes<\/a><ul class='ez-toc-list-level-3' ><li class='ez-toc-heading-level-3'><a class=\"ez-toc-link ez-toc-heading-2\" href=\"https:\/\/www.grupomedcof.com.br\/blog\/usp-sp-temas-quentes-residencia-medica\/#Clinica_medica\" >Cl\u00ednica m\u00e9dica<\/a><\/li><li class='ez-toc-page-1 ez-toc-heading-level-3'><a class=\"ez-toc-link ez-toc-heading-3\" href=\"https:\/\/www.grupomedcof.com.br\/blog\/usp-sp-temas-quentes-residencia-medica\/#Cirurgia\" >Cirurgia<\/a><\/li><li class='ez-toc-page-1 ez-toc-heading-level-3'><a class=\"ez-toc-link ez-toc-heading-4\" href=\"https:\/\/www.grupomedcof.com.br\/blog\/usp-sp-temas-quentes-residencia-medica\/#Pediatria\" >Pediatria<\/a><\/li><li class='ez-toc-page-1 ez-toc-heading-level-3'><a class=\"ez-toc-link ez-toc-heading-5\" href=\"https:\/\/www.grupomedcof.com.br\/blog\/usp-sp-temas-quentes-residencia-medica\/#Preventiva_e_Saude_Publica\" >Preventiva e Sa\u00fade P\u00fablica<\/a><\/li><li class='ez-toc-page-1 ez-toc-heading-level-3'><a class=\"ez-toc-link ez-toc-heading-6\" href=\"https:\/\/www.grupomedcof.com.br\/blog\/usp-sp-temas-quentes-residencia-medica\/#Ginecologia\" >Ginecologia<\/a><\/li><li class='ez-toc-page-1 ez-toc-heading-level-3'><a class=\"ez-toc-link ez-toc-heading-7\" href=\"https:\/\/www.grupomedcof.com.br\/blog\/usp-sp-temas-quentes-residencia-medica\/#Obstetricia\" >Obstetr\u00edcia<\/a><\/li><\/ul><\/li><li class='ez-toc-page-1 ez-toc-heading-level-2'><a class=\"ez-toc-link ez-toc-heading-8\" href=\"https:\/\/www.grupomedcof.com.br\/blog\/usp-sp-temas-quentes-residencia-medica\/#Veja_um_exemplo_de_questao_sobre_Cirurgia_do_Aparelho_Digestivo\" >Veja um exemplo de quest\u00e3o sobre Cirurgia do Aparelho Digestivo<\/a><\/li><li class='ez-toc-page-1 ez-toc-heading-level-2'><a class=\"ez-toc-link ez-toc-heading-9\" href=\"https:\/\/www.grupomedcof.com.br\/blog\/usp-sp-temas-quentes-residencia-medica\/#Como_foi_o_processo_seletivo_de_residencia_medica_da_USP-SP\" >Como foi o processo seletivo de resid\u00eancia m\u00e9dica da USP-SP<\/a><ul class='ez-toc-list-level-3' ><li class='ez-toc-heading-level-3'><a class=\"ez-toc-link ez-toc-heading-10\" href=\"https:\/\/www.grupomedcof.com.br\/blog\/usp-sp-temas-quentes-residencia-medica\/#Prova_objetiva\" >Prova objetiva<\/a><\/li><li class='ez-toc-page-1 ez-toc-heading-level-3'><a class=\"ez-toc-link ez-toc-heading-11\" href=\"https:\/\/www.grupomedcof.com.br\/blog\/usp-sp-temas-quentes-residencia-medica\/#Analise_Curricular\" >An\u00e1lise Curricular<\/a><\/li><li class='ez-toc-page-1 ez-toc-heading-level-3'><a class=\"ez-toc-link ez-toc-heading-12\" href=\"https:\/\/www.grupomedcof.com.br\/blog\/usp-sp-temas-quentes-residencia-medica\/#Prova_de_Habilidades_Especificas\" >Prova de Habilidades Espec\u00edficas<\/a><\/li><\/ul><\/li><li class='ez-toc-page-1 ez-toc-heading-level-2'><a class=\"ez-toc-link ez-toc-heading-13\" href=\"https:\/\/www.grupomedcof.com.br\/blog\/usp-sp-temas-quentes-residencia-medica\/#Seja_um_MedCofer\" >Seja um MedCofer<\/a><\/li><\/ul><\/nav><\/div>\n\n<figure class=\"wp-block-image size-large\"><img loading=\"lazy\" decoding=\"async\" width=\"1024\" height=\"576\" src=\"https:\/\/www.grupomedcof.com.br\/blog\/wp-content\/uploads\/2024\/06\/Blog-MedCof-20-1-1024x576.png\" alt=\"\" class=\"wp-image-27217\" srcset=\"https:\/\/www.grupomedcof.com.br\/blog\/wp-content\/uploads\/2024\/06\/Blog-MedCof-20-1-1024x576.png 1024w, https:\/\/www.grupomedcof.com.br\/blog\/wp-content\/uploads\/2024\/06\/Blog-MedCof-20-1-300x169.png 300w, https:\/\/www.grupomedcof.com.br\/blog\/wp-content\/uploads\/2024\/06\/Blog-MedCof-20-1-768x432.png 768w, https:\/\/www.grupomedcof.com.br\/blog\/wp-content\/uploads\/2024\/06\/Blog-MedCof-20-1-1536x864.png 1536w, https:\/\/www.grupomedcof.com.br\/blog\/wp-content\/uploads\/2024\/06\/Blog-MedCof-20-1-2048x1152.png 2048w, https:\/\/www.grupomedcof.com.br\/blog\/wp-content\/uploads\/2024\/06\/Blog-MedCof-20-1-747x420.png 747w, https:\/\/www.grupomedcof.com.br\/blog\/wp-content\/uploads\/2024\/06\/Blog-MedCof-20-1-150x84.png 150w, https:\/\/www.grupomedcof.com.br\/blog\/wp-content\/uploads\/2024\/06\/Blog-MedCof-20-1-696x392.png 696w, https:\/\/www.grupomedcof.com.br\/blog\/wp-content\/uploads\/2024\/06\/Blog-MedCof-20-1-1068x601.png 1068w, https:\/\/www.grupomedcof.com.br\/blog\/wp-content\/uploads\/2024\/06\/Blog-MedCof-20-1-1920x1080.png 1920w\" sizes=\"auto, (max-width: 1024px) 100vw, 1024px\" \/><\/figure>\n\n\n\n<p>Confira os <strong>temas quentes para Acesso Direto<\/strong> e esteja pronto para a prova de <a href=\"https:\/\/www.grupomedcof.com.br\/blog\/residencia-medica-usp-sp-2024\/\">resid\u00eancia m\u00e9dica <\/a>USP-SP 2025\/2026.<\/p>\n\n\n\n<figure class=\"wp-block-image size-large\"><a href=\"https:\/\/aulas.grupomedcof.com.br\/atualizacoes-medicas-que-podem-definir-sua-aprovacao\" target=\"_blank\" rel=\" noreferrer noopener\"><img loading=\"lazy\" decoding=\"async\" width=\"1024\" height=\"320\" src=\"https:\/\/www.grupomedcof.com.br\/blog\/wp-content\/uploads\/2025\/02\/Banner-MedCof-Plus-2200x460-13-1024x320.png\" alt=\"\" class=\"wp-image-33939\" srcset=\"https:\/\/www.grupomedcof.com.br\/blog\/wp-content\/uploads\/2025\/02\/Banner-MedCof-Plus-2200x460-13-1024x320.png 1024w, https:\/\/www.grupomedcof.com.br\/blog\/wp-content\/uploads\/2025\/02\/Banner-MedCof-Plus-2200x460-13-300x94.png 300w, https:\/\/www.grupomedcof.com.br\/blog\/wp-content\/uploads\/2025\/02\/Banner-MedCof-Plus-2200x460-13-768x240.png 768w, https:\/\/www.grupomedcof.com.br\/blog\/wp-content\/uploads\/2025\/02\/Banner-MedCof-Plus-2200x460-13-1536x480.png 1536w, https:\/\/www.grupomedcof.com.br\/blog\/wp-content\/uploads\/2025\/02\/Banner-MedCof-Plus-2200x460-13-2048x640.png 2048w, https:\/\/www.grupomedcof.com.br\/blog\/wp-content\/uploads\/2025\/02\/Banner-MedCof-Plus-2200x460-13-1344x420.png 1344w, https:\/\/www.grupomedcof.com.br\/blog\/wp-content\/uploads\/2025\/02\/Banner-MedCof-Plus-2200x460-13-150x47.png 150w, https:\/\/www.grupomedcof.com.br\/blog\/wp-content\/uploads\/2025\/02\/Banner-MedCof-Plus-2200x460-13-696x218.png 696w, https:\/\/www.grupomedcof.com.br\/blog\/wp-content\/uploads\/2025\/02\/Banner-MedCof-Plus-2200x460-13-1068x334.png 1068w, https:\/\/www.grupomedcof.com.br\/blog\/wp-content\/uploads\/2025\/02\/Banner-MedCof-Plus-2200x460-13-1920x600.png 1920w\" sizes=\"auto, (max-width: 1024px) 100vw, 1024px\" \/><\/a><\/figure>\n\n\n\n<h2 class=\"wp-block-heading\" id=\"h-temas-quentes\"><span class=\"ez-toc-section\" id=\"Temas_quentes\"><\/span><strong>Temas quentes<\/strong><span class=\"ez-toc-section-end\"><\/span><\/h2>\n\n\n\n<h3 class=\"wp-block-heading\" id=\"h-clinica-medica\"><span class=\"ez-toc-section\" id=\"Clinica_medica\"><\/span><strong>Cl\u00ednica m\u00e9dica<\/strong><span class=\"ez-toc-section-end\"><\/span><\/h3>\n\n\n\n<figure class=\"wp-block-table\"><table><tbody><tr><td><strong>Temas<\/strong><\/td><td><strong>Porcentagem das quest\u00f5es<\/strong><\/td><\/tr><tr><td>Cardiologia<\/td><td>17.17%<\/td><\/tr><tr><td>Infectologia<\/td><td>14.14%<\/td><\/tr><tr><td>Neurologia<\/td><td>11.11%<\/td><\/tr><\/tbody><\/table><\/figure>\n\n\n\n<figure class=\"wp-block-image size-large\"><a href=\"https:\/\/www.grupomedcof.com.br\/cofletters\/\" target=\"_blank\" rel=\" noreferrer noopener\"><img loading=\"lazy\" decoding=\"async\" width=\"1024\" height=\"320\" src=\"https:\/\/www.grupomedcof.com.br\/blog\/wp-content\/uploads\/2025\/02\/Banner-MedCof-Plus-2200x460-11-1024x320.png\" alt=\"\" class=\"wp-image-33723\" srcset=\"https:\/\/www.grupomedcof.com.br\/blog\/wp-content\/uploads\/2025\/02\/Banner-MedCof-Plus-2200x460-11-1024x320.png 1024w, https:\/\/www.grupomedcof.com.br\/blog\/wp-content\/uploads\/2025\/02\/Banner-MedCof-Plus-2200x460-11-300x94.png 300w, https:\/\/www.grupomedcof.com.br\/blog\/wp-content\/uploads\/2025\/02\/Banner-MedCof-Plus-2200x460-11-768x240.png 768w, https:\/\/www.grupomedcof.com.br\/blog\/wp-content\/uploads\/2025\/02\/Banner-MedCof-Plus-2200x460-11-1536x480.png 1536w, https:\/\/www.grupomedcof.com.br\/blog\/wp-content\/uploads\/2025\/02\/Banner-MedCof-Plus-2200x460-11-2048x640.png 2048w, https:\/\/www.grupomedcof.com.br\/blog\/wp-content\/uploads\/2025\/02\/Banner-MedCof-Plus-2200x460-11-1343x420.png 1343w, https:\/\/www.grupomedcof.com.br\/blog\/wp-content\/uploads\/2025\/02\/Banner-MedCof-Plus-2200x460-11-150x47.png 150w, https:\/\/www.grupomedcof.com.br\/blog\/wp-content\/uploads\/2025\/02\/Banner-MedCof-Plus-2200x460-11-696x218.png 696w, https:\/\/www.grupomedcof.com.br\/blog\/wp-content\/uploads\/2025\/02\/Banner-MedCof-Plus-2200x460-11-1068x334.png 1068w, https:\/\/www.grupomedcof.com.br\/blog\/wp-content\/uploads\/2025\/02\/Banner-MedCof-Plus-2200x460-11-1920x600.png 1920w\" sizes=\"auto, (max-width: 1024px) 100vw, 1024px\" \/><\/a><\/figure>\n\n\n\n<h3 class=\"wp-block-heading\" id=\"h-cirurgia\"><span class=\"ez-toc-section\" id=\"Cirurgia\"><\/span><strong>Cirurgia<\/strong><span class=\"ez-toc-section-end\"><\/span><\/h3>\n\n\n\n<div class=\"wp-block-group\"><div class=\"wp-block-group__inner-container is-layout-constrained wp-block-group-is-layout-constrained\">\n<figure class=\"wp-block-table\"><table><tbody><tr><td><strong>Temas<\/strong><\/td><td><strong>Porcentagem das quest\u00f5es<\/strong><\/td><\/tr><tr><td>Cirurgia Geral<\/td><td>53.66%<\/td><\/tr><tr><td>Cirurgia do Aparelho Digestivo<\/td><td>20.73%<\/td><\/tr><tr><td>Cirurgia Vascular <\/td><td>6.10%<\/td><\/tr><\/tbody><\/table><\/figure>\n\n\n\n<h3 class=\"wp-block-heading\" id=\"h-pediatria\"><span class=\"ez-toc-section\" id=\"Pediatria\"><\/span><strong>Pediatria<\/strong><span class=\"ez-toc-section-end\"><\/span><\/h3>\n\n\n\n<figure class=\"wp-block-table\"><table><tbody><tr><td><strong>Temas<\/strong><\/td><td><strong>Porcentagem das quest\u00f5es<\/strong><\/td><\/tr><tr><td>Especialidades<\/td><td>38.27%<\/td><\/tr><tr><td>Infectologia Pedi\u00e1trica<\/td><td>20.99%<\/td><\/tr><tr><td>Neonatologia<\/td><td>16.05%<\/td><\/tr><\/tbody><\/table><\/figure>\n\n\n\n<h3 class=\"wp-block-heading\" id=\"h-preventiva-e-saude-publica\"><span class=\"ez-toc-section\" id=\"Preventiva_e_Saude_Publica\"><\/span><strong>Preventiva e Sa\u00fade P\u00fablica<\/strong><span class=\"ez-toc-section-end\"><\/span><\/h3>\n\n\n\n<figure class=\"wp-block-table\"><table><tbody><tr><td><strong>Temas<\/strong><\/td><td><strong>Porcentagem das quest\u00f5es<\/strong><\/td><\/tr><tr><td>Sa\u00fade P\u00fablica<\/td><td>59.46%<\/td><\/tr><tr><td>Preventiva<\/td><td>37.84%<\/td><\/tr><tr><td>Sa\u00fade do Trabalhador e Medicina Legal<\/td><td>1.35%<\/td><\/tr><\/tbody><\/table><\/figure>\n\n\n\n<h3 class=\"wp-block-heading\" id=\"h-ginecologia\"><span class=\"ez-toc-section\" id=\"Ginecologia\"><\/span><strong>Ginecologia<\/strong><span class=\"ez-toc-section-end\"><\/span><\/h3>\n\n\n\n<figure class=\"wp-block-table\"><table><tbody><tr><td><strong>Temas<\/strong><\/td><td><strong>Porcentagem das quest\u00f5es<\/strong><\/td><\/tr><tr><td>Ginecologia End\u00f3crina<\/td><td>33.33%<\/td><\/tr><tr><td>Ginecologia Geral<\/td><td>28.57%<\/td><\/tr><tr><td>Oncoginecologia<\/td><td>14.27%<\/td><\/tr><\/tbody><\/table><\/figure>\n\n\n\n<h3 class=\"wp-block-heading\" id=\"h-obstetricia\"><span class=\"ez-toc-section\" id=\"Obstetricia\"><\/span><strong>Obstetr\u00edcia<\/strong><span class=\"ez-toc-section-end\"><\/span><\/h3>\n\n\n\n<figure class=\"wp-block-table\"><table><tbody><tr><td><strong>Temas<\/strong><\/td><td><strong>Porcentagem das quest\u00f5es<\/strong><\/td><\/tr><tr><td>Gesta\u00e7\u00e3o de Alto Risco<\/td><td>32.56%<\/td><\/tr><tr><td>Assist\u00eancia ao Parto<\/td><td>18.60%<\/td><\/tr><tr><td>Emerg\u00eancia M\u00e9dicas<\/td><td>16.28%<\/td><\/tr><\/tbody><\/table><\/figure>\n\n\n\n<h2 class=\"wp-block-heading\" id=\"h-veja-um-exemplo-de-questao-sobre-cirurgia-do-aparelho-digestivo\"><span class=\"ez-toc-section\" id=\"Veja_um_exemplo_de_questao_sobre_Cirurgia_do_Aparelho_Digestivo\"><\/span><strong>Veja um exemplo de quest\u00e3o sobre Cirurgia do Aparelho Digestivo<\/strong><span class=\"ez-toc-section-end\"><\/span><\/h2>\n\n\n\n<figure class=\"wp-block-image size-large\"><img loading=\"lazy\" decoding=\"async\" width=\"1024\" height=\"576\" src=\"https:\/\/www.grupomedcof.com.br\/blog\/wp-content\/uploads\/2025\/02\/Como-cai-na-prova-77-1024x576.jpg\" alt=\"Homem, 66 anos, refere prurido e icter\u00edcia h\u00e1 15 dias. Nega perda de peso, v\u00f4mitos e altera\u00e7\u00f5es do habito intestinal. Tem diabetes melito em uso de hipoglicemiante oral e \u00e9 tabagista (20 anos-ma\u00e7o). Ao exame f\u00edsico encontra-se em bom estado geral, icterico, FC: 70 bpm e PA: 120x70 mmHg;\nsem altera\u00e7\u00f5es cardiopulmonares, abdome fl\u00e1cido, com massa palp\u00e1vel e indolor no hipoc\u00f4ndrio direito. Exames laboratoriais: Hb: 12,1 g\/dL; Ht: 35%; Bilirrubina total: 12 mg\/dL; Bilirrubina direta: 10,9 mg\/dL; FA: 327 U\/L; GGT: 754 U\/L; TGO\/AST: 231 U\/L; TGP\/ALT: 197 U\/L. Assinale o local mais prov\u00e1vel de neoplasia considerada na hip\u00f3tese diagn\u00f3stica:\n\na) Jun\u00e7\u00e3o dos ductos hep\u00e1ticos.\n\nb) Periampular.\n\nc) Ducto hep\u00e1tico.\n\nd) Ves\u00edcula biliar\" class=\"wp-image-35471\" srcset=\"https:\/\/www.grupomedcof.com.br\/blog\/wp-content\/uploads\/2025\/02\/Como-cai-na-prova-77-1024x576.jpg 1024w, https:\/\/www.grupomedcof.com.br\/blog\/wp-content\/uploads\/2025\/02\/Como-cai-na-prova-77-300x169.jpg 300w, https:\/\/www.grupomedcof.com.br\/blog\/wp-content\/uploads\/2025\/02\/Como-cai-na-prova-77-768x432.jpg 768w, https:\/\/www.grupomedcof.com.br\/blog\/wp-content\/uploads\/2025\/02\/Como-cai-na-prova-77-1536x864.jpg 1536w, https:\/\/www.grupomedcof.com.br\/blog\/wp-content\/uploads\/2025\/02\/Como-cai-na-prova-77-747x420.jpg 747w, https:\/\/www.grupomedcof.com.br\/blog\/wp-content\/uploads\/2025\/02\/Como-cai-na-prova-77-150x84.jpg 150w, https:\/\/www.grupomedcof.com.br\/blog\/wp-content\/uploads\/2025\/02\/Como-cai-na-prova-77-696x392.jpg 696w, https:\/\/www.grupomedcof.com.br\/blog\/wp-content\/uploads\/2025\/02\/Como-cai-na-prova-77-1068x601.jpg 1068w, https:\/\/www.grupomedcof.com.br\/blog\/wp-content\/uploads\/2025\/02\/Como-cai-na-prova-77.jpg 1920w\" sizes=\"auto, (max-width: 1024px) 100vw, 1024px\" \/><figcaption class=\"wp-element-caption\">Quest\u00e3o Prova USP-SP 2024 | Qbank<\/figcaption><\/figure>\n<\/div><\/div>\n\n\n\n<p><em><strong>Resposta: <\/strong>b) Periampular.<\/em><\/p>\n\n\n\n<p><strong>Coment\u00e1rio do professor:<\/strong><br>Quest\u00e3o bastante interessante e rotineira nos concursos, temos aqui um paciente idoso tabagista com quadro de icter\u00edcia de padr\u00e3o obstrutivo (aumento de bilirrubina direta, icter\u00edcia e prurido) e que apresenta massa palp\u00e1vel em hipoc\u00f4ndrio direito compat\u00edvel com o sinal de Courvoisier-Terrier. Falaremos aqui sobre as neoplasias periampulares.<br><strong>Neoplasias Periampulares:<\/strong><br>As neoplasias periampulares consistem em um conjunto de les\u00f5es neopl\u00e1sicas que se caracterizam por acometeram o aparato biliar localizado na regi\u00e3o pr\u00f3xima \u00e0 ampola de Vater, isto \u00e9, na regi\u00e3o distal da via biliar pr\u00f3xima \u00e0 desembocadura do col\u00e9doco na luz da 2a por\u00e7\u00e3o duodenal. Por conta da localiza\u00e7\u00e3o anat\u00f4mica, tais patologias tamb\u00e9m se assemelham por achados cl\u00ednico-laboratoriais comuns entre si. Apesar dessas<br>caracter\u00edsticas em comum, as les\u00f5es periampulares podem se originar de tecidos distintos, levando a apresenta\u00e7\u00f5es vari\u00e1veis e caracter\u00edsticas pr\u00f3prias, al\u00e9m de progn\u00f3sticos e condutas variadas entre si. Clinicamente, a maior parte desses tumores s\u00e3o inicialmente assintom\u00e1ticos, de maneira que o diagn\u00f3stico precoce \u00e9 de dif\u00edcil realiza\u00e7\u00e3o. Quando<br>presentes, a manifesta\u00e7\u00e3o mais t\u00edpica dessas neoplasias \u00e9 a ocorr\u00eancia de icter\u00edcia de padr\u00e3o obstrutivo, isto \u00e9, aumento da bilirrubina direta (que pode chegar a valores acima de 20 mg\/dl) associada com manifesta\u00e7\u00f5es de colestase tais como col\u00faria (urina cor de &#8220;coca-cola&#8221;), acolia fecal (fezes esbranqui\u00e7adas), icter\u00edcia vari\u00e1vel ao exame f\u00edsico e prurido cut\u00e2neo.<br>Al\u00e9m disso, podem se caracterizar pela presen\u00e7a de dor abdominal (principalmente em hipoc\u00f4ndrio direito e epig\u00e1strio), s\u00edndrome consumptiva (com perda ponderal importante) e, em alguns casos, o diagn\u00f3stico pode ocorrer em vig\u00eancia de complica\u00e7\u00e3o infecciosa importante, a denominada colangite aguda. Devido a obstru\u00e7\u00e3o da via biliar distal, ocorre dilata\u00e7\u00e3o da via biliar extra hep\u00e1tica e, com o avan\u00e7o da doen\u00e7a, essa dilata\u00e7\u00e3o passa<br>a ocorrer nas vias intra-hep\u00e1ticas e na ves\u00edcula biliar, a qual se torna cronicamente dilatada. Nesses pacientes, a ves\u00edcula se torna palp\u00e1vel ao exame f\u00edsico como massa indolor em hipoc\u00f4ndrio (podendo alcan\u00e7ar flanco direito), sinal extremamente sugestivo de neoplasia periampular j\u00e1 avan\u00e7ada denominado sinal de Courvoisier-Terrier.<\/p>\n\n\n\n<figure class=\"wp-block-image size-large\"><img loading=\"lazy\" decoding=\"async\" width=\"1024\" height=\"205\" src=\"https:\/\/www.grupomedcof.com.br\/blog\/wp-content\/uploads\/2023\/06\/Conheca-o-Qbank-MedCof-1024x205.png\" alt=\"medcof qbank, medcof aulas, grupo medcof, aulas medcof, qbank, banco de questoes medcof, medcof banco de questoes\" class=\"wp-image-8008\" srcset=\"https:\/\/www.grupomedcof.com.br\/blog\/wp-content\/uploads\/2023\/06\/Conheca-o-Qbank-MedCof-1024x205.png 1024w, https:\/\/www.grupomedcof.com.br\/blog\/wp-content\/uploads\/2023\/06\/Conheca-o-Qbank-MedCof-300x60.png 300w, https:\/\/www.grupomedcof.com.br\/blog\/wp-content\/uploads\/2023\/06\/Conheca-o-Qbank-MedCof-768x154.png 768w, https:\/\/www.grupomedcof.com.br\/blog\/wp-content\/uploads\/2023\/06\/Conheca-o-Qbank-MedCof-1536x307.png 1536w, https:\/\/www.grupomedcof.com.br\/blog\/wp-content\/uploads\/2023\/06\/Conheca-o-Qbank-MedCof-2048x410.png 2048w\" sizes=\"auto, (max-width: 1024px) 100vw, 1024px\" \/><\/figure>\n\n\n\n<h2 class=\"wp-block-heading\" id=\"h-como-foi-o-processo-seletivo-de-residencia-medica-da-usp-sp\"><span class=\"ez-toc-section\" id=\"Como_foi_o_processo_seletivo_de_residencia_medica_da_USP-SP\"><\/span><strong>Como foi o processo seletivo de resid\u00eancia m\u00e9dica da USP-SP<\/strong><span class=\"ez-toc-section-end\"><\/span><\/h2>\n\n\n\n<p>O processo seletivo possuiu&nbsp;<strong>duas fases:&nbsp;<\/strong>a prova objetiva e a&nbsp;<strong>an\u00e1lise curricular<\/strong>&nbsp;para todas as especialidades, exceto para as especialidades de<strong>&nbsp;\u00c1reas de Atua\u00e7\u00e3o e Anos Adicionais,<\/strong>&nbsp;que contam com a prova de habilidades espec\u00edficas. <\/p>\n\n\n\n<h3 class=\"wp-block-heading\" id=\"h-prova-objetiva\"><span class=\"ez-toc-section\" id=\"Prova_objetiva\"><\/span><strong>Prova objetiva<\/strong><span class=\"ez-toc-section-end\"><\/span><\/h3>\n\n\n\n<p>A prova objetiva da Universidade de S\u00e3o Paulo \u00e9 composta pela aplica\u00e7\u00e3o de 120 quest\u00f5es de m\u00faltipla escolha para os programas de acesso direto e pr\u00e9-requisitos, enquanto para os programas de Anos Adicionais e \u00c1reas de Atua\u00e7\u00e3o s\u00e3o cobradas 40 quest\u00f5es, conforme descrito no<a href=\"https:\/\/www.grupomedcof.com.br\/blog\/edital-residencia-medica-usp-rp\/\" target=\"_blank\" rel=\"noreferrer noopener\"> edital USP-SP. <\/a>Na edi\u00e7\u00e3o de 2024, a prova ocorreu no dia 1\u00ba de dezembro.<\/p>\n\n\n\n<p>Para os candidatos que seguem com programas de&nbsp;<strong>acesso direto<\/strong>, a avalia\u00e7\u00e3o constou com quest\u00f5es voltadas \u00e0s&nbsp;<strong>cinco grandes \u00e1reas m\u00e9dicas<\/strong>, enquanto para aqueles que optam por especialidades que necessitam de&nbsp;<strong>pr\u00e9-requisito<\/strong>, realizam a prova com o<strong>&nbsp;conte\u00fado&nbsp;<\/strong>voltado \u00e0&nbsp;<strong>especialidade escolhida<\/strong>.<\/p>\n\n\n\n<h3 class=\"wp-block-heading\" id=\"h-analise-curricular\"><span class=\"ez-toc-section\" id=\"Analise_Curricular\"><\/span><strong>An\u00e1lise Curricular<\/strong><span class=\"ez-toc-section-end\"><\/span><\/h3>\n\n\n\n<p>Para a edi\u00e7\u00e3o 2024\/2025, os alunos encaminharam seus documentos no per\u00edodo de&nbsp;<strong>20 de dezembro de 2024 e 06 de janeiro de 2025<\/strong>, para que fossem analisados durante os dias&nbsp;<strong>10 a 20 de janeiro de 2025<\/strong>.<\/p>\n\n\n\n<h3 class=\"wp-block-heading\" id=\"h-prova-de-habilidades-especificas\"><span class=\"ez-toc-section\" id=\"Prova_de_Habilidades_Especificas\"><\/span><strong>Prova de Habilidades Espec\u00edficas<\/strong><span class=\"ez-toc-section-end\"><\/span><\/h3>\n\n\n\n<p>Diferentemente dos programas de acesso direto e de entrada com pr\u00e9-requisitos, os candidatos que seguiram para as especialidades de&nbsp;<strong>\u00c1reas de Atua\u00e7\u00e3o e Anos Adicionais&nbsp;<\/strong>contaram com outra avalia\u00e7\u00e3o como componente da segunda fase, sendo essa a&nbsp;<strong>Prova de Habilidade Espec\u00edficas<\/strong>.<\/p>\n\n\n\n<p>Nesta avalia\u00e7\u00e3o, \u00e9 apresentado ao profissional quest\u00f5es em&nbsp;<strong>casos cl\u00ednicos espec\u00edficos<\/strong>, seguindo de acordo com o que foi escolhido pelo participante.<\/p>\n\n\n\n<div class=\"wp-block-buttons is-content-justification-center is-layout-flex wp-container-core-buttons-is-layout-16018d1d wp-block-buttons-is-layout-flex\">\n<div class=\"wp-block-button\"><a class=\"wp-block-button__link wp-element-button\" href=\"https:\/\/www.grupomedcof.com.br\/blog\/residencia-medica-usp-sp-2\/#como-funciona-o-processo-seletivo-de-resid%C3%AAncia-m%C3%A9dica-da-usp-sp\" target=\"_blank\" rel=\"noreferrer noopener\">Veja todas as informa\u00e7\u00f5es da sele\u00e7\u00e3o da USP-SP aqui!<\/a><\/div>\n<\/div>\n\n\n\n<h2 class=\"wp-block-heading\" id=\"h-seja-um-medcofer\"><span class=\"ez-toc-section\" id=\"Seja_um_MedCofer\"><\/span><strong>Seja um MedCofer<\/strong><span class=\"ez-toc-section-end\"><\/span><\/h2>\n\n\n\n<p>Para conquistar a aprova\u00e7\u00e3o nas provas de resid\u00eancia, seja um&nbsp;<strong>MedCofer<\/strong>! Aqui te ajudaremos na busca da aprova\u00e7\u00e3o com conte\u00fados de qualidade e uma&nbsp;<a href=\"https:\/\/www.grupomedcof.com.br\/blog\/presenca-da-medcof-nas-aprovacoes-em-residencia-medica-no-brasil\/\" target=\"_blank\" rel=\"noreferrer noopener\"><strong>metodologia que j\u00e1 aprovou mais de 10 mil residentes no pa\u00eds<\/strong><\/a>!<\/p>\n\n\n\n<figure class=\"wp-block-embed is-type-video is-provider-youtube wp-block-embed-youtube wp-embed-aspect-16-9 wp-has-aspect-ratio\"><div class=\"wp-block-embed__wrapper\">\n<div class=\"youtube-embed\" data-video_id=\"trop0C5RLnE\"><iframe loading=\"lazy\" title=\"Corre\u00e7\u00e3o USP-SP R1 2025 - Gabarito Prova de Resid\u00eancia M\u00e9dica USP-SP  2025 R1 Acesso Direto\" width=\"696\" height=\"392\" src=\"https:\/\/www.youtube.com\/embed\/trop0C5RLnE?feature=oembed&#038;enablejsapi=1\" frameborder=\"0\" allow=\"accelerometer; autoplay; clipboard-write; encrypted-media; gyroscope; picture-in-picture; web-share\" referrerpolicy=\"strict-origin-when-cross-origin\" allowfullscreen><\/iframe><\/div>\n<\/div><\/figure>\n","protected":false},"excerpt":{"rendered":"<p>Confira os temas quentes para Acesso Direto e esteja pronto para a prova de resid\u00eancia m\u00e9dica USP-SP 2025\/2026.<\/p>\n","protected":false},"author":20,"featured_media":27217,"comment_status":"open","ping_status":"open","sticky":false,"template":"","format":"standard","meta":{"footnotes":""},"categories":[174],"tags":[117,68,1496,15],"ppma_author":[3616],"class_list":{"0":"post-27194","1":"post","2":"type-post","3":"status-publish","4":"format-standard","5":"has-post-thumbnail","7":"category-residencia-medica","8":"tag-provas-de-residencia","9":"tag-residencia-medica","10":"tag-temas-quentes","11":"tag-usp"},"yoast_head":"<!-- This site is optimized with the Yoast SEO Premium plugin v24.3 (Yoast SEO v27.4) - https:\/\/yoast.com\/product\/yoast-seo-premium-wordpress\/ -->\n<title>USP-SP 2025\/2026: Temas quentes da resid\u00eancia m\u00e9dica - Blog de Medcof: conte\u00fados, editais, revalida e mais!<\/title>\n<meta name=\"description\" content=\"Confira os temas quentes para Acesso Direto e esteja pronto para a prova de resid\u00eancia m\u00e9dica USP-SP 2025\/2026.\" \/>\n<meta name=\"robots\" content=\"index, follow, max-snippet:-1, max-image-preview:large, max-video-preview:-1\" \/>\n<link rel=\"canonical\" href=\"https:\/\/www.grupomedcof.com.br\/blog\/usp-sp-temas-quentes-residencia-medica\/\" \/>\n<meta property=\"og:locale\" content=\"pt_BR\" \/>\n<meta property=\"og:type\" content=\"article\" \/>\n<meta property=\"og:title\" content=\"USP-SP 2025\/2026: Temas quentes da resid\u00eancia m\u00e9dica\" \/>\n<meta property=\"og:description\" content=\"Confira os temas quentes para Acesso Direto e esteja pronto para a prova de resid\u00eancia m\u00e9dica USP-SP 2025\/2026.\" \/>\n<meta property=\"og:url\" content=\"https:\/\/www.grupomedcof.com.br\/blog\/usp-sp-temas-quentes-residencia-medica\/\" \/>\n<meta property=\"og:site_name\" content=\"Blog de Medcof: conte\u00fados, editais, revalida e mais!\" \/>\n<meta property=\"article:publisher\" content=\"https:\/\/www.facebook.com\/MedCofQbank\/\" \/>\n<meta property=\"article:published_time\" content=\"2025-02-25T16:41:49+00:00\" \/>\n<meta property=\"article:modified_time\" content=\"2026-02-09T14:06:31+00:00\" \/>\n<meta property=\"og:image\" content=\"https:\/\/www.grupomedcof.com.br\/blog\/wp-content\/uploads\/2024\/06\/Blog-MedCof-20-1.png\" \/>\n\t<meta property=\"og:image:width\" content=\"2560\" \/>\n\t<meta property=\"og:image:height\" content=\"1440\" \/>\n\t<meta property=\"og:image:type\" content=\"image\/png\" \/>\n<meta name=\"author\" content=\"Leila Menzel\" \/>\n<meta name=\"twitter:card\" content=\"summary_large_image\" \/>\n<meta name=\"twitter:label1\" content=\"Escrito por\" \/>\n\t<meta name=\"twitter:data1\" content=\"Leila Menzel\" \/>\n\t<meta name=\"twitter:label2\" content=\"Est. tempo de leitura\" \/>\n\t<meta name=\"twitter:data2\" content=\"6 minutos\" \/>\n<script type=\"application\/ld+json\" class=\"yoast-schema-graph\">{\"@context\":\"https:\\\/\\\/schema.org\",\"@graph\":[{\"@type\":\"Article\",\"@id\":\"https:\\\/\\\/www.grupomedcof.com.br\\\/blog\\\/usp-sp-temas-quentes-residencia-medica\\\/#article\",\"isPartOf\":{\"@id\":\"https:\\\/\\\/www.grupomedcof.com.br\\\/blog\\\/usp-sp-temas-quentes-residencia-medica\\\/\"},\"author\":{\"name\":\"Leila Menzel\",\"@id\":\"https:\\\/\\\/www.grupomedcof.com.br\\\/blog\\\/#\\\/schema\\\/person\\\/9a44c2184a836bf5ae6967fdb3a1451e\"},\"headline\":\"USP-SP 2025\\\/2026: Temas quentes da resid\u00eancia m\u00e9dica\",\"datePublished\":\"2025-02-25T16:41:49+00:00\",\"dateModified\":\"2026-02-09T14:06:31+00:00\",\"mainEntityOfPage\":{\"@id\":\"https:\\\/\\\/www.grupomedcof.com.br\\\/blog\\\/usp-sp-temas-quentes-residencia-medica\\\/\"},\"wordCount\":874,\"commentCount\":0,\"publisher\":{\"@id\":\"https:\\\/\\\/www.grupomedcof.com.br\\\/blog\\\/#organization\"},\"image\":{\"@id\":\"https:\\\/\\\/www.grupomedcof.com.br\\\/blog\\\/usp-sp-temas-quentes-residencia-medica\\\/#primaryimage\"},\"thumbnailUrl\":\"https:\\\/\\\/www.grupomedcof.com.br\\\/blog\\\/wp-content\\\/uploads\\\/2024\\\/06\\\/Blog-MedCof-20-1.png\",\"keywords\":[\"Provas de Resid\u00eancia\",\"Resid\u00eancia M\u00e9dica\",\"Temas quentes\",\"USP\"],\"articleSection\":[\"Resid\u00eancia m\u00e9dica: editais, resultados, temas quentes e mais\"],\"inLanguage\":\"pt-BR\"},{\"@type\":\"WebPage\",\"@id\":\"https:\\\/\\\/www.grupomedcof.com.br\\\/blog\\\/usp-sp-temas-quentes-residencia-medica\\\/\",\"url\":\"https:\\\/\\\/www.grupomedcof.com.br\\\/blog\\\/usp-sp-temas-quentes-residencia-medica\\\/\",\"name\":\"USP-SP 2025\\\/2026: Temas quentes da resid\u00eancia m\u00e9dica - Blog de Medcof: conte\u00fados, editais, revalida e mais!\",\"isPartOf\":{\"@id\":\"https:\\\/\\\/www.grupomedcof.com.br\\\/blog\\\/#website\"},\"primaryImageOfPage\":{\"@id\":\"https:\\\/\\\/www.grupomedcof.com.br\\\/blog\\\/usp-sp-temas-quentes-residencia-medica\\\/#primaryimage\"},\"image\":{\"@id\":\"https:\\\/\\\/www.grupomedcof.com.br\\\/blog\\\/usp-sp-temas-quentes-residencia-medica\\\/#primaryimage\"},\"thumbnailUrl\":\"https:\\\/\\\/www.grupomedcof.com.br\\\/blog\\\/wp-content\\\/uploads\\\/2024\\\/06\\\/Blog-MedCof-20-1.png\",\"datePublished\":\"2025-02-25T16:41:49+00:00\",\"dateModified\":\"2026-02-09T14:06:31+00:00\",\"description\":\"Confira os temas quentes para Acesso Direto e esteja pronto para a prova de resid\u00eancia m\u00e9dica USP-SP 2025\\\/2026.\",\"breadcrumb\":{\"@id\":\"https:\\\/\\\/www.grupomedcof.com.br\\\/blog\\\/usp-sp-temas-quentes-residencia-medica\\\/#breadcrumb\"},\"inLanguage\":\"pt-BR\",\"potentialAction\":[{\"@type\":\"ReadAction\",\"target\":[\"https:\\\/\\\/www.grupomedcof.com.br\\\/blog\\\/usp-sp-temas-quentes-residencia-medica\\\/\"]}]},{\"@type\":\"ImageObject\",\"inLanguage\":\"pt-BR\",\"@id\":\"https:\\\/\\\/www.grupomedcof.com.br\\\/blog\\\/usp-sp-temas-quentes-residencia-medica\\\/#primaryimage\",\"url\":\"https:\\\/\\\/www.grupomedcof.com.br\\\/blog\\\/wp-content\\\/uploads\\\/2024\\\/06\\\/Blog-MedCof-20-1.png\",\"contentUrl\":\"https:\\\/\\\/www.grupomedcof.com.br\\\/blog\\\/wp-content\\\/uploads\\\/2024\\\/06\\\/Blog-MedCof-20-1.png\",\"width\":2560,\"height\":1440,\"caption\":\"Imagem cont\u00e9m logo de medicina da usp\"},{\"@type\":\"BreadcrumbList\",\"@id\":\"https:\\\/\\\/www.grupomedcof.com.br\\\/blog\\\/usp-sp-temas-quentes-residencia-medica\\\/#breadcrumb\",\"itemListElement\":[{\"@type\":\"ListItem\",\"position\":1,\"name\":\"In\u00edcio\",\"item\":\"https:\\\/\\\/www.grupomedcof.com.br\\\/blog\\\/\"},{\"@type\":\"ListItem\",\"position\":2,\"name\":\"USP-SP 2025\\\/2026: Temas quentes da resid\u00eancia m\u00e9dica\"}]},{\"@type\":\"WebSite\",\"@id\":\"https:\\\/\\\/www.grupomedcof.com.br\\\/blog\\\/#website\",\"url\":\"https:\\\/\\\/www.grupomedcof.com.br\\\/blog\\\/\",\"name\":\"Blog de Medcof: conte\u00fados, editais, revalida e mais!\",\"description\":\"Acesso o blog de MedCof! Seu portal de conte\u00fados sobre resid\u00eancia m\u00e9dica, an\u00e1lise e editais e muito mais. Clique e confira!\",\"publisher\":{\"@id\":\"https:\\\/\\\/www.grupomedcof.com.br\\\/blog\\\/#organization\"},\"alternateName\":\"Blog de Medcof: conte\u00fados, editais, revalida e mais!\",\"potentialAction\":[{\"@type\":\"SearchAction\",\"target\":{\"@type\":\"EntryPoint\",\"urlTemplate\":\"https:\\\/\\\/www.grupomedcof.com.br\\\/blog\\\/?s={search_term_string}\"},\"query-input\":{\"@type\":\"PropertyValueSpecification\",\"valueRequired\":true,\"valueName\":\"search_term_string\"}}],\"inLanguage\":\"pt-BR\"},{\"@type\":\"Organization\",\"@id\":\"https:\\\/\\\/www.grupomedcof.com.br\\\/blog\\\/#organization\",\"name\":\"Grupo MedCof\",\"url\":\"https:\\\/\\\/www.grupomedcof.com.br\\\/blog\\\/\",\"logo\":{\"@type\":\"ImageObject\",\"inLanguage\":\"pt-BR\",\"@id\":\"https:\\\/\\\/www.grupomedcof.com.br\\\/blog\\\/#\\\/schema\\\/logo\\\/image\\\/\",\"url\":\"https:\\\/\\\/www.grupomedcof.com.br\\\/blog\\\/wp-content\\\/uploads\\\/2022\\\/01\\\/logo-medcof.png\",\"contentUrl\":\"https:\\\/\\\/www.grupomedcof.com.br\\\/blog\\\/wp-content\\\/uploads\\\/2022\\\/01\\\/logo-medcof.png\",\"width\":768,\"height\":269,\"caption\":\"Grupo MedCof\"},\"image\":{\"@id\":\"https:\\\/\\\/www.grupomedcof.com.br\\\/blog\\\/#\\\/schema\\\/logo\\\/image\\\/\"},\"sameAs\":[\"https:\\\/\\\/www.facebook.com\\\/MedCofQbank\\\/\",\"https:\\\/\\\/www.instagram.com\\\/grupomedcof\\\/\",\"https:\\\/\\\/br.linkedin.com\\\/company\\\/medcof\",\"https:\\\/\\\/www.youtube.com\\\/channel\\\/UCdHMuOHKICxcHwecxN8P-AA\"]},{\"@type\":\"Person\",\"@id\":\"https:\\\/\\\/www.grupomedcof.com.br\\\/blog\\\/#\\\/schema\\\/person\\\/9a44c2184a836bf5ae6967fdb3a1451e\",\"name\":\"Leila Menzel\",\"image\":{\"@type\":\"ImageObject\",\"inLanguage\":\"pt-BR\",\"@id\":\"https:\\\/\\\/www.grupomedcof.com.br\\\/blog\\\/wp-content\\\/uploads\\\/2025\\\/09\\\/cropped-eu-96x96.jpeg19a74936d997c0a8b3031618467fa1d0\",\"url\":\"https:\\\/\\\/www.grupomedcof.com.br\\\/blog\\\/wp-content\\\/uploads\\\/2025\\\/09\\\/cropped-eu-96x96.jpeg\",\"contentUrl\":\"https:\\\/\\\/www.grupomedcof.com.br\\\/blog\\\/wp-content\\\/uploads\\\/2025\\\/09\\\/cropped-eu-96x96.jpeg\",\"caption\":\"Leila Menzel\"},\"description\":\"Estudante do 6\u00b0 semestre de jornalismo, amo e escrevo poesias e viajo em livros de romances clich\u00eas.\",\"url\":\"https:\\\/\\\/www.grupomedcof.com.br\\\/blog\\\/author\\\/leila-menzel\\\/\"}]}<\/script>\n<!-- \/ Yoast SEO Premium plugin. -->","yoast_head_json":{"title":"USP-SP 2025\/2026: Temas quentes da resid\u00eancia m\u00e9dica - Blog de Medcof: conte\u00fados, editais, revalida e mais!","description":"Confira os temas quentes para Acesso Direto e esteja pronto para a prova de resid\u00eancia m\u00e9dica USP-SP 2025\/2026.","robots":{"index":"index","follow":"follow","max-snippet":"max-snippet:-1","max-image-preview":"max-image-preview:large","max-video-preview":"max-video-preview:-1"},"canonical":"https:\/\/www.grupomedcof.com.br\/blog\/usp-sp-temas-quentes-residencia-medica\/","og_locale":"pt_BR","og_type":"article","og_title":"USP-SP 2025\/2026: Temas quentes da resid\u00eancia m\u00e9dica","og_description":"Confira os temas quentes para Acesso Direto e esteja pronto para a prova de resid\u00eancia m\u00e9dica USP-SP 2025\/2026.","og_url":"https:\/\/www.grupomedcof.com.br\/blog\/usp-sp-temas-quentes-residencia-medica\/","og_site_name":"Blog de Medcof: conte\u00fados, editais, revalida e mais!","article_publisher":"https:\/\/www.facebook.com\/MedCofQbank\/","article_published_time":"2025-02-25T16:41:49+00:00","article_modified_time":"2026-02-09T14:06:31+00:00","og_image":[{"width":2560,"height":1440,"url":"https:\/\/www.grupomedcof.com.br\/blog\/wp-content\/uploads\/2024\/06\/Blog-MedCof-20-1.png","type":"image\/png"}],"author":"Leila Menzel","twitter_card":"summary_large_image","twitter_misc":{"Escrito por":"Leila Menzel","Est. tempo de leitura":"6 minutos"},"schema":{"@context":"https:\/\/schema.org","@graph":[{"@type":"Article","@id":"https:\/\/www.grupomedcof.com.br\/blog\/usp-sp-temas-quentes-residencia-medica\/#article","isPartOf":{"@id":"https:\/\/www.grupomedcof.com.br\/blog\/usp-sp-temas-quentes-residencia-medica\/"},"author":{"name":"Leila Menzel","@id":"https:\/\/www.grupomedcof.com.br\/blog\/#\/schema\/person\/9a44c2184a836bf5ae6967fdb3a1451e"},"headline":"USP-SP 2025\/2026: Temas quentes da resid\u00eancia m\u00e9dica","datePublished":"2025-02-25T16:41:49+00:00","dateModified":"2026-02-09T14:06:31+00:00","mainEntityOfPage":{"@id":"https:\/\/www.grupomedcof.com.br\/blog\/usp-sp-temas-quentes-residencia-medica\/"},"wordCount":874,"commentCount":0,"publisher":{"@id":"https:\/\/www.grupomedcof.com.br\/blog\/#organization"},"image":{"@id":"https:\/\/www.grupomedcof.com.br\/blog\/usp-sp-temas-quentes-residencia-medica\/#primaryimage"},"thumbnailUrl":"https:\/\/www.grupomedcof.com.br\/blog\/wp-content\/uploads\/2024\/06\/Blog-MedCof-20-1.png","keywords":["Provas de Resid\u00eancia","Resid\u00eancia M\u00e9dica","Temas quentes","USP"],"articleSection":["Resid\u00eancia m\u00e9dica: editais, resultados, temas quentes e mais"],"inLanguage":"pt-BR"},{"@type":"WebPage","@id":"https:\/\/www.grupomedcof.com.br\/blog\/usp-sp-temas-quentes-residencia-medica\/","url":"https:\/\/www.grupomedcof.com.br\/blog\/usp-sp-temas-quentes-residencia-medica\/","name":"USP-SP 2025\/2026: Temas quentes da resid\u00eancia m\u00e9dica - Blog de Medcof: conte\u00fados, editais, revalida e mais!","isPartOf":{"@id":"https:\/\/www.grupomedcof.com.br\/blog\/#website"},"primaryImageOfPage":{"@id":"https:\/\/www.grupomedcof.com.br\/blog\/usp-sp-temas-quentes-residencia-medica\/#primaryimage"},"image":{"@id":"https:\/\/www.grupomedcof.com.br\/blog\/usp-sp-temas-quentes-residencia-medica\/#primaryimage"},"thumbnailUrl":"https:\/\/www.grupomedcof.com.br\/blog\/wp-content\/uploads\/2024\/06\/Blog-MedCof-20-1.png","datePublished":"2025-02-25T16:41:49+00:00","dateModified":"2026-02-09T14:06:31+00:00","description":"Confira os temas quentes para Acesso Direto e esteja pronto para a prova de resid\u00eancia m\u00e9dica USP-SP 2025\/2026.","breadcrumb":{"@id":"https:\/\/www.grupomedcof.com.br\/blog\/usp-sp-temas-quentes-residencia-medica\/#breadcrumb"},"inLanguage":"pt-BR","potentialAction":[{"@type":"ReadAction","target":["https:\/\/www.grupomedcof.com.br\/blog\/usp-sp-temas-quentes-residencia-medica\/"]}]},{"@type":"ImageObject","inLanguage":"pt-BR","@id":"https:\/\/www.grupomedcof.com.br\/blog\/usp-sp-temas-quentes-residencia-medica\/#primaryimage","url":"https:\/\/www.grupomedcof.com.br\/blog\/wp-content\/uploads\/2024\/06\/Blog-MedCof-20-1.png","contentUrl":"https:\/\/www.grupomedcof.com.br\/blog\/wp-content\/uploads\/2024\/06\/Blog-MedCof-20-1.png","width":2560,"height":1440,"caption":"Imagem cont\u00e9m logo de medicina da usp"},{"@type":"BreadcrumbList","@id":"https:\/\/www.grupomedcof.com.br\/blog\/usp-sp-temas-quentes-residencia-medica\/#breadcrumb","itemListElement":[{"@type":"ListItem","position":1,"name":"In\u00edcio","item":"https:\/\/www.grupomedcof.com.br\/blog\/"},{"@type":"ListItem","position":2,"name":"USP-SP 2025\/2026: Temas quentes da resid\u00eancia m\u00e9dica"}]},{"@type":"WebSite","@id":"https:\/\/www.grupomedcof.com.br\/blog\/#website","url":"https:\/\/www.grupomedcof.com.br\/blog\/","name":"Blog de Medcof: conte\u00fados, editais, revalida e mais!","description":"Acesso o blog de MedCof! Seu portal de conte\u00fados sobre resid\u00eancia m\u00e9dica, an\u00e1lise e editais e muito mais. Clique e confira!","publisher":{"@id":"https:\/\/www.grupomedcof.com.br\/blog\/#organization"},"alternateName":"Blog de Medcof: conte\u00fados, editais, revalida e mais!","potentialAction":[{"@type":"SearchAction","target":{"@type":"EntryPoint","urlTemplate":"https:\/\/www.grupomedcof.com.br\/blog\/?s={search_term_string}"},"query-input":{"@type":"PropertyValueSpecification","valueRequired":true,"valueName":"search_term_string"}}],"inLanguage":"pt-BR"},{"@type":"Organization","@id":"https:\/\/www.grupomedcof.com.br\/blog\/#organization","name":"Grupo MedCof","url":"https:\/\/www.grupomedcof.com.br\/blog\/","logo":{"@type":"ImageObject","inLanguage":"pt-BR","@id":"https:\/\/www.grupomedcof.com.br\/blog\/#\/schema\/logo\/image\/","url":"https:\/\/www.grupomedcof.com.br\/blog\/wp-content\/uploads\/2022\/01\/logo-medcof.png","contentUrl":"https:\/\/www.grupomedcof.com.br\/blog\/wp-content\/uploads\/2022\/01\/logo-medcof.png","width":768,"height":269,"caption":"Grupo MedCof"},"image":{"@id":"https:\/\/www.grupomedcof.com.br\/blog\/#\/schema\/logo\/image\/"},"sameAs":["https:\/\/www.facebook.com\/MedCofQbank\/","https:\/\/www.instagram.com\/grupomedcof\/","https:\/\/br.linkedin.com\/company\/medcof","https:\/\/www.youtube.com\/channel\/UCdHMuOHKICxcHwecxN8P-AA"]},{"@type":"Person","@id":"https:\/\/www.grupomedcof.com.br\/blog\/#\/schema\/person\/9a44c2184a836bf5ae6967fdb3a1451e","name":"Leila Menzel","image":{"@type":"ImageObject","inLanguage":"pt-BR","@id":"https:\/\/www.grupomedcof.com.br\/blog\/wp-content\/uploads\/2025\/09\/cropped-eu-96x96.jpeg19a74936d997c0a8b3031618467fa1d0","url":"https:\/\/www.grupomedcof.com.br\/blog\/wp-content\/uploads\/2025\/09\/cropped-eu-96x96.jpeg","contentUrl":"https:\/\/www.grupomedcof.com.br\/blog\/wp-content\/uploads\/2025\/09\/cropped-eu-96x96.jpeg","caption":"Leila Menzel"},"description":"Estudante do 6\u00b0 semestre de jornalismo, amo e escrevo poesias e viajo em livros de romances clich\u00eas.","url":"https:\/\/www.grupomedcof.com.br\/blog\/author\/leila-menzel\/"}]}},"authors":[{"term_id":3616,"user_id":20,"is_guest":0,"slug":"leila-menzel","display_name":"Leila Menzel","avatar_url":"https:\/\/www.grupomedcof.com.br\/blog\/wp-content\/uploads\/2025\/09\/cropped-eu-96x96.jpeg","0":null,"1":"","2":"","3":"","4":"","5":"","6":"","7":"","8":""}],"_links":{"self":[{"href":"https:\/\/www.grupomedcof.com.br\/blog\/wp-json\/wp\/v2\/posts\/27194","targetHints":{"allow":["GET"]}}],"collection":[{"href":"https:\/\/www.grupomedcof.com.br\/blog\/wp-json\/wp\/v2\/posts"}],"about":[{"href":"https:\/\/www.grupomedcof.com.br\/blog\/wp-json\/wp\/v2\/types\/post"}],"author":[{"embeddable":true,"href":"https:\/\/www.grupomedcof.com.br\/blog\/wp-json\/wp\/v2\/users\/20"}],"replies":[{"embeddable":true,"href":"https:\/\/www.grupomedcof.com.br\/blog\/wp-json\/wp\/v2\/comments?post=27194"}],"version-history":[{"count":1,"href":"https:\/\/www.grupomedcof.com.br\/blog\/wp-json\/wp\/v2\/posts\/27194\/revisions"}],"predecessor-version":[{"id":41633,"href":"https:\/\/www.grupomedcof.com.br\/blog\/wp-json\/wp\/v2\/posts\/27194\/revisions\/41633"}],"wp:featuredmedia":[{"embeddable":true,"href":"https:\/\/www.grupomedcof.com.br\/blog\/wp-json\/wp\/v2\/media\/27217"}],"wp:attachment":[{"href":"https:\/\/www.grupomedcof.com.br\/blog\/wp-json\/wp\/v2\/media?parent=27194"}],"wp:term":[{"taxonomy":"category","embeddable":true,"href":"https:\/\/www.grupomedcof.com.br\/blog\/wp-json\/wp\/v2\/categories?post=27194"},{"taxonomy":"post_tag","embeddable":true,"href":"https:\/\/www.grupomedcof.com.br\/blog\/wp-json\/wp\/v2\/tags?post=27194"},{"taxonomy":"author","embeddable":true,"href":"https:\/\/www.grupomedcof.com.br\/blog\/wp-json\/wp\/v2\/ppma_author?post=27194"}],"curies":[{"name":"wp","href":"https:\/\/api.w.org\/{rel}","templated":true}]}}