{"id":27338,"date":"2025-03-19T13:38:36","date_gmt":"2025-03-19T16:38:36","guid":{"rendered":"https:\/\/www.grupomedcof.com.br\/blog\/?p=27338"},"modified":"2025-04-24T09:48:02","modified_gmt":"2025-04-24T12:48:02","slug":"residencia-medica-psu-mg-temas-quentes","status":"publish","type":"post","link":"https:\/\/www.grupomedcof.com.br\/blog\/residencia-medica-psu-mg-temas-quentes\/","title":{"rendered":"Resid\u00eancia M\u00e9dica PSU-MG 2025: Temas quentes da resid\u00eancia m\u00e9dica"},"content":{"rendered":"<div id=\"ez-toc-container\" class=\"ez-toc-v2_0_74 counter-hierarchy ez-toc-counter ez-toc-transparent ez-toc-container-direction\">\n<div class=\"ez-toc-title-container\">\n<p class=\"ez-toc-title\" style=\"cursor:inherit\">Sum\u00e1rio<\/p>\n<span class=\"ez-toc-title-toggle\"><a href=\"#\" class=\"ez-toc-pull-right ez-toc-btn ez-toc-btn-xs ez-toc-btn-default ez-toc-toggle\" aria-label=\"Alternar tabela de conte\u00fado\"><span class=\"ez-toc-js-icon-con\"><span class=\"\"><span class=\"eztoc-hide\" style=\"display:none;\">Toggle<\/span><span class=\"ez-toc-icon-toggle-span\"><svg style=\"fill: #999;color:#999\" xmlns=\"http:\/\/www.w3.org\/2000\/svg\" class=\"list-377408\" width=\"20px\" height=\"20px\" viewBox=\"0 0 24 24\" fill=\"none\"><path d=\"M6 6H4v2h2V6zm14 0H8v2h12V6zM4 11h2v2H4v-2zm16 0H8v2h12v-2zM4 16h2v2H4v-2zm16 0H8v2h12v-2z\" fill=\"currentColor\"><\/path><\/svg><svg style=\"fill: #999;color:#999\" class=\"arrow-unsorted-368013\" xmlns=\"http:\/\/www.w3.org\/2000\/svg\" width=\"10px\" height=\"10px\" viewBox=\"0 0 24 24\" version=\"1.2\" baseProfile=\"tiny\"><path d=\"M18.2 9.3l-6.2-6.3-6.2 6.3c-.2.2-.3.4-.3.7s.1.5.3.7c.2.2.4.3.7.3h11c.3 0 .5-.1.7-.3.2-.2.3-.5.3-.7s-.1-.5-.3-.7zM5.8 14.7l6.2 6.3 6.2-6.3c.2-.2.3-.5.3-.7s-.1-.5-.3-.7c-.2-.2-.4-.3-.7-.3h-11c-.3 0-.5.1-.7.3-.2.2-.3.5-.3.7s.1.5.3.7z\"\/><\/svg><\/span><\/span><\/span><\/a><\/span><\/div>\n<nav><ul class='ez-toc-list ez-toc-list-level-1 ' ><li class='ez-toc-page-1 ez-toc-heading-level-2'><a class=\"ez-toc-link ez-toc-heading-1\" href=\"https:\/\/www.grupomedcof.com.br\/blog\/residencia-medica-psu-mg-temas-quentes\/#Temas_quentes\" >Temas quentes<\/a><ul class='ez-toc-list-level-3' ><li class='ez-toc-heading-level-3'><a class=\"ez-toc-link ez-toc-heading-2\" href=\"https:\/\/www.grupomedcof.com.br\/blog\/residencia-medica-psu-mg-temas-quentes\/#Clinica_medica\" >Cl\u00ednica m\u00e9dica<\/a><\/li><li class='ez-toc-page-1 ez-toc-heading-level-3'><a class=\"ez-toc-link ez-toc-heading-3\" href=\"https:\/\/www.grupomedcof.com.br\/blog\/residencia-medica-psu-mg-temas-quentes\/#Cirurgia\" >Cirurgia<\/a><\/li><li class='ez-toc-page-1 ez-toc-heading-level-3'><a class=\"ez-toc-link ez-toc-heading-4\" href=\"https:\/\/www.grupomedcof.com.br\/blog\/residencia-medica-psu-mg-temas-quentes\/#Pediatria\" >Pediatria<\/a><\/li><li class='ez-toc-page-1 ez-toc-heading-level-3'><a class=\"ez-toc-link ez-toc-heading-5\" href=\"https:\/\/www.grupomedcof.com.br\/blog\/residencia-medica-psu-mg-temas-quentes\/#Preventiva_e_Saude_Publica\" >Preventiva e Sa\u00fade P\u00fablica<\/a><\/li><li class='ez-toc-page-1 ez-toc-heading-level-3'><a class=\"ez-toc-link ez-toc-heading-6\" href=\"https:\/\/www.grupomedcof.com.br\/blog\/residencia-medica-psu-mg-temas-quentes\/#Ginecologia\" >Ginecologia<\/a><\/li><li class='ez-toc-page-1 ez-toc-heading-level-3'><a class=\"ez-toc-link ez-toc-heading-7\" href=\"https:\/\/www.grupomedcof.com.br\/blog\/residencia-medica-psu-mg-temas-quentes\/#Obstetricia\" >Obstetr\u00edcia<\/a><\/li><\/ul><\/li><li class='ez-toc-page-1 ez-toc-heading-level-2'><a class=\"ez-toc-link ez-toc-heading-8\" href=\"https:\/\/www.grupomedcof.com.br\/blog\/residencia-medica-psu-mg-temas-quentes\/#Veja_um_exemplo_de_questao_sobre_Cirurgia_Geral\" >Veja um exemplo de quest\u00e3o sobre Cirurgia Geral<\/a><\/li><li class='ez-toc-page-1 ez-toc-heading-level-2'><a class=\"ez-toc-link ez-toc-heading-9\" href=\"https:\/\/www.grupomedcof.com.br\/blog\/residencia-medica-psu-mg-temas-quentes\/#Prepare-se_para_a_prova_de_residencia_medica_da_PSU-MG_2026\" >Prepare-se para a prova de resid\u00eancia m\u00e9dica da PSU-MG 2026<\/a><\/li><\/ul><\/nav><\/div>\n\n<figure class=\"wp-block-image size-large\"><img loading=\"lazy\" decoding=\"async\" width=\"1024\" height=\"576\" src=\"https:\/\/www.grupomedcof.com.br\/blog\/wp-content\/uploads\/2024\/07\/Modelo-instituicoes-2025-03-19T133634.833-1024x576.jpg\" alt=\"\" class=\"wp-image-34606\" srcset=\"https:\/\/www.grupomedcof.com.br\/blog\/wp-content\/uploads\/2024\/07\/Modelo-instituicoes-2025-03-19T133634.833-1024x576.jpg 1024w, https:\/\/www.grupomedcof.com.br\/blog\/wp-content\/uploads\/2024\/07\/Modelo-instituicoes-2025-03-19T133634.833-300x169.jpg 300w, https:\/\/www.grupomedcof.com.br\/blog\/wp-content\/uploads\/2024\/07\/Modelo-instituicoes-2025-03-19T133634.833-768x432.jpg 768w, https:\/\/www.grupomedcof.com.br\/blog\/wp-content\/uploads\/2024\/07\/Modelo-instituicoes-2025-03-19T133634.833-1536x864.jpg 1536w, https:\/\/www.grupomedcof.com.br\/blog\/wp-content\/uploads\/2024\/07\/Modelo-instituicoes-2025-03-19T133634.833-747x420.jpg 747w, https:\/\/www.grupomedcof.com.br\/blog\/wp-content\/uploads\/2024\/07\/Modelo-instituicoes-2025-03-19T133634.833-150x84.jpg 150w, https:\/\/www.grupomedcof.com.br\/blog\/wp-content\/uploads\/2024\/07\/Modelo-instituicoes-2025-03-19T133634.833-696x392.jpg 696w, https:\/\/www.grupomedcof.com.br\/blog\/wp-content\/uploads\/2024\/07\/Modelo-instituicoes-2025-03-19T133634.833-1068x601.jpg 1068w, https:\/\/www.grupomedcof.com.br\/blog\/wp-content\/uploads\/2024\/07\/Modelo-instituicoes-2025-03-19T133634.833.jpg 1920w\" sizes=\"auto, (max-width: 1024px) 100vw, 1024px\" \/><\/figure>\n\n\n\n<p>O <a href=\"https:\/\/www.grupomedcof.com.br\/blog\/residencia-medica-psu-mg-2024\/\" target=\"_blank\" rel=\"noreferrer noopener\">PSU-MG<\/a> \u00e9 o maior meio de ingresso aos programas de resid\u00eancia m\u00e9dica do estado de Minas Gerais e um dos maiores do Brasil. E al\u00e9m disso, tem como comandante a&nbsp;<strong><a href=\"https:\/\/www.aremg.org.br\/\" target=\"_blank\" rel=\"noreferrer noopener nofollow\">Associa\u00e7\u00e3o de Apoio \u00e0 Resid\u00eancia M\u00e9dica de Minas Gerais<\/a> (AREMG)<\/strong>, esta que tamb\u00e9m \u00e9 respons\u00e1vel pelo&nbsp;<strong>PSU-GO<\/strong>.<\/p>\n\n\n\n<p>Sendo assim, confira os&nbsp;<strong>temas quentes<\/strong> da edi\u00e7\u00e3o anterior&nbsp;e esteja pronto para a prova de&nbsp;resid\u00eancia&nbsp;m\u00e9dica&nbsp;do PSU-MG.<\/p>\n\n\n\n<h2 class=\"wp-block-heading\" id=\"h-temas-quentes\"><span class=\"ez-toc-section\" id=\"Temas_quentes\"><\/span><strong>Temas quentes<\/strong><span class=\"ez-toc-section-end\"><\/span><\/h2>\n\n\n\n<h3 class=\"wp-block-heading\" id=\"h-clinica-medica\"><span class=\"ez-toc-section\" id=\"Clinica_medica\"><\/span><strong>Cl\u00ednica m\u00e9dica<\/strong><span class=\"ez-toc-section-end\"><\/span><\/h3>\n\n\n\n<figure class=\"wp-block-table\"><table><tbody><tr><td><strong>Temas<\/strong><\/td><td><strong>Porcentagem das quest\u00f5es<\/strong><\/td><\/tr><tr><td>Eletrocardiograma<\/td><td>27.27%<\/td><\/tr><tr><td>Infec\u00e7\u00f5es Bacterianas<\/td><td>14.29%<\/td><\/tr><tr><td>Colagenoses<\/td><td>40%<\/td><\/tr><\/tbody><\/table><\/figure>\n\n\n\n<h3 class=\"wp-block-heading\" id=\"h-cirurgia\"><span class=\"ez-toc-section\" id=\"Cirurgia\"><\/span><strong>Cirurgia <\/strong><span class=\"ez-toc-section-end\"><\/span><\/h3>\n\n\n\n<figure class=\"wp-block-table\"><table><tbody><tr><td><strong>Temas<\/strong><\/td><td><strong>Porcentagem das quest\u00f5es<\/strong><\/td><\/tr><tr><td>Cirurgia Geral<\/td><td>67.74%<\/td><\/tr><tr><td>Cirurgia do Aparelho Digestivo<\/td><td>12.90%<\/td><\/tr><tr><td>Cirurgia Pl\u00e1stica<\/td><td>9.68%<\/td><\/tr><\/tbody><\/table><\/figure>\n\n\n\n<h3 class=\"wp-block-heading\" id=\"h-pediatria\"><span class=\"ez-toc-section\" id=\"Pediatria\"><\/span><strong>Pediatria<\/strong><span class=\"ez-toc-section-end\"><\/span><\/h3>\n\n\n\n<figure class=\"wp-block-table\"><table><tbody><tr><td><strong>Temas<\/strong><\/td><td><strong>Porcentagem das quest\u00f5es<\/strong><\/td><\/tr><tr><td>Infectologia Pedi\u00e1trica<\/td><td>30%<\/td><\/tr><tr><td>Especialidades<\/td><td>22.50%<\/td><\/tr><tr><td>Puericultura<\/td><td>20%<\/td><\/tr><\/tbody><\/table><\/figure>\n\n\n\n<h3 class=\"wp-block-heading\" id=\"h-preventiva-e-saude-publica\"><span class=\"ez-toc-section\" id=\"Preventiva_e_Saude_Publica\"><\/span><strong>Preventiva e Sa\u00fade P\u00fablica <\/strong><span class=\"ez-toc-section-end\"><\/span><\/h3>\n\n\n\n<figure class=\"wp-block-table\"><table><tbody><tr><td><strong>Temas<\/strong><\/td><td><strong>Porcentagem das quest\u00f5es<\/strong><\/td><\/tr><tr><td>Sa\u00fade P\u00fablica<\/td><td>71.43%<\/td><\/tr><tr><td>Preventiva<\/td><td>21.43%<\/td><\/tr><tr><td>Sa\u00fade do Trabalhador e Medicina Legal<\/td><td>7.14%<\/td><\/tr><\/tbody><\/table><\/figure>\n\n\n\n<h3 class=\"wp-block-heading\" id=\"h-ginecologia\"><span class=\"ez-toc-section\" id=\"Ginecologia\"><\/span><strong>Ginecologia<\/strong><span class=\"ez-toc-section-end\"><\/span><\/h3>\n\n\n\n<figure class=\"wp-block-table\"><table><tbody><tr><td><strong>Temas<\/strong><\/td><td><strong>Porcentagem das quest\u00f5es<\/strong><\/td><\/tr><tr><td>Ginecologia Geral<\/td><td>52.38%<\/td><\/tr><tr><td>Ginecologia End\u00f3crina<\/td><td>23.81%<\/td><\/tr><tr><td>Oncoginecologia<\/td><td>14.29%<\/td><\/tr><\/tbody><\/table><\/figure>\n\n\n\n<h3 class=\"wp-block-heading\" id=\"h-obstetricia\"><span class=\"ez-toc-section\" id=\"Obstetricia\"><\/span><strong>Obstetr\u00edcia<\/strong><span class=\"ez-toc-section-end\"><\/span><\/h3>\n\n\n\n<figure class=\"wp-block-table\"><table><tbody><tr><td><strong>Temas<\/strong><\/td><td><strong>Porcentagem das quest\u00f5es<\/strong><\/td><\/tr><tr><td>Assist\u00eancia ao Pr\u00e9-Natal<\/td><td>33.33%<\/td><\/tr><tr><td>Gesta\u00e7\u00e3o de Alto Risco<\/td><td>27.78%<\/td><\/tr><tr><td>Puerp\u00e9rio<\/td><td>22.22%<\/td><\/tr><\/tbody><\/table><\/figure>\n\n\n\n<h2 class=\"wp-block-heading\" id=\"h-veja-um-exemplo-de-questao-sobre-cirurgia-geral\"><span class=\"ez-toc-section\" id=\"Veja_um_exemplo_de_questao_sobre_Cirurgia_Geral\"><\/span><strong>Veja um exemplo de quest\u00e3o sobre Cirurgia Geral<\/strong><span class=\"ez-toc-section-end\"><\/span><\/h2>\n\n\n\n<figure class=\"wp-block-image size-large\"><img loading=\"lazy\" decoding=\"async\" width=\"1024\" height=\"576\" src=\"https:\/\/www.grupomedcof.com.br\/blog\/wp-content\/uploads\/2025\/03\/Como-cai-na-prova-48-1024x576.jpg\" alt=\"Paciente de 68 anos, sexo masculino, est\u00e1 no terceiro dia de p\u00f3s-operat\u00f3rio de esofagectomia. Ele inicia quadro de dificuldade respirat\u00f3ria com queda da satura\u00e7\u00e3o de oxig\u00eanio. Foram solicitados exames laboratoriais que mostraram: pH: 7,25; PaCO2: 42\nmmHg; Na: 135 mmol\/L; K: 3,8 mmol\/L; Cloreto: 95 mmol\/L; e bicarbonato: 13 mmol\/L. Qual o diagn\u00f3stico do dist\u00farbio \u00e1cido- base apresentado por este paciente?\n\na) Acidose metab\u00f3lica com anion gap aumentado.\n\nb) Acidose metab\u00f3lica com anion gap aumentado e acidose respirat\u00f3ria.\n\nc) Acidose mista com \u00e2nion gap normal.\n\nd) Acidose respirat\u00f3ria com \u00e2nion gap normal.\" class=\"wp-image-35254\" srcset=\"https:\/\/www.grupomedcof.com.br\/blog\/wp-content\/uploads\/2025\/03\/Como-cai-na-prova-48-1024x576.jpg 1024w, https:\/\/www.grupomedcof.com.br\/blog\/wp-content\/uploads\/2025\/03\/Como-cai-na-prova-48-300x169.jpg 300w, https:\/\/www.grupomedcof.com.br\/blog\/wp-content\/uploads\/2025\/03\/Como-cai-na-prova-48-768x432.jpg 768w, https:\/\/www.grupomedcof.com.br\/blog\/wp-content\/uploads\/2025\/03\/Como-cai-na-prova-48-1536x864.jpg 1536w, https:\/\/www.grupomedcof.com.br\/blog\/wp-content\/uploads\/2025\/03\/Como-cai-na-prova-48-747x420.jpg 747w, https:\/\/www.grupomedcof.com.br\/blog\/wp-content\/uploads\/2025\/03\/Como-cai-na-prova-48-150x84.jpg 150w, https:\/\/www.grupomedcof.com.br\/blog\/wp-content\/uploads\/2025\/03\/Como-cai-na-prova-48-696x392.jpg 696w, https:\/\/www.grupomedcof.com.br\/blog\/wp-content\/uploads\/2025\/03\/Como-cai-na-prova-48-1068x601.jpg 1068w, https:\/\/www.grupomedcof.com.br\/blog\/wp-content\/uploads\/2025\/03\/Como-cai-na-prova-48.jpg 1920w\" sizes=\"auto, (max-width: 1024px) 100vw, 1024px\" \/><figcaption class=\"wp-element-caption\">Quest\u00e3o Prova PSU-MG 2024 | Fonte: Qbank. <\/figcaption><\/figure>\n\n\n\n<p><em><strong>Resposta:<\/strong> b) Acidose metab\u00f3lica com anion gap aumentado e acidose respirat\u00f3ria.<\/em><\/p>\n\n\n\n<div class=\"wp-block-group\"><div class=\"wp-block-group__inner-container is-layout-constrained wp-block-group-is-layout-constrained\">\n<div class=\"wp-block-columns is-layout-flex wp-container-core-columns-is-layout-9d6595d7 wp-block-columns-is-layout-flex\">\n<div class=\"wp-block-column is-layout-flow wp-block-column-is-layout-flow\">\n<p><strong>Coment\u00e1rio do professor:<\/strong><br>Poxa PSU, colocar quest\u00e3o de dist\u00farbio \u00e1cido b\u00e1sico na prova de cirurgia? Cirurgi\u00e3o fazendo conta?! Mas, vambora, miss\u00e3o dada<br>\u00e9 miss\u00e3o cumprida!<\/p>\n\n\n\n<p>De uma maneira bem simples, vamos esquematizar a interpreta\u00e7\u00e3o da gasometria da paciente. Inicialmente, vamos dar uma<br>revisada nos dados do exame:<\/p>\n<\/div>\n\n\n\n<div class=\"wp-block-column is-layout-flow wp-block-column-is-layout-flow\">\n<figure class=\"wp-block-image size-full is-resized\"><img loading=\"lazy\" decoding=\"async\" width=\"190\" height=\"401\" src=\"https:\/\/www.grupomedcof.com.br\/blog\/wp-content\/uploads\/2024\/07\/image-4.png\" alt=\"\" class=\"wp-image-34605\" style=\"width:123px;height:auto\" srcset=\"https:\/\/www.grupomedcof.com.br\/blog\/wp-content\/uploads\/2024\/07\/image-4.png 190w, https:\/\/www.grupomedcof.com.br\/blog\/wp-content\/uploads\/2024\/07\/image-4-142x300.png 142w, https:\/\/www.grupomedcof.com.br\/blog\/wp-content\/uploads\/2024\/07\/image-4-150x317.png 150w\" sizes=\"auto, (max-width: 190px) 100vw, 190px\" \/><\/figure>\n<\/div>\n<\/div>\n\n\n\n<p>A partir da\u00ed, vamos seguir alguns passos:<br>\u00b7 1\u00b0 Passo: Checar o pH: o Acidose ou Alcalose?<br>pH &lt; 7,35 ou &gt; 7,45? &#8211; o pH da paciente do caso \u00e9 de 7,25, ou seja, caracterizando uma acidose metab\u00f3lica.<br>\u00b7 2\u00b0 Passo: Esse dist\u00farbio \u00e9 respirat\u00f3rio ou metab\u00f3lico?<br>o Respirat\u00f3rio: alcalose: 35 &lt; pCO2 &gt; 45: acidose;<br>o Metab\u00f3lico: acidose: 22 &lt; HCO3 &gt; 26: alcalose &#8211; devido aos valores de HCO3 diminu\u00eddos, temos uma acidose metab\u00f3lica.<br>\u00b7 3\u00b0 Passo: Esse dist\u00farbio est\u00e1 compensado? Simbora fazer conta e calcular o pCO2 esperado pra ver se h\u00e1 uma acidose mista:<br>o Acidose pCO2 = (BIC x 1,5) + 8 +\/- 2<br>pCO2 (13 x 1,5) + 8 \/ pCO2 = 27,5 +\/- 2 &#8211; como o pCO2 da paciente est\u00e1 em 42, temos um caso de acidose mista.<br>. 4\u00b0 Passo: se o dist\u00farbio for uma Acidose Metab\u00f3lica, calcular o \u00c2nion Gap:<\/p>\n\n\n\n<figure class=\"wp-block-image size-large\"><img loading=\"lazy\" decoding=\"async\" width=\"1024\" height=\"205\" src=\"https:\/\/www.grupomedcof.com.br\/blog\/wp-content\/uploads\/2023\/06\/Conheca-o-Qbank-MedCof-1024x205.png\" alt=\"medcof qbank, medcof aulas, grupo medcof, aulas medcof, qbank, banco de questoes medcof, medcof banco de questoes\" class=\"wp-image-8008\" srcset=\"https:\/\/www.grupomedcof.com.br\/blog\/wp-content\/uploads\/2023\/06\/Conheca-o-Qbank-MedCof-1024x205.png 1024w, https:\/\/www.grupomedcof.com.br\/blog\/wp-content\/uploads\/2023\/06\/Conheca-o-Qbank-MedCof-300x60.png 300w, https:\/\/www.grupomedcof.com.br\/blog\/wp-content\/uploads\/2023\/06\/Conheca-o-Qbank-MedCof-768x154.png 768w, https:\/\/www.grupomedcof.com.br\/blog\/wp-content\/uploads\/2023\/06\/Conheca-o-Qbank-MedCof-1536x307.png 1536w, https:\/\/www.grupomedcof.com.br\/blog\/wp-content\/uploads\/2023\/06\/Conheca-o-Qbank-MedCof-2048x410.png 2048w\" sizes=\"auto, (max-width: 1024px) 100vw, 1024px\" \/><\/figure>\n\n\n\n<h2 class=\"wp-block-heading\" id=\"h-prepare-se-para-a-prova-de-residencia-medica-da-psu-mg-2026\"><span class=\"ez-toc-section\" id=\"Prepare-se_para_a_prova_de_residencia_medica_da_PSU-MG_2026\"><\/span><strong>Prepare-se para a prova de resid\u00eancia m\u00e9dica da PSU-MG 2026<\/strong><span class=\"ez-toc-section-end\"><\/span><\/h2>\n\n\n\n<p>Esteja preparado para a pr\u00f3xima edi\u00e7\u00e3o da prova de resid\u00eancia m\u00e9dica da PSU-MG 2025! Confira a seguir a corre\u00e7\u00e3o da prova anterior da PSU-MG comentando os principais assuntos da prova.<\/p>\n\n\n\n<figure class=\"wp-block-embed is-type-video is-provider-youtube wp-block-embed-youtube wp-embed-aspect-16-9 wp-has-aspect-ratio\"><div class=\"wp-block-embed__wrapper\">\n<div class=\"youtube-embed\" data-video_id=\"gh3QlW9p3Zs\"><iframe loading=\"lazy\" title=\"Corre\u00e7\u00e3o PSU-MG R1 2025 - Gabarito Prova de Resid\u00eancia M\u00e9dica PSU-MG 2025 R1 Acesso Direto\" width=\"696\" height=\"392\" src=\"https:\/\/www.youtube.com\/embed\/gh3QlW9p3Zs?feature=oembed&#038;enablejsapi=1\" frameborder=\"0\" allow=\"accelerometer; autoplay; clipboard-write; encrypted-media; gyroscope; picture-in-picture; web-share\" referrerpolicy=\"strict-origin-when-cross-origin\" allowfullscreen><\/iframe><\/div>\n<\/div><\/figure>\n<\/div><\/div>\n","protected":false},"excerpt":{"rendered":"<p>O PSU-MG \u00e9 maior meio de ingresso aos programas de resid\u00eancia m\u00e9dica do estado de Minas Gerais e um dos maiores do Brasil. Saiba mais&#8230;<\/p>\n","protected":false},"author":20,"featured_media":34606,"comment_status":"open","ping_status":"open","sticky":false,"template":"","format":"standard","meta":{"footnotes":""},"categories":[174],"tags":[117,45,1507,68,1496],"ppma_author":[3616],"class_list":{"0":"post-27338","1":"post","2":"type-post","3":"status-publish","4":"format-standard","5":"has-post-thumbnail","7":"category-residencia-medica","8":"tag-provas-de-residencia","9":"tag-psu-mg","10":"tag-psu-mg-2025","11":"tag-residencia-medica","12":"tag-temas-quentes"},"yoast_head":"<!-- This site is optimized with the Yoast SEO Premium plugin v24.3 (Yoast SEO v27.4) - https:\/\/yoast.com\/product\/yoast-seo-premium-wordpress\/ -->\n<title>Resid\u00eancia M\u00e9dica PSU-MG 2025: Temas quentes da resid\u00eancia m\u00e9dica - Blog de Medcof: conte\u00fados, editais, revalida e mais!<\/title>\n<meta name=\"description\" content=\"O PSU-MG \u00e9 maior meio de ingresso aos programas de resid\u00eancia m\u00e9dica do estado de Minas Gerais e um dos maiores do Brasil. Saiba mais...\" \/>\n<meta name=\"robots\" content=\"index, follow, max-snippet:-1, max-image-preview:large, max-video-preview:-1\" \/>\n<link rel=\"canonical\" href=\"https:\/\/www.grupomedcof.com.br\/blog\/residencia-medica-psu-mg-temas-quentes\/\" \/>\n<meta property=\"og:locale\" content=\"pt_BR\" \/>\n<meta property=\"og:type\" content=\"article\" \/>\n<meta property=\"og:title\" content=\"Resid\u00eancia M\u00e9dica PSU-MG 2025: Temas quentes da resid\u00eancia m\u00e9dica\" \/>\n<meta property=\"og:description\" content=\"O PSU-MG \u00e9 maior meio de ingresso aos programas de resid\u00eancia m\u00e9dica do estado de Minas Gerais e um dos maiores do Brasil. Saiba mais...\" \/>\n<meta property=\"og:url\" content=\"https:\/\/www.grupomedcof.com.br\/blog\/residencia-medica-psu-mg-temas-quentes\/\" \/>\n<meta property=\"og:site_name\" content=\"Blog de Medcof: conte\u00fados, editais, revalida e mais!\" \/>\n<meta property=\"article:publisher\" content=\"https:\/\/www.facebook.com\/MedCofQbank\/\" \/>\n<meta property=\"article:published_time\" content=\"2025-03-19T16:38:36+00:00\" \/>\n<meta property=\"article:modified_time\" content=\"2025-04-24T12:48:02+00:00\" \/>\n<meta property=\"og:image\" content=\"https:\/\/www.grupomedcof.com.br\/blog\/wp-content\/uploads\/2024\/07\/Modelo-instituicoes-2025-03-19T133634.833.jpg\" \/>\n\t<meta property=\"og:image:width\" content=\"1920\" \/>\n\t<meta property=\"og:image:height\" content=\"1080\" \/>\n\t<meta property=\"og:image:type\" content=\"image\/jpeg\" \/>\n<meta name=\"author\" content=\"Leila Menzel\" \/>\n<meta name=\"twitter:card\" content=\"summary_large_image\" \/>\n<meta name=\"twitter:label1\" content=\"Escrito por\" \/>\n\t<meta name=\"twitter:data1\" content=\"Leila Menzel\" \/>\n\t<meta name=\"twitter:label2\" content=\"Est. tempo de leitura\" \/>\n\t<meta name=\"twitter:data2\" content=\"4 minutos\" \/>\n<script type=\"application\/ld+json\" class=\"yoast-schema-graph\">{\"@context\":\"https:\\\/\\\/schema.org\",\"@graph\":[{\"@type\":\"Article\",\"@id\":\"https:\\\/\\\/www.grupomedcof.com.br\\\/blog\\\/residencia-medica-psu-mg-temas-quentes\\\/#article\",\"isPartOf\":{\"@id\":\"https:\\\/\\\/www.grupomedcof.com.br\\\/blog\\\/residencia-medica-psu-mg-temas-quentes\\\/\"},\"author\":{\"name\":\"Leila Menzel\",\"@id\":\"https:\\\/\\\/www.grupomedcof.com.br\\\/blog\\\/#\\\/schema\\\/person\\\/9a44c2184a836bf5ae6967fdb3a1451e\"},\"headline\":\"Resid\u00eancia M\u00e9dica PSU-MG 2025: Temas quentes da resid\u00eancia m\u00e9dica\",\"datePublished\":\"2025-03-19T16:38:36+00:00\",\"dateModified\":\"2025-04-24T12:48:02+00:00\",\"mainEntityOfPage\":{\"@id\":\"https:\\\/\\\/www.grupomedcof.com.br\\\/blog\\\/residencia-medica-psu-mg-temas-quentes\\\/\"},\"wordCount\":458,\"commentCount\":0,\"publisher\":{\"@id\":\"https:\\\/\\\/www.grupomedcof.com.br\\\/blog\\\/#organization\"},\"image\":{\"@id\":\"https:\\\/\\\/www.grupomedcof.com.br\\\/blog\\\/residencia-medica-psu-mg-temas-quentes\\\/#primaryimage\"},\"thumbnailUrl\":\"https:\\\/\\\/www.grupomedcof.com.br\\\/blog\\\/wp-content\\\/uploads\\\/2024\\\/07\\\/Modelo-instituicoes-2025-03-19T133634.833.jpg\",\"keywords\":[\"Provas de Resid\u00eancia\",\"PSU-MG\",\"PSU-MG 2025\",\"Resid\u00eancia M\u00e9dica\",\"Temas quentes\"],\"articleSection\":[\"Resid\u00eancia m\u00e9dica: editais, resultados, temas quentes e mais\"],\"inLanguage\":\"pt-BR\"},{\"@type\":\"WebPage\",\"@id\":\"https:\\\/\\\/www.grupomedcof.com.br\\\/blog\\\/residencia-medica-psu-mg-temas-quentes\\\/\",\"url\":\"https:\\\/\\\/www.grupomedcof.com.br\\\/blog\\\/residencia-medica-psu-mg-temas-quentes\\\/\",\"name\":\"Resid\u00eancia M\u00e9dica PSU-MG 2025: Temas quentes da resid\u00eancia m\u00e9dica - Blog de Medcof: conte\u00fados, editais, revalida e mais!\",\"isPartOf\":{\"@id\":\"https:\\\/\\\/www.grupomedcof.com.br\\\/blog\\\/#website\"},\"primaryImageOfPage\":{\"@id\":\"https:\\\/\\\/www.grupomedcof.com.br\\\/blog\\\/residencia-medica-psu-mg-temas-quentes\\\/#primaryimage\"},\"image\":{\"@id\":\"https:\\\/\\\/www.grupomedcof.com.br\\\/blog\\\/residencia-medica-psu-mg-temas-quentes\\\/#primaryimage\"},\"thumbnailUrl\":\"https:\\\/\\\/www.grupomedcof.com.br\\\/blog\\\/wp-content\\\/uploads\\\/2024\\\/07\\\/Modelo-instituicoes-2025-03-19T133634.833.jpg\",\"datePublished\":\"2025-03-19T16:38:36+00:00\",\"dateModified\":\"2025-04-24T12:48:02+00:00\",\"description\":\"O PSU-MG \u00e9 maior meio de ingresso aos programas de resid\u00eancia m\u00e9dica do estado de Minas Gerais e um dos maiores do Brasil. Saiba mais...\",\"breadcrumb\":{\"@id\":\"https:\\\/\\\/www.grupomedcof.com.br\\\/blog\\\/residencia-medica-psu-mg-temas-quentes\\\/#breadcrumb\"},\"inLanguage\":\"pt-BR\",\"potentialAction\":[{\"@type\":\"ReadAction\",\"target\":[\"https:\\\/\\\/www.grupomedcof.com.br\\\/blog\\\/residencia-medica-psu-mg-temas-quentes\\\/\"]}]},{\"@type\":\"ImageObject\",\"inLanguage\":\"pt-BR\",\"@id\":\"https:\\\/\\\/www.grupomedcof.com.br\\\/blog\\\/residencia-medica-psu-mg-temas-quentes\\\/#primaryimage\",\"url\":\"https:\\\/\\\/www.grupomedcof.com.br\\\/blog\\\/wp-content\\\/uploads\\\/2024\\\/07\\\/Modelo-instituicoes-2025-03-19T133634.833.jpg\",\"contentUrl\":\"https:\\\/\\\/www.grupomedcof.com.br\\\/blog\\\/wp-content\\\/uploads\\\/2024\\\/07\\\/Modelo-instituicoes-2025-03-19T133634.833.jpg\",\"width\":1920,\"height\":1080},{\"@type\":\"BreadcrumbList\",\"@id\":\"https:\\\/\\\/www.grupomedcof.com.br\\\/blog\\\/residencia-medica-psu-mg-temas-quentes\\\/#breadcrumb\",\"itemListElement\":[{\"@type\":\"ListItem\",\"position\":1,\"name\":\"In\u00edcio\",\"item\":\"https:\\\/\\\/www.grupomedcof.com.br\\\/blog\\\/\"},{\"@type\":\"ListItem\",\"position\":2,\"name\":\"Resid\u00eancia M\u00e9dica PSU-MG 2025: Temas quentes da resid\u00eancia m\u00e9dica\"}]},{\"@type\":\"WebSite\",\"@id\":\"https:\\\/\\\/www.grupomedcof.com.br\\\/blog\\\/#website\",\"url\":\"https:\\\/\\\/www.grupomedcof.com.br\\\/blog\\\/\",\"name\":\"Blog de Medcof: conte\u00fados, editais, revalida e mais!\",\"description\":\"Acesso o blog de MedCof! Seu portal de conte\u00fados sobre resid\u00eancia m\u00e9dica, an\u00e1lise e editais e muito mais. Clique e confira!\",\"publisher\":{\"@id\":\"https:\\\/\\\/www.grupomedcof.com.br\\\/blog\\\/#organization\"},\"alternateName\":\"Blog de Medcof: conte\u00fados, editais, revalida e mais!\",\"potentialAction\":[{\"@type\":\"SearchAction\",\"target\":{\"@type\":\"EntryPoint\",\"urlTemplate\":\"https:\\\/\\\/www.grupomedcof.com.br\\\/blog\\\/?s={search_term_string}\"},\"query-input\":{\"@type\":\"PropertyValueSpecification\",\"valueRequired\":true,\"valueName\":\"search_term_string\"}}],\"inLanguage\":\"pt-BR\"},{\"@type\":\"Organization\",\"@id\":\"https:\\\/\\\/www.grupomedcof.com.br\\\/blog\\\/#organization\",\"name\":\"Grupo MedCof\",\"url\":\"https:\\\/\\\/www.grupomedcof.com.br\\\/blog\\\/\",\"logo\":{\"@type\":\"ImageObject\",\"inLanguage\":\"pt-BR\",\"@id\":\"https:\\\/\\\/www.grupomedcof.com.br\\\/blog\\\/#\\\/schema\\\/logo\\\/image\\\/\",\"url\":\"https:\\\/\\\/www.grupomedcof.com.br\\\/blog\\\/wp-content\\\/uploads\\\/2022\\\/01\\\/logo-medcof.png\",\"contentUrl\":\"https:\\\/\\\/www.grupomedcof.com.br\\\/blog\\\/wp-content\\\/uploads\\\/2022\\\/01\\\/logo-medcof.png\",\"width\":768,\"height\":269,\"caption\":\"Grupo MedCof\"},\"image\":{\"@id\":\"https:\\\/\\\/www.grupomedcof.com.br\\\/blog\\\/#\\\/schema\\\/logo\\\/image\\\/\"},\"sameAs\":[\"https:\\\/\\\/www.facebook.com\\\/MedCofQbank\\\/\",\"https:\\\/\\\/www.instagram.com\\\/grupomedcof\\\/\",\"https:\\\/\\\/br.linkedin.com\\\/company\\\/medcof\",\"https:\\\/\\\/www.youtube.com\\\/channel\\\/UCdHMuOHKICxcHwecxN8P-AA\"]},{\"@type\":\"Person\",\"@id\":\"https:\\\/\\\/www.grupomedcof.com.br\\\/blog\\\/#\\\/schema\\\/person\\\/9a44c2184a836bf5ae6967fdb3a1451e\",\"name\":\"Leila Menzel\",\"image\":{\"@type\":\"ImageObject\",\"inLanguage\":\"pt-BR\",\"@id\":\"https:\\\/\\\/www.grupomedcof.com.br\\\/blog\\\/wp-content\\\/uploads\\\/2025\\\/09\\\/cropped-eu-96x96.jpeg19a74936d997c0a8b3031618467fa1d0\",\"url\":\"https:\\\/\\\/www.grupomedcof.com.br\\\/blog\\\/wp-content\\\/uploads\\\/2025\\\/09\\\/cropped-eu-96x96.jpeg\",\"contentUrl\":\"https:\\\/\\\/www.grupomedcof.com.br\\\/blog\\\/wp-content\\\/uploads\\\/2025\\\/09\\\/cropped-eu-96x96.jpeg\",\"caption\":\"Leila Menzel\"},\"description\":\"Estudante do 6\u00b0 semestre de jornalismo, amo e escrevo poesias e viajo em livros de romances clich\u00eas.\",\"url\":\"https:\\\/\\\/www.grupomedcof.com.br\\\/blog\\\/author\\\/leila-menzel\\\/\"}]}<\/script>\n<!-- \/ Yoast SEO Premium plugin. -->","yoast_head_json":{"title":"Resid\u00eancia M\u00e9dica PSU-MG 2025: Temas quentes da resid\u00eancia m\u00e9dica - Blog de Medcof: conte\u00fados, editais, revalida e mais!","description":"O PSU-MG \u00e9 maior meio de ingresso aos programas de resid\u00eancia m\u00e9dica do estado de Minas Gerais e um dos maiores do Brasil. Saiba mais...","robots":{"index":"index","follow":"follow","max-snippet":"max-snippet:-1","max-image-preview":"max-image-preview:large","max-video-preview":"max-video-preview:-1"},"canonical":"https:\/\/www.grupomedcof.com.br\/blog\/residencia-medica-psu-mg-temas-quentes\/","og_locale":"pt_BR","og_type":"article","og_title":"Resid\u00eancia M\u00e9dica PSU-MG 2025: Temas quentes da resid\u00eancia m\u00e9dica","og_description":"O PSU-MG \u00e9 maior meio de ingresso aos programas de resid\u00eancia m\u00e9dica do estado de Minas Gerais e um dos maiores do Brasil. Saiba mais...","og_url":"https:\/\/www.grupomedcof.com.br\/blog\/residencia-medica-psu-mg-temas-quentes\/","og_site_name":"Blog de Medcof: conte\u00fados, editais, revalida e mais!","article_publisher":"https:\/\/www.facebook.com\/MedCofQbank\/","article_published_time":"2025-03-19T16:38:36+00:00","article_modified_time":"2025-04-24T12:48:02+00:00","og_image":[{"width":1920,"height":1080,"url":"https:\/\/www.grupomedcof.com.br\/blog\/wp-content\/uploads\/2024\/07\/Modelo-instituicoes-2025-03-19T133634.833.jpg","type":"image\/jpeg"}],"author":"Leila Menzel","twitter_card":"summary_large_image","twitter_misc":{"Escrito por":"Leila Menzel","Est. tempo de leitura":"4 minutos"},"schema":{"@context":"https:\/\/schema.org","@graph":[{"@type":"Article","@id":"https:\/\/www.grupomedcof.com.br\/blog\/residencia-medica-psu-mg-temas-quentes\/#article","isPartOf":{"@id":"https:\/\/www.grupomedcof.com.br\/blog\/residencia-medica-psu-mg-temas-quentes\/"},"author":{"name":"Leila Menzel","@id":"https:\/\/www.grupomedcof.com.br\/blog\/#\/schema\/person\/9a44c2184a836bf5ae6967fdb3a1451e"},"headline":"Resid\u00eancia M\u00e9dica PSU-MG 2025: Temas quentes da resid\u00eancia m\u00e9dica","datePublished":"2025-03-19T16:38:36+00:00","dateModified":"2025-04-24T12:48:02+00:00","mainEntityOfPage":{"@id":"https:\/\/www.grupomedcof.com.br\/blog\/residencia-medica-psu-mg-temas-quentes\/"},"wordCount":458,"commentCount":0,"publisher":{"@id":"https:\/\/www.grupomedcof.com.br\/blog\/#organization"},"image":{"@id":"https:\/\/www.grupomedcof.com.br\/blog\/residencia-medica-psu-mg-temas-quentes\/#primaryimage"},"thumbnailUrl":"https:\/\/www.grupomedcof.com.br\/blog\/wp-content\/uploads\/2024\/07\/Modelo-instituicoes-2025-03-19T133634.833.jpg","keywords":["Provas de Resid\u00eancia","PSU-MG","PSU-MG 2025","Resid\u00eancia M\u00e9dica","Temas quentes"],"articleSection":["Resid\u00eancia m\u00e9dica: editais, resultados, temas quentes e mais"],"inLanguage":"pt-BR"},{"@type":"WebPage","@id":"https:\/\/www.grupomedcof.com.br\/blog\/residencia-medica-psu-mg-temas-quentes\/","url":"https:\/\/www.grupomedcof.com.br\/blog\/residencia-medica-psu-mg-temas-quentes\/","name":"Resid\u00eancia M\u00e9dica PSU-MG 2025: Temas quentes da resid\u00eancia m\u00e9dica - Blog de Medcof: conte\u00fados, editais, revalida e mais!","isPartOf":{"@id":"https:\/\/www.grupomedcof.com.br\/blog\/#website"},"primaryImageOfPage":{"@id":"https:\/\/www.grupomedcof.com.br\/blog\/residencia-medica-psu-mg-temas-quentes\/#primaryimage"},"image":{"@id":"https:\/\/www.grupomedcof.com.br\/blog\/residencia-medica-psu-mg-temas-quentes\/#primaryimage"},"thumbnailUrl":"https:\/\/www.grupomedcof.com.br\/blog\/wp-content\/uploads\/2024\/07\/Modelo-instituicoes-2025-03-19T133634.833.jpg","datePublished":"2025-03-19T16:38:36+00:00","dateModified":"2025-04-24T12:48:02+00:00","description":"O PSU-MG \u00e9 maior meio de ingresso aos programas de resid\u00eancia m\u00e9dica do estado de Minas Gerais e um dos maiores do Brasil. Saiba mais...","breadcrumb":{"@id":"https:\/\/www.grupomedcof.com.br\/blog\/residencia-medica-psu-mg-temas-quentes\/#breadcrumb"},"inLanguage":"pt-BR","potentialAction":[{"@type":"ReadAction","target":["https:\/\/www.grupomedcof.com.br\/blog\/residencia-medica-psu-mg-temas-quentes\/"]}]},{"@type":"ImageObject","inLanguage":"pt-BR","@id":"https:\/\/www.grupomedcof.com.br\/blog\/residencia-medica-psu-mg-temas-quentes\/#primaryimage","url":"https:\/\/www.grupomedcof.com.br\/blog\/wp-content\/uploads\/2024\/07\/Modelo-instituicoes-2025-03-19T133634.833.jpg","contentUrl":"https:\/\/www.grupomedcof.com.br\/blog\/wp-content\/uploads\/2024\/07\/Modelo-instituicoes-2025-03-19T133634.833.jpg","width":1920,"height":1080},{"@type":"BreadcrumbList","@id":"https:\/\/www.grupomedcof.com.br\/blog\/residencia-medica-psu-mg-temas-quentes\/#breadcrumb","itemListElement":[{"@type":"ListItem","position":1,"name":"In\u00edcio","item":"https:\/\/www.grupomedcof.com.br\/blog\/"},{"@type":"ListItem","position":2,"name":"Resid\u00eancia M\u00e9dica PSU-MG 2025: Temas quentes da resid\u00eancia m\u00e9dica"}]},{"@type":"WebSite","@id":"https:\/\/www.grupomedcof.com.br\/blog\/#website","url":"https:\/\/www.grupomedcof.com.br\/blog\/","name":"Blog de Medcof: conte\u00fados, editais, revalida e mais!","description":"Acesso o blog de MedCof! Seu portal de conte\u00fados sobre resid\u00eancia m\u00e9dica, an\u00e1lise e editais e muito mais. Clique e confira!","publisher":{"@id":"https:\/\/www.grupomedcof.com.br\/blog\/#organization"},"alternateName":"Blog de Medcof: conte\u00fados, editais, revalida e mais!","potentialAction":[{"@type":"SearchAction","target":{"@type":"EntryPoint","urlTemplate":"https:\/\/www.grupomedcof.com.br\/blog\/?s={search_term_string}"},"query-input":{"@type":"PropertyValueSpecification","valueRequired":true,"valueName":"search_term_string"}}],"inLanguage":"pt-BR"},{"@type":"Organization","@id":"https:\/\/www.grupomedcof.com.br\/blog\/#organization","name":"Grupo MedCof","url":"https:\/\/www.grupomedcof.com.br\/blog\/","logo":{"@type":"ImageObject","inLanguage":"pt-BR","@id":"https:\/\/www.grupomedcof.com.br\/blog\/#\/schema\/logo\/image\/","url":"https:\/\/www.grupomedcof.com.br\/blog\/wp-content\/uploads\/2022\/01\/logo-medcof.png","contentUrl":"https:\/\/www.grupomedcof.com.br\/blog\/wp-content\/uploads\/2022\/01\/logo-medcof.png","width":768,"height":269,"caption":"Grupo MedCof"},"image":{"@id":"https:\/\/www.grupomedcof.com.br\/blog\/#\/schema\/logo\/image\/"},"sameAs":["https:\/\/www.facebook.com\/MedCofQbank\/","https:\/\/www.instagram.com\/grupomedcof\/","https:\/\/br.linkedin.com\/company\/medcof","https:\/\/www.youtube.com\/channel\/UCdHMuOHKICxcHwecxN8P-AA"]},{"@type":"Person","@id":"https:\/\/www.grupomedcof.com.br\/blog\/#\/schema\/person\/9a44c2184a836bf5ae6967fdb3a1451e","name":"Leila Menzel","image":{"@type":"ImageObject","inLanguage":"pt-BR","@id":"https:\/\/www.grupomedcof.com.br\/blog\/wp-content\/uploads\/2025\/09\/cropped-eu-96x96.jpeg19a74936d997c0a8b3031618467fa1d0","url":"https:\/\/www.grupomedcof.com.br\/blog\/wp-content\/uploads\/2025\/09\/cropped-eu-96x96.jpeg","contentUrl":"https:\/\/www.grupomedcof.com.br\/blog\/wp-content\/uploads\/2025\/09\/cropped-eu-96x96.jpeg","caption":"Leila Menzel"},"description":"Estudante do 6\u00b0 semestre de jornalismo, amo e escrevo poesias e viajo em livros de romances clich\u00eas.","url":"https:\/\/www.grupomedcof.com.br\/blog\/author\/leila-menzel\/"}]}},"authors":[{"term_id":3616,"user_id":20,"is_guest":0,"slug":"leila-menzel","display_name":"Leila Menzel","avatar_url":"https:\/\/www.grupomedcof.com.br\/blog\/wp-content\/uploads\/2025\/09\/cropped-eu-96x96.jpeg","0":null,"1":"","2":"","3":"","4":"","5":"","6":"","7":"","8":""}],"_links":{"self":[{"href":"https:\/\/www.grupomedcof.com.br\/blog\/wp-json\/wp\/v2\/posts\/27338","targetHints":{"allow":["GET"]}}],"collection":[{"href":"https:\/\/www.grupomedcof.com.br\/blog\/wp-json\/wp\/v2\/posts"}],"about":[{"href":"https:\/\/www.grupomedcof.com.br\/blog\/wp-json\/wp\/v2\/types\/post"}],"author":[{"embeddable":true,"href":"https:\/\/www.grupomedcof.com.br\/blog\/wp-json\/wp\/v2\/users\/20"}],"replies":[{"embeddable":true,"href":"https:\/\/www.grupomedcof.com.br\/blog\/wp-json\/wp\/v2\/comments?post=27338"}],"version-history":[{"count":0,"href":"https:\/\/www.grupomedcof.com.br\/blog\/wp-json\/wp\/v2\/posts\/27338\/revisions"}],"wp:featuredmedia":[{"embeddable":true,"href":"https:\/\/www.grupomedcof.com.br\/blog\/wp-json\/wp\/v2\/media\/34606"}],"wp:attachment":[{"href":"https:\/\/www.grupomedcof.com.br\/blog\/wp-json\/wp\/v2\/media?parent=27338"}],"wp:term":[{"taxonomy":"category","embeddable":true,"href":"https:\/\/www.grupomedcof.com.br\/blog\/wp-json\/wp\/v2\/categories?post=27338"},{"taxonomy":"post_tag","embeddable":true,"href":"https:\/\/www.grupomedcof.com.br\/blog\/wp-json\/wp\/v2\/tags?post=27338"},{"taxonomy":"author","embeddable":true,"href":"https:\/\/www.grupomedcof.com.br\/blog\/wp-json\/wp\/v2\/ppma_author?post=27338"}],"curies":[{"name":"wp","href":"https:\/\/api.w.org\/{rel}","templated":true}]}}