{"id":27546,"date":"2026-01-23T16:20:48","date_gmt":"2026-01-23T19:20:48","guid":{"rendered":"https:\/\/www.grupomedcof.com.br\/blog\/?p=27546"},"modified":"2026-04-10T12:11:55","modified_gmt":"2026-04-10T15:11:55","slug":"residencia-medica-unicamp","status":"publish","type":"post","link":"https:\/\/www.grupomedcof.com.br\/blog\/residencia-medica-unicamp\/","title":{"rendered":"Resid\u00eancia M\u00e9dica UNICAMP 2025\/2026: resultado final dispon\u00edvel!"},"content":{"rendered":"<div id=\"ez-toc-container\" class=\"ez-toc-v2_0_74 counter-hierarchy ez-toc-counter ez-toc-transparent ez-toc-container-direction\">\n<div class=\"ez-toc-title-container\">\n<p class=\"ez-toc-title\" style=\"cursor:inherit\">Sum\u00e1rio<\/p>\n<span class=\"ez-toc-title-toggle\"><a href=\"#\" class=\"ez-toc-pull-right ez-toc-btn ez-toc-btn-xs ez-toc-btn-default ez-toc-toggle\" aria-label=\"Alternar tabela de conte\u00fado\"><span class=\"ez-toc-js-icon-con\"><span class=\"\"><span class=\"eztoc-hide\" style=\"display:none;\">Toggle<\/span><span class=\"ez-toc-icon-toggle-span\"><svg style=\"fill: #999;color:#999\" xmlns=\"http:\/\/www.w3.org\/2000\/svg\" class=\"list-377408\" width=\"20px\" height=\"20px\" viewBox=\"0 0 24 24\" fill=\"none\"><path d=\"M6 6H4v2h2V6zm14 0H8v2h12V6zM4 11h2v2H4v-2zm16 0H8v2h12v-2zM4 16h2v2H4v-2zm16 0H8v2h12v-2z\" fill=\"currentColor\"><\/path><\/svg><svg style=\"fill: #999;color:#999\" class=\"arrow-unsorted-368013\" xmlns=\"http:\/\/www.w3.org\/2000\/svg\" width=\"10px\" height=\"10px\" viewBox=\"0 0 24 24\" version=\"1.2\" baseProfile=\"tiny\"><path d=\"M18.2 9.3l-6.2-6.3-6.2 6.3c-.2.2-.3.4-.3.7s.1.5.3.7c.2.2.4.3.7.3h11c.3 0 .5-.1.7-.3.2-.2.3-.5.3-.7s-.1-.5-.3-.7zM5.8 14.7l6.2 6.3 6.2-6.3c.2-.2.3-.5.3-.7s-.1-.5-.3-.7c-.2-.2-.4-.3-.7-.3h-11c-.3 0-.5.1-.7.3-.2.2-.3.5-.3.7s.1.5.3.7z\"\/><\/svg><\/span><\/span><\/span><\/a><\/span><\/div>\n<nav><ul class='ez-toc-list ez-toc-list-level-1 ' ><li class='ez-toc-page-1 ez-toc-heading-level-2'><a class=\"ez-toc-link ez-toc-heading-1\" href=\"https:\/\/www.grupomedcof.com.br\/blog\/residencia-medica-unicamp\/#Edital_UNICAMP_20252026\" >Edital UNICAMP 2025\/2026<\/a><\/li><li class='ez-toc-page-1 ez-toc-heading-level-2'><a class=\"ez-toc-link ez-toc-heading-2\" href=\"https:\/\/www.grupomedcof.com.br\/blog\/residencia-medica-unicamp\/#Quando_abrem_as_inscricoes_para_a_residencia_medica_UNICAMP_20252026\" >Quando abrem as inscri\u00e7\u00f5es para a resid\u00eancia m\u00e9dica UNICAMP 2025\/2026<\/a><\/li><li class='ez-toc-page-1 ez-toc-heading-level-2'><a class=\"ez-toc-link ez-toc-heading-3\" href=\"https:\/\/www.grupomedcof.com.br\/blog\/residencia-medica-unicamp\/#Vagas_UNICAMP_20252026\" >Vagas UNICAMP 2025\/2026<\/a><ul class='ez-toc-list-level-3' ><li class='ez-toc-heading-level-3'><a class=\"ez-toc-link ez-toc-heading-4\" href=\"https:\/\/www.grupomedcof.com.br\/blog\/residencia-medica-unicamp\/#Acesso_Direto\" >Acesso Direto<\/a><\/li><li class='ez-toc-page-1 ez-toc-heading-level-3'><a class=\"ez-toc-link ez-toc-heading-5\" href=\"https:\/\/www.grupomedcof.com.br\/blog\/residencia-medica-unicamp\/#Pre-Requisito\" >Pr\u00e9-Requisito<\/a><\/li><li class='ez-toc-page-1 ez-toc-heading-level-3'><a class=\"ez-toc-link ez-toc-heading-6\" href=\"https:\/\/www.grupomedcof.com.br\/blog\/residencia-medica-unicamp\/#Areas_de_Atuacao_e_Anos_Adicionais\" >\u00c1reas de Atua\u00e7\u00e3o e Anos Adicionais<\/a><\/li><li class='ez-toc-page-1 ez-toc-heading-level-3'><a class=\"ez-toc-link ez-toc-heading-7\" href=\"https:\/\/www.grupomedcof.com.br\/blog\/residencia-medica-unicamp\/#Anos_Adicionais_Transplantes\" >Anos Adicionais (Transplantes)<\/a><\/li><li class='ez-toc-page-1 ez-toc-heading-level-3'><a class=\"ez-toc-link ez-toc-heading-8\" href=\"https:\/\/www.grupomedcof.com.br\/blog\/residencia-medica-unicamp\/#Especialidades_Clinicas\" >Especialidades Cl\u00ednicas<\/a><\/li><li class='ez-toc-page-1 ez-toc-heading-level-3'><a class=\"ez-toc-link ez-toc-heading-9\" href=\"https:\/\/www.grupomedcof.com.br\/blog\/residencia-medica-unicamp\/#Especialidades_Cirurgicas\" >Especialidades Cir\u00fargicas<\/a><\/li><li class='ez-toc-page-1 ez-toc-heading-level-3'><a class=\"ez-toc-link ez-toc-heading-10\" href=\"https:\/\/www.grupomedcof.com.br\/blog\/residencia-medica-unicamp\/#Especialidades_Pediatricas\" >Especialidades Pedi\u00e1tricas<\/a><\/li><\/ul><\/li><li class='ez-toc-page-1 ez-toc-heading-level-2'><a class=\"ez-toc-link ez-toc-heading-11\" href=\"https:\/\/www.grupomedcof.com.br\/blog\/residencia-medica-unicamp\/#Como_e_a_prova_da_Unicamp_para_residencia_medica\" >Como \u00e9 a prova da Unicamp para resid\u00eancia m\u00e9dica?<\/a><ul class='ez-toc-list-level-3' ><li class='ez-toc-heading-level-3'><a class=\"ez-toc-link ez-toc-heading-12\" href=\"https:\/\/www.grupomedcof.com.br\/blog\/residencia-medica-unicamp\/#Prova_Objetiva\" >Prova Objetiva<\/a><\/li><li class='ez-toc-page-1 ez-toc-heading-level-3'><a class=\"ez-toc-link ez-toc-heading-13\" href=\"https:\/\/www.grupomedcof.com.br\/blog\/residencia-medica-unicamp\/#Acesso_Direto-2\" >Acesso Direto<\/a><\/li><li class='ez-toc-page-1 ez-toc-heading-level-3'><a class=\"ez-toc-link ez-toc-heading-14\" href=\"https:\/\/www.grupomedcof.com.br\/blog\/residencia-medica-unicamp\/#Pre-Requisito-2\" >Pr\u00e9-Requisito<\/a><\/li><li class='ez-toc-page-1 ez-toc-heading-level-3'><a class=\"ez-toc-link ez-toc-heading-15\" href=\"https:\/\/www.grupomedcof.com.br\/blog\/residencia-medica-unicamp\/#2a_fase_UNICAMP_2025\" >2\u00aa fase UNICAMP 2025<\/a><\/li><\/ul><\/li><li class='ez-toc-page-1 ez-toc-heading-level-2'><a class=\"ez-toc-link ez-toc-heading-16\" href=\"https:\/\/www.grupomedcof.com.br\/blog\/residencia-medica-unicamp\/#Como_e_definida_a_nota_da_UNICAMP\" >Como \u00e9 definida a nota da UNICAMP?<\/a><ul class='ez-toc-list-level-3' ><li class='ez-toc-heading-level-3'><a class=\"ez-toc-link ez-toc-heading-17\" href=\"https:\/\/www.grupomedcof.com.br\/blog\/residencia-medica-unicamp\/#Criterios_de_desempate\" >Crit\u00e9rios de desempate<\/a><\/li><\/ul><\/li><li class='ez-toc-page-1 ez-toc-heading-level-2'><a class=\"ez-toc-link ez-toc-heading-18\" href=\"https:\/\/www.grupomedcof.com.br\/blog\/residencia-medica-unicamp\/#Resultado_da_prova_e_classificados_para_2a_fase\" >Resultado da prova e classificados para 2\u00aa fase<\/a><\/li><li class='ez-toc-page-1 ez-toc-heading-level-2'><a class=\"ez-toc-link ez-toc-heading-19\" href=\"https:\/\/www.grupomedcof.com.br\/blog\/residencia-medica-unicamp\/#Resultado_Preliminar_da_Selecao\" >Resultado Preliminar da Sele\u00e7\u00e3o<\/a><\/li><li class='ez-toc-page-1 ez-toc-heading-level-2'><a class=\"ez-toc-link ez-toc-heading-20\" href=\"https:\/\/www.grupomedcof.com.br\/blog\/residencia-medica-unicamp\/#Resultado_Final_UNICAMP_2026\" >Resultado Final UNICAMP 2026<\/a><\/li><li class='ez-toc-page-1 ez-toc-heading-level-2'><a class=\"ez-toc-link ez-toc-heading-21\" href=\"https:\/\/www.grupomedcof.com.br\/blog\/residencia-medica-unicamp\/#Quando_sai_o_resultado_da_residencia_UNICAMP_20252026\" >Quando sai o resultado da resid\u00eancia UNICAMP 2025\/2026?<\/a><\/li><li class='ez-toc-page-1 ez-toc-heading-level-2'><a class=\"ez-toc-link ez-toc-heading-22\" href=\"https:\/\/www.grupomedcof.com.br\/blog\/residencia-medica-unicamp\/#Editais_Residencia_Medica_UNICAMP_20252026\" >Editais Resid\u00eancia M\u00e9dica UNICAMP 2025\/2026<\/a><\/li><li class='ez-toc-page-1 ez-toc-heading-level-2'><a class=\"ez-toc-link ez-toc-heading-23\" href=\"https:\/\/www.grupomedcof.com.br\/blog\/residencia-medica-unicamp\/#Nota_de_corte_na_residencia_medica_UNICAMP_20252026\" >Nota de corte na resid\u00eancia m\u00e9dica UNICAMP 2025\/2026<\/a><\/li><li class='ez-toc-page-1 ez-toc-heading-level-2'><a class=\"ez-toc-link ez-toc-heading-24\" href=\"https:\/\/www.grupomedcof.com.br\/blog\/residencia-medica-unicamp\/#Prepare-se_para_a_UNICAMP_20252026\" >Prepare-se para a UNICAMP 2025\/2026<\/a><\/li><\/ul><\/nav><\/div>\n\n<figure class=\"wp-block-image size-large\"><img loading=\"lazy\" decoding=\"async\" width=\"1024\" height=\"576\" src=\"https:\/\/www.grupomedcof.com.br\/blog\/wp-content\/uploads\/2024\/07\/Modelo-instituicoes-3-1024x576.png\" alt=\"\" class=\"wp-image-27570\" srcset=\"https:\/\/www.grupomedcof.com.br\/blog\/wp-content\/uploads\/2024\/07\/Modelo-instituicoes-3-1024x576.png 1024w, https:\/\/www.grupomedcof.com.br\/blog\/wp-content\/uploads\/2024\/07\/Modelo-instituicoes-3-300x169.png 300w, https:\/\/www.grupomedcof.com.br\/blog\/wp-content\/uploads\/2024\/07\/Modelo-instituicoes-3-768x432.png 768w, https:\/\/www.grupomedcof.com.br\/blog\/wp-content\/uploads\/2024\/07\/Modelo-instituicoes-3-1536x864.png 1536w, https:\/\/www.grupomedcof.com.br\/blog\/wp-content\/uploads\/2024\/07\/Modelo-instituicoes-3-747x420.png 747w, https:\/\/www.grupomedcof.com.br\/blog\/wp-content\/uploads\/2024\/07\/Modelo-instituicoes-3-150x84.png 150w, https:\/\/www.grupomedcof.com.br\/blog\/wp-content\/uploads\/2024\/07\/Modelo-instituicoes-3-696x392.png 696w, https:\/\/www.grupomedcof.com.br\/blog\/wp-content\/uploads\/2024\/07\/Modelo-instituicoes-3-1068x601.png 1068w, https:\/\/www.grupomedcof.com.br\/blog\/wp-content\/uploads\/2024\/07\/Modelo-instituicoes-3.png 1920w\" sizes=\"auto, (max-width: 1024px) 100vw, 1024px\" \/><\/figure>\n\n\n\n<p>Relembre como foi a \u00faltima edi\u00e7\u00e3o da prova de resid\u00eancia m\u00e9dica da Universidade Estadual de Campinas (UNICAMP) e prepare-se para a pr\u00f3xima prova!<\/p>\n\n\n\n<h2 class=\"wp-block-heading\" id=\"h-edital-unicamp-2025-2026\"><span class=\"ez-toc-section\" id=\"Edital_UNICAMP_20252026\"><\/span><strong><strong>Edital UNICAMP 2025\/2026<\/strong><\/strong><span class=\"ez-toc-section-end\"><\/span><\/h2>\n\n\n\n<p>O <strong>processo seletivo da Resid\u00eancia M\u00e9dica da UNICAMP 2025\/2026<\/strong> tem como objetivo selecionar m\u00e9dicos para programas de Acesso Direto e Pr\u00e9-Requisito em diversas especialidades, distribu\u00eddas entre \u00e1reas cl\u00ednicas, cir\u00fargicas, pedi\u00e1tricas e de atua\u00e7\u00e3o adicional. Confira o cronograma:<\/p>\n\n\n\n<figure class=\"wp-block-table\"><table class=\"has-fixed-layout\"><tbody><tr><td><strong>Publica\u00e7\u00e3o do edital<\/strong><\/td><td>16\/09\/2025<\/td><\/tr><tr><td><strong>Inscri\u00e7\u00f5es<\/strong><\/td><td>01 a 15\/10\/2025<\/td><\/tr><tr><td><strong>Taxa de inscri\u00e7\u00e3o<\/strong><\/td><td>R$740,00 (AD), R$630 (PR)<\/td><\/tr><tr><td><strong>Prova Objetiva<\/strong><\/td><td>15 e 16\/11\/2025<\/td><\/tr><tr><td><strong>An\u00e1lise Curricular<\/strong><\/td><td>05 a 09\/12\/2025<\/td><\/tr><tr><td><strong>Resultado Final e Convoca\u00e7\u00e3o para matr\u00edcula<\/strong><\/td><td>23\/01\/2026<\/td><\/tr><tr><td><strong>Per\u00edodo de Matr\u00edcula<\/strong><\/td><td>10 a 11\/02\/2026<\/td><\/tr><\/tbody><\/table><\/figure>\n\n\n\n<h2 class=\"wp-block-heading\" id=\"h-quando-abrem-as-inscricoes-para-a-residencia-medica-unicamp-2025-2026\"><span class=\"ez-toc-section\" id=\"Quando_abrem_as_inscricoes_para_a_residencia_medica_UNICAMP_20252026\"><\/span><strong>Quando abrem as inscri\u00e7\u00f5es para a resid\u00eancia m\u00e9dica UNICAMP 2025\/2026<\/strong><span class=\"ez-toc-section-end\"><\/span><\/h2>\n\n\n\n<p>De acordo com o edital, as inscri\u00e7\u00f5es aconteceram entre o<strong>dia 1\u00b0 de outubro e foram at\u00e9 15 do mesmo m\u00eas<\/strong>, mediante o pagamento da taxa no valor de&nbsp;<strong>R$ 740,00 para Acesso Direto<\/strong>&nbsp;e de&nbsp;<strong>R$ 630,00 para os candidatos de Pr\u00e9-requisito.<\/strong><\/p>\n\n\n\n<p>Tamb\u00e9m houve a possibilidade de solicitar redu\u00e7\u00e3o do valor da taxa entre<strong>&nbsp;01 e 02 de outubro.<\/strong><\/p>\n\n\n\n<div class=\"wp-block-group\"><div class=\"wp-block-group__inner-container is-layout-constrained wp-block-group-is-layout-constrained\">\n<h2 class=\"wp-block-heading\" id=\"h-vagas-unicamp-2025-2026\"><span class=\"ez-toc-section\" id=\"Vagas_UNICAMP_20252026\"><\/span><strong>Vagas UNICAMP 2025\/2026<\/strong><span class=\"ez-toc-section-end\"><\/span><\/h2>\n\n\n\n<p>Na edi\u00e7\u00e3o 2025\/2026 ser\u00e3o ofertadas <strong>354 vagas<\/strong> para diferentes especialidades, divididas para programas de <strong>acesso direto<\/strong> e os de entrada com <strong>pr\u00e9-requisitos<\/strong>.<\/p>\n\n\n\n<p>Confira na tabela abaixo a distribui\u00e7\u00e3o de vagas por especialidade:<\/p>\n\n\n\n<h3 class=\"wp-block-heading\" id=\"h-acesso-direto\"><span class=\"ez-toc-section\" id=\"Acesso_Direto\"><\/span><strong>Acesso Direto<\/strong><span class=\"ez-toc-section-end\"><\/span><\/h3>\n\n\n\n<figure class=\"wp-block-table\"><table class=\"has-fixed-layout\"><tbody><tr><td><strong>Especialidades<\/strong><\/td><td><strong>Vagas<\/strong><\/td><td><strong>Vagas reservadas<\/strong><\/td><\/tr><tr><td>Anestesiologia (recredenciado)<\/td><td>10<\/td><td>3<\/td><\/tr><tr><td>Cirurgia Cardiovascular (recredenciado)<\/td><td>1<\/td><td>1<\/td><\/tr><tr><td>Cirurgia Geral (recredenciado)<\/td><td>15<\/td><td>3<\/td><\/tr><tr><td>Cl\u00ednica M\u00e9dica (recredenciado)<\/td><td>36<\/td><td>1<\/td><\/tr><tr><td>Dermatologia (recredenciado)<\/td><td>1<\/td><td>3<\/td><\/tr><tr><td>Dermatologia \u2013 Compromisso Social (recredenciado)<\/td><td>1<\/td><td>3<\/td><\/tr><tr><td>Gen\u00e9tica M\u00e9dica (recredenciado)<\/td><td>2<\/td><td>\u2013<\/td><\/tr><tr><td>Infectologia (recredenciado)<\/td><td>5<\/td><td>3<\/td><\/tr><tr><td>Medicina de Emerg\u00eancia (recredenciado)<\/td><td>10<\/td><td>3<\/td><\/tr><tr><td>Medicina de Fam\u00edlia e Comunidade (recredenciado)<\/td><td>15<\/td><td>2<\/td><\/tr><tr><td>Medicina do Trabalho (recredenciado)<\/td><td>4<\/td><td>2<\/td><\/tr><tr><td>Medicina Intensiva (recredenciado)<\/td><td>3<\/td><td>3<\/td><\/tr><tr><td>Medicina Nuclear (recredenciado)<\/td><td>1<\/td><td>3<\/td><\/tr><tr><td>Medicina Preventiva e Social (recredenciado)<\/td><td>4<\/td><td>2<\/td><\/tr><tr><td>Neurocirurgia (recredenciado)<\/td><td>3<\/td><td>1<\/td><\/tr><tr><td>Neurologia (recredenciado)<\/td><td>6<\/td><td>1<\/td><\/tr><tr><td>Obstetr\u00edcia e Ginecologia (recredenciado)<\/td><td>13<\/td><td>3<\/td><\/tr><tr><td>Oftalmologia (recredenciado)<\/td><td>10<\/td><td>3<\/td><\/tr><tr><td>Ortopedia e Traumatologia (recredenciado)<\/td><td>10<\/td><td>3<\/td><\/tr><tr><td>Otorrinolaringologia (recredenciado)<\/td><td>8<\/td><td>1<\/td><\/tr><tr><td>Patologia (recredenciado)<\/td><td>4<\/td><td>1<\/td><\/tr><tr><td>Patologia Cl\u00ednica\/Medicina Laboratorial (recredenciado)<\/td><td>2<\/td><td>\u2013<\/td><\/tr><tr><td>Pediatria (recredenciado)<\/td><td>16<\/td><td>3<\/td><\/tr><tr><td>Psiquiatria (recredenciado)<\/td><td>8<\/td><td>\u2013<\/td><\/tr><tr><td>Radiologia e Diagn\u00f3stico por Imagem (recredenciado)<\/td><td>8<\/td><td>1<\/td><\/tr><tr><td>Radioterapia (recredenciado)<\/td><td>1<\/td><td>\u2013<\/td><\/tr><\/tbody><\/table><\/figure>\n\n\n\n<h3 class=\"wp-block-heading\" id=\"h-pre-requisito\"><span class=\"ez-toc-section\" id=\"Pre-Requisito\"><\/span><strong>Pr\u00e9-Requisito<\/strong><span class=\"ez-toc-section-end\"><\/span><\/h3>\n\n\n\n<figure class=\"wp-block-table\"><table class=\"has-fixed-layout\"><tbody><tr><td><strong>Especialidades<\/strong><\/td><td><strong>Vagas<\/strong><\/td><\/tr><tr><td>CIRURGIA DA M\u00c3O (recredenciado)<\/td><td>2<\/td><\/tr><tr><td>ENDOSCOPIA (credenciado)<\/td><td>3<\/td><\/tr><tr><td>MASTOLOGIA (recredenciado)<\/td><td>2<\/td><\/tr><tr><td>NUTROLOGIA (recredenciado)<\/td><td>1<\/td><\/tr><\/tbody><\/table><\/figure>\n\n\n\n<h3 class=\"wp-block-heading\" id=\"h-areas-de-atuacao-e-anos-adicionais\"><span class=\"ez-toc-section\" id=\"Areas_de_Atuacao_e_Anos_Adicionais\"><\/span><strong>\u00c1reas de Atua\u00e7\u00e3o e Anos Adicionais<\/strong><span class=\"ez-toc-section-end\"><\/span><\/h3>\n<\/div><\/div>\n\n\n\n<figure class=\"wp-block-table\"><table class=\"has-fixed-layout\"><thead><tr><th>Especialidades AA<\/th><th>Pr\u00e9-requisito<\/th><th>Vagas<\/th><\/tr><\/thead><tbody><tr><td>Administra\u00e7\u00e3o em Sa\u00fade<\/td><td>Qualquer PRM de especialidade<\/td><td>1<\/td><\/tr><tr><td>Angiorradiologia e Cirurgia Endovascular<\/td><td>Radiologia e Diagn\u00f3stico por Imagem, Cirurgia Vascular ou Angiologia<\/td><td>2<\/td><\/tr><tr><td>Cirurgia Bari\u00e1trica<\/td><td>Cirurgia do Aparelho Digestivo ou Cirurgia Geral<\/td><td>1<\/td><\/tr><tr><td>Cirurgia do Trauma<\/td><td>Cirurgia Geral<\/td><td>2<\/td><\/tr><tr><td>Endoscopia Digestiva<\/td><td>Endoscopia, Cirurgia do Aparelho Digestivo, Gastroenterologia, Coloproctologia ou Cirurgia Geral<\/td><td>1<\/td><\/tr><tr><td>Endoscopia Ginecol\u00f3gica<\/td><td>Ginecologia e Obstetr\u00edcia<\/td><td>1<\/td><\/tr><tr><td>Hemodin\u00e2mica e Cardiologia Intervencionista<\/td><td>Cardiologia<\/td><td>1<\/td><\/tr><tr><td>Hepatologia<\/td><td>Cl\u00ednica M\u00e9dica, Gastroenterologia ou Infectologia<\/td><td>1<\/td><\/tr><tr><td>Infectologia Hospitalar<\/td><td>Infectologia<\/td><td>1<\/td><\/tr><tr><td>Medicina Fetal<\/td><td>Ginecologia e Obstetr\u00edcia<\/td><td>2<\/td><\/tr><tr><td>Neurofisiologia Cl\u00ednica<\/td><td>Medicina F\u00edsica e Reabilita\u00e7\u00e3o, Neurologia, Neurocirurgia, Pediatria<\/td><td>2<\/td><\/tr><tr><td>Psicogeriatria<\/td><td>Psiquiatria<\/td><td>2<\/td><\/tr><tr><td>Psiquiatria da Inf\u00e2ncia e da Adolesc\u00eancia<\/td><td>Psiquiatria<\/td><td>6<\/td><\/tr><tr><td>Transplante de Medula \u00d3ssea<\/td><td>Hematologia e Hemoterapia<\/td><td>1<\/td><\/tr><tr><td>Ultrassonografia em Ginecologia e Obstetr\u00edcia<\/td><td>Ginecologia e Obstetr\u00edcia<\/td><td>2<\/td><\/tr><\/tbody><\/table><\/figure>\n\n\n\n<h3 class=\"wp-block-heading\" id=\"h-anos-adicionais-transplantes\"><span class=\"ez-toc-section\" id=\"Anos_Adicionais_Transplantes\"><\/span><strong>Anos Adicionais (Transplantes)<\/strong><span class=\"ez-toc-section-end\"><\/span><\/h3>\n\n\n\n<figure class=\"wp-block-table\"><table class=\"has-fixed-layout\"><thead><tr><th>Ano Adicional<\/th><th>Pr\u00e9-requisito<\/th><th>Vagas<\/th><\/tr><\/thead><tbody><tr><td>Transplante de C\u00f3rnea<\/td><td>Oftalmologia<\/td><td>5<\/td><\/tr><tr><td>Transplante de F\u00edgado<\/td><td>Cirurgia do Aparelho Digestivo ou Cirurgia Geral<\/td><td>1<\/td><\/tr><tr><td>Transplante de Rim \u2013 Nefrologia<\/td><td>Nefrologia<\/td><td>2<\/td><\/tr><tr><td>Transplante de Rim \u2013 Urologia<\/td><td>Urologia<\/td><td>1<\/td><\/tr><\/tbody><\/table><\/figure>\n\n\n\n<h3 class=\"wp-block-heading\" id=\"h-especialidades-clinicas\"><span class=\"ez-toc-section\" id=\"Especialidades_Clinicas\"><\/span><strong>Especialidades Cl\u00ednicas<\/strong><span class=\"ez-toc-section-end\"><\/span><\/h3>\n\n\n\n<figure class=\"wp-block-table\"><table class=\"has-fixed-layout\"><tbody><tr><td><strong>Especialidades<\/strong><\/td><td><strong>Vagas<\/strong><\/td><\/tr><tr><td>Alergia e Imunologia<\/td><td>2<\/td><\/tr><tr><td>Cardiologia<\/td><td>6<\/td><\/tr><tr><td>Endocrinologia<\/td><td>5<\/td><\/tr><tr><td>Gastroenterologia<\/td><td>4<\/td><\/tr><tr><td>Geriatria<\/td><td>4<\/td><\/tr><tr><td>Hematologia e Hemoterapia<\/td><td>8<\/td><\/tr><tr><td>Nefrologia<\/td><td>7<\/td><\/tr><tr><td>Oncologia<\/td><td>5<\/td><\/tr><tr><td>Pneumologia<\/td><td>4<\/td><\/tr><tr><td>Reumatologia<\/td><td>4<\/td><\/tr><\/tbody><\/table><\/figure>\n\n\n\n<figure class=\"wp-block-table\"><table class=\"has-fixed-layout\"><tbody><tr><td><strong>Ano adicional<\/strong><\/td><td><strong>Vagas<\/strong><\/td><\/tr><tr><td>Cl\u00ednica M\u00e9dica \u2013 R3<\/td><td>2<\/td><\/tr><\/tbody><\/table><\/figure>\n\n\n\n<h3 class=\"wp-block-heading\" id=\"h-especialidades-cirurgicas\"><span class=\"ez-toc-section\" id=\"Especialidades_Cirurgicas\"><\/span><strong>Especialidades Cir\u00fargicas<\/strong><span class=\"ez-toc-section-end\"><\/span><\/h3>\n\n\n\n<figure class=\"wp-block-table\"><table class=\"has-fixed-layout\"><tbody><tr><td><strong>Especialidades<\/strong><\/td><td><strong>Pr\u00e9-Requisito<\/strong><\/td><td><strong>Vagas<\/strong><\/td><\/tr><tr><td><a href=\"https:\/\/www.grupomedcof.com.br\/cofletters\/\" target=\"_blank\" rel=\"noreferrer noopener\"><\/a>Cirurgia de Cabe\u00e7a e Pesco\u00e7o<\/td><td>Cirurgia Geral, Otorrinolaringologia<br>ou Programa de Pr\u00e9-requisito em<br>\u00c1rea Cir\u00fargica B\u00e1sica<\/td><td>1<\/td><\/tr><tr><td>Cirurgia do Aparelho Digestivo<\/td><td>Cirurgia Geral ou Programa de Pr\u00e9requisito em \u00c1rea Cir\u00fargica B\u00e1sica<\/td><td>4<\/td><\/tr><tr><td>Cirurgia Pedi\u00e1trica<\/td><td>Cirurgia Geral ou Programa de Pr\u00e9-requisito em \u00c1rea Cir\u00fargica B\u00e1sica<\/td><td>2<\/td><\/tr><tr><td>Cirurgia Pl\u00e1stica<\/td><td>Cirurgia Geral ou Programa de Pr\u00e9-requisito em \u00c1rea Cir\u00fargica B\u00e1sica<\/td><td>2<\/td><\/tr><tr><td>Cirurgia Tor\u00e1cica<\/td><td>Cirurgia Geral ou Programa de Pr\u00e9-requisito em \u00c1rea Cir\u00fargica B\u00e1sica<\/td><td>1<\/td><\/tr><tr><td>Cirurgia Vascular<\/td><td>Cirurgia Geral ou Programa de Pr\u00e9-requisito em \u00c1rea Cir\u00fargica B\u00e1sica<\/td><td>3<\/td><\/tr><tr><td>Coloproctologia<\/td><td>Cirurgia Geral ou Programa de Pr\u00e9-requisito em \u00c1rea Cir\u00fargica B\u00e1sica<\/td><td>1<\/td><\/tr><tr><td>Urologia<\/td><td>Cirurgia Geral ou Programa de Pr\u00e9-requisito em \u00c1rea Cir\u00fargica B\u00e1sica<\/td><td>3<\/td><\/tr><\/tbody><\/table><\/figure>\n\n\n\n<h3 class=\"wp-block-heading\" id=\"h-especialidades-pediatricas\"><span class=\"ez-toc-section\" id=\"Especialidades_Pediatricas\"><\/span><strong>Especialidades Pedi\u00e1tricas<\/strong><span class=\"ez-toc-section-end\"><\/span><\/h3>\n\n\n\n<figure class=\"wp-block-table\"><table class=\"has-fixed-layout\"><tbody><tr><td><strong>Vagas<\/strong><\/td><td><strong>Pr\u00e9-Requisito<\/strong><\/td><td><strong>Vagas<\/strong><\/td><\/tr><tr><td>Alergia e Imunologia Pedi\u00e1trica<\/td><td>Alergia e Imunologia ou Pediatria<\/td><td>4<\/td><\/tr><tr><td>Cardiologia Pedi\u00e1trica<\/td><td>Cardiologia ou Pediatria<\/td><td>2<\/td><\/tr><tr><td>Emerg\u00eancia Pedi\u00e1trica<\/td><td>Medicina de Emerg\u00eancia ou Pediatria<\/td><td>1<\/td><\/tr><tr><td>Endocrinologia Pedi\u00e1trica<\/td><td>Endocrinologia e Metabologia ou Pediatria<\/td><td>2<\/td><\/tr><tr><td>Gastroenterologia Pedi\u00e1trica<\/td><td>Gastroenterologia ou Pediatria<\/td><td>4<\/td><\/tr><tr><td>Hematologia e Hemoterapia Pedi\u00e1trica<\/td><td>Hematologia e Hemoterapia ou Pediatria<\/td><td>1<\/td><\/tr><tr><td>Medicina do Adolescente<\/td><td>Pediatria<\/td><td>1<\/td><\/tr><tr><td>Medicina Intensiva Pedi\u00e1trica<\/td><td>Medicina Intensiva ou Pediatria<\/td><td>5<\/td><\/tr><tr><td>Nefrologia Pedi\u00e1trica<\/td><td>Nefrologia ou Pediatria<\/td><td>1<\/td><\/tr><tr><td>Neonatologia<\/td><td>Pediatria<\/td><td>6<\/td><\/tr><tr><td>Neurologia Pedi\u00e1trica<\/td><td>Neurologia ou Pediatria<\/td><td>3<\/td><\/tr><tr><td>Oncologia Pedi\u00e1trica<\/td><td>Hematologia e Hemoterapia, Oncologia<br>Cl\u00ednica ou Pediatria<\/td><td>1<\/td><\/tr><tr><td>Pneumologia Pedi\u00e1trica<\/td><td>Pediatria ou Pneumologia<\/td><td>3<\/td><\/tr><tr><td>Reumatologia Pedi\u00e1trica<\/td><td>Reumatologia ou Pediatria<\/td><td>1<\/td><\/tr><\/tbody><\/table><\/figure>\n\n\n\n<h2 class=\"wp-block-heading\" id=\"h-como-e-a-prova-da-unicamp-para-residencia-medica\"><span class=\"ez-toc-section\" id=\"Como_e_a_prova_da_Unicamp_para_residencia_medica\"><\/span><strong>Como \u00e9 a prova da Unicamp para resid\u00eancia m\u00e9dica?<\/strong><span class=\"ez-toc-section-end\"><\/span><\/h2>\n\n\n\n<p>Assim como nos processos seletivos anteriores, a edi\u00e7\u00e3o deste ano ter\u00e1 <strong>duas fases avaliativas<\/strong>: a prova te\u00f3rica e a an\u00e1lise curricular.<\/p>\n\n\n\n<h3 class=\"wp-block-heading\" id=\"h-prova-objetiva\"><span class=\"ez-toc-section\" id=\"Prova_Objetiva\"><\/span><strong>Prova Objetiva<\/strong><span class=\"ez-toc-section-end\"><\/span><\/h3>\n\n\n\n<p>Com peso 90 e aplica\u00e7\u00e3o na cidade Campinas, S\u00e3o Paulo, a prova objetiva ter\u00e1 composi\u00e7\u00f5es diferentes a depender do programa, confira:<\/p>\n\n\n\n<h3 class=\"wp-block-heading\" id=\"h-acesso-direto-0\"><span class=\"ez-toc-section\" id=\"Acesso_Direto-2\"><\/span><strong>Acesso Direto<\/strong><span class=\"ez-toc-section-end\"><\/span><\/h3>\n\n\n\n<figure class=\"wp-block-table\"><table class=\"has-fixed-layout\"><tbody><tr><td><strong>Data<\/strong><\/td><td><strong>Quest\u00f5es<\/strong><\/td><td><strong>Dura\u00e7\u00e3o<\/strong><\/td><\/tr><tr><td>16\/11\/2025<\/td><td>100<\/td><td>04h<\/td><\/tr><\/tbody><\/table><\/figure>\n\n\n\n<p>Para os candidatos de&nbsp;<strong>Acesso Direto<\/strong>, a prova foi dividida em dois per\u00edodos<strong>. De manh\u00e3, foram 50 quest\u00f5es&nbsp;<\/strong>de respostas curtas, com<strong>&nbsp;04 horas de dura\u00e7\u00e3o<\/strong>. Dessa forma, os inscritos tiveram que comparecer at\u00e9 \u00e0s 07h45, quando houve o fechamento dos port\u00f5es. O mesmo se repetir\u00e1 na&nbsp;<strong>parte da tarde,&nbsp;<\/strong>havendo mais&nbsp;<strong>50 quest\u00f5es<\/strong>.<\/p>\n\n\n\n<h3 class=\"wp-block-heading\" id=\"h-pre-requisito-0\"><span class=\"ez-toc-section\" id=\"Pre-Requisito-2\"><\/span><strong>Pr\u00e9-Requisito<\/strong><span class=\"ez-toc-section-end\"><\/span><\/h3>\n\n\n\n<figure class=\"wp-block-table\"><table class=\"has-fixed-layout\"><tbody><tr><td><strong>Especialidades<\/strong><\/td><td><strong>Data<\/strong><\/td><td><strong>Quest\u00f5es<\/strong><\/td><td><strong>Dura\u00e7\u00e3o<\/strong><\/td><\/tr><tr><td>Cl\u00ednicas<\/td><td>15\/11\/2025<\/td><td>70<\/td><td>04h<\/td><\/tr><tr><td>Cir\u00fargicas e \u00c1reas Pedi\u00e1tricas<\/td><td>15\/11\/2025<\/td><td>80<\/td><td>04h<\/td><\/tr><tr><td>\u00c1reas de Atua\u00e7\u00e3o e Anos Adicionais<\/td><td>15\/11\/2025<\/td><td>05<\/td><td>02h<\/td><\/tr><\/tbody><\/table><\/figure>\n\n\n\n<p>Al\u00e9m disso, s\u00f3 prosseguir\u00e3o para a pr\u00f3xima fase, aqueles que obterem m\u00ednimo de 50% de acertos.&nbsp;&nbsp;<\/p>\n\n\n\n<h3 class=\"wp-block-heading\" id=\"h-2\u00aa-fase-unicamp-2025\"><span class=\"ez-toc-section\" id=\"2a_fase_UNICAMP_2025\"><\/span><strong>2\u00aa fase UNICAMP 2025<\/strong><span class=\"ez-toc-section-end\"><\/span><\/h3>\n\n\n\n<p>Assim, os candidatos que atingirem a nota m\u00ednima na primeira fase ser\u00e3o convocados para fazer<strong>&nbsp;upload do Curriculum Lattes e dos documentos comprobat\u00f3rios<\/strong>, em um \u00fanico arquivo atrav\u00e9s do site da organiza\u00e7\u00e3o. O envio ocorreu a partir das<strong>&nbsp;9h do dia 05 \u00e0s 16h do dia 09 de dezembro de 2025<\/strong>.<\/p>\n\n\n\n<h2 class=\"wp-block-heading\" id=\"h-como-e-definida-a-nota-da-unicamp\"><span class=\"ez-toc-section\" id=\"Como_e_definida_a_nota_da_UNICAMP\"><\/span><strong>Como \u00e9 definida a nota da UNICAMP?<\/strong><span class=\"ez-toc-section-end\"><\/span><\/h2>\n\n\n\n<p>Desse modo, a nota final da UNICAMP define-se com base na pontua\u00e7\u00e3o que o candidato atingir nas duas fases avaliativas.<\/p>\n\n\n\n<h3 class=\"wp-block-heading\" id=\"h-criterios-de-desempate\"><span class=\"ez-toc-section\" id=\"Criterios_de_desempate\"><\/span><strong>Crit\u00e9rios de desempate<\/strong><span class=\"ez-toc-section-end\"><\/span><\/h3>\n\n\n\n<p>Por outro lado, em caso de empate, os crit\u00e9rios utilizados para o desempate ser\u00e3o, em ordem:<\/p>\n\n\n\n<ul class=\"wp-block-list\">\n<li>Maior nota na<strong> 1\u00aa fase<\/strong> = Aqueles candidatos que obtiveram um melhor resultado na 1\u00aa fase da avalia\u00e7\u00e3o, ter\u00e3o a prioridade no desempate.<\/li>\n<\/ul>\n\n\n\n<ul class=\"wp-block-list\">\n<li>Maior nota na <strong>2\u00aa fase<\/strong> = Outro crit\u00e9rio que poder\u00e1 ser considerado como crit\u00e9rio de desempate &#8211; caso o participante n\u00e3o tenha atingido uma maior nota na 1\u00aa fase &#8211; ser\u00e1 a nota conseguida na an\u00e1lise curricular.<\/li>\n<\/ul>\n\n\n\n<ul class=\"wp-block-list\">\n<li><strong>Maior idade<\/strong> = o \u00faltimo crit\u00e9rio utilizado em caso de empate, ser\u00e1 a idade do candidato, sendo o mais velho como prioridade para a vaga do programa.<\/li>\n<\/ul>\n\n\n\n<div class=\"wp-block-group\"><div class=\"wp-block-group__inner-container is-layout-constrained wp-block-group-is-layout-constrained\">\n<h2 class=\"wp-block-heading\" id=\"h-resultado-da-prova-e-classificados-para-2\u00aa-fase\"><span class=\"ez-toc-section\" id=\"Resultado_da_prova_e_classificados_para_2a_fase\"><\/span><strong>Resultado da prova e classificados para 2\u00aa fase<\/strong><span class=\"ez-toc-section-end\"><\/span><\/h2>\n\n\n\n<p>O <strong>resultado da prova te\u00f3rica<\/strong> e a&nbsp;<strong>convoca\u00e7\u00e3o para a 2\u00aa etapa<\/strong> foram divulgados em 04 de dezembro de 2025. Assim, os candidatos tiveram que enviar os documentos para an\u00e1lise entre \u00e0s&nbsp;<strong>9h do dia 5 dezembro at\u00e9 \u00e0s 16h do dia 9&nbsp;de dezembro&nbsp;de 2025<\/strong>.<\/p>\n\n\n\n<p>Al\u00e9m disso, os documentos precisaram ser organizados seguindo a ordem abaixo:<\/p>\n\n\n\n<ul class=\"wp-block-list\">\n<li>Formul\u00e1rio de avalia\u00e7\u00e3o de curr\u00edculo, a ser disponibilizado no site do processo seletivo;<\/li>\n\n\n\n<li>Documentos comprobat\u00f3rios de cada um dos itens constantes de formul\u00e1rio de avalia\u00e7\u00e3o do curriculum, espec\u00edfico para a \u00e1rea postulada;<\/li>\n\n\n\n<li>C\u00f3pia do diploma de gradua\u00e7\u00e3o;<\/li>\n\n\n\n<li>C\u00f3pia do hist\u00f3rico escolar do curso de gradua\u00e7\u00e3o;<\/li>\n\n\n\n<li>Curriculum lattes;<\/li>\n\n\n\n<li>Para os <strong>candidatos para pr\u00e9-requisito<\/strong>, ser\u00e1 necess\u00e1ria a&nbsp;<strong>c\u00f3pia frente e verso do certificado&nbsp;<\/strong>de conclus\u00e3o do programa de resid\u00eancia m\u00e9dica na especialidade exigida como pr\u00e9-requisito ou da aprova\u00e7\u00e3o em prova de t\u00edtulo de especialista na \u00e1rea de pr\u00e9-requisito.<\/li>\n<\/ul>\n<\/div><\/div>\n\n\n\n<div class=\"wp-block-buttons is-layout-flex wp-block-buttons-is-layout-flex\">\n<div class=\"wp-block-button\"><a class=\"wp-block-button__link wp-element-button\" href=\"https:\/\/portal.fcm.unicamp.br\/aprovados-2a-fase\/?fbclid=PAZXh0bgNhZW0CMTEAc3J0YwZhcHBfaWQMMjU2MjgxMDQwNTU4AAGnairn-KhSEZCQG0y3VuUQ9HLVBjiozs8ylgdn7xabA_qO_-K0AvJLdSJ90Gg_aem_AWUwGOzYtz3qLsl12NQ_Wg\" target=\"_blank\" rel=\"noreferrer noopener\">Veja o resultado!<\/a><\/div>\n<\/div>\n\n\n\n<h2 class=\"wp-block-heading\" id=\"h-resultado-preliminar-da-selecao\"><span class=\"ez-toc-section\" id=\"Resultado_Preliminar_da_Selecao\"><\/span><strong>Resultado Preliminar da Sele\u00e7\u00e3o<\/strong><span class=\"ez-toc-section-end\"><\/span><\/h2>\n\n\n\n<p>O documento foi divulgado no dia 17 de dezembro e ter\u00e1 per\u00edodo de recursos entre <strong>18 e 19 de dezembro de 2025<\/strong>, por meio de formul\u00e1rio dispon\u00edvel no site da&nbsp;<a href=\"https:\/\/portal.fcm.unicamp.br\/residencias-em-saude\/residencia-medica\/processo-seletivo-2026\/\" target=\"_blank\" rel=\"noreferrer noopener\">UNICAMP<\/a>.&nbsp;<\/p>\n\n\n\n<div class=\"wp-block-buttons is-layout-flex wp-block-buttons-is-layout-flex\">\n<div class=\"wp-block-button\"><a class=\"wp-block-button__link wp-element-button\" href=\"https:\/\/www.grupomedcof.com.br\/blog\/wp-content\/uploads\/2025\/12\/Resultado-preliminar-UNICAMP-2026.pdf\" target=\"_blank\" rel=\"noreferrer noopener\">Acesso Direto<\/a><\/div>\n\n\n\n<div class=\"wp-block-button\"><a class=\"wp-block-button__link wp-element-button\" href=\"https:\/\/portal.fcm.unicamp.br\/wp-content\/uploads\/sites\/58\/2025\/12\/AprovaClinicas2026-1.pdf\">Especialidades Cl\u00ednicas<\/a><\/div>\n\n\n\n<div class=\"wp-block-button\"><a class=\"wp-block-button__link wp-element-button\" href=\"https:\/\/portal.fcm.unicamp.br\/wp-content\/uploads\/sites\/58\/2025\/12\/AprovaPediatria2026-1.pdf\">Especialidades Pedi\u00e1tricas<\/a><\/div>\n\n\n\n<div class=\"wp-block-button\"><a class=\"wp-block-button__link wp-element-button\" href=\"https:\/\/portal.fcm.unicamp.br\/wp-content\/uploads\/sites\/58\/2025\/12\/AprovaAtuacaoTransplantes2026-2.pdf\">\u00c1reas de Atua\u00e7\u00e3o e Anos Adicionais em Transplantes<\/a><\/div>\n\n\n\n<div class=\"wp-block-button\"><a class=\"wp-block-button__link wp-element-button\" href=\"https:\/\/portal.fcm.unicamp.br\/wp-content\/uploads\/sites\/58\/2025\/12\/AprovaCirurgicas2026-1.pdf\">Especialidades Cir\u00fargicas<\/a><\/div>\n\n\n\n<div class=\"wp-block-button\"><a class=\"wp-block-button__link wp-element-button\" href=\"https:\/\/portal.fcm.unicamp.br\/wp-content\/uploads\/sites\/58\/2025\/12\/AprovaEspecialidadesComPreRequisito2026-1.pdf\">Especialidades com Pr\u00e9-Requisito<\/a><\/div>\n<\/div>\n\n\n\n<h2 class=\"wp-block-heading\" id=\"h-resultado-final-unicamp-2026\"><span class=\"ez-toc-section\" id=\"Resultado_Final_UNICAMP_2026\"><\/span><strong>Resultado Final UNICAMP 2026<\/strong><span class=\"ez-toc-section-end\"><\/span><\/h2>\n\n\n\n<p>O resultado final do processo seletivo da UNICAMP foi divulgado em conjunto com a <strong>convoca\u00e7\u00e3o para a matr\u00edcula<\/strong>.<\/p>\n\n\n\n<div class=\"wp-block-buttons is-layout-flex wp-block-buttons-is-layout-flex\">\n<div class=\"wp-block-button\"><a class=\"wp-block-button__link wp-element-button\" href=\"https:\/\/www.grupomedcof.com.br\/blog\/wp-content\/uploads\/2025\/12\/Resultado-Final-UNICAMP-2026.pdf\" target=\"_blank\" rel=\"noreferrer noopener\">Resultado Final <\/a><\/div>\n<\/div>\n\n\n\n<p>Os candidatos aprovados dever\u00e3o realizar a&nbsp;<strong>matr\u00edcula<\/strong>&nbsp;no per\u00edodo&nbsp;<strong>9h do dia 10 \u00e0s 16h do dia 11 de fevereiro <\/strong>e enviar os documentos conforme exigidos no edital.<\/p>\n\n\n\n<h2 class=\"wp-block-heading\" id=\"h-quando-sai-o-resultado-da-residencia-unicamp-2025-2026\"><span class=\"ez-toc-section\" id=\"Quando_sai_o_resultado_da_residencia_UNICAMP_20252026\"><\/span><strong><strong>Quando sai o resultado da resid\u00eancia UNICAMP 2025\/2026?<\/strong><\/strong><span class=\"ez-toc-section-end\"><\/span><\/h2>\n\n\n\n<p>O resultado final da Resid\u00eancia M\u00e9dica UNICAMP 2025\/2026 ser\u00e1 divulgado em <strong>23 de janeiro de 2026<\/strong>, e os aprovados dever\u00e3o complementar seus dados cadastrais entre <strong>1\u00ba e 10 de fevereiro<\/strong>, com matr\u00edcula marcada para os dias <strong>10 e 11 de fevereiro de 2026<\/strong>.<\/p>\n\n\n\n<h2 class=\"wp-block-heading\" id=\"h-editais-residencia-medica-unicamp-2025-2026\"><span class=\"ez-toc-section\" id=\"Editais_Residencia_Medica_UNICAMP_20252026\"><\/span><strong>Editais Resid\u00eancia M\u00e9dica UNICAMP 2025\/2026<\/strong><span class=\"ez-toc-section-end\"><\/span><\/h2>\n\n\n\n<div class=\"wp-block-buttons is-layout-flex wp-block-buttons-is-layout-flex\">\n<div class=\"wp-block-button\"><a class=\"wp-block-button__link wp-element-button\" href=\"https:\/\/www.grupomedcof.com.br\/blog\/wp-content\/uploads\/2024\/09\/Edital-Unicamp-AD-2026.pdf\" target=\"_blank\" rel=\"noreferrer noopener\">Edital Unicamp Acesso Direto 2026<\/a><\/div>\n\n\n\n<div class=\"wp-block-button\"><a class=\"wp-block-button__link wp-element-button\" href=\"https:\/\/www.grupomedcof.com.br\/blog\/wp-content\/uploads\/2024\/09\/Edital-Unicamp-Especialidades-Cirurgicas-2026.pdf\" target=\"_blank\" rel=\"noreferrer noopener\">Edital Unicamp Especialidades Cir\u00fargicas 2026<\/a><\/div>\n\n\n\n<div class=\"wp-block-button\"><a class=\"wp-block-button__link wp-element-button\" href=\"https:\/\/www.grupomedcof.com.br\/blog\/wp-content\/uploads\/2024\/09\/Edital-Unicamp-Especialidades-Clinicas-2026.pdf\" target=\"_blank\" rel=\"noreferrer noopener\">Edital Unicamp Especialidades Cl\u00ednicas 2026<\/a><\/div>\n\n\n\n<div class=\"wp-block-button\"><a class=\"wp-block-button__link wp-element-button\" href=\"https:\/\/www.grupomedcof.com.br\/blog\/wp-content\/uploads\/2024\/09\/Edital-Unicamp-ESP-Pediatricas-2026.pdf\" target=\"_blank\" rel=\"noreferrer noopener\">Edital Unicamp Especialidades Pedi\u00e1tricas 2026<\/a><\/div>\n\n\n\n<div class=\"wp-block-button\"><a class=\"wp-block-button__link wp-element-button\" href=\"https:\/\/www.grupomedcof.com.br\/blog\/wp-content\/uploads\/2024\/09\/Edital-Unicamp-Area-de-Atuacao-2026.pdf\" target=\"_blank\" rel=\"noreferrer noopener\">Edital Unicamp \u00c1reas de Atua\u00e7\u00e3o 2026<\/a><\/div>\n\n\n\n<div class=\"wp-block-button\"><a class=\"wp-block-button__link wp-element-button\" href=\"https:\/\/www.grupomedcof.com.br\/blog\/wp-content\/uploads\/2024\/09\/Edital-Unicamp-PR-2026.pdf\">Edital Unicamp Pr\u00e9-Requisito 2026<\/a><\/div>\n<\/div>\n\n\n\n<h2 class=\"wp-block-heading\" id=\"h-nota-de-corte-na-residencia-medica-unicamp-2025-2026\"><span class=\"ez-toc-section\" id=\"Nota_de_corte_na_residencia_medica_UNICAMP_20252026\"><\/span><strong><strong>Nota de corte na resid\u00eancia m\u00e9dica UNICAMP 2025\/2026<\/strong><\/strong><span class=\"ez-toc-section-end\"><\/span><\/h2>\n\n\n\n<p>A&nbsp;<a href=\"https:\/\/www.grupomedcof.com.br\/blog\/residencia-medica-unicamp-2023-confira-o-edital\/\">Universidade Estadual de Campinas<\/a>&nbsp;teve&nbsp;<strong>5.259<\/strong>&nbsp;<strong>candidatos inscritos<\/strong>&nbsp;e&nbsp;<strong>mais de 300 vagas ofertadas.<\/strong><\/p>\n\n\n\n<figure class=\"wp-block-table\"><table class=\"has-fixed-layout\"><tbody><tr><td><strong>Especialidade<\/strong><\/td><td><strong>Nota de corte 2025<\/strong><\/td><td><strong>Nota de corte 2026<\/strong><\/td><\/tr><tr><td>ADMINISTRACAO EM SAUDE<\/td><td>7,9<\/td><td>7,0<\/td><\/tr><tr><td>ALERGIA E IMUNOLOGIA<\/td><td>5,74<\/td><td>7,43<\/td><\/tr><tr><td>ALERGIA E IMUNOLOGIA PEDI\u00c1TRICA<\/td><td>7,08<\/td><td>7,75<\/td><\/tr><tr><td>ANESTESIOLOGIA<\/td><td>6,63<\/td><td>7,20<\/td><\/tr><tr><td>ANGIORRADIOLOGIA E CIRURGIA ENDOVASCULAR<\/td><td>8,8<\/td><td>8,75<\/td><\/tr><tr><td>CARDIOLOGIA<\/td><td>7,47<\/td><td>7,43<\/td><\/tr><tr><td>CARDIOLOGIA PEDIATRICA<\/td><td>7,01<\/td><td>7,63<\/td><\/tr><tr><td>CIRURGIA BARIATRICA<\/td><td>\u2013<\/td><td>\u2013<\/td><\/tr><tr><td>CIRURGIA CARDIOVASCULAR<\/td><td>7,52<\/td><td>\u2013<\/td><\/tr><tr><td>CIRURGIA DA MAO<\/td><td>7,55<\/td><td>7,75<\/td><\/tr><tr><td>CIRURGIA DE CABECA E PESCOCO<\/td><td>7,12<\/td><td>7,13<\/td><\/tr><tr><td>CIRURGIA DO APARELHO DIGESTIVO<\/td><td>7,53<\/td><td>8,38<\/td><\/tr><tr><td>CIRURGIA DO TRAUMA<\/td><td>9,4<\/td><td>\u2013<\/td><\/tr><tr><td>CIRURGIA GERAL<\/td><td>6,77<\/td><td>7,70<\/td><\/tr><tr><td>CIRURGIA GERAL \u2013 PROGRAMA AVAN\u00c7ADO<\/td><td>\u2013<\/td><td>\u2013<\/td><\/tr><tr><td>CIRURGIA PEDIATRICA<\/td><td>7,93<\/td><td>8,38<\/td><\/tr><tr><td>CIRURGIA PLASTICA<\/td><td>8,65<\/td><td>9,50<\/td><\/tr><tr><td>CIRURGIA TORACICA<\/td><td>7,14<\/td><td>8,00<\/td><\/tr><tr><td>CIRURGIA VASCULAR<\/td><td>8,1<\/td><td>8,50<\/td><\/tr><tr><td>CL\u00cdNICA M\u00c9DICA<\/td><td>6,52<\/td><td>7,30<\/td><\/tr><tr><td>CLINICA MEDICA (R3)<\/td><td>5,51<\/td><td>\u2013<\/td><\/tr><tr><td>COLOPROCTOLOGIA<\/td><td>8,32<\/td><td>7,75<\/td><\/tr><tr><td>DERMATOLOGIA<\/td><td>7,01<\/td><td>7,50<\/td><\/tr><tr><td>EMERGENCIA PEDI\u00c1TRICA<\/td><td>6,84<\/td><td>6,63<\/td><\/tr><tr><td>ENDOCRINOLOGIA E METABOLOGIA<\/td><td>8,26<\/td><td>9,14<\/td><\/tr><tr><td>ENDOCRINOLOGIA PEDIATRICA<\/td><td>7,99<\/td><td>8,63<\/td><\/tr><tr><td>ENDOSCOPIA<\/td><td>6,35<\/td><td>8,25<\/td><\/tr><tr><td>ENDOSCOPIA DIGESTIVA<\/td><td>7,35<\/td><td>8,25<\/td><\/tr><tr><td>ENDOSCOPIA GINECOLOGICA<\/td><td>10<\/td><td>10,00<\/td><\/tr><tr><td>GASTROENTEROLOGIA<\/td><td>7,99<\/td><td>7,86<\/td><\/tr><tr><td>GASTROENTEROLOGIA PEDIATRICA<\/td><td>7,15<\/td><td>6,13<\/td><\/tr><tr><td>GEN\u00c9TICA M\u00c9DICA<\/td><td>5,63<\/td><td>5,60<\/td><\/tr><tr><td>GERIATRIA<\/td><td>6,87<\/td><td>7,57<\/td><\/tr><tr><td>HANSENOLOGIA<\/td><td>\u2013<\/td><td>\u2013<\/td><\/tr><tr><td>HEMATOLOGIA E HEMOTERAPIA<\/td><td>8,06<\/td><td>8,00<\/td><\/tr><tr><td>HEMATOLOGIA E HEMOTERAPIA PEDI\u00c1TRICA<\/td><td>6,01<\/td><td>7,50<\/td><\/tr><tr><td>HEMODINAMICA E CARDIOLOGIA INTERVENCIONISTA<\/td><td>8,75<\/td><td>7,00<\/td><\/tr><tr><td>HEPATOLOGIA<\/td><td>6,15<\/td><td>7,00<\/td><\/tr><tr><td>INFECTOLOGIA<\/td><td>5,45<\/td><td>6,40<\/td><\/tr><tr><td>INFECTOLOGIA HOSPITALAR<\/td><td>\u2013<\/td><td>8,25<\/td><\/tr><tr><td>MASTOLOGIA<\/td><td>8,7<\/td><td>8,45<\/td><\/tr><tr><td>MEDICINA DE EMERG\u00caNCIA<\/td><td>5,4<\/td><td>6,40<\/td><\/tr><tr><td>MEDICINA DE FAM\u00cdLIA E COMUNIDADE<\/td><td>5,24<\/td><td>6,30<\/td><\/tr><tr><td>MEDICINA DO ADOLESCENTE<\/td><td>5,76<\/td><td>8,25<\/td><\/tr><tr><td>MEDICINA DO TRABALHO<\/td><td>5,3<\/td><td>5,40<\/td><\/tr><tr><td>MEDICINA FETAL<\/td><td>9,5<\/td><td>9,75<\/td><\/tr><tr><td>MEDICINA INTENSIVA<\/td><td>5,43<\/td><td>5,90<\/td><\/tr><tr><td>MEDICINA INTENSIVA PEDIATRICA<\/td><td>6,95<\/td><td>7,75<\/td><\/tr><tr><td>MEDICINA NUCLEAR<\/td><td>4,95<\/td><td>6,00<\/td><\/tr><tr><td>MEDICINA PREVENTIVA E SOCIAL<\/td><td>4,8<\/td><td>5,00<\/td><\/tr><tr><td>NEFROLOGIA<\/td><td>6,73<\/td><td>8,25<\/td><\/tr><tr><td>NEFROLOGIA PEDIATRICA<\/td><td>5,66<\/td><td>8,25<\/td><\/tr><tr><td>NEONATOLOGIA<\/td><td>7<\/td><td>7,25<\/td><\/tr><tr><td>NEUROCIRURGIA<\/td><td>6,95<\/td><td>7,80<\/td><\/tr><tr><td>NEUROFISIOLOGIA CLINICA<\/td><td>\u2013<\/td><td>9,00<\/td><\/tr><tr><td>NEUROLOGIA<\/td><td>7,03<\/td><td>7,70<\/td><\/tr><tr><td>NEUROLOGIA PEDIATRICA<\/td><td>8,24<\/td><td>8,50<\/td><\/tr><tr><td>OBSTETR\u00cdCIA E GINECOLOGIA<\/td><td>6,75<\/td><td>7,50<\/td><\/tr><tr><td>OFTALMOLOGIA<\/td><td>6,76<\/td><td>7,80<\/td><\/tr><tr><td>ONCOLOGIA CLINICA<\/td><td>7,16<\/td><td>7,57<\/td><\/tr><tr><td>ONCOLOGIA PEDIATRICA<\/td><td>5,7<\/td><td>5,63<\/td><\/tr><tr><td>ORTOPEDIA E TRAUMATOLOGIA<\/td><td>5,64<\/td><td>7,20<\/td><\/tr><tr><td>OTORRINOLARINGOLOGIA<\/td><td>6,74<\/td><td>7,50<\/td><\/tr><tr><td>PATOLOGIA<\/td><td>5,75<\/td><td>6,60<\/td><\/tr><tr><td>PATOLOGIA CL\u00cdNICA\/MEDICINA LABORATORIAL<\/td><td>5,39<\/td><td>\u2013<\/td><\/tr><tr><td>PEDIATRIA<\/td><td>6,29<\/td><td>6,60<\/td><\/tr><tr><td>PNEUMOLOGIA<\/td><td>6,47<\/td><td>7,14<\/td><\/tr><tr><td>PNEUMOLOGIA PEDIATRICA<\/td><td>7,39<\/td><td>7,38<\/td><\/tr><tr><td>PSICOGERIATRIA<\/td><td>6,65<\/td><td>9,25<\/td><\/tr><tr><td>PSIQUIATRIA<\/td><td>6,7<\/td><td>7,70<\/td><\/tr><tr><td>PSIQUIATRIA DA INFANCIA E DA ADOLESC\u00caNCIA<\/td><td>7,95<\/td><td>8,50<\/td><\/tr><tr><td>RADIOLOGIA E DIAGN\u00d3STICO POR IMAGEM<\/td><td>6,41<\/td><td>7,50<\/td><\/tr><tr><td>RADIOTERAPIA<\/td><td>5<\/td><td>6,00<\/td><\/tr><tr><td>REUMATOLOGIA<\/td><td>7,71<\/td><td>7,86<\/td><\/tr><tr><td>REUMATOLOGIA PEDIATRICA<\/td><td>5,77<\/td><td>5,75<\/td><\/tr><tr><td>TRANSPLANTE DE CORNEA<\/td><td>9,09<\/td><td>8,00<\/td><\/tr><tr><td>TRANSPLANTE DE F\u00cdGADO<\/td><td>9,85<\/td><td>10,00<\/td><\/tr><tr><td>TRANSPLANTE DE MEDULA \u00d3SSEA<\/td><td>7,85<\/td><td>9,00<\/td><\/tr><tr><td>TRANSPLANTE DE RIM \u2013 NEFROLOGIA<\/td><td>6,4<\/td><td>6,00<\/td><\/tr><tr><td>TRANSPLANTE DE RIM \u2013 UROLOGIA<\/td><td>\u2013<\/td><td>6,00<\/td><\/tr><tr><td>ULTRASSONOGRAFIA EM GINECOLOGIA E OBSTETR\u00cdCIA<\/td><td>5,25<\/td><td>9,50<\/td><\/tr><tr><td>UROLOGIA<\/td><td>8,27<\/td><td>9,13<\/td><\/tr><\/tbody><\/table><\/figure>\n\n\n\n<h2 class=\"wp-block-heading\" id=\"h-prepare-se-para-a-unicamp-2025-2026\"><span class=\"ez-toc-section\" id=\"Prepare-se_para_a_UNICAMP_20252026\"><\/span><strong><strong>Prepare-se para a UNICAMP 2025\/2026<\/strong><\/strong><span class=\"ez-toc-section-end\"><\/span><\/h2>\n\n\n\n<p>Por fim, se voc\u00ea quer mandar bem a pr\u00f3xima prova da UNICAMP, a <a href=\"https:\/\/www.grupomedcof.com.br\/home\/?page=cursos\"><strong>Medcof<\/strong><\/a><strong> <\/strong>te ajudar\u00e1 com isso! Com o nosso cat\u00e1logo repleto de cursos, te guiaremos na jornada \u00e0 Resid\u00eancia M\u00e9dica dos sonhos! Confira os nossos cursos e <a href=\"https:\/\/www.grupomedcof.com.br\/blog\/presenca-da-medcof-nas-aprovacoes-em-residencia-medica-no-brasil\/\"><strong>seja mais um aprovado<\/strong><\/a> nas melhores institui\u00e7\u00f5es do pa\u00eds!<\/p>\n\n\n\n<figure class=\"wp-block-embed is-type-video is-provider-youtube wp-block-embed-youtube wp-embed-aspect-16-9 wp-has-aspect-ratio\"><div class=\"wp-block-embed__wrapper\">\n<div class=\"youtube-embed\" data-video_id=\"\"><iframe loading=\"lazy\" title=\"Gabarito Resid\u00eancia M\u00e9dica UNICAMP 2024 - Corre\u00e7\u00e3o P\u00f3s-Prova - Ao Vivo\" width=\"696\" height=\"392\" src=\"https:\/\/www.youtube.com\/embed\/Ru8-10EtXW8?feature=oembed&#038;enablejsapi=1\" frameborder=\"0\" allow=\"accelerometer; autoplay; clipboard-write; encrypted-media; gyroscope; picture-in-picture; web-share\" referrerpolicy=\"strict-origin-when-cross-origin\" allowfullscreen><\/iframe><\/div>\n<\/div><\/figure>\n","protected":false},"excerpt":{"rendered":"<p>Acompanhe as informa\u00e7\u00f5es do Edital UNICAMP 2025\/2026 de resid\u00eancia m\u00e9dica. Fique por dentro do cronograma e saiba como se preparar para a pr\u00f3xima prova!<\/p>\n","protected":false},"author":20,"featured_media":27570,"comment_status":"open","ping_status":"open","sticky":false,"template":"","format":"standard","meta":{"footnotes":""},"categories":[287,10],"tags":[1568,1452,979,68,16],"ppma_author":[3616],"class_list":{"0":"post-27546","1":"post","2":"type-post","3":"status-publish","4":"format-standard","5":"has-post-thumbnail","7":"category-destaques-medcof","8":"category-raio-x-editais","9":"tag-edital","10":"tag-provas","11":"tag-raio-x-editais-2024","12":"tag-residencia-medica","13":"tag-unicamp"},"yoast_head":"<!-- This site is optimized with the Yoast SEO Premium plugin v24.3 (Yoast SEO v27.4) - https:\/\/yoast.com\/product\/yoast-seo-premium-wordpress\/ -->\n<title>Resid\u00eancia M\u00e9dica Unicamp 2025\/2026: editais, resultados e mais<\/title>\n<meta name=\"description\" content=\"Acompanhe as informa\u00e7\u00f5es do Edital UNICAMP 2025\/2026 de resid\u00eancia m\u00e9dica. Fique por dentro do cronograma e saiba como se preparar para a pr\u00f3xima prova!\" \/>\n<meta name=\"robots\" content=\"index, follow, max-snippet:-1, max-image-preview:large, max-video-preview:-1\" \/>\n<link rel=\"canonical\" href=\"https:\/\/www.grupomedcof.com.br\/blog\/residencia-medica-unicamp\/\" \/>\n<meta property=\"og:locale\" content=\"pt_BR\" \/>\n<meta property=\"og:type\" content=\"article\" \/>\n<meta property=\"og:title\" content=\"Resid\u00eancia M\u00e9dica UNICAMP 2025\/2026: resultado final dispon\u00edvel!\" \/>\n<meta property=\"og:description\" content=\"Acompanhe as informa\u00e7\u00f5es do Edital UNICAMP 2025\/2026 de resid\u00eancia m\u00e9dica. Fique por dentro do cronograma e saiba como se preparar para a pr\u00f3xima prova!\" \/>\n<meta property=\"og:url\" content=\"https:\/\/www.grupomedcof.com.br\/blog\/residencia-medica-unicamp\/\" \/>\n<meta property=\"og:site_name\" content=\"Blog de Medcof: conte\u00fados, editais, revalida e mais!\" \/>\n<meta property=\"article:publisher\" content=\"https:\/\/www.facebook.com\/MedCofQbank\/\" \/>\n<meta property=\"article:published_time\" content=\"2026-01-23T19:20:48+00:00\" \/>\n<meta property=\"article:modified_time\" content=\"2026-04-10T15:11:55+00:00\" \/>\n<meta property=\"og:image\" content=\"https:\/\/www.grupomedcof.com.br\/blog\/wp-content\/uploads\/2024\/07\/Modelo-instituicoes-3.png\" \/>\n\t<meta property=\"og:image:width\" content=\"1920\" \/>\n\t<meta property=\"og:image:height\" content=\"1080\" \/>\n\t<meta property=\"og:image:type\" content=\"image\/png\" \/>\n<meta name=\"author\" content=\"Leila Menzel\" \/>\n<meta name=\"twitter:card\" content=\"summary_large_image\" \/>\n<meta name=\"twitter:label1\" content=\"Escrito por\" \/>\n\t<meta name=\"twitter:data1\" content=\"Leila Menzel\" \/>\n\t<meta name=\"twitter:label2\" content=\"Est. tempo de leitura\" \/>\n\t<meta name=\"twitter:data2\" content=\"11 minutos\" \/>\n<script type=\"application\/ld+json\" class=\"yoast-schema-graph\">{\"@context\":\"https:\\\/\\\/schema.org\",\"@graph\":[{\"@type\":\"Article\",\"@id\":\"https:\\\/\\\/www.grupomedcof.com.br\\\/blog\\\/residencia-medica-unicamp\\\/#article\",\"isPartOf\":{\"@id\":\"https:\\\/\\\/www.grupomedcof.com.br\\\/blog\\\/residencia-medica-unicamp\\\/\"},\"author\":{\"name\":\"Leila Menzel\",\"@id\":\"https:\\\/\\\/www.grupomedcof.com.br\\\/blog\\\/#\\\/schema\\\/person\\\/9a44c2184a836bf5ae6967fdb3a1451e\"},\"headline\":\"Resid\u00eancia M\u00e9dica UNICAMP 2025\\\/2026: resultado final dispon\u00edvel!\",\"datePublished\":\"2026-01-23T19:20:48+00:00\",\"dateModified\":\"2026-04-10T15:11:55+00:00\",\"mainEntityOfPage\":{\"@id\":\"https:\\\/\\\/www.grupomedcof.com.br\\\/blog\\\/residencia-medica-unicamp\\\/\"},\"wordCount\":1836,\"commentCount\":0,\"publisher\":{\"@id\":\"https:\\\/\\\/www.grupomedcof.com.br\\\/blog\\\/#organization\"},\"image\":{\"@id\":\"https:\\\/\\\/www.grupomedcof.com.br\\\/blog\\\/residencia-medica-unicamp\\\/#primaryimage\"},\"thumbnailUrl\":\"https:\\\/\\\/www.grupomedcof.com.br\\\/blog\\\/wp-content\\\/uploads\\\/2024\\\/07\\\/Modelo-instituicoes-3.png\",\"keywords\":[\"Edital\",\"Provas\",\"Raio-X Editais 2024\",\"Resid\u00eancia M\u00e9dica\",\"Unicamp\"],\"articleSection\":[\"Destaques MedCof\",\"Raio-X Editais\"],\"inLanguage\":\"pt-BR\"},{\"@type\":\"WebPage\",\"@id\":\"https:\\\/\\\/www.grupomedcof.com.br\\\/blog\\\/residencia-medica-unicamp\\\/\",\"url\":\"https:\\\/\\\/www.grupomedcof.com.br\\\/blog\\\/residencia-medica-unicamp\\\/\",\"name\":\"Resid\u00eancia M\u00e9dica Unicamp 2025\\\/2026: editais, resultados e mais\",\"isPartOf\":{\"@id\":\"https:\\\/\\\/www.grupomedcof.com.br\\\/blog\\\/#website\"},\"primaryImageOfPage\":{\"@id\":\"https:\\\/\\\/www.grupomedcof.com.br\\\/blog\\\/residencia-medica-unicamp\\\/#primaryimage\"},\"image\":{\"@id\":\"https:\\\/\\\/www.grupomedcof.com.br\\\/blog\\\/residencia-medica-unicamp\\\/#primaryimage\"},\"thumbnailUrl\":\"https:\\\/\\\/www.grupomedcof.com.br\\\/blog\\\/wp-content\\\/uploads\\\/2024\\\/07\\\/Modelo-instituicoes-3.png\",\"datePublished\":\"2026-01-23T19:20:48+00:00\",\"dateModified\":\"2026-04-10T15:11:55+00:00\",\"description\":\"Acompanhe as informa\u00e7\u00f5es do Edital UNICAMP 2025\\\/2026 de resid\u00eancia m\u00e9dica. Fique por dentro do cronograma e saiba como se preparar para a pr\u00f3xima prova!\",\"breadcrumb\":{\"@id\":\"https:\\\/\\\/www.grupomedcof.com.br\\\/blog\\\/residencia-medica-unicamp\\\/#breadcrumb\"},\"inLanguage\":\"pt-BR\",\"potentialAction\":[{\"@type\":\"ReadAction\",\"target\":[\"https:\\\/\\\/www.grupomedcof.com.br\\\/blog\\\/residencia-medica-unicamp\\\/\"]}]},{\"@type\":\"ImageObject\",\"inLanguage\":\"pt-BR\",\"@id\":\"https:\\\/\\\/www.grupomedcof.com.br\\\/blog\\\/residencia-medica-unicamp\\\/#primaryimage\",\"url\":\"https:\\\/\\\/www.grupomedcof.com.br\\\/blog\\\/wp-content\\\/uploads\\\/2024\\\/07\\\/Modelo-instituicoes-3.png\",\"contentUrl\":\"https:\\\/\\\/www.grupomedcof.com.br\\\/blog\\\/wp-content\\\/uploads\\\/2024\\\/07\\\/Modelo-instituicoes-3.png\",\"width\":1920,\"height\":1080,\"caption\":\"Logo da institui\u00e7\u00e3o UNICAMP,com escrita \\\"unicamp\\\" e, no canto inferior consta o logo da empresa MedCof com a escrita \\\"MedCof\\\"\"},{\"@type\":\"BreadcrumbList\",\"@id\":\"https:\\\/\\\/www.grupomedcof.com.br\\\/blog\\\/residencia-medica-unicamp\\\/#breadcrumb\",\"itemListElement\":[{\"@type\":\"ListItem\",\"position\":1,\"name\":\"In\u00edcio\",\"item\":\"https:\\\/\\\/www.grupomedcof.com.br\\\/blog\\\/\"},{\"@type\":\"ListItem\",\"position\":2,\"name\":\"Resid\u00eancia M\u00e9dica UNICAMP 2025\\\/2026: resultado final dispon\u00edvel!\"}]},{\"@type\":\"WebSite\",\"@id\":\"https:\\\/\\\/www.grupomedcof.com.br\\\/blog\\\/#website\",\"url\":\"https:\\\/\\\/www.grupomedcof.com.br\\\/blog\\\/\",\"name\":\"Blog de Medcof: conte\u00fados, editais, revalida e mais!\",\"description\":\"Acesso o blog de MedCof! Seu portal de conte\u00fados sobre resid\u00eancia m\u00e9dica, an\u00e1lise e editais e muito mais. Clique e confira!\",\"publisher\":{\"@id\":\"https:\\\/\\\/www.grupomedcof.com.br\\\/blog\\\/#organization\"},\"alternateName\":\"Blog de Medcof: conte\u00fados, editais, revalida e mais!\",\"potentialAction\":[{\"@type\":\"SearchAction\",\"target\":{\"@type\":\"EntryPoint\",\"urlTemplate\":\"https:\\\/\\\/www.grupomedcof.com.br\\\/blog\\\/?s={search_term_string}\"},\"query-input\":{\"@type\":\"PropertyValueSpecification\",\"valueRequired\":true,\"valueName\":\"search_term_string\"}}],\"inLanguage\":\"pt-BR\"},{\"@type\":\"Organization\",\"@id\":\"https:\\\/\\\/www.grupomedcof.com.br\\\/blog\\\/#organization\",\"name\":\"Grupo MedCof\",\"url\":\"https:\\\/\\\/www.grupomedcof.com.br\\\/blog\\\/\",\"logo\":{\"@type\":\"ImageObject\",\"inLanguage\":\"pt-BR\",\"@id\":\"https:\\\/\\\/www.grupomedcof.com.br\\\/blog\\\/#\\\/schema\\\/logo\\\/image\\\/\",\"url\":\"https:\\\/\\\/www.grupomedcof.com.br\\\/blog\\\/wp-content\\\/uploads\\\/2022\\\/01\\\/logo-medcof.png\",\"contentUrl\":\"https:\\\/\\\/www.grupomedcof.com.br\\\/blog\\\/wp-content\\\/uploads\\\/2022\\\/01\\\/logo-medcof.png\",\"width\":768,\"height\":269,\"caption\":\"Grupo MedCof\"},\"image\":{\"@id\":\"https:\\\/\\\/www.grupomedcof.com.br\\\/blog\\\/#\\\/schema\\\/logo\\\/image\\\/\"},\"sameAs\":[\"https:\\\/\\\/www.facebook.com\\\/MedCofQbank\\\/\",\"https:\\\/\\\/www.instagram.com\\\/grupomedcof\\\/\",\"https:\\\/\\\/br.linkedin.com\\\/company\\\/medcof\",\"https:\\\/\\\/www.youtube.com\\\/channel\\\/UCdHMuOHKICxcHwecxN8P-AA\"]},{\"@type\":\"Person\",\"@id\":\"https:\\\/\\\/www.grupomedcof.com.br\\\/blog\\\/#\\\/schema\\\/person\\\/9a44c2184a836bf5ae6967fdb3a1451e\",\"name\":\"Leila Menzel\",\"image\":{\"@type\":\"ImageObject\",\"inLanguage\":\"pt-BR\",\"@id\":\"https:\\\/\\\/www.grupomedcof.com.br\\\/blog\\\/wp-content\\\/uploads\\\/2025\\\/09\\\/cropped-eu-96x96.jpeg19a74936d997c0a8b3031618467fa1d0\",\"url\":\"https:\\\/\\\/www.grupomedcof.com.br\\\/blog\\\/wp-content\\\/uploads\\\/2025\\\/09\\\/cropped-eu-96x96.jpeg\",\"contentUrl\":\"https:\\\/\\\/www.grupomedcof.com.br\\\/blog\\\/wp-content\\\/uploads\\\/2025\\\/09\\\/cropped-eu-96x96.jpeg\",\"caption\":\"Leila Menzel\"},\"description\":\"Estudante do 6\u00b0 semestre de jornalismo, amo e escrevo poesias e viajo em livros de romances clich\u00eas.\",\"url\":\"https:\\\/\\\/www.grupomedcof.com.br\\\/blog\\\/author\\\/leila-menzel\\\/\"}]}<\/script>\n<!-- \/ Yoast SEO Premium plugin. -->","yoast_head_json":{"title":"Resid\u00eancia M\u00e9dica Unicamp 2025\/2026: editais, resultados e mais","description":"Acompanhe as informa\u00e7\u00f5es do Edital UNICAMP 2025\/2026 de resid\u00eancia m\u00e9dica. Fique por dentro do cronograma e saiba como se preparar para a pr\u00f3xima prova!","robots":{"index":"index","follow":"follow","max-snippet":"max-snippet:-1","max-image-preview":"max-image-preview:large","max-video-preview":"max-video-preview:-1"},"canonical":"https:\/\/www.grupomedcof.com.br\/blog\/residencia-medica-unicamp\/","og_locale":"pt_BR","og_type":"article","og_title":"Resid\u00eancia M\u00e9dica UNICAMP 2025\/2026: resultado final dispon\u00edvel!","og_description":"Acompanhe as informa\u00e7\u00f5es do Edital UNICAMP 2025\/2026 de resid\u00eancia m\u00e9dica. Fique por dentro do cronograma e saiba como se preparar para a pr\u00f3xima prova!","og_url":"https:\/\/www.grupomedcof.com.br\/blog\/residencia-medica-unicamp\/","og_site_name":"Blog de Medcof: conte\u00fados, editais, revalida e mais!","article_publisher":"https:\/\/www.facebook.com\/MedCofQbank\/","article_published_time":"2026-01-23T19:20:48+00:00","article_modified_time":"2026-04-10T15:11:55+00:00","og_image":[{"width":1920,"height":1080,"url":"https:\/\/www.grupomedcof.com.br\/blog\/wp-content\/uploads\/2024\/07\/Modelo-instituicoes-3.png","type":"image\/png"}],"author":"Leila Menzel","twitter_card":"summary_large_image","twitter_misc":{"Escrito por":"Leila Menzel","Est. tempo de leitura":"11 minutos"},"schema":{"@context":"https:\/\/schema.org","@graph":[{"@type":"Article","@id":"https:\/\/www.grupomedcof.com.br\/blog\/residencia-medica-unicamp\/#article","isPartOf":{"@id":"https:\/\/www.grupomedcof.com.br\/blog\/residencia-medica-unicamp\/"},"author":{"name":"Leila Menzel","@id":"https:\/\/www.grupomedcof.com.br\/blog\/#\/schema\/person\/9a44c2184a836bf5ae6967fdb3a1451e"},"headline":"Resid\u00eancia M\u00e9dica UNICAMP 2025\/2026: resultado final dispon\u00edvel!","datePublished":"2026-01-23T19:20:48+00:00","dateModified":"2026-04-10T15:11:55+00:00","mainEntityOfPage":{"@id":"https:\/\/www.grupomedcof.com.br\/blog\/residencia-medica-unicamp\/"},"wordCount":1836,"commentCount":0,"publisher":{"@id":"https:\/\/www.grupomedcof.com.br\/blog\/#organization"},"image":{"@id":"https:\/\/www.grupomedcof.com.br\/blog\/residencia-medica-unicamp\/#primaryimage"},"thumbnailUrl":"https:\/\/www.grupomedcof.com.br\/blog\/wp-content\/uploads\/2024\/07\/Modelo-instituicoes-3.png","keywords":["Edital","Provas","Raio-X Editais 2024","Resid\u00eancia M\u00e9dica","Unicamp"],"articleSection":["Destaques MedCof","Raio-X Editais"],"inLanguage":"pt-BR"},{"@type":"WebPage","@id":"https:\/\/www.grupomedcof.com.br\/blog\/residencia-medica-unicamp\/","url":"https:\/\/www.grupomedcof.com.br\/blog\/residencia-medica-unicamp\/","name":"Resid\u00eancia M\u00e9dica Unicamp 2025\/2026: editais, resultados e mais","isPartOf":{"@id":"https:\/\/www.grupomedcof.com.br\/blog\/#website"},"primaryImageOfPage":{"@id":"https:\/\/www.grupomedcof.com.br\/blog\/residencia-medica-unicamp\/#primaryimage"},"image":{"@id":"https:\/\/www.grupomedcof.com.br\/blog\/residencia-medica-unicamp\/#primaryimage"},"thumbnailUrl":"https:\/\/www.grupomedcof.com.br\/blog\/wp-content\/uploads\/2024\/07\/Modelo-instituicoes-3.png","datePublished":"2026-01-23T19:20:48+00:00","dateModified":"2026-04-10T15:11:55+00:00","description":"Acompanhe as informa\u00e7\u00f5es do Edital UNICAMP 2025\/2026 de resid\u00eancia m\u00e9dica. Fique por dentro do cronograma e saiba como se preparar para a pr\u00f3xima prova!","breadcrumb":{"@id":"https:\/\/www.grupomedcof.com.br\/blog\/residencia-medica-unicamp\/#breadcrumb"},"inLanguage":"pt-BR","potentialAction":[{"@type":"ReadAction","target":["https:\/\/www.grupomedcof.com.br\/blog\/residencia-medica-unicamp\/"]}]},{"@type":"ImageObject","inLanguage":"pt-BR","@id":"https:\/\/www.grupomedcof.com.br\/blog\/residencia-medica-unicamp\/#primaryimage","url":"https:\/\/www.grupomedcof.com.br\/blog\/wp-content\/uploads\/2024\/07\/Modelo-instituicoes-3.png","contentUrl":"https:\/\/www.grupomedcof.com.br\/blog\/wp-content\/uploads\/2024\/07\/Modelo-instituicoes-3.png","width":1920,"height":1080,"caption":"Logo da institui\u00e7\u00e3o UNICAMP,com escrita \"unicamp\" e, no canto inferior consta o logo da empresa MedCof com a escrita \"MedCof\""},{"@type":"BreadcrumbList","@id":"https:\/\/www.grupomedcof.com.br\/blog\/residencia-medica-unicamp\/#breadcrumb","itemListElement":[{"@type":"ListItem","position":1,"name":"In\u00edcio","item":"https:\/\/www.grupomedcof.com.br\/blog\/"},{"@type":"ListItem","position":2,"name":"Resid\u00eancia M\u00e9dica UNICAMP 2025\/2026: resultado final dispon\u00edvel!"}]},{"@type":"WebSite","@id":"https:\/\/www.grupomedcof.com.br\/blog\/#website","url":"https:\/\/www.grupomedcof.com.br\/blog\/","name":"Blog de Medcof: conte\u00fados, editais, revalida e mais!","description":"Acesso o blog de MedCof! Seu portal de conte\u00fados sobre resid\u00eancia m\u00e9dica, an\u00e1lise e editais e muito mais. Clique e confira!","publisher":{"@id":"https:\/\/www.grupomedcof.com.br\/blog\/#organization"},"alternateName":"Blog de Medcof: conte\u00fados, editais, revalida e mais!","potentialAction":[{"@type":"SearchAction","target":{"@type":"EntryPoint","urlTemplate":"https:\/\/www.grupomedcof.com.br\/blog\/?s={search_term_string}"},"query-input":{"@type":"PropertyValueSpecification","valueRequired":true,"valueName":"search_term_string"}}],"inLanguage":"pt-BR"},{"@type":"Organization","@id":"https:\/\/www.grupomedcof.com.br\/blog\/#organization","name":"Grupo MedCof","url":"https:\/\/www.grupomedcof.com.br\/blog\/","logo":{"@type":"ImageObject","inLanguage":"pt-BR","@id":"https:\/\/www.grupomedcof.com.br\/blog\/#\/schema\/logo\/image\/","url":"https:\/\/www.grupomedcof.com.br\/blog\/wp-content\/uploads\/2022\/01\/logo-medcof.png","contentUrl":"https:\/\/www.grupomedcof.com.br\/blog\/wp-content\/uploads\/2022\/01\/logo-medcof.png","width":768,"height":269,"caption":"Grupo MedCof"},"image":{"@id":"https:\/\/www.grupomedcof.com.br\/blog\/#\/schema\/logo\/image\/"},"sameAs":["https:\/\/www.facebook.com\/MedCofQbank\/","https:\/\/www.instagram.com\/grupomedcof\/","https:\/\/br.linkedin.com\/company\/medcof","https:\/\/www.youtube.com\/channel\/UCdHMuOHKICxcHwecxN8P-AA"]},{"@type":"Person","@id":"https:\/\/www.grupomedcof.com.br\/blog\/#\/schema\/person\/9a44c2184a836bf5ae6967fdb3a1451e","name":"Leila Menzel","image":{"@type":"ImageObject","inLanguage":"pt-BR","@id":"https:\/\/www.grupomedcof.com.br\/blog\/wp-content\/uploads\/2025\/09\/cropped-eu-96x96.jpeg19a74936d997c0a8b3031618467fa1d0","url":"https:\/\/www.grupomedcof.com.br\/blog\/wp-content\/uploads\/2025\/09\/cropped-eu-96x96.jpeg","contentUrl":"https:\/\/www.grupomedcof.com.br\/blog\/wp-content\/uploads\/2025\/09\/cropped-eu-96x96.jpeg","caption":"Leila Menzel"},"description":"Estudante do 6\u00b0 semestre de jornalismo, amo e escrevo poesias e viajo em livros de romances clich\u00eas.","url":"https:\/\/www.grupomedcof.com.br\/blog\/author\/leila-menzel\/"}]}},"authors":[{"term_id":3616,"user_id":20,"is_guest":0,"slug":"leila-menzel","display_name":"Leila Menzel","avatar_url":"https:\/\/www.grupomedcof.com.br\/blog\/wp-content\/uploads\/2025\/09\/cropped-eu-96x96.jpeg","0":null,"1":"","2":"","3":"","4":"","5":"","6":"","7":"","8":""}],"_links":{"self":[{"href":"https:\/\/www.grupomedcof.com.br\/blog\/wp-json\/wp\/v2\/posts\/27546","targetHints":{"allow":["GET"]}}],"collection":[{"href":"https:\/\/www.grupomedcof.com.br\/blog\/wp-json\/wp\/v2\/posts"}],"about":[{"href":"https:\/\/www.grupomedcof.com.br\/blog\/wp-json\/wp\/v2\/types\/post"}],"author":[{"embeddable":true,"href":"https:\/\/www.grupomedcof.com.br\/blog\/wp-json\/wp\/v2\/users\/20"}],"replies":[{"embeddable":true,"href":"https:\/\/www.grupomedcof.com.br\/blog\/wp-json\/wp\/v2\/comments?post=27546"}],"version-history":[{"count":12,"href":"https:\/\/www.grupomedcof.com.br\/blog\/wp-json\/wp\/v2\/posts\/27546\/revisions"}],"predecessor-version":[{"id":42927,"href":"https:\/\/www.grupomedcof.com.br\/blog\/wp-json\/wp\/v2\/posts\/27546\/revisions\/42927"}],"wp:featuredmedia":[{"embeddable":true,"href":"https:\/\/www.grupomedcof.com.br\/blog\/wp-json\/wp\/v2\/media\/27570"}],"wp:attachment":[{"href":"https:\/\/www.grupomedcof.com.br\/blog\/wp-json\/wp\/v2\/media?parent=27546"}],"wp:term":[{"taxonomy":"category","embeddable":true,"href":"https:\/\/www.grupomedcof.com.br\/blog\/wp-json\/wp\/v2\/categories?post=27546"},{"taxonomy":"post_tag","embeddable":true,"href":"https:\/\/www.grupomedcof.com.br\/blog\/wp-json\/wp\/v2\/tags?post=27546"},{"taxonomy":"author","embeddable":true,"href":"https:\/\/www.grupomedcof.com.br\/blog\/wp-json\/wp\/v2\/ppma_author?post=27546"}],"curies":[{"name":"wp","href":"https:\/\/api.w.org\/{rel}","templated":true}]}}