{"id":27574,"date":"2024-07-08T15:58:12","date_gmt":"2024-07-08T18:58:12","guid":{"rendered":"https:\/\/www.grupomedcof.com.br\/blog\/?p=27574"},"modified":"2024-07-10T16:12:11","modified_gmt":"2024-07-10T19:12:11","slug":"organizacao-e-manejo-do-tempo-durante-a-faculdade","status":"publish","type":"post","link":"https:\/\/www.grupomedcof.com.br\/blog\/organizacao-e-manejo-do-tempo-durante-a-faculdade\/","title":{"rendered":"Organiza\u00e7\u00e3o e manejo do tempo durante a faculdade"},"content":{"rendered":"<div id=\"ez-toc-container\" class=\"ez-toc-v2_0_74 counter-hierarchy ez-toc-counter ez-toc-transparent ez-toc-container-direction\">\n<div class=\"ez-toc-title-container\">\n<p class=\"ez-toc-title\" style=\"cursor:inherit\">Sum\u00e1rio<\/p>\n<span class=\"ez-toc-title-toggle\"><a href=\"#\" class=\"ez-toc-pull-right ez-toc-btn ez-toc-btn-xs ez-toc-btn-default ez-toc-toggle\" aria-label=\"Alternar tabela de conte\u00fado\"><span class=\"ez-toc-js-icon-con\"><span class=\"\"><span class=\"eztoc-hide\" style=\"display:none;\">Toggle<\/span><span class=\"ez-toc-icon-toggle-span\"><svg style=\"fill: #999;color:#999\" xmlns=\"http:\/\/www.w3.org\/2000\/svg\" class=\"list-377408\" width=\"20px\" height=\"20px\" viewBox=\"0 0 24 24\" fill=\"none\"><path d=\"M6 6H4v2h2V6zm14 0H8v2h12V6zM4 11h2v2H4v-2zm16 0H8v2h12v-2zM4 16h2v2H4v-2zm16 0H8v2h12v-2z\" fill=\"currentColor\"><\/path><\/svg><svg style=\"fill: #999;color:#999\" class=\"arrow-unsorted-368013\" xmlns=\"http:\/\/www.w3.org\/2000\/svg\" width=\"10px\" height=\"10px\" viewBox=\"0 0 24 24\" version=\"1.2\" baseProfile=\"tiny\"><path d=\"M18.2 9.3l-6.2-6.3-6.2 6.3c-.2.2-.3.4-.3.7s.1.5.3.7c.2.2.4.3.7.3h11c.3 0 .5-.1.7-.3.2-.2.3-.5.3-.7s-.1-.5-.3-.7zM5.8 14.7l6.2 6.3 6.2-6.3c.2-.2.3-.5.3-.7s-.1-.5-.3-.7c-.2-.2-.4-.3-.7-.3h-11c-.3 0-.5.1-.7.3-.2.2-.3.5-.3.7s.1.5.3.7z\"\/><\/svg><\/span><\/span><\/span><\/a><\/span><\/div>\n<nav><ul class='ez-toc-list ez-toc-list-level-1 ' ><li class='ez-toc-page-1 ez-toc-heading-level-2'><a class=\"ez-toc-link ez-toc-heading-1\" href=\"https:\/\/www.grupomedcof.com.br\/blog\/organizacao-e-manejo-do-tempo-durante-a-faculdade\/#Antes_das_dicas_uma_conversa_sincera\" >Antes das dicas, uma conversa sincera<\/a><\/li><li class='ez-toc-page-1 ez-toc-heading-level-2'><a class=\"ez-toc-link ez-toc-heading-2\" href=\"https:\/\/www.grupomedcof.com.br\/blog\/organizacao-e-manejo-do-tempo-durante-a-faculdade\/#Colocando_em_acao\" >Colocando em a\u00e7\u00e3o<\/a><ul class='ez-toc-list-level-3' ><li class='ez-toc-heading-level-3'><a class=\"ez-toc-link ez-toc-heading-3\" href=\"https:\/\/www.grupomedcof.com.br\/blog\/organizacao-e-manejo-do-tempo-durante-a-faculdade\/#Notion\" >Notion<\/a><\/li><li class='ez-toc-page-1 ez-toc-heading-level-3'><a class=\"ez-toc-link ez-toc-heading-4\" href=\"https:\/\/www.grupomedcof.com.br\/blog\/organizacao-e-manejo-do-tempo-durante-a-faculdade\/#Google_Calendar\" >Google Calendar<\/a><\/li><\/ul><\/li><li class='ez-toc-page-1 ez-toc-heading-level-2'><a class=\"ez-toc-link ez-toc-heading-5\" href=\"https:\/\/www.grupomedcof.com.br\/blog\/organizacao-e-manejo-do-tempo-durante-a-faculdade\/#O_metodo_que_te_aprova\" >O m\u00e9todo que te aprova<\/a><\/li><\/ul><\/nav><\/div>\n\n<figure class=\"wp-block-image size-large\"><img loading=\"lazy\" decoding=\"async\" width=\"1024\" height=\"576\" src=\"https:\/\/www.grupomedcof.com.br\/blog\/wp-content\/uploads\/2024\/07\/Blog-MedCof-25-1-1024x576.png\" alt=\"\" class=\"wp-image-27577\" srcset=\"https:\/\/www.grupomedcof.com.br\/blog\/wp-content\/uploads\/2024\/07\/Blog-MedCof-25-1-1024x576.png 1024w, https:\/\/www.grupomedcof.com.br\/blog\/wp-content\/uploads\/2024\/07\/Blog-MedCof-25-1-300x169.png 300w, https:\/\/www.grupomedcof.com.br\/blog\/wp-content\/uploads\/2024\/07\/Blog-MedCof-25-1-768x432.png 768w, https:\/\/www.grupomedcof.com.br\/blog\/wp-content\/uploads\/2024\/07\/Blog-MedCof-25-1-1536x864.png 1536w, https:\/\/www.grupomedcof.com.br\/blog\/wp-content\/uploads\/2024\/07\/Blog-MedCof-25-1-747x420.png 747w, https:\/\/www.grupomedcof.com.br\/blog\/wp-content\/uploads\/2024\/07\/Blog-MedCof-25-1-150x84.png 150w, https:\/\/www.grupomedcof.com.br\/blog\/wp-content\/uploads\/2024\/07\/Blog-MedCof-25-1-696x392.png 696w, https:\/\/www.grupomedcof.com.br\/blog\/wp-content\/uploads\/2024\/07\/Blog-MedCof-25-1-1068x601.png 1068w, https:\/\/www.grupomedcof.com.br\/blog\/wp-content\/uploads\/2024\/07\/Blog-MedCof-25-1.png 1920w\" sizes=\"auto, (max-width: 1024px) 100vw, 1024px\" \/><\/figure>\n\n\n\n<p>Entre n\u00f3s, voc\u00ea est\u00e1 satisfeito com sua <strong>organiza\u00e7\u00e3o e manejo do tempo<\/strong> na faculdade?<\/p>\n\n\n\n<p>A esse ponto, todos n\u00f3s j\u00e1 fomos apresentados a in\u00fameros discursos motivacionais, t\u00e9cnicas para ter disciplina e infinitas dicas de como ser produtivo j\u00e1 que, como o autor Byung-Chul Han diz em seu livro \u201cSociedade do Cansa\u00e7o\u201d, estamos vivenciando a sociedade do desempenho.<\/p>\n\n\n\n<p>Vamos conversar um pouco sobre e voc\u00ea sair\u00e1 desse texto com algumas dicas pr\u00e1ticas sobre manejo do tempo durante a faculdade.<\/p>\n\n\n\n<p><em><strong>Texto escrito por Giulia Gallucci, estudante de medicina<\/strong><\/em><strong><em> na Universidade Cidade de S\u00e3o Paulo &#8211; UNICID<\/em><\/strong><\/p>\n\n\n\n<h2 class=\"wp-block-heading\" id=\"h-antes-das-dicas-uma-conversa-sincera\"><span class=\"ez-toc-section\" id=\"Antes_das_dicas_uma_conversa_sincera\"><\/span><strong>Antes das dicas, uma conversa sincera<\/strong><span class=\"ez-toc-section-end\"><\/span><\/h2>\n\n\n\n<p>Voc\u00ea sabe <strong>se organizar<\/strong>? E, al\u00e9m disso, voc\u00ea coloca o seu <strong>planejamento em a\u00e7\u00e3o<\/strong>?<\/p>\n\n\n\n<p>Um plano s\u00f3 \u00e9 \u00fatil se for capaz de <strong>sobreviver \u00e0 realidade<\/strong>, ou seja, o planejamento perfeito \u00e9 aquele que \u00e9 <strong>posto em pr\u00e1tica<\/strong>.<\/p>\n\n\n\n<p>Logo, voc\u00ea precisa ser honesto com a sua capacidade de produzir e saber que, por meio da const\u00e2ncia, voc\u00ea se torna bom em &#8211; quase &#8211; qualquer coisa nessa vida.<\/p>\n\n\n\n<p>Al\u00e9m disso, voc\u00ea precisa estabelecer suas prioridades e a melhor forma de fazer isso \u00e9 tirando um tempo para refletir e anotar. Por isso, estabele\u00e7a um compromisso consigo mesmo de parar exclusivamente para fazer seu planejamento semanal.<\/p>\n\n\n\n<h2 class=\"wp-block-heading\" id=\"h-colocando-em-acao\"><span class=\"ez-toc-section\" id=\"Colocando_em_acao\"><\/span><strong>Colocando em a\u00e7\u00e3o<\/strong><span class=\"ez-toc-section-end\"><\/span><\/h2>\n\n\n\n<p>Nada melhor para organiza\u00e7\u00e3o do que contar com a tecnologia ao seu favor. Ent\u00e3o, nessa trajet\u00f3ria de se tornar organizado, voc\u00ea pode contar com 2 ferramentas super \u00fateis: <strong>Notion<\/strong> e <strong>Google Calendar<\/strong>.<\/p>\n\n\n\n<h3 class=\"wp-block-heading\" id=\"h-notion\"><span class=\"ez-toc-section\" id=\"Notion\"><\/span><strong>Notion<\/strong><span class=\"ez-toc-section-end\"><\/span><\/h3>\n\n\n\n<p>Notion \u00e9 um aplicativo, que tamb\u00e9m pode ser acessado pelo navegador, extremamente customiz\u00e1vel e fundamental para sua autogest\u00e3o.<\/p>\n\n\n\n<p>No notion voc\u00ea consegue criar in\u00fameras p\u00e1ginas e construir sua pr\u00f3pria organiza\u00e7\u00e3o do zero com tabelas, checklists e muitas outras ferramentas.<\/p>\n\n\n\n<p>Ele pode parecer confuso no come\u00e7o, mas basta apenas alguns tutoriais no youtube e voc\u00ea vai domin\u00e1-lo.<\/p>\n\n\n\n<p>Sem limite de mem\u00f3ria e sem custos, o Notion vai te ajudar a ter roteiros, datas de provas e at\u00e9 mesmo um caderno digital, tudo organizado. Al\u00e9m disso, voc\u00ea tamb\u00e9m pode organizar sua vida financeira e pessoal dentro dele.<\/p>\n\n\n\n<h3 class=\"wp-block-heading\" id=\"h-google-calendar\"><span class=\"ez-toc-section\" id=\"Google_Calendar\"><\/span><strong>Google Calendar<\/strong><span class=\"ez-toc-section-end\"><\/span><\/h3>\n\n\n\n<p>A agenda do google \u00e9 um servi\u00e7o gratuito que te possibilita criar eventos e tarefas de forma f\u00e1cil e r\u00e1pida.<\/p>\n\n\n\n<p>O aplicativo mobile com notifica\u00e7\u00f5es te salva no dia a dia, voc\u00ea consegue organizar seus compromissos e modific\u00e1-los de forma r\u00e1pida caso haja imprevistos.<\/p>\n\n\n\n<p>Uma dica: coloque todos os seus hor\u00e1rios da faculdade nele, seus compromissos al\u00e9m da faculdade e tarefas que voc\u00ea quer cumprir no dia a dia, mas lembre de colocar o hor\u00e1rio de descanso tamb\u00e9m!<\/p>\n\n\n\n<h2 class=\"wp-block-heading\" id=\"h-o-metodo-que-te-aprova\"><span class=\"ez-toc-section\" id=\"O_metodo_que_te_aprova\"><\/span><strong>O m\u00e9todo que te aprova<\/strong><span class=\"ez-toc-section-end\"><\/span><\/h2>\n\n\n\n<p>Se voc\u00ea quer garantir a sua aprova\u00e7\u00e3o nas provas de resid\u00eancia m\u00e9dica, ent\u00e3o conhe\u00e7a o grupo MedCof e a metodologia que j\u00e1 aprovou&nbsp;<a href=\"https:\/\/www.grupomedcof.com.br\/blog\/presenca-da-medcof-nas-aprovacoes-em-residencia-medica-no-brasil\/\"><strong>mais de 10 mil<\/strong><\/a>&nbsp;residentes pelo pa\u00eds. Confira abaixo uma das aulas exclusivas do nosso <strong><a href=\"https:\/\/youtu.be\/_eQ4__k90D8?si=Z-_-Qa4jxJXB-Bn1\">Curso Extensivo<\/a><\/strong>:<\/p>\n\n\n\n<figure class=\"wp-block-embed is-type-video is-provider-youtube wp-block-embed-youtube wp-embed-aspect-16-9 wp-has-aspect-ratio\"><div class=\"wp-block-embed__wrapper\">\n<iframe loading=\"lazy\" title=\"Tudo o que voc\u00ea precisa saber sobre Hansen\u00edase. Com Dra. Elisa Coelho\" width=\"696\" height=\"392\" src=\"https:\/\/www.youtube.com\/embed\/_eQ4__k90D8?feature=oembed\" frameborder=\"0\" allow=\"accelerometer; autoplay; clipboard-write; encrypted-media; gyroscope; picture-in-picture; web-share\" referrerpolicy=\"strict-origin-when-cross-origin\" allowfullscreen><\/iframe>\n<\/div><\/figure>\n","protected":false},"excerpt":{"rendered":"<p>Entre n\u00f3s, voc\u00ea est\u00e1 satisfeito com sua organiza\u00e7\u00e3o e manejo do tempo na faculdade?<br \/>\nVamos conversar um pouco sobre e voc\u00ea sair\u00e1 desse texto com algumas dicas pr\u00e1ticas sobre manejo do tempo durante a faculdade.<\/p>\n","protected":false},"author":16,"featured_media":27577,"comment_status":"open","ping_status":"open","sticky":false,"template":"","format":"standard","meta":{"footnotes":""},"categories":[55],"tags":[1500,104],"ppma_author":[3614],"class_list":{"0":"post-27574","1":"post","2":"type-post","3":"status-publish","4":"format-standard","5":"has-post-thumbnail","7":"category-carreira-medica","8":"tag-estudos","9":"tag-rotina-de-estudos"},"yoast_head":"<!-- This site is optimized with the Yoast SEO Premium plugin v24.3 (Yoast SEO v27.4) - https:\/\/yoast.com\/product\/yoast-seo-premium-wordpress\/ -->\n<title>Organiza\u00e7\u00e3o e manejo do tempo durante a faculdade - Blog de Medcof: conte\u00fados, editais, revalida e mais!<\/title>\n<meta name=\"description\" content=\"Saiba algumas dicas pr\u00e1ticas sobre manejo do tempo e organiza\u00e7\u00e3o entre estudos e vida pessoal durante a faculdade...\" \/>\n<meta name=\"robots\" content=\"index, follow, max-snippet:-1, max-image-preview:large, max-video-preview:-1\" \/>\n<link rel=\"canonical\" href=\"https:\/\/www.grupomedcof.com.br\/blog\/organizacao-e-manejo-do-tempo-durante-a-faculdade\/\" \/>\n<meta property=\"og:locale\" content=\"pt_BR\" \/>\n<meta property=\"og:type\" content=\"article\" \/>\n<meta property=\"og:title\" content=\"Organiza\u00e7\u00e3o e manejo do tempo durante a faculdade\" \/>\n<meta property=\"og:description\" content=\"Saiba algumas dicas pr\u00e1ticas sobre manejo do tempo e organiza\u00e7\u00e3o entre estudos e vida pessoal durante a faculdade...\" \/>\n<meta property=\"og:url\" content=\"https:\/\/www.grupomedcof.com.br\/blog\/organizacao-e-manejo-do-tempo-durante-a-faculdade\/\" \/>\n<meta property=\"og:site_name\" content=\"Blog de Medcof: conte\u00fados, editais, revalida e mais!\" \/>\n<meta property=\"article:publisher\" content=\"https:\/\/www.facebook.com\/MedCofQbank\/\" \/>\n<meta property=\"article:published_time\" content=\"2024-07-08T18:58:12+00:00\" \/>\n<meta property=\"article:modified_time\" content=\"2024-07-10T19:12:11+00:00\" \/>\n<meta property=\"og:image\" content=\"https:\/\/www.grupomedcof.com.br\/blog\/wp-content\/uploads\/2024\/07\/Blog-MedCof-25-1.png\" \/>\n\t<meta property=\"og:image:width\" content=\"1920\" \/>\n\t<meta property=\"og:image:height\" content=\"1080\" \/>\n\t<meta property=\"og:image:type\" content=\"image\/png\" \/>\n<meta name=\"author\" content=\"Luisa\" \/>\n<meta name=\"twitter:card\" content=\"summary_large_image\" \/>\n<meta name=\"twitter:label1\" content=\"Escrito por\" \/>\n\t<meta name=\"twitter:data1\" content=\"Luisa\" \/>\n\t<meta name=\"twitter:label2\" content=\"Est. tempo de leitura\" \/>\n\t<meta name=\"twitter:data2\" content=\"3 minutos\" \/>\n<script type=\"application\/ld+json\" class=\"yoast-schema-graph\">{\"@context\":\"https:\\\/\\\/schema.org\",\"@graph\":[{\"@type\":\"Article\",\"@id\":\"https:\\\/\\\/www.grupomedcof.com.br\\\/blog\\\/organizacao-e-manejo-do-tempo-durante-a-faculdade\\\/#article\",\"isPartOf\":{\"@id\":\"https:\\\/\\\/www.grupomedcof.com.br\\\/blog\\\/organizacao-e-manejo-do-tempo-durante-a-faculdade\\\/\"},\"author\":{\"name\":\"Luisa\",\"@id\":\"https:\\\/\\\/www.grupomedcof.com.br\\\/blog\\\/#\\\/schema\\\/person\\\/4c7d7a4858c43110d649051e29b62140\"},\"headline\":\"Organiza\u00e7\u00e3o e manejo do tempo durante a faculdade\",\"datePublished\":\"2024-07-08T18:58:12+00:00\",\"dateModified\":\"2024-07-10T19:12:11+00:00\",\"mainEntityOfPage\":{\"@id\":\"https:\\\/\\\/www.grupomedcof.com.br\\\/blog\\\/organizacao-e-manejo-do-tempo-durante-a-faculdade\\\/\"},\"wordCount\":520,\"commentCount\":0,\"publisher\":{\"@id\":\"https:\\\/\\\/www.grupomedcof.com.br\\\/blog\\\/#organization\"},\"image\":{\"@id\":\"https:\\\/\\\/www.grupomedcof.com.br\\\/blog\\\/organizacao-e-manejo-do-tempo-durante-a-faculdade\\\/#primaryimage\"},\"thumbnailUrl\":\"https:\\\/\\\/www.grupomedcof.com.br\\\/blog\\\/wp-content\\\/uploads\\\/2024\\\/07\\\/Blog-MedCof-25-1.png\",\"keywords\":[\"Estudos\",\"Rotina de estudos\"],\"articleSection\":[\"Carreira M\u00e9dica\"],\"inLanguage\":\"pt-BR\"},{\"@type\":\"WebPage\",\"@id\":\"https:\\\/\\\/www.grupomedcof.com.br\\\/blog\\\/organizacao-e-manejo-do-tempo-durante-a-faculdade\\\/\",\"url\":\"https:\\\/\\\/www.grupomedcof.com.br\\\/blog\\\/organizacao-e-manejo-do-tempo-durante-a-faculdade\\\/\",\"name\":\"Organiza\u00e7\u00e3o e manejo do tempo durante a faculdade - Blog de Medcof: conte\u00fados, editais, revalida e mais!\",\"isPartOf\":{\"@id\":\"https:\\\/\\\/www.grupomedcof.com.br\\\/blog\\\/#website\"},\"primaryImageOfPage\":{\"@id\":\"https:\\\/\\\/www.grupomedcof.com.br\\\/blog\\\/organizacao-e-manejo-do-tempo-durante-a-faculdade\\\/#primaryimage\"},\"image\":{\"@id\":\"https:\\\/\\\/www.grupomedcof.com.br\\\/blog\\\/organizacao-e-manejo-do-tempo-durante-a-faculdade\\\/#primaryimage\"},\"thumbnailUrl\":\"https:\\\/\\\/www.grupomedcof.com.br\\\/blog\\\/wp-content\\\/uploads\\\/2024\\\/07\\\/Blog-MedCof-25-1.png\",\"datePublished\":\"2024-07-08T18:58:12+00:00\",\"dateModified\":\"2024-07-10T19:12:11+00:00\",\"description\":\"Saiba algumas dicas pr\u00e1ticas sobre manejo do tempo e organiza\u00e7\u00e3o entre estudos e vida pessoal durante a faculdade...\",\"breadcrumb\":{\"@id\":\"https:\\\/\\\/www.grupomedcof.com.br\\\/blog\\\/organizacao-e-manejo-do-tempo-durante-a-faculdade\\\/#breadcrumb\"},\"inLanguage\":\"pt-BR\",\"potentialAction\":[{\"@type\":\"ReadAction\",\"target\":[\"https:\\\/\\\/www.grupomedcof.com.br\\\/blog\\\/organizacao-e-manejo-do-tempo-durante-a-faculdade\\\/\"]}]},{\"@type\":\"ImageObject\",\"inLanguage\":\"pt-BR\",\"@id\":\"https:\\\/\\\/www.grupomedcof.com.br\\\/blog\\\/organizacao-e-manejo-do-tempo-durante-a-faculdade\\\/#primaryimage\",\"url\":\"https:\\\/\\\/www.grupomedcof.com.br\\\/blog\\\/wp-content\\\/uploads\\\/2024\\\/07\\\/Blog-MedCof-25-1.png\",\"contentUrl\":\"https:\\\/\\\/www.grupomedcof.com.br\\\/blog\\\/wp-content\\\/uploads\\\/2024\\\/07\\\/Blog-MedCof-25-1.png\",\"width\":1920,\"height\":1080},{\"@type\":\"BreadcrumbList\",\"@id\":\"https:\\\/\\\/www.grupomedcof.com.br\\\/blog\\\/organizacao-e-manejo-do-tempo-durante-a-faculdade\\\/#breadcrumb\",\"itemListElement\":[{\"@type\":\"ListItem\",\"position\":1,\"name\":\"In\u00edcio\",\"item\":\"https:\\\/\\\/www.grupomedcof.com.br\\\/blog\\\/\"},{\"@type\":\"ListItem\",\"position\":2,\"name\":\"Organiza\u00e7\u00e3o e manejo do tempo durante a faculdade\"}]},{\"@type\":\"WebSite\",\"@id\":\"https:\\\/\\\/www.grupomedcof.com.br\\\/blog\\\/#website\",\"url\":\"https:\\\/\\\/www.grupomedcof.com.br\\\/blog\\\/\",\"name\":\"Blog de Medcof: conte\u00fados, editais, revalida e mais!\",\"description\":\"Acesso o blog de MedCof! Seu portal de conte\u00fados sobre resid\u00eancia m\u00e9dica, an\u00e1lise e editais e muito mais. Clique e confira!\",\"publisher\":{\"@id\":\"https:\\\/\\\/www.grupomedcof.com.br\\\/blog\\\/#organization\"},\"alternateName\":\"Blog de Medcof: conte\u00fados, editais, revalida e mais!\",\"potentialAction\":[{\"@type\":\"SearchAction\",\"target\":{\"@type\":\"EntryPoint\",\"urlTemplate\":\"https:\\\/\\\/www.grupomedcof.com.br\\\/blog\\\/?s={search_term_string}\"},\"query-input\":{\"@type\":\"PropertyValueSpecification\",\"valueRequired\":true,\"valueName\":\"search_term_string\"}}],\"inLanguage\":\"pt-BR\"},{\"@type\":\"Organization\",\"@id\":\"https:\\\/\\\/www.grupomedcof.com.br\\\/blog\\\/#organization\",\"name\":\"Grupo MedCof\",\"url\":\"https:\\\/\\\/www.grupomedcof.com.br\\\/blog\\\/\",\"logo\":{\"@type\":\"ImageObject\",\"inLanguage\":\"pt-BR\",\"@id\":\"https:\\\/\\\/www.grupomedcof.com.br\\\/blog\\\/#\\\/schema\\\/logo\\\/image\\\/\",\"url\":\"https:\\\/\\\/www.grupomedcof.com.br\\\/blog\\\/wp-content\\\/uploads\\\/2022\\\/01\\\/logo-medcof.png\",\"contentUrl\":\"https:\\\/\\\/www.grupomedcof.com.br\\\/blog\\\/wp-content\\\/uploads\\\/2022\\\/01\\\/logo-medcof.png\",\"width\":768,\"height\":269,\"caption\":\"Grupo MedCof\"},\"image\":{\"@id\":\"https:\\\/\\\/www.grupomedcof.com.br\\\/blog\\\/#\\\/schema\\\/logo\\\/image\\\/\"},\"sameAs\":[\"https:\\\/\\\/www.facebook.com\\\/MedCofQbank\\\/\",\"https:\\\/\\\/www.instagram.com\\\/grupomedcof\\\/\",\"https:\\\/\\\/br.linkedin.com\\\/company\\\/medcof\",\"https:\\\/\\\/www.youtube.com\\\/channel\\\/UCdHMuOHKICxcHwecxN8P-AA\"]},{\"@type\":\"Person\",\"@id\":\"https:\\\/\\\/www.grupomedcof.com.br\\\/blog\\\/#\\\/schema\\\/person\\\/4c7d7a4858c43110d649051e29b62140\",\"name\":\"Luisa\",\"image\":{\"@type\":\"ImageObject\",\"inLanguage\":\"pt-BR\",\"@id\":\"https:\\\/\\\/www.grupomedcof.com.br\\\/blog\\\/wp-content\\\/uploads\\\/2023\\\/04\\\/cropped-cropped-logo-96x96.pngbf641d3e6e1c71567638b2546d5f72c9\",\"url\":\"https:\\\/\\\/www.grupomedcof.com.br\\\/blog\\\/wp-content\\\/uploads\\\/2023\\\/04\\\/cropped-cropped-logo-96x96.png\",\"contentUrl\":\"https:\\\/\\\/www.grupomedcof.com.br\\\/blog\\\/wp-content\\\/uploads\\\/2023\\\/04\\\/cropped-cropped-logo-96x96.png\",\"caption\":\"Luisa\"},\"url\":\"https:\\\/\\\/www.grupomedcof.com.br\\\/blog\\\/author\\\/luisa\\\/\"}]}<\/script>\n<!-- \/ Yoast SEO Premium plugin. -->","yoast_head_json":{"title":"Organiza\u00e7\u00e3o e manejo do tempo durante a faculdade - Blog de Medcof: conte\u00fados, editais, revalida e mais!","description":"Saiba algumas dicas pr\u00e1ticas sobre manejo do tempo e organiza\u00e7\u00e3o entre estudos e vida pessoal durante a faculdade...","robots":{"index":"index","follow":"follow","max-snippet":"max-snippet:-1","max-image-preview":"max-image-preview:large","max-video-preview":"max-video-preview:-1"},"canonical":"https:\/\/www.grupomedcof.com.br\/blog\/organizacao-e-manejo-do-tempo-durante-a-faculdade\/","og_locale":"pt_BR","og_type":"article","og_title":"Organiza\u00e7\u00e3o e manejo do tempo durante a faculdade","og_description":"Saiba algumas dicas pr\u00e1ticas sobre manejo do tempo e organiza\u00e7\u00e3o entre estudos e vida pessoal durante a faculdade...","og_url":"https:\/\/www.grupomedcof.com.br\/blog\/organizacao-e-manejo-do-tempo-durante-a-faculdade\/","og_site_name":"Blog de Medcof: conte\u00fados, editais, revalida e mais!","article_publisher":"https:\/\/www.facebook.com\/MedCofQbank\/","article_published_time":"2024-07-08T18:58:12+00:00","article_modified_time":"2024-07-10T19:12:11+00:00","og_image":[{"width":1920,"height":1080,"url":"https:\/\/www.grupomedcof.com.br\/blog\/wp-content\/uploads\/2024\/07\/Blog-MedCof-25-1.png","type":"image\/png"}],"author":"Luisa","twitter_card":"summary_large_image","twitter_misc":{"Escrito por":"Luisa","Est. tempo de leitura":"3 minutos"},"schema":{"@context":"https:\/\/schema.org","@graph":[{"@type":"Article","@id":"https:\/\/www.grupomedcof.com.br\/blog\/organizacao-e-manejo-do-tempo-durante-a-faculdade\/#article","isPartOf":{"@id":"https:\/\/www.grupomedcof.com.br\/blog\/organizacao-e-manejo-do-tempo-durante-a-faculdade\/"},"author":{"name":"Luisa","@id":"https:\/\/www.grupomedcof.com.br\/blog\/#\/schema\/person\/4c7d7a4858c43110d649051e29b62140"},"headline":"Organiza\u00e7\u00e3o e manejo do tempo durante a faculdade","datePublished":"2024-07-08T18:58:12+00:00","dateModified":"2024-07-10T19:12:11+00:00","mainEntityOfPage":{"@id":"https:\/\/www.grupomedcof.com.br\/blog\/organizacao-e-manejo-do-tempo-durante-a-faculdade\/"},"wordCount":520,"commentCount":0,"publisher":{"@id":"https:\/\/www.grupomedcof.com.br\/blog\/#organization"},"image":{"@id":"https:\/\/www.grupomedcof.com.br\/blog\/organizacao-e-manejo-do-tempo-durante-a-faculdade\/#primaryimage"},"thumbnailUrl":"https:\/\/www.grupomedcof.com.br\/blog\/wp-content\/uploads\/2024\/07\/Blog-MedCof-25-1.png","keywords":["Estudos","Rotina de estudos"],"articleSection":["Carreira M\u00e9dica"],"inLanguage":"pt-BR"},{"@type":"WebPage","@id":"https:\/\/www.grupomedcof.com.br\/blog\/organizacao-e-manejo-do-tempo-durante-a-faculdade\/","url":"https:\/\/www.grupomedcof.com.br\/blog\/organizacao-e-manejo-do-tempo-durante-a-faculdade\/","name":"Organiza\u00e7\u00e3o e manejo do tempo durante a faculdade - Blog de Medcof: conte\u00fados, editais, revalida e mais!","isPartOf":{"@id":"https:\/\/www.grupomedcof.com.br\/blog\/#website"},"primaryImageOfPage":{"@id":"https:\/\/www.grupomedcof.com.br\/blog\/organizacao-e-manejo-do-tempo-durante-a-faculdade\/#primaryimage"},"image":{"@id":"https:\/\/www.grupomedcof.com.br\/blog\/organizacao-e-manejo-do-tempo-durante-a-faculdade\/#primaryimage"},"thumbnailUrl":"https:\/\/www.grupomedcof.com.br\/blog\/wp-content\/uploads\/2024\/07\/Blog-MedCof-25-1.png","datePublished":"2024-07-08T18:58:12+00:00","dateModified":"2024-07-10T19:12:11+00:00","description":"Saiba algumas dicas pr\u00e1ticas sobre manejo do tempo e organiza\u00e7\u00e3o entre estudos e vida pessoal durante a faculdade...","breadcrumb":{"@id":"https:\/\/www.grupomedcof.com.br\/blog\/organizacao-e-manejo-do-tempo-durante-a-faculdade\/#breadcrumb"},"inLanguage":"pt-BR","potentialAction":[{"@type":"ReadAction","target":["https:\/\/www.grupomedcof.com.br\/blog\/organizacao-e-manejo-do-tempo-durante-a-faculdade\/"]}]},{"@type":"ImageObject","inLanguage":"pt-BR","@id":"https:\/\/www.grupomedcof.com.br\/blog\/organizacao-e-manejo-do-tempo-durante-a-faculdade\/#primaryimage","url":"https:\/\/www.grupomedcof.com.br\/blog\/wp-content\/uploads\/2024\/07\/Blog-MedCof-25-1.png","contentUrl":"https:\/\/www.grupomedcof.com.br\/blog\/wp-content\/uploads\/2024\/07\/Blog-MedCof-25-1.png","width":1920,"height":1080},{"@type":"BreadcrumbList","@id":"https:\/\/www.grupomedcof.com.br\/blog\/organizacao-e-manejo-do-tempo-durante-a-faculdade\/#breadcrumb","itemListElement":[{"@type":"ListItem","position":1,"name":"In\u00edcio","item":"https:\/\/www.grupomedcof.com.br\/blog\/"},{"@type":"ListItem","position":2,"name":"Organiza\u00e7\u00e3o e manejo do tempo durante a faculdade"}]},{"@type":"WebSite","@id":"https:\/\/www.grupomedcof.com.br\/blog\/#website","url":"https:\/\/www.grupomedcof.com.br\/blog\/","name":"Blog de Medcof: conte\u00fados, editais, revalida e mais!","description":"Acesso o blog de MedCof! Seu portal de conte\u00fados sobre resid\u00eancia m\u00e9dica, an\u00e1lise e editais e muito mais. Clique e confira!","publisher":{"@id":"https:\/\/www.grupomedcof.com.br\/blog\/#organization"},"alternateName":"Blog de Medcof: conte\u00fados, editais, revalida e mais!","potentialAction":[{"@type":"SearchAction","target":{"@type":"EntryPoint","urlTemplate":"https:\/\/www.grupomedcof.com.br\/blog\/?s={search_term_string}"},"query-input":{"@type":"PropertyValueSpecification","valueRequired":true,"valueName":"search_term_string"}}],"inLanguage":"pt-BR"},{"@type":"Organization","@id":"https:\/\/www.grupomedcof.com.br\/blog\/#organization","name":"Grupo MedCof","url":"https:\/\/www.grupomedcof.com.br\/blog\/","logo":{"@type":"ImageObject","inLanguage":"pt-BR","@id":"https:\/\/www.grupomedcof.com.br\/blog\/#\/schema\/logo\/image\/","url":"https:\/\/www.grupomedcof.com.br\/blog\/wp-content\/uploads\/2022\/01\/logo-medcof.png","contentUrl":"https:\/\/www.grupomedcof.com.br\/blog\/wp-content\/uploads\/2022\/01\/logo-medcof.png","width":768,"height":269,"caption":"Grupo MedCof"},"image":{"@id":"https:\/\/www.grupomedcof.com.br\/blog\/#\/schema\/logo\/image\/"},"sameAs":["https:\/\/www.facebook.com\/MedCofQbank\/","https:\/\/www.instagram.com\/grupomedcof\/","https:\/\/br.linkedin.com\/company\/medcof","https:\/\/www.youtube.com\/channel\/UCdHMuOHKICxcHwecxN8P-AA"]},{"@type":"Person","@id":"https:\/\/www.grupomedcof.com.br\/blog\/#\/schema\/person\/4c7d7a4858c43110d649051e29b62140","name":"Luisa","image":{"@type":"ImageObject","inLanguage":"pt-BR","@id":"https:\/\/www.grupomedcof.com.br\/blog\/wp-content\/uploads\/2023\/04\/cropped-cropped-logo-96x96.pngbf641d3e6e1c71567638b2546d5f72c9","url":"https:\/\/www.grupomedcof.com.br\/blog\/wp-content\/uploads\/2023\/04\/cropped-cropped-logo-96x96.png","contentUrl":"https:\/\/www.grupomedcof.com.br\/blog\/wp-content\/uploads\/2023\/04\/cropped-cropped-logo-96x96.png","caption":"Luisa"},"url":"https:\/\/www.grupomedcof.com.br\/blog\/author\/luisa\/"}]}},"authors":[{"term_id":3614,"user_id":16,"is_guest":0,"slug":"luisa","display_name":"Luisa","avatar_url":"https:\/\/www.grupomedcof.com.br\/blog\/wp-content\/uploads\/2023\/04\/cropped-cropped-logo-96x96.png","0":null,"1":"","2":"","3":"","4":"","5":"","6":"","7":"","8":""}],"_links":{"self":[{"href":"https:\/\/www.grupomedcof.com.br\/blog\/wp-json\/wp\/v2\/posts\/27574","targetHints":{"allow":["GET"]}}],"collection":[{"href":"https:\/\/www.grupomedcof.com.br\/blog\/wp-json\/wp\/v2\/posts"}],"about":[{"href":"https:\/\/www.grupomedcof.com.br\/blog\/wp-json\/wp\/v2\/types\/post"}],"author":[{"embeddable":true,"href":"https:\/\/www.grupomedcof.com.br\/blog\/wp-json\/wp\/v2\/users\/16"}],"replies":[{"embeddable":true,"href":"https:\/\/www.grupomedcof.com.br\/blog\/wp-json\/wp\/v2\/comments?post=27574"}],"version-history":[{"count":0,"href":"https:\/\/www.grupomedcof.com.br\/blog\/wp-json\/wp\/v2\/posts\/27574\/revisions"}],"wp:featuredmedia":[{"embeddable":true,"href":"https:\/\/www.grupomedcof.com.br\/blog\/wp-json\/wp\/v2\/media\/27577"}],"wp:attachment":[{"href":"https:\/\/www.grupomedcof.com.br\/blog\/wp-json\/wp\/v2\/media?parent=27574"}],"wp:term":[{"taxonomy":"category","embeddable":true,"href":"https:\/\/www.grupomedcof.com.br\/blog\/wp-json\/wp\/v2\/categories?post=27574"},{"taxonomy":"post_tag","embeddable":true,"href":"https:\/\/www.grupomedcof.com.br\/blog\/wp-json\/wp\/v2\/tags?post=27574"},{"taxonomy":"author","embeddable":true,"href":"https:\/\/www.grupomedcof.com.br\/blog\/wp-json\/wp\/v2\/ppma_author?post=27574"}],"curies":[{"name":"wp","href":"https:\/\/api.w.org\/{rel}","templated":true}]}}