{"id":27579,"date":"2024-07-08T16:19:18","date_gmt":"2024-07-08T19:19:18","guid":{"rendered":"https:\/\/www.grupomedcof.com.br\/blog\/?p=27579"},"modified":"2024-07-08T16:19:43","modified_gmt":"2024-07-08T19:19:43","slug":"sus-promovera-conscientizacao-sobre-riscos-da-automedicacao","status":"publish","type":"post","link":"https:\/\/www.grupomedcof.com.br\/blog\/sus-promovera-conscientizacao-sobre-riscos-da-automedicacao\/","title":{"rendered":"SUS promover\u00e1 conscientiza\u00e7\u00e3o sobre riscos da automedica\u00e7\u00e3o"},"content":{"rendered":"<div id=\"ez-toc-container\" class=\"ez-toc-v2_0_74 counter-hierarchy ez-toc-counter ez-toc-transparent ez-toc-container-direction\">\n<div class=\"ez-toc-title-container\">\n<p class=\"ez-toc-title\" style=\"cursor:inherit\">Sum\u00e1rio<\/p>\n<span class=\"ez-toc-title-toggle\"><a href=\"#\" class=\"ez-toc-pull-right ez-toc-btn ez-toc-btn-xs ez-toc-btn-default ez-toc-toggle\" aria-label=\"Alternar tabela de conte\u00fado\"><span class=\"ez-toc-js-icon-con\"><span class=\"\"><span class=\"eztoc-hide\" style=\"display:none;\">Toggle<\/span><span class=\"ez-toc-icon-toggle-span\"><svg style=\"fill: #999;color:#999\" xmlns=\"http:\/\/www.w3.org\/2000\/svg\" class=\"list-377408\" width=\"20px\" height=\"20px\" viewBox=\"0 0 24 24\" fill=\"none\"><path d=\"M6 6H4v2h2V6zm14 0H8v2h12V6zM4 11h2v2H4v-2zm16 0H8v2h12v-2zM4 16h2v2H4v-2zm16 0H8v2h12v-2z\" fill=\"currentColor\"><\/path><\/svg><svg style=\"fill: #999;color:#999\" class=\"arrow-unsorted-368013\" xmlns=\"http:\/\/www.w3.org\/2000\/svg\" width=\"10px\" height=\"10px\" viewBox=\"0 0 24 24\" version=\"1.2\" baseProfile=\"tiny\"><path d=\"M18.2 9.3l-6.2-6.3-6.2 6.3c-.2.2-.3.4-.3.7s.1.5.3.7c.2.2.4.3.7.3h11c.3 0 .5-.1.7-.3.2-.2.3-.5.3-.7s-.1-.5-.3-.7zM5.8 14.7l6.2 6.3 6.2-6.3c.2-.2.3-.5.3-.7s-.1-.5-.3-.7c-.2-.2-.4-.3-.7-.3h-11c-.3 0-.5.1-.7.3-.2.2-.3.5-.3.7s.1.5.3.7z\"\/><\/svg><\/span><\/span><\/span><\/a><\/span><\/div>\n<nav><ul class='ez-toc-list ez-toc-list-level-1 ' ><li class='ez-toc-page-1 ez-toc-heading-level-2'><a class=\"ez-toc-link ez-toc-heading-1\" href=\"https:\/\/www.grupomedcof.com.br\/blog\/sus-promovera-conscientizacao-sobre-riscos-da-automedicacao\/#Compreendendo_a_lei\" >Compreendendo a lei<\/a><\/li><li class='ez-toc-page-1 ez-toc-heading-level-2'><a class=\"ez-toc-link ez-toc-heading-2\" href=\"https:\/\/www.grupomedcof.com.br\/blog\/sus-promovera-conscientizacao-sobre-riscos-da-automedicacao\/#A_automedicacao_no_Brasil_e_seus_riscos\" >A automedica\u00e7\u00e3o no Brasil e seus riscos<\/a><\/li><li class='ez-toc-page-1 ez-toc-heading-level-2'><a class=\"ez-toc-link ez-toc-heading-3\" href=\"https:\/\/www.grupomedcof.com.br\/blog\/sus-promovera-conscientizacao-sobre-riscos-da-automedicacao\/#Garanta_sua_aprovacao\" >Garanta sua aprova\u00e7\u00e3o!<\/a><\/li><\/ul><\/nav><\/div>\n\n<figure class=\"wp-block-image size-large\"><img loading=\"lazy\" decoding=\"async\" width=\"1024\" height=\"576\" src=\"https:\/\/www.grupomedcof.com.br\/blog\/wp-content\/uploads\/2024\/07\/Blog-MedCof-47-1024x576.png\" alt=\"\" class=\"wp-image-27584\" srcset=\"https:\/\/www.grupomedcof.com.br\/blog\/wp-content\/uploads\/2024\/07\/Blog-MedCof-47-1024x576.png 1024w, https:\/\/www.grupomedcof.com.br\/blog\/wp-content\/uploads\/2024\/07\/Blog-MedCof-47-300x169.png 300w, https:\/\/www.grupomedcof.com.br\/blog\/wp-content\/uploads\/2024\/07\/Blog-MedCof-47-768x432.png 768w, https:\/\/www.grupomedcof.com.br\/blog\/wp-content\/uploads\/2024\/07\/Blog-MedCof-47-1536x864.png 1536w, https:\/\/www.grupomedcof.com.br\/blog\/wp-content\/uploads\/2024\/07\/Blog-MedCof-47-2048x1152.png 2048w, https:\/\/www.grupomedcof.com.br\/blog\/wp-content\/uploads\/2024\/07\/Blog-MedCof-47-747x420.png 747w, https:\/\/www.grupomedcof.com.br\/blog\/wp-content\/uploads\/2024\/07\/Blog-MedCof-47-150x84.png 150w, https:\/\/www.grupomedcof.com.br\/blog\/wp-content\/uploads\/2024\/07\/Blog-MedCof-47-696x392.png 696w, https:\/\/www.grupomedcof.com.br\/blog\/wp-content\/uploads\/2024\/07\/Blog-MedCof-47-1068x601.png 1068w\" sizes=\"auto, (max-width: 1024px) 100vw, 1024px\" \/><\/figure>\n\n\n\n<p>Sancionada na \u00faltima quinta-feira (4), a <strong>Lei 14.912\/2024<\/strong>, que prev\u00ea a realiza\u00e7\u00e3o de campanhas sobre os riscos da automedica\u00e7\u00e3o. A norma teve sua publica\u00e7\u00e3o no Di\u00e1rio Oficial da Uni\u00e3o e traz mudan\u00e7as significativas na <a href=\"https:\/\/www2.camara.leg.br\/legin\/fed\/lei\/1990\/lei-8080-19-setembro-1990-365093-norma-pl.html\" target=\"_blank\" rel=\"noreferrer noopener nofollow\"><strong>Lei Org\u00e2nica da Sa\u00fade<\/strong>\u00a0(Lei 8.080\/90).<\/a> <\/p>\n\n\n\n<h2 class=\"wp-block-heading\" id=\"h-compreendendo-a-lei\"><span class=\"ez-toc-section\" id=\"Compreendendo_a_lei\"><\/span><strong>Compreendendo a lei<\/strong><span class=\"ez-toc-section-end\"><\/span><\/h2>\n\n\n\n<p>Desse modo, a nova legisla\u00e7\u00e3o demanda que os gestores do <strong>Sistema \u00danico de Sa\u00fade (SUS)<\/strong> realizem campanhas <strong>permanentes de conscientiza\u00e7\u00e3o contra a automedica\u00e7\u00e3o<\/strong>, com foco especial no uso inadequado de\u00a0<strong>antibi\u00f3ticos e medicamentos de controle especial<\/strong>.\u00a0<br>A determina\u00e7\u00e3o vale para Uni\u00e3o, estados, Distrito Federal e munic\u00edpios.<\/p>\n\n\n\n<p>A norma \u00e9 oriunda do <a href=\"https:\/\/www.camara.leg.br\/noticias\/760068-proposta-exige-campanhas-do-sus-para-o-combate-a-automedicacao\">Projeto de Lei 1108\/21<\/a>, do ex-deputado Geninho Zuliani (SP). O texto teve sua aprova\u00e7\u00e3o pela C\u00e2mara dos Deputados no ano passado, onde foi relatado pelo\u00a0deputado Marangoni (Uni\u00e3o-SP); e pelo Senado neste ano.<\/p>\n\n\n\n<h2 class=\"wp-block-heading\" id=\"h-a-automedicacao-no-brasil-e-seus-riscos\"><span class=\"ez-toc-section\" id=\"A_automedicacao_no_Brasil_e_seus_riscos\"><\/span><strong>A automedica\u00e7\u00e3o no Brasil e seus riscos<\/strong><span class=\"ez-toc-section-end\"><\/span><\/h2>\n\n\n\n<p>Segundo uma pesquisa do <strong>Instituto de Ci\u00eancia,<\/strong> <strong>Tecnologia e Qualidade (<a href=\"https:\/\/ictq.com.br\/farmacia-clinica\/3202-aproximadamente-90-dos-brasileiros-realiza-automedicacao-atesta-ictq\" target=\"_blank\" rel=\"noreferrer noopener nofollow\">ICTQ<\/a>)<\/strong> de 2016, identificou-se que 76% da popula\u00e7\u00e3o declarava se automedicar sem qualquer reserva. Em 2018 cresceu para 79%, e em 2020 subiu para 81%. E assim, em 2022, a investiga\u00e7\u00e3o ouviu <strong>2.099 pessoas, em 151 munic\u00edpios.<\/strong> A margem de erro m\u00e1xima para o total da amostra \u00e9 de 2 pontos percentuais, para mais ou para menos, no n\u00edvel de confian\u00e7a de 95%. <br>Os principais medicamentos usados por conta pr\u00f3pria s\u00e3o:\u00a0<\/p>\n\n\n\n<ul class=\"wp-block-list\">\n<li>Analg\u00e9sicos: 64%;<\/li>\n\n\n\n<li>Antigripais: 47%;<\/li>\n\n\n\n<li>Relaxantes musculares: 35%.\u00a0<\/li>\n<\/ul>\n\n\n\n<p>Sintomas como<strong> ansiedade, estresse e ins\u00f4nia<\/strong> tamb\u00e9m s\u00e3o motivos para automedica\u00e7\u00e3o em, pelo menos, <strong>6% da popula\u00e7\u00e3o.\u00a0<\/strong><\/p>\n\n\n\n<p>Desse modo, o\u00a0<strong>uso inadequado de medicamentos<\/strong>, especialmente antibi\u00f3ticos, pode\u00a0<strong>levar ao desenvolvimento de resist\u00eancia bacteriana<\/strong>,\u00a0<strong>dificultando o tratamento de infec\u00e7\u00f5es futuras<\/strong>. Al\u00e9m disso, o consumo de medicamentos de controle especial sem orienta\u00e7\u00e3o m\u00e9dica pode resultar em\u00a0<strong>efeitos colaterais graves<\/strong>\u00a0e intera\u00e7\u00f5es medicamentosas perigosas.<\/p>\n\n\n\n<p>Confira tamb\u00e9m: <a href=\"https:\/\/www.grupomedcof.com.br\/blog\/evolucao-na-saude-o-primeiro-hospital-100-operado-por-ia-na-china-e-o-futuro-da-medicina\/\" target=\"_blank\" rel=\"noreferrer noopener\">Evolu\u00e7\u00e3o na Sa\u00fade: O primeiro hospital 100% operado por IA na China e o futuro da medicina<\/a>.<\/p>\n\n\n\n<h2 class=\"wp-block-heading\" id=\"h-garanta-sua-aprovacao\"><span class=\"ez-toc-section\" id=\"Garanta_sua_aprovacao\"><\/span><strong>Garanta sua aprova\u00e7\u00e3o!<\/strong><span class=\"ez-toc-section-end\"><\/span><\/h2>\n\n\n\n<p>Se voc\u00ea quer garantir a sua aprova\u00e7\u00e3o nas provas de resid\u00eancia m\u00e9dica, confira o v\u00eddeo do Dr. Wagner de Oliveira residente, aprovado em 3\u00b0 lugar em Cirurgia pl\u00e1stica no SUS-BA, e se inspire!<\/p>\n\n\n\n<figure class=\"wp-block-embed is-type-video is-provider-youtube wp-block-embed-youtube wp-embed-aspect-16-9 wp-has-aspect-ratio\"><div class=\"wp-block-embed__wrapper\">\n<div class=\"youtube-embed\" data-video_id=\"q4_jIqh6s-Q\"><iframe loading=\"lazy\" title=\"3\u00ba lugar no SUS-BA - Dr. Wagner de Oliveira residente Cirurgia Pl\u00e1stica #shorts\" width=\"696\" height=\"392\" src=\"https:\/\/www.youtube.com\/embed\/q4_jIqh6s-Q?feature=oembed&#038;enablejsapi=1\" frameborder=\"0\" allow=\"accelerometer; autoplay; clipboard-write; encrypted-media; gyroscope; picture-in-picture; web-share\" referrerpolicy=\"strict-origin-when-cross-origin\" allowfullscreen><\/iframe><\/div>\n<\/div><\/figure>\n","protected":false},"excerpt":{"rendered":"<p>Foi sancionada na \u00faltima quinta-feira (4), a Lei 14.912\/2024, que prev\u00ea a realiza\u00e7\u00e3o de campanhas sobre os riscos da automedica\u00e7\u00e3o.<\/p>\n","protected":false},"author":18,"featured_media":27584,"comment_status":"open","ping_status":"open","sticky":false,"template":"","format":"standard","meta":{"footnotes":""},"categories":[240],"tags":[1538,1540,805],"ppma_author":[3611],"class_list":{"0":"post-27579","1":"post","2":"type-post","3":"status-publish","4":"format-standard","5":"has-post-thumbnail","7":"category-noticias","8":"tag-automedicacao","9":"tag-conscientizacao","10":"tag-sus"},"yoast_head":"<!-- This site is optimized with the Yoast SEO Premium plugin v24.3 (Yoast SEO v27.4) - https:\/\/yoast.com\/product\/yoast-seo-premium-wordpress\/ -->\n<title>SUS promover\u00e1 conscientiza\u00e7\u00e3o sobre riscos da automedica\u00e7\u00e3o - Blog de Medcof: conte\u00fados, editais, revalida e mais!<\/title>\n<meta name=\"description\" content=\"Foi sancionada na \u00faltima quinta-feira (4), a Lei 14.912\/2024, que prev\u00ea a realiza\u00e7\u00e3o de campanhas sobre os riscos da automedica\u00e7\u00e3o.\" \/>\n<meta name=\"robots\" content=\"index, follow, max-snippet:-1, max-image-preview:large, max-video-preview:-1\" \/>\n<link rel=\"canonical\" href=\"https:\/\/www.grupomedcof.com.br\/blog\/sus-promovera-conscientizacao-sobre-riscos-da-automedicacao\/\" \/>\n<meta property=\"og:locale\" content=\"pt_BR\" \/>\n<meta property=\"og:type\" content=\"article\" \/>\n<meta property=\"og:title\" content=\"SUS promover\u00e1 conscientiza\u00e7\u00e3o sobre riscos da automedica\u00e7\u00e3o\" \/>\n<meta property=\"og:description\" content=\"Foi sancionada na \u00faltima quinta-feira (4), a Lei 14.912\/2024, que prev\u00ea a realiza\u00e7\u00e3o de campanhas sobre os riscos da automedica\u00e7\u00e3o.\" \/>\n<meta property=\"og:url\" content=\"https:\/\/www.grupomedcof.com.br\/blog\/sus-promovera-conscientizacao-sobre-riscos-da-automedicacao\/\" \/>\n<meta property=\"og:site_name\" content=\"Blog de Medcof: conte\u00fados, editais, revalida e mais!\" \/>\n<meta property=\"article:publisher\" content=\"https:\/\/www.facebook.com\/MedCofQbank\/\" \/>\n<meta property=\"article:published_time\" content=\"2024-07-08T19:19:18+00:00\" \/>\n<meta property=\"article:modified_time\" content=\"2024-07-08T19:19:43+00:00\" \/>\n<meta property=\"og:image\" content=\"https:\/\/www.grupomedcof.com.br\/blog\/wp-content\/uploads\/2024\/07\/Blog-MedCof-47-1024x576.png\" \/>\n\t<meta property=\"og:image:width\" content=\"1024\" \/>\n\t<meta property=\"og:image:height\" content=\"576\" \/>\n\t<meta property=\"og:image:type\" content=\"image\/png\" \/>\n<meta name=\"author\" content=\"Leila Menzel\" \/>\n<meta name=\"twitter:card\" content=\"summary_large_image\" \/>\n<meta name=\"twitter:label1\" content=\"Escrito por\" \/>\n\t<meta name=\"twitter:data1\" content=\"Leila Menzel\" \/>\n\t<meta name=\"twitter:label2\" content=\"Est. tempo de leitura\" \/>\n\t<meta name=\"twitter:data2\" content=\"3 minutos\" \/>\n<script type=\"application\/ld+json\" class=\"yoast-schema-graph\">{\"@context\":\"https:\\\/\\\/schema.org\",\"@graph\":[{\"@type\":\"Article\",\"@id\":\"https:\\\/\\\/www.grupomedcof.com.br\\\/blog\\\/sus-promovera-conscientizacao-sobre-riscos-da-automedicacao\\\/#article\",\"isPartOf\":{\"@id\":\"https:\\\/\\\/www.grupomedcof.com.br\\\/blog\\\/sus-promovera-conscientizacao-sobre-riscos-da-automedicacao\\\/\"},\"author\":{\"name\":\"Leila Menzel\",\"@id\":\"https:\\\/\\\/www.grupomedcof.com.br\\\/blog\\\/#\\\/schema\\\/person\\\/2a5527209c17e7eb35bd6a4ebd5c7956\"},\"headline\":\"SUS promover\u00e1 conscientiza\u00e7\u00e3o sobre riscos da automedica\u00e7\u00e3o\",\"datePublished\":\"2024-07-08T19:19:18+00:00\",\"dateModified\":\"2024-07-08T19:19:43+00:00\",\"mainEntityOfPage\":{\"@id\":\"https:\\\/\\\/www.grupomedcof.com.br\\\/blog\\\/sus-promovera-conscientizacao-sobre-riscos-da-automedicacao\\\/\"},\"wordCount\":384,\"commentCount\":0,\"publisher\":{\"@id\":\"https:\\\/\\\/www.grupomedcof.com.br\\\/blog\\\/#organization\"},\"image\":{\"@id\":\"https:\\\/\\\/www.grupomedcof.com.br\\\/blog\\\/sus-promovera-conscientizacao-sobre-riscos-da-automedicacao\\\/#primaryimage\"},\"thumbnailUrl\":\"https:\\\/\\\/www.grupomedcof.com.br\\\/blog\\\/wp-content\\\/uploads\\\/2024\\\/07\\\/Blog-MedCof-47.png\",\"keywords\":[\"Automedica\u00e7\u00e3o\",\"Conscientiza\u00e7\u00e3o\",\"SUS\"],\"articleSection\":[\"Not\u00edcias\"],\"inLanguage\":\"pt-BR\"},{\"@type\":\"WebPage\",\"@id\":\"https:\\\/\\\/www.grupomedcof.com.br\\\/blog\\\/sus-promovera-conscientizacao-sobre-riscos-da-automedicacao\\\/\",\"url\":\"https:\\\/\\\/www.grupomedcof.com.br\\\/blog\\\/sus-promovera-conscientizacao-sobre-riscos-da-automedicacao\\\/\",\"name\":\"SUS promover\u00e1 conscientiza\u00e7\u00e3o sobre riscos da automedica\u00e7\u00e3o - Blog de Medcof: conte\u00fados, editais, revalida e mais!\",\"isPartOf\":{\"@id\":\"https:\\\/\\\/www.grupomedcof.com.br\\\/blog\\\/#website\"},\"primaryImageOfPage\":{\"@id\":\"https:\\\/\\\/www.grupomedcof.com.br\\\/blog\\\/sus-promovera-conscientizacao-sobre-riscos-da-automedicacao\\\/#primaryimage\"},\"image\":{\"@id\":\"https:\\\/\\\/www.grupomedcof.com.br\\\/blog\\\/sus-promovera-conscientizacao-sobre-riscos-da-automedicacao\\\/#primaryimage\"},\"thumbnailUrl\":\"https:\\\/\\\/www.grupomedcof.com.br\\\/blog\\\/wp-content\\\/uploads\\\/2024\\\/07\\\/Blog-MedCof-47.png\",\"datePublished\":\"2024-07-08T19:19:18+00:00\",\"dateModified\":\"2024-07-08T19:19:43+00:00\",\"description\":\"Foi sancionada na \u00faltima quinta-feira (4), a Lei 14.912\\\/2024, que prev\u00ea a realiza\u00e7\u00e3o de campanhas sobre os riscos da automedica\u00e7\u00e3o.\",\"breadcrumb\":{\"@id\":\"https:\\\/\\\/www.grupomedcof.com.br\\\/blog\\\/sus-promovera-conscientizacao-sobre-riscos-da-automedicacao\\\/#breadcrumb\"},\"inLanguage\":\"pt-BR\",\"potentialAction\":[{\"@type\":\"ReadAction\",\"target\":[\"https:\\\/\\\/www.grupomedcof.com.br\\\/blog\\\/sus-promovera-conscientizacao-sobre-riscos-da-automedicacao\\\/\"]}]},{\"@type\":\"ImageObject\",\"inLanguage\":\"pt-BR\",\"@id\":\"https:\\\/\\\/www.grupomedcof.com.br\\\/blog\\\/sus-promovera-conscientizacao-sobre-riscos-da-automedicacao\\\/#primaryimage\",\"url\":\"https:\\\/\\\/www.grupomedcof.com.br\\\/blog\\\/wp-content\\\/uploads\\\/2024\\\/07\\\/Blog-MedCof-47.png\",\"contentUrl\":\"https:\\\/\\\/www.grupomedcof.com.br\\\/blog\\\/wp-content\\\/uploads\\\/2024\\\/07\\\/Blog-MedCof-47.png\",\"width\":6000,\"height\":3375},{\"@type\":\"BreadcrumbList\",\"@id\":\"https:\\\/\\\/www.grupomedcof.com.br\\\/blog\\\/sus-promovera-conscientizacao-sobre-riscos-da-automedicacao\\\/#breadcrumb\",\"itemListElement\":[{\"@type\":\"ListItem\",\"position\":1,\"name\":\"In\u00edcio\",\"item\":\"https:\\\/\\\/www.grupomedcof.com.br\\\/blog\\\/\"},{\"@type\":\"ListItem\",\"position\":2,\"name\":\"SUS promover\u00e1 conscientiza\u00e7\u00e3o sobre riscos da automedica\u00e7\u00e3o\"}]},{\"@type\":\"WebSite\",\"@id\":\"https:\\\/\\\/www.grupomedcof.com.br\\\/blog\\\/#website\",\"url\":\"https:\\\/\\\/www.grupomedcof.com.br\\\/blog\\\/\",\"name\":\"Blog de Medcof: conte\u00fados, editais, revalida e mais!\",\"description\":\"Acesso o blog de MedCof! Seu portal de conte\u00fados sobre resid\u00eancia m\u00e9dica, an\u00e1lise e editais e muito mais. Clique e confira!\",\"publisher\":{\"@id\":\"https:\\\/\\\/www.grupomedcof.com.br\\\/blog\\\/#organization\"},\"alternateName\":\"Blog de Medcof: conte\u00fados, editais, revalida e mais!\",\"potentialAction\":[{\"@type\":\"SearchAction\",\"target\":{\"@type\":\"EntryPoint\",\"urlTemplate\":\"https:\\\/\\\/www.grupomedcof.com.br\\\/blog\\\/?s={search_term_string}\"},\"query-input\":{\"@type\":\"PropertyValueSpecification\",\"valueRequired\":true,\"valueName\":\"search_term_string\"}}],\"inLanguage\":\"pt-BR\"},{\"@type\":\"Organization\",\"@id\":\"https:\\\/\\\/www.grupomedcof.com.br\\\/blog\\\/#organization\",\"name\":\"Grupo MedCof\",\"url\":\"https:\\\/\\\/www.grupomedcof.com.br\\\/blog\\\/\",\"logo\":{\"@type\":\"ImageObject\",\"inLanguage\":\"pt-BR\",\"@id\":\"https:\\\/\\\/www.grupomedcof.com.br\\\/blog\\\/#\\\/schema\\\/logo\\\/image\\\/\",\"url\":\"https:\\\/\\\/www.grupomedcof.com.br\\\/blog\\\/wp-content\\\/uploads\\\/2022\\\/01\\\/logo-medcof.png\",\"contentUrl\":\"https:\\\/\\\/www.grupomedcof.com.br\\\/blog\\\/wp-content\\\/uploads\\\/2022\\\/01\\\/logo-medcof.png\",\"width\":768,\"height\":269,\"caption\":\"Grupo MedCof\"},\"image\":{\"@id\":\"https:\\\/\\\/www.grupomedcof.com.br\\\/blog\\\/#\\\/schema\\\/logo\\\/image\\\/\"},\"sameAs\":[\"https:\\\/\\\/www.facebook.com\\\/MedCofQbank\\\/\",\"https:\\\/\\\/www.instagram.com\\\/grupomedcof\\\/\",\"https:\\\/\\\/br.linkedin.com\\\/company\\\/medcof\",\"https:\\\/\\\/www.youtube.com\\\/channel\\\/UCdHMuOHKICxcHwecxN8P-AA\"]},{\"@type\":\"Person\",\"@id\":\"https:\\\/\\\/www.grupomedcof.com.br\\\/blog\\\/#\\\/schema\\\/person\\\/2a5527209c17e7eb35bd6a4ebd5c7956\",\"name\":\"Leila Menzel\",\"image\":{\"@type\":\"ImageObject\",\"inLanguage\":\"pt-BR\",\"@id\":\"https:\\\/\\\/www.grupomedcof.com.br\\\/blog\\\/wp-content\\\/uploads\\\/2023\\\/04\\\/cropped-cropped-cropped-logo-96x96.png15459389df217b605b4f0cce419ac81a\",\"url\":\"https:\\\/\\\/www.grupomedcof.com.br\\\/blog\\\/wp-content\\\/uploads\\\/2023\\\/04\\\/cropped-cropped-cropped-logo-96x96.png\",\"contentUrl\":\"https:\\\/\\\/www.grupomedcof.com.br\\\/blog\\\/wp-content\\\/uploads\\\/2023\\\/04\\\/cropped-cropped-cropped-logo-96x96.png\",\"caption\":\"Leila Menzel\"},\"description\":\"Estudante do 6\u00b0 semestre de jornalismo, amo e escrevo poesias e viajo em livros de romances clich\u00eas.\",\"url\":\"https:\\\/\\\/www.grupomedcof.com.br\\\/blog\\\/author\\\/leila\\\/\"}]}<\/script>\n<!-- \/ Yoast SEO Premium plugin. -->","yoast_head_json":{"title":"SUS promover\u00e1 conscientiza\u00e7\u00e3o sobre riscos da automedica\u00e7\u00e3o - Blog de Medcof: conte\u00fados, editais, revalida e mais!","description":"Foi sancionada na \u00faltima quinta-feira (4), a Lei 14.912\/2024, que prev\u00ea a realiza\u00e7\u00e3o de campanhas sobre os riscos da automedica\u00e7\u00e3o.","robots":{"index":"index","follow":"follow","max-snippet":"max-snippet:-1","max-image-preview":"max-image-preview:large","max-video-preview":"max-video-preview:-1"},"canonical":"https:\/\/www.grupomedcof.com.br\/blog\/sus-promovera-conscientizacao-sobre-riscos-da-automedicacao\/","og_locale":"pt_BR","og_type":"article","og_title":"SUS promover\u00e1 conscientiza\u00e7\u00e3o sobre riscos da automedica\u00e7\u00e3o","og_description":"Foi sancionada na \u00faltima quinta-feira (4), a Lei 14.912\/2024, que prev\u00ea a realiza\u00e7\u00e3o de campanhas sobre os riscos da automedica\u00e7\u00e3o.","og_url":"https:\/\/www.grupomedcof.com.br\/blog\/sus-promovera-conscientizacao-sobre-riscos-da-automedicacao\/","og_site_name":"Blog de Medcof: conte\u00fados, editais, revalida e mais!","article_publisher":"https:\/\/www.facebook.com\/MedCofQbank\/","article_published_time":"2024-07-08T19:19:18+00:00","article_modified_time":"2024-07-08T19:19:43+00:00","og_image":[{"width":1024,"height":576,"url":"https:\/\/www.grupomedcof.com.br\/blog\/wp-content\/uploads\/2024\/07\/Blog-MedCof-47-1024x576.png","type":"image\/png"}],"author":"Leila Menzel","twitter_card":"summary_large_image","twitter_misc":{"Escrito por":"Leila Menzel","Est. tempo de leitura":"3 minutos"},"schema":{"@context":"https:\/\/schema.org","@graph":[{"@type":"Article","@id":"https:\/\/www.grupomedcof.com.br\/blog\/sus-promovera-conscientizacao-sobre-riscos-da-automedicacao\/#article","isPartOf":{"@id":"https:\/\/www.grupomedcof.com.br\/blog\/sus-promovera-conscientizacao-sobre-riscos-da-automedicacao\/"},"author":{"name":"Leila Menzel","@id":"https:\/\/www.grupomedcof.com.br\/blog\/#\/schema\/person\/2a5527209c17e7eb35bd6a4ebd5c7956"},"headline":"SUS promover\u00e1 conscientiza\u00e7\u00e3o sobre riscos da automedica\u00e7\u00e3o","datePublished":"2024-07-08T19:19:18+00:00","dateModified":"2024-07-08T19:19:43+00:00","mainEntityOfPage":{"@id":"https:\/\/www.grupomedcof.com.br\/blog\/sus-promovera-conscientizacao-sobre-riscos-da-automedicacao\/"},"wordCount":384,"commentCount":0,"publisher":{"@id":"https:\/\/www.grupomedcof.com.br\/blog\/#organization"},"image":{"@id":"https:\/\/www.grupomedcof.com.br\/blog\/sus-promovera-conscientizacao-sobre-riscos-da-automedicacao\/#primaryimage"},"thumbnailUrl":"https:\/\/www.grupomedcof.com.br\/blog\/wp-content\/uploads\/2024\/07\/Blog-MedCof-47.png","keywords":["Automedica\u00e7\u00e3o","Conscientiza\u00e7\u00e3o","SUS"],"articleSection":["Not\u00edcias"],"inLanguage":"pt-BR"},{"@type":"WebPage","@id":"https:\/\/www.grupomedcof.com.br\/blog\/sus-promovera-conscientizacao-sobre-riscos-da-automedicacao\/","url":"https:\/\/www.grupomedcof.com.br\/blog\/sus-promovera-conscientizacao-sobre-riscos-da-automedicacao\/","name":"SUS promover\u00e1 conscientiza\u00e7\u00e3o sobre riscos da automedica\u00e7\u00e3o - Blog de Medcof: conte\u00fados, editais, revalida e mais!","isPartOf":{"@id":"https:\/\/www.grupomedcof.com.br\/blog\/#website"},"primaryImageOfPage":{"@id":"https:\/\/www.grupomedcof.com.br\/blog\/sus-promovera-conscientizacao-sobre-riscos-da-automedicacao\/#primaryimage"},"image":{"@id":"https:\/\/www.grupomedcof.com.br\/blog\/sus-promovera-conscientizacao-sobre-riscos-da-automedicacao\/#primaryimage"},"thumbnailUrl":"https:\/\/www.grupomedcof.com.br\/blog\/wp-content\/uploads\/2024\/07\/Blog-MedCof-47.png","datePublished":"2024-07-08T19:19:18+00:00","dateModified":"2024-07-08T19:19:43+00:00","description":"Foi sancionada na \u00faltima quinta-feira (4), a Lei 14.912\/2024, que prev\u00ea a realiza\u00e7\u00e3o de campanhas sobre os riscos da automedica\u00e7\u00e3o.","breadcrumb":{"@id":"https:\/\/www.grupomedcof.com.br\/blog\/sus-promovera-conscientizacao-sobre-riscos-da-automedicacao\/#breadcrumb"},"inLanguage":"pt-BR","potentialAction":[{"@type":"ReadAction","target":["https:\/\/www.grupomedcof.com.br\/blog\/sus-promovera-conscientizacao-sobre-riscos-da-automedicacao\/"]}]},{"@type":"ImageObject","inLanguage":"pt-BR","@id":"https:\/\/www.grupomedcof.com.br\/blog\/sus-promovera-conscientizacao-sobre-riscos-da-automedicacao\/#primaryimage","url":"https:\/\/www.grupomedcof.com.br\/blog\/wp-content\/uploads\/2024\/07\/Blog-MedCof-47.png","contentUrl":"https:\/\/www.grupomedcof.com.br\/blog\/wp-content\/uploads\/2024\/07\/Blog-MedCof-47.png","width":6000,"height":3375},{"@type":"BreadcrumbList","@id":"https:\/\/www.grupomedcof.com.br\/blog\/sus-promovera-conscientizacao-sobre-riscos-da-automedicacao\/#breadcrumb","itemListElement":[{"@type":"ListItem","position":1,"name":"In\u00edcio","item":"https:\/\/www.grupomedcof.com.br\/blog\/"},{"@type":"ListItem","position":2,"name":"SUS promover\u00e1 conscientiza\u00e7\u00e3o sobre riscos da automedica\u00e7\u00e3o"}]},{"@type":"WebSite","@id":"https:\/\/www.grupomedcof.com.br\/blog\/#website","url":"https:\/\/www.grupomedcof.com.br\/blog\/","name":"Blog de Medcof: conte\u00fados, editais, revalida e mais!","description":"Acesso o blog de MedCof! Seu portal de conte\u00fados sobre resid\u00eancia m\u00e9dica, an\u00e1lise e editais e muito mais. Clique e confira!","publisher":{"@id":"https:\/\/www.grupomedcof.com.br\/blog\/#organization"},"alternateName":"Blog de Medcof: conte\u00fados, editais, revalida e mais!","potentialAction":[{"@type":"SearchAction","target":{"@type":"EntryPoint","urlTemplate":"https:\/\/www.grupomedcof.com.br\/blog\/?s={search_term_string}"},"query-input":{"@type":"PropertyValueSpecification","valueRequired":true,"valueName":"search_term_string"}}],"inLanguage":"pt-BR"},{"@type":"Organization","@id":"https:\/\/www.grupomedcof.com.br\/blog\/#organization","name":"Grupo MedCof","url":"https:\/\/www.grupomedcof.com.br\/blog\/","logo":{"@type":"ImageObject","inLanguage":"pt-BR","@id":"https:\/\/www.grupomedcof.com.br\/blog\/#\/schema\/logo\/image\/","url":"https:\/\/www.grupomedcof.com.br\/blog\/wp-content\/uploads\/2022\/01\/logo-medcof.png","contentUrl":"https:\/\/www.grupomedcof.com.br\/blog\/wp-content\/uploads\/2022\/01\/logo-medcof.png","width":768,"height":269,"caption":"Grupo MedCof"},"image":{"@id":"https:\/\/www.grupomedcof.com.br\/blog\/#\/schema\/logo\/image\/"},"sameAs":["https:\/\/www.facebook.com\/MedCofQbank\/","https:\/\/www.instagram.com\/grupomedcof\/","https:\/\/br.linkedin.com\/company\/medcof","https:\/\/www.youtube.com\/channel\/UCdHMuOHKICxcHwecxN8P-AA"]},{"@type":"Person","@id":"https:\/\/www.grupomedcof.com.br\/blog\/#\/schema\/person\/2a5527209c17e7eb35bd6a4ebd5c7956","name":"Leila Menzel","image":{"@type":"ImageObject","inLanguage":"pt-BR","@id":"https:\/\/www.grupomedcof.com.br\/blog\/wp-content\/uploads\/2023\/04\/cropped-cropped-cropped-logo-96x96.png15459389df217b605b4f0cce419ac81a","url":"https:\/\/www.grupomedcof.com.br\/blog\/wp-content\/uploads\/2023\/04\/cropped-cropped-cropped-logo-96x96.png","contentUrl":"https:\/\/www.grupomedcof.com.br\/blog\/wp-content\/uploads\/2023\/04\/cropped-cropped-cropped-logo-96x96.png","caption":"Leila Menzel"},"description":"Estudante do 6\u00b0 semestre de jornalismo, amo e escrevo poesias e viajo em livros de romances clich\u00eas.","url":"https:\/\/www.grupomedcof.com.br\/blog\/author\/leila\/"}]}},"authors":[{"term_id":3611,"user_id":18,"is_guest":0,"slug":"leila","display_name":"Leila Menzel","avatar_url":"https:\/\/www.grupomedcof.com.br\/blog\/wp-content\/uploads\/2023\/04\/cropped-cropped-cropped-logo-96x96.png","0":null,"1":"","2":"","3":"","4":"","5":"","6":"","7":"","8":""}],"_links":{"self":[{"href":"https:\/\/www.grupomedcof.com.br\/blog\/wp-json\/wp\/v2\/posts\/27579","targetHints":{"allow":["GET"]}}],"collection":[{"href":"https:\/\/www.grupomedcof.com.br\/blog\/wp-json\/wp\/v2\/posts"}],"about":[{"href":"https:\/\/www.grupomedcof.com.br\/blog\/wp-json\/wp\/v2\/types\/post"}],"author":[{"embeddable":true,"href":"https:\/\/www.grupomedcof.com.br\/blog\/wp-json\/wp\/v2\/users\/18"}],"replies":[{"embeddable":true,"href":"https:\/\/www.grupomedcof.com.br\/blog\/wp-json\/wp\/v2\/comments?post=27579"}],"version-history":[{"count":0,"href":"https:\/\/www.grupomedcof.com.br\/blog\/wp-json\/wp\/v2\/posts\/27579\/revisions"}],"wp:featuredmedia":[{"embeddable":true,"href":"https:\/\/www.grupomedcof.com.br\/blog\/wp-json\/wp\/v2\/media\/27584"}],"wp:attachment":[{"href":"https:\/\/www.grupomedcof.com.br\/blog\/wp-json\/wp\/v2\/media?parent=27579"}],"wp:term":[{"taxonomy":"category","embeddable":true,"href":"https:\/\/www.grupomedcof.com.br\/blog\/wp-json\/wp\/v2\/categories?post=27579"},{"taxonomy":"post_tag","embeddable":true,"href":"https:\/\/www.grupomedcof.com.br\/blog\/wp-json\/wp\/v2\/tags?post=27579"},{"taxonomy":"author","embeddable":true,"href":"https:\/\/www.grupomedcof.com.br\/blog\/wp-json\/wp\/v2\/ppma_author?post=27579"}],"curies":[{"name":"wp","href":"https:\/\/api.w.org\/{rel}","templated":true}]}}