{"id":27592,"date":"2024-07-10T08:29:29","date_gmt":"2024-07-10T11:29:29","guid":{"rendered":"https:\/\/www.grupomedcof.com.br\/blog\/?p=27592"},"modified":"2024-07-10T09:53:30","modified_gmt":"2024-07-10T12:53:30","slug":"psu-go-2025-primeiras-informacoes-divulgadas","status":"publish","type":"post","link":"https:\/\/www.grupomedcof.com.br\/blog\/psu-go-2025-primeiras-informacoes-divulgadas\/","title":{"rendered":"PSU-GO 2025: Primeiras informa\u00e7\u00f5es divulgadas"},"content":{"rendered":"<div id=\"ez-toc-container\" class=\"ez-toc-v2_0_74 counter-hierarchy ez-toc-counter ez-toc-transparent ez-toc-container-direction\">\n<div class=\"ez-toc-title-container\">\n<p class=\"ez-toc-title\" style=\"cursor:inherit\">Sum\u00e1rio<\/p>\n<span class=\"ez-toc-title-toggle\"><a href=\"#\" class=\"ez-toc-pull-right ez-toc-btn ez-toc-btn-xs ez-toc-btn-default ez-toc-toggle\" aria-label=\"Alternar tabela de conte\u00fado\"><span class=\"ez-toc-js-icon-con\"><span class=\"\"><span class=\"eztoc-hide\" style=\"display:none;\">Toggle<\/span><span class=\"ez-toc-icon-toggle-span\"><svg style=\"fill: #999;color:#999\" xmlns=\"http:\/\/www.w3.org\/2000\/svg\" class=\"list-377408\" width=\"20px\" height=\"20px\" viewBox=\"0 0 24 24\" fill=\"none\"><path d=\"M6 6H4v2h2V6zm14 0H8v2h12V6zM4 11h2v2H4v-2zm16 0H8v2h12v-2zM4 16h2v2H4v-2zm16 0H8v2h12v-2z\" fill=\"currentColor\"><\/path><\/svg><svg style=\"fill: #999;color:#999\" class=\"arrow-unsorted-368013\" xmlns=\"http:\/\/www.w3.org\/2000\/svg\" width=\"10px\" height=\"10px\" viewBox=\"0 0 24 24\" version=\"1.2\" baseProfile=\"tiny\"><path d=\"M18.2 9.3l-6.2-6.3-6.2 6.3c-.2.2-.3.4-.3.7s.1.5.3.7c.2.2.4.3.7.3h11c.3 0 .5-.1.7-.3.2-.2.3-.5.3-.7s-.1-.5-.3-.7zM5.8 14.7l6.2 6.3 6.2-6.3c.2-.2.3-.5.3-.7s-.1-.5-.3-.7c-.2-.2-.4-.3-.7-.3h-11c-.3 0-.5.1-.7.3-.2.2-.3.5-.3.7s.1.5.3.7z\"\/><\/svg><\/span><\/span><\/span><\/a><\/span><\/div>\n<nav><ul class='ez-toc-list ez-toc-list-level-1 ' ><li class='ez-toc-page-1 ez-toc-heading-level-2'><a class=\"ez-toc-link ez-toc-heading-1\" href=\"https:\/\/www.grupomedcof.com.br\/blog\/psu-go-2025-primeiras-informacoes-divulgadas\/#PSU-GO_2025\" >PSU-GO 2025<\/a><\/li><li class='ez-toc-page-1 ez-toc-heading-level-2'><a class=\"ez-toc-link ez-toc-heading-2\" href=\"https:\/\/www.grupomedcof.com.br\/blog\/psu-go-2025-primeiras-informacoes-divulgadas\/#Como_e_o_processo_seletivo_do_PSU-GO\" >Como \u00e9 o processo seletivo do PSU-GO<\/a><\/li><li class='ez-toc-page-1 ez-toc-heading-level-2'><a class=\"ez-toc-link ez-toc-heading-3\" href=\"https:\/\/www.grupomedcof.com.br\/blog\/psu-go-2025-primeiras-informacoes-divulgadas\/#O_metodo_que_te_aprova\" >O m\u00e9todo que te aprova<\/a><\/li><\/ul><\/nav><\/div>\n\n<figure class=\"wp-block-image size-large\"><img loading=\"lazy\" decoding=\"async\" width=\"1024\" height=\"576\" src=\"https:\/\/www.grupomedcof.com.br\/blog\/wp-content\/uploads\/2024\/07\/Blog-MedCof-48-1024x576.png\" alt=\"A imagem possui a logo da AREMG\" class=\"wp-image-27593\" srcset=\"https:\/\/www.grupomedcof.com.br\/blog\/wp-content\/uploads\/2024\/07\/Blog-MedCof-48-1024x576.png 1024w, https:\/\/www.grupomedcof.com.br\/blog\/wp-content\/uploads\/2024\/07\/Blog-MedCof-48-300x169.png 300w, https:\/\/www.grupomedcof.com.br\/blog\/wp-content\/uploads\/2024\/07\/Blog-MedCof-48-768x432.png 768w, https:\/\/www.grupomedcof.com.br\/blog\/wp-content\/uploads\/2024\/07\/Blog-MedCof-48-1536x864.png 1536w, https:\/\/www.grupomedcof.com.br\/blog\/wp-content\/uploads\/2024\/07\/Blog-MedCof-48-2048x1152.png 2048w, https:\/\/www.grupomedcof.com.br\/blog\/wp-content\/uploads\/2024\/07\/Blog-MedCof-48-747x420.png 747w, https:\/\/www.grupomedcof.com.br\/blog\/wp-content\/uploads\/2024\/07\/Blog-MedCof-48-150x84.png 150w, https:\/\/www.grupomedcof.com.br\/blog\/wp-content\/uploads\/2024\/07\/Blog-MedCof-48-696x392.png 696w, https:\/\/www.grupomedcof.com.br\/blog\/wp-content\/uploads\/2024\/07\/Blog-MedCof-48-1068x601.png 1068w, https:\/\/www.grupomedcof.com.br\/blog\/wp-content\/uploads\/2024\/07\/Blog-MedCof-48-1920x1080.png 1920w\" sizes=\"auto, (max-width: 1024px) 100vw, 1024px\" \/><\/figure>\n\n\n\n<p>O\u00a0<strong>Processo Seletivo Unificado de Goi\u00e1s (PSU-GO)<\/strong> divulgou na segunda-feira (8) as primeiras informa\u00e7\u00f5es do seu processo seletivo para ingresso nos programas de resid\u00eancia m\u00e9dica ofertados pelas institui\u00e7\u00f5es aderentes em 2025. Sendo assim, confira abaixo:<\/p>\n\n\n\n<h2 class=\"wp-block-heading\" id=\"h-psu-go-2025\"><span class=\"ez-toc-section\" id=\"PSU-GO_2025\"><\/span><strong>PSU-GO 2025<\/strong><span class=\"ez-toc-section-end\"><\/span><\/h2>\n\n\n\n<p>A divulga\u00e7\u00e3o ocorreu por meio do\u00a0<strong>site oficial da AREMG<\/strong> (Associa\u00e7\u00e3o de Apoio \u00e0 Resid\u00eancia M\u00e9dica de Minas Gerais), que confirmou a\u00a0<strong>data da prova<\/strong> para o dia <strong>24 de novembro de 2024<\/strong> e publica\u00e7\u00e3o do <strong>edital em setembro.<\/strong> Al\u00e9m disso, a CEREM Goi\u00e1s tamb\u00e9m deixou claro em seu\u00a0<a href=\"https:\/\/www.aremg.org.br\/detalhes-do-processo\/comunicado--data-da-prova-do-psu-go-2025\/1688\" target=\"_blank\" rel=\"noreferrer noopener nofollow\">comunicado<\/a>\u00a0que, nesta edi\u00e7\u00e3o, os curr\u00edculos \u2013 parte da 2\u00aa etapa da sele\u00e7\u00e3o \u2013 dever\u00e3o ser enviados no momento da inscri\u00e7\u00e3o.<\/p>\n\n\n\n<h2 class=\"wp-block-heading\" id=\"h-como-e-o-processo-seletivo-do-psu-go\"><span class=\"ez-toc-section\" id=\"Como_e_o_processo_seletivo_do_PSU-GO\"><\/span><strong>Como \u00e9 o processo seletivo do PSU-GO<\/strong><span class=\"ez-toc-section-end\"><\/span><\/h2>\n\n\n\n<p>O processo seletivo do PSU-GO possui<strong> duas etapas: a prova escrita e a an\u00e1lise curricular.<\/strong><br>Na primeira etapa, a prova escrita possui aplica\u00e7\u00e3o para todos os candidatos e tem car\u00e1ter classificat\u00f3rio e eliminat\u00f3rio. Para as especialidades de\u00a0<strong>Acesso Direto<\/strong>, a prova possui<strong>\u00a0100 quest\u00f5es objetivas de m\u00faltipla escolha<\/strong>. J\u00e1 para as\u00a0<strong>especialidades com Pr\u00e9-Requisito\u00a0<\/strong>exigido, a prova possui\u00a0<strong>50 quest\u00f5es objetivas<\/strong>\u00a0sobre os conhecimentos exigidos em cada especialidade.<\/p>\n\n\n\n<p>Desse modo, os aprovados na prova objetiva que tenham alcan\u00e7ado o m\u00ednimo de 50% de acertos na avalia\u00e7\u00e3o passam para a segunda etapa do processo, composta pela an\u00e1lise curricular. <\/p>\n\n\n\n<h2 class=\"wp-block-heading\" id=\"h-o-metodo-que-te-aprova\"><span class=\"ez-toc-section\" id=\"O_metodo_que_te_aprova\"><\/span><strong>O m\u00e9todo que te aprova<\/strong><span class=\"ez-toc-section-end\"><\/span><\/h2>\n\n\n\n<p>Conhe\u00e7a o Grupo MedCof e a metodologia que j\u00e1 aprovou<a href=\"https:\/\/www.grupomedcof.com.br\/blog\/presenca-da-medcof-nas-aprovacoes-em-residencia-medica-no-brasil\/\">\u00a0<strong>mais de 10 mil<\/strong><\/a>\u00a0residentes pelo pa\u00eds. Confira o v\u00eddeo do Dr. Jo\u00e3o Vitor Miranda, aprovado em 2\u00b0 lugar na Unicamp.<\/p>\n\n\n\n<figure class=\"wp-block-embed is-type-video is-provider-youtube wp-block-embed-youtube wp-embed-aspect-16-9 wp-has-aspect-ratio\"><div class=\"wp-block-embed__wrapper\">\n<div class=\"youtube-embed\" data-video_id=\"kg9-q2IfeYQ\"><iframe loading=\"lazy\" title=\"2\u00ba lugar no PSU-MG - Dr. Jo\u00e3o Vitor Miranda atual residente de Cl\u00ednica M\u00e9dica da UNICAMP #shorts\" width=\"696\" height=\"392\" src=\"https:\/\/www.youtube.com\/embed\/kg9-q2IfeYQ?list=PL1cAl9ptpmfoWGeBm6NS3STCp43vMSHzw\" frameborder=\"0\" allow=\"accelerometer; autoplay; clipboard-write; encrypted-media; gyroscope; picture-in-picture; web-share\" referrerpolicy=\"strict-origin-when-cross-origin\" allowfullscreen><\/iframe><\/div>\n<\/div><\/figure>\n","protected":false},"excerpt":{"rendered":"<p>O PSU-GO divulgou na segunda-feira (8) as primeiras informa\u00e7\u00f5es do seu processo seletivo para 2025. Saiba mais&#8230;<\/p>\n","protected":false},"author":18,"featured_media":27593,"comment_status":"open","ping_status":"open","sticky":false,"template":"","format":"standard","meta":{"footnotes":""},"categories":[287,174],"tags":[1433,1543,117,261,1542,68],"ppma_author":[3611],"class_list":{"0":"post-27592","1":"post","2":"type-post","3":"status-publish","4":"format-standard","5":"has-post-thumbnail","7":"category-destaques-medcof","8":"category-residencia-medica","9":"tag-aremg","10":"tag-primeiras-informacoes","11":"tag-provas-de-residencia","12":"tag-psu-go","13":"tag-psu-go-2025","14":"tag-residencia-medica"},"yoast_head":"<!-- This site is optimized with the Yoast SEO Premium plugin v24.3 (Yoast SEO v27.4) - https:\/\/yoast.com\/product\/yoast-seo-premium-wordpress\/ -->\n<title>PSU-GO 2025: Primeiras informa\u00e7\u00f5es divulgadas - Blog de Medcof: conte\u00fados, editais, revalida e mais!<\/title>\n<meta name=\"description\" content=\"O PSU-GO divulgou na segunda-feira (8) as primeiras informa\u00e7\u00f5es do seu processo seletivo para 2025. Saiba mais...\" \/>\n<meta name=\"robots\" content=\"index, follow, max-snippet:-1, max-image-preview:large, max-video-preview:-1\" \/>\n<link rel=\"canonical\" href=\"https:\/\/www.grupomedcof.com.br\/blog\/psu-go-2025-primeiras-informacoes-divulgadas\/\" \/>\n<meta property=\"og:locale\" content=\"pt_BR\" \/>\n<meta property=\"og:type\" content=\"article\" \/>\n<meta property=\"og:title\" content=\"PSU-GO 2025: Primeiras informa\u00e7\u00f5es divulgadas\" \/>\n<meta property=\"og:description\" content=\"O PSU-GO divulgou na segunda-feira (8) as primeiras informa\u00e7\u00f5es do seu processo seletivo para 2025. Saiba mais...\" \/>\n<meta property=\"og:url\" content=\"https:\/\/www.grupomedcof.com.br\/blog\/psu-go-2025-primeiras-informacoes-divulgadas\/\" \/>\n<meta property=\"og:site_name\" content=\"Blog de Medcof: conte\u00fados, editais, revalida e mais!\" \/>\n<meta property=\"article:publisher\" content=\"https:\/\/www.facebook.com\/MedCofQbank\/\" \/>\n<meta property=\"article:published_time\" content=\"2024-07-10T11:29:29+00:00\" \/>\n<meta property=\"article:modified_time\" content=\"2024-07-10T12:53:30+00:00\" \/>\n<meta property=\"og:image\" content=\"https:\/\/www.grupomedcof.com.br\/blog\/wp-content\/uploads\/2024\/07\/Blog-MedCof-48.png\" \/>\n\t<meta property=\"og:image:width\" content=\"2560\" \/>\n\t<meta property=\"og:image:height\" content=\"1440\" \/>\n\t<meta property=\"og:image:type\" content=\"image\/png\" \/>\n<meta name=\"author\" content=\"Leila Menzel\" \/>\n<meta name=\"twitter:card\" content=\"summary_large_image\" \/>\n<meta name=\"twitter:label1\" content=\"Escrito por\" \/>\n\t<meta name=\"twitter:data1\" content=\"Leila Menzel\" \/>\n\t<meta name=\"twitter:label2\" content=\"Est. tempo de leitura\" \/>\n\t<meta name=\"twitter:data2\" content=\"2 minutos\" \/>\n<script type=\"application\/ld+json\" class=\"yoast-schema-graph\">{\"@context\":\"https:\\\/\\\/schema.org\",\"@graph\":[{\"@type\":\"Article\",\"@id\":\"https:\\\/\\\/www.grupomedcof.com.br\\\/blog\\\/psu-go-2025-primeiras-informacoes-divulgadas\\\/#article\",\"isPartOf\":{\"@id\":\"https:\\\/\\\/www.grupomedcof.com.br\\\/blog\\\/psu-go-2025-primeiras-informacoes-divulgadas\\\/\"},\"author\":{\"name\":\"Leila Menzel\",\"@id\":\"https:\\\/\\\/www.grupomedcof.com.br\\\/blog\\\/#\\\/schema\\\/person\\\/2a5527209c17e7eb35bd6a4ebd5c7956\"},\"headline\":\"PSU-GO 2025: Primeiras informa\u00e7\u00f5es divulgadas\",\"datePublished\":\"2024-07-10T11:29:29+00:00\",\"dateModified\":\"2024-07-10T12:53:30+00:00\",\"mainEntityOfPage\":{\"@id\":\"https:\\\/\\\/www.grupomedcof.com.br\\\/blog\\\/psu-go-2025-primeiras-informacoes-divulgadas\\\/\"},\"wordCount\":292,\"commentCount\":0,\"publisher\":{\"@id\":\"https:\\\/\\\/www.grupomedcof.com.br\\\/blog\\\/#organization\"},\"image\":{\"@id\":\"https:\\\/\\\/www.grupomedcof.com.br\\\/blog\\\/psu-go-2025-primeiras-informacoes-divulgadas\\\/#primaryimage\"},\"thumbnailUrl\":\"https:\\\/\\\/www.grupomedcof.com.br\\\/blog\\\/wp-content\\\/uploads\\\/2024\\\/07\\\/Blog-MedCof-48.png\",\"keywords\":[\"AREMG\",\"Primeiras informa\u00e7\u00f5es\",\"Provas de Resid\u00eancia\",\"PSU-GO\",\"PSU-GO 2025\",\"Resid\u00eancia M\u00e9dica\"],\"articleSection\":[\"Destaques MedCof\",\"Resid\u00eancia m\u00e9dica: editais, resultados, temas quentes e mais\"],\"inLanguage\":\"pt-BR\"},{\"@type\":\"WebPage\",\"@id\":\"https:\\\/\\\/www.grupomedcof.com.br\\\/blog\\\/psu-go-2025-primeiras-informacoes-divulgadas\\\/\",\"url\":\"https:\\\/\\\/www.grupomedcof.com.br\\\/blog\\\/psu-go-2025-primeiras-informacoes-divulgadas\\\/\",\"name\":\"PSU-GO 2025: Primeiras informa\u00e7\u00f5es divulgadas - Blog de Medcof: conte\u00fados, editais, revalida e mais!\",\"isPartOf\":{\"@id\":\"https:\\\/\\\/www.grupomedcof.com.br\\\/blog\\\/#website\"},\"primaryImageOfPage\":{\"@id\":\"https:\\\/\\\/www.grupomedcof.com.br\\\/blog\\\/psu-go-2025-primeiras-informacoes-divulgadas\\\/#primaryimage\"},\"image\":{\"@id\":\"https:\\\/\\\/www.grupomedcof.com.br\\\/blog\\\/psu-go-2025-primeiras-informacoes-divulgadas\\\/#primaryimage\"},\"thumbnailUrl\":\"https:\\\/\\\/www.grupomedcof.com.br\\\/blog\\\/wp-content\\\/uploads\\\/2024\\\/07\\\/Blog-MedCof-48.png\",\"datePublished\":\"2024-07-10T11:29:29+00:00\",\"dateModified\":\"2024-07-10T12:53:30+00:00\",\"description\":\"O PSU-GO divulgou na segunda-feira (8) as primeiras informa\u00e7\u00f5es do seu processo seletivo para 2025. Saiba mais...\",\"breadcrumb\":{\"@id\":\"https:\\\/\\\/www.grupomedcof.com.br\\\/blog\\\/psu-go-2025-primeiras-informacoes-divulgadas\\\/#breadcrumb\"},\"inLanguage\":\"pt-BR\",\"potentialAction\":[{\"@type\":\"ReadAction\",\"target\":[\"https:\\\/\\\/www.grupomedcof.com.br\\\/blog\\\/psu-go-2025-primeiras-informacoes-divulgadas\\\/\"]}]},{\"@type\":\"ImageObject\",\"inLanguage\":\"pt-BR\",\"@id\":\"https:\\\/\\\/www.grupomedcof.com.br\\\/blog\\\/psu-go-2025-primeiras-informacoes-divulgadas\\\/#primaryimage\",\"url\":\"https:\\\/\\\/www.grupomedcof.com.br\\\/blog\\\/wp-content\\\/uploads\\\/2024\\\/07\\\/Blog-MedCof-48.png\",\"contentUrl\":\"https:\\\/\\\/www.grupomedcof.com.br\\\/blog\\\/wp-content\\\/uploads\\\/2024\\\/07\\\/Blog-MedCof-48.png\",\"width\":2560,\"height\":1440,\"caption\":\"A imagem possui a logo da AREMG\"},{\"@type\":\"BreadcrumbList\",\"@id\":\"https:\\\/\\\/www.grupomedcof.com.br\\\/blog\\\/psu-go-2025-primeiras-informacoes-divulgadas\\\/#breadcrumb\",\"itemListElement\":[{\"@type\":\"ListItem\",\"position\":1,\"name\":\"In\u00edcio\",\"item\":\"https:\\\/\\\/www.grupomedcof.com.br\\\/blog\\\/\"},{\"@type\":\"ListItem\",\"position\":2,\"name\":\"PSU-GO 2025: Primeiras informa\u00e7\u00f5es divulgadas\"}]},{\"@type\":\"WebSite\",\"@id\":\"https:\\\/\\\/www.grupomedcof.com.br\\\/blog\\\/#website\",\"url\":\"https:\\\/\\\/www.grupomedcof.com.br\\\/blog\\\/\",\"name\":\"Blog de Medcof: conte\u00fados, editais, revalida e mais!\",\"description\":\"Acesso o blog de MedCof! Seu portal de conte\u00fados sobre resid\u00eancia m\u00e9dica, an\u00e1lise e editais e muito mais. Clique e confira!\",\"publisher\":{\"@id\":\"https:\\\/\\\/www.grupomedcof.com.br\\\/blog\\\/#organization\"},\"alternateName\":\"Blog de Medcof: conte\u00fados, editais, revalida e mais!\",\"potentialAction\":[{\"@type\":\"SearchAction\",\"target\":{\"@type\":\"EntryPoint\",\"urlTemplate\":\"https:\\\/\\\/www.grupomedcof.com.br\\\/blog\\\/?s={search_term_string}\"},\"query-input\":{\"@type\":\"PropertyValueSpecification\",\"valueRequired\":true,\"valueName\":\"search_term_string\"}}],\"inLanguage\":\"pt-BR\"},{\"@type\":\"Organization\",\"@id\":\"https:\\\/\\\/www.grupomedcof.com.br\\\/blog\\\/#organization\",\"name\":\"Grupo MedCof\",\"url\":\"https:\\\/\\\/www.grupomedcof.com.br\\\/blog\\\/\",\"logo\":{\"@type\":\"ImageObject\",\"inLanguage\":\"pt-BR\",\"@id\":\"https:\\\/\\\/www.grupomedcof.com.br\\\/blog\\\/#\\\/schema\\\/logo\\\/image\\\/\",\"url\":\"https:\\\/\\\/www.grupomedcof.com.br\\\/blog\\\/wp-content\\\/uploads\\\/2022\\\/01\\\/logo-medcof.png\",\"contentUrl\":\"https:\\\/\\\/www.grupomedcof.com.br\\\/blog\\\/wp-content\\\/uploads\\\/2022\\\/01\\\/logo-medcof.png\",\"width\":768,\"height\":269,\"caption\":\"Grupo MedCof\"},\"image\":{\"@id\":\"https:\\\/\\\/www.grupomedcof.com.br\\\/blog\\\/#\\\/schema\\\/logo\\\/image\\\/\"},\"sameAs\":[\"https:\\\/\\\/www.facebook.com\\\/MedCofQbank\\\/\",\"https:\\\/\\\/www.instagram.com\\\/grupomedcof\\\/\",\"https:\\\/\\\/br.linkedin.com\\\/company\\\/medcof\",\"https:\\\/\\\/www.youtube.com\\\/channel\\\/UCdHMuOHKICxcHwecxN8P-AA\"]},{\"@type\":\"Person\",\"@id\":\"https:\\\/\\\/www.grupomedcof.com.br\\\/blog\\\/#\\\/schema\\\/person\\\/2a5527209c17e7eb35bd6a4ebd5c7956\",\"name\":\"Leila Menzel\",\"image\":{\"@type\":\"ImageObject\",\"inLanguage\":\"pt-BR\",\"@id\":\"https:\\\/\\\/www.grupomedcof.com.br\\\/blog\\\/wp-content\\\/uploads\\\/2023\\\/04\\\/cropped-cropped-cropped-logo-96x96.png15459389df217b605b4f0cce419ac81a\",\"url\":\"https:\\\/\\\/www.grupomedcof.com.br\\\/blog\\\/wp-content\\\/uploads\\\/2023\\\/04\\\/cropped-cropped-cropped-logo-96x96.png\",\"contentUrl\":\"https:\\\/\\\/www.grupomedcof.com.br\\\/blog\\\/wp-content\\\/uploads\\\/2023\\\/04\\\/cropped-cropped-cropped-logo-96x96.png\",\"caption\":\"Leila Menzel\"},\"description\":\"Estudante do 6\u00b0 semestre de jornalismo, amo e escrevo poesias e viajo em livros de romances clich\u00eas.\",\"url\":\"https:\\\/\\\/www.grupomedcof.com.br\\\/blog\\\/author\\\/leila\\\/\"}]}<\/script>\n<!-- \/ Yoast SEO Premium plugin. -->","yoast_head_json":{"title":"PSU-GO 2025: Primeiras informa\u00e7\u00f5es divulgadas - Blog de Medcof: conte\u00fados, editais, revalida e mais!","description":"O PSU-GO divulgou na segunda-feira (8) as primeiras informa\u00e7\u00f5es do seu processo seletivo para 2025. Saiba mais...","robots":{"index":"index","follow":"follow","max-snippet":"max-snippet:-1","max-image-preview":"max-image-preview:large","max-video-preview":"max-video-preview:-1"},"canonical":"https:\/\/www.grupomedcof.com.br\/blog\/psu-go-2025-primeiras-informacoes-divulgadas\/","og_locale":"pt_BR","og_type":"article","og_title":"PSU-GO 2025: Primeiras informa\u00e7\u00f5es divulgadas","og_description":"O PSU-GO divulgou na segunda-feira (8) as primeiras informa\u00e7\u00f5es do seu processo seletivo para 2025. Saiba mais...","og_url":"https:\/\/www.grupomedcof.com.br\/blog\/psu-go-2025-primeiras-informacoes-divulgadas\/","og_site_name":"Blog de Medcof: conte\u00fados, editais, revalida e mais!","article_publisher":"https:\/\/www.facebook.com\/MedCofQbank\/","article_published_time":"2024-07-10T11:29:29+00:00","article_modified_time":"2024-07-10T12:53:30+00:00","og_image":[{"width":2560,"height":1440,"url":"https:\/\/www.grupomedcof.com.br\/blog\/wp-content\/uploads\/2024\/07\/Blog-MedCof-48.png","type":"image\/png"}],"author":"Leila Menzel","twitter_card":"summary_large_image","twitter_misc":{"Escrito por":"Leila Menzel","Est. tempo de leitura":"2 minutos"},"schema":{"@context":"https:\/\/schema.org","@graph":[{"@type":"Article","@id":"https:\/\/www.grupomedcof.com.br\/blog\/psu-go-2025-primeiras-informacoes-divulgadas\/#article","isPartOf":{"@id":"https:\/\/www.grupomedcof.com.br\/blog\/psu-go-2025-primeiras-informacoes-divulgadas\/"},"author":{"name":"Leila Menzel","@id":"https:\/\/www.grupomedcof.com.br\/blog\/#\/schema\/person\/2a5527209c17e7eb35bd6a4ebd5c7956"},"headline":"PSU-GO 2025: Primeiras informa\u00e7\u00f5es divulgadas","datePublished":"2024-07-10T11:29:29+00:00","dateModified":"2024-07-10T12:53:30+00:00","mainEntityOfPage":{"@id":"https:\/\/www.grupomedcof.com.br\/blog\/psu-go-2025-primeiras-informacoes-divulgadas\/"},"wordCount":292,"commentCount":0,"publisher":{"@id":"https:\/\/www.grupomedcof.com.br\/blog\/#organization"},"image":{"@id":"https:\/\/www.grupomedcof.com.br\/blog\/psu-go-2025-primeiras-informacoes-divulgadas\/#primaryimage"},"thumbnailUrl":"https:\/\/www.grupomedcof.com.br\/blog\/wp-content\/uploads\/2024\/07\/Blog-MedCof-48.png","keywords":["AREMG","Primeiras informa\u00e7\u00f5es","Provas de Resid\u00eancia","PSU-GO","PSU-GO 2025","Resid\u00eancia M\u00e9dica"],"articleSection":["Destaques MedCof","Resid\u00eancia m\u00e9dica: editais, resultados, temas quentes e mais"],"inLanguage":"pt-BR"},{"@type":"WebPage","@id":"https:\/\/www.grupomedcof.com.br\/blog\/psu-go-2025-primeiras-informacoes-divulgadas\/","url":"https:\/\/www.grupomedcof.com.br\/blog\/psu-go-2025-primeiras-informacoes-divulgadas\/","name":"PSU-GO 2025: Primeiras informa\u00e7\u00f5es divulgadas - Blog de Medcof: conte\u00fados, editais, revalida e mais!","isPartOf":{"@id":"https:\/\/www.grupomedcof.com.br\/blog\/#website"},"primaryImageOfPage":{"@id":"https:\/\/www.grupomedcof.com.br\/blog\/psu-go-2025-primeiras-informacoes-divulgadas\/#primaryimage"},"image":{"@id":"https:\/\/www.grupomedcof.com.br\/blog\/psu-go-2025-primeiras-informacoes-divulgadas\/#primaryimage"},"thumbnailUrl":"https:\/\/www.grupomedcof.com.br\/blog\/wp-content\/uploads\/2024\/07\/Blog-MedCof-48.png","datePublished":"2024-07-10T11:29:29+00:00","dateModified":"2024-07-10T12:53:30+00:00","description":"O PSU-GO divulgou na segunda-feira (8) as primeiras informa\u00e7\u00f5es do seu processo seletivo para 2025. Saiba mais...","breadcrumb":{"@id":"https:\/\/www.grupomedcof.com.br\/blog\/psu-go-2025-primeiras-informacoes-divulgadas\/#breadcrumb"},"inLanguage":"pt-BR","potentialAction":[{"@type":"ReadAction","target":["https:\/\/www.grupomedcof.com.br\/blog\/psu-go-2025-primeiras-informacoes-divulgadas\/"]}]},{"@type":"ImageObject","inLanguage":"pt-BR","@id":"https:\/\/www.grupomedcof.com.br\/blog\/psu-go-2025-primeiras-informacoes-divulgadas\/#primaryimage","url":"https:\/\/www.grupomedcof.com.br\/blog\/wp-content\/uploads\/2024\/07\/Blog-MedCof-48.png","contentUrl":"https:\/\/www.grupomedcof.com.br\/blog\/wp-content\/uploads\/2024\/07\/Blog-MedCof-48.png","width":2560,"height":1440,"caption":"A imagem possui a logo da AREMG"},{"@type":"BreadcrumbList","@id":"https:\/\/www.grupomedcof.com.br\/blog\/psu-go-2025-primeiras-informacoes-divulgadas\/#breadcrumb","itemListElement":[{"@type":"ListItem","position":1,"name":"In\u00edcio","item":"https:\/\/www.grupomedcof.com.br\/blog\/"},{"@type":"ListItem","position":2,"name":"PSU-GO 2025: Primeiras informa\u00e7\u00f5es divulgadas"}]},{"@type":"WebSite","@id":"https:\/\/www.grupomedcof.com.br\/blog\/#website","url":"https:\/\/www.grupomedcof.com.br\/blog\/","name":"Blog de Medcof: conte\u00fados, editais, revalida e mais!","description":"Acesso o blog de MedCof! Seu portal de conte\u00fados sobre resid\u00eancia m\u00e9dica, an\u00e1lise e editais e muito mais. Clique e confira!","publisher":{"@id":"https:\/\/www.grupomedcof.com.br\/blog\/#organization"},"alternateName":"Blog de Medcof: conte\u00fados, editais, revalida e mais!","potentialAction":[{"@type":"SearchAction","target":{"@type":"EntryPoint","urlTemplate":"https:\/\/www.grupomedcof.com.br\/blog\/?s={search_term_string}"},"query-input":{"@type":"PropertyValueSpecification","valueRequired":true,"valueName":"search_term_string"}}],"inLanguage":"pt-BR"},{"@type":"Organization","@id":"https:\/\/www.grupomedcof.com.br\/blog\/#organization","name":"Grupo MedCof","url":"https:\/\/www.grupomedcof.com.br\/blog\/","logo":{"@type":"ImageObject","inLanguage":"pt-BR","@id":"https:\/\/www.grupomedcof.com.br\/blog\/#\/schema\/logo\/image\/","url":"https:\/\/www.grupomedcof.com.br\/blog\/wp-content\/uploads\/2022\/01\/logo-medcof.png","contentUrl":"https:\/\/www.grupomedcof.com.br\/blog\/wp-content\/uploads\/2022\/01\/logo-medcof.png","width":768,"height":269,"caption":"Grupo MedCof"},"image":{"@id":"https:\/\/www.grupomedcof.com.br\/blog\/#\/schema\/logo\/image\/"},"sameAs":["https:\/\/www.facebook.com\/MedCofQbank\/","https:\/\/www.instagram.com\/grupomedcof\/","https:\/\/br.linkedin.com\/company\/medcof","https:\/\/www.youtube.com\/channel\/UCdHMuOHKICxcHwecxN8P-AA"]},{"@type":"Person","@id":"https:\/\/www.grupomedcof.com.br\/blog\/#\/schema\/person\/2a5527209c17e7eb35bd6a4ebd5c7956","name":"Leila Menzel","image":{"@type":"ImageObject","inLanguage":"pt-BR","@id":"https:\/\/www.grupomedcof.com.br\/blog\/wp-content\/uploads\/2023\/04\/cropped-cropped-cropped-logo-96x96.png15459389df217b605b4f0cce419ac81a","url":"https:\/\/www.grupomedcof.com.br\/blog\/wp-content\/uploads\/2023\/04\/cropped-cropped-cropped-logo-96x96.png","contentUrl":"https:\/\/www.grupomedcof.com.br\/blog\/wp-content\/uploads\/2023\/04\/cropped-cropped-cropped-logo-96x96.png","caption":"Leila Menzel"},"description":"Estudante do 6\u00b0 semestre de jornalismo, amo e escrevo poesias e viajo em livros de romances clich\u00eas.","url":"https:\/\/www.grupomedcof.com.br\/blog\/author\/leila\/"}]}},"authors":[{"term_id":3611,"user_id":18,"is_guest":0,"slug":"leila","display_name":"Leila Menzel","avatar_url":"https:\/\/www.grupomedcof.com.br\/blog\/wp-content\/uploads\/2023\/04\/cropped-cropped-cropped-logo-96x96.png","0":null,"1":"","2":"","3":"","4":"","5":"","6":"","7":"","8":""}],"_links":{"self":[{"href":"https:\/\/www.grupomedcof.com.br\/blog\/wp-json\/wp\/v2\/posts\/27592","targetHints":{"allow":["GET"]}}],"collection":[{"href":"https:\/\/www.grupomedcof.com.br\/blog\/wp-json\/wp\/v2\/posts"}],"about":[{"href":"https:\/\/www.grupomedcof.com.br\/blog\/wp-json\/wp\/v2\/types\/post"}],"author":[{"embeddable":true,"href":"https:\/\/www.grupomedcof.com.br\/blog\/wp-json\/wp\/v2\/users\/18"}],"replies":[{"embeddable":true,"href":"https:\/\/www.grupomedcof.com.br\/blog\/wp-json\/wp\/v2\/comments?post=27592"}],"version-history":[{"count":0,"href":"https:\/\/www.grupomedcof.com.br\/blog\/wp-json\/wp\/v2\/posts\/27592\/revisions"}],"wp:featuredmedia":[{"embeddable":true,"href":"https:\/\/www.grupomedcof.com.br\/blog\/wp-json\/wp\/v2\/media\/27593"}],"wp:attachment":[{"href":"https:\/\/www.grupomedcof.com.br\/blog\/wp-json\/wp\/v2\/media?parent=27592"}],"wp:term":[{"taxonomy":"category","embeddable":true,"href":"https:\/\/www.grupomedcof.com.br\/blog\/wp-json\/wp\/v2\/categories?post=27592"},{"taxonomy":"post_tag","embeddable":true,"href":"https:\/\/www.grupomedcof.com.br\/blog\/wp-json\/wp\/v2\/tags?post=27592"},{"taxonomy":"author","embeddable":true,"href":"https:\/\/www.grupomedcof.com.br\/blog\/wp-json\/wp\/v2\/ppma_author?post=27592"}],"curies":[{"name":"wp","href":"https:\/\/api.w.org\/{rel}","templated":true}]}}