{"id":27627,"date":"2024-07-10T12:11:53","date_gmt":"2024-07-10T15:11:53","guid":{"rendered":"https:\/\/www.grupomedcof.com.br\/blog\/?p=27627"},"modified":"2024-07-10T12:11:54","modified_gmt":"2024-07-10T15:11:54","slug":"aps-principios-ferramentas-mfc-e-esf","status":"publish","type":"post","link":"https:\/\/www.grupomedcof.com.br\/blog\/aps-principios-ferramentas-mfc-e-esf\/","title":{"rendered":"APS: Princ\u00edpios, Ferramentas, MFC e ESF"},"content":{"rendered":"<div id=\"ez-toc-container\" class=\"ez-toc-v2_0_74 counter-hierarchy ez-toc-counter ez-toc-transparent ez-toc-container-direction\">\n<div class=\"ez-toc-title-container\">\n<p class=\"ez-toc-title\" style=\"cursor:inherit\">Sum\u00e1rio<\/p>\n<span class=\"ez-toc-title-toggle\"><a href=\"#\" class=\"ez-toc-pull-right ez-toc-btn ez-toc-btn-xs ez-toc-btn-default ez-toc-toggle\" aria-label=\"Alternar tabela de conte\u00fado\"><span class=\"ez-toc-js-icon-con\"><span class=\"\"><span class=\"eztoc-hide\" style=\"display:none;\">Toggle<\/span><span class=\"ez-toc-icon-toggle-span\"><svg style=\"fill: #999;color:#999\" xmlns=\"http:\/\/www.w3.org\/2000\/svg\" class=\"list-377408\" width=\"20px\" height=\"20px\" viewBox=\"0 0 24 24\" fill=\"none\"><path d=\"M6 6H4v2h2V6zm14 0H8v2h12V6zM4 11h2v2H4v-2zm16 0H8v2h12v-2zM4 16h2v2H4v-2zm16 0H8v2h12v-2z\" fill=\"currentColor\"><\/path><\/svg><svg style=\"fill: #999;color:#999\" class=\"arrow-unsorted-368013\" xmlns=\"http:\/\/www.w3.org\/2000\/svg\" width=\"10px\" height=\"10px\" viewBox=\"0 0 24 24\" version=\"1.2\" baseProfile=\"tiny\"><path d=\"M18.2 9.3l-6.2-6.3-6.2 6.3c-.2.2-.3.4-.3.7s.1.5.3.7c.2.2.4.3.7.3h11c.3 0 .5-.1.7-.3.2-.2.3-.5.3-.7s-.1-.5-.3-.7zM5.8 14.7l6.2 6.3 6.2-6.3c.2-.2.3-.5.3-.7s-.1-.5-.3-.7c-.2-.2-.4-.3-.7-.3h-11c-.3 0-.5.1-.7.3-.2.2-.3.5-.3.7s.1.5.3.7z\"\/><\/svg><\/span><\/span><\/span><\/a><\/span><\/div>\n<nav><ul class='ez-toc-list ez-toc-list-level-1 ' ><li class='ez-toc-page-1 ez-toc-heading-level-2'><a class=\"ez-toc-link ez-toc-heading-1\" href=\"https:\/\/www.grupomedcof.com.br\/blog\/aps-principios-ferramentas-mfc-e-esf\/#Atencao_Primaria_de_Saude\" >Aten\u00e7\u00e3o Prim\u00e1ria de Sa\u00fade<\/a><\/li><li class='ez-toc-page-1 ez-toc-heading-level-2'><a class=\"ez-toc-link ez-toc-heading-2\" href=\"https:\/\/www.grupomedcof.com.br\/blog\/aps-principios-ferramentas-mfc-e-esf\/#O_que_os_Pre-residentes_precisam_saber\" >O que os Pr\u00e9-residentes precisam saber?<\/a><ul class='ez-toc-list-level-3' ><li class='ez-toc-heading-level-3'><a class=\"ez-toc-link ez-toc-heading-3\" href=\"https:\/\/www.grupomedcof.com.br\/blog\/aps-principios-ferramentas-mfc-e-esf\/#Marcos_Historicos\" >Marcos Hist\u00f3ricos<\/a><\/li><li class='ez-toc-page-1 ez-toc-heading-level-3'><a class=\"ez-toc-link ez-toc-heading-4\" href=\"https:\/\/www.grupomedcof.com.br\/blog\/aps-principios-ferramentas-mfc-e-esf\/#Papel_da_APS\" >Papel da APS<\/a><\/li><li class='ez-toc-page-1 ez-toc-heading-level-3'><a class=\"ez-toc-link ez-toc-heading-5\" href=\"https:\/\/www.grupomedcof.com.br\/blog\/aps-principios-ferramentas-mfc-e-esf\/#Principios_Fundamentais\" >Princ\u00edpios Fundamentais<\/a><\/li><li class='ez-toc-page-1 ez-toc-heading-level-3'><a class=\"ez-toc-link ez-toc-heading-6\" href=\"https:\/\/www.grupomedcof.com.br\/blog\/aps-principios-ferramentas-mfc-e-esf\/#Ferramentas\" >Ferramentas<\/a><\/li><\/ul><\/li><li class='ez-toc-page-1 ez-toc-heading-level-2'><a class=\"ez-toc-link ez-toc-heading-7\" href=\"https:\/\/www.grupomedcof.com.br\/blog\/aps-principios-ferramentas-mfc-e-esf\/#Medicina_da_Familia_e_Comunidade\" >Medicina da Fam\u00edlia e Comunidade<\/a><\/li><li class='ez-toc-page-1 ez-toc-heading-level-2'><a class=\"ez-toc-link ez-toc-heading-8\" href=\"https:\/\/www.grupomedcof.com.br\/blog\/aps-principios-ferramentas-mfc-e-esf\/#Estrategia_Saude_da_Familia_ESF\" >Estrat\u00e9gia Sa\u00fade da Fam\u00edlia (ESF)<\/a><ul class='ez-toc-list-level-3' ><li class='ez-toc-heading-level-3'><a class=\"ez-toc-link ez-toc-heading-9\" href=\"https:\/\/www.grupomedcof.com.br\/blog\/aps-principios-ferramentas-mfc-e-esf\/#_Contextualizacao_Historica_e_Definicao\" >\u00a0Contextualiza\u00e7\u00e3o Hist\u00f3rica e Defini\u00e7\u00e3o<\/a><\/li><li class='ez-toc-page-1 ez-toc-heading-level-3'><a class=\"ez-toc-link ez-toc-heading-10\" href=\"https:\/\/www.grupomedcof.com.br\/blog\/aps-principios-ferramentas-mfc-e-esf\/#Definicao\" >Defini\u00e7\u00e3o<\/a><\/li><li class='ez-toc-page-1 ez-toc-heading-level-3'><a class=\"ez-toc-link ez-toc-heading-11\" href=\"https:\/\/www.grupomedcof.com.br\/blog\/aps-principios-ferramentas-mfc-e-esf\/#Aplicacao\" >Aplica\u00e7\u00e3o<\/a><\/li><li class='ez-toc-page-1 ez-toc-heading-level-3'><a class=\"ez-toc-link ez-toc-heading-12\" href=\"https:\/\/www.grupomedcof.com.br\/blog\/aps-principios-ferramentas-mfc-e-esf\/#Atribuicoes_dos_profissionais_da_Atencao_Basica\" >Atribui\u00e7\u00f5es dos profissionais da Aten\u00e7\u00e3o B\u00e1sica<\/a><\/li><\/ul><\/li><\/ul><\/nav><\/div>\n\n<figure class=\"wp-block-image size-large\"><img loading=\"lazy\" decoding=\"async\" width=\"1024\" height=\"576\" src=\"https:\/\/www.grupomedcof.com.br\/blog\/wp-content\/uploads\/2024\/07\/Blog-MedCof-52-1024x576.png\" alt=\"\" class=\"wp-image-27628\" srcset=\"https:\/\/www.grupomedcof.com.br\/blog\/wp-content\/uploads\/2024\/07\/Blog-MedCof-52-1024x576.png 1024w, https:\/\/www.grupomedcof.com.br\/blog\/wp-content\/uploads\/2024\/07\/Blog-MedCof-52-300x169.png 300w, https:\/\/www.grupomedcof.com.br\/blog\/wp-content\/uploads\/2024\/07\/Blog-MedCof-52-768x432.png 768w, https:\/\/www.grupomedcof.com.br\/blog\/wp-content\/uploads\/2024\/07\/Blog-MedCof-52-1536x864.png 1536w, https:\/\/www.grupomedcof.com.br\/blog\/wp-content\/uploads\/2024\/07\/Blog-MedCof-52-2048x1152.png 2048w, https:\/\/www.grupomedcof.com.br\/blog\/wp-content\/uploads\/2024\/07\/Blog-MedCof-52-747x420.png 747w, https:\/\/www.grupomedcof.com.br\/blog\/wp-content\/uploads\/2024\/07\/Blog-MedCof-52-150x84.png 150w, https:\/\/www.grupomedcof.com.br\/blog\/wp-content\/uploads\/2024\/07\/Blog-MedCof-52-696x392.png 696w, https:\/\/www.grupomedcof.com.br\/blog\/wp-content\/uploads\/2024\/07\/Blog-MedCof-52-1068x601.png 1068w, https:\/\/www.grupomedcof.com.br\/blog\/wp-content\/uploads\/2024\/07\/Blog-MedCof-52-1920x1080.png 1920w\" sizes=\"auto, (max-width: 1024px) 100vw, 1024px\" \/><\/figure>\n\n\n\n<p><em>Texto escrito por Kiara Adelino, estudante de medicina da UECE.<\/em><\/p>\n\n\n\n<p>Quer conhecer mais sobre a<a href=\"https:\/\/www.gov.br\/saude\/pt-br\/composicao\/saps\/saiba-mais-sobre-a-aps\" target=\"_blank\" rel=\"noreferrer noopener nofollow\"> APS<\/a>? Ent\u00e3o este post \u00e9 para voc\u00ea! Confira:<\/p>\n\n\n\n<h2 class=\"wp-block-heading\" id=\"h-atencao-primaria-de-saude\"><span class=\"ez-toc-section\" id=\"Atencao_Primaria_de_Saude\"><\/span><strong>Aten\u00e7\u00e3o Prim\u00e1ria de Sa\u00fade<\/strong><span class=\"ez-toc-section-end\"><\/span><\/h2>\n\n\n\n<p>A<strong> Aten\u00e7\u00e3o Prim\u00e1ria de Sa\u00fade<\/strong> (APS) \u00e9 o primeiro contato que os pacientes (fam\u00edlia e comunidade) t\u00eam com o <strong>sistema p\u00fablico de sa\u00fade<\/strong>. Esse desempenha um papel fundamental na <strong>promo\u00e7\u00e3o de sa\u00fade e bem-estar, preven\u00e7\u00e3o de doen\u00e7as, tratamento de condi\u00e7\u00f5es comuns e gest\u00e3o de doen\u00e7as cr\u00f4nicas e reabilita\u00e7\u00e3o de pacientes ap\u00f3s decl\u00ednios agudos.\u00a0<\/strong><\/p>\n\n\n\n<h2 class=\"wp-block-heading\" id=\"h-o-que-os-pre-residentes-precisam-saber\"><span class=\"ez-toc-section\" id=\"O_que_os_Pre-residentes_precisam_saber\"><\/span><strong>O que os Pr\u00e9-residentes precisam saber?<\/strong><span class=\"ez-toc-section-end\"><\/span><\/h2>\n\n\n\n<h3 class=\"wp-block-heading\" id=\"h-marcos-historicos\"><span class=\"ez-toc-section\" id=\"Marcos_Historicos\"><\/span><strong>Marcos Hist\u00f3ricos<\/strong><span class=\"ez-toc-section-end\"><\/span><\/h3>\n\n\n\n<p>A confer\u00eancia de Alma-Ata, ocorrida em 1978, definiu a APA como essencial para alcan\u00e7ar \u201cSa\u00fade para Todos\u201d, enfatizando cuidados universais, acess\u00edveis e comunit\u00e1rios. Ademais, a Declara\u00e7\u00e3o de Astana, em 2018, foi a reafirma\u00e7\u00e3o global do compromisso com a APS, enfatizando construir cuidados de sa\u00fade prim\u00e1rios sustent\u00e1veis. Com foco no Brasil, a cria\u00e7\u00e3o do SUS, em 1988, elevou o n\u00edvel da APS como estrat\u00e9gia fundamental para a estrutura\u00e7\u00e3o do Sistema \u00danico de Sa\u00fade. Em 1994, houve a reformula\u00e7\u00e3o da APS com foco na sa\u00fade da fam\u00edlia como modelo de atendimento.<\/p>\n\n\n\n<h3 class=\"wp-block-heading\" id=\"h-papel-da-aps\"><span class=\"ez-toc-section\" id=\"Papel_da_APS\"><\/span><strong>Papel da APS<\/strong><span class=\"ez-toc-section-end\"><\/span><\/h3>\n\n\n\n<p>A<strong> <\/strong>Aten\u00e7\u00e3o Prim\u00e1ria de Sa\u00fade atua\u00a0como coordenadora do cuidado, garantia da continuidade e integralidade dos servi\u00e7os de sa\u00fade, direcionando os pacientes atrav\u00e9s de diferentes n\u00edveis de atendimento e especializa\u00e7\u00f5es.<\/p>\n\n\n\n<h3 class=\"wp-block-heading\" id=\"h-principios-fundamentais\"><span class=\"ez-toc-section\" id=\"Principios_Fundamentais\"><\/span><strong>Princ\u00edpios Fundamentais<\/strong><span class=\"ez-toc-section-end\"><\/span><\/h3>\n\n\n\n<p>Desse modo, confira abaixo os princ\u00edpios fundamentais:<\/p>\n\n\n\n<ul class=\"wp-block-list\">\n<li>Acessibilidade\u00a0<\/li>\n\n\n\n<li>Coordena\u00e7\u00e3o do cuidado<\/li>\n\n\n\n<li>Continuidade do cuidado\u00a0<\/li>\n\n\n\n<li>Enfoque familiar\u00a0<\/li>\n\n\n\n<li>Orienta\u00e7\u00e3o preventiva\u00a0<\/li>\n<\/ul>\n\n\n\n<p>Ademais, para alcan\u00e7ar seus objetivos, esse sistema de sa\u00fade selecionou <strong>princ\u00edpios\u00a0e diretrizes<\/strong> a serem seguidos. Sendo os primeiros: <strong>Universalidade, Equidade e Integralidade<\/strong>. J\u00e1 os segundos s\u00e3o: <strong>Regionaliza\u00e7\u00e3o e Hierarquiza\u00e7\u00e3o,\u00a0Territorializa\u00e7\u00e3o, Popula\u00e7\u00e3o Adstrita, Cuidado Centrado na Pessoa, Resolutividade, Longitudinalidade do\u00a0 Cuidado, Ordena\u00e7\u00e3o de Rede e Participa\u00e7\u00e3o da Comunidade.<\/strong> Cada um desses visa estabelecer a melhor organiza\u00e7\u00e3o poss\u00edvel do sistema para melhor aux\u00edlio \u00e0 popula\u00e7\u00e3o. Os primeiros citados guiam toda a conduta profissional de cuidado na sa\u00fade, sendo definidos de tal modo:\u00a0<\/p>\n\n\n\n<ul class=\"wp-block-list\">\n<li>Universalidade &#8211; atendimento pleno a todos os necessitados, n\u00e3o permitindo que preconceitos ou sentimentos pessoais interfiram na oferta de presta\u00e7\u00e3o de servi\u00e7o de sa\u00fade;<\/li>\n<\/ul>\n\n\n\n<ul class=\"wp-block-list\">\n<li>Equidade &#8211; versa sobre o reconhecimento das desigualdades sociais, culturais e biol\u00f3gicas e, assim, reduzir assimetrias no cuidado;<\/li>\n<\/ul>\n\n\n\n<ul class=\"wp-block-list\">\n<li>Integralidade &#8211; princ\u00edpio alicer\u00e7ado na amplifica\u00e7\u00e3o das formas de cuidado,\u00a0entendo a sa\u00fade do paciente como algo complexo e que necessita de diversos focos de aten\u00e7\u00e3o.<\/li>\n<\/ul>\n\n\n\n<p>Vale, tamb\u00e9m, destacar as caracter\u00edsticas das diretrizes que guiam a APS, logo a <strong>Regionaliza\u00e7\u00e3o<\/strong> e <strong>Hierarquiza\u00e7\u00e3o<\/strong> prezam pela distribui\u00e7\u00e3o de a\u00e7\u00f5es e servi\u00e7os de sa\u00fade em determinada localidade para melhor funcionamento e comunica\u00e7\u00e3o dos pontos de aten\u00e7\u00e3o da Rede de Aten\u00e7\u00e3o \u00e0 Sa\u00fade, tendo a Aten\u00e7\u00e3o B\u00e1sica como alicerce de integra\u00e7\u00e3o. A <strong>Territorializa\u00e7\u00e3o<\/strong> est\u00e1 focada na amplia\u00e7\u00e3o da efic\u00e1cia de a\u00e7\u00f5es em determinado territ\u00f3rio,\u00a0 com melhor planejamento dos cuidados ao dividir os territ\u00f3rios para promo\u00e7\u00e3o da plena vigil\u00e2ncia dos determinantes de sa\u00fade, promo\u00e7\u00e3o e prote\u00e7\u00e3o por uma equipe qualificada. <strong>Popula\u00e7\u00e3o<\/strong> <strong>adstrita<\/strong> corrobora para estimular o v\u00ednculo m\u00e9dico-paciente e responsabiliza\u00e7\u00e3o da equipe com a comunidade, j\u00e1 que um n\u00famero suficiente e limite \u00e9 estabelecido para a equipe para que o aux\u00edlio seja qualificado. O Cuidado Centrado na pessoa est\u00e1 ligado ao cuidado humanizado, atendendo ao paciente de forma singularizada, em que a forma de aux\u00edlio \u00e9 alicer\u00e7ada nas necessidades e nos condicionantes espec\u00edficos do atendido, para criar maior v\u00ednculo com o paciente. A <strong>Resolutividade<\/strong> versa sobre a capacidade de dar respostas positivas a grande maioria dos problemas de sa\u00fade da popula\u00e7\u00e3o,\u00a0coordenando o cuidado com outros pontos do RAS se necess\u00e1rio. A <strong>Longevidade<\/strong> do <strong>Cuidado<\/strong> est\u00e1 vinculada ao acompanhamento dos pacientes em suas necessidades, sendo na promo\u00e7\u00e3o ou nos n\u00edveis de preven\u00e7\u00e3o de sa\u00fade, evitando a perda de refer\u00eancias ao construir um v\u00ednculo mais seguro com o paciente. A <strong>Ordena\u00e7\u00e3o<\/strong> <strong>de<\/strong> <strong>Rede<\/strong> responsabiliza-se sobre a comunica\u00e7\u00e3o entre pontos de atendimento atrav\u00e9s de uma rela\u00e7\u00e3o horizontal,\u00a0cont\u00ednua e integrada, para obter uma gest\u00e3o compartilhada e organizada. Por fim, a <strong>Participa\u00e7\u00e3o<\/strong> <strong>da<\/strong> <strong>Comunidade<\/strong> versa sobre a autonomia do paciente dentro da pr\u00f3pria rede de cuidado, construindo um cuidado intr\u00ednseco aos determinantes e condicionantes da popula\u00e7\u00e3o para maior ades\u00e3o.<\/p>\n\n\n\n<h3 class=\"wp-block-heading\" id=\"h-ferramentas\"><span class=\"ez-toc-section\" id=\"Ferramentas\"><\/span><strong>Ferramentas<\/strong><span class=\"ez-toc-section-end\"><\/span><\/h3>\n\n\n\n<p>Para abranger todos os objetivos citados, a APS recorre a importantes ferramentas de sistema, tal como a Estrat\u00e9gia Sa\u00fade da Fam\u00edlia (que leva servi\u00e7os multidisciplinares \u00e0s comunidades por meio das Unidades de Sa\u00fade da Fam\u00edlia), por exemplo. Al\u00e9m disso, realiza consultas, exames, vacinas, radiografias e outros procedimentos aos usu\u00e1rios. Ademais, conta com a Carteira de Servi\u00e7o da Aten\u00e7\u00e3o Prim\u00e1ria \u00e0 Sa\u00fade (CASAPS) para apoiar os gestores municipais na tomada de decis\u00f5es administrativas. Vale, ainda, ressaltar o<strong> Programa Sa\u00fade na Hora<\/strong> e o <strong>Mais M\u00e9dicos.<\/strong><\/p>\n\n\n\n<h2 class=\"wp-block-heading\" id=\"h-medicina-da-familia-e-comunidade\"><span class=\"ez-toc-section\" id=\"Medicina_da_Familia_e_Comunidade\"><\/span><strong>Medicina da Fam\u00edlia e Comunidade<\/strong><span class=\"ez-toc-section-end\"><\/span><\/h2>\n\n\n\n<p>Resid\u00eancia m\u00e9dica voltada, sobretudo, para a <strong>Aten\u00e7\u00e3o Prim\u00e1ria<\/strong>, que pode resolver aproximadamente 85% das queixas dos pacientes, de acordo com o Minist\u00e9rio da Sa\u00fade.\u00a0 O M\u00e9dico da Fam\u00edlia deve ter um atendimento integral, cont\u00ednuo e abrangente (independente do problema de sa\u00fade, do sexo e da idade). Mesmo quando encaminhado a outro especialista, esse profissional deve se manter pr\u00f3ximo do seu paciente, por isso a import\u00e2ncia do v\u00ednculo m\u00e9dico-paciente. Essa resid\u00eancia pode ser realizada, mediante prova, logo ap\u00f3s o t\u00e9rmino da gradua\u00e7\u00e3o,\u00a0sem outra especializa\u00e7\u00e3o pr\u00e9via. A resid\u00eancia tem <strong>dura\u00e7\u00e3o de 24 meses e 60 horas semanais<\/strong>, com oportunidade de est\u00e1gio em outras \u00e1reas tamb\u00e9m. Conforme edital do Enare 2023 \u00e9 a 2\u00b0 especialidade com mais vagas ofertadas (224 entre os 77 hospitais participantes do ENRM). Um M\u00e9dico da Fam\u00edlia ganha em m\u00e9dia 11.672,94 ao m\u00eas, o que muda conforme o local de trabalho.\u00a0<\/p>\n\n\n\n<h2 class=\"wp-block-heading\" id=\"h-estrategia-saude-da-familia-esf\"><span class=\"ez-toc-section\" id=\"Estrategia_Saude_da_Familia_ESF\"><\/span><strong>Estrat\u00e9gia Sa\u00fade da Fam\u00edlia (ESF)<\/strong><span class=\"ez-toc-section-end\"><\/span><\/h2>\n\n\n\n<h3 class=\"wp-block-heading\" id=\"h-contextualizacao-historica-e-definicao\"><span class=\"ez-toc-section\" id=\"_Contextualizacao_Historica_e_Definicao\"><\/span><strong>\u00a0Contextualiza\u00e7\u00e3o Hist\u00f3rica e Defini\u00e7\u00e3o<\/strong><span class=\"ez-toc-section-end\"><\/span><\/h3>\n\n\n\n<p>Ademais, a partir da fundamentalidade de ordenar os servi\u00e7os de forma adaptada \u00e0s necessidades da popula\u00e7\u00e3o, o PACS (Programa de Agentes Comunit\u00e1rios de Sa\u00fade) teve sua cria\u00e7\u00e3o em 1990, funcionando como uma estrat\u00e9gia de transi\u00e7\u00e3o at\u00e9 o Programa Sa\u00fade da Fam\u00edlia, efetivado em 1994. O objetivo era reorganizar o sistema de sa\u00fade a n\u00edvel municipal, integrando diversos profissionais com o fito de estabelecer um v\u00ednculo colaborativo entre comunidade e unidades de sa\u00fade. Esta, por sua vez, mostrou-se bastante complexa devido aos aspectos multidimensionais que exercem influ\u00eancia sobre ela, os quais buscam ser contemplados na Estrat\u00e9gia Sa\u00fade da Fam\u00edlia. Em 2006, a Pol\u00edtica Nacional de Aten\u00e7\u00e3o B\u00e1sica (PNAB) foi aprovada, estabelecendo a Sa\u00fade da Fam\u00edlia como modelo preferencial para estrutura\u00e7\u00e3o da APS no SUS.<\/p>\n\n\n\n<h3 class=\"wp-block-heading\" id=\"h-definicao\"><span class=\"ez-toc-section\" id=\"Definicao\"><\/span><strong>Defini\u00e7\u00e3o<\/strong><span class=\"ez-toc-section-end\"><\/span><\/h3>\n\n\n\n<p>A Estrat\u00e9gia Sa\u00fade da Fam\u00edlia \u00e9 um modelo organizacional que prioriza a preven\u00e7\u00e3o, a promo\u00e7\u00e3o e recupera\u00e7\u00e3o da sa\u00fade, considerando a integralidade do cuidado ao oferecer servi\u00e7os de uma equipe multidisciplinar &#8211; equipe de Sa\u00fade da Fam\u00edlia, a qual ser\u00e1 melhor caracterizada no t\u00f3pico seguinte. De acordo com a PNAB, a ESF \u00e9 a estrat\u00e9gia priorit\u00e1ria de expans\u00e3o, consolida\u00e7\u00e3o e qualifica\u00e7\u00e3o da Aten\u00e7\u00e3o B\u00e1sica seguindo os princ\u00edpios do SUS, j\u00e1 descritos.<\/p>\n\n\n\n<h3 class=\"wp-block-heading\" id=\"h-aplicacao\"><span class=\"ez-toc-section\" id=\"Aplicacao\"><\/span><strong>Aplica\u00e7\u00e3o<\/strong><span class=\"ez-toc-section-end\"><\/span><\/h3>\n\n\n\n<p>A equipe de ESF possui, no m\u00ednimo, por m\u00e9dico, enfermeiro, auxiliar e\/ou t\u00e9cnico de enfermagem e agente comunit\u00e1rio de sa\u00fade (ACS). Podem fazer parte da equipe o agente de combate \u00e0s endemias (ACE) e os profissionais de sa\u00fade bucal: cirurgi\u00e3o-dentista e auxiliar ou t\u00e9cnico em sa\u00fade bucal. Prefere-se a especializa\u00e7\u00e3o em Sa\u00fade da\u00a0 Fam\u00edlia e da Comunidade para as profiss\u00f5es em que h\u00e1 essa possibilidade.<\/p>\n\n\n\n<p>O n\u00famero de ACS por equipe tem defini\u00e7\u00e3o de acordo com base populacional, crit\u00e9rios demogr\u00e1ficos, epidemiol\u00f3gicos e socioecon\u00f4micos locais, variando de 6 a 8, comumente, agentes comunit\u00e1rios para at\u00e9 750 pessoas por ACS. Em \u00e1reas territorialmente extensas ou em situa\u00e7\u00e3o de risco ou vulnerabilidade social, recomenda-se a cobertura de 100% da popula\u00e7\u00e3o, seguindo o limite por ACS citado. A popula\u00e7\u00e3o adscrita por equipe \u00e9 de 2000 a 3500 pessoas e a atua\u00e7\u00e3o \u00e9 dividida em \u00e1reas, para garantir um melhor v\u00ednculo entre a equipe de sa\u00fade e a comunidade. Isso possibilita diagn\u00f3sticos mais certeiros, recupera\u00e7\u00f5es mais r\u00e1pidas e menores custos de tratamento.<\/p>\n\n\n\n<h3 class=\"wp-block-heading\" id=\"h-atribuicoes-dos-profissionais-da-atencao-basica\"><span class=\"ez-toc-section\" id=\"Atribuicoes_dos_profissionais_da_Atencao_Basica\"><\/span><strong>Atribui\u00e7\u00f5es dos profissionais da Aten\u00e7\u00e3o B\u00e1sica<\/strong><span class=\"ez-toc-section-end\"><\/span><\/h3>\n\n\n\n<p>Dessa forma, s\u00e3o profissionais que atuam na Aten\u00e7\u00e3o B\u00e1sica:<\/p>\n\n\n\n<ul class=\"wp-block-list\">\n<li>Enfermeiro;<\/li>\n\n\n\n<li>T\u00e9cnico e\/ou Auxiliar de Enfermagem;<\/li>\n\n\n\n<li>M\u00e9dico;<\/li>\n\n\n\n<li>Cirurgi\u00e3o-Dentista;<\/li>\n\n\n\n<li>T\u00e9cnico em Sa\u00fade Bucal;<\/li>\n\n\n\n<li>Auxiliar em Sa\u00fade Bucal;<\/li>\n\n\n\n<li>Gerente de Aten\u00e7\u00e3o B\u00e1sica; <\/li>\n\n\n\n<li>Agente Comunit\u00e1rio de Sa\u00fade;<\/li>\n\n\n\n<li>Agente de Endemias.<\/li>\n<\/ul>\n\n\n\n<p>Saiba mais sobre a <a href=\"https:\/\/www.grupomedcof.com.br\/blog\/fiocruz-divulga-edital-de-residencia-em-medicina-de-familia-e-comunidade-2024\/\" target=\"_blank\" rel=\"noreferrer noopener\">Resid\u00eancia em Medicina de Fam\u00edlia e Comunidade.<\/a><\/p>\n","protected":false},"excerpt":{"rendered":"<p>Quer conhecer mais sobre a APS? Ent\u00e3o este post \u00e9 para voc\u00ea! Confira:<\/p>\n","protected":false},"author":18,"featured_media":27628,"comment_status":"open","ping_status":"open","sticky":false,"template":"","format":"standard","meta":{"footnotes":""},"categories":[173],"tags":[1551,1552,68,1550],"ppma_author":[3611],"class_list":{"0":"post-27627","1":"post","2":"type-post","3":"status-publish","4":"format-standard","5":"has-post-thumbnail","7":"category-novidades","8":"tag-medicina-da-familia","9":"tag-medicina-da-familia-e-comunidade","10":"tag-residencia-medica","11":"tag-saude"},"yoast_head":"<!-- This site is optimized with the Yoast SEO Premium plugin v24.3 (Yoast SEO v27.4) - https:\/\/yoast.com\/product\/yoast-seo-premium-wordpress\/ -->\n<title>APS: Princ\u00edpios, Ferramentas, MFC e ESF - Blog de Medcof: conte\u00fados, editais, revalida e mais!<\/title>\n<meta name=\"description\" content=\"Quer conhecer mais sobre a APS? Ent\u00e3o este post \u00e9 para voc\u00ea! Confira:\" \/>\n<meta name=\"robots\" content=\"index, follow, max-snippet:-1, max-image-preview:large, max-video-preview:-1\" \/>\n<link rel=\"canonical\" href=\"https:\/\/www.grupomedcof.com.br\/blog\/aps-principios-ferramentas-mfc-e-esf\/\" \/>\n<meta property=\"og:locale\" content=\"pt_BR\" \/>\n<meta property=\"og:type\" content=\"article\" \/>\n<meta property=\"og:title\" content=\"APS: Princ\u00edpios, Ferramentas, MFC e ESF\" \/>\n<meta property=\"og:description\" content=\"Quer conhecer mais sobre a APS? Ent\u00e3o este post \u00e9 para voc\u00ea! Confira:\" \/>\n<meta property=\"og:url\" content=\"https:\/\/www.grupomedcof.com.br\/blog\/aps-principios-ferramentas-mfc-e-esf\/\" \/>\n<meta property=\"og:site_name\" content=\"Blog de Medcof: conte\u00fados, editais, revalida e mais!\" \/>\n<meta property=\"article:publisher\" content=\"https:\/\/www.facebook.com\/MedCofQbank\/\" \/>\n<meta property=\"article:published_time\" content=\"2024-07-10T15:11:53+00:00\" \/>\n<meta property=\"article:modified_time\" content=\"2024-07-10T15:11:54+00:00\" \/>\n<meta property=\"og:image\" content=\"https:\/\/www.grupomedcof.com.br\/blog\/wp-content\/uploads\/2024\/07\/Blog-MedCof-52-1024x576.png\" \/>\n\t<meta property=\"og:image:width\" content=\"1024\" \/>\n\t<meta property=\"og:image:height\" content=\"576\" \/>\n\t<meta property=\"og:image:type\" content=\"image\/png\" \/>\n<meta name=\"author\" content=\"Leila Menzel\" \/>\n<meta name=\"twitter:card\" content=\"summary_large_image\" \/>\n<meta name=\"twitter:label1\" content=\"Escrito por\" \/>\n\t<meta name=\"twitter:data1\" content=\"Leila Menzel\" \/>\n\t<meta name=\"twitter:label2\" content=\"Est. tempo de leitura\" \/>\n\t<meta name=\"twitter:data2\" content=\"8 minutos\" \/>\n<script type=\"application\/ld+json\" class=\"yoast-schema-graph\">{\"@context\":\"https:\\\/\\\/schema.org\",\"@graph\":[{\"@type\":\"Article\",\"@id\":\"https:\\\/\\\/www.grupomedcof.com.br\\\/blog\\\/aps-principios-ferramentas-mfc-e-esf\\\/#article\",\"isPartOf\":{\"@id\":\"https:\\\/\\\/www.grupomedcof.com.br\\\/blog\\\/aps-principios-ferramentas-mfc-e-esf\\\/\"},\"author\":{\"name\":\"Leila Menzel\",\"@id\":\"https:\\\/\\\/www.grupomedcof.com.br\\\/blog\\\/#\\\/schema\\\/person\\\/2a5527209c17e7eb35bd6a4ebd5c7956\"},\"headline\":\"APS: Princ\u00edpios, Ferramentas, MFC e ESF\",\"datePublished\":\"2024-07-10T15:11:53+00:00\",\"dateModified\":\"2024-07-10T15:11:54+00:00\",\"mainEntityOfPage\":{\"@id\":\"https:\\\/\\\/www.grupomedcof.com.br\\\/blog\\\/aps-principios-ferramentas-mfc-e-esf\\\/\"},\"wordCount\":1574,\"commentCount\":0,\"publisher\":{\"@id\":\"https:\\\/\\\/www.grupomedcof.com.br\\\/blog\\\/#organization\"},\"image\":{\"@id\":\"https:\\\/\\\/www.grupomedcof.com.br\\\/blog\\\/aps-principios-ferramentas-mfc-e-esf\\\/#primaryimage\"},\"thumbnailUrl\":\"https:\\\/\\\/www.grupomedcof.com.br\\\/blog\\\/wp-content\\\/uploads\\\/2024\\\/07\\\/Blog-MedCof-52.png\",\"keywords\":[\"Medicina da Fam\u00edlia\",\"Medicina da Fam\u00edlia e Comunidade\",\"Resid\u00eancia M\u00e9dica\",\"Sa\u00fade\"],\"articleSection\":[\"Novidades\"],\"inLanguage\":\"pt-BR\"},{\"@type\":\"WebPage\",\"@id\":\"https:\\\/\\\/www.grupomedcof.com.br\\\/blog\\\/aps-principios-ferramentas-mfc-e-esf\\\/\",\"url\":\"https:\\\/\\\/www.grupomedcof.com.br\\\/blog\\\/aps-principios-ferramentas-mfc-e-esf\\\/\",\"name\":\"APS: Princ\u00edpios, Ferramentas, MFC e ESF - Blog de Medcof: conte\u00fados, editais, revalida e mais!\",\"isPartOf\":{\"@id\":\"https:\\\/\\\/www.grupomedcof.com.br\\\/blog\\\/#website\"},\"primaryImageOfPage\":{\"@id\":\"https:\\\/\\\/www.grupomedcof.com.br\\\/blog\\\/aps-principios-ferramentas-mfc-e-esf\\\/#primaryimage\"},\"image\":{\"@id\":\"https:\\\/\\\/www.grupomedcof.com.br\\\/blog\\\/aps-principios-ferramentas-mfc-e-esf\\\/#primaryimage\"},\"thumbnailUrl\":\"https:\\\/\\\/www.grupomedcof.com.br\\\/blog\\\/wp-content\\\/uploads\\\/2024\\\/07\\\/Blog-MedCof-52.png\",\"datePublished\":\"2024-07-10T15:11:53+00:00\",\"dateModified\":\"2024-07-10T15:11:54+00:00\",\"description\":\"Quer conhecer mais sobre a APS? Ent\u00e3o este post \u00e9 para voc\u00ea! Confira:\",\"breadcrumb\":{\"@id\":\"https:\\\/\\\/www.grupomedcof.com.br\\\/blog\\\/aps-principios-ferramentas-mfc-e-esf\\\/#breadcrumb\"},\"inLanguage\":\"pt-BR\",\"potentialAction\":[{\"@type\":\"ReadAction\",\"target\":[\"https:\\\/\\\/www.grupomedcof.com.br\\\/blog\\\/aps-principios-ferramentas-mfc-e-esf\\\/\"]}]},{\"@type\":\"ImageObject\",\"inLanguage\":\"pt-BR\",\"@id\":\"https:\\\/\\\/www.grupomedcof.com.br\\\/blog\\\/aps-principios-ferramentas-mfc-e-esf\\\/#primaryimage\",\"url\":\"https:\\\/\\\/www.grupomedcof.com.br\\\/blog\\\/wp-content\\\/uploads\\\/2024\\\/07\\\/Blog-MedCof-52.png\",\"contentUrl\":\"https:\\\/\\\/www.grupomedcof.com.br\\\/blog\\\/wp-content\\\/uploads\\\/2024\\\/07\\\/Blog-MedCof-52.png\",\"width\":2560,\"height\":1440},{\"@type\":\"BreadcrumbList\",\"@id\":\"https:\\\/\\\/www.grupomedcof.com.br\\\/blog\\\/aps-principios-ferramentas-mfc-e-esf\\\/#breadcrumb\",\"itemListElement\":[{\"@type\":\"ListItem\",\"position\":1,\"name\":\"In\u00edcio\",\"item\":\"https:\\\/\\\/www.grupomedcof.com.br\\\/blog\\\/\"},{\"@type\":\"ListItem\",\"position\":2,\"name\":\"APS: Princ\u00edpios, Ferramentas, MFC e ESF\"}]},{\"@type\":\"WebSite\",\"@id\":\"https:\\\/\\\/www.grupomedcof.com.br\\\/blog\\\/#website\",\"url\":\"https:\\\/\\\/www.grupomedcof.com.br\\\/blog\\\/\",\"name\":\"Blog de Medcof: conte\u00fados, editais, revalida e mais!\",\"description\":\"Acesso o blog de MedCof! Seu portal de conte\u00fados sobre resid\u00eancia m\u00e9dica, an\u00e1lise e editais e muito mais. Clique e confira!\",\"publisher\":{\"@id\":\"https:\\\/\\\/www.grupomedcof.com.br\\\/blog\\\/#organization\"},\"alternateName\":\"Blog de Medcof: conte\u00fados, editais, revalida e mais!\",\"potentialAction\":[{\"@type\":\"SearchAction\",\"target\":{\"@type\":\"EntryPoint\",\"urlTemplate\":\"https:\\\/\\\/www.grupomedcof.com.br\\\/blog\\\/?s={search_term_string}\"},\"query-input\":{\"@type\":\"PropertyValueSpecification\",\"valueRequired\":true,\"valueName\":\"search_term_string\"}}],\"inLanguage\":\"pt-BR\"},{\"@type\":\"Organization\",\"@id\":\"https:\\\/\\\/www.grupomedcof.com.br\\\/blog\\\/#organization\",\"name\":\"Grupo MedCof\",\"url\":\"https:\\\/\\\/www.grupomedcof.com.br\\\/blog\\\/\",\"logo\":{\"@type\":\"ImageObject\",\"inLanguage\":\"pt-BR\",\"@id\":\"https:\\\/\\\/www.grupomedcof.com.br\\\/blog\\\/#\\\/schema\\\/logo\\\/image\\\/\",\"url\":\"https:\\\/\\\/www.grupomedcof.com.br\\\/blog\\\/wp-content\\\/uploads\\\/2022\\\/01\\\/logo-medcof.png\",\"contentUrl\":\"https:\\\/\\\/www.grupomedcof.com.br\\\/blog\\\/wp-content\\\/uploads\\\/2022\\\/01\\\/logo-medcof.png\",\"width\":768,\"height\":269,\"caption\":\"Grupo MedCof\"},\"image\":{\"@id\":\"https:\\\/\\\/www.grupomedcof.com.br\\\/blog\\\/#\\\/schema\\\/logo\\\/image\\\/\"},\"sameAs\":[\"https:\\\/\\\/www.facebook.com\\\/MedCofQbank\\\/\",\"https:\\\/\\\/www.instagram.com\\\/grupomedcof\\\/\",\"https:\\\/\\\/br.linkedin.com\\\/company\\\/medcof\",\"https:\\\/\\\/www.youtube.com\\\/channel\\\/UCdHMuOHKICxcHwecxN8P-AA\"]},{\"@type\":\"Person\",\"@id\":\"https:\\\/\\\/www.grupomedcof.com.br\\\/blog\\\/#\\\/schema\\\/person\\\/2a5527209c17e7eb35bd6a4ebd5c7956\",\"name\":\"Leila Menzel\",\"image\":{\"@type\":\"ImageObject\",\"inLanguage\":\"pt-BR\",\"@id\":\"https:\\\/\\\/www.grupomedcof.com.br\\\/blog\\\/wp-content\\\/uploads\\\/2023\\\/04\\\/cropped-cropped-cropped-logo-96x96.png15459389df217b605b4f0cce419ac81a\",\"url\":\"https:\\\/\\\/www.grupomedcof.com.br\\\/blog\\\/wp-content\\\/uploads\\\/2023\\\/04\\\/cropped-cropped-cropped-logo-96x96.png\",\"contentUrl\":\"https:\\\/\\\/www.grupomedcof.com.br\\\/blog\\\/wp-content\\\/uploads\\\/2023\\\/04\\\/cropped-cropped-cropped-logo-96x96.png\",\"caption\":\"Leila Menzel\"},\"description\":\"Estudante do 6\u00b0 semestre de jornalismo, amo e escrevo poesias e viajo em livros de romances clich\u00eas.\",\"url\":\"https:\\\/\\\/www.grupomedcof.com.br\\\/blog\\\/author\\\/leila\\\/\"}]}<\/script>\n<!-- \/ Yoast SEO Premium plugin. -->","yoast_head_json":{"title":"APS: Princ\u00edpios, Ferramentas, MFC e ESF - Blog de Medcof: conte\u00fados, editais, revalida e mais!","description":"Quer conhecer mais sobre a APS? Ent\u00e3o este post \u00e9 para voc\u00ea! Confira:","robots":{"index":"index","follow":"follow","max-snippet":"max-snippet:-1","max-image-preview":"max-image-preview:large","max-video-preview":"max-video-preview:-1"},"canonical":"https:\/\/www.grupomedcof.com.br\/blog\/aps-principios-ferramentas-mfc-e-esf\/","og_locale":"pt_BR","og_type":"article","og_title":"APS: Princ\u00edpios, Ferramentas, MFC e ESF","og_description":"Quer conhecer mais sobre a APS? Ent\u00e3o este post \u00e9 para voc\u00ea! Confira:","og_url":"https:\/\/www.grupomedcof.com.br\/blog\/aps-principios-ferramentas-mfc-e-esf\/","og_site_name":"Blog de Medcof: conte\u00fados, editais, revalida e mais!","article_publisher":"https:\/\/www.facebook.com\/MedCofQbank\/","article_published_time":"2024-07-10T15:11:53+00:00","article_modified_time":"2024-07-10T15:11:54+00:00","og_image":[{"width":1024,"height":576,"url":"https:\/\/www.grupomedcof.com.br\/blog\/wp-content\/uploads\/2024\/07\/Blog-MedCof-52-1024x576.png","type":"image\/png"}],"author":"Leila Menzel","twitter_card":"summary_large_image","twitter_misc":{"Escrito por":"Leila Menzel","Est. tempo de leitura":"8 minutos"},"schema":{"@context":"https:\/\/schema.org","@graph":[{"@type":"Article","@id":"https:\/\/www.grupomedcof.com.br\/blog\/aps-principios-ferramentas-mfc-e-esf\/#article","isPartOf":{"@id":"https:\/\/www.grupomedcof.com.br\/blog\/aps-principios-ferramentas-mfc-e-esf\/"},"author":{"name":"Leila Menzel","@id":"https:\/\/www.grupomedcof.com.br\/blog\/#\/schema\/person\/2a5527209c17e7eb35bd6a4ebd5c7956"},"headline":"APS: Princ\u00edpios, Ferramentas, MFC e ESF","datePublished":"2024-07-10T15:11:53+00:00","dateModified":"2024-07-10T15:11:54+00:00","mainEntityOfPage":{"@id":"https:\/\/www.grupomedcof.com.br\/blog\/aps-principios-ferramentas-mfc-e-esf\/"},"wordCount":1574,"commentCount":0,"publisher":{"@id":"https:\/\/www.grupomedcof.com.br\/blog\/#organization"},"image":{"@id":"https:\/\/www.grupomedcof.com.br\/blog\/aps-principios-ferramentas-mfc-e-esf\/#primaryimage"},"thumbnailUrl":"https:\/\/www.grupomedcof.com.br\/blog\/wp-content\/uploads\/2024\/07\/Blog-MedCof-52.png","keywords":["Medicina da Fam\u00edlia","Medicina da Fam\u00edlia e Comunidade","Resid\u00eancia M\u00e9dica","Sa\u00fade"],"articleSection":["Novidades"],"inLanguage":"pt-BR"},{"@type":"WebPage","@id":"https:\/\/www.grupomedcof.com.br\/blog\/aps-principios-ferramentas-mfc-e-esf\/","url":"https:\/\/www.grupomedcof.com.br\/blog\/aps-principios-ferramentas-mfc-e-esf\/","name":"APS: Princ\u00edpios, Ferramentas, MFC e ESF - Blog de Medcof: conte\u00fados, editais, revalida e mais!","isPartOf":{"@id":"https:\/\/www.grupomedcof.com.br\/blog\/#website"},"primaryImageOfPage":{"@id":"https:\/\/www.grupomedcof.com.br\/blog\/aps-principios-ferramentas-mfc-e-esf\/#primaryimage"},"image":{"@id":"https:\/\/www.grupomedcof.com.br\/blog\/aps-principios-ferramentas-mfc-e-esf\/#primaryimage"},"thumbnailUrl":"https:\/\/www.grupomedcof.com.br\/blog\/wp-content\/uploads\/2024\/07\/Blog-MedCof-52.png","datePublished":"2024-07-10T15:11:53+00:00","dateModified":"2024-07-10T15:11:54+00:00","description":"Quer conhecer mais sobre a APS? Ent\u00e3o este post \u00e9 para voc\u00ea! Confira:","breadcrumb":{"@id":"https:\/\/www.grupomedcof.com.br\/blog\/aps-principios-ferramentas-mfc-e-esf\/#breadcrumb"},"inLanguage":"pt-BR","potentialAction":[{"@type":"ReadAction","target":["https:\/\/www.grupomedcof.com.br\/blog\/aps-principios-ferramentas-mfc-e-esf\/"]}]},{"@type":"ImageObject","inLanguage":"pt-BR","@id":"https:\/\/www.grupomedcof.com.br\/blog\/aps-principios-ferramentas-mfc-e-esf\/#primaryimage","url":"https:\/\/www.grupomedcof.com.br\/blog\/wp-content\/uploads\/2024\/07\/Blog-MedCof-52.png","contentUrl":"https:\/\/www.grupomedcof.com.br\/blog\/wp-content\/uploads\/2024\/07\/Blog-MedCof-52.png","width":2560,"height":1440},{"@type":"BreadcrumbList","@id":"https:\/\/www.grupomedcof.com.br\/blog\/aps-principios-ferramentas-mfc-e-esf\/#breadcrumb","itemListElement":[{"@type":"ListItem","position":1,"name":"In\u00edcio","item":"https:\/\/www.grupomedcof.com.br\/blog\/"},{"@type":"ListItem","position":2,"name":"APS: Princ\u00edpios, Ferramentas, MFC e ESF"}]},{"@type":"WebSite","@id":"https:\/\/www.grupomedcof.com.br\/blog\/#website","url":"https:\/\/www.grupomedcof.com.br\/blog\/","name":"Blog de Medcof: conte\u00fados, editais, revalida e mais!","description":"Acesso o blog de MedCof! Seu portal de conte\u00fados sobre resid\u00eancia m\u00e9dica, an\u00e1lise e editais e muito mais. Clique e confira!","publisher":{"@id":"https:\/\/www.grupomedcof.com.br\/blog\/#organization"},"alternateName":"Blog de Medcof: conte\u00fados, editais, revalida e mais!","potentialAction":[{"@type":"SearchAction","target":{"@type":"EntryPoint","urlTemplate":"https:\/\/www.grupomedcof.com.br\/blog\/?s={search_term_string}"},"query-input":{"@type":"PropertyValueSpecification","valueRequired":true,"valueName":"search_term_string"}}],"inLanguage":"pt-BR"},{"@type":"Organization","@id":"https:\/\/www.grupomedcof.com.br\/blog\/#organization","name":"Grupo MedCof","url":"https:\/\/www.grupomedcof.com.br\/blog\/","logo":{"@type":"ImageObject","inLanguage":"pt-BR","@id":"https:\/\/www.grupomedcof.com.br\/blog\/#\/schema\/logo\/image\/","url":"https:\/\/www.grupomedcof.com.br\/blog\/wp-content\/uploads\/2022\/01\/logo-medcof.png","contentUrl":"https:\/\/www.grupomedcof.com.br\/blog\/wp-content\/uploads\/2022\/01\/logo-medcof.png","width":768,"height":269,"caption":"Grupo MedCof"},"image":{"@id":"https:\/\/www.grupomedcof.com.br\/blog\/#\/schema\/logo\/image\/"},"sameAs":["https:\/\/www.facebook.com\/MedCofQbank\/","https:\/\/www.instagram.com\/grupomedcof\/","https:\/\/br.linkedin.com\/company\/medcof","https:\/\/www.youtube.com\/channel\/UCdHMuOHKICxcHwecxN8P-AA"]},{"@type":"Person","@id":"https:\/\/www.grupomedcof.com.br\/blog\/#\/schema\/person\/2a5527209c17e7eb35bd6a4ebd5c7956","name":"Leila Menzel","image":{"@type":"ImageObject","inLanguage":"pt-BR","@id":"https:\/\/www.grupomedcof.com.br\/blog\/wp-content\/uploads\/2023\/04\/cropped-cropped-cropped-logo-96x96.png15459389df217b605b4f0cce419ac81a","url":"https:\/\/www.grupomedcof.com.br\/blog\/wp-content\/uploads\/2023\/04\/cropped-cropped-cropped-logo-96x96.png","contentUrl":"https:\/\/www.grupomedcof.com.br\/blog\/wp-content\/uploads\/2023\/04\/cropped-cropped-cropped-logo-96x96.png","caption":"Leila Menzel"},"description":"Estudante do 6\u00b0 semestre de jornalismo, amo e escrevo poesias e viajo em livros de romances clich\u00eas.","url":"https:\/\/www.grupomedcof.com.br\/blog\/author\/leila\/"}]}},"authors":[{"term_id":3611,"user_id":18,"is_guest":0,"slug":"leila","display_name":"Leila Menzel","avatar_url":"https:\/\/www.grupomedcof.com.br\/blog\/wp-content\/uploads\/2023\/04\/cropped-cropped-cropped-logo-96x96.png","0":null,"1":"","2":"","3":"","4":"","5":"","6":"","7":"","8":""}],"_links":{"self":[{"href":"https:\/\/www.grupomedcof.com.br\/blog\/wp-json\/wp\/v2\/posts\/27627","targetHints":{"allow":["GET"]}}],"collection":[{"href":"https:\/\/www.grupomedcof.com.br\/blog\/wp-json\/wp\/v2\/posts"}],"about":[{"href":"https:\/\/www.grupomedcof.com.br\/blog\/wp-json\/wp\/v2\/types\/post"}],"author":[{"embeddable":true,"href":"https:\/\/www.grupomedcof.com.br\/blog\/wp-json\/wp\/v2\/users\/18"}],"replies":[{"embeddable":true,"href":"https:\/\/www.grupomedcof.com.br\/blog\/wp-json\/wp\/v2\/comments?post=27627"}],"version-history":[{"count":0,"href":"https:\/\/www.grupomedcof.com.br\/blog\/wp-json\/wp\/v2\/posts\/27627\/revisions"}],"wp:featuredmedia":[{"embeddable":true,"href":"https:\/\/www.grupomedcof.com.br\/blog\/wp-json\/wp\/v2\/media\/27628"}],"wp:attachment":[{"href":"https:\/\/www.grupomedcof.com.br\/blog\/wp-json\/wp\/v2\/media?parent=27627"}],"wp:term":[{"taxonomy":"category","embeddable":true,"href":"https:\/\/www.grupomedcof.com.br\/blog\/wp-json\/wp\/v2\/categories?post=27627"},{"taxonomy":"post_tag","embeddable":true,"href":"https:\/\/www.grupomedcof.com.br\/blog\/wp-json\/wp\/v2\/tags?post=27627"},{"taxonomy":"author","embeddable":true,"href":"https:\/\/www.grupomedcof.com.br\/blog\/wp-json\/wp\/v2\/ppma_author?post=27627"}],"curies":[{"name":"wp","href":"https:\/\/api.w.org\/{rel}","templated":true}]}}