{"id":27663,"date":"2024-07-10T15:21:21","date_gmt":"2024-07-10T18:21:21","guid":{"rendered":"https:\/\/www.grupomedcof.com.br\/blog\/?p=27663"},"modified":"2024-07-10T15:21:22","modified_gmt":"2024-07-10T18:21:22","slug":"entendendo-o-primeiro-sinal-de-puberdade-nas-meninas","status":"publish","type":"post","link":"https:\/\/www.grupomedcof.com.br\/blog\/entendendo-o-primeiro-sinal-de-puberdade-nas-meninas\/","title":{"rendered":"Entendendo o Primeiro Sinal de Puberdade nas Meninas"},"content":{"rendered":"<div id=\"ez-toc-container\" class=\"ez-toc-v2_0_74 counter-hierarchy ez-toc-counter ez-toc-transparent ez-toc-container-direction\">\n<div class=\"ez-toc-title-container\">\n<p class=\"ez-toc-title\" style=\"cursor:inherit\">Sum\u00e1rio<\/p>\n<span class=\"ez-toc-title-toggle\"><a href=\"#\" class=\"ez-toc-pull-right ez-toc-btn ez-toc-btn-xs ez-toc-btn-default ez-toc-toggle\" aria-label=\"Alternar tabela de conte\u00fado\"><span class=\"ez-toc-js-icon-con\"><span class=\"\"><span class=\"eztoc-hide\" style=\"display:none;\">Toggle<\/span><span class=\"ez-toc-icon-toggle-span\"><svg style=\"fill: #999;color:#999\" xmlns=\"http:\/\/www.w3.org\/2000\/svg\" class=\"list-377408\" width=\"20px\" height=\"20px\" viewBox=\"0 0 24 24\" fill=\"none\"><path d=\"M6 6H4v2h2V6zm14 0H8v2h12V6zM4 11h2v2H4v-2zm16 0H8v2h12v-2zM4 16h2v2H4v-2zm16 0H8v2h12v-2z\" fill=\"currentColor\"><\/path><\/svg><svg style=\"fill: #999;color:#999\" class=\"arrow-unsorted-368013\" xmlns=\"http:\/\/www.w3.org\/2000\/svg\" width=\"10px\" height=\"10px\" viewBox=\"0 0 24 24\" version=\"1.2\" baseProfile=\"tiny\"><path d=\"M18.2 9.3l-6.2-6.3-6.2 6.3c-.2.2-.3.4-.3.7s.1.5.3.7c.2.2.4.3.7.3h11c.3 0 .5-.1.7-.3.2-.2.3-.5.3-.7s-.1-.5-.3-.7zM5.8 14.7l6.2 6.3 6.2-6.3c.2-.2.3-.5.3-.7s-.1-.5-.3-.7c-.2-.2-.4-.3-.7-.3h-11c-.3 0-.5.1-.7.3-.2.2-.3.5-.3.7s.1.5.3.7z\"\/><\/svg><\/span><\/span><\/span><\/a><\/span><\/div>\n<nav><ul class='ez-toc-list ez-toc-list-level-1 ' ><li class='ez-toc-page-1 ez-toc-heading-level-3'><a class=\"ez-toc-link ez-toc-heading-1\" href=\"https:\/\/www.grupomedcof.com.br\/blog\/entendendo-o-primeiro-sinal-de-puberdade-nas-meninas\/#O_Desenvolvimento_do_Broto_Mamario\" >O Desenvolvimento do Broto Mam\u00e1rio<\/a><\/li><li class='ez-toc-page-1 ez-toc-heading-level-3'><a class=\"ez-toc-link ez-toc-heading-2\" href=\"https:\/\/www.grupomedcof.com.br\/blog\/entendendo-o-primeiro-sinal-de-puberdade-nas-meninas\/#Importancia_do_Acompanhamento_Medico\" >Import\u00e2ncia do Acompanhamento M\u00e9dico<\/a><\/li><li class='ez-toc-page-1 ez-toc-heading-level-3'><a class=\"ez-toc-link ez-toc-heading-3\" href=\"https:\/\/www.grupomedcof.com.br\/blog\/entendendo-o-primeiro-sinal-de-puberdade-nas-meninas\/#Outros_Sinais_de_Puberdade_nas_Meninas\" >Outros Sinais de Puberdade nas Meninas<\/a><\/li><\/ul><\/nav><\/div>\n\n<figure class=\"wp-block-image size-large\"><img loading=\"lazy\" decoding=\"async\" width=\"1024\" height=\"576\" src=\"https:\/\/www.grupomedcof.com.br\/blog\/wp-content\/uploads\/2024\/07\/Blog-MedCof-55-1024x576.png\" alt=\"\" class=\"wp-image-27665\" srcset=\"https:\/\/www.grupomedcof.com.br\/blog\/wp-content\/uploads\/2024\/07\/Blog-MedCof-55-1024x576.png 1024w, https:\/\/www.grupomedcof.com.br\/blog\/wp-content\/uploads\/2024\/07\/Blog-MedCof-55-300x169.png 300w, https:\/\/www.grupomedcof.com.br\/blog\/wp-content\/uploads\/2024\/07\/Blog-MedCof-55-768x432.png 768w, https:\/\/www.grupomedcof.com.br\/blog\/wp-content\/uploads\/2024\/07\/Blog-MedCof-55-1536x864.png 1536w, https:\/\/www.grupomedcof.com.br\/blog\/wp-content\/uploads\/2024\/07\/Blog-MedCof-55-2048x1152.png 2048w, https:\/\/www.grupomedcof.com.br\/blog\/wp-content\/uploads\/2024\/07\/Blog-MedCof-55-747x420.png 747w, https:\/\/www.grupomedcof.com.br\/blog\/wp-content\/uploads\/2024\/07\/Blog-MedCof-55-150x84.png 150w, https:\/\/www.grupomedcof.com.br\/blog\/wp-content\/uploads\/2024\/07\/Blog-MedCof-55-696x392.png 696w, https:\/\/www.grupomedcof.com.br\/blog\/wp-content\/uploads\/2024\/07\/Blog-MedCof-55-1068x601.png 1068w, https:\/\/www.grupomedcof.com.br\/blog\/wp-content\/uploads\/2024\/07\/Blog-MedCof-55-1920x1080.png 1920w\" sizes=\"auto, (max-width: 1024px) 100vw, 1024px\" \/><\/figure>\n\n\n\n<p>A puberdade \u00e9 uma fase de transi\u00e7\u00e3o marcante na vida de meninos e meninas, caracterizada por uma s\u00e9rie de mudan\u00e7as fisiol\u00f3gicas que preparam o corpo para a maturidade sexual. Para as meninas, esse per\u00edodo traz transforma\u00e7\u00f5es significativas, mas voc\u00ea sabe qual \u00e9 o primeiro sinal de puberdade evidenciado ao exame f\u00edsico? Ent\u00e3o confira o post para descobrir!<\/p>\n\n\n\n<h3 class=\"wp-block-heading\" id=\"h-o-desenvolvimento-do-broto-mamario\"><span class=\"ez-toc-section\" id=\"O_Desenvolvimento_do_Broto_Mamario\"><\/span><strong> O Desenvolvimento do Broto Mam\u00e1rio<\/strong><span class=\"ez-toc-section-end\"><\/span><\/h3>\n\n\n\n<p>O <strong>desenvolvimento do broto mam\u00e1rio<\/strong>, tecnicamente conhecido como <strong>telarca<\/strong>, \u00e9 o primeiro sinal de puberdade nas meninas. Esse fen\u00f4meno geralmente <strong>ocorre entre os 8 e 13 anos de idade<\/strong>, variando de acordo com fatores gen\u00e9ticos e ambientais. Desse modo, \u00e9 o primeiro sinal vis\u00edvel de que o corpo da crian\u00e7a est\u00e1 come\u00e7ando a se transformar, preparando-se para as pr\u00f3ximas etapas do desenvolvimento sexual e reprodutivo.<\/p>\n\n\n\n<h3 class=\"wp-block-heading\" id=\"h-importancia-do-acompanhamento-medico\"><span class=\"ez-toc-section\" id=\"Importancia_do_Acompanhamento_Medico\"><\/span><strong>Import\u00e2ncia do Acompanhamento M\u00e9dico<\/strong><span class=\"ez-toc-section-end\"><\/span><\/h3>\n\n\n\n<p>O acompanhamento m\u00e9dico durante a puberdade <strong>\u00e9 essencial.<\/strong> Pediatras e m\u00e9dicos especializados em sa\u00fade da adolescente podem oferecer orienta\u00e7\u00f5es valiosas sobre as mudan\u00e7as que ocorrem nesse per\u00edodo, al\u00e9m de identificar precocemente qualquer desvio do desenvolvimento normal. Esse acompanhamento inclui a avalia\u00e7\u00e3o do crescimento f\u00edsico, desenvolvimento puberal e orienta\u00e7\u00f5es sobre sa\u00fade reprodutiva.<\/p>\n\n\n\n<h3 class=\"wp-block-heading\" id=\"h-outros-sinais-de-puberdade-nas-meninas\"><span class=\"ez-toc-section\" id=\"Outros_Sinais_de_Puberdade_nas_Meninas\"><\/span><strong>Outros Sinais de Puberdade nas Meninas<\/strong><span class=\"ez-toc-section-end\"><\/span><\/h3>\n\n\n\n<p>Ap\u00f3s o surgimento do broto mam\u00e1rio, outras mudan\u00e7as ocorrem sequencialmente ou concomitantemente, incluindo:<\/p>\n\n\n\n<ul class=\"wp-block-list\">\n<li><strong>Crescimento dos pelos pubianos e axilares<\/strong>: Surge geralmente ap\u00f3s o in\u00edcio do desenvolvimento mam\u00e1rio.<\/li>\n\n\n\n<li><strong>Acelera\u00e7\u00e3o do crescimento<\/strong>: Conhecido como estir\u00e3o de crescimento, ocorre aproximadamente dois anos ap\u00f3s o in\u00edcio da <a href=\"http:\/\/chrome-extension:\/\/mhnlakgilnojmhinhkckjpncpbhabphi\/pages\/pdf\/web\/viewer.html?file=https%3A%2F%2Fwww.gov.br%2Fconitec%2Fpt-br%2Fmidias%2Fprotocolos%2F20220308_portaria-conjunta-no-13-pcdt-puberdade-precoce-central-1.pdf\" target=\"_blank\" rel=\"noreferrer noopener nofollow\">puberdade.<\/a><\/li>\n\n\n\n<li><strong>Menarca<\/strong>: A primeira menstrua\u00e7\u00e3o, que geralmente ocorre entre 2 a 3 anos ap\u00f3s o desenvolvimento dos brotos mam\u00e1rios.<\/li>\n<\/ul>\n\n\n\n<p>Confira tamb\u00e9m nosso post sobre <a href=\"https:\/\/www.grupomedcof.com.br\/blog\/quando-desconfiar-da-puberdade-precoce\/\" target=\"_blank\" rel=\"noreferrer noopener\">puberdade precoce.<\/a><\/p>\n","protected":false},"excerpt":{"rendered":"<p>A puberdade \u00e9 uma fase caracterizada por uma s\u00e9rie de mudan\u00e7as fisiol\u00f3gicas que preparam o corpo para a maturidade sexual.<\/p>\n","protected":false},"author":18,"featured_media":27665,"comment_status":"open","ping_status":"open","sticky":false,"template":"","format":"standard","meta":{"footnotes":""},"categories":[120],"tags":[1558,1560,1556,1557,109,1555,1553,1554,1559,1561],"ppma_author":[3611],"class_list":{"0":"post-27663","1":"post","2":"type-post","3":"status-publish","4":"format-standard","5":"has-post-thumbnail","7":"category-pediatria","8":"tag-aceleracao-do-crescimento","9":"tag-atraso-na-puberdade","10":"tag-broto-mamario","11":"tag-menarca","12":"tag-pediatria","13":"tag-primeiro-sinal-de-puberdade","14":"tag-puberdade","15":"tag-puberdade-nas-meninas","16":"tag-puberdade-precoce","17":"tag-telarca"},"yoast_head":"<!-- This site is optimized with the Yoast SEO Premium plugin v24.3 (Yoast SEO v27.4) - https:\/\/yoast.com\/product\/yoast-seo-premium-wordpress\/ -->\n<title>Entendendo o Primeiro Sinal de Puberdade nas Meninas - Blog de Medcof: conte\u00fados, editais, revalida e mais!<\/title>\n<meta name=\"description\" content=\"A puberdade \u00e9 uma fase caracterizada por uma s\u00e9rie de mudan\u00e7as fisiol\u00f3gicas que preparam o corpo para a maturidade sexual.\" \/>\n<meta name=\"robots\" content=\"index, follow, max-snippet:-1, max-image-preview:large, max-video-preview:-1\" \/>\n<link rel=\"canonical\" href=\"https:\/\/www.grupomedcof.com.br\/blog\/entendendo-o-primeiro-sinal-de-puberdade-nas-meninas\/\" \/>\n<meta property=\"og:locale\" content=\"pt_BR\" \/>\n<meta property=\"og:type\" content=\"article\" \/>\n<meta property=\"og:title\" content=\"Entendendo o Primeiro Sinal de Puberdade nas Meninas\" \/>\n<meta property=\"og:description\" content=\"A puberdade \u00e9 uma fase caracterizada por uma s\u00e9rie de mudan\u00e7as fisiol\u00f3gicas que preparam o corpo para a maturidade sexual.\" \/>\n<meta property=\"og:url\" content=\"https:\/\/www.grupomedcof.com.br\/blog\/entendendo-o-primeiro-sinal-de-puberdade-nas-meninas\/\" \/>\n<meta property=\"og:site_name\" content=\"Blog de Medcof: conte\u00fados, editais, revalida e mais!\" \/>\n<meta property=\"article:publisher\" content=\"https:\/\/www.facebook.com\/MedCofQbank\/\" \/>\n<meta property=\"article:published_time\" content=\"2024-07-10T18:21:21+00:00\" \/>\n<meta property=\"article:modified_time\" content=\"2024-07-10T18:21:22+00:00\" \/>\n<meta property=\"og:image\" content=\"https:\/\/www.grupomedcof.com.br\/blog\/wp-content\/uploads\/2024\/07\/Blog-MedCof-55-1024x576.png\" \/>\n\t<meta property=\"og:image:width\" content=\"1024\" \/>\n\t<meta property=\"og:image:height\" content=\"576\" \/>\n\t<meta property=\"og:image:type\" content=\"image\/png\" \/>\n<meta name=\"author\" content=\"Leila Menzel\" \/>\n<meta name=\"twitter:card\" content=\"summary_large_image\" \/>\n<meta name=\"twitter:label1\" content=\"Escrito por\" \/>\n\t<meta name=\"twitter:data1\" content=\"Leila Menzel\" \/>\n\t<meta name=\"twitter:label2\" content=\"Est. tempo de leitura\" \/>\n\t<meta name=\"twitter:data2\" content=\"2 minutos\" \/>\n<script type=\"application\/ld+json\" class=\"yoast-schema-graph\">{\"@context\":\"https:\\\/\\\/schema.org\",\"@graph\":[{\"@type\":\"Article\",\"@id\":\"https:\\\/\\\/www.grupomedcof.com.br\\\/blog\\\/entendendo-o-primeiro-sinal-de-puberdade-nas-meninas\\\/#article\",\"isPartOf\":{\"@id\":\"https:\\\/\\\/www.grupomedcof.com.br\\\/blog\\\/entendendo-o-primeiro-sinal-de-puberdade-nas-meninas\\\/\"},\"author\":{\"name\":\"Leila Menzel\",\"@id\":\"https:\\\/\\\/www.grupomedcof.com.br\\\/blog\\\/#\\\/schema\\\/person\\\/2a5527209c17e7eb35bd6a4ebd5c7956\"},\"headline\":\"Entendendo o Primeiro Sinal de Puberdade nas Meninas\",\"datePublished\":\"2024-07-10T18:21:21+00:00\",\"dateModified\":\"2024-07-10T18:21:22+00:00\",\"mainEntityOfPage\":{\"@id\":\"https:\\\/\\\/www.grupomedcof.com.br\\\/blog\\\/entendendo-o-primeiro-sinal-de-puberdade-nas-meninas\\\/\"},\"wordCount\":299,\"commentCount\":0,\"publisher\":{\"@id\":\"https:\\\/\\\/www.grupomedcof.com.br\\\/blog\\\/#organization\"},\"image\":{\"@id\":\"https:\\\/\\\/www.grupomedcof.com.br\\\/blog\\\/entendendo-o-primeiro-sinal-de-puberdade-nas-meninas\\\/#primaryimage\"},\"thumbnailUrl\":\"https:\\\/\\\/www.grupomedcof.com.br\\\/blog\\\/wp-content\\\/uploads\\\/2024\\\/07\\\/Blog-MedCof-55.png\",\"keywords\":[\"Acelera\u00e7\u00e3o do crescimento\",\"Atraso na puberdade\",\"Broto Mam\u00e1rio\",\"Menarca\",\"Pediatria\",\"Primeiro sinal de puberdade\",\"Puberdade\",\"Puberdade nas meninas\",\"Puberdade precoce\",\"Telarca\"],\"articleSection\":[\"Pediatria\"],\"inLanguage\":\"pt-BR\"},{\"@type\":\"WebPage\",\"@id\":\"https:\\\/\\\/www.grupomedcof.com.br\\\/blog\\\/entendendo-o-primeiro-sinal-de-puberdade-nas-meninas\\\/\",\"url\":\"https:\\\/\\\/www.grupomedcof.com.br\\\/blog\\\/entendendo-o-primeiro-sinal-de-puberdade-nas-meninas\\\/\",\"name\":\"Entendendo o Primeiro Sinal de Puberdade nas Meninas - Blog de Medcof: conte\u00fados, editais, revalida e mais!\",\"isPartOf\":{\"@id\":\"https:\\\/\\\/www.grupomedcof.com.br\\\/blog\\\/#website\"},\"primaryImageOfPage\":{\"@id\":\"https:\\\/\\\/www.grupomedcof.com.br\\\/blog\\\/entendendo-o-primeiro-sinal-de-puberdade-nas-meninas\\\/#primaryimage\"},\"image\":{\"@id\":\"https:\\\/\\\/www.grupomedcof.com.br\\\/blog\\\/entendendo-o-primeiro-sinal-de-puberdade-nas-meninas\\\/#primaryimage\"},\"thumbnailUrl\":\"https:\\\/\\\/www.grupomedcof.com.br\\\/blog\\\/wp-content\\\/uploads\\\/2024\\\/07\\\/Blog-MedCof-55.png\",\"datePublished\":\"2024-07-10T18:21:21+00:00\",\"dateModified\":\"2024-07-10T18:21:22+00:00\",\"description\":\"A puberdade \u00e9 uma fase caracterizada por uma s\u00e9rie de mudan\u00e7as fisiol\u00f3gicas que preparam o corpo para a maturidade sexual.\",\"breadcrumb\":{\"@id\":\"https:\\\/\\\/www.grupomedcof.com.br\\\/blog\\\/entendendo-o-primeiro-sinal-de-puberdade-nas-meninas\\\/#breadcrumb\"},\"inLanguage\":\"pt-BR\",\"potentialAction\":[{\"@type\":\"ReadAction\",\"target\":[\"https:\\\/\\\/www.grupomedcof.com.br\\\/blog\\\/entendendo-o-primeiro-sinal-de-puberdade-nas-meninas\\\/\"]}]},{\"@type\":\"ImageObject\",\"inLanguage\":\"pt-BR\",\"@id\":\"https:\\\/\\\/www.grupomedcof.com.br\\\/blog\\\/entendendo-o-primeiro-sinal-de-puberdade-nas-meninas\\\/#primaryimage\",\"url\":\"https:\\\/\\\/www.grupomedcof.com.br\\\/blog\\\/wp-content\\\/uploads\\\/2024\\\/07\\\/Blog-MedCof-55.png\",\"contentUrl\":\"https:\\\/\\\/www.grupomedcof.com.br\\\/blog\\\/wp-content\\\/uploads\\\/2024\\\/07\\\/Blog-MedCof-55.png\",\"width\":2560,\"height\":1440},{\"@type\":\"BreadcrumbList\",\"@id\":\"https:\\\/\\\/www.grupomedcof.com.br\\\/blog\\\/entendendo-o-primeiro-sinal-de-puberdade-nas-meninas\\\/#breadcrumb\",\"itemListElement\":[{\"@type\":\"ListItem\",\"position\":1,\"name\":\"In\u00edcio\",\"item\":\"https:\\\/\\\/www.grupomedcof.com.br\\\/blog\\\/\"},{\"@type\":\"ListItem\",\"position\":2,\"name\":\"Entendendo o Primeiro Sinal de Puberdade nas Meninas\"}]},{\"@type\":\"WebSite\",\"@id\":\"https:\\\/\\\/www.grupomedcof.com.br\\\/blog\\\/#website\",\"url\":\"https:\\\/\\\/www.grupomedcof.com.br\\\/blog\\\/\",\"name\":\"Blog de Medcof: conte\u00fados, editais, revalida e mais!\",\"description\":\"Acesso o blog de MedCof! Seu portal de conte\u00fados sobre resid\u00eancia m\u00e9dica, an\u00e1lise e editais e muito mais. Clique e confira!\",\"publisher\":{\"@id\":\"https:\\\/\\\/www.grupomedcof.com.br\\\/blog\\\/#organization\"},\"alternateName\":\"Blog de Medcof: conte\u00fados, editais, revalida e mais!\",\"potentialAction\":[{\"@type\":\"SearchAction\",\"target\":{\"@type\":\"EntryPoint\",\"urlTemplate\":\"https:\\\/\\\/www.grupomedcof.com.br\\\/blog\\\/?s={search_term_string}\"},\"query-input\":{\"@type\":\"PropertyValueSpecification\",\"valueRequired\":true,\"valueName\":\"search_term_string\"}}],\"inLanguage\":\"pt-BR\"},{\"@type\":\"Organization\",\"@id\":\"https:\\\/\\\/www.grupomedcof.com.br\\\/blog\\\/#organization\",\"name\":\"Grupo MedCof\",\"url\":\"https:\\\/\\\/www.grupomedcof.com.br\\\/blog\\\/\",\"logo\":{\"@type\":\"ImageObject\",\"inLanguage\":\"pt-BR\",\"@id\":\"https:\\\/\\\/www.grupomedcof.com.br\\\/blog\\\/#\\\/schema\\\/logo\\\/image\\\/\",\"url\":\"https:\\\/\\\/www.grupomedcof.com.br\\\/blog\\\/wp-content\\\/uploads\\\/2022\\\/01\\\/logo-medcof.png\",\"contentUrl\":\"https:\\\/\\\/www.grupomedcof.com.br\\\/blog\\\/wp-content\\\/uploads\\\/2022\\\/01\\\/logo-medcof.png\",\"width\":768,\"height\":269,\"caption\":\"Grupo MedCof\"},\"image\":{\"@id\":\"https:\\\/\\\/www.grupomedcof.com.br\\\/blog\\\/#\\\/schema\\\/logo\\\/image\\\/\"},\"sameAs\":[\"https:\\\/\\\/www.facebook.com\\\/MedCofQbank\\\/\",\"https:\\\/\\\/www.instagram.com\\\/grupomedcof\\\/\",\"https:\\\/\\\/br.linkedin.com\\\/company\\\/medcof\",\"https:\\\/\\\/www.youtube.com\\\/channel\\\/UCdHMuOHKICxcHwecxN8P-AA\"]},{\"@type\":\"Person\",\"@id\":\"https:\\\/\\\/www.grupomedcof.com.br\\\/blog\\\/#\\\/schema\\\/person\\\/2a5527209c17e7eb35bd6a4ebd5c7956\",\"name\":\"Leila Menzel\",\"image\":{\"@type\":\"ImageObject\",\"inLanguage\":\"pt-BR\",\"@id\":\"https:\\\/\\\/www.grupomedcof.com.br\\\/blog\\\/wp-content\\\/uploads\\\/2023\\\/04\\\/cropped-cropped-cropped-logo-96x96.png15459389df217b605b4f0cce419ac81a\",\"url\":\"https:\\\/\\\/www.grupomedcof.com.br\\\/blog\\\/wp-content\\\/uploads\\\/2023\\\/04\\\/cropped-cropped-cropped-logo-96x96.png\",\"contentUrl\":\"https:\\\/\\\/www.grupomedcof.com.br\\\/blog\\\/wp-content\\\/uploads\\\/2023\\\/04\\\/cropped-cropped-cropped-logo-96x96.png\",\"caption\":\"Leila Menzel\"},\"description\":\"Estudante do 6\u00b0 semestre de jornalismo, amo e escrevo poesias e viajo em livros de romances clich\u00eas.\",\"url\":\"https:\\\/\\\/www.grupomedcof.com.br\\\/blog\\\/author\\\/leila\\\/\"}]}<\/script>\n<!-- \/ Yoast SEO Premium plugin. -->","yoast_head_json":{"title":"Entendendo o Primeiro Sinal de Puberdade nas Meninas - Blog de Medcof: conte\u00fados, editais, revalida e mais!","description":"A puberdade \u00e9 uma fase caracterizada por uma s\u00e9rie de mudan\u00e7as fisiol\u00f3gicas que preparam o corpo para a maturidade sexual.","robots":{"index":"index","follow":"follow","max-snippet":"max-snippet:-1","max-image-preview":"max-image-preview:large","max-video-preview":"max-video-preview:-1"},"canonical":"https:\/\/www.grupomedcof.com.br\/blog\/entendendo-o-primeiro-sinal-de-puberdade-nas-meninas\/","og_locale":"pt_BR","og_type":"article","og_title":"Entendendo o Primeiro Sinal de Puberdade nas Meninas","og_description":"A puberdade \u00e9 uma fase caracterizada por uma s\u00e9rie de mudan\u00e7as fisiol\u00f3gicas que preparam o corpo para a maturidade sexual.","og_url":"https:\/\/www.grupomedcof.com.br\/blog\/entendendo-o-primeiro-sinal-de-puberdade-nas-meninas\/","og_site_name":"Blog de Medcof: conte\u00fados, editais, revalida e mais!","article_publisher":"https:\/\/www.facebook.com\/MedCofQbank\/","article_published_time":"2024-07-10T18:21:21+00:00","article_modified_time":"2024-07-10T18:21:22+00:00","og_image":[{"width":1024,"height":576,"url":"https:\/\/www.grupomedcof.com.br\/blog\/wp-content\/uploads\/2024\/07\/Blog-MedCof-55-1024x576.png","type":"image\/png"}],"author":"Leila Menzel","twitter_card":"summary_large_image","twitter_misc":{"Escrito por":"Leila Menzel","Est. tempo de leitura":"2 minutos"},"schema":{"@context":"https:\/\/schema.org","@graph":[{"@type":"Article","@id":"https:\/\/www.grupomedcof.com.br\/blog\/entendendo-o-primeiro-sinal-de-puberdade-nas-meninas\/#article","isPartOf":{"@id":"https:\/\/www.grupomedcof.com.br\/blog\/entendendo-o-primeiro-sinal-de-puberdade-nas-meninas\/"},"author":{"name":"Leila Menzel","@id":"https:\/\/www.grupomedcof.com.br\/blog\/#\/schema\/person\/2a5527209c17e7eb35bd6a4ebd5c7956"},"headline":"Entendendo o Primeiro Sinal de Puberdade nas Meninas","datePublished":"2024-07-10T18:21:21+00:00","dateModified":"2024-07-10T18:21:22+00:00","mainEntityOfPage":{"@id":"https:\/\/www.grupomedcof.com.br\/blog\/entendendo-o-primeiro-sinal-de-puberdade-nas-meninas\/"},"wordCount":299,"commentCount":0,"publisher":{"@id":"https:\/\/www.grupomedcof.com.br\/blog\/#organization"},"image":{"@id":"https:\/\/www.grupomedcof.com.br\/blog\/entendendo-o-primeiro-sinal-de-puberdade-nas-meninas\/#primaryimage"},"thumbnailUrl":"https:\/\/www.grupomedcof.com.br\/blog\/wp-content\/uploads\/2024\/07\/Blog-MedCof-55.png","keywords":["Acelera\u00e7\u00e3o do crescimento","Atraso na puberdade","Broto Mam\u00e1rio","Menarca","Pediatria","Primeiro sinal de puberdade","Puberdade","Puberdade nas meninas","Puberdade precoce","Telarca"],"articleSection":["Pediatria"],"inLanguage":"pt-BR"},{"@type":"WebPage","@id":"https:\/\/www.grupomedcof.com.br\/blog\/entendendo-o-primeiro-sinal-de-puberdade-nas-meninas\/","url":"https:\/\/www.grupomedcof.com.br\/blog\/entendendo-o-primeiro-sinal-de-puberdade-nas-meninas\/","name":"Entendendo o Primeiro Sinal de Puberdade nas Meninas - Blog de Medcof: conte\u00fados, editais, revalida e mais!","isPartOf":{"@id":"https:\/\/www.grupomedcof.com.br\/blog\/#website"},"primaryImageOfPage":{"@id":"https:\/\/www.grupomedcof.com.br\/blog\/entendendo-o-primeiro-sinal-de-puberdade-nas-meninas\/#primaryimage"},"image":{"@id":"https:\/\/www.grupomedcof.com.br\/blog\/entendendo-o-primeiro-sinal-de-puberdade-nas-meninas\/#primaryimage"},"thumbnailUrl":"https:\/\/www.grupomedcof.com.br\/blog\/wp-content\/uploads\/2024\/07\/Blog-MedCof-55.png","datePublished":"2024-07-10T18:21:21+00:00","dateModified":"2024-07-10T18:21:22+00:00","description":"A puberdade \u00e9 uma fase caracterizada por uma s\u00e9rie de mudan\u00e7as fisiol\u00f3gicas que preparam o corpo para a maturidade sexual.","breadcrumb":{"@id":"https:\/\/www.grupomedcof.com.br\/blog\/entendendo-o-primeiro-sinal-de-puberdade-nas-meninas\/#breadcrumb"},"inLanguage":"pt-BR","potentialAction":[{"@type":"ReadAction","target":["https:\/\/www.grupomedcof.com.br\/blog\/entendendo-o-primeiro-sinal-de-puberdade-nas-meninas\/"]}]},{"@type":"ImageObject","inLanguage":"pt-BR","@id":"https:\/\/www.grupomedcof.com.br\/blog\/entendendo-o-primeiro-sinal-de-puberdade-nas-meninas\/#primaryimage","url":"https:\/\/www.grupomedcof.com.br\/blog\/wp-content\/uploads\/2024\/07\/Blog-MedCof-55.png","contentUrl":"https:\/\/www.grupomedcof.com.br\/blog\/wp-content\/uploads\/2024\/07\/Blog-MedCof-55.png","width":2560,"height":1440},{"@type":"BreadcrumbList","@id":"https:\/\/www.grupomedcof.com.br\/blog\/entendendo-o-primeiro-sinal-de-puberdade-nas-meninas\/#breadcrumb","itemListElement":[{"@type":"ListItem","position":1,"name":"In\u00edcio","item":"https:\/\/www.grupomedcof.com.br\/blog\/"},{"@type":"ListItem","position":2,"name":"Entendendo o Primeiro Sinal de Puberdade nas Meninas"}]},{"@type":"WebSite","@id":"https:\/\/www.grupomedcof.com.br\/blog\/#website","url":"https:\/\/www.grupomedcof.com.br\/blog\/","name":"Blog de Medcof: conte\u00fados, editais, revalida e mais!","description":"Acesso o blog de MedCof! Seu portal de conte\u00fados sobre resid\u00eancia m\u00e9dica, an\u00e1lise e editais e muito mais. Clique e confira!","publisher":{"@id":"https:\/\/www.grupomedcof.com.br\/blog\/#organization"},"alternateName":"Blog de Medcof: conte\u00fados, editais, revalida e mais!","potentialAction":[{"@type":"SearchAction","target":{"@type":"EntryPoint","urlTemplate":"https:\/\/www.grupomedcof.com.br\/blog\/?s={search_term_string}"},"query-input":{"@type":"PropertyValueSpecification","valueRequired":true,"valueName":"search_term_string"}}],"inLanguage":"pt-BR"},{"@type":"Organization","@id":"https:\/\/www.grupomedcof.com.br\/blog\/#organization","name":"Grupo MedCof","url":"https:\/\/www.grupomedcof.com.br\/blog\/","logo":{"@type":"ImageObject","inLanguage":"pt-BR","@id":"https:\/\/www.grupomedcof.com.br\/blog\/#\/schema\/logo\/image\/","url":"https:\/\/www.grupomedcof.com.br\/blog\/wp-content\/uploads\/2022\/01\/logo-medcof.png","contentUrl":"https:\/\/www.grupomedcof.com.br\/blog\/wp-content\/uploads\/2022\/01\/logo-medcof.png","width":768,"height":269,"caption":"Grupo MedCof"},"image":{"@id":"https:\/\/www.grupomedcof.com.br\/blog\/#\/schema\/logo\/image\/"},"sameAs":["https:\/\/www.facebook.com\/MedCofQbank\/","https:\/\/www.instagram.com\/grupomedcof\/","https:\/\/br.linkedin.com\/company\/medcof","https:\/\/www.youtube.com\/channel\/UCdHMuOHKICxcHwecxN8P-AA"]},{"@type":"Person","@id":"https:\/\/www.grupomedcof.com.br\/blog\/#\/schema\/person\/2a5527209c17e7eb35bd6a4ebd5c7956","name":"Leila Menzel","image":{"@type":"ImageObject","inLanguage":"pt-BR","@id":"https:\/\/www.grupomedcof.com.br\/blog\/wp-content\/uploads\/2023\/04\/cropped-cropped-cropped-logo-96x96.png15459389df217b605b4f0cce419ac81a","url":"https:\/\/www.grupomedcof.com.br\/blog\/wp-content\/uploads\/2023\/04\/cropped-cropped-cropped-logo-96x96.png","contentUrl":"https:\/\/www.grupomedcof.com.br\/blog\/wp-content\/uploads\/2023\/04\/cropped-cropped-cropped-logo-96x96.png","caption":"Leila Menzel"},"description":"Estudante do 6\u00b0 semestre de jornalismo, amo e escrevo poesias e viajo em livros de romances clich\u00eas.","url":"https:\/\/www.grupomedcof.com.br\/blog\/author\/leila\/"}]}},"authors":[{"term_id":3611,"user_id":18,"is_guest":0,"slug":"leila","display_name":"Leila Menzel","avatar_url":"https:\/\/www.grupomedcof.com.br\/blog\/wp-content\/uploads\/2023\/04\/cropped-cropped-cropped-logo-96x96.png","0":null,"1":"","2":"","3":"","4":"","5":"","6":"","7":"","8":""}],"_links":{"self":[{"href":"https:\/\/www.grupomedcof.com.br\/blog\/wp-json\/wp\/v2\/posts\/27663","targetHints":{"allow":["GET"]}}],"collection":[{"href":"https:\/\/www.grupomedcof.com.br\/blog\/wp-json\/wp\/v2\/posts"}],"about":[{"href":"https:\/\/www.grupomedcof.com.br\/blog\/wp-json\/wp\/v2\/types\/post"}],"author":[{"embeddable":true,"href":"https:\/\/www.grupomedcof.com.br\/blog\/wp-json\/wp\/v2\/users\/18"}],"replies":[{"embeddable":true,"href":"https:\/\/www.grupomedcof.com.br\/blog\/wp-json\/wp\/v2\/comments?post=27663"}],"version-history":[{"count":0,"href":"https:\/\/www.grupomedcof.com.br\/blog\/wp-json\/wp\/v2\/posts\/27663\/revisions"}],"wp:featuredmedia":[{"embeddable":true,"href":"https:\/\/www.grupomedcof.com.br\/blog\/wp-json\/wp\/v2\/media\/27665"}],"wp:attachment":[{"href":"https:\/\/www.grupomedcof.com.br\/blog\/wp-json\/wp\/v2\/media?parent=27663"}],"wp:term":[{"taxonomy":"category","embeddable":true,"href":"https:\/\/www.grupomedcof.com.br\/blog\/wp-json\/wp\/v2\/categories?post=27663"},{"taxonomy":"post_tag","embeddable":true,"href":"https:\/\/www.grupomedcof.com.br\/blog\/wp-json\/wp\/v2\/tags?post=27663"},{"taxonomy":"author","embeddable":true,"href":"https:\/\/www.grupomedcof.com.br\/blog\/wp-json\/wp\/v2\/ppma_author?post=27663"}],"curies":[{"name":"wp","href":"https:\/\/api.w.org\/{rel}","templated":true}]}}