{"id":27679,"date":"2024-07-10T17:58:40","date_gmt":"2024-07-10T20:58:40","guid":{"rendered":"https:\/\/www.grupomedcof.com.br\/blog\/?p=27679"},"modified":"2024-07-10T17:58:41","modified_gmt":"2024-07-10T20:58:41","slug":"a-relacao-entre-medico-e-paciente","status":"publish","type":"post","link":"https:\/\/www.grupomedcof.com.br\/blog\/a-relacao-entre-medico-e-paciente\/","title":{"rendered":"A Rela\u00e7\u00e3o entre M\u00e9dico e Paciente"},"content":{"rendered":"<div id=\"ez-toc-container\" class=\"ez-toc-v2_0_74 counter-hierarchy ez-toc-counter ez-toc-transparent ez-toc-container-direction\">\n<div class=\"ez-toc-title-container\">\n<p class=\"ez-toc-title\" style=\"cursor:inherit\">Sum\u00e1rio<\/p>\n<span class=\"ez-toc-title-toggle\"><a href=\"#\" class=\"ez-toc-pull-right ez-toc-btn ez-toc-btn-xs ez-toc-btn-default ez-toc-toggle\" aria-label=\"Alternar tabela de conte\u00fado\"><span class=\"ez-toc-js-icon-con\"><span class=\"\"><span class=\"eztoc-hide\" style=\"display:none;\">Toggle<\/span><span class=\"ez-toc-icon-toggle-span\"><svg style=\"fill: #999;color:#999\" xmlns=\"http:\/\/www.w3.org\/2000\/svg\" class=\"list-377408\" width=\"20px\" height=\"20px\" viewBox=\"0 0 24 24\" fill=\"none\"><path d=\"M6 6H4v2h2V6zm14 0H8v2h12V6zM4 11h2v2H4v-2zm16 0H8v2h12v-2zM4 16h2v2H4v-2zm16 0H8v2h12v-2z\" fill=\"currentColor\"><\/path><\/svg><svg style=\"fill: #999;color:#999\" class=\"arrow-unsorted-368013\" xmlns=\"http:\/\/www.w3.org\/2000\/svg\" width=\"10px\" height=\"10px\" viewBox=\"0 0 24 24\" version=\"1.2\" baseProfile=\"tiny\"><path d=\"M18.2 9.3l-6.2-6.3-6.2 6.3c-.2.2-.3.4-.3.7s.1.5.3.7c.2.2.4.3.7.3h11c.3 0 .5-.1.7-.3.2-.2.3-.5.3-.7s-.1-.5-.3-.7zM5.8 14.7l6.2 6.3 6.2-6.3c.2-.2.3-.5.3-.7s-.1-.5-.3-.7c-.2-.2-.4-.3-.7-.3h-11c-.3 0-.5.1-.7.3-.2.2-.3.5-.3.7s.1.5.3.7z\"\/><\/svg><\/span><\/span><\/span><\/a><\/span><\/div>\n<nav><ul class='ez-toc-list ez-toc-list-level-1 ' ><li class='ez-toc-page-1 ez-toc-heading-level-2'><a class=\"ez-toc-link ez-toc-heading-1\" href=\"https:\/\/www.grupomedcof.com.br\/blog\/a-relacao-entre-medico-e-paciente\/#Historia\" >Hist\u00f3ria<\/a><\/li><li class='ez-toc-page-1 ez-toc-heading-level-2'><a class=\"ez-toc-link ez-toc-heading-2\" href=\"https:\/\/www.grupomedcof.com.br\/blog\/a-relacao-entre-medico-e-paciente\/#Como_investir_na_relacao_medico-paciente\" >Como investir na rela\u00e7\u00e3o m\u00e9dico-paciente?<\/a><\/li><li class='ez-toc-page-1 ez-toc-heading-level-2'><a class=\"ez-toc-link ez-toc-heading-3\" href=\"https:\/\/www.grupomedcof.com.br\/blog\/a-relacao-entre-medico-e-paciente\/#Corrigindo_a_rota\" >Corrigindo a rota<\/a><\/li><li class='ez-toc-page-1 ez-toc-heading-level-2'><a class=\"ez-toc-link ez-toc-heading-4\" href=\"https:\/\/www.grupomedcof.com.br\/blog\/a-relacao-entre-medico-e-paciente\/#O_metodo_que_te_aprova\" >O m\u00e9todo que te aprova<\/a><\/li><\/ul><\/nav><\/div>\n\n<figure class=\"wp-block-image size-large\"><img loading=\"lazy\" decoding=\"async\" width=\"1024\" height=\"576\" src=\"https:\/\/www.grupomedcof.com.br\/blog\/wp-content\/uploads\/2024\/07\/Blog-MedCof-26-2-1024x576.png\" alt=\"\" class=\"wp-image-27682\" srcset=\"https:\/\/www.grupomedcof.com.br\/blog\/wp-content\/uploads\/2024\/07\/Blog-MedCof-26-2-1024x576.png 1024w, https:\/\/www.grupomedcof.com.br\/blog\/wp-content\/uploads\/2024\/07\/Blog-MedCof-26-2-300x169.png 300w, https:\/\/www.grupomedcof.com.br\/blog\/wp-content\/uploads\/2024\/07\/Blog-MedCof-26-2-768x432.png 768w, https:\/\/www.grupomedcof.com.br\/blog\/wp-content\/uploads\/2024\/07\/Blog-MedCof-26-2-1536x864.png 1536w, https:\/\/www.grupomedcof.com.br\/blog\/wp-content\/uploads\/2024\/07\/Blog-MedCof-26-2-747x420.png 747w, https:\/\/www.grupomedcof.com.br\/blog\/wp-content\/uploads\/2024\/07\/Blog-MedCof-26-2-150x84.png 150w, https:\/\/www.grupomedcof.com.br\/blog\/wp-content\/uploads\/2024\/07\/Blog-MedCof-26-2-696x392.png 696w, https:\/\/www.grupomedcof.com.br\/blog\/wp-content\/uploads\/2024\/07\/Blog-MedCof-26-2-1068x601.png 1068w, https:\/\/www.grupomedcof.com.br\/blog\/wp-content\/uploads\/2024\/07\/Blog-MedCof-26-2.png 1920w\" sizes=\"auto, (max-width: 1024px) 100vw, 1024px\" \/><\/figure>\n\n\n\n<p>Voc\u00ea sabe que uma boa rela\u00e7\u00e3o m\u00e9dico-paciente \u00e9 indispens\u00e1vel para o exerc\u00edcio da pr\u00e1tica m\u00e9dica. A intera\u00e7\u00e3o entre m\u00e9dicos e pacientes \u00e9 crucial para a efetividade do tratamento e a satisfa\u00e7\u00e3o do cuidado. Mas, o que mudou ao longo da hist\u00f3ria? Como investir nessa rela\u00e7\u00e3o hoje em dia?<\/p>\n\n\n\n<p><em><strong>Texto escrito por Juliana Oliveira, acad\u00eamica de medicina da UNINOVE.<\/strong><\/em><\/p>\n\n\n\n<h2 class=\"wp-block-heading\" id=\"h-historia\"><span class=\"ez-toc-section\" id=\"Historia\"><\/span><strong>Hist\u00f3ria<\/strong><span class=\"ez-toc-section-end\"><\/span><\/h2>\n\n\n\n<p>Antigamente, a fun\u00e7\u00e3o do m\u00e9dico era revestida de car\u00e1ter m\u00e1gico e religioso, propriamente  como deuses da vida e morte. Hip\u00f3crates, conhecido como o \u201cpai da Medicina\u201d, foi o primeiro a abandonar as tradi\u00e7\u00f5es eg\u00edpcias e babil\u00f4nicas que se embasavam nessa ideia para dar lugar ao exerc\u00edcio da medicina baseada em evid\u00eancias.<\/p>\n\n\n\n<p>Ainda no final do s\u00e9culo XIX e in\u00edcio do s\u00e9culo XX, o m\u00e9dico era visto como um ser onisciente, aquele que tem saber absoluto e pleno e que tem conhecimento infinito sobre todas as coisas. O paciente tinha uma vis\u00e3o valiosa sob o ato m\u00e9dico, atribuindo uma figura de autoridade e prest\u00edgio dentro do ambiente familiar.<\/p>\n\n\n\n<p>Nos dias de hoje, \u00e9 poss\u00edvel observar as mudan\u00e7as dessa vis\u00e3o paternalista. A nomenclatura de paciente (cliente) e m\u00e9dico (prestador de servi\u00e7os) foi alterada, mostrando uma sociedade com menos v\u00ednculo e mais exigente por resultados. O desafio de uma rela\u00e7\u00e3o amig\u00e1vel aumenta quando inclu\u00edmos nesse cen\u00e1rio o d\u00e9ficit de recursos e tempo nos servi\u00e7os de sa\u00fade.<\/p>\n\n\n\n<p>Estudos que avaliaram O M\u00e9todo Cl\u00ednico Centrado na Pessoa demonstraram benef\u00edcio nos desfechos comportamentais e afetivo-cognitivos, principalmente no protagonismo do paciente com o seu cuidado. Acredita-se que uma consulta m\u00e9dica esclarecedora, permitindo o entendimento do paciente sobre o processo sa\u00fade\/doen\u00e7a e o respeito m\u00fatuo, ir\u00e1 favorecer uma rela\u00e7\u00e3o saud\u00e1vel e sustent\u00e1vel, reduzindo assim poss\u00edveis conflitos.<\/p>\n\n\n\n<h2 class=\"wp-block-heading\" id=\"h-como-investir-na-relacao-medico-paciente\"><span class=\"ez-toc-section\" id=\"Como_investir_na_relacao_medico-paciente\"><\/span><strong>Como investir na rela\u00e7\u00e3o m\u00e9dico-paciente?<\/strong><span class=\"ez-toc-section-end\"><\/span><\/h2>\n\n\n\n<p>Uma vez que entendemos o que fazer, precisamos desenvolver um plano de a\u00e7\u00e3o atrav\u00e9s de estrat\u00e9gias aplic\u00e1veis, como:<\/p>\n\n\n\n<ul class=\"wp-block-list\">\n<li><strong>Comunica\u00e7\u00e3o efetiva<\/strong>: praticar a escuta ativa, clareza na informa\u00e7\u00e3o e feedback constante.<\/li>\n\n\n\n<li><strong>Empatia e humaniza\u00e7\u00e3o<\/strong>: demonstrar compreens\u00e3o e respeito as particularidades de cada indiv\u00edduo.<\/li>\n\n\n\n<li><strong>Envolvimento do paciente<\/strong>: encorajar e fornecer informa\u00e7\u00f5es sobre sua condi\u00e7\u00e3o.<\/li>\n\n\n\n<li><strong>Confian\u00e7a e respeito<\/strong>: manter sigilo m\u00e9dico, honestidade e transpar\u00eancia.<\/li>\n\n\n\n<li><strong>Continuidade do cuidado<\/strong>: acompanhar continuamente e garantir uma abordagem integrada.<\/li>\n\n\n\n<li><strong>Uso da tecnologia<\/strong>: utilizar e-mails, aplicativos e outras ferramentas digitais para manter contato e fornecer suporte.<\/li>\n\n\n\n<li><strong>Capacita\u00e7\u00e3o profissional<\/strong>: exercitar a autoavalia\u00e7\u00e3o, levando em conta o feedback dos pacientes.<\/li>\n\n\n\n<li><strong>Ambiente de cuidado<\/strong>: garantir um ambiente confort\u00e1vel e tempo para abordar as preocupa\u00e7\u00f5es dos pacientes.<\/li>\n\n\n\n<li><strong>Bem-estar do profissional de sa\u00fade<\/strong>: nutrir o cuidado pela pr\u00f3pria sa\u00fade f\u00edsica e mental, para oferecer um atendimento de qualidade.<\/li>\n\n\n\n<li><strong>Especializa\u00e7\u00e3o<\/strong>: escolher uma especialidade que mais se aproxima dos seus valores e objetivos, pois isso ir\u00e1 te fornecer maior satisfa\u00e7\u00e3o profissional, sendo um aliado nessa rela\u00e7\u00e3o.<\/li>\n<\/ul>\n\n\n\n<h2 class=\"wp-block-heading\" id=\"h-corrigindo-a-rota\"><span class=\"ez-toc-section\" id=\"Corrigindo_a_rota\"><\/span><strong>Corrigindo a rota<\/strong><span class=\"ez-toc-section-end\"><\/span><\/h2>\n\n\n\n<p>Por fim, vimos acima alguns pontos importantes para fortalecer o v\u00ednculo com quem est\u00e1 sob cuidados m\u00e9dicos. A autoavalia\u00e7\u00e3o \u00e9 essencial nesse momento, assim como o desenvolvimento profissional cont\u00ednuo.<\/p>\n\n\n\n<p>\u00c9 poss\u00edvel que quanto mais familiarizado com o ambiente e especialidade, voc\u00ea consiga desfrutar de uma abordagem mais assertiva com o paciente. Para isso, al\u00e9m dos cursos de R1 e R+, o Grupo MedCof lan\u00e7ou o programa R-Choices com mentorias individualizadas para te ajudar a escolher a especialidade m\u00e9dica ideal para os seus objetivos e personalidade.<\/p>\n\n\n\n<h2 class=\"wp-block-heading\" id=\"h-o-metodo-que-te-aprova\"><span class=\"ez-toc-section\" id=\"O_metodo_que_te_aprova\"><\/span><strong>O m\u00e9todo que te aprova<\/strong><span class=\"ez-toc-section-end\"><\/span><\/h2>\n\n\n\n<p>Se voc\u00ea quer garantir a sua aprova\u00e7\u00e3o nas provas de resid\u00eancia m\u00e9dica, ent\u00e3o conhe\u00e7a o grupo MedCof e a metodologia que j\u00e1 aprovou\u00a0<a href=\"https:\/\/www.grupomedcof.com.br\/blog\/presenca-da-medcof-nas-aprovacoes-em-residencia-medica-no-brasil\/\"><strong>mais de 10 mil<\/strong><\/a>\u00a0residentes pelo pa\u00eds. Confira abaixo um de nossos COFEXPRESS do\u00a0<strong><a href=\"https:\/\/youtu.be\/XUYCtx4OxfU?si=pRnuQaRceQJLMiS6\">Curso Extensivo<\/a><\/strong>:<\/p>\n\n\n\n<figure class=\"wp-block-embed is-type-video is-provider-youtube wp-block-embed-youtube wp-embed-aspect-16-9 wp-has-aspect-ratio\"><div class=\"wp-block-embed__wrapper\">\n<iframe loading=\"lazy\" title=\"COFEXPRESS - Oncocirurgia: Sarcoma. Com Dr. Henrique Lunardelli\" width=\"696\" height=\"392\" src=\"https:\/\/www.youtube.com\/embed\/XUYCtx4OxfU?feature=oembed\" frameborder=\"0\" allow=\"accelerometer; autoplay; clipboard-write; encrypted-media; gyroscope; picture-in-picture; web-share\" referrerpolicy=\"strict-origin-when-cross-origin\" allowfullscreen><\/iframe>\n<\/div><\/figure>\n","protected":false},"excerpt":{"rendered":"<p>Voc\u00ea sabe que uma boa rela\u00e7\u00e3o m\u00e9dico-paciente \u00e9 indispens\u00e1vel para o exerc\u00edcio da pr\u00e1tica m\u00e9dica. A intera\u00e7\u00e3o entre m\u00e9dicos e pacientes \u00e9 crucial para a efetividade do tratamento e a satisfa\u00e7\u00e3o do cuidado. Mas, o que mudou ao longo da hist\u00f3ria? Como investir nessa rela\u00e7\u00e3o hoje em dia?<\/p>\n","protected":false},"author":16,"featured_media":27681,"comment_status":"open","ping_status":"open","sticky":false,"template":"","format":"standard","meta":{"footnotes":""},"categories":[55],"tags":[878],"ppma_author":[3614],"class_list":{"0":"post-27679","1":"post","2":"type-post","3":"status-publish","4":"format-standard","5":"has-post-thumbnail","7":"category-carreira-medica","8":"tag-carreira-medica"},"yoast_head":"<!-- This site is optimized with the Yoast SEO Premium plugin v24.3 (Yoast SEO v27.4) - https:\/\/yoast.com\/product\/yoast-seo-premium-wordpress\/ -->\n<title>A Rela\u00e7\u00e3o entre M\u00e9dico e Paciente - Blog de Medcof: conte\u00fados, editais, revalida e mais!<\/title>\n<meta name=\"description\" content=\"A rela\u00e7\u00e3o entre m\u00e9dicos e pacientes \u00e9 crucial para a efetividade do tratamento e a satisfa\u00e7\u00e3o do cuidado. Mas, o que...\" \/>\n<meta name=\"robots\" content=\"index, follow, max-snippet:-1, max-image-preview:large, max-video-preview:-1\" \/>\n<link rel=\"canonical\" href=\"https:\/\/www.grupomedcof.com.br\/blog\/a-relacao-entre-medico-e-paciente\/\" \/>\n<meta property=\"og:locale\" content=\"pt_BR\" \/>\n<meta property=\"og:type\" content=\"article\" \/>\n<meta property=\"og:title\" content=\"A Rela\u00e7\u00e3o entre M\u00e9dico e Paciente\" \/>\n<meta property=\"og:description\" content=\"A rela\u00e7\u00e3o entre m\u00e9dicos e pacientes \u00e9 crucial para a efetividade do tratamento e a satisfa\u00e7\u00e3o do cuidado. Mas, o que...\" \/>\n<meta property=\"og:url\" content=\"https:\/\/www.grupomedcof.com.br\/blog\/a-relacao-entre-medico-e-paciente\/\" \/>\n<meta property=\"og:site_name\" content=\"Blog de Medcof: conte\u00fados, editais, revalida e mais!\" \/>\n<meta property=\"article:publisher\" content=\"https:\/\/www.facebook.com\/MedCofQbank\/\" \/>\n<meta property=\"article:published_time\" content=\"2024-07-10T20:58:40+00:00\" \/>\n<meta property=\"article:modified_time\" content=\"2024-07-10T20:58:41+00:00\" \/>\n<meta property=\"og:image\" content=\"https:\/\/www.grupomedcof.com.br\/blog\/wp-content\/uploads\/2024\/07\/Blog-MedCof-26-1-1024x576.png\" \/>\n\t<meta property=\"og:image:width\" content=\"1024\" \/>\n\t<meta property=\"og:image:height\" content=\"576\" \/>\n\t<meta property=\"og:image:type\" content=\"image\/png\" \/>\n<meta name=\"author\" content=\"Luisa\" \/>\n<meta name=\"twitter:card\" content=\"summary_large_image\" \/>\n<meta name=\"twitter:label1\" content=\"Escrito por\" \/>\n\t<meta name=\"twitter:data1\" content=\"Luisa\" \/>\n\t<meta name=\"twitter:label2\" content=\"Est. tempo de leitura\" \/>\n\t<meta name=\"twitter:data2\" content=\"4 minutos\" \/>\n<script type=\"application\/ld+json\" class=\"yoast-schema-graph\">{\"@context\":\"https:\\\/\\\/schema.org\",\"@graph\":[{\"@type\":\"Article\",\"@id\":\"https:\\\/\\\/www.grupomedcof.com.br\\\/blog\\\/a-relacao-entre-medico-e-paciente\\\/#article\",\"isPartOf\":{\"@id\":\"https:\\\/\\\/www.grupomedcof.com.br\\\/blog\\\/a-relacao-entre-medico-e-paciente\\\/\"},\"author\":{\"name\":\"Luisa\",\"@id\":\"https:\\\/\\\/www.grupomedcof.com.br\\\/blog\\\/#\\\/schema\\\/person\\\/4c7d7a4858c43110d649051e29b62140\"},\"headline\":\"A Rela\u00e7\u00e3o entre M\u00e9dico e Paciente\",\"datePublished\":\"2024-07-10T20:58:40+00:00\",\"dateModified\":\"2024-07-10T20:58:41+00:00\",\"mainEntityOfPage\":{\"@id\":\"https:\\\/\\\/www.grupomedcof.com.br\\\/blog\\\/a-relacao-entre-medico-e-paciente\\\/\"},\"wordCount\":680,\"commentCount\":0,\"publisher\":{\"@id\":\"https:\\\/\\\/www.grupomedcof.com.br\\\/blog\\\/#organization\"},\"image\":{\"@id\":\"https:\\\/\\\/www.grupomedcof.com.br\\\/blog\\\/a-relacao-entre-medico-e-paciente\\\/#primaryimage\"},\"thumbnailUrl\":\"https:\\\/\\\/www.grupomedcof.com.br\\\/blog\\\/wp-content\\\/uploads\\\/2024\\\/07\\\/Blog-MedCof-26-1.png\",\"keywords\":[\"carreira m\u00e9dica\"],\"articleSection\":[\"Carreira M\u00e9dica\"],\"inLanguage\":\"pt-BR\"},{\"@type\":\"WebPage\",\"@id\":\"https:\\\/\\\/www.grupomedcof.com.br\\\/blog\\\/a-relacao-entre-medico-e-paciente\\\/\",\"url\":\"https:\\\/\\\/www.grupomedcof.com.br\\\/blog\\\/a-relacao-entre-medico-e-paciente\\\/\",\"name\":\"A Rela\u00e7\u00e3o entre M\u00e9dico e Paciente - Blog de Medcof: conte\u00fados, editais, revalida e mais!\",\"isPartOf\":{\"@id\":\"https:\\\/\\\/www.grupomedcof.com.br\\\/blog\\\/#website\"},\"primaryImageOfPage\":{\"@id\":\"https:\\\/\\\/www.grupomedcof.com.br\\\/blog\\\/a-relacao-entre-medico-e-paciente\\\/#primaryimage\"},\"image\":{\"@id\":\"https:\\\/\\\/www.grupomedcof.com.br\\\/blog\\\/a-relacao-entre-medico-e-paciente\\\/#primaryimage\"},\"thumbnailUrl\":\"https:\\\/\\\/www.grupomedcof.com.br\\\/blog\\\/wp-content\\\/uploads\\\/2024\\\/07\\\/Blog-MedCof-26-1.png\",\"datePublished\":\"2024-07-10T20:58:40+00:00\",\"dateModified\":\"2024-07-10T20:58:41+00:00\",\"description\":\"A rela\u00e7\u00e3o entre m\u00e9dicos e pacientes \u00e9 crucial para a efetividade do tratamento e a satisfa\u00e7\u00e3o do cuidado. Mas, o que...\",\"breadcrumb\":{\"@id\":\"https:\\\/\\\/www.grupomedcof.com.br\\\/blog\\\/a-relacao-entre-medico-e-paciente\\\/#breadcrumb\"},\"inLanguage\":\"pt-BR\",\"potentialAction\":[{\"@type\":\"ReadAction\",\"target\":[\"https:\\\/\\\/www.grupomedcof.com.br\\\/blog\\\/a-relacao-entre-medico-e-paciente\\\/\"]}]},{\"@type\":\"ImageObject\",\"inLanguage\":\"pt-BR\",\"@id\":\"https:\\\/\\\/www.grupomedcof.com.br\\\/blog\\\/a-relacao-entre-medico-e-paciente\\\/#primaryimage\",\"url\":\"https:\\\/\\\/www.grupomedcof.com.br\\\/blog\\\/wp-content\\\/uploads\\\/2024\\\/07\\\/Blog-MedCof-26-1.png\",\"contentUrl\":\"https:\\\/\\\/www.grupomedcof.com.br\\\/blog\\\/wp-content\\\/uploads\\\/2024\\\/07\\\/Blog-MedCof-26-1.png\",\"width\":1920,\"height\":1080},{\"@type\":\"BreadcrumbList\",\"@id\":\"https:\\\/\\\/www.grupomedcof.com.br\\\/blog\\\/a-relacao-entre-medico-e-paciente\\\/#breadcrumb\",\"itemListElement\":[{\"@type\":\"ListItem\",\"position\":1,\"name\":\"In\u00edcio\",\"item\":\"https:\\\/\\\/www.grupomedcof.com.br\\\/blog\\\/\"},{\"@type\":\"ListItem\",\"position\":2,\"name\":\"A Rela\u00e7\u00e3o entre M\u00e9dico e Paciente\"}]},{\"@type\":\"WebSite\",\"@id\":\"https:\\\/\\\/www.grupomedcof.com.br\\\/blog\\\/#website\",\"url\":\"https:\\\/\\\/www.grupomedcof.com.br\\\/blog\\\/\",\"name\":\"Blog de Medcof: conte\u00fados, editais, revalida e mais!\",\"description\":\"Acesso o blog de MedCof! Seu portal de conte\u00fados sobre resid\u00eancia m\u00e9dica, an\u00e1lise e editais e muito mais. Clique e confira!\",\"publisher\":{\"@id\":\"https:\\\/\\\/www.grupomedcof.com.br\\\/blog\\\/#organization\"},\"alternateName\":\"Blog de Medcof: conte\u00fados, editais, revalida e mais!\",\"potentialAction\":[{\"@type\":\"SearchAction\",\"target\":{\"@type\":\"EntryPoint\",\"urlTemplate\":\"https:\\\/\\\/www.grupomedcof.com.br\\\/blog\\\/?s={search_term_string}\"},\"query-input\":{\"@type\":\"PropertyValueSpecification\",\"valueRequired\":true,\"valueName\":\"search_term_string\"}}],\"inLanguage\":\"pt-BR\"},{\"@type\":\"Organization\",\"@id\":\"https:\\\/\\\/www.grupomedcof.com.br\\\/blog\\\/#organization\",\"name\":\"Grupo MedCof\",\"url\":\"https:\\\/\\\/www.grupomedcof.com.br\\\/blog\\\/\",\"logo\":{\"@type\":\"ImageObject\",\"inLanguage\":\"pt-BR\",\"@id\":\"https:\\\/\\\/www.grupomedcof.com.br\\\/blog\\\/#\\\/schema\\\/logo\\\/image\\\/\",\"url\":\"https:\\\/\\\/www.grupomedcof.com.br\\\/blog\\\/wp-content\\\/uploads\\\/2022\\\/01\\\/logo-medcof.png\",\"contentUrl\":\"https:\\\/\\\/www.grupomedcof.com.br\\\/blog\\\/wp-content\\\/uploads\\\/2022\\\/01\\\/logo-medcof.png\",\"width\":768,\"height\":269,\"caption\":\"Grupo MedCof\"},\"image\":{\"@id\":\"https:\\\/\\\/www.grupomedcof.com.br\\\/blog\\\/#\\\/schema\\\/logo\\\/image\\\/\"},\"sameAs\":[\"https:\\\/\\\/www.facebook.com\\\/MedCofQbank\\\/\",\"https:\\\/\\\/www.instagram.com\\\/grupomedcof\\\/\",\"https:\\\/\\\/br.linkedin.com\\\/company\\\/medcof\",\"https:\\\/\\\/www.youtube.com\\\/channel\\\/UCdHMuOHKICxcHwecxN8P-AA\"]},{\"@type\":\"Person\",\"@id\":\"https:\\\/\\\/www.grupomedcof.com.br\\\/blog\\\/#\\\/schema\\\/person\\\/4c7d7a4858c43110d649051e29b62140\",\"name\":\"Luisa\",\"image\":{\"@type\":\"ImageObject\",\"inLanguage\":\"pt-BR\",\"@id\":\"https:\\\/\\\/www.grupomedcof.com.br\\\/blog\\\/wp-content\\\/uploads\\\/2023\\\/04\\\/cropped-cropped-logo-96x96.pngbf641d3e6e1c71567638b2546d5f72c9\",\"url\":\"https:\\\/\\\/www.grupomedcof.com.br\\\/blog\\\/wp-content\\\/uploads\\\/2023\\\/04\\\/cropped-cropped-logo-96x96.png\",\"contentUrl\":\"https:\\\/\\\/www.grupomedcof.com.br\\\/blog\\\/wp-content\\\/uploads\\\/2023\\\/04\\\/cropped-cropped-logo-96x96.png\",\"caption\":\"Luisa\"},\"url\":\"https:\\\/\\\/www.grupomedcof.com.br\\\/blog\\\/author\\\/luisa\\\/\"}]}<\/script>\n<!-- \/ Yoast SEO Premium plugin. -->","yoast_head_json":{"title":"A Rela\u00e7\u00e3o entre M\u00e9dico e Paciente - Blog de Medcof: conte\u00fados, editais, revalida e mais!","description":"A rela\u00e7\u00e3o entre m\u00e9dicos e pacientes \u00e9 crucial para a efetividade do tratamento e a satisfa\u00e7\u00e3o do cuidado. Mas, o que...","robots":{"index":"index","follow":"follow","max-snippet":"max-snippet:-1","max-image-preview":"max-image-preview:large","max-video-preview":"max-video-preview:-1"},"canonical":"https:\/\/www.grupomedcof.com.br\/blog\/a-relacao-entre-medico-e-paciente\/","og_locale":"pt_BR","og_type":"article","og_title":"A Rela\u00e7\u00e3o entre M\u00e9dico e Paciente","og_description":"A rela\u00e7\u00e3o entre m\u00e9dicos e pacientes \u00e9 crucial para a efetividade do tratamento e a satisfa\u00e7\u00e3o do cuidado. Mas, o que...","og_url":"https:\/\/www.grupomedcof.com.br\/blog\/a-relacao-entre-medico-e-paciente\/","og_site_name":"Blog de Medcof: conte\u00fados, editais, revalida e mais!","article_publisher":"https:\/\/www.facebook.com\/MedCofQbank\/","article_published_time":"2024-07-10T20:58:40+00:00","article_modified_time":"2024-07-10T20:58:41+00:00","og_image":[{"width":1024,"height":576,"url":"https:\/\/www.grupomedcof.com.br\/blog\/wp-content\/uploads\/2024\/07\/Blog-MedCof-26-1-1024x576.png","type":"image\/png"}],"author":"Luisa","twitter_card":"summary_large_image","twitter_misc":{"Escrito por":"Luisa","Est. tempo de leitura":"4 minutos"},"schema":{"@context":"https:\/\/schema.org","@graph":[{"@type":"Article","@id":"https:\/\/www.grupomedcof.com.br\/blog\/a-relacao-entre-medico-e-paciente\/#article","isPartOf":{"@id":"https:\/\/www.grupomedcof.com.br\/blog\/a-relacao-entre-medico-e-paciente\/"},"author":{"name":"Luisa","@id":"https:\/\/www.grupomedcof.com.br\/blog\/#\/schema\/person\/4c7d7a4858c43110d649051e29b62140"},"headline":"A Rela\u00e7\u00e3o entre M\u00e9dico e Paciente","datePublished":"2024-07-10T20:58:40+00:00","dateModified":"2024-07-10T20:58:41+00:00","mainEntityOfPage":{"@id":"https:\/\/www.grupomedcof.com.br\/blog\/a-relacao-entre-medico-e-paciente\/"},"wordCount":680,"commentCount":0,"publisher":{"@id":"https:\/\/www.grupomedcof.com.br\/blog\/#organization"},"image":{"@id":"https:\/\/www.grupomedcof.com.br\/blog\/a-relacao-entre-medico-e-paciente\/#primaryimage"},"thumbnailUrl":"https:\/\/www.grupomedcof.com.br\/blog\/wp-content\/uploads\/2024\/07\/Blog-MedCof-26-1.png","keywords":["carreira m\u00e9dica"],"articleSection":["Carreira M\u00e9dica"],"inLanguage":"pt-BR"},{"@type":"WebPage","@id":"https:\/\/www.grupomedcof.com.br\/blog\/a-relacao-entre-medico-e-paciente\/","url":"https:\/\/www.grupomedcof.com.br\/blog\/a-relacao-entre-medico-e-paciente\/","name":"A Rela\u00e7\u00e3o entre M\u00e9dico e Paciente - Blog de Medcof: conte\u00fados, editais, revalida e mais!","isPartOf":{"@id":"https:\/\/www.grupomedcof.com.br\/blog\/#website"},"primaryImageOfPage":{"@id":"https:\/\/www.grupomedcof.com.br\/blog\/a-relacao-entre-medico-e-paciente\/#primaryimage"},"image":{"@id":"https:\/\/www.grupomedcof.com.br\/blog\/a-relacao-entre-medico-e-paciente\/#primaryimage"},"thumbnailUrl":"https:\/\/www.grupomedcof.com.br\/blog\/wp-content\/uploads\/2024\/07\/Blog-MedCof-26-1.png","datePublished":"2024-07-10T20:58:40+00:00","dateModified":"2024-07-10T20:58:41+00:00","description":"A rela\u00e7\u00e3o entre m\u00e9dicos e pacientes \u00e9 crucial para a efetividade do tratamento e a satisfa\u00e7\u00e3o do cuidado. Mas, o que...","breadcrumb":{"@id":"https:\/\/www.grupomedcof.com.br\/blog\/a-relacao-entre-medico-e-paciente\/#breadcrumb"},"inLanguage":"pt-BR","potentialAction":[{"@type":"ReadAction","target":["https:\/\/www.grupomedcof.com.br\/blog\/a-relacao-entre-medico-e-paciente\/"]}]},{"@type":"ImageObject","inLanguage":"pt-BR","@id":"https:\/\/www.grupomedcof.com.br\/blog\/a-relacao-entre-medico-e-paciente\/#primaryimage","url":"https:\/\/www.grupomedcof.com.br\/blog\/wp-content\/uploads\/2024\/07\/Blog-MedCof-26-1.png","contentUrl":"https:\/\/www.grupomedcof.com.br\/blog\/wp-content\/uploads\/2024\/07\/Blog-MedCof-26-1.png","width":1920,"height":1080},{"@type":"BreadcrumbList","@id":"https:\/\/www.grupomedcof.com.br\/blog\/a-relacao-entre-medico-e-paciente\/#breadcrumb","itemListElement":[{"@type":"ListItem","position":1,"name":"In\u00edcio","item":"https:\/\/www.grupomedcof.com.br\/blog\/"},{"@type":"ListItem","position":2,"name":"A Rela\u00e7\u00e3o entre M\u00e9dico e Paciente"}]},{"@type":"WebSite","@id":"https:\/\/www.grupomedcof.com.br\/blog\/#website","url":"https:\/\/www.grupomedcof.com.br\/blog\/","name":"Blog de Medcof: conte\u00fados, editais, revalida e mais!","description":"Acesso o blog de MedCof! Seu portal de conte\u00fados sobre resid\u00eancia m\u00e9dica, an\u00e1lise e editais e muito mais. Clique e confira!","publisher":{"@id":"https:\/\/www.grupomedcof.com.br\/blog\/#organization"},"alternateName":"Blog de Medcof: conte\u00fados, editais, revalida e mais!","potentialAction":[{"@type":"SearchAction","target":{"@type":"EntryPoint","urlTemplate":"https:\/\/www.grupomedcof.com.br\/blog\/?s={search_term_string}"},"query-input":{"@type":"PropertyValueSpecification","valueRequired":true,"valueName":"search_term_string"}}],"inLanguage":"pt-BR"},{"@type":"Organization","@id":"https:\/\/www.grupomedcof.com.br\/blog\/#organization","name":"Grupo MedCof","url":"https:\/\/www.grupomedcof.com.br\/blog\/","logo":{"@type":"ImageObject","inLanguage":"pt-BR","@id":"https:\/\/www.grupomedcof.com.br\/blog\/#\/schema\/logo\/image\/","url":"https:\/\/www.grupomedcof.com.br\/blog\/wp-content\/uploads\/2022\/01\/logo-medcof.png","contentUrl":"https:\/\/www.grupomedcof.com.br\/blog\/wp-content\/uploads\/2022\/01\/logo-medcof.png","width":768,"height":269,"caption":"Grupo MedCof"},"image":{"@id":"https:\/\/www.grupomedcof.com.br\/blog\/#\/schema\/logo\/image\/"},"sameAs":["https:\/\/www.facebook.com\/MedCofQbank\/","https:\/\/www.instagram.com\/grupomedcof\/","https:\/\/br.linkedin.com\/company\/medcof","https:\/\/www.youtube.com\/channel\/UCdHMuOHKICxcHwecxN8P-AA"]},{"@type":"Person","@id":"https:\/\/www.grupomedcof.com.br\/blog\/#\/schema\/person\/4c7d7a4858c43110d649051e29b62140","name":"Luisa","image":{"@type":"ImageObject","inLanguage":"pt-BR","@id":"https:\/\/www.grupomedcof.com.br\/blog\/wp-content\/uploads\/2023\/04\/cropped-cropped-logo-96x96.pngbf641d3e6e1c71567638b2546d5f72c9","url":"https:\/\/www.grupomedcof.com.br\/blog\/wp-content\/uploads\/2023\/04\/cropped-cropped-logo-96x96.png","contentUrl":"https:\/\/www.grupomedcof.com.br\/blog\/wp-content\/uploads\/2023\/04\/cropped-cropped-logo-96x96.png","caption":"Luisa"},"url":"https:\/\/www.grupomedcof.com.br\/blog\/author\/luisa\/"}]}},"authors":[{"term_id":3614,"user_id":16,"is_guest":0,"slug":"luisa","display_name":"Luisa","avatar_url":"https:\/\/www.grupomedcof.com.br\/blog\/wp-content\/uploads\/2023\/04\/cropped-cropped-logo-96x96.png","0":null,"1":"","2":"","3":"","4":"","5":"","6":"","7":"","8":""}],"_links":{"self":[{"href":"https:\/\/www.grupomedcof.com.br\/blog\/wp-json\/wp\/v2\/posts\/27679","targetHints":{"allow":["GET"]}}],"collection":[{"href":"https:\/\/www.grupomedcof.com.br\/blog\/wp-json\/wp\/v2\/posts"}],"about":[{"href":"https:\/\/www.grupomedcof.com.br\/blog\/wp-json\/wp\/v2\/types\/post"}],"author":[{"embeddable":true,"href":"https:\/\/www.grupomedcof.com.br\/blog\/wp-json\/wp\/v2\/users\/16"}],"replies":[{"embeddable":true,"href":"https:\/\/www.grupomedcof.com.br\/blog\/wp-json\/wp\/v2\/comments?post=27679"}],"version-history":[{"count":0,"href":"https:\/\/www.grupomedcof.com.br\/blog\/wp-json\/wp\/v2\/posts\/27679\/revisions"}],"wp:featuredmedia":[{"embeddable":true,"href":"https:\/\/www.grupomedcof.com.br\/blog\/wp-json\/wp\/v2\/media\/27681"}],"wp:attachment":[{"href":"https:\/\/www.grupomedcof.com.br\/blog\/wp-json\/wp\/v2\/media?parent=27679"}],"wp:term":[{"taxonomy":"category","embeddable":true,"href":"https:\/\/www.grupomedcof.com.br\/blog\/wp-json\/wp\/v2\/categories?post=27679"},{"taxonomy":"post_tag","embeddable":true,"href":"https:\/\/www.grupomedcof.com.br\/blog\/wp-json\/wp\/v2\/tags?post=27679"},{"taxonomy":"author","embeddable":true,"href":"https:\/\/www.grupomedcof.com.br\/blog\/wp-json\/wp\/v2\/ppma_author?post=27679"}],"curies":[{"name":"wp","href":"https:\/\/api.w.org\/{rel}","templated":true}]}}