{"id":27787,"date":"2024-07-15T15:22:05","date_gmt":"2024-07-15T18:22:05","guid":{"rendered":"https:\/\/www.grupomedcof.com.br\/blog\/?p=27787"},"modified":"2024-08-12T14:52:24","modified_gmt":"2024-08-12T17:52:24","slug":"residencia-medica-puc-rs-2024","status":"publish","type":"post","link":"https:\/\/www.grupomedcof.com.br\/blog\/residencia-medica-puc-rs-2024\/","title":{"rendered":"Resid\u00eancia M\u00e9dica: PUC-RS 2024"},"content":{"rendered":"<div id=\"ez-toc-container\" class=\"ez-toc-v2_0_74 counter-hierarchy ez-toc-counter ez-toc-transparent ez-toc-container-direction\">\n<div class=\"ez-toc-title-container\">\n<p class=\"ez-toc-title\" style=\"cursor:inherit\">Sum\u00e1rio<\/p>\n<span class=\"ez-toc-title-toggle\"><a href=\"#\" class=\"ez-toc-pull-right ez-toc-btn ez-toc-btn-xs ez-toc-btn-default ez-toc-toggle\" aria-label=\"Alternar tabela de conte\u00fado\"><span class=\"ez-toc-js-icon-con\"><span class=\"\"><span class=\"eztoc-hide\" style=\"display:none;\">Toggle<\/span><span class=\"ez-toc-icon-toggle-span\"><svg style=\"fill: #999;color:#999\" xmlns=\"http:\/\/www.w3.org\/2000\/svg\" class=\"list-377408\" width=\"20px\" height=\"20px\" viewBox=\"0 0 24 24\" fill=\"none\"><path d=\"M6 6H4v2h2V6zm14 0H8v2h12V6zM4 11h2v2H4v-2zm16 0H8v2h12v-2zM4 16h2v2H4v-2zm16 0H8v2h12v-2z\" fill=\"currentColor\"><\/path><\/svg><svg style=\"fill: #999;color:#999\" class=\"arrow-unsorted-368013\" xmlns=\"http:\/\/www.w3.org\/2000\/svg\" width=\"10px\" height=\"10px\" viewBox=\"0 0 24 24\" version=\"1.2\" baseProfile=\"tiny\"><path d=\"M18.2 9.3l-6.2-6.3-6.2 6.3c-.2.2-.3.4-.3.7s.1.5.3.7c.2.2.4.3.7.3h11c.3 0 .5-.1.7-.3.2-.2.3-.5.3-.7s-.1-.5-.3-.7zM5.8 14.7l6.2 6.3 6.2-6.3c.2-.2.3-.5.3-.7s-.1-.5-.3-.7c-.2-.2-.4-.3-.7-.3h-11c-.3 0-.5.1-.7.3-.2.2-.3.5-.3.7s.1.5.3.7z\"\/><\/svg><\/span><\/span><\/span><\/a><\/span><\/div>\n<nav><ul class='ez-toc-list ez-toc-list-level-1 ' ><li class='ez-toc-page-1 ez-toc-heading-level-2'><a class=\"ez-toc-link ez-toc-heading-1\" href=\"https:\/\/www.grupomedcof.com.br\/blog\/residencia-medica-puc-rs-2024\/#Edital_PUC-RS_2024\" >Edital PUC-RS 2024<\/a><\/li><li class='ez-toc-page-1 ez-toc-heading-level-2'><a class=\"ez-toc-link ez-toc-heading-2\" href=\"https:\/\/www.grupomedcof.com.br\/blog\/residencia-medica-puc-rs-2024\/#Inscricoes\" >Inscri\u00e7\u00f5es<\/a><\/li><li class='ez-toc-page-1 ez-toc-heading-level-2'><a class=\"ez-toc-link ez-toc-heading-3\" href=\"https:\/\/www.grupomedcof.com.br\/blog\/residencia-medica-puc-rs-2024\/#Vagas\" >Vagas<\/a><ul class='ez-toc-list-level-3' ><li class='ez-toc-heading-level-3'><a class=\"ez-toc-link ez-toc-heading-4\" href=\"https:\/\/www.grupomedcof.com.br\/blog\/residencia-medica-puc-rs-2024\/#Acesso_direto\" >Acesso direto<\/a><\/li><li class='ez-toc-page-1 ez-toc-heading-level-3'><a class=\"ez-toc-link ez-toc-heading-5\" href=\"https:\/\/www.grupomedcof.com.br\/blog\/residencia-medica-puc-rs-2024\/#Especialidades_Clinicas\" >Especialidades Cl\u00ednicas<\/a><\/li><li class='ez-toc-page-1 ez-toc-heading-level-3'><a class=\"ez-toc-link ez-toc-heading-6\" href=\"https:\/\/www.grupomedcof.com.br\/blog\/residencia-medica-puc-rs-2024\/#Especialidades_Cirurgicas\" >Especialidades Cir\u00fargicas<\/a><\/li><li class='ez-toc-page-1 ez-toc-heading-level-3'><a class=\"ez-toc-link ez-toc-heading-7\" href=\"https:\/\/www.grupomedcof.com.br\/blog\/residencia-medica-puc-rs-2024\/#Especialidades_com_Pre-requisito\" >Especialidades com Pr\u00e9-requisito<\/a><\/li><\/ul><\/li><li class='ez-toc-page-1 ez-toc-heading-level-2'><a class=\"ez-toc-link ez-toc-heading-8\" href=\"https:\/\/www.grupomedcof.com.br\/blog\/residencia-medica-puc-rs-2024\/#Processo_Seletivo\" >Processo Seletivo<\/a><ul class='ez-toc-list-level-3' ><li class='ez-toc-heading-level-3'><a class=\"ez-toc-link ez-toc-heading-9\" href=\"https:\/\/www.grupomedcof.com.br\/blog\/residencia-medica-puc-rs-2024\/#Prova_Escrita\" >Prova Escrita<\/a><\/li><li class='ez-toc-page-1 ez-toc-heading-level-3'><a class=\"ez-toc-link ez-toc-heading-10\" href=\"https:\/\/www.grupomedcof.com.br\/blog\/residencia-medica-puc-rs-2024\/#Analise_Curricular\" >An\u00e1lise Curricular<\/a><\/li><\/ul><\/li><li class='ez-toc-page-1 ez-toc-heading-level-2'><a class=\"ez-toc-link ez-toc-heading-11\" href=\"https:\/\/www.grupomedcof.com.br\/blog\/residencia-medica-puc-rs-2024\/#Definicao_da_nota\" >Defini\u00e7\u00e3o da nota<\/a><ul class='ez-toc-list-level-3' ><li class='ez-toc-heading-level-3'><a class=\"ez-toc-link ez-toc-heading-12\" href=\"https:\/\/www.grupomedcof.com.br\/blog\/residencia-medica-puc-rs-2024\/#Criterios_de_desempate\" >Crit\u00e9rios de desempate<\/a><\/li><\/ul><\/li><li class='ez-toc-page-1 ez-toc-heading-level-2'><a class=\"ez-toc-link ez-toc-heading-13\" href=\"https:\/\/www.grupomedcof.com.br\/blog\/residencia-medica-puc-rs-2024\/#Resultado_PUC-RS_2024\" >Resultado PUC-RS 2024<\/a><\/li><li class='ez-toc-page-1 ez-toc-heading-level-2'><a class=\"ez-toc-link ez-toc-heading-14\" href=\"https:\/\/www.grupomedcof.com.br\/blog\/residencia-medica-puc-rs-2024\/#Calendario_PUC-RS_2024\" >Calend\u00e1rio PUC-RS 2024<\/a><\/li><li class='ez-toc-page-1 ez-toc-heading-level-2'><a class=\"ez-toc-link ez-toc-heading-15\" href=\"https:\/\/www.grupomedcof.com.br\/blog\/residencia-medica-puc-rs-2024\/#Prepare-se_para_a_PUC-RS_2025\" >Prepare-se para a PUC-RS 2025<\/a><\/li><\/ul><\/nav><\/div>\n\n<figure class=\"wp-block-image size-large\"><img loading=\"lazy\" decoding=\"async\" width=\"1024\" height=\"576\" src=\"https:\/\/www.grupomedcof.com.br\/blog\/wp-content\/uploads\/2024\/07\/Modelo-instituicoes-8-1-1024x576.png\" alt=\"\" class=\"wp-image-27788\" srcset=\"https:\/\/www.grupomedcof.com.br\/blog\/wp-content\/uploads\/2024\/07\/Modelo-instituicoes-8-1-1024x576.png 1024w, https:\/\/www.grupomedcof.com.br\/blog\/wp-content\/uploads\/2024\/07\/Modelo-instituicoes-8-1-300x169.png 300w, https:\/\/www.grupomedcof.com.br\/blog\/wp-content\/uploads\/2024\/07\/Modelo-instituicoes-8-1-768x432.png 768w, https:\/\/www.grupomedcof.com.br\/blog\/wp-content\/uploads\/2024\/07\/Modelo-instituicoes-8-1-1536x864.png 1536w, https:\/\/www.grupomedcof.com.br\/blog\/wp-content\/uploads\/2024\/07\/Modelo-instituicoes-8-1-747x420.png 747w, https:\/\/www.grupomedcof.com.br\/blog\/wp-content\/uploads\/2024\/07\/Modelo-instituicoes-8-1-150x84.png 150w, https:\/\/www.grupomedcof.com.br\/blog\/wp-content\/uploads\/2024\/07\/Modelo-instituicoes-8-1-696x392.png 696w, https:\/\/www.grupomedcof.com.br\/blog\/wp-content\/uploads\/2024\/07\/Modelo-instituicoes-8-1-1068x601.png 1068w, https:\/\/www.grupomedcof.com.br\/blog\/wp-content\/uploads\/2024\/07\/Modelo-instituicoes-8-1.png 1920w\" sizes=\"auto, (max-width: 1024px) 100vw, 1024px\" \/><\/figure>\n\n\n\n<p>Relembre como foi a \u00faltima edi\u00e7\u00e3o da prova de resid\u00eancia m\u00e9dica da <strong>Pontif\u00edcia Universidade Cat\u00f3lica do Rio Grande do Sul<\/strong> (PUC-RS) de 2024 e se prepare para a pr\u00f3xima prova!<\/p>\n\n\n\n<h2 class=\"wp-block-heading\" id=\"h-edital-puc-rs-2024\"><span class=\"ez-toc-section\" id=\"Edital_PUC-RS_2024\"><\/span><strong>Edital PUC-RS 2024<\/strong><span class=\"ez-toc-section-end\"><\/span><\/h2>\n\n\n\n<p>A divulga\u00e7\u00e3o do\u00a0<strong><a href=\"https:\/\/www.grupomedcof.com.br\/blog\/edital-residencia-medica-puc-rs-2023-2024\/\">edital<\/a><\/strong>\u00a0para o processo seletivo nas vagas de\u00a0<strong>Acesso Direto<\/strong>\u00a0e\u00a0<strong>Pr\u00e9-Requisito<\/strong>\u00a0de Resid\u00eancia M\u00e9dica da PUC-RS 2024 ocorreu no dia\u00a0<strong>25 de setembro de 2023<\/strong>\u00a0atrav\u00e9s do site oficial da institui\u00e7\u00e3o.<\/p>\n\n\n\n<p>Assim, no edital, os candidatos receberam informa\u00e7\u00f5es sobre datas, inscri\u00e7\u00f5es, processo seletivo, vagas ofertadas, taxa de inscri\u00e7\u00e3o e matr\u00edculas.<\/p>\n\n\n\n<h2 class=\"wp-block-heading\" id=\"h-inscricoes\"><span class=\"ez-toc-section\" id=\"Inscricoes\"><\/span><strong>Inscri\u00e7\u00f5es<\/strong><span class=\"ez-toc-section-end\"><\/span><\/h2>\n\n\n\n<p>Os candidatos que prestaram a prova da&nbsp;<strong>PUC-RS 2024<\/strong>&nbsp;realizaram suas inscri\u00e7\u00f5es entre os dias 10 e 19\/10\/2023. Quem precisou de isen\u00e7\u00e3o na taxa de inscri\u00e7\u00e3o, solicitou entre os dias 16 e 17\/10\/2023.<\/p>\n\n\n\n<p>Entretanto, aqueles que pagaram o valor integral,&nbsp;a taxa&nbsp;estabelecida<strong>&nbsp;foi de R$ 600,00<\/strong>.<\/p>\n\n\n\n<h2 class=\"wp-block-heading\" id=\"h-vagas\"><span class=\"ez-toc-section\" id=\"Vagas\"><\/span><strong>Vagas<\/strong><span class=\"ez-toc-section-end\"><\/span><\/h2>\n\n\n\n<p>Nesta edi\u00e7\u00e3o ofertou-se&nbsp;<strong>78&nbsp;vagas<\/strong>.<strong>&nbsp;<\/strong>Na tabela abaixo voc\u00ea poder\u00e1 conferir a disposi\u00e7\u00e3o de cada uma de acordo com a especialidade e o n\u00famero de vagas dispon\u00edveis.<\/p>\n\n\n\n<h3 class=\"wp-block-heading\" id=\"h-acesso-direto\"><span class=\"ez-toc-section\" id=\"Acesso_direto\"><\/span><strong>Acesso direto<\/strong><span class=\"ez-toc-section-end\"><\/span><\/h3>\n\n\n\n<figure class=\"wp-block-table\"><table><tbody><tr><td><strong>Especialidade<\/strong><\/td><td><strong>Vagas ofertadas<\/strong><\/td><\/tr><tr><td>Anestesiologia<\/td><td>2<\/td><\/tr><tr><td>Cl\u00ednica M\u00e9dica<\/td><td>11<\/td><\/tr><tr><td>Cirurgia Cardiovascular<\/td><td>1<\/td><\/tr><tr><td>Cirurgia Geral<\/td><td>4<\/td><\/tr><tr><td>Dermatologia<\/td><td>2<\/td><\/tr><tr><td>Ginecologia e Obstetr\u00edcia<\/td><td>4<\/td><\/tr><tr><td>Infectologia<\/td><td>1<\/td><\/tr><tr><td>Medicina Intensiva<\/td><td>2<\/td><\/tr><tr><td>Medicina de Fam\u00edlia e Comunidade<\/td><td>2<\/td><\/tr><tr><td>Medicina de Emerg\u00eancia<\/td><td>2<\/td><\/tr><tr><td>Medicina F\u00edsica e Reabilita\u00e7\u00e3o<\/td><td>1<\/td><\/tr><tr><td>Neurocirurgia<\/td><td>1<\/td><\/tr><tr><td>Neurologia<\/td><td>5<\/td><\/tr><tr><td>Ortopedia e Traumatologia<\/td><td>4<\/td><\/tr><tr><td>Otorrinolaringologia<\/td><td>1<\/td><\/tr><tr><td>Psiquiatria<\/td><td>1<\/td><\/tr><\/tbody><\/table><\/figure>\n\n\n\n<h3 class=\"wp-block-heading\" id=\"h-especialidades-clinicas\"><span class=\"ez-toc-section\" id=\"Especialidades_Clinicas\"><\/span><strong>Especialidades Cl\u00ednicas<\/strong><span class=\"ez-toc-section-end\"><\/span><\/h3>\n\n\n\n<figure class=\"wp-block-table\"><table><tbody><tr><td><strong>Especialidade<\/strong><\/td><td><strong>Vagas ofertadas<\/strong><\/td><\/tr><tr><td>Cardiologia<\/td><td>6<\/td><\/tr><tr><td>Endocrinologia e Metabologia<\/td><td>2<\/td><\/tr><tr><td>Gastroenterologia<\/td><td>2<\/td><\/tr><tr><td>Geriatria<\/td><td>3<\/td><\/tr><tr><td>Nefrologia<\/td><td>3<\/td><\/tr><tr><td>Oncologia Cl\u00ednica<\/td><td>3<\/td><\/tr><tr><td>Pneumologia<\/td><td>2<\/td><\/tr><tr><td>Reumatologia<\/td><td>2<\/td><\/tr><\/tbody><\/table><\/figure>\n\n\n\n<h3 class=\"wp-block-heading\" id=\"h-especialidades-cirurgicas\"><span class=\"ez-toc-section\" id=\"Especialidades_Cirurgicas\"><\/span><strong>Especialidades Cir\u00fargicas<\/strong><span class=\"ez-toc-section-end\"><\/span><\/h3>\n\n\n\n<figure class=\"wp-block-table\"><table><tbody><tr><td><strong>Especialidade<\/strong><\/td><td><strong>Vagas ofertadas<\/strong><\/td><\/tr><tr><td>Cirurgia do Aparelho Digestivo<\/td><td>2<\/td><\/tr><tr><td>Cirurgia Tor\u00e1cica<\/td><td>1<\/td><\/tr><tr><td>Cirurgia Vascular<\/td><td>1<\/td><\/tr><tr><td>Coloproctologia<\/td><td>1<\/td><\/tr><tr><td>Urologia<\/td><td>2<\/td><\/tr><\/tbody><\/table><\/figure>\n\n\n\n<h3 class=\"wp-block-heading\" id=\"h-especialidades-com-pre-requisito\"><span class=\"ez-toc-section\" id=\"Especialidades_com_Pre-requisito\"><\/span><strong>Especialidades com Pr\u00e9-requisito<\/strong><span class=\"ez-toc-section-end\"><\/span><\/h3>\n\n\n\n<figure class=\"wp-block-table\"><table><tbody><tr><td><strong>Especialidade<\/strong><\/td><td><strong>Vagas ofertadas<\/strong><\/td><\/tr><tr><td>Hemodin\u00e2mica e Cardiologia Intervencionista<\/td><td>1<\/td><\/tr><tr><td>Cirurgia Tor\u00e1cica &#8211; 3\u00ba ano opcional<\/td><td>1<\/td><\/tr><tr><td>Mastologia<\/td><td>1<\/td><\/tr><tr><td>Transplante Renal Cl\u00ednico<\/td><td>1<\/td><\/tr><\/tbody><\/table><\/figure>\n\n\n\n<h2 class=\"wp-block-heading\" id=\"h-processo-seletivo\"><span class=\"ez-toc-section\" id=\"Processo_Seletivo\"><\/span><strong>Processo Seletivo<\/strong><span class=\"ez-toc-section-end\"><\/span><\/h2>\n\n\n\n<p>Assim como as demais provas de resid\u00eancia de m\u00e9dica, os candidatos que prestaram para o processo seletivo da PUC-RS passaram por&nbsp;<strong>duas fases avaliativas<\/strong>: a prova escrita e a an\u00e1lise curricular.<\/p>\n\n\n\n<h3 class=\"wp-block-heading\" id=\"h-prova-escrita\"><span class=\"ez-toc-section\" id=\"Prova_Escrita\"><\/span><strong>Prova Escrita<\/strong><span class=\"ez-toc-section-end\"><\/span><\/h3>\n\n\n\n<p>A 1\u00aa fase ocorreu no dia&nbsp;<strong>17\/11\/2023<\/strong>&nbsp;e consistiu numa Prova Escrita. Desse modo, uma vez que existem diferentes programas, a elabora\u00e7\u00e3o da prova foi feita de maneira espec\u00edfica para cada um. Veja abaixo quais foram os conte\u00fados:<\/p>\n\n\n\n<ul class=\"wp-block-list\">\n<li><strong>Acesso direto<\/strong>: 60 quest\u00f5es objetivas abordando assuntos das 5 grandes \u00e1reas m\u00e9dicas;<\/li>\n\n\n\n<li><strong>Especialidades Cl\u00ednicas<\/strong>: 30 quest\u00f5es objetivas abordando conhecimentos de Cl\u00ednica M\u00e9dica, incluindo quest\u00e3o de bio\u00e9tica e epidemiologia;<\/li>\n\n\n\n<li><strong>Especialidades Cir\u00fargicas<\/strong>: 30 quest\u00f5es objetivas abordando conhecimentos de Cirurgia, incluindo quest\u00e3o de bio\u00e9tica e epidemiologia;<\/li>\n\n\n\n<li><strong>Especialidades com pr\u00e9-requisitos espec\u00edficos<\/strong>: 10 quest\u00f5es objetivas e\/ou quest\u00f5es discursivas abordando assuntos conforme \u00e1rea b\u00e1sica espec\u00edfica e quest\u00f5es de bio\u00e9tica e epidemiologia<\/li>\n<\/ul>\n\n\n\n<h3 class=\"wp-block-heading\" id=\"h-analise-curricular\"><span class=\"ez-toc-section\" id=\"Analise_Curricular\"><\/span><strong>An\u00e1lise Curricular<\/strong><span class=\"ez-toc-section-end\"><\/span><\/h3>\n\n\n\n<p>Sendo assim, apenas os candidatos que foram classificados prosseguiram para a segunda fase: a&nbsp;<strong>an\u00e1lise curricular<\/strong>. Ela ocorreu entre os dias&nbsp;<strong>29\/11 e 01\/12\/2023<\/strong>. Os curr\u00edculos entregues deveriam estar de acordo com as normas previamente citadas no edital.<\/p>\n\n\n\n<p>Para saber mais informa\u00e7\u00f5es sobre an\u00e1lise curricular e ver os crit\u00e9rios que a institui\u00e7\u00e3o pontuou, veja o nosso post exclusivo sobre&nbsp;<strong><a href=\"https:\/\/www.grupomedcof.com.br\/blog\/atividades-essenciais-para-uma-boa-analise-curricular\/\">An\u00e1lise Curricular: Atividades essenciais que n\u00e3o podem faltar<\/a><\/strong>.<\/p>\n\n\n\n<h2 class=\"wp-block-heading\" id=\"h-definicao-da-nota\"><span class=\"ez-toc-section\" id=\"Definicao_da_nota\"><\/span><strong>Defini\u00e7\u00e3o da nota<\/strong><span class=\"ez-toc-section-end\"><\/span><\/h2>\n\n\n\n<p>Desse modo, a nota final da PUC-RS definiu-se com base na&nbsp;<strong>soma do resultado da prova escrita e da an\u00e1lise curricular<\/strong>. Entretanto elas possuem pesos diferentes, enquanto a&nbsp;<strong>prova objetiva-dissertativa comp\u00f5e 90%<\/strong>&nbsp;da nota final, a<strong>&nbsp;an\u00e1lise curricular corresponde aos 10%<\/strong>&nbsp;restantes.<\/p>\n\n\n\n<h3 class=\"wp-block-heading\" id=\"h-criterios-de-desempate\"><span class=\"ez-toc-section\" id=\"Criterios_de_desempate\"><\/span><strong>Crit\u00e9rios de desempate<\/strong><span class=\"ez-toc-section-end\"><\/span><\/h3>\n\n\n\n<p>Por outro lado, em caso de empate, os crit\u00e9rios utilizados para o desempate foram, em ordem:<\/p>\n\n\n\n<ul class=\"wp-block-list\">\n<li>Maior nota na prova escrita;<\/li>\n\n\n\n<li>Maior tempo de forma\u00e7\u00e3o em medicina;<\/li>\n\n\n\n<li>Maior idade.<\/li>\n<\/ul>\n\n\n\n<h2 class=\"wp-block-heading\" id=\"h-resultado-puc-rs-2024\"><span class=\"ez-toc-section\" id=\"Resultado_PUC-RS_2024\"><\/span><strong>Resultado PUC-RS 2024<\/strong><span class=\"ez-toc-section-end\"><\/span><\/h2>\n\n\n\n<p>Finalmente,<strong>&nbsp;<\/strong>o&nbsp;<strong>Resultado final<\/strong>&nbsp;do&nbsp;<strong>Processo Seletivo de Resid\u00eancia M\u00e9dica PUC-RS&nbsp;2024<\/strong>&nbsp;foi divulgado no dia&nbsp;<strong>20 de dezembro de 2023<\/strong>.<\/p>\n\n\n\n<h2 class=\"wp-block-heading\" id=\"h-calendario-puc-rs-2024\"><span class=\"ez-toc-section\" id=\"Calendario_PUC-RS_2024\"><\/span><strong>Calend\u00e1rio PUC-RS 2024<\/strong><span class=\"ez-toc-section-end\"><\/span><\/h2>\n\n\n\n<figure class=\"wp-block-table\"><table><tbody><tr><td><strong>Evento<\/strong><\/td><td><strong>Data<\/strong><\/td><\/tr><tr><td>Inscri\u00e7\u00f5es<\/td><td>10 a 19\/10\/2023<\/td><\/tr><tr><td>Solicita\u00e7\u00e3o de isen\u00e7\u00e3o da taxa<\/td><td>16 a 17\/10\/2023<\/td><\/tr><tr><td>Prova Escrita<\/td><td>17\/11\/2023<\/td><\/tr><tr><td>Recursos contra a prova escrita<\/td><td>20\/11\/2023<\/td><\/tr><tr><td>Entrega de curr\u00edculos<\/td><td>29\/11 a 01\/12\/2023<\/td><\/tr><tr><td>Rela\u00e7\u00e3o de aprovados<\/td><td>15\/12\/2023<\/td><\/tr><tr><td>Recursos contra o curr\u00edculo<\/td><td>18\/12\/2023<\/td><\/tr><tr><td>Resultado Final<\/td><td>20\/12\/2023<\/td><\/tr><tr><td>Per\u00edodo de matr\u00edculas<\/td><td>24 a 26\/01\/2024<\/td><\/tr><\/tbody><\/table><\/figure>\n\n\n\n<h2 class=\"wp-block-heading\" id=\"h-prepare-se-para-a-puc-rs-2025\"><span class=\"ez-toc-section\" id=\"Prepare-se_para_a_PUC-RS_2025\"><\/span><strong>Prepare-se para a PUC-RS 2025<\/strong><span class=\"ez-toc-section-end\"><\/span><\/h2>\n\n\n\n<p>Por fim, se voc\u00ea quer mandar bem a pr\u00f3xima prova da PUC-RS, a&nbsp;<strong><a href=\"https:\/\/www.grupomedcof.com.br\/home\/?page=cursos\">Medcof<\/a>&nbsp;<\/strong>te ajudar\u00e1 com isso! Com o nosso cat\u00e1logo repleto de cursos, te guiaremos na jornada \u00e0&nbsp;Resid\u00eancia M\u00e9dica&nbsp;dos sonhos! Confira os nossos&nbsp;cursos e&nbsp;<a href=\"https:\/\/www.grupomedcof.com.br\/blog\/presenca-da-medcof-nas-aprovacoes-em-residencia-medica-no-brasil\/\" target=\"_blank\" rel=\"noreferrer noopener\"><strong>seja mais um aprovado<\/strong><\/a>&nbsp;nas melhores institui\u00e7\u00f5es do pa\u00eds!<\/p>\n\n\n\n<figure class=\"wp-block-embed is-type-video is-provider-youtube wp-block-embed-youtube wp-embed-aspect-16-9 wp-has-aspect-ratio\"><div class=\"wp-block-embed__wrapper\">\n<iframe loading=\"lazy\" title=\"PUC-RS 2024 - R1 Acesso Direto - Revis\u00e3o de V\u00e9spera Dominada - Gabarite a prova de resid\u00eancia m\u00e9dica\" width=\"696\" height=\"392\" src=\"https:\/\/www.youtube.com\/embed\/4kWNtF9400o?feature=oembed\" frameborder=\"0\" allow=\"accelerometer; autoplay; clipboard-write; encrypted-media; gyroscope; picture-in-picture; web-share\" referrerpolicy=\"strict-origin-when-cross-origin\" allowfullscreen><\/iframe>\n<\/div><\/figure>\n","protected":false},"excerpt":{"rendered":"<p>Relembre como foi a \u00faltima edi\u00e7\u00e3o da prova de resid\u00eancia m\u00e9dica da Pontif\u00edcia Universidade Cat\u00f3lica do Rio Grande do Sul (PUC-RS) de 2024 e se prepare para a pr\u00f3xima prova!<\/p>\n","protected":false},"author":23,"featured_media":27788,"comment_status":"open","ping_status":"open","sticky":false,"template":"","format":"standard","meta":{"footnotes":""},"categories":[10],"tags":[172,979],"ppma_author":[3618],"class_list":{"0":"post-27787","1":"post","2":"type-post","3":"status-publish","4":"format-standard","5":"has-post-thumbnail","7":"category-raio-x-editais","8":"tag-puc","9":"tag-raio-x-editais-2024"},"yoast_head":"<!-- This site is optimized with the Yoast SEO Premium plugin v24.3 (Yoast SEO v27.4) - https:\/\/yoast.com\/product\/yoast-seo-premium-wordpress\/ -->\n<title>Resid\u00eancia M\u00e9dica: PUC-RS 2024 - Blog de Medcof: conte\u00fados, editais, revalida e mais!<\/title>\n<meta name=\"description\" content=\"Relembre como foi a \u00faltima prova de resid\u00eancia m\u00e9dica da Pontif\u00edcia Universidade Cat\u00f3lica do Rio Grande do Sul (PUC-RS) de 2024 e se...\" \/>\n<meta name=\"robots\" content=\"index, follow, max-snippet:-1, max-image-preview:large, max-video-preview:-1\" \/>\n<link rel=\"canonical\" href=\"https:\/\/www.grupomedcof.com.br\/blog\/residencia-medica-puc-rs-2024\/\" \/>\n<meta property=\"og:locale\" content=\"pt_BR\" \/>\n<meta property=\"og:type\" content=\"article\" \/>\n<meta property=\"og:title\" content=\"Resid\u00eancia M\u00e9dica: PUC-RS 2024\" \/>\n<meta property=\"og:description\" content=\"Relembre como foi a \u00faltima prova de resid\u00eancia m\u00e9dica da Pontif\u00edcia Universidade Cat\u00f3lica do Rio Grande do Sul (PUC-RS) de 2024 e se...\" \/>\n<meta property=\"og:url\" content=\"https:\/\/www.grupomedcof.com.br\/blog\/residencia-medica-puc-rs-2024\/\" \/>\n<meta property=\"og:site_name\" content=\"Blog de Medcof: conte\u00fados, editais, revalida e mais!\" \/>\n<meta property=\"article:publisher\" content=\"https:\/\/www.facebook.com\/MedCofQbank\/\" \/>\n<meta property=\"article:published_time\" content=\"2024-07-15T18:22:05+00:00\" \/>\n<meta property=\"article:modified_time\" content=\"2024-08-12T17:52:24+00:00\" \/>\n<meta property=\"og:image\" content=\"https:\/\/www.grupomedcof.com.br\/blog\/wp-content\/uploads\/2024\/07\/Modelo-instituicoes-8-1.png\" \/>\n\t<meta property=\"og:image:width\" content=\"1920\" \/>\n\t<meta property=\"og:image:height\" content=\"1080\" \/>\n\t<meta property=\"og:image:type\" content=\"image\/png\" \/>\n<meta name=\"author\" content=\"Lu\u00edsa Porto\" \/>\n<meta name=\"twitter:card\" content=\"summary_large_image\" \/>\n<meta name=\"twitter:label1\" content=\"Escrito por\" \/>\n\t<meta name=\"twitter:data1\" content=\"Lu\u00edsa Porto\" \/>\n\t<meta name=\"twitter:label2\" content=\"Est. tempo de leitura\" \/>\n\t<meta name=\"twitter:data2\" content=\"5 minutos\" \/>\n<script type=\"application\/ld+json\" class=\"yoast-schema-graph\">{\"@context\":\"https:\\\/\\\/schema.org\",\"@graph\":[{\"@type\":\"Article\",\"@id\":\"https:\\\/\\\/www.grupomedcof.com.br\\\/blog\\\/residencia-medica-puc-rs-2024\\\/#article\",\"isPartOf\":{\"@id\":\"https:\\\/\\\/www.grupomedcof.com.br\\\/blog\\\/residencia-medica-puc-rs-2024\\\/\"},\"author\":{\"name\":\"Lu\u00edsa Porto\",\"@id\":\"https:\\\/\\\/www.grupomedcof.com.br\\\/blog\\\/#\\\/schema\\\/person\\\/d755ffce500bd0766bbf0e4e6572518f\"},\"headline\":\"Resid\u00eancia M\u00e9dica: PUC-RS 2024\",\"datePublished\":\"2024-07-15T18:22:05+00:00\",\"dateModified\":\"2024-08-12T17:52:24+00:00\",\"mainEntityOfPage\":{\"@id\":\"https:\\\/\\\/www.grupomedcof.com.br\\\/blog\\\/residencia-medica-puc-rs-2024\\\/\"},\"wordCount\":763,\"commentCount\":0,\"publisher\":{\"@id\":\"https:\\\/\\\/www.grupomedcof.com.br\\\/blog\\\/#organization\"},\"image\":{\"@id\":\"https:\\\/\\\/www.grupomedcof.com.br\\\/blog\\\/residencia-medica-puc-rs-2024\\\/#primaryimage\"},\"thumbnailUrl\":\"https:\\\/\\\/www.grupomedcof.com.br\\\/blog\\\/wp-content\\\/uploads\\\/2024\\\/07\\\/Modelo-instituicoes-8-1.png\",\"keywords\":[\"PUC\",\"Raio-X Editais 2024\"],\"articleSection\":[\"Raio-X Editais\"],\"inLanguage\":\"pt-BR\"},{\"@type\":\"WebPage\",\"@id\":\"https:\\\/\\\/www.grupomedcof.com.br\\\/blog\\\/residencia-medica-puc-rs-2024\\\/\",\"url\":\"https:\\\/\\\/www.grupomedcof.com.br\\\/blog\\\/residencia-medica-puc-rs-2024\\\/\",\"name\":\"Resid\u00eancia M\u00e9dica: PUC-RS 2024 - Blog de Medcof: conte\u00fados, editais, revalida e mais!\",\"isPartOf\":{\"@id\":\"https:\\\/\\\/www.grupomedcof.com.br\\\/blog\\\/#website\"},\"primaryImageOfPage\":{\"@id\":\"https:\\\/\\\/www.grupomedcof.com.br\\\/blog\\\/residencia-medica-puc-rs-2024\\\/#primaryimage\"},\"image\":{\"@id\":\"https:\\\/\\\/www.grupomedcof.com.br\\\/blog\\\/residencia-medica-puc-rs-2024\\\/#primaryimage\"},\"thumbnailUrl\":\"https:\\\/\\\/www.grupomedcof.com.br\\\/blog\\\/wp-content\\\/uploads\\\/2024\\\/07\\\/Modelo-instituicoes-8-1.png\",\"datePublished\":\"2024-07-15T18:22:05+00:00\",\"dateModified\":\"2024-08-12T17:52:24+00:00\",\"description\":\"Relembre como foi a \u00faltima prova de resid\u00eancia m\u00e9dica da Pontif\u00edcia Universidade Cat\u00f3lica do Rio Grande do Sul (PUC-RS) de 2024 e se...\",\"breadcrumb\":{\"@id\":\"https:\\\/\\\/www.grupomedcof.com.br\\\/blog\\\/residencia-medica-puc-rs-2024\\\/#breadcrumb\"},\"inLanguage\":\"pt-BR\",\"potentialAction\":[{\"@type\":\"ReadAction\",\"target\":[\"https:\\\/\\\/www.grupomedcof.com.br\\\/blog\\\/residencia-medica-puc-rs-2024\\\/\"]}]},{\"@type\":\"ImageObject\",\"inLanguage\":\"pt-BR\",\"@id\":\"https:\\\/\\\/www.grupomedcof.com.br\\\/blog\\\/residencia-medica-puc-rs-2024\\\/#primaryimage\",\"url\":\"https:\\\/\\\/www.grupomedcof.com.br\\\/blog\\\/wp-content\\\/uploads\\\/2024\\\/07\\\/Modelo-instituicoes-8-1.png\",\"contentUrl\":\"https:\\\/\\\/www.grupomedcof.com.br\\\/blog\\\/wp-content\\\/uploads\\\/2024\\\/07\\\/Modelo-instituicoes-8-1.png\",\"width\":1920,\"height\":1080},{\"@type\":\"BreadcrumbList\",\"@id\":\"https:\\\/\\\/www.grupomedcof.com.br\\\/blog\\\/residencia-medica-puc-rs-2024\\\/#breadcrumb\",\"itemListElement\":[{\"@type\":\"ListItem\",\"position\":1,\"name\":\"In\u00edcio\",\"item\":\"https:\\\/\\\/www.grupomedcof.com.br\\\/blog\\\/\"},{\"@type\":\"ListItem\",\"position\":2,\"name\":\"Resid\u00eancia M\u00e9dica: PUC-RS 2024\"}]},{\"@type\":\"WebSite\",\"@id\":\"https:\\\/\\\/www.grupomedcof.com.br\\\/blog\\\/#website\",\"url\":\"https:\\\/\\\/www.grupomedcof.com.br\\\/blog\\\/\",\"name\":\"Blog de Medcof: conte\u00fados, editais, revalida e mais!\",\"description\":\"Acesso o blog de MedCof! Seu portal de conte\u00fados sobre resid\u00eancia m\u00e9dica, an\u00e1lise e editais e muito mais. Clique e confira!\",\"publisher\":{\"@id\":\"https:\\\/\\\/www.grupomedcof.com.br\\\/blog\\\/#organization\"},\"alternateName\":\"Blog de Medcof: conte\u00fados, editais, revalida e mais!\",\"potentialAction\":[{\"@type\":\"SearchAction\",\"target\":{\"@type\":\"EntryPoint\",\"urlTemplate\":\"https:\\\/\\\/www.grupomedcof.com.br\\\/blog\\\/?s={search_term_string}\"},\"query-input\":{\"@type\":\"PropertyValueSpecification\",\"valueRequired\":true,\"valueName\":\"search_term_string\"}}],\"inLanguage\":\"pt-BR\"},{\"@type\":\"Organization\",\"@id\":\"https:\\\/\\\/www.grupomedcof.com.br\\\/blog\\\/#organization\",\"name\":\"Grupo MedCof\",\"url\":\"https:\\\/\\\/www.grupomedcof.com.br\\\/blog\\\/\",\"logo\":{\"@type\":\"ImageObject\",\"inLanguage\":\"pt-BR\",\"@id\":\"https:\\\/\\\/www.grupomedcof.com.br\\\/blog\\\/#\\\/schema\\\/logo\\\/image\\\/\",\"url\":\"https:\\\/\\\/www.grupomedcof.com.br\\\/blog\\\/wp-content\\\/uploads\\\/2022\\\/01\\\/logo-medcof.png\",\"contentUrl\":\"https:\\\/\\\/www.grupomedcof.com.br\\\/blog\\\/wp-content\\\/uploads\\\/2022\\\/01\\\/logo-medcof.png\",\"width\":768,\"height\":269,\"caption\":\"Grupo MedCof\"},\"image\":{\"@id\":\"https:\\\/\\\/www.grupomedcof.com.br\\\/blog\\\/#\\\/schema\\\/logo\\\/image\\\/\"},\"sameAs\":[\"https:\\\/\\\/www.facebook.com\\\/MedCofQbank\\\/\",\"https:\\\/\\\/www.instagram.com\\\/grupomedcof\\\/\",\"https:\\\/\\\/br.linkedin.com\\\/company\\\/medcof\",\"https:\\\/\\\/www.youtube.com\\\/channel\\\/UCdHMuOHKICxcHwecxN8P-AA\"]},{\"@type\":\"Person\",\"@id\":\"https:\\\/\\\/www.grupomedcof.com.br\\\/blog\\\/#\\\/schema\\\/person\\\/d755ffce500bd0766bbf0e4e6572518f\",\"name\":\"Lu\u00edsa Porto\",\"image\":{\"@type\":\"ImageObject\",\"inLanguage\":\"pt-BR\",\"@id\":\"https:\\\/\\\/www.grupomedcof.com.br\\\/blog\\\/wp-content\\\/uploads\\\/2025\\\/05\\\/cropped-WhatsApp-Image-2025-05-05-at-19.22.15-96x96.jpegd989589e3fd3e4fb9efe9268a95bbcc4\",\"url\":\"https:\\\/\\\/www.grupomedcof.com.br\\\/blog\\\/wp-content\\\/uploads\\\/2025\\\/05\\\/cropped-WhatsApp-Image-2025-05-05-at-19.22.15-96x96.jpeg\",\"contentUrl\":\"https:\\\/\\\/www.grupomedcof.com.br\\\/blog\\\/wp-content\\\/uploads\\\/2025\\\/05\\\/cropped-WhatsApp-Image-2025-05-05-at-19.22.15-96x96.jpeg\",\"caption\":\"Lu\u00edsa Porto\"},\"description\":\"Estudante de Jornalismo do 6\u00ba semestre, encantada pela \u00e1rea da comunica\u00e7\u00e3o e f\u00e3 de automobilismo\",\"url\":\"https:\\\/\\\/www.grupomedcof.com.br\\\/blog\\\/author\\\/porto\\\/\"}]}<\/script>\n<!-- \/ Yoast SEO Premium plugin. -->","yoast_head_json":{"title":"Resid\u00eancia M\u00e9dica: PUC-RS 2024 - Blog de Medcof: conte\u00fados, editais, revalida e mais!","description":"Relembre como foi a \u00faltima prova de resid\u00eancia m\u00e9dica da Pontif\u00edcia Universidade Cat\u00f3lica do Rio Grande do Sul (PUC-RS) de 2024 e se...","robots":{"index":"index","follow":"follow","max-snippet":"max-snippet:-1","max-image-preview":"max-image-preview:large","max-video-preview":"max-video-preview:-1"},"canonical":"https:\/\/www.grupomedcof.com.br\/blog\/residencia-medica-puc-rs-2024\/","og_locale":"pt_BR","og_type":"article","og_title":"Resid\u00eancia M\u00e9dica: PUC-RS 2024","og_description":"Relembre como foi a \u00faltima prova de resid\u00eancia m\u00e9dica da Pontif\u00edcia Universidade Cat\u00f3lica do Rio Grande do Sul (PUC-RS) de 2024 e se...","og_url":"https:\/\/www.grupomedcof.com.br\/blog\/residencia-medica-puc-rs-2024\/","og_site_name":"Blog de Medcof: conte\u00fados, editais, revalida e mais!","article_publisher":"https:\/\/www.facebook.com\/MedCofQbank\/","article_published_time":"2024-07-15T18:22:05+00:00","article_modified_time":"2024-08-12T17:52:24+00:00","og_image":[{"width":1920,"height":1080,"url":"https:\/\/www.grupomedcof.com.br\/blog\/wp-content\/uploads\/2024\/07\/Modelo-instituicoes-8-1.png","type":"image\/png"}],"author":"Lu\u00edsa Porto","twitter_card":"summary_large_image","twitter_misc":{"Escrito por":"Lu\u00edsa Porto","Est. tempo de leitura":"5 minutos"},"schema":{"@context":"https:\/\/schema.org","@graph":[{"@type":"Article","@id":"https:\/\/www.grupomedcof.com.br\/blog\/residencia-medica-puc-rs-2024\/#article","isPartOf":{"@id":"https:\/\/www.grupomedcof.com.br\/blog\/residencia-medica-puc-rs-2024\/"},"author":{"name":"Lu\u00edsa Porto","@id":"https:\/\/www.grupomedcof.com.br\/blog\/#\/schema\/person\/d755ffce500bd0766bbf0e4e6572518f"},"headline":"Resid\u00eancia M\u00e9dica: PUC-RS 2024","datePublished":"2024-07-15T18:22:05+00:00","dateModified":"2024-08-12T17:52:24+00:00","mainEntityOfPage":{"@id":"https:\/\/www.grupomedcof.com.br\/blog\/residencia-medica-puc-rs-2024\/"},"wordCount":763,"commentCount":0,"publisher":{"@id":"https:\/\/www.grupomedcof.com.br\/blog\/#organization"},"image":{"@id":"https:\/\/www.grupomedcof.com.br\/blog\/residencia-medica-puc-rs-2024\/#primaryimage"},"thumbnailUrl":"https:\/\/www.grupomedcof.com.br\/blog\/wp-content\/uploads\/2024\/07\/Modelo-instituicoes-8-1.png","keywords":["PUC","Raio-X Editais 2024"],"articleSection":["Raio-X Editais"],"inLanguage":"pt-BR"},{"@type":"WebPage","@id":"https:\/\/www.grupomedcof.com.br\/blog\/residencia-medica-puc-rs-2024\/","url":"https:\/\/www.grupomedcof.com.br\/blog\/residencia-medica-puc-rs-2024\/","name":"Resid\u00eancia M\u00e9dica: PUC-RS 2024 - Blog de Medcof: conte\u00fados, editais, revalida e mais!","isPartOf":{"@id":"https:\/\/www.grupomedcof.com.br\/blog\/#website"},"primaryImageOfPage":{"@id":"https:\/\/www.grupomedcof.com.br\/blog\/residencia-medica-puc-rs-2024\/#primaryimage"},"image":{"@id":"https:\/\/www.grupomedcof.com.br\/blog\/residencia-medica-puc-rs-2024\/#primaryimage"},"thumbnailUrl":"https:\/\/www.grupomedcof.com.br\/blog\/wp-content\/uploads\/2024\/07\/Modelo-instituicoes-8-1.png","datePublished":"2024-07-15T18:22:05+00:00","dateModified":"2024-08-12T17:52:24+00:00","description":"Relembre como foi a \u00faltima prova de resid\u00eancia m\u00e9dica da Pontif\u00edcia Universidade Cat\u00f3lica do Rio Grande do Sul (PUC-RS) de 2024 e se...","breadcrumb":{"@id":"https:\/\/www.grupomedcof.com.br\/blog\/residencia-medica-puc-rs-2024\/#breadcrumb"},"inLanguage":"pt-BR","potentialAction":[{"@type":"ReadAction","target":["https:\/\/www.grupomedcof.com.br\/blog\/residencia-medica-puc-rs-2024\/"]}]},{"@type":"ImageObject","inLanguage":"pt-BR","@id":"https:\/\/www.grupomedcof.com.br\/blog\/residencia-medica-puc-rs-2024\/#primaryimage","url":"https:\/\/www.grupomedcof.com.br\/blog\/wp-content\/uploads\/2024\/07\/Modelo-instituicoes-8-1.png","contentUrl":"https:\/\/www.grupomedcof.com.br\/blog\/wp-content\/uploads\/2024\/07\/Modelo-instituicoes-8-1.png","width":1920,"height":1080},{"@type":"BreadcrumbList","@id":"https:\/\/www.grupomedcof.com.br\/blog\/residencia-medica-puc-rs-2024\/#breadcrumb","itemListElement":[{"@type":"ListItem","position":1,"name":"In\u00edcio","item":"https:\/\/www.grupomedcof.com.br\/blog\/"},{"@type":"ListItem","position":2,"name":"Resid\u00eancia M\u00e9dica: PUC-RS 2024"}]},{"@type":"WebSite","@id":"https:\/\/www.grupomedcof.com.br\/blog\/#website","url":"https:\/\/www.grupomedcof.com.br\/blog\/","name":"Blog de Medcof: conte\u00fados, editais, revalida e mais!","description":"Acesso o blog de MedCof! Seu portal de conte\u00fados sobre resid\u00eancia m\u00e9dica, an\u00e1lise e editais e muito mais. Clique e confira!","publisher":{"@id":"https:\/\/www.grupomedcof.com.br\/blog\/#organization"},"alternateName":"Blog de Medcof: conte\u00fados, editais, revalida e mais!","potentialAction":[{"@type":"SearchAction","target":{"@type":"EntryPoint","urlTemplate":"https:\/\/www.grupomedcof.com.br\/blog\/?s={search_term_string}"},"query-input":{"@type":"PropertyValueSpecification","valueRequired":true,"valueName":"search_term_string"}}],"inLanguage":"pt-BR"},{"@type":"Organization","@id":"https:\/\/www.grupomedcof.com.br\/blog\/#organization","name":"Grupo MedCof","url":"https:\/\/www.grupomedcof.com.br\/blog\/","logo":{"@type":"ImageObject","inLanguage":"pt-BR","@id":"https:\/\/www.grupomedcof.com.br\/blog\/#\/schema\/logo\/image\/","url":"https:\/\/www.grupomedcof.com.br\/blog\/wp-content\/uploads\/2022\/01\/logo-medcof.png","contentUrl":"https:\/\/www.grupomedcof.com.br\/blog\/wp-content\/uploads\/2022\/01\/logo-medcof.png","width":768,"height":269,"caption":"Grupo MedCof"},"image":{"@id":"https:\/\/www.grupomedcof.com.br\/blog\/#\/schema\/logo\/image\/"},"sameAs":["https:\/\/www.facebook.com\/MedCofQbank\/","https:\/\/www.instagram.com\/grupomedcof\/","https:\/\/br.linkedin.com\/company\/medcof","https:\/\/www.youtube.com\/channel\/UCdHMuOHKICxcHwecxN8P-AA"]},{"@type":"Person","@id":"https:\/\/www.grupomedcof.com.br\/blog\/#\/schema\/person\/d755ffce500bd0766bbf0e4e6572518f","name":"Lu\u00edsa Porto","image":{"@type":"ImageObject","inLanguage":"pt-BR","@id":"https:\/\/www.grupomedcof.com.br\/blog\/wp-content\/uploads\/2025\/05\/cropped-WhatsApp-Image-2025-05-05-at-19.22.15-96x96.jpegd989589e3fd3e4fb9efe9268a95bbcc4","url":"https:\/\/www.grupomedcof.com.br\/blog\/wp-content\/uploads\/2025\/05\/cropped-WhatsApp-Image-2025-05-05-at-19.22.15-96x96.jpeg","contentUrl":"https:\/\/www.grupomedcof.com.br\/blog\/wp-content\/uploads\/2025\/05\/cropped-WhatsApp-Image-2025-05-05-at-19.22.15-96x96.jpeg","caption":"Lu\u00edsa Porto"},"description":"Estudante de Jornalismo do 6\u00ba semestre, encantada pela \u00e1rea da comunica\u00e7\u00e3o e f\u00e3 de automobilismo","url":"https:\/\/www.grupomedcof.com.br\/blog\/author\/porto\/"}]}},"authors":[{"term_id":3618,"user_id":23,"is_guest":0,"slug":"porto","display_name":"Lu\u00edsa Porto","avatar_url":"https:\/\/www.grupomedcof.com.br\/blog\/wp-content\/uploads\/2025\/05\/cropped-WhatsApp-Image-2025-05-05-at-19.22.15-96x96.jpeg","0":null,"1":"","2":"","3":"","4":"","5":"","6":"","7":"","8":""}],"_links":{"self":[{"href":"https:\/\/www.grupomedcof.com.br\/blog\/wp-json\/wp\/v2\/posts\/27787","targetHints":{"allow":["GET"]}}],"collection":[{"href":"https:\/\/www.grupomedcof.com.br\/blog\/wp-json\/wp\/v2\/posts"}],"about":[{"href":"https:\/\/www.grupomedcof.com.br\/blog\/wp-json\/wp\/v2\/types\/post"}],"author":[{"embeddable":true,"href":"https:\/\/www.grupomedcof.com.br\/blog\/wp-json\/wp\/v2\/users\/23"}],"replies":[{"embeddable":true,"href":"https:\/\/www.grupomedcof.com.br\/blog\/wp-json\/wp\/v2\/comments?post=27787"}],"version-history":[{"count":0,"href":"https:\/\/www.grupomedcof.com.br\/blog\/wp-json\/wp\/v2\/posts\/27787\/revisions"}],"wp:featuredmedia":[{"embeddable":true,"href":"https:\/\/www.grupomedcof.com.br\/blog\/wp-json\/wp\/v2\/media\/27788"}],"wp:attachment":[{"href":"https:\/\/www.grupomedcof.com.br\/blog\/wp-json\/wp\/v2\/media?parent=27787"}],"wp:term":[{"taxonomy":"category","embeddable":true,"href":"https:\/\/www.grupomedcof.com.br\/blog\/wp-json\/wp\/v2\/categories?post=27787"},{"taxonomy":"post_tag","embeddable":true,"href":"https:\/\/www.grupomedcof.com.br\/blog\/wp-json\/wp\/v2\/tags?post=27787"},{"taxonomy":"author","embeddable":true,"href":"https:\/\/www.grupomedcof.com.br\/blog\/wp-json\/wp\/v2\/ppma_author?post=27787"}],"curies":[{"name":"wp","href":"https:\/\/api.w.org\/{rel}","templated":true}]}}