{"id":27815,"date":"2026-04-20T09:20:12","date_gmt":"2026-04-20T12:20:12","guid":{"rendered":"https:\/\/www.grupomedcof.com.br\/blog\/?p=27815"},"modified":"2026-04-20T09:20:14","modified_gmt":"2026-04-20T12:20:14","slug":"residencia-medica-feluma","status":"publish","type":"post","link":"https:\/\/www.grupomedcof.com.br\/blog\/residencia-medica-feluma\/","title":{"rendered":"Resid\u00eancia M\u00e9dica FELUMA 2025\/2026: edital, resultados, nota de corte e mais!"},"content":{"rendered":"<div id=\"ez-toc-container\" class=\"ez-toc-v2_0_74 counter-hierarchy ez-toc-counter ez-toc-transparent ez-toc-container-direction\">\n<div class=\"ez-toc-title-container\">\n<p class=\"ez-toc-title\" style=\"cursor:inherit\">Sum\u00e1rio<\/p>\n<span class=\"ez-toc-title-toggle\"><a href=\"#\" class=\"ez-toc-pull-right ez-toc-btn ez-toc-btn-xs ez-toc-btn-default ez-toc-toggle\" aria-label=\"Alternar tabela de conte\u00fado\"><span class=\"ez-toc-js-icon-con\"><span class=\"\"><span class=\"eztoc-hide\" style=\"display:none;\">Toggle<\/span><span class=\"ez-toc-icon-toggle-span\"><svg style=\"fill: #999;color:#999\" xmlns=\"http:\/\/www.w3.org\/2000\/svg\" class=\"list-377408\" width=\"20px\" height=\"20px\" viewBox=\"0 0 24 24\" fill=\"none\"><path d=\"M6 6H4v2h2V6zm14 0H8v2h12V6zM4 11h2v2H4v-2zm16 0H8v2h12v-2zM4 16h2v2H4v-2zm16 0H8v2h12v-2z\" fill=\"currentColor\"><\/path><\/svg><svg style=\"fill: #999;color:#999\" class=\"arrow-unsorted-368013\" xmlns=\"http:\/\/www.w3.org\/2000\/svg\" width=\"10px\" height=\"10px\" viewBox=\"0 0 24 24\" version=\"1.2\" baseProfile=\"tiny\"><path d=\"M18.2 9.3l-6.2-6.3-6.2 6.3c-.2.2-.3.4-.3.7s.1.5.3.7c.2.2.4.3.7.3h11c.3 0 .5-.1.7-.3.2-.2.3-.5.3-.7s-.1-.5-.3-.7zM5.8 14.7l6.2 6.3 6.2-6.3c.2-.2.3-.5.3-.7s-.1-.5-.3-.7c-.2-.2-.4-.3-.7-.3h-11c-.3 0-.5.1-.7.3-.2.2-.3.5-.3.7s.1.5.3.7z\"\/><\/svg><\/span><\/span><\/span><\/a><\/span><\/div>\n<nav><ul class='ez-toc-list ez-toc-list-level-1 ' ><li class='ez-toc-page-1 ez-toc-heading-level-2'><a class=\"ez-toc-link ez-toc-heading-1\" href=\"https:\/\/www.grupomedcof.com.br\/blog\/residencia-medica-feluma\/#Sobre_a_FELUMA\" >Sobre a FELUMA<\/a><\/li><li class='ez-toc-page-1 ez-toc-heading-level-2'><a class=\"ez-toc-link ez-toc-heading-2\" href=\"https:\/\/www.grupomedcof.com.br\/blog\/residencia-medica-feluma\/#Edital_FELUMA_Residencia_Medica_2026\" >Edital FELUMA Resid\u00eancia M\u00e9dica 2026<\/a><\/li><li class='ez-toc-page-1 ez-toc-heading-level-2'><a class=\"ez-toc-link ez-toc-heading-3\" href=\"https:\/\/www.grupomedcof.com.br\/blog\/residencia-medica-feluma\/#Inscricoes_FELUMA_2026\" >Inscri\u00e7\u00f5es FELUMA 2026<\/a><ul class='ez-toc-list-level-3' ><li class='ez-toc-heading-level-3'><a class=\"ez-toc-link ez-toc-heading-4\" href=\"https:\/\/www.grupomedcof.com.br\/blog\/residencia-medica-feluma\/#Como_e_o_processo_seletivo_da_FELUMA\" >Como \u00e9 o processo seletivo da FELUMA?<\/a><\/li><li class='ez-toc-page-1 ez-toc-heading-level-3'><a class=\"ez-toc-link ez-toc-heading-5\" href=\"https:\/\/www.grupomedcof.com.br\/blog\/residencia-medica-feluma\/#Prova_Objetiva\" >Prova Objetiva<\/a><\/li><li class='ez-toc-page-1 ez-toc-heading-level-3'><a class=\"ez-toc-link ez-toc-heading-6\" href=\"https:\/\/www.grupomedcof.com.br\/blog\/residencia-medica-feluma\/#O_que_cai_na_prova_da_FELUMA\" >O que cai na prova da FELUMA?<\/a><\/li><li class='ez-toc-page-1 ez-toc-heading-level-3'><a class=\"ez-toc-link ez-toc-heading-7\" href=\"https:\/\/www.grupomedcof.com.br\/blog\/residencia-medica-feluma\/#Analise_Curricular\" >An\u00e1lise Curricular<\/a><\/li><\/ul><\/li><li class='ez-toc-page-1 ez-toc-heading-level-2'><a class=\"ez-toc-link ez-toc-heading-8\" href=\"https:\/\/www.grupomedcof.com.br\/blog\/residencia-medica-feluma\/#Vagas_FELUMA_20252026\" >Vagas FELUMA 2025\/2026<\/a><ul class='ez-toc-list-level-3' ><li class='ez-toc-heading-level-3'><a class=\"ez-toc-link ez-toc-heading-9\" href=\"https:\/\/www.grupomedcof.com.br\/blog\/residencia-medica-feluma\/#Acesso_Direto\" >Acesso Direto<\/a><\/li><li class='ez-toc-page-1 ez-toc-heading-level-3'><a class=\"ez-toc-link ez-toc-heading-10\" href=\"https:\/\/www.grupomedcof.com.br\/blog\/residencia-medica-feluma\/#Pre-Requisito\" >Pr\u00e9-Requisito<\/a><\/li><\/ul><\/li><li class='ez-toc-page-1 ez-toc-heading-level-2'><a class=\"ez-toc-link ez-toc-heading-11\" href=\"https:\/\/www.grupomedcof.com.br\/blog\/residencia-medica-feluma\/#Cronograma_Feluma_20252026\" >Cronograma Feluma 2025\/2026<\/a><\/li><li class='ez-toc-page-1 ez-toc-heading-level-2'><a class=\"ez-toc-link ez-toc-heading-12\" href=\"https:\/\/www.grupomedcof.com.br\/blog\/residencia-medica-feluma\/#Definicao_da_nota_FELUMA_2026\" >Defini\u00e7\u00e3o da nota FELUMA 2026<\/a><ul class='ez-toc-list-level-3' ><li class='ez-toc-heading-level-3'><a class=\"ez-toc-link ez-toc-heading-13\" href=\"https:\/\/www.grupomedcof.com.br\/blog\/residencia-medica-feluma\/#Criterios_de_desempate\" >Crit\u00e9rios de desempate<\/a><\/li><\/ul><\/li><li class='ez-toc-page-1 ez-toc-heading-level-2'><a class=\"ez-toc-link ez-toc-heading-14\" href=\"https:\/\/www.grupomedcof.com.br\/blog\/residencia-medica-feluma\/#Gabarito_Preliminar\" >Gabarito Preliminar<\/a><\/li><li class='ez-toc-page-1 ez-toc-heading-level-2'><a class=\"ez-toc-link ez-toc-heading-15\" href=\"https:\/\/www.grupomedcof.com.br\/blog\/residencia-medica-feluma\/#Resultado_Definitivo_da_Prova_Objetiva_1a_etapa\" >Resultado Definitivo da Prova Objetiva (1\u00aa etapa)<\/a><\/li><li class='ez-toc-page-1 ez-toc-heading-level-2'><a class=\"ez-toc-link ez-toc-heading-16\" href=\"https:\/\/www.grupomedcof.com.br\/blog\/residencia-medica-feluma\/#Resultado_Final_da_Selecao\" >Resultado Final da Sele\u00e7\u00e3o<\/a><\/li><li class='ez-toc-page-1 ez-toc-heading-level-2'><a class=\"ez-toc-link ez-toc-heading-17\" href=\"https:\/\/www.grupomedcof.com.br\/blog\/residencia-medica-feluma\/#Nota_de_Corte_FELUMA_Residencia_Medica_2026\" >Nota de Corte FELUMA Resid\u00eancia M\u00e9dica 2026<\/a><ul class='ez-toc-list-level-3' ><li class='ez-toc-heading-level-3'><a class=\"ez-toc-link ez-toc-heading-18\" href=\"https:\/\/www.grupomedcof.com.br\/blog\/residencia-medica-feluma\/#Hospital_Universitario_de_Ciencias_Medicas_%E2%80%93_MG\" >Hospital Universit\u00e1rio de Ci\u00eancias M\u00e9dicas &#8211; MG<\/a><\/li><li class='ez-toc-page-1 ez-toc-heading-level-3'><a class=\"ez-toc-link ez-toc-heading-19\" href=\"https:\/\/www.grupomedcof.com.br\/blog\/residencia-medica-feluma\/#Biocor_Instituto\" >Biocor Instituto<\/a><\/li><\/ul><\/li><li class='ez-toc-page-1 ez-toc-heading-level-2'><a class=\"ez-toc-link ez-toc-heading-20\" href=\"https:\/\/www.grupomedcof.com.br\/blog\/residencia-medica-feluma\/#Prepare-se_para_a_FELUMA_2026\" >Prepare-se para a FELUMA 2026<\/a><\/li><\/ul><\/nav><\/div>\n\n<figure class=\"wp-block-image size-large\"><img loading=\"lazy\" decoding=\"async\" width=\"1024\" height=\"576\" src=\"https:\/\/www.grupomedcof.com.br\/blog\/wp-content\/uploads\/2024\/07\/Modelo-instituicoes-10-1-1024x576.png\" alt=\"\" class=\"wp-image-27816\" srcset=\"https:\/\/www.grupomedcof.com.br\/blog\/wp-content\/uploads\/2024\/07\/Modelo-instituicoes-10-1-1024x576.png 1024w, https:\/\/www.grupomedcof.com.br\/blog\/wp-content\/uploads\/2024\/07\/Modelo-instituicoes-10-1-300x169.png 300w, https:\/\/www.grupomedcof.com.br\/blog\/wp-content\/uploads\/2024\/07\/Modelo-instituicoes-10-1-768x432.png 768w, https:\/\/www.grupomedcof.com.br\/blog\/wp-content\/uploads\/2024\/07\/Modelo-instituicoes-10-1-1536x864.png 1536w, https:\/\/www.grupomedcof.com.br\/blog\/wp-content\/uploads\/2024\/07\/Modelo-instituicoes-10-1-747x420.png 747w, https:\/\/www.grupomedcof.com.br\/blog\/wp-content\/uploads\/2024\/07\/Modelo-instituicoes-10-1-150x84.png 150w, https:\/\/www.grupomedcof.com.br\/blog\/wp-content\/uploads\/2024\/07\/Modelo-instituicoes-10-1-696x392.png 696w, https:\/\/www.grupomedcof.com.br\/blog\/wp-content\/uploads\/2024\/07\/Modelo-instituicoes-10-1-1068x601.png 1068w, https:\/\/www.grupomedcof.com.br\/blog\/wp-content\/uploads\/2024\/07\/Modelo-instituicoes-10-1.png 1920w\" sizes=\"auto, (max-width: 1024px) 100vw, 1024px\" \/><\/figure>\n\n\n\n<p>Vai fazer parte do <strong>processo seletivo da Feluma 2026\/2027<\/strong>? Ent\u00e3o confira este post para saber todas as informa\u00e7\u00f5es e relembrar alguns pontos da edi\u00e7\u00e3o anterior!<\/p>\n\n\n\n<h2 class=\"wp-block-heading\" id=\"h-sobre-a-feluma\"><span class=\"ez-toc-section\" id=\"Sobre_a_FELUMA\"><\/span><strong>Sobre a FELUMA<\/strong><span class=\"ez-toc-section-end\"><\/span><\/h2>\n\n\n\n<p>A <strong>Funda\u00e7\u00e3o Educacional Lucas Machado<\/strong> foi fundada em setembro de 1971, como uma institui\u00e7\u00e3o filantr\u00f3pica. Possui a finalidade de contribuir com o desenvolvimento da comunidade por meio de atividades educacionais de sa\u00fade e assist\u00eancia social, e realizar pesquisas nos campos das Ci\u00eancias Exatas, Humanas e Biol\u00f3gicas.<\/p>\n\n\n\n<h2 class=\"wp-block-heading\" id=\"h-edital-feluma-residencia-medica-2026\"><span class=\"ez-toc-section\" id=\"Edital_FELUMA_Residencia_Medica_2026\"><\/span><strong>Edital FELUMA Resid\u00eancia M\u00e9dica 2026<\/strong><span class=\"ez-toc-section-end\"><\/span><\/h2>\n\n\n\n<p>O <a href=\"https:\/\/www.grupomedcof.com.br\/blog\/edital-residencia-medica-feluma\/\"><strong>edital <\/strong><\/a>de resid\u00eancia m\u00e9dica da FELUMA, divulgado em julho de 2025, ofereceu <strong>60 vagas<\/strong>, com <strong>ingresso em 2026<\/strong>.&nbsp;<\/p>\n\n\n\n<h2 class=\"wp-block-heading\"><span class=\"ez-toc-section\" id=\"Inscricoes_FELUMA_2026\"><\/span><strong>Inscri\u00e7\u00f5es FELUMA 2026<\/strong><span class=\"ez-toc-section-end\"><\/span><\/h2>\n\n\n\n<p>As inscri\u00e7\u00f5es para a resid\u00eancia m\u00e9dica da FELUMA 2026 aconteceram entre os dias 08 de agosto e 11 de setembro de 2025, mediante pagamento da taxa de <strong>R$620,00.&nbsp;<\/strong><\/p>\n\n\n\n<h3 class=\"wp-block-heading\"><span class=\"ez-toc-section\" id=\"Como_e_o_processo_seletivo_da_FELUMA\"><\/span><strong>Como <strong>\u00e9 o processo seletivo da FELUMA?<\/strong><\/strong><span class=\"ez-toc-section-end\"><\/span><\/h3>\n\n\n\n<p>O processo seletivo possui duas fases avaliativas, a <strong>prova objetiva<\/strong> e a<strong> an\u00e1lise curricular<\/strong>.<\/p>\n\n\n\n<h3 class=\"wp-block-heading\"><span class=\"ez-toc-section\" id=\"Prova_Objetiva\"><\/span><strong>Prova Objetiva<\/strong><span class=\"ez-toc-section-end\"><\/span><\/h3>\n\n\n\n<p>A prova objetiva aconteceu no dia <strong>05 de outubro de 2025<\/strong>, consistindo em uma prova de <strong>75 quest\u00f5es<\/strong> de car\u00e1ter eliminat\u00f3rio e classificat\u00f3rio para <strong>Acesso Direto<\/strong> e <strong>60 quest\u00f5es<\/strong> para <strong>Pr\u00e9-Requisito<\/strong>.&nbsp;<\/p>\n\n\n\n<h3 class=\"wp-block-heading\"><span class=\"ez-toc-section\" id=\"O_que_cai_na_prova_da_FELUMA\"><\/span><strong>O que cai na prova da FELUMA?<\/strong><span class=\"ez-toc-section-end\"><\/span><\/h3>\n\n\n\n<p>A prova consiste em <strong>75 quest\u00f5es de m\u00faltipla escolha (AD) <\/strong>com conte\u00fado baseado nas cinco grandes \u00e1reas m\u00e9dicas:<\/p>\n\n\n\n<ul class=\"wp-block-list\">\n<li>Cl\u00ednica M\u00e9dica;<\/li>\n\n\n\n<li>Cirurgia Geral;<\/li>\n\n\n\n<li>Pediatria;<\/li>\n\n\n\n<li>Sa\u00fade Coletivo;<\/li>\n\n\n\n<li>Ginecologia e Obstetr\u00edcia.<\/li>\n<\/ul>\n\n\n\n<h3 class=\"wp-block-heading\"><span class=\"ez-toc-section\" id=\"Analise_Curricular\"><\/span><strong>An\u00e1lise Curricular<\/strong><span class=\"ez-toc-section-end\"><\/span><\/h3>\n\n\n\n<p>Por fim, para participar da an\u00e1lise curricular, os curr\u00edculos devem ser enviados no momento da inscri\u00e7\u00e3o, estando de acordo com as normas previamente citadas no edital.&nbsp;<\/p>\n\n\n\n<h2 class=\"wp-block-heading\"><span class=\"ez-toc-section\" id=\"Vagas_FELUMA_20252026\"><\/span><strong>Vagas FELUMA 2025\/2026<\/strong><span class=\"ez-toc-section-end\"><\/span><\/h2>\n\n\n\n<p>Ao todo, foram ofertadas <strong>60 vagas<\/strong> para ingresso em <strong>mar\u00e7o de 2026<\/strong>. Sendo assim, confira:<\/p>\n\n\n\n<h3 class=\"wp-block-heading\"><span class=\"ez-toc-section\" id=\"Acesso_Direto\"><\/span><strong>Acesso Direto<\/strong><span class=\"ez-toc-section-end\"><\/span><\/h3>\n\n\n\n<figure class=\"wp-block-table\"><table class=\"has-fixed-layout\"><tbody><tr><td><strong>Especialidades<\/strong><\/td><td><strong>Vagas<\/strong><\/td><td><strong>Hospital<\/strong><\/td><\/tr><tr><td><strong>Anestesiologia<\/strong><\/td><td><strong>5<\/strong><\/td><td><strong>Hospital Universit\u00e1rio Ci\u00eancias M\u00e9dicas<\/strong><\/td><\/tr><tr><td><strong>Cirurgia Geral<\/strong><\/td><td><strong>4<\/strong><\/td><td><strong>Hospital Universit\u00e1rio Ci\u00eancias M\u00e9dicas<\/strong><\/td><\/tr><tr><td><strong>Cl\u00ednica M\u00e9dica<\/strong><\/td><td><strong>10<\/strong><\/td><td><strong>Hospital Universit\u00e1rio Ci\u00eancias M\u00e9dicas<\/strong><\/td><\/tr><tr><td><strong>Medicina de Fam\u00edlia e Comunidade<\/strong><\/td><td><strong>4<\/strong><\/td><td><strong>Hospital Universit\u00e1rio Ci\u00eancias M\u00e9dicas<\/strong><\/td><\/tr><tr><td><strong>Medicina Intensiva<\/strong><\/td><td><strong>3<\/strong><\/td><td><strong>Hospital Universit\u00e1rio Ci\u00eancias M\u00e9dicas<\/strong><\/td><\/tr><tr><td><strong>Neurocirurgia<\/strong><\/td><td><strong>1<\/strong><\/td><td><strong>Biocor Instituto<\/strong><\/td><\/tr><tr><td><strong>Oftalmologia<\/strong><\/td><td><strong>8<\/strong><\/td><td><strong>Hospital Universit\u00e1rio Ci\u00eancias M\u00e9dicas<\/strong><\/td><\/tr><tr><td><strong>Ortopedia e Traumatologia<\/strong><\/td><td><strong>4<\/strong><\/td><td><strong>Hospital Universit\u00e1rio Ci\u00eancias M\u00e9dicas<\/strong><\/td><\/tr><tr><td><strong>Pediatria<\/strong><\/td><td><strong>6<\/strong><\/td><td><strong>Hospital Universit\u00e1rio Ci\u00eancias M\u00e9dicas<\/strong><\/td><\/tr><tr><td><strong>Psiquiatria<\/strong><\/td><td><strong>4<\/strong><\/td><td><strong>Hospital Universit\u00e1rio Ci\u00eancias M\u00e9dicas<\/strong><\/td><\/tr><\/tbody><\/table><\/figure>\n\n\n\n<h3 class=\"wp-block-heading\"><span class=\"ez-toc-section\" id=\"Pre-Requisito\"><\/span><strong>Pr\u00e9-Requisito<\/strong><span class=\"ez-toc-section-end\"><\/span><\/h3>\n\n\n\n<figure class=\"wp-block-table\"><table class=\"has-fixed-layout\"><tbody><tr><td><strong>Especialidades<\/strong><\/td><td><strong>Vagas<\/strong><\/td><td><strong>Hospital<\/strong><\/td><\/tr><tr><td><strong>Cardiologia<\/strong><\/td><td><strong>2<\/strong><\/td><td><strong>Hospital Universit\u00e1rio Ci\u00eancias M\u00e9dicas<\/strong><\/td><\/tr><tr><td><strong>Nefrologia<\/strong><\/td><td><strong>3<\/strong><\/td><td><strong>Hospital Universit\u00e1rio Ci\u00eancias M\u00e9dicas<\/strong><\/td><\/tr><tr><td><strong>Pneumologia<\/strong><\/td><td><strong>1<\/strong><\/td><td><strong>Hospital Universit\u00e1rio Ci\u00eancias M\u00e9dicas<\/strong><\/td><\/tr><tr><td><strong>Endoscopia<\/strong><\/td><td><strong>1<\/strong><\/td><td><strong>Hospital Universit\u00e1rio Ci\u00eancias M\u00e9dicas<\/strong><\/td><\/tr><tr><td><strong>Cirurgia Pl\u00e1stica<\/strong><\/td><td><strong>1<\/strong><\/td><td><strong>Hospital Universit\u00e1rio Ci\u00eancias M\u00e9dicas<\/strong><\/td><\/tr><tr><td><strong>Cirurgia Vascular<\/strong><\/td><td><strong>2<\/strong><\/td><td><strong>Hospital Universit\u00e1rio Ci\u00eancias M\u00e9dicas<\/strong><\/td><\/tr><tr><td><strong>Urologia<\/strong><\/td><td><strong>1<\/strong><\/td><td><strong>Hospital Universit\u00e1rio Ci\u00eancias M\u00e9dicas<\/strong><\/td><\/tr><\/tbody><\/table><\/figure>\n\n\n\n<p>Para saber mais informa\u00e7\u00f5es sobre an\u00e1lise curricular e ver os crit\u00e9rios que cada institui\u00e7\u00e3o pontua, veja o nosso post exclusivo sobre <a href=\"https:\/\/www.grupomedcof.com.br\/blog\/atividades-essenciais-para-uma-boa-analise-curricular\/\"><strong>An\u00e1lise Curricular: Atividades essenciais que n\u00e3o podem faltar<\/strong><\/a>.<\/p>\n\n\n\n<h2 class=\"wp-block-heading\"><span class=\"ez-toc-section\" id=\"Cronograma_Feluma_20252026\"><\/span><strong>Cronograma Feluma 2025\/2026<\/strong><span class=\"ez-toc-section-end\"><\/span><\/h2>\n\n\n\n<figure class=\"wp-block-table\"><table class=\"has-fixed-layout\"><tbody><tr><td><strong>Vagas ofertadas<\/strong><\/td><td>49 (AD) + 11 (R+)<\/td><\/tr><tr><td><strong>Taxa de Inscri\u00e7\u00e3o<\/strong><\/td><td>R$620,00<\/td><\/tr><tr><td><strong>Per\u00edodo de Inscri\u00e7\u00f5es + Envio do Curr\u00edculo<\/strong><\/td><td>08\/08 a 11\/09\/2025<\/td><\/tr><tr><td><strong>Publica\u00e7\u00e3o edital de matr\u00edcula<\/strong><\/td><td>A partir de 08\/08<\/td><\/tr><tr><td><strong>Prova Objetiva<\/strong><\/td><td>05\/10\/2025<\/td><\/tr><tr><td><strong>Gabarito Preliminar<\/strong><\/td><td>06\/10\/2025<\/td><\/tr><tr><td><strong>Recursos da Prova<\/strong><\/td><td>08\/10\/2025<\/td><\/tr><tr><td><strong>Resultado Definitivo<\/strong><\/td><td>31\/10\/2025<\/td><\/tr><tr><td><strong>Resultado preliminar da segunda etapa<\/strong><\/td><td>27\/11\/2025<\/td><\/tr><tr><td><strong>Recursos contra a segunda etapa<\/strong><\/td><td>28\/11\/2025<\/td><\/tr><\/tbody><\/table><\/figure>\n\n\n\n<h2 class=\"wp-block-heading\"><span class=\"ez-toc-section\" id=\"Definicao_da_nota_FELUMA_2026\"><\/span><strong>Defini\u00e7\u00e3o da nota FELUMA 2026<\/strong><span class=\"ez-toc-section-end\"><\/span><\/h2>\n\n\n\n<p>Desse modo, a nota final da FELUMA 2026 tem como base na <strong>soma <\/strong>do resultado da <strong>prova <\/strong>e da <strong>an\u00e1lise curricular<\/strong>.<\/p>\n\n\n\n<p>Entretanto, elas possuem pesos diferentes, enquanto a <strong>prova objetiva <\/strong>comp\u00f5e <strong>90%<\/strong> da nota final, a <strong>an\u00e1lise curricular <\/strong>corresponde aos <strong>10%<\/strong> restantes.<\/p>\n\n\n\n<h3 class=\"wp-block-heading\"><span class=\"ez-toc-section\" id=\"Criterios_de_desempate\"><\/span><strong>Crit\u00e9rios de desempate<\/strong><span class=\"ez-toc-section-end\"><\/span><\/h3>\n\n\n\n<p>Por outro lado, em caso de empate, os crit\u00e9rios utilizados para o desempate foram, em ordem:<\/p>\n\n\n\n<ul class=\"wp-block-list\">\n<li>Maior pontua\u00e7\u00e3o na prova objetiva;<\/li>\n\n\n\n<li>Maior idade.<\/li>\n<\/ul>\n\n\n\n<h2 class=\"wp-block-heading\" id=\"h-gabarito-preliminar\"><span class=\"ez-toc-section\" id=\"Gabarito_Preliminar\"><\/span><strong>Gabarito Preliminar<\/strong><span class=\"ez-toc-section-end\"><\/span><\/h2>\n\n\n\n<p>Os candidatos que participaram da prova da FELUMA 2025\/26 j\u00e1 podem consultar o <a href=\"https:\/\/residencia.cmmg.edu.br\/\">gabarito oficial divulgado pela institui\u00e7\u00e3o<\/a>.<\/p>\n\n\n\n<p>Confira abaixo o <strong>gabarito completo da avalia\u00e7\u00e3o<\/strong>:<\/p>\n\n\n\n<figure class=\"wp-block-table\"><table class=\"has-fixed-layout\"><tbody><tr><td><strong>CIRURGIA GERAL<\/strong><\/td><td><strong>CL\u00cdNICA M\u00c9DICA<\/strong><\/td><td><strong>GINECOLOGIA E OBSTETR\u00cdCIA<\/strong> <\/td><td><strong>PEDIATRIA<\/strong><\/td><td><strong>MEDICINA<br>PREVENTIVA E<br>SOCIAL<\/strong><\/td><\/tr><tr><td>1. B<\/td><td>16. B<\/td><td>31. D <\/td><td>46. D<\/td><td>61. A <\/td><\/tr><tr><td>2. A<\/td><td>17. D<\/td><td>32. C <\/td><td>47. A<\/td><td>62. C <\/td><\/tr><tr><td>3. B<\/td><td>18. C<\/td><td>33. A<\/td><td>48. B<\/td><td>63. D<\/td><\/tr><tr><td>4. C<\/td><td>19. C <\/td><td>34. C<\/td><td>49. D <\/td><td>64. A<\/td><\/tr><tr><td>5. D<\/td><td>20. B<\/td><td>35. C<\/td><td>50. C <\/td><td>65. D<\/td><\/tr><tr><td>6. A<\/td><td>21. A<\/td><td>36. B<\/td><td>51. A <\/td><td>66. B<\/td><\/tr><tr><td>7. C<\/td><td>22. B<\/td><td>37. D<\/td><td>52. C <\/td><td>67. D<\/td><\/tr><tr><td>8. B<\/td><td>23. C <\/td><td>38. A<\/td><td>53. A<\/td><td>68. B<\/td><\/tr><tr><td>9. C<\/td><td>24. B<\/td><td>39. B <\/td><td>54. D<\/td><td>69. D<\/td><\/tr><tr><td>10. D<\/td><td>25. D <\/td><td>40. C<\/td><td>55. B <\/td><td>70. D<\/td><\/tr><tr><td>11. C <\/td><td>26. A<\/td><td>41. D<\/td><td>56. C<\/td><td>71. D<\/td><\/tr><tr><td>12. B<\/td><td>27. D<\/td><td>42. A<\/td><td>57. D<\/td><td>72. B<\/td><\/tr><tr><td>13. D<\/td><td>28. A <\/td><td>43. A<\/td><td>58. B<\/td><td>73. A<\/td><\/tr><tr><td>14. C<\/td><td>29. C <\/td><td>44. B<\/td><td>59. C<\/td><td>74. C<\/td><\/tr><tr><td>15. A<\/td><td>30. A<\/td><td>45. D<\/td><td>60. D <\/td><td>75. A<\/td><\/tr><\/tbody><\/table><\/figure>\n\n\n\n<p>Confira o gabarito completo da FELUMA 2025\/26 e assista \u00e0 <strong>live da Medcof, com resolu\u00e7\u00f5es comentadas, explica\u00e7\u00f5es de especialistas e dicas para evitar pegadinhas<\/strong>, ajudando voc\u00ea a entender seu desempenho e se preparar com seguran\u00e7a.<\/p>\n\n\n\n<figure class=\"wp-block-embed is-type-video is-provider-youtube wp-block-embed-youtube wp-embed-aspect-16-9 wp-has-aspect-ratio\"><div class=\"wp-block-embed__wrapper\">\n<div class=\"youtube-embed\" data-video_id=\"24c9k4UqBFA\"><iframe loading=\"lazy\" title=\"Corre\u00e7\u00e3o Acesso Direto R1| FELUMA  - Gabarito Prova de Resid\u00eancia M\u00e9dica Acesso Direto FELUMA\" width=\"696\" height=\"392\" src=\"https:\/\/www.youtube.com\/embed\/24c9k4UqBFA?feature=oembed&#038;enablejsapi=1\" frameborder=\"0\" allow=\"accelerometer; autoplay; clipboard-write; encrypted-media; gyroscope; picture-in-picture; web-share\" referrerpolicy=\"strict-origin-when-cross-origin\" allowfullscreen><\/iframe><\/div>\n<\/div><\/figure>\n\n\n\n<h2 class=\"wp-block-heading\" id=\"h-resultado-definitivo-da-prova-objetiva-1\u00aa-etapa\"><span class=\"ez-toc-section\" id=\"Resultado_Definitivo_da_Prova_Objetiva_1a_etapa\"><\/span><strong>Resultado Definitivo da Prova Objetiva (1\u00aa etapa)<\/strong><span class=\"ez-toc-section-end\"><\/span><\/h2>\n\n\n\n<p>No in\u00edcio de novembro, a institui\u00e7\u00e3o divulgou a lista definitiva dos classificados na primeira etapa.<\/p>\n\n\n\n<div class=\"wp-block-buttons is-layout-flex wp-block-buttons-is-layout-flex\">\n<div class=\"wp-block-button\"><a class=\"wp-block-button__link wp-element-button\" href=\"https:\/\/www.grupomedcof.com.br\/blog\/wp-content\/uploads\/2025\/11\/Resultado_FELUMA_MEDCOF_compressed_compressed.pdf\" target=\"_blank\" rel=\"noreferrer noopener\">Resultado Prova Objetiva<\/a><\/div>\n<\/div>\n\n\n\n<h2 class=\"wp-block-heading\" id=\"h-resultado-final-da-selecao\"><span class=\"ez-toc-section\" id=\"Resultado_Final_da_Selecao\"><\/span><strong>Resultado Final da Sele\u00e7\u00e3o<\/strong><span class=\"ez-toc-section-end\"><\/span><\/h2>\n\n\n\n<p>O <strong>resultado final <\/strong>do processo seletivo da Feluma foi divulgado no dia <strong>12 de dezembro de 2025<\/strong>.<\/p>\n\n\n\n<div class=\"wp-block-buttons is-layout-flex wp-block-buttons-is-layout-flex\">\n<div class=\"wp-block-button\"><a class=\"wp-block-button__link wp-element-button\" href=\"https:\/\/www.grupomedcof.com.br\/blog\/wp-content\/uploads\/2025\/11\/Resultado-final-FELUMA-2026.pdf\" target=\"_blank\" rel=\"noreferrer noopener\">Resultado Final FELUMA 2026<\/a><\/div>\n<\/div>\n\n\n\n<p>O pr\u00f3ximo passo foi a realiza\u00e7\u00e3o da matr\u00edcula que esteve dispon\u00edvel a partir de janeiro de 2026. Ademais, foi poss\u00edvel verificar o edital de matr\u00edcula atrav\u00e9s do <a href=\"https:\/\/www.felumaconcursos.org.br\/edital\/residencia-medica-2026-edital-028-2025\/\" target=\"_blank\" rel=\"noreferrer noopener\">site oficial da sele\u00e7\u00e3o. <\/a><\/p>\n\n\n\n<h2 class=\"wp-block-heading\" id=\"h-nota-de-corte-feluma-residencia-medica-2026\"><span class=\"ez-toc-section\" id=\"Nota_de_Corte_FELUMA_Residencia_Medica_2026\"><\/span><strong>Nota de Corte FELUMA Resid\u00eancia M\u00e9dica 2026<\/strong><span class=\"ez-toc-section-end\"><\/span><\/h2>\n\n\n\n<h3 class=\"wp-block-heading\" id=\"h-hospital-universitario-de-ciencias-medicas-mg\"><span class=\"ez-toc-section\" id=\"Hospital_Universitario_de_Ciencias_Medicas_%E2%80%93_MG\"><\/span><strong>Hospital Universit\u00e1rio de Ci\u00eancias M\u00e9dicas &#8211; MG<\/strong><span class=\"ez-toc-section-end\"><\/span><\/h3>\n\n\n\n<figure class=\"wp-block-table\"><table><thead><tr><th>Especialidade<\/th><th>Notas de Corte 2024\/2025<\/th><th>Notas de corte 2025\/2026<\/th><\/tr><\/thead><tbody><tr><td>Anestesiologia<\/td><td>85.30<\/td><td>78<\/td><\/tr><tr><td>Cardiologia<\/td><td>74.20<\/td><td>75,60<\/td><\/tr><tr><td>Cirurgia Geral<\/td><td>84.00<\/td><td>79,20<\/td><\/tr><tr><td>Cirurgia Pl\u00e1stica<\/td><td>75.40<\/td><td>82,80<\/td><\/tr><tr><td>Cirurgia Vascular<\/td><td>67.90<\/td><td>68,40<\/td><\/tr><tr><td>Cl\u00ednica M\u00e9dica<\/td><td>81.80<\/td><td>76,80<\/td><\/tr><tr><td>Endoscopia<\/td><td>&#8211;<\/td><td>75,60<\/td><\/tr><tr><td>Medicina da Fam\u00edlia e Comunidade<\/td><td>74.10<\/td><td>75,60<\/td><\/tr><tr><td>Medicina Intensiva<\/td><td>76.00<\/td><td>73,20<\/td><\/tr><tr><td>Nefrologia<\/td><td>71.10<\/td><td>70,20<\/td><\/tr><tr><td>Oftalmologia<\/td><td>84.00<\/td><td>80,40<\/td><\/tr><tr><td>Ortopedia e Traumatologia<\/td><td>80.70<\/td><td>75,60<\/td><\/tr><tr><td>Pediatria<\/td><td>81.10<\/td><td>75,60<\/td><\/tr><tr><td>Pneumologia<\/td><td>72.70<\/td><td>79,20<\/td><\/tr><tr><td>Psiquiatria<\/td><td>&#8211;<\/td><td>76,80<\/td><\/tr><tr><td>Urologia<\/td><td>76.60<\/td><td>77,40<\/td><\/tr><\/tbody><\/table><\/figure>\n\n\n\n<h3 class=\"wp-block-heading\" id=\"h-biocor-instituto\"><span class=\"ez-toc-section\" id=\"Biocor_Instituto\"><\/span><strong>Biocor Instituto<\/strong><span class=\"ez-toc-section-end\"><\/span><\/h3>\n\n\n\n<figure class=\"wp-block-table\"><table class=\"has-fixed-layout\"><tbody><tr><td><strong>Especialidade<\/strong><\/td><td><strong>Nota de corte 2025\/2026<\/strong><\/td><\/tr><tr><td>Neurocirurgia<\/td><td>80,40<\/td><\/tr><\/tbody><\/table><\/figure>\n\n\n\n<h2 class=\"wp-block-heading\"><span class=\"ez-toc-section\" id=\"Prepare-se_para_a_FELUMA_2026\"><\/span><strong>Prepare-se para a FELUMA 2026<\/strong><span class=\"ez-toc-section-end\"><\/span><\/h2>\n\n\n\n<p>Por fim, se voc\u00ea quer mandar bem a pr\u00f3xima prova da FELUMA, a <a href=\"https:\/\/www.grupomedcof.com.br\/home\/?page=cursos\"><strong>Medcof<\/strong><\/a><strong> <\/strong>te ajudar\u00e1 com isso! Com o nosso cat\u00e1logo repleto de cursos, te guiaremos na jornada \u00e0 Resid\u00eancia M\u00e9dica dos sonhos! Confira os nossos cursos e <a href=\"https:\/\/www.grupomedcof.com.br\/blog\/presenca-da-medcof-nas-aprovacoes-em-residencia-medica-no-brasil\/\"><strong>seja mais um aprovado<\/strong><\/a> nas melhores institui\u00e7\u00f5es do pa\u00eds!<\/p>\n\n\n\n<figure class=\"wp-block-embed is-type-video is-provider-youtube wp-block-embed-youtube wp-embed-aspect-16-9 wp-has-aspect-ratio\"><div class=\"wp-block-embed__wrapper\">\n<iframe loading=\"lazy\" title=\"Como funciona o fluxo de estudo da MedCof?\" width=\"696\" height=\"392\" src=\"https:\/\/www.youtube.com\/embed\/DH0YqpA2LBc?feature=oembed\" frameborder=\"0\" allow=\"accelerometer; autoplay; clipboard-write; encrypted-media; gyroscope; picture-in-picture; web-share\" referrerpolicy=\"strict-origin-when-cross-origin\" allowfullscreen><\/iframe>\n<\/div><\/figure>\n","protected":false},"excerpt":{"rendered":"<p>Acesse todas as informa\u00e7\u00f5es sobre a resid\u00eancia m\u00e9dica da FELUMA e detalhes da sele\u00e7\u00e3o de 2025. Confira o edital, vagas, notas de corte e muito mais!<\/p>\n","protected":false},"author":20,"featured_media":27816,"comment_status":"open","ping_status":"open","sticky":false,"template":"","format":"standard","meta":{"footnotes":""},"categories":[10],"tags":[3365,2403,3364,3366],"ppma_author":[3616],"class_list":{"0":"post-27815","1":"post","2":"type-post","3":"status-publish","4":"format-standard","5":"has-post-thumbnail","7":"category-raio-x-editais","8":"tag-edital-feluma","9":"tag-resultado-final-feluma","10":"tag-resultado-prova-feluma","11":"tag-vagas-feluma"},"yoast_head":"<!-- This site is optimized with the Yoast SEO Premium plugin v24.3 (Yoast SEO v27.4) - https:\/\/yoast.com\/product\/yoast-seo-premium-wordpress\/ -->\n<title>Resid\u00eancia M\u00e9dica FELUMA 2026: edital e tudo sobre a sele\u00e7\u00e3o!<\/title>\n<meta name=\"description\" content=\"Acesse todas as informa\u00e7\u00f5es sobre a resid\u00eancia m\u00e9dica da FELUMA e detalhes da sele\u00e7\u00e3o de 2026. Edital, vagas, notas de corte e muito mais!\" \/>\n<meta name=\"robots\" content=\"index, follow, max-snippet:-1, max-image-preview:large, max-video-preview:-1\" \/>\n<link rel=\"canonical\" href=\"https:\/\/www.grupomedcof.com.br\/blog\/residencia-medica-feluma\/\" \/>\n<meta property=\"og:locale\" content=\"pt_BR\" \/>\n<meta property=\"og:type\" content=\"article\" \/>\n<meta property=\"og:title\" content=\"Resid\u00eancia M\u00e9dica FELUMA 2025\/2026: edital, resultados, nota de corte e mais!\" \/>\n<meta property=\"og:description\" content=\"Acesse todas as informa\u00e7\u00f5es sobre a resid\u00eancia m\u00e9dica da FELUMA e detalhes da sele\u00e7\u00e3o de 2026. Edital, vagas, notas de corte e muito mais!\" \/>\n<meta property=\"og:url\" content=\"https:\/\/www.grupomedcof.com.br\/blog\/residencia-medica-feluma\/\" \/>\n<meta property=\"og:site_name\" content=\"Blog de Medcof: conte\u00fados, editais, revalida e mais!\" \/>\n<meta property=\"article:publisher\" content=\"https:\/\/www.facebook.com\/MedCofQbank\/\" \/>\n<meta property=\"article:published_time\" content=\"2026-04-20T12:20:12+00:00\" \/>\n<meta property=\"article:modified_time\" content=\"2026-04-20T12:20:14+00:00\" \/>\n<meta property=\"og:image\" content=\"https:\/\/www.grupomedcof.com.br\/blog\/wp-content\/uploads\/2024\/07\/Modelo-instituicoes-10-1.png\" \/>\n\t<meta property=\"og:image:width\" content=\"1920\" \/>\n\t<meta property=\"og:image:height\" content=\"1080\" \/>\n\t<meta property=\"og:image:type\" content=\"image\/png\" \/>\n<meta name=\"author\" content=\"Leila Menzel\" \/>\n<meta name=\"twitter:card\" content=\"summary_large_image\" \/>\n<meta name=\"twitter:label1\" content=\"Escrito por\" \/>\n\t<meta name=\"twitter:data1\" content=\"Leila Menzel\" \/>\n\t<meta name=\"twitter:label2\" content=\"Est. tempo de leitura\" \/>\n\t<meta name=\"twitter:data2\" content=\"6 minutos\" \/>\n<script type=\"application\/ld+json\" class=\"yoast-schema-graph\">{\"@context\":\"https:\\\/\\\/schema.org\",\"@graph\":[{\"@type\":\"Article\",\"@id\":\"https:\\\/\\\/www.grupomedcof.com.br\\\/blog\\\/residencia-medica-feluma\\\/#article\",\"isPartOf\":{\"@id\":\"https:\\\/\\\/www.grupomedcof.com.br\\\/blog\\\/residencia-medica-feluma\\\/\"},\"author\":{\"name\":\"Leila Menzel\",\"@id\":\"https:\\\/\\\/www.grupomedcof.com.br\\\/blog\\\/#\\\/schema\\\/person\\\/9a44c2184a836bf5ae6967fdb3a1451e\"},\"headline\":\"Resid\u00eancia M\u00e9dica FELUMA 2025\\\/2026: edital, resultados, nota de corte e mais!\",\"datePublished\":\"2026-04-20T12:20:12+00:00\",\"dateModified\":\"2026-04-20T12:20:14+00:00\",\"mainEntityOfPage\":{\"@id\":\"https:\\\/\\\/www.grupomedcof.com.br\\\/blog\\\/residencia-medica-feluma\\\/\"},\"wordCount\":995,\"commentCount\":0,\"publisher\":{\"@id\":\"https:\\\/\\\/www.grupomedcof.com.br\\\/blog\\\/#organization\"},\"image\":{\"@id\":\"https:\\\/\\\/www.grupomedcof.com.br\\\/blog\\\/residencia-medica-feluma\\\/#primaryimage\"},\"thumbnailUrl\":\"https:\\\/\\\/www.grupomedcof.com.br\\\/blog\\\/wp-content\\\/uploads\\\/2024\\\/07\\\/Modelo-instituicoes-10-1.png\",\"keywords\":[\"Edital Feluma\",\"Resultado final feluma\",\"Resultado Prova Feluma]\",\"Vagas Feluma\"],\"articleSection\":[\"Raio-X Editais\"],\"inLanguage\":\"pt-BR\"},{\"@type\":\"WebPage\",\"@id\":\"https:\\\/\\\/www.grupomedcof.com.br\\\/blog\\\/residencia-medica-feluma\\\/\",\"url\":\"https:\\\/\\\/www.grupomedcof.com.br\\\/blog\\\/residencia-medica-feluma\\\/\",\"name\":\"Resid\u00eancia M\u00e9dica FELUMA 2026: edital e tudo sobre a sele\u00e7\u00e3o!\",\"isPartOf\":{\"@id\":\"https:\\\/\\\/www.grupomedcof.com.br\\\/blog\\\/#website\"},\"primaryImageOfPage\":{\"@id\":\"https:\\\/\\\/www.grupomedcof.com.br\\\/blog\\\/residencia-medica-feluma\\\/#primaryimage\"},\"image\":{\"@id\":\"https:\\\/\\\/www.grupomedcof.com.br\\\/blog\\\/residencia-medica-feluma\\\/#primaryimage\"},\"thumbnailUrl\":\"https:\\\/\\\/www.grupomedcof.com.br\\\/blog\\\/wp-content\\\/uploads\\\/2024\\\/07\\\/Modelo-instituicoes-10-1.png\",\"datePublished\":\"2026-04-20T12:20:12+00:00\",\"dateModified\":\"2026-04-20T12:20:14+00:00\",\"description\":\"Acesse todas as informa\u00e7\u00f5es sobre a resid\u00eancia m\u00e9dica da FELUMA e detalhes da sele\u00e7\u00e3o de 2026. Edital, vagas, notas de corte e muito mais!\",\"breadcrumb\":{\"@id\":\"https:\\\/\\\/www.grupomedcof.com.br\\\/blog\\\/residencia-medica-feluma\\\/#breadcrumb\"},\"inLanguage\":\"pt-BR\",\"potentialAction\":[{\"@type\":\"ReadAction\",\"target\":[\"https:\\\/\\\/www.grupomedcof.com.br\\\/blog\\\/residencia-medica-feluma\\\/\"]}]},{\"@type\":\"ImageObject\",\"inLanguage\":\"pt-BR\",\"@id\":\"https:\\\/\\\/www.grupomedcof.com.br\\\/blog\\\/residencia-medica-feluma\\\/#primaryimage\",\"url\":\"https:\\\/\\\/www.grupomedcof.com.br\\\/blog\\\/wp-content\\\/uploads\\\/2024\\\/07\\\/Modelo-instituicoes-10-1.png\",\"contentUrl\":\"https:\\\/\\\/www.grupomedcof.com.br\\\/blog\\\/wp-content\\\/uploads\\\/2024\\\/07\\\/Modelo-instituicoes-10-1.png\",\"width\":1920,\"height\":1080},{\"@type\":\"BreadcrumbList\",\"@id\":\"https:\\\/\\\/www.grupomedcof.com.br\\\/blog\\\/residencia-medica-feluma\\\/#breadcrumb\",\"itemListElement\":[{\"@type\":\"ListItem\",\"position\":1,\"name\":\"In\u00edcio\",\"item\":\"https:\\\/\\\/www.grupomedcof.com.br\\\/blog\\\/\"},{\"@type\":\"ListItem\",\"position\":2,\"name\":\"Resid\u00eancia M\u00e9dica FELUMA 2025\\\/2026: edital, resultados, nota de corte e mais!\"}]},{\"@type\":\"WebSite\",\"@id\":\"https:\\\/\\\/www.grupomedcof.com.br\\\/blog\\\/#website\",\"url\":\"https:\\\/\\\/www.grupomedcof.com.br\\\/blog\\\/\",\"name\":\"Blog de Medcof: conte\u00fados, editais, revalida e mais!\",\"description\":\"Acesso o blog de MedCof! Seu portal de conte\u00fados sobre resid\u00eancia m\u00e9dica, an\u00e1lise e editais e muito mais. Clique e confira!\",\"publisher\":{\"@id\":\"https:\\\/\\\/www.grupomedcof.com.br\\\/blog\\\/#organization\"},\"alternateName\":\"Blog de Medcof: conte\u00fados, editais, revalida e mais!\",\"potentialAction\":[{\"@type\":\"SearchAction\",\"target\":{\"@type\":\"EntryPoint\",\"urlTemplate\":\"https:\\\/\\\/www.grupomedcof.com.br\\\/blog\\\/?s={search_term_string}\"},\"query-input\":{\"@type\":\"PropertyValueSpecification\",\"valueRequired\":true,\"valueName\":\"search_term_string\"}}],\"inLanguage\":\"pt-BR\"},{\"@type\":\"Organization\",\"@id\":\"https:\\\/\\\/www.grupomedcof.com.br\\\/blog\\\/#organization\",\"name\":\"Grupo MedCof\",\"url\":\"https:\\\/\\\/www.grupomedcof.com.br\\\/blog\\\/\",\"logo\":{\"@type\":\"ImageObject\",\"inLanguage\":\"pt-BR\",\"@id\":\"https:\\\/\\\/www.grupomedcof.com.br\\\/blog\\\/#\\\/schema\\\/logo\\\/image\\\/\",\"url\":\"https:\\\/\\\/www.grupomedcof.com.br\\\/blog\\\/wp-content\\\/uploads\\\/2022\\\/01\\\/logo-medcof.png\",\"contentUrl\":\"https:\\\/\\\/www.grupomedcof.com.br\\\/blog\\\/wp-content\\\/uploads\\\/2022\\\/01\\\/logo-medcof.png\",\"width\":768,\"height\":269,\"caption\":\"Grupo MedCof\"},\"image\":{\"@id\":\"https:\\\/\\\/www.grupomedcof.com.br\\\/blog\\\/#\\\/schema\\\/logo\\\/image\\\/\"},\"sameAs\":[\"https:\\\/\\\/www.facebook.com\\\/MedCofQbank\\\/\",\"https:\\\/\\\/www.instagram.com\\\/grupomedcof\\\/\",\"https:\\\/\\\/br.linkedin.com\\\/company\\\/medcof\",\"https:\\\/\\\/www.youtube.com\\\/channel\\\/UCdHMuOHKICxcHwecxN8P-AA\"]},{\"@type\":\"Person\",\"@id\":\"https:\\\/\\\/www.grupomedcof.com.br\\\/blog\\\/#\\\/schema\\\/person\\\/9a44c2184a836bf5ae6967fdb3a1451e\",\"name\":\"Leila Menzel\",\"image\":{\"@type\":\"ImageObject\",\"inLanguage\":\"pt-BR\",\"@id\":\"https:\\\/\\\/www.grupomedcof.com.br\\\/blog\\\/wp-content\\\/uploads\\\/2025\\\/09\\\/cropped-eu-96x96.jpeg19a74936d997c0a8b3031618467fa1d0\",\"url\":\"https:\\\/\\\/www.grupomedcof.com.br\\\/blog\\\/wp-content\\\/uploads\\\/2025\\\/09\\\/cropped-eu-96x96.jpeg\",\"contentUrl\":\"https:\\\/\\\/www.grupomedcof.com.br\\\/blog\\\/wp-content\\\/uploads\\\/2025\\\/09\\\/cropped-eu-96x96.jpeg\",\"caption\":\"Leila Menzel\"},\"description\":\"Estudante do 6\u00b0 semestre de jornalismo, amo e escrevo poesias e viajo em livros de romances clich\u00eas.\",\"url\":\"https:\\\/\\\/www.grupomedcof.com.br\\\/blog\\\/author\\\/leila-menzel\\\/\"}]}<\/script>\n<!-- \/ Yoast SEO Premium plugin. -->","yoast_head_json":{"title":"Resid\u00eancia M\u00e9dica FELUMA 2026: edital e tudo sobre a sele\u00e7\u00e3o!","description":"Acesse todas as informa\u00e7\u00f5es sobre a resid\u00eancia m\u00e9dica da FELUMA e detalhes da sele\u00e7\u00e3o de 2026. Edital, vagas, notas de corte e muito mais!","robots":{"index":"index","follow":"follow","max-snippet":"max-snippet:-1","max-image-preview":"max-image-preview:large","max-video-preview":"max-video-preview:-1"},"canonical":"https:\/\/www.grupomedcof.com.br\/blog\/residencia-medica-feluma\/","og_locale":"pt_BR","og_type":"article","og_title":"Resid\u00eancia M\u00e9dica FELUMA 2025\/2026: edital, resultados, nota de corte e mais!","og_description":"Acesse todas as informa\u00e7\u00f5es sobre a resid\u00eancia m\u00e9dica da FELUMA e detalhes da sele\u00e7\u00e3o de 2026. Edital, vagas, notas de corte e muito mais!","og_url":"https:\/\/www.grupomedcof.com.br\/blog\/residencia-medica-feluma\/","og_site_name":"Blog de Medcof: conte\u00fados, editais, revalida e mais!","article_publisher":"https:\/\/www.facebook.com\/MedCofQbank\/","article_published_time":"2026-04-20T12:20:12+00:00","article_modified_time":"2026-04-20T12:20:14+00:00","og_image":[{"width":1920,"height":1080,"url":"https:\/\/www.grupomedcof.com.br\/blog\/wp-content\/uploads\/2024\/07\/Modelo-instituicoes-10-1.png","type":"image\/png"}],"author":"Leila Menzel","twitter_card":"summary_large_image","twitter_misc":{"Escrito por":"Leila Menzel","Est. tempo de leitura":"6 minutos"},"schema":{"@context":"https:\/\/schema.org","@graph":[{"@type":"Article","@id":"https:\/\/www.grupomedcof.com.br\/blog\/residencia-medica-feluma\/#article","isPartOf":{"@id":"https:\/\/www.grupomedcof.com.br\/blog\/residencia-medica-feluma\/"},"author":{"name":"Leila Menzel","@id":"https:\/\/www.grupomedcof.com.br\/blog\/#\/schema\/person\/9a44c2184a836bf5ae6967fdb3a1451e"},"headline":"Resid\u00eancia M\u00e9dica FELUMA 2025\/2026: edital, resultados, nota de corte e mais!","datePublished":"2026-04-20T12:20:12+00:00","dateModified":"2026-04-20T12:20:14+00:00","mainEntityOfPage":{"@id":"https:\/\/www.grupomedcof.com.br\/blog\/residencia-medica-feluma\/"},"wordCount":995,"commentCount":0,"publisher":{"@id":"https:\/\/www.grupomedcof.com.br\/blog\/#organization"},"image":{"@id":"https:\/\/www.grupomedcof.com.br\/blog\/residencia-medica-feluma\/#primaryimage"},"thumbnailUrl":"https:\/\/www.grupomedcof.com.br\/blog\/wp-content\/uploads\/2024\/07\/Modelo-instituicoes-10-1.png","keywords":["Edital Feluma","Resultado final feluma","Resultado Prova Feluma]","Vagas Feluma"],"articleSection":["Raio-X Editais"],"inLanguage":"pt-BR"},{"@type":"WebPage","@id":"https:\/\/www.grupomedcof.com.br\/blog\/residencia-medica-feluma\/","url":"https:\/\/www.grupomedcof.com.br\/blog\/residencia-medica-feluma\/","name":"Resid\u00eancia M\u00e9dica FELUMA 2026: edital e tudo sobre a sele\u00e7\u00e3o!","isPartOf":{"@id":"https:\/\/www.grupomedcof.com.br\/blog\/#website"},"primaryImageOfPage":{"@id":"https:\/\/www.grupomedcof.com.br\/blog\/residencia-medica-feluma\/#primaryimage"},"image":{"@id":"https:\/\/www.grupomedcof.com.br\/blog\/residencia-medica-feluma\/#primaryimage"},"thumbnailUrl":"https:\/\/www.grupomedcof.com.br\/blog\/wp-content\/uploads\/2024\/07\/Modelo-instituicoes-10-1.png","datePublished":"2026-04-20T12:20:12+00:00","dateModified":"2026-04-20T12:20:14+00:00","description":"Acesse todas as informa\u00e7\u00f5es sobre a resid\u00eancia m\u00e9dica da FELUMA e detalhes da sele\u00e7\u00e3o de 2026. Edital, vagas, notas de corte e muito mais!","breadcrumb":{"@id":"https:\/\/www.grupomedcof.com.br\/blog\/residencia-medica-feluma\/#breadcrumb"},"inLanguage":"pt-BR","potentialAction":[{"@type":"ReadAction","target":["https:\/\/www.grupomedcof.com.br\/blog\/residencia-medica-feluma\/"]}]},{"@type":"ImageObject","inLanguage":"pt-BR","@id":"https:\/\/www.grupomedcof.com.br\/blog\/residencia-medica-feluma\/#primaryimage","url":"https:\/\/www.grupomedcof.com.br\/blog\/wp-content\/uploads\/2024\/07\/Modelo-instituicoes-10-1.png","contentUrl":"https:\/\/www.grupomedcof.com.br\/blog\/wp-content\/uploads\/2024\/07\/Modelo-instituicoes-10-1.png","width":1920,"height":1080},{"@type":"BreadcrumbList","@id":"https:\/\/www.grupomedcof.com.br\/blog\/residencia-medica-feluma\/#breadcrumb","itemListElement":[{"@type":"ListItem","position":1,"name":"In\u00edcio","item":"https:\/\/www.grupomedcof.com.br\/blog\/"},{"@type":"ListItem","position":2,"name":"Resid\u00eancia M\u00e9dica FELUMA 2025\/2026: edital, resultados, nota de corte e mais!"}]},{"@type":"WebSite","@id":"https:\/\/www.grupomedcof.com.br\/blog\/#website","url":"https:\/\/www.grupomedcof.com.br\/blog\/","name":"Blog de Medcof: conte\u00fados, editais, revalida e mais!","description":"Acesso o blog de MedCof! Seu portal de conte\u00fados sobre resid\u00eancia m\u00e9dica, an\u00e1lise e editais e muito mais. Clique e confira!","publisher":{"@id":"https:\/\/www.grupomedcof.com.br\/blog\/#organization"},"alternateName":"Blog de Medcof: conte\u00fados, editais, revalida e mais!","potentialAction":[{"@type":"SearchAction","target":{"@type":"EntryPoint","urlTemplate":"https:\/\/www.grupomedcof.com.br\/blog\/?s={search_term_string}"},"query-input":{"@type":"PropertyValueSpecification","valueRequired":true,"valueName":"search_term_string"}}],"inLanguage":"pt-BR"},{"@type":"Organization","@id":"https:\/\/www.grupomedcof.com.br\/blog\/#organization","name":"Grupo MedCof","url":"https:\/\/www.grupomedcof.com.br\/blog\/","logo":{"@type":"ImageObject","inLanguage":"pt-BR","@id":"https:\/\/www.grupomedcof.com.br\/blog\/#\/schema\/logo\/image\/","url":"https:\/\/www.grupomedcof.com.br\/blog\/wp-content\/uploads\/2022\/01\/logo-medcof.png","contentUrl":"https:\/\/www.grupomedcof.com.br\/blog\/wp-content\/uploads\/2022\/01\/logo-medcof.png","width":768,"height":269,"caption":"Grupo MedCof"},"image":{"@id":"https:\/\/www.grupomedcof.com.br\/blog\/#\/schema\/logo\/image\/"},"sameAs":["https:\/\/www.facebook.com\/MedCofQbank\/","https:\/\/www.instagram.com\/grupomedcof\/","https:\/\/br.linkedin.com\/company\/medcof","https:\/\/www.youtube.com\/channel\/UCdHMuOHKICxcHwecxN8P-AA"]},{"@type":"Person","@id":"https:\/\/www.grupomedcof.com.br\/blog\/#\/schema\/person\/9a44c2184a836bf5ae6967fdb3a1451e","name":"Leila Menzel","image":{"@type":"ImageObject","inLanguage":"pt-BR","@id":"https:\/\/www.grupomedcof.com.br\/blog\/wp-content\/uploads\/2025\/09\/cropped-eu-96x96.jpeg19a74936d997c0a8b3031618467fa1d0","url":"https:\/\/www.grupomedcof.com.br\/blog\/wp-content\/uploads\/2025\/09\/cropped-eu-96x96.jpeg","contentUrl":"https:\/\/www.grupomedcof.com.br\/blog\/wp-content\/uploads\/2025\/09\/cropped-eu-96x96.jpeg","caption":"Leila Menzel"},"description":"Estudante do 6\u00b0 semestre de jornalismo, amo e escrevo poesias e viajo em livros de romances clich\u00eas.","url":"https:\/\/www.grupomedcof.com.br\/blog\/author\/leila-menzel\/"}]}},"authors":[{"term_id":3616,"user_id":20,"is_guest":0,"slug":"leila-menzel","display_name":"Leila Menzel","avatar_url":"https:\/\/www.grupomedcof.com.br\/blog\/wp-content\/uploads\/2025\/09\/cropped-eu-96x96.jpeg","0":null,"1":"","2":"","3":"","4":"","5":"","6":"","7":"","8":""}],"_links":{"self":[{"href":"https:\/\/www.grupomedcof.com.br\/blog\/wp-json\/wp\/v2\/posts\/27815","targetHints":{"allow":["GET"]}}],"collection":[{"href":"https:\/\/www.grupomedcof.com.br\/blog\/wp-json\/wp\/v2\/posts"}],"about":[{"href":"https:\/\/www.grupomedcof.com.br\/blog\/wp-json\/wp\/v2\/types\/post"}],"author":[{"embeddable":true,"href":"https:\/\/www.grupomedcof.com.br\/blog\/wp-json\/wp\/v2\/users\/20"}],"replies":[{"embeddable":true,"href":"https:\/\/www.grupomedcof.com.br\/blog\/wp-json\/wp\/v2\/comments?post=27815"}],"version-history":[{"count":7,"href":"https:\/\/www.grupomedcof.com.br\/blog\/wp-json\/wp\/v2\/posts\/27815\/revisions"}],"predecessor-version":[{"id":43214,"href":"https:\/\/www.grupomedcof.com.br\/blog\/wp-json\/wp\/v2\/posts\/27815\/revisions\/43214"}],"wp:featuredmedia":[{"embeddable":true,"href":"https:\/\/www.grupomedcof.com.br\/blog\/wp-json\/wp\/v2\/media\/27816"}],"wp:attachment":[{"href":"https:\/\/www.grupomedcof.com.br\/blog\/wp-json\/wp\/v2\/media?parent=27815"}],"wp:term":[{"taxonomy":"category","embeddable":true,"href":"https:\/\/www.grupomedcof.com.br\/blog\/wp-json\/wp\/v2\/categories?post=27815"},{"taxonomy":"post_tag","embeddable":true,"href":"https:\/\/www.grupomedcof.com.br\/blog\/wp-json\/wp\/v2\/tags?post=27815"},{"taxonomy":"author","embeddable":true,"href":"https:\/\/www.grupomedcof.com.br\/blog\/wp-json\/wp\/v2\/ppma_author?post=27815"}],"curies":[{"name":"wp","href":"https:\/\/api.w.org\/{rel}","templated":true}]}}