{"id":27826,"date":"2024-07-17T14:31:18","date_gmt":"2024-07-17T17:31:18","guid":{"rendered":"https:\/\/www.grupomedcof.com.br\/blog\/?p=27826"},"modified":"2024-07-24T09:59:02","modified_gmt":"2024-07-24T12:59:02","slug":"processo-saude-doenca","status":"publish","type":"post","link":"https:\/\/www.grupomedcof.com.br\/blog\/processo-saude-doenca\/","title":{"rendered":"Processo Sa\u00fade-Doen\u00e7a"},"content":{"rendered":"<div id=\"ez-toc-container\" class=\"ez-toc-v2_0_74 counter-hierarchy ez-toc-counter ez-toc-transparent ez-toc-container-direction\">\n<div class=\"ez-toc-title-container\">\n<p class=\"ez-toc-title\" style=\"cursor:inherit\">Sum\u00e1rio<\/p>\n<span class=\"ez-toc-title-toggle\"><a href=\"#\" class=\"ez-toc-pull-right ez-toc-btn ez-toc-btn-xs ez-toc-btn-default ez-toc-toggle\" aria-label=\"Alternar tabela de conte\u00fado\"><span class=\"ez-toc-js-icon-con\"><span class=\"\"><span class=\"eztoc-hide\" style=\"display:none;\">Toggle<\/span><span class=\"ez-toc-icon-toggle-span\"><svg style=\"fill: #999;color:#999\" xmlns=\"http:\/\/www.w3.org\/2000\/svg\" class=\"list-377408\" width=\"20px\" height=\"20px\" viewBox=\"0 0 24 24\" fill=\"none\"><path d=\"M6 6H4v2h2V6zm14 0H8v2h12V6zM4 11h2v2H4v-2zm16 0H8v2h12v-2zM4 16h2v2H4v-2zm16 0H8v2h12v-2z\" fill=\"currentColor\"><\/path><\/svg><svg style=\"fill: #999;color:#999\" class=\"arrow-unsorted-368013\" xmlns=\"http:\/\/www.w3.org\/2000\/svg\" width=\"10px\" height=\"10px\" viewBox=\"0 0 24 24\" version=\"1.2\" baseProfile=\"tiny\"><path d=\"M18.2 9.3l-6.2-6.3-6.2 6.3c-.2.2-.3.4-.3.7s.1.5.3.7c.2.2.4.3.7.3h11c.3 0 .5-.1.7-.3.2-.2.3-.5.3-.7s-.1-.5-.3-.7zM5.8 14.7l6.2 6.3 6.2-6.3c.2-.2.3-.5.3-.7s-.1-.5-.3-.7c-.2-.2-.4-.3-.7-.3h-11c-.3 0-.5.1-.7.3-.2.2-.3.5-.3.7s.1.5.3.7z\"\/><\/svg><\/span><\/span><\/span><\/a><\/span><\/div>\n<nav><ul class='ez-toc-list ez-toc-list-level-1 ' ><li class='ez-toc-page-1 ez-toc-heading-level-2'><a class=\"ez-toc-link ez-toc-heading-1\" href=\"https:\/\/www.grupomedcof.com.br\/blog\/processo-saude-doenca\/#Processo_Saude-Doenca\" >Processo Sa\u00fade-Doen\u00e7a<\/a><ul class='ez-toc-list-level-3' ><li class='ez-toc-heading-level-3'><a class=\"ez-toc-link ez-toc-heading-2\" href=\"https:\/\/www.grupomedcof.com.br\/blog\/processo-saude-doenca\/#Fase_da_magia\" >Fase da magia<\/a><\/li><li class='ez-toc-page-1 ez-toc-heading-level-3'><a class=\"ez-toc-link ez-toc-heading-3\" href=\"https:\/\/www.grupomedcof.com.br\/blog\/processo-saude-doenca\/#Fase_dos_Miasmas\" >Fase dos Miasmas<\/a><\/li><li class='ez-toc-page-1 ez-toc-heading-level-3'><a class=\"ez-toc-link ez-toc-heading-4\" href=\"https:\/\/www.grupomedcof.com.br\/blog\/processo-saude-doenca\/#Fase_Microbiana\" >Fase Microbiana<\/a><\/li><li class='ez-toc-page-1 ez-toc-heading-level-3'><a class=\"ez-toc-link ez-toc-heading-5\" href=\"https:\/\/www.grupomedcof.com.br\/blog\/processo-saude-doenca\/#Fase_da_Causalidade_Multipla\" >Fase da Causalidade M\u00faltipla<\/a><\/li><\/ul><\/li><li class='ez-toc-page-1 ez-toc-heading-level-2'><a class=\"ez-toc-link ez-toc-heading-6\" href=\"https:\/\/www.grupomedcof.com.br\/blog\/processo-saude-doenca\/#Niveis_de_Promocao_e_Prevencao_a_Saude\" >N\u00edveis de Promo\u00e7\u00e3o e Preven\u00e7\u00e3o \u00e0 Sa\u00fade<\/a><ul class='ez-toc-list-level-3' ><li class='ez-toc-heading-level-3'><a class=\"ez-toc-link ez-toc-heading-7\" href=\"https:\/\/www.grupomedcof.com.br\/blog\/processo-saude-doenca\/#Prevencao_Primaria\" >Preven\u00e7\u00e3o&nbsp;Prim\u00e1ria<\/a><\/li><li class='ez-toc-page-1 ez-toc-heading-level-3'><a class=\"ez-toc-link ez-toc-heading-8\" href=\"https:\/\/www.grupomedcof.com.br\/blog\/processo-saude-doenca\/#Prevencao_Secundaria\" >Preven\u00e7\u00e3o Secund\u00e1ria<\/a><\/li><li class='ez-toc-page-1 ez-toc-heading-level-3'><a class=\"ez-toc-link ez-toc-heading-9\" href=\"https:\/\/www.grupomedcof.com.br\/blog\/processo-saude-doenca\/#Prevencao_Terciaria\" >Preven\u00e7\u00e3o Terci\u00e1ria<\/a><\/li><li class='ez-toc-page-1 ez-toc-heading-level-3'><a class=\"ez-toc-link ez-toc-heading-10\" href=\"https:\/\/www.grupomedcof.com.br\/blog\/processo-saude-doenca\/#Prevencao_Quaternaria\" >Preven\u00e7\u00e3o Quatern\u00e1ria<\/a><\/li><li class='ez-toc-page-1 ez-toc-heading-level-3'><a class=\"ez-toc-link ez-toc-heading-11\" href=\"https:\/\/www.grupomedcof.com.br\/blog\/processo-saude-doenca\/#Prevencao_Quinquenal\" >Preven\u00e7\u00e3o Quinquenal<\/a><\/li><\/ul><\/li><li class='ez-toc-page-1 ez-toc-heading-level-2'><a class=\"ez-toc-link ez-toc-heading-12\" href=\"https:\/\/www.grupomedcof.com.br\/blog\/processo-saude-doenca\/#Promocao_de_Saude\" >Promo\u00e7\u00e3o de Sa\u00fade<\/a><\/li><li class='ez-toc-page-1 ez-toc-heading-level-2'><a class=\"ez-toc-link ez-toc-heading-13\" href=\"https:\/\/www.grupomedcof.com.br\/blog\/processo-saude-doenca\/#O_metodo_que_te_aprova\" >O m\u00e9todo que te aprova<\/a><\/li><\/ul><\/nav><\/div>\n\n<figure class=\"wp-block-image size-large\"><img loading=\"lazy\" decoding=\"async\" width=\"1024\" height=\"576\" src=\"https:\/\/www.grupomedcof.com.br\/blog\/wp-content\/uploads\/2024\/07\/Blog-MedCof-27-2-1024x576.png\" alt=\"\" class=\"wp-image-27829\" srcset=\"https:\/\/www.grupomedcof.com.br\/blog\/wp-content\/uploads\/2024\/07\/Blog-MedCof-27-2-1024x576.png 1024w, https:\/\/www.grupomedcof.com.br\/blog\/wp-content\/uploads\/2024\/07\/Blog-MedCof-27-2-300x169.png 300w, https:\/\/www.grupomedcof.com.br\/blog\/wp-content\/uploads\/2024\/07\/Blog-MedCof-27-2-768x432.png 768w, https:\/\/www.grupomedcof.com.br\/blog\/wp-content\/uploads\/2024\/07\/Blog-MedCof-27-2-1536x864.png 1536w, https:\/\/www.grupomedcof.com.br\/blog\/wp-content\/uploads\/2024\/07\/Blog-MedCof-27-2-747x420.png 747w, https:\/\/www.grupomedcof.com.br\/blog\/wp-content\/uploads\/2024\/07\/Blog-MedCof-27-2-150x84.png 150w, https:\/\/www.grupomedcof.com.br\/blog\/wp-content\/uploads\/2024\/07\/Blog-MedCof-27-2-696x392.png 696w, https:\/\/www.grupomedcof.com.br\/blog\/wp-content\/uploads\/2024\/07\/Blog-MedCof-27-2-1068x601.png 1068w, https:\/\/www.grupomedcof.com.br\/blog\/wp-content\/uploads\/2024\/07\/Blog-MedCof-27-2.png 1920w\" sizes=\"auto, (max-width: 1024px) 100vw, 1024px\" \/><\/figure>\n\n\n\n<p>Saiba sobre todo o processo de Sa\u00fade-Doen\u00e7a, N\u00edveis de Preven\u00e7\u00e3o e Promo\u00e7\u00e3o de Sa\u00fade<\/p>\n\n\n\n<p><em><strong>Texto escrito por Kiara Adelino Pinto &#8211; Medicina Uece Facisc<\/strong><\/em><\/p>\n\n\n\n<h2 class=\"wp-block-heading\" id=\"h-processo-saude-doenca\"><span class=\"ez-toc-section\" id=\"Processo_Saude-Doenca\"><\/span><strong>Processo Sa\u00fade-Doen\u00e7a<\/strong><span class=\"ez-toc-section-end\"><\/span><\/h2>\n\n\n\n<p>Primeiramente, \u00e9 importante analisar os atuais&nbsp;conceitos de Sa\u00fade e de Doen\u00e7a aceitos pela OMS&nbsp;e poss\u00edveis de serem cobrados em provas.<\/p>\n\n\n\n<p>Sa\u00fade pode ser conceituado como o mais completo estado de bem-estar f\u00edsico e mental, n\u00e3o apenas a aus\u00eancia de doen\u00e7as. O conceito ampliado leva em conta os condicionantes e determinantes sociais e biol\u00f3gicos, como a alimenta\u00e7\u00e3o, a oreia, o saneamento, o meio ambiente, o trabalho, renda, lazer e fatores heredit\u00e1rios.<\/p>\n\n\n\n<p>Agora, a Doen\u00e7a pode ser conceituada como o conjunto de sinais e sintomas espec\u00edficos que afetam um ser vivo, alterando seu estado normal de sa\u00fade e, por isso, impossibilita que ele possa executar suas atividades particulares e sociais com efici\u00eancia.<\/p>\n\n\n\n<p>Com isso, podemos explorar o processo Sa\u00fade-Doen\u00e7a de maneira ampla. A concep\u00e7\u00e3o ontol\u00f3gica desse processo atribui a enfermidade um estatuto de causa \u00fanica e entidade sempre externa ao ser humano. O que, de acordo com CANGUILHEM (1978), se faz presente nas interpreta\u00e7\u00f5es das doen\u00e7as carenciais, infecciosas e parasit\u00e1rias.<\/p>\n\n\n\n<p>Outrossim, a concep\u00e7\u00e3o din\u00e2mica considera a doen\u00e7a como produto do desequil\u00edbrio ou desarmonia entre os princ\u00edpios ou for\u00e7as b\u00e1sicas da vida. Nessa \u00faltima vis\u00e3o, o ser humano deixa de ser um ser passivo e pode ativamente buscar diferentes procedimentos para restaurar suas for\u00e7as. Portanto, a sa\u00fade seria o resultado do equil\u00edbrio encontrado em um modo de vida ideal, o que inclui nutri\u00e7\u00e3o, excre\u00e7\u00e3o, exerc\u00edcio e repouso adequados.<\/p>\n\n\n\n<p>A busca das causa das doen\u00e7as teve importantes transforma\u00e7\u00f5es hist\u00f3ricas, que podem ser esquematizadas em 4 fases:<\/p>\n\n\n\n<h3 class=\"wp-block-heading\" id=\"h-fase-da-magia\"><span class=\"ez-toc-section\" id=\"Fase_da_magia\"><\/span><strong>Fase da magia<\/strong><span class=\"ez-toc-section-end\"><\/span><\/h3>\n\n\n\n<p>Historicamente mais antiga, essa fase atribui a quest\u00f5es m\u00e1gicas e religiosas a causa das enfermidades, uma vez que um ser superior seria respons\u00e1vel pela condi\u00e7\u00e3o enferma.<\/p>\n\n\n\n<h3 class=\"wp-block-heading\" id=\"h-fase-dos-miasmas\"><span class=\"ez-toc-section\" id=\"Fase_dos_Miasmas\"><\/span><strong>Fase dos Miasmas<\/strong><span class=\"ez-toc-section-end\"><\/span><\/h3>\n\n\n\n<p>Vigente desde a antiguidade at\u00e9 o final do s\u00e9culo XIX, a teoria miasm\u00e1tica predizia que&nbsp; as epidemias come\u00e7aram com miasmas advindos de mat\u00e9ria org\u00e2nica p\u00fatrida ou pela decomposi\u00e7\u00e3o de restos vegetais e animais. Em geral, ela defende que as m\u00e1s condi\u00e7\u00f5es do ambiente determinavam o desenvolvimento das doen\u00e7as.<\/p>\n\n\n\n<h3 class=\"wp-block-heading\" id=\"h-fase-microbiana\"><span class=\"ez-toc-section\" id=\"Fase_Microbiana\"><\/span><strong>Fase Microbiana<\/strong><span class=\"ez-toc-section-end\"><\/span><\/h3>\n\n\n\n<p>Com a descoberta do microsc\u00f3pio e a possibilidade de&nbsp;observa\u00e7\u00e3o&nbsp;dos seres infectantes, a Teoria Miasm\u00e1tica perdeu m\u00e9rito e os pesquisadores atribu\u00edram aos pequenos seres as causas de enfermidades. <\/p>\n\n\n\n<p>\u00c9 v\u00e1lido salientar que essas 3 primeiras fases t\u00eam uma abordagem unicausal, que relaciona o agravo \u00e0 sa\u00fade a um \u00fanico agente etiol\u00f3gico e, assim, as intera\u00e7\u00f5es se direcionaram para um \u00fanico fator determinante da doen\u00e7a.<\/p>\n\n\n\n<h3 class=\"wp-block-heading\" id=\"h-fase-da-causalidade-multipla\"><span class=\"ez-toc-section\" id=\"Fase_da_Causalidade_Multipla\"><\/span><strong>Fase da Causalidade M\u00faltipla<\/strong><span class=\"ez-toc-section-end\"><\/span><\/h3>\n\n\n\n<p>Nessa fase, mais atual e complexa, leva em conta a multiplicidade de fatores que podem afetar, negativa ou positivamente, a sa\u00fade do Ser Humano.<\/p>\n\n\n\n<p>Por meio desta, \u00e9 estudada a Hist\u00f3ria Natural da Doen\u00e7a como um sistema articulado entre fatores biol\u00f3gicos e gen\u00e9ticos, sociais, educacionais, culturais, econ\u00f4micos, emocionais, pol\u00edticos e ambientais. Nessa perspectiva, a sa\u00fade e a doen\u00e7a est\u00e3o interligadas num processo din\u00e2mico, interdependente que, quando desequilibrado, leva o indiv\u00edduo a um estado n\u00e3o favor\u00e1vel de satisfa\u00e7\u00e3o org\u00e2nica, que ent\u00e3o chamaremos de doen\u00e7a.<\/p>\n\n\n\n<p>Ainda, segundo essa concep\u00e7\u00e3o, o adoecer deixa de ser resultado de apenas um fator, passando a ser entendido como um processo em que in\u00fameros fatores est\u00e3o envolvidos.<\/p>\n\n\n\n<ol class=\"wp-block-list\">\n<li><\/li>\n<\/ol>\n\n\n\n<p><img loading=\"lazy\" decoding=\"async\" src=\"https:\/\/lh7-us.googleusercontent.com\/docsz\/AD_4nXcM90g0fiIeP5g4_2avbtBzjgl2mJitSrSMIrK0Gvo5gv36RA8PUXmMrJBC8PAbO5hheXRJzA8kCyWDxB-zur8fAVLUNp-Z7UHf5XD09ne8NADbatvIctBriShNG0Qk-GhnmlUzZxD6FbtY3lY7QVF6In9f?key=qOwgA4JhjkqNUkLKTG9JpA\" width=\"420\" height=\"225\"><\/p>\n\n\n\n<h2 class=\"wp-block-heading\" id=\"h-niveis-de-promocao-e-prevencao-a-saude\"><span class=\"ez-toc-section\" id=\"Niveis_de_Promocao_e_Prevencao_a_Saude\"><\/span><strong>N\u00edveis de Promo\u00e7\u00e3o e Preven\u00e7\u00e3o \u00e0 Sa\u00fade<\/strong><span class=\"ez-toc-section-end\"><\/span><\/h2>\n\n\n\n<p>No estudo do atendimento ao paciente, \u00e9 importante analisar os n\u00edveis de promo\u00e7\u00e3o e preven\u00e7\u00e3o \u00e0 sa\u00fade, por isso, \u00e9 importante conceituar cada um desses. Os n\u00edveis de preven\u00e7\u00e3o fazem parte de um m\u00e9todo de controle de alguma doen\u00e7a atrav\u00e9s de interven\u00e7\u00f5es em diversos est\u00e1gios de sua ocorr\u00eancia, sendo eles cl\u00ednicos ou pr\u00e9-cl\u00ednicos.<\/p>\n\n\n\n<p>Desse modo, s\u00e3o divididos em 5 n\u00edveis:<\/p>\n\n\n\n<h3 class=\"wp-block-heading\" id=\"h-prevencao-nbsp-primaria\"><span class=\"ez-toc-section\" id=\"Prevencao_Primaria\"><\/span><strong>Preven\u00e7\u00e3o&nbsp;Prim\u00e1ria<\/strong><span class=\"ez-toc-section-end\"><\/span><\/h3>\n\n\n\n<p>Visa evitar o surgimento de doen\u00e7as, les\u00f5es ou problemas de sa\u00fade. Por exemplo: por meio de imuniza\u00e7\u00f5es, pr\u00e1ticas constantes de exerc\u00edcios f\u00edsicos, alimenta\u00e7\u00e3o balanceada, redu\u00e7\u00e3o do consumo de \u00e1lcool e tabaco e o uso de preservativos.<\/p>\n\n\n\n<h3 class=\"wp-block-heading\" id=\"h-prevencao-secundaria\"><span class=\"ez-toc-section\" id=\"Prevencao_Secundaria\"><\/span><strong>Preven\u00e7\u00e3o Secund\u00e1ria<\/strong><span class=\"ez-toc-section-end\"><\/span><\/h3>\n\n\n\n<p>Age na detec\u00e7\u00e3o precoce de uma determinada doen\u00e7a em est\u00e1gios iniciais, visando o r\u00e1pido in\u00edcio do tratamento. Por exemplo: por meio de diagn\u00f3sticos precoce de c\u00e2nceres, de hipertens\u00e3o arterial sist\u00eamica, de Diabetes Mellitus e o Teste do Pezinho.<\/p>\n\n\n\n<h3 class=\"wp-block-heading\" id=\"h-prevencao-terciaria\"><span class=\"ez-toc-section\" id=\"Prevencao_Terciaria\"><\/span><strong>Preven\u00e7\u00e3o Terci\u00e1ria<\/strong><span class=\"ez-toc-section-end\"><\/span><\/h3>\n\n\n\n<p>\u00c9 eficaz quando os indiv\u00edduos j\u00e1 s\u00e3o portadores de enfermidades e visa diminuir as perdas funcionais e outros danos, ou seja, foca em cuidados paliativos. Por exemplo: reabilita\u00e7\u00e3o ap\u00f3s acidente cerebrovascular, acompanhamento aos pacientes medicamentos, evitar p\u00e9s-diab\u00e9ticos em pacientes com diabetes mellitus e reabilita\u00e7\u00e3o ap\u00f3s acidentes f\u00edsicos. <\/p>\n\n\n\n<h3 class=\"wp-block-heading\" id=\"h-prevencao-quaternaria\"><span class=\"ez-toc-section\" id=\"Prevencao_Quaternaria\"><\/span><strong>Preven\u00e7\u00e3o Quatern\u00e1ria<\/strong><span class=\"ez-toc-section-end\"><\/span><\/h3>\n\n\n\n<p>\u00c9 um conceito adicional que surgiu posteriormente \u00e0s anteriores e que foca em identificar e prevenir medidas desnecess\u00e1rias nos pacientes, evitando iatrogenias e sobretratamentos. Por exemplo: dosagem adequada de rem\u00e9dios, redu\u00e7\u00e3o de exames extras e direcionamento correto a outras unidades de sa\u00fade.<\/p>\n\n\n\n<h3 class=\"wp-block-heading\" id=\"h-prevencao-quinquenal\"><span class=\"ez-toc-section\" id=\"Prevencao_Quinquenal\"><\/span><strong>Preven\u00e7\u00e3o Quinquenal<\/strong><span class=\"ez-toc-section-end\"><\/span><\/h3>\n\n\n\n<p>Ganhou ainda mais import\u00e2ncia ap\u00f3s a pandemia de COVID-19, uma vez que versa sobre a melhoria na qualidade dos cuidados prestados aos pacientes por meio da sa\u00fade do pr\u00f3prio cuidador, j\u00e1 que nessa data os profissionais de sa\u00fade tiveram redu\u00e7\u00e3o dos pr\u00f3prios n\u00edveis de sa\u00fade e isso afetou no cuidados dos pacientes. Por exemplo: oferecer horas de descanso, lazer e alimenta\u00e7\u00e3o suficientes para os m\u00e9dicos, de modo a evitar o Burnout.<\/p>\n\n\n\n<h2 class=\"wp-block-heading\" id=\"h-promocao-de-saude\"><span class=\"ez-toc-section\" id=\"Promocao_de_Saude\"><\/span><strong>Promo\u00e7\u00e3o de Sa\u00fade<\/strong><span class=\"ez-toc-section-end\"><\/span><\/h2>\n\n\n\n<p>Contudo, a Preven\u00e7\u00e3o ainda \u00e9 completada pela <strong>Promo\u00e7\u00e3o de Sa\u00fade<\/strong>, que \u00e9 diferente, apesar de tamb\u00e9m visar a sa\u00fade e o bem-estar do p\u00fablico.<\/p>\n\n\n\n<p>A Preven\u00e7\u00e3o atua de modo mais assertivo ao evitar as doen\u00e7as, j\u00e1 a Promo\u00e7\u00e3o s\u00e3o atitudes mais amplas de alcance e manuten\u00e7\u00e3o da qualidade de vida. Como a pr\u00e1tica de exerc\u00edcios f\u00edsicos, rela\u00e7\u00f5es sociais saud\u00e1veis, alimenta\u00e7\u00e3o balanceada e entre outros, semelhantemente ao <strong>n\u00edvel geral de Preven\u00e7\u00e3o Prim\u00e1ria<\/strong>.<\/p>\n\n\n\n<h2 class=\"wp-block-heading\" id=\"h-o-metodo-que-te-aprova\"><span class=\"ez-toc-section\" id=\"O_metodo_que_te_aprova\"><\/span><strong>O m\u00e9todo que te aprova<\/strong><span class=\"ez-toc-section-end\"><\/span><\/h2>\n\n\n\n<p>Se voc\u00ea quer garantir a sua aprova\u00e7\u00e3o nas provas de resid\u00eancia m\u00e9dica, ent\u00e3o conhe\u00e7a o grupo MedCof e a metodologia que j\u00e1 aprovou&nbsp;<a href=\"https:\/\/www.grupomedcof.com.br\/blog\/presenca-da-medcof-nas-aprovacoes-em-residencia-medica-no-brasil\/\"><strong>mais de 10 mil<\/strong><\/a>&nbsp;residentes pelo pa\u00eds. Confira abaixo uma das aulas exclusivas do nosso&nbsp;<strong><a href=\"https:\/\/youtu.be\/DqBFQQRGKrg?si=XBspye7hNnU9Zx84\">Curso Extensivo<\/a><\/strong>:<\/p>\n\n\n\n<figure class=\"wp-block-embed is-type-video is-provider-youtube wp-block-embed-youtube wp-embed-aspect-16-9 wp-has-aspect-ratio\"><div class=\"wp-block-embed__wrapper\">\n<iframe loading=\"lazy\" title=\"Tudo o que voc\u00ea precisa saber sobre Infec\u00e7\u00e3o urin\u00e1ria na pr\u00e1tica cl\u00ednica. Com Dr. Felipe Carvalho\" width=\"696\" height=\"392\" src=\"https:\/\/www.youtube.com\/embed\/DqBFQQRGKrg?feature=oembed\" frameborder=\"0\" allow=\"accelerometer; autoplay; clipboard-write; encrypted-media; gyroscope; picture-in-picture; web-share\" referrerpolicy=\"strict-origin-when-cross-origin\" allowfullscreen><\/iframe>\n<\/div><\/figure>\n","protected":false},"excerpt":{"rendered":"<p>Saiba sobre todo o processo de Sa\u00fade-Doen\u00e7a, N\u00edveis de Preven\u00e7\u00e3o e Promo\u00e7\u00e3o de Sa\u00fade<\/p>\n","protected":false},"author":16,"featured_media":27828,"comment_status":"open","ping_status":"open","sticky":false,"template":"","format":"standard","meta":{"footnotes":""},"categories":[173,174],"tags":[1652,1651,1653,68],"ppma_author":[3614],"class_list":{"0":"post-27826","1":"post","2":"type-post","3":"status-publish","4":"format-standard","5":"has-post-thumbnail","7":"category-novidades","8":"category-residencia-medica","9":"tag-niveis-de-promocao-e-prevencao-a-saude","10":"tag-prevencao-primaria","11":"tag-processo-saude-doenca","12":"tag-residencia-medica"},"yoast_head":"<!-- This site is optimized with the Yoast SEO Premium plugin v24.3 (Yoast SEO v27.4) - https:\/\/yoast.com\/product\/yoast-seo-premium-wordpress\/ -->\n<title>Processo Sa\u00fade-Doen\u00e7a - Blog de Medcof: conte\u00fados, editais, revalida e mais!<\/title>\n<meta name=\"description\" content=\"Saiba sobre todo o processo de Sa\u00fade-Doen\u00e7a, quais os N\u00edveis de Preven\u00e7\u00e3o e o que \u00e9 Promo\u00e7\u00e3o de Sa\u00fade no texto escrito por...\" \/>\n<meta name=\"robots\" content=\"index, follow, max-snippet:-1, max-image-preview:large, max-video-preview:-1\" \/>\n<link rel=\"canonical\" href=\"https:\/\/www.grupomedcof.com.br\/blog\/processo-saude-doenca\/\" \/>\n<meta property=\"og:locale\" content=\"pt_BR\" \/>\n<meta property=\"og:type\" content=\"article\" \/>\n<meta property=\"og:title\" content=\"Processo Sa\u00fade-Doen\u00e7a\" \/>\n<meta property=\"og:description\" content=\"Saiba sobre todo o processo de Sa\u00fade-Doen\u00e7a, quais os N\u00edveis de Preven\u00e7\u00e3o e o que \u00e9 Promo\u00e7\u00e3o de Sa\u00fade no texto escrito por...\" \/>\n<meta property=\"og:url\" content=\"https:\/\/www.grupomedcof.com.br\/blog\/processo-saude-doenca\/\" \/>\n<meta property=\"og:site_name\" content=\"Blog de Medcof: conte\u00fados, editais, revalida e mais!\" \/>\n<meta property=\"article:publisher\" content=\"https:\/\/www.facebook.com\/MedCofQbank\/\" \/>\n<meta property=\"article:published_time\" content=\"2024-07-17T17:31:18+00:00\" \/>\n<meta property=\"article:modified_time\" content=\"2024-07-24T12:59:02+00:00\" \/>\n<meta property=\"og:image\" content=\"https:\/\/www.grupomedcof.com.br\/blog\/wp-content\/uploads\/2024\/07\/Blog-MedCof-27-1.png\" \/>\n\t<meta property=\"og:image:width\" content=\"1920\" \/>\n\t<meta property=\"og:image:height\" content=\"1080\" \/>\n\t<meta property=\"og:image:type\" content=\"image\/png\" \/>\n<meta name=\"author\" content=\"Luisa\" \/>\n<meta name=\"twitter:card\" content=\"summary_large_image\" \/>\n<meta name=\"twitter:label1\" content=\"Escrito por\" \/>\n\t<meta name=\"twitter:data1\" content=\"Luisa\" \/>\n\t<meta name=\"twitter:label2\" content=\"Est. tempo de leitura\" \/>\n\t<meta name=\"twitter:data2\" content=\"6 minutos\" \/>\n<script type=\"application\/ld+json\" class=\"yoast-schema-graph\">{\"@context\":\"https:\\\/\\\/schema.org\",\"@graph\":[{\"@type\":\"Article\",\"@id\":\"https:\\\/\\\/www.grupomedcof.com.br\\\/blog\\\/processo-saude-doenca\\\/#article\",\"isPartOf\":{\"@id\":\"https:\\\/\\\/www.grupomedcof.com.br\\\/blog\\\/processo-saude-doenca\\\/\"},\"author\":{\"name\":\"Luisa\",\"@id\":\"https:\\\/\\\/www.grupomedcof.com.br\\\/blog\\\/#\\\/schema\\\/person\\\/4c7d7a4858c43110d649051e29b62140\"},\"headline\":\"Processo Sa\u00fade-Doen\u00e7a\",\"datePublished\":\"2024-07-17T17:31:18+00:00\",\"dateModified\":\"2024-07-24T12:59:02+00:00\",\"mainEntityOfPage\":{\"@id\":\"https:\\\/\\\/www.grupomedcof.com.br\\\/blog\\\/processo-saude-doenca\\\/\"},\"wordCount\":1160,\"commentCount\":0,\"publisher\":{\"@id\":\"https:\\\/\\\/www.grupomedcof.com.br\\\/blog\\\/#organization\"},\"image\":{\"@id\":\"https:\\\/\\\/www.grupomedcof.com.br\\\/blog\\\/processo-saude-doenca\\\/#primaryimage\"},\"thumbnailUrl\":\"https:\\\/\\\/www.grupomedcof.com.br\\\/blog\\\/wp-content\\\/uploads\\\/2024\\\/07\\\/Blog-MedCof-27-1.png\",\"keywords\":[\"N\u00edveis de Promo\u00e7\u00e3o e Preven\u00e7\u00e3o \u00e0 Sa\u00fade\",\"preven\u00e7\u00e3o prim\u00e1ria\",\"Processo Sa\u00fade-Doen\u00e7a\",\"Resid\u00eancia M\u00e9dica\"],\"articleSection\":[\"Novidades\",\"Resid\u00eancia m\u00e9dica: editais, resultados, temas quentes e mais\"],\"inLanguage\":\"pt-BR\"},{\"@type\":\"WebPage\",\"@id\":\"https:\\\/\\\/www.grupomedcof.com.br\\\/blog\\\/processo-saude-doenca\\\/\",\"url\":\"https:\\\/\\\/www.grupomedcof.com.br\\\/blog\\\/processo-saude-doenca\\\/\",\"name\":\"Processo Sa\u00fade-Doen\u00e7a - Blog de Medcof: conte\u00fados, editais, revalida e mais!\",\"isPartOf\":{\"@id\":\"https:\\\/\\\/www.grupomedcof.com.br\\\/blog\\\/#website\"},\"primaryImageOfPage\":{\"@id\":\"https:\\\/\\\/www.grupomedcof.com.br\\\/blog\\\/processo-saude-doenca\\\/#primaryimage\"},\"image\":{\"@id\":\"https:\\\/\\\/www.grupomedcof.com.br\\\/blog\\\/processo-saude-doenca\\\/#primaryimage\"},\"thumbnailUrl\":\"https:\\\/\\\/www.grupomedcof.com.br\\\/blog\\\/wp-content\\\/uploads\\\/2024\\\/07\\\/Blog-MedCof-27-1.png\",\"datePublished\":\"2024-07-17T17:31:18+00:00\",\"dateModified\":\"2024-07-24T12:59:02+00:00\",\"description\":\"Saiba sobre todo o processo de Sa\u00fade-Doen\u00e7a, quais os N\u00edveis de Preven\u00e7\u00e3o e o que \u00e9 Promo\u00e7\u00e3o de Sa\u00fade no texto escrito por...\",\"breadcrumb\":{\"@id\":\"https:\\\/\\\/www.grupomedcof.com.br\\\/blog\\\/processo-saude-doenca\\\/#breadcrumb\"},\"inLanguage\":\"pt-BR\",\"potentialAction\":[{\"@type\":\"ReadAction\",\"target\":[\"https:\\\/\\\/www.grupomedcof.com.br\\\/blog\\\/processo-saude-doenca\\\/\"]}]},{\"@type\":\"ImageObject\",\"inLanguage\":\"pt-BR\",\"@id\":\"https:\\\/\\\/www.grupomedcof.com.br\\\/blog\\\/processo-saude-doenca\\\/#primaryimage\",\"url\":\"https:\\\/\\\/www.grupomedcof.com.br\\\/blog\\\/wp-content\\\/uploads\\\/2024\\\/07\\\/Blog-MedCof-27-1.png\",\"contentUrl\":\"https:\\\/\\\/www.grupomedcof.com.br\\\/blog\\\/wp-content\\\/uploads\\\/2024\\\/07\\\/Blog-MedCof-27-1.png\",\"width\":1920,\"height\":1080,\"caption\":\"Saiba sobre todo o processo de Sa\u00fade-Doen\u00e7a, N\u00edveis de Preven\u00e7\u00e3o e Promo\u00e7\u00e3o de Sa\u00fade\"},{\"@type\":\"BreadcrumbList\",\"@id\":\"https:\\\/\\\/www.grupomedcof.com.br\\\/blog\\\/processo-saude-doenca\\\/#breadcrumb\",\"itemListElement\":[{\"@type\":\"ListItem\",\"position\":1,\"name\":\"In\u00edcio\",\"item\":\"https:\\\/\\\/www.grupomedcof.com.br\\\/blog\\\/\"},{\"@type\":\"ListItem\",\"position\":2,\"name\":\"Processo Sa\u00fade-Doen\u00e7a\"}]},{\"@type\":\"WebSite\",\"@id\":\"https:\\\/\\\/www.grupomedcof.com.br\\\/blog\\\/#website\",\"url\":\"https:\\\/\\\/www.grupomedcof.com.br\\\/blog\\\/\",\"name\":\"Blog de Medcof: conte\u00fados, editais, revalida e mais!\",\"description\":\"Acesso o blog de MedCof! Seu portal de conte\u00fados sobre resid\u00eancia m\u00e9dica, an\u00e1lise e editais e muito mais. Clique e confira!\",\"publisher\":{\"@id\":\"https:\\\/\\\/www.grupomedcof.com.br\\\/blog\\\/#organization\"},\"alternateName\":\"Blog de Medcof: conte\u00fados, editais, revalida e mais!\",\"potentialAction\":[{\"@type\":\"SearchAction\",\"target\":{\"@type\":\"EntryPoint\",\"urlTemplate\":\"https:\\\/\\\/www.grupomedcof.com.br\\\/blog\\\/?s={search_term_string}\"},\"query-input\":{\"@type\":\"PropertyValueSpecification\",\"valueRequired\":true,\"valueName\":\"search_term_string\"}}],\"inLanguage\":\"pt-BR\"},{\"@type\":\"Organization\",\"@id\":\"https:\\\/\\\/www.grupomedcof.com.br\\\/blog\\\/#organization\",\"name\":\"Grupo MedCof\",\"url\":\"https:\\\/\\\/www.grupomedcof.com.br\\\/blog\\\/\",\"logo\":{\"@type\":\"ImageObject\",\"inLanguage\":\"pt-BR\",\"@id\":\"https:\\\/\\\/www.grupomedcof.com.br\\\/blog\\\/#\\\/schema\\\/logo\\\/image\\\/\",\"url\":\"https:\\\/\\\/www.grupomedcof.com.br\\\/blog\\\/wp-content\\\/uploads\\\/2022\\\/01\\\/logo-medcof.png\",\"contentUrl\":\"https:\\\/\\\/www.grupomedcof.com.br\\\/blog\\\/wp-content\\\/uploads\\\/2022\\\/01\\\/logo-medcof.png\",\"width\":768,\"height\":269,\"caption\":\"Grupo MedCof\"},\"image\":{\"@id\":\"https:\\\/\\\/www.grupomedcof.com.br\\\/blog\\\/#\\\/schema\\\/logo\\\/image\\\/\"},\"sameAs\":[\"https:\\\/\\\/www.facebook.com\\\/MedCofQbank\\\/\",\"https:\\\/\\\/www.instagram.com\\\/grupomedcof\\\/\",\"https:\\\/\\\/br.linkedin.com\\\/company\\\/medcof\",\"https:\\\/\\\/www.youtube.com\\\/channel\\\/UCdHMuOHKICxcHwecxN8P-AA\"]},{\"@type\":\"Person\",\"@id\":\"https:\\\/\\\/www.grupomedcof.com.br\\\/blog\\\/#\\\/schema\\\/person\\\/4c7d7a4858c43110d649051e29b62140\",\"name\":\"Luisa\",\"image\":{\"@type\":\"ImageObject\",\"inLanguage\":\"pt-BR\",\"@id\":\"https:\\\/\\\/www.grupomedcof.com.br\\\/blog\\\/wp-content\\\/uploads\\\/2023\\\/04\\\/cropped-cropped-logo-96x96.pngbf641d3e6e1c71567638b2546d5f72c9\",\"url\":\"https:\\\/\\\/www.grupomedcof.com.br\\\/blog\\\/wp-content\\\/uploads\\\/2023\\\/04\\\/cropped-cropped-logo-96x96.png\",\"contentUrl\":\"https:\\\/\\\/www.grupomedcof.com.br\\\/blog\\\/wp-content\\\/uploads\\\/2023\\\/04\\\/cropped-cropped-logo-96x96.png\",\"caption\":\"Luisa\"},\"url\":\"https:\\\/\\\/www.grupomedcof.com.br\\\/blog\\\/author\\\/luisa\\\/\"}]}<\/script>\n<!-- \/ Yoast SEO Premium plugin. -->","yoast_head_json":{"title":"Processo Sa\u00fade-Doen\u00e7a - Blog de Medcof: conte\u00fados, editais, revalida e mais!","description":"Saiba sobre todo o processo de Sa\u00fade-Doen\u00e7a, quais os N\u00edveis de Preven\u00e7\u00e3o e o que \u00e9 Promo\u00e7\u00e3o de Sa\u00fade no texto escrito por...","robots":{"index":"index","follow":"follow","max-snippet":"max-snippet:-1","max-image-preview":"max-image-preview:large","max-video-preview":"max-video-preview:-1"},"canonical":"https:\/\/www.grupomedcof.com.br\/blog\/processo-saude-doenca\/","og_locale":"pt_BR","og_type":"article","og_title":"Processo Sa\u00fade-Doen\u00e7a","og_description":"Saiba sobre todo o processo de Sa\u00fade-Doen\u00e7a, quais os N\u00edveis de Preven\u00e7\u00e3o e o que \u00e9 Promo\u00e7\u00e3o de Sa\u00fade no texto escrito por...","og_url":"https:\/\/www.grupomedcof.com.br\/blog\/processo-saude-doenca\/","og_site_name":"Blog de Medcof: conte\u00fados, editais, revalida e mais!","article_publisher":"https:\/\/www.facebook.com\/MedCofQbank\/","article_published_time":"2024-07-17T17:31:18+00:00","article_modified_time":"2024-07-24T12:59:02+00:00","og_image":[{"width":1920,"height":1080,"url":"https:\/\/www.grupomedcof.com.br\/blog\/wp-content\/uploads\/2024\/07\/Blog-MedCof-27-1.png","type":"image\/png"}],"author":"Luisa","twitter_card":"summary_large_image","twitter_misc":{"Escrito por":"Luisa","Est. tempo de leitura":"6 minutos"},"schema":{"@context":"https:\/\/schema.org","@graph":[{"@type":"Article","@id":"https:\/\/www.grupomedcof.com.br\/blog\/processo-saude-doenca\/#article","isPartOf":{"@id":"https:\/\/www.grupomedcof.com.br\/blog\/processo-saude-doenca\/"},"author":{"name":"Luisa","@id":"https:\/\/www.grupomedcof.com.br\/blog\/#\/schema\/person\/4c7d7a4858c43110d649051e29b62140"},"headline":"Processo Sa\u00fade-Doen\u00e7a","datePublished":"2024-07-17T17:31:18+00:00","dateModified":"2024-07-24T12:59:02+00:00","mainEntityOfPage":{"@id":"https:\/\/www.grupomedcof.com.br\/blog\/processo-saude-doenca\/"},"wordCount":1160,"commentCount":0,"publisher":{"@id":"https:\/\/www.grupomedcof.com.br\/blog\/#organization"},"image":{"@id":"https:\/\/www.grupomedcof.com.br\/blog\/processo-saude-doenca\/#primaryimage"},"thumbnailUrl":"https:\/\/www.grupomedcof.com.br\/blog\/wp-content\/uploads\/2024\/07\/Blog-MedCof-27-1.png","keywords":["N\u00edveis de Promo\u00e7\u00e3o e Preven\u00e7\u00e3o \u00e0 Sa\u00fade","preven\u00e7\u00e3o prim\u00e1ria","Processo Sa\u00fade-Doen\u00e7a","Resid\u00eancia M\u00e9dica"],"articleSection":["Novidades","Resid\u00eancia m\u00e9dica: editais, resultados, temas quentes e mais"],"inLanguage":"pt-BR"},{"@type":"WebPage","@id":"https:\/\/www.grupomedcof.com.br\/blog\/processo-saude-doenca\/","url":"https:\/\/www.grupomedcof.com.br\/blog\/processo-saude-doenca\/","name":"Processo Sa\u00fade-Doen\u00e7a - Blog de Medcof: conte\u00fados, editais, revalida e mais!","isPartOf":{"@id":"https:\/\/www.grupomedcof.com.br\/blog\/#website"},"primaryImageOfPage":{"@id":"https:\/\/www.grupomedcof.com.br\/blog\/processo-saude-doenca\/#primaryimage"},"image":{"@id":"https:\/\/www.grupomedcof.com.br\/blog\/processo-saude-doenca\/#primaryimage"},"thumbnailUrl":"https:\/\/www.grupomedcof.com.br\/blog\/wp-content\/uploads\/2024\/07\/Blog-MedCof-27-1.png","datePublished":"2024-07-17T17:31:18+00:00","dateModified":"2024-07-24T12:59:02+00:00","description":"Saiba sobre todo o processo de Sa\u00fade-Doen\u00e7a, quais os N\u00edveis de Preven\u00e7\u00e3o e o que \u00e9 Promo\u00e7\u00e3o de Sa\u00fade no texto escrito por...","breadcrumb":{"@id":"https:\/\/www.grupomedcof.com.br\/blog\/processo-saude-doenca\/#breadcrumb"},"inLanguage":"pt-BR","potentialAction":[{"@type":"ReadAction","target":["https:\/\/www.grupomedcof.com.br\/blog\/processo-saude-doenca\/"]}]},{"@type":"ImageObject","inLanguage":"pt-BR","@id":"https:\/\/www.grupomedcof.com.br\/blog\/processo-saude-doenca\/#primaryimage","url":"https:\/\/www.grupomedcof.com.br\/blog\/wp-content\/uploads\/2024\/07\/Blog-MedCof-27-1.png","contentUrl":"https:\/\/www.grupomedcof.com.br\/blog\/wp-content\/uploads\/2024\/07\/Blog-MedCof-27-1.png","width":1920,"height":1080,"caption":"Saiba sobre todo o processo de Sa\u00fade-Doen\u00e7a, N\u00edveis de Preven\u00e7\u00e3o e Promo\u00e7\u00e3o de Sa\u00fade"},{"@type":"BreadcrumbList","@id":"https:\/\/www.grupomedcof.com.br\/blog\/processo-saude-doenca\/#breadcrumb","itemListElement":[{"@type":"ListItem","position":1,"name":"In\u00edcio","item":"https:\/\/www.grupomedcof.com.br\/blog\/"},{"@type":"ListItem","position":2,"name":"Processo Sa\u00fade-Doen\u00e7a"}]},{"@type":"WebSite","@id":"https:\/\/www.grupomedcof.com.br\/blog\/#website","url":"https:\/\/www.grupomedcof.com.br\/blog\/","name":"Blog de Medcof: conte\u00fados, editais, revalida e mais!","description":"Acesso o blog de MedCof! Seu portal de conte\u00fados sobre resid\u00eancia m\u00e9dica, an\u00e1lise e editais e muito mais. Clique e confira!","publisher":{"@id":"https:\/\/www.grupomedcof.com.br\/blog\/#organization"},"alternateName":"Blog de Medcof: conte\u00fados, editais, revalida e mais!","potentialAction":[{"@type":"SearchAction","target":{"@type":"EntryPoint","urlTemplate":"https:\/\/www.grupomedcof.com.br\/blog\/?s={search_term_string}"},"query-input":{"@type":"PropertyValueSpecification","valueRequired":true,"valueName":"search_term_string"}}],"inLanguage":"pt-BR"},{"@type":"Organization","@id":"https:\/\/www.grupomedcof.com.br\/blog\/#organization","name":"Grupo MedCof","url":"https:\/\/www.grupomedcof.com.br\/blog\/","logo":{"@type":"ImageObject","inLanguage":"pt-BR","@id":"https:\/\/www.grupomedcof.com.br\/blog\/#\/schema\/logo\/image\/","url":"https:\/\/www.grupomedcof.com.br\/blog\/wp-content\/uploads\/2022\/01\/logo-medcof.png","contentUrl":"https:\/\/www.grupomedcof.com.br\/blog\/wp-content\/uploads\/2022\/01\/logo-medcof.png","width":768,"height":269,"caption":"Grupo MedCof"},"image":{"@id":"https:\/\/www.grupomedcof.com.br\/blog\/#\/schema\/logo\/image\/"},"sameAs":["https:\/\/www.facebook.com\/MedCofQbank\/","https:\/\/www.instagram.com\/grupomedcof\/","https:\/\/br.linkedin.com\/company\/medcof","https:\/\/www.youtube.com\/channel\/UCdHMuOHKICxcHwecxN8P-AA"]},{"@type":"Person","@id":"https:\/\/www.grupomedcof.com.br\/blog\/#\/schema\/person\/4c7d7a4858c43110d649051e29b62140","name":"Luisa","image":{"@type":"ImageObject","inLanguage":"pt-BR","@id":"https:\/\/www.grupomedcof.com.br\/blog\/wp-content\/uploads\/2023\/04\/cropped-cropped-logo-96x96.pngbf641d3e6e1c71567638b2546d5f72c9","url":"https:\/\/www.grupomedcof.com.br\/blog\/wp-content\/uploads\/2023\/04\/cropped-cropped-logo-96x96.png","contentUrl":"https:\/\/www.grupomedcof.com.br\/blog\/wp-content\/uploads\/2023\/04\/cropped-cropped-logo-96x96.png","caption":"Luisa"},"url":"https:\/\/www.grupomedcof.com.br\/blog\/author\/luisa\/"}]}},"authors":[{"term_id":3614,"user_id":16,"is_guest":0,"slug":"luisa","display_name":"Luisa","avatar_url":"https:\/\/www.grupomedcof.com.br\/blog\/wp-content\/uploads\/2023\/04\/cropped-cropped-logo-96x96.png","0":null,"1":"","2":"","3":"","4":"","5":"","6":"","7":"","8":""}],"_links":{"self":[{"href":"https:\/\/www.grupomedcof.com.br\/blog\/wp-json\/wp\/v2\/posts\/27826","targetHints":{"allow":["GET"]}}],"collection":[{"href":"https:\/\/www.grupomedcof.com.br\/blog\/wp-json\/wp\/v2\/posts"}],"about":[{"href":"https:\/\/www.grupomedcof.com.br\/blog\/wp-json\/wp\/v2\/types\/post"}],"author":[{"embeddable":true,"href":"https:\/\/www.grupomedcof.com.br\/blog\/wp-json\/wp\/v2\/users\/16"}],"replies":[{"embeddable":true,"href":"https:\/\/www.grupomedcof.com.br\/blog\/wp-json\/wp\/v2\/comments?post=27826"}],"version-history":[{"count":0,"href":"https:\/\/www.grupomedcof.com.br\/blog\/wp-json\/wp\/v2\/posts\/27826\/revisions"}],"wp:featuredmedia":[{"embeddable":true,"href":"https:\/\/www.grupomedcof.com.br\/blog\/wp-json\/wp\/v2\/media\/27828"}],"wp:attachment":[{"href":"https:\/\/www.grupomedcof.com.br\/blog\/wp-json\/wp\/v2\/media?parent=27826"}],"wp:term":[{"taxonomy":"category","embeddable":true,"href":"https:\/\/www.grupomedcof.com.br\/blog\/wp-json\/wp\/v2\/categories?post=27826"},{"taxonomy":"post_tag","embeddable":true,"href":"https:\/\/www.grupomedcof.com.br\/blog\/wp-json\/wp\/v2\/tags?post=27826"},{"taxonomy":"author","embeddable":true,"href":"https:\/\/www.grupomedcof.com.br\/blog\/wp-json\/wp\/v2\/ppma_author?post=27826"}],"curies":[{"name":"wp","href":"https:\/\/api.w.org\/{rel}","templated":true}]}}