{"id":27898,"date":"2024-07-22T07:36:17","date_gmt":"2024-07-22T10:36:17","guid":{"rendered":"https:\/\/www.grupomedcof.com.br\/blog\/?p=27898"},"modified":"2024-07-22T07:36:18","modified_gmt":"2024-07-22T10:36:18","slug":"tecnicas-anestesicas","status":"publish","type":"post","link":"https:\/\/www.grupomedcof.com.br\/blog\/tecnicas-anestesicas\/","title":{"rendered":"T\u00e9cnicas Anest\u00e9sicas"},"content":{"rendered":"<div id=\"ez-toc-container\" class=\"ez-toc-v2_0_74 counter-hierarchy ez-toc-counter ez-toc-transparent ez-toc-container-direction\">\n<div class=\"ez-toc-title-container\">\n<p class=\"ez-toc-title\" style=\"cursor:inherit\">Sum\u00e1rio<\/p>\n<span class=\"ez-toc-title-toggle\"><a href=\"#\" class=\"ez-toc-pull-right ez-toc-btn ez-toc-btn-xs ez-toc-btn-default ez-toc-toggle\" aria-label=\"Alternar tabela de conte\u00fado\"><span class=\"ez-toc-js-icon-con\"><span class=\"\"><span class=\"eztoc-hide\" style=\"display:none;\">Toggle<\/span><span class=\"ez-toc-icon-toggle-span\"><svg style=\"fill: #999;color:#999\" xmlns=\"http:\/\/www.w3.org\/2000\/svg\" class=\"list-377408\" width=\"20px\" height=\"20px\" viewBox=\"0 0 24 24\" fill=\"none\"><path d=\"M6 6H4v2h2V6zm14 0H8v2h12V6zM4 11h2v2H4v-2zm16 0H8v2h12v-2zM4 16h2v2H4v-2zm16 0H8v2h12v-2z\" fill=\"currentColor\"><\/path><\/svg><svg style=\"fill: #999;color:#999\" class=\"arrow-unsorted-368013\" xmlns=\"http:\/\/www.w3.org\/2000\/svg\" width=\"10px\" height=\"10px\" viewBox=\"0 0 24 24\" version=\"1.2\" baseProfile=\"tiny\"><path d=\"M18.2 9.3l-6.2-6.3-6.2 6.3c-.2.2-.3.4-.3.7s.1.5.3.7c.2.2.4.3.7.3h11c.3 0 .5-.1.7-.3.2-.2.3-.5.3-.7s-.1-.5-.3-.7zM5.8 14.7l6.2 6.3 6.2-6.3c.2-.2.3-.5.3-.7s-.1-.5-.3-.7c-.2-.2-.4-.3-.7-.3h-11c-.3 0-.5.1-.7.3-.2.2-.3.5-.3.7s.1.5.3.7z\"\/><\/svg><\/span><\/span><\/span><\/a><\/span><\/div>\n<nav><ul class='ez-toc-list ez-toc-list-level-1 ' ><li class='ez-toc-page-1 ez-toc-heading-level-2'><a class=\"ez-toc-link ez-toc-heading-1\" href=\"https:\/\/www.grupomedcof.com.br\/blog\/tecnicas-anestesicas\/#Anestesia_local\" >Anestesia local<\/a><\/li><li class='ez-toc-page-1 ez-toc-heading-level-2'><a class=\"ez-toc-link ez-toc-heading-2\" href=\"https:\/\/www.grupomedcof.com.br\/blog\/tecnicas-anestesicas\/#Anestesia_geral\" >Anestesia geral<\/a><\/li><li class='ez-toc-page-1 ez-toc-heading-level-2'><a class=\"ez-toc-link ez-toc-heading-3\" href=\"https:\/\/www.grupomedcof.com.br\/blog\/tecnicas-anestesicas\/#Anestesia_do_Neuroeixo\" >Anestesia do Neuroeixo&nbsp;<\/a><\/li><li class='ez-toc-page-1 ez-toc-heading-level-2'><a class=\"ez-toc-link ez-toc-heading-4\" href=\"https:\/\/www.grupomedcof.com.br\/blog\/tecnicas-anestesicas\/#Prepare-se_para_as_provas\" >Prepare-se para as provas<\/a><\/li><\/ul><\/nav><\/div>\n\n<figure class=\"wp-block-image size-large\"><img loading=\"lazy\" decoding=\"async\" width=\"1024\" height=\"576\" src=\"https:\/\/www.grupomedcof.com.br\/blog\/wp-content\/uploads\/2024\/07\/anesteisa-1024x576.png\" alt=\"\" class=\"wp-image-27900\" srcset=\"https:\/\/www.grupomedcof.com.br\/blog\/wp-content\/uploads\/2024\/07\/anesteisa-1024x576.png 1024w, https:\/\/www.grupomedcof.com.br\/blog\/wp-content\/uploads\/2024\/07\/anesteisa-300x169.png 300w, https:\/\/www.grupomedcof.com.br\/blog\/wp-content\/uploads\/2024\/07\/anesteisa-768x432.png 768w, https:\/\/www.grupomedcof.com.br\/blog\/wp-content\/uploads\/2024\/07\/anesteisa-1536x864.png 1536w, https:\/\/www.grupomedcof.com.br\/blog\/wp-content\/uploads\/2024\/07\/anesteisa-2048x1152.png 2048w, https:\/\/www.grupomedcof.com.br\/blog\/wp-content\/uploads\/2024\/07\/anesteisa-747x420.png 747w, https:\/\/www.grupomedcof.com.br\/blog\/wp-content\/uploads\/2024\/07\/anesteisa-150x84.png 150w, https:\/\/www.grupomedcof.com.br\/blog\/wp-content\/uploads\/2024\/07\/anesteisa-696x392.png 696w, https:\/\/www.grupomedcof.com.br\/blog\/wp-content\/uploads\/2024\/07\/anesteisa-1068x601.png 1068w, https:\/\/www.grupomedcof.com.br\/blog\/wp-content\/uploads\/2024\/07\/anesteisa-1920x1080.png 1920w\" sizes=\"auto, (max-width: 1024px) 100vw, 1024px\" \/><\/figure>\n\n\n\n<p><em>Texto escrito por Kiara Adelino, estudante de medicina Facisc Quixeramobim.<\/em><\/p>\n\n\n\n<p>As anestesias s\u00e3o f\u00e1rmacos utilizados para o conforto do paciente durante procedimentos m\u00e9dicos, seja por meio de anestesia local ou geral.<strong> <\/strong>Elas s\u00e3o diferentes das seda\u00e7\u00f5es e dos relaxantes musculares j\u00e1 que as seda\u00e7\u00f5es tiram a consci\u00eancia do paciente e os relaxantes n\u00e3o s\u00e3o espec\u00edficos, apenas reduzindo o sentimento. <a href=\"https:\/\/soscardio.com.br\/tipos-de-anestesia\/\" target=\"_blank\" rel=\"noreferrer noopener nofollow\">A diferen\u00e7a entre seda\u00e7\u00e3o profunda e anestesia geral<\/a> \u00e9 que na primeira o paciente desperta com est\u00edmulos nervosos e na segunda ele n\u00e3o \u00e9 desperto.\u00a0<\/p>\n\n\n\n<h2 class=\"wp-block-heading\" id=\"h-anestesia-local\"><span class=\"ez-toc-section\" id=\"Anestesia_local\"><\/span><strong>Anestesia local<\/strong><span class=\"ez-toc-section-end\"><\/span><\/h2>\n\n\n\n<p>De acordo com a defini\u00e7\u00e3o encontrada em Marques, 2005, &#8220;anest\u00e9sicos locais s\u00e3o medica\u00e7\u00f5es capazes de inibir de forma revers\u00edvel a gera\u00e7\u00e3o e condu\u00e7\u00e3o do potencial de a\u00e7\u00e3o, bloqueando as fun\u00e7\u00f5es sensitiva motora e auton\u00f4mica de uma fibra nervosa&#8221;.<\/p>\n\n\n\n<p>Essa forma de anestesia \u00e9 fundamental para a redu\u00e7\u00e3o do sofrimento do paciente, principalmente em procedimentos invasivos, como a sutura, e acontece sem afetar o seu n\u00edvel de consci\u00eancia. As caracter\u00edsticas ideais para esse procedimento s\u00e3o irrita\u00e7\u00e3o m\u00ednima para o paciente, bloqueio revers\u00edvel, boa difusibilidade, baixa toxicidade sist\u00eamica, efic\u00e1cia, r\u00e1pido in\u00edcio de a\u00e7\u00e3o e dura\u00e7\u00e3o adequada.\u00a0Os anest\u00e9sicos s\u00e3o por <strong>infiltra\u00e7\u00e3o percut\u00e2nea<\/strong> (na qual a solu\u00e7\u00e3o anest\u00e9sica \u00e9 depositada superficialmente a zona da \u00e1rea de tratamento, anestesiando as pequenas inerva\u00e7\u00f5es nervosas na \u00e1rea infiltrada), por <strong>bloqueio de nervos perif\u00e9ricos <\/strong>(que consiste na inativa\u00e7\u00e3o da a\u00e7\u00e3o dos nervos sensitivos pelo uso de anest\u00e9sicos locais, impedindo dor nas determinadas \u00e1reas do corpo) e de <strong>uso t\u00f3pico <\/strong>(no qual o anest\u00e9sico atravessa a barreira epid\u00e9rmica, \u00e9 rapidamente absorvido e atinge a circula\u00e7\u00e3o utilizado apenas em processos eletivos, devido ao tempo de a\u00e7\u00e3o\u00a0 relativamente longo).<\/p>\n\n\n\n<p>Desse modo, a a\u00e7\u00e3o do anest\u00e9sico local depende da quantidade administrada, da classe do anest\u00e9sico, da concentra\u00e7\u00e3o, da associa\u00e7\u00e3o medicamentosa e das caracter\u00edsticas da les\u00e3o. Frequentemente, \u00e9 administrado um vasoconstritor com o f\u00e1rmaco para limitar sua absor\u00e7\u00e3o e prolongar seus efeitos, sem aumentar a toxicidade.\u00a0<\/p>\n\n\n\n<p>Antes da aplica\u00e7\u00e3o do anest\u00e9sico, \u00e9 importante identificar o tipo de les\u00e3o, limp\u00e1-la devidamente e aplicar a antissepsia do campo operat\u00f3rio. Com isso, \u00e9 feita a aspira\u00e7\u00e3o do f\u00e1rmaco e aplicada de forma correta, abrangendo toda a extens\u00e3o do ferimento.&nbsp;<\/p>\n\n\n\n<h2 class=\"wp-block-heading\" id=\"h-anestesia-geral\"><span class=\"ez-toc-section\" id=\"Anestesia_geral\"><\/span><strong>Anestesia geral<\/strong><span class=\"ez-toc-section-end\"><\/span><\/h2>\n\n\n\n<p>Possui a utiliza\u00e7\u00e3o de combina\u00e7\u00e3o de subst\u00e2ncias sedativas, anest\u00e9sicas e relaxantes musculares. Assim, tem aplica\u00e7\u00e3o nos procedimentos cir\u00fargicos de maior porte, como cirurgias card\u00edacas, ortop\u00e9dicas e bari\u00e1tricas, como as subst\u00e2ncias podem causar efeitos colaterais (como n\u00e1useas e v\u00f4mitos no p\u00f3s-cir\u00fargico), os pacientes passam por uma pr\u00e9-anestesia , na qual o m\u00e9dico anestesista estudar\u00e1 a predisposi\u00e7\u00e3o do paciente e definir\u00e1 a melhor estrat\u00e9gia anest\u00e9sica.\u00a0<\/p>\n\n\n\n<p>A anestesia geral \u00e9 administrada de<strong> forma cont\u00ednua <\/strong>(seja por inala\u00e7\u00e3o ou por via venosa) para controlar a ocorr\u00eancia de efeitos adversos no paciente. Nela, encontramos 3 fases: indu\u00e7\u00e3o (que pode ser venosa ou inalat\u00f3ria), manuten\u00e7\u00e3o (que pode ser por bomba de infusao ou tambem inalatoria dependendo do tipo de cirurgia) e recupera\u00e7\u00e3o (que ocorre ap\u00f3s a cirurgia e tem rela\u00e7\u00e3o direta com o tempo de meia-vida e excre\u00e7\u00e3o de cada f\u00e1rmaco utilizado).&nbsp;<\/p>\n\n\n\n<h2 class=\"wp-block-heading\" id=\"h-anestesia-do-neuroeixo-nbsp\"><span class=\"ez-toc-section\" id=\"Anestesia_do_Neuroeixo\"><\/span><strong>Anestesia do Neuroeixo&nbsp;<\/strong><span class=\"ez-toc-section-end\"><\/span><\/h2>\n\n\n\n<p>Tipo de anestesia que foca apenas uma parte do corpo, como perna e abdome. Nela, os f\u00e1rmacos s\u00e3o injetados nos diferentes espa\u00e7os entre as v\u00e9rtebras da coluna, conforme o local desejado para anestesia.&nbsp;Caso seja raquidiana, a subst\u00e2ncia anest\u00e9sica entra em contato com os nervos e leva a uma interrup\u00e7\u00e3o tempor\u00e1ria da transmiss\u00e3o nervosa. Na peridural, o medicamento \u00e9 injetado ao redor do canal espinhal e em maior quantidade. Essa serve, principalmente, para proporcionar analgesia p\u00f3s-operat\u00f3ria aos pacientes.&nbsp;<\/p>\n\n\n\n<p>Saiba mais sobre <a href=\"https:\/\/www.grupomedcof.com.br\/blog\/residencia-medica-em-anestesiologia\/\" target=\"_blank\" rel=\"noreferrer noopener\">Resid\u00eancia M\u00e9dica em Anestesiologia.<\/a><\/p>\n\n\n\n<h2 class=\"wp-block-heading\" id=\"h-prepare-se-para-as-provas\"><span class=\"ez-toc-section\" id=\"Prepare-se_para_as_provas\"><\/span><strong>Prepare-se para as provas<\/strong><span class=\"ez-toc-section-end\"><\/span><\/h2>\n\n\n\n<p>Se o seu objetivo \u00e9 alcan\u00e7ar a aprova\u00e7\u00e3o nas provas de resid\u00eancia m\u00e9dica, \u00e9 necess\u00e1rio investir em um m\u00e9todo eficaz e de qualidade. E o <strong>MedCof \u00e9 especialista nisso!<\/strong> Com dezenas de conte\u00fados maravilhosos, este \u00e9 o m\u00e9todo para quem procura aprova\u00e7\u00e3o! Confira nosso v\u00eddeo sobre Anestesiologia abaixo:<\/p>\n\n\n\n<figure class=\"wp-block-embed is-type-video is-provider-youtube wp-block-embed-youtube wp-embed-aspect-16-9 wp-has-aspect-ratio\"><div class=\"wp-block-embed__wrapper\">\n<div class=\"youtube-embed\" data-video_id=\"idwXs_7IRA0\"><iframe loading=\"lazy\" title=\"Papo de Residente EP.10. Por que escolher a resid\u00eancia de Anestesiologia? com a Dra. Amanda Carrera\" width=\"696\" height=\"392\" src=\"https:\/\/www.youtube.com\/embed\/idwXs_7IRA0?feature=oembed&#038;enablejsapi=1\" frameborder=\"0\" allow=\"accelerometer; autoplay; clipboard-write; encrypted-media; gyroscope; picture-in-picture; web-share\" referrerpolicy=\"strict-origin-when-cross-origin\" allowfullscreen><\/iframe><\/div>\n<\/div><\/figure>\n","protected":false},"excerpt":{"rendered":"<p>As anestesias s\u00e3o f\u00e1rmacos utilizados para o conforto do paciente durante procedimentos m\u00e9dicos, seja por meio de anestesia local ou geral. <\/p>\n","protected":false},"author":18,"featured_media":27900,"comment_status":"open","ping_status":"open","sticky":false,"template":"","format":"standard","meta":{"footnotes":""},"categories":[243],"tags":[1625,1626,1627,1628,1452,117,68,1624],"ppma_author":[3611],"class_list":{"0":"post-27898","1":"post","2":"type-post","3":"status-publish","4":"format-standard","5":"has-post-thumbnail","7":"category-anestesiologia","8":"tag-anestesia-geral","9":"tag-anestesia-local","10":"tag-farmacos","11":"tag-procedimentos-medicos","12":"tag-provas","13":"tag-provas-de-residencia","14":"tag-residencia-medica","15":"tag-tecnicas"},"yoast_head":"<!-- This site is optimized with the Yoast SEO Premium plugin v24.3 (Yoast SEO v27.5) - https:\/\/yoast.com\/product\/yoast-seo-premium-wordpress\/ -->\n<title>T\u00e9cnicas Anest\u00e9sicas - Blog de Medcof: conte\u00fados, editais, revalida e mais!<\/title>\n<meta name=\"description\" content=\"As anestesias s\u00e3o f\u00e1rmacos utilizados para o conforto do paciente durante procedimentos m\u00e9dicos, seja por meio de anestesia local ou geral.\" \/>\n<meta name=\"robots\" content=\"index, follow, max-snippet:-1, max-image-preview:large, max-video-preview:-1\" \/>\n<link rel=\"canonical\" href=\"https:\/\/www.grupomedcof.com.br\/blog\/tecnicas-anestesicas\/\" \/>\n<meta property=\"og:locale\" content=\"pt_BR\" \/>\n<meta property=\"og:type\" content=\"article\" \/>\n<meta property=\"og:title\" content=\"T\u00e9cnicas Anest\u00e9sicas\" \/>\n<meta property=\"og:description\" content=\"As anestesias s\u00e3o f\u00e1rmacos utilizados para o conforto do paciente durante procedimentos m\u00e9dicos, seja por meio de anestesia local ou geral.\" \/>\n<meta property=\"og:url\" content=\"https:\/\/www.grupomedcof.com.br\/blog\/tecnicas-anestesicas\/\" \/>\n<meta property=\"og:site_name\" content=\"Blog de Medcof: conte\u00fados, editais, revalida e mais!\" \/>\n<meta property=\"article:publisher\" content=\"https:\/\/www.facebook.com\/MedCofQbank\/\" \/>\n<meta property=\"article:published_time\" content=\"2024-07-22T10:36:17+00:00\" \/>\n<meta property=\"article:modified_time\" content=\"2024-07-22T10:36:18+00:00\" \/>\n<meta property=\"og:image\" content=\"https:\/\/www.grupomedcof.com.br\/blog\/wp-content\/uploads\/2024\/07\/anesteisa-1024x576.png\" \/>\n\t<meta property=\"og:image:width\" content=\"1024\" \/>\n\t<meta property=\"og:image:height\" content=\"576\" \/>\n\t<meta property=\"og:image:type\" content=\"image\/png\" \/>\n<meta name=\"author\" content=\"Leila Menzel\" \/>\n<meta name=\"twitter:card\" content=\"summary_large_image\" \/>\n<meta name=\"twitter:label1\" content=\"Escrito por\" \/>\n\t<meta name=\"twitter:data1\" content=\"Leila Menzel\" \/>\n\t<meta name=\"twitter:label2\" content=\"Est. tempo de leitura\" \/>\n\t<meta name=\"twitter:data2\" content=\"4 minutos\" \/>\n<script type=\"application\/ld+json\" class=\"yoast-schema-graph\">{\"@context\":\"https:\\\/\\\/schema.org\",\"@graph\":[{\"@type\":\"Article\",\"@id\":\"https:\\\/\\\/www.grupomedcof.com.br\\\/blog\\\/tecnicas-anestesicas\\\/#article\",\"isPartOf\":{\"@id\":\"https:\\\/\\\/www.grupomedcof.com.br\\\/blog\\\/tecnicas-anestesicas\\\/\"},\"author\":{\"name\":\"Leila Menzel\",\"@id\":\"https:\\\/\\\/www.grupomedcof.com.br\\\/blog\\\/#\\\/schema\\\/person\\\/2a5527209c17e7eb35bd6a4ebd5c7956\"},\"headline\":\"T\u00e9cnicas Anest\u00e9sicas\",\"datePublished\":\"2024-07-22T10:36:17+00:00\",\"dateModified\":\"2024-07-22T10:36:18+00:00\",\"mainEntityOfPage\":{\"@id\":\"https:\\\/\\\/www.grupomedcof.com.br\\\/blog\\\/tecnicas-anestesicas\\\/\"},\"wordCount\":752,\"commentCount\":0,\"publisher\":{\"@id\":\"https:\\\/\\\/www.grupomedcof.com.br\\\/blog\\\/#organization\"},\"image\":{\"@id\":\"https:\\\/\\\/www.grupomedcof.com.br\\\/blog\\\/tecnicas-anestesicas\\\/#primaryimage\"},\"thumbnailUrl\":\"https:\\\/\\\/www.grupomedcof.com.br\\\/blog\\\/wp-content\\\/uploads\\\/2024\\\/07\\\/anesteisa.png\",\"keywords\":[\"Anestesia geral\",\"Anestesia local\",\"F\u00e1rmacos\",\"Procedimentos m\u00e9dicos\",\"Provas\",\"Provas de Resid\u00eancia\",\"Resid\u00eancia M\u00e9dica\",\"T\u00e9cnicas\"],\"articleSection\":[\"Anestesiologia\"],\"inLanguage\":\"pt-BR\"},{\"@type\":\"WebPage\",\"@id\":\"https:\\\/\\\/www.grupomedcof.com.br\\\/blog\\\/tecnicas-anestesicas\\\/\",\"url\":\"https:\\\/\\\/www.grupomedcof.com.br\\\/blog\\\/tecnicas-anestesicas\\\/\",\"name\":\"T\u00e9cnicas Anest\u00e9sicas - Blog de Medcof: conte\u00fados, editais, revalida e mais!\",\"isPartOf\":{\"@id\":\"https:\\\/\\\/www.grupomedcof.com.br\\\/blog\\\/#website\"},\"primaryImageOfPage\":{\"@id\":\"https:\\\/\\\/www.grupomedcof.com.br\\\/blog\\\/tecnicas-anestesicas\\\/#primaryimage\"},\"image\":{\"@id\":\"https:\\\/\\\/www.grupomedcof.com.br\\\/blog\\\/tecnicas-anestesicas\\\/#primaryimage\"},\"thumbnailUrl\":\"https:\\\/\\\/www.grupomedcof.com.br\\\/blog\\\/wp-content\\\/uploads\\\/2024\\\/07\\\/anesteisa.png\",\"datePublished\":\"2024-07-22T10:36:17+00:00\",\"dateModified\":\"2024-07-22T10:36:18+00:00\",\"description\":\"As anestesias s\u00e3o f\u00e1rmacos utilizados para o conforto do paciente durante procedimentos m\u00e9dicos, seja por meio de anestesia local ou geral.\",\"breadcrumb\":{\"@id\":\"https:\\\/\\\/www.grupomedcof.com.br\\\/blog\\\/tecnicas-anestesicas\\\/#breadcrumb\"},\"inLanguage\":\"pt-BR\",\"potentialAction\":[{\"@type\":\"ReadAction\",\"target\":[\"https:\\\/\\\/www.grupomedcof.com.br\\\/blog\\\/tecnicas-anestesicas\\\/\"]}]},{\"@type\":\"ImageObject\",\"inLanguage\":\"pt-BR\",\"@id\":\"https:\\\/\\\/www.grupomedcof.com.br\\\/blog\\\/tecnicas-anestesicas\\\/#primaryimage\",\"url\":\"https:\\\/\\\/www.grupomedcof.com.br\\\/blog\\\/wp-content\\\/uploads\\\/2024\\\/07\\\/anesteisa.png\",\"contentUrl\":\"https:\\\/\\\/www.grupomedcof.com.br\\\/blog\\\/wp-content\\\/uploads\\\/2024\\\/07\\\/anesteisa.png\",\"width\":2560,\"height\":1440},{\"@type\":\"BreadcrumbList\",\"@id\":\"https:\\\/\\\/www.grupomedcof.com.br\\\/blog\\\/tecnicas-anestesicas\\\/#breadcrumb\",\"itemListElement\":[{\"@type\":\"ListItem\",\"position\":1,\"name\":\"In\u00edcio\",\"item\":\"https:\\\/\\\/www.grupomedcof.com.br\\\/blog\\\/\"},{\"@type\":\"ListItem\",\"position\":2,\"name\":\"T\u00e9cnicas Anest\u00e9sicas\"}]},{\"@type\":\"WebSite\",\"@id\":\"https:\\\/\\\/www.grupomedcof.com.br\\\/blog\\\/#website\",\"url\":\"https:\\\/\\\/www.grupomedcof.com.br\\\/blog\\\/\",\"name\":\"Blog de Medcof: conte\u00fados, editais, revalida e mais!\",\"description\":\"Acesso o blog de MedCof! Seu portal de conte\u00fados sobre resid\u00eancia m\u00e9dica, an\u00e1lise e editais e muito mais. Clique e confira!\",\"publisher\":{\"@id\":\"https:\\\/\\\/www.grupomedcof.com.br\\\/blog\\\/#organization\"},\"alternateName\":\"Blog de Medcof: conte\u00fados, editais, revalida e mais!\",\"potentialAction\":[{\"@type\":\"SearchAction\",\"target\":{\"@type\":\"EntryPoint\",\"urlTemplate\":\"https:\\\/\\\/www.grupomedcof.com.br\\\/blog\\\/?s={search_term_string}\"},\"query-input\":{\"@type\":\"PropertyValueSpecification\",\"valueRequired\":true,\"valueName\":\"search_term_string\"}}],\"inLanguage\":\"pt-BR\"},{\"@type\":\"Organization\",\"@id\":\"https:\\\/\\\/www.grupomedcof.com.br\\\/blog\\\/#organization\",\"name\":\"Grupo MedCof\",\"url\":\"https:\\\/\\\/www.grupomedcof.com.br\\\/blog\\\/\",\"logo\":{\"@type\":\"ImageObject\",\"inLanguage\":\"pt-BR\",\"@id\":\"https:\\\/\\\/www.grupomedcof.com.br\\\/blog\\\/#\\\/schema\\\/logo\\\/image\\\/\",\"url\":\"https:\\\/\\\/www.grupomedcof.com.br\\\/blog\\\/wp-content\\\/uploads\\\/2022\\\/01\\\/logo-medcof.png\",\"contentUrl\":\"https:\\\/\\\/www.grupomedcof.com.br\\\/blog\\\/wp-content\\\/uploads\\\/2022\\\/01\\\/logo-medcof.png\",\"width\":768,\"height\":269,\"caption\":\"Grupo MedCof\"},\"image\":{\"@id\":\"https:\\\/\\\/www.grupomedcof.com.br\\\/blog\\\/#\\\/schema\\\/logo\\\/image\\\/\"},\"sameAs\":[\"https:\\\/\\\/www.facebook.com\\\/MedCofQbank\\\/\",\"https:\\\/\\\/www.instagram.com\\\/grupomedcof\\\/\",\"https:\\\/\\\/br.linkedin.com\\\/company\\\/medcof\",\"https:\\\/\\\/www.youtube.com\\\/channel\\\/UCdHMuOHKICxcHwecxN8P-AA\"]},{\"@type\":\"Person\",\"@id\":\"https:\\\/\\\/www.grupomedcof.com.br\\\/blog\\\/#\\\/schema\\\/person\\\/2a5527209c17e7eb35bd6a4ebd5c7956\",\"name\":\"Leila Menzel\",\"image\":{\"@type\":\"ImageObject\",\"inLanguage\":\"pt-BR\",\"@id\":\"https:\\\/\\\/www.grupomedcof.com.br\\\/blog\\\/wp-content\\\/uploads\\\/2023\\\/04\\\/cropped-cropped-cropped-logo-96x96.png15459389df217b605b4f0cce419ac81a\",\"url\":\"https:\\\/\\\/www.grupomedcof.com.br\\\/blog\\\/wp-content\\\/uploads\\\/2023\\\/04\\\/cropped-cropped-cropped-logo-96x96.png\",\"contentUrl\":\"https:\\\/\\\/www.grupomedcof.com.br\\\/blog\\\/wp-content\\\/uploads\\\/2023\\\/04\\\/cropped-cropped-cropped-logo-96x96.png\",\"caption\":\"Leila Menzel\"},\"description\":\"Estudante do 6\u00b0 semestre de jornalismo, amo e escrevo poesias e viajo em livros de romances clich\u00eas.\",\"url\":\"https:\\\/\\\/www.grupomedcof.com.br\\\/blog\\\/author\\\/leila\\\/\"}]}<\/script>\n<!-- \/ Yoast SEO Premium plugin. -->","yoast_head_json":{"title":"T\u00e9cnicas Anest\u00e9sicas - Blog de Medcof: conte\u00fados, editais, revalida e mais!","description":"As anestesias s\u00e3o f\u00e1rmacos utilizados para o conforto do paciente durante procedimentos m\u00e9dicos, seja por meio de anestesia local ou geral.","robots":{"index":"index","follow":"follow","max-snippet":"max-snippet:-1","max-image-preview":"max-image-preview:large","max-video-preview":"max-video-preview:-1"},"canonical":"https:\/\/www.grupomedcof.com.br\/blog\/tecnicas-anestesicas\/","og_locale":"pt_BR","og_type":"article","og_title":"T\u00e9cnicas Anest\u00e9sicas","og_description":"As anestesias s\u00e3o f\u00e1rmacos utilizados para o conforto do paciente durante procedimentos m\u00e9dicos, seja por meio de anestesia local ou geral.","og_url":"https:\/\/www.grupomedcof.com.br\/blog\/tecnicas-anestesicas\/","og_site_name":"Blog de Medcof: conte\u00fados, editais, revalida e mais!","article_publisher":"https:\/\/www.facebook.com\/MedCofQbank\/","article_published_time":"2024-07-22T10:36:17+00:00","article_modified_time":"2024-07-22T10:36:18+00:00","og_image":[{"width":1024,"height":576,"url":"https:\/\/www.grupomedcof.com.br\/blog\/wp-content\/uploads\/2024\/07\/anesteisa-1024x576.png","type":"image\/png"}],"author":"Leila Menzel","twitter_card":"summary_large_image","twitter_misc":{"Escrito por":"Leila Menzel","Est. tempo de leitura":"4 minutos"},"schema":{"@context":"https:\/\/schema.org","@graph":[{"@type":"Article","@id":"https:\/\/www.grupomedcof.com.br\/blog\/tecnicas-anestesicas\/#article","isPartOf":{"@id":"https:\/\/www.grupomedcof.com.br\/blog\/tecnicas-anestesicas\/"},"author":{"name":"Leila Menzel","@id":"https:\/\/www.grupomedcof.com.br\/blog\/#\/schema\/person\/2a5527209c17e7eb35bd6a4ebd5c7956"},"headline":"T\u00e9cnicas Anest\u00e9sicas","datePublished":"2024-07-22T10:36:17+00:00","dateModified":"2024-07-22T10:36:18+00:00","mainEntityOfPage":{"@id":"https:\/\/www.grupomedcof.com.br\/blog\/tecnicas-anestesicas\/"},"wordCount":752,"commentCount":0,"publisher":{"@id":"https:\/\/www.grupomedcof.com.br\/blog\/#organization"},"image":{"@id":"https:\/\/www.grupomedcof.com.br\/blog\/tecnicas-anestesicas\/#primaryimage"},"thumbnailUrl":"https:\/\/www.grupomedcof.com.br\/blog\/wp-content\/uploads\/2024\/07\/anesteisa.png","keywords":["Anestesia geral","Anestesia local","F\u00e1rmacos","Procedimentos m\u00e9dicos","Provas","Provas de Resid\u00eancia","Resid\u00eancia M\u00e9dica","T\u00e9cnicas"],"articleSection":["Anestesiologia"],"inLanguage":"pt-BR"},{"@type":"WebPage","@id":"https:\/\/www.grupomedcof.com.br\/blog\/tecnicas-anestesicas\/","url":"https:\/\/www.grupomedcof.com.br\/blog\/tecnicas-anestesicas\/","name":"T\u00e9cnicas Anest\u00e9sicas - Blog de Medcof: conte\u00fados, editais, revalida e mais!","isPartOf":{"@id":"https:\/\/www.grupomedcof.com.br\/blog\/#website"},"primaryImageOfPage":{"@id":"https:\/\/www.grupomedcof.com.br\/blog\/tecnicas-anestesicas\/#primaryimage"},"image":{"@id":"https:\/\/www.grupomedcof.com.br\/blog\/tecnicas-anestesicas\/#primaryimage"},"thumbnailUrl":"https:\/\/www.grupomedcof.com.br\/blog\/wp-content\/uploads\/2024\/07\/anesteisa.png","datePublished":"2024-07-22T10:36:17+00:00","dateModified":"2024-07-22T10:36:18+00:00","description":"As anestesias s\u00e3o f\u00e1rmacos utilizados para o conforto do paciente durante procedimentos m\u00e9dicos, seja por meio de anestesia local ou geral.","breadcrumb":{"@id":"https:\/\/www.grupomedcof.com.br\/blog\/tecnicas-anestesicas\/#breadcrumb"},"inLanguage":"pt-BR","potentialAction":[{"@type":"ReadAction","target":["https:\/\/www.grupomedcof.com.br\/blog\/tecnicas-anestesicas\/"]}]},{"@type":"ImageObject","inLanguage":"pt-BR","@id":"https:\/\/www.grupomedcof.com.br\/blog\/tecnicas-anestesicas\/#primaryimage","url":"https:\/\/www.grupomedcof.com.br\/blog\/wp-content\/uploads\/2024\/07\/anesteisa.png","contentUrl":"https:\/\/www.grupomedcof.com.br\/blog\/wp-content\/uploads\/2024\/07\/anesteisa.png","width":2560,"height":1440},{"@type":"BreadcrumbList","@id":"https:\/\/www.grupomedcof.com.br\/blog\/tecnicas-anestesicas\/#breadcrumb","itemListElement":[{"@type":"ListItem","position":1,"name":"In\u00edcio","item":"https:\/\/www.grupomedcof.com.br\/blog\/"},{"@type":"ListItem","position":2,"name":"T\u00e9cnicas Anest\u00e9sicas"}]},{"@type":"WebSite","@id":"https:\/\/www.grupomedcof.com.br\/blog\/#website","url":"https:\/\/www.grupomedcof.com.br\/blog\/","name":"Blog de Medcof: conte\u00fados, editais, revalida e mais!","description":"Acesso o blog de MedCof! Seu portal de conte\u00fados sobre resid\u00eancia m\u00e9dica, an\u00e1lise e editais e muito mais. Clique e confira!","publisher":{"@id":"https:\/\/www.grupomedcof.com.br\/blog\/#organization"},"alternateName":"Blog de Medcof: conte\u00fados, editais, revalida e mais!","potentialAction":[{"@type":"SearchAction","target":{"@type":"EntryPoint","urlTemplate":"https:\/\/www.grupomedcof.com.br\/blog\/?s={search_term_string}"},"query-input":{"@type":"PropertyValueSpecification","valueRequired":true,"valueName":"search_term_string"}}],"inLanguage":"pt-BR"},{"@type":"Organization","@id":"https:\/\/www.grupomedcof.com.br\/blog\/#organization","name":"Grupo MedCof","url":"https:\/\/www.grupomedcof.com.br\/blog\/","logo":{"@type":"ImageObject","inLanguage":"pt-BR","@id":"https:\/\/www.grupomedcof.com.br\/blog\/#\/schema\/logo\/image\/","url":"https:\/\/www.grupomedcof.com.br\/blog\/wp-content\/uploads\/2022\/01\/logo-medcof.png","contentUrl":"https:\/\/www.grupomedcof.com.br\/blog\/wp-content\/uploads\/2022\/01\/logo-medcof.png","width":768,"height":269,"caption":"Grupo MedCof"},"image":{"@id":"https:\/\/www.grupomedcof.com.br\/blog\/#\/schema\/logo\/image\/"},"sameAs":["https:\/\/www.facebook.com\/MedCofQbank\/","https:\/\/www.instagram.com\/grupomedcof\/","https:\/\/br.linkedin.com\/company\/medcof","https:\/\/www.youtube.com\/channel\/UCdHMuOHKICxcHwecxN8P-AA"]},{"@type":"Person","@id":"https:\/\/www.grupomedcof.com.br\/blog\/#\/schema\/person\/2a5527209c17e7eb35bd6a4ebd5c7956","name":"Leila Menzel","image":{"@type":"ImageObject","inLanguage":"pt-BR","@id":"https:\/\/www.grupomedcof.com.br\/blog\/wp-content\/uploads\/2023\/04\/cropped-cropped-cropped-logo-96x96.png15459389df217b605b4f0cce419ac81a","url":"https:\/\/www.grupomedcof.com.br\/blog\/wp-content\/uploads\/2023\/04\/cropped-cropped-cropped-logo-96x96.png","contentUrl":"https:\/\/www.grupomedcof.com.br\/blog\/wp-content\/uploads\/2023\/04\/cropped-cropped-cropped-logo-96x96.png","caption":"Leila Menzel"},"description":"Estudante do 6\u00b0 semestre de jornalismo, amo e escrevo poesias e viajo em livros de romances clich\u00eas.","url":"https:\/\/www.grupomedcof.com.br\/blog\/author\/leila\/"}]}},"authors":[{"term_id":3611,"user_id":18,"is_guest":0,"slug":"leila","display_name":"Leila Menzel","avatar_url":"https:\/\/www.grupomedcof.com.br\/blog\/wp-content\/uploads\/2023\/04\/cropped-cropped-cropped-logo-96x96.png","0":null,"1":"","2":"","3":"","4":"","5":"","6":"","7":"","8":""}],"_links":{"self":[{"href":"https:\/\/www.grupomedcof.com.br\/blog\/wp-json\/wp\/v2\/posts\/27898","targetHints":{"allow":["GET"]}}],"collection":[{"href":"https:\/\/www.grupomedcof.com.br\/blog\/wp-json\/wp\/v2\/posts"}],"about":[{"href":"https:\/\/www.grupomedcof.com.br\/blog\/wp-json\/wp\/v2\/types\/post"}],"author":[{"embeddable":true,"href":"https:\/\/www.grupomedcof.com.br\/blog\/wp-json\/wp\/v2\/users\/18"}],"replies":[{"embeddable":true,"href":"https:\/\/www.grupomedcof.com.br\/blog\/wp-json\/wp\/v2\/comments?post=27898"}],"version-history":[{"count":0,"href":"https:\/\/www.grupomedcof.com.br\/blog\/wp-json\/wp\/v2\/posts\/27898\/revisions"}],"wp:featuredmedia":[{"embeddable":true,"href":"https:\/\/www.grupomedcof.com.br\/blog\/wp-json\/wp\/v2\/media\/27900"}],"wp:attachment":[{"href":"https:\/\/www.grupomedcof.com.br\/blog\/wp-json\/wp\/v2\/media?parent=27898"}],"wp:term":[{"taxonomy":"category","embeddable":true,"href":"https:\/\/www.grupomedcof.com.br\/blog\/wp-json\/wp\/v2\/categories?post=27898"},{"taxonomy":"post_tag","embeddable":true,"href":"https:\/\/www.grupomedcof.com.br\/blog\/wp-json\/wp\/v2\/tags?post=27898"},{"taxonomy":"author","embeddable":true,"href":"https:\/\/www.grupomedcof.com.br\/blog\/wp-json\/wp\/v2\/ppma_author?post=27898"}],"curies":[{"name":"wp","href":"https:\/\/api.w.org\/{rel}","templated":true}]}}