{"id":27912,"date":"2025-06-24T10:10:00","date_gmt":"2025-06-24T13:10:00","guid":{"rendered":"https:\/\/www.grupomedcof.com.br\/blog\/?p=27912"},"modified":"2025-08-07T13:55:43","modified_gmt":"2025-08-07T16:55:43","slug":"enare-instituicoes-participantes","status":"publish","type":"post","link":"https:\/\/www.grupomedcof.com.br\/blog\/enare-instituicoes-participantes\/","title":{"rendered":"Enare 2025\/2026: confira as institui\u00e7\u00f5es participantes e vagas"},"content":{"rendered":"<div id=\"ez-toc-container\" class=\"ez-toc-v2_0_74 counter-hierarchy ez-toc-counter ez-toc-transparent ez-toc-container-direction\">\n<div class=\"ez-toc-title-container\">\n<p class=\"ez-toc-title\" style=\"cursor:inherit\">Sum\u00e1rio<\/p>\n<span class=\"ez-toc-title-toggle\"><a href=\"#\" class=\"ez-toc-pull-right ez-toc-btn ez-toc-btn-xs ez-toc-btn-default ez-toc-toggle\" aria-label=\"Alternar tabela de conte\u00fado\"><span class=\"ez-toc-js-icon-con\"><span class=\"\"><span class=\"eztoc-hide\" style=\"display:none;\">Toggle<\/span><span class=\"ez-toc-icon-toggle-span\"><svg style=\"fill: #999;color:#999\" xmlns=\"http:\/\/www.w3.org\/2000\/svg\" class=\"list-377408\" width=\"20px\" height=\"20px\" viewBox=\"0 0 24 24\" fill=\"none\"><path d=\"M6 6H4v2h2V6zm14 0H8v2h12V6zM4 11h2v2H4v-2zm16 0H8v2h12v-2zM4 16h2v2H4v-2zm16 0H8v2h12v-2z\" fill=\"currentColor\"><\/path><\/svg><svg style=\"fill: #999;color:#999\" class=\"arrow-unsorted-368013\" xmlns=\"http:\/\/www.w3.org\/2000\/svg\" width=\"10px\" height=\"10px\" viewBox=\"0 0 24 24\" version=\"1.2\" baseProfile=\"tiny\"><path d=\"M18.2 9.3l-6.2-6.3-6.2 6.3c-.2.2-.3.4-.3.7s.1.5.3.7c.2.2.4.3.7.3h11c.3 0 .5-.1.7-.3.2-.2.3-.5.3-.7s-.1-.5-.3-.7zM5.8 14.7l6.2 6.3 6.2-6.3c.2-.2.3-.5.3-.7s-.1-.5-.3-.7c-.2-.2-.4-.3-.7-.3h-11c-.3 0-.5.1-.7.3-.2.2-.3.5-.3.7s.1.5.3.7z\"\/><\/svg><\/span><\/span><\/span><\/a><\/span><\/div>\n<nav><ul class='ez-toc-list ez-toc-list-level-1 ' ><li class='ez-toc-page-1 ez-toc-heading-level-2'><a class=\"ez-toc-link ez-toc-heading-1\" href=\"https:\/\/www.grupomedcof.com.br\/blog\/enare-instituicoes-participantes\/#A_importancia_do_Exame_Nacional_de_Residencia_Medica\" >A import\u00e2ncia do Exame Nacional de Resid\u00eancia M\u00e9dica<\/a><\/li><li class='ez-toc-page-1 ez-toc-heading-level-2'><a class=\"ez-toc-link ez-toc-heading-2\" href=\"https:\/\/www.grupomedcof.com.br\/blog\/enare-instituicoes-participantes\/#Instituicoes_participantes_ENARE_20242025\" >Institui\u00e7\u00f5es participantes ENARE 2024\/2025<\/a><\/li><li class='ez-toc-page-1 ez-toc-heading-level-2'><a class=\"ez-toc-link ez-toc-heading-3\" href=\"https:\/\/www.grupomedcof.com.br\/blog\/enare-instituicoes-participantes\/#Vagas_por_instituicoes\" >Vagas por institui\u00e7\u00f5es<\/a><ul class='ez-toc-list-level-3' ><li class='ez-toc-heading-level-3'><a class=\"ez-toc-link ez-toc-heading-4\" href=\"https:\/\/www.grupomedcof.com.br\/blog\/enare-instituicoes-participantes\/#Sudeste\" >Sudeste<\/a><\/li><li class='ez-toc-page-1 ez-toc-heading-level-3'><a class=\"ez-toc-link ez-toc-heading-5\" href=\"https:\/\/www.grupomedcof.com.br\/blog\/enare-instituicoes-participantes\/#Sul\" >Sul<\/a><\/li><li class='ez-toc-page-1 ez-toc-heading-level-3'><a class=\"ez-toc-link ez-toc-heading-6\" href=\"https:\/\/www.grupomedcof.com.br\/blog\/enare-instituicoes-participantes\/#Norte\" >Norte<\/a><\/li><li class='ez-toc-page-1 ez-toc-heading-level-3'><a class=\"ez-toc-link ez-toc-heading-7\" href=\"https:\/\/www.grupomedcof.com.br\/blog\/enare-instituicoes-participantes\/#Centro-Oeste\" >Centro-Oeste<\/a><\/li><li class='ez-toc-page-1 ez-toc-heading-level-3'><a class=\"ez-toc-link ez-toc-heading-8\" href=\"https:\/\/www.grupomedcof.com.br\/blog\/enare-instituicoes-participantes\/#Nordeste\" >Nordeste<\/a><\/li><\/ul><\/li><li class='ez-toc-page-1 ez-toc-heading-level-2'><a class=\"ez-toc-link ez-toc-heading-9\" href=\"https:\/\/www.grupomedcof.com.br\/blog\/enare-instituicoes-participantes\/#Notas_de_corte_por_Instituicao_do_ENARE\" >Notas de corte por Institui\u00e7\u00e3o do ENARE<\/a><\/li><li class='ez-toc-page-1 ez-toc-heading-level-2'><a class=\"ez-toc-link ez-toc-heading-10\" href=\"https:\/\/www.grupomedcof.com.br\/blog\/enare-instituicoes-participantes\/#Posso_escolher_a_instituicao_da_minha_residencia_no_ENARE\" >Posso escolher a institui\u00e7\u00e3o da minha resid\u00eancia no ENARE?<\/a><\/li><li class='ez-toc-page-1 ez-toc-heading-level-2'><a class=\"ez-toc-link ez-toc-heading-11\" href=\"https:\/\/www.grupomedcof.com.br\/blog\/enare-instituicoes-participantes\/#Quais_sao_os_criterios_para_as_instituicoes_participarem_do_ENARE\" >Quais s\u00e3o os crit\u00e9rios para as institui\u00e7\u00f5es participarem do ENARE?<\/a><ul class='ez-toc-list-level-3' ><li class='ez-toc-heading-level-3'><a class=\"ez-toc-link ez-toc-heading-12\" href=\"https:\/\/www.grupomedcof.com.br\/blog\/enare-instituicoes-participantes\/#_A_adesao_das_instituicoes_ao_Enare\" >&nbsp;A ades\u00e3o das institui\u00e7\u00f5es ao Enare<\/a><\/li><\/ul><\/li><li class='ez-toc-page-1 ez-toc-heading-level-2'><a class=\"ez-toc-link ez-toc-heading-13\" href=\"https:\/\/www.grupomedcof.com.br\/blog\/enare-instituicoes-participantes\/#Prepare-se_para_o_Enare_2026\" >Prepare-se para o Enare 2026!<\/a><\/li><\/ul><\/nav><\/div>\n\n<figure class=\"wp-block-image size-large\"><img loading=\"lazy\" decoding=\"async\" width=\"1024\" height=\"576\" src=\"https:\/\/www.grupomedcof.com.br\/blog\/wp-content\/uploads\/2024\/07\/Modelo-instituicoes-16-1024x576.png\" alt=\"\" class=\"wp-image-27931\" srcset=\"https:\/\/www.grupomedcof.com.br\/blog\/wp-content\/uploads\/2024\/07\/Modelo-instituicoes-16-1024x576.png 1024w, https:\/\/www.grupomedcof.com.br\/blog\/wp-content\/uploads\/2024\/07\/Modelo-instituicoes-16-300x169.png 300w, https:\/\/www.grupomedcof.com.br\/blog\/wp-content\/uploads\/2024\/07\/Modelo-instituicoes-16-768x432.png 768w, https:\/\/www.grupomedcof.com.br\/blog\/wp-content\/uploads\/2024\/07\/Modelo-instituicoes-16-1536x864.png 1536w, https:\/\/www.grupomedcof.com.br\/blog\/wp-content\/uploads\/2024\/07\/Modelo-instituicoes-16-2048x1152.png 2048w, https:\/\/www.grupomedcof.com.br\/blog\/wp-content\/uploads\/2024\/07\/Modelo-instituicoes-16-747x420.png 747w, https:\/\/www.grupomedcof.com.br\/blog\/wp-content\/uploads\/2024\/07\/Modelo-instituicoes-16-150x84.png 150w, https:\/\/www.grupomedcof.com.br\/blog\/wp-content\/uploads\/2024\/07\/Modelo-instituicoes-16-696x392.png 696w, https:\/\/www.grupomedcof.com.br\/blog\/wp-content\/uploads\/2024\/07\/Modelo-instituicoes-16-1068x601.png 1068w, https:\/\/www.grupomedcof.com.br\/blog\/wp-content\/uploads\/2024\/07\/Modelo-instituicoes-16-1920x1080.png 1920w\" sizes=\"auto, (max-width: 1024px) 100vw, 1024px\" \/><\/figure>\n\n\n\n<p>O per\u00edodo de ades\u00e3o ao Enare se encerrou no dia 02 de junho e com a publica\u00e7\u00e3o do edital j\u00e1 se sabe quais institui\u00e7\u00f5es ir\u00e3o participar da edi\u00e7\u00e3o de 2025\/2026. Confira em nosso post!<\/p>\n\n\n\n<h2 class=\"wp-block-heading\" id=\"h-a-importancia-do-exame-nacional-de-residencia-medica\"><span class=\"ez-toc-section\" id=\"A_importancia_do_Exame_Nacional_de_Residencia_Medica\"><\/span><strong>A import\u00e2ncia do Exame Nacional de Resid\u00eancia M\u00e9dica<\/strong><span class=\"ez-toc-section-end\"><\/span><\/h2>\n\n\n\n<p>A escolha da <strong>resid\u00eancia m\u00e9dica<\/strong> certa \u00e9 de extrema import\u00e2ncia para a atua\u00e7\u00e3o profissional e para a segmenta\u00e7\u00e3o com uma especialidade definitiva. Para isso, deve-se considerar a escolha de uma institui\u00e7\u00e3o ideal que poder\u00e1 atender os seus objetivos profissionais ou, at\u00e9 mesmo, pessoais.<\/p>\n\n\n\n<p>No <strong>ENARE<\/strong>, atrav\u00e9s de uma \u00fanica avalia\u00e7\u00e3o \u00e9 poss\u00edvel escolher entre diversas institui\u00e7\u00f5es, aquela que possa fornecer a especialidade desejada. Desse modo, \u00e9 importante que haja uma pesquisa antes sobre cada organiza\u00e7\u00e3o, os programas oferecidos e a estrutura\u00e7\u00e3o de um resid\u00eancia nestas institui\u00e7\u00f5es.<\/p>\n\n\n\n<p>A determina\u00e7\u00e3o de uma institui\u00e7\u00e3o, no processo seletivo do ENARE, ocorre ap\u00f3s a <strong>divulga\u00e7\u00e3o do resultado individual das notas finais<\/strong>, pois somente com a nota final o candidato saber\u00e1 se conseguir\u00e1 seguir com na institui\u00e7\u00e3o selecionada no per\u00edodo de inscri\u00e7\u00e3o.&nbsp;<\/p>\n\n\n\n<p>Quer saber as institui\u00e7\u00f5es participantes do <a href=\"https:\/\/www.grupomedcof.com.br\/blog\/enare-2024-2025-edital-e-publicado\/\" target=\"_blank\" rel=\"noreferrer noopener\">ENARE<\/a> 2025\/2026? Ent\u00e3o confira este post!<\/p>\n\n\n\n<h2 class=\"wp-block-heading\" id=\"h-instituicoes-participantes-enare-2024-2025\"><span class=\"ez-toc-section\" id=\"Instituicoes_participantes_ENARE_20242025\"><\/span><strong>Institui\u00e7\u00f5es participantes ENARE 2024\/2025<\/strong><span class=\"ez-toc-section-end\"><\/span><\/h2>\n\n\n\n<p>A edi\u00e7\u00e3o <strong>2025\/2026 do <\/strong><a href=\"https:\/\/www.grupomedcof.com.br\/blog\/residencia-medica-enare-2024\/\"><strong>processo seletivo do ENARE<\/strong><\/a> j\u00e1 est\u00e1 rolando e registrou mais um <a href=\"https:\/\/www.grupomedcof.com.br\/blog\/recorde-de-instituicoes-no-enare-2024-2025\/\"><strong>recorde de institui\u00e7\u00f5es participantes e vagas ofertadas<\/strong><\/a>. Al\u00e9m disso, ela ainda conta com mais mudan\u00e7as em sua estrutura\u00e7\u00e3o, como a perman\u00eancia da <strong>Funda\u00e7\u00e3o Get\u00falio Vargas (FGV)<\/strong> como banca avaliadora, mas com a inser\u00e7\u00e3o do <a href=\"https:\/\/www.grupomedcof.com.br\/blog\/enamed\/\"><strong>Enamed <\/strong><\/a>como forma de ingressar nas vagas de Acesso Direto.<\/p>\n\n\n\n<p>Ao todo foram cadastradas cerca de <strong>200 institui\u00e7\u00f5es<\/strong> <strong>de sa\u00fade<\/strong>, enquanto na \u00faltima edi\u00e7\u00e3o foram registradas mais <strong>150<\/strong>. Al\u00e9m disso, <strong><a href=\"https:\/\/www.gov.br\/ebserh\/pt-br\/ensino-e-pesquisa\/exame-nacional-de-residencia-enare\/anexos-residencia-medica\/edital_01_enare_24_25_res_medica_v-f-17-07-24.pdf\" target=\"_blank\" rel=\"noreferrer noopener\">de acordo com o edital<\/a>,<\/strong> ser\u00e3o ofertadas <strong>quase 7 mil vagas para programas de resid\u00eancia m\u00e9dica<\/strong>, sendo 4.996 para Acesso Direto, o Enamed e 1.911 para os programas com pr\u00e9-requisito, o <strong>ENARE<\/strong>. Confira abaixo algumas das institui\u00e7\u00f5es aderentes:<\/p>\n\n\n\n<ul class=\"wp-block-list\">\n<li>Caixa de Assist\u00eancia dos Servidores do Estado de Mato Grosso do Sul;<\/li>\n\n\n\n<li>Universidade Federal do Cear\u00e1;<\/li>\n\n\n\n<li>Escola de Sa\u00fade P\u00fablica do Cear\u00e1 ESP-CE;<\/li>\n\n\n\n<li>Escola de Sa\u00fade P\u00fablica da Para\u00edba ESP-PB;<\/li>\n\n\n\n<li>Secretaria da Sa\u00fade do Estado do Cear\u00e1;<\/li>\n\n\n\n<li>Hospital de Emerg\u00eancia Dr Daniel Houly;<\/li>\n\n\n\n<li>Hospital Geral do Estado Prof. Osvaldo Brand\u00e3o Vilela;<\/li>\n\n\n\n<li>Hospital Metropolitano de Alagoas;<\/li>\n\n\n\n<li>Instituto Dr Jose Frota;<\/li>\n\n\n\n<li>Instituto Nacional do C\u00e2ncer;<\/li>\n\n\n\n<li>Secretaria Municipal de Sa\u00fade de Santos (SMS-Santos);<\/li>\n\n\n\n<li>Secretaria Municipal de Sa\u00fade do Rio de Janeiro (SMS-RJ);<\/li>\n\n\n\n<li>Universidade Federal de Uberl\u00e2ndia (UFU);<\/li>\n\n\n\n<li>Universidade Federal do Cariri;<\/li>\n\n\n\n<li>Universidade Federal do Rio de Janeiro (UFRJ).<\/li>\n<\/ul>\n\n\n\n<h2 class=\"wp-block-heading\" id=\"h-vagas-por-instituicoes\"><span class=\"ez-toc-section\" id=\"Vagas_por_instituicoes\"><\/span><strong>Vagas por institui\u00e7\u00f5es<\/strong><span class=\"ez-toc-section-end\"><\/span><\/h2>\n\n\n\n<p>Ademais, confira a quantidade de vagas ofertadas por cada institui\u00e7\u00e3o:<\/p>\n\n\n\n<h3 class=\"wp-block-heading\" id=\"h-sudeste\"><span class=\"ez-toc-section\" id=\"Sudeste\"><\/span><strong>Sudeste<\/strong><span class=\"ez-toc-section-end\"><\/span><\/h3>\n\n\n\n<figure class=\"wp-block-table\"><table class=\"has-fixed-layout\"><tbody><tr><td><strong>UF<\/strong><\/td><td><strong>Institui\u00e7\u00e3o<\/strong><\/td><td><strong>Vagas<\/strong><\/td><td><strong>Modalidade<\/strong><\/td><\/tr><tr><td>ES<\/td><td>Centro de Atendimento Psiqui\u00e1trico Dr. Aristides Alexandre Campos<\/td><td>03<\/td><td>Enamed<\/td><\/tr><tr><td>ES<\/td><td>Associa\u00e7\u00e3o Feminina de Educa\u00e7\u00e3o e Combate ao C\u00e2ncer &#8211; AFECC, mantenedora do Hospital Santa Rita de C\u00e1ssia &#8211; HSRC<\/td><td>09<\/td><td>Enare e Enamed<\/td><\/tr><tr><td>ES<\/td><td>Empresa Brasileira de Ensino Pesquisa e Extens\u00e3o S\/A \u2013 Multivix<\/td><td>04<\/td><td>Enamed<\/td><\/tr><tr><td>ES<\/td><td>Hospital Estadual Infantil Nossa Senhora da Gl\u00f3ria<\/td><td>13<\/td><td>Enare e Enamed<\/td><\/tr><tr><td>ES<\/td><td>Instituto Capixaba de Ensino, Pesquisa e Inova\u00e7\u00e3o em Sa\u00fade<\/td><td>33<\/td><td>Enare e Enamed<\/td><\/tr><tr><td>ES<\/td><td>Instituto do Desenvolvimento Sustent\u00e1vel, Educa\u00e7\u00e3o, Gest\u00e3o e Sa\u00fade (IDEGES)<\/td><td>20<\/td><td>Enamed<\/td><\/tr><tr><td>ES<\/td><td>Universidade Federal do Esp\u00edrito Santo<\/td><td>87<\/td><td>Enare e Enamed<\/td><\/tr><tr><td>MG<\/td><td>Hospital Regional de Barbacena Dr. Jos\u00e9 Am\u00e9rico<\/td><td>13<\/td><td>Enamed<\/td><\/tr><tr><td>MG<\/td><td>Fundo Municipal de Sa\u00fade &#8211; Secretaria Municipal de Sa\u00fade de Belo Horizonte<\/td><td>05<\/td><td>Enamed<\/td><\/tr><tr><td>MG<\/td><td>Hospital Alberto Cavalcanti<\/td><td>16<\/td><td>Enare e Enamed<\/td><\/tr><tr><td>MG<\/td><td>Hospital da Pol\u00edcia Militar de Minas Gerais<\/td><td>21<\/td><td>Enare e Enamed<\/td><\/tr><tr><td>MG<\/td><td>Hospital das Cl\u00ednicas da Universidade Federal de Minas Gerais<\/td><td>239<\/td><td>Enare e Enamed<\/td><\/tr><tr><td>MG<\/td><td>Hospital Eduardo de Menezes<\/td><td>11<\/td><td>Enamed<\/td><\/tr><tr><td>MG<\/td><td>Hospital Infantil Jo\u00e3o Paulo II<\/td><td>35<\/td><td>Enare e Enamed<\/td><\/tr><tr><td>MG<\/td><td>Hospital Jo\u00e3o XXIII<\/td><td>56<\/td><td>Enare e Enamed<\/td><\/tr><tr><td>MG<\/td><td>Hospital Julia Kubitscheck<\/td><td>33<\/td><td>Enare e Enamed<\/td><\/tr><tr><td>MG<\/td><td>Hospital Maria Am\u00e9lia Lins<\/td><td>06<\/td><td>Enare e Enamed<\/td><\/tr><tr><td>MG<\/td><td>Hospital Metropolitano Doutor C\u00e9lio de Castro<\/td><td>02<\/td><td>Enare<\/td><\/tr><tr><td>MG<\/td><td>Hospital Metropolitano Odilon Behrens<\/td><td>94<\/td><td>Enare e Enamed<\/td><\/tr><tr><td>MG<\/td><td>Instituto Raul Soares<\/td><td>12<\/td><td>Enare e Enamed<\/td><\/tr><tr><td>MG<\/td><td>Maternidade Odete Valadares<\/td><td>16<\/td><td>Enare e Enamed<\/td><\/tr><tr><td>MG<\/td><td>Fundo Municipal de Sa\u00fade &#8211; Prefeitura Municipal de Ipatinga<\/td><td>02<\/td><td>Enamed<\/td><\/tr><tr><td>MG<\/td><td>Hospital Regional Jo\u00e3o Penido<\/td><td>11<\/td><td>Enare e Enamed<\/td><\/tr><tr><td>MG<\/td><td>Universidade Federal de Juiz de Fora (UFJF)<\/td><td>72<\/td><td>Enare e Enamed<\/td><\/tr><tr><td>MG<\/td><td>Universidade Estadual de Montes Claros \/ Hospital Universit\u00e1rio Clemente de Faria<\/td><td>63<\/td><td>Enare e Enamed<\/td><\/tr><tr><td>MG<\/td><td>Funda\u00e7\u00e3o Educacional de Patos de Minas<\/td><td>05<\/td><td>Enamed<\/td><\/tr><tr><td>MG<\/td><td>Hospital Regional Ant\u00f4nio Dias<\/td><td>17<\/td><td>Enamed<\/td><\/tr><tr><td>MG<\/td><td>Universidade Federal do Tri\u00e2ngulo Mineiro<\/td><td>59<\/td><td>Enare e Enamed<\/td><\/tr><tr><td>MG<\/td><td>Universidade Federal De Uberl\u00e2ndia &#8211; UFU<\/td><td>90<\/td><td>Enamed<\/td><\/tr><tr><td>RJ<\/td><td>Instituto de Neonatologia e Pediatria &#8211; CEPLIN<\/td><td>04<\/td><td>Enare<\/td><\/tr><tr><td>RJ<\/td><td>Hospital da Pol\u00edcia Militar de Niter\u00f3i &#8211; HPM\/Nit<\/td><td>02<\/td><td>Enamed<\/td><\/tr><tr><td>RJ<\/td><td>Universidade Federal Fluminense\/Hospital Universit\u00e1rio Ant\u00f4nio Pedro<\/td><td>111<\/td><td>Enare e Enamed<\/td><\/tr><tr><td>RJ<\/td><td>Hospital Geral de Nova Igua\u00e7u<\/td><td>35<\/td><td>Enare e Enamed<\/td><\/tr><tr><td>RJ<\/td><td>Associa\u00e7\u00e3o Congrega\u00e7\u00e3o de Santa Catarina<\/td><td>06<\/td><td>Enare e Enamed<\/td><\/tr><tr><td>RJ<\/td><td>Funda\u00e7\u00e3o Octac\u00edlio Gualberto &#8211; Unifase\/FMP<\/td><td>46<\/td><td>Enare e Enamed<\/td><\/tr><tr><td>RJ<\/td><td>Centro Gerontol\u00f3gico de Aeron\u00e1utica Brigadeiro Eduardo Gomes<\/td><td>02<\/td><td>Enare<\/td><\/tr><tr><td>RJ<\/td><td>Escola Nacional de Sa\u00fade P\u00fablica<\/td><td>06<\/td><td>Enamed<\/td><\/tr><tr><td>RJ<\/td><td>Hospital Central da Aeron\u00e1utica<\/td><td>32<\/td><td>Enare e Enamed<\/td><\/tr><tr><td>RJ<\/td><td>Hospital Central do Ex\u00e9rcito<\/td><td>16<\/td><td>Enare e Enamed<\/td><\/tr><tr><td>RJ<\/td><td>Hospital de Aeron\u00e1utica dos Afonsos<\/td><td>04<\/td><td>Enamed<\/td><\/tr><tr><td>RJ<\/td><td>Hospital de For\u00e7a A\u00e9rea do Gale\u00e3o<\/td><td>40<\/td><td>Enare e Enamed<\/td><\/tr><tr><td>RJ<\/td><td>Hospital Federal da Lagoa<\/td><td>72<\/td><td>Enare e Enamed<\/td><\/tr><tr><td>RJ<\/td><td>Hospital Federal de Bonsucesso<\/td><td>81<\/td><td>Enare e Enamed<\/td><\/tr><tr><td>RJ<\/td><td>Hospital Federal de Ipanema<\/td><td>40<\/td><td>Enare e Enamed<\/td><\/tr><tr><td>RJ<\/td><td>Hospital Federal dos Servidores do Estado<\/td><td>124<\/td><td>Enare e Enamed<\/td><\/tr><tr><td>RJ<\/td><td>Instituto Nacional de C\u00e2ncer (INCA)<\/td><td>98<\/td><td>Enare e Enamed<\/td><\/tr><tr><td>RJ<\/td><td>Instituto Nacional de Cardiologia<\/td><td>48<\/td><td>Enare e Enamed<\/td><\/tr><tr><td>RJ<\/td><td>Secretaria Municipal de Sa\u00fade do Rio de Janeiro (SMS-RJ)<\/td><td>551<\/td><td>Enare e Enamed<\/td><\/tr><tr><td>RJ<\/td><td>Universidade Federal do Estado do Rio de Janeiro<\/td><td>50<\/td><td>Enamed<\/td><\/tr><tr><td>RJ<\/td><td>Universidade Federal do Rio de Janeiro (UFRJ)<\/td><td>217<\/td><td>Enare e Enamed<\/td><\/tr><tr><td>RJ<\/td><td>Hospital S\u00e3o Jo\u00e3o Batista<\/td><td>13<\/td><td>Enare e Enamed<\/td><\/tr><tr><td>RJ<\/td><td>Funda\u00e7\u00e3o Educacional Serra dos \u00d3rg\u00e3os<\/td><td>24<\/td><td>Enamed<\/td><\/tr><tr><td>RJ<\/td><td>Hospital Escola Luiz Gioseffi Jannuzzi<\/td><td>22<\/td><td>Enamed<\/td><\/tr><tr><td>RJ<\/td><td>Hospital Municipal Dr. Munir Rafful<\/td><td>17<\/td><td>Enamed<\/td><\/tr><tr><td>SP<\/td><td>Hospital S\u00e3o Leopoldo Mandic<\/td><td>21<\/td><td>Enamed<\/td><\/tr><tr><td>SP<\/td><td>Funda\u00e7\u00e3o Pio XII &#8211; Hospital de C\u00e2ncer de Barretos<\/td><td>42<\/td><td>Enare e Enamed<\/td><\/tr><tr><td>SP<\/td><td>Prefeitura Municipal de Campinas<\/td><td>28<\/td><td>Enamed<\/td><\/tr><tr><td>SP<\/td><td>Funda\u00e7\u00e3o Doutor Amaral Carvalho<\/td><td>14<\/td><td>Enare<\/td><\/tr><tr><td>SP<\/td><td>Fundo Municipal de Sa\u00fade de Cubat\u00e3o<\/td><td>16<\/td><td>Enamed<\/td><\/tr><tr><td>SP<\/td><td>Prefeitura Municipal de Guaruj\u00e1<\/td><td>10<\/td><td>Enamed<\/td><\/tr><tr><td>SP<\/td><td>Irmandade da Santa Casa de Misericordia de Marilia<\/td><td>18<\/td><td>Enare e Enamed<\/td><\/tr><tr><td>SP<\/td><td>Funda\u00e7\u00e3o de Amparo ao Ensino e Pesquisa &#8211; Universidade de Mogi das Cruzes<\/td><td>12<\/td><td>Enamed<\/td><\/tr><tr><td>SP<\/td><td>Munic\u00edpio de Piracicaba<\/td><td>26<\/td><td>Enare e Enamed<\/td><\/tr><tr><td>SP<\/td><td>Prefeitura Municipal da Estacia Balne\u00e1ria de Praia Grande<\/td><td>30<\/td><td>Enamed<\/td><\/tr><tr><td>SP<\/td><td>Universidade de Ribeir\u00e3o Preto<\/td><td>18<\/td><td>Enare e Enamed<\/td><\/tr><tr><td>SP<\/td><td>Secretaria Municipal de Sa\u00fade &#8211; Munic\u00edpio de Santos<\/td><td>14<\/td><td>Enamed<\/td><\/tr><tr><td>SP<\/td><td>Universidade Federal de S\u00e3o Carlos<\/td><td>14<\/td><td>Enamed<\/td><\/tr><tr><td>SP<\/td><td>Associa\u00e7\u00e3o Portuguesa de Benefic\u00eancia &#8211; Hospital Infante Dom Henrique de S\u00e3o Jos\u00e9 do Rio Preto\/SP<\/td><td>03<\/td><td>Enamed<\/td><\/tr><tr><td>SP<\/td><td>Hospital do Servidor P\u00fablico Municipal<\/td><td>24<\/td><td>Enare e Enamed<\/td><\/tr><tr><td>SP<\/td><td>Hospital Municipal Dr. C\u00e1rmino Caricchio<\/td><td>62<\/td><td>Enare e Enamed<\/td><\/tr><tr><td>SP<\/td><td>Hospital Municipal Dr. Fernando Mauro Pires da Rocha<\/td><td>48<\/td><td>Enamed<\/td><\/tr><tr><td>SP<\/td><td>Hospital Municipal Infantil Menino Jesus<\/td><td>24<\/td><td>Enare e Enamed<\/td><\/tr><tr><td>SP<\/td><td>Hospital Municipal Maternidade Escola Dr. M\u00e1rio de Moraes Altenfelder Silva<\/td><td>34<\/td><td>Enare e Enamed<\/td><\/tr><tr><td>SP<\/td><td>Hospital Municipal Professor Doutor Al\u00edpio Corr\u00eaa Netto<\/td><td>28<\/td><td>Enamed<\/td><\/tr><tr><td>SP<\/td><td>Instituto do C\u00e2ncer Arnaldo Vieira de Carvalho<\/td><td>10<\/td><td>Enare e Enamed<\/td><\/tr><tr><td>SP<\/td><td>Secretaria Municipal de Sa\u00fade &#8211; Resid\u00eancia M\u00e9dica em Rede &#8211; 8\u00aa Coreme<\/td><td>96<\/td><td>Enamed<\/td><\/tr><tr><td>SP<\/td><td>Uni\u00e3o Social Camiliana<\/td><td>45<\/td><td>Enare e Enamed<\/td><\/tr><tr><td>SP<\/td><td>Prefeitura Municipal de Sorocaba<\/td><td>07<\/td><td>Enamed<\/td><\/tr><tr><td>SP<\/td><td>Santa Casa de Miseric\u00f3rdia de Votuporanga<\/td><td>24<\/td><td>Enamed<\/td><\/tr><\/tbody><\/table><\/figure>\n\n\n\n<h3 class=\"wp-block-heading\" id=\"h-sul\"><span class=\"ez-toc-section\" id=\"Sul\"><\/span><strong>Sul<\/strong><span class=\"ez-toc-section-end\"><\/span><\/h3>\n\n\n\n<figure class=\"wp-block-table\"><table class=\"has-fixed-layout\"><tbody><tr><td><strong>UF<\/strong><\/td><td><strong>Institui\u00e7\u00e3o<\/strong><\/td><td><strong>Vagas<\/strong><\/td><td><strong>Modalidade<\/strong><\/td><\/tr><tr><td>PR<\/td><td>Autarquia Municipal de Sa\u00fade de Apucarana<\/td><td>05<\/td><td>Enamed<\/td><\/tr><tr><td>PR<\/td><td>Fundo Municipal de Sa\u00fade de Cascavel &#8211; Paran\u00e1<\/td><td>08<\/td><td>Enamed<\/td><\/tr><tr><td>PR<\/td><td>Universidade Federal do Paran\u00e1 &#8211; Complexo Hospital de Cl\u00ednicas<\/td><td>212<\/td><td>Enare e Enamed<\/td><\/tr><tr><td>PR<\/td><td>Prefeitura Municipal de Foz Do Igua\u00e7u<\/td><td>21<\/td><td>Enamed<\/td><\/tr><tr><td>PR<\/td><td>Munic\u00edpio de Guarapuava<\/td><td>04<\/td><td>Enamed<\/td><\/tr><tr><td>PR<\/td><td>Fundo Municipal de Sa\u00fade de Londrina<\/td><td>06<\/td><td>Enamed<\/td><\/tr><tr><td>PR<\/td><td>Fundo Municipal de Sa\u00fade de Pato Branco<\/td><td>02<\/td><td>Enamed<\/td><\/tr><tr><td>PR<\/td><td>Secretaria Municipal de Sa\u00fade de Toledo<\/td><td>02<\/td><td>Enamed<\/td><\/tr><tr><td>RS<\/td><td>UNIPAMPA<\/td><td>01<\/td><td>Enamed<\/td><\/tr><tr><td>RS<\/td><td>Universidade Federal da Fronteira Sul<\/td><td>15<\/td><td>Enare e Enamed<\/td><\/tr><tr><td>RS<\/td><td>Universidade Federal de Pelotas<\/td><td>07<\/td><td>Enare e Enamed<\/td><\/tr><tr><td>RS<\/td><td>Hospital Militar de \u00c1rea de Porto Alegre<\/td><td>01<\/td><td>Enamed<\/td><\/tr><tr><td>RS<\/td><td>Universidade Federal do Rio Grande<\/td><td>184<\/td><td>Enare e Enamed<\/td><\/tr><tr><td>RS<\/td><td>Associa\u00e7\u00e3o Hospitalar de Caridade Santa Rosa &#8211; Hospital Vida e Sa\u00fade &#8211; RS<\/td><td>08<\/td><td>Enamed<\/td><\/tr><\/tbody><\/table><\/figure>\n\n\n\n<div class=\"wp-block-group\"><div class=\"wp-block-group__inner-container is-layout-constrained wp-block-group-is-layout-constrained\">\n<h3 class=\"wp-block-heading\" id=\"h-norte\"><span class=\"ez-toc-section\" id=\"Norte\"><\/span><strong>Norte<\/strong><span class=\"ez-toc-section-end\"><\/span><\/h3>\n\n\n\n<h3 class=\"wp-block-heading\" id=\"h-\"><\/h3>\n\n\n\n<figure class=\"wp-block-table\"><table class=\"has-fixed-layout\"><tbody><tr><td><strong>UF<\/strong><\/td><td><strong>Institui\u00e7\u00e3o<\/strong><\/td><td><strong>Vagas<\/strong><\/td><td><strong>Modalidade<\/strong><\/td><\/tr><tr><td>AM<\/td><td>Funda\u00e7\u00e3o Universidade do Amazonas &#8211; FUA<\/td><td>11<\/td><td>Enare e Enamed<\/td><\/tr><tr><td>AP<\/td><td>Funda\u00e7\u00e3o Universidade Federal Do Amap\u00e1<\/td><td>23<\/td><td>Enamed<\/td><\/tr><tr><td>PA<\/td><td>Universidade Federal do Par\u00e1<\/td><td>15<\/td><td>Enare e Enamed<\/td><\/tr><tr><td>RR<\/td><td>Universidade Federal de Roraima<\/td><td>33<\/td><td>Enamed<\/td><\/tr><tr><td>TO<\/td><td>Hospital de Doen\u00e7as Tropicais da Universidade Federal do Tocantins<\/td><td>11<\/td><td>Enare e Enamed<\/td><\/tr><tr><td>TO<\/td><td>Funda\u00e7\u00e3o Universidade Federal do Tocantins<\/td><td>44<\/td><td>Enare e Enamed<\/td><\/tr><\/tbody><\/table><\/figure>\n\n\n\n<h3 class=\"wp-block-heading\" id=\"h-centro-oeste\"><span class=\"ez-toc-section\" id=\"Centro-Oeste\"><\/span><strong>Centro-Oeste<\/strong><span class=\"ez-toc-section-end\"><\/span><\/h3>\n\n\n\n<h3 class=\"wp-block-heading\" id=\"h-\"><\/h3>\n\n\n\n<figure class=\"wp-block-table\"><table class=\"has-fixed-layout\"><tbody><tr><td><strong>UF<\/strong><\/td><td><strong>Institui\u00e7\u00e3o<\/strong><\/td><td><strong>Vagas<\/strong><\/td><td><strong>Modalidade<\/strong><\/td><\/tr><tr><td>DF<\/td><td>Funda\u00e7\u00e3o Universit\u00e1ria De Cardiologia &#8211; Instituto De Cardiologia e Transplantes Do Distrito Federal<\/td><td>18<\/td><td>Enare e Enamed<\/td><\/tr><tr><td>DF<\/td><td>Hospital das For\u00e7as Armadas<\/td><td>38<\/td><td>Enare e Enamed<\/td><\/tr><tr><td>DF<\/td><td>Hospital Santa Lucia S\/A<\/td><td>18<\/td><td>Enare e Enamed<\/td><\/tr><tr><td>DF<\/td><td>ISMEP (Instituto Santa Marta de Ensino e Pesquisa)<\/td><td>06<\/td><td>Enare e Enamed<\/td><\/tr><tr><td>DF<\/td><td>Universidade de Bras\u00edlia<\/td><td>121<\/td><td>Enare e Enamed<\/td><\/tr><tr><td>GO<\/td><td>Faculdade de Medicina de Itumbiara LTDA<\/td><td>06<\/td><td>Enamed<\/td><\/tr><tr><td>MS<\/td><td>Caixa de Assist\u00eancia dos Servidores do Estado de Mato Grosso do Sul<\/td><td>12<\/td><td>Enamed<\/td><\/tr><tr><td>MS<\/td><td>Funda\u00e7\u00e3o Universidade Federal De Mato Grosso do Sul &#8211; UFMS<\/td><td>73<\/td><td>Enare e Enamed<\/td><\/tr><tr><td>MS<\/td><td>Hospital Universit\u00e1rio da Universidade Federal da Grande Dourados<\/td><td>24<\/td><td>Enare e Enamed<\/td><\/tr><tr><td>MT<\/td><td>Hospital Regional de C\u00e1ceres<\/td><td>03<\/td><td>Enamed<\/td><\/tr><tr><td>MT<\/td><td>Centro Integrado de Assist\u00eancia Psicossocial Adauto Botelho<\/td><td>02<\/td><td>Enamed<\/td><\/tr><tr><td>MT<\/td><td>Universidade Federal de Mato Grosso<\/td><td>73<\/td><td>Enare e Enamed<\/td><\/tr><tr><td>MT<\/td><td>Santa Casa de Miseric\u00f3rdia e Maternidade de Rondon\u00f3polis<\/td><td>04<\/td><td>Enamed<\/td><\/tr><tr><td>MT<\/td><td>Universidade Federal de Rondon\u00f3polis<\/td><td>06<\/td><td>Enamed<\/td><\/tr><tr><td>MT<\/td><td>Municipal Prefeitura Municipal de Sinop<\/td><td>12<\/td><td>Enamed<\/td><\/tr><tr><td>MT<\/td><td>Hospital Estadual Lousite Ferreira da Silva<\/td><td>02<\/td><td>Enamed<\/td><\/tr><\/tbody><\/table><\/figure>\n<\/div><\/div>\n\n\n\n<h3 class=\"wp-block-heading\" id=\"h-nordeste\"><span class=\"ez-toc-section\" id=\"Nordeste\"><\/span><strong>Nordeste<\/strong><span class=\"ez-toc-section-end\"><\/span><\/h3>\n\n\n\n<h3 class=\"wp-block-heading\" id=\"h-\"><\/h3>\n\n\n\n<figure class=\"wp-block-table\"><table class=\"has-fixed-layout\"><tbody><tr><td><strong>UF<\/strong><\/td><td><strong>Institui\u00e7\u00e3o<\/strong><\/td><td><strong>Vagas<\/strong><\/td><td><strong>Modalidade<\/strong><\/td><\/tr><tr><td>AL<\/td><td>Hospital de Emerg\u00eancia Dr Daniel Houly<\/td><td>12<\/td><td>Enare e Enamed<\/td><\/tr><tr><td>AL<\/td><td>Hospital do Cora\u00e7\u00e3o Alagoano Professor Adib Jatene\/Hemoal<\/td><td>05<\/td><td>Enare e Enamed<\/td><\/tr><tr><td>AL<\/td><td>Hospital Geral do Estado Prof. Osvaldo Brand\u00e3o Vilela<\/td><td>20<\/td><td>Enamed<\/td><\/tr><tr><td>AL<\/td><td>Hospital Metropolitano de Alagoas<\/td><td>11<\/td><td>Enare e Enamed<\/td><\/tr><tr><td>AL<\/td><td>Universidade Estadual de Ci\u00eancias da Sa\u00fade de Alagoas<\/td><td>26<\/td><td>Enamed<\/td><\/tr><tr><td>AL<\/td><td>Universidade Federal de Alagoas<\/td><td>71<\/td><td>Enamed<\/td><\/tr><tr><td>BA<\/td><td>Hospital Geral Cleriston Andrade<\/td><td>26<\/td><td>Enare e Enamed<\/td><\/tr><tr><td>BA<\/td><td>Hospital Geral de Guanambi<\/td><td>04<\/td><td>Enamed<\/td><\/tr><tr><td>BA<\/td><td>Hospital Regional Costa do Cacau<\/td><td>08<\/td><td>Enare e Enamed<\/td><\/tr><tr><td>BA<\/td><td>Hospital Regional Dr. M\u00e1rio Dourado Sobrinho<\/td><td>10<\/td><td>Enamed<\/td><\/tr><tr><td>BA<\/td><td>Fundo Municipal De Sa\u00fade De Juazeiro Bahia<\/td><td>10<\/td><td>Enamed<\/td><\/tr><tr><td>BA<\/td><td>Hospital Regional De Juazeiro<\/td><td>31<\/td><td>Enare e Enamed<\/td><\/tr><tr><td>BA<\/td><td>Hospital Metropolitano &#8211; Sa<\/td><td>05<\/td><td>Enamed<\/td><\/tr><tr><td>BA<\/td><td>Centro Estadual De Preven\u00e7\u00e3o E Reabilita\u00e7\u00e3o Da Pessoa Com Defici\u00eancia<\/td><td>02<\/td><td>Enamed<\/td><\/tr><tr><td>BA<\/td><td>Centro De Refer\u00eancia Estadual Para Assist\u00eancia A Diabetes E Endocrinologia<\/td><td>03<\/td><td>Enare<\/td><\/tr><tr><td>BA<\/td><td>Funda\u00e7\u00e3o Estatal de Sa\u00fade da Fam\u00edlia<\/td><td>11<\/td><td>Enamed<\/td><\/tr><tr><td>BA<\/td><td>Fundo Estadual de Sa\u00fade &#8211; Secretaria da Sa\u00fade do Estado da Bahia<\/td><td>46<\/td><td>Enare e Enamed<\/td><\/tr><tr><td>BA<\/td><td>Hospital Ana Nery<\/td><td>41<\/td><td>Enare e Enamed<\/td><\/tr><tr><td>BA<\/td><td>Hospital da Mulher Maria Luzia Costa dos Santos<\/td><td>04<\/td><td>Enare e Enamed<\/td><\/tr><tr><td>BA<\/td><td>Hospital do Sub\u00farbio \/ Prodal Sa\u00fade<\/td><td>28<\/td><td>Enare e Enamed<\/td><\/tr><tr><td>BA<\/td><td>Hospital Geral do Estado &#8211; HGE BAHIA<\/td><td>08<\/td><td>Enare<\/td><\/tr><tr><td>BA<\/td><td>Hospital Geral Ernesto Sim\u00f5es Filho<\/td><td>22<\/td><td>Enare e Enamed<\/td><\/tr><tr><td>BA<\/td><td>Hospital Geral Roberto Santos<\/td><td>117<\/td><td>Enare e Enamed<\/td><\/tr><tr><td>BA<\/td><td>Hospital Juliano Moreira<\/td><td>11<\/td><td>Enare e Enamed<\/td><\/tr><tr><td>BA<\/td><td>Hospital Ortop\u00e9dico do Estado da Bahia<\/td><td>12<\/td><td>Enare e Enamed<\/td><\/tr><tr><td>BA<\/td><td>Hospital do Oeste<\/td><td>09<\/td><td>Enamed<\/td><\/tr><tr><td>BA<\/td><td>Instituto de Ensino e Sa\u00fade S\/A<\/td><td>23<\/td><td>Enamed<\/td><\/tr><tr><td>BA<\/td><td>Instituto de Perinatologia da Bahia<\/td><td>06<\/td><td>Enamed<\/td><\/tr><tr><td>BA<\/td><td>Instituto Couto Maia<\/td><td>05<\/td><td>Enamed<\/td><\/tr><tr><td>BA<\/td><td>Universidade Federal da Bahia<\/td><td>159<\/td><td>Enare e Enamed<\/td><\/tr><tr><td>BA<\/td><td>Hospital Regional de Santo Ant\u00f4nio de Jesus<\/td><td>12<\/td><td>Enamed<\/td><\/tr><tr><td>BA<\/td><td>Hospital Estadual Costa das Baleias<\/td><td>14<\/td><td>Enamed<\/td><\/tr><tr><td>BA<\/td><td>Complexo Hospitalar de Vit\u00f3ria da Conquista<\/td><td>30<\/td><td>Enare e Enamed<\/td><\/tr><tr><td>CE<\/td><td>Hospital e Maternidade S\u00e3o Francisco de Assis<\/td><td>03<\/td><td>Enare<\/td><\/tr><tr><td>CE<\/td><td>Universidade Federal do Cariri<\/td><td>32<\/td><td>Enamed<\/td><\/tr><tr><td>CE<\/td><td>Instituto Madre Teresa De Apoio A Vida<\/td><td>02<\/td><td>Enamed<\/td><\/tr><tr><td>CE<\/td><td>Escola de Sa\u00fade P\u00fablica do Cear\u00e1 (ESP-CE)<\/td><td>81<\/td><td>Enare e Enamed<\/td><\/tr><tr><td>CE<\/td><td>Funda\u00e7\u00e3o Edson Queiroz &#8211; Universidade De Fortaleza<\/td><td>02<\/td><td>Enare<\/td><\/tr><tr><td>CE<\/td><td>FUNCIPE &#8211; Funda\u00e7\u00e3o de Ci\u00eancias e Pesquisa Maria Ione Xerez Vasconcelos<\/td><td>01<\/td><td>Enamed<\/td><\/tr><tr><td>CE<\/td><td>Instituto Dr Jose Frota<\/td><td>32<\/td><td>Enare e Enamed<\/td><\/tr><tr><td>CE<\/td><td>Irmandade Beneficente da Santa Casa da Miseric\u00f3rdia de Fortaleza<\/td><td>07<\/td><td>Enare e Enamed<\/td><\/tr><tr><td>CE<\/td><td>Secretaria da Sa\u00fade do Estado do Cear\u00e1<\/td><td>297<\/td><td>Enare e Enamed<\/td><\/tr><tr><td>CE<\/td><td>Secretaria Municipal de Sa\u00fade de Fortaleza<\/td><td>30<\/td><td>Enare e Enamed<\/td><\/tr><tr><td>CE<\/td><td>Universidade Federal do Cear\u00e1<\/td><td>172<\/td><td>Enare e Enamed<\/td><\/tr><tr><td>CE<\/td><td>Santa Casa de Miseric\u00f3rdia de Sobral\/ Universidade Federal do Cear\u00e1<\/td><td>34<\/td><td>Enare e Enamed<\/td><\/tr><tr><td>CE<\/td><td>Unimed Fortaleza Sociedade Cooperativa M\u00e9dica Ltda<\/td><td>04<\/td><td>Enamed<\/td><\/tr><tr><td>CE<\/td><td>Associa\u00e7\u00e3o Igreja Adventista Mission\u00e1ria<\/td><td>14<\/td><td>Enamed<\/td><\/tr><tr><td>CE<\/td><td>Secretaria Municipal da Sa\u00fade<\/td><td>05<\/td><td>Enamed<\/td><\/tr><tr><td>MA<\/td><td>Hospital Macrorregional Dra.Ruth Noleto<\/td><td>03<\/td><td>Enamed<\/td><\/tr><tr><td>MA<\/td><td>Maternidade de Alto Risco de Imperatriz<\/td><td>05<\/td><td>Enare e Enamed<\/td><\/tr><tr><td>MA<\/td><td>Hospital de Oncologia do Maranh\u00e3o Dr. Tarqu\u00ednio Lopes Filho<\/td><td>03<\/td><td>Enare e Enamed<\/td><\/tr><tr><td>MA<\/td><td>Hospital do C\u00e2ncer Aldenora Bello<\/td><td>02<\/td><td>Enare<\/td><\/tr><tr><td>MA<\/td><td>Hospital Dr. Carlos Macieira<\/td><td>23<\/td><td>Enare e Enamed<\/td><\/tr><tr><td>MA<\/td><td>Hospital Infantil Dr. Juv\u00eancio Matos<\/td><td>05<\/td><td>Enamed<\/td><\/tr><tr><td>MA<\/td><td>Hospital Nina Rodrigues<\/td><td>05<\/td><td>Enamed<\/td><\/tr><tr><td>MA<\/td><td>Hospital Universit\u00e1rio do Maranh\u00e3o<\/td><td>115<\/td><td>Enare e Enamed<\/td><\/tr><tr><td>MA<\/td><td>Maternidade de Alta Complexidade do Maranh\u00e3o<\/td><td>08<\/td><td>Enare<\/td><\/tr><tr><td>PB<\/td><td>Fundo Municipal De Sa\u00fade De Cabedelo<\/td><td>04<\/td><td>Enamed<\/td><\/tr><tr><td>PB<\/td><td>Centro de Forma\u00e7\u00e3o de Professores da Universidade Federal de Campina Grande<\/td><td>08<\/td><td>Enamed<\/td><\/tr><tr><td>PB<\/td><td>Hospital Universit\u00e1rio J\u00falio Bandeira<\/td><td>04<\/td><td>Enamed<\/td><\/tr><tr><td>PB<\/td><td>Hospital Universit\u00e1rio Alcides Carneiro\/UFCG<\/td><td>32<\/td><td>Enare e Enamed<\/td><\/tr><tr><td>PB<\/td><td>Secretaria de Sa\u00fade de Campina Grande<\/td><td>33<\/td><td>Enare e Enamed<\/td><\/tr><tr><td>PB<\/td><td>Escola de Sa\u00fade P\u00fablica da Para\u00edba ESP-PB<\/td><td>75<\/td><td>Enare e Enamed<\/td><\/tr><tr><td>PB<\/td><td>Universidade Federal Da Para\u00edba UFPB<\/td><td>79<\/td><td>Enare e Enamed<\/td><\/tr><tr><td>PB<\/td><td>Fundo Municipal De Sa\u00fade de Mamanguape<\/td><td>03<\/td><td>Enamed<\/td><\/tr><tr><td>PE<\/td><td>Universidade Federal do Vale do S\u00e3o Francisco &#8211; UNIVASF<\/td><td>34<\/td><td>Enare e Enamed<\/td><\/tr><tr><td>PE<\/td><td>Universidade Federal de Pernambuco<\/td><td>61<\/td><td>Enare e Enamed<\/td><\/tr><tr><td>PI<\/td><td>Associa\u00e7\u00e3o Piauiense de Combate ao C\u00e2ncer Alcenor Almeida<\/td><td>135<\/td><td>Enare e Enamed<\/td><\/tr><tr><td>PI<\/td><td>Centro Hospitalar e Maternidade Santa F\u00e9<\/td><td>02<\/td><td>Enare<\/td><\/tr><tr><td>PI<\/td><td>Hospital Infantil Luc\u00eddio Portella<\/td><td>11<\/td><td>Enare e Enamed<\/td><\/tr><tr><td>PI<\/td><td>Hospital Universit\u00e1rio da Universidade Federal do Piau\u00ed<\/td><td>72<\/td><td>Enare e Enamed<\/td><\/tr><tr><td>RN<\/td><td>Hospital Geral Dr. Jo\u00e3o Machado<\/td><td>02<\/td><td>Enamed<\/td><\/tr><tr><td>RN<\/td><td>Hospital Jos\u00e9 Pedro Bezerra<\/td><td>05<\/td><td>Enare<\/td><\/tr><tr><td>RN<\/td><td>Hospital Monsenhor Walfredo Gurgel<\/td><td>04<\/td><td>Enamed<\/td><\/tr><tr><td>RN<\/td><td>Liga Norte-Riograndense Contra o C\u00e2ncer<\/td><td>15<\/td><td>Enare e Enamed<\/td><\/tr><tr><td>RN<\/td><td>Sociedade Professor Heitor Carrilho<\/td><td>03<\/td><td>Enamed<\/td><\/tr><tr><td>RN<\/td><td>Universidade Federal do Rio Grande do Norte<\/td><td>140<\/td><td>Enare e Enamed<\/td><\/tr><tr><td>SE<\/td><td>Associa\u00e7\u00e3o Aracajuana de Benefic\u00eancia<\/td><td>12<\/td><td>Enare e Enamed<\/td><\/tr><tr><td>SE<\/td><td>Unit &#8211; Universidade Tiradentes (SE)<\/td><td>19<\/td><td>Enamed<\/td><\/tr><tr><td>SE<\/td><td>Universidade Federal de Sergipe<\/td><td>84<\/td><td>Enare e Enamed<\/td><\/tr><\/tbody><\/table><\/figure>\n\n\n\n<h2 class=\"wp-block-heading\" id=\"h-notas-de-corte-por-instituicao-do-enare\"><span class=\"ez-toc-section\" id=\"Notas_de_corte_por_Instituicao_do_ENARE\"><\/span><strong>Notas de corte por Institui\u00e7\u00e3o do ENARE<\/strong><span class=\"ez-toc-section-end\"><\/span><\/h2>\n\n\n\n<p>O resultado da primeira etapa do ENARE \u00e9 obtido atrav\u00e9s de uma <strong>soma aritm\u00e9tica dos pontos<\/strong> alcan\u00e7ados pelos candidatos que, conseguindo uma pontua\u00e7\u00e3o necess\u00e1ria, ser\u00e3o classificados para a segunda fase do processo.<\/p>\n\n\n\n<p>Como informa o edital, as notas de corte do ENARE s\u00e3o divulgadas pela pr\u00f3pria institui\u00e7\u00e3o ap\u00f3s a divulga\u00e7\u00e3o dos resultados individuais, contendo assim as notas correspondentes para cada organiza\u00e7\u00e3o. Em uma publica\u00e7\u00e3o no blog, o <strong>Grupo MedCof<\/strong> compilou as<strong> <\/strong><a href=\"https:\/\/www.grupomedcof.com.br\/blog\/notas-de-corte-enare\/\"><strong>notas de corte<\/strong><\/a> presentes na \u00faltima edi\u00e7\u00e3o do ENARE.<\/p>\n\n\n\n<h2 class=\"wp-block-heading\" id=\"h-posso-escolher-a-instituicao-da-minha-residencia-no-enare\"><span class=\"ez-toc-section\" id=\"Posso_escolher_a_instituicao_da_minha_residencia_no_ENARE\"><\/span><strong><strong>Posso escolher a institui\u00e7\u00e3o da minha resid\u00eancia no ENARE?<\/strong><\/strong><span class=\"ez-toc-section-end\"><\/span><\/h2>\n\n\n\n<p>Sendo um processo de abrang\u00eancia nacional, o <strong>ENARE\/Enamed <\/strong>possui um grande n\u00famero de institui\u00e7\u00f5es parceiras que, atrav\u00e9s deste exame, ofertam vagas de resid\u00eancia m\u00e9dica de diversas especialidades<\/p>\n\n\n\n<p>Vale lembrar que a escolha das institui\u00e7\u00f5es, assim como as especialidades ofertadas, pode ser realizada em at\u00e9 tr\u00eas momentos distintos durante o processo, ou seja, mesmo que haja uma escolha inicial de uma organiza\u00e7\u00e3o e os programas oferecidos, ainda podem ser trocadas mais duas vezes. Na <strong>atual edi\u00e7\u00e3o<\/strong>, foram separadas da seguinte forma:<\/p>\n\n\n\n<figure class=\"wp-block-table\"><table class=\"has-fixed-layout\"><tbody><tr><td><strong>Ajuste de programas e vagas pelas institui\u00e7\u00f5es&nbsp;<\/strong><\/td><td><strong>Data<\/strong><\/td><\/tr><tr><td>1\u00aa oportunidade para escolha para admiss\u00e3o<\/td><td>22 a 23\/01\/2026<\/td><\/tr><tr><td>Resultado 1\u00aa oportunidade<\/td><td>26\/01\/2026<\/td><\/tr><tr><td>2\u00aa oportunidade para escolha para admiss\u00e3o<\/td><td>27 a 28\/01\/2026<\/td><\/tr><tr><td>Resultado 2\u00aa oportunidade<\/td><td>30\/01\/2026<\/td><\/tr><tr><td>3\u00aa oportunidade para escolha para admiss\u00e3o<\/td><td>02 a 03\/02\/2026<\/td><\/tr><tr><td>Resultado 3\u00aa oportunidade<\/td><td>05\/02\/2026&nbsp;<\/td><\/tr><\/tbody><\/table><\/figure>\n\n\n\n<h2 class=\"wp-block-heading\" id=\"h-quais-sao-os-criterios-para-as-instituicoes-participarem-do-enare\"><span class=\"ez-toc-section\" id=\"Quais_sao_os_criterios_para_as_instituicoes_participarem_do_ENARE\"><\/span><strong>Quais s\u00e3o os crit\u00e9rios para as institui\u00e7\u00f5es participarem do ENARE?<\/strong><span class=\"ez-toc-section-end\"><\/span><\/h2>\n\n\n\n<h3 class=\"wp-block-heading\" id=\"h-a-adesao-das-instituicoes-ao-enare\"><span class=\"ez-toc-section\" id=\"_A_adesao_das_instituicoes_ao_Enare\"><\/span><strong>&nbsp;A ades\u00e3o das institui\u00e7\u00f5es ao Enare<\/strong><span class=\"ez-toc-section-end\"><\/span><\/h3>\n\n\n\n<p>A <a href=\"https:\/\/www.grupomedcof.com.br\/blog\/enare-2024-prorroga-periodo-de-adesao-das-instituicoes\/\">ades\u00e3o de institui\u00e7\u00f5es<\/a> ao <strong>Exame Nacional de Resid\u00eancia<\/strong> ocorre, primeiramente, pelo cadastro na plataforma do pr\u00f3prio Governo Federal, em especial na p\u00e1gina da <strong>Empresa Brasileira de Servi\u00e7os Hospitalares (EBSERH)<\/strong>. A inscri\u00e7\u00e3o \u00e9 gratuita e feita online.<br><br>As organiza\u00e7\u00f5es que quiserem ofertar seus programas de resili\u00eancia m\u00e9dica devem atender, sobretudo, a crit\u00e9rios estabelecidos pelo EBSERH, que define que institui\u00e7\u00e3o participante seja p\u00fablica ou privada, podendo ser sem fins lucrativos e que s\u00e3o ofertantes de programas de resid\u00eancia m\u00e9dica, multiprofissional e uniprofissional autorizado pelo <strong>Minist\u00e9rio da Educa\u00e7\u00e3o<\/strong>. <\/p>\n\n\n\n<p>Al\u00e9m disso, devem conter fonte financiadora garantido, visando o pagamento de bolsa para os residentes.<\/p>\n\n\n\n<h2 class=\"wp-block-heading\" id=\"prepare-se-para-o-enare-2025\"><span class=\"ez-toc-section\" id=\"Prepare-se_para_o_Enare_2026\"><\/span><strong><strong>Prepare-se para o Enare 2026!<\/strong><\/strong><span class=\"ez-toc-section-end\"><\/span><\/h2>\n\n\n\n<p>Conquiste sua aprova\u00e7\u00e3o com o MedCof! Aqui possu\u00edmos um cat\u00e1logo repleto de aulas de com especialistas e um banco de quest\u00f5es completo e com intelig\u00eancia artificial.<\/p>\n\n\n\n<p>Sendo assim, confira abaixo o v\u00eddeo do Dr. Jo\u00e3o, aprovado em 1\u00b0 lugar no Enare em Cirurgia Pl\u00e1stica:<\/p>\n\n\n\n<figure class=\"wp-block-embed is-type-video is-provider-youtube wp-block-embed-youtube wp-embed-aspect-16-9 wp-has-aspect-ratio\"><div class=\"wp-block-embed__wrapper\">\n<iframe loading=\"lazy\" title=\"Aprova\u00e7\u00e3o na Resid\u00eancia M\u00e9dica do ENARE - 1\u00ba Lugar em Cirurgia Pl\u00e1stica\" width=\"696\" height=\"392\" src=\"https:\/\/www.youtube.com\/embed\/rAAYlQly7GU?feature=oembed\" frameborder=\"0\" allow=\"accelerometer; autoplay; clipboard-write; encrypted-media; gyroscope; picture-in-picture; web-share\" referrerpolicy=\"strict-origin-when-cross-origin\" allowfullscreen><\/iframe>\n<\/div><\/figure>\n","protected":false},"excerpt":{"rendered":"<p>Institui\u00e7\u00f5es participantes ENARE 2025\/2026 \u00b7 Confira as vagas por institui\u00e7\u00f5es em cada regi\u00e3o do Brasil.<\/p>\n","protected":false},"author":10,"featured_media":27931,"comment_status":"open","ping_status":"open","sticky":false,"template":"","format":"standard","meta":{"footnotes":""},"categories":[174],"tags":[29,1431,1451,1452,117,68],"ppma_author":[3613],"class_list":{"0":"post-27912","1":"post","2":"type-post","3":"status-publish","4":"format-standard","5":"has-post-thumbnail","7":"category-residencia-medica","8":"tag-enare","9":"tag-enare-2025","10":"tag-instituicoes","11":"tag-provas","12":"tag-provas-de-residencia","13":"tag-residencia-medica"},"yoast_head":"<!-- This site is optimized with the Yoast SEO Premium plugin v24.3 (Yoast SEO v27.4) - https:\/\/yoast.com\/product\/yoast-seo-premium-wordpress\/ -->\n<title>Enare 2025\/2026: institui\u00e7\u00f5es participantes e vagas confirmadas<\/title>\n<meta name=\"description\" content=\"Institui\u00e7\u00f5es participantes ENARE 2025\/2026. Confira as vagas por institui\u00e7\u00f5es em cada regi\u00e3o do Brasil. Prepare-se para o Enare 2026 com a MedCof!\" \/>\n<meta name=\"robots\" content=\"index, follow, max-snippet:-1, max-image-preview:large, max-video-preview:-1\" \/>\n<link rel=\"canonical\" href=\"https:\/\/www.grupomedcof.com.br\/blog\/enare-instituicoes-participantes\/\" \/>\n<meta property=\"og:locale\" content=\"pt_BR\" \/>\n<meta property=\"og:type\" content=\"article\" \/>\n<meta property=\"og:title\" content=\"Enare 2025\/2026: confira as institui\u00e7\u00f5es participantes e vagas\" \/>\n<meta property=\"og:description\" content=\"Institui\u00e7\u00f5es participantes ENARE 2025\/2026. Confira as vagas por institui\u00e7\u00f5es em cada regi\u00e3o do Brasil. Prepare-se para o Enare 2026 com a MedCof!\" \/>\n<meta property=\"og:url\" content=\"https:\/\/www.grupomedcof.com.br\/blog\/enare-instituicoes-participantes\/\" \/>\n<meta property=\"og:site_name\" content=\"Blog de Medcof: conte\u00fados, editais, revalida e mais!\" \/>\n<meta property=\"article:publisher\" content=\"https:\/\/www.facebook.com\/MedCofQbank\/\" \/>\n<meta property=\"article:published_time\" content=\"2025-06-24T13:10:00+00:00\" \/>\n<meta property=\"article:modified_time\" content=\"2025-08-07T16:55:43+00:00\" \/>\n<meta property=\"og:image\" content=\"https:\/\/www.grupomedcof.com.br\/blog\/wp-content\/uploads\/2024\/07\/Modelo-instituicoes-16.png\" \/>\n\t<meta property=\"og:image:width\" content=\"2560\" \/>\n\t<meta property=\"og:image:height\" content=\"1440\" \/>\n\t<meta property=\"og:image:type\" content=\"image\/png\" \/>\n<meta name=\"author\" content=\"Grupo MedCof\" \/>\n<meta name=\"twitter:card\" content=\"summary_large_image\" \/>\n<meta name=\"twitter:label1\" content=\"Escrito por\" \/>\n\t<meta name=\"twitter:data1\" content=\"Grupo MedCof\" \/>\n\t<meta name=\"twitter:label2\" content=\"Est. tempo de leitura\" \/>\n\t<meta name=\"twitter:data2\" content=\"16 minutos\" \/>\n<script type=\"application\/ld+json\" class=\"yoast-schema-graph\">{\"@context\":\"https:\\\/\\\/schema.org\",\"@graph\":[{\"@type\":\"Article\",\"@id\":\"https:\\\/\\\/www.grupomedcof.com.br\\\/blog\\\/enare-instituicoes-participantes\\\/#article\",\"isPartOf\":{\"@id\":\"https:\\\/\\\/www.grupomedcof.com.br\\\/blog\\\/enare-instituicoes-participantes\\\/\"},\"author\":{\"name\":\"Grupo MedCof\",\"@id\":\"https:\\\/\\\/www.grupomedcof.com.br\\\/blog\\\/#\\\/schema\\\/person\\\/5e56a3921255c01181f3d8c20d53f9c0\"},\"headline\":\"Enare 2025\\\/2026: confira as institui\u00e7\u00f5es participantes e vagas\",\"datePublished\":\"2025-06-24T13:10:00+00:00\",\"dateModified\":\"2025-08-07T16:55:43+00:00\",\"mainEntityOfPage\":{\"@id\":\"https:\\\/\\\/www.grupomedcof.com.br\\\/blog\\\/enare-instituicoes-participantes\\\/\"},\"wordCount\":2896,\"commentCount\":0,\"publisher\":{\"@id\":\"https:\\\/\\\/www.grupomedcof.com.br\\\/blog\\\/#organization\"},\"image\":{\"@id\":\"https:\\\/\\\/www.grupomedcof.com.br\\\/blog\\\/enare-instituicoes-participantes\\\/#primaryimage\"},\"thumbnailUrl\":\"https:\\\/\\\/www.grupomedcof.com.br\\\/blog\\\/wp-content\\\/uploads\\\/2024\\\/07\\\/Modelo-instituicoes-16.png\",\"keywords\":[\"ENARE\",\"ENARE 2025\",\"Institui\u00e7\u00f5es\",\"Provas\",\"Provas de Resid\u00eancia\",\"Resid\u00eancia M\u00e9dica\"],\"articleSection\":[\"Resid\u00eancia m\u00e9dica: editais, resultados, temas quentes e mais\"],\"inLanguage\":\"pt-BR\"},{\"@type\":\"WebPage\",\"@id\":\"https:\\\/\\\/www.grupomedcof.com.br\\\/blog\\\/enare-instituicoes-participantes\\\/\",\"url\":\"https:\\\/\\\/www.grupomedcof.com.br\\\/blog\\\/enare-instituicoes-participantes\\\/\",\"name\":\"Enare 2025\\\/2026: institui\u00e7\u00f5es participantes e vagas confirmadas\",\"isPartOf\":{\"@id\":\"https:\\\/\\\/www.grupomedcof.com.br\\\/blog\\\/#website\"},\"primaryImageOfPage\":{\"@id\":\"https:\\\/\\\/www.grupomedcof.com.br\\\/blog\\\/enare-instituicoes-participantes\\\/#primaryimage\"},\"image\":{\"@id\":\"https:\\\/\\\/www.grupomedcof.com.br\\\/blog\\\/enare-instituicoes-participantes\\\/#primaryimage\"},\"thumbnailUrl\":\"https:\\\/\\\/www.grupomedcof.com.br\\\/blog\\\/wp-content\\\/uploads\\\/2024\\\/07\\\/Modelo-instituicoes-16.png\",\"datePublished\":\"2025-06-24T13:10:00+00:00\",\"dateModified\":\"2025-08-07T16:55:43+00:00\",\"description\":\"Institui\u00e7\u00f5es participantes ENARE 2025\\\/2026. Confira as vagas por institui\u00e7\u00f5es em cada regi\u00e3o do Brasil. Prepare-se para o Enare 2026 com a MedCof!\",\"breadcrumb\":{\"@id\":\"https:\\\/\\\/www.grupomedcof.com.br\\\/blog\\\/enare-instituicoes-participantes\\\/#breadcrumb\"},\"inLanguage\":\"pt-BR\",\"potentialAction\":[{\"@type\":\"ReadAction\",\"target\":[\"https:\\\/\\\/www.grupomedcof.com.br\\\/blog\\\/enare-instituicoes-participantes\\\/\"]}]},{\"@type\":\"ImageObject\",\"inLanguage\":\"pt-BR\",\"@id\":\"https:\\\/\\\/www.grupomedcof.com.br\\\/blog\\\/enare-instituicoes-participantes\\\/#primaryimage\",\"url\":\"https:\\\/\\\/www.grupomedcof.com.br\\\/blog\\\/wp-content\\\/uploads\\\/2024\\\/07\\\/Modelo-instituicoes-16.png\",\"contentUrl\":\"https:\\\/\\\/www.grupomedcof.com.br\\\/blog\\\/wp-content\\\/uploads\\\/2024\\\/07\\\/Modelo-instituicoes-16.png\",\"width\":2560,\"height\":1440,\"caption\":\"Logo com escrita do ENARE. No canto inferior direito est\u00e1 presente o logo com a escrita \\\"MedCof\\\"\"},{\"@type\":\"BreadcrumbList\",\"@id\":\"https:\\\/\\\/www.grupomedcof.com.br\\\/blog\\\/enare-instituicoes-participantes\\\/#breadcrumb\",\"itemListElement\":[{\"@type\":\"ListItem\",\"position\":1,\"name\":\"In\u00edcio\",\"item\":\"https:\\\/\\\/www.grupomedcof.com.br\\\/blog\\\/\"},{\"@type\":\"ListItem\",\"position\":2,\"name\":\"Enare 2025\\\/2026: confira as institui\u00e7\u00f5es participantes e vagas\"}]},{\"@type\":\"WebSite\",\"@id\":\"https:\\\/\\\/www.grupomedcof.com.br\\\/blog\\\/#website\",\"url\":\"https:\\\/\\\/www.grupomedcof.com.br\\\/blog\\\/\",\"name\":\"Blog de Medcof: conte\u00fados, editais, revalida e mais!\",\"description\":\"Acesso o blog de MedCof! Seu portal de conte\u00fados sobre resid\u00eancia m\u00e9dica, an\u00e1lise e editais e muito mais. Clique e confira!\",\"publisher\":{\"@id\":\"https:\\\/\\\/www.grupomedcof.com.br\\\/blog\\\/#organization\"},\"alternateName\":\"Blog de Medcof: conte\u00fados, editais, revalida e mais!\",\"potentialAction\":[{\"@type\":\"SearchAction\",\"target\":{\"@type\":\"EntryPoint\",\"urlTemplate\":\"https:\\\/\\\/www.grupomedcof.com.br\\\/blog\\\/?s={search_term_string}\"},\"query-input\":{\"@type\":\"PropertyValueSpecification\",\"valueRequired\":true,\"valueName\":\"search_term_string\"}}],\"inLanguage\":\"pt-BR\"},{\"@type\":\"Organization\",\"@id\":\"https:\\\/\\\/www.grupomedcof.com.br\\\/blog\\\/#organization\",\"name\":\"Grupo MedCof\",\"url\":\"https:\\\/\\\/www.grupomedcof.com.br\\\/blog\\\/\",\"logo\":{\"@type\":\"ImageObject\",\"inLanguage\":\"pt-BR\",\"@id\":\"https:\\\/\\\/www.grupomedcof.com.br\\\/blog\\\/#\\\/schema\\\/logo\\\/image\\\/\",\"url\":\"https:\\\/\\\/www.grupomedcof.com.br\\\/blog\\\/wp-content\\\/uploads\\\/2022\\\/01\\\/logo-medcof.png\",\"contentUrl\":\"https:\\\/\\\/www.grupomedcof.com.br\\\/blog\\\/wp-content\\\/uploads\\\/2022\\\/01\\\/logo-medcof.png\",\"width\":768,\"height\":269,\"caption\":\"Grupo MedCof\"},\"image\":{\"@id\":\"https:\\\/\\\/www.grupomedcof.com.br\\\/blog\\\/#\\\/schema\\\/logo\\\/image\\\/\"},\"sameAs\":[\"https:\\\/\\\/www.facebook.com\\\/MedCofQbank\\\/\",\"https:\\\/\\\/www.instagram.com\\\/grupomedcof\\\/\",\"https:\\\/\\\/br.linkedin.com\\\/company\\\/medcof\",\"https:\\\/\\\/www.youtube.com\\\/channel\\\/UCdHMuOHKICxcHwecxN8P-AA\"]},{\"@type\":\"Person\",\"@id\":\"https:\\\/\\\/www.grupomedcof.com.br\\\/blog\\\/#\\\/schema\\\/person\\\/5e56a3921255c01181f3d8c20d53f9c0\",\"name\":\"Grupo MedCof\",\"image\":{\"@type\":\"ImageObject\",\"inLanguage\":\"pt-BR\",\"@id\":\"https:\\\/\\\/www.grupomedcof.com.br\\\/blog\\\/wp-content\\\/uploads\\\/2023\\\/04\\\/cropped-cropped-cropped-cropped-logo-96x96.png28585d174f19c23095510da5f63bc127\",\"url\":\"https:\\\/\\\/www.grupomedcof.com.br\\\/blog\\\/wp-content\\\/uploads\\\/2023\\\/04\\\/cropped-cropped-cropped-cropped-logo-96x96.png\",\"contentUrl\":\"https:\\\/\\\/www.grupomedcof.com.br\\\/blog\\\/wp-content\\\/uploads\\\/2023\\\/04\\\/cropped-cropped-cropped-cropped-logo-96x96.png\",\"caption\":\"Grupo MedCof\"},\"description\":\"Tendo aulas baseadas em quest\u00f5es, + de 115 subespecialistas dispon\u00edveis e uma metodologia \u00fanica, voc\u00ea pode se juntar ao nosso time que conta com mais de 10 mil ...\",\"url\":\"https:\\\/\\\/www.grupomedcof.com.br\\\/blog\\\/author\\\/grupo-medcof\\\/\"}]}<\/script>\n<!-- \/ Yoast SEO Premium plugin. -->","yoast_head_json":{"title":"Enare 2025\/2026: institui\u00e7\u00f5es participantes e vagas confirmadas","description":"Institui\u00e7\u00f5es participantes ENARE 2025\/2026. Confira as vagas por institui\u00e7\u00f5es em cada regi\u00e3o do Brasil. Prepare-se para o Enare 2026 com a MedCof!","robots":{"index":"index","follow":"follow","max-snippet":"max-snippet:-1","max-image-preview":"max-image-preview:large","max-video-preview":"max-video-preview:-1"},"canonical":"https:\/\/www.grupomedcof.com.br\/blog\/enare-instituicoes-participantes\/","og_locale":"pt_BR","og_type":"article","og_title":"Enare 2025\/2026: confira as institui\u00e7\u00f5es participantes e vagas","og_description":"Institui\u00e7\u00f5es participantes ENARE 2025\/2026. Confira as vagas por institui\u00e7\u00f5es em cada regi\u00e3o do Brasil. Prepare-se para o Enare 2026 com a MedCof!","og_url":"https:\/\/www.grupomedcof.com.br\/blog\/enare-instituicoes-participantes\/","og_site_name":"Blog de Medcof: conte\u00fados, editais, revalida e mais!","article_publisher":"https:\/\/www.facebook.com\/MedCofQbank\/","article_published_time":"2025-06-24T13:10:00+00:00","article_modified_time":"2025-08-07T16:55:43+00:00","og_image":[{"width":2560,"height":1440,"url":"https:\/\/www.grupomedcof.com.br\/blog\/wp-content\/uploads\/2024\/07\/Modelo-instituicoes-16.png","type":"image\/png"}],"author":"Grupo MedCof","twitter_card":"summary_large_image","twitter_misc":{"Escrito por":"Grupo MedCof","Est. tempo de leitura":"16 minutos"},"schema":{"@context":"https:\/\/schema.org","@graph":[{"@type":"Article","@id":"https:\/\/www.grupomedcof.com.br\/blog\/enare-instituicoes-participantes\/#article","isPartOf":{"@id":"https:\/\/www.grupomedcof.com.br\/blog\/enare-instituicoes-participantes\/"},"author":{"name":"Grupo MedCof","@id":"https:\/\/www.grupomedcof.com.br\/blog\/#\/schema\/person\/5e56a3921255c01181f3d8c20d53f9c0"},"headline":"Enare 2025\/2026: confira as institui\u00e7\u00f5es participantes e vagas","datePublished":"2025-06-24T13:10:00+00:00","dateModified":"2025-08-07T16:55:43+00:00","mainEntityOfPage":{"@id":"https:\/\/www.grupomedcof.com.br\/blog\/enare-instituicoes-participantes\/"},"wordCount":2896,"commentCount":0,"publisher":{"@id":"https:\/\/www.grupomedcof.com.br\/blog\/#organization"},"image":{"@id":"https:\/\/www.grupomedcof.com.br\/blog\/enare-instituicoes-participantes\/#primaryimage"},"thumbnailUrl":"https:\/\/www.grupomedcof.com.br\/blog\/wp-content\/uploads\/2024\/07\/Modelo-instituicoes-16.png","keywords":["ENARE","ENARE 2025","Institui\u00e7\u00f5es","Provas","Provas de Resid\u00eancia","Resid\u00eancia M\u00e9dica"],"articleSection":["Resid\u00eancia m\u00e9dica: editais, resultados, temas quentes e mais"],"inLanguage":"pt-BR"},{"@type":"WebPage","@id":"https:\/\/www.grupomedcof.com.br\/blog\/enare-instituicoes-participantes\/","url":"https:\/\/www.grupomedcof.com.br\/blog\/enare-instituicoes-participantes\/","name":"Enare 2025\/2026: institui\u00e7\u00f5es participantes e vagas confirmadas","isPartOf":{"@id":"https:\/\/www.grupomedcof.com.br\/blog\/#website"},"primaryImageOfPage":{"@id":"https:\/\/www.grupomedcof.com.br\/blog\/enare-instituicoes-participantes\/#primaryimage"},"image":{"@id":"https:\/\/www.grupomedcof.com.br\/blog\/enare-instituicoes-participantes\/#primaryimage"},"thumbnailUrl":"https:\/\/www.grupomedcof.com.br\/blog\/wp-content\/uploads\/2024\/07\/Modelo-instituicoes-16.png","datePublished":"2025-06-24T13:10:00+00:00","dateModified":"2025-08-07T16:55:43+00:00","description":"Institui\u00e7\u00f5es participantes ENARE 2025\/2026. Confira as vagas por institui\u00e7\u00f5es em cada regi\u00e3o do Brasil. Prepare-se para o Enare 2026 com a MedCof!","breadcrumb":{"@id":"https:\/\/www.grupomedcof.com.br\/blog\/enare-instituicoes-participantes\/#breadcrumb"},"inLanguage":"pt-BR","potentialAction":[{"@type":"ReadAction","target":["https:\/\/www.grupomedcof.com.br\/blog\/enare-instituicoes-participantes\/"]}]},{"@type":"ImageObject","inLanguage":"pt-BR","@id":"https:\/\/www.grupomedcof.com.br\/blog\/enare-instituicoes-participantes\/#primaryimage","url":"https:\/\/www.grupomedcof.com.br\/blog\/wp-content\/uploads\/2024\/07\/Modelo-instituicoes-16.png","contentUrl":"https:\/\/www.grupomedcof.com.br\/blog\/wp-content\/uploads\/2024\/07\/Modelo-instituicoes-16.png","width":2560,"height":1440,"caption":"Logo com escrita do ENARE. No canto inferior direito est\u00e1 presente o logo com a escrita \"MedCof\""},{"@type":"BreadcrumbList","@id":"https:\/\/www.grupomedcof.com.br\/blog\/enare-instituicoes-participantes\/#breadcrumb","itemListElement":[{"@type":"ListItem","position":1,"name":"In\u00edcio","item":"https:\/\/www.grupomedcof.com.br\/blog\/"},{"@type":"ListItem","position":2,"name":"Enare 2025\/2026: confira as institui\u00e7\u00f5es participantes e vagas"}]},{"@type":"WebSite","@id":"https:\/\/www.grupomedcof.com.br\/blog\/#website","url":"https:\/\/www.grupomedcof.com.br\/blog\/","name":"Blog de Medcof: conte\u00fados, editais, revalida e mais!","description":"Acesso o blog de MedCof! Seu portal de conte\u00fados sobre resid\u00eancia m\u00e9dica, an\u00e1lise e editais e muito mais. Clique e confira!","publisher":{"@id":"https:\/\/www.grupomedcof.com.br\/blog\/#organization"},"alternateName":"Blog de Medcof: conte\u00fados, editais, revalida e mais!","potentialAction":[{"@type":"SearchAction","target":{"@type":"EntryPoint","urlTemplate":"https:\/\/www.grupomedcof.com.br\/blog\/?s={search_term_string}"},"query-input":{"@type":"PropertyValueSpecification","valueRequired":true,"valueName":"search_term_string"}}],"inLanguage":"pt-BR"},{"@type":"Organization","@id":"https:\/\/www.grupomedcof.com.br\/blog\/#organization","name":"Grupo MedCof","url":"https:\/\/www.grupomedcof.com.br\/blog\/","logo":{"@type":"ImageObject","inLanguage":"pt-BR","@id":"https:\/\/www.grupomedcof.com.br\/blog\/#\/schema\/logo\/image\/","url":"https:\/\/www.grupomedcof.com.br\/blog\/wp-content\/uploads\/2022\/01\/logo-medcof.png","contentUrl":"https:\/\/www.grupomedcof.com.br\/blog\/wp-content\/uploads\/2022\/01\/logo-medcof.png","width":768,"height":269,"caption":"Grupo MedCof"},"image":{"@id":"https:\/\/www.grupomedcof.com.br\/blog\/#\/schema\/logo\/image\/"},"sameAs":["https:\/\/www.facebook.com\/MedCofQbank\/","https:\/\/www.instagram.com\/grupomedcof\/","https:\/\/br.linkedin.com\/company\/medcof","https:\/\/www.youtube.com\/channel\/UCdHMuOHKICxcHwecxN8P-AA"]},{"@type":"Person","@id":"https:\/\/www.grupomedcof.com.br\/blog\/#\/schema\/person\/5e56a3921255c01181f3d8c20d53f9c0","name":"Grupo MedCof","image":{"@type":"ImageObject","inLanguage":"pt-BR","@id":"https:\/\/www.grupomedcof.com.br\/blog\/wp-content\/uploads\/2023\/04\/cropped-cropped-cropped-cropped-logo-96x96.png28585d174f19c23095510da5f63bc127","url":"https:\/\/www.grupomedcof.com.br\/blog\/wp-content\/uploads\/2023\/04\/cropped-cropped-cropped-cropped-logo-96x96.png","contentUrl":"https:\/\/www.grupomedcof.com.br\/blog\/wp-content\/uploads\/2023\/04\/cropped-cropped-cropped-cropped-logo-96x96.png","caption":"Grupo MedCof"},"description":"Tendo aulas baseadas em quest\u00f5es, + de 115 subespecialistas dispon\u00edveis e uma metodologia \u00fanica, voc\u00ea pode se juntar ao nosso time que conta com mais de 10 mil ...","url":"https:\/\/www.grupomedcof.com.br\/blog\/author\/grupo-medcof\/"}]}},"authors":[{"term_id":3613,"user_id":10,"is_guest":0,"slug":"grupo-medcof","display_name":"Grupo MedCof","avatar_url":"https:\/\/www.grupomedcof.com.br\/blog\/wp-content\/uploads\/2023\/04\/cropped-cropped-cropped-cropped-logo-96x96.png","0":null,"1":"","2":"","3":"","4":"","5":"","6":"","7":"","8":""}],"_links":{"self":[{"href":"https:\/\/www.grupomedcof.com.br\/blog\/wp-json\/wp\/v2\/posts\/27912","targetHints":{"allow":["GET"]}}],"collection":[{"href":"https:\/\/www.grupomedcof.com.br\/blog\/wp-json\/wp\/v2\/posts"}],"about":[{"href":"https:\/\/www.grupomedcof.com.br\/blog\/wp-json\/wp\/v2\/types\/post"}],"author":[{"embeddable":true,"href":"https:\/\/www.grupomedcof.com.br\/blog\/wp-json\/wp\/v2\/users\/10"}],"replies":[{"embeddable":true,"href":"https:\/\/www.grupomedcof.com.br\/blog\/wp-json\/wp\/v2\/comments?post=27912"}],"version-history":[{"count":6,"href":"https:\/\/www.grupomedcof.com.br\/blog\/wp-json\/wp\/v2\/posts\/27912\/revisions"}],"predecessor-version":[{"id":36921,"href":"https:\/\/www.grupomedcof.com.br\/blog\/wp-json\/wp\/v2\/posts\/27912\/revisions\/36921"}],"wp:featuredmedia":[{"embeddable":true,"href":"https:\/\/www.grupomedcof.com.br\/blog\/wp-json\/wp\/v2\/media\/27931"}],"wp:attachment":[{"href":"https:\/\/www.grupomedcof.com.br\/blog\/wp-json\/wp\/v2\/media?parent=27912"}],"wp:term":[{"taxonomy":"category","embeddable":true,"href":"https:\/\/www.grupomedcof.com.br\/blog\/wp-json\/wp\/v2\/categories?post=27912"},{"taxonomy":"post_tag","embeddable":true,"href":"https:\/\/www.grupomedcof.com.br\/blog\/wp-json\/wp\/v2\/tags?post=27912"},{"taxonomy":"author","embeddable":true,"href":"https:\/\/www.grupomedcof.com.br\/blog\/wp-json\/wp\/v2\/ppma_author?post=27912"}],"curies":[{"name":"wp","href":"https:\/\/api.w.org\/{rel}","templated":true}]}}