{"id":27916,"date":"2025-11-21T08:57:17","date_gmt":"2025-11-21T11:57:17","guid":{"rendered":"https:\/\/www.grupomedcof.com.br\/blog\/?p=27916"},"modified":"2025-11-21T08:57:18","modified_gmt":"2025-11-21T11:57:18","slug":"curriculo-para-a-residencia-medica-dicas-e-pontos-chave","status":"publish","type":"post","link":"https:\/\/www.grupomedcof.com.br\/blog\/curriculo-para-a-residencia-medica-dicas-e-pontos-chave\/","title":{"rendered":"Curr\u00edculo para Resid\u00eancia M\u00e9dica: como montar e itens essenciais"},"content":{"rendered":"<div id=\"ez-toc-container\" class=\"ez-toc-v2_0_74 counter-hierarchy ez-toc-counter ez-toc-transparent ez-toc-container-direction\">\n<div class=\"ez-toc-title-container\">\n<p class=\"ez-toc-title\" style=\"cursor:inherit\">Sum\u00e1rio<\/p>\n<span class=\"ez-toc-title-toggle\"><a href=\"#\" class=\"ez-toc-pull-right ez-toc-btn ez-toc-btn-xs ez-toc-btn-default ez-toc-toggle\" aria-label=\"Alternar tabela de conte\u00fado\"><span class=\"ez-toc-js-icon-con\"><span class=\"\"><span class=\"eztoc-hide\" style=\"display:none;\">Toggle<\/span><span class=\"ez-toc-icon-toggle-span\"><svg style=\"fill: #999;color:#999\" xmlns=\"http:\/\/www.w3.org\/2000\/svg\" class=\"list-377408\" width=\"20px\" height=\"20px\" viewBox=\"0 0 24 24\" fill=\"none\"><path d=\"M6 6H4v2h2V6zm14 0H8v2h12V6zM4 11h2v2H4v-2zm16 0H8v2h12v-2zM4 16h2v2H4v-2zm16 0H8v2h12v-2z\" fill=\"currentColor\"><\/path><\/svg><svg style=\"fill: #999;color:#999\" class=\"arrow-unsorted-368013\" xmlns=\"http:\/\/www.w3.org\/2000\/svg\" width=\"10px\" height=\"10px\" viewBox=\"0 0 24 24\" version=\"1.2\" baseProfile=\"tiny\"><path d=\"M18.2 9.3l-6.2-6.3-6.2 6.3c-.2.2-.3.4-.3.7s.1.5.3.7c.2.2.4.3.7.3h11c.3 0 .5-.1.7-.3.2-.2.3-.5.3-.7s-.1-.5-.3-.7zM5.8 14.7l6.2 6.3 6.2-6.3c.2-.2.3-.5.3-.7s-.1-.5-.3-.7c-.2-.2-.4-.3-.7-.3h-11c-.3 0-.5.1-.7.3-.2.2-.3.5-.3.7s.1.5.3.7z\"\/><\/svg><\/span><\/span><\/span><\/a><\/span><\/div>\n<nav><ul class='ez-toc-list ez-toc-list-level-1 ' ><li class='ez-toc-page-1 ez-toc-heading-level-2'><a class=\"ez-toc-link ez-toc-heading-1\" href=\"https:\/\/www.grupomedcof.com.br\/blog\/curriculo-para-a-residencia-medica-dicas-e-pontos-chave\/#O_que_e_a_analise_curricular_na_residencia_medica\" >O que \u00e9 a an\u00e1lise curricular na resid\u00eancia m\u00e9dica?<\/a><\/li><li class='ez-toc-page-1 ez-toc-heading-level-2'><a class=\"ez-toc-link ez-toc-heading-2\" href=\"https:\/\/www.grupomedcof.com.br\/blog\/curriculo-para-a-residencia-medica-dicas-e-pontos-chave\/#Formato_e_estrutura_ideal_para_o_curriculo_de_residencia_medica\" >Formato e estrutura ideal para o curr\u00edculo de resid\u00eancia m\u00e9dica<\/a><ul class='ez-toc-list-level-3' ><li class='ez-toc-heading-level-3'><a class=\"ez-toc-link ez-toc-heading-3\" href=\"https:\/\/www.grupomedcof.com.br\/blog\/curriculo-para-a-residencia-medica-dicas-e-pontos-chave\/#Estrutura_ideal\" >Estrutura ideal<\/a><\/li><\/ul><\/li><li class='ez-toc-page-1 ez-toc-heading-level-2'><a class=\"ez-toc-link ez-toc-heading-4\" href=\"https:\/\/www.grupomedcof.com.br\/blog\/curriculo-para-a-residencia-medica-dicas-e-pontos-chave\/#Itens_essenciais_que_devem_constar_no_curriculo_de_residencia\" >Itens essenciais que devem constar no curr\u00edculo de resid\u00eancia<\/a><ul class='ez-toc-list-level-3' ><li class='ez-toc-heading-level-3'><a class=\"ez-toc-link ez-toc-heading-5\" href=\"https:\/\/www.grupomedcof.com.br\/blog\/curriculo-para-a-residencia-medica-dicas-e-pontos-chave\/#Documentacao_comprobatoria_necessaria_para_curriculo_medico\" >Documenta\u00e7\u00e3o comprobat\u00f3ria necess\u00e1ria para curr\u00edculo m\u00e9dico<\/a><\/li><li class='ez-toc-page-1 ez-toc-heading-level-3'><a class=\"ez-toc-link ez-toc-heading-6\" href=\"https:\/\/www.grupomedcof.com.br\/blog\/curriculo-para-a-residencia-medica-dicas-e-pontos-chave\/#Quando_comecar_a_construir_seu_curriculo_para_residencia\" >Quando come\u00e7ar a construir seu curr\u00edculo para resid\u00eancia?<\/a><\/li><\/ul><\/li><li class='ez-toc-page-1 ez-toc-heading-level-2'><a class=\"ez-toc-link ez-toc-heading-7\" href=\"https:\/\/www.grupomedcof.com.br\/blog\/curriculo-para-a-residencia-medica-dicas-e-pontos-chave\/#Dicas_para_se_destacar_na_analise_curricular\" >Dicas para se destacar na an\u00e1lise curricular<\/a><\/li><li class='ez-toc-page-1 ez-toc-heading-level-2'><a class=\"ez-toc-link ez-toc-heading-8\" href=\"https:\/\/www.grupomedcof.com.br\/blog\/curriculo-para-a-residencia-medica-dicas-e-pontos-chave\/#Erros_comuns_a_evitar_no_curriculo_para_residencia\" >Erros comuns a evitar no curr\u00edculo para resid\u00eancia<\/a><\/li><li class='ez-toc-page-1 ez-toc-heading-level-2'><a class=\"ez-toc-link ez-toc-heading-9\" href=\"https:\/\/www.grupomedcof.com.br\/blog\/curriculo-para-a-residencia-medica-dicas-e-pontos-chave\/#A_importancia_de_consultar_cada_Edital\" >A import\u00e2ncia de consultar cada Edital<\/a><\/li><li class='ez-toc-page-1 ez-toc-heading-level-2'><a class=\"ez-toc-link ez-toc-heading-10\" href=\"https:\/\/www.grupomedcof.com.br\/blog\/curriculo-para-a-residencia-medica-dicas-e-pontos-chave\/#Duvidas_Frequentes_sobre_Curriculo_para_Residencia_Medica\" >D\u00favidas Frequentes sobre Curr\u00edculo para Resid\u00eancia M\u00e9dica<\/a><ul class='ez-toc-list-level-3' ><li class='ez-toc-heading-level-3'><a class=\"ez-toc-link ez-toc-heading-11\" href=\"https:\/\/www.grupomedcof.com.br\/blog\/curriculo-para-a-residencia-medica-dicas-e-pontos-chave\/#Como_posso_ter_um_bom_curriculo_para_uma_residencia_medica\" >Como posso ter um bom curr\u00edculo para uma resid\u00eancia m\u00e9dica?<\/a><\/li><li class='ez-toc-page-1 ez-toc-heading-level-3'><a class=\"ez-toc-link ez-toc-heading-12\" href=\"https:\/\/www.grupomedcof.com.br\/blog\/curriculo-para-a-residencia-medica-dicas-e-pontos-chave\/#O_que_mais_pontua_no_curriculo_para_residencia_medica\" >O que mais pontua no curr\u00edculo para resid\u00eancia m\u00e9dica?<\/a><\/li><li class='ez-toc-page-1 ez-toc-heading-level-3'><a class=\"ez-toc-link ez-toc-heading-13\" href=\"https:\/\/www.grupomedcof.com.br\/blog\/curriculo-para-a-residencia-medica-dicas-e-pontos-chave\/#Como_colocar_a_residencia_no_curriculo\" >Como colocar a resid\u00eancia no curr\u00edculo?<\/a><\/li><li class='ez-toc-page-1 ez-toc-heading-level-3'><a class=\"ez-toc-link ez-toc-heading-14\" href=\"https:\/\/www.grupomedcof.com.br\/blog\/curriculo-para-a-residencia-medica-dicas-e-pontos-chave\/#O_que_devo_colocar_no_meu_curriculo_medico\" >O que devo colocar no meu curr\u00edculo m\u00e9dico?<\/a><\/li><\/ul><\/li><li class='ez-toc-page-1 ez-toc-heading-level-2'><a class=\"ez-toc-link ez-toc-heading-15\" href=\"https:\/\/www.grupomedcof.com.br\/blog\/curriculo-para-a-residencia-medica-dicas-e-pontos-chave\/#Como_a_MedCof_te_prepara_para_ser_um_medico_mais_completo\" >Como a MedCof te prepara para ser um m\u00e9dico mais completo?<\/a><\/li><\/ul><\/nav><\/div>\n\n<figure class=\"wp-block-image size-large\"><img loading=\"lazy\" decoding=\"async\" width=\"1024\" height=\"576\" src=\"https:\/\/www.grupomedcof.com.br\/blog\/wp-content\/uploads\/2024\/07\/Blog-MedCof-32-1-1024x576.png\" alt=\"\" class=\"wp-image-27918\" srcset=\"https:\/\/www.grupomedcof.com.br\/blog\/wp-content\/uploads\/2024\/07\/Blog-MedCof-32-1-1024x576.png 1024w, https:\/\/www.grupomedcof.com.br\/blog\/wp-content\/uploads\/2024\/07\/Blog-MedCof-32-1-300x169.png 300w, https:\/\/www.grupomedcof.com.br\/blog\/wp-content\/uploads\/2024\/07\/Blog-MedCof-32-1-768x432.png 768w, https:\/\/www.grupomedcof.com.br\/blog\/wp-content\/uploads\/2024\/07\/Blog-MedCof-32-1-1536x864.png 1536w, https:\/\/www.grupomedcof.com.br\/blog\/wp-content\/uploads\/2024\/07\/Blog-MedCof-32-1-747x420.png 747w, https:\/\/www.grupomedcof.com.br\/blog\/wp-content\/uploads\/2024\/07\/Blog-MedCof-32-1-150x84.png 150w, https:\/\/www.grupomedcof.com.br\/blog\/wp-content\/uploads\/2024\/07\/Blog-MedCof-32-1-696x392.png 696w, https:\/\/www.grupomedcof.com.br\/blog\/wp-content\/uploads\/2024\/07\/Blog-MedCof-32-1-1068x601.png 1068w, https:\/\/www.grupomedcof.com.br\/blog\/wp-content\/uploads\/2024\/07\/Blog-MedCof-32-1.png 1920w\" sizes=\"auto, (max-width: 1024px) 100vw, 1024px\" \/><\/figure>\n\n\n\n<p>Ingressar na<strong> <\/strong><a href=\"https:\/\/www.grupomedcof.com.br\/blog\/o-que-e-residencia-medica\/\" target=\"_blank\" rel=\"noreferrer noopener\"><strong>resid\u00eancia m\u00e9dica<\/strong><\/a><strong> <\/strong>\u00e9 um passo <strong>decisivo <\/strong>na forma\u00e7\u00e3o do m\u00e9dico e o <strong>curr\u00edculo <\/strong>\u00a0costuma ser parte <strong>crucial <\/strong>do processo seletivo.<\/p>\n\n\n\n<p>Aqui, voc\u00ea encontra<strong> como montar um curr\u00edculo<\/strong> <strong>eficiente <\/strong>para a resid\u00eancia, destacando os <strong>elementos que mais aparecem nos editais<\/strong> e <strong>como valoriz\u00e1-los<\/strong>.<\/p>\n\n\n\n<h2 class=\"wp-block-heading\" id=\"h-o-que-e-a-analise-curricular-na-residencia-medica\"><span class=\"ez-toc-section\" id=\"O_que_e_a_analise_curricular_na_residencia_medica\"><\/span><strong><strong>O que \u00e9 a an\u00e1lise curricular na resid\u00eancia m\u00e9dica?<\/strong><\/strong><span class=\"ez-toc-section-end\"><\/span><\/h2>\n\n\n\n<p>A <strong>an\u00e1lise curricular<\/strong> na resid\u00eancia m\u00e9dica \u00e9 uma etapa classificat\u00f3ria que complementa as provas te\u00f3ricas e pr\u00e1ticas. Seu objetivo \u00e9 <strong>avaliar a trajet\u00f3ria acad\u00eamica<\/strong> e <strong>profissional <\/strong>do candidato, atribuindo pontos conforme crit\u00e9rios definidos em edital.<\/p>\n\n\n\n<p>O processo funciona por meio de uma pontua\u00e7\u00e3o espec\u00edfica para cada item apresentado, como <strong>monitorias<\/strong>, <strong>est\u00e1gios<\/strong>, <strong>pesquisa<\/strong>, <strong>produ\u00e7\u00e3o cient\u00edfica<\/strong>, <strong>participa\u00e7\u00e3o em ligas acad\u00eamicas<\/strong>, <strong>cursos <\/strong>e <strong>eventos<\/strong>. Cada comprovante v\u00e1lido contribui para a nota final!<\/p>\n\n\n\n<p>Cada institui\u00e7\u00e3o valoriza aspectos diferentes da sua <a href=\"https:\/\/www.grupomedcof.com.br\/blog\/diferencas-cursos-carreira-medica\/\" target=\"_blank\" rel=\"noreferrer noopener\"><strong>carreira m\u00e9dica<\/strong><\/a>. Algumas priorizam <strong>pesquisa<\/strong>, outras <strong>atividades assistenciais<\/strong> ou <strong>extens\u00e3o<\/strong>.\u00a0<\/p>\n\n\n\n<p>Todavia, certos elementos tendem a estar sempre presentes, como <strong>desempenho acad\u00eamico<\/strong>, <strong>experi\u00eancias pr\u00e1ticas<\/strong> e<strong> participa\u00e7\u00e3o em atividades formativas<\/strong>.<\/p>\n\n\n\n<h2 class=\"wp-block-heading\" id=\"h-formato-e-estrutura-ideal-para-o-curriculo-de-residencia-medica\"><span class=\"ez-toc-section\" id=\"Formato_e_estrutura_ideal_para_o_curriculo_de_residencia_medica\"><\/span><strong><strong>Formato e estrutura ideal para o curr\u00edculo de resid\u00eancia m\u00e9dica<\/strong><\/strong><span class=\"ez-toc-section-end\"><\/span><\/h2>\n\n\n\n<p>O curr\u00edculo para resid\u00eancia m\u00e9dica pode seguir dois formatos principais: o <strong>modelo tradicional (Curriculum Vitae)<\/strong> ou o<strong> Curr\u00edculo Lattes<\/strong>:&nbsp;<\/p>\n\n\n\n<ul class=\"wp-block-list\">\n<li><strong>Curriculum Vitae:<\/strong> o curr\u00edculo tradicional \u00e9 mais flex\u00edvel e permite organizar as informa\u00e7\u00f5es conforme o que cada edital valoriza.\u00a0<\/li>\n\n\n\n<li><strong>Curr\u00edculo Lattes<\/strong>: \u00e9 padronizado e exige que todas as experi\u00eancias estejam registradas na plataforma.\u00a0<\/li>\n<\/ul>\n\n\n\n<p>Algumas institui\u00e7\u00f5es determinam o formato obrigat\u00f3rio. Por exemplo, a Unicamp e Unifesp, solicitam exclusivamente o Lattes.<\/p>\n\n\n\n<h3 class=\"wp-block-heading\" id=\"h-estrutura-ideal\"><span class=\"ez-toc-section\" id=\"Estrutura_ideal\"><\/span><strong>Estrutura ideal<\/strong><span class=\"ez-toc-section-end\"><\/span><\/h3>\n\n\n\n<p>A estrutura ideal segue uma ordem l\u00f3gica: <strong>dados pessoais, forma\u00e7\u00e3o acad\u00eamica, experi\u00eancias assistenciais e complementares, atividades de ensino e pesquisa, publica\u00e7\u00f5es, participa\u00e7\u00e3o em congressos, cursos e certificados<\/strong>.&nbsp;<\/p>\n\n\n\n<p><strong>Aten\u00e7\u00e3o: <\/strong>dentro de cada se\u00e7\u00e3o, <strong>destaque<\/strong> os <strong>elementos mais relevantes para a <\/strong><a href=\"https:\/\/www.grupomedcof.com.br\/blog\/55-especialidades-medicas\/\"><strong>espec<\/strong><\/a><strong><a href=\"https:\/\/www.grupomedcof.com.br\/blog\/55-especialidades-medicas\/\" target=\"_blank\" rel=\"noreferrer noopener\">i<\/a><\/strong><a href=\"https:\/\/www.grupomedcof.com.br\/blog\/55-especialidades-medicas\/\" target=\"_blank\" rel=\"noreferrer noopener\"><strong>alidade <\/strong><\/a><strong>desejada<\/strong>.\u00a0 Por exemplo: experi\u00eancias assistenciais t\u00eam peso maior para \u00e1reas cl\u00ednicas; j\u00e1 produ\u00e7\u00e3o cient\u00edfica pode ter maior impacto em programas acad\u00eamicos.<br>\u00a0O documento deve ser <strong>direto<\/strong>, <strong>padronizado <\/strong>na formata\u00e7\u00e3o, com<strong> t\u00edtulos vis\u00edveis<\/strong>, <strong>datas consistentes<\/strong> e <strong>comprova\u00e7\u00f5es facilmente identific\u00e1veis<\/strong>. Clareza, concis\u00e3o e organiza\u00e7\u00e3o visual s\u00e3o essenciais para receber uma boa avalia\u00e7\u00e3o.<\/p>\n\n\n\n<h2 class=\"wp-block-heading\" id=\"h-itens-essenciais-que-devem-constar-no-curriculo-de-residencia\"><span class=\"ez-toc-section\" id=\"Itens_essenciais_que_devem_constar_no_curriculo_de_residencia\"><\/span><strong>Itens essenciais que devem constar no curr\u00edculo de resid\u00eancia<\/strong><span class=\"ez-toc-section-end\"><\/span><\/h2>\n\n\n\n<p>Os editais de resid\u00eancia variam entre institui\u00e7\u00f5es e especialidades, mas h\u00e1 itens recorrentes que comp\u00f5em um curr\u00edculo competitivo. Cada um deles contribui para demonstrar trajet\u00f3ria, preparo t\u00e9cnico e engajamento acad\u00eamico.<\/p>\n\n\n\n<ul class=\"wp-block-list\">\n<li><strong>Dados pessoais e informa\u00e7\u00f5es acad\u00eamicas: <\/strong>contato, institui\u00e7\u00e3o de forma\u00e7\u00e3o, hist\u00f3rico escolar e certifica\u00e7\u00f5es.<\/li>\n<\/ul>\n\n\n\n<ul class=\"wp-block-list\">\n<li><strong>Monitorias e atividades de ensino: <\/strong>mostram dom\u00ednio de conte\u00fado e participa\u00e7\u00e3o ativa na forma\u00e7\u00e3o de outros estudantes.<\/li>\n<\/ul>\n\n\n\n<ul class=\"wp-block-list\">\n<li><strong>Inicia\u00e7\u00e3o cient\u00edfica e produ\u00e7\u00e3o acad\u00eamica: <\/strong>projetos de pesquisa, resumos, artigos e cap\u00edtulos s\u00e3o valorizados por programas que priorizam perfil acad\u00eamico.<\/li>\n<\/ul>\n\n\n\n<ul class=\"wp-block-list\">\n<li><strong>Ligas acad\u00eamicas e projetos de extens\u00e3o: <\/strong>indicam envolvimento cont\u00ednuo em <a href=\"https:\/\/www.grupomedcof.com.br\/blog\/atualizacoes-medicas\/\" target=\"_blank\" rel=\"noreferrer noopener\"><strong>atualiza\u00e7\u00f5es m\u00e9dicas<\/strong><\/a>. S\u00e3o relevantes porque evidenciam interesse genu\u00edno na especialidade e participa\u00e7\u00e3o na comunidade.<\/li>\n<\/ul>\n\n\n\n<ul class=\"wp-block-list\">\n<li><strong>Est\u00e1gios extracurriculares e experi\u00eancia cl\u00ednica: <\/strong>atividades pr\u00e1ticas s\u00e3o um dos itens mais importantes no curr\u00edculo. Est\u00e1gios bem documentados, especialmente em \u00e1reas correlatas, refor\u00e7am maturidade cl\u00ednica e familiaridade com a especialidade.<\/li>\n<\/ul>\n\n\n\n<ul class=\"wp-block-list\">\n<li><strong>Congressos e eventos cient\u00edficos: <\/strong>al\u00e9m da presen\u00e7a em congressos, jornadas e workshops, o candidato pode apresentar trabalhos para obter pontua\u00e7\u00e3o ainda maior.<\/li>\n<\/ul>\n\n\n\n<ul class=\"wp-block-list\">\n<li><strong>Idiomas e cursos complementares: <\/strong>cursos como BLS, ACLS e outros treinamentos t\u00e9cnicos agregam pontua\u00e7\u00e3o em muitos editais e refor\u00e7am preparo pr\u00e1tico.<br><\/li>\n\n\n\n<li><strong>Atividades volunt\u00e1rias e extens\u00e3o comunit\u00e1ria: <\/strong>trabalhos sociais e a\u00e7\u00f5es de sa\u00fade comunit\u00e1ria mostram compromisso com a pr\u00e1tica m\u00e9dica em diferentes contextos.<\/li>\n<\/ul>\n\n\n\n<ul class=\"wp-block-list\">\n<li><strong>Premia\u00e7\u00f5es e reconhecimentos: <\/strong>pr\u00eamios acad\u00eamicos e men\u00e7\u00f5es honrosas costumam render boa pontua\u00e7\u00e3o nos editais.<\/li>\n<\/ul>\n\n\n\n<h3 class=\"wp-block-heading\" id=\"h-documentacao-comprobatoria-necessaria-para-curriculo-medico\"><span class=\"ez-toc-section\" id=\"Documentacao_comprobatoria_necessaria_para_curriculo_medico\"><\/span><strong>Documenta\u00e7\u00e3o comprobat\u00f3ria necess\u00e1ria para curr\u00edculo m\u00e9dico<\/strong><span class=\"ez-toc-section-end\"><\/span><\/h3>\n\n\n\n<ul class=\"wp-block-list\">\n<li><strong>Certificados de cursos, congressos e eventos: <\/strong>devem conter carga hor\u00e1ria, datas e assinatura da institui\u00e7\u00e3o.<\/li>\n<\/ul>\n\n\n\n<ul class=\"wp-block-list\">\n<li><strong>Declara\u00e7\u00f5es institucionais: <\/strong>devem especificar fun\u00e7\u00f5es desempenhadas, per\u00edodo e respons\u00e1vel pela emiss\u00e3o.<\/li>\n<\/ul>\n\n\n\n<ul class=\"wp-block-list\">\n<li><strong>Comprovantes de inicia\u00e7\u00e3o cient\u00edfica e pesquisa: <\/strong>incluem declara\u00e7\u00f5es de orienta\u00e7\u00e3o, relat\u00f3rios finais aprovados, comprovantes de cadastro do projeto e documentos emitidos por programas de pesquisa da institui\u00e7\u00e3o.<\/li>\n<\/ul>\n\n\n\n<ul class=\"wp-block-list\">\n<li><strong>Produ\u00e7\u00e3o cient\u00edfica: <\/strong>artigos publicados exigem link do peri\u00f3dico, DOI ou c\u00f3pia da p\u00e1gina da publica\u00e7\u00e3o. Resumos e trabalhos apresentados exigem certificado do evento ou anais com identifica\u00e7\u00e3o do autor.<\/li>\n<\/ul>\n\n\n\n<ul class=\"wp-block-list\">\n<li><strong>Hist\u00f3rico escolar e documentos acad\u00eamicos: <\/strong>hist\u00f3rico da gradua\u00e7\u00e3o, declara\u00e7\u00f5es de conclus\u00e3o ou matr\u00edcula, diplomas e documentos que comprovem desempenho acad\u00eamico quando solicitado.<\/li>\n<\/ul>\n\n\n\n<ul class=\"wp-block-list\">\n<li><strong>Atividades volunt\u00e1rias e extens\u00e3o comunit\u00e1ria: <\/strong>certificados ou declara\u00e7\u00f5es emitidos por institui\u00e7\u00f5es oficiais, detalhando carga hor\u00e1ria, per\u00edodo e tipo de atua\u00e7\u00e3o.<\/li>\n<\/ul>\n\n\n\n<h3 class=\"wp-block-heading\" id=\"h-quando-comecar-a-construir-seu-curriculo-para-residencia\"><span class=\"ez-toc-section\" id=\"Quando_comecar_a_construir_seu_curriculo_para_residencia\"><\/span><strong>Quando come\u00e7ar a construir seu curr\u00edculo para resid\u00eancia?<\/strong><span class=\"ez-toc-section-end\"><\/span><\/h3>\n\n\n\n<p>O ideal \u00e9 come\u00e7ar a construir o curr\u00edculo para <a href=\"https:\/\/www.grupomedcof.com.br\/blog\/o-que-e-residencia-medica\" target=\"_blank\" rel=\"noreferrer noopener\"><strong>resid\u00eancia<\/strong><\/a><strong> <\/strong>desde o in\u00edcio da gradua\u00e7\u00e3o.\u00a0<\/p>\n\n\n\n<p><strong>Dica:<\/strong> monte uma pasta com os comprovantes de todas as atividades que pontuam, como:<strong> monitorias, est\u00e1gios, inicia\u00e7\u00e3o cient\u00edfica, ligas e participa\u00e7\u00e3o em eventos<\/strong>. N\u00e3o deixe para \u00faltima hora!<\/p>\n\n\n\n<h2 class=\"wp-block-heading\" id=\"h-dicas-para-se-destacar-na-analise-curricular\"><span class=\"ez-toc-section\" id=\"Dicas_para_se_destacar_na_analise_curricular\"><\/span><strong>Dicas para se destacar na an\u00e1lise curricular<\/strong><span class=\"ez-toc-section-end\"><\/span><\/h2>\n\n\n\n<p>\u2022 <strong>Atualize o curr\u00edculo regularmente: r<\/strong>egistre atividades assim que conclu\u00eddas para evitar perda de documentos ou datas.<\/p>\n\n\n\n<p>\u2022 <strong>Priorize experi\u00eancias relevantes para a especialidade: <\/strong>foque em est\u00e1gios, ligas e cursos que dialoguem diretamente com a \u00e1rea desejada.<\/p>\n\n\n\n<p>\u2022 <strong>Mantenha comprova\u00e7\u00f5es organizadas:<\/strong> salve certificados e declara\u00e7\u00f5es em pastas digitais e f\u00edsicas, com nomea\u00e7\u00e3o padronizada.<\/p>\n\n\n\n<p>\u2022 <strong>Invista em atividades de pesquisa: <\/strong>projetos, resumos e artigos agregam pontua\u00e7\u00e3o e refor\u00e7am perfil acad\u00eamico.<\/p>\n\n\n\n<p>\u2022 <strong>Participe de eventos cient\u00edficos:<\/strong> congressos, jornadas e workshops demonstram atualiza\u00e7\u00e3o e engajamento profissional.<\/p>\n\n\n\n<p>\u2022 <strong>Busque cursos pr\u00e1ticos e certificados t\u00e9cnicos: <\/strong>treinamentos como BLS e ACLS s\u00e3o valorizados e frequentemente pontuados.<\/p>\n\n\n\n<p>\u2022 <strong>Engaje-se em extens\u00e3o e voluntariado: <\/strong>mostram responsabilidade social e ampliam sua experi\u00eancia real com pacientes.<\/p>\n\n\n\n<p>\u2022 <strong>Revise editais anteriores: <\/strong>ajuda a entender quais crit\u00e9rios s\u00e3o mais recorrentes e como priorizar atividades.<\/p>\n\n\n\n<p>\u2022 <strong>Aten\u00e7\u00e3o \u00e0 apresenta\u00e7\u00e3o visual: <\/strong>formato claro, objetivo e bem organizado facilita a avalia\u00e7\u00e3o e reduz erros de interpreta\u00e7\u00e3o.<\/p>\n\n\n\n<h2 class=\"wp-block-heading\" id=\"h-erros-comuns-a-evitar-no-curriculo-para-residencia\"><span class=\"ez-toc-section\" id=\"Erros_comuns_a_evitar_no_curriculo_para_residencia\"><\/span><strong>Erros comuns a evitar no curr\u00edculo para resid\u00eancia<\/strong><span class=\"ez-toc-section-end\"><\/span><\/h2>\n\n\n\n<ul class=\"wp-block-list\">\n<li><strong>Incluir atividades sem comprova\u00e7\u00e3o: i<\/strong>tens n\u00e3o comprovados s\u00e3o desconsiderados e podem prejudicar a credibilidade do curr\u00edculo.<\/li>\n<\/ul>\n\n\n\n<ul class=\"wp-block-list\">\n<li>\u00a0<strong>Formata\u00e7\u00e3o desorganizada: <\/strong>falta de padr\u00e3o em t\u00edtulos, datas e sess\u00f5es dificulta a an\u00e1lise e causa perda de informa\u00e7\u00f5es importantes.<\/li>\n<\/ul>\n\n\n\n<ul class=\"wp-block-list\">\n<li><strong>Exagerar na descri\u00e7\u00e3o das atividades:<\/strong> detalhes excessivos tornam o documento longo e pouco objetivo; editais priorizam clareza.<\/li>\n<\/ul>\n\n\n\n<ul class=\"wp-block-list\">\n<li><strong>Listar atividades irrelevantes para a resid\u00eancia: <\/strong>experi\u00eancias que n\u00e3o agregam \u00e0 forma\u00e7\u00e3o m\u00e9dica ocupam espa\u00e7o e diluem o impacto dos itens mais importantes.<\/li>\n<\/ul>\n\n\n\n<ul class=\"wp-block-list\">\n<li><strong>Curr\u00edculo desatualizado: <\/strong>deixar para reunir tudo de \u00faltima hora aumenta o risco de perder certificados e inserir informa\u00e7\u00f5es incompletas.<\/li>\n<\/ul>\n\n\n\n<ul class=\"wp-block-list\">\n<li><strong>Ignorar o formato exigido pelo edital:<\/strong> alguns programas pedem Lattes ou CV tradicional espec\u00edfico; enviar no formato errado pode resultar em desclassifica\u00e7\u00e3o.<\/li>\n<\/ul>\n\n\n\n<ul class=\"wp-block-list\">\n<li><strong>\u00a0Comprova\u00e7\u00f5es incompletas: <\/strong>certificados sem carga hor\u00e1ria, per\u00edodo ou assinatura costumam ser recusados.<\/li>\n<\/ul>\n\n\n\n<h2 class=\"wp-block-heading\" id=\"h-a-importancia-de-consultar-cada-edital\"><span class=\"ez-toc-section\" id=\"A_importancia_de_consultar_cada_Edital\"><\/span><strong>A import\u00e2ncia de consultar cada Edital<\/strong><span class=\"ez-toc-section-end\"><\/span><\/h2>\n\n\n\n<ul class=\"wp-block-list\">\n<li><strong>Requisitos espec\u00edficos: <\/strong>cada programa pode exigir experi\u00eancias, certificados ou habilidades adicionais. Verificar o edital garante que essas demandas sejam atendidas e destacadas no curr\u00edculo.<\/li>\n<\/ul>\n\n\n\n<ul class=\"wp-block-list\">\n<li><strong>Crit\u00e9rios de pontua\u00e7\u00e3o:<\/strong> os editais detalham quantos pontos cada atividade vale, permitindo priorizar e apresentar experi\u00eancias de forma estrat\u00e9gica.<\/li>\n<\/ul>\n\n\n\n<ul class=\"wp-block-list\">\n<li><strong>Formato e prazos: <\/strong>alguns programas definem formato obrigat\u00f3rio (como Lattes) e datas r\u00edgidas de submiss\u00e3o. Seguir essas regras evita desclassifica\u00e7\u00e3o.<\/li>\n<\/ul>\n\n\n\n<ul class=\"wp-block-list\">\n<li><strong>Foco da especialidade: <\/strong>institui\u00e7\u00f5es valorizam aspectos diferentes \u2014 experi\u00eancia pr\u00e1tica, pesquisa ou eventos cient\u00edficos. Ajustar o curr\u00edculo ao foco do programa aumenta a competitividade.<\/li>\n\n\n\n<li><\/li>\n<\/ul>\n\n\n\n<h2 class=\"wp-block-heading\" id=\"h-duvidas-frequentes-sobre-curriculo-para-residencia-medica\"><span class=\"ez-toc-section\" id=\"Duvidas_Frequentes_sobre_Curriculo_para_Residencia_Medica\"><\/span><strong>D\u00favidas Frequentes sobre Curr\u00edculo para Resid\u00eancia M\u00e9dica<\/strong><span class=\"ez-toc-section-end\"><\/span><\/h2>\n\n\n\n<p>D\u00favidas frequentes sobre curr\u00edculo para resid\u00eancia m\u00e9dica surgem porque cada edital possui regras pr\u00f3prias, mas h\u00e1 princ\u00edpios gerais que orientam a constru\u00e7\u00e3o de um curr\u00edculo competitivo.<\/p>\n\n\n\n<h3 class=\"wp-block-heading\" id=\"h-como-posso-ter-um-bom-curriculo-para-uma-residencia-medica\"><span class=\"ez-toc-section\" id=\"Como_posso_ter_um_bom_curriculo_para_uma_residencia_medica\"><\/span><strong>Como posso ter um bom curr\u00edculo para uma resid\u00eancia m\u00e9dica?<\/strong><span class=\"ez-toc-section-end\"><\/span><\/h3>\n\n\n\n<p>Construa uma trajet\u00f3ria consistente ao longo da gradua\u00e7\u00e3o, reunindo experi\u00eancias pr\u00e1ticas, pesquisa, cursos e eventos, sempre com documenta\u00e7\u00e3o completa e organiza\u00e7\u00e3o clara.<\/p>\n\n\n\n<h3 class=\"wp-block-heading\" id=\"h-o-que-mais-pontua-no-curriculo-para-residencia-medica\"><span class=\"ez-toc-section\" id=\"O_que_mais_pontua_no_curriculo_para_residencia_medica\"><\/span><strong>O que mais pontua no curr\u00edculo para resid\u00eancia m\u00e9dica?<\/strong><span class=\"ez-toc-section-end\"><\/span><\/h3>\n\n\n\n<p>Est\u00e1gios extracurriculares, monitorias, inicia\u00e7\u00e3o cient\u00edfica, produ\u00e7\u00e3o acad\u00eamica, participa\u00e7\u00e3o em ligas e certificados t\u00e9cnicos s\u00e3o os itens que geralmente recebem maior pontua\u00e7\u00e3o.<\/p>\n\n\n\n<h3 class=\"wp-block-heading\" id=\"h-como-colocar-a-residencia-no-curriculo\"><span class=\"ez-toc-section\" id=\"Como_colocar_a_residencia_no_curriculo\"><\/span><strong>Como colocar a resid\u00eancia no curr\u00edculo?<\/strong><span class=\"ez-toc-section-end\"><\/span><\/h3>\n\n\n\n<p>Inclua a resid\u00eancia na se\u00e7\u00e3o de forma\u00e7\u00e3o, informando institui\u00e7\u00e3o, especialidade, ano de ingresso e, se aplic\u00e1vel, o est\u00e1gio atual da forma\u00e7\u00e3o.<\/p>\n\n\n\n<h3 class=\"wp-block-heading\" id=\"h-o-que-devo-colocar-no-meu-curriculo-medico\"><span class=\"ez-toc-section\" id=\"O_que_devo_colocar_no_meu_curriculo_medico\"><\/span><strong>O que devo colocar no meu curr\u00edculo m\u00e9dico?<\/strong><span class=\"ez-toc-section-end\"><\/span><\/h3>\n\n\n\n<p>Dados pessoais, forma\u00e7\u00e3o, experi\u00eancias cl\u00ednicas, monitorias, pesquisa, produ\u00e7\u00e3o cient\u00edfica, eventos, cursos complementares, idiomas e atividades de extens\u00e3o, sempre de forma objetiva e comprovada.<\/p>\n\n\n\n<h2 class=\"wp-block-heading\" id=\"h-como-a-medcof-te-prepara-para-ser-um-medico-mais-completo\"><span class=\"ez-toc-section\" id=\"Como_a_MedCof_te_prepara_para_ser_um_medico_mais_completo\"><\/span><strong><strong>Como a MedCof te prepara para ser um m\u00e9dico mais completo?<\/strong><\/strong><span class=\"ez-toc-section-end\"><\/span><\/h2>\n\n\n\n<p>O <a href=\"https:\/\/www.grupomedcof.com.br\/home\/?page=sobre-nos\" target=\"_blank\" rel=\"noreferrer noopener\"><strong>Grupo MedCof <\/strong><\/a>pode ser um aliado decisivo nessa prepara\u00e7\u00e3o. A institui\u00e7\u00e3o re\u00fane professores refer\u00eancia, metodologia focada em desempenho, plataforma inteligente e cursos completos para quem busca aprova\u00e7\u00e3o em programas de alta competitividade.\u00a0<\/p>\n\n\n\n<p>Para alcan\u00e7ar a resid\u00eancia desejada, conhecer essa metodologia \u00e9 um passo importante em dire\u00e7\u00e3o a um preparo estruturado e eficiente.<\/p>\n\n\n\n<figure class=\"wp-block-embed is-type-video is-provider-youtube wp-block-embed-youtube wp-embed-aspect-16-9 wp-has-aspect-ratio\"><div class=\"wp-block-embed__wrapper\">\n<iframe loading=\"lazy\" title=\"Entenda o que \u00e9 Taquiarritmia. Com Dra. J\u00falia Tormim\" width=\"696\" height=\"392\" src=\"https:\/\/www.youtube.com\/embed\/uGQFAGBX22c?feature=oembed\" frameborder=\"0\" allow=\"accelerometer; autoplay; clipboard-write; encrypted-media; gyroscope; picture-in-picture; web-share\" referrerpolicy=\"strict-origin-when-cross-origin\" allowfullscreen><\/iframe>\n<\/div><\/figure>\n","protected":false},"excerpt":{"rendered":"<p>Saiba como criar um curr\u00edculo competitivo para processos seletivos de resid\u00eancia m\u00e9dica. Conhe\u00e7a os itens essenciais, formato ideal e como se destacar.Neste artigo, mostraremos como construir um curr\u00edculo competitivo e quais os principais pontos que costumam destacar-se nos editais de resid\u00eancia m\u00e9dica.<br \/>\nAl\u00e9m disso, destacaremos a import\u00e2ncia de consultar cada edital com aten\u00e7\u00e3o e as atividades que costumam pontuar no processo seletivo.<\/p>\n","protected":false},"author":35,"featured_media":27918,"comment_status":"open","ping_status":"open","sticky":false,"template":"","format":"standard","meta":{"footnotes":""},"categories":[174],"tags":[1636,1664,117],"ppma_author":[3619],"class_list":{"0":"post-27916","1":"post","2":"type-post","3":"status-publish","4":"format-standard","5":"has-post-thumbnail","7":"category-residencia-medica","8":"tag-analise-curricular","9":"tag-curriculo","10":"tag-provas-de-residencia"},"yoast_head":"<!-- This site is optimized with the Yoast SEO Premium plugin v24.3 (Yoast SEO v27.4) - https:\/\/yoast.com\/product\/yoast-seo-premium-wordpress\/ -->\n<title>Como montar curr\u00edculo para Resid\u00eancia M\u00e9dica<\/title>\n<meta name=\"description\" content=\"Saiba como criar um curr\u00edculo competitivo para processos seletivos de resid\u00eancia m\u00e9dica. Conhe\u00e7a os itens essenciais, formato ideal e como se destacar.\" \/>\n<meta name=\"robots\" content=\"index, follow, max-snippet:-1, max-image-preview:large, max-video-preview:-1\" \/>\n<link rel=\"canonical\" href=\"https:\/\/www.grupomedcof.com.br\/blog\/curriculo-para-a-residencia-medica-dicas-e-pontos-chave\/\" \/>\n<meta property=\"og:locale\" content=\"pt_BR\" \/>\n<meta property=\"og:type\" content=\"article\" \/>\n<meta property=\"og:title\" content=\"Curr\u00edculo para Resid\u00eancia M\u00e9dica: como montar e itens essenciais\" \/>\n<meta property=\"og:description\" content=\"Saiba como criar um curr\u00edculo competitivo para processos seletivos de resid\u00eancia m\u00e9dica. Conhe\u00e7a os itens essenciais, formato ideal e como se destacar.\" \/>\n<meta property=\"og:url\" content=\"https:\/\/www.grupomedcof.com.br\/blog\/curriculo-para-a-residencia-medica-dicas-e-pontos-chave\/\" \/>\n<meta property=\"og:site_name\" content=\"Blog de Medcof: conte\u00fados, editais, revalida e mais!\" \/>\n<meta property=\"article:publisher\" content=\"https:\/\/www.facebook.com\/MedCofQbank\/\" \/>\n<meta property=\"article:published_time\" content=\"2025-11-21T11:57:17+00:00\" \/>\n<meta property=\"article:modified_time\" content=\"2025-11-21T11:57:18+00:00\" \/>\n<meta property=\"og:image\" content=\"https:\/\/www.grupomedcof.com.br\/blog\/wp-content\/uploads\/2024\/07\/Blog-MedCof-32-1-1024x576.png\" \/>\n\t<meta property=\"og:image:width\" content=\"1024\" \/>\n\t<meta property=\"og:image:height\" content=\"576\" \/>\n\t<meta property=\"og:image:type\" content=\"image\/png\" \/>\n<meta name=\"author\" content=\"Laura Fernandes\" \/>\n<meta name=\"twitter:card\" content=\"summary_large_image\" \/>\n<meta name=\"twitter:label1\" content=\"Escrito por\" \/>\n\t<meta name=\"twitter:data1\" content=\"Laura Fernandes\" \/>\n\t<meta name=\"twitter:label2\" content=\"Est. tempo de leitura\" \/>\n\t<meta name=\"twitter:data2\" content=\"8 minutos\" \/>\n<script type=\"application\/ld+json\" class=\"yoast-schema-graph\">{\"@context\":\"https:\\\/\\\/schema.org\",\"@graph\":[{\"@type\":\"Article\",\"@id\":\"https:\\\/\\\/www.grupomedcof.com.br\\\/blog\\\/curriculo-para-a-residencia-medica-dicas-e-pontos-chave\\\/#article\",\"isPartOf\":{\"@id\":\"https:\\\/\\\/www.grupomedcof.com.br\\\/blog\\\/curriculo-para-a-residencia-medica-dicas-e-pontos-chave\\\/\"},\"author\":{\"name\":\"Laura Fernandes\",\"@id\":\"https:\\\/\\\/www.grupomedcof.com.br\\\/blog\\\/#\\\/schema\\\/person\\\/8ef52fbd7689d8a1d2208bdf4d975d8e\"},\"headline\":\"Curr\u00edculo para Resid\u00eancia M\u00e9dica: como montar e itens essenciais\",\"datePublished\":\"2025-11-21T11:57:17+00:00\",\"dateModified\":\"2025-11-21T11:57:18+00:00\",\"mainEntityOfPage\":{\"@id\":\"https:\\\/\\\/www.grupomedcof.com.br\\\/blog\\\/curriculo-para-a-residencia-medica-dicas-e-pontos-chave\\\/\"},\"wordCount\":1654,\"commentCount\":0,\"publisher\":{\"@id\":\"https:\\\/\\\/www.grupomedcof.com.br\\\/blog\\\/#organization\"},\"image\":{\"@id\":\"https:\\\/\\\/www.grupomedcof.com.br\\\/blog\\\/curriculo-para-a-residencia-medica-dicas-e-pontos-chave\\\/#primaryimage\"},\"thumbnailUrl\":\"https:\\\/\\\/www.grupomedcof.com.br\\\/blog\\\/wp-content\\\/uploads\\\/2024\\\/07\\\/Blog-MedCof-32-1.png\",\"keywords\":[\"AN\u00e1lise Curricular\",\"Curr\u00edculo\",\"Provas de Resid\u00eancia\"],\"articleSection\":[\"Resid\u00eancia m\u00e9dica: editais, resultados, temas quentes e mais\"],\"inLanguage\":\"pt-BR\"},{\"@type\":\"WebPage\",\"@id\":\"https:\\\/\\\/www.grupomedcof.com.br\\\/blog\\\/curriculo-para-a-residencia-medica-dicas-e-pontos-chave\\\/\",\"url\":\"https:\\\/\\\/www.grupomedcof.com.br\\\/blog\\\/curriculo-para-a-residencia-medica-dicas-e-pontos-chave\\\/\",\"name\":\"Como montar curr\u00edculo para Resid\u00eancia M\u00e9dica\",\"isPartOf\":{\"@id\":\"https:\\\/\\\/www.grupomedcof.com.br\\\/blog\\\/#website\"},\"primaryImageOfPage\":{\"@id\":\"https:\\\/\\\/www.grupomedcof.com.br\\\/blog\\\/curriculo-para-a-residencia-medica-dicas-e-pontos-chave\\\/#primaryimage\"},\"image\":{\"@id\":\"https:\\\/\\\/www.grupomedcof.com.br\\\/blog\\\/curriculo-para-a-residencia-medica-dicas-e-pontos-chave\\\/#primaryimage\"},\"thumbnailUrl\":\"https:\\\/\\\/www.grupomedcof.com.br\\\/blog\\\/wp-content\\\/uploads\\\/2024\\\/07\\\/Blog-MedCof-32-1.png\",\"datePublished\":\"2025-11-21T11:57:17+00:00\",\"dateModified\":\"2025-11-21T11:57:18+00:00\",\"description\":\"Saiba como criar um curr\u00edculo competitivo para processos seletivos de resid\u00eancia m\u00e9dica. Conhe\u00e7a os itens essenciais, formato ideal e como se destacar.\",\"breadcrumb\":{\"@id\":\"https:\\\/\\\/www.grupomedcof.com.br\\\/blog\\\/curriculo-para-a-residencia-medica-dicas-e-pontos-chave\\\/#breadcrumb\"},\"inLanguage\":\"pt-BR\",\"potentialAction\":[{\"@type\":\"ReadAction\",\"target\":[\"https:\\\/\\\/www.grupomedcof.com.br\\\/blog\\\/curriculo-para-a-residencia-medica-dicas-e-pontos-chave\\\/\"]}]},{\"@type\":\"ImageObject\",\"inLanguage\":\"pt-BR\",\"@id\":\"https:\\\/\\\/www.grupomedcof.com.br\\\/blog\\\/curriculo-para-a-residencia-medica-dicas-e-pontos-chave\\\/#primaryimage\",\"url\":\"https:\\\/\\\/www.grupomedcof.com.br\\\/blog\\\/wp-content\\\/uploads\\\/2024\\\/07\\\/Blog-MedCof-32-1.png\",\"contentUrl\":\"https:\\\/\\\/www.grupomedcof.com.br\\\/blog\\\/wp-content\\\/uploads\\\/2024\\\/07\\\/Blog-MedCof-32-1.png\",\"width\":1920,\"height\":1080},{\"@type\":\"BreadcrumbList\",\"@id\":\"https:\\\/\\\/www.grupomedcof.com.br\\\/blog\\\/curriculo-para-a-residencia-medica-dicas-e-pontos-chave\\\/#breadcrumb\",\"itemListElement\":[{\"@type\":\"ListItem\",\"position\":1,\"name\":\"In\u00edcio\",\"item\":\"https:\\\/\\\/www.grupomedcof.com.br\\\/blog\\\/\"},{\"@type\":\"ListItem\",\"position\":2,\"name\":\"Curr\u00edculo para Resid\u00eancia M\u00e9dica: como montar e itens essenciais\"}]},{\"@type\":\"WebSite\",\"@id\":\"https:\\\/\\\/www.grupomedcof.com.br\\\/blog\\\/#website\",\"url\":\"https:\\\/\\\/www.grupomedcof.com.br\\\/blog\\\/\",\"name\":\"Blog de Medcof: conte\u00fados, editais, revalida e mais!\",\"description\":\"Acesso o blog de MedCof! Seu portal de conte\u00fados sobre resid\u00eancia m\u00e9dica, an\u00e1lise e editais e muito mais. Clique e confira!\",\"publisher\":{\"@id\":\"https:\\\/\\\/www.grupomedcof.com.br\\\/blog\\\/#organization\"},\"alternateName\":\"Blog de Medcof: conte\u00fados, editais, revalida e mais!\",\"potentialAction\":[{\"@type\":\"SearchAction\",\"target\":{\"@type\":\"EntryPoint\",\"urlTemplate\":\"https:\\\/\\\/www.grupomedcof.com.br\\\/blog\\\/?s={search_term_string}\"},\"query-input\":{\"@type\":\"PropertyValueSpecification\",\"valueRequired\":true,\"valueName\":\"search_term_string\"}}],\"inLanguage\":\"pt-BR\"},{\"@type\":\"Organization\",\"@id\":\"https:\\\/\\\/www.grupomedcof.com.br\\\/blog\\\/#organization\",\"name\":\"Grupo MedCof\",\"url\":\"https:\\\/\\\/www.grupomedcof.com.br\\\/blog\\\/\",\"logo\":{\"@type\":\"ImageObject\",\"inLanguage\":\"pt-BR\",\"@id\":\"https:\\\/\\\/www.grupomedcof.com.br\\\/blog\\\/#\\\/schema\\\/logo\\\/image\\\/\",\"url\":\"https:\\\/\\\/www.grupomedcof.com.br\\\/blog\\\/wp-content\\\/uploads\\\/2022\\\/01\\\/logo-medcof.png\",\"contentUrl\":\"https:\\\/\\\/www.grupomedcof.com.br\\\/blog\\\/wp-content\\\/uploads\\\/2022\\\/01\\\/logo-medcof.png\",\"width\":768,\"height\":269,\"caption\":\"Grupo MedCof\"},\"image\":{\"@id\":\"https:\\\/\\\/www.grupomedcof.com.br\\\/blog\\\/#\\\/schema\\\/logo\\\/image\\\/\"},\"sameAs\":[\"https:\\\/\\\/www.facebook.com\\\/MedCofQbank\\\/\",\"https:\\\/\\\/www.instagram.com\\\/grupomedcof\\\/\",\"https:\\\/\\\/br.linkedin.com\\\/company\\\/medcof\",\"https:\\\/\\\/www.youtube.com\\\/channel\\\/UCdHMuOHKICxcHwecxN8P-AA\"]},{\"@type\":\"Person\",\"@id\":\"https:\\\/\\\/www.grupomedcof.com.br\\\/blog\\\/#\\\/schema\\\/person\\\/8ef52fbd7689d8a1d2208bdf4d975d8e\",\"name\":\"Laura Fernandes\",\"image\":{\"@type\":\"ImageObject\",\"inLanguage\":\"pt-BR\",\"@id\":\"https:\\\/\\\/www.grupomedcof.com.br\\\/blog\\\/wp-content\\\/uploads\\\/2025\\\/09\\\/cropped-equipe-96x96.jpegaa171aa213b4913d9406ab69d274aa2a\",\"url\":\"https:\\\/\\\/www.grupomedcof.com.br\\\/blog\\\/wp-content\\\/uploads\\\/2025\\\/09\\\/cropped-equipe-96x96.jpeg\",\"contentUrl\":\"https:\\\/\\\/www.grupomedcof.com.br\\\/blog\\\/wp-content\\\/uploads\\\/2025\\\/09\\\/cropped-equipe-96x96.jpeg\",\"caption\":\"Laura Fernandes\"},\"description\":\"Jornalista pela UFOP, escrevo sobre sa\u00fade e especializa\u00e7\u00f5es m\u00e9dicas.\",\"url\":\"https:\\\/\\\/www.grupomedcof.com.br\\\/blog\\\/author\\\/laura\\\/\"}]}<\/script>\n<!-- \/ Yoast SEO Premium plugin. -->","yoast_head_json":{"title":"Como montar curr\u00edculo para Resid\u00eancia M\u00e9dica","description":"Saiba como criar um curr\u00edculo competitivo para processos seletivos de resid\u00eancia m\u00e9dica. Conhe\u00e7a os itens essenciais, formato ideal e como se destacar.","robots":{"index":"index","follow":"follow","max-snippet":"max-snippet:-1","max-image-preview":"max-image-preview:large","max-video-preview":"max-video-preview:-1"},"canonical":"https:\/\/www.grupomedcof.com.br\/blog\/curriculo-para-a-residencia-medica-dicas-e-pontos-chave\/","og_locale":"pt_BR","og_type":"article","og_title":"Curr\u00edculo para Resid\u00eancia M\u00e9dica: como montar e itens essenciais","og_description":"Saiba como criar um curr\u00edculo competitivo para processos seletivos de resid\u00eancia m\u00e9dica. Conhe\u00e7a os itens essenciais, formato ideal e como se destacar.","og_url":"https:\/\/www.grupomedcof.com.br\/blog\/curriculo-para-a-residencia-medica-dicas-e-pontos-chave\/","og_site_name":"Blog de Medcof: conte\u00fados, editais, revalida e mais!","article_publisher":"https:\/\/www.facebook.com\/MedCofQbank\/","article_published_time":"2025-11-21T11:57:17+00:00","article_modified_time":"2025-11-21T11:57:18+00:00","og_image":[{"width":1024,"height":576,"url":"https:\/\/www.grupomedcof.com.br\/blog\/wp-content\/uploads\/2024\/07\/Blog-MedCof-32-1-1024x576.png","type":"image\/png"}],"author":"Laura Fernandes","twitter_card":"summary_large_image","twitter_misc":{"Escrito por":"Laura Fernandes","Est. tempo de leitura":"8 minutos"},"schema":{"@context":"https:\/\/schema.org","@graph":[{"@type":"Article","@id":"https:\/\/www.grupomedcof.com.br\/blog\/curriculo-para-a-residencia-medica-dicas-e-pontos-chave\/#article","isPartOf":{"@id":"https:\/\/www.grupomedcof.com.br\/blog\/curriculo-para-a-residencia-medica-dicas-e-pontos-chave\/"},"author":{"name":"Laura Fernandes","@id":"https:\/\/www.grupomedcof.com.br\/blog\/#\/schema\/person\/8ef52fbd7689d8a1d2208bdf4d975d8e"},"headline":"Curr\u00edculo para Resid\u00eancia M\u00e9dica: como montar e itens essenciais","datePublished":"2025-11-21T11:57:17+00:00","dateModified":"2025-11-21T11:57:18+00:00","mainEntityOfPage":{"@id":"https:\/\/www.grupomedcof.com.br\/blog\/curriculo-para-a-residencia-medica-dicas-e-pontos-chave\/"},"wordCount":1654,"commentCount":0,"publisher":{"@id":"https:\/\/www.grupomedcof.com.br\/blog\/#organization"},"image":{"@id":"https:\/\/www.grupomedcof.com.br\/blog\/curriculo-para-a-residencia-medica-dicas-e-pontos-chave\/#primaryimage"},"thumbnailUrl":"https:\/\/www.grupomedcof.com.br\/blog\/wp-content\/uploads\/2024\/07\/Blog-MedCof-32-1.png","keywords":["AN\u00e1lise Curricular","Curr\u00edculo","Provas de Resid\u00eancia"],"articleSection":["Resid\u00eancia m\u00e9dica: editais, resultados, temas quentes e mais"],"inLanguage":"pt-BR"},{"@type":"WebPage","@id":"https:\/\/www.grupomedcof.com.br\/blog\/curriculo-para-a-residencia-medica-dicas-e-pontos-chave\/","url":"https:\/\/www.grupomedcof.com.br\/blog\/curriculo-para-a-residencia-medica-dicas-e-pontos-chave\/","name":"Como montar curr\u00edculo para Resid\u00eancia M\u00e9dica","isPartOf":{"@id":"https:\/\/www.grupomedcof.com.br\/blog\/#website"},"primaryImageOfPage":{"@id":"https:\/\/www.grupomedcof.com.br\/blog\/curriculo-para-a-residencia-medica-dicas-e-pontos-chave\/#primaryimage"},"image":{"@id":"https:\/\/www.grupomedcof.com.br\/blog\/curriculo-para-a-residencia-medica-dicas-e-pontos-chave\/#primaryimage"},"thumbnailUrl":"https:\/\/www.grupomedcof.com.br\/blog\/wp-content\/uploads\/2024\/07\/Blog-MedCof-32-1.png","datePublished":"2025-11-21T11:57:17+00:00","dateModified":"2025-11-21T11:57:18+00:00","description":"Saiba como criar um curr\u00edculo competitivo para processos seletivos de resid\u00eancia m\u00e9dica. Conhe\u00e7a os itens essenciais, formato ideal e como se destacar.","breadcrumb":{"@id":"https:\/\/www.grupomedcof.com.br\/blog\/curriculo-para-a-residencia-medica-dicas-e-pontos-chave\/#breadcrumb"},"inLanguage":"pt-BR","potentialAction":[{"@type":"ReadAction","target":["https:\/\/www.grupomedcof.com.br\/blog\/curriculo-para-a-residencia-medica-dicas-e-pontos-chave\/"]}]},{"@type":"ImageObject","inLanguage":"pt-BR","@id":"https:\/\/www.grupomedcof.com.br\/blog\/curriculo-para-a-residencia-medica-dicas-e-pontos-chave\/#primaryimage","url":"https:\/\/www.grupomedcof.com.br\/blog\/wp-content\/uploads\/2024\/07\/Blog-MedCof-32-1.png","contentUrl":"https:\/\/www.grupomedcof.com.br\/blog\/wp-content\/uploads\/2024\/07\/Blog-MedCof-32-1.png","width":1920,"height":1080},{"@type":"BreadcrumbList","@id":"https:\/\/www.grupomedcof.com.br\/blog\/curriculo-para-a-residencia-medica-dicas-e-pontos-chave\/#breadcrumb","itemListElement":[{"@type":"ListItem","position":1,"name":"In\u00edcio","item":"https:\/\/www.grupomedcof.com.br\/blog\/"},{"@type":"ListItem","position":2,"name":"Curr\u00edculo para Resid\u00eancia M\u00e9dica: como montar e itens essenciais"}]},{"@type":"WebSite","@id":"https:\/\/www.grupomedcof.com.br\/blog\/#website","url":"https:\/\/www.grupomedcof.com.br\/blog\/","name":"Blog de Medcof: conte\u00fados, editais, revalida e mais!","description":"Acesso o blog de MedCof! Seu portal de conte\u00fados sobre resid\u00eancia m\u00e9dica, an\u00e1lise e editais e muito mais. Clique e confira!","publisher":{"@id":"https:\/\/www.grupomedcof.com.br\/blog\/#organization"},"alternateName":"Blog de Medcof: conte\u00fados, editais, revalida e mais!","potentialAction":[{"@type":"SearchAction","target":{"@type":"EntryPoint","urlTemplate":"https:\/\/www.grupomedcof.com.br\/blog\/?s={search_term_string}"},"query-input":{"@type":"PropertyValueSpecification","valueRequired":true,"valueName":"search_term_string"}}],"inLanguage":"pt-BR"},{"@type":"Organization","@id":"https:\/\/www.grupomedcof.com.br\/blog\/#organization","name":"Grupo MedCof","url":"https:\/\/www.grupomedcof.com.br\/blog\/","logo":{"@type":"ImageObject","inLanguage":"pt-BR","@id":"https:\/\/www.grupomedcof.com.br\/blog\/#\/schema\/logo\/image\/","url":"https:\/\/www.grupomedcof.com.br\/blog\/wp-content\/uploads\/2022\/01\/logo-medcof.png","contentUrl":"https:\/\/www.grupomedcof.com.br\/blog\/wp-content\/uploads\/2022\/01\/logo-medcof.png","width":768,"height":269,"caption":"Grupo MedCof"},"image":{"@id":"https:\/\/www.grupomedcof.com.br\/blog\/#\/schema\/logo\/image\/"},"sameAs":["https:\/\/www.facebook.com\/MedCofQbank\/","https:\/\/www.instagram.com\/grupomedcof\/","https:\/\/br.linkedin.com\/company\/medcof","https:\/\/www.youtube.com\/channel\/UCdHMuOHKICxcHwecxN8P-AA"]},{"@type":"Person","@id":"https:\/\/www.grupomedcof.com.br\/blog\/#\/schema\/person\/8ef52fbd7689d8a1d2208bdf4d975d8e","name":"Laura Fernandes","image":{"@type":"ImageObject","inLanguage":"pt-BR","@id":"https:\/\/www.grupomedcof.com.br\/blog\/wp-content\/uploads\/2025\/09\/cropped-equipe-96x96.jpegaa171aa213b4913d9406ab69d274aa2a","url":"https:\/\/www.grupomedcof.com.br\/blog\/wp-content\/uploads\/2025\/09\/cropped-equipe-96x96.jpeg","contentUrl":"https:\/\/www.grupomedcof.com.br\/blog\/wp-content\/uploads\/2025\/09\/cropped-equipe-96x96.jpeg","caption":"Laura Fernandes"},"description":"Jornalista pela UFOP, escrevo sobre sa\u00fade e especializa\u00e7\u00f5es m\u00e9dicas.","url":"https:\/\/www.grupomedcof.com.br\/blog\/author\/laura\/"}]}},"authors":[{"term_id":3619,"user_id":35,"is_guest":0,"slug":"laura","display_name":"Laura Fernandes","avatar_url":"https:\/\/www.grupomedcof.com.br\/blog\/wp-content\/uploads\/2025\/09\/cropped-equipe-96x96.jpeg","0":null,"1":"","2":"","3":"","4":"","5":"","6":"","7":"","8":""}],"_links":{"self":[{"href":"https:\/\/www.grupomedcof.com.br\/blog\/wp-json\/wp\/v2\/posts\/27916","targetHints":{"allow":["GET"]}}],"collection":[{"href":"https:\/\/www.grupomedcof.com.br\/blog\/wp-json\/wp\/v2\/posts"}],"about":[{"href":"https:\/\/www.grupomedcof.com.br\/blog\/wp-json\/wp\/v2\/types\/post"}],"author":[{"embeddable":true,"href":"https:\/\/www.grupomedcof.com.br\/blog\/wp-json\/wp\/v2\/users\/35"}],"replies":[{"embeddable":true,"href":"https:\/\/www.grupomedcof.com.br\/blog\/wp-json\/wp\/v2\/comments?post=27916"}],"version-history":[{"count":1,"href":"https:\/\/www.grupomedcof.com.br\/blog\/wp-json\/wp\/v2\/posts\/27916\/revisions"}],"predecessor-version":[{"id":39516,"href":"https:\/\/www.grupomedcof.com.br\/blog\/wp-json\/wp\/v2\/posts\/27916\/revisions\/39516"}],"wp:featuredmedia":[{"embeddable":true,"href":"https:\/\/www.grupomedcof.com.br\/blog\/wp-json\/wp\/v2\/media\/27918"}],"wp:attachment":[{"href":"https:\/\/www.grupomedcof.com.br\/blog\/wp-json\/wp\/v2\/media?parent=27916"}],"wp:term":[{"taxonomy":"category","embeddable":true,"href":"https:\/\/www.grupomedcof.com.br\/blog\/wp-json\/wp\/v2\/categories?post=27916"},{"taxonomy":"post_tag","embeddable":true,"href":"https:\/\/www.grupomedcof.com.br\/blog\/wp-json\/wp\/v2\/tags?post=27916"},{"taxonomy":"author","embeddable":true,"href":"https:\/\/www.grupomedcof.com.br\/blog\/wp-json\/wp\/v2\/ppma_author?post=27916"}],"curies":[{"name":"wp","href":"https:\/\/api.w.org\/{rel}","templated":true}]}}