{"id":27922,"date":"2026-04-17T10:32:42","date_gmt":"2026-04-17T13:32:42","guid":{"rendered":"https:\/\/www.grupomedcof.com.br\/blog\/?p=27922"},"modified":"2026-04-17T10:33:06","modified_gmt":"2026-04-17T13:33:06","slug":"residencia-medica-sus-ba","status":"publish","type":"post","link":"https:\/\/www.grupomedcof.com.br\/blog\/residencia-medica-sus-ba\/","title":{"rendered":"Resid\u00eancia M\u00e9dica SUS-BA 2026: edital, vagas, resultados, notas de corte e mais!"},"content":{"rendered":"<div id=\"ez-toc-container\" class=\"ez-toc-v2_0_74 counter-hierarchy ez-toc-counter ez-toc-transparent ez-toc-container-direction\">\n<div class=\"ez-toc-title-container\">\n<p class=\"ez-toc-title\" style=\"cursor:inherit\">Sum\u00e1rio<\/p>\n<span class=\"ez-toc-title-toggle\"><a href=\"#\" class=\"ez-toc-pull-right ez-toc-btn ez-toc-btn-xs ez-toc-btn-default ez-toc-toggle\" aria-label=\"Alternar tabela de conte\u00fado\"><span class=\"ez-toc-js-icon-con\"><span class=\"\"><span class=\"eztoc-hide\" style=\"display:none;\">Toggle<\/span><span class=\"ez-toc-icon-toggle-span\"><svg style=\"fill: #999;color:#999\" xmlns=\"http:\/\/www.w3.org\/2000\/svg\" class=\"list-377408\" width=\"20px\" height=\"20px\" viewBox=\"0 0 24 24\" fill=\"none\"><path d=\"M6 6H4v2h2V6zm14 0H8v2h12V6zM4 11h2v2H4v-2zm16 0H8v2h12v-2zM4 16h2v2H4v-2zm16 0H8v2h12v-2z\" fill=\"currentColor\"><\/path><\/svg><svg style=\"fill: #999;color:#999\" class=\"arrow-unsorted-368013\" xmlns=\"http:\/\/www.w3.org\/2000\/svg\" width=\"10px\" height=\"10px\" viewBox=\"0 0 24 24\" version=\"1.2\" baseProfile=\"tiny\"><path d=\"M18.2 9.3l-6.2-6.3-6.2 6.3c-.2.2-.3.4-.3.7s.1.5.3.7c.2.2.4.3.7.3h11c.3 0 .5-.1.7-.3.2-.2.3-.5.3-.7s-.1-.5-.3-.7zM5.8 14.7l6.2 6.3 6.2-6.3c.2-.2.3-.5.3-.7s-.1-.5-.3-.7c-.2-.2-.4-.3-.7-.3h-11c-.3 0-.5.1-.7.3-.2.2-.3.5-.3.7s.1.5.3.7z\"\/><\/svg><\/span><\/span><\/span><\/a><\/span><\/div>\n<nav><ul class='ez-toc-list ez-toc-list-level-1 ' ><li class='ez-toc-page-1 ez-toc-heading-level-2'><a class=\"ez-toc-link ez-toc-heading-1\" href=\"https:\/\/www.grupomedcof.com.br\/blog\/residencia-medica-sus-ba\/#Edital_SUS-BA_2026\" >Edital SUS-BA 2026<\/a><ul class='ez-toc-list-level-3' ><li class='ez-toc-heading-level-3'><a class=\"ez-toc-link ez-toc-heading-2\" href=\"https:\/\/www.grupomedcof.com.br\/blog\/residencia-medica-sus-ba\/#Inscricoes\" >Inscri\u00e7\u00f5es<\/a><\/li><\/ul><\/li><li class='ez-toc-page-1 ez-toc-heading-level-2'><a class=\"ez-toc-link ez-toc-heading-3\" href=\"https:\/\/www.grupomedcof.com.br\/blog\/residencia-medica-sus-ba\/#Instituicoes_participantes_SUS-BA_2026\" >Institui\u00e7\u00f5es participantes SUS-BA 2026<\/a><\/li><li class='ez-toc-page-1 ez-toc-heading-level-2'><a class=\"ez-toc-link ez-toc-heading-4\" href=\"https:\/\/www.grupomedcof.com.br\/blog\/residencia-medica-sus-ba\/#Especialidades_e_vagas_disponiveis_no_SUS-BA\" >Especialidades e vagas dispon\u00edveis no SUS-BA<\/a><ul class='ez-toc-list-level-3' ><li class='ez-toc-heading-level-3'><a class=\"ez-toc-link ez-toc-heading-5\" href=\"https:\/\/www.grupomedcof.com.br\/blog\/residencia-medica-sus-ba\/#Acesso_Direto\" >Acesso Direto<\/a><\/li><li class='ez-toc-page-1 ez-toc-heading-level-3'><a class=\"ez-toc-link ez-toc-heading-6\" href=\"https:\/\/www.grupomedcof.com.br\/blog\/residencia-medica-sus-ba\/#Pre-Requisito\" >Pr\u00e9-Requisito<\/a><\/li><li class='ez-toc-page-1 ez-toc-heading-level-3'><a class=\"ez-toc-link ez-toc-heading-7\" href=\"https:\/\/www.grupomedcof.com.br\/blog\/residencia-medica-sus-ba\/#Anos_Adicionais\" >Anos Adicionais<\/a><\/li><\/ul><\/li><li class='ez-toc-page-1 ez-toc-heading-level-2'><a class=\"ez-toc-link ez-toc-heading-8\" href=\"https:\/\/www.grupomedcof.com.br\/blog\/residencia-medica-sus-ba\/#Como_e_o_processo_seletivo_do_SUS-BA\" >Como \u00e9 o processo seletivo do SUS-BA&nbsp;<\/a><\/li><li class='ez-toc-page-1 ez-toc-heading-level-2'><a class=\"ez-toc-link ez-toc-heading-9\" href=\"https:\/\/www.grupomedcof.com.br\/blog\/residencia-medica-sus-ba\/#Relacao_CandidatoVaga_Concorrencia_SUS-BA\" >Rela\u00e7\u00e3o Candidato\/Vaga (Concorr\u00eancia)&nbsp;SUS-BA<\/a><ul class='ez-toc-list-level-3' ><li class='ez-toc-heading-level-3'><a class=\"ez-toc-link ez-toc-heading-10\" href=\"https:\/\/www.grupomedcof.com.br\/blog\/residencia-medica-sus-ba\/#Acesso_Direto-2\" >Acesso Direto<\/a><\/li><li class='ez-toc-page-1 ez-toc-heading-level-3'><a class=\"ez-toc-link ez-toc-heading-11\" href=\"https:\/\/www.grupomedcof.com.br\/blog\/residencia-medica-sus-ba\/#Pre-Requisito_e_Anos_Adicionais\" >Pr\u00e9-Requisito e Anos Adicionais<\/a><\/li><\/ul><\/li><li class='ez-toc-page-1 ez-toc-heading-level-2'><a class=\"ez-toc-link ez-toc-heading-12\" href=\"https:\/\/www.grupomedcof.com.br\/blog\/residencia-medica-sus-ba\/#Cronograma_SUS-BA_20252026\" >Cronograma SUS-BA 2025\/2026<\/a><\/li><li class='ez-toc-page-1 ez-toc-heading-level-2'><a class=\"ez-toc-link ez-toc-heading-13\" href=\"https:\/\/www.grupomedcof.com.br\/blog\/residencia-medica-sus-ba\/#Definicao_da_nota\" >Defini\u00e7\u00e3o da nota<\/a><ul class='ez-toc-list-level-3' ><li class='ez-toc-heading-level-3'><a class=\"ez-toc-link ez-toc-heading-14\" href=\"https:\/\/www.grupomedcof.com.br\/blog\/residencia-medica-sus-ba\/#Criterios_de_desempate\" >Crit\u00e9rios de desempate<\/a><\/li><\/ul><\/li><li class='ez-toc-page-1 ez-toc-heading-level-2'><a class=\"ez-toc-link ez-toc-heading-15\" href=\"https:\/\/www.grupomedcof.com.br\/blog\/residencia-medica-sus-ba\/#Gabaritos_Definitivos_e_Notas_Preliminares\" >Gabaritos Definitivos e Notas Preliminares<\/a><\/li><li class='ez-toc-page-1 ez-toc-heading-level-2'><a class=\"ez-toc-link ez-toc-heading-16\" href=\"https:\/\/www.grupomedcof.com.br\/blog\/residencia-medica-sus-ba\/#Resultado_Final\" >Resultado Final<\/a><\/li><li class='ez-toc-page-1 ez-toc-heading-level-2'><a class=\"ez-toc-link ez-toc-heading-17\" href=\"https:\/\/www.grupomedcof.com.br\/blog\/residencia-medica-sus-ba\/#Nota_de_corte_SUS-BA\" >Nota de corte SUS-BA<\/a><\/li><li class='ez-toc-page-1 ez-toc-heading-level-2'><a class=\"ez-toc-link ez-toc-heading-18\" href=\"https:\/\/www.grupomedcof.com.br\/blog\/residencia-medica-sus-ba\/#Preparacao_de_excelencia_para_a_residencia_medica_com_a_Medcof\" >Prepara\u00e7\u00e3o de excel\u00eancia para a resid\u00eancia m\u00e9dica com a Medcof<\/a><\/li><\/ul><\/nav><\/div>\n\n<figure class=\"wp-block-image size-large\"><img loading=\"lazy\" decoding=\"async\" width=\"1024\" height=\"576\" src=\"https:\/\/www.grupomedcof.com.br\/blog\/wp-content\/uploads\/2024\/07\/Modelo-instituicoes-65-1024x576.jpg\" alt=\"\" class=\"wp-image-33204\" srcset=\"https:\/\/www.grupomedcof.com.br\/blog\/wp-content\/uploads\/2024\/07\/Modelo-instituicoes-65-1024x576.jpg 1024w, https:\/\/www.grupomedcof.com.br\/blog\/wp-content\/uploads\/2024\/07\/Modelo-instituicoes-65-300x169.jpg 300w, https:\/\/www.grupomedcof.com.br\/blog\/wp-content\/uploads\/2024\/07\/Modelo-instituicoes-65-768x432.jpg 768w, https:\/\/www.grupomedcof.com.br\/blog\/wp-content\/uploads\/2024\/07\/Modelo-instituicoes-65-1536x864.jpg 1536w, https:\/\/www.grupomedcof.com.br\/blog\/wp-content\/uploads\/2024\/07\/Modelo-instituicoes-65-2048x1152.jpg 2048w, https:\/\/www.grupomedcof.com.br\/blog\/wp-content\/uploads\/2024\/07\/Modelo-instituicoes-65-747x420.jpg 747w, https:\/\/www.grupomedcof.com.br\/blog\/wp-content\/uploads\/2024\/07\/Modelo-instituicoes-65-150x84.jpg 150w, https:\/\/www.grupomedcof.com.br\/blog\/wp-content\/uploads\/2024\/07\/Modelo-instituicoes-65-696x392.jpg 696w, https:\/\/www.grupomedcof.com.br\/blog\/wp-content\/uploads\/2024\/07\/Modelo-instituicoes-65-1068x601.jpg 1068w, https:\/\/www.grupomedcof.com.br\/blog\/wp-content\/uploads\/2024\/07\/Modelo-instituicoes-65-1920x1080.jpg 1920w\" sizes=\"auto, (max-width: 1024px) 100vw, 1024px\" \/><\/figure>\n\n\n\n<p>Relembre como foi a \u00faltima edi\u00e7\u00e3o do seletivo de resid\u00eancia m\u00e9dica do&nbsp;<strong>Processo Seletivo Unificado do Sistema \u00danico de Sa\u00fade do Estado da Bahia<\/strong> (SUS-BA) e se prepare para a pr\u00f3xima prova!<\/p>\n\n\n\n<h2 class=\"wp-block-heading\" id=\"h-edital-sus-ba-2026\"><span class=\"ez-toc-section\" id=\"Edital_SUS-BA_2026\"><\/span><strong>Edital SUS-BA 2026<\/strong><span class=\"ez-toc-section-end\"><\/span><\/h2>\n\n\n\n<p>Primeiramente, a divulga\u00e7\u00e3o do&nbsp;<strong><a href=\"https:\/\/www.grupomedcof.com.br\/blog\/residencia-medica-sus-ba-edital-publicado\/#cronograma-sus-ba-2024-2025\" target=\"_blank\" rel=\"noreferrer noopener\">edital<\/a><\/strong>&nbsp;para o processo seletivo nas vagas de&nbsp;<strong>Acesso Direto<\/strong>,&nbsp;<strong>Pr\u00e9-Requisito<\/strong>&nbsp;e <strong>\u00c1reas de Atua\u00e7\u00e3o<\/strong> de Resid\u00eancia M\u00e9dica do SUS-BA ocorreu <strong>em outubro de 2025<\/strong>, atrav\u00e9s da <strong>Comiss\u00e3o Estadual de Resid\u00eancia M\u00e9dica da Bahia<\/strong>, respons\u00e1vel pela organiza\u00e7\u00e3o do seletivo.<\/p>\n\n\n\n<p>Assim, no edital, os candidatos receberam informa\u00e7\u00f5es sobre datas, inscri\u00e7\u00f5es, processo seletivo, vagas ofertadas, institui\u00e7\u00f5es participantes, taxa de inscri\u00e7\u00e3o e matr\u00edculas.<\/p>\n\n\n\n<h3 class=\"wp-block-heading\" id=\"h-inscricoes\"><span class=\"ez-toc-section\" id=\"Inscricoes\"><\/span><strong>Inscri\u00e7\u00f5es<\/strong><span class=\"ez-toc-section-end\"><\/span><\/h3>\n\n\n\n<p>Os candidatos que prestaram a prova do&nbsp;<strong>SUS-BA 2026<\/strong>&nbsp;realizaram suas inscri\u00e7\u00f5es entre os dias <strong>17 de outubro a 18 de novembro de 2025<\/strong>. &nbsp;Al\u00e9m disso, a taxa foi no valor de&nbsp;<strong>R$755,60.<\/strong><\/p>\n\n\n\n<h2 class=\"wp-block-heading\" id=\"h-instituicoes-participantes-sus-ba-2026\"><span class=\"ez-toc-section\" id=\"Instituicoes_participantes_SUS-BA_2026\"><\/span><strong>Institui\u00e7\u00f5es participantes SUS-BA 2026<\/strong><span class=\"ez-toc-section-end\"><\/span><\/h2>\n\n\n\n<ol class=\"wp-block-list\">\n<li>Assist\u00eancia Psiqui\u00e1trica e Centro de Estudos Ltda \u2013 APICE<\/li>\n\n\n\n<li>Centro Universit\u00e1rio FG \u2013 Campus Brumado<\/li>\n\n\n\n<li>Clinos Hospital de Olhos \u2013 Feira de Santana<\/li>\n\n\n\n<li>Faculdade AGES de Medicina \u2013 Jacobina<\/li>\n\n\n\n<li>Funda\u00e7\u00e3o Bahiana de Desenvolvimento para Ci\u00eancia<\/li>\n\n\n\n<li>Hospital Aristides Maltez \u2013 Liga Bahiana contra o C\u00e2ncer<\/li>\n\n\n\n<li>Hospital Calixto Midlej Filho \u2013 Itabuna<\/li>\n\n\n\n<li>Hospital da Cidade<\/li>\n\n\n\n<li>Hospital da Mulher \u2013 Funda\u00e7\u00e3o Hospitalar de Feira de Santana<\/li>\n\n\n\n<li>Hospital de Base Lu\u00eds Eduardo Magalh\u00e3es \u2013 Itabuna<\/li>\n\n\n\n<li>Hospital de Olhos de Feira de Santana<\/li>\n\n\n\n<li>Hospital de Olhos Ruy Cunha \u2013 Munic\u00edpio de Itabuna<\/li>\n\n\n\n<li>Hospital Dom Pedro de Alc\u00e2ntara \u2013 Santa Casa de Feira de Santana<\/li>\n\n\n\n<li>Hospital Manoel Novaes \u2013 Santa Casa de Miseric\u00f3rdia de Itabuna<\/li>\n\n\n\n<li>Hospital Martag\u00e3o Gesteira \u2013 Liga \u00c1lvaro Bahia contra a Mortalidade Infantil<\/li>\n\n\n\n<li>Hospital Mater Dei Salvador<\/li>\n\n\n\n<li>Hospital Otorrinos de Feira de Santana<\/li>\n\n\n\n<li>Hospital Portugu\u00eas da Bahia<\/li>\n\n\n\n<li>Hospital Santa Izabel \u2013 Santa Casa de Miseric\u00f3rdia da Bahia<\/li>\n\n\n\n<li>Hospital Santa Luzia<\/li>\n\n\n\n<li>Hospital Santo Ant\u00f4nio \u2013 Obras Sociais de Irm\u00e3 Dulce<\/li>\n\n\n\n<li>Hospital S\u00e3o Rafael<\/li>\n\n\n\n<li>Hospital S\u00e3o Vicente de Paulo \u2013 Santa Casa de Miseric\u00f3rdia \u2013 Vit\u00f3ria da Conquista<\/li>\n\n\n\n<li>IDOR Bahia<\/li>\n\n\n\n<li>Instituto Brasileiro de Oftalmologia e Preven\u00e7\u00e3o da Cegueira \u2013 Hospital Humberto Castro Lima<\/li>\n\n\n\n<li>Instituto Educacional Santo Agostinho S.A. \u2013 Itabuna<\/li>\n\n\n\n<li>Secretaria Municipal de Sa\u00fade \u2013 Prefeitura de Salvador<\/li>\n\n\n\n<li>Secretaria Municipal de Sa\u00fade \u2013 Prefeitura de Salvador \u2013 Gest\u00e3o e Preceptoria<\/li>\n\n\n\n<li>Secretaria Municipal de Sa\u00fade \u2013 Prefeitura de Salvador \u2013 Hospital do Homem<\/li>\n\n\n\n<li>Secretaria Municipal de Sa\u00fade \u2013 Prefeitura de Salvador \u2013 Sa\u00fade Mental e Cuidado \u00e0 Popula\u00e7\u00e3o em Situa\u00e7\u00e3o de Rua<\/li>\n\n\n\n<li>Secretaria Municipal de Sa\u00fade de Vit\u00f3ria da Conquista<\/li>\n\n\n\n<li>Sociedade de Ensino Superior Est\u00e1cio de S\u00e1 Ltda \u2013 Alagoinhas<\/li>\n\n\n\n<li>Vivere Cuidado Integral em Sa\u00fade Mental \u2013 Cl\u00ednica Sensi \u2013 Vit\u00f3ria da Conquista<\/li>\n<\/ol>\n\n\n\n<h2 class=\"wp-block-heading\"><span class=\"ez-toc-section\" id=\"Especialidades_e_vagas_disponiveis_no_SUS-BA\"><\/span><strong>Especialidades e vagas dispon\u00edveis no SUS-BA<\/strong><span class=\"ez-toc-section-end\"><\/span><\/h2>\n\n\n\n<h3 class=\"wp-block-heading\"><span class=\"ez-toc-section\" id=\"Acesso_Direto\"><\/span><strong>Acesso Direto<\/strong><span class=\"ez-toc-section-end\"><\/span><\/h3>\n\n\n\n<h4 class=\"wp-block-heading\"><strong>Anestesiologia<\/strong><\/h4>\n\n\n\n<figure class=\"wp-block-table\"><table class=\"has-fixed-layout\"><tbody><tr><td><strong>Institui\u00e7\u00e3o<\/strong><\/td><td><strong>Vagas<\/strong><\/td><\/tr><tr><td>HOSPITAL ARISTIDES MALTEZ \u2013 LIGA BAHIANA CONTRA O C\u00c2NCER<\/td><td>2<\/td><\/tr><tr><td>HOSPITAL PORTUGU\u00caS DA BAHIA<\/td><td>3<\/td><\/tr><tr><td>HOSPITAL SANTA IZABEL \u2013 SANTA CASA DE MISERIC\u00d3RDIA DA BAHIA<\/td><td>6<\/td><\/tr><tr><td>HOSPITAL SANTO ANT\u00d4NIO \u2013 OBRAS SOCIAIS DE IRM\u00c3 DULCE<\/td><td>10<\/td><\/tr><tr><td>HOSPITAL S\u00c3O RAFAEL<\/td><td>5<\/td><\/tr><tr><td>SECRETARIA MUNICIPAL DE SA\u00daDE \u2013 PREF. SALVADOR<\/td><td>2<\/td><\/tr><\/tbody><\/table><\/figure>\n\n\n\n<h4 class=\"wp-block-heading\"><strong>Cirurgia Cardiovascular<\/strong><\/h4>\n\n\n\n<figure class=\"wp-block-table\"><table class=\"has-fixed-layout\"><tbody><tr><td><strong>Institui\u00e7\u00e3o<\/strong><\/td><td><strong>Vagas<\/strong><\/td><\/tr><tr><td>HOSPITAL DOM PEDRO DE ALC\u00c2NTARA \u2013 SANTA CASA DE FEIRA DE SANTANA<\/td><td>1<\/td><\/tr><\/tbody><\/table><\/figure>\n\n\n\n<h4 class=\"wp-block-heading\"><strong>Cirurgia Geral<\/strong><\/h4>\n\n\n\n<figure class=\"wp-block-table\"><table class=\"has-fixed-layout\"><tbody><tr><td><strong>Institui\u00e7\u00e3o<\/strong><\/td><td><strong>Vagas<\/strong><\/td><\/tr><tr><td>HOSPITAL CALIXTO MIDLEJ FILHO \u2013 ITABUNA<\/td><td>3<\/td><\/tr><tr><td>HOSPITAL DA CIDADE<\/td><td>2<\/td><\/tr><tr><td>HOSPITAL DE BASE LU\u00cdS EDUARDO MAGALH\u00c3ES \u2013 ITABUNA<\/td><td>3<\/td><\/tr><tr><td>HOSPITAL SANTA IZABEL \u2013 SANTA CASA DE MISERIC\u00d3RDIA DA BAHIA<\/td><td>6<\/td><\/tr><tr><td>HOSPITAL SANTO ANT\u00d4NIO \u2013 OBRAS SOCIAIS DE IRM\u00c3 DULCE<\/td><td>9<\/td><\/tr><tr><td>HOSPITAL S\u00c3O VICENTE DE PAULO \u2013 SANTA CASA DE MISERIC\u00d3RDIA \u2013 VIT\u00d3RIA DA CONQUISTA<\/td><td>2<\/td><\/tr><tr><td>SOCIEDADE DE ENSINO SUPERIOR EST\u00c1CIO DE S\u00c1 LTDA \u2013 ALAGOINHAS<\/td><td>1<\/td><\/tr><\/tbody><\/table><\/figure>\n\n\n\n<h4 class=\"wp-block-heading\"><strong>Cl\u00ednica M\u00e9dica<\/strong><\/h4>\n\n\n\n<figure class=\"wp-block-table\"><table class=\"has-fixed-layout\"><tbody><tr><td><strong>Institui\u00e7\u00e3o<\/strong><\/td><td><strong>Vagas<\/strong><\/td><\/tr><tr><td>FACULDADE AGES DE MEDICINA \u2013 JACOBINA<\/td><td>2<\/td><\/tr><tr><td>HOSPITAL CALIXTO MIDLEJ FILHO \u2013 ITABUNA<\/td><td>4<\/td><\/tr><tr><td>HOSPITAL DA CIDADE<\/td><td>3<\/td><\/tr><tr><td>HOSPITAL DE BASE LU\u00cdS EDUARDO MAGALH\u00c3ES \u2013 ITABUNA<\/td><td>4<\/td><\/tr><tr><td>HOSPITAL DOM PEDRO DE ALC\u00c2NTARA \u2013 SANTA CASA DE FEIRA DE SANTANA<\/td><td>2<\/td><\/tr><tr><td>HOSPITAL PORTUGU\u00caS DA BAHIA<\/td><td>5<\/td><\/tr><tr><td>HOSPITAL SANTA IZABEL \u2013 SANTA CASA DE MISERIC\u00d3RDIA DA BAHIA&nbsp;<\/td><td>8*<\/td><\/tr><tr><td>HOSPITAL SANTO ANT\u00d4NIO \u2013 OBRAS SOCIAIS DE IRM\u00c3 DULCE<\/td><td>18*<\/td><\/tr><tr><td>HOSPITAL S\u00c3O RAFAEL<\/td><td>6<\/td><\/tr><tr><td>HOSPITAL S\u00c3O VICENTE DE PAULO \u2013 SANTA CASA DE MISERIC\u00d3RDIA \u2013 VIT\u00d3RIA DA CONQUISTA<\/td><td>2<\/td><\/tr><tr><td>SOCIEDADE DE ENSINO SUPERIOR EST\u00c1CIO DE S\u00c1 LTDA \u2013 ALAGOINHAS<\/td><td>1<\/td><\/tr><\/tbody><\/table><\/figure>\n\n\n\n<h4 class=\"wp-block-heading\"><strong>Dermatologia<\/strong><\/h4>\n\n\n\n<figure class=\"wp-block-table\"><table class=\"has-fixed-layout\"><tbody><tr><td><strong>Institui\u00e7\u00e3o<\/strong><\/td><td><strong>Vagas<\/strong><\/td><\/tr><tr><td>HOSPITAL SANTA IZABEL \u2013 SANTA CASA DE MISERIC\u00d3RDIA DA BAHIA<\/td><td><strong>2<\/strong><\/td><\/tr><\/tbody><\/table><\/figure>\n\n\n\n<h4 class=\"wp-block-heading\"><strong>Ginecologia e Obstetr\u00edcia<\/strong><\/h4>\n\n\n\n<figure class=\"wp-block-table\"><table class=\"has-fixed-layout\"><tbody><tr><td><strong>Institui\u00e7\u00e3o<\/strong><\/td><td><strong>Vagas<\/strong><\/td><\/tr><tr><td>HOSPITAL DA MULHER \u2013 FUNDA\u00c7\u00c3O HOSPITALAR DE FEIRA DE SANTANA<\/td><td>6<\/td><\/tr><tr><td>HOSPITAL SANTO ANT\u00d4NIO \u2013 OBRAS SOCIAIS DE IRM\u00c3 DULCE<\/td><td>5<\/td><\/tr><tr><td>SECRETARIA MUNICIPAL DE SA\u00daDE DE VIT\u00d3RIA DA CONQUISTA<\/td><td>3<\/td><\/tr><\/tbody><\/table><\/figure>\n\n\n\n<h4 class=\"wp-block-heading\"><strong>Infectologia<\/strong><\/h4>\n\n\n\n<figure class=\"wp-block-table\"><table class=\"has-fixed-layout\"><tbody><tr><td><strong>Institui\u00e7\u00e3o<\/strong><\/td><td><strong>Vagas<\/strong><\/td><\/tr><tr><td>HOSPITAL PORTUGU\u00caS DA BAHIA<\/td><td>3<\/td><\/tr><\/tbody><\/table><\/figure>\n\n\n\n<h4 class=\"wp-block-heading\"><strong>Medicina de Emerg\u00eancia<\/strong><\/h4>\n\n\n\n<figure class=\"wp-block-table\"><table class=\"has-fixed-layout\"><tbody><tr><td><strong>Institui\u00e7\u00e3o<\/strong><\/td><td><strong>Vagas<\/strong><\/td><\/tr><tr><td>SECRETARIA MUNICIPAL DE SA\u00daDE \u2013 PREF. SALVADOR<\/td><td>6<\/td><\/tr><tr><td>SOCIEDADE DE ENSINO SUPERIOR EST\u00c1CIO DE S\u00c1 LTDA \u2013 ALAGOINHAS<\/td><td>1<\/td><\/tr><\/tbody><\/table><\/figure>\n\n\n\n<h4 class=\"wp-block-heading\"><strong>Medicina de Fam\u00edlia e Comunidade<\/strong><\/h4>\n\n\n\n<figure class=\"wp-block-table\"><table class=\"has-fixed-layout\"><tbody><tr><td><strong>Institui\u00e7\u00e3o<\/strong><\/td><td><strong>Vagas<\/strong><\/td><\/tr><tr><td>CENTRO UNIVERSIT\u00c1RIO FG \u2013 CAMPUS BRUMADO<\/td><td>6<\/td><\/tr><tr><td>FACULDADE AGES DE MEDICINA \u2013 JACOBINA<\/td><td>8<\/td><\/tr><tr><td>FUNDA\u00c7\u00c3O BAHIANA DE DESENVOLVIMENTO PARA CI\u00caNCIA<\/td><td>6<\/td><\/tr><tr><td>INSTITUTO EDUCACIONAL SANTO AGOSTINHO S.A. \u2013 ITABUNA<\/td><td>3<\/td><\/tr><tr><td>SECRETARIA MUNICIPAL DE SA\u00daDE \u2013 PREF. SALVADOR<\/td><td>8<\/td><\/tr><tr><td>SECRETARIA MUNICIPAL DE SA\u00daDE DE VIT\u00d3RIA DA CONQUISTA<\/td><td>8<\/td><\/tr><tr><td>SOCIEDADE DE ENSINO SUPERIOR EST\u00c1CIO DE S\u00c1 LTDA \u2013 ALAGOINHAS<\/td><td>1<\/td><\/tr><\/tbody><\/table><\/figure>\n\n\n\n<h4 class=\"wp-block-heading\"><strong>Medicina Intensiva<\/strong><\/h4>\n\n\n\n<figure class=\"wp-block-table\"><table class=\"has-fixed-layout\"><tbody><tr><td><strong>Institui\u00e7\u00e3o<\/strong><\/td><td><strong>Vagas<\/strong><\/td><\/tr><tr><td>HOSPITAL DA CIDADE<\/td><td>3<\/td><\/tr><tr><td>HOSPITAL DOM PEDRO DE ALC\u00c2NTARA \u2013 SANTA CASA DE FEIRA DE SANTANA<\/td><td>4<\/td><\/tr><tr><td>HOSPITAL PORTUGU\u00caS DA BAHIA<\/td><td>3<\/td><\/tr><tr><td>HOSPITAL SANTA IZABEL \u2013 SANTA CASA DE MISERIC\u00d3RDIA DA BAHIA<\/td><td>4<\/td><\/tr><tr><td>HOSPITAL S\u00c3O RAFAEL<\/td><td>4<\/td><\/tr><tr><td>IDOR BAHIA<\/td><td>2<\/td><\/tr><tr><td>SECRETARIA MUNICIPAL DE SA\u00daDE \u2013 PREF. SALVADOR<\/td><td>5<\/td><\/tr><tr><td>SOCIEDADE DE ENSINO SUPERIOR EST\u00c1CIO DE S\u00c1 LTDA \u2013 ALAGOINHAS<\/td><td>1<\/td><\/tr><\/tbody><\/table><\/figure>\n\n\n\n<h4 class=\"wp-block-heading\"><strong>Neurologia<\/strong><\/h4>\n\n\n\n<figure class=\"wp-block-table\"><table class=\"has-fixed-layout\"><tbody><tr><td><strong>Institui\u00e7\u00e3o<\/strong><\/td><td><strong>Vagas<\/strong><\/td><\/tr><tr><td>HOSPITAL SANTA IZABEL \u2013 SANTA CASA DE MISERIC\u00d3RDIA DA BAHIA&nbsp;<\/td><td>3<\/td><\/tr><tr><td>HOSPITAL S\u00c3O RAFAEL<\/td><td>4<\/td><\/tr><\/tbody><\/table><\/figure>\n\n\n\n<h4 class=\"wp-block-heading\"><strong>Oftalmologia<\/strong><\/h4>\n\n\n\n<figure class=\"wp-block-table\"><table class=\"has-fixed-layout\"><tbody><tr><td><strong>Institui\u00e7\u00e3o<\/strong><\/td><td><strong>Vagas<\/strong><\/td><\/tr><tr><td>CLINOS HOSPITAL DE OLHOS \u2013 FEIRA DE SANTANA<\/td><td>2<\/td><\/tr><tr><td>HOSPITAL DE OLHOS DE FEIRA DE SANTANA<\/td><td>5<\/td><\/tr><tr><td>HOSPITAL DE OLHOS RUY CUNHA \u2013 MUNIC\u00cdPIO DE ITABUNA<\/td><td>2<\/td><\/tr><tr><td>HOSPITAL DOM PEDRO DE ALC\u00c2NTARA \u2013 SANTA CASA DE FEIRA DE SANTANA<\/td><td>2<\/td><\/tr><tr><td>HOSPITAL SANTA LUZIA<\/td><td>3<\/td><\/tr><tr><td>HOSPITAL SANTO ANT\u00d4NIO \u2013 OBRAS SOCIAIS DE IRM\u00c3 DULCE<\/td><td>5<\/td><\/tr><tr><td>INSTITUTO BRASILEIRO DE OFTALMOLOGIA E PREVEN\u00c7\u00c3O DA CEGUEIRA \u2013 HOSPITAL HUMBERTO CASTRO LIMA<\/td><td>8<\/td><\/tr><tr><td>SOCIEDADE DE ENSINO SUPERIOR EST\u00c1CIO DE S\u00c1 LTDA \u2013 ALAGOINHAS<\/td><td>1<\/td><\/tr><\/tbody><\/table><\/figure>\n\n\n\n<h4 class=\"wp-block-heading\"><strong>Ortopedia e Traumatologia<\/strong><\/h4>\n\n\n\n<figure class=\"wp-block-table\"><table class=\"has-fixed-layout\"><tbody><tr><td><strong>Institui\u00e7\u00e3o<\/strong><\/td><td><strong>Vagas<\/strong><\/td><\/tr><tr><td>HOSPITAL DOM PEDRO DE ALC\u00c2NTARA \u2013 SANTA CASA DE FEIRA DE SANTANA&nbsp;<\/td><td>2<\/td><\/tr><tr><td>HOSPITAL MATER DEI SALVADOR<\/td><td>4<\/td><\/tr><tr><td>HOSPITAL SANTA IZABEL \u2013 SANTA CASA DE MISERIC\u00d3RDIA DA BAHIA<\/td><td>6<\/td><\/tr><tr><td>HOSPITAL SANTO ANT\u00d4NIO \u2013 OBRAS SOCIAIS DE IRM\u00c3 DULCE<\/td><td>7<\/td><\/tr><tr><td>HOSPITAL S\u00c3O RAFAEL<\/td><td>4<\/td><\/tr><tr><td>HOSPITAL S\u00c3O VICENTE DE PAULO \u2013 SANTA CASA DE MISERIC\u00d3RDIA \u2013 VIT\u00d3RIA DA CONQUISTA<\/td><td>2<\/td><\/tr><tr><td>SOCIEDADE DE ENSINO SUPERIOR EST\u00c1CIO DE S\u00c1 LTDA \u2013 ALAGOINHAS<\/td><td>1<\/td><\/tr><\/tbody><\/table><\/figure>\n\n\n\n<h4 class=\"wp-block-heading\"><strong>Otorrinolaringologia<\/strong><\/h4>\n\n\n\n<figure class=\"wp-block-table\"><table class=\"has-fixed-layout\"><tbody><tr><td><strong>Institui\u00e7\u00e3o<\/strong><\/td><td><strong>Vagas<\/strong><\/td><\/tr><tr><td>HOSPITAL OTORRINOS DE FEIRA DE SANTANA<\/td><td>2<\/td><\/tr><tr><td>HOSPITAL SANTA IZABEL \u2013 SANTA CASA DE MISERIC\u00d3RDIA DA BAHIA<\/td><td>3<\/td><\/tr><tr><td>HOSPITAL SANTO ANT\u00d4NIO \u2013 OBRAS SOCIAIS DE IRM\u00c3 DULCE<\/td><td>4<\/td><\/tr><\/tbody><\/table><\/figure>\n\n\n\n<h4 class=\"wp-block-heading\"><strong>Pediatria<\/strong><\/h4>\n\n\n\n<figure class=\"wp-block-table\"><table class=\"has-fixed-layout\"><tbody><tr><td><strong>Institui\u00e7\u00e3o<\/strong><\/td><td><strong>Vagas<\/strong><\/td><\/tr><tr><td>FACULDADE AGES DE MEDICINA \u2013 JACOBINA<\/td><td>2<\/td><\/tr><tr><td>HOSPITAL MANOEL NOVAES \u2013 SANTA CASA DE MISERIC\u00d3RDIA DE ITABUNA<\/td><td>3<\/td><\/tr><tr><td>HOSPITAL MARTAG\u00c3O GESTEIRA \u2013 LIGA \u00c1LVARO BAHIA CONTRA A MORTALIDADE INFANTI<\/td><td>14<\/td><\/tr><tr><td>HOSPITAL SANTO ANT\u00d4NIO \u2013 OBRAS SOCIAIS DE IRM\u00c3 DULCE<\/td><td>12<\/td><\/tr><tr><td>HOSPITAL S\u00c3O RAFAEL<\/td><td>2<\/td><\/tr><tr><td>HOSPITAL S\u00c3O VICENTE DE PAULO \u2013 SANTA CASA DE MISERIC\u00d3RDIA \u2013 VIT\u00d3RIA DA CONQUISTA<\/td><td>2<\/td><\/tr><tr><td>SECRETARIA MUNICIPAL DE SA\u00daDE DE VIT\u00d3RIA DA CONQUISTA<\/td><td>3<\/td><\/tr><tr><td>SOCIEDADE DE ENSINO SUPERIOR EST\u00c1CIO DE S\u00c1 LTDA \u2013 ALAGOINHAS<\/td><td>1<\/td><\/tr><\/tbody><\/table><\/figure>\n\n\n\n<h4 class=\"wp-block-heading\"><strong>Psiquiatria<\/strong><\/h4>\n\n\n\n<figure class=\"wp-block-table\"><table class=\"has-fixed-layout\"><tbody><tr><td><strong>Institui\u00e7\u00e3o<\/strong><\/td><td><strong>Vagas<\/strong><\/td><\/tr><tr><td>ASSIST\u00caNCIA PSIQUI\u00c1TRICA E CENTRO DE ESTUDOS LTDA \u2013 APICE<\/td><td>4<\/td><\/tr><tr><td>SECRETARIA MUNICIPAL DE SA\u00daDE DE VIT\u00d3RIA DA CONQUISTA<\/td><td>2<\/td><\/tr><tr><td>VIVERE CUIDADO INTEGRAL EM SA\u00daDE MENTAL \u2013 CL\u00cdNICA SENSI \u2013 VIT\u00d3RIA DA CONQUISTA<\/td><td>3<\/td><\/tr><\/tbody><\/table><\/figure>\n\n\n\n<h4 class=\"wp-block-heading\"><strong>Radiologia e Diagn\u00f3stico por Imagem<\/strong><\/h4>\n\n\n\n<figure class=\"wp-block-table\"><table class=\"has-fixed-layout\"><tbody><tr><td><strong>Institui\u00e7\u00e3o<\/strong><\/td><td><strong>Vagas<\/strong><\/td><\/tr><tr><td>HOSPITAL SANTO ANT\u00d4NIO \u2013 OBRAS SOCIAIS DE IRM\u00c3 DULCE<\/td><td>8<\/td><\/tr><tr><td>HOSPITAL S\u00c3O RAFAEL<\/td><td>3<\/td><\/tr><\/tbody><\/table><\/figure>\n\n\n\n<h4 class=\"wp-block-heading\"><strong>Radioterapia<\/strong><\/h4>\n\n\n\n<figure class=\"wp-block-table\"><table class=\"has-fixed-layout\"><tbody><tr><td><strong>Institui\u00e7\u00e3o<\/strong><\/td><td><strong>Vagas<\/strong><\/td><\/tr><tr><td>HOSPITAL ARISTIDES MALTEZ \u2013 LIGA BAHIANA CONTRA O C\u00c2NCER<\/td><td>1<\/td><\/tr><\/tbody><\/table><\/figure>\n\n\n\n<h3 class=\"wp-block-heading\"><span class=\"ez-toc-section\" id=\"Pre-Requisito\"><\/span><strong>Pr\u00e9-Requisito<\/strong><span class=\"ez-toc-section-end\"><\/span><\/h3>\n\n\n\n<h4 class=\"wp-block-heading\">Administra\u00e7\u00e3o em Sa\u00fade<\/h4>\n\n\n\n<figure class=\"wp-block-table\"><table class=\"has-fixed-layout\"><tbody><tr><td><strong>Institui\u00e7\u00e3o<\/strong><\/td><td><strong>Vagas<\/strong><\/td><\/tr><tr><td>HOSPITAL DOM PEDRO DE ALC\u00c2NTARA \u2013 SANTA CASA DE FEIRA DE SANTANA<\/td><td>2<\/td><\/tr><\/tbody><\/table><\/figure>\n\n\n\n<h4 class=\"wp-block-heading\"><strong>Cardiologia<\/strong><\/h4>\n\n\n\n<figure class=\"wp-block-table\"><table class=\"has-fixed-layout\"><tbody><tr><td><strong>Institui\u00e7\u00e3o<\/strong><\/td><td><strong>Vagas<\/strong><\/td><\/tr><tr><td>HOSPITAL DOM PEDRO DE ALC\u00c2NTARA \u2013 SANTA CASA DE FEIRA DE SANTANA<\/td><td>2<\/td><\/tr><tr><td>HOSPITAL SANTA IZABEL \u2013 SANTA CASA DE MISERIC\u00d3RDIA DA BAHIA<\/td><td>6<\/td><\/tr><tr><td>HOSPITAL S\u00c3O RAFAEL<\/td><td>4<\/td><\/tr><tr><td>HOSPITAL S\u00c3O VICENTE DE PAULO \u2013 SANTA CASA DE MISERIC\u00d3RDIA \u2013 VIT\u00d3RIA DA CONQUISTA<\/td><td>2<\/td><\/tr><\/tbody><\/table><\/figure>\n\n\n\n<h4 class=\"wp-block-heading\"><strong>Cardiologia Pedi\u00e1trica<\/strong><\/h4>\n\n\n\n<figure class=\"wp-block-table\"><table class=\"has-fixed-layout\"><tbody><tr><td><strong>Institui\u00e7\u00e3o<\/strong><\/td><td><strong>Vagas<\/strong><\/td><\/tr><tr><td>HOSPITAL SANTA IZABEL \u2013 SANTA CASA DE MISERIC\u00d3RDIA DA BAHIA<\/td><td>1<\/td><\/tr><tr><td>HOSPITAL SANTA IZABEL \u2013 SANTA CASA DE MISERIC\u00d3RDIA DA BAHIA<\/td><td>2<\/td><\/tr><\/tbody><\/table><\/figure>\n\n\n\n<h4 class=\"wp-block-heading\"><strong>Cirurgia de Cabe\u00e7a e Pesco\u00e7o<\/strong><\/h4>\n\n\n\n<figure class=\"wp-block-table\"><table class=\"has-fixed-layout\"><tbody><tr><td><strong>Institui\u00e7\u00e3o<\/strong><\/td><td><strong>Vagas<\/strong><\/td><\/tr><tr><td>HOSPITAL ARISTIDES MALTEZ \u2013 LIGA BAHIANA CONTRA O C\u00c2NCER<\/td><td>2<\/td><\/tr><tr><td>HOSPITAL SANTO ANT\u00d4NIO \u2013 OBRAS SOCIAIS DE IRM\u00c3 DULCE<\/td><td>1<\/td><\/tr><\/tbody><\/table><\/figure>\n\n\n\n<h4 class=\"wp-block-heading\"><strong>Cirurgia do Aparelho Digestivo&nbsp;<\/strong><\/h4>\n\n\n\n<figure class=\"wp-block-table\"><table class=\"has-fixed-layout\"><tbody><tr><td><strong>Institui\u00e7\u00e3o<\/strong><\/td><td><strong>Vagas<\/strong><\/td><\/tr><tr><td>HOSPITAL SANTA IZABEL \u2013 SANTA CASA DE MISERIC\u00d3RDIA DA BAHIA<\/td><td>1<\/td><\/tr><\/tbody><\/table><\/figure>\n\n\n\n<h4 class=\"wp-block-heading\"><strong>Cirurgia Oncol\u00f3gica<\/strong><\/h4>\n\n\n\n<figure class=\"wp-block-table\"><table class=\"has-fixed-layout\"><tbody><tr><td><strong>Institui\u00e7\u00e3o<\/strong><\/td><td><strong>Vagas<\/strong><\/td><\/tr><tr><td>HOSPITAL ARISTIDES MALTEZ \u2013 LIGA BAHIANA CONTRA O C\u00c2NCER<\/td><td>4<\/td><\/tr><\/tbody><\/table><\/figure>\n\n\n\n<h4 class=\"wp-block-heading\"><strong>Cirurgia Pedi\u00e1trica<\/strong><\/h4>\n\n\n\n<figure class=\"wp-block-table\"><table class=\"has-fixed-layout\"><tbody><tr><td><strong>Institui\u00e7\u00e3o<\/strong><\/td><td><strong>Vagas<\/strong><\/td><\/tr><tr><td>HOSPITAL MARTAG\u00c3O GESTEIRA \u2013 LIGA \u00c1LVARO BAHIA CONTRA A MORTALIDADE INFANTIL<\/td><td>1<\/td><\/tr><tr><td>HOSPITAL SANTO ANT\u00d4NIO \u2013 OBRAS SOCIAIS DE IRM\u00c3 DULCE<\/td><td>1<\/td><\/tr><\/tbody><\/table><\/figure>\n\n\n\n<h4 class=\"wp-block-heading\"><strong>Cirurgia Pl\u00e1stica<\/strong><\/h4>\n\n\n\n<figure class=\"wp-block-table\"><table class=\"has-fixed-layout\"><tbody><tr><td><strong>Institui\u00e7\u00e3o<\/strong><\/td><td><strong>Vagas<\/strong><\/td><\/tr><tr><td>HOSPITAL S\u00c3O RAFAEL<\/td><td>2<\/td><\/tr><\/tbody><\/table><\/figure>\n\n\n\n<h4 class=\"wp-block-heading\"><strong>Cirurgia Vascular<\/strong><\/h4>\n\n\n\n<figure class=\"wp-block-table\"><table class=\"has-fixed-layout\"><tbody><tr><td><strong>Institui\u00e7\u00e3o<\/strong><\/td><td><strong>Vagas<\/strong><\/td><\/tr><tr><td>SECRETARIA MUNICIPAL DE SA\u00daDE \u2013 PREF. SALVADOR \u2013 HOSPITAL DO HOMEM&nbsp;<\/td><td>2<\/td><\/tr><\/tbody><\/table><\/figure>\n\n\n\n<h4 class=\"wp-block-heading\"><strong>Dor<\/strong><\/h4>\n\n\n\n<figure class=\"wp-block-table\"><table class=\"has-fixed-layout\"><tbody><tr><td><strong>Institui\u00e7\u00e3o<\/strong><\/td><td><strong>Vagas<\/strong><\/td><\/tr><tr><td>HOSPITAL SANTA IZABEL \u2013 SANTA CASA DE MISERIC\u00d3RDIA DA BAHIA&nbsp;<\/td><td>1<\/td><\/tr><\/tbody><\/table><\/figure>\n\n\n\n<h4 class=\"wp-block-heading\"><strong>Ecocardiografia<\/strong><\/h4>\n\n\n\n<figure class=\"wp-block-table\"><table class=\"has-fixed-layout\"><tbody><tr><td><strong>Institui\u00e7\u00e3o<\/strong><\/td><td><strong>Vagas<\/strong><\/td><\/tr><tr><td>HOSPITAL PORTUGU\u00caS DA BAHIA&nbsp;<\/td><td>2<\/td><\/tr><\/tbody><\/table><\/figure>\n\n\n\n<h4 class=\"wp-block-heading\"><strong>Endoscopia<\/strong><\/h4>\n\n\n\n<figure class=\"wp-block-table\"><table class=\"has-fixed-layout\"><tbody><tr><td><strong>Institui\u00e7\u00e3o<\/strong><\/td><td><strong>Vagas<\/strong><\/td><\/tr><tr><td>HOSPITAL DOM PEDRO DE ALC\u00c2NTARA \u2013 SANTA CASA DE FEIRA DE SANTANA<\/td><td>2<\/td><\/tr><\/tbody><\/table><\/figure>\n\n\n\n<h4 class=\"wp-block-heading\"><strong>Endoscopia Digestiva<\/strong><\/h4>\n\n\n\n<figure class=\"wp-block-table\"><table class=\"has-fixed-layout\"><tbody><tr><td><strong>Institui\u00e7\u00e3o<\/strong><\/td><td><strong>Vagas<\/strong><\/td><\/tr><tr><td>HOSPITAL MATER DEI SALVADOR<\/td><td>1<\/td><\/tr><\/tbody><\/table><\/figure>\n\n\n\n<h4 class=\"wp-block-heading\"><strong>Endoscopia Ginecol\u00f3gica<\/strong><\/h4>\n\n\n\n<figure class=\"wp-block-table\"><table class=\"has-fixed-layout\"><tbody><tr><td><strong>Institui\u00e7\u00e3o<\/strong><\/td><td><strong>Vagas<\/strong><\/td><\/tr><tr><td>HOSPITAL SANTO ANT\u00d4NIO \u2013 OBRAS SOCIAIS DE IRM\u00c3 DULCE<\/td><td>1<\/td><\/tr><\/tbody><\/table><\/figure>\n\n\n\n<h4 class=\"wp-block-heading\"><strong>Gastroenterologia<\/strong><\/h4>\n\n\n\n<figure class=\"wp-block-table\"><table class=\"has-fixed-layout\"><tbody><tr><td><strong>Institui\u00e7\u00e3o<\/strong><\/td><td><strong>Vagas<\/strong><\/td><\/tr><tr><td>HOSPITAL S\u00c3O RAFAEL<\/td><td>4<\/td><\/tr><\/tbody><\/table><\/figure>\n\n\n\n<h4 class=\"wp-block-heading\"><strong>Geriatria<\/strong><\/h4>\n\n\n\n<figure class=\"wp-block-table\"><table class=\"has-fixed-layout\"><tbody><tr><td><strong>Institui\u00e7\u00e3o<\/strong><\/td><td><strong>Vagas<\/strong><\/td><\/tr><tr><td>HOSPITAL SANTO ANT\u00d4NIO \u2013 OBRAS SOCIAIS DE IRM\u00c3 DULCE<\/td><td>6<\/td><\/tr><\/tbody><\/table><\/figure>\n\n\n\n<h4 class=\"wp-block-heading\"><strong>Hematologia e Hemoterapia<\/strong><\/h4>\n\n\n\n<figure class=\"wp-block-table\"><table class=\"has-fixed-layout\"><tbody><tr><td><strong>Institui\u00e7\u00e3o<\/strong><\/td><td><strong>Vagas<\/strong><\/td><\/tr><tr><td>HOSPITAL SANTA IZABEL \u2013 SANTA CASA DE MISERIC\u00d3RDIA DA BAHIA<\/td><td>2<\/td><\/tr><\/tbody><\/table><\/figure>\n\n\n\n<h4 class=\"wp-block-heading\">Hematologia e Hemoterapia Pedi\u00e1trica<\/h4>\n\n\n\n<figure class=\"wp-block-table\"><table class=\"has-fixed-layout\"><tbody><tr><td><strong>Institui\u00e7\u00e3o<\/strong><\/td><td><strong>Vagas<\/strong><\/td><\/tr><tr><td>HOSPITAL SANTO ANT\u00d4NIO \u2013 OBRAS SOCIAIS DE IRM\u00c3 DULCE<\/td><td>2<\/td><\/tr><\/tbody><\/table><\/figure>\n\n\n\n<h4 class=\"wp-block-heading\"><strong>Hemodin\u00e2mica e Cardiologia Intervencionista<\/strong><\/h4>\n\n\n\n<figure class=\"wp-block-table\"><table class=\"has-fixed-layout\"><tbody><tr><td><strong>Institui\u00e7\u00e3o<\/strong><\/td><td><strong>Vagas<\/strong><\/td><\/tr><tr><td>HOSPITAL SANTA IZABEL \u2013 SANTA CASA DE MISERIC\u00d3RDIA DA BAHIA<\/td><td>1<\/td><\/tr><\/tbody><\/table><\/figure>\n\n\n\n<h4 class=\"wp-block-heading\"><strong>Hepatologia<\/strong><\/h4>\n\n\n\n<figure class=\"wp-block-table\"><table class=\"has-fixed-layout\"><tbody><tr><td><strong>Institui\u00e7\u00e3o<\/strong><\/td><td><strong>Vagas<\/strong><\/td><\/tr><tr><td>IDOR BAHIA<\/td><td>1<\/td><\/tr><\/tbody><\/table><\/figure>\n\n\n\n<h4 class=\"wp-block-heading\"><strong>Mastologia<\/strong><\/h4>\n\n\n\n<figure class=\"wp-block-table\"><table class=\"has-fixed-layout\"><tbody><tr><td><strong>Institui\u00e7\u00e3o<\/strong><\/td><td><strong>Vagas<\/strong><\/td><\/tr><tr><td>HOSPITAL ARISTIDES MALTEZ \u2013 LIGA BAHIANA CONTRA O C\u00c2NCER<\/td><td>2<\/td><\/tr><tr><td>HOSPITAL SANTO ANT\u00d4NIO \u2013 OBRAS SOCIAIS DE IRM\u00c3 DULCE<\/td><td>2<\/td><\/tr><\/tbody><\/table><\/figure>\n\n\n\n<h4 class=\"wp-block-heading\"><strong>Medicina Intensiva Pedi\u00e1trica<\/strong><\/h4>\n\n\n\n<figure class=\"wp-block-table\"><table class=\"has-fixed-layout\"><tbody><tr><td><strong>Institui\u00e7\u00e3o<\/strong><\/td><td><strong>Vagas<\/strong><\/td><\/tr><tr><td>HOSPITAL MARTAG\u00c3O GESTEIRA \u2013 LIGA \u00c1LVARO BAHIA CONTRA A MORTALIDADE INFANTIL<\/td><td>2<\/td><\/tr><tr><td>HOSPITAL SANTO ANT\u00d4NIO \u2013 OBRAS SOCIAIS DE IRM\u00c3 DULCE<\/td><td>4<\/td><\/tr><\/tbody><\/table><\/figure>\n\n\n\n<h4 class=\"wp-block-heading\"><strong>Nefrologia<\/strong><\/h4>\n\n\n\n<figure class=\"wp-block-table\"><table class=\"has-fixed-layout\"><tbody><tr><td><strong>Institui\u00e7\u00e3o<\/strong><\/td><td><strong>Vagas<\/strong><\/td><\/tr><tr><td>HOSPITAL DOM PEDRO DE ALC\u00c2NTARA \u2013 SANTA CASA DE FEIRA DE SANTANA<\/td><td>2<\/td><\/tr><tr><td>HOSPITAL S\u00c3O RAFAEL<\/td><td>2<\/td><\/tr><\/tbody><\/table><\/figure>\n\n\n\n<h4 class=\"wp-block-heading\"><strong>Neonatologia<\/strong><\/h4>\n\n\n\n<figure class=\"wp-block-table\"><table class=\"has-fixed-layout\"><tbody><tr><td><strong>Institui\u00e7\u00e3o<\/strong><\/td><td><strong>Vagas<\/strong><\/td><\/tr><tr><td>HOSPITAL DA MULHER \u2013 FUNDA\u00c7\u00c3O HOSPITALAR DE FEIRA DE SANTANA<\/td><td>3<\/td><\/tr><tr><td>SECRETARIA MUNICIPAL DE SA\u00daDE DE VIT\u00d3RIA DA CONQUISTA<\/td><td>2<\/td><\/tr><\/tbody><\/table><\/figure>\n\n\n\n<h4 class=\"wp-block-heading\"><strong>Neurologia Pedi\u00e1trica<\/strong><\/h4>\n\n\n\n<figure class=\"wp-block-table\"><table class=\"has-fixed-layout\"><tbody><tr><td><strong>Institui\u00e7\u00e3o<\/strong><\/td><td><strong>Vagas<\/strong><\/td><\/tr><tr><td>HOSPITAL MARTAG\u00c3O GESTEIRA \u2013 LIGA \u00c1LVARO BAHIA CONTRA A MORTALIDADE INFANTIL<\/td><td>2<\/td><\/tr><tr><td>HOSPITAL SANTO ANT\u00d4NIO \u2013 OBRAS SOCIAIS DE IRM\u00c3 DULCE<\/td><td>4<\/td><\/tr><\/tbody><\/table><\/figure>\n\n\n\n<h4 class=\"wp-block-heading\"><strong>Oncologia Cl\u00ednica<\/strong><\/h4>\n\n\n\n<figure class=\"wp-block-table\"><table class=\"has-fixed-layout\"><tbody><tr><td><strong>Institui\u00e7\u00e3o<\/strong><\/td><td><strong>Vagas<\/strong><\/td><\/tr><tr><td>HOSPITAL ARISTIDES MALTEZ \u2013 LIGA BAHIANA CONTRA O C\u00c2NCER<\/td><td>2<\/td><\/tr><tr><td>HOSPITAL DOM PEDRO DE ALC\u00c2NTARA \u2013 SANTA CASA DE FEIRA DE SANTANA&nbsp;<\/td><td>4<\/td><\/tr><tr><td>HOSPITAL MATER DEI SALVADOR<\/td><td>1<\/td><\/tr><tr><td>HOSPITAL PORTUGU\u00caS DA BAHIA<\/td><td>2<\/td><\/tr><tr><td>HOSPITAL SANTA IZABEL \u2013 SANTA CASA DE MISERIC\u00d3RDIA DA BAHIA<\/td><td>3<\/td><\/tr><tr><td>HOSPITAL SANTO ANT\u00d4NIO \u2013 OBRAS SOCIAIS DE IRM\u00c3 DULCE<\/td><td>2<\/td><\/tr><tr><td>HOSPITAL S\u00c3O RAFAEL<\/td><td>2<\/td><\/tr><\/tbody><\/table><\/figure>\n\n\n\n<h4 class=\"wp-block-heading\"><strong>Oncologia Pedi\u00e1trica<\/strong><\/h4>\n\n\n\n<figure class=\"wp-block-table\"><table class=\"has-fixed-layout\"><tbody><tr><td><strong>Institui\u00e7\u00e3o<\/strong><\/td><td><strong>Vagas<\/strong><\/td><\/tr><tr><td>HOSPITAL MARTAG\u00c3O GESTEIRA \u2013 LIGA \u00c1LVARO BAHIA CONTRA A MORTALIDADE INFANTIL<\/td><td>2<\/td><\/tr><\/tbody><\/table><\/figure>\n\n\n\n<h4 class=\"wp-block-heading\"><strong>Pneumologia<\/strong><\/h4>\n\n\n\n<figure class=\"wp-block-table\"><table class=\"has-fixed-layout\"><tbody><tr><td><strong>Institui\u00e7\u00e3o<\/strong><\/td><td><strong>Vagas<\/strong><\/td><\/tr><tr><td>HOSPITAL SANTA IZABEL \u2013 SANTA CASA DE MISERIC\u00d3RDIA DA BAHIA<\/td><td>3<\/td><\/tr><\/tbody><\/table><\/figure>\n\n\n\n<h4 class=\"wp-block-heading\"><strong>Pneumologia Pedi\u00e1trica<\/strong><\/h4>\n\n\n\n<figure class=\"wp-block-table\"><table class=\"has-fixed-layout\"><tbody><tr><td><strong>Institui\u00e7\u00e3o<\/strong><\/td><td><strong>Vagas<\/strong><\/td><\/tr><tr><td>HOSPITAL MARTAG\u00c3O GESTEIRA \u2013 LIGA \u00c1LVARO BAHIA CONTRA A MORTALIDADE INFANTIL<\/td><td>2<\/td><\/tr><\/tbody><\/table><\/figure>\n\n\n\n<h4 class=\"wp-block-heading\"><strong>Transplante de Rim<\/strong><\/h4>\n\n\n\n<figure class=\"wp-block-table\"><table class=\"has-fixed-layout\"><tbody><tr><td><strong>Institui\u00e7\u00e3o<\/strong><\/td><td><strong>Vagas<\/strong><\/td><\/tr><tr><td>HOSPITAL DOM PEDRO DE ALC\u00c2NTARA \u2013 SANTA CASA DE FEIRA DE SANTANA<\/td><td>2<\/td><\/tr><\/tbody><\/table><\/figure>\n\n\n\n<h4 class=\"wp-block-heading\"><strong>Urologia<\/strong><\/h4>\n\n\n\n<figure class=\"wp-block-table\"><table class=\"has-fixed-layout\"><tbody><tr><td><strong>Institui\u00e7\u00e3o<\/strong><\/td><td><strong>Vagas<\/strong><\/td><\/tr><tr><td>HOSPITAL SANTA IZABEL \u2013 SANTA CASA DE MISERIC\u00d3RDIA DA BAHIA<\/td><td>2<\/td><\/tr><tr><td>HOSPITAL SANTO ANT\u00d4NIO \u2013 OBRAS SOCIAIS DE IRM\u00c3 DULCE<\/td><td>2<\/td><\/tr><tr><td>HOSPITAL S\u00c3O RAFAEL&nbsp;<\/td><td>2<\/td><\/tr><\/tbody><\/table><\/figure>\n\n\n\n<h3 class=\"wp-block-heading\"><span class=\"ez-toc-section\" id=\"Anos_Adicionais\"><\/span><strong>Anos Adicionais<\/strong><span class=\"ez-toc-section-end\"><\/span><\/h3>\n\n\n\n<h4 class=\"wp-block-heading\"><strong>Ano Adicional em Cl\u00ednica M\u00e9dica<\/strong><\/h4>\n\n\n\n<figure class=\"wp-block-table\"><table class=\"has-fixed-layout\"><tbody><tr><td><strong>Institui\u00e7\u00e3o<\/strong><\/td><td><strong>Vagas<\/strong><\/td><\/tr><tr><td>HOSPITAL DOM PEDRO DE ALC\u00c2NTARA \u2013 SANTA CASA DE FEIRA DE SANTANA<\/td><td>2<\/td><\/tr><\/tbody><\/table><\/figure>\n\n\n\n<h4 class=\"wp-block-heading\"><strong>Ano Adicional em Medicina de Fam\u00edlia e Comunidade<\/strong><\/h4>\n\n\n\n<figure class=\"wp-block-table\"><table class=\"has-fixed-layout\"><tbody><tr><td><strong>Institui\u00e7\u00e3o<\/strong><\/td><td><strong>Vagas<\/strong><\/td><\/tr><tr><td>SECRETARIA MUNICIPAL DE SA\u00daDE \u2013 PREF. SALVADOR \u2013 GEST\u00c3O E PRECEPTORIA<\/td><td>2<\/td><\/tr><tr><td>SECRETARIA MUNICIPAL DE SA\u00daDE \u2013 PREF. SALVADOR \u2013 SA\u00daDE MENTAL E CUIDADO A POPULA\u00c7\u00c3O EM SITUA\u00c7\u00c3O DE RUA<\/td><td>5<\/td><\/tr><\/tbody><\/table><\/figure>\n\n\n\n<h4 class=\"wp-block-heading\"><strong>Ano Adicional em Ortopedia<\/strong><\/h4>\n\n\n\n<figure class=\"wp-block-table\"><table class=\"has-fixed-layout\"><tbody><tr><td><strong>Institui\u00e7\u00e3o<\/strong><\/td><td><strong>Vagas<\/strong><\/td><\/tr><tr><td>HOSPITAL DOM PEDRO DE ALC\u00c2NTARA \u2013 SANTA CASA DE FEIRA DE SANTANA<\/td><td>1<\/td><\/tr><\/tbody><\/table><\/figure>\n\n\n\n<h2 class=\"wp-block-heading\" id=\"h-como-e-o-processo-seletivo-do-sus-ba-nbsp\"><span class=\"ez-toc-section\" id=\"Como_e_o_processo_seletivo_do_SUS-BA\"><\/span><strong>Como \u00e9 o processo seletivo do SUS-BA&nbsp;<\/strong><span class=\"ez-toc-section-end\"><\/span><\/h2>\n\n\n\n<p>O processo seletivo do SUS-BA \u00e9 composto por apenas uma fase: a prova objetiva.&nbsp;<\/p>\n\n\n\n<p>A prova foi aplicada no dia&nbsp;<strong>23 de novembro de 2025<\/strong>, e contou com quest\u00f5es de m\u00faltipla escolha, mas com composi\u00e7\u00e3o diferente a depender do programa:<\/p>\n\n\n\n<p><strong>Pr\u00e9-requisito:<\/strong>&nbsp;15 situa\u00e7\u00f5es problemas com 3 quest\u00f5es objetivas de m\u00faltipla escolha cada. A Prova abordou os conte\u00fados exigidos para cada especialidade e ter\u00e1 3 horas de dura\u00e7\u00e3o.<\/p>\n\n\n\n<p><strong>Acesso Direto:<\/strong>&nbsp;25 situa\u00e7\u00f5es-problema, 3 quest\u00f5es objetivas cada, sendo 15 de m\u00faltipla escolha e 10 com respostas curtas. A Prova abordou proporcionalmente as 5 grandes \u00e1reas m\u00e9dicas e ter\u00e1 4 horas de dura\u00e7\u00e3o.<\/p>\n\n\n\n<h2 class=\"wp-block-heading\" id=\"h-relacao-candidato-vaga-concorrencia-nbsp-sus-ba\"><span class=\"ez-toc-section\" id=\"Relacao_CandidatoVaga_Concorrencia_SUS-BA\"><\/span><strong>Rela\u00e7\u00e3o Candidato\/Vaga (Concorr\u00eancia)<\/strong>&nbsp;<strong>SUS-BA<\/strong><span class=\"ez-toc-section-end\"><\/span><\/h2>\n\n\n\n<p>O SUS-BA n\u00e3o divulgou a quantidade total de inscritos, entretanto, a seguir ser\u00e1 poss\u00edvel conferir a&nbsp;<strong><a href=\"https:\/\/www.grupomedcof.com.br\/blog\/concorrencia-residencia-medica-sus-ba\/#Relacao_CandidatoVaga_Concorrencia_SUS-BA\" target=\"_blank\" rel=\"noreferrer noopener\">rela\u00e7\u00e3o candidato\/vaga por programa<\/a><\/strong>, conforme publicado nos documentos oficiais da ABAEM.&nbsp;<\/p>\n\n\n\n<h3 class=\"wp-block-heading\" id=\"h-acesso-direto\"><span class=\"ez-toc-section\" id=\"Acesso_Direto-2\"><\/span><strong>Acesso Direto<\/strong><span class=\"ez-toc-section-end\"><\/span><\/h3>\n\n\n\n<figure class=\"wp-block-table\"><table class=\"has-fixed-layout\"><tbody><tr><td><strong>Programa<\/strong><\/td><td><strong>Concorr\u00eancia 2024\/2025<\/strong><\/td><td><strong>Concorr\u00eancia 2025\/2026<\/strong><\/td><\/tr><tr><td>Anestesiologia<\/td><td>17,72<\/td><td>27,14<\/td><\/tr><tr><td>Cirurgia Cardiovascular<\/td><td>6,00<\/td><td>11,00<\/td><\/tr><tr><td>Cirurgia Geral (3 anos)<\/td><td>8,93<\/td><td>22,46<\/td><\/tr><tr><td>Cl\u00ednica M\u00e9dica<\/td><td>4,59<\/td><td>10,79<\/td><\/tr><tr><td>Dermatologia<\/td><td>31,00<\/td><td>59,50<\/td><\/tr><tr><td>Ginecologia e Obstetr\u00edcia<\/td><td>12,91<\/td><td>36,57<\/td><\/tr><tr><td>Infectologia<\/td><td>2,42<\/td><td>7,00<\/td><\/tr><tr><td>Medicina de Emerg\u00eancia<\/td><td>1,92<\/td><td>2,86<\/td><\/tr><tr><td>Medicina de Fam\u00edlia e Comunidade<\/td><td>3,57<\/td><td>5,98<\/td><\/tr><tr><td>Medicina Intensiva<\/td><td>2,06<\/td><td>2,15<\/td><\/tr><tr><td>Neurologia<\/td><td>14,47<\/td><td>27,43<\/td><\/tr><tr><td>Oftalmologia<\/td><td>10,94<\/td><td>14,35<\/td><\/tr><tr><td>Ortopedia e Traumatologia<\/td><td>4,80<\/td><td>10,81<\/td><\/tr><tr><td>Otorrinolaringologia<\/td><td>17,92<\/td><td>23,78<\/td><\/tr><tr><td>Pediatria<\/td><td>3,93<\/td><td>8,26<\/td><\/tr><tr><td>Psiquiatria<\/td><td>21,55<\/td><td>35,56<\/td><\/tr><tr><td>Radiologia e Diagn\u00f3stico por Imagem<\/td><td>11,30<\/td><td>19,09<\/td><\/tr><tr><td>Radioterapia<\/td><td>12,00<\/td><td>1,00<\/td><\/tr><\/tbody><\/table><\/figure>\n\n\n\n<h3 class=\"wp-block-heading\" id=\"h-pre-requisito-e-anos-adicionais\"><span class=\"ez-toc-section\" id=\"Pre-Requisito_e_Anos_Adicionais\"><\/span><strong>Pr\u00e9-Requisito e Anos Adicionais<\/strong><span class=\"ez-toc-section-end\"><\/span><\/h3>\n\n\n\n<figure class=\"wp-block-table\"><table class=\"has-fixed-layout\"><tbody><tr><td><strong>Programa<\/strong><\/td><td><strong>Concorr\u00eancia 2024\/2025<\/strong><\/td><td><strong>Concorr\u00eancia 2025\/2026<\/strong><\/td><\/tr><tr><td>Administra\u00e7\u00e3o em Sa\u00fade<\/td><td>2,00<\/td><td>2,00<\/td><\/tr><tr><td>Cardiologia<\/td><td>1,50<\/td><td>4,64<\/td><\/tr><tr><td>Cardiologia Pedi\u00e1trica (P)<\/td><td>0<\/td><td>0,50<\/td><\/tr><tr><td>Cirurgia de Cabe\u00e7a e Pesco\u00e7o<\/td><td>1,00<\/td><td>1,33<\/td><\/tr><tr><td>Cirurgia do Aparelho Digestivo<\/td><td>1,00<\/td><td>4,00<\/td><\/tr><tr><td>Cirurgia Oncol\u00f3gica<\/td><td>2,00<\/td><td>1,00<\/td><\/tr><tr><td>Cirurgia Pedi\u00e1trica<\/td><td>2,60<\/td><td>7,00<\/td><\/tr><tr><td>Cirurgia Pl\u00e1stica<\/td><td>15,67<\/td><td>29,50<\/td><\/tr><tr><td>Cirurgia Vascular<\/td><td>2,08<\/td><td>2,50<\/td><\/tr><tr><td>Dor<\/td><td>2,00<\/td><td>7,00<\/td><\/tr><tr><td>Ecocardiografia<\/td><td>4,00<\/td><td>5,50<\/td><\/tr><tr><td>Endoscopia<\/td><td>4,00<\/td><td>6,67<\/td><\/tr><tr><td>Endoscopia Ginecol\u00f3gica<\/td><td>9,00<\/td><td>12,00<\/td><\/tr><tr><td>Gastroenterologia<\/td><td>3,85<\/td><td>15,00<\/td><\/tr><tr><td>Geriatria<\/td><td>6,50<\/td><td>3,67<\/td><\/tr><tr><td>Hematologia e Hemoterapia<\/td><td>3,50<\/td><td>6,50<\/td><\/tr><tr><td>Hemodin\u00e2mica e Cardiologia Intervencionista<\/td><td>0,50<\/td><td>2,00<\/td><\/tr><tr><td>Hepatologia<\/td><td>1,00<\/td><td>3,00<\/td><\/tr><tr><td>Mastologia<\/td><td>1,00<\/td><td>1,50<\/td><\/tr><tr><td>Medicina Intensiva Pedi\u00e1trica<\/td><td>0,42<\/td><td>1,00<\/td><\/tr><tr><td>Nefrologia<\/td><td>1,77<\/td><td>2,50<\/td><\/tr><tr><td>Neonatologia<\/td><td>0,72<\/td><td>0,80<\/td><\/tr><tr><td>Neurologia Pedi\u00e1trica<\/td><td>9,00<\/td><td>8,67<\/td><\/tr><tr><td>Oncologia Cl\u00ednica<\/td><td>1,50<\/td><td>1,75<\/td><\/tr><tr><td>Pneumologia<\/td><td>2,40<\/td><td>4,00<\/td><\/tr><tr><td>Pneumologia Pedi\u00e1trica<\/td><td>0<\/td><td>4,00<\/td><\/tr><tr><td>Urologia<\/td><td>3,20<\/td><td>4,17<\/td><\/tr><tr><td>Ano Adicional em Medicina de Fam\u00edlia e Comunidade \u2013 Gest\u00e3o e Preceptoria<\/td><td>4,80<\/td><td>5,50<\/td><\/tr><\/tbody><\/table><\/figure>\n\n\n\n<figure class=\"wp-block-image size-large\"><a href=\"https:\/\/www.grupomedcof.com.br\/cofletters\/\"><img loading=\"lazy\" decoding=\"async\" width=\"1024\" height=\"366\" src=\"https:\/\/www.grupomedcof.com.br\/blog\/wp-content\/uploads\/2024\/10\/Capa-Eventos-MedCof-Plus-1-1024x366.png\" alt=\"\" class=\"wp-image-30896\" srcset=\"https:\/\/www.grupomedcof.com.br\/blog\/wp-content\/uploads\/2024\/10\/Capa-Eventos-MedCof-Plus-1-1024x366.png 1024w, https:\/\/www.grupomedcof.com.br\/blog\/wp-content\/uploads\/2024\/10\/Capa-Eventos-MedCof-Plus-1-300x107.png 300w, https:\/\/www.grupomedcof.com.br\/blog\/wp-content\/uploads\/2024\/10\/Capa-Eventos-MedCof-Plus-1-768x275.png 768w, https:\/\/www.grupomedcof.com.br\/blog\/wp-content\/uploads\/2024\/10\/Capa-Eventos-MedCof-Plus-1-1536x549.png 1536w, https:\/\/www.grupomedcof.com.br\/blog\/wp-content\/uploads\/2024\/10\/Capa-Eventos-MedCof-Plus-1-2048x732.png 2048w, https:\/\/www.grupomedcof.com.br\/blog\/wp-content\/uploads\/2024\/10\/Capa-Eventos-MedCof-Plus-1-1175x420.png 1175w, https:\/\/www.grupomedcof.com.br\/blog\/wp-content\/uploads\/2024\/10\/Capa-Eventos-MedCof-Plus-1-150x54.png 150w, https:\/\/www.grupomedcof.com.br\/blog\/wp-content\/uploads\/2024\/10\/Capa-Eventos-MedCof-Plus-1-696x249.png 696w, https:\/\/www.grupomedcof.com.br\/blog\/wp-content\/uploads\/2024\/10\/Capa-Eventos-MedCof-Plus-1-1068x382.png 1068w, https:\/\/www.grupomedcof.com.br\/blog\/wp-content\/uploads\/2024\/10\/Capa-Eventos-MedCof-Plus-1-1920x686.png 1920w\" sizes=\"auto, (max-width: 1024px) 100vw, 1024px\" \/><\/a><\/figure>\n\n\n\n<h2 class=\"wp-block-heading\" id=\"h-cronograma-sus-ba-2025-2026\"><span class=\"ez-toc-section\" id=\"Cronograma_SUS-BA_20252026\"><\/span><strong>Cronograma SUS-BA 2025\/2026<\/strong><span class=\"ez-toc-section-end\"><\/span><\/h2>\n\n\n\n<figure class=\"wp-block-table\"><table class=\"has-fixed-layout\"><tbody><tr><td>Publica\u00e7\u00e3o do Edital Resumido<\/td><td>02\/10\/2025<\/td><\/tr><tr><td>Realiza\u00e7\u00e3o das inscri\u00e7\u00f5es<\/td><td>17\/10 a 17\/11\/2025<\/td><\/tr><tr><td>Solicita\u00e7\u00e3o de isen\u00e7\u00e3o do pagamento da taxa de inscri\u00e7\u00e3o<\/td><td>17\/10 a 22\/10\/2025<\/td><\/tr><tr><td>Publica\u00e7\u00e3o do Edital<\/td><td>17\/10\/2025<\/td><\/tr><tr><td>Interposi\u00e7\u00e3o de recurso sobre o indeferimento da isen\u00e7\u00e3o de pagamento da taxa de inscri\u00e7\u00e3o<\/td><td>22\/10 a 23\/10\/2025<\/td><\/tr><tr><td>Divulga\u00e7\u00e3o da Rela\u00e7\u00e3o Preliminar de candidatos isentos do pagamento da taxa de inscri\u00e7\u00e3o<\/td><td>22\/10\/2025<\/td><\/tr><tr><td>Divulga\u00e7\u00e3o da Rela\u00e7\u00e3o Definitiva de candidatos isentos do pagamento da taxa de inscri\u00e7\u00e3o<\/td><td>24\/10\/2025<\/td><\/tr><tr><td>\u00daltimo dia de inscri\u00e7\u00e3o<\/td><td>17\/11\/2025<\/td><\/tr><tr><td>\u00daltimo dia para envio de qualquer documento\/arquivo atrav\u00e9s da \u00c1rea do Candidato<\/td><td>17\/11\/2025<\/td><\/tr><tr><td>Prazo para recurso contra aus\u00eancia na Rela\u00e7\u00e3o preliminar de inscri\u00e7\u00f5es homologadas\/cidade de prova<\/td><td>18\/11 a 19\/11\/2025<\/td><\/tr><tr><td>Divulga\u00e7\u00e3o da Rela\u00e7\u00e3o preliminar de inscri\u00e7\u00f5es homologadas e cidade de realiza\u00e7\u00e3o da prova<\/td><td>18\/11\/2025<\/td><\/tr><tr><td>Divulga\u00e7\u00e3o da Rela\u00e7\u00e3o definitiva inscri\u00e7\u00f5es homologadas e cidade de realiza\u00e7\u00e3o da prova<\/td><td>19\/11\/2025<\/td><\/tr><tr><td>Divulga\u00e7\u00e3o dos locais de Prova<\/td><td>19\/11\/2025<\/td><\/tr><tr><td>Aplica\u00e7\u00e3o das Provas<\/td><td>23\/11\/2025<\/td><\/tr><tr><td>Consulta \u00e0 lista de candidatos aptos \u00e0 bonifica\u00e7\u00e3o (MEC)<\/td><td>25\/11\/2025<\/td><\/tr><tr><td>Prazo para recurso contra aus\u00eancia na Rela\u00e7\u00e3o Preliminar de bonifica\u00e7\u00e3o PROVAB\/AB<\/td><td>26\/11 e 27\/11\/2025<\/td><\/tr><tr><td>Prazo para recurso sobre a aus\u00eancia na Rela\u00e7\u00e3o Preliminar dos candidatos com direito \u00e0 bonifica\u00e7\u00e3o \u2013 PRMFC<\/td><td>26\/11 e 27\/11\/2025<\/td><\/tr><tr><td>Interposi\u00e7\u00e3o de recurso contra os Padr\u00f5es de Respostas\/Gabaritos Preliminares<\/td><td>26\/11 e 27\/11\/2025<\/td><\/tr><tr><td>Divulga\u00e7\u00e3o da Rela\u00e7\u00e3o Preliminar de Candidatos Aptos \u00e0 bonifica\u00e7\u00e3o PROVAB\/AB<\/td><td>26\/11\/2025<\/td><\/tr><tr><td>Divulga\u00e7\u00e3o da Rela\u00e7\u00e3o Preliminar dos candidatos com direito \u00e0 bonifica\u00e7\u00e3o \u2013 PRMFC<\/td><td>26\/11\/2025<\/td><\/tr><tr><td>Divulga\u00e7\u00e3o dos Padr\u00f5es de Respostas\/Gabaritos Preliminares<\/td><td>26\/11\/2025<\/td><\/tr><tr><td>Divulga\u00e7\u00e3o da Rela\u00e7\u00e3o Definitiva de bonifica\u00e7\u00e3o PROVAB\/AB<\/td><td>01\/12\/2025<\/td><\/tr><tr><td>Divulga\u00e7\u00e3o da Rela\u00e7\u00e3o Definitiva de candidatos com direito \u00e0 bonifica\u00e7\u00e3o \u2013 PRMFC<\/td><td>01\/12\/2025<\/td><\/tr><tr><td>Interposi\u00e7\u00e3o de recurso PcD<\/td><td>14\/01 e 15\/01\/2026<\/td><\/tr><tr><td>Divulga\u00e7\u00e3o Rela\u00e7\u00e3o Preliminar PcD<\/td><td>14\/01\/2026<\/td><\/tr><tr><td>Divulga\u00e7\u00e3o da Rela\u00e7\u00e3o de candidatos PN (avalia\u00e7\u00e3o eletr\u00f4nica)<\/td><td>14\/01\/2026<\/td><\/tr><tr><td>Convoca\u00e7\u00e3o PN para Entrevista Telepresencial<\/td><td>14\/01\/2026<\/td><\/tr><tr><td>Realiza\u00e7\u00e3o de Entrevista Telepresencial PN<\/td><td>18\/01\/2026<\/td><\/tr><tr><td>Interposi\u00e7\u00e3o de recurso PN<\/td><td>20\/01 e 21\/01\/2026<\/td><\/tr><tr><td>Divulga\u00e7\u00e3o da Rela\u00e7\u00e3o Preliminar PN<\/td><td>20\/01\/2026<\/td><\/tr><tr><td>Divulga\u00e7\u00e3o da Rela\u00e7\u00e3o Definitiva PcD<\/td><td>27\/01\/2026<\/td><\/tr><tr><td>Divulga\u00e7\u00e3o da Rela\u00e7\u00e3o Definitiva PN<\/td><td>27\/01\/2026<\/td><\/tr><tr><td>Interposi\u00e7\u00e3o de recurso das notas das Provas<\/td><td>28\/01 e 29\/01\/2026<\/td><\/tr><tr><td>Publica\u00e7\u00e3o dos Gabaritos Definitivos<\/td><td>28\/01\/2026<\/td><\/tr><tr><td>Divulga\u00e7\u00e3o das notas dos candidatos<\/td><td>28\/01\/2026<\/td><\/tr><tr><td>Divulga\u00e7\u00e3o do Edital e Cronograma de Matr\u00edcula<\/td><td>30\/01\/2026<\/td><\/tr><tr><td>1\u00ba Per\u00edodo de Confirma\u00e7\u00e3o de Interesse<\/td><td>02\/02 e 03\/02\/2026<\/td><\/tr><tr><td>Publica\u00e7\u00e3o da Rela\u00e7\u00e3o dos Candidatos que precisam confirmar interesse \u2013 1\u00ba Per\u00edodo<\/td><td>02\/02\/2026<\/td><\/tr><tr><td>Prazo de Recurso Confirma\u00e7\u00e3o de Interesse \u2013 1\u00ba Per\u00edodo<\/td><td>04 e 05\/02\/2026<\/td><\/tr><tr><td>Rela\u00e7\u00e3o Preliminar Confirma\u00e7\u00e3o de Interesse \u2013 1\u00ba Per\u00edodo<\/td><td>04\/02\/2026<\/td><\/tr><tr><td>Rela\u00e7\u00e3o Definitiva Confirma\u00e7\u00e3o de Interesse \u2013 1\u00ba Per\u00edodo<\/td><td>06\/02\/2026<\/td><\/tr><tr><td>Resultados dos recursos das notas das Provas<\/td><td>10\/02\/2026<\/td><\/tr><tr><td>Divulga\u00e7\u00e3o da Classifica\u00e7\u00e3o Final<\/td><td>10\/02\/2026<\/td><\/tr><tr><td>Consulta individualizada de desempenho<\/td><td>10\/02\/2026<\/td><\/tr><tr><td>1\u00aa Convoca\u00e7\u00e3o para Matr\u00edcula<\/td><td>10\/02\/2026<\/td><\/tr><tr><td>Matr\u00edcula For\u00e7as Armadas<\/td><td>11\/02\/2026<\/td><\/tr><tr><td>Matr\u00edcula em 1\u00aa Convoca\u00e7\u00e3o<\/td><td>20 e 22\/02\/2026<\/td><\/tr><tr><td>2\u00aa Convoca\u00e7\u00e3o para Remanejamento e Matr\u00edcula<\/td><td>25\/02\/2026<\/td><\/tr><tr><td>Publica\u00e7\u00e3o da Rela\u00e7\u00e3o candidatos Confirma\u00e7\u00e3o de Interesse \u2013 2\u00ba Per\u00edodo<\/td><td>26\/02\/2026<\/td><\/tr><tr><td>2\u00ba Per\u00edodo de Confirma\u00e7\u00e3o de Interesse<\/td><td>27 e 28\/02\/2026<\/td><\/tr><tr><td>Remanejamento e Matr\u00edcula em 2\u00aa Convoca\u00e7\u00e3o<\/td><td>28\/02\/2026<\/td><\/tr><tr><td>Prazo de Recurso Confirma\u00e7\u00e3o de Interesse \u2013 2\u00ba Per\u00edodo<\/td><td>02 e 03\/03\/2026<\/td><\/tr><tr><td>Rela\u00e7\u00e3o Preliminar Confirma\u00e7\u00e3o de Interesse \u2013 2\u00ba Per\u00edodo<\/td><td>02\/03\/2026<\/td><\/tr><tr><td>Rela\u00e7\u00e3o Definitiva Confirma\u00e7\u00e3o de Interesse \u2013 2\u00ba Per\u00edodo<\/td><td>04\/03\/2026<\/td><\/tr><tr><td>3\u00aa Convoca\u00e7\u00e3o para Remanejamento e Matr\u00edcula<\/td><td>04\/03\/2026<\/td><\/tr><tr><td>Remanejamento e Matr\u00edcula em 3\u00aa Convoca\u00e7\u00e3o<\/td><td>07\/03\/2026<\/td><\/tr><tr><td>4\u00aa Convoca\u00e7\u00e3o para Remanejamento e Matr\u00edcula<\/td><td>12\/03\/2026<\/td><\/tr><tr><td>Remanejamento e Matr\u00edcula em 4\u00aa Convoca\u00e7\u00e3o<\/td><td>14\/03\/2026<\/td><\/tr><tr><td>Publica\u00e7\u00e3o da Rela\u00e7\u00e3o candidatos Confirma\u00e7\u00e3o de Interesse \u2013 3\u00ba Per\u00edodo<\/td><td>18\/03\/2026<\/td><\/tr><tr><td>3\u00ba Per\u00edodo de Confirma\u00e7\u00e3o de Interesse<\/td><td>19 e 20\/03\/2026<\/td><\/tr><tr><td>Prazo de Recurso Confirma\u00e7\u00e3o de Interesse \u2013 3\u00ba Per\u00edodo<\/td><td>20 e 21\/03\/2026<\/td><\/tr><tr><td>Rela\u00e7\u00e3o Preliminar Confirma\u00e7\u00e3o de Interesse \u2013 3\u00ba Per\u00edodo<\/td><td>20\/03\/2026<\/td><\/tr><tr><td>Rela\u00e7\u00e3o Definitiva Confirma\u00e7\u00e3o de Interesse \u2013 3\u00ba Per\u00edodo<\/td><td>23\/03\/2026<\/td><\/tr><tr><td>5\u00aa Convoca\u00e7\u00e3o para Matr\u00edcula<\/td><td>23\/03\/2026<\/td><\/tr><tr><td>Matr\u00edcula em 5\u00aa Convoca\u00e7\u00e3o<\/td><td>25\/03\/2026<\/td><\/tr><tr><td>6\u00aa Convoca\u00e7\u00e3o para Matr\u00edcula<\/td><td>27\/03\/2026<\/td><\/tr><tr><td>Matr\u00edcula em 6\u00aa Convoca\u00e7\u00e3o<\/td><td>31\/03\/2026<\/td><\/tr><\/tbody><\/table><\/figure>\n\n\n\n<h2 class=\"wp-block-heading\" id=\"h-definicao-da-nota\"><span class=\"ez-toc-section\" id=\"Definicao_da_nota\"><\/span><strong>Defini\u00e7\u00e3o da nota<\/strong><span class=\"ez-toc-section-end\"><\/span><\/h2>\n\n\n\n<p>A nota final do SUS-BA 2025 definiu-se com base na <strong>nota obtida na Prova Objetiva-Dissertativa<\/strong>, por\u00e9m, as quest\u00f5es possuem pesos diferentes.<\/p>\n\n\n\n<p>Sendo assim, aplicou-se peso 1,0 \u00e0 pontua\u00e7\u00e3o obtida nas quest\u00f5es objetivas e peso 1,5 \u00e0 pontua\u00e7\u00e3o das quest\u00f5es de respostas curtas.<\/p>\n\n\n\n<p>Portanto, para obter a nota final de cada participante realizou-se o seguinte c\u00e1lculo:<\/p>\n\n\n\n<p>PF &#8211; Pontua\u00e7\u00e3o Final<\/p>\n\n\n\n<p>TO &#8211; Total de Pontos nas quest\u00f5es objetivas de m\u00faltipla escolha<\/p>\n\n\n\n<p>TD &#8211; Total de Pontos nas quest\u00f5es dissertativas-objetivas de resposta curta<\/p>\n\n\n\n<p><strong>PF = [(TO x 1,0) + (TD x 1,5)] + Bonifica\u00e7\u00e3o PRGMFC<\/strong><\/p>\n\n\n\n<h3 class=\"wp-block-heading\" id=\"h-criterios-de-desempate\"><span class=\"ez-toc-section\" id=\"Criterios_de_desempate\"><\/span><strong>Crit\u00e9rios de desempate<\/strong><span class=\"ez-toc-section-end\"><\/span><\/h3>\n\n\n\n<p>Por outro lado, em caso de empate, o crit\u00e9rio utilizados para o desempate foi a maior idade, ou seja, o candidato mais velho teve prefer\u00eancia para o preenchimento da vaga.<\/p>\n\n\n\n<h2 class=\"wp-block-heading\" id=\"h-gabaritos-definitivos-e-notas-preliminares\"><span class=\"ez-toc-section\" id=\"Gabaritos_Definitivos_e_Notas_Preliminares\"><\/span><strong>Gabaritos Definitivos e Notas Preliminares<\/strong><span class=\"ez-toc-section-end\"><\/span><\/h2>\n\n\n\n<p>Seguindo o cronograma, os <a href=\"https:\/\/www.grupomedcof.com.br\/blog\/confira-o-gabarito-definitivo-e-notas-preliminares-sus-ba\/\" target=\"_blank\" rel=\"noreferrer noopener\">gabaritos e as notas<\/a> foram divulgadas no dia <strong>28 de janeiro de 2025<\/strong>, e os candidatos tiveram entre os dias <strong>28 e 29 para interpor recursos.<\/strong> Confira abaixo os documentos:<\/p>\n\n\n\n<div class=\"wp-block-buttons is-content-justification-center is-layout-flex wp-container-core-buttons-is-layout-16018d1d wp-block-buttons-is-layout-flex\">\n<div class=\"wp-block-button\"><a class=\"wp-block-button__link wp-element-button\" href=\"https:\/\/www.grupomedcof.com.br\/blog\/wp-content\/uploads\/2025\/01\/Gabarito-SUS-BA-Acesso-Direto-2026.pdf\" target=\"_blank\" rel=\"noreferrer noopener\">Gabarito Definitivo Acesso Direto<\/a><\/div>\n\n\n\n<div class=\"wp-block-button\"><a class=\"wp-block-button__link wp-element-button\" href=\"https:\/\/www.grupomedcof.com.br\/blog\/wp-content\/uploads\/2025\/01\/Nota-Preliminar-SUS-BA-Acesso-Direto-2026.pdf\" target=\"_blank\" rel=\"noreferrer noopener\">Notas Preliminares Acesso Direto<\/a><\/div>\n\n\n\n<div class=\"wp-block-button\"><a class=\"wp-block-button__link wp-element-button\" href=\"https:\/\/www.grupomedcof.com.br\/blog\/wp-content\/uploads\/2025\/01\/Notas-Preliminares-SUS-BA-PR-2026.pdf\" target=\"_blank\" rel=\"noreferrer noopener\">Notas Preliminares Pr\u00e9-Requisito<\/a><\/div>\n\n\n\n<div class=\"wp-block-button\"><a class=\"wp-block-button__link wp-element-button\" href=\"https:\/\/www.grupomedcof.com.br\/blog\/wp-content\/uploads\/2025\/01\/Notas-Preliminares-SUS-BA-AA-2026.pdf\" target=\"_blank\" rel=\"noreferrer noopener\">Notas Preliminares Anos Adicionais<\/a><\/div>\n<\/div>\n\n\n\n<h2 class=\"wp-block-heading\" id=\"h-resultado-final\"><span class=\"ez-toc-section\" id=\"Resultado_Final\"><\/span><strong>Resultado Final<\/strong><span class=\"ez-toc-section-end\"><\/span><\/h2>\n\n\n\n<p>Seguindo o cronograma, o documento foi disponibilizado em 11 de fevereiro de 2026. Em caso de empate, o crit\u00e9rio considerado ser\u00e1 a idade dos candidatos, dando&nbsp;<strong>prefer\u00eancia para os mais velhos<\/strong>.<\/p>\n\n\n\n<p>A nota final foi correspondente ao somat\u00f3rio dos pontos obtidos nas quest\u00f5es da prova com a bonifica\u00e7\u00e3o, se houver.<\/p>\n\n\n\n<div class=\"wp-block-buttons is-layout-flex wp-block-buttons-is-layout-flex\">\n<div class=\"wp-block-button\"><a class=\"wp-block-button__link wp-element-button\" href=\"https:\/\/www.grupomedcof.com.br\/blog\/wp-content\/uploads\/2026\/01\/Resultado-Final-SUS-BA-AC.pdf\" target=\"_blank\" rel=\"noreferrer noopener\">Resultado Final Acesso Direto<\/a><\/div>\n\n\n\n<div class=\"wp-block-button\"><a class=\"wp-block-button__link wp-element-button\" href=\"https:\/\/www.grupomedcof.com.br\/blog\/wp-content\/uploads\/2026\/01\/CEREMBA_2026-Resultado_Final_PN_AD_20260210_1923.pdf\" target=\"_blank\" rel=\"noreferrer noopener\">Resultado Final Acesso Direto (PN)<\/a><\/div>\n\n\n\n<div class=\"wp-block-button\"><a class=\"wp-block-button__link wp-element-button\" href=\"https:\/\/www.grupomedcof.com.br\/blog\/wp-content\/uploads\/2026\/01\/CEREMBA_2026-Resultado_Final_PCD_AD_20260210_1923.pdf\" target=\"_blank\" rel=\"noreferrer noopener\">Resultado Final Acesso Direto (PCD)<\/a><\/div>\n\n\n\n<div class=\"wp-block-button\"><a class=\"wp-block-button__link wp-element-button\" href=\"https:\/\/www.grupomedcof.com.br\/blog\/wp-content\/uploads\/2026\/01\/CEREMBA_2026-Resultado_Final_AC_ANOS_AD_20260210_1923.pdf\" target=\"_blank\" rel=\"noreferrer noopener\">Anos Adicionais Acesso Direto<\/a><\/div>\n\n\n\n<div class=\"wp-block-button\"><a class=\"wp-block-button__link wp-element-button\" href=\"https:\/\/www.grupomedcof.com.br\/blog\/wp-content\/uploads\/2026\/01\/CEREMBA_2026-Resultado_Final_AC_EPR_AA_20260210_1923.pdf\" target=\"_blank\" rel=\"noreferrer noopener\">Pr\u00e9-Requisito e \u00c1rea de Atua\u00e7\u00e3o (AC)<\/a><\/div>\n\n\n\n<div class=\"wp-block-button\"><a class=\"wp-block-button__link wp-element-button\" href=\"https:\/\/www.grupomedcof.com.br\/blog\/wp-content\/uploads\/2026\/01\/CEREMBA_2026-Resultado_Final_PN_EPR_AA_20260210_1923.pdf\" target=\"_blank\" rel=\"noreferrer noopener\">Pr\u00e9-Requisito e \u00c1rea de Atua\u00e7\u00e3o (PN)<\/a><\/div>\n\n\n\n<div class=\"wp-block-button\"><a class=\"wp-block-button__link wp-element-button\" href=\"https:\/\/www.grupomedcof.com.br\/blog\/wp-content\/uploads\/2026\/01\/CEREMBA_2026-Resultado_Final_PCD_EPR_AA_20260210_1923.pdf\" target=\"_blank\" rel=\"noreferrer noopener\">Pr\u00e9-Requisito e \u00c1rea de Atua\u00e7\u00e3o (PCD)<\/a><\/div>\n<\/div>\n\n\n\n<h2 class=\"wp-block-heading\" id=\"h-nota-de-corte-sus-ba\"><span class=\"ez-toc-section\" id=\"Nota_de_corte_SUS-BA\"><\/span><strong>Nota de corte SUS-BA <\/strong><span class=\"ez-toc-section-end\"><\/span><\/h2>\n\n\n\n<figure class=\"wp-block-table\"><table><tbody><tr><td><strong>Especialidades<\/strong><\/td><td><strong>Notas de corte 2024\/2025<\/strong><\/td><td><strong>Vagas totais 2026<\/strong><\/td><td><strong>Notas de corte 2025\/2026<\/strong><\/td><\/tr><tr><td>ADMINISTRA\u00c7\u00c3O EM SA\u00daDE<\/td><td>21,55<\/td><td>2<\/td><td>10,10<\/td><\/tr><tr><td>ANESTESIOLOGIA<\/td><td>17,15<\/td><td>28<\/td><td>24,65<\/td><\/tr><tr><td>ANGIORRADIOLOGIA E CIRURGIA ENDOVASCULAR<\/td><td>18,6<\/td><td>&#8211;<\/td><td>&#8211;<\/td><\/tr><tr><td>ANO ADICIONAL MEDICINA DE FAM\u00cdLIA E COMUNIDADE<\/td><td>17,45<\/td><td>2<\/td><td>13,20<\/td><\/tr><tr><td>ANO ADICIONAL EM MEDICINA DE FAM\u00cdLIA E COMUNIDADE &#8211; SA\u00daDE MENTAL E CUIDADO A POPULA\u00c7\u00c3O DE RUA<\/td><td>&#8211;<\/td><td>5<\/td><td>14,30<\/td><\/tr><tr><td>ANO ADICIONAL ORTOPEDIA E TRAUMATOLOGIA<\/td><td>22,35<\/td><td>&#8211;<\/td><td>&#8211;<\/td><\/tr><tr><td>CARDIOLOGIA<\/td><td>14,95<\/td><td>14<\/td><td>10,80<\/td><\/tr><tr><td>CARDIOLOGIA PEDI\u00c1TRICA (C)<\/td><td>20,2<\/td><td><\/td><td><\/td><\/tr><tr><td>CARDIOLOGIA PEDI\u00c1TRICA (P)<\/td><td>14,2<\/td><td><\/td><td>10,50<\/td><\/tr><tr><td>CIRURGIA CARDIOVASCULAR<\/td><td>14,35<\/td><td><\/td><td><\/td><\/tr><tr><td>CIRURGIA DE CABE\u00c7A E PESCO\u00c7O<\/td><td>14,2<\/td><td>3<\/td><td>11,70<\/td><\/tr><tr><td>CIRURGIA DO APARELHO DIGESTIVO<\/td><td>16,15<\/td><td>1<\/td><td>14,00<\/td><\/tr><tr><td>CIRURGIA DO TRAUMA<\/td><td>17,9<\/td><td>&#8211;<\/td><td>&#8211;<\/td><\/tr><tr><td>CIRURGIA GERAL (3 ANOS)<\/td><td>14,25<\/td><td>26<\/td><td>23,10<\/td><\/tr><tr><td>CIRURGIA ONCOL\u00d3GICA<\/td><td>21,75<\/td><td>4<\/td><td>9,60<\/td><\/tr><tr><td>CIRURGIA PEDI\u00c1TRICA<\/td><td>20,9<\/td><td>2<\/td><td>13,70<\/td><\/tr><tr><td>CIRURGIA PL\u00c1STICA<\/td><td>20,4<\/td><td>2<\/td><td>14,40<\/td><\/tr><tr><td>CIRURGIA VASCULAR<\/td><td>14,25<\/td><td>1<\/td><td>18,50<\/td><\/tr><tr><td>CL\u00cdNICA M\u00c9DICA<\/td><td>21,4<\/td><td>55<\/td><td>21,85<\/td><\/tr><tr><td>COLOPROCTOLOGIA<\/td><td>18,6<\/td><td>&#8211;<\/td><td>&#8211;<\/td><\/tr><tr><td>DERMATOLOGIA<\/td><td>15,3<\/td><td>2<\/td><td>26,85<\/td><\/tr><tr><td>DOR<\/td><td>&#8211;<\/td><td>1<\/td><td>11,70<\/td><\/tr><tr><td>ECOCARDIOGRAFIA<\/td><td>19,75<\/td><td>2<\/td><td>13,90<\/td><\/tr><tr><td>ECOGRAFIA VASCULAR COM DOPPLER<\/td><td>\u2013<\/td><td>&#8211;<\/td><td>&#8211;<\/td><\/tr><tr><td>ENDOSCOPIA<\/td><td>&#8211;<\/td><td>2<\/td><td>10,40<\/td><\/tr><tr><td>ENDOSCOPIA GINECOL\u00d3GICA<\/td><td>&#8211;<\/td><td>1<\/td><td>14,60<\/td><\/tr><tr><td>GINECOLOGIA E OBSTETR\u00cdCIA<\/td><td>&#8211;<\/td><td>14<\/td><td>23,85<\/td><\/tr><tr><td>GASTROENTEROLOGIA<\/td><td>&#8211;<\/td><td>4<\/td><td>12,00<\/td><\/tr><tr><td>GERIATRIA<\/td><td>&#8211;<\/td><td>4<\/td><td>11,90<\/td><\/tr><tr><td>HEMATOLOGIA E HEMOTERAPIA<\/td><td>&#8211;<\/td><td>2<\/td><td>12,10<\/td><\/tr><tr><td>HEMODIN\u00c2MICA E CARDIOLOGIA INTERVENCIONISTA<\/td><td>&#8211;<\/td><td>1<\/td><td>14,40<\/td><\/tr><tr><td>HEPATOLOGIA<\/td><td>&#8211;<\/td><td>1<\/td><td>9,30<\/td><\/tr><tr><td>INFECTOLOGIA<\/td><td>&#8211;<\/td><td>3<\/td><td>21,05<\/td><\/tr><tr><td>OFTALMOLOGIA<\/td><td>20,40<\/td><td>28<\/td><td>23,00<\/td><\/tr><tr><td>ORTOPEDIA E TRAUMATOLOGIA<\/td><td>&#8211;<\/td><td>26<\/td><td>20,75<\/td><\/tr><tr><td>OTORRINOLARINGOLOGIA<\/td><td>&#8211;<\/td><td>9<\/td><td>24,75<\/td><\/tr><tr><td>ONCOLOGIA CL\u00cdNICA<\/td><td>&#8211;<\/td><td>16<\/td><td>8,20<\/td><\/tr><tr><td>MASTOLOGIA<\/td><td>&#8211;<\/td><td>4<\/td><td>10,20<\/td><\/tr><tr><td>MEDICINA DE EMERG\u00caNCIA<\/td><td>&#8211;<\/td><td>7<\/td><td>17,10<\/td><\/tr><tr><td>MEDICINA DE FAM\u00cdLIA E COMUNIDADE<\/td><td>&#8211;<\/td><td>40<\/td><td>19,20<\/td><\/tr><tr><td>MEDICINA INTENSIVA<\/td><td>&#8211;<\/td><td>26<\/td><td>16,95<\/td><\/tr><tr><td>MEDICINA INTENSIVA PEDI\u00c1TRICA<\/td><td>&#8211;<\/td><td>6<\/td><td>11,50<\/td><\/tr><tr><td>NEFROLOGIA<\/td><td>&#8211;<\/td><td>4<\/td><td>8,90<\/td><\/tr><tr><td>NEONATOLOGIA<\/td><td>&#8211;<\/td><td>5<\/td><td>8,60<\/td><\/tr><tr><td>NEUROLOGIA<\/td><td>&#8211;<\/td><td>7<\/td><td>25,40<\/td><\/tr><tr><td>NEUROLOGIA PEDI\u00c1TRICA<\/td><td>&#8211;<\/td><td>6<\/td><td>12,40<\/td><\/tr><tr><td>PEDIATRIA<\/td><td>&#8211;<\/td><td>39<\/td><td>19,90<\/td><\/tr><tr><td>PNEUMOLOGIA<\/td><td>&#8211;<\/td><td>3<\/td><td>10,20<\/td><\/tr><tr><td>PNEUMOLOGIA PEDI\u00c1TRICA<\/td><td>&#8211;<\/td><td>2<\/td><td>12,30<\/td><\/tr><tr><td>PSIQUIATRIA<\/td><td>&#8211;<\/td><td>11<\/td><td>24,90<\/td><\/tr><tr><td>RADIOLOGIA E DIAGNOSTICO POR IMAGEM<\/td><td>&#8211;<\/td><td>11<\/td><td>23,60<\/td><\/tr><tr><td>UROLOGIA<\/td><td>&#8211;<\/td><td>6<\/td><td>13,90<\/td><\/tr><\/tbody><\/table><\/figure>\n\n\n\n<h2 class=\"wp-block-heading\" id=\"h-preparacao-de-excelencia-para-a-residencia-medica-com-a-medcof\"><span class=\"ez-toc-section\" id=\"Preparacao_de_excelencia_para_a_residencia_medica_com_a_Medcof\"><\/span><strong>Prepara\u00e7\u00e3o de excel\u00eancia para a resid\u00eancia m\u00e9dica com a Medcof<\/strong><span class=\"ez-toc-section-end\"><\/span><\/h2>\n\n\n\n<p>Est\u00e1 se preparando para as provas de resid\u00eancia m\u00e9dica? Ent\u00e3o o Grupo MedCof ser\u00e1 o seu melhor companheiro! Aqui temos uma\u00a0<a href=\"https:\/\/www.grupomedcof.com.br\/blog\/saiba-como-utilizar-a-nossa-metodologia\/\">metodologia<\/a>\u00a0que j\u00e1 aprovou mais de\u00a0<a href=\"https:\/\/www.grupomedcof.com.br\/blog\/presenca-da-medcof-nas-aprovacoes-em-residencia-medica-no-brasil\/\">35 mil candidatos<\/a>, com foco em quest\u00f5es do nosso\u00a0<a href=\"https:\/\/www.grupomedcof.com.br\/blog\/qbank-medcof\/\">Qbank.<\/a>\u00a0Seja um MedCoffer e conquiste a sua aprova\u00e7\u00e3o nas resid\u00eancias!<\/p>\n\n\n\n<figure class=\"wp-block-embed is-type-video is-provider-youtube wp-block-embed-youtube wp-embed-aspect-16-9 wp-has-aspect-ratio\"><div class=\"wp-block-embed__wrapper\">\n<div class=\"youtube-embed\" data-video_id=\"\"><iframe loading=\"lazy\" title=\"Gabarito Resid\u00eancia M\u00e9dica SUS-BA 2024 - Corre\u00e7\u00e3o P\u00f3s-Prova - Ao Vivo\" width=\"696\" height=\"392\" src=\"https:\/\/www.youtube.com\/embed\/tktFhhcmOKI?feature=oembed&#038;enablejsapi=1\" frameborder=\"0\" allow=\"accelerometer; autoplay; clipboard-write; encrypted-media; gyroscope; picture-in-picture; web-share\" referrerpolicy=\"strict-origin-when-cross-origin\" allowfullscreen><\/iframe><\/div>\n<\/div><\/figure>\n","protected":false},"excerpt":{"rendered":"<p>Relembre como foi a \u00faltima edi\u00e7\u00e3o da prova de resid\u00eancia m\u00e9dica do\u00a0Processo Seletivo do SUS-BA de 2026 e se prepare para a pr\u00f3xima! <\/p>\n","protected":false},"author":20,"featured_media":33204,"comment_status":"open","ping_status":"open","sticky":false,"template":"","format":"standard","meta":{"footnotes":""},"categories":[10],"tags":[979,50],"ppma_author":[3616],"class_list":{"0":"post-27922","1":"post","2":"type-post","3":"status-publish","4":"format-standard","5":"has-post-thumbnail","7":"category-raio-x-editais","8":"tag-raio-x-editais-2024","9":"tag-sus-ba"},"yoast_head":"<!-- This site is optimized with the Yoast SEO Premium plugin v24.3 (Yoast SEO v27.4) - https:\/\/yoast.com\/product\/yoast-seo-premium-wordpress\/ -->\n<title>Resid\u00eancia M\u00e9dica SUS-BA 2026: edital, vagas, resultados, notas de corte e mais! - Blog de Medcof: conte\u00fados, editais, revalida e mais!<\/title>\n<meta name=\"description\" content=\"Relembre como foi a \u00faltima edi\u00e7\u00e3o da prova de resid\u00eancia m\u00e9dica do\u00a0Processo Seletivo do SUS-BA de 2026 e se prepare para a pr\u00f3xima!\" \/>\n<meta name=\"robots\" content=\"index, follow, max-snippet:-1, max-image-preview:large, max-video-preview:-1\" \/>\n<link rel=\"canonical\" href=\"https:\/\/www.grupomedcof.com.br\/blog\/residencia-medica-sus-ba\/\" \/>\n<meta property=\"og:locale\" content=\"pt_BR\" \/>\n<meta property=\"og:type\" content=\"article\" \/>\n<meta property=\"og:title\" content=\"Resid\u00eancia M\u00e9dica SUS-BA 2026: edital, vagas, resultados, notas de corte e mais!\" \/>\n<meta property=\"og:description\" content=\"Relembre como foi a \u00faltima edi\u00e7\u00e3o da prova de resid\u00eancia m\u00e9dica do\u00a0Processo Seletivo do SUS-BA de 2026 e se prepare para a pr\u00f3xima!\" \/>\n<meta property=\"og:url\" content=\"https:\/\/www.grupomedcof.com.br\/blog\/residencia-medica-sus-ba\/\" \/>\n<meta property=\"og:site_name\" content=\"Blog de Medcof: conte\u00fados, editais, revalida e mais!\" \/>\n<meta property=\"article:publisher\" content=\"https:\/\/www.facebook.com\/MedCofQbank\/\" \/>\n<meta property=\"article:published_time\" content=\"2026-04-17T13:32:42+00:00\" \/>\n<meta property=\"article:modified_time\" content=\"2026-04-17T13:33:06+00:00\" \/>\n<meta property=\"og:image\" content=\"https:\/\/www.grupomedcof.com.br\/blog\/wp-content\/uploads\/2024\/07\/Modelo-instituicoes-65-scaled.jpg\" \/>\n\t<meta property=\"og:image:width\" content=\"2560\" \/>\n\t<meta property=\"og:image:height\" content=\"1440\" \/>\n\t<meta property=\"og:image:type\" content=\"image\/jpeg\" \/>\n<meta name=\"author\" content=\"Leila Menzel\" \/>\n<meta name=\"twitter:card\" content=\"summary_large_image\" \/>\n<meta name=\"twitter:label1\" content=\"Escrito por\" \/>\n\t<meta name=\"twitter:data1\" content=\"Leila Menzel\" \/>\n\t<meta name=\"twitter:label2\" content=\"Est. tempo de leitura\" \/>\n\t<meta name=\"twitter:data2\" content=\"19 minutos\" \/>\n<script type=\"application\/ld+json\" class=\"yoast-schema-graph\">{\"@context\":\"https:\\\/\\\/schema.org\",\"@graph\":[{\"@type\":\"Article\",\"@id\":\"https:\\\/\\\/www.grupomedcof.com.br\\\/blog\\\/residencia-medica-sus-ba\\\/#article\",\"isPartOf\":{\"@id\":\"https:\\\/\\\/www.grupomedcof.com.br\\\/blog\\\/residencia-medica-sus-ba\\\/\"},\"author\":{\"name\":\"Leila Menzel\",\"@id\":\"https:\\\/\\\/www.grupomedcof.com.br\\\/blog\\\/#\\\/schema\\\/person\\\/9a44c2184a836bf5ae6967fdb3a1451e\"},\"headline\":\"Resid\u00eancia M\u00e9dica SUS-BA 2026: edital, vagas, resultados, notas de corte e mais!\",\"datePublished\":\"2026-04-17T13:32:42+00:00\",\"dateModified\":\"2026-04-17T13:33:06+00:00\",\"mainEntityOfPage\":{\"@id\":\"https:\\\/\\\/www.grupomedcof.com.br\\\/blog\\\/residencia-medica-sus-ba\\\/\"},\"wordCount\":3422,\"commentCount\":0,\"publisher\":{\"@id\":\"https:\\\/\\\/www.grupomedcof.com.br\\\/blog\\\/#organization\"},\"image\":{\"@id\":\"https:\\\/\\\/www.grupomedcof.com.br\\\/blog\\\/residencia-medica-sus-ba\\\/#primaryimage\"},\"thumbnailUrl\":\"https:\\\/\\\/www.grupomedcof.com.br\\\/blog\\\/wp-content\\\/uploads\\\/2024\\\/07\\\/Modelo-instituicoes-65-scaled.jpg\",\"keywords\":[\"Raio-X Editais 2024\",\"SUS-BA\"],\"articleSection\":[\"Raio-X Editais\"],\"inLanguage\":\"pt-BR\"},{\"@type\":\"WebPage\",\"@id\":\"https:\\\/\\\/www.grupomedcof.com.br\\\/blog\\\/residencia-medica-sus-ba\\\/\",\"url\":\"https:\\\/\\\/www.grupomedcof.com.br\\\/blog\\\/residencia-medica-sus-ba\\\/\",\"name\":\"Resid\u00eancia M\u00e9dica SUS-BA 2026: edital, vagas, resultados, notas de corte e mais! - Blog de Medcof: conte\u00fados, editais, revalida e mais!\",\"isPartOf\":{\"@id\":\"https:\\\/\\\/www.grupomedcof.com.br\\\/blog\\\/#website\"},\"primaryImageOfPage\":{\"@id\":\"https:\\\/\\\/www.grupomedcof.com.br\\\/blog\\\/residencia-medica-sus-ba\\\/#primaryimage\"},\"image\":{\"@id\":\"https:\\\/\\\/www.grupomedcof.com.br\\\/blog\\\/residencia-medica-sus-ba\\\/#primaryimage\"},\"thumbnailUrl\":\"https:\\\/\\\/www.grupomedcof.com.br\\\/blog\\\/wp-content\\\/uploads\\\/2024\\\/07\\\/Modelo-instituicoes-65-scaled.jpg\",\"datePublished\":\"2026-04-17T13:32:42+00:00\",\"dateModified\":\"2026-04-17T13:33:06+00:00\",\"description\":\"Relembre como foi a \u00faltima edi\u00e7\u00e3o da prova de resid\u00eancia m\u00e9dica do\u00a0Processo Seletivo do SUS-BA de 2026 e se prepare para a pr\u00f3xima!\",\"breadcrumb\":{\"@id\":\"https:\\\/\\\/www.grupomedcof.com.br\\\/blog\\\/residencia-medica-sus-ba\\\/#breadcrumb\"},\"inLanguage\":\"pt-BR\",\"potentialAction\":[{\"@type\":\"ReadAction\",\"target\":[\"https:\\\/\\\/www.grupomedcof.com.br\\\/blog\\\/residencia-medica-sus-ba\\\/\"]}]},{\"@type\":\"ImageObject\",\"inLanguage\":\"pt-BR\",\"@id\":\"https:\\\/\\\/www.grupomedcof.com.br\\\/blog\\\/residencia-medica-sus-ba\\\/#primaryimage\",\"url\":\"https:\\\/\\\/www.grupomedcof.com.br\\\/blog\\\/wp-content\\\/uploads\\\/2024\\\/07\\\/Modelo-instituicoes-65-scaled.jpg\",\"contentUrl\":\"https:\\\/\\\/www.grupomedcof.com.br\\\/blog\\\/wp-content\\\/uploads\\\/2024\\\/07\\\/Modelo-instituicoes-65-scaled.jpg\",\"width\":2560,\"height\":1440},{\"@type\":\"BreadcrumbList\",\"@id\":\"https:\\\/\\\/www.grupomedcof.com.br\\\/blog\\\/residencia-medica-sus-ba\\\/#breadcrumb\",\"itemListElement\":[{\"@type\":\"ListItem\",\"position\":1,\"name\":\"In\u00edcio\",\"item\":\"https:\\\/\\\/www.grupomedcof.com.br\\\/blog\\\/\"},{\"@type\":\"ListItem\",\"position\":2,\"name\":\"Resid\u00eancia M\u00e9dica SUS-BA 2026: edital, vagas, resultados, notas de corte e mais!\"}]},{\"@type\":\"WebSite\",\"@id\":\"https:\\\/\\\/www.grupomedcof.com.br\\\/blog\\\/#website\",\"url\":\"https:\\\/\\\/www.grupomedcof.com.br\\\/blog\\\/\",\"name\":\"Blog de Medcof: conte\u00fados, editais, revalida e mais!\",\"description\":\"Acesso o blog de MedCof! Seu portal de conte\u00fados sobre resid\u00eancia m\u00e9dica, an\u00e1lise e editais e muito mais. Clique e confira!\",\"publisher\":{\"@id\":\"https:\\\/\\\/www.grupomedcof.com.br\\\/blog\\\/#organization\"},\"alternateName\":\"Blog de Medcof: conte\u00fados, editais, revalida e mais!\",\"potentialAction\":[{\"@type\":\"SearchAction\",\"target\":{\"@type\":\"EntryPoint\",\"urlTemplate\":\"https:\\\/\\\/www.grupomedcof.com.br\\\/blog\\\/?s={search_term_string}\"},\"query-input\":{\"@type\":\"PropertyValueSpecification\",\"valueRequired\":true,\"valueName\":\"search_term_string\"}}],\"inLanguage\":\"pt-BR\"},{\"@type\":\"Organization\",\"@id\":\"https:\\\/\\\/www.grupomedcof.com.br\\\/blog\\\/#organization\",\"name\":\"Grupo MedCof\",\"url\":\"https:\\\/\\\/www.grupomedcof.com.br\\\/blog\\\/\",\"logo\":{\"@type\":\"ImageObject\",\"inLanguage\":\"pt-BR\",\"@id\":\"https:\\\/\\\/www.grupomedcof.com.br\\\/blog\\\/#\\\/schema\\\/logo\\\/image\\\/\",\"url\":\"https:\\\/\\\/www.grupomedcof.com.br\\\/blog\\\/wp-content\\\/uploads\\\/2022\\\/01\\\/logo-medcof.png\",\"contentUrl\":\"https:\\\/\\\/www.grupomedcof.com.br\\\/blog\\\/wp-content\\\/uploads\\\/2022\\\/01\\\/logo-medcof.png\",\"width\":768,\"height\":269,\"caption\":\"Grupo MedCof\"},\"image\":{\"@id\":\"https:\\\/\\\/www.grupomedcof.com.br\\\/blog\\\/#\\\/schema\\\/logo\\\/image\\\/\"},\"sameAs\":[\"https:\\\/\\\/www.facebook.com\\\/MedCofQbank\\\/\",\"https:\\\/\\\/www.instagram.com\\\/grupomedcof\\\/\",\"https:\\\/\\\/br.linkedin.com\\\/company\\\/medcof\",\"https:\\\/\\\/www.youtube.com\\\/channel\\\/UCdHMuOHKICxcHwecxN8P-AA\"]},{\"@type\":\"Person\",\"@id\":\"https:\\\/\\\/www.grupomedcof.com.br\\\/blog\\\/#\\\/schema\\\/person\\\/9a44c2184a836bf5ae6967fdb3a1451e\",\"name\":\"Leila Menzel\",\"image\":{\"@type\":\"ImageObject\",\"inLanguage\":\"pt-BR\",\"@id\":\"https:\\\/\\\/www.grupomedcof.com.br\\\/blog\\\/wp-content\\\/uploads\\\/2025\\\/09\\\/cropped-eu-96x96.jpeg19a74936d997c0a8b3031618467fa1d0\",\"url\":\"https:\\\/\\\/www.grupomedcof.com.br\\\/blog\\\/wp-content\\\/uploads\\\/2025\\\/09\\\/cropped-eu-96x96.jpeg\",\"contentUrl\":\"https:\\\/\\\/www.grupomedcof.com.br\\\/blog\\\/wp-content\\\/uploads\\\/2025\\\/09\\\/cropped-eu-96x96.jpeg\",\"caption\":\"Leila Menzel\"},\"description\":\"Estudante do 6\u00b0 semestre de jornalismo, amo e escrevo poesias e viajo em livros de romances clich\u00eas.\",\"url\":\"https:\\\/\\\/www.grupomedcof.com.br\\\/blog\\\/author\\\/leila-menzel\\\/\"}]}<\/script>\n<!-- \/ Yoast SEO Premium plugin. -->","yoast_head_json":{"title":"Resid\u00eancia M\u00e9dica SUS-BA 2026: edital, vagas, resultados, notas de corte e mais! - Blog de Medcof: conte\u00fados, editais, revalida e mais!","description":"Relembre como foi a \u00faltima edi\u00e7\u00e3o da prova de resid\u00eancia m\u00e9dica do\u00a0Processo Seletivo do SUS-BA de 2026 e se prepare para a pr\u00f3xima!","robots":{"index":"index","follow":"follow","max-snippet":"max-snippet:-1","max-image-preview":"max-image-preview:large","max-video-preview":"max-video-preview:-1"},"canonical":"https:\/\/www.grupomedcof.com.br\/blog\/residencia-medica-sus-ba\/","og_locale":"pt_BR","og_type":"article","og_title":"Resid\u00eancia M\u00e9dica SUS-BA 2026: edital, vagas, resultados, notas de corte e mais!","og_description":"Relembre como foi a \u00faltima edi\u00e7\u00e3o da prova de resid\u00eancia m\u00e9dica do\u00a0Processo Seletivo do SUS-BA de 2026 e se prepare para a pr\u00f3xima!","og_url":"https:\/\/www.grupomedcof.com.br\/blog\/residencia-medica-sus-ba\/","og_site_name":"Blog de Medcof: conte\u00fados, editais, revalida e mais!","article_publisher":"https:\/\/www.facebook.com\/MedCofQbank\/","article_published_time":"2026-04-17T13:32:42+00:00","article_modified_time":"2026-04-17T13:33:06+00:00","og_image":[{"width":2560,"height":1440,"url":"https:\/\/www.grupomedcof.com.br\/blog\/wp-content\/uploads\/2024\/07\/Modelo-instituicoes-65-scaled.jpg","type":"image\/jpeg"}],"author":"Leila Menzel","twitter_card":"summary_large_image","twitter_misc":{"Escrito por":"Leila Menzel","Est. tempo de leitura":"19 minutos"},"schema":{"@context":"https:\/\/schema.org","@graph":[{"@type":"Article","@id":"https:\/\/www.grupomedcof.com.br\/blog\/residencia-medica-sus-ba\/#article","isPartOf":{"@id":"https:\/\/www.grupomedcof.com.br\/blog\/residencia-medica-sus-ba\/"},"author":{"name":"Leila Menzel","@id":"https:\/\/www.grupomedcof.com.br\/blog\/#\/schema\/person\/9a44c2184a836bf5ae6967fdb3a1451e"},"headline":"Resid\u00eancia M\u00e9dica SUS-BA 2026: edital, vagas, resultados, notas de corte e mais!","datePublished":"2026-04-17T13:32:42+00:00","dateModified":"2026-04-17T13:33:06+00:00","mainEntityOfPage":{"@id":"https:\/\/www.grupomedcof.com.br\/blog\/residencia-medica-sus-ba\/"},"wordCount":3422,"commentCount":0,"publisher":{"@id":"https:\/\/www.grupomedcof.com.br\/blog\/#organization"},"image":{"@id":"https:\/\/www.grupomedcof.com.br\/blog\/residencia-medica-sus-ba\/#primaryimage"},"thumbnailUrl":"https:\/\/www.grupomedcof.com.br\/blog\/wp-content\/uploads\/2024\/07\/Modelo-instituicoes-65-scaled.jpg","keywords":["Raio-X Editais 2024","SUS-BA"],"articleSection":["Raio-X Editais"],"inLanguage":"pt-BR"},{"@type":"WebPage","@id":"https:\/\/www.grupomedcof.com.br\/blog\/residencia-medica-sus-ba\/","url":"https:\/\/www.grupomedcof.com.br\/blog\/residencia-medica-sus-ba\/","name":"Resid\u00eancia M\u00e9dica SUS-BA 2026: edital, vagas, resultados, notas de corte e mais! - Blog de Medcof: conte\u00fados, editais, revalida e mais!","isPartOf":{"@id":"https:\/\/www.grupomedcof.com.br\/blog\/#website"},"primaryImageOfPage":{"@id":"https:\/\/www.grupomedcof.com.br\/blog\/residencia-medica-sus-ba\/#primaryimage"},"image":{"@id":"https:\/\/www.grupomedcof.com.br\/blog\/residencia-medica-sus-ba\/#primaryimage"},"thumbnailUrl":"https:\/\/www.grupomedcof.com.br\/blog\/wp-content\/uploads\/2024\/07\/Modelo-instituicoes-65-scaled.jpg","datePublished":"2026-04-17T13:32:42+00:00","dateModified":"2026-04-17T13:33:06+00:00","description":"Relembre como foi a \u00faltima edi\u00e7\u00e3o da prova de resid\u00eancia m\u00e9dica do\u00a0Processo Seletivo do SUS-BA de 2026 e se prepare para a pr\u00f3xima!","breadcrumb":{"@id":"https:\/\/www.grupomedcof.com.br\/blog\/residencia-medica-sus-ba\/#breadcrumb"},"inLanguage":"pt-BR","potentialAction":[{"@type":"ReadAction","target":["https:\/\/www.grupomedcof.com.br\/blog\/residencia-medica-sus-ba\/"]}]},{"@type":"ImageObject","inLanguage":"pt-BR","@id":"https:\/\/www.grupomedcof.com.br\/blog\/residencia-medica-sus-ba\/#primaryimage","url":"https:\/\/www.grupomedcof.com.br\/blog\/wp-content\/uploads\/2024\/07\/Modelo-instituicoes-65-scaled.jpg","contentUrl":"https:\/\/www.grupomedcof.com.br\/blog\/wp-content\/uploads\/2024\/07\/Modelo-instituicoes-65-scaled.jpg","width":2560,"height":1440},{"@type":"BreadcrumbList","@id":"https:\/\/www.grupomedcof.com.br\/blog\/residencia-medica-sus-ba\/#breadcrumb","itemListElement":[{"@type":"ListItem","position":1,"name":"In\u00edcio","item":"https:\/\/www.grupomedcof.com.br\/blog\/"},{"@type":"ListItem","position":2,"name":"Resid\u00eancia M\u00e9dica SUS-BA 2026: edital, vagas, resultados, notas de corte e mais!"}]},{"@type":"WebSite","@id":"https:\/\/www.grupomedcof.com.br\/blog\/#website","url":"https:\/\/www.grupomedcof.com.br\/blog\/","name":"Blog de Medcof: conte\u00fados, editais, revalida e mais!","description":"Acesso o blog de MedCof! Seu portal de conte\u00fados sobre resid\u00eancia m\u00e9dica, an\u00e1lise e editais e muito mais. Clique e confira!","publisher":{"@id":"https:\/\/www.grupomedcof.com.br\/blog\/#organization"},"alternateName":"Blog de Medcof: conte\u00fados, editais, revalida e mais!","potentialAction":[{"@type":"SearchAction","target":{"@type":"EntryPoint","urlTemplate":"https:\/\/www.grupomedcof.com.br\/blog\/?s={search_term_string}"},"query-input":{"@type":"PropertyValueSpecification","valueRequired":true,"valueName":"search_term_string"}}],"inLanguage":"pt-BR"},{"@type":"Organization","@id":"https:\/\/www.grupomedcof.com.br\/blog\/#organization","name":"Grupo MedCof","url":"https:\/\/www.grupomedcof.com.br\/blog\/","logo":{"@type":"ImageObject","inLanguage":"pt-BR","@id":"https:\/\/www.grupomedcof.com.br\/blog\/#\/schema\/logo\/image\/","url":"https:\/\/www.grupomedcof.com.br\/blog\/wp-content\/uploads\/2022\/01\/logo-medcof.png","contentUrl":"https:\/\/www.grupomedcof.com.br\/blog\/wp-content\/uploads\/2022\/01\/logo-medcof.png","width":768,"height":269,"caption":"Grupo MedCof"},"image":{"@id":"https:\/\/www.grupomedcof.com.br\/blog\/#\/schema\/logo\/image\/"},"sameAs":["https:\/\/www.facebook.com\/MedCofQbank\/","https:\/\/www.instagram.com\/grupomedcof\/","https:\/\/br.linkedin.com\/company\/medcof","https:\/\/www.youtube.com\/channel\/UCdHMuOHKICxcHwecxN8P-AA"]},{"@type":"Person","@id":"https:\/\/www.grupomedcof.com.br\/blog\/#\/schema\/person\/9a44c2184a836bf5ae6967fdb3a1451e","name":"Leila Menzel","image":{"@type":"ImageObject","inLanguage":"pt-BR","@id":"https:\/\/www.grupomedcof.com.br\/blog\/wp-content\/uploads\/2025\/09\/cropped-eu-96x96.jpeg19a74936d997c0a8b3031618467fa1d0","url":"https:\/\/www.grupomedcof.com.br\/blog\/wp-content\/uploads\/2025\/09\/cropped-eu-96x96.jpeg","contentUrl":"https:\/\/www.grupomedcof.com.br\/blog\/wp-content\/uploads\/2025\/09\/cropped-eu-96x96.jpeg","caption":"Leila Menzel"},"description":"Estudante do 6\u00b0 semestre de jornalismo, amo e escrevo poesias e viajo em livros de romances clich\u00eas.","url":"https:\/\/www.grupomedcof.com.br\/blog\/author\/leila-menzel\/"}]}},"authors":[{"term_id":3616,"user_id":20,"is_guest":0,"slug":"leila-menzel","display_name":"Leila Menzel","avatar_url":"https:\/\/www.grupomedcof.com.br\/blog\/wp-content\/uploads\/2025\/09\/cropped-eu-96x96.jpeg","0":null,"1":"","2":"","3":"","4":"","5":"","6":"","7":"","8":""}],"_links":{"self":[{"href":"https:\/\/www.grupomedcof.com.br\/blog\/wp-json\/wp\/v2\/posts\/27922","targetHints":{"allow":["GET"]}}],"collection":[{"href":"https:\/\/www.grupomedcof.com.br\/blog\/wp-json\/wp\/v2\/posts"}],"about":[{"href":"https:\/\/www.grupomedcof.com.br\/blog\/wp-json\/wp\/v2\/types\/post"}],"author":[{"embeddable":true,"href":"https:\/\/www.grupomedcof.com.br\/blog\/wp-json\/wp\/v2\/users\/20"}],"replies":[{"embeddable":true,"href":"https:\/\/www.grupomedcof.com.br\/blog\/wp-json\/wp\/v2\/comments?post=27922"}],"version-history":[{"count":4,"href":"https:\/\/www.grupomedcof.com.br\/blog\/wp-json\/wp\/v2\/posts\/27922\/revisions"}],"predecessor-version":[{"id":43176,"href":"https:\/\/www.grupomedcof.com.br\/blog\/wp-json\/wp\/v2\/posts\/27922\/revisions\/43176"}],"wp:featuredmedia":[{"embeddable":true,"href":"https:\/\/www.grupomedcof.com.br\/blog\/wp-json\/wp\/v2\/media\/33204"}],"wp:attachment":[{"href":"https:\/\/www.grupomedcof.com.br\/blog\/wp-json\/wp\/v2\/media?parent=27922"}],"wp:term":[{"taxonomy":"category","embeddable":true,"href":"https:\/\/www.grupomedcof.com.br\/blog\/wp-json\/wp\/v2\/categories?post=27922"},{"taxonomy":"post_tag","embeddable":true,"href":"https:\/\/www.grupomedcof.com.br\/blog\/wp-json\/wp\/v2\/tags?post=27922"},{"taxonomy":"author","embeddable":true,"href":"https:\/\/www.grupomedcof.com.br\/blog\/wp-json\/wp\/v2\/ppma_author?post=27922"}],"curies":[{"name":"wp","href":"https:\/\/api.w.org\/{rel}","templated":true}]}}