{"id":27970,"date":"2026-01-22T14:49:31","date_gmt":"2026-01-22T17:49:31","guid":{"rendered":"https:\/\/www.grupomedcof.com.br\/blog\/?p=27970"},"modified":"2026-01-22T14:49:34","modified_gmt":"2026-01-22T17:49:34","slug":"residencia-medica-ses-pe","status":"publish","type":"post","link":"https:\/\/www.grupomedcof.com.br\/blog\/residencia-medica-ses-pe\/","title":{"rendered":"Resid\u00eancia M\u00e9dica SES-PE 2026: edital, vagas, concorr\u00eancia e mais!"},"content":{"rendered":"<div id=\"ez-toc-container\" class=\"ez-toc-v2_0_74 counter-hierarchy ez-toc-counter ez-toc-transparent ez-toc-container-direction\">\n<div class=\"ez-toc-title-container\">\n<p class=\"ez-toc-title\" style=\"cursor:inherit\">Sum\u00e1rio<\/p>\n<span class=\"ez-toc-title-toggle\"><a href=\"#\" class=\"ez-toc-pull-right ez-toc-btn ez-toc-btn-xs ez-toc-btn-default ez-toc-toggle\" aria-label=\"Alternar tabela de conte\u00fado\"><span class=\"ez-toc-js-icon-con\"><span class=\"\"><span class=\"eztoc-hide\" style=\"display:none;\">Toggle<\/span><span class=\"ez-toc-icon-toggle-span\"><svg style=\"fill: #999;color:#999\" xmlns=\"http:\/\/www.w3.org\/2000\/svg\" class=\"list-377408\" width=\"20px\" height=\"20px\" viewBox=\"0 0 24 24\" fill=\"none\"><path d=\"M6 6H4v2h2V6zm14 0H8v2h12V6zM4 11h2v2H4v-2zm16 0H8v2h12v-2zM4 16h2v2H4v-2zm16 0H8v2h12v-2z\" fill=\"currentColor\"><\/path><\/svg><svg style=\"fill: #999;color:#999\" class=\"arrow-unsorted-368013\" xmlns=\"http:\/\/www.w3.org\/2000\/svg\" width=\"10px\" height=\"10px\" viewBox=\"0 0 24 24\" version=\"1.2\" baseProfile=\"tiny\"><path d=\"M18.2 9.3l-6.2-6.3-6.2 6.3c-.2.2-.3.4-.3.7s.1.5.3.7c.2.2.4.3.7.3h11c.3 0 .5-.1.7-.3.2-.2.3-.5.3-.7s-.1-.5-.3-.7zM5.8 14.7l6.2 6.3 6.2-6.3c.2-.2.3-.5.3-.7s-.1-.5-.3-.7c-.2-.2-.4-.3-.7-.3h-11c-.3 0-.5.1-.7.3-.2.2-.3.5-.3.7s.1.5.3.7z\"\/><\/svg><\/span><\/span><\/span><\/a><\/span><\/div>\n<nav><ul class='ez-toc-list ez-toc-list-level-1 ' ><li class='ez-toc-page-1 ez-toc-heading-level-2'><a class=\"ez-toc-link ez-toc-heading-1\" href=\"https:\/\/www.grupomedcof.com.br\/blog\/residencia-medica-ses-pe\/#Edital_SES-PE_2025\" >Edital SES-PE 2025<\/a><ul class='ez-toc-list-level-3' ><li class='ez-toc-heading-level-3'><a class=\"ez-toc-link ez-toc-heading-2\" href=\"https:\/\/www.grupomedcof.com.br\/blog\/residencia-medica-ses-pe\/#Inscricoes\" >Inscri\u00e7\u00f5es<\/a><\/li><\/ul><\/li><li class='ez-toc-page-1 ez-toc-heading-level-2'><a class=\"ez-toc-link ez-toc-heading-3\" href=\"https:\/\/www.grupomedcof.com.br\/blog\/residencia-medica-ses-pe\/#Vagas_ofertadas\" >Vagas ofertadas<\/a><ul class='ez-toc-list-level-3' ><li class='ez-toc-heading-level-3'><a class=\"ez-toc-link ez-toc-heading-4\" href=\"https:\/\/www.grupomedcof.com.br\/blog\/residencia-medica-ses-pe\/#Anestesiologia\" >Anestesiologia<\/a><\/li><li class='ez-toc-page-1 ez-toc-heading-level-3'><a class=\"ez-toc-link ez-toc-heading-5\" href=\"https:\/\/www.grupomedcof.com.br\/blog\/residencia-medica-ses-pe\/#Cirurgia_Cardiovascular\" >Cirurgia Cardiovascular<\/a><\/li><li class='ez-toc-page-1 ez-toc-heading-level-3'><a class=\"ez-toc-link ez-toc-heading-6\" href=\"https:\/\/www.grupomedcof.com.br\/blog\/residencia-medica-ses-pe\/#Cirurgia_Geral\" >Cirurgia Geral<\/a><\/li><li class='ez-toc-page-1 ez-toc-heading-level-3'><a class=\"ez-toc-link ez-toc-heading-7\" href=\"https:\/\/www.grupomedcof.com.br\/blog\/residencia-medica-ses-pe\/#Clinica_Medica\" >Cl\u00ednica M\u00e9dica<\/a><\/li><li class='ez-toc-page-1 ez-toc-heading-level-3'><a class=\"ez-toc-link ez-toc-heading-8\" href=\"https:\/\/www.grupomedcof.com.br\/blog\/residencia-medica-ses-pe\/#Dermatologia\" >Dermatologia<\/a><\/li><li class='ez-toc-page-1 ez-toc-heading-level-3'><a class=\"ez-toc-link ez-toc-heading-9\" href=\"https:\/\/www.grupomedcof.com.br\/blog\/residencia-medica-ses-pe\/#Infectologia\" >Infectologia<\/a><\/li><li class='ez-toc-page-1 ez-toc-heading-level-3'><a class=\"ez-toc-link ez-toc-heading-10\" href=\"https:\/\/www.grupomedcof.com.br\/blog\/residencia-medica-ses-pe\/#Medicina_de_Familia_e_Comunidade\" >Medicina de Fam\u00edlia e Comunidade<\/a><\/li><li class='ez-toc-page-1 ez-toc-heading-level-3'><a class=\"ez-toc-link ez-toc-heading-11\" href=\"https:\/\/www.grupomedcof.com.br\/blog\/residencia-medica-ses-pe\/#Medicina_Intensiva\" >Medicina Intensiva<\/a><\/li><li class='ez-toc-page-1 ez-toc-heading-level-3'><a class=\"ez-toc-link ez-toc-heading-12\" href=\"https:\/\/www.grupomedcof.com.br\/blog\/residencia-medica-ses-pe\/#Medicina_Nuclear\" >Medicina Nuclear<\/a><\/li><li class='ez-toc-page-1 ez-toc-heading-level-3'><a class=\"ez-toc-link ez-toc-heading-13\" href=\"https:\/\/www.grupomedcof.com.br\/blog\/residencia-medica-ses-pe\/#Neurocirurgia\" >Neurocirurgia<\/a><\/li><li class='ez-toc-page-1 ez-toc-heading-level-3'><a class=\"ez-toc-link ez-toc-heading-14\" href=\"https:\/\/www.grupomedcof.com.br\/blog\/residencia-medica-ses-pe\/#Neurologia\" >Neurologia<\/a><\/li><li class='ez-toc-page-1 ez-toc-heading-level-3'><a class=\"ez-toc-link ez-toc-heading-15\" href=\"https:\/\/www.grupomedcof.com.br\/blog\/residencia-medica-ses-pe\/#Ginecologia_e_Obstetricia\" >Ginecologia e Obstetr\u00edcia<\/a><\/li><li class='ez-toc-page-1 ez-toc-heading-level-3'><a class=\"ez-toc-link ez-toc-heading-16\" href=\"https:\/\/www.grupomedcof.com.br\/blog\/residencia-medica-ses-pe\/#Oftalmologia\" >Oftalmologia<\/a><\/li><li class='ez-toc-page-1 ez-toc-heading-level-3'><a class=\"ez-toc-link ez-toc-heading-17\" href=\"https:\/\/www.grupomedcof.com.br\/blog\/residencia-medica-ses-pe\/#Ortopedia_e_Traumatologia\" >Ortopedia e Traumatologia<\/a><\/li><li class='ez-toc-page-1 ez-toc-heading-level-3'><a class=\"ez-toc-link ez-toc-heading-18\" href=\"https:\/\/www.grupomedcof.com.br\/blog\/residencia-medica-ses-pe\/#Otorrinolaringologia\" >Otorrinolaringologia<\/a><\/li><li class='ez-toc-page-1 ez-toc-heading-level-3'><a class=\"ez-toc-link ez-toc-heading-19\" href=\"https:\/\/www.grupomedcof.com.br\/blog\/residencia-medica-ses-pe\/#Patologia\" >Patologia<\/a><\/li><li class='ez-toc-page-1 ez-toc-heading-level-3'><a class=\"ez-toc-link ez-toc-heading-20\" href=\"https:\/\/www.grupomedcof.com.br\/blog\/residencia-medica-ses-pe\/#Pediatria\" >Pediatria<\/a><\/li><li class='ez-toc-page-1 ez-toc-heading-level-3'><a class=\"ez-toc-link ez-toc-heading-21\" href=\"https:\/\/www.grupomedcof.com.br\/blog\/residencia-medica-ses-pe\/#Psiquiatria\" >Psiquiatria<\/a><\/li><li class='ez-toc-page-1 ez-toc-heading-level-3'><a class=\"ez-toc-link ez-toc-heading-22\" href=\"https:\/\/www.grupomedcof.com.br\/blog\/residencia-medica-ses-pe\/#Radiologia_e_Diagnostico_Por_Imagem\" >Radiologia e Diagn\u00f3stico Por Imagem<\/a><\/li><li class='ez-toc-page-1 ez-toc-heading-level-3'><a class=\"ez-toc-link ez-toc-heading-23\" href=\"https:\/\/www.grupomedcof.com.br\/blog\/residencia-medica-ses-pe\/#Radioterapia\" >Radioterapia<\/a><\/li><li class='ez-toc-page-1 ez-toc-heading-level-3'><a class=\"ez-toc-link ez-toc-heading-24\" href=\"https:\/\/www.grupomedcof.com.br\/blog\/residencia-medica-ses-pe\/#Cardiologia\" >Cardiologia<\/a><\/li><li class='ez-toc-page-1 ez-toc-heading-level-3'><a class=\"ez-toc-link ez-toc-heading-25\" href=\"https:\/\/www.grupomedcof.com.br\/blog\/residencia-medica-ses-pe\/#Endocrinologia_e_Metabologia\" >Endocrinologia e Metabologia<\/a><\/li><li class='ez-toc-page-1 ez-toc-heading-level-3'><a class=\"ez-toc-link ez-toc-heading-26\" href=\"https:\/\/www.grupomedcof.com.br\/blog\/residencia-medica-ses-pe\/#Gastroenterologia\" >Gastroenterologia<\/a><\/li><li class='ez-toc-page-1 ez-toc-heading-level-3'><a class=\"ez-toc-link ez-toc-heading-27\" href=\"https:\/\/www.grupomedcof.com.br\/blog\/residencia-medica-ses-pe\/#Geriatria\" >Geriatria<\/a><\/li><li class='ez-toc-page-1 ez-toc-heading-level-3'><a class=\"ez-toc-link ez-toc-heading-28\" href=\"https:\/\/www.grupomedcof.com.br\/blog\/residencia-medica-ses-pe\/#Hematologia_e_Hemoterapia\" >Hematologia e Hemoterapia<\/a><\/li><li class='ez-toc-page-1 ez-toc-heading-level-3'><a class=\"ez-toc-link ez-toc-heading-29\" href=\"https:\/\/www.grupomedcof.com.br\/blog\/residencia-medica-ses-pe\/#Nefrologia\" >Nefrologia<\/a><\/li><li class='ez-toc-page-1 ez-toc-heading-level-3'><a class=\"ez-toc-link ez-toc-heading-30\" href=\"https:\/\/www.grupomedcof.com.br\/blog\/residencia-medica-ses-pe\/#Oncologia_Clinica\" >Oncologia Cl\u00ednica<\/a><\/li><li class='ez-toc-page-1 ez-toc-heading-level-3'><a class=\"ez-toc-link ez-toc-heading-31\" href=\"https:\/\/www.grupomedcof.com.br\/blog\/residencia-medica-ses-pe\/#Pneumologia\" >Pneumologia<\/a><\/li><li class='ez-toc-page-1 ez-toc-heading-level-3'><a class=\"ez-toc-link ez-toc-heading-32\" href=\"https:\/\/www.grupomedcof.com.br\/blog\/residencia-medica-ses-pe\/#R3_Clinica_Medica_%E2%80%93_Area_de_Atuacao\" >R3 Cl\u00ednica M\u00e9dica \u2013 \u00c1rea de Atua\u00e7\u00e3o<\/a><\/li><li class='ez-toc-page-1 ez-toc-heading-level-3'><a class=\"ez-toc-link ez-toc-heading-33\" href=\"https:\/\/www.grupomedcof.com.br\/blog\/residencia-medica-ses-pe\/#Cirurgia_do_Aparelho_Digestivo\" >Cirurgia do Aparelho Digestivo<\/a><\/li><li class='ez-toc-page-1 ez-toc-heading-level-3'><a class=\"ez-toc-link ez-toc-heading-34\" href=\"https:\/\/www.grupomedcof.com.br\/blog\/residencia-medica-ses-pe\/#Cirurgia_Pediatrica\" >Cirurgia Pedi\u00e1trica<\/a><\/li><li class='ez-toc-page-1 ez-toc-heading-level-3'><a class=\"ez-toc-link ez-toc-heading-35\" href=\"https:\/\/www.grupomedcof.com.br\/blog\/residencia-medica-ses-pe\/#Cirurgia_Plastica\" >Cirurgia Pl\u00e1stica<\/a><\/li><li class='ez-toc-page-1 ez-toc-heading-level-3'><a class=\"ez-toc-link ez-toc-heading-36\" href=\"https:\/\/www.grupomedcof.com.br\/blog\/residencia-medica-ses-pe\/#Cirurgia_Toracica\" >Cirurgia Tor\u00e1cica<\/a><\/li><li class='ez-toc-page-1 ez-toc-heading-level-3'><a class=\"ez-toc-link ez-toc-heading-37\" href=\"https:\/\/www.grupomedcof.com.br\/blog\/residencia-medica-ses-pe\/#Cirurgia_Vascular\" >Cirurgia Vascular<\/a><\/li><li class='ez-toc-page-1 ez-toc-heading-level-3'><a class=\"ez-toc-link ez-toc-heading-38\" href=\"https:\/\/www.grupomedcof.com.br\/blog\/residencia-medica-ses-pe\/#Coloproctologia\" >Coloproctologia<\/a><\/li><li class='ez-toc-page-1 ez-toc-heading-level-3'><a class=\"ez-toc-link ez-toc-heading-39\" href=\"https:\/\/www.grupomedcof.com.br\/blog\/residencia-medica-ses-pe\/#Oncologia_Cirurgica\" >Oncologia Cir\u00fargica<\/a><\/li><li class='ez-toc-page-1 ez-toc-heading-level-3'><a class=\"ez-toc-link ez-toc-heading-40\" href=\"https:\/\/www.grupomedcof.com.br\/blog\/residencia-medica-ses-pe\/#Urologia\" >Urologia<\/a><\/li><li class='ez-toc-page-1 ez-toc-heading-level-3'><a class=\"ez-toc-link ez-toc-heading-41\" href=\"https:\/\/www.grupomedcof.com.br\/blog\/residencia-medica-ses-pe\/#Cardiologia_Pediatrica\" >Cardiologia Pedi\u00e1trica<\/a><\/li><li class='ez-toc-page-1 ez-toc-heading-level-3'><a class=\"ez-toc-link ez-toc-heading-42\" href=\"https:\/\/www.grupomedcof.com.br\/blog\/residencia-medica-ses-pe\/#Gastroenterologia_Pediatrica\" >Gastroenterologia Pedi\u00e1trica<\/a><\/li><li class='ez-toc-page-1 ez-toc-heading-level-3'><a class=\"ez-toc-link ez-toc-heading-43\" href=\"https:\/\/www.grupomedcof.com.br\/blog\/residencia-medica-ses-pe\/#Hematologia_e_Hemoterapia_Pediatrica\" >Hematologia e Hemoterapia Pedi\u00e1trica<\/a><\/li><li class='ez-toc-page-1 ez-toc-heading-level-3'><a class=\"ez-toc-link ez-toc-heading-44\" href=\"https:\/\/www.grupomedcof.com.br\/blog\/residencia-medica-ses-pe\/#Infectologia_Pediatrica\" >Infectologia Pedi\u00e1trica<\/a><\/li><li class='ez-toc-page-1 ez-toc-heading-level-3'><a class=\"ez-toc-link ez-toc-heading-45\" href=\"https:\/\/www.grupomedcof.com.br\/blog\/residencia-medica-ses-pe\/#Medicina_Intensiva_Pediatrica\" >Medicina Intensiva Pedi\u00e1trica<\/a><\/li><li class='ez-toc-page-1 ez-toc-heading-level-3'><a class=\"ez-toc-link ez-toc-heading-46\" href=\"https:\/\/www.grupomedcof.com.br\/blog\/residencia-medica-ses-pe\/#Nefrologia_Pediatrica\" >Nefrologia Pedi\u00e1trica<\/a><\/li><li class='ez-toc-page-1 ez-toc-heading-level-3'><a class=\"ez-toc-link ez-toc-heading-47\" href=\"https:\/\/www.grupomedcof.com.br\/blog\/residencia-medica-ses-pe\/#Neonatologia\" >Neonatologia<\/a><\/li><li class='ez-toc-page-1 ez-toc-heading-level-3'><a class=\"ez-toc-link ez-toc-heading-48\" href=\"https:\/\/www.grupomedcof.com.br\/blog\/residencia-medica-ses-pe\/#Pneumologia_Pediatrica\" >Pneumologia Pedi\u00e1trica<\/a><\/li><li class='ez-toc-page-1 ez-toc-heading-level-3'><a class=\"ez-toc-link ez-toc-heading-49\" href=\"https:\/\/www.grupomedcof.com.br\/blog\/residencia-medica-ses-pe\/#Cirurgia_da_Mao\" >Cirurgia da M\u00e3o<\/a><\/li><li class='ez-toc-page-1 ez-toc-heading-level-3'><a class=\"ez-toc-link ez-toc-heading-50\" href=\"https:\/\/www.grupomedcof.com.br\/blog\/residencia-medica-ses-pe\/#Angiorradiologia_e_Cirurgia_Endovascular\" >Angiorradiologia e Cirurgia Endovascular<\/a><\/li><li class='ez-toc-page-1 ez-toc-heading-level-3'><a class=\"ez-toc-link ez-toc-heading-51\" href=\"https:\/\/www.grupomedcof.com.br\/blog\/residencia-medica-ses-pe\/#Mastologia\" >Mastologia<\/a><\/li><li class='ez-toc-page-1 ez-toc-heading-level-3'><a class=\"ez-toc-link ez-toc-heading-52\" href=\"https:\/\/www.grupomedcof.com.br\/blog\/residencia-medica-ses-pe\/#Endoscopia\" >Endoscopia<\/a><\/li><li class='ez-toc-page-1 ez-toc-heading-level-3'><a class=\"ez-toc-link ez-toc-heading-53\" href=\"https:\/\/www.grupomedcof.com.br\/blog\/residencia-medica-ses-pe\/#Ecocardiografia\" >Ecocardiografia<\/a><\/li><li class='ez-toc-page-1 ez-toc-heading-level-3'><a class=\"ez-toc-link ez-toc-heading-54\" href=\"https:\/\/www.grupomedcof.com.br\/blog\/residencia-medica-ses-pe\/#Eletrofisiologia_Clinica_Invasiva\" >Eletrofisiologia Cl\u00ednica Invasiva<\/a><\/li><li class='ez-toc-page-1 ez-toc-heading-level-3'><a class=\"ez-toc-link ez-toc-heading-55\" href=\"https:\/\/www.grupomedcof.com.br\/blog\/residencia-medica-ses-pe\/#Hemodinamica_e_Cardiologia_Intervencionista\" >Hemodin\u00e2mica e Cardiologia Intervencionista&nbsp;<\/a><\/li><li class='ez-toc-page-1 ez-toc-heading-level-3'><a class=\"ez-toc-link ez-toc-heading-56\" href=\"https:\/\/www.grupomedcof.com.br\/blog\/residencia-medica-ses-pe\/#Medicina_Paliativa\" >Medicina Paliativa<\/a><\/li><li class='ez-toc-page-1 ez-toc-heading-level-3'><a class=\"ez-toc-link ez-toc-heading-57\" href=\"https:\/\/www.grupomedcof.com.br\/blog\/residencia-medica-ses-pe\/#Oncologia_Pediatrica\" >Oncologia Pedi\u00e1trica<\/a><\/li><li class='ez-toc-page-1 ez-toc-heading-level-3'><a class=\"ez-toc-link ez-toc-heading-58\" href=\"https:\/\/www.grupomedcof.com.br\/blog\/residencia-medica-ses-pe\/#Radiologia_Intervencionista_e_Angiorradiologia\" >Radiologia Intervencionista e Angiorradiologia<\/a><\/li><li class='ez-toc-page-1 ez-toc-heading-level-3'><a class=\"ez-toc-link ez-toc-heading-59\" href=\"https:\/\/www.grupomedcof.com.br\/blog\/residencia-medica-ses-pe\/#Neurorradiologia\" >Neurorradiologia<\/a><\/li><li class='ez-toc-page-1 ez-toc-heading-level-3'><a class=\"ez-toc-link ez-toc-heading-60\" href=\"https:\/\/www.grupomedcof.com.br\/blog\/residencia-medica-ses-pe\/#Medicina_do_Sono\" >Medicina do Sono<\/a><\/li><li class='ez-toc-page-1 ez-toc-heading-level-3'><a class=\"ez-toc-link ez-toc-heading-61\" href=\"https:\/\/www.grupomedcof.com.br\/blog\/residencia-medica-ses-pe\/#Cirurgia_de_Cabeca_e_Pescoco\" >Cirurgia de Cabe\u00e7a e Pesco\u00e7o<\/a><\/li><li class='ez-toc-page-1 ez-toc-heading-level-3'><a class=\"ez-toc-link ez-toc-heading-62\" href=\"https:\/\/www.grupomedcof.com.br\/blog\/residencia-medica-ses-pe\/#Endocrinologia_Pediatrica\" >Endocrinologia Pedi\u00e1trica<\/a><\/li><li class='ez-toc-page-1 ez-toc-heading-level-3'><a class=\"ez-toc-link ez-toc-heading-63\" href=\"https:\/\/www.grupomedcof.com.br\/blog\/residencia-medica-ses-pe\/#R4_%E2%80%93_Ortopedia_e_Traumatologia\" >R4 \u2013 Ortopedia e Traumatologia<\/a><\/li><li class='ez-toc-page-1 ez-toc-heading-level-3'><a class=\"ez-toc-link ez-toc-heading-64\" href=\"https:\/\/www.grupomedcof.com.br\/blog\/residencia-medica-ses-pe\/#R4_%E2%80%93_Radiologia_e_Diagnostico_por_Imagem\" >R4 \u2013 Radiologia e Diagn\u00f3stico por Imagem<\/a><\/li><li class='ez-toc-page-1 ez-toc-heading-level-3'><a class=\"ez-toc-link ez-toc-heading-65\" href=\"https:\/\/www.grupomedcof.com.br\/blog\/residencia-medica-ses-pe\/#Psiquiatria_da_infancia_e_Adolescencia\" >Psiquiatria da inf\u00e2ncia e Adolesc\u00eancia<\/a><\/li><li class='ez-toc-page-1 ez-toc-heading-level-3'><a class=\"ez-toc-link ez-toc-heading-66\" href=\"https:\/\/www.grupomedcof.com.br\/blog\/residencia-medica-ses-pe\/#Hepatologia\" >Hepatologia<\/a><\/li><li class='ez-toc-page-1 ez-toc-heading-level-3'><a class=\"ez-toc-link ez-toc-heading-67\" href=\"https:\/\/www.grupomedcof.com.br\/blog\/residencia-medica-ses-pe\/#Neurologia_Pediatrica\" >Neurologia Pedi\u00e1trica<\/a><\/li><li class='ez-toc-page-1 ez-toc-heading-level-3'><a class=\"ez-toc-link ez-toc-heading-68\" href=\"https:\/\/www.grupomedcof.com.br\/blog\/residencia-medica-ses-pe\/#Anestesiologia_Pediatrica\" >Anestesiologia Pedi\u00e1trica<\/a><\/li><li class='ez-toc-page-1 ez-toc-heading-level-3'><a class=\"ez-toc-link ez-toc-heading-69\" href=\"https:\/\/www.grupomedcof.com.br\/blog\/residencia-medica-ses-pe\/#Medicina_Fetal\" >Medicina Fetal<\/a><\/li><li class='ez-toc-page-1 ez-toc-heading-level-3'><a class=\"ez-toc-link ez-toc-heading-70\" href=\"https:\/\/www.grupomedcof.com.br\/blog\/residencia-medica-ses-pe\/#Ultrassonografia_em_Obstetricia_e_Ginecologia\" >Ultrassonografia em Obstetr\u00edcia e Ginecologia<\/a><\/li><li class='ez-toc-page-1 ez-toc-heading-level-3'><a class=\"ez-toc-link ez-toc-heading-71\" href=\"https:\/\/www.grupomedcof.com.br\/blog\/residencia-medica-ses-pe\/#R3_%E2%80%93_Pneumologia\" >R3 \u2013 Pneumologia<\/a><\/li><li class='ez-toc-page-1 ez-toc-heading-level-3'><a class=\"ez-toc-link ez-toc-heading-72\" href=\"https:\/\/www.grupomedcof.com.br\/blog\/residencia-medica-ses-pe\/#Endoscopia_Respiratoria_%E2%80%93_Area_de_Atuacao\" >Endoscopia Respirat\u00f3ria \u2013 \u00c1rea de Atua\u00e7\u00e3o<\/a><\/li><li class='ez-toc-page-1 ez-toc-heading-level-3'><a class=\"ez-toc-link ez-toc-heading-73\" href=\"https:\/\/www.grupomedcof.com.br\/blog\/residencia-medica-ses-pe\/#R4_%E2%80%93_Cirurgia_Oncologica_%E2%80%93_Area_de_Atuacao\" >R4 \u2013 Cirurgia Oncol\u00f3gica \u2013 \u00c1rea de Atua\u00e7\u00e3o<\/a><\/li><li class='ez-toc-page-1 ez-toc-heading-level-3'><a class=\"ez-toc-link ez-toc-heading-74\" href=\"https:\/\/www.grupomedcof.com.br\/blog\/residencia-medica-ses-pe\/#R3_%E2%80%93_Medicina_de_Familia_e_Comunidade_Saude_do_Campo_da_Floresta_e_das_Aguas\" >R3 \u2013 Medicina de Fam\u00edlia e Comunidade, Sa\u00fade do Campo, da Floresta e das \u00c1guas<\/a><\/li><li class='ez-toc-page-1 ez-toc-heading-level-3'><a class=\"ez-toc-link ez-toc-heading-75\" href=\"https:\/\/www.grupomedcof.com.br\/blog\/residencia-medica-ses-pe\/#R3_%E2%80%93_Transplante_de_Figado\" >R3 \u2013 Transplante de F\u00edgado<\/a><\/li><li class='ez-toc-page-1 ez-toc-heading-level-3'><a class=\"ez-toc-link ez-toc-heading-76\" href=\"https:\/\/www.grupomedcof.com.br\/blog\/residencia-medica-ses-pe\/#Transplante_de_Rim\" >Transplante de Rim<\/a><\/li><li class='ez-toc-page-1 ez-toc-heading-level-3'><a class=\"ez-toc-link ez-toc-heading-77\" href=\"https:\/\/www.grupomedcof.com.br\/blog\/residencia-medica-ses-pe\/#R3_%E2%80%93_Cirurgia_Toracica\" >R3 \u2013 Cirurgia Tor\u00e1cica<\/a><\/li><li class='ez-toc-page-1 ez-toc-heading-level-3'><a class=\"ez-toc-link ez-toc-heading-78\" href=\"https:\/\/www.grupomedcof.com.br\/blog\/residencia-medica-ses-pe\/#Transplante_de_Medula_Ossea\" >Transplante de Med\u00fala \u00d3ssea<\/a><\/li><\/ul><\/li><li class='ez-toc-page-1 ez-toc-heading-level-2'><a class=\"ez-toc-link ez-toc-heading-79\" href=\"https:\/\/www.grupomedcof.com.br\/blog\/residencia-medica-ses-pe\/#Processo_Seletivo\" >Processo Seletivo<\/a><ul class='ez-toc-list-level-3' ><li class='ez-toc-heading-level-3'><a class=\"ez-toc-link ez-toc-heading-80\" href=\"https:\/\/www.grupomedcof.com.br\/blog\/residencia-medica-ses-pe\/#Prova_objetiva\" >Prova objetiva<\/a><\/li><li class='ez-toc-page-1 ez-toc-heading-level-3'><a class=\"ez-toc-link ez-toc-heading-81\" href=\"https:\/\/www.grupomedcof.com.br\/blog\/residencia-medica-ses-pe\/#Analise_curricular\" >An\u00e1lise curricular<\/a><\/li><\/ul><\/li><li class='ez-toc-page-1 ez-toc-heading-level-2'><a class=\"ez-toc-link ez-toc-heading-82\" href=\"https:\/\/www.grupomedcof.com.br\/blog\/residencia-medica-ses-pe\/#Definicao_da_nota\" >Defini\u00e7\u00e3o da nota<\/a><ul class='ez-toc-list-level-3' ><li class='ez-toc-heading-level-3'><a class=\"ez-toc-link ez-toc-heading-83\" href=\"https:\/\/www.grupomedcof.com.br\/blog\/residencia-medica-ses-pe\/#Criterios_de_desempate\" >Crit\u00e9rios de desempate<\/a><\/li><\/ul><\/li><li class='ez-toc-page-1 ez-toc-heading-level-2'><a class=\"ez-toc-link ez-toc-heading-84\" href=\"https:\/\/www.grupomedcof.com.br\/blog\/residencia-medica-ses-pe\/#Instituicoes_participantes\" >Institui\u00e7\u00f5es participantes<\/a><\/li><li class='ez-toc-page-1 ez-toc-heading-level-2'><a class=\"ez-toc-link ez-toc-heading-85\" href=\"https:\/\/www.grupomedcof.com.br\/blog\/residencia-medica-ses-pe\/#Concorrencia_SES-PE_2026\" >Concorr\u00eancia SES-PE 2026<\/a><\/li><li class='ez-toc-page-1 ez-toc-heading-level-2'><a class=\"ez-toc-link ez-toc-heading-86\" href=\"https:\/\/www.grupomedcof.com.br\/blog\/residencia-medica-ses-pe\/#Cronograma_SES-PE_20252026\" >Cronograma SES-PE 2025\/2026<\/a><\/li><li class='ez-toc-page-1 ez-toc-heading-level-2'><a class=\"ez-toc-link ez-toc-heading-87\" href=\"https:\/\/www.grupomedcof.com.br\/blog\/residencia-medica-ses-pe\/#Resultado_Preliminar_Analise_Curricular\" >Resultado Preliminar An\u00e1lise Curricular<\/a><\/li><li class='ez-toc-page-1 ez-toc-heading-level-2'><a class=\"ez-toc-link ez-toc-heading-88\" href=\"https:\/\/www.grupomedcof.com.br\/blog\/residencia-medica-ses-pe\/#Resultado_Final_SES-PE_2026\" >Resultado Final SES-PE 2026<\/a><\/li><li class='ez-toc-page-1 ez-toc-heading-level-2'><a class=\"ez-toc-link ez-toc-heading-89\" href=\"https:\/\/www.grupomedcof.com.br\/blog\/residencia-medica-ses-pe\/#Prepare-se_para_o_SES-PE_2027\" >Prepare-se para o SES-PE 2027<\/a><\/li><\/ul><\/nav><\/div>\n\n<figure class=\"wp-block-image size-large\"><img loading=\"lazy\" decoding=\"async\" width=\"1024\" height=\"576\" src=\"https:\/\/www.grupomedcof.com.br\/blog\/wp-content\/uploads\/2024\/07\/Modelo-instituicoes-13-1-1024x576.png\" alt=\"\" class=\"wp-image-27971\" srcset=\"https:\/\/www.grupomedcof.com.br\/blog\/wp-content\/uploads\/2024\/07\/Modelo-instituicoes-13-1-1024x576.png 1024w, https:\/\/www.grupomedcof.com.br\/blog\/wp-content\/uploads\/2024\/07\/Modelo-instituicoes-13-1-300x169.png 300w, https:\/\/www.grupomedcof.com.br\/blog\/wp-content\/uploads\/2024\/07\/Modelo-instituicoes-13-1-768x432.png 768w, https:\/\/www.grupomedcof.com.br\/blog\/wp-content\/uploads\/2024\/07\/Modelo-instituicoes-13-1-1536x864.png 1536w, https:\/\/www.grupomedcof.com.br\/blog\/wp-content\/uploads\/2024\/07\/Modelo-instituicoes-13-1-747x420.png 747w, https:\/\/www.grupomedcof.com.br\/blog\/wp-content\/uploads\/2024\/07\/Modelo-instituicoes-13-1-150x84.png 150w, https:\/\/www.grupomedcof.com.br\/blog\/wp-content\/uploads\/2024\/07\/Modelo-instituicoes-13-1-696x392.png 696w, https:\/\/www.grupomedcof.com.br\/blog\/wp-content\/uploads\/2024\/07\/Modelo-instituicoes-13-1-1068x601.png 1068w, https:\/\/www.grupomedcof.com.br\/blog\/wp-content\/uploads\/2024\/07\/Modelo-instituicoes-13-1.png 1920w\" sizes=\"auto, (max-width: 1024px) 100vw, 1024px\" \/><\/figure>\n\n\n\n<p>Relembre como foi a \u00faltima edi\u00e7\u00e3o da prova de resid\u00eancia m\u00e9dica do&nbsp;<strong>Processo Seletivo da Secretaria Estadual de Sa\u00fade de Pernambuco<\/strong>&nbsp;(SES-PE) de 2025 e se prepare para a pr\u00f3xima prova!<\/p>\n\n\n\n<h2 class=\"wp-block-heading\" id=\"h-edital-ses-pe-2025\"><span class=\"ez-toc-section\" id=\"Edital_SES-PE_2025\"><\/span><strong>Edital SES-PE 2025<\/strong><span class=\"ez-toc-section-end\"><\/span><\/h2>\n\n\n\n<p>Primeiramente, a divulga\u00e7\u00e3o do\u00a0<strong><a href=\"https:\/\/www.grupomedcof.com.br\/blog\/edital-residencia-medica-ses-pe\/\" target=\"_blank\" rel=\"noreferrer noopener\">edital<\/a><\/strong>\u00a0para o processo seletivo nas vagas de\u00a0<strong>Acesso Direto<\/strong> e\u00a0<strong>Pr\u00e9-Requisito<\/strong> de Resid\u00eancia M\u00e9dica do SES-PE 2026 ocorreu em novembro de 2025,\u00a0atrav\u00e9s do site oficial da Secretaria de Sa\u00fade.<\/p>\n\n\n\n<p>Assim, no edital, os candidatos receberam informa\u00e7\u00f5es sobre datas, inscri\u00e7\u00f5es, processo seletivo, vagas ofertadas, institui\u00e7\u00f5es participantes, taxa de inscri\u00e7\u00e3o e matr\u00edculas.<\/p>\n\n\n\n<h3 class=\"wp-block-heading\" id=\"h-inscricoes\"><span class=\"ez-toc-section\" id=\"Inscricoes\"><\/span><strong>Inscri\u00e7\u00f5es<\/strong><span class=\"ez-toc-section-end\"><\/span><\/h3>\n\n\n\n<p>Os candidatos que prestaram a prova do\u00a0<strong>SES-PE 2026<\/strong>\u00a0realizaram suas inscri\u00e7\u00f5es entre os dias <strong>27 de novembro e 14 de dezembro de 2025<\/strong>, mediante pagamento da taxa de\u00a0<strong>R$600,00.<\/strong> <\/p>\n\n\n\n<h2 class=\"wp-block-heading\" id=\"h-vagas-ofertadas\"><span class=\"ez-toc-section\" id=\"Vagas_ofertadas\"><\/span><strong>Vagas ofertadas<\/strong><span class=\"ez-toc-section-end\"><\/span><\/h2>\n\n\n\n<p>De acordo com o edital, a institui\u00e7\u00e3o oferta&nbsp;<strong>981 vagas<\/strong>&nbsp;no total.<\/p>\n\n\n\n<h3 class=\"wp-block-heading\"><span class=\"ez-toc-section\" id=\"Anestesiologia\"><\/span><strong>Anestesiologia<\/strong><span class=\"ez-toc-section-end\"><\/span><\/h3>\n\n\n\n<figure class=\"wp-block-table\"><table class=\"has-fixed-layout\"><tbody><tr><td><strong>Institui\u00e7\u00e3o<\/strong><\/td><td><strong>Vagas AC<\/strong><\/td><\/tr><tr><td>HOSPITAL AGAMENON MAGALH\u00c3ES<\/td><td>2<\/td><\/tr><tr><td>HOSPITAL DA RESTAURA\u00c7\u00c3O GOV. PAULO GUERRA<\/td><td>3<\/td><\/tr><tr><td>HOSPITAL DE C\u00c2NCER DE PERNAMBUCO<\/td><td>1<\/td><\/tr><tr><td>HOSPITAL DOS SERVIDORES DO ESTADO DE PERNAMBUCO&nbsp;<\/td><td>2<\/td><\/tr><tr><td>HOSPITAL GET\u00daLIO VARGAS<\/td><td>3<\/td><\/tr><tr><td>HOSPITAL MESTRE VITALINO \u2013 CARUARU&nbsp;<\/td><td>2<\/td><\/tr><tr><td>HOSPITAL REGIONAL DO AGRESTE \u2013 CARUARU<\/td><td>2<\/td><\/tr><tr><td>HOSPITAL EDUARDO CAMPOS \u2013 SERRA TALHADA<\/td><td>1<\/td><\/tr><tr><td>INSTITUTO DE MEDICINA INTEGRAL PROF FERNANDO FIGUEIRA \u2013 IMIP&nbsp;<\/td><td>4<\/td><\/tr><tr><td>FCM\/UPE \u2013 UNIVERSIDADE DE PERNAMBUCO CAMPUS RECIFE&nbsp;<\/td><td>2<\/td><\/tr><\/tbody><\/table><\/figure>\n\n\n\n<h3 class=\"wp-block-heading\"><span class=\"ez-toc-section\" id=\"Cirurgia_Cardiovascular\"><\/span><strong>Cirurgia Cardiovascular<\/strong><span class=\"ez-toc-section-end\"><\/span><\/h3>\n\n\n\n<figure class=\"wp-block-table\"><table class=\"has-fixed-layout\"><tbody><tr><td><strong>Institui\u00e7\u00e3o<\/strong><\/td><td><strong>Vagas AC<\/strong><\/td><\/tr><tr><td>HOSPITAL MESTRE VITALINO \u2013 CARUARU<\/td><td>1<\/td><\/tr><tr><td>INSTITUTO DE MEDICINA INTEGRAL PROF FERNANDO FIGUEIRA \u2013 IMIP<\/td><td>1<\/td><\/tr><tr><td>HOSPITAL DOM H\u00c9LDER C\u00c2MARA<\/td><td>1<\/td><\/tr><tr><td>REAL HOSPITAL PORTUGU\u00caS DE BENEFIC\u00caNCIA EM PERNAMBUCO<\/td><td>1<\/td><\/tr><tr><td>FCM\/UPE \u2013 UNIVERSIDADE DE PERNAMBUCO CAMPUS RECIFE<\/td><td>1<\/td><\/tr><\/tbody><\/table><\/figure>\n\n\n\n<h3 class=\"wp-block-heading\"><span class=\"ez-toc-section\" id=\"Cirurgia_Geral\"><\/span><strong>Cirurgia Geral<\/strong><span class=\"ez-toc-section-end\"><\/span><\/h3>\n\n\n\n<figure class=\"wp-block-table\"><table class=\"has-fixed-layout\"><tbody><tr><td><strong>Institui\u00e7\u00e3o<\/strong><\/td><td><strong>Vagas AC<\/strong><\/td><\/tr><tr><td>AFYA \u2013 FACULDADE DE CI\u00caNCIAS M\u00c9DICAS DE JABOAT\u00c3O DOS GUARARAPES<\/td><td>2<\/td><\/tr><tr><td>FACULDADE DE MEDICINA DO SERT\u00c3O \u2013 ARCOVERDE&nbsp;<\/td><td>2<\/td><\/tr><tr><td>FITS \u2013 FACULDADE INTEGRADA TIRADENTES \u2013 GOIANA<\/td><td>1<\/td><\/tr><tr><td>HOSPITAL AGAMENON MAGALH\u00c3ES<\/td><td>2<\/td><\/tr><tr><td>HOSPITAL BAR\u00c3O DE LUCENA<\/td><td>1<\/td><\/tr><tr><td>HOSPITAL DA RESTAURA\u00c7\u00c3O GOV. PAULO GUERRA<\/td><td>2<\/td><\/tr><tr><td>HOSPITAL DOS SERVIDORES DO ESTADO DE PERNAMBUCO<\/td><td>2<\/td><\/tr><tr><td>HOSPITAL GET\u00daLIO VARGAS<\/td><td>1<\/td><\/tr><tr><td>HOSPITAL MESTRE VITALINO \u2013 CARUARU<\/td><td>2<\/td><\/tr><tr><td>HOSPITAL OT\u00c1VIO DE FREITAS<\/td><td>1<\/td><\/tr><tr><td>HOSPITAL REGIONAL DO AGRESTE \u2013 CARUARU&nbsp;<\/td><td>2<\/td><\/tr><tr><td>HOSPITAL SANTA CASA DE MISERIC\u00d3RDIA DO RECIFE<\/td><td>2<\/td><\/tr><tr><td>INSTITUTO DE MEDICINA INTEGRAL PROF FERNANDO FIGUEIRA \u2013 IMIP<\/td><td>3<\/td><\/tr><tr><td>FCM\/UPE \u2013 UNIVERSIDADE DE PERNAMBUCO CAMPUS RECIFE<\/td><td>2<\/td><\/tr><\/tbody><\/table><\/figure>\n\n\n\n<h3 class=\"wp-block-heading\"><span class=\"ez-toc-section\" id=\"Clinica_Medica\"><\/span><strong>Cl\u00ednica M\u00e9dica<\/strong><span class=\"ez-toc-section-end\"><\/span><\/h3>\n\n\n\n<figure class=\"wp-block-table\"><table class=\"has-fixed-layout\"><tbody><tr><td><strong>Institui\u00e7\u00e3o<\/strong><\/td><td><strong>Vagas AC<\/strong><\/td><\/tr><tr><td>AFYA \u2013 FACULDADE DE CI\u00caNCIAS M\u00c9DICAS DE JABOAT\u00c3O DOS GUARARAPES<\/td><td>4<\/td><\/tr><tr><td>FACULDADE DE MEDICINA DE OLINDA \u2013 FMO<\/td><td>2<\/td><\/tr><tr><td>FITS \u2013 FACULDADE INTEGRADA TIRADENTES \u2013 GOIANA<\/td><td>2<\/td><\/tr><tr><td>FACULDADE DE MEDICINA DO SERT\u00c3O \u2013 ARCOVERDE<\/td><td>2<\/td><\/tr><tr><td>HOSPITAL EDUARDO CAMPOS \u2013 SERRA TALHADA&nbsp;<\/td><td>3<\/td><\/tr><tr><td>HOSPITAL REGIONAL RUY DE BARROS CORREIA \u2013 ARCOVERDE<\/td><td>2<\/td><\/tr><tr><td>HOSPITAL AGAMENON MAGALH\u00c3ES<\/td><td>5<\/td><\/tr><tr><td>HOSPITAL ALFA&nbsp;<\/td><td>3<\/td><\/tr><tr><td>HOSPITAL BAR\u00c3O DE LUCENA<\/td><td>5<\/td><\/tr><tr><td>HOSPITAL DA RESTAURA\u00c7\u00c3O GOV. PAULO GUERRA<\/td><td>6<\/td><\/tr><tr><td>HOSPITAL DOM H\u00c9LDER C\u00c2MARA&nbsp;<\/td><td>5<\/td><\/tr><tr><td>HOSPITAL ESPERAN\u00c7A \u2013 RECIFE<\/td><td>4<\/td><\/tr><tr><td>HOSPITAL ESPERAN\u00c7A \u2013 OLINDA&nbsp;<\/td><td>2<\/td><\/tr><tr><td>HOSPITAL DOS SERVIDORES DO ESTADO DE PERNAMBUCO&nbsp;<\/td><td>6<\/td><\/tr><tr><td>HOSPITAL DE AERON\u00c1UTICA DE RECIFE<\/td><td>3<\/td><\/tr><tr><td>HOSPITAL GET\u00daLIO VARGAS<\/td><td>5<\/td><\/tr><tr><td>HOSPITAL INFANTIL MARIA LUCINDA<\/td><td>5<\/td><\/tr><tr><td>HOSPITAL MESTRE VITALINO \u2013 CARUARU&nbsp;<\/td><td>3<\/td><\/tr><tr><td>HOSPITAL MIGUEL ARRAES&nbsp;<\/td><td>5<\/td><\/tr><tr><td>HOSPITAL OT\u00c1VIO DE FREITAS<\/td><td>5<\/td><\/tr><tr><td>HOSPITAL SANTA CASA DE MISERIC\u00d3RDIA DO RECIFE<\/td><td>5<\/td><\/tr><tr><td>HOSPITAL SANTA JOANA RECIFE<\/td><td>3<\/td><\/tr><tr><td>INSTITUTO DE MEDICINA INTEGRAL PROF FERNANDO FIGUEIRA \u2013 IMIP<\/td><td>5<\/td><\/tr><tr><td>N\u00daCLEO DE CI\u00caNCIAS DA VIDA \/ NCV-UFPE CARUARU<\/td><td>3<\/td><\/tr><tr><td>REAL HOSPITAL PORTUGU\u00caS DE BENEFIC\u00caNCIA EM PERNAMBUCO&nbsp;<\/td><td>6<\/td><\/tr><tr><td>FCM\/UPE \u2013 UNIVERSIDADE DE PERNAMBUCO CAMPUS RECIFE<\/td><td>5<\/td><\/tr><\/tbody><\/table><\/figure>\n\n\n\n<h3 class=\"wp-block-heading\"><span class=\"ez-toc-section\" id=\"Dermatologia\"><\/span><strong>Dermatologia<\/strong><span class=\"ez-toc-section-end\"><\/span><\/h3>\n\n\n\n<figure class=\"wp-block-table\"><table class=\"has-fixed-layout\"><tbody><tr><td><strong>Institui\u00e7\u00e3o<\/strong><\/td><td><strong>Vagas AC<\/strong><\/td><\/tr><tr><td>HOSPITAL OT\u00c1VIO DE FREITAS<\/td><td>2<\/td><\/tr><tr><td>INSTITUTO DE MEDICINA INTEGRAL PROF FERNANDO FIGUEIRA \u2013 IMIP&nbsp;<\/td><td>1<\/td><\/tr><tr><td>FCM\/UPE \u2013 UNIVERSIDADE DE PERNAMBUCO CAMPUS RECIFE&nbsp;<\/td><td>1<\/td><\/tr><\/tbody><\/table><\/figure>\n\n\n\n<h3 class=\"wp-block-heading\"><span class=\"ez-toc-section\" id=\"Infectologia\"><\/span><strong>Infectologia<\/strong><span class=\"ez-toc-section-end\"><\/span><\/h3>\n\n\n\n<figure class=\"wp-block-table\"><table class=\"has-fixed-layout\"><tbody><tr><td><strong>Institui\u00e7\u00e3o<\/strong><\/td><td><strong>Vagas AC<\/strong><\/td><\/tr><tr><td>FCM\/UPE \u2013 UNIVERSIDADE DE PERNAMBUCO CAMPUS RECIFE&nbsp;<\/td><td>1<\/td><\/tr><\/tbody><\/table><\/figure>\n\n\n\n<h3 class=\"wp-block-heading\"><span class=\"ez-toc-section\" id=\"Medicina_de_Familia_e_Comunidade\"><\/span><strong>Medicina de Fam\u00edlia e Comunidade<\/strong><span class=\"ez-toc-section-end\"><\/span><\/h3>\n\n\n\n<figure class=\"wp-block-table\"><table class=\"has-fixed-layout\"><tbody><tr><td><strong>Institui\u00e7\u00e3o<\/strong><\/td><td><strong>Vagas AC<\/strong><\/td><\/tr><tr><td>AFYA \u2013 FACULDADE DE CI\u00caNCIAS M\u00c9DICAS DE JABOAT\u00c3O DOS GUARARAPES<\/td><td>6<\/td><\/tr><tr><td>FACULDADE DE MEDICINA DE OLINDA \u2013 FMO<\/td><td>3<\/td><\/tr><tr><td>FACULDADE DE MEDICINA DO SERT\u00c3O \u2013 ARCOVERDE&nbsp;<\/td><td>4<\/td><\/tr><tr><td>FITS \u2013 FACULDADE INTEGRADA TIRADENTES \u2013 GOIANA<\/td><td>4<\/td><\/tr><tr><td>INSTITUTO DE MEDICINA INTEGRAL PROF FERNANDO FIGUEIRA \u2013 IMIP&nbsp;<\/td><td>9<\/td><\/tr><tr><td>FIUSA EDUCACIONAL FACULDADE PARA\u00cdSO \u2013 ARARIPINA<\/td><td>5<\/td><\/tr><tr><td>N\u00daCLEO DE CI\u00caNCIAS DA VIDA \/ NCV-UFPE CARUARU&nbsp;<\/td><td>6<\/td><\/tr><tr><td>PREFEITURA DO JABOAT\u00c3O DOS GUARARAPES \u2013 FUNDO MUNICIPAL DE SA\u00daDE&nbsp;<\/td><td>5<\/td><\/tr><tr><td>PREFEITURA DO RECIFE \u2013 FUNDO MUNICIPAL DE SA\u00daDE<\/td><td>6<\/td><\/tr><tr><td>REAL HOSPITAL PORTUGU\u00caS DE BENEFIC\u00caNCIA EM PERNAMBUCO<\/td><td>4<\/td><\/tr><tr><td>SECRETARIA MUNICIPAL DE CASINHAS<\/td><td>4<\/td><\/tr><tr><td>FCM\/UPE \u2013 UNIVERSIDADE DE PERNAMBUCO CAMPUS RECIFE&nbsp;<\/td><td>4<\/td><\/tr><\/tbody><\/table><\/figure>\n\n\n\n<h3 class=\"wp-block-heading\"><span class=\"ez-toc-section\" id=\"Medicina_Intensiva\"><\/span><strong>Medicina Intensiva<\/strong><span class=\"ez-toc-section-end\"><\/span><\/h3>\n\n\n\n<figure class=\"wp-block-table\"><table class=\"has-fixed-layout\"><tbody><tr><td><strong>Institui\u00e7\u00e3o<\/strong><\/td><td><strong>Vagas AC<\/strong><\/td><\/tr><tr><td>HOSPITAL AGAMENON MAGALH\u00c3ES<\/td><td>2<\/td><\/tr><tr><td>HOSPITAL ALFA<\/td><td>2<\/td><\/tr><tr><td>HOSPITAL ESPERAN\u00c7A \u2013 RECIFE&nbsp;<\/td><td>2<\/td><\/tr><tr><td>INSTITUTO ALCIDES DE ANDRADE LIMA \u2013 HOSPITAL MEMORIAL JABOAT\u00c3O<\/td><td>2<\/td><\/tr><tr><td>HOSPITAL MESTRE VITALINO \u2013 CARUARU<\/td><td>2<\/td><\/tr><tr><td>HOSPITAL MIGUEL ARRAES<\/td><td>1<\/td><\/tr><tr><td>HOSPITAL REGIONAL RUY DE BARROS CORREIA \u2013 ARCOVERDE<\/td><td>1<\/td><\/tr><tr><td>HOSPITAL SANTA JOANA RECIFE<\/td><td>1<\/td><\/tr><tr><td>HOSPITAL UNIMED RECIFE III&nbsp;<\/td><td>3<\/td><\/tr><tr><td>INSTITUTO DE MEDICINA INTEGRAL PROF FERNANDO FIGUEIRA \u2013 IMIP<\/td><td>2<\/td><\/tr><tr><td>REAL HOSPITAL PORTUGU\u00caS DE BENEFIC\u00caNCIA EM PERNAMBUCO<\/td><td>3<\/td><\/tr><\/tbody><\/table><\/figure>\n\n\n\n<h3 class=\"wp-block-heading\"><span class=\"ez-toc-section\" id=\"Medicina_Nuclear\"><\/span><strong>Medicina Nuclear<\/strong><span class=\"ez-toc-section-end\"><\/span><\/h3>\n\n\n\n<figure class=\"wp-block-table\"><table class=\"has-fixed-layout\"><tbody><tr><td><strong>Institui\u00e7\u00e3o<\/strong><\/td><td><strong>Vagas AC<\/strong><\/td><\/tr><tr><td>INSTITUTO DE MEDICINA INTEGRAL PROF FERNANDO FIGUEIRA \u2013 IMIP<\/td><td>0<\/td><\/tr><tr><td>REAL HOSPITAL PORTUGU\u00caS DE BENEFIC\u00caNCIA EM PERNAMBUCO<\/td><td>1<\/td><\/tr><\/tbody><\/table><\/figure>\n\n\n\n<h3 class=\"wp-block-heading\"><span class=\"ez-toc-section\" id=\"Neurocirurgia\"><\/span><strong>Neurocirurgia<\/strong><span class=\"ez-toc-section-end\"><\/span><\/h3>\n\n\n\n<figure class=\"wp-block-table\"><table class=\"has-fixed-layout\"><tbody><tr><td><strong>Institui\u00e7\u00e3o<\/strong><\/td><td><strong>Vagas AC<\/strong><\/td><\/tr><tr><td>HOSPITAL DA RESTAURA\u00c7\u00c3O GOV. PAULO GUERRA<\/td><td>2<\/td><\/tr><tr><td>HOSPITAL GET\u00daLIO VARGAS<\/td><td>1<\/td><\/tr><\/tbody><\/table><\/figure>\n\n\n\n<h3 class=\"wp-block-heading\"><span class=\"ez-toc-section\" id=\"Neurologia\"><\/span><strong>Neurologia<\/strong><span class=\"ez-toc-section-end\"><\/span><\/h3>\n\n\n\n<figure class=\"wp-block-table\"><table class=\"has-fixed-layout\"><tbody><tr><td><strong>Institui\u00e7\u00e3o<\/strong><\/td><td><strong>Vagas AC<\/strong><\/td><\/tr><tr><td>HOSPITAL DA RESTAURA\u00c7\u00c3O GOV. PAULO GUERRA<\/td><td>3<\/td><\/tr><tr><td>HOSPITAL METROPOLITANO OESTE PEL\u00d3PIDAS SILVEIRA<\/td><td>3<\/td><\/tr><tr><td>REAL HOSPITAL PORTUGU\u00caS DE BENEFIC\u00caNCIA EM PERNAMBUCO<\/td><td>2<\/td><\/tr><tr><td>HOSPITAL MESTRE VITALINO \u2013 CARUARU<\/td><td>2<\/td><\/tr><tr><td>FCM\/UPE \u2013 UNIVERSIDADE DE PERNAMBUCO CAMPUS RECIFE<\/td><td>3<\/td><\/tr><\/tbody><\/table><\/figure>\n\n\n\n<h3 class=\"wp-block-heading\"><span class=\"ez-toc-section\" id=\"Ginecologia_e_Obstetricia\"><\/span><strong>Ginecologia e Obstetr\u00edcia<\/strong><span class=\"ez-toc-section-end\"><\/span><\/h3>\n\n\n\n<figure class=\"wp-block-table\"><table class=\"has-fixed-layout\"><tbody><tr><td><strong>Institui\u00e7\u00e3o<\/strong><\/td><td><strong>Vagas AC<\/strong><\/td><\/tr><tr><td>AFYA \u2013 FACULDADE DE CI\u00caNCIAS M\u00c9DICAS DE JABOAT\u00c3O DOS GUARARAPE<\/td><td>4<\/td><\/tr><tr><td>HOSPITAL DOM MALAN \u2013 PETROLINA<\/td><td>4<\/td><\/tr><tr><td>HOSPITAL AGAMENON MAGALH\u00c3ES<\/td><td>4<\/td><\/tr><tr><td>FIUSA EDUCACIONAL FACULDADE PARA\u00cdSO \u2013 ARARIPINA<\/td><td>2<\/td><\/tr><tr><td>FITS \u2013 FACULDADE INTEGRADA TIRADENTES \u2013 GOIANA<\/td><td>1<\/td><\/tr><tr><td>HOSPITAL REGIONAL EM\u00cdLIA C\u00c2MARA \u2013 AFOGADOS DA INGAZEIRA<\/td><td>2<\/td><\/tr><tr><td>HOSPITAL BAR\u00c3O DE LUCENA<\/td><td>6<\/td><\/tr><tr><td>HOSPITAL DA MULHER DO RECIFE \u2013 HMR&nbsp;<\/td><td>3<\/td><\/tr><tr><td>INSTITUTO DE MEDICINA INTEGRAL PROF FERNANDO FIGUEIRA \u2013 IMIP<\/td><td>8<\/td><\/tr><tr><td>N\u00daCLEO DE CI\u00caNCIAS DA VIDA \/ NCV-UFPE CARUARU<\/td><td>5<\/td><\/tr><tr><td>FCM\/UPE \u2013 UNIVERSIDADE DE PERNAMBUCO CAMPUS RECIFE<\/td><td>7<\/td><\/tr><\/tbody><\/table><\/figure>\n\n\n\n<h3 class=\"wp-block-heading\"><span class=\"ez-toc-section\" id=\"Oftalmologia\"><\/span><strong>Oftalmologia<\/strong><span class=\"ez-toc-section-end\"><\/span><\/h3>\n\n\n\n<figure class=\"wp-block-table\"><table class=\"has-fixed-layout\"><tbody><tr><td><strong>Institui\u00e7\u00e3o<\/strong><\/td><td><strong>Vagas AC<\/strong><\/td><\/tr><tr><td>FUNDA\u00c7\u00c3O ALTINO VENTURA<\/td><td>5<\/td><\/tr><tr><td>HOSPITAL DE OLHOS SANTA LUZIA<\/td><td>1<\/td><\/tr><tr><td>SEOPE \u2013 SERVI\u00c7O OFTALMOL\u00d3GICO DE PERNAMBUCO&nbsp;<\/td><td>3<\/td><\/tr><\/tbody><\/table><\/figure>\n\n\n\n<h3 class=\"wp-block-heading\"><span class=\"ez-toc-section\" id=\"Ortopedia_e_Traumatologia\"><\/span><strong>Ortopedia e Traumatologia<\/strong><span class=\"ez-toc-section-end\"><\/span><\/h3>\n\n\n\n<figure class=\"wp-block-table\"><table class=\"has-fixed-layout\"><tbody><tr><td><strong>Institui\u00e7\u00e3o<\/strong><\/td><td><strong>Vagas AC<\/strong><\/td><\/tr><tr><td>HOSPITAL DA RESTAURA\u00c7\u00c3O GOV. PAULO GUERRA<\/td><td>3<\/td><\/tr><tr><td>HOSPITAL DOM H\u00c9LDER C\u00c2MARA&nbsp;<\/td><td>3<\/td><\/tr><tr><td>HOSPITAL GET\u00daLIO VARGAS&nbsp;<\/td><td>2<\/td><\/tr><tr><td>INSTITUTO ALCIDES DE ANDRADE LIMA \u2013 HOSPITAL MEMORIAL JABOAT\u00c3O<\/td><td>2<\/td><\/tr><tr><td>HOSPITAL JESUS PEQUENINO \u2013 BEZERROS<\/td><td>2<\/td><\/tr><tr><td>HOSPITAL OT\u00c1VIO DE FREITAS<\/td><td>2<\/td><\/tr><tr><td>HOSPITAL REGIONAL DO AGRESTE \u2013 CARUARU<\/td><td>2<\/td><\/tr><tr><td>HOSPITAL REGIONAL RUY DE BARROS CORREIA \u2013 ARCOVERDE&nbsp;<\/td><td>2<\/td><\/tr><tr><td>HOSPITAL SANTA CASA DE MISERIC\u00d3RDIA DO RECIFE<\/td><td>2<\/td><\/tr><tr><td>INSTITUTO DE MEDICINA INTEGRAL PROF FERNANDO FIGUEIRA \u2013 IMIP<\/td><td>4<\/td><\/tr><tr><td>REAL HOSPITAL PORTUGU\u00caS DE BENEFIC\u00caNCIA EM PERNAMBUCO&nbsp;<\/td><td>2<\/td><\/tr><\/tbody><\/table><\/figure>\n\n\n\n<h3 class=\"wp-block-heading\"><span class=\"ez-toc-section\" id=\"Otorrinolaringologia\"><\/span><strong>Otorrinolaringologia<\/strong><span class=\"ez-toc-section-end\"><\/span><\/h3>\n\n\n\n<figure class=\"wp-block-table\"><table class=\"has-fixed-layout\"><tbody><tr><td><strong>Institui\u00e7\u00e3o<\/strong><\/td><td><strong>Vagas AC<\/strong><\/td><\/tr><tr><td>HOSPITAL AGAMENON MAGALH\u00c3ES<\/td><td>1<\/td><\/tr><tr><td>INSTITUTO DE MEDICINA INTEGRAL PROF FERNANDO FIGUEIRA \u2013 IMIP&nbsp;<\/td><td>1<\/td><\/tr><\/tbody><\/table><\/figure>\n\n\n\n<h3 class=\"wp-block-heading\"><span class=\"ez-toc-section\" id=\"Patologia\"><\/span><strong>Patologia<\/strong><span class=\"ez-toc-section-end\"><\/span><\/h3>\n\n\n\n<figure class=\"wp-block-table\"><table class=\"has-fixed-layout\"><tbody><tr><td><strong>Institui\u00e7\u00e3o<\/strong><\/td><td><strong>Vagas AC<\/strong><\/td><\/tr><tr><td>HOSPITAL DE C\u00c2NCER DE PERNAMBUCO<\/td><td>0<\/td><\/tr><tr><td>INSTITUTO DE MEDICINA INTEGRAL PROF FERNANDO FIGUEIRA \u2013 IMIP<\/td><td>1<\/td><\/tr><\/tbody><\/table><\/figure>\n\n\n\n<h3 class=\"wp-block-heading\"><span class=\"ez-toc-section\" id=\"Pediatria\"><\/span><strong>Pediatria<\/strong><span class=\"ez-toc-section-end\"><\/span><\/h3>\n\n\n\n<figure class=\"wp-block-table\"><table class=\"has-fixed-layout\"><tbody><tr><td><strong>Institui\u00e7\u00e3o<\/strong><\/td><td><strong>Vagas AC<\/strong><\/td><\/tr><tr><td>AFYA \u2013 FACULDADE DE CI\u00caNCIAS M\u00c9DICAS DE JABOAT\u00c3O DOS GUARARAPES<\/td><td>3<\/td><\/tr><tr><td>HOSPITAL DOM MALAN \u2013 PETROLINA<\/td><td>6<\/td><\/tr><tr><td>HOSPITAL BAR\u00c3O DE LUCENA<\/td><td>6<\/td><\/tr><tr><td>HOSPITAL INFANTIL MARIA LUCINDA<\/td><td>3<\/td><\/tr><tr><td>FITS \u2013 FACULDADE INTEGRADA TIRADENTES \u2013 GOIANA&nbsp;<\/td><td>2<\/td><\/tr><tr><td>FIUSA EDUCACIONAL FACULDADE PARA\u00cdSO \u2013 ARARIPINA<\/td><td>1<\/td><\/tr><tr><td>REAL HOSPITAL PORTUGU\u00caS DE BENEFIC\u00caNCIA EM PERNAMBUCO&nbsp;<\/td><td>4<\/td><\/tr><tr><td>INSTITUTO DE MEDICINA INTEGRAL PROF FERNANDO FIGUEIRA \u2013 IMIP<\/td><td>10<\/td><\/tr><tr><td>N\u00daCLEO DE CI\u00caNCIAS DA VIDA \/ NCV-UFPE CARUARU<\/td><td>3<\/td><\/tr><tr><td>COREME SES \u2013 SECRETARIA ESTADUAL DE SA\u00daDE DE PERNAMBUCO<\/td><td>6<\/td><\/tr><tr><td>FCM\/UPE \u2013 UNIVERSIDADE DE PERNAMBUCO CAMPUS RECIFE<\/td><td>4<\/td><\/tr><\/tbody><\/table><\/figure>\n\n\n\n<h3 class=\"wp-block-heading\"><span class=\"ez-toc-section\" id=\"Psiquiatria\"><\/span><strong>Psiquiatria<\/strong><span class=\"ez-toc-section-end\"><\/span><\/h3>\n\n\n\n<figure class=\"wp-block-table\"><table class=\"has-fixed-layout\"><tbody><tr><td><strong>Institui\u00e7\u00e3o<\/strong><\/td><td><strong>Vagas AC<\/strong><\/td><\/tr><tr><td>HOSPITAL PSIQUI\u00c1TRICO ULYSSES PERNAMBUCANO<\/td><td>3<\/td><\/tr><tr><td>INSTITUTO DE MEDICINA INTEGRAL PROF FERNANDO FIGUEIRA \u2013 IMIP<\/td><td>3<\/td><\/tr><tr><td>N\u00daCLEO DE CI\u00caNCIAS DA VIDA \/ NCV-UFPE CARUARU&nbsp;<\/td><td>2<\/td><\/tr><tr><td>PREFEITURA DO RECIFE \u2013 FUNDO MUNICIPAL DE SA\u00daDE<\/td><td>3<\/td><\/tr><\/tbody><\/table><\/figure>\n\n\n\n<h3 class=\"wp-block-heading\"><span class=\"ez-toc-section\" id=\"Radiologia_e_Diagnostico_Por_Imagem\"><\/span><strong>Radiologia e Diagn\u00f3stico Por Imagem<\/strong><span class=\"ez-toc-section-end\"><\/span><\/h3>\n\n\n\n<figure class=\"wp-block-table\"><table class=\"has-fixed-layout\"><tbody><tr><td><strong>Institui\u00e7\u00e3o<\/strong><\/td><td><strong>Vagas AC<\/strong><\/td><\/tr><tr><td>HOSPITAL BAR\u00c3O DE LUCENA<\/td><td>4<\/td><\/tr><tr><td>HOSPITAL DA MULHER DO RECIFE \u2013 HMR<\/td><td>2<\/td><\/tr><tr><td>HOSPITAL DA RESTAURA\u00c7\u00c3O GOV. PAULO GUERRA<\/td><td>2<\/td><\/tr><tr><td>HOSPITAL GET\u00daLIO VARGAS<\/td><td>2<\/td><\/tr><tr><td>INSTITUTO DE MEDICINA INTEGRAL PROF FERNANDO FIGUEIRA \u2013 IMIP<\/td><td>2<\/td><\/tr><\/tbody><\/table><\/figure>\n\n\n\n<h3 class=\"wp-block-heading\"><span class=\"ez-toc-section\" id=\"Radioterapia\"><\/span><strong>Radioterapia<\/strong><span class=\"ez-toc-section-end\"><\/span><\/h3>\n\n\n\n<figure class=\"wp-block-table\"><table class=\"has-fixed-layout\"><tbody><tr><td><strong>Institui\u00e7\u00e3o<\/strong><\/td><td><strong>Vagas AC<\/strong><\/td><\/tr><tr><td>INSTITUTO DE MEDICINA INTEGRAL PROF FERNANDO FIGUEIRA \u2013 IMIP<\/td><td>1<\/td><\/tr><\/tbody><\/table><\/figure>\n\n\n\n<h3 class=\"wp-block-heading\"><span class=\"ez-toc-section\" id=\"Cardiologia\"><\/span><strong>Cardiologia<\/strong><span class=\"ez-toc-section-end\"><\/span><\/h3>\n\n\n\n<figure class=\"wp-block-table\"><table class=\"has-fixed-layout\"><tbody><tr><td><strong>Institui\u00e7\u00e3o<\/strong><\/td><td><strong>Vagas AC<\/strong><\/td><\/tr><tr><td>HOSPITAL AGAMENON MAGALH\u00c3ES&nbsp;<\/td><td>6<\/td><\/tr><tr><td>HOSPITAL DOM H\u00c9LDER C\u00c2MARA<\/td><td>2<\/td><\/tr><tr><td>HOSPITAL MESTRE VITALINO \u2013 CARUARU<\/td><td>4<\/td><\/tr><tr><td>INSTITUTO DE MEDICINA INTEGRAL PROF FERNANDO FIGUEIRA \u2013 IMIP&nbsp;<\/td><td>3<\/td><\/tr><tr><td>REAL HOSPITAL PORTUGU\u00caS DE BENEFIC\u00caNCIA EM PERNAMBUCO&nbsp;<\/td><td>1<\/td><\/tr><tr><td>FCM\/UPE \u2013 UNIVERSIDADE DE PERNAMBUCO CAMPUS RECIFE<\/td><td>12<\/td><\/tr><\/tbody><\/table><\/figure>\n\n\n\n<h3 class=\"wp-block-heading\"><span class=\"ez-toc-section\" id=\"Endocrinologia_e_Metabologia\"><\/span><strong>Endocrinologia e Metabologia<\/strong><span class=\"ez-toc-section-end\"><\/span><\/h3>\n\n\n\n<figure class=\"wp-block-table\"><table class=\"has-fixed-layout\"><tbody><tr><td><strong>Institui\u00e7\u00e3o<\/strong><\/td><td><strong>Vagas AC<\/strong><\/td><\/tr><tr><td>HOSPITAL AGAMENON MAGALH\u00c3ES<\/td><td>2<\/td><\/tr><tr><td>INSTITUTO DE MEDICINA INTEGRAL PROF FERNANDO FIGUEIRA \u2013 IMIP<\/td><td>2<\/td><\/tr><\/tbody><\/table><\/figure>\n\n\n\n<h3 class=\"wp-block-heading\"><span class=\"ez-toc-section\" id=\"Gastroenterologia\"><\/span><strong>Gastroenterologia<\/strong><span class=\"ez-toc-section-end\"><\/span><\/h3>\n\n\n\n<figure class=\"wp-block-table\"><table class=\"has-fixed-layout\"><tbody><tr><td><strong>Institui\u00e7\u00e3o<\/strong><\/td><td><strong>Vagas AC<\/strong><\/td><\/tr><tr><td>REAL HOSPITAL PORTUGU\u00caS DE BENEFIC\u00caNCIA EM PERNAMBUCO<\/td><td>1<\/td><\/tr><tr><td>FCM\/UPE \u2013 UNIVERSIDADE DE PERNAMBUCO CAMPUS RECIFE<\/td><td>1<\/td><\/tr><\/tbody><\/table><\/figure>\n\n\n\n<h3 class=\"wp-block-heading\"><span class=\"ez-toc-section\" id=\"Geriatria\"><\/span><strong>Geriatria<\/strong><span class=\"ez-toc-section-end\"><\/span><\/h3>\n\n\n\n<figure class=\"wp-block-table\"><table class=\"has-fixed-layout\"><tbody><tr><td><strong>Institui\u00e7\u00e3o<\/strong><\/td><td><strong>Vagas AC<\/strong><\/td><\/tr><tr><td>HOSPITAL ALFA<\/td><td>1<\/td><\/tr><tr><td>HOSPITAL GET\u00daLIO VARGAS<\/td><td>1<\/td><\/tr><tr><td>HOSPITAL DOS SERVIDORES DO ESTADO DE PERNAMBUCO<\/td><td>1<\/td><\/tr><tr><td>INSTITUTO DE MEDICINA INTEGRAL PROF FERNANDO FIGUEIRA \u2013 IMIP&nbsp;<\/td><td>2<\/td><\/tr><tr><td>PREFEITURA DO RECIFE \u2013 FUNDO MUNICIPAL DE SA\u00daDE \u2013 HOSPITAL EDUARDO CAMPOS DA PESSOA IDOSA<\/td><td>2<\/td><\/tr><tr><td>REAL HOSPITAL PORTUGU\u00caS DE BENEFIC\u00caNCIA EM PERNAMBUCO<\/td><td>2<\/td><\/tr><tr><td>FCM\/UPE \u2013 UNIVERSIDADE DE PERNAMBUCO CAMPUS RECIFE<\/td><td>2<\/td><\/tr><\/tbody><\/table><\/figure>\n\n\n\n<h3 class=\"wp-block-heading\"><span class=\"ez-toc-section\" id=\"Hematologia_e_Hemoterapia\"><\/span><strong>Hematologia e Hemoterapia<\/strong><span class=\"ez-toc-section-end\"><\/span><\/h3>\n\n\n\n<figure class=\"wp-block-table\"><table class=\"has-fixed-layout\"><tbody><tr><td><strong>Institui\u00e7\u00e3o<\/strong><\/td><td><strong>Vagas AC<\/strong><\/td><\/tr><tr><td>HEMOPE \u2013 FUNDA\u00c7\u00c3O DE HEMATOLOGIA E HEMOTERAPIA DE PERNAMBUCO<\/td><td>2<\/td><\/tr><tr><td>INSTITUTO DE MEDICINA INTEGRAL PROF FERNANDO FIGUEIRA \u2013 IMIP&nbsp;<\/td><td>2<\/td><\/tr><\/tbody><\/table><\/figure>\n\n\n\n<h3 class=\"wp-block-heading\"><span class=\"ez-toc-section\" id=\"Nefrologia\"><\/span><strong>Nefrologia<\/strong><span class=\"ez-toc-section-end\"><\/span><\/h3>\n\n\n\n<figure class=\"wp-block-table\"><table class=\"has-fixed-layout\"><tbody><tr><td><strong>Institui\u00e7\u00e3o<\/strong><\/td><td><strong>Vagas AC<\/strong><\/td><\/tr><tr><td>INSTITUTO DE MEDICINA INTEGRAL PROF FERNANDO FIGUEIRA \u2013 IMIP<\/td><td>2<\/td><\/tr><tr><td>HOSPITAL MESTRE VITALINO \u2013 CARUARU<\/td><td>1<\/td><\/tr><tr><td>REAL HOSPITAL PORTUGU\u00caS DE BENEFIC\u00caNCIA EM PERNAMBUCO<\/td><td>3<\/td><\/tr><\/tbody><\/table><\/figure>\n\n\n\n<h3 class=\"wp-block-heading\"><span class=\"ez-toc-section\" id=\"Oncologia_Clinica\"><\/span><strong>Oncologia Cl\u00ednica<\/strong><span class=\"ez-toc-section-end\"><\/span><\/h3>\n\n\n\n<figure class=\"wp-block-table\"><table class=\"has-fixed-layout\"><tbody><tr><td><strong>Institui\u00e7\u00e3o<\/strong><\/td><td><strong>Vagas AC<\/strong><\/td><\/tr><tr><td>HOSPITAL DE C\u00c2NCER DE PERNAMBUCO<\/td><td>1<\/td><\/tr><tr><td>HOSPITAL SANTA JOANA RECIFE<\/td><td>2<\/td><\/tr><tr><td>INSTITUTO DE MEDICINA INTEGRAL PROF FERNANDO FIGUEIRA \u2013 IMIP<\/td><td>1<\/td><\/tr><tr><td>FCM\/UPE \u2013 UNIVERSIDADE DE PERNAMBUCO CAMPUS RECIFE<\/td><td>1<\/td><\/tr><tr><td>REAL HOSPITAL PORTUGU\u00caS DE BENEFIC\u00caNCIA EM PERNAMBUCO<\/td><td>2<\/td><\/tr><\/tbody><\/table><\/figure>\n\n\n\n<h3 class=\"wp-block-heading\"><span class=\"ez-toc-section\" id=\"Pneumologia\"><\/span><strong>Pneumologia<\/strong><span class=\"ez-toc-section-end\"><\/span><\/h3>\n\n\n\n<figure class=\"wp-block-table\"><table class=\"has-fixed-layout\"><tbody><tr><td><strong>Institui\u00e7\u00e3o<\/strong><\/td><td><strong>Vagas AC<\/strong><\/td><\/tr><tr><td>HOSPITAL ALFA&nbsp;<\/td><td>1<\/td><\/tr><tr><td>HOSPITAL OT\u00c1VIO DE FREITAS<\/td><td>2<\/td><\/tr><tr><td>INSTITUTO DE MEDICINA INTEGRAL PROF FERNANDO FIGUEIRA \u2013 IMIP<\/td><td>1<\/td><\/tr><tr><td>FCM\/UPE \u2013 UNIVERSIDADE DE PERNAMBUCO CAMPUS RECIFE<\/td><td>2<\/td><\/tr><\/tbody><\/table><\/figure>\n\n\n\n<h3 class=\"wp-block-heading\"><span class=\"ez-toc-section\" id=\"R3_Clinica_Medica_%E2%80%93_Area_de_Atuacao\"><\/span><strong>R3 Cl\u00ednica M\u00e9dica \u2013 \u00c1rea de Atua\u00e7\u00e3o<\/strong><span class=\"ez-toc-section-end\"><\/span><\/h3>\n\n\n\n<figure class=\"wp-block-table\"><table class=\"has-fixed-layout\"><tbody><tr><td><strong>Institui\u00e7\u00e3o<\/strong><\/td><td><strong>Vagas AC<\/strong><\/td><\/tr><tr><td>HOSPITAL GET\u00daLIO VARGAS<\/td><td>1<\/td><\/tr><tr><td>HOSPITAL ALFA<\/td><td>0<\/td><\/tr><tr><td>HOSPITAL DOS SERVIDORES DO ESTADO DE PERNAMBUCO<\/td><td>1<\/td><\/tr><tr><td>HOSPITAL MESTRE VITALINO \u2013 CARUARU&nbsp;<\/td><td>1<\/td><\/tr><tr><td>INSTITUTO DE MEDICINA INTEGRAL PROF FERNANDO FIGUEIRA \u2013 IMIP<\/td><td>1<\/td><\/tr><tr><td>REAL HOSPITAL PORTUGU\u00caS DE BENEFIC\u00caNCIA EM PERNAMBUCO<\/td><td>1<\/td><\/tr><\/tbody><\/table><\/figure>\n\n\n\n<h3 class=\"wp-block-heading\"><span class=\"ez-toc-section\" id=\"Cirurgia_do_Aparelho_Digestivo\"><\/span><strong>Cirurgia do Aparelho Digestivo<\/strong><span class=\"ez-toc-section-end\"><\/span><\/h3>\n\n\n\n<figure class=\"wp-block-table\"><table class=\"has-fixed-layout\"><tbody><tr><td><strong>Institui\u00e7\u00e3o<\/strong><\/td><td><strong>Vagas AC<\/strong><\/td><\/tr><tr><td>HOSPITAL GET\u00daLIO VARGAS<\/td><td>0<\/td><\/tr><tr><td>INSTITUTO DE MEDICINA INTEGRAL PROF FERNANDO FIGUEIRA \u2013 IMIP<\/td><td>1<\/td><\/tr><tr><td>FCM\/UPE \u2013 UNIVERSIDADE DE PERNAMBUCO CAMPUS RECIFE<\/td><td>1<\/td><\/tr><\/tbody><\/table><\/figure>\n\n\n\n<h3 class=\"wp-block-heading\"><span class=\"ez-toc-section\" id=\"Cirurgia_Pediatrica\"><\/span><strong>Cirurgia Pedi\u00e1trica<\/strong><span class=\"ez-toc-section-end\"><\/span><\/h3>\n\n\n\n<figure class=\"wp-block-table\"><table class=\"has-fixed-layout\"><tbody><tr><td><strong>Institui\u00e7\u00e3o<\/strong><\/td><td><strong>Vagas AC<\/strong><\/td><\/tr><tr><td>INSTITUTO DE MEDICINA INTEGRAL PROF FERNANDO FIGUEIRA \u2013 IMIP<\/td><td>1<\/td><\/tr><tr><td>HOSPITAL INFANTIL MARIA LUCINDA<\/td><td>1<\/td><\/tr><\/tbody><\/table><\/figure>\n\n\n\n<h3 class=\"wp-block-heading\"><span class=\"ez-toc-section\" id=\"Cirurgia_Plastica\"><\/span><strong>Cirurgia Pl\u00e1stica<\/strong><span class=\"ez-toc-section-end\"><\/span><\/h3>\n\n\n\n<figure class=\"wp-block-table\"><table class=\"has-fixed-layout\"><tbody><tr><td><strong>Institui\u00e7\u00e3o<\/strong><\/td><td><strong>Vagas AC<\/strong><\/td><\/tr><tr><td>HOSPITAL AGAMENON MAGALH\u00c3ES&nbsp;<\/td><td>1<\/td><\/tr><tr><td>INSTITUTO DE MEDICINA INTEGRAL PROF FERNANDO FIGUEIRA \u2013 IMIP<\/td><td>1<\/td><\/tr><\/tbody><\/table><\/figure>\n\n\n\n<h3 class=\"wp-block-heading\"><span class=\"ez-toc-section\" id=\"Cirurgia_Toracica\"><\/span><strong>Cirurgia Tor\u00e1cica<\/strong><span class=\"ez-toc-section-end\"><\/span><\/h3>\n\n\n\n<figure class=\"wp-block-table\"><table class=\"has-fixed-layout\"><tbody><tr><td><strong>Institui\u00e7\u00e3o<\/strong><\/td><td><strong>Vagas AC<\/strong><\/td><\/tr><tr><td>FCM\/UPE \u2013 UNIVERSIDADE DE PERNAMBUCO CAMPUS RECIFE<\/td><td>0<\/td><\/tr><tr><td>INSTITUTO DE MEDICINA INTEGRAL PROF FERNANDO FIGUEIRA \u2013 IMIP<\/td><td>1<\/td><\/tr><\/tbody><\/table><\/figure>\n\n\n\n<h3 class=\"wp-block-heading\"><span class=\"ez-toc-section\" id=\"Cirurgia_Vascular\"><\/span><strong>Cirurgia Vascular<\/strong><span class=\"ez-toc-section-end\"><\/span><\/h3>\n\n\n\n<figure class=\"wp-block-table\"><table class=\"has-fixed-layout\"><tbody><tr><td><strong>Institui\u00e7\u00e3o<\/strong><\/td><td><strong>Vagas AC<\/strong><\/td><\/tr><tr><td>HOSPITAL AGAMENON MAGALH\u00c3ES<\/td><td>1<\/td><\/tr><tr><td>HOSPITAL BAR\u00c3O DE LUCENA<\/td><td>2<\/td><\/tr><tr><td>HOSPITAL DA RESTAURA\u00c7\u00c3O GOV. PAULO GUERRA<\/td><td>2<\/td><\/tr><tr><td>HOSPITAL GET\u00daLIO VARGAS<\/td><td>2<\/td><\/tr><tr><td>INSTITUTO DE MEDICINA INTEGRAL PROF FERNANDO FIGUEIRA \u2013 IMIP<\/td><td>2<\/td><\/tr><tr><td>REAL HOSPITAL PORTUGU\u00caS DE BENEFIC\u00caNCIA EM PERNAMBUCO<\/td><td>1<\/td><\/tr><\/tbody><\/table><\/figure>\n\n\n\n<h3 class=\"wp-block-heading\"><span class=\"ez-toc-section\" id=\"Coloproctologia\"><\/span><strong>Coloproctologia<\/strong><span class=\"ez-toc-section-end\"><\/span><\/h3>\n\n\n\n<figure class=\"wp-block-table\"><table class=\"has-fixed-layout\"><tbody><tr><td><strong>Institui\u00e7\u00e3o<\/strong><\/td><td><strong>Vagas AC<\/strong><\/td><\/tr><tr><td>HOSPITAL BAR\u00c3O DE LUCENA&nbsp;<\/td><td>2<\/td><\/tr><\/tbody><\/table><\/figure>\n\n\n\n<h3 class=\"wp-block-heading\"><span class=\"ez-toc-section\" id=\"Oncologia_Cirurgica\"><\/span><strong>Oncologia Cir\u00fargica<\/strong><span class=\"ez-toc-section-end\"><\/span><\/h3>\n\n\n\n<figure class=\"wp-block-table\"><table class=\"has-fixed-layout\"><tbody><tr><td><strong>Institui\u00e7\u00e3o<\/strong><\/td><td><strong>Vagas AC<\/strong><\/td><\/tr><tr><td>HOSPITAL DE C\u00c2NCER DE PERNAMBUC<\/td><td>1<\/td><\/tr><tr><td>INSTITUTO DE MEDICINA INTEGRAL PROF FERNANDO FIGUEIRA \u2013 IMIP<\/td><td>1<\/td><\/tr><tr><td>FCM\/UPE \u2013 UNIVERSIDADE DE PERNAMBUCO CAMPUS RECIFE<\/td><td>2<\/td><\/tr><\/tbody><\/table><\/figure>\n\n\n\n<h3 class=\"wp-block-heading\"><span class=\"ez-toc-section\" id=\"Urologia\"><\/span><strong>Urologia<\/strong><span class=\"ez-toc-section-end\"><\/span><\/h3>\n\n\n\n<figure class=\"wp-block-table\"><table class=\"has-fixed-layout\"><tbody><tr><td><strong>Institui\u00e7\u00e3o<\/strong><\/td><td><strong>Vagas AC<\/strong><\/td><\/tr><tr><td>HOSPITAL GET\u00daLIO VARGAS<\/td><td>1<\/td><\/tr><tr><td>HOSPITAL OT\u00c1VIO DE FREITA<\/td><td>1<\/td><\/tr><tr><td>INSTITUTO DE MEDICINA INTEGRAL PROF FERNANDO FIGUEIRA \u2013 IMIP<\/td><td>2<\/td><\/tr><tr><td>FCM\/UPE \u2013 UNIVERSIDADE DE PERNAMBUCO CAMPUS RECIFE<\/td><td>2<\/td><\/tr><\/tbody><\/table><\/figure>\n\n\n\n<h3 class=\"wp-block-heading\"><span class=\"ez-toc-section\" id=\"Cardiologia_Pediatrica\"><\/span><strong>Cardiologia Pedi\u00e1trica<\/strong><span class=\"ez-toc-section-end\"><\/span><\/h3>\n\n\n\n<figure class=\"wp-block-table\"><table class=\"has-fixed-layout\"><tbody><tr><td><strong>Institui\u00e7\u00e3o<\/strong><\/td><td><strong>Vagas AC<\/strong><\/td><\/tr><tr><td>INSTITUTO DE MEDICINA INTEGRAL PROF FERNANDO FIGUEIRA \u2013 IMIP<\/td><td>1<\/td><\/tr><tr><td>REAL HOSPITAL PORTUGU\u00caS DE BENEFIC\u00caNCIA EM PERNAMBUCO<\/td><td>1<\/td><\/tr><tr><td>FCM\/UPE \u2013 UNIVERSIDADE DE PERNAMBUCO CAMPUS RECIFE<\/td><td>2<\/td><\/tr><\/tbody><\/table><\/figure>\n\n\n\n<h3 class=\"wp-block-heading\"><span class=\"ez-toc-section\" id=\"Gastroenterologia_Pediatrica\"><\/span><strong>Gastroenterologia Pedi\u00e1trica<\/strong><span class=\"ez-toc-section-end\"><\/span><\/h3>\n\n\n\n<figure class=\"wp-block-table\"><table class=\"has-fixed-layout\"><tbody><tr><td><strong>Institui\u00e7\u00e3o<\/strong><\/td><td><strong>Vagas AC<\/strong><\/td><\/tr><tr><td>INSTITUTO DE MEDICINA INTEGRAL PROF FERNANDO FIGUEIRA \u2013 IMIP<\/td><td>1<\/td><\/tr><\/tbody><\/table><\/figure>\n\n\n\n<h3 class=\"wp-block-heading\"><span class=\"ez-toc-section\" id=\"Hematologia_e_Hemoterapia_Pediatrica\"><\/span><strong>Hematologia e Hemoterapia Pedi\u00e1trica<\/strong><span class=\"ez-toc-section-end\"><\/span><\/h3>\n\n\n\n<figure class=\"wp-block-table\"><table class=\"has-fixed-layout\"><tbody><tr><td><strong>Institui\u00e7\u00e3o<\/strong><\/td><td><strong>Vagas AC<\/strong><\/td><\/tr><tr><td>HEMOPE \u2013 FUNDA\u00c7\u00c3O DE HEMATOLOGIA E HEMOTERAPIA DE PERNAMBUCO<\/td><td>1<\/td><\/tr><\/tbody><\/table><\/figure>\n\n\n\n<h3 class=\"wp-block-heading\"><span class=\"ez-toc-section\" id=\"Infectologia_Pediatrica\"><\/span><strong>Infectologia Pedi\u00e1trica<\/strong><span class=\"ez-toc-section-end\"><\/span><\/h3>\n\n\n\n<figure class=\"wp-block-table\"><table class=\"has-fixed-layout\"><tbody><tr><td><strong>Institui\u00e7\u00e3o<\/strong><\/td><td><strong>Vagas AC<\/strong><\/td><\/tr><tr><td>FCM\/UPE \u2013 UNIVERSIDADE DE PERNAMBUCO CAMPUS RECIFE<\/td><td>1<\/td><\/tr><\/tbody><\/table><\/figure>\n\n\n\n<h3 class=\"wp-block-heading\"><span class=\"ez-toc-section\" id=\"Medicina_Intensiva_Pediatrica\"><\/span><strong>Medicina Intensiva Pedi\u00e1trica<\/strong><span class=\"ez-toc-section-end\"><\/span><\/h3>\n\n\n\n<figure class=\"wp-block-table\"><table class=\"has-fixed-layout\"><tbody><tr><td><strong>Institui\u00e7\u00e3o<\/strong><\/td><td><strong>Vagas AC<\/strong><\/td><\/tr><tr><td>HOSPITAL ESPERAN\u00c7A \u2013 RECIFE<\/td><td>1<\/td><\/tr><tr><td>HOSPITAL BAR\u00c3O DE LUCENA<\/td><td>1<\/td><\/tr><tr><td>HOSPITAL INFANTIL MARIA LUCINDA<\/td><td>1<\/td><\/tr><tr><td>HOSPITAL DOM MALAN \u2013 PETROLINA&nbsp;<\/td><td>1<\/td><\/tr><tr><td>HOSPITAL MESTRE VITALINO \u2013 CARUARU<\/td><td>1<\/td><\/tr><tr><td>INSTITUTO DE MEDICINA INTEGRAL PROF FERNANDO FIGUEIRA \u2013 IMIP&nbsp;<\/td><td>2<\/td><\/tr><\/tbody><\/table><\/figure>\n\n\n\n<h3 class=\"wp-block-heading\"><span class=\"ez-toc-section\" id=\"Nefrologia_Pediatrica\"><\/span><strong>Nefrologia Pedi\u00e1trica<\/strong><span class=\"ez-toc-section-end\"><\/span><\/h3>\n\n\n\n<figure class=\"wp-block-table\"><table class=\"has-fixed-layout\"><tbody><tr><td><strong>Institui\u00e7\u00e3o<\/strong><\/td><td><strong>Vagas AC<\/strong><\/td><\/tr><tr><td>INSTITUTO DE MEDICINA INTEGRAL PROF FERNANDO FIGUEIRA \u2013 IMIP<\/td><td>1<\/td><\/tr><\/tbody><\/table><\/figure>\n\n\n\n<h3 class=\"wp-block-heading\"><span class=\"ez-toc-section\" id=\"Neonatologia\"><\/span><strong>Neonatologia<\/strong><span class=\"ez-toc-section-end\"><\/span><\/h3>\n\n\n\n<figure class=\"wp-block-table\"><table class=\"has-fixed-layout\"><tbody><tr><td><strong>Institui\u00e7\u00e3o<\/strong><\/td><td><strong>Vagas AC<\/strong><\/td><\/tr><tr><td>HOSPITAL AGAMENON MAGALH\u00c3ES<\/td><td>3<\/td><\/tr><tr><td>HOSPITAL BAR\u00c3O DE LUCENA<\/td><td>1<\/td><\/tr><tr><td>HOSPITAL DOM MALAN \u2013 PETROLINA<\/td><td>2<\/td><\/tr><tr><td>HOSPITAL DA MULHER DO RECIFE \u2013 HMR&nbsp;<\/td><td>2<\/td><\/tr><tr><td>INSTITUTO DE MEDICINA INTEGRAL PROF FERNANDO FIGUEIRA \u2013 IMIP<\/td><td>2<\/td><\/tr><tr><td>N\u00daCLEO DE CI\u00caNCIAS DA VIDA \/ NCV-UFPE CARUARU<\/td><td>2<\/td><\/tr><tr><td>COREME SES \u2013 SECRETARIA ESTADUAL DE SA\u00daDE DE PERNAMBUCO<\/td><td>2<\/td><\/tr><\/tbody><\/table><\/figure>\n\n\n\n<h3 class=\"wp-block-heading\"><span class=\"ez-toc-section\" id=\"Pneumologia_Pediatrica\"><\/span><strong>Pneumologia Pedi\u00e1trica<\/strong><span class=\"ez-toc-section-end\"><\/span><\/h3>\n\n\n\n<figure class=\"wp-block-table\"><table class=\"has-fixed-layout\"><tbody><tr><td><strong>Institui\u00e7\u00e3o<\/strong><\/td><td><strong>Vagas AC<\/strong><\/td><\/tr><tr><td>HOSPITAL OT\u00c1VIO DE FREITAS&nbsp;<\/td><td>0<\/td><\/tr><tr><td>INSTITUTO DE MEDICINA INTEGRAL PROF FERNANDO FIGUEIRA \u2013 IMIP<\/td><td>1<\/td><\/tr><\/tbody><\/table><\/figure>\n\n\n\n<h3 class=\"wp-block-heading\"><span class=\"ez-toc-section\" id=\"Cirurgia_da_Mao\"><\/span><strong>Cirurgia da M\u00e3o<\/strong><span class=\"ez-toc-section-end\"><\/span><\/h3>\n\n\n\n<figure class=\"wp-block-table\"><table class=\"has-fixed-layout\"><tbody><tr><td><strong>Institui\u00e7\u00e3o<\/strong><\/td><td><strong>Vagas AC<\/strong><\/td><\/tr><tr><td>HOSPITAL GET\u00daLIO VARGAS<\/td><td>1<\/td><\/tr><tr><td>INSTITUTO DE MEDICINA INTEGRAL PROF FERNANDO FIGUEIRA \u2013 IMIP&nbsp;<\/td><td>1<\/td><\/tr><tr><td>SOS M\u00c3O E ORTOPEDIA&nbsp;<\/td><td>1<\/td><\/tr><\/tbody><\/table><\/figure>\n\n\n\n<h3 class=\"wp-block-heading\"><span class=\"ez-toc-section\" id=\"Angiorradiologia_e_Cirurgia_Endovascular\"><\/span><strong>Angiorradiologia e Cirurgia Endovascular<\/strong><span class=\"ez-toc-section-end\"><\/span><\/h3>\n\n\n\n<figure class=\"wp-block-table\"><table class=\"has-fixed-layout\"><tbody><tr><td><strong>Institui\u00e7\u00e3o<\/strong><\/td><td><strong>Vagas AC<\/strong><\/td><\/tr><tr><td>HOSPITAL DA RESTAURA\u00c7\u00c3O GOV. PAULO GUERRA<\/td><td>1<\/td><\/tr><\/tbody><\/table><\/figure>\n\n\n\n<h3 class=\"wp-block-heading\"><span class=\"ez-toc-section\" id=\"Mastologia\"><\/span><strong>Mastologia<\/strong><span class=\"ez-toc-section-end\"><\/span><\/h3>\n\n\n\n<figure class=\"wp-block-table\"><table class=\"has-fixed-layout\"><tbody><tr><td><strong>Institui\u00e7\u00e3o<\/strong><\/td><td><strong>Vagas AC<\/strong><\/td><\/tr><tr><td>HOSPITAL BAR\u00c3O DE LUCENA<\/td><td>1<\/td><\/tr><tr><td>HOSPITAL DE C\u00c2NCER DE PERNAMBUCO<\/td><td>2<\/td><\/tr><tr><td>INSTITUTO DE MEDICINA INTEGRAL PROF FERNANDO FIGUEIRA \u2013 IMIP<\/td><td>1<\/td><\/tr><tr><td>FCM\/UPE \u2013 UNIVERSIDADE DE PERNAMBUCO CAMPUS RECIFE<\/td><td>1<\/td><\/tr><\/tbody><\/table><\/figure>\n\n\n\n<h3 class=\"wp-block-heading\"><span class=\"ez-toc-section\" id=\"Endoscopia\"><\/span><strong>Endoscopia<\/strong><span class=\"ez-toc-section-end\"><\/span><\/h3>\n\n\n\n<figure class=\"wp-block-table\"><table class=\"has-fixed-layout\"><tbody><tr><td><strong>Institui\u00e7\u00e3o<\/strong><\/td><td><strong>Vagas AC<\/strong><\/td><\/tr><tr><td>HOSPITAL DA RESTAURA\u00c7\u00c3O GOV. PAULO GUERRA<\/td><td>1<\/td><\/tr><tr><td>HOSPITAL MESTRE VITALINO \u2013 CARUARU&nbsp;<\/td><td>0<\/td><\/tr><tr><td>INSTITUTO DE MEDICINA INTEGRAL PROF FERNANDO FIGUEIRA \u2013 IMIP<\/td><td>1<\/td><\/tr><\/tbody><\/table><\/figure>\n\n\n\n<h3 class=\"wp-block-heading\"><span class=\"ez-toc-section\" id=\"Ecocardiografia\"><\/span><strong>Ecocardiografia<\/strong><span class=\"ez-toc-section-end\"><\/span><\/h3>\n\n\n\n<figure class=\"wp-block-table\"><table class=\"has-fixed-layout\"><tbody><tr><td><strong>Institui\u00e7\u00e3o<\/strong><\/td><td><strong>Vagas AC<\/strong><\/td><\/tr><tr><td>HOSPITAL DOM H\u00c9LDER C\u00c2MARA&nbsp;<\/td><td>1<\/td><\/tr><tr><td>HOSPITAL MESTRE VITALINO \u2013 CARUARU<\/td><td>2<\/td><\/tr><tr><td>FCM\/UPE \u2013 UNIVERSIDADE DE PERNAMBUCO CAMPUS RECIFE<\/td><td>2<\/td><\/tr><\/tbody><\/table><\/figure>\n\n\n\n<h3 class=\"wp-block-heading\"><span class=\"ez-toc-section\" id=\"Eletrofisiologia_Clinica_Invasiva\"><\/span><strong>Eletrofisiologia Cl\u00ednica Invasiva<\/strong><span class=\"ez-toc-section-end\"><\/span><\/h3>\n\n\n\n<figure class=\"wp-block-table\"><table class=\"has-fixed-layout\"><tbody><tr><td><strong>Institui\u00e7\u00e3o<\/strong><\/td><td><strong>Vagas AC<\/strong><\/td><\/tr><tr><td>FCM\/UPE \u2013 UNIVERSIDADE DE PERNAMBUCO CAMPUS RECIFE<\/td><td>1<\/td><\/tr><\/tbody><\/table><\/figure>\n\n\n\n<h3 class=\"wp-block-heading\"><span class=\"ez-toc-section\" id=\"Hemodinamica_e_Cardiologia_Intervencionista\"><\/span><strong>Hemodin\u00e2mica e Cardiologia Intervencionista&nbsp;<\/strong><span class=\"ez-toc-section-end\"><\/span><\/h3>\n\n\n\n<figure class=\"wp-block-table\"><table class=\"has-fixed-layout\"><tbody><tr><td><strong>Institui\u00e7\u00e3o<\/strong><\/td><td><strong>Vagas AC<\/strong><\/td><\/tr><tr><td>INSTITUTO DE MEDICINA INTEGRAL PROF FERNANDO FIGUEIRA \u2013 IMIP<\/td><td>1<\/td><\/tr><tr><td>HOSPITAL MESTRE VITALINO \u2013 CARUARU<\/td><td>1<\/td><\/tr><tr><td>FCM\/UPE \u2013 UNIVERSIDADE DE PERNAMBUCO CAMPUS RECIFE<\/td><td>1<\/td><\/tr><\/tbody><\/table><\/figure>\n\n\n\n<h3 class=\"wp-block-heading\"><span class=\"ez-toc-section\" id=\"Medicina_Paliativa\"><\/span><strong>Medicina Paliativa<\/strong><span class=\"ez-toc-section-end\"><\/span><\/h3>\n\n\n\n<figure class=\"wp-block-table\"><table class=\"has-fixed-layout\"><tbody><tr><td><strong>Institui\u00e7\u00e3o<\/strong><\/td><td><strong>Vagas AC<\/strong><\/td><\/tr><tr><td>HOSPITAL ALFA<\/td><td>1<\/td><\/tr><tr><td>INSTITUTO DE MEDICINA INTEGRAL PROF FERNANDO FIGUEIRA \u2013 IMIP<\/td><td>1<\/td><\/tr><tr><td>FCM\/UPE \u2013 UNIVERSIDADE DE PERNAMBUCO CAMPUS RECIFE&nbsp;<\/td><td>1<\/td><\/tr><\/tbody><\/table><\/figure>\n\n\n\n<h3 class=\"wp-block-heading\"><span class=\"ez-toc-section\" id=\"Oncologia_Pediatrica\"><\/span><strong>Oncologia Pedi\u00e1trica<\/strong><span class=\"ez-toc-section-end\"><\/span><\/h3>\n\n\n\n<figure class=\"wp-block-table\"><table class=\"has-fixed-layout\"><tbody><tr><td><strong>Institui\u00e7\u00e3o<\/strong><\/td><td><strong>Vagas AC<\/strong><\/td><\/tr><tr><td>INSTITUTO DE MEDICINA INTEGRAL PROF FERNANDO FIGUEIRA \u2013 IMIP<\/td><td>1<\/td><\/tr><tr><td>REAL HOSPITAL PORTUGU\u00caS DE BENEFIC\u00caNCIA EM PERNAMBUCO<\/td><td>1<\/td><\/tr><tr><td>FCM\/UPE \u2013 UNIVERSIDADE DE PERNAMBUCO CAMPUS RECIFE&nbsp;<\/td><td>1<\/td><\/tr><\/tbody><\/table><\/figure>\n\n\n\n<h3 class=\"wp-block-heading\"><span class=\"ez-toc-section\" id=\"Radiologia_Intervencionista_e_Angiorradiologia\"><\/span><strong>Radiologia Intervencionista e Angiorradiologia<\/strong><span class=\"ez-toc-section-end\"><\/span><\/h3>\n\n\n\n<figure class=\"wp-block-table\"><table class=\"has-fixed-layout\"><tbody><tr><td><strong>Institui\u00e7\u00e3o<\/strong><\/td><td><strong>Vagas AC<\/strong><\/td><\/tr><tr><td>HOSPITAL DA RESTAURA\u00c7\u00c3O GOV. PAULO GUERRA<\/td><td>0<\/td><\/tr><tr><td>REAL HOSPITAL PORTUGU\u00caS DE BENEFIC\u00caNCIA EM PERNAMBUCO<\/td><td>1<\/td><\/tr><\/tbody><\/table><\/figure>\n\n\n\n<h3 class=\"wp-block-heading\"><span class=\"ez-toc-section\" id=\"Neurorradiologia\"><\/span><strong>Neurorradiologia<\/strong><span class=\"ez-toc-section-end\"><\/span><\/h3>\n\n\n\n<figure class=\"wp-block-table\"><table class=\"has-fixed-layout\"><tbody><tr><td><strong>Institui\u00e7\u00e3o<\/strong><\/td><td><strong>Vagas AC<\/strong><\/td><\/tr><tr><td>HOSPITAL DA RESTAURA\u00c7\u00c3O GOV. PAULO GUERRA<\/td><td>1<\/td><\/tr><\/tbody><\/table><\/figure>\n\n\n\n<h3 class=\"wp-block-heading\"><span class=\"ez-toc-section\" id=\"Medicina_do_Sono\"><\/span><strong>Medicina do Sono<\/strong><span class=\"ez-toc-section-end\"><\/span><\/h3>\n\n\n\n<figure class=\"wp-block-table\"><table class=\"has-fixed-layout\"><tbody><tr><td><strong>Institui\u00e7\u00e3o<\/strong><\/td><td><strong>Vagas AC<\/strong><\/td><\/tr><tr><td>HOSPITAL OT\u00c1VIO DE FREITAS<\/td><td>1<\/td><\/tr><\/tbody><\/table><\/figure>\n\n\n\n<h3 class=\"wp-block-heading\"><span class=\"ez-toc-section\" id=\"Cirurgia_de_Cabeca_e_Pescoco\"><\/span><strong>Cirurgia de Cabe\u00e7a e Pesco\u00e7o<\/strong><span class=\"ez-toc-section-end\"><\/span><\/h3>\n\n\n\n<figure class=\"wp-block-table\"><table class=\"has-fixed-layout\"><tbody><tr><td><strong>Institui\u00e7\u00e3o<\/strong><\/td><td><strong>Vagas AC<\/strong><\/td><\/tr><tr><td>HOSPITAL DE C\u00c2NCER DE PERNAMBUCO<\/td><td>1<\/td><\/tr><\/tbody><\/table><\/figure>\n\n\n\n<h3 class=\"wp-block-heading\"><span class=\"ez-toc-section\" id=\"Endocrinologia_Pediatrica\"><\/span><strong>Endocrinologia Pedi\u00e1trica<\/strong><span class=\"ez-toc-section-end\"><\/span><\/h3>\n\n\n\n<figure class=\"wp-block-table\"><table class=\"has-fixed-layout\"><tbody><tr><td><strong>Institui\u00e7\u00e3o<\/strong><\/td><td><strong>Vagas AC<\/strong><\/td><\/tr><tr><td>INSTITUTO DE MEDICINA INTEGRAL PROF FERNANDO FIGUEIRA \u2013 IMIP&nbsp;<\/td><td>1<\/td><\/tr><\/tbody><\/table><\/figure>\n\n\n\n<h3 class=\"wp-block-heading\"><span class=\"ez-toc-section\" id=\"R4_%E2%80%93_Ortopedia_e_Traumatologia\"><\/span><strong>R4 \u2013 Ortopedia e Traumatologia<\/strong><span class=\"ez-toc-section-end\"><\/span><\/h3>\n\n\n\n<figure class=\"wp-block-table\"><table class=\"has-fixed-layout\"><tbody><tr><td><strong>Institui\u00e7\u00e3o<\/strong><\/td><td><strong>Vagas AC<\/strong><\/td><\/tr><tr><td>HOSPITAL DA RESTAURA\u00c7\u00c3O GOV. PAULO GUERRA<\/td><td>1<\/td><\/tr><tr><td>HOSPITAL REGIONAL DO AGRESTE \u2013 CARUARU<\/td><td>1<\/td><\/tr><\/tbody><\/table><\/figure>\n\n\n\n<h3 class=\"wp-block-heading\"><span class=\"ez-toc-section\" id=\"R4_%E2%80%93_Radiologia_e_Diagnostico_por_Imagem\"><\/span><strong>R4 \u2013 Radiologia e Diagn\u00f3stico por Imagem<\/strong><span class=\"ez-toc-section-end\"><\/span><\/h3>\n\n\n\n<figure class=\"wp-block-table\"><table class=\"has-fixed-layout\"><tbody><tr><td><strong>Institui\u00e7\u00e3o<\/strong><\/td><td><strong>Vagas AC<\/strong><\/td><\/tr><tr><td>HOSPITAL DA RESTAURA\u00c7\u00c3O GOV. PAULO GUERRA<\/td><td>1<\/td><\/tr><\/tbody><\/table><\/figure>\n\n\n\n<h3 class=\"wp-block-heading\"><span class=\"ez-toc-section\" id=\"Psiquiatria_da_infancia_e_Adolescencia\"><\/span><strong>Psiquiatria da inf\u00e2ncia e Adolesc\u00eancia<\/strong><span class=\"ez-toc-section-end\"><\/span><\/h3>\n\n\n\n<figure class=\"wp-block-table\"><table class=\"has-fixed-layout\"><tbody><tr><td><strong>Institui\u00e7\u00e3o<\/strong><\/td><td><strong>Vagas AC<\/strong><\/td><\/tr><tr><td>INSTITUTO DE MEDICINA INTEGRAL PROF FERNANDO FIGUEIRA \u2013 IMIP&nbsp;<\/td><td>1<\/td><\/tr><\/tbody><\/table><\/figure>\n\n\n\n<h3 class=\"wp-block-heading\"><span class=\"ez-toc-section\" id=\"Hepatologia\"><\/span><strong>Hepatologia<\/strong><span class=\"ez-toc-section-end\"><\/span><\/h3>\n\n\n\n<figure class=\"wp-block-table\"><table class=\"has-fixed-layout\"><tbody><tr><td><strong>Institui\u00e7\u00e3o<\/strong><\/td><td><strong>Vagas AC<\/strong><\/td><\/tr><tr><td>INSTITUTO DE MEDICINA INTEGRAL PROF FERNANDO FIGUEIRA \u2013 IMIP&nbsp;<\/td><td>1<\/td><\/tr><\/tbody><\/table><\/figure>\n\n\n\n<h3 class=\"wp-block-heading\"><span class=\"ez-toc-section\" id=\"Neurologia_Pediatrica\"><\/span><strong>Neurologia Pedi\u00e1trica<\/strong><span class=\"ez-toc-section-end\"><\/span><\/h3>\n\n\n\n<figure class=\"wp-block-table\"><table class=\"has-fixed-layout\"><tbody><tr><td><strong>Institui\u00e7\u00e3o<\/strong><\/td><td><strong>Vagas AC<\/strong><\/td><\/tr><tr><td>FCM\/UPE \u2013 UNIVERSIDADE DE PERNAMBUCO CAMPUS RECIFE<\/td><td>1<\/td><\/tr><\/tbody><\/table><\/figure>\n\n\n\n<h3 class=\"wp-block-heading\"><span class=\"ez-toc-section\" id=\"Anestesiologia_Pediatrica\"><\/span><strong>Anestesiologia Pedi\u00e1trica<\/strong><span class=\"ez-toc-section-end\"><\/span><\/h3>\n\n\n\n<figure class=\"wp-block-table\"><table class=\"has-fixed-layout\"><tbody><tr><td><strong>Institui\u00e7\u00e3o<\/strong><\/td><td><strong>Vagas AC<\/strong><\/td><\/tr><tr><td>INSTITUTO DE MEDICINA INTEGRAL PROF FERNANDO FIGUEIRA \u2013 IMIP<\/td><td>1<\/td><\/tr><\/tbody><\/table><\/figure>\n\n\n\n<h3 class=\"wp-block-heading\"><span class=\"ez-toc-section\" id=\"Medicina_Fetal\"><\/span><strong>Medicina Fetal<\/strong><span class=\"ez-toc-section-end\"><\/span><\/h3>\n\n\n\n<figure class=\"wp-block-table\"><table class=\"has-fixed-layout\"><tbody><tr><td><strong>Institui\u00e7\u00e3o<\/strong><\/td><td><strong>Vagas AC<\/strong><\/td><\/tr><tr><td>INSTITUTO DE MEDICINA INTEGRAL PROF FERNANDO FIGUEIRA \u2013 IMIP<\/td><td>1<\/td><\/tr><\/tbody><\/table><\/figure>\n\n\n\n<h3 class=\"wp-block-heading\"><span class=\"ez-toc-section\" id=\"Ultrassonografia_em_Obstetricia_e_Ginecologia\"><\/span><strong>Ultrassonografia em Obstetr\u00edcia e Ginecologia<\/strong><span class=\"ez-toc-section-end\"><\/span><\/h3>\n\n\n\n<figure class=\"wp-block-table\"><table class=\"has-fixed-layout\"><tbody><tr><td><strong>Institui\u00e7\u00e3o<\/strong><\/td><td><strong>Vagas AC<\/strong><\/td><\/tr><tr><td>HOSPITAL DOM MALAN \u2013 PETROLINA<\/td><td>1<\/td><\/tr><\/tbody><\/table><\/figure>\n\n\n\n<h3 class=\"wp-block-heading\"><span class=\"ez-toc-section\" id=\"R3_%E2%80%93_Pneumologia\"><\/span><strong>R3 \u2013 Pneumologia<\/strong><span class=\"ez-toc-section-end\"><\/span><\/h3>\n\n\n\n<figure class=\"wp-block-table\"><table class=\"has-fixed-layout\"><tbody><tr><td><strong>Institui\u00e7\u00e3o<\/strong><\/td><td><strong>Vagas AC<\/strong><\/td><\/tr><tr><td>HOSPITAL ALFA<\/td><td>1<\/td><\/tr><\/tbody><\/table><\/figure>\n\n\n\n<h3 class=\"wp-block-heading\"><span class=\"ez-toc-section\" id=\"Endoscopia_Respiratoria_%E2%80%93_Area_de_Atuacao\"><\/span><strong>Endoscopia Respirat\u00f3ria \u2013 \u00c1rea de Atua\u00e7\u00e3o<\/strong><span class=\"ez-toc-section-end\"><\/span><\/h3>\n\n\n\n<figure class=\"wp-block-table\"><table class=\"has-fixed-layout\"><tbody><tr><td><strong>Institui\u00e7\u00e3o<\/strong><\/td><td><strong>Vagas AC<\/strong><\/td><\/tr><tr><td>FCM\/UPE \u2013 UNIVERSIDADE DE PERNAMBUCO CAMPUS RECIFE&nbsp;<\/td><td>1<\/td><\/tr><tr><td>HOSPITAL OT\u00c1VIO DE FREITAS<\/td><td>0<\/td><\/tr><\/tbody><\/table><\/figure>\n\n\n\n<h3 class=\"wp-block-heading\"><span class=\"ez-toc-section\" id=\"R4_%E2%80%93_Cirurgia_Oncologica_%E2%80%93_Area_de_Atuacao\"><\/span><strong>R4 \u2013 Cirurgia Oncol\u00f3gica \u2013 \u00c1rea de Atua\u00e7\u00e3o<\/strong><span class=\"ez-toc-section-end\"><\/span><\/h3>\n\n\n\n<figure class=\"wp-block-table\"><table class=\"has-fixed-layout\"><tbody><tr><td><strong>Institui\u00e7\u00e3o<\/strong><\/td><td><strong>Vagas AC<\/strong><\/td><\/tr><tr><td>INSTITUTO DE MEDICINA INTEGRAL PROF FERNANDO FIGUEIRA \u2013 IMIP<\/td><td>1<\/td><\/tr><\/tbody><\/table><\/figure>\n\n\n\n<h3 class=\"wp-block-heading\"><span class=\"ez-toc-section\" id=\"R3_%E2%80%93_Medicina_de_Familia_e_Comunidade_Saude_do_Campo_da_Floresta_e_das_Aguas\"><\/span><strong>R3 \u2013 Medicina de Fam\u00edlia e Comunidade, Sa\u00fade do Campo, da Floresta e das \u00c1guas<\/strong><span class=\"ez-toc-section-end\"><\/span><\/h3>\n\n\n\n<figure class=\"wp-block-table\"><table class=\"has-fixed-layout\"><tbody><tr><td><strong>Institui\u00e7\u00e3o<\/strong><\/td><td><strong>Vagas AC<\/strong><\/td><\/tr><tr><td>N\u00daCLEO DE CI\u00caNCIAS DA VIDA \/ NCV-UFPE CARUARU<\/td><td>1<\/td><\/tr><\/tbody><\/table><\/figure>\n\n\n\n<h3 class=\"wp-block-heading\"><span class=\"ez-toc-section\" id=\"R3_%E2%80%93_Transplante_de_Figado\"><\/span><strong>R3 \u2013 Transplante de F\u00edgado<\/strong><span class=\"ez-toc-section-end\"><\/span><\/h3>\n\n\n\n<figure class=\"wp-block-table\"><table class=\"has-fixed-layout\"><tbody><tr><td><strong>Institui\u00e7\u00e3o<\/strong><\/td><td><strong>Vagas AC<\/strong><\/td><\/tr><tr><td>FCM\/UPE \u2013 UNIVERSIDADE DE PERNAMBUCO CAMPUS RECIFE<\/td><td>1<\/td><\/tr><tr><td>INSTITUTO DE MEDICINA INTEGRAL PROF FERNANDO FIGUEIRA \u2013 IMIP<\/td><td>1<\/td><\/tr><\/tbody><\/table><\/figure>\n\n\n\n<h3 class=\"wp-block-heading\"><span class=\"ez-toc-section\" id=\"Transplante_de_Rim\"><\/span><strong>Transplante de Rim<\/strong><span class=\"ez-toc-section-end\"><\/span><\/h3>\n\n\n\n<figure class=\"wp-block-table\"><table class=\"has-fixed-layout\"><tbody><tr><td><strong>Institui\u00e7\u00e3o<\/strong><\/td><td><strong>Vagas AC<\/strong><\/td><\/tr><tr><td>REAL HOSPITAL PORTUGU\u00caS DE BENEFIC\u00caNCIA EM PERNAMBUCO<\/td><td>1<\/td><\/tr><\/tbody><\/table><\/figure>\n\n\n\n<h3 class=\"wp-block-heading\"><span class=\"ez-toc-section\" id=\"R3_%E2%80%93_Cirurgia_Toracica\"><\/span><strong>R3 \u2013 Cirurgia Tor\u00e1cica<\/strong><span class=\"ez-toc-section-end\"><\/span><\/h3>\n\n\n\n<figure class=\"wp-block-table\"><table class=\"has-fixed-layout\"><tbody><tr><td><strong>Institui\u00e7\u00e3o<\/strong><\/td><td><strong>Vagas AC<\/strong><\/td><\/tr><tr><td>FCM\/UPE \u2013 UNIVERSIDADE DE PERNAMBUCO CAMPUS RECIFE<\/td><td>1<\/td><\/tr><\/tbody><\/table><\/figure>\n\n\n\n<h3 class=\"wp-block-heading\"><span class=\"ez-toc-section\" id=\"Transplante_de_Medula_Ossea\"><\/span><strong>Transplante de Med\u00fala \u00d3ssea<\/strong><span class=\"ez-toc-section-end\"><\/span><\/h3>\n\n\n\n<figure class=\"wp-block-table\"><table class=\"has-fixed-layout\"><tbody><tr><td><strong>Institui\u00e7\u00e3o<\/strong><\/td><td><strong>Vagas AC<\/strong><\/td><\/tr><tr><td>REAL HOSPITAL PORTUGU\u00caS DE BENEFIC\u00caNCIA EM PERNAMBUCO&nbsp;<\/td><td>1<\/td><\/tr><\/tbody><\/table><\/figure>\n\n\n\n<figure class=\"wp-block-image size-large\"><a href=\"https:\/\/www.grupomedcof.com.br\/cofletters\/\" target=\"_blank\" rel=\" noreferrer noopener\"><img loading=\"lazy\" decoding=\"async\" width=\"1024\" height=\"320\" src=\"https:\/\/www.grupomedcof.com.br\/blog\/wp-content\/uploads\/2025\/02\/Banner-MedCof-Plus-2200x460-11-1024x320.png\" alt=\"\" class=\"wp-image-33723\" srcset=\"https:\/\/www.grupomedcof.com.br\/blog\/wp-content\/uploads\/2025\/02\/Banner-MedCof-Plus-2200x460-11-1024x320.png 1024w, https:\/\/www.grupomedcof.com.br\/blog\/wp-content\/uploads\/2025\/02\/Banner-MedCof-Plus-2200x460-11-300x94.png 300w, https:\/\/www.grupomedcof.com.br\/blog\/wp-content\/uploads\/2025\/02\/Banner-MedCof-Plus-2200x460-11-768x240.png 768w, https:\/\/www.grupomedcof.com.br\/blog\/wp-content\/uploads\/2025\/02\/Banner-MedCof-Plus-2200x460-11-1536x480.png 1536w, https:\/\/www.grupomedcof.com.br\/blog\/wp-content\/uploads\/2025\/02\/Banner-MedCof-Plus-2200x460-11-2048x640.png 2048w, https:\/\/www.grupomedcof.com.br\/blog\/wp-content\/uploads\/2025\/02\/Banner-MedCof-Plus-2200x460-11-1343x420.png 1343w, https:\/\/www.grupomedcof.com.br\/blog\/wp-content\/uploads\/2025\/02\/Banner-MedCof-Plus-2200x460-11-150x47.png 150w, https:\/\/www.grupomedcof.com.br\/blog\/wp-content\/uploads\/2025\/02\/Banner-MedCof-Plus-2200x460-11-696x218.png 696w, https:\/\/www.grupomedcof.com.br\/blog\/wp-content\/uploads\/2025\/02\/Banner-MedCof-Plus-2200x460-11-1068x334.png 1068w, https:\/\/www.grupomedcof.com.br\/blog\/wp-content\/uploads\/2025\/02\/Banner-MedCof-Plus-2200x460-11-1920x600.png 1920w\" sizes=\"auto, (max-width: 1024px) 100vw, 1024px\" \/><\/a><\/figure>\n\n\n\n<h2 class=\"wp-block-heading\" id=\"h-processo-seletivo\"><span class=\"ez-toc-section\" id=\"Processo_Seletivo\"><\/span><strong>Processo Seletivo<\/strong><span class=\"ez-toc-section-end\"><\/span><\/h2>\n\n\n\n<p>Assim como as demais provas de resid\u00eancia de m\u00e9dica, os candidatos que prestaram para o processo seletivo do SES-PE passaram por&nbsp;<strong>duas fases avaliativas<\/strong>: a prova escrita e a an\u00e1lise curricular.<\/p>\n\n\n\n<h3 class=\"wp-block-heading\" id=\"h-prova-objetiva\"><span class=\"ez-toc-section\" id=\"Prova_objetiva\"><\/span><strong>Prova objetiva<\/strong><span class=\"ez-toc-section-end\"><\/span><\/h3>\n\n\n\n<p>A\u00a0prova objetiva aconteceu no dia <strong>11 de janeiro de 2026 <\/strong>e contou com 100 quest\u00f5es de m\u00faltipla escolha para Acesso Direto e 50 quest\u00f5es para Pr\u00e9-Requisito.<\/p>\n\n\n\n<h3 class=\"wp-block-heading\" id=\"an\u00e1lise-curricular\"><span class=\"ez-toc-section\" id=\"Analise_curricular\"><\/span><strong>An\u00e1lise curricular<\/strong><span class=\"ez-toc-section-end\"><\/span><\/h3>\n\n\n\n<p>Para participar desta etapa, os candidatos enviaram o documento no mesmo per\u00edodo de inscri\u00e7\u00f5es. Os itens avaliados foram:<\/p>\n\n\n\n<figure class=\"wp-block-table\"><table class=\"has-fixed-layout\"><tbody><tr><td><strong>Item<\/strong><\/td><td>Pontua\u00e7\u00e3o Unit\u00e1ria<\/td><td><strong>Pontua\u00e7\u00e3o M\u00e1xima<\/strong><\/td><\/tr><tr><td>APROVEITAMENTO CURRICULAR(Hist\u00f3rico Escolar)<\/td><td>De acordo com o quadro de pontua\u00e7\u00e3o contidono item 7.1.2<\/td><td><strong>30<\/strong><\/td><\/tr><tr><td>MONITORIA E\/OU PID<\/td><td>5 pontos por semestre<\/td><td><strong>15<\/strong><\/td><\/tr><tr><td>INICIA\u00c7\u00c3O CIENT\u00cdFICA \u2013 PIBIC, PIC<\/td><td>5 pontos por projeto<\/td><td><strong>15<\/strong><\/td><\/tr><tr><td>PROJETOS DE EXTENS\u00c3O E\/OU PETSA\u00daDE<\/td><td>5 pontos por semestre<\/td><td><strong>20<\/strong><\/td><\/tr><tr><td>ARTIGOS PUBLICADOS<\/td><td>5 pontos por artigo<\/td><td><strong>10<\/strong><\/td><\/tr><tr><td>TRABALHOS APRESENTADOS EMEVENTOS CIENT\u00cdFICOS<\/td><td>2,5 pontos por cada trabalho<\/td><td><strong>10<\/strong><\/td><\/tr><\/tbody><\/table><\/figure>\n\n\n\n<h2 class=\"wp-block-heading\" id=\"h-definicao-da-nota\"><span class=\"ez-toc-section\" id=\"Definicao_da_nota\"><\/span><strong>Defini\u00e7\u00e3o da nota<\/strong><span class=\"ez-toc-section-end\"><\/span><\/h2>\n\n\n\n<p>Desse modo, a nota final do SES-PE define-se com base na\u00a0<strong>soma do resultado da prova escrita e da an\u00e1lise curricular<\/strong>. Entretanto elas possuem pesos diferentes, enquanto a\u00a0<strong>prova objetiva-dissertativa comp\u00f5e 90%<\/strong>\u00a0da nota final, a<strong>\u00a0an\u00e1lise curricular corresponde aos 10%<\/strong>\u00a0restantes.<\/p>\n\n\n\n<h3 class=\"wp-block-heading\" id=\"h-criterios-de-desempate\"><span class=\"ez-toc-section\" id=\"Criterios_de_desempate\"><\/span><strong>Crit\u00e9rios de desempate<\/strong><span class=\"ez-toc-section-end\"><\/span><\/h3>\n\n\n\n<p>Por outro lado, em caso de empate, os crit\u00e9rios utilizados para o desempate foram, em ordem:<\/p>\n\n\n\n<ul class=\"wp-block-list\">\n<li>Maior nota na An\u00e1lise Curricular;<\/li>\n\n\n\n<li>Candidato com Maior idade.<\/li>\n<\/ul>\n\n\n\n<h2 class=\"wp-block-heading\" id=\"h-instituicoes-participantes\"><span class=\"ez-toc-section\" id=\"Instituicoes_participantes\"><\/span><strong>Institui\u00e7\u00f5es participantes<\/strong><span class=\"ez-toc-section-end\"><\/span><\/h2>\n\n\n\n<p>O processo seletivo unificado para resid\u00eancia m\u00e9dica da Secretaria de Estado de Sa\u00fade de Pernambuco (SES-PE), conta nesta edi\u00e7\u00e3o com\u00a0<strong>47 institui\u00e7\u00f5es participantes.<\/strong>\u00a0Veja:<\/p>\n\n\n\n<ul class=\"wp-block-list\">\n<li>AFYA \u2013 FACULDADE DE CI\u00caNCIAS M\u00c9DICAS DE JABOAT\u00c3O DOS GUARARAPES<\/li>\n\n\n\n<li>COREME SES \u2013 SECRETARIA ESTADUAL DE SA\u00daDE DE PERNAMBUCO<\/li>\n\n\n\n<li>FACULDADE DE MEDICINA DE OLINDA \u2013 FMO<\/li>\n\n\n\n<li>FACULDADE DE MEDICINA DO SERT\u00c3O \u2013 ARCOVERDE<\/li>\n\n\n\n<li>FCM\/UPE \u2013 UNIVERSIDADE DE PERNAMBUCO CAMPUS RECIFE<\/li>\n\n\n\n<li>FITS \u2013 FACULDADE INTEGRADA TIRADENTES \u2013 GOIANA<\/li>\n\n\n\n<li>FIUSA EDUCACIONAL FACULDADE PARA\u00cdSO \u2013 ARARIPINA<\/li>\n\n\n\n<li>FUNDA\u00c7\u00c3O ALTINO VENTURA<\/li>\n\n\n\n<li>HEMOPE \u2013 FUNDA\u00c7\u00c3O DE HEMATOLOGIA E HEMOTERAPIA DE PERNAMBUCO<\/li>\n\n\n\n<li>HOSPITAL AGAMENON MAGALH\u00c3ES<\/li>\n\n\n\n<li>HOSPITAL ALFA<\/li>\n\n\n\n<li>HOSPITAL BAR\u00c3O DE LUCENA<\/li>\n\n\n\n<li>HOSPITAL DA MULHER DO RECIFE \u2013 HMR<\/li>\n\n\n\n<li>HOSPITAL DA RESTAURA\u00c7\u00c3O GOV. PAULO GUERRA<\/li>\n\n\n\n<li>HOSPITAL DE AERON\u00c1UTICA DE RECIFE<\/li>\n\n\n\n<li>HOSPITAL DE C\u00c2NCER DE PERNAMBUCO<\/li>\n\n\n\n<li>HOSPITAL DE OLHOS SANTA LUZIA<\/li>\n\n\n\n<li>HOSPITAL DOM H\u00c9LDER C\u00c2MARA<\/li>\n\n\n\n<li>HOSPITAL DOM MALAN \u2013 PETROLINA<\/li>\n\n\n\n<li>HOSPITAL DOS SERVIDORES DO ESTADO DE PERNAMBUCO<\/li>\n\n\n\n<li>HOSPITAL EDUARDO CAMPOS \u2013 SERRA TALHADA<\/li>\n\n\n\n<li>HOSPITAL ESPERAN\u00c7A \u2013 OLINDA<\/li>\n\n\n\n<li>HOSPITAL ESPERAN\u00c7A \u2013 RECIFE<\/li>\n\n\n\n<li>HOSPITAL GET\u00daLIO VARGAS<\/li>\n\n\n\n<li>HOSPITAL INFANTIL MARIA LUCINDA<\/li>\n\n\n\n<li>HOSPITAL JESUS PEQUENINO \u2013 BEZERROS<\/li>\n\n\n\n<li>HOSPITAL MESTRE VITALINO \u2013 CARUARU<\/li>\n\n\n\n<li>HOSPITAL METROPOLITANO OESTE PEL\u00d3PIDAS SILVEIRA<\/li>\n\n\n\n<li>HOSPITAL MIGUEL ARRAES<\/li>\n\n\n\n<li>HOSPITAL OT\u00c1VIO DE FREITAS<\/li>\n\n\n\n<li>HOSPITAL PSIQUI\u00c1TRICO ULYSSES PERNAMBUCANO<\/li>\n\n\n\n<li>HOSPITAL REGIONAL DO AGRESTE \u2013 CARUARU<\/li>\n\n\n\n<li>HOSPITAL REGIONAL EM\u00cdLIA C\u00c2MARA \u2013 AFOGADOS DA INGAZEIRA<\/li>\n\n\n\n<li>HOSPITAL REGIONAL RUY DE BARROS CORREIA \u2013 ARCOVERDE<\/li>\n\n\n\n<li>HOSPITAL SANTA CASA DE MISERIC\u00d3RDIA DO RECIFE<\/li>\n\n\n\n<li>HOSPITAL SANTA JOANA RECIFE<\/li>\n\n\n\n<li>HOSPITAL UNIMED RECIFE III<\/li>\n\n\n\n<li>INSTITUTO ALCIDES DE ANDRADE LIMA \u2013 HOSPITAL MEMORIAL JABOAT\u00c3O<\/li>\n\n\n\n<li>INSTITUTO DE MEDICINA INTEGRAL PROF FERNANDO FIGUEIRA \u2013 IMIP<\/li>\n\n\n\n<li>N\u00daCLEO DE CI\u00caNCIAS DA VIDA \/ NCV-UFPE CARUARU<\/li>\n\n\n\n<li>PREFEITURA DO JABOAT\u00c3O DOS GUARARAPES \u2013 FUNDO MUNICIPAL DE SA\u00daDE<\/li>\n\n\n\n<li>PREFEITURA DO RECIFE \u2013 FUNDO MUNICIPAL DE SA\u00daDE<\/li>\n\n\n\n<li>PREFEITURA DO RECIFE \u2013 FUNDO MUNICIPAL DE SA\u00daDE \u2013 HOSPITAL EDUARDO CAMPOS DA PESSOA IDOSA<\/li>\n\n\n\n<li>REAL HOSPITAL PORTUGU\u00caS DE BENEFIC\u00caNCIA EM PERNAMBUCO<\/li>\n\n\n\n<li>SECRETARIA MUNICIPAL DE CASINHAS<\/li>\n\n\n\n<li>SEOPE \u2013 SERVI\u00c7O OFTALMOL\u00d3GICO DE PERNAMBUCO<\/li>\n\n\n\n<li>SOS M\u00c3O E ORTOPEDIA<\/li>\n<\/ul>\n\n\n\n<h2 class=\"wp-block-heading\" id=\"concorr\u00eancia-ses-pe\"><span class=\"ez-toc-section\" id=\"Concorrencia_SES-PE_2026\"><\/span><strong>Concorr\u00eancia SES-PE 2026<\/strong><span class=\"ez-toc-section-end\"><\/span><\/h2>\n\n\n\n<p>Nesta edi\u00e7\u00e3o, a SES-PE contou com <strong>5.901 candidatos inscritos<\/strong>&nbsp;para&nbsp;<strong>994 vagas<\/strong>&nbsp;ofertadas, o que acarreta em uma&nbsp;<strong>concorr\u00eancia de 5,93 candidatos por vaga.<\/strong> Confira a seguir a concorr\u00eancia por especialidade:<\/p>\n\n\n\n<figure class=\"wp-block-table\"><table class=\"has-fixed-layout\"><thead><tr><th><strong>Especialidade<\/strong>s<\/th><th><strong>Candidatos<\/strong><\/th><th><strong>Vagas<\/strong><\/th><th><strong>Concorr\u00eancia (Candidato\/Vaga)<\/strong><\/th><\/tr><\/thead><tbody><tr><td>Anestesiologia<\/td><td>605<\/td><td>35<\/td><td>17,28<\/td><\/tr><tr><td>Anestesiologia Pedi\u00e1trica<\/td><td>8<\/td><td>2<\/td><td>4<\/td><\/tr><tr><td>Angiorradiologia e Cirurgia Endovascular<\/td><td>4<\/td><td>1<\/td><td>4<\/td><\/tr><tr><td>Cardiologia<\/td><td>89<\/td><td>44<\/td><td>2,02<\/td><\/tr><tr><td>Cardiologia Pedi\u00e1trica<\/td><td>6<\/td><td>7<\/td><td>0,85<\/td><\/tr><tr><td>Cirurgia Cardiovascular<\/td><td>37<\/td><td>9<\/td><td>4,11<\/td><\/tr><tr><td>Cirurgia da M\u00e3o<\/td><td>22<\/td><td>6<\/td><td>3,66<\/td><\/tr><tr><td>Cirurgia de Cabe\u00e7a e Pesco\u00e7o<\/td><td>2<\/td><td>2<\/td><td>1<\/td><\/tr><tr><td>Cirurgia do Aparelho Digestivo<\/td><td>6<\/td><td>4<\/td><td>1,5<\/td><\/tr><tr><td>Cirurgia Geral<\/td><td>479<\/td><td>42<\/td><td>11,40<\/td><\/tr><tr><td>Cirurgia Pedi\u00e1trica<\/td><td>8<\/td><td>4<\/td><td>2<\/td><\/tr><tr><td>Cirurgia Pl\u00e1stica<\/td><td>51<\/td><td>4<\/td><td>12,75<\/td><\/tr><tr><td>Cirurgia Tor\u00e1cica<\/td><td>5<\/td><td>2<\/td><td>2,5<\/td><\/tr><tr><td>Cirurgia Vascular<\/td><td>20<\/td><td>15<\/td><td>1,33<\/td><\/tr><tr><td>Cl\u00ednica M\u00e9dica<\/td><td>776<\/td><td>170<\/td><td>4,56<\/td><\/tr><tr><td>Coloproctologia<\/td><td>12<\/td><td>4<\/td><td>3<\/td><\/tr><tr><td>Dermatologia<\/td><td>213<\/td><td>7<\/td><td>30,42<\/td><\/tr><tr><td>Ecocardiografia<\/td><td>20<\/td><td>8<\/td><td>2,5<\/td><\/tr><tr><td>Eletrofisiologia Cl\u00ednica Invasiva<\/td><td>5<\/td><td>2<\/td><td>2,5<\/td><\/tr><tr><td>Endocrinologia e Metabologia<\/td><td>60<\/td><td>7<\/td><td>8,57<\/td><\/tr><tr><td>Endocrinologia Pedi\u00e1trica<\/td><td>7<\/td><td>2<\/td><td>3,5<\/td><\/tr><tr><td>Endoscopia<\/td><td>24<\/td><td>4<\/td><td>6<\/td><\/tr><tr><td>Gastroenterologia<\/td><td>34<\/td><td>4<\/td><td>8,5<\/td><\/tr><tr><td>Gastroenterologia Pedi\u00e1trica<\/td><td>8<\/td><td>2<\/td><td>4<\/td><\/tr><tr><td>Geriatria<\/td><td>51<\/td><td>16<\/td><td>3,18<\/td><\/tr><tr><td>Hematologia e Hemoterapia<\/td><td>13<\/td><td>7<\/td><td>1,85<\/td><\/tr><tr><td>Hemodin\u00e2mica e Cardiologia Intervencionista<\/td><td>12<\/td><td>6<\/td><td>2<\/td><\/tr><tr><td>Infectologia<\/td><td>20<\/td><td>6<\/td><td>3,33<\/td><\/tr><tr><td>Mastologia<\/td><td>6<\/td><td>8<\/td><td>0,75<\/td><\/tr><tr><td>Medicina de Fam\u00edlia e Comunidade<\/td><td>354<\/td><td>93<\/td><td>3,80<\/td><\/tr><tr><td>Medicina do Sono<\/td><td>6<\/td><td>2<\/td><td>3<\/td><\/tr><tr><td>Medicina Fetal<\/td><td>10<\/td><td>2<\/td><td>5<\/td><\/tr><tr><td>Medicina Intensiva<\/td><td>76<\/td><td>35<\/td><td>2,17<\/td><\/tr><tr><td>Medicina Intensiva Pedi\u00e1trica<\/td><td>1<\/td><td>11<\/td><td>0,09<\/td><\/tr><tr><td>Medicina Nuclear<\/td><td>6<\/td><td>2<\/td><td>3<\/td><\/tr><tr><td>Medicina Paliativa<\/td><td>8<\/td><td>6<\/td><td>1,33<\/td><\/tr><tr><td>Nefrologia<\/td><td>19<\/td><td>10<\/td><td>1,9<\/td><\/tr><tr><td>Nefrologia Pedi\u00e1trica<\/td><td>3<\/td><td>2<\/td><td>1,5<\/td><\/tr><tr><td>Neonatologia<\/td><td>9<\/td><td>21<\/td><td>0,42<\/td><\/tr><tr><td>Neurocirurgia<\/td><td>61<\/td><td>5<\/td><td>12,2<\/td><\/tr><tr><td>Neurologia<\/td><td>221<\/td><td>20<\/td><td>11,05<\/td><\/tr><tr><td>Neurologia Pedi\u00e1trica<\/td><td>25<\/td><td>3<\/td><td>8,33<\/td><\/tr><tr><td>Neurorradiologia<\/td><td>8<\/td><td>1<\/td><td>8<\/td><\/tr><tr><td>Obstetr\u00edcia \/ Ginecologia<\/td><td>557<\/td><td>71<\/td><td>7,84<\/td><\/tr><tr><td>Oftalmologia<\/td><td>304<\/td><td>18<\/td><td>16,88<\/td><\/tr><tr><td>Oncologia Cir\u00fargica<\/td><td>6<\/td><td>7<\/td><td>0,85<\/td><\/tr><tr><td>Oncologia Cl\u00ednica<\/td><td>19<\/td><td>11<\/td><td>1,72<\/td><\/tr><tr><td>Oncologia Pedi\u00e1trica<\/td><td>1<\/td><td>5<\/td><td>0,2<\/td><\/tr><tr><td>Ortopedia \/ Traumatologia<\/td><td>303<\/td><td>44<\/td><td>6,88<\/td><\/tr><tr><td>Otorrinolaringologia<\/td><td>101<\/td><td>5<\/td><td>20,2<\/td><\/tr><tr><td>Patologia<\/td><td>33<\/td><td>4<\/td><td>8,25<\/td><\/tr><tr><td>Pediatria<\/td><td>417<\/td><td>77<\/td><td>5,41<\/td><\/tr><tr><td>Pneumologia<\/td><td>22<\/td><td>10<\/td><td>2,2<\/td><\/tr><tr><td>Pneumologia Pedi\u00e1trica<\/td><td>10<\/td><td>3<\/td><td>3,33<\/td><\/tr><tr><td>Psiquiatria<\/td><td>400<\/td><td>18<\/td><td>22,22<\/td><\/tr><tr><td>Psiquiatria da Inf\u00e2ncia e Adolesc\u00eancia<\/td><td>12<\/td><td>3<\/td><td>4<\/td><\/tr><tr><td>Radiologia e Diagn\u00f3stico por Imagem<\/td><td>241<\/td><td>20<\/td><td>12,05<\/td><\/tr><tr><td>Radiologia Intervencionista e Angiorradiologia<\/td><td>2<\/td><td>3<\/td><td>0,66<\/td><\/tr><tr><td>Radioterapia<\/td><td>5<\/td><td>1<\/td><td>5<\/td><\/tr><tr><td>Transplante de Med\u00fala \u00d3ssea<\/td><td>1<\/td><td>2<\/td><td>0,5<\/td><\/tr><tr><td>Transplante de Rim<\/td><td>1<\/td><td>2<\/td><td>0,5<\/td><\/tr><tr><td>Ultrassonografia em Obstetr\u00edcia e Ginecologia<\/td><td>4<\/td><td>2<\/td><td>2<\/td><\/tr><tr><td>Urologia<\/td><td>21<\/td><td>9<\/td><td>2,33<\/td><\/tr><\/tbody><\/table><\/figure>\n\n\n\n<h2 class=\"wp-block-heading\"><span class=\"ez-toc-section\" id=\"Cronograma_SES-PE_20252026\"><\/span><strong>Cronograma SES-PE 2025\/2026<\/strong><span class=\"ez-toc-section-end\"><\/span><\/h2>\n\n\n\n<figure class=\"wp-block-table\"><table class=\"has-fixed-layout\"><tbody><tr><td><strong>Taxa de Inscri\u00e7\u00e3o<\/strong><\/td><td>R$600,00<\/td><\/tr><tr><td><strong>Inscri\u00e7\u00f5es e Envio do Curr\u00edculo<\/strong><\/td><td>27\/11\/2025 at\u00e9 o dia 14\/12\/2025<\/td><\/tr><tr><td><strong>Aplica\u00e7\u00e3o da Prova Objetiva e Divulga\u00e7\u00e3o do Gabarito<\/strong><\/td><td>11\/01\/2026<\/td><\/tr><tr><td><strong>Recursos ao Gabarito<\/strong><\/td><td>12\/01\/2026 a 14\/01\/2026<\/td><\/tr><tr><td><strong>Resultado da An\u00e1lise Curricular<\/strong><\/td><td>29\/01\/2026<\/td><\/tr><tr><td><strong>Resultado Final<\/strong><\/td><td>04\/02\/2026<\/td><\/tr><\/tbody><\/table><\/figure>\n\n\n\n<h2 class=\"wp-block-heading\" id=\"h-resultado-preliminar-analise-curricular\"><span class=\"ez-toc-section\" id=\"Resultado_Preliminar_Analise_Curricular\"><\/span><strong>Resultado Preliminar An\u00e1lise Curricular<\/strong><span class=\"ez-toc-section-end\"><\/span><\/h2>\n\n\n\n<p>O <strong><a href=\"https:\/\/www.grupomedcof.com.br\/blog\/resultado-preliminar-da-analise-curricular-ses-pe\/\" target=\"_blank\" rel=\"noreferrer noopener\">resultado preliminar da an\u00e1lise curricular<\/a><\/strong> foi divulgado no dia 21 de janeiro de 2026. Assim, os candidatos tiveram o per\u00edodo de\u00a0<strong><strong><strong>22 e 24 de janeiro de 2026<\/strong><\/strong><\/strong>\u00a0para interpor recursos. Veja:<\/p>\n\n\n\n<h2 class=\"wp-block-heading\" id=\"h-resultado-final-ses-pe-2026\"><span class=\"ez-toc-section\" id=\"Resultado_Final_SES-PE_2026\"><\/span><strong>Resultado Final SES-PE 2026<\/strong><span class=\"ez-toc-section-end\"><\/span><\/h2>\n\n\n\n<p>O resultado final do processo seletivo de resid\u00eancia m\u00e9dica do SES-PE ser\u00e1 divulgado no dia 04 de fevereiro de 2026 no site oficial da <strong><a href=\"http:\/\/www.upenet.com.br\/concursos\/25_RED_MED\/#gsc.tab=0\">UPENET<\/a><\/strong>, a banca respons\u00e1vel pelo processo.<\/p>\n\n\n\n<h2 class=\"wp-block-heading\" id=\"h-prepare-se-para-o-ses-pe-2027\"><span class=\"ez-toc-section\" id=\"Prepare-se_para_o_SES-PE_2027\"><\/span><strong>Prepare-se para o SES-PE 2027<\/strong><span class=\"ez-toc-section-end\"><\/span><\/h2>\n\n\n\n<p>Por fim, se voc\u00ea quer mandar bem a pr\u00f3xima prova do SES-PE, a&nbsp;<strong><a href=\"https:\/\/www.grupomedcof.com.br\/home\/?page=cursos\">Medcof<\/a>&nbsp;<\/strong>te ajudar\u00e1 com isso! Com o nosso cat\u00e1logo repleto de cursos, te guiaremos na jornada \u00e0&nbsp;Resid\u00eancia M\u00e9dica&nbsp;dos sonhos! Confira os nossos&nbsp;cursos e&nbsp;<a href=\"https:\/\/www.grupomedcof.com.br\/blog\/presenca-da-medcof-nas-aprovacoes-em-residencia-medica-no-brasil\/\" target=\"_blank\" rel=\"noreferrer noopener\"><strong>seja mais um aprovado<\/strong><\/a>&nbsp;nas melhores institui\u00e7\u00f5es do pa\u00eds!<\/p>\n\n\n\n<figure class=\"wp-block-embed is-type-video is-provider-youtube wp-block-embed-youtube wp-embed-aspect-16-9 wp-has-aspect-ratio\"><div class=\"wp-block-embed__wrapper\">\n<div class=\"youtube-embed\" data-video_id=\"NmQ9mlvtR7w\"><iframe loading=\"lazy\" title=\"GABARITO SES-PE R1 Acesso Direto | Resid\u00eancia M\u00e9dica 2026 \u2013 Corre\u00e7\u00e3o da Prova SES-PE R1\" width=\"696\" height=\"392\" src=\"https:\/\/www.youtube.com\/embed\/NmQ9mlvtR7w?feature=oembed&#038;enablejsapi=1\" frameborder=\"0\" allow=\"accelerometer; autoplay; clipboard-write; encrypted-media; gyroscope; picture-in-picture; web-share\" referrerpolicy=\"strict-origin-when-cross-origin\" allowfullscreen><\/iframe><\/div>\n<\/div><\/figure>\n","protected":false},"excerpt":{"rendered":"<p>Relembre como foi a \u00faltima edi\u00e7\u00e3o da prova de resid\u00eancia m\u00e9dica do\u00a0Processo Seletivo da Secretaria Estadual de Sa\u00fade de Pernambuco\u00a0(SES-PE) de 2025 e se prepare para a pr\u00f3xima prova!<\/p>\n","protected":false},"author":20,"featured_media":27971,"comment_status":"open","ping_status":"open","sticky":false,"template":"","format":"standard","meta":{"footnotes":""},"categories":[10],"tags":[1568,1452,1494,68,47],"ppma_author":[3616],"class_list":{"0":"post-27970","1":"post","2":"type-post","3":"status-publish","4":"format-standard","5":"has-post-thumbnail","7":"category-raio-x-editais","8":"tag-edital","9":"tag-provas","10":"tag-raio-x","11":"tag-residencia-medica","12":"tag-ses-pe"},"yoast_head":"<!-- This site is optimized with the Yoast SEO Premium plugin v24.3 (Yoast SEO v27.4) - https:\/\/yoast.com\/product\/yoast-seo-premium-wordpress\/ -->\n<title>Resid\u00eancia M\u00e9dica SES-PE 2026: edital, vagas, concorr\u00eancia e mais! - Blog de Medcof: conte\u00fados, editais, revalida e mais!<\/title>\n<meta name=\"description\" content=\"Relembre como foi a \u00faltima edi\u00e7\u00e3o da prova de resid\u00eancia m\u00e9dica do SES-PE de 2025 e se prepare para a pr\u00f3xima...\" \/>\n<meta name=\"robots\" content=\"index, follow, max-snippet:-1, max-image-preview:large, max-video-preview:-1\" \/>\n<link rel=\"canonical\" href=\"https:\/\/www.grupomedcof.com.br\/blog\/residencia-medica-ses-pe\/\" \/>\n<meta property=\"og:locale\" content=\"pt_BR\" \/>\n<meta property=\"og:type\" content=\"article\" \/>\n<meta property=\"og:title\" content=\"Resid\u00eancia M\u00e9dica SES-PE 2026: edital, vagas, concorr\u00eancia e mais!\" \/>\n<meta property=\"og:description\" content=\"Relembre como foi a \u00faltima edi\u00e7\u00e3o da prova de resid\u00eancia m\u00e9dica do SES-PE de 2025 e se prepare para a pr\u00f3xima...\" \/>\n<meta property=\"og:url\" content=\"https:\/\/www.grupomedcof.com.br\/blog\/residencia-medica-ses-pe\/\" \/>\n<meta property=\"og:site_name\" content=\"Blog de Medcof: conte\u00fados, editais, revalida e mais!\" \/>\n<meta property=\"article:publisher\" content=\"https:\/\/www.facebook.com\/MedCofQbank\/\" \/>\n<meta property=\"article:published_time\" content=\"2026-01-22T17:49:31+00:00\" \/>\n<meta property=\"article:modified_time\" content=\"2026-01-22T17:49:34+00:00\" \/>\n<meta property=\"og:image\" content=\"https:\/\/www.grupomedcof.com.br\/blog\/wp-content\/uploads\/2024\/07\/Modelo-instituicoes-13-1.png\" \/>\n\t<meta property=\"og:image:width\" content=\"1920\" \/>\n\t<meta property=\"og:image:height\" content=\"1080\" \/>\n\t<meta property=\"og:image:type\" content=\"image\/png\" \/>\n<meta name=\"author\" content=\"Leila Menzel\" \/>\n<meta name=\"twitter:card\" content=\"summary_large_image\" \/>\n<meta name=\"twitter:label1\" content=\"Escrito por\" \/>\n\t<meta name=\"twitter:data1\" content=\"Leila Menzel\" \/>\n\t<meta name=\"twitter:label2\" content=\"Est. tempo de leitura\" \/>\n\t<meta name=\"twitter:data2\" content=\"20 minutos\" \/>\n<script type=\"application\/ld+json\" class=\"yoast-schema-graph\">{\"@context\":\"https:\\\/\\\/schema.org\",\"@graph\":[{\"@type\":\"Article\",\"@id\":\"https:\\\/\\\/www.grupomedcof.com.br\\\/blog\\\/residencia-medica-ses-pe\\\/#article\",\"isPartOf\":{\"@id\":\"https:\\\/\\\/www.grupomedcof.com.br\\\/blog\\\/residencia-medica-ses-pe\\\/\"},\"author\":{\"name\":\"Leila Menzel\",\"@id\":\"https:\\\/\\\/www.grupomedcof.com.br\\\/blog\\\/#\\\/schema\\\/person\\\/9a44c2184a836bf5ae6967fdb3a1451e\"},\"headline\":\"Resid\u00eancia M\u00e9dica SES-PE 2026: edital, vagas, concorr\u00eancia e mais!\",\"datePublished\":\"2026-01-22T17:49:31+00:00\",\"dateModified\":\"2026-01-22T17:49:34+00:00\",\"mainEntityOfPage\":{\"@id\":\"https:\\\/\\\/www.grupomedcof.com.br\\\/blog\\\/residencia-medica-ses-pe\\\/\"},\"wordCount\":3463,\"commentCount\":0,\"publisher\":{\"@id\":\"https:\\\/\\\/www.grupomedcof.com.br\\\/blog\\\/#organization\"},\"image\":{\"@id\":\"https:\\\/\\\/www.grupomedcof.com.br\\\/blog\\\/residencia-medica-ses-pe\\\/#primaryimage\"},\"thumbnailUrl\":\"https:\\\/\\\/www.grupomedcof.com.br\\\/blog\\\/wp-content\\\/uploads\\\/2024\\\/07\\\/Modelo-instituicoes-13-1.png\",\"keywords\":[\"Edital\",\"Provas\",\"Raio-X\",\"Resid\u00eancia M\u00e9dica\",\"SES-PE\"],\"articleSection\":[\"Raio-X Editais\"],\"inLanguage\":\"pt-BR\"},{\"@type\":\"WebPage\",\"@id\":\"https:\\\/\\\/www.grupomedcof.com.br\\\/blog\\\/residencia-medica-ses-pe\\\/\",\"url\":\"https:\\\/\\\/www.grupomedcof.com.br\\\/blog\\\/residencia-medica-ses-pe\\\/\",\"name\":\"Resid\u00eancia M\u00e9dica SES-PE 2026: edital, vagas, concorr\u00eancia e mais! - Blog de Medcof: conte\u00fados, editais, revalida e mais!\",\"isPartOf\":{\"@id\":\"https:\\\/\\\/www.grupomedcof.com.br\\\/blog\\\/#website\"},\"primaryImageOfPage\":{\"@id\":\"https:\\\/\\\/www.grupomedcof.com.br\\\/blog\\\/residencia-medica-ses-pe\\\/#primaryimage\"},\"image\":{\"@id\":\"https:\\\/\\\/www.grupomedcof.com.br\\\/blog\\\/residencia-medica-ses-pe\\\/#primaryimage\"},\"thumbnailUrl\":\"https:\\\/\\\/www.grupomedcof.com.br\\\/blog\\\/wp-content\\\/uploads\\\/2024\\\/07\\\/Modelo-instituicoes-13-1.png\",\"datePublished\":\"2026-01-22T17:49:31+00:00\",\"dateModified\":\"2026-01-22T17:49:34+00:00\",\"description\":\"Relembre como foi a \u00faltima edi\u00e7\u00e3o da prova de resid\u00eancia m\u00e9dica do SES-PE de 2025 e se prepare para a pr\u00f3xima...\",\"breadcrumb\":{\"@id\":\"https:\\\/\\\/www.grupomedcof.com.br\\\/blog\\\/residencia-medica-ses-pe\\\/#breadcrumb\"},\"inLanguage\":\"pt-BR\",\"potentialAction\":[{\"@type\":\"ReadAction\",\"target\":[\"https:\\\/\\\/www.grupomedcof.com.br\\\/blog\\\/residencia-medica-ses-pe\\\/\"]}]},{\"@type\":\"ImageObject\",\"inLanguage\":\"pt-BR\",\"@id\":\"https:\\\/\\\/www.grupomedcof.com.br\\\/blog\\\/residencia-medica-ses-pe\\\/#primaryimage\",\"url\":\"https:\\\/\\\/www.grupomedcof.com.br\\\/blog\\\/wp-content\\\/uploads\\\/2024\\\/07\\\/Modelo-instituicoes-13-1.png\",\"contentUrl\":\"https:\\\/\\\/www.grupomedcof.com.br\\\/blog\\\/wp-content\\\/uploads\\\/2024\\\/07\\\/Modelo-instituicoes-13-1.png\",\"width\":1920,\"height\":1080},{\"@type\":\"BreadcrumbList\",\"@id\":\"https:\\\/\\\/www.grupomedcof.com.br\\\/blog\\\/residencia-medica-ses-pe\\\/#breadcrumb\",\"itemListElement\":[{\"@type\":\"ListItem\",\"position\":1,\"name\":\"In\u00edcio\",\"item\":\"https:\\\/\\\/www.grupomedcof.com.br\\\/blog\\\/\"},{\"@type\":\"ListItem\",\"position\":2,\"name\":\"Resid\u00eancia M\u00e9dica SES-PE 2026: edital, vagas, concorr\u00eancia e mais!\"}]},{\"@type\":\"WebSite\",\"@id\":\"https:\\\/\\\/www.grupomedcof.com.br\\\/blog\\\/#website\",\"url\":\"https:\\\/\\\/www.grupomedcof.com.br\\\/blog\\\/\",\"name\":\"Blog de Medcof: conte\u00fados, editais, revalida e mais!\",\"description\":\"Acesso o blog de MedCof! Seu portal de conte\u00fados sobre resid\u00eancia m\u00e9dica, an\u00e1lise e editais e muito mais. Clique e confira!\",\"publisher\":{\"@id\":\"https:\\\/\\\/www.grupomedcof.com.br\\\/blog\\\/#organization\"},\"alternateName\":\"Blog de Medcof: conte\u00fados, editais, revalida e mais!\",\"potentialAction\":[{\"@type\":\"SearchAction\",\"target\":{\"@type\":\"EntryPoint\",\"urlTemplate\":\"https:\\\/\\\/www.grupomedcof.com.br\\\/blog\\\/?s={search_term_string}\"},\"query-input\":{\"@type\":\"PropertyValueSpecification\",\"valueRequired\":true,\"valueName\":\"search_term_string\"}}],\"inLanguage\":\"pt-BR\"},{\"@type\":\"Organization\",\"@id\":\"https:\\\/\\\/www.grupomedcof.com.br\\\/blog\\\/#organization\",\"name\":\"Grupo MedCof\",\"url\":\"https:\\\/\\\/www.grupomedcof.com.br\\\/blog\\\/\",\"logo\":{\"@type\":\"ImageObject\",\"inLanguage\":\"pt-BR\",\"@id\":\"https:\\\/\\\/www.grupomedcof.com.br\\\/blog\\\/#\\\/schema\\\/logo\\\/image\\\/\",\"url\":\"https:\\\/\\\/www.grupomedcof.com.br\\\/blog\\\/wp-content\\\/uploads\\\/2022\\\/01\\\/logo-medcof.png\",\"contentUrl\":\"https:\\\/\\\/www.grupomedcof.com.br\\\/blog\\\/wp-content\\\/uploads\\\/2022\\\/01\\\/logo-medcof.png\",\"width\":768,\"height\":269,\"caption\":\"Grupo MedCof\"},\"image\":{\"@id\":\"https:\\\/\\\/www.grupomedcof.com.br\\\/blog\\\/#\\\/schema\\\/logo\\\/image\\\/\"},\"sameAs\":[\"https:\\\/\\\/www.facebook.com\\\/MedCofQbank\\\/\",\"https:\\\/\\\/www.instagram.com\\\/grupomedcof\\\/\",\"https:\\\/\\\/br.linkedin.com\\\/company\\\/medcof\",\"https:\\\/\\\/www.youtube.com\\\/channel\\\/UCdHMuOHKICxcHwecxN8P-AA\"]},{\"@type\":\"Person\",\"@id\":\"https:\\\/\\\/www.grupomedcof.com.br\\\/blog\\\/#\\\/schema\\\/person\\\/9a44c2184a836bf5ae6967fdb3a1451e\",\"name\":\"Leila Menzel\",\"image\":{\"@type\":\"ImageObject\",\"inLanguage\":\"pt-BR\",\"@id\":\"https:\\\/\\\/www.grupomedcof.com.br\\\/blog\\\/wp-content\\\/uploads\\\/2025\\\/09\\\/cropped-eu-96x96.jpeg19a74936d997c0a8b3031618467fa1d0\",\"url\":\"https:\\\/\\\/www.grupomedcof.com.br\\\/blog\\\/wp-content\\\/uploads\\\/2025\\\/09\\\/cropped-eu-96x96.jpeg\",\"contentUrl\":\"https:\\\/\\\/www.grupomedcof.com.br\\\/blog\\\/wp-content\\\/uploads\\\/2025\\\/09\\\/cropped-eu-96x96.jpeg\",\"caption\":\"Leila Menzel\"},\"description\":\"Estudante do 6\u00b0 semestre de jornalismo, amo e escrevo poesias e viajo em livros de romances clich\u00eas.\",\"url\":\"https:\\\/\\\/www.grupomedcof.com.br\\\/blog\\\/author\\\/leila-menzel\\\/\"}]}<\/script>\n<!-- \/ Yoast SEO Premium plugin. -->","yoast_head_json":{"title":"Resid\u00eancia M\u00e9dica SES-PE 2026: edital, vagas, concorr\u00eancia e mais! - Blog de Medcof: conte\u00fados, editais, revalida e mais!","description":"Relembre como foi a \u00faltima edi\u00e7\u00e3o da prova de resid\u00eancia m\u00e9dica do SES-PE de 2025 e se prepare para a pr\u00f3xima...","robots":{"index":"index","follow":"follow","max-snippet":"max-snippet:-1","max-image-preview":"max-image-preview:large","max-video-preview":"max-video-preview:-1"},"canonical":"https:\/\/www.grupomedcof.com.br\/blog\/residencia-medica-ses-pe\/","og_locale":"pt_BR","og_type":"article","og_title":"Resid\u00eancia M\u00e9dica SES-PE 2026: edital, vagas, concorr\u00eancia e mais!","og_description":"Relembre como foi a \u00faltima edi\u00e7\u00e3o da prova de resid\u00eancia m\u00e9dica do SES-PE de 2025 e se prepare para a pr\u00f3xima...","og_url":"https:\/\/www.grupomedcof.com.br\/blog\/residencia-medica-ses-pe\/","og_site_name":"Blog de Medcof: conte\u00fados, editais, revalida e mais!","article_publisher":"https:\/\/www.facebook.com\/MedCofQbank\/","article_published_time":"2026-01-22T17:49:31+00:00","article_modified_time":"2026-01-22T17:49:34+00:00","og_image":[{"width":1920,"height":1080,"url":"https:\/\/www.grupomedcof.com.br\/blog\/wp-content\/uploads\/2024\/07\/Modelo-instituicoes-13-1.png","type":"image\/png"}],"author":"Leila Menzel","twitter_card":"summary_large_image","twitter_misc":{"Escrito por":"Leila Menzel","Est. tempo de leitura":"20 minutos"},"schema":{"@context":"https:\/\/schema.org","@graph":[{"@type":"Article","@id":"https:\/\/www.grupomedcof.com.br\/blog\/residencia-medica-ses-pe\/#article","isPartOf":{"@id":"https:\/\/www.grupomedcof.com.br\/blog\/residencia-medica-ses-pe\/"},"author":{"name":"Leila Menzel","@id":"https:\/\/www.grupomedcof.com.br\/blog\/#\/schema\/person\/9a44c2184a836bf5ae6967fdb3a1451e"},"headline":"Resid\u00eancia M\u00e9dica SES-PE 2026: edital, vagas, concorr\u00eancia e mais!","datePublished":"2026-01-22T17:49:31+00:00","dateModified":"2026-01-22T17:49:34+00:00","mainEntityOfPage":{"@id":"https:\/\/www.grupomedcof.com.br\/blog\/residencia-medica-ses-pe\/"},"wordCount":3463,"commentCount":0,"publisher":{"@id":"https:\/\/www.grupomedcof.com.br\/blog\/#organization"},"image":{"@id":"https:\/\/www.grupomedcof.com.br\/blog\/residencia-medica-ses-pe\/#primaryimage"},"thumbnailUrl":"https:\/\/www.grupomedcof.com.br\/blog\/wp-content\/uploads\/2024\/07\/Modelo-instituicoes-13-1.png","keywords":["Edital","Provas","Raio-X","Resid\u00eancia M\u00e9dica","SES-PE"],"articleSection":["Raio-X Editais"],"inLanguage":"pt-BR"},{"@type":"WebPage","@id":"https:\/\/www.grupomedcof.com.br\/blog\/residencia-medica-ses-pe\/","url":"https:\/\/www.grupomedcof.com.br\/blog\/residencia-medica-ses-pe\/","name":"Resid\u00eancia M\u00e9dica SES-PE 2026: edital, vagas, concorr\u00eancia e mais! - Blog de Medcof: conte\u00fados, editais, revalida e mais!","isPartOf":{"@id":"https:\/\/www.grupomedcof.com.br\/blog\/#website"},"primaryImageOfPage":{"@id":"https:\/\/www.grupomedcof.com.br\/blog\/residencia-medica-ses-pe\/#primaryimage"},"image":{"@id":"https:\/\/www.grupomedcof.com.br\/blog\/residencia-medica-ses-pe\/#primaryimage"},"thumbnailUrl":"https:\/\/www.grupomedcof.com.br\/blog\/wp-content\/uploads\/2024\/07\/Modelo-instituicoes-13-1.png","datePublished":"2026-01-22T17:49:31+00:00","dateModified":"2026-01-22T17:49:34+00:00","description":"Relembre como foi a \u00faltima edi\u00e7\u00e3o da prova de resid\u00eancia m\u00e9dica do SES-PE de 2025 e se prepare para a pr\u00f3xima...","breadcrumb":{"@id":"https:\/\/www.grupomedcof.com.br\/blog\/residencia-medica-ses-pe\/#breadcrumb"},"inLanguage":"pt-BR","potentialAction":[{"@type":"ReadAction","target":["https:\/\/www.grupomedcof.com.br\/blog\/residencia-medica-ses-pe\/"]}]},{"@type":"ImageObject","inLanguage":"pt-BR","@id":"https:\/\/www.grupomedcof.com.br\/blog\/residencia-medica-ses-pe\/#primaryimage","url":"https:\/\/www.grupomedcof.com.br\/blog\/wp-content\/uploads\/2024\/07\/Modelo-instituicoes-13-1.png","contentUrl":"https:\/\/www.grupomedcof.com.br\/blog\/wp-content\/uploads\/2024\/07\/Modelo-instituicoes-13-1.png","width":1920,"height":1080},{"@type":"BreadcrumbList","@id":"https:\/\/www.grupomedcof.com.br\/blog\/residencia-medica-ses-pe\/#breadcrumb","itemListElement":[{"@type":"ListItem","position":1,"name":"In\u00edcio","item":"https:\/\/www.grupomedcof.com.br\/blog\/"},{"@type":"ListItem","position":2,"name":"Resid\u00eancia M\u00e9dica SES-PE 2026: edital, vagas, concorr\u00eancia e mais!"}]},{"@type":"WebSite","@id":"https:\/\/www.grupomedcof.com.br\/blog\/#website","url":"https:\/\/www.grupomedcof.com.br\/blog\/","name":"Blog de Medcof: conte\u00fados, editais, revalida e mais!","description":"Acesso o blog de MedCof! Seu portal de conte\u00fados sobre resid\u00eancia m\u00e9dica, an\u00e1lise e editais e muito mais. Clique e confira!","publisher":{"@id":"https:\/\/www.grupomedcof.com.br\/blog\/#organization"},"alternateName":"Blog de Medcof: conte\u00fados, editais, revalida e mais!","potentialAction":[{"@type":"SearchAction","target":{"@type":"EntryPoint","urlTemplate":"https:\/\/www.grupomedcof.com.br\/blog\/?s={search_term_string}"},"query-input":{"@type":"PropertyValueSpecification","valueRequired":true,"valueName":"search_term_string"}}],"inLanguage":"pt-BR"},{"@type":"Organization","@id":"https:\/\/www.grupomedcof.com.br\/blog\/#organization","name":"Grupo MedCof","url":"https:\/\/www.grupomedcof.com.br\/blog\/","logo":{"@type":"ImageObject","inLanguage":"pt-BR","@id":"https:\/\/www.grupomedcof.com.br\/blog\/#\/schema\/logo\/image\/","url":"https:\/\/www.grupomedcof.com.br\/blog\/wp-content\/uploads\/2022\/01\/logo-medcof.png","contentUrl":"https:\/\/www.grupomedcof.com.br\/blog\/wp-content\/uploads\/2022\/01\/logo-medcof.png","width":768,"height":269,"caption":"Grupo MedCof"},"image":{"@id":"https:\/\/www.grupomedcof.com.br\/blog\/#\/schema\/logo\/image\/"},"sameAs":["https:\/\/www.facebook.com\/MedCofQbank\/","https:\/\/www.instagram.com\/grupomedcof\/","https:\/\/br.linkedin.com\/company\/medcof","https:\/\/www.youtube.com\/channel\/UCdHMuOHKICxcHwecxN8P-AA"]},{"@type":"Person","@id":"https:\/\/www.grupomedcof.com.br\/blog\/#\/schema\/person\/9a44c2184a836bf5ae6967fdb3a1451e","name":"Leila Menzel","image":{"@type":"ImageObject","inLanguage":"pt-BR","@id":"https:\/\/www.grupomedcof.com.br\/blog\/wp-content\/uploads\/2025\/09\/cropped-eu-96x96.jpeg19a74936d997c0a8b3031618467fa1d0","url":"https:\/\/www.grupomedcof.com.br\/blog\/wp-content\/uploads\/2025\/09\/cropped-eu-96x96.jpeg","contentUrl":"https:\/\/www.grupomedcof.com.br\/blog\/wp-content\/uploads\/2025\/09\/cropped-eu-96x96.jpeg","caption":"Leila Menzel"},"description":"Estudante do 6\u00b0 semestre de jornalismo, amo e escrevo poesias e viajo em livros de romances clich\u00eas.","url":"https:\/\/www.grupomedcof.com.br\/blog\/author\/leila-menzel\/"}]}},"authors":[{"term_id":3616,"user_id":20,"is_guest":0,"slug":"leila-menzel","display_name":"Leila Menzel","avatar_url":"https:\/\/www.grupomedcof.com.br\/blog\/wp-content\/uploads\/2025\/09\/cropped-eu-96x96.jpeg","0":null,"1":"","2":"","3":"","4":"","5":"","6":"","7":"","8":""}],"_links":{"self":[{"href":"https:\/\/www.grupomedcof.com.br\/blog\/wp-json\/wp\/v2\/posts\/27970","targetHints":{"allow":["GET"]}}],"collection":[{"href":"https:\/\/www.grupomedcof.com.br\/blog\/wp-json\/wp\/v2\/posts"}],"about":[{"href":"https:\/\/www.grupomedcof.com.br\/blog\/wp-json\/wp\/v2\/types\/post"}],"author":[{"embeddable":true,"href":"https:\/\/www.grupomedcof.com.br\/blog\/wp-json\/wp\/v2\/users\/20"}],"replies":[{"embeddable":true,"href":"https:\/\/www.grupomedcof.com.br\/blog\/wp-json\/wp\/v2\/comments?post=27970"}],"version-history":[{"count":1,"href":"https:\/\/www.grupomedcof.com.br\/blog\/wp-json\/wp\/v2\/posts\/27970\/revisions"}],"predecessor-version":[{"id":40881,"href":"https:\/\/www.grupomedcof.com.br\/blog\/wp-json\/wp\/v2\/posts\/27970\/revisions\/40881"}],"wp:featuredmedia":[{"embeddable":true,"href":"https:\/\/www.grupomedcof.com.br\/blog\/wp-json\/wp\/v2\/media\/27971"}],"wp:attachment":[{"href":"https:\/\/www.grupomedcof.com.br\/blog\/wp-json\/wp\/v2\/media?parent=27970"}],"wp:term":[{"taxonomy":"category","embeddable":true,"href":"https:\/\/www.grupomedcof.com.br\/blog\/wp-json\/wp\/v2\/categories?post=27970"},{"taxonomy":"post_tag","embeddable":true,"href":"https:\/\/www.grupomedcof.com.br\/blog\/wp-json\/wp\/v2\/tags?post=27970"},{"taxonomy":"author","embeddable":true,"href":"https:\/\/www.grupomedcof.com.br\/blog\/wp-json\/wp\/v2\/ppma_author?post=27970"}],"curies":[{"name":"wp","href":"https:\/\/api.w.org\/{rel}","templated":true}]}}