{"id":28000,"date":"2026-04-13T11:11:07","date_gmt":"2026-04-13T14:11:07","guid":{"rendered":"https:\/\/www.grupomedcof.com.br\/blog\/?p=28000"},"modified":"2026-04-13T14:04:16","modified_gmt":"2026-04-13T17:04:16","slug":"residencia-medica-fmabc","status":"publish","type":"post","link":"https:\/\/www.grupomedcof.com.br\/blog\/residencia-medica-fmabc\/","title":{"rendered":"Resid\u00eancia M\u00e9dica FMABC 2026: vagas, resultados, notas de corte e mais!"},"content":{"rendered":"<div id=\"ez-toc-container\" class=\"ez-toc-v2_0_74 counter-hierarchy ez-toc-counter ez-toc-transparent ez-toc-container-direction\">\n<div class=\"ez-toc-title-container\">\n<p class=\"ez-toc-title\" style=\"cursor:inherit\">Sum\u00e1rio<\/p>\n<span class=\"ez-toc-title-toggle\"><a href=\"#\" class=\"ez-toc-pull-right ez-toc-btn ez-toc-btn-xs ez-toc-btn-default ez-toc-toggle\" aria-label=\"Alternar tabela de conte\u00fado\"><span class=\"ez-toc-js-icon-con\"><span class=\"\"><span class=\"eztoc-hide\" style=\"display:none;\">Toggle<\/span><span class=\"ez-toc-icon-toggle-span\"><svg style=\"fill: #999;color:#999\" xmlns=\"http:\/\/www.w3.org\/2000\/svg\" class=\"list-377408\" width=\"20px\" height=\"20px\" viewBox=\"0 0 24 24\" fill=\"none\"><path d=\"M6 6H4v2h2V6zm14 0H8v2h12V6zM4 11h2v2H4v-2zm16 0H8v2h12v-2zM4 16h2v2H4v-2zm16 0H8v2h12v-2z\" fill=\"currentColor\"><\/path><\/svg><svg style=\"fill: #999;color:#999\" class=\"arrow-unsorted-368013\" xmlns=\"http:\/\/www.w3.org\/2000\/svg\" width=\"10px\" height=\"10px\" viewBox=\"0 0 24 24\" version=\"1.2\" baseProfile=\"tiny\"><path d=\"M18.2 9.3l-6.2-6.3-6.2 6.3c-.2.2-.3.4-.3.7s.1.5.3.7c.2.2.4.3.7.3h11c.3 0 .5-.1.7-.3.2-.2.3-.5.3-.7s-.1-.5-.3-.7zM5.8 14.7l6.2 6.3 6.2-6.3c.2-.2.3-.5.3-.7s-.1-.5-.3-.7c-.2-.2-.4-.3-.7-.3h-11c-.3 0-.5.1-.7.3-.2.2-.3.5-.3.7s.1.5.3.7z\"\/><\/svg><\/span><\/span><\/span><\/a><\/span><\/div>\n<nav><ul class='ez-toc-list ez-toc-list-level-1 ' ><li class='ez-toc-page-1 ez-toc-heading-level-2'><a class=\"ez-toc-link ez-toc-heading-1\" href=\"https:\/\/www.grupomedcof.com.br\/blog\/residencia-medica-fmabc\/#Edital_FMABC_20252026\" >Edital FMABC 2025\/2026<\/a><ul class='ez-toc-list-level-3' ><li class='ez-toc-heading-level-3'><a class=\"ez-toc-link ez-toc-heading-2\" href=\"https:\/\/www.grupomedcof.com.br\/blog\/residencia-medica-fmabc\/#Inscricoes\" >Inscri\u00e7\u00f5es<\/a><\/li><\/ul><\/li><li class='ez-toc-page-1 ez-toc-heading-level-2'><a class=\"ez-toc-link ez-toc-heading-3\" href=\"https:\/\/www.grupomedcof.com.br\/blog\/residencia-medica-fmabc\/#Cronograma_FMABC_20252026\" >Cronograma FMABC 2025\/2026<\/a><\/li><li class='ez-toc-page-1 ez-toc-heading-level-2'><a class=\"ez-toc-link ez-toc-heading-4\" href=\"https:\/\/www.grupomedcof.com.br\/blog\/residencia-medica-fmabc\/#Vagas_disponiveis\" >Vagas dispon\u00edveis<\/a><ul class='ez-toc-list-level-3' ><li class='ez-toc-heading-level-3'><a class=\"ez-toc-link ez-toc-heading-5\" href=\"https:\/\/www.grupomedcof.com.br\/blog\/residencia-medica-fmabc\/#Acesso_Direto\" >Acesso Direto<\/a><\/li><li class='ez-toc-page-1 ez-toc-heading-level-3'><a class=\"ez-toc-link ez-toc-heading-6\" href=\"https:\/\/www.grupomedcof.com.br\/blog\/residencia-medica-fmabc\/#Pre-Requisito_Cirurgia\" >Pr\u00e9-Requisito Cirurgia<\/a><\/li><li class='ez-toc-page-1 ez-toc-heading-level-3'><a class=\"ez-toc-link ez-toc-heading-7\" href=\"https:\/\/www.grupomedcof.com.br\/blog\/residencia-medica-fmabc\/#Pre-Requisito_Clinica_Medica\" >Pr\u00e9-Requisito Cl\u00ednica M\u00e9dica<\/a><\/li><li class='ez-toc-page-1 ez-toc-heading-level-3'><a class=\"ez-toc-link ez-toc-heading-8\" href=\"https:\/\/www.grupomedcof.com.br\/blog\/residencia-medica-fmabc\/#Pre-Requisito_Endoscopia\" >Pr\u00e9-Requisito Endoscopia<\/a><\/li><li class='ez-toc-page-1 ez-toc-heading-level-3'><a class=\"ez-toc-link ez-toc-heading-9\" href=\"https:\/\/www.grupomedcof.com.br\/blog\/residencia-medica-fmabc\/#Pre-Requisito_Cirurgia_da_Mao\" >Pr\u00e9-Requisito Cirurgia da M\u00e3o<\/a><\/li><li class='ez-toc-page-1 ez-toc-heading-level-3'><a class=\"ez-toc-link ez-toc-heading-10\" href=\"https:\/\/www.grupomedcof.com.br\/blog\/residencia-medica-fmabc\/#Pre-Requisito_Cirurgia_de_Cabeca_e_Pescoco\" >Pr\u00e9-Requisito Cirurgia de Cabe\u00e7a e Pesco\u00e7o<\/a><\/li><li class='ez-toc-page-1 ez-toc-heading-level-3'><a class=\"ez-toc-link ez-toc-heading-11\" href=\"https:\/\/www.grupomedcof.com.br\/blog\/residencia-medica-fmabc\/#Pre-Requisito_Pediatria\" >Pr\u00e9-Requisito Pediatria<\/a><\/li><li class='ez-toc-page-1 ez-toc-heading-level-3'><a class=\"ez-toc-link ez-toc-heading-12\" href=\"https:\/\/www.grupomedcof.com.br\/blog\/residencia-medica-fmabc\/#Pre-Requisito_Mastologia\" >Pr\u00e9-Requisito Mastologia<\/a><\/li><li class='ez-toc-page-1 ez-toc-heading-level-3'><a class=\"ez-toc-link ez-toc-heading-13\" href=\"https:\/\/www.grupomedcof.com.br\/blog\/residencia-medica-fmabc\/#Pre-Requisito_Neuropediatria\" >Pr\u00e9-Requisito Neuropediatria<\/a><\/li><li class='ez-toc-page-1 ez-toc-heading-level-3'><a class=\"ez-toc-link ez-toc-heading-14\" href=\"https:\/\/www.grupomedcof.com.br\/blog\/residencia-medica-fmabc\/#Pre-Requisito_Angiorradiologia\" >Pr\u00e9-Requisito Angiorradiologia<\/a><\/li><li class='ez-toc-page-1 ez-toc-heading-level-3'><a class=\"ez-toc-link ez-toc-heading-15\" href=\"https:\/\/www.grupomedcof.com.br\/blog\/residencia-medica-fmabc\/#Vagas_trancadas\" >Vagas trancadas<\/a><\/li><\/ul><\/li><li class='ez-toc-page-1 ez-toc-heading-level-2'><a class=\"ez-toc-link ez-toc-heading-16\" href=\"https:\/\/www.grupomedcof.com.br\/blog\/residencia-medica-fmabc\/#Processo_Seletivo\" >Processo Seletivo<\/a><ul class='ez-toc-list-level-3' ><li class='ez-toc-heading-level-3'><a class=\"ez-toc-link ez-toc-heading-17\" href=\"https:\/\/www.grupomedcof.com.br\/blog\/residencia-medica-fmabc\/#Prova_objetiva\" >Prova objetiva<\/a><\/li><li class='ez-toc-page-1 ez-toc-heading-level-3'><a class=\"ez-toc-link ez-toc-heading-18\" href=\"https:\/\/www.grupomedcof.com.br\/blog\/residencia-medica-fmabc\/#Analise_curricular\" >An\u00e1lise curricular<\/a><\/li><\/ul><\/li><li class='ez-toc-page-1 ez-toc-heading-level-2'><a class=\"ez-toc-link ez-toc-heading-19\" href=\"https:\/\/www.grupomedcof.com.br\/blog\/residencia-medica-fmabc\/#Definicao_da_nota\" >Defini\u00e7\u00e3o da nota<\/a><ul class='ez-toc-list-level-3' ><li class='ez-toc-heading-level-3'><a class=\"ez-toc-link ez-toc-heading-20\" href=\"https:\/\/www.grupomedcof.com.br\/blog\/residencia-medica-fmabc\/#Criterios_de_desempate\" >Crit\u00e9rios de desempate<\/a><\/li><\/ul><\/li><li class='ez-toc-page-1 ez-toc-heading-level-2'><a class=\"ez-toc-link ez-toc-heading-21\" href=\"https:\/\/www.grupomedcof.com.br\/blog\/residencia-medica-fmabc\/#Gabarito_Definitivo\" >Gabarito Definitivo<\/a><\/li><li class='ez-toc-page-1 ez-toc-heading-level-2'><a class=\"ez-toc-link ez-toc-heading-22\" href=\"https:\/\/www.grupomedcof.com.br\/blog\/residencia-medica-fmabc\/#Resultado_Preliminar_da_Selecao\" >Resultado Preliminar da Sele\u00e7\u00e3o<\/a><\/li><li class='ez-toc-page-1 ez-toc-heading-level-2'><a class=\"ez-toc-link ez-toc-heading-23\" href=\"https:\/\/www.grupomedcof.com.br\/blog\/residencia-medica-fmabc\/#Resultado_Final_FMABC_2026\" >Resultado Final FMABC 2026<\/a><\/li><li class='ez-toc-page-1 ez-toc-heading-level-2'><a class=\"ez-toc-link ez-toc-heading-24\" href=\"https:\/\/www.grupomedcof.com.br\/blog\/residencia-medica-fmabc\/#Concorrencia_FMABC_20252026\" >Concorr\u00eancia FMABC 2025\/2026<\/a><\/li><li class='ez-toc-page-1 ez-toc-heading-level-2'><a class=\"ez-toc-link ez-toc-heading-25\" href=\"https:\/\/www.grupomedcof.com.br\/blog\/residencia-medica-fmabc\/#Notas_de_corte_de_residencia_medica_da_FMABC\" >Notas de corte de resid\u00eancia m\u00e9dica da FMABC<\/a><\/li><li class='ez-toc-page-1 ez-toc-heading-level-2'><a class=\"ez-toc-link ez-toc-heading-26\" href=\"https:\/\/www.grupomedcof.com.br\/blog\/residencia-medica-fmabc\/#Prepare-se_conosco_para_a_prova_de_residencia_da_FMABC_20262027\" >Prepare-se conosco para a prova de resid\u00eancia da FMABC 2026\/2027!<\/a><\/li><\/ul><\/nav><\/div>\n\n<figure class=\"wp-block-image size-large\"><img loading=\"lazy\" decoding=\"async\" width=\"1024\" height=\"576\" src=\"https:\/\/www.grupomedcof.com.br\/blog\/wp-content\/uploads\/2024\/07\/Modelo-instituicoes-14-1-1024x576.png\" alt=\"\" class=\"wp-image-28003\" srcset=\"https:\/\/www.grupomedcof.com.br\/blog\/wp-content\/uploads\/2024\/07\/Modelo-instituicoes-14-1-1024x576.png 1024w, https:\/\/www.grupomedcof.com.br\/blog\/wp-content\/uploads\/2024\/07\/Modelo-instituicoes-14-1-300x169.png 300w, https:\/\/www.grupomedcof.com.br\/blog\/wp-content\/uploads\/2024\/07\/Modelo-instituicoes-14-1-768x432.png 768w, https:\/\/www.grupomedcof.com.br\/blog\/wp-content\/uploads\/2024\/07\/Modelo-instituicoes-14-1-1536x864.png 1536w, https:\/\/www.grupomedcof.com.br\/blog\/wp-content\/uploads\/2024\/07\/Modelo-instituicoes-14-1-747x420.png 747w, https:\/\/www.grupomedcof.com.br\/blog\/wp-content\/uploads\/2024\/07\/Modelo-instituicoes-14-1-150x84.png 150w, https:\/\/www.grupomedcof.com.br\/blog\/wp-content\/uploads\/2024\/07\/Modelo-instituicoes-14-1-696x392.png 696w, https:\/\/www.grupomedcof.com.br\/blog\/wp-content\/uploads\/2024\/07\/Modelo-instituicoes-14-1-1068x601.png 1068w, https:\/\/www.grupomedcof.com.br\/blog\/wp-content\/uploads\/2024\/07\/Modelo-instituicoes-14-1.png 1920w\" sizes=\"auto, (max-width: 1024px) 100vw, 1024px\" \/><\/figure>\n\n\n\n<p>Confira todas as informa\u00e7\u00f5es do processo seletivo da&nbsp;<strong><strong>Faculdade de Medicina do ABC<\/strong><\/strong> <strong>(FMABC)<\/strong>&nbsp;de 2025!<\/p>\n\n\n\n<h2 class=\"wp-block-heading\" id=\"h-edital-fmabc-2025-2026\"><span class=\"ez-toc-section\" id=\"Edital_FMABC_20252026\"><\/span><strong>Edital FMABC 2025\/2026<\/strong><span class=\"ez-toc-section-end\"><\/span><\/h2>\n\n\n\n<p>A <strong><strong>Faculdade de Medicina do ABC<\/strong><\/strong> <strong>(FMABC)<\/strong> divulgou o <a href=\"https:\/\/www.grupomedcof.com.br\/blog\/edital-fmabc\/\" target=\"_blank\" rel=\"noreferrer noopener\"><strong>edital,<\/strong><\/a> ofertando 183 vagas divididas em especialidades de\u00a0<strong>acesso direto<\/strong>\u00a0e com\u00a0<strong>pr\u00e9-requisito<\/strong>. Al\u00e9m disso, h\u00e1 tamb\u00e9m as vagas da SMS-SBC, que ao total foram 49.<\/p>\n\n\n\n<p>Assim, os candidatos receberam informa\u00e7\u00f5es sobre datas, inscri\u00e7\u00f5es, processo seletivo, vagas ofertadas, taxa de inscri\u00e7\u00e3o e matr\u00edculas.<\/p>\n\n\n\n<h3 class=\"wp-block-heading\" id=\"h-inscricoes\"><span class=\"ez-toc-section\" id=\"Inscricoes\"><\/span><strong>Inscri\u00e7\u00f5es<\/strong><span class=\"ez-toc-section-end\"><\/span><\/h3>\n\n\n\n<p>Para se inscrever na resid\u00eancia m\u00e9dica da FMABC, \u00e9 necess\u00e1rio acessar o site do Instituto Avalia (banca respons\u00e1vel pelo seletivo)&nbsp; durante o per\u00edodo de inscri\u00e7\u00f5es e realizar o pagamento da taxa no valor estipulado.<\/p>\n\n\n\n<p>As inscri\u00e7\u00f5es ocorreram entre os dias&nbsp;<strong>09 de outubro e 18 de novembro de 2025<\/strong>, com a taxa no valor de&nbsp;<strong>R$650,00.<\/strong><\/p>\n\n\n\n<h2 class=\"wp-block-heading\" id=\"h-cronograma-fmabc-2025-2026\"><span class=\"ez-toc-section\" id=\"Cronograma_FMABC_20252026\"><\/span><strong>Cronograma FMABC 2025\/2026<\/strong><span class=\"ez-toc-section-end\"><\/span><\/h2>\n\n\n\n<figure class=\"wp-block-table\"><table class=\"has-fixed-layout\"><tbody><tr><td><strong>Total de vagas ofertadas<\/strong><\/td><td>232<\/td><\/tr><tr><td><strong>Inscri\u00e7\u00f5es<\/strong><\/td><td>09\/10 a 18\/11\/2025<\/td><\/tr><tr><td><strong>Taxa de inscri\u00e7\u00e3o<\/strong><\/td><td>R$650<\/td><\/tr><tr><td><strong>Composi\u00e7\u00e3o do processo seletivo<\/strong><\/td><td>1\u00aa etapa: Prova Objetiva (90%) + 2\u00aa etapa: An\u00e1lise Curricular (10%)<\/td><\/tr><tr><td><strong>Data da prova<\/strong><\/td><td>13\/12\/2025<\/td><\/tr><tr><td><strong>Gabarito preliminar<\/strong><\/td><td>15\/12\/2025<\/td><\/tr><tr><td><strong>Envio do curr\u00edculo<\/strong><\/td><td>09\/10 a 19\/11\/2025<\/td><\/tr><tr><td><strong>Resultado final<\/strong><\/td><td>10\/02\/2026<\/td><\/tr><\/tbody><\/table><\/figure>\n\n\n\n<h2 class=\"wp-block-heading\" id=\"vagas-dispon\u00edveis\"><span class=\"ez-toc-section\" id=\"Vagas_disponiveis\"><\/span><strong>Vagas dispon\u00edveis<\/strong><span class=\"ez-toc-section-end\"><\/span><\/h2>\n\n\n\n<p>Confira abaixo todas as vagas ofertadas pela FMABC e PMSBC.<\/p>\n\n\n\n<h3 class=\"wp-block-heading\" id=\"h-acesso-direto\"><span class=\"ez-toc-section\" id=\"Acesso_Direto\"><\/span><strong>Acesso Direto<\/strong><span class=\"ez-toc-section-end\"><\/span><\/h3>\n\n\n\n<figure class=\"wp-block-table\"><table class=\"has-fixed-layout\"><tbody><tr><td><strong>Programa<\/strong><\/td><td><strong>Vagas AC<\/strong><\/td><td><strong>Vagas Cotas PPP<\/strong><\/td><td><strong>Vagas Ind\u00edgenas<\/strong><\/td><\/tr><tr><td>Anestesiologia \u2013 FMABC<\/td><td>10<\/td><td>3<\/td><td>0<\/td><\/tr><tr><td>Anestesiologia \u2013 SMS-SBC<\/td><td>4<\/td><td>2<\/td><td>0<\/td><\/tr><tr><td>Cirurgia Cardiovascular<\/td><td>1<\/td><td>0<\/td><td>0<\/td><\/tr><tr><td>Cirurgia Geral \u2013 FMABC<\/td><td>7<\/td><td>3<\/td><td>0<\/td><\/tr><tr><td>Cirurgia Geral \u2013 SMS-SBC<\/td><td>4<\/td><td>2<\/td><td>0<\/td><\/tr><tr><td>Cl\u00ednica M\u00e9dica \u2013 FMABC<\/td><td>17<\/td><td>6<\/td><td>1<\/td><\/tr><tr><td>Cl\u00ednica M\u00e9dica \u2013 SMS-SBC<\/td><td>4<\/td><td>2<\/td><td>0<\/td><\/tr><tr><td>Infectologia<\/td><td>1<\/td><td>1<\/td><td>0<\/td><\/tr><tr><td>Medicina de Fam\u00edlia e Comunidade \u2013 FMABC<\/td><td>4<\/td><td>1<\/td><td>0<\/td><\/tr><tr><td>Medicina de Fam\u00edlia e Comunidade \u2013 SMS-SBC<\/td><td>7<\/td><td>3<\/td><td>0<\/td><\/tr><tr><td>Medicina do Trabalho<\/td><td>1<\/td><td>1<\/td><td>0<\/td><\/tr><tr><td>Neurocirurgia<\/td><td>1<\/td><td>1<\/td><td>0<\/td><\/tr><tr><td>Neurocirurgia \u2013 SMS \u2013 SBC<\/td><td>1<\/td><td>1<\/td><td>0<\/td><\/tr><tr><td>Neurologia<\/td><td>3<\/td><td>1<\/td><td>0<\/td><\/tr><tr><td>Obstetr\u00edcia e Ginecologia \u2013 FMABC<\/td><td>8<\/td><td>3<\/td><td>0<\/td><\/tr><tr><td>Obstetr\u00edcia e Ginecologia \u2013 SMS-SBC<\/td><td>4<\/td><td>2<\/td><td>0<\/td><\/tr><tr><td>Oftalmologia<\/td><td>4<\/td><td>2<\/td><td>0<\/td><\/tr><tr><td>Ortopedia e Traumatologia<\/td><td>7<\/td><td>3<\/td><td>0<\/td><\/tr><tr><td>Otorrinolaringologia<\/td><td>4<\/td><td>1<\/td><td>0<\/td><\/tr><tr><td>Pediatria \u2013 FMABC<\/td><td>9<\/td><td>3<\/td><td>0<\/td><\/tr><tr><td>Pediatria \u2013 SMS-SBC<\/td><td>4<\/td><td>3<\/td><td>0<\/td><\/tr><tr><td>Psiquiatria \u2013 FMABC<\/td><td>6<\/td><td>2<\/td><td>0<\/td><\/tr><tr><td>Psiquiatria \u2013 SMS-SBC<\/td><td>4<\/td><td>2<\/td><td>0<\/td><\/tr><tr><td>Radiologia e Diagn\u00f3stico por Imagem<\/td><td>1<\/td><td>1<\/td><td>0<\/td><\/tr><\/tbody><\/table><\/figure>\n\n\n\n<h3 class=\"wp-block-heading\" id=\"h-pre-requisito-cirurgia\"><span class=\"ez-toc-section\" id=\"Pre-Requisito_Cirurgia\"><\/span><strong>Pr\u00e9-Requisito Cirurgia<\/strong><span class=\"ez-toc-section-end\"><\/span><\/h3>\n\n\n\n<figure class=\"wp-block-table\"><table class=\"has-fixed-layout\"><tbody><tr><td><strong>Programa<\/strong><\/td><td><strong>Vagas AC<\/strong><\/td><td><strong>Vagas Cotas PPP<\/strong><\/td><td><strong>Vagas Ind\u00edgenas<\/strong><\/td><\/tr><tr><td>Cirurgia Aparelho Digestivo<\/td><td>1<\/td><td>1<\/td><td>0<\/td><\/tr><tr><td>Cirurgia Pedi\u00e1trica<\/td><td>1<\/td><td>0<\/td><td>0<\/td><\/tr><tr><td>Cirurgia Pl\u00e1stica<\/td><td>3<\/td><td>1<\/td><td>0<\/td><\/tr><tr><td>Cirurgia Vascular<\/td><td>4<\/td><td>2<\/td><td>0<\/td><\/tr><tr><td>Coloproctologia<\/td><td>2<\/td><td>1<\/td><td>0<\/td><\/tr><tr><td>Urologia<\/td><td>4<\/td><td>2<\/td><td>0<\/td><\/tr><\/tbody><\/table><\/figure>\n\n\n\n<h3 class=\"wp-block-heading\" id=\"h-pre-requisito-clinica-medica\"><span class=\"ez-toc-section\" id=\"Pre-Requisito_Clinica_Medica\"><\/span><strong>Pr\u00e9-Requisito Cl\u00ednica M\u00e9dica<\/strong><span class=\"ez-toc-section-end\"><\/span><\/h3>\n\n\n\n<figure class=\"wp-block-table\"><table class=\"has-fixed-layout\"><tbody><tr><td><strong>Programa<\/strong><\/td><td><strong>Vagas AC<\/strong><\/td><td><strong>Vagas Cotas PPP<\/strong><\/td><td><strong>Vagas Ind\u00edgenas<\/strong><\/td><\/tr><tr><td>Cardiologia<\/td><td>1<\/td><td>1<\/td><td>0<\/td><\/tr><tr><td>Endocrinologia e Metabologia<\/td><td>1<\/td><td>1<\/td><td>0<\/td><\/tr><tr><td>Gastroenterologia<\/td><td>1<\/td><td>1<\/td><td>0<\/td><\/tr><tr><td>Hematologia e Hemoterapia<\/td><td>2<\/td><td>1<\/td><td>0<\/td><\/tr><tr><td>Nefrologia<\/td><td>1<\/td><td>1<\/td><td>0<\/td><\/tr><tr><td>Cancerologia Cl\u00ednica<\/td><td>4<\/td><td>4<\/td><td>0<\/td><\/tr><tr><td>Pneumologia<\/td><td>1<\/td><td>0<\/td><td>0<\/td><\/tr><\/tbody><\/table><\/figure>\n\n\n\n<h3 class=\"wp-block-heading\" id=\"h-pre-requisito-endoscopia\"><span class=\"ez-toc-section\" id=\"Pre-Requisito_Endoscopia\"><\/span><strong>Pr\u00e9-Requisito Endoscopia<\/strong><span class=\"ez-toc-section-end\"><\/span><\/h3>\n\n\n\n<figure class=\"wp-block-table\"><table class=\"has-fixed-layout\"><tbody><tr><td><strong>Programa<\/strong><\/td><td><strong>Vagas AC<\/strong><\/td><td><strong>Vagas Cotas PPP<\/strong><\/td><td><strong>Vagas Ind\u00edgenas<\/strong><\/td><\/tr><tr><td>Endoscopia<\/td><td>4<\/td><td>2<\/td><td>0<\/td><\/tr><\/tbody><\/table><\/figure>\n\n\n\n<h3 class=\"wp-block-heading\" id=\"h-pre-requisito-cirurgia-da-mao\"><span class=\"ez-toc-section\" id=\"Pre-Requisito_Cirurgia_da_Mao\"><\/span><strong>Pr\u00e9-Requisito Cirurgia da M\u00e3o<\/strong><span class=\"ez-toc-section-end\"><\/span><\/h3>\n\n\n\n<figure class=\"wp-block-table\"><table class=\"has-fixed-layout\"><tbody><tr><td><strong>Programa<\/strong><\/td><td><strong>Vagas AC<\/strong><\/td><td><strong>Vagas Cotas PPP<\/strong><\/td><td><strong>Vagas Ind\u00edgenas<\/strong><\/td><\/tr><tr><td>Cirurgia da M\u00e3o<\/td><td>1<\/td><td>1<\/td><td>0<\/td><\/tr><\/tbody><\/table><\/figure>\n\n\n\n<h3 class=\"wp-block-heading\" id=\"h-pre-requisito-cirurgia-de-cabeca-e-pescoco\"><span class=\"ez-toc-section\" id=\"Pre-Requisito_Cirurgia_de_Cabeca_e_Pescoco\"><\/span><strong>Pr\u00e9-Requisito Cirurgia de Cabe\u00e7a e Pesco\u00e7o<\/strong><span class=\"ez-toc-section-end\"><\/span><\/h3>\n\n\n\n<figure class=\"wp-block-table\"><table class=\"has-fixed-layout\"><tbody><tr><td><strong>Programa<\/strong><\/td><td><strong>Vagas AC<\/strong><\/td><td><strong>Vagas Cotas PPP<\/strong><\/td><td><strong>Vagas Ind\u00edgenas<\/strong><\/td><\/tr><tr><td>Cirurgia de Cabe\u00e7a e Pesco\u00e7o<\/td><td>1<\/td><td>1<\/td><td>0<\/td><\/tr><\/tbody><\/table><\/figure>\n\n\n\n<h3 class=\"wp-block-heading\" id=\"h-pre-requisito-pediatria\"><span class=\"ez-toc-section\" id=\"Pre-Requisito_Pediatria\"><\/span><strong>Pr\u00e9-Requisito Pediatria<\/strong><span class=\"ez-toc-section-end\"><\/span><\/h3>\n\n\n\n<figure class=\"wp-block-table\"><table class=\"has-fixed-layout\"><tbody><tr><td><strong>Programa<\/strong><\/td><td><strong>Vagas AC<\/strong><\/td><td><strong>Vagas Cotas PPP<\/strong><\/td><td><strong>Vagas Ind\u00edgenas<\/strong><\/td><\/tr><tr><td>Alergia Imunologia Pedi\u00e1trica<\/td><td>1<\/td><td>1<\/td><td>0<\/td><\/tr><tr><td>Medicina do Adolescente<\/td><td>1<\/td><td>0<\/td><td>0<\/td><\/tr><tr><td>Neonatologia<\/td><td>1<\/td><td>1<\/td><td>0<\/td><\/tr><\/tbody><\/table><\/figure>\n\n\n\n<h3 class=\"wp-block-heading\" id=\"h-pre-requisito-mastologia\"><span class=\"ez-toc-section\" id=\"Pre-Requisito_Mastologia\"><\/span><strong>Pr\u00e9-Requisito Mastologia<\/strong><span class=\"ez-toc-section-end\"><\/span><\/h3>\n\n\n\n<figure class=\"wp-block-table\"><table class=\"has-fixed-layout\"><tbody><tr><td><strong>Programa<\/strong><\/td><td><strong>Vagas AC<\/strong><\/td><td><strong>Vagas Cotas PPP<\/strong><\/td><td><strong>Vagas Ind\u00edgenas<\/strong><\/td><\/tr><tr><td>Mastologia<\/td><td>2<\/td><td>1<\/td><td>0<\/td><\/tr><\/tbody><\/table><\/figure>\n\n\n\n<h3 class=\"wp-block-heading\" id=\"h-pre-requisito-neuropediatria\"><span class=\"ez-toc-section\" id=\"Pre-Requisito_Neuropediatria\"><\/span><strong>Pr\u00e9-Requisito Neuropediatria<\/strong><span class=\"ez-toc-section-end\"><\/span><\/h3>\n\n\n\n<figure class=\"wp-block-table\"><table class=\"has-fixed-layout\"><tbody><tr><td><strong>Programa<\/strong><\/td><td><strong>Vagas AC<\/strong><\/td><td><strong>Vagas Cotas PPP<\/strong><\/td><td><strong>Vagas Ind\u00edgenas<\/strong><\/td><\/tr><tr><td>Neurologia Pedi\u00e1trica<\/td><td>1<\/td><td>1<\/td><td>0<\/td><\/tr><\/tbody><\/table><\/figure>\n\n\n\n<h3 class=\"wp-block-heading\" id=\"h-pre-requisito-angiorradiologia\"><span class=\"ez-toc-section\" id=\"Pre-Requisito_Angiorradiologia\"><\/span><strong>Pr\u00e9-Requisito Angiorradiologia<\/strong><span class=\"ez-toc-section-end\"><\/span><\/h3>\n\n\n\n<figure class=\"wp-block-table\"><table class=\"has-fixed-layout\"><tbody><tr><td><strong>Programa<\/strong><\/td><td><strong>Vagas AC<\/strong><\/td><td><strong>Vagas Cotas PPP<\/strong><\/td><td><strong>Vagas Ind\u00edgenas<\/strong><\/td><\/tr><tr><td>Angiorradiologia e Cirurgia Endovascular<\/td><td>1<\/td><td>0<\/td><td>0<\/td><\/tr><tr><td>Ecografia Vascular com Doppler<\/td><td>1<\/td><td>1<\/td><td>0<\/td><\/tr><\/tbody><\/table><\/figure>\n\n\n\n<h3 class=\"wp-block-heading\" id=\"h-vagas-trancadas\"><span class=\"ez-toc-section\" id=\"Vagas_trancadas\"><\/span><strong>Vagas trancadas<\/strong><span class=\"ez-toc-section-end\"><\/span><\/h3>\n\n\n\n<figure class=\"wp-block-table\"><table class=\"has-fixed-layout\"><tbody><tr><td><strong>Programa<\/strong><\/td><td><strong>Vagas Trancadas<\/strong><\/td><\/tr><tr><td>Cl\u00ednica M\u00e9dica<\/td><td>1<\/td><\/tr><tr><td>Ortopedia e Traumatologia<\/td><td>2<\/td><\/tr><\/tbody><\/table><\/figure>\n\n\n\n<h2 class=\"wp-block-heading\" id=\"h-processo-seletivo\"><span class=\"ez-toc-section\" id=\"Processo_Seletivo\"><\/span><strong>Processo Seletivo<\/strong><span class=\"ez-toc-section-end\"><\/span><\/h2>\n\n\n\n<p>Assim como as demais provas de resid\u00eancia de m\u00e9dica, os candidatos que prestaram para o processo seletivo da FMABC passaram por&nbsp;<strong>duas fases avaliativas<\/strong>: a prova objetiva e a an\u00e1lise curricular.<\/p>\n\n\n\n<h3 class=\"wp-block-heading\" id=\"h-prova-objetiva\"><span class=\"ez-toc-section\" id=\"Prova_objetiva\"><\/span><strong>Prova objetiva<\/strong><span class=\"ez-toc-section-end\"><\/span><\/h3>\n\n\n\n<p>A prova objetiva ocorreu no dia&nbsp;<strong>13 de dezembro de 2025<\/strong>.<\/p>\n\n\n\n<p>Para os programas de acesso direto, foi composta de&nbsp;<strong>100 quest\u00f5es<\/strong>&nbsp;abordando as&nbsp;<strong>cinco grandes \u00e1reas m\u00e9dicas<\/strong>. J\u00e1 para os programas que necessitam de pr\u00e9-requisito, a prova conteve&nbsp;<strong>50 quest\u00f5es baseadas na \u00e1rea de pr\u00e9-requisito<\/strong>&nbsp;da especialidade escolhida.<\/p>\n\n\n\n<h3 class=\"wp-block-heading\" id=\"an\u00e1lise-curricular\"><span class=\"ez-toc-section\" id=\"Analise_curricular\"><\/span><strong>An\u00e1lise curricular<\/strong><span class=\"ez-toc-section-end\"><\/span><\/h3>\n\n\n\n<p>A an\u00e1lise curricular visa valorizar o perfil e o n\u00edvel de especializa\u00e7\u00e3o do candidato a partir da complementa\u00e7\u00e3o de sua forma\u00e7\u00e3o educacional e de sua experi\u00eancia profissional.<\/p>\n\n\n\n<p>O prazo para envio do curriculum vitae na edi\u00e7\u00e3o foi entre os dias&nbsp;<strong>09 de outubro e 19 de novembro de 2025.<\/strong><\/p>\n\n\n\n<p>Confira o nosso texto exclusivo sobre&nbsp;<strong><a href=\"https:\/\/www.grupomedcof.com.br\/blog\/atividades-essenciais-para-uma-boa-analise-curricular\/\">An\u00e1lise Curricular: Atividades essenciais que n\u00e3o podem faltar<\/a><\/strong>.<\/p>\n\n\n\n<h2 class=\"wp-block-heading\" id=\"h-definicao-da-nota\"><span class=\"ez-toc-section\" id=\"Definicao_da_nota\"><\/span><strong>Defini\u00e7\u00e3o da nota<\/strong><span class=\"ez-toc-section-end\"><\/span><\/h2>\n\n\n\n<p>Desse modo, a nota final da FMABC definiu-se com base na&nbsp;<strong>soma do resultado da prova objetiva e da an\u00e1lise curricular<\/strong>. Entretanto elas possuem pesos diferentes, enquanto a&nbsp;<strong>prova objetiva-dissertativa comp\u00f5e 90%<\/strong>&nbsp;da nota final, a<strong>&nbsp;an\u00e1lise curricular corresponde aos 10%<\/strong>&nbsp;restantes.<\/p>\n\n\n\n<h3 class=\"wp-block-heading\" id=\"h-criterios-de-desempate\"><span class=\"ez-toc-section\" id=\"Criterios_de_desempate\"><\/span><strong>Crit\u00e9rios de desempate<\/strong><span class=\"ez-toc-section-end\"><\/span><\/h3>\n\n\n\n<p>Em caso de empate, os crit\u00e9rios utilizados foram, em ordem:<\/p>\n\n\n\n<ul class=\"wp-block-list\">\n<li>Maior nota da prova objetiva;<\/li>\n\n\n\n<li>Maior pontua\u00e7\u00e3o na an\u00e1lise curricular;<\/li>\n\n\n\n<li>Maior idade.<\/li>\n<\/ul>\n\n\n\n<h2 class=\"wp-block-heading\" id=\"h-gabarito-definitivo\"><span class=\"ez-toc-section\" id=\"Gabarito_Definitivo\"><\/span><strong>Gabarito Definitivo<\/strong><span class=\"ez-toc-section-end\"><\/span><\/h2>\n\n\n\n<p>O gabarito definitivo teve divulga\u00e7\u00e3o no dia 15 de dezembro de 2025, bem como o <a href=\"https:\/\/www.avalia.org.br\/\" target=\"_blank\" rel=\"noreferrer noopener\"><strong>resultado da prova<\/strong><\/a>. Veja a seguir:<\/p>\n\n\n\n<div class=\"wp-block-buttons is-content-justification-center is-layout-flex wp-container-core-buttons-is-layout-16018d1d wp-block-buttons-is-layout-flex\">\n<div class=\"wp-block-button\"><a class=\"wp-block-button__link has-text-align-center wp-element-button\" href=\"https:\/\/www.grupomedcof.com.br\/blog\/gabarito-fmabc\/\" target=\"_blank\" rel=\"noreferrer noopener\">Gabarito prova FMABC 2026<\/a><\/div>\n<\/div>\n\n\n\n<h2 class=\"wp-block-heading\" id=\"h-resultado-preliminar-da-selecao\"><span class=\"ez-toc-section\" id=\"Resultado_Preliminar_da_Selecao\"><\/span><strong>Resultado Preliminar da Sele\u00e7\u00e3o<\/strong><span class=\"ez-toc-section-end\"><\/span><\/h2>\n\n\n\n<p>A classifica\u00e7\u00e3o preliminar da FMABC 2025 foi disponibilizada no site do Instituto Avalia no m\u00eas de fevereiro.<\/p>\n\n\n\n<div class=\"wp-block-buttons is-content-justification-center is-layout-flex wp-container-core-buttons-is-layout-16018d1d wp-block-buttons-is-layout-flex\">\n<div class=\"wp-block-button\"><a class=\"wp-block-button__link wp-element-button\" href=\"https:\/\/www.grupomedcof.com.br\/blog\/wp-content\/uploads\/2025\/01\/Resultado-Final-AC-FMABC-2026_compressed.pdf\" target=\"_blank\" rel=\"noreferrer noopener\">Resultado Preliminar Ampla Concorr\u00eancia<\/a><\/div>\n\n\n\n<div class=\"wp-block-button\"><a class=\"wp-block-button__link wp-element-button\" href=\"https:\/\/www.grupomedcof.com.br\/blog\/wp-content\/uploads\/2025\/01\/Resultado-Final-PPI-FMABC-2026.pdf\" target=\"_blank\" rel=\"noreferrer noopener\">Resultado Preliminar Cotas<\/a><\/div>\n<\/div>\n\n\n\n<h2 class=\"wp-block-heading\" id=\"h-resultado-final-fmabc-2026\"><span class=\"ez-toc-section\" id=\"Resultado_Final_FMABC_2026\"><\/span><strong><strong>Resultado Final FMABC 2026<\/strong><\/strong><span class=\"ez-toc-section-end\"><\/span><\/h2>\n\n\n\n<p>Os documentos foram divulgado no dia 10 de fevereiro de 2026. Veja a classifica\u00e7\u00e3o final a seguir:<\/p>\n\n\n\n<div class=\"wp-block-buttons is-layout-flex wp-block-buttons-is-layout-flex\">\n<div class=\"wp-block-button\"><a class=\"wp-block-button__link wp-element-button\" href=\"https:\/\/www.grupomedcof.com.br\/blog\/wp-content\/uploads\/2026\/02\/resultado-final-ac.pdf\" target=\"_blank\" rel=\"noreferrer noopener\">Classifica\u00e7\u00e3o Final Ampla Concorr\u00eancia<\/a><\/div>\n\n\n\n<div class=\"wp-block-button\"><a class=\"wp-block-button__link wp-element-button\" href=\"https:\/\/www.grupomedcof.com.br\/blog\/wp-content\/uploads\/2026\/02\/resultado-final-pppi.pdf\" target=\"_blank\" rel=\"noreferrer noopener\">Classifica\u00e7\u00e3o Final PPI<\/a><\/div>\n\n\n\n<div class=\"wp-block-button\"><a class=\"wp-block-button__link wp-element-button\" href=\"https:\/\/www.grupomedcof.com.br\/blog\/wp-content\/uploads\/2026\/02\/sms-ac.pdf\" target=\"_blank\" rel=\"noreferrer noopener\">Classifica\u00e7\u00e3o Final SMS-SP Ampla Concorr\u00eancia<\/a><\/div>\n\n\n\n<div class=\"wp-block-button\"><a class=\"wp-block-button__link wp-element-button\" href=\"https:\/\/www.grupomedcof.com.br\/blog\/wp-content\/uploads\/2026\/02\/sms-ppi.pdf\" target=\"_blank\" rel=\"noreferrer noopener\">Classifica\u00e7\u00e3o Final SMS-SP PPI<\/a><\/div>\n<\/div>\n\n\n\n<p>O prazo para\u00a0<strong>envio dos documentos<\/strong>\u00a0dos convocados da primeira chamada dos programas de acesso direto foi\u00a0<strong>12 de fevereiro de 2026<\/strong>, enquanto o prazo para envio dos documentos dos convocados da primeira chamada dos programas com pr\u00e9-requisito foi at\u00e9\u00a0<strong>13 de fevereiro de 2026<\/strong>.<\/p>\n\n\n\n<h2 class=\"wp-block-heading\" id=\"h-concorrencia-fmabc-2025-2026\"><span class=\"ez-toc-section\" id=\"Concorrencia_FMABC_20252026\"><\/span><strong>Concorr\u00eancia FMABC 2025\/2026<\/strong><span class=\"ez-toc-section-end\"><\/span><\/h2>\n\n\n\n<p>A FMABC contou com <strong>5.390 candidatos<\/strong> ofertando <strong>232 vagas,<\/strong> acarretando em uma concorr\u00eancia geral de 23,23 candidatos por vaga. Veja a tabela:<\/p>\n\n\n\n<figure class=\"wp-block-table\"><table class=\"has-fixed-layout\"><thead><tr><th>Especialidades<\/th><th>Institui\u00e7\u00e3o<\/th><th>Inscritos<\/th><th>Vagas<\/th><th>Concorr\u00eancia<\/th><\/tr><\/thead><tbody><tr><td>Anestesiologia<\/td><td>FMABC<\/td><td>463<\/td><td>13<\/td><td>35,62<\/td><\/tr><tr><td>Anestesiologia<\/td><td>SMS-SBC<\/td><td>105<\/td><td>6<\/td><td>17,50<\/td><\/tr><tr><td>Cirurgia Cardiovascular<\/td><td>FMABC<\/td><td>22<\/td><td>2<\/td><td>11,00<\/td><\/tr><tr><td>Cirurgia Geral<\/td><td>FMABC<\/td><td>547<\/td><td>10<\/td><td>54,70<\/td><\/tr><tr><td>Cirurgia Geral<\/td><td>SMS-SBC<\/td><td>130<\/td><td>6<\/td><td>21,67<\/td><\/tr><tr><td>Cl\u00ednica M\u00e9dica<\/td><td>FMABC<\/td><td>537<\/td><td>24<\/td><td>22,38<\/td><\/tr><tr><td>Cl\u00ednica M\u00e9dica<\/td><td>SMS-SBC<\/td><td>100<\/td><td>6<\/td><td>16,67<\/td><\/tr><tr><td>Infectologia<\/td><td>FMABC \/ SMS-SBC<\/td><td>10<\/td><td>2<\/td><td>5,00<\/td><\/tr><tr><td>Medicina de Fam\u00edlia e Comunidade<\/td><td>FMABC<\/td><td>38<\/td><td>5<\/td><td>7,60<\/td><\/tr><tr><td>Medicina de Fam\u00edlia e Comunidade<\/td><td>SMS-SBC<\/td><td>72<\/td><td>10<\/td><td>7,20<\/td><\/tr><tr><td>Medicina do Trabalho<\/td><td>FMABC<\/td><td>24<\/td><td>2<\/td><td>12,00<\/td><\/tr><tr><td>Neurocirurgia<\/td><td>FMABC<\/td><td>66<\/td><td>2<\/td><td>33,00<\/td><\/tr><tr><td>Neurocirurgia<\/td><td>SMS-SBC<\/td><td>34<\/td><td>2<\/td><td>17,00<\/td><\/tr><tr><td>Neurologia<\/td><td>FMABC<\/td><td>148<\/td><td>4<\/td><td>37,00<\/td><\/tr><tr><td>Obstetr\u00edcia e Ginecologia<\/td><td>FMABC<\/td><td>516<\/td><td>11<\/td><td>46,91<\/td><\/tr><tr><td>Obstetr\u00edcia e Ginecologia<\/td><td>SMS-SBC<\/td><td>136<\/td><td>6<\/td><td>22,67<\/td><\/tr><tr><td>Oftalmologia<\/td><td>FMABC<\/td><td>405<\/td><td>6<\/td><td>67,50<\/td><\/tr><tr><td>Ortopedia e Traumatologia<\/td><td>FMABC<\/td><td>252<\/td><td>10<\/td><td>25,20<\/td><\/tr><tr><td>Otorrinolaringologia<\/td><td>FMABC<\/td><td>297<\/td><td>5<\/td><td>59,40<\/td><\/tr><tr><td>Pediatria<\/td><td>FMABC<\/td><td>211<\/td><td>12<\/td><td>17,58<\/td><\/tr><tr><td>Pediatria<\/td><td>SMS-SBC<\/td><td>73<\/td><td>7<\/td><td>10,43<\/td><\/tr><tr><td>Psiquiatria<\/td><td>FMABC<\/td><td>409<\/td><td>8<\/td><td>51,13<\/td><\/tr><tr><td>Psiquiatria<\/td><td>SMS-SBC<\/td><td>156<\/td><td>6<\/td><td>26,00<\/td><\/tr><tr><td>Radiologia e Diagn\u00f3stico por Imagem<\/td><td>FMABC<\/td><td>33<\/td><td>2<\/td><td>16,50<\/td><\/tr><tr><td>Cirurgia do Aparelho Digestivo<\/td><td>FMABC<\/td><td>15<\/td><td>2<\/td><td>7,50<\/td><\/tr><tr><td>Cirurgia Pedi\u00e1trica<\/td><td>FMABC<\/td><td>5<\/td><td>1<\/td><td>5,00<\/td><\/tr><tr><td>Cirurgia Pl\u00e1stica<\/td><td>FMABC<\/td><td>185<\/td><td>4<\/td><td>46,25<\/td><\/tr><tr><td>Cirurgia Vascular<\/td><td>FMABC<\/td><td>42<\/td><td>6<\/td><td>7,00<\/td><\/tr><tr><td>Coloproctologia<\/td><td>FMABC<\/td><td>31<\/td><td>3<\/td><td>10,33<\/td><\/tr><tr><td>Urologia<\/td><td>FMABC<\/td><td>103<\/td><td>6<\/td><td>17,17<\/td><\/tr><tr><td>Cardiologia<\/td><td>FMABC<\/td><td>11<\/td><td>2<\/td><td>5,50<\/td><\/tr><tr><td>Endocrinologia e Metabologia<\/td><td>FMABC<\/td><td>37<\/td><td>2<\/td><td>18,50<\/td><\/tr><tr><td>Gastroenterologia<\/td><td>FMABC<\/td><td>14<\/td><td>2<\/td><td>7,00<\/td><\/tr><tr><td>Hematologia e Hemoterapia<\/td><td>FMABC<\/td><td>8<\/td><td>3<\/td><td>2,67<\/td><\/tr><tr><td>Nefrologia<\/td><td>FMABC<\/td><td>7<\/td><td>2<\/td><td>3,50<\/td><\/tr><tr><td>Cancerologia Cl\u00ednica<\/td><td>FMABC<\/td><td>20<\/td><td>8<\/td><td>2,50<\/td><\/tr><tr><td>Pneumologia<\/td><td>FMABC<\/td><td>2<\/td><td>1<\/td><td>2,00<\/td><\/tr><tr><td>Endoscopia<\/td><td>FMABC<\/td><td>36<\/td><td>6<\/td><td>6,00<\/td><\/tr><tr><td>Cirurgia da M\u00e3o<\/td><td>FMABC<\/td><td>13<\/td><td>2<\/td><td>6,50<\/td><\/tr><tr><td>Cirurgia de Cabe\u00e7a e Pesco\u00e7o<\/td><td>FMABC<\/td><td>3<\/td><td>2<\/td><td>1,50<\/td><\/tr><tr><td>Alergia e Imunologia Pedi\u00e1trica<\/td><td>FMABC<\/td><td>9<\/td><td>2<\/td><td>4,50<\/td><\/tr><tr><td>Medicina do Adolescente<\/td><td>FMABC<\/td><td>4<\/td><td>1<\/td><td>4,00<\/td><\/tr><tr><td>Neonatologia<\/td><td>FMABC<\/td><td>3<\/td><td>2<\/td><td>1,50<\/td><\/tr><tr><td>Mastologia<\/td><td>FMABC<\/td><td>14<\/td><td>3<\/td><td>4,67<\/td><\/tr><tr><td>Neurologia Pedi\u00e1trica<\/td><td>FMABC<\/td><td>39<\/td><td>2<\/td><td>19,50<\/td><\/tr><tr><td>Angiorradiologia e Cirurgia Endovascular<\/td><td>FMABC<\/td><td>3<\/td><td>1<\/td><td>3,00<\/td><\/tr><tr><td>Ecografia Vascular com Doppler<\/td><td>FMABC<\/td><td>2<\/td><td>2<\/td><td>1,00<\/td><\/tr><\/tbody><\/table><\/figure>\n\n\n\n<figure class=\"wp-block-image size-large\"><a href=\"https:\/\/www.grupomedcof.com.br\/cofletters\/?clientId=&amp;utm_campaign=newsletter&amp;utm_medium=banner&amp;utm_source=blog&amp;utm_content=inscricao#https:\/\/www.grupomedcof.com.br\/blog\/\" target=\"_blank\" rel=\" noreferrer noopener\"><img loading=\"lazy\" decoding=\"async\" width=\"1024\" height=\"320\" src=\"https:\/\/www.grupomedcof.com.br\/blog\/wp-content\/uploads\/2025\/11\/Banner-MedCof-Plus-2200x460-11-1343x420-1-1024x320.png\" alt=\"\" class=\"wp-image-39227\" srcset=\"https:\/\/www.grupomedcof.com.br\/blog\/wp-content\/uploads\/2025\/11\/Banner-MedCof-Plus-2200x460-11-1343x420-1-1024x320.png 1024w, https:\/\/www.grupomedcof.com.br\/blog\/wp-content\/uploads\/2025\/11\/Banner-MedCof-Plus-2200x460-11-1343x420-1-300x94.png 300w, https:\/\/www.grupomedcof.com.br\/blog\/wp-content\/uploads\/2025\/11\/Banner-MedCof-Plus-2200x460-11-1343x420-1-768x240.png 768w, https:\/\/www.grupomedcof.com.br\/blog\/wp-content\/uploads\/2025\/11\/Banner-MedCof-Plus-2200x460-11-1343x420-1-150x47.png 150w, https:\/\/www.grupomedcof.com.br\/blog\/wp-content\/uploads\/2025\/11\/Banner-MedCof-Plus-2200x460-11-1343x420-1-696x218.png 696w, https:\/\/www.grupomedcof.com.br\/blog\/wp-content\/uploads\/2025\/11\/Banner-MedCof-Plus-2200x460-11-1343x420-1-1068x334.png 1068w, https:\/\/www.grupomedcof.com.br\/blog\/wp-content\/uploads\/2025\/11\/Banner-MedCof-Plus-2200x460-11-1343x420-1.png 1343w\" sizes=\"auto, (max-width: 1024px) 100vw, 1024px\" \/><\/a><\/figure>\n\n\n\n<h2 class=\"wp-block-heading\" id=\"h-notas-de-corte-de-residencia-medica-da-fmabc\"><span class=\"ez-toc-section\" id=\"Notas_de_corte_de_residencia_medica_da_FMABC\"><\/span><strong>Notas de corte de resid\u00eancia m\u00e9dica da FMABC<\/strong><span class=\"ez-toc-section-end\"><\/span><\/h2>\n\n\n\n<figure class=\"wp-block-table\"><table class=\"has-fixed-layout\"><tbody><tr><td><strong>Especialidade<\/strong><\/td><td><strong>Nota de corte 2025<\/strong><\/td><td><strong>Nota de corte 2026<\/strong><\/td><\/tr><tr><td>Alergia Imunologia Pedi\u00e1trica<\/td><td>\u2013<\/td><td>75,60<\/td><\/tr><tr><td>Anestesiologia<\/td><td>85.20<\/td><td>77,40<\/td><\/tr><tr><td>Angiorradiologia e Cirurgia Endovascular<\/td><td>\u2013<\/td><td>61,20<\/td><\/tr><tr><td>Cardiologia<\/td><td>85.80<\/td><td>70,20<\/td><\/tr><tr><td>Cirurgia Aparelho Digestivo<\/td><td>82.60<\/td><td>81,00<\/td><\/tr><tr><td>Cirurgia Cardiovascular<\/td><td>80.80<\/td><td>78,30<\/td><\/tr><tr><td>Cirurgia da M\u00e3o<\/td><td>73.37<\/td><td>82,80<\/td><\/tr><tr><td>Cirurgia de Cabe\u00e7a e Pesco\u00e7o<\/td><td>72.40<\/td><td>57,60<\/td><\/tr><tr><td>Cirurgia Geral<\/td><td>86.50<\/td><td>81,00<\/td><\/tr><tr><td>Cirurgia Pediatrica<\/td><td>85.90<\/td><td>79,20<\/td><\/tr><tr><td>Cirurgia Pl\u00e1stica<\/td><td>88.70<\/td><td>82,80<\/td><\/tr><tr><td>Cirurgia Vascular<\/td><td>80.80<\/td><td>77,40<\/td><\/tr><tr><td>Cl\u00ednica M\u00e9dica<\/td><td>84.00<\/td><td>80,10<\/td><\/tr><tr><td>Coloproctologia<\/td><td>88.70<\/td><td>86,40<\/td><\/tr><tr><td>Endocrinologia<\/td><td>92.30<\/td><td>72,00<\/td><\/tr><tr><td>Endoscopia<\/td><td>74.47<\/td><td>70,20<\/td><\/tr><tr><td>Gastroenterologia<\/td><td>91.00<\/td><td>73,80<\/td><\/tr><tr><td>Infectologia<\/td><td>83.90<\/td><td>73,80<\/td><\/tr><tr><td>Mastologia<\/td><td>80.10<\/td><td>75,60<\/td><\/tr><tr><td>Medicina de Fam\u00edlia e Comunidade<\/td><td>64<\/td><td>75,60<\/td><\/tr><tr><td>Medicina do Adolescente<\/td><td>82.40<\/td><td>68,40<\/td><\/tr><tr><td>Medicina do Trabalho<\/td><td>75.60<\/td><td>74,70<\/td><\/tr><tr><td>Nefrologia<\/td><td>83.50<\/td><td>72,00<\/td><\/tr><tr><td>Neonatologia<\/td><td>71.10<\/td><td>68,40<\/td><\/tr><tr><td>Neurocirurgia<\/td><td>93.40<\/td><td>82,80<\/td><\/tr><tr><td>Neurologia<\/td><td>86.10<\/td><td>80,10<\/td><\/tr><tr><td>Neurologia Pedi\u00e1trica<\/td><td>83.60<\/td><td>77,40<\/td><\/tr><tr><td>Obstetr\u00edcia e Ginecologia<\/td><td>84.80<\/td><td>80,10<\/td><\/tr><tr><td>Oftalmologia<\/td><td>87.10<\/td><td>81,90<\/td><\/tr><tr><td>Ortopedia e Traumatologia<\/td><td>87.10<\/td><td>76,50<\/td><\/tr><tr><td>Otorrinolaringologia<\/td><td>89.40<\/td><td>84,60<\/td><\/tr><tr><td>Pediatria<\/td><td>80.70<\/td><td>79,20<\/td><\/tr><tr><td>Pneumologia<\/td><td>82.90<\/td><td>70,20<\/td><\/tr><tr><td>Psiquiatria<\/td><td>86.00<\/td><td>82,80<\/td><\/tr><tr><td>Radiologia e Diagn\u00f3stico por Imagem<\/td><td>88.40<\/td><td>78,30<\/td><\/tr><tr><td>Urologia<\/td><td>87.00<\/td><td>86,40<\/td><\/tr><\/tbody><\/table><\/figure>\n\n\n\n<h2 class=\"wp-block-heading\" id=\"prepare-se-conosco\"><span class=\"ez-toc-section\" id=\"Prepare-se_conosco_para_a_prova_de_residencia_da_FMABC_20262027\"><\/span><strong><strong>Prepare-se conosco para a prova de resid\u00eancia da FMABC 2026\/2027!<\/strong><\/strong><span class=\"ez-toc-section-end\"><\/span><\/h2>\n\n\n\n<p>Quer se preparar para as provas de resid\u00eancia m\u00e9dica de 2026\/2027? Ent\u00e3o prepare-se com o <a href=\"https:\/\/www.grupomedcof.com.br\/home\/\">Grupo MedCof<\/a> e confira o v\u00eddeo no qual nossos especialistas tiram d\u00favidas sobre as <a href=\"https:\/\/www.grupomedcof.com.br\/blog\/presenca-da-medcof-nas-aprovacoes-em-residencia-medica-no-brasil\/\">principais resid\u00eancias!<\/a><\/p>\n\n\n\n<figure class=\"wp-block-embed is-type-video is-provider-youtube wp-block-embed-youtube wp-embed-aspect-16-9 wp-has-aspect-ratio\"><div class=\"wp-block-embed__wrapper\">\n<iframe loading=\"lazy\" title=\"RAIO X - R1 Acesso Direto FMABC 2025\" width=\"696\" height=\"392\" src=\"https:\/\/www.youtube.com\/embed\/C3xXJs2r0QY?feature=oembed\" frameborder=\"0\" allow=\"accelerometer; autoplay; clipboard-write; encrypted-media; gyroscope; picture-in-picture; web-share\" referrerpolicy=\"strict-origin-when-cross-origin\" allowfullscreen><\/iframe>\n<\/div><\/figure>\n","protected":false},"excerpt":{"rendered":"<p>Confira todas as informa\u00e7\u00f5es do processo seletivo da\u00a0Faculdade de Medicina do ABC (FMABC)\u00a0de 2025!<\/p>\n","protected":false},"author":20,"featured_media":28003,"comment_status":"open","ping_status":"open","sticky":false,"template":"","format":"standard","meta":{"footnotes":""},"categories":[10],"tags":[23,2372,980],"ppma_author":[3616],"class_list":{"0":"post-28000","1":"post","2":"type-post","3":"status-publish","4":"format-standard","5":"has-post-thumbnail","7":"category-raio-x-editais","8":"tag-fmabc","9":"tag-live-de-correcao","10":"tag-raio-x-editais"},"yoast_head":"<!-- This site is optimized with the Yoast SEO Premium plugin v24.3 (Yoast SEO v27.4) - https:\/\/yoast.com\/product\/yoast-seo-premium-wordpress\/ -->\n<title>Resid\u00eancia M\u00e9dica FMABC 2026: vagas, resultados, notas de corte e mais! - Blog de Medcof: conte\u00fados, editais, revalida e mais!<\/title>\n<meta name=\"description\" content=\"Confira todas as informa\u00e7\u00f5es do processo seletivo da\u00a0Faculdade de Medicina do ABC (FMABC)\u00a0de 2025!\" \/>\n<meta name=\"robots\" content=\"index, follow, max-snippet:-1, max-image-preview:large, max-video-preview:-1\" \/>\n<link rel=\"canonical\" href=\"https:\/\/www.grupomedcof.com.br\/blog\/residencia-medica-fmabc\/\" \/>\n<meta property=\"og:locale\" content=\"pt_BR\" \/>\n<meta property=\"og:type\" content=\"article\" \/>\n<meta property=\"og:title\" content=\"Resid\u00eancia M\u00e9dica FMABC 2026: vagas, resultados, notas de corte e mais!\" \/>\n<meta property=\"og:description\" content=\"Confira todas as informa\u00e7\u00f5es do processo seletivo da\u00a0Faculdade de Medicina do ABC (FMABC)\u00a0de 2025!\" \/>\n<meta property=\"og:url\" content=\"https:\/\/www.grupomedcof.com.br\/blog\/residencia-medica-fmabc\/\" \/>\n<meta property=\"og:site_name\" content=\"Blog de Medcof: conte\u00fados, editais, revalida e mais!\" \/>\n<meta property=\"article:publisher\" content=\"https:\/\/www.facebook.com\/MedCofQbank\/\" \/>\n<meta property=\"article:published_time\" content=\"2026-04-13T14:11:07+00:00\" \/>\n<meta property=\"article:modified_time\" content=\"2026-04-13T17:04:16+00:00\" \/>\n<meta property=\"og:image\" content=\"https:\/\/www.grupomedcof.com.br\/blog\/wp-content\/uploads\/2024\/07\/Modelo-instituicoes-14-1.png\" \/>\n\t<meta property=\"og:image:width\" content=\"1920\" \/>\n\t<meta property=\"og:image:height\" content=\"1080\" \/>\n\t<meta property=\"og:image:type\" content=\"image\/png\" \/>\n<meta name=\"author\" content=\"Leila Menzel\" \/>\n<meta name=\"twitter:card\" content=\"summary_large_image\" \/>\n<meta name=\"twitter:label1\" content=\"Escrito por\" \/>\n\t<meta name=\"twitter:data1\" content=\"Leila Menzel\" \/>\n\t<meta name=\"twitter:label2\" content=\"Est. tempo de leitura\" \/>\n\t<meta name=\"twitter:data2\" content=\"9 minutos\" \/>\n<script type=\"application\/ld+json\" class=\"yoast-schema-graph\">{\"@context\":\"https:\\\/\\\/schema.org\",\"@graph\":[{\"@type\":\"Article\",\"@id\":\"https:\\\/\\\/www.grupomedcof.com.br\\\/blog\\\/residencia-medica-fmabc\\\/#article\",\"isPartOf\":{\"@id\":\"https:\\\/\\\/www.grupomedcof.com.br\\\/blog\\\/residencia-medica-fmabc\\\/\"},\"author\":{\"name\":\"Leila Menzel\",\"@id\":\"https:\\\/\\\/www.grupomedcof.com.br\\\/blog\\\/#\\\/schema\\\/person\\\/9a44c2184a836bf5ae6967fdb3a1451e\"},\"headline\":\"Resid\u00eancia M\u00e9dica FMABC 2026: vagas, resultados, notas de corte e mais!\",\"datePublished\":\"2026-04-13T14:11:07+00:00\",\"dateModified\":\"2026-04-13T17:04:16+00:00\",\"mainEntityOfPage\":{\"@id\":\"https:\\\/\\\/www.grupomedcof.com.br\\\/blog\\\/residencia-medica-fmabc\\\/\"},\"wordCount\":1221,\"commentCount\":0,\"publisher\":{\"@id\":\"https:\\\/\\\/www.grupomedcof.com.br\\\/blog\\\/#organization\"},\"image\":{\"@id\":\"https:\\\/\\\/www.grupomedcof.com.br\\\/blog\\\/residencia-medica-fmabc\\\/#primaryimage\"},\"thumbnailUrl\":\"https:\\\/\\\/www.grupomedcof.com.br\\\/blog\\\/wp-content\\\/uploads\\\/2024\\\/07\\\/Modelo-instituicoes-14-1.png\",\"keywords\":[\"FMABC\",\"Live de Corre\u00e7\u00e3o\",\"Raio-X Editais\"],\"articleSection\":[\"Raio-X Editais\"],\"inLanguage\":\"pt-BR\"},{\"@type\":\"WebPage\",\"@id\":\"https:\\\/\\\/www.grupomedcof.com.br\\\/blog\\\/residencia-medica-fmabc\\\/\",\"url\":\"https:\\\/\\\/www.grupomedcof.com.br\\\/blog\\\/residencia-medica-fmabc\\\/\",\"name\":\"Resid\u00eancia M\u00e9dica FMABC 2026: vagas, resultados, notas de corte e mais! - Blog de Medcof: conte\u00fados, editais, revalida e mais!\",\"isPartOf\":{\"@id\":\"https:\\\/\\\/www.grupomedcof.com.br\\\/blog\\\/#website\"},\"primaryImageOfPage\":{\"@id\":\"https:\\\/\\\/www.grupomedcof.com.br\\\/blog\\\/residencia-medica-fmabc\\\/#primaryimage\"},\"image\":{\"@id\":\"https:\\\/\\\/www.grupomedcof.com.br\\\/blog\\\/residencia-medica-fmabc\\\/#primaryimage\"},\"thumbnailUrl\":\"https:\\\/\\\/www.grupomedcof.com.br\\\/blog\\\/wp-content\\\/uploads\\\/2024\\\/07\\\/Modelo-instituicoes-14-1.png\",\"datePublished\":\"2026-04-13T14:11:07+00:00\",\"dateModified\":\"2026-04-13T17:04:16+00:00\",\"description\":\"Confira todas as informa\u00e7\u00f5es do processo seletivo da\u00a0Faculdade de Medicina do ABC (FMABC)\u00a0de 2025!\",\"breadcrumb\":{\"@id\":\"https:\\\/\\\/www.grupomedcof.com.br\\\/blog\\\/residencia-medica-fmabc\\\/#breadcrumb\"},\"inLanguage\":\"pt-BR\",\"potentialAction\":[{\"@type\":\"ReadAction\",\"target\":[\"https:\\\/\\\/www.grupomedcof.com.br\\\/blog\\\/residencia-medica-fmabc\\\/\"]}]},{\"@type\":\"ImageObject\",\"inLanguage\":\"pt-BR\",\"@id\":\"https:\\\/\\\/www.grupomedcof.com.br\\\/blog\\\/residencia-medica-fmabc\\\/#primaryimage\",\"url\":\"https:\\\/\\\/www.grupomedcof.com.br\\\/blog\\\/wp-content\\\/uploads\\\/2024\\\/07\\\/Modelo-instituicoes-14-1.png\",\"contentUrl\":\"https:\\\/\\\/www.grupomedcof.com.br\\\/blog\\\/wp-content\\\/uploads\\\/2024\\\/07\\\/Modelo-instituicoes-14-1.png\",\"width\":1920,\"height\":1080},{\"@type\":\"BreadcrumbList\",\"@id\":\"https:\\\/\\\/www.grupomedcof.com.br\\\/blog\\\/residencia-medica-fmabc\\\/#breadcrumb\",\"itemListElement\":[{\"@type\":\"ListItem\",\"position\":1,\"name\":\"In\u00edcio\",\"item\":\"https:\\\/\\\/www.grupomedcof.com.br\\\/blog\\\/\"},{\"@type\":\"ListItem\",\"position\":2,\"name\":\"Resid\u00eancia M\u00e9dica FMABC 2026: vagas, resultados, notas de corte e mais!\"}]},{\"@type\":\"WebSite\",\"@id\":\"https:\\\/\\\/www.grupomedcof.com.br\\\/blog\\\/#website\",\"url\":\"https:\\\/\\\/www.grupomedcof.com.br\\\/blog\\\/\",\"name\":\"Blog de Medcof: conte\u00fados, editais, revalida e mais!\",\"description\":\"Acesso o blog de MedCof! Seu portal de conte\u00fados sobre resid\u00eancia m\u00e9dica, an\u00e1lise e editais e muito mais. Clique e confira!\",\"publisher\":{\"@id\":\"https:\\\/\\\/www.grupomedcof.com.br\\\/blog\\\/#organization\"},\"alternateName\":\"Blog de Medcof: conte\u00fados, editais, revalida e mais!\",\"potentialAction\":[{\"@type\":\"SearchAction\",\"target\":{\"@type\":\"EntryPoint\",\"urlTemplate\":\"https:\\\/\\\/www.grupomedcof.com.br\\\/blog\\\/?s={search_term_string}\"},\"query-input\":{\"@type\":\"PropertyValueSpecification\",\"valueRequired\":true,\"valueName\":\"search_term_string\"}}],\"inLanguage\":\"pt-BR\"},{\"@type\":\"Organization\",\"@id\":\"https:\\\/\\\/www.grupomedcof.com.br\\\/blog\\\/#organization\",\"name\":\"Grupo MedCof\",\"url\":\"https:\\\/\\\/www.grupomedcof.com.br\\\/blog\\\/\",\"logo\":{\"@type\":\"ImageObject\",\"inLanguage\":\"pt-BR\",\"@id\":\"https:\\\/\\\/www.grupomedcof.com.br\\\/blog\\\/#\\\/schema\\\/logo\\\/image\\\/\",\"url\":\"https:\\\/\\\/www.grupomedcof.com.br\\\/blog\\\/wp-content\\\/uploads\\\/2022\\\/01\\\/logo-medcof.png\",\"contentUrl\":\"https:\\\/\\\/www.grupomedcof.com.br\\\/blog\\\/wp-content\\\/uploads\\\/2022\\\/01\\\/logo-medcof.png\",\"width\":768,\"height\":269,\"caption\":\"Grupo MedCof\"},\"image\":{\"@id\":\"https:\\\/\\\/www.grupomedcof.com.br\\\/blog\\\/#\\\/schema\\\/logo\\\/image\\\/\"},\"sameAs\":[\"https:\\\/\\\/www.facebook.com\\\/MedCofQbank\\\/\",\"https:\\\/\\\/www.instagram.com\\\/grupomedcof\\\/\",\"https:\\\/\\\/br.linkedin.com\\\/company\\\/medcof\",\"https:\\\/\\\/www.youtube.com\\\/channel\\\/UCdHMuOHKICxcHwecxN8P-AA\"]},{\"@type\":\"Person\",\"@id\":\"https:\\\/\\\/www.grupomedcof.com.br\\\/blog\\\/#\\\/schema\\\/person\\\/9a44c2184a836bf5ae6967fdb3a1451e\",\"name\":\"Leila Menzel\",\"image\":{\"@type\":\"ImageObject\",\"inLanguage\":\"pt-BR\",\"@id\":\"https:\\\/\\\/www.grupomedcof.com.br\\\/blog\\\/wp-content\\\/uploads\\\/2025\\\/09\\\/cropped-eu-96x96.jpeg19a74936d997c0a8b3031618467fa1d0\",\"url\":\"https:\\\/\\\/www.grupomedcof.com.br\\\/blog\\\/wp-content\\\/uploads\\\/2025\\\/09\\\/cropped-eu-96x96.jpeg\",\"contentUrl\":\"https:\\\/\\\/www.grupomedcof.com.br\\\/blog\\\/wp-content\\\/uploads\\\/2025\\\/09\\\/cropped-eu-96x96.jpeg\",\"caption\":\"Leila Menzel\"},\"description\":\"Estudante do 6\u00b0 semestre de jornalismo, amo e escrevo poesias e viajo em livros de romances clich\u00eas.\",\"url\":\"https:\\\/\\\/www.grupomedcof.com.br\\\/blog\\\/author\\\/leila-menzel\\\/\"}]}<\/script>\n<!-- \/ Yoast SEO Premium plugin. -->","yoast_head_json":{"title":"Resid\u00eancia M\u00e9dica FMABC 2026: vagas, resultados, notas de corte e mais! - Blog de Medcof: conte\u00fados, editais, revalida e mais!","description":"Confira todas as informa\u00e7\u00f5es do processo seletivo da\u00a0Faculdade de Medicina do ABC (FMABC)\u00a0de 2025!","robots":{"index":"index","follow":"follow","max-snippet":"max-snippet:-1","max-image-preview":"max-image-preview:large","max-video-preview":"max-video-preview:-1"},"canonical":"https:\/\/www.grupomedcof.com.br\/blog\/residencia-medica-fmabc\/","og_locale":"pt_BR","og_type":"article","og_title":"Resid\u00eancia M\u00e9dica FMABC 2026: vagas, resultados, notas de corte e mais!","og_description":"Confira todas as informa\u00e7\u00f5es do processo seletivo da\u00a0Faculdade de Medicina do ABC (FMABC)\u00a0de 2025!","og_url":"https:\/\/www.grupomedcof.com.br\/blog\/residencia-medica-fmabc\/","og_site_name":"Blog de Medcof: conte\u00fados, editais, revalida e mais!","article_publisher":"https:\/\/www.facebook.com\/MedCofQbank\/","article_published_time":"2026-04-13T14:11:07+00:00","article_modified_time":"2026-04-13T17:04:16+00:00","og_image":[{"width":1920,"height":1080,"url":"https:\/\/www.grupomedcof.com.br\/blog\/wp-content\/uploads\/2024\/07\/Modelo-instituicoes-14-1.png","type":"image\/png"}],"author":"Leila Menzel","twitter_card":"summary_large_image","twitter_misc":{"Escrito por":"Leila Menzel","Est. tempo de leitura":"9 minutos"},"schema":{"@context":"https:\/\/schema.org","@graph":[{"@type":"Article","@id":"https:\/\/www.grupomedcof.com.br\/blog\/residencia-medica-fmabc\/#article","isPartOf":{"@id":"https:\/\/www.grupomedcof.com.br\/blog\/residencia-medica-fmabc\/"},"author":{"name":"Leila Menzel","@id":"https:\/\/www.grupomedcof.com.br\/blog\/#\/schema\/person\/9a44c2184a836bf5ae6967fdb3a1451e"},"headline":"Resid\u00eancia M\u00e9dica FMABC 2026: vagas, resultados, notas de corte e mais!","datePublished":"2026-04-13T14:11:07+00:00","dateModified":"2026-04-13T17:04:16+00:00","mainEntityOfPage":{"@id":"https:\/\/www.grupomedcof.com.br\/blog\/residencia-medica-fmabc\/"},"wordCount":1221,"commentCount":0,"publisher":{"@id":"https:\/\/www.grupomedcof.com.br\/blog\/#organization"},"image":{"@id":"https:\/\/www.grupomedcof.com.br\/blog\/residencia-medica-fmabc\/#primaryimage"},"thumbnailUrl":"https:\/\/www.grupomedcof.com.br\/blog\/wp-content\/uploads\/2024\/07\/Modelo-instituicoes-14-1.png","keywords":["FMABC","Live de Corre\u00e7\u00e3o","Raio-X Editais"],"articleSection":["Raio-X Editais"],"inLanguage":"pt-BR"},{"@type":"WebPage","@id":"https:\/\/www.grupomedcof.com.br\/blog\/residencia-medica-fmabc\/","url":"https:\/\/www.grupomedcof.com.br\/blog\/residencia-medica-fmabc\/","name":"Resid\u00eancia M\u00e9dica FMABC 2026: vagas, resultados, notas de corte e mais! - Blog de Medcof: conte\u00fados, editais, revalida e mais!","isPartOf":{"@id":"https:\/\/www.grupomedcof.com.br\/blog\/#website"},"primaryImageOfPage":{"@id":"https:\/\/www.grupomedcof.com.br\/blog\/residencia-medica-fmabc\/#primaryimage"},"image":{"@id":"https:\/\/www.grupomedcof.com.br\/blog\/residencia-medica-fmabc\/#primaryimage"},"thumbnailUrl":"https:\/\/www.grupomedcof.com.br\/blog\/wp-content\/uploads\/2024\/07\/Modelo-instituicoes-14-1.png","datePublished":"2026-04-13T14:11:07+00:00","dateModified":"2026-04-13T17:04:16+00:00","description":"Confira todas as informa\u00e7\u00f5es do processo seletivo da\u00a0Faculdade de Medicina do ABC (FMABC)\u00a0de 2025!","breadcrumb":{"@id":"https:\/\/www.grupomedcof.com.br\/blog\/residencia-medica-fmabc\/#breadcrumb"},"inLanguage":"pt-BR","potentialAction":[{"@type":"ReadAction","target":["https:\/\/www.grupomedcof.com.br\/blog\/residencia-medica-fmabc\/"]}]},{"@type":"ImageObject","inLanguage":"pt-BR","@id":"https:\/\/www.grupomedcof.com.br\/blog\/residencia-medica-fmabc\/#primaryimage","url":"https:\/\/www.grupomedcof.com.br\/blog\/wp-content\/uploads\/2024\/07\/Modelo-instituicoes-14-1.png","contentUrl":"https:\/\/www.grupomedcof.com.br\/blog\/wp-content\/uploads\/2024\/07\/Modelo-instituicoes-14-1.png","width":1920,"height":1080},{"@type":"BreadcrumbList","@id":"https:\/\/www.grupomedcof.com.br\/blog\/residencia-medica-fmabc\/#breadcrumb","itemListElement":[{"@type":"ListItem","position":1,"name":"In\u00edcio","item":"https:\/\/www.grupomedcof.com.br\/blog\/"},{"@type":"ListItem","position":2,"name":"Resid\u00eancia M\u00e9dica FMABC 2026: vagas, resultados, notas de corte e mais!"}]},{"@type":"WebSite","@id":"https:\/\/www.grupomedcof.com.br\/blog\/#website","url":"https:\/\/www.grupomedcof.com.br\/blog\/","name":"Blog de Medcof: conte\u00fados, editais, revalida e mais!","description":"Acesso o blog de MedCof! Seu portal de conte\u00fados sobre resid\u00eancia m\u00e9dica, an\u00e1lise e editais e muito mais. Clique e confira!","publisher":{"@id":"https:\/\/www.grupomedcof.com.br\/blog\/#organization"},"alternateName":"Blog de Medcof: conte\u00fados, editais, revalida e mais!","potentialAction":[{"@type":"SearchAction","target":{"@type":"EntryPoint","urlTemplate":"https:\/\/www.grupomedcof.com.br\/blog\/?s={search_term_string}"},"query-input":{"@type":"PropertyValueSpecification","valueRequired":true,"valueName":"search_term_string"}}],"inLanguage":"pt-BR"},{"@type":"Organization","@id":"https:\/\/www.grupomedcof.com.br\/blog\/#organization","name":"Grupo MedCof","url":"https:\/\/www.grupomedcof.com.br\/blog\/","logo":{"@type":"ImageObject","inLanguage":"pt-BR","@id":"https:\/\/www.grupomedcof.com.br\/blog\/#\/schema\/logo\/image\/","url":"https:\/\/www.grupomedcof.com.br\/blog\/wp-content\/uploads\/2022\/01\/logo-medcof.png","contentUrl":"https:\/\/www.grupomedcof.com.br\/blog\/wp-content\/uploads\/2022\/01\/logo-medcof.png","width":768,"height":269,"caption":"Grupo MedCof"},"image":{"@id":"https:\/\/www.grupomedcof.com.br\/blog\/#\/schema\/logo\/image\/"},"sameAs":["https:\/\/www.facebook.com\/MedCofQbank\/","https:\/\/www.instagram.com\/grupomedcof\/","https:\/\/br.linkedin.com\/company\/medcof","https:\/\/www.youtube.com\/channel\/UCdHMuOHKICxcHwecxN8P-AA"]},{"@type":"Person","@id":"https:\/\/www.grupomedcof.com.br\/blog\/#\/schema\/person\/9a44c2184a836bf5ae6967fdb3a1451e","name":"Leila Menzel","image":{"@type":"ImageObject","inLanguage":"pt-BR","@id":"https:\/\/www.grupomedcof.com.br\/blog\/wp-content\/uploads\/2025\/09\/cropped-eu-96x96.jpeg19a74936d997c0a8b3031618467fa1d0","url":"https:\/\/www.grupomedcof.com.br\/blog\/wp-content\/uploads\/2025\/09\/cropped-eu-96x96.jpeg","contentUrl":"https:\/\/www.grupomedcof.com.br\/blog\/wp-content\/uploads\/2025\/09\/cropped-eu-96x96.jpeg","caption":"Leila Menzel"},"description":"Estudante do 6\u00b0 semestre de jornalismo, amo e escrevo poesias e viajo em livros de romances clich\u00eas.","url":"https:\/\/www.grupomedcof.com.br\/blog\/author\/leila-menzel\/"}]}},"authors":[{"term_id":3616,"user_id":20,"is_guest":0,"slug":"leila-menzel","display_name":"Leila Menzel","avatar_url":"https:\/\/www.grupomedcof.com.br\/blog\/wp-content\/uploads\/2025\/09\/cropped-eu-96x96.jpeg","0":null,"1":"","2":"","3":"","4":"","5":"","6":"","7":"","8":""}],"_links":{"self":[{"href":"https:\/\/www.grupomedcof.com.br\/blog\/wp-json\/wp\/v2\/posts\/28000","targetHints":{"allow":["GET"]}}],"collection":[{"href":"https:\/\/www.grupomedcof.com.br\/blog\/wp-json\/wp\/v2\/posts"}],"about":[{"href":"https:\/\/www.grupomedcof.com.br\/blog\/wp-json\/wp\/v2\/types\/post"}],"author":[{"embeddable":true,"href":"https:\/\/www.grupomedcof.com.br\/blog\/wp-json\/wp\/v2\/users\/20"}],"replies":[{"embeddable":true,"href":"https:\/\/www.grupomedcof.com.br\/blog\/wp-json\/wp\/v2\/comments?post=28000"}],"version-history":[{"count":1,"href":"https:\/\/www.grupomedcof.com.br\/blog\/wp-json\/wp\/v2\/posts\/28000\/revisions"}],"predecessor-version":[{"id":42991,"href":"https:\/\/www.grupomedcof.com.br\/blog\/wp-json\/wp\/v2\/posts\/28000\/revisions\/42991"}],"wp:featuredmedia":[{"embeddable":true,"href":"https:\/\/www.grupomedcof.com.br\/blog\/wp-json\/wp\/v2\/media\/28003"}],"wp:attachment":[{"href":"https:\/\/www.grupomedcof.com.br\/blog\/wp-json\/wp\/v2\/media?parent=28000"}],"wp:term":[{"taxonomy":"category","embeddable":true,"href":"https:\/\/www.grupomedcof.com.br\/blog\/wp-json\/wp\/v2\/categories?post=28000"},{"taxonomy":"post_tag","embeddable":true,"href":"https:\/\/www.grupomedcof.com.br\/blog\/wp-json\/wp\/v2\/tags?post=28000"},{"taxonomy":"author","embeddable":true,"href":"https:\/\/www.grupomedcof.com.br\/blog\/wp-json\/wp\/v2\/ppma_author?post=28000"}],"curies":[{"name":"wp","href":"https:\/\/api.w.org\/{rel}","templated":true}]}}