{"id":28039,"date":"2025-12-22T08:57:52","date_gmt":"2025-12-22T11:57:52","guid":{"rendered":"https:\/\/www.grupomedcof.com.br\/blog\/?p=28039"},"modified":"2025-12-22T08:57:54","modified_gmt":"2025-12-22T11:57:54","slug":"edital-residencia-medica-puc-pr","status":"publish","type":"post","link":"https:\/\/www.grupomedcof.com.br\/blog\/edital-residencia-medica-puc-pr\/","title":{"rendered":"Resid\u00eancia m\u00e9dica PUC-PR 2026: confira o resultado final da sele\u00e7\u00e3o!"},"content":{"rendered":"<div id=\"ez-toc-container\" class=\"ez-toc-v2_0_74 counter-hierarchy ez-toc-counter ez-toc-transparent ez-toc-container-direction\">\n<div class=\"ez-toc-title-container\">\n<p class=\"ez-toc-title\" style=\"cursor:inherit\">Sum\u00e1rio<\/p>\n<span class=\"ez-toc-title-toggle\"><a href=\"#\" class=\"ez-toc-pull-right ez-toc-btn ez-toc-btn-xs ez-toc-btn-default ez-toc-toggle\" aria-label=\"Alternar tabela de conte\u00fado\"><span class=\"ez-toc-js-icon-con\"><span class=\"\"><span class=\"eztoc-hide\" style=\"display:none;\">Toggle<\/span><span class=\"ez-toc-icon-toggle-span\"><svg style=\"fill: #999;color:#999\" xmlns=\"http:\/\/www.w3.org\/2000\/svg\" class=\"list-377408\" width=\"20px\" height=\"20px\" viewBox=\"0 0 24 24\" fill=\"none\"><path d=\"M6 6H4v2h2V6zm14 0H8v2h12V6zM4 11h2v2H4v-2zm16 0H8v2h12v-2zM4 16h2v2H4v-2zm16 0H8v2h12v-2z\" fill=\"currentColor\"><\/path><\/svg><svg style=\"fill: #999;color:#999\" class=\"arrow-unsorted-368013\" xmlns=\"http:\/\/www.w3.org\/2000\/svg\" width=\"10px\" height=\"10px\" viewBox=\"0 0 24 24\" version=\"1.2\" baseProfile=\"tiny\"><path d=\"M18.2 9.3l-6.2-6.3-6.2 6.3c-.2.2-.3.4-.3.7s.1.5.3.7c.2.2.4.3.7.3h11c.3 0 .5-.1.7-.3.2-.2.3-.5.3-.7s-.1-.5-.3-.7zM5.8 14.7l6.2 6.3 6.2-6.3c.2-.2.3-.5.3-.7s-.1-.5-.3-.7c-.2-.2-.4-.3-.7-.3h-11c-.3 0-.5.1-.7.3-.2.2-.3.5-.3.7s.1.5.3.7z\"\/><\/svg><\/span><\/span><\/span><\/a><\/span><\/div>\n<nav><ul class='ez-toc-list ez-toc-list-level-1 ' ><li class='ez-toc-page-1 ez-toc-heading-level-2'><a class=\"ez-toc-link ez-toc-heading-1\" href=\"https:\/\/www.grupomedcof.com.br\/blog\/edital-residencia-medica-puc-pr\/#Sobre_a_PUCPR\" >Sobre a PUCPR<\/a><\/li><li class='ez-toc-page-1 ez-toc-heading-level-2'><a class=\"ez-toc-link ez-toc-heading-2\" href=\"https:\/\/www.grupomedcof.com.br\/blog\/edital-residencia-medica-puc-pr\/#Criterios_de_selecao_e_etapas\" >Crit\u00e9rios de sele\u00e7\u00e3o e etapas<\/a><ul class='ez-toc-list-level-3' ><li class='ez-toc-heading-level-3'><a class=\"ez-toc-link ez-toc-heading-3\" href=\"https:\/\/www.grupomedcof.com.br\/blog\/edital-residencia-medica-puc-pr\/#Prova_objetiva\" >Prova objetiva<\/a><\/li><\/ul><\/li><li class='ez-toc-page-1 ez-toc-heading-level-2'><a class=\"ez-toc-link ez-toc-heading-4\" href=\"https:\/\/www.grupomedcof.com.br\/blog\/edital-residencia-medica-puc-pr\/#Analise_curricular\" >An\u00e1lise curricular<\/a><\/li><li class='ez-toc-page-1 ez-toc-heading-level-2'><a class=\"ez-toc-link ez-toc-heading-5\" href=\"https:\/\/www.grupomedcof.com.br\/blog\/edital-residencia-medica-puc-pr\/#Vagas_ofertadas_PUC-PR_2026\" >Vagas ofertadas PUC-PR 2026<\/a><ul class='ez-toc-list-level-3' ><li class='ez-toc-heading-level-3'><a class=\"ez-toc-link ez-toc-heading-6\" href=\"https:\/\/www.grupomedcof.com.br\/blog\/edital-residencia-medica-puc-pr\/#Acesso_Direto\" >Acesso Direto<\/a><\/li><li class='ez-toc-page-1 ez-toc-heading-level-3'><a class=\"ez-toc-link ez-toc-heading-7\" href=\"https:\/\/www.grupomedcof.com.br\/blog\/edital-residencia-medica-puc-pr\/#Pre-Requisito\" >Pr\u00e9-Requisito<\/a><\/li><\/ul><\/li><li class='ez-toc-page-1 ez-toc-heading-level-2'><a class=\"ez-toc-link ez-toc-heading-8\" href=\"https:\/\/www.grupomedcof.com.br\/blog\/edital-residencia-medica-puc-pr\/#Edital_PUC-PR_2026\" >Edital PUC-PR 2026<\/a><\/li><li class='ez-toc-page-1 ez-toc-heading-level-2'><a class=\"ez-toc-link ez-toc-heading-9\" href=\"https:\/\/www.grupomedcof.com.br\/blog\/edital-residencia-medica-puc-pr\/#Cronograma_do_processo_seletivo_da_PUC-PR_20252026\" >Cronograma do processo seletivo da PUC-PR 2025\/2026<\/a><\/li><li class='ez-toc-page-1 ez-toc-heading-level-2'><a class=\"ez-toc-link ez-toc-heading-10\" href=\"https:\/\/www.grupomedcof.com.br\/blog\/edital-residencia-medica-puc-pr\/#Relacao_CandidatoVaga_PUC-PR_20252026\" >Rela\u00e7\u00e3o Candidato\/Vaga PUC-PR 2025\/2026<\/a><\/li><li class='ez-toc-page-1 ez-toc-heading-level-2'><a class=\"ez-toc-link ez-toc-heading-11\" href=\"https:\/\/www.grupomedcof.com.br\/blog\/edital-residencia-medica-puc-pr\/#Resultado_Preliminar_Analise_Curricular_PUC-PR_20252026\" >Resultado Preliminar An\u00e1lise Curricular PUC-PR 2025\/2026<\/a><\/li><li class='ez-toc-page-1 ez-toc-heading-level-2'><a class=\"ez-toc-link ez-toc-heading-12\" href=\"https:\/\/www.grupomedcof.com.br\/blog\/edital-residencia-medica-puc-pr\/#Resultado_Final_PUC-PR_2026\" >Resultado Final PUC-PR 2026<\/a><\/li><li class='ez-toc-page-1 ez-toc-heading-level-2'><a class=\"ez-toc-link ez-toc-heading-13\" href=\"https:\/\/www.grupomedcof.com.br\/blog\/edital-residencia-medica-puc-pr\/#Preparacao_para_a_residencia_medica_PUC-PR\" >Prepara\u00e7\u00e3o para a resid\u00eancia m\u00e9dica PUC-PR&nbsp;<\/a><\/li><\/ul><\/nav><\/div>\n\n<figure class=\"wp-block-image size-large\"><img loading=\"lazy\" decoding=\"async\" width=\"1024\" height=\"576\" src=\"https:\/\/www.grupomedcof.com.br\/blog\/wp-content\/uploads\/2024\/08\/Modelo-instituicoes-4-1024x576.png\" alt=\"A Pontif\u00edcia Universidade Cat\u00f3lica do Paran\u00e1 (PUC-PR), publicou as novas datas para inscri\u00e7\u00e3o na prova de resid\u00eancia m\u00e9dica de 2024\/2025. Prova ocorrer\u00e1 no dia 29 de outubro.\" class=\"wp-image-29814\" srcset=\"https:\/\/www.grupomedcof.com.br\/blog\/wp-content\/uploads\/2024\/08\/Modelo-instituicoes-4-1024x576.png 1024w, https:\/\/www.grupomedcof.com.br\/blog\/wp-content\/uploads\/2024\/08\/Modelo-instituicoes-4-300x169.png 300w, https:\/\/www.grupomedcof.com.br\/blog\/wp-content\/uploads\/2024\/08\/Modelo-instituicoes-4-768x432.png 768w, https:\/\/www.grupomedcof.com.br\/blog\/wp-content\/uploads\/2024\/08\/Modelo-instituicoes-4-1536x864.png 1536w, https:\/\/www.grupomedcof.com.br\/blog\/wp-content\/uploads\/2024\/08\/Modelo-instituicoes-4-2048x1152.png 2048w, https:\/\/www.grupomedcof.com.br\/blog\/wp-content\/uploads\/2024\/08\/Modelo-instituicoes-4-747x420.png 747w, https:\/\/www.grupomedcof.com.br\/blog\/wp-content\/uploads\/2024\/08\/Modelo-instituicoes-4-150x84.png 150w, https:\/\/www.grupomedcof.com.br\/blog\/wp-content\/uploads\/2024\/08\/Modelo-instituicoes-4-696x392.png 696w, https:\/\/www.grupomedcof.com.br\/blog\/wp-content\/uploads\/2024\/08\/Modelo-instituicoes-4-1068x601.png 1068w, https:\/\/www.grupomedcof.com.br\/blog\/wp-content\/uploads\/2024\/08\/Modelo-instituicoes-4-1920x1080.png 1920w\" sizes=\"auto, (max-width: 1024px) 100vw, 1024px\" \/><\/figure>\n\n\n\n<h2 class=\"wp-block-heading\" id=\"h-sobre-a-pucpr\"><span class=\"ez-toc-section\" id=\"Sobre_a_PUCPR\"><\/span><strong>Sobre a PUCPR<\/strong><span class=\"ez-toc-section-end\"><\/span><\/h2>\n\n\n\n<p>A <strong>Pontif\u00edcia Universidade Cat\u00f3lica do Paran\u00e1 (PUC-PR) <\/strong>foi fundada em 1959 e tem como foco desenvolver a excel\u00eancia educacional, pesquisas de qualidade, fomentar o empreendedorismo e inova\u00e7\u00e3o, al\u00e9m de promover a multi e interculturalidade aliadas \u00e0 inclus\u00e3o social. Desse modo, a universidade possui unidades em quatro cidades do Estado do Paran\u00e1 e cerca de 100 cursos de gradua\u00e7\u00e3o.&nbsp;<\/p>\n\n\n\n<h2 class=\"wp-block-heading\" id=\"h-criterios-de-selecao-e-etapas\"><span class=\"ez-toc-section\" id=\"Criterios_de_selecao_e_etapas\"><\/span><strong>Crit\u00e9rios de sele\u00e7\u00e3o e etapas<\/strong><span class=\"ez-toc-section-end\"><\/span><\/h2>\n\n\n\n<p>Para participar da sele\u00e7\u00e3o, os candidatos precisaram pagar uma taxa de inscri\u00e7\u00e3o no valor de <strong>R$880,00<\/strong>, e as inscri\u00e7\u00f5es aconteceram no per\u00edodo de <strong>22 de agosto e 22 de setembro de 2025.<\/strong><\/p>\n\n\n\n<p>Confira nossos post de <a href=\"https:\/\/www.grupomedcof.com.br\/blog\/puc-pr-temas-quentes\/\">temas quentes<\/a> e <a href=\"https:\/\/www.grupomedcof.com.br\/blog\/puc-pr-2024-provas-similares\/\">provas similares<\/a> da PUC-PR para ficar preparado!<\/p>\n\n\n\n<h3 class=\"wp-block-heading\" id=\"h-prova-objetiva\"><span class=\"ez-toc-section\" id=\"Prova_objetiva\"><\/span><strong>Prova objetiva<\/strong><span class=\"ez-toc-section-end\"><\/span><\/h3>\n\n\n\n<p>A prova objetiva ocorreu no dia <strong>09 de outubro de 2025.<\/strong> Os candidatos de Acesso Direto tiveram <strong>100 quest\u00f5es<\/strong> de m\u00faltipla escolha e os de Pr\u00e9-Requisito <strong>40 quest\u00f5es<\/strong>.<\/p>\n\n\n\n<h2 class=\"wp-block-heading\" id=\"h-analise-curricular\"><span class=\"ez-toc-section\" id=\"Analise_curricular\"><\/span><strong>An\u00e1lise curricular<\/strong><span class=\"ez-toc-section-end\"><\/span><\/h2>\n\n\n\n<p>Para participar desta fase, os candidatos enviaram os curr\u00edculos entre os dias <strong>19 e 26 de novembro<\/strong> <strong>de 2025<\/strong>.<\/p>\n\n\n\n<h2 class=\"wp-block-heading\" id=\"h-vagas-ofertadas-puc-pr-2026\"><span class=\"ez-toc-section\" id=\"Vagas_ofertadas_PUC-PR_2026\"><\/span><strong>Vagas ofertadas PUC-PR 2026<\/strong><span class=\"ez-toc-section-end\"><\/span><\/h2>\n\n\n\n<p>A edi\u00e7\u00e3o oferta <strong>81 vagas<\/strong> no total, confira cada uma delas abaixo:<\/p>\n\n\n\n<h3 class=\"wp-block-heading\" id=\"h-acesso-direto\"><span class=\"ez-toc-section\" id=\"Acesso_Direto\"><\/span><strong>Acesso Direto<\/strong><span class=\"ez-toc-section-end\"><\/span><\/h3>\n\n\n\n<figure class=\"wp-block-table\"><table class=\"has-fixed-layout\"><thead><tr><th>Especialidades<\/th><th>Vagas<\/th><\/tr><\/thead><tbody><tr><td>Anestesiologia<\/td><td>05<\/td><\/tr><tr><td>Cirurgia Geral<\/td><td>10<\/td><\/tr><tr><td>Cl\u00ednica M\u00e9dica<\/td><td>12<\/td><\/tr><tr><td>Medicina de Fam\u00edlia e Comunidade<\/td><td>15<\/td><\/tr><tr><td>Medicina de Emerg\u00eancia<\/td><td>02<\/td><\/tr><tr><td>Medicina Intensiva<\/td><td>05<\/td><\/tr><tr><td>Neurocirurgia<\/td><td>02<\/td><\/tr><tr><td>Neurologia<\/td><td>03<\/td><\/tr><tr><td>Oftalmologia<\/td><td>01<\/td><\/tr><tr><td>Ortopedia e Traumatologia<\/td><td>06<\/td><\/tr><tr><td>Otorrinolaringologia<\/td><td>02<\/td><\/tr><tr><td>Radiologia e Diagn\u00f3stico por Imagem<\/td><td>02<\/td><\/tr><\/tbody><\/table><\/figure>\n\n\n\n<h3 class=\"wp-block-heading\" id=\"h-pre-requisito\"><span class=\"ez-toc-section\" id=\"Pre-Requisito\"><\/span><strong>Pr\u00e9-Requisito<\/strong><span class=\"ez-toc-section-end\"><\/span><\/h3>\n\n\n\n<figure class=\"wp-block-table\"><table class=\"has-fixed-layout\"><thead><tr><th>Especialidades<\/th><th>Vagas<\/th><\/tr><\/thead><tbody><tr><td>Cirurgia Pl\u00e1stica<\/td><td>02<\/td><\/tr><tr><td>Cirurgia Tor\u00e1cica<\/td><td>02<\/td><\/tr><tr><td>Cirurgia Vascular<\/td><td>02<\/td><\/tr><tr><td>Coloproctologia<\/td><td>01<\/td><\/tr><tr><td>Urologia<\/td><td>01<\/td><\/tr><tr><td>Cardiologia<\/td><td>05<\/td><\/tr><tr><td>Cirurgia da M\u00e3o<\/td><td>01<\/td><\/tr><tr><td>Angiorradiologia e Cirurgia Endovascular<\/td><td>02<\/td><\/tr><\/tbody><\/table><\/figure>\n\n\n\n<figure class=\"wp-block-image size-large\"><a href=\"https:\/\/www.grupomedcof.com.br\/cofletters\/\"><img loading=\"lazy\" decoding=\"async\" width=\"1024\" height=\"366\" src=\"https:\/\/www.grupomedcof.com.br\/blog\/wp-content\/uploads\/2024\/08\/Capa-Eventos-MedCof-Plus-14-3-1024x366.png\" alt=\"\" class=\"wp-image-28960\" srcset=\"https:\/\/www.grupomedcof.com.br\/blog\/wp-content\/uploads\/2024\/08\/Capa-Eventos-MedCof-Plus-14-3-1024x366.png 1024w, https:\/\/www.grupomedcof.com.br\/blog\/wp-content\/uploads\/2024\/08\/Capa-Eventos-MedCof-Plus-14-3-300x107.png 300w, https:\/\/www.grupomedcof.com.br\/blog\/wp-content\/uploads\/2024\/08\/Capa-Eventos-MedCof-Plus-14-3-768x275.png 768w, https:\/\/www.grupomedcof.com.br\/blog\/wp-content\/uploads\/2024\/08\/Capa-Eventos-MedCof-Plus-14-3-1536x549.png 1536w, https:\/\/www.grupomedcof.com.br\/blog\/wp-content\/uploads\/2024\/08\/Capa-Eventos-MedCof-Plus-14-3-2048x732.png 2048w, https:\/\/www.grupomedcof.com.br\/blog\/wp-content\/uploads\/2024\/08\/Capa-Eventos-MedCof-Plus-14-3-1174x420.png 1174w, https:\/\/www.grupomedcof.com.br\/blog\/wp-content\/uploads\/2024\/08\/Capa-Eventos-MedCof-Plus-14-3-150x54.png 150w, https:\/\/www.grupomedcof.com.br\/blog\/wp-content\/uploads\/2024\/08\/Capa-Eventos-MedCof-Plus-14-3-696x249.png 696w, https:\/\/www.grupomedcof.com.br\/blog\/wp-content\/uploads\/2024\/08\/Capa-Eventos-MedCof-Plus-14-3-1068x382.png 1068w, https:\/\/www.grupomedcof.com.br\/blog\/wp-content\/uploads\/2024\/08\/Capa-Eventos-MedCof-Plus-14-3-1920x687.png 1920w\" sizes=\"auto, (max-width: 1024px) 100vw, 1024px\" \/><\/a><\/figure>\n\n\n\n<h2 class=\"wp-block-heading\" id=\"h-edital-puc-pr-2026\"><span class=\"ez-toc-section\" id=\"Edital_PUC-PR_2026\"><\/span><strong>Edital PUC-PR 2026<\/strong><span class=\"ez-toc-section-end\"><\/span><\/h2>\n\n\n\n<p>Confira o edital completo da edi\u00e7\u00e3o de <strong>2025\/2026<\/strong> da <strong>PUC-PR<\/strong>:<\/p>\n\n\n\n<div class=\"wp-block-buttons is-content-justification-center is-layout-flex wp-container-core-buttons-is-layout-16018d1d wp-block-buttons-is-layout-flex\">\n<div class=\"wp-block-button\"><a class=\"wp-block-button__link wp-element-button\" href=\"https:\/\/www.grupomedcof.com.br\/blog\/wp-content\/uploads\/2025\/07\/edital_pucpr2026.pdf\" target=\"_blank\" rel=\"noreferrer noopener\">Edital PUC-PR 2025\/2026<\/a><\/div>\n<\/div>\n\n\n\n<h2 class=\"wp-block-heading\" id=\"h-cronograma-do-processo-seletivo-da-puc-pr-2025-2026\"><span class=\"ez-toc-section\" id=\"Cronograma_do_processo_seletivo_da_PUC-PR_20252026\"><\/span><strong>Cronograma do processo seletivo da PUC-PR<\/strong> <strong>2025\/2026<\/strong><span class=\"ez-toc-section-end\"><\/span><\/h2>\n\n\n\n<figure class=\"wp-block-table\"><table class=\"has-fixed-layout\"><tbody><tr><td><strong>Vagas Ofertadas<\/strong><\/td><td>65 (AD) + 16 (PR)<\/td><\/tr><tr><td><strong>Per\u00edodo de Inscri\u00e7\u00f5es<\/strong><\/td><td>22\/08 a 22\/09\/2025<\/td><\/tr><tr><td><strong>Prova Objetiva<\/strong><\/td><td>09\/10\/2025<\/td><\/tr><tr><td><strong>Gabarito Preliminar<\/strong><\/td><td>09\/10\/2025<\/td><\/tr><tr><td><strong>Envio de documentos para An\u00e1lise Curricular<\/strong><\/td><td>19 a 26\/11\/2025<\/td><\/tr><tr><td><strong>Resultado Final<\/strong><\/td><td>18\/12\/2025<\/td><\/tr><\/tbody><\/table><\/figure>\n\n\n\n<p>Confira o <a href=\"https:\/\/www.grupomedcof.com.br\/blog\/residencia-medica-2024-2025-calendario-de-provas\/\"><strong>calend\u00e1rio de provas<\/strong><\/a><strong> <\/strong>para ficar por dentro das etapas dos processos seletivos.<\/p>\n\n\n\n<h2 class=\"wp-block-heading\" id=\"h-relacao-candidato-vaga-puc-pr-2025-2026\"><span class=\"ez-toc-section\" id=\"Relacao_CandidatoVaga_PUC-PR_20252026\"><\/span><strong>Rela\u00e7\u00e3o Candidato\/Vaga PUC-PR 2025\/2026<\/strong><span class=\"ez-toc-section-end\"><\/span><\/h2>\n\n\n\n<p>Na edi\u00e7\u00e3o atual, o processo seletivo de resid\u00eancia m\u00e9dica da PUC-PR conta com a&nbsp;<strong>participa\u00e7\u00e3o de 1.754 candidatos inscritos&nbsp;<\/strong>para 75 vagas ofertadas, o que acarreta em uma&nbsp;<strong>concorr\u00eancia de 23,38 candidatos por vaga.<\/strong> Sendo assim, veja a tabela de concorr\u00eancia a seguir:<\/p>\n\n\n\n<figure class=\"wp-block-table\"><table class=\"has-fixed-layout\"><tbody><tr><td><strong>ESPECIALIDADES<\/strong><\/td><td><strong>VAGAS<\/strong><\/td><td><strong>INSCRITOS<\/strong><\/td><td><strong>CONCORR\u00caNCIA<\/strong><\/td><\/tr><tr><td>OTORRINOLARINGOLOGIA<\/td><td>2<\/td><td>161<\/td><td>80.5<\/td><\/tr><tr><td>ANESTESIOLOGIA<\/td><td>3<\/td><td>175<\/td><td>58.33<\/td><\/tr><tr><td>ORTOPEDIA E TRAUMATOLOGIA<\/td><td>1<\/td><td>50<\/td><td>50<\/td><\/tr><tr><td>OFTALMOLOGIA<\/td><td>1<\/td><td>47<\/td><td>47<\/td><\/tr><tr><td>NEUROCIRURGIA<\/td><td>2<\/td><td>92<\/td><td>46<\/td><\/tr><tr><td>CIRURGIA GERAL<\/td><td>9<\/td><td>390<\/td><td>43.33<\/td><\/tr><tr><td>CIRURGIA PL\u00c1STICA<\/td><td>2<\/td><td>82<\/td><td>41<\/td><\/tr><tr><td>RADIOLOGIA<\/td><td>2<\/td><td>82<\/td><td>41<\/td><\/tr><tr><td>NEUROLOGIA<\/td><td>3<\/td><td>103<\/td><td>34.33<\/td><\/tr><tr><td>CL\u00cdNICA M\u00c9DICA<\/td><td>11<\/td><td>344<\/td><td>31.27<\/td><\/tr><tr><td>COLOPROCTOLOGIA<\/td><td>1<\/td><td>18<\/td><td>18<\/td><\/tr><tr><td>UROLOGIA<\/td><td>2<\/td><td>28<\/td><td>14<\/td><\/tr><tr><td>CIRURGIA VASCULAR<\/td><td>2<\/td><td>22<\/td><td>11<\/td><\/tr><tr><td>MEDICINA DE EMERG\u00caNCIA<\/td><td>2<\/td><td>17<\/td><td>8.5<\/td><\/tr><tr><td>CARDIOLOGIA<\/td><td>5<\/td><td>38<\/td><td>7.6<\/td><\/tr><tr><td>CIRURGIA DA M\u00c3O<\/td><td>1<\/td><td>6<\/td><td>6<\/td><\/tr><tr><td>MEDICINA INTENSIVA<\/td><td>5<\/td><td>20<\/td><td>4<\/td><\/tr><tr><td>MEDICINA DA FAM\u00cdLIA E COMUNIDADE<\/td><td>14<\/td><td>47<\/td><td>3.36<\/td><\/tr><tr><td>CIRURGIA TOR\u00c1CICA<\/td><td>2<\/td><td>6<\/td><td>3<\/td><\/tr><tr><td>ANGIORRADIOLOGIA E CIRURGIA ENDOVASCULAR<\/td><td>2<\/td><td>3<\/td><td>1.5<\/td><\/tr><tr><td>CIRURGIA GERAL (A\u00e7\u00f5es Afirmativas)<\/td><td>1<\/td><td>13<\/td><td>13<\/td><\/tr><tr><td>CL\u00cdNICA M\u00c9DICA (A\u00e7\u00f5es Afirmativas)<\/td><td>1<\/td><td>9<\/td><td>9<\/td><\/tr><tr><td>MEDICINA DA FAM\u00cdLIA E COMUNIDADE (A\u00e7\u00f5es Afirmativas)<\/td><td>1<\/td><td>1<\/td><td>1<\/td><\/tr><\/tbody><\/table><\/figure>\n\n\n\n<div class=\"wp-block-buttons is-layout-flex wp-block-buttons-is-layout-flex\">\n<div class=\"wp-block-button\"><a class=\"wp-block-button__link wp-element-button\" href=\"https:\/\/www.grupomedcof.com.br\/blog\/wp-content\/uploads\/2025\/08\/Ensalamento-PUC-PR-2026.pdf\" target=\"_blank\" rel=\"noreferrer noopener\">Ensalamento PUC-PR 2026<\/a><\/div>\n\n\n\n<div class=\"wp-block-button\"><a class=\"wp-block-button__link wp-element-button\" href=\"https:\/\/www.grupomedcof.com.br\/blog\/wp-content\/uploads\/2025\/08\/Ensalamento-PUC-PR-2026.pdf\" target=\"_blank\" rel=\"noreferrer noopener\">Ensalamento PUC-PR Pr\u00e9-Requisito 2026<\/a><\/div>\n\n\n\n<div class=\"wp-block-button\"><a class=\"wp-block-button__link wp-element-button\" href=\"https:\/\/www.grupomedcof.com.br\/blog\/wp-content\/uploads\/2025\/08\/Concorrencia-PUC-PR-2026.pdf\" target=\"_blank\" rel=\"noreferrer noopener\">Concorr\u00eancia PUC-PR 2026<\/a><\/div>\n<\/div>\n\n\n\n<h2 class=\"wp-block-heading\" id=\"h-resultado-preliminar-analise-curricular-puc-pr-2025-2026\"><span class=\"ez-toc-section\" id=\"Resultado_Preliminar_Analise_Curricular_PUC-PR_20252026\"><\/span><strong>Resultado Preliminar An\u00e1lise Curricular PUC-PR 2025\/2026<\/strong><span class=\"ez-toc-section-end\"><\/span><\/h2>\n\n\n\n<p>A institui\u00e7\u00e3o divulgou o resultado preliminar da an\u00e1lise curricular no dia <strong>11 de dezembro de 2025<\/strong>. <\/p>\n\n\n\n<div class=\"wp-block-buttons is-layout-flex wp-block-buttons-is-layout-flex\">\n<div class=\"wp-block-button\"><a class=\"wp-block-button__link wp-element-button\" href=\"https:\/\/www.grupomedcof.com.br\/blog\/wp-content\/uploads\/2025\/10\/Resultado-Preliminar-AC-PUC-PR-2026.pdf\" target=\"_blank\" rel=\"noreferrer noopener\">Resultado Preliminar An\u00e1lise Curricular Acesso Direto<\/a><\/div>\n\n\n\n<div class=\"wp-block-button\"><a class=\"wp-block-button__link wp-element-button\" href=\"https:\/\/www.grupomedcof.com.br\/blog\/wp-content\/uploads\/2025\/10\/Resultado-Preliminar-AC-PUC-PR-2026-PR.pdf\" target=\"_blank\" rel=\"noreferrer noopener\">Resultado Preliminar An\u00e1lise Curricular Pr\u00e9-Requisito<\/a><\/div>\n<\/div>\n\n\n\n<p>Para aqueles que julgarem necess\u00e1rio a interposi\u00e7\u00e3o de recursos, tiveram que solicitar no dia <strong>12 de dezembro<\/strong> para o e-mail\u00a0<strong>recurso@pucpr.br<\/strong>. <\/p>\n\n\n\n<h2 class=\"wp-block-heading\" id=\"h-resultado-final-puc-pr-2026\"><span class=\"ez-toc-section\" id=\"Resultado_Final_PUC-PR_2026\"><\/span><strong>Resultado Final PUC-PR 2026<\/strong><span class=\"ez-toc-section-end\"><\/span><\/h2>\n\n\n\n<p>O resultado final da sele\u00e7\u00e3o de resid\u00eancia m\u00e9dica da PUC-PR 2025\/2026 foi divulgado no dia 19 de dezembro de 2025. <\/p>\n\n\n\n<div class=\"wp-block-buttons is-layout-flex wp-block-buttons-is-layout-flex\">\n<div class=\"wp-block-button\"><a class=\"wp-block-button__link wp-element-button\" href=\"https:\/\/www.grupomedcof.com.br\/blog\/wp-content\/uploads\/2025\/12\/Resultado-Final-PUC-PR-2026-AD.pdf\" target=\"_blank\" rel=\"noreferrer noopener\">Resultado Final Acesso Direto<\/a><\/div>\n\n\n\n<div class=\"wp-block-button\"><a class=\"wp-block-button__link wp-element-button\" href=\"https:\/\/www.grupomedcof.com.br\/blog\/wp-content\/uploads\/2025\/12\/Resultado-Final-PUC-PR-2026-PR.pdf\" target=\"_blank\" rel=\"noreferrer noopener\">Resultado Final Pr\u00e9-Requisito<\/a><\/div>\n<\/div>\n\n\n\n<p>O per\u00edodo de matr\u00edcula para os candidatos aprovados na 1\u00aa chamada do Hospital Universit\u00e1rio Cajuru ocorrer\u00e1 de\u00a0<strong>20 a 23 de janeiro de 2026<\/strong>, com encerramento \u00e0s\u00a0<strong>23h59<\/strong>\u00a0do \u00faltimo dia.\u00a0<\/p>\n\n\n\n<h2 class=\"wp-block-heading\" id=\"h-preparacao-para-a-residencia-medica-puc-pr\"><span class=\"ez-toc-section\" id=\"Preparacao_para_a_residencia_medica_PUC-PR\"><\/span><strong>Prepara\u00e7\u00e3o para a resid\u00eancia m\u00e9dica PUC-PR&nbsp;<\/strong><span class=\"ez-toc-section-end\"><\/span><\/h2>\n\n\n\n<p>Est\u00e1 se preparando para as provas de resid\u00eancia m\u00e9dica? Ent\u00e3o o Grupo MedCof ser\u00e1 o seu melhor companheiro! Aqui temos uma <a href=\"https:\/\/www.grupomedcof.com.br\/blog\/saiba-como-utilizar-a-nossa-metodologia\/\">metodologia<\/a> que j\u00e1 aprovou mais de <a href=\"https:\/\/www.grupomedcof.com.br\/blog\/presenca-da-medcof-nas-aprovacoes-em-residencia-medica-no-brasil\/\">35 mil candidatos<\/a>, com foco em quest\u00f5es do nosso <a href=\"https:\/\/www.grupomedcof.com.br\/blog\/qbank-medcof\/\">Qbank.<\/a> Seja um MedCofer e conquiste a sua aprova\u00e7\u00e3o nas resid\u00eancias!<\/p>\n\n\n\n<figure class=\"wp-block-embed is-type-video is-provider-youtube wp-block-embed-youtube wp-embed-aspect-16-9 wp-has-aspect-ratio\"><div class=\"wp-block-embed__wrapper\">\n<iframe loading=\"lazy\" title=\"PUC-RS 2024 - R1 Acesso Direto - Revis\u00e3o de V\u00e9spera Dominada - Gabarite a prova de resid\u00eancia m\u00e9dica\" width=\"696\" height=\"392\" src=\"https:\/\/www.youtube.com\/embed\/4kWNtF9400o?feature=oembed\" frameborder=\"0\" allow=\"accelerometer; autoplay; clipboard-write; encrypted-media; gyroscope; picture-in-picture; web-share\" referrerpolicy=\"strict-origin-when-cross-origin\" allowfullscreen><\/iframe>\n<\/div><\/figure>\n","protected":false},"excerpt":{"rendered":"<p>Resid\u00eancia m\u00e9dica na PUC-PR! N\u00e3o perca essa oportunidade. Acesse o blog Medcof e saiba todos os detalhes!<\/p>\n","protected":false},"author":20,"featured_media":29814,"comment_status":"open","ping_status":"open","sticky":false,"template":"","format":"standard","meta":{"footnotes":""},"categories":[287,2023],"tags":[1568,93,117,1657,1656,68],"ppma_author":[3616],"class_list":{"0":"post-28039","1":"post","2":"type-post","3":"status-publish","4":"format-standard","5":"has-post-thumbnail","7":"category-destaques-medcof","8":"category-editais","9":"tag-edital","10":"tag-especialidades-medicas","11":"tag-provas-de-residencia","12":"tag-puc-pr","13":"tag-puc-pr-2025","14":"tag-residencia-medica"},"yoast_head":"<!-- This site is optimized with the Yoast SEO Premium plugin v24.3 (Yoast SEO v27.4) - https:\/\/yoast.com\/product\/yoast-seo-premium-wordpress\/ -->\n<title>Edital PUC PR 2026: crit\u00e9rios, etapas e mais!<\/title>\n<meta name=\"description\" content=\"Resid\u00eancia m\u00e9dica na PUC-PR! N\u00e3o perca essa oportunidade. Acesse o blog Medcof e saiba todos os detalhes!\" \/>\n<meta name=\"robots\" content=\"index, follow, max-snippet:-1, max-image-preview:large, max-video-preview:-1\" \/>\n<link rel=\"canonical\" href=\"https:\/\/www.grupomedcof.com.br\/blog\/edital-residencia-medica-puc-pr\/\" \/>\n<meta property=\"og:locale\" content=\"pt_BR\" \/>\n<meta property=\"og:type\" content=\"article\" \/>\n<meta property=\"og:title\" content=\"Resid\u00eancia m\u00e9dica PUC-PR 2026: confira o resultado final da sele\u00e7\u00e3o!\" \/>\n<meta property=\"og:description\" content=\"Resid\u00eancia m\u00e9dica na PUC-PR! N\u00e3o perca essa oportunidade. Acesse o blog Medcof e saiba todos os detalhes!\" \/>\n<meta property=\"og:url\" content=\"https:\/\/www.grupomedcof.com.br\/blog\/edital-residencia-medica-puc-pr\/\" \/>\n<meta property=\"og:site_name\" content=\"Blog de Medcof: conte\u00fados, editais, revalida e mais!\" \/>\n<meta property=\"article:publisher\" content=\"https:\/\/www.facebook.com\/MedCofQbank\/\" \/>\n<meta property=\"article:published_time\" content=\"2025-12-22T11:57:52+00:00\" \/>\n<meta property=\"article:modified_time\" content=\"2025-12-22T11:57:54+00:00\" \/>\n<meta property=\"og:image\" content=\"https:\/\/www.grupomedcof.com.br\/blog\/wp-content\/uploads\/2024\/08\/Modelo-instituicoes-4.png\" \/>\n\t<meta property=\"og:image:width\" content=\"2560\" \/>\n\t<meta property=\"og:image:height\" content=\"1440\" \/>\n\t<meta property=\"og:image:type\" content=\"image\/png\" \/>\n<meta name=\"author\" content=\"Leila Menzel\" \/>\n<meta name=\"twitter:card\" content=\"summary_large_image\" \/>\n<meta name=\"twitter:label1\" content=\"Escrito por\" \/>\n\t<meta name=\"twitter:data1\" content=\"Leila Menzel\" \/>\n\t<meta name=\"twitter:label2\" content=\"Est. tempo de leitura\" \/>\n\t<meta name=\"twitter:data2\" content=\"5 minutos\" \/>\n<script type=\"application\/ld+json\" class=\"yoast-schema-graph\">{\"@context\":\"https:\\\/\\\/schema.org\",\"@graph\":[{\"@type\":\"Article\",\"@id\":\"https:\\\/\\\/www.grupomedcof.com.br\\\/blog\\\/edital-residencia-medica-puc-pr\\\/#article\",\"isPartOf\":{\"@id\":\"https:\\\/\\\/www.grupomedcof.com.br\\\/blog\\\/edital-residencia-medica-puc-pr\\\/\"},\"author\":{\"name\":\"Leila Menzel\",\"@id\":\"https:\\\/\\\/www.grupomedcof.com.br\\\/blog\\\/#\\\/schema\\\/person\\\/9a44c2184a836bf5ae6967fdb3a1451e\"},\"headline\":\"Resid\u00eancia m\u00e9dica PUC-PR 2026: confira o resultado final da sele\u00e7\u00e3o!\",\"datePublished\":\"2025-12-22T11:57:52+00:00\",\"dateModified\":\"2025-12-22T11:57:54+00:00\",\"mainEntityOfPage\":{\"@id\":\"https:\\\/\\\/www.grupomedcof.com.br\\\/blog\\\/edital-residencia-medica-puc-pr\\\/\"},\"wordCount\":638,\"commentCount\":0,\"publisher\":{\"@id\":\"https:\\\/\\\/www.grupomedcof.com.br\\\/blog\\\/#organization\"},\"image\":{\"@id\":\"https:\\\/\\\/www.grupomedcof.com.br\\\/blog\\\/edital-residencia-medica-puc-pr\\\/#primaryimage\"},\"thumbnailUrl\":\"https:\\\/\\\/www.grupomedcof.com.br\\\/blog\\\/wp-content\\\/uploads\\\/2024\\\/08\\\/Modelo-instituicoes-4.png\",\"keywords\":[\"Edital\",\"Especialidades m\u00e9dicas\",\"Provas de Resid\u00eancia\",\"PUC-PR\",\"PUC-PR 2025\",\"Resid\u00eancia M\u00e9dica\"],\"articleSection\":[\"Destaques MedCof\",\"Editais\"],\"inLanguage\":\"pt-BR\"},{\"@type\":\"WebPage\",\"@id\":\"https:\\\/\\\/www.grupomedcof.com.br\\\/blog\\\/edital-residencia-medica-puc-pr\\\/\",\"url\":\"https:\\\/\\\/www.grupomedcof.com.br\\\/blog\\\/edital-residencia-medica-puc-pr\\\/\",\"name\":\"Edital PUC PR 2026: crit\u00e9rios, etapas e mais!\",\"isPartOf\":{\"@id\":\"https:\\\/\\\/www.grupomedcof.com.br\\\/blog\\\/#website\"},\"primaryImageOfPage\":{\"@id\":\"https:\\\/\\\/www.grupomedcof.com.br\\\/blog\\\/edital-residencia-medica-puc-pr\\\/#primaryimage\"},\"image\":{\"@id\":\"https:\\\/\\\/www.grupomedcof.com.br\\\/blog\\\/edital-residencia-medica-puc-pr\\\/#primaryimage\"},\"thumbnailUrl\":\"https:\\\/\\\/www.grupomedcof.com.br\\\/blog\\\/wp-content\\\/uploads\\\/2024\\\/08\\\/Modelo-instituicoes-4.png\",\"datePublished\":\"2025-12-22T11:57:52+00:00\",\"dateModified\":\"2025-12-22T11:57:54+00:00\",\"description\":\"Resid\u00eancia m\u00e9dica na PUC-PR! N\u00e3o perca essa oportunidade. Acesse o blog Medcof e saiba todos os detalhes!\",\"breadcrumb\":{\"@id\":\"https:\\\/\\\/www.grupomedcof.com.br\\\/blog\\\/edital-residencia-medica-puc-pr\\\/#breadcrumb\"},\"inLanguage\":\"pt-BR\",\"potentialAction\":[{\"@type\":\"ReadAction\",\"target\":[\"https:\\\/\\\/www.grupomedcof.com.br\\\/blog\\\/edital-residencia-medica-puc-pr\\\/\"]}]},{\"@type\":\"ImageObject\",\"inLanguage\":\"pt-BR\",\"@id\":\"https:\\\/\\\/www.grupomedcof.com.br\\\/blog\\\/edital-residencia-medica-puc-pr\\\/#primaryimage\",\"url\":\"https:\\\/\\\/www.grupomedcof.com.br\\\/blog\\\/wp-content\\\/uploads\\\/2024\\\/08\\\/Modelo-instituicoes-4.png\",\"contentUrl\":\"https:\\\/\\\/www.grupomedcof.com.br\\\/blog\\\/wp-content\\\/uploads\\\/2024\\\/08\\\/Modelo-instituicoes-4.png\",\"width\":2560,\"height\":1440,\"caption\":\"A Pontif\u00edcia Universidade Cat\u00f3lica do Paran\u00e1 (PUC-PR), publicou as novas datas para inscri\u00e7\u00e3o na prova de resid\u00eancia m\u00e9dica de 2024\\\/2025. Prova ocorrer\u00e1 no dia 29 de outubro.\"},{\"@type\":\"BreadcrumbList\",\"@id\":\"https:\\\/\\\/www.grupomedcof.com.br\\\/blog\\\/edital-residencia-medica-puc-pr\\\/#breadcrumb\",\"itemListElement\":[{\"@type\":\"ListItem\",\"position\":1,\"name\":\"In\u00edcio\",\"item\":\"https:\\\/\\\/www.grupomedcof.com.br\\\/blog\\\/\"},{\"@type\":\"ListItem\",\"position\":2,\"name\":\"Resid\u00eancia m\u00e9dica PUC-PR 2026: confira o resultado final da sele\u00e7\u00e3o!\"}]},{\"@type\":\"WebSite\",\"@id\":\"https:\\\/\\\/www.grupomedcof.com.br\\\/blog\\\/#website\",\"url\":\"https:\\\/\\\/www.grupomedcof.com.br\\\/blog\\\/\",\"name\":\"Blog de Medcof: conte\u00fados, editais, revalida e mais!\",\"description\":\"Acesso o blog de MedCof! Seu portal de conte\u00fados sobre resid\u00eancia m\u00e9dica, an\u00e1lise e editais e muito mais. Clique e confira!\",\"publisher\":{\"@id\":\"https:\\\/\\\/www.grupomedcof.com.br\\\/blog\\\/#organization\"},\"alternateName\":\"Blog de Medcof: conte\u00fados, editais, revalida e mais!\",\"potentialAction\":[{\"@type\":\"SearchAction\",\"target\":{\"@type\":\"EntryPoint\",\"urlTemplate\":\"https:\\\/\\\/www.grupomedcof.com.br\\\/blog\\\/?s={search_term_string}\"},\"query-input\":{\"@type\":\"PropertyValueSpecification\",\"valueRequired\":true,\"valueName\":\"search_term_string\"}}],\"inLanguage\":\"pt-BR\"},{\"@type\":\"Organization\",\"@id\":\"https:\\\/\\\/www.grupomedcof.com.br\\\/blog\\\/#organization\",\"name\":\"Grupo MedCof\",\"url\":\"https:\\\/\\\/www.grupomedcof.com.br\\\/blog\\\/\",\"logo\":{\"@type\":\"ImageObject\",\"inLanguage\":\"pt-BR\",\"@id\":\"https:\\\/\\\/www.grupomedcof.com.br\\\/blog\\\/#\\\/schema\\\/logo\\\/image\\\/\",\"url\":\"https:\\\/\\\/www.grupomedcof.com.br\\\/blog\\\/wp-content\\\/uploads\\\/2022\\\/01\\\/logo-medcof.png\",\"contentUrl\":\"https:\\\/\\\/www.grupomedcof.com.br\\\/blog\\\/wp-content\\\/uploads\\\/2022\\\/01\\\/logo-medcof.png\",\"width\":768,\"height\":269,\"caption\":\"Grupo MedCof\"},\"image\":{\"@id\":\"https:\\\/\\\/www.grupomedcof.com.br\\\/blog\\\/#\\\/schema\\\/logo\\\/image\\\/\"},\"sameAs\":[\"https:\\\/\\\/www.facebook.com\\\/MedCofQbank\\\/\",\"https:\\\/\\\/www.instagram.com\\\/grupomedcof\\\/\",\"https:\\\/\\\/br.linkedin.com\\\/company\\\/medcof\",\"https:\\\/\\\/www.youtube.com\\\/channel\\\/UCdHMuOHKICxcHwecxN8P-AA\"]},{\"@type\":\"Person\",\"@id\":\"https:\\\/\\\/www.grupomedcof.com.br\\\/blog\\\/#\\\/schema\\\/person\\\/9a44c2184a836bf5ae6967fdb3a1451e\",\"name\":\"Leila Menzel\",\"image\":{\"@type\":\"ImageObject\",\"inLanguage\":\"pt-BR\",\"@id\":\"https:\\\/\\\/www.grupomedcof.com.br\\\/blog\\\/wp-content\\\/uploads\\\/2025\\\/09\\\/cropped-eu-96x96.jpeg19a74936d997c0a8b3031618467fa1d0\",\"url\":\"https:\\\/\\\/www.grupomedcof.com.br\\\/blog\\\/wp-content\\\/uploads\\\/2025\\\/09\\\/cropped-eu-96x96.jpeg\",\"contentUrl\":\"https:\\\/\\\/www.grupomedcof.com.br\\\/blog\\\/wp-content\\\/uploads\\\/2025\\\/09\\\/cropped-eu-96x96.jpeg\",\"caption\":\"Leila Menzel\"},\"description\":\"Estudante do 6\u00b0 semestre de jornalismo, amo e escrevo poesias e viajo em livros de romances clich\u00eas.\",\"url\":\"https:\\\/\\\/www.grupomedcof.com.br\\\/blog\\\/author\\\/leila-menzel\\\/\"}]}<\/script>\n<!-- \/ Yoast SEO Premium plugin. -->","yoast_head_json":{"title":"Edital PUC PR 2026: crit\u00e9rios, etapas e mais!","description":"Resid\u00eancia m\u00e9dica na PUC-PR! N\u00e3o perca essa oportunidade. Acesse o blog Medcof e saiba todos os detalhes!","robots":{"index":"index","follow":"follow","max-snippet":"max-snippet:-1","max-image-preview":"max-image-preview:large","max-video-preview":"max-video-preview:-1"},"canonical":"https:\/\/www.grupomedcof.com.br\/blog\/edital-residencia-medica-puc-pr\/","og_locale":"pt_BR","og_type":"article","og_title":"Resid\u00eancia m\u00e9dica PUC-PR 2026: confira o resultado final da sele\u00e7\u00e3o!","og_description":"Resid\u00eancia m\u00e9dica na PUC-PR! N\u00e3o perca essa oportunidade. Acesse o blog Medcof e saiba todos os detalhes!","og_url":"https:\/\/www.grupomedcof.com.br\/blog\/edital-residencia-medica-puc-pr\/","og_site_name":"Blog de Medcof: conte\u00fados, editais, revalida e mais!","article_publisher":"https:\/\/www.facebook.com\/MedCofQbank\/","article_published_time":"2025-12-22T11:57:52+00:00","article_modified_time":"2025-12-22T11:57:54+00:00","og_image":[{"width":2560,"height":1440,"url":"https:\/\/www.grupomedcof.com.br\/blog\/wp-content\/uploads\/2024\/08\/Modelo-instituicoes-4.png","type":"image\/png"}],"author":"Leila Menzel","twitter_card":"summary_large_image","twitter_misc":{"Escrito por":"Leila Menzel","Est. tempo de leitura":"5 minutos"},"schema":{"@context":"https:\/\/schema.org","@graph":[{"@type":"Article","@id":"https:\/\/www.grupomedcof.com.br\/blog\/edital-residencia-medica-puc-pr\/#article","isPartOf":{"@id":"https:\/\/www.grupomedcof.com.br\/blog\/edital-residencia-medica-puc-pr\/"},"author":{"name":"Leila Menzel","@id":"https:\/\/www.grupomedcof.com.br\/blog\/#\/schema\/person\/9a44c2184a836bf5ae6967fdb3a1451e"},"headline":"Resid\u00eancia m\u00e9dica PUC-PR 2026: confira o resultado final da sele\u00e7\u00e3o!","datePublished":"2025-12-22T11:57:52+00:00","dateModified":"2025-12-22T11:57:54+00:00","mainEntityOfPage":{"@id":"https:\/\/www.grupomedcof.com.br\/blog\/edital-residencia-medica-puc-pr\/"},"wordCount":638,"commentCount":0,"publisher":{"@id":"https:\/\/www.grupomedcof.com.br\/blog\/#organization"},"image":{"@id":"https:\/\/www.grupomedcof.com.br\/blog\/edital-residencia-medica-puc-pr\/#primaryimage"},"thumbnailUrl":"https:\/\/www.grupomedcof.com.br\/blog\/wp-content\/uploads\/2024\/08\/Modelo-instituicoes-4.png","keywords":["Edital","Especialidades m\u00e9dicas","Provas de Resid\u00eancia","PUC-PR","PUC-PR 2025","Resid\u00eancia M\u00e9dica"],"articleSection":["Destaques MedCof","Editais"],"inLanguage":"pt-BR"},{"@type":"WebPage","@id":"https:\/\/www.grupomedcof.com.br\/blog\/edital-residencia-medica-puc-pr\/","url":"https:\/\/www.grupomedcof.com.br\/blog\/edital-residencia-medica-puc-pr\/","name":"Edital PUC PR 2026: crit\u00e9rios, etapas e mais!","isPartOf":{"@id":"https:\/\/www.grupomedcof.com.br\/blog\/#website"},"primaryImageOfPage":{"@id":"https:\/\/www.grupomedcof.com.br\/blog\/edital-residencia-medica-puc-pr\/#primaryimage"},"image":{"@id":"https:\/\/www.grupomedcof.com.br\/blog\/edital-residencia-medica-puc-pr\/#primaryimage"},"thumbnailUrl":"https:\/\/www.grupomedcof.com.br\/blog\/wp-content\/uploads\/2024\/08\/Modelo-instituicoes-4.png","datePublished":"2025-12-22T11:57:52+00:00","dateModified":"2025-12-22T11:57:54+00:00","description":"Resid\u00eancia m\u00e9dica na PUC-PR! N\u00e3o perca essa oportunidade. Acesse o blog Medcof e saiba todos os detalhes!","breadcrumb":{"@id":"https:\/\/www.grupomedcof.com.br\/blog\/edital-residencia-medica-puc-pr\/#breadcrumb"},"inLanguage":"pt-BR","potentialAction":[{"@type":"ReadAction","target":["https:\/\/www.grupomedcof.com.br\/blog\/edital-residencia-medica-puc-pr\/"]}]},{"@type":"ImageObject","inLanguage":"pt-BR","@id":"https:\/\/www.grupomedcof.com.br\/blog\/edital-residencia-medica-puc-pr\/#primaryimage","url":"https:\/\/www.grupomedcof.com.br\/blog\/wp-content\/uploads\/2024\/08\/Modelo-instituicoes-4.png","contentUrl":"https:\/\/www.grupomedcof.com.br\/blog\/wp-content\/uploads\/2024\/08\/Modelo-instituicoes-4.png","width":2560,"height":1440,"caption":"A Pontif\u00edcia Universidade Cat\u00f3lica do Paran\u00e1 (PUC-PR), publicou as novas datas para inscri\u00e7\u00e3o na prova de resid\u00eancia m\u00e9dica de 2024\/2025. Prova ocorrer\u00e1 no dia 29 de outubro."},{"@type":"BreadcrumbList","@id":"https:\/\/www.grupomedcof.com.br\/blog\/edital-residencia-medica-puc-pr\/#breadcrumb","itemListElement":[{"@type":"ListItem","position":1,"name":"In\u00edcio","item":"https:\/\/www.grupomedcof.com.br\/blog\/"},{"@type":"ListItem","position":2,"name":"Resid\u00eancia m\u00e9dica PUC-PR 2026: confira o resultado final da sele\u00e7\u00e3o!"}]},{"@type":"WebSite","@id":"https:\/\/www.grupomedcof.com.br\/blog\/#website","url":"https:\/\/www.grupomedcof.com.br\/blog\/","name":"Blog de Medcof: conte\u00fados, editais, revalida e mais!","description":"Acesso o blog de MedCof! Seu portal de conte\u00fados sobre resid\u00eancia m\u00e9dica, an\u00e1lise e editais e muito mais. Clique e confira!","publisher":{"@id":"https:\/\/www.grupomedcof.com.br\/blog\/#organization"},"alternateName":"Blog de Medcof: conte\u00fados, editais, revalida e mais!","potentialAction":[{"@type":"SearchAction","target":{"@type":"EntryPoint","urlTemplate":"https:\/\/www.grupomedcof.com.br\/blog\/?s={search_term_string}"},"query-input":{"@type":"PropertyValueSpecification","valueRequired":true,"valueName":"search_term_string"}}],"inLanguage":"pt-BR"},{"@type":"Organization","@id":"https:\/\/www.grupomedcof.com.br\/blog\/#organization","name":"Grupo MedCof","url":"https:\/\/www.grupomedcof.com.br\/blog\/","logo":{"@type":"ImageObject","inLanguage":"pt-BR","@id":"https:\/\/www.grupomedcof.com.br\/blog\/#\/schema\/logo\/image\/","url":"https:\/\/www.grupomedcof.com.br\/blog\/wp-content\/uploads\/2022\/01\/logo-medcof.png","contentUrl":"https:\/\/www.grupomedcof.com.br\/blog\/wp-content\/uploads\/2022\/01\/logo-medcof.png","width":768,"height":269,"caption":"Grupo MedCof"},"image":{"@id":"https:\/\/www.grupomedcof.com.br\/blog\/#\/schema\/logo\/image\/"},"sameAs":["https:\/\/www.facebook.com\/MedCofQbank\/","https:\/\/www.instagram.com\/grupomedcof\/","https:\/\/br.linkedin.com\/company\/medcof","https:\/\/www.youtube.com\/channel\/UCdHMuOHKICxcHwecxN8P-AA"]},{"@type":"Person","@id":"https:\/\/www.grupomedcof.com.br\/blog\/#\/schema\/person\/9a44c2184a836bf5ae6967fdb3a1451e","name":"Leila Menzel","image":{"@type":"ImageObject","inLanguage":"pt-BR","@id":"https:\/\/www.grupomedcof.com.br\/blog\/wp-content\/uploads\/2025\/09\/cropped-eu-96x96.jpeg19a74936d997c0a8b3031618467fa1d0","url":"https:\/\/www.grupomedcof.com.br\/blog\/wp-content\/uploads\/2025\/09\/cropped-eu-96x96.jpeg","contentUrl":"https:\/\/www.grupomedcof.com.br\/blog\/wp-content\/uploads\/2025\/09\/cropped-eu-96x96.jpeg","caption":"Leila Menzel"},"description":"Estudante do 6\u00b0 semestre de jornalismo, amo e escrevo poesias e viajo em livros de romances clich\u00eas.","url":"https:\/\/www.grupomedcof.com.br\/blog\/author\/leila-menzel\/"}]}},"authors":[{"term_id":3616,"user_id":20,"is_guest":0,"slug":"leila-menzel","display_name":"Leila Menzel","avatar_url":"https:\/\/www.grupomedcof.com.br\/blog\/wp-content\/uploads\/2025\/09\/cropped-eu-96x96.jpeg","0":null,"1":"","2":"","3":"","4":"","5":"","6":"","7":"","8":""}],"_links":{"self":[{"href":"https:\/\/www.grupomedcof.com.br\/blog\/wp-json\/wp\/v2\/posts\/28039","targetHints":{"allow":["GET"]}}],"collection":[{"href":"https:\/\/www.grupomedcof.com.br\/blog\/wp-json\/wp\/v2\/posts"}],"about":[{"href":"https:\/\/www.grupomedcof.com.br\/blog\/wp-json\/wp\/v2\/types\/post"}],"author":[{"embeddable":true,"href":"https:\/\/www.grupomedcof.com.br\/blog\/wp-json\/wp\/v2\/users\/20"}],"replies":[{"embeddable":true,"href":"https:\/\/www.grupomedcof.com.br\/blog\/wp-json\/wp\/v2\/comments?post=28039"}],"version-history":[{"count":7,"href":"https:\/\/www.grupomedcof.com.br\/blog\/wp-json\/wp\/v2\/posts\/28039\/revisions"}],"predecessor-version":[{"id":40350,"href":"https:\/\/www.grupomedcof.com.br\/blog\/wp-json\/wp\/v2\/posts\/28039\/revisions\/40350"}],"wp:featuredmedia":[{"embeddable":true,"href":"https:\/\/www.grupomedcof.com.br\/blog\/wp-json\/wp\/v2\/media\/29814"}],"wp:attachment":[{"href":"https:\/\/www.grupomedcof.com.br\/blog\/wp-json\/wp\/v2\/media?parent=28039"}],"wp:term":[{"taxonomy":"category","embeddable":true,"href":"https:\/\/www.grupomedcof.com.br\/blog\/wp-json\/wp\/v2\/categories?post=28039"},{"taxonomy":"post_tag","embeddable":true,"href":"https:\/\/www.grupomedcof.com.br\/blog\/wp-json\/wp\/v2\/tags?post=28039"},{"taxonomy":"author","embeddable":true,"href":"https:\/\/www.grupomedcof.com.br\/blog\/wp-json\/wp\/v2\/ppma_author?post=28039"}],"curies":[{"name":"wp","href":"https:\/\/api.w.org\/{rel}","templated":true}]}}