{"id":28047,"date":"2025-03-19T11:39:33","date_gmt":"2025-03-19T14:39:33","guid":{"rendered":"https:\/\/www.grupomedcof.com.br\/blog\/?p=28047"},"modified":"2025-04-22T16:58:40","modified_gmt":"2025-04-22T19:58:40","slug":"residencia-medica-puc-pr-temas-quentes","status":"publish","type":"post","link":"https:\/\/www.grupomedcof.com.br\/blog\/residencia-medica-puc-pr-temas-quentes\/","title":{"rendered":"PUC-PR 2025: Temas quentes da resid\u00eancia m\u00e9dica"},"content":{"rendered":"<div id=\"ez-toc-container\" class=\"ez-toc-v2_0_74 counter-hierarchy ez-toc-counter ez-toc-transparent ez-toc-container-direction\">\n<div class=\"ez-toc-title-container\">\n<p class=\"ez-toc-title\" style=\"cursor:inherit\">Sum\u00e1rio<\/p>\n<span class=\"ez-toc-title-toggle\"><a href=\"#\" class=\"ez-toc-pull-right ez-toc-btn ez-toc-btn-xs ez-toc-btn-default ez-toc-toggle\" aria-label=\"Alternar tabela de conte\u00fado\"><span class=\"ez-toc-js-icon-con\"><span class=\"\"><span class=\"eztoc-hide\" style=\"display:none;\">Toggle<\/span><span class=\"ez-toc-icon-toggle-span\"><svg style=\"fill: #999;color:#999\" xmlns=\"http:\/\/www.w3.org\/2000\/svg\" class=\"list-377408\" width=\"20px\" height=\"20px\" viewBox=\"0 0 24 24\" fill=\"none\"><path d=\"M6 6H4v2h2V6zm14 0H8v2h12V6zM4 11h2v2H4v-2zm16 0H8v2h12v-2zM4 16h2v2H4v-2zm16 0H8v2h12v-2z\" fill=\"currentColor\"><\/path><\/svg><svg style=\"fill: #999;color:#999\" class=\"arrow-unsorted-368013\" xmlns=\"http:\/\/www.w3.org\/2000\/svg\" width=\"10px\" height=\"10px\" viewBox=\"0 0 24 24\" version=\"1.2\" baseProfile=\"tiny\"><path d=\"M18.2 9.3l-6.2-6.3-6.2 6.3c-.2.2-.3.4-.3.7s.1.5.3.7c.2.2.4.3.7.3h11c.3 0 .5-.1.7-.3.2-.2.3-.5.3-.7s-.1-.5-.3-.7zM5.8 14.7l6.2 6.3 6.2-6.3c.2-.2.3-.5.3-.7s-.1-.5-.3-.7c-.2-.2-.4-.3-.7-.3h-11c-.3 0-.5.1-.7.3-.2.2-.3.5-.3.7s.1.5.3.7z\"\/><\/svg><\/span><\/span><\/span><\/a><\/span><\/div>\n<nav><ul class='ez-toc-list ez-toc-list-level-1 ' ><li class='ez-toc-page-1 ez-toc-heading-level-2'><a class=\"ez-toc-link ez-toc-heading-1\" href=\"https:\/\/www.grupomedcof.com.br\/blog\/residencia-medica-puc-pr-temas-quentes\/#Temas_quentes\" >Temas quentes<\/a><ul class='ez-toc-list-level-3' ><li class='ez-toc-heading-level-3'><a class=\"ez-toc-link ez-toc-heading-2\" href=\"https:\/\/www.grupomedcof.com.br\/blog\/residencia-medica-puc-pr-temas-quentes\/#Clinica_medica\" >Cl\u00ednica m\u00e9dica<\/a><\/li><li class='ez-toc-page-1 ez-toc-heading-level-3'><a class=\"ez-toc-link ez-toc-heading-3\" href=\"https:\/\/www.grupomedcof.com.br\/blog\/residencia-medica-puc-pr-temas-quentes\/#Cirurgia\" >Cirurgia<\/a><\/li><li class='ez-toc-page-1 ez-toc-heading-level-3'><a class=\"ez-toc-link ez-toc-heading-4\" href=\"https:\/\/www.grupomedcof.com.br\/blog\/residencia-medica-puc-pr-temas-quentes\/#Pediatria\" >Pediatria<\/a><\/li><li class='ez-toc-page-1 ez-toc-heading-level-3'><a class=\"ez-toc-link ez-toc-heading-5\" href=\"https:\/\/www.grupomedcof.com.br\/blog\/residencia-medica-puc-pr-temas-quentes\/#Preventiva_e_Saude_Publica\" >Preventiva e Sa\u00fade P\u00fablica<\/a><\/li><li class='ez-toc-page-1 ez-toc-heading-level-3'><a class=\"ez-toc-link ez-toc-heading-6\" href=\"https:\/\/www.grupomedcof.com.br\/blog\/residencia-medica-puc-pr-temas-quentes\/#Ginecologia_Obstetricia\" >Ginecologia&nbsp;Obstetr\u00edcia<\/a><\/li><\/ul><\/li><li class='ez-toc-page-1 ez-toc-heading-level-2'><a class=\"ez-toc-link ez-toc-heading-7\" href=\"https:\/\/www.grupomedcof.com.br\/blog\/residencia-medica-puc-pr-temas-quentes\/#Veja_um_questao_relacionada_a_Uroginecologia\" >Veja um quest\u00e3o relacionada \u00e0 Uroginecologia<\/a><\/li><li class='ez-toc-page-1 ez-toc-heading-level-2'><a class=\"ez-toc-link ez-toc-heading-8\" href=\"https:\/\/www.grupomedcof.com.br\/blog\/residencia-medica-puc-pr-temas-quentes\/#Seja_um_MedCofer\" >Seja um MedCofer!<\/a><\/li><\/ul><\/nav><\/div>\n\n<figure class=\"wp-block-image size-large\"><img loading=\"lazy\" decoding=\"async\" width=\"1024\" height=\"576\" src=\"https:\/\/www.grupomedcof.com.br\/blog\/wp-content\/uploads\/2024\/07\/Modelo-instituicoes-2025-03-19T113629.558-1024x576.jpg\" alt=\"\" class=\"wp-image-34597\" srcset=\"https:\/\/www.grupomedcof.com.br\/blog\/wp-content\/uploads\/2024\/07\/Modelo-instituicoes-2025-03-19T113629.558-1024x576.jpg 1024w, https:\/\/www.grupomedcof.com.br\/blog\/wp-content\/uploads\/2024\/07\/Modelo-instituicoes-2025-03-19T113629.558-300x169.jpg 300w, https:\/\/www.grupomedcof.com.br\/blog\/wp-content\/uploads\/2024\/07\/Modelo-instituicoes-2025-03-19T113629.558-768x432.jpg 768w, https:\/\/www.grupomedcof.com.br\/blog\/wp-content\/uploads\/2024\/07\/Modelo-instituicoes-2025-03-19T113629.558-1536x864.jpg 1536w, https:\/\/www.grupomedcof.com.br\/blog\/wp-content\/uploads\/2024\/07\/Modelo-instituicoes-2025-03-19T113629.558-747x420.jpg 747w, https:\/\/www.grupomedcof.com.br\/blog\/wp-content\/uploads\/2024\/07\/Modelo-instituicoes-2025-03-19T113629.558-150x84.jpg 150w, https:\/\/www.grupomedcof.com.br\/blog\/wp-content\/uploads\/2024\/07\/Modelo-instituicoes-2025-03-19T113629.558-696x392.jpg 696w, https:\/\/www.grupomedcof.com.br\/blog\/wp-content\/uploads\/2024\/07\/Modelo-instituicoes-2025-03-19T113629.558-1068x601.jpg 1068w, https:\/\/www.grupomedcof.com.br\/blog\/wp-content\/uploads\/2024\/07\/Modelo-instituicoes-2025-03-19T113629.558.jpg 1920w\" sizes=\"auto, (max-width: 1024px) 100vw, 1024px\" \/><\/figure>\n\n\n\n<p>Est\u00e1 se preparando para a pr\u00f3xima edi\u00e7\u00e3o da PUC-PR? Ent\u00e3o este post \u00e9 para voc\u00ea! Confira e fique por dentro!<\/p>\n\n\n\n<h2 class=\"wp-block-heading\" id=\"temas-quentes\"><span class=\"ez-toc-section\" id=\"Temas_quentes\"><\/span><strong>Temas quentes<\/strong><span class=\"ez-toc-section-end\"><\/span><\/h2>\n\n\n\n<h3 class=\"wp-block-heading\" id=\"cl\u00ednica-m\u00e9dica\"><span class=\"ez-toc-section\" id=\"Clinica_medica\"><\/span><strong>Cl\u00ednica m\u00e9dica<\/strong><span class=\"ez-toc-section-end\"><\/span><\/h3>\n\n\n\n<figure class=\"wp-block-table\"><table class=\"has-fixed-layout\"><tbody><tr><td><strong>Temas<\/strong><\/td><td><strong>Porcentagem das quest\u00f5es<\/strong><\/td><\/tr><tr><td>S\u00edndrome Coronariana Aguda<\/td><td>37.74%<\/td><\/tr><tr><td>Abordagem Inicial da Sepse e Tipos de Choque<\/td><td>22.22%<\/td><\/tr><tr><td>Gasometria Arterial<\/td><td>40%<\/td><\/tr><\/tbody><\/table><\/figure>\n\n\n\n<h3 class=\"wp-block-heading\" id=\"cirurgia\"><span class=\"ez-toc-section\" id=\"Cirurgia\"><\/span><strong>Cirurgia<\/strong><span class=\"ez-toc-section-end\"><\/span><\/h3>\n\n\n\n<figure class=\"wp-block-table\"><table class=\"has-fixed-layout\"><tbody><tr><td><strong>Temas<\/strong><\/td><td><strong>Porcentagem das quest\u00f5es<\/strong><\/td><\/tr><tr><td>Cirurgia Geral<\/td><td>70.21%<\/td><\/tr><tr><td>Ortopedia<\/td><td>10.64%<\/td><\/tr><tr><td>Endoscopia<\/td><td>6.38%<\/td><\/tr><\/tbody><\/table><\/figure>\n\n\n\n<h3 class=\"wp-block-heading\" id=\"pediatria\"><span class=\"ez-toc-section\" id=\"Pediatria\"><\/span><strong>Pediatria<\/strong><span class=\"ez-toc-section-end\"><\/span><\/h3>\n\n\n\n<figure class=\"wp-block-table\"><table class=\"has-fixed-layout\"><tbody><tr><td><strong>Temas<\/strong><\/td><td><strong>Porcentagem das quest\u00f5es<\/strong><\/td><\/tr><tr><td>Especialidades<\/td><td>41.46%<\/td><\/tr><tr><td>Infectologia Pedi\u00e1trica<\/td><td>24.39%<\/td><\/tr><tr><td>Puericultura<\/td><td>14.63%<\/td><\/tr><\/tbody><\/table><\/figure>\n\n\n\n<h3 class=\"wp-block-heading\" id=\"preventiva-e-sa\u00fade-p\u00fablica\"><span class=\"ez-toc-section\" id=\"Preventiva_e_Saude_Publica\"><\/span><strong>Preventiva e Sa\u00fade P\u00fablica<\/strong><span class=\"ez-toc-section-end\"><\/span><\/h3>\n\n\n\n<figure class=\"wp-block-table\"><table class=\"has-fixed-layout\"><tbody><tr><td><strong>Temas<\/strong><\/td><td><strong>Porcentagem das quest\u00f5es<\/strong><\/td><\/tr><tr><td>Sa\u00fade P\u00fablica<\/td><td>57.45%<\/td><\/tr><tr><td>Preventiva<\/td><td>31.91%<\/td><\/tr><tr><td>Sa\u00fade do Trabalhador e Medicina Legal<\/td><td>10.64%<\/td><\/tr><\/tbody><\/table><\/figure>\n\n\n\n<h3 class=\"wp-block-heading\" id=\"ginecologia\"><span class=\"ez-toc-section\" id=\"Ginecologia_Obstetricia\"><\/span><strong>Ginecologia<\/strong>&nbsp;<strong>Obstetr\u00edcia<\/strong><span class=\"ez-toc-section-end\"><\/span><\/h3>\n\n\n\n<figure class=\"wp-block-table\"><table class=\"has-fixed-layout\"><tbody><tr><td><strong>Temas<\/strong><\/td><td><strong>Porcentagem das quest\u00f5es<\/strong><\/td><\/tr><tr><td>Ginecologia Geral<\/td><td>50%<\/td><\/tr><tr><td>Oncoginecologia<\/td><td>23.08%<\/td><\/tr><tr><td>Uroginecologia<\/td><td>11.54%<\/td><\/tr><\/tbody><\/table><\/figure>\n\n\n\n<h2 class=\"wp-block-heading\" id=\"h-veja-um-questao-relacionada-a-uroginecologia\"><span class=\"ez-toc-section\" id=\"Veja_um_questao_relacionada_a_Uroginecologia\"><\/span><strong>Veja um quest\u00e3o relacionada \u00e0 Uroginecologia<\/strong><span class=\"ez-toc-section-end\"><\/span><\/h2>\n\n\n\n<figure class=\"wp-block-image size-large\"><img loading=\"lazy\" decoding=\"async\" width=\"1024\" height=\"576\" src=\"https:\/\/www.grupomedcof.com.br\/blog\/wp-content\/uploads\/2025\/03\/Como-cai-na-prova-50-1024x576.jpg\" alt=\"Voc\u00ea est\u00e1 atendendo uma paciente de 40 anos que veio para consulta ginecol\u00f3gica com queixa de perda de urina aos grandes esfor\u00e7os, noct\u00faria de 3x, urg\u00eancia, aumento da frequ\u00eancia urin\u00e1ria diurna, sem demais queixas. Ela tem vida sexual ativa com Laqueadura Tub\u00e1rea como m\u00e9todo contraceptivo. Teve 4 gesta\u00e7\u00f5es e 4 partos vaginais, sendo 1 parto f\u00f3rcipe. N\u00e3o apresenta patologias, n\u00e3o usa medica\u00e7\u00f5es e nega alergias. O exame f\u00edsico est\u00e1 descrito abaixo. Com base na hist\u00f3ria cl\u00ednica descrita e exame f\u00edsico qual o melhor tratamento para a paciente? Exame F\u00edsico: - POP-Q Pontos: Aa =- 1 Ba=0 C= -8; gh= 4 pb= 3 CVT= 10; Ap =- 2 Bp =- 1 D= -10; Teste de Perda = negativo; Avalia\u00e7\u00e3o Funcional do AssoalhoP\u00e9lvico=2; Urina Tipo 1 normal e Urocultura negativa:\n\na) Anticolin\u00e9rgico.\n\nb) Cirurgia de Burch.\n\nc) Teste Urodin\u00e2mico.\n\nd) Cirurgia de Sling.\n\ne) Fisioterapia do Assoalho P\u00e9lvico.\" class=\"wp-image-35261\" srcset=\"https:\/\/www.grupomedcof.com.br\/blog\/wp-content\/uploads\/2025\/03\/Como-cai-na-prova-50-1024x576.jpg 1024w, https:\/\/www.grupomedcof.com.br\/blog\/wp-content\/uploads\/2025\/03\/Como-cai-na-prova-50-300x169.jpg 300w, https:\/\/www.grupomedcof.com.br\/blog\/wp-content\/uploads\/2025\/03\/Como-cai-na-prova-50-768x432.jpg 768w, https:\/\/www.grupomedcof.com.br\/blog\/wp-content\/uploads\/2025\/03\/Como-cai-na-prova-50-1536x864.jpg 1536w, https:\/\/www.grupomedcof.com.br\/blog\/wp-content\/uploads\/2025\/03\/Como-cai-na-prova-50-747x420.jpg 747w, https:\/\/www.grupomedcof.com.br\/blog\/wp-content\/uploads\/2025\/03\/Como-cai-na-prova-50-150x84.jpg 150w, https:\/\/www.grupomedcof.com.br\/blog\/wp-content\/uploads\/2025\/03\/Como-cai-na-prova-50-696x392.jpg 696w, https:\/\/www.grupomedcof.com.br\/blog\/wp-content\/uploads\/2025\/03\/Como-cai-na-prova-50-1068x601.jpg 1068w, https:\/\/www.grupomedcof.com.br\/blog\/wp-content\/uploads\/2025\/03\/Como-cai-na-prova-50.jpg 1920w\" sizes=\"auto, (max-width: 1024px) 100vw, 1024px\" \/><figcaption class=\"wp-element-caption\">Quest\u00e3o Prova PUC-PR 2024 | Fonte: Qbank.<\/figcaption><\/figure>\n\n\n\n<p><em><strong>Resposta:<\/strong> e) Fisioterapia do Assoalho P\u00e9lvico.<\/em><\/p>\n\n\n\n<p><strong>Coment\u00e1rio do professor: <\/strong><br>Essa \u00e9 uma quest\u00e3o interessante, e um assunto recorrente nos consult\u00f3rios de ginecologia. Aqui precisamos entender sobre as queixas da paciente e avalia\u00e7\u00e3o f\u00edsica para o melhor tratamento. Perceba que, apesar de um POP-Q evidenciando prolapsos de parede anterior e posterior, ela n\u00e3o se queixa disso, portanto, podemos nos ater ao principal inc\u00f4modo que \u00e9 a perda urin\u00e1ria aos esfor\u00e7os.<\/p>\n\n\n\n<p><strong>Incontin\u00eancia Urin\u00e1ria:<\/strong><br>Os fatores de risco mais relevantes para incontin\u00eancia urin\u00e1ria s\u00e3o: maioridade, menopausa, gravidez, parto vaginal, multiparidade (independente da via de parto), cirurgia p\u00e9lvica (histerectomia), obesidade, press\u00e3o abdominal aumentada (tosse cr\u00f4nica, constipa\u00e7\u00e3o, risco ocupacional), ra\u00e7a (de esfor\u00e7o para brancas e de urg\u00eancia para negras). Al\u00e9m desses, tabagismo, DPOC e hist\u00f3ria familiar (principalmente de urg\u00eancia).<br><strong>Incontin\u00eancia Urin\u00e1ria de Esfor\u00e7o:<\/strong><br>A incontin\u00eancia urin\u00e1ria de esfor\u00e7o (IUE) \u00e9 quando h\u00e1 perda involunt\u00e1ria de urina durante aumento da press\u00e3o abdominal, sem contra\u00e7\u00e3o do detrusor, por exemplo, ao tossir, espirrar, gargalhar, fazer esfor\u00e7o f\u00edsico. Pode ocorrer por hipermobilidade (defeito<br>anat\u00f4mico) ou defeito esfincteriano intr\u00ednseco.<\/p>\n\n\n\n<p><strong>Diagn\u00f3stico:<\/strong><br>O exame cl\u00ednico permite a identifica\u00e7\u00e3o de muitos casos a partir da identifica\u00e7\u00e3o da perda urin\u00e1ria \u00e0 manobras de esfor\u00e7o, como Valsalva, tossir, levantar etc. O estudo urodin\u00e2mico, por sua vez, \u00e9 capaz de definir objetivamente as fun\u00e7\u00f5es vesical e uretral.<br>Compreende algumas fases (urofluxometria, cistometria e estudo miccional) e permite fazer diagn\u00f3stico diferencial dos quadros de incontin\u00eancia: IUE por defeito esfincteriano ou por hipermobilidade, hiperatividade detrusora, IU mista (esfor\u00e7o + hiperatividade) etc.<\/p>\n\n\n\n<figure class=\"wp-block-image size-large\"><img loading=\"lazy\" decoding=\"async\" width=\"1024\" height=\"205\" src=\"https:\/\/www.grupomedcof.com.br\/blog\/wp-content\/uploads\/2023\/06\/Conheca-o-Qbank-MedCof-1024x205.png\" alt=\"medcof qbank, medcof aulas, grupo medcof, aulas medcof, qbank, banco de questoes medcof, medcof banco de questoes\" class=\"wp-image-8008\" srcset=\"https:\/\/www.grupomedcof.com.br\/blog\/wp-content\/uploads\/2023\/06\/Conheca-o-Qbank-MedCof-1024x205.png 1024w, https:\/\/www.grupomedcof.com.br\/blog\/wp-content\/uploads\/2023\/06\/Conheca-o-Qbank-MedCof-300x60.png 300w, https:\/\/www.grupomedcof.com.br\/blog\/wp-content\/uploads\/2023\/06\/Conheca-o-Qbank-MedCof-768x154.png 768w, https:\/\/www.grupomedcof.com.br\/blog\/wp-content\/uploads\/2023\/06\/Conheca-o-Qbank-MedCof-1536x307.png 1536w, https:\/\/www.grupomedcof.com.br\/blog\/wp-content\/uploads\/2023\/06\/Conheca-o-Qbank-MedCof-2048x410.png 2048w\" sizes=\"auto, (max-width: 1024px) 100vw, 1024px\" \/><\/figure>\n\n\n\n<h2 class=\"wp-block-heading\" id=\"seja-um-medcoffer\"><span class=\"ez-toc-section\" id=\"Seja_um_MedCofer\"><\/span><strong>Seja um MedCofer!<\/strong><span class=\"ez-toc-section-end\"><\/span><\/h2>\n\n\n\n<p>Se voc\u00ea quer garantir a sua aprova\u00e7\u00e3o nas provas de resid\u00eancia m\u00e9dica, ent\u00e3o conhe\u00e7a o Grupo MedCof e a metodologia que j\u00e1 aprovou<a href=\"https:\/\/www.grupomedcof.com.br\/blog\/presenca-da-medcof-nas-aprovacoes-em-residencia-medica-no-brasil\/\" target=\"_blank\" rel=\"noreferrer noopener\">&nbsp;<strong>mais de 10 mil residentes<\/strong>&nbsp;<\/a>pelo pa\u00eds. Por fim, voc\u00ea pode acessar o nosso<a href=\"https:\/\/www.youtube.com\/@GrupoMedcof\/featured\" target=\"_blank\" rel=\"noreferrer noopener\">&nbsp;<strong>canal do youtube&nbsp;<\/strong><\/a>e ver o nosso material de revis\u00e3o e corre\u00e7\u00e3o.<\/p>\n\n\n\n<figure class=\"wp-block-embed is-type-video is-provider-youtube wp-block-embed-youtube wp-embed-aspect-16-9 wp-has-aspect-ratio\"><div class=\"wp-block-embed__wrapper\">\n<div class=\"youtube-embed\" data-video_id=\"ah66tjT-Oew\"><iframe loading=\"lazy\" title=\"C\u00f3digo da Aprova\u00e7\u00e3o: Dossi\u00ea dos aprovados com os co-fundadores do Grupo MedCof\" width=\"696\" height=\"392\" src=\"https:\/\/www.youtube.com\/embed\/ah66tjT-Oew?start=11&#038;feature=oembed\" frameborder=\"0\" allow=\"accelerometer; autoplay; clipboard-write; encrypted-media; gyroscope; picture-in-picture; web-share\" referrerpolicy=\"strict-origin-when-cross-origin\" allowfullscreen><\/iframe><\/div>\n<\/div><\/figure>\n","protected":false},"excerpt":{"rendered":"<p>Est\u00e1 se preparando para a pr\u00f3xima edi\u00e7\u00e3o da PUC-PR? Ent\u00e3o este post \u00e9 para voc\u00ea! Confira e fique por dentro!<\/p>\n","protected":false},"author":20,"featured_media":34597,"comment_status":"open","ping_status":"open","sticky":false,"template":"","format":"standard","meta":{"footnotes":""},"categories":[174],"tags":[93,117,1657,68,1496],"ppma_author":[3616],"class_list":{"0":"post-28047","1":"post","2":"type-post","3":"status-publish","4":"format-standard","5":"has-post-thumbnail","7":"category-residencia-medica","8":"tag-especialidades-medicas","9":"tag-provas-de-residencia","10":"tag-puc-pr","11":"tag-residencia-medica","12":"tag-temas-quentes"},"yoast_head":"<!-- This site is optimized with the Yoast SEO Premium plugin v24.3 (Yoast SEO v27.4) - https:\/\/yoast.com\/product\/yoast-seo-premium-wordpress\/ -->\n<title>PUC-PR 2025: Temas quentes da resid\u00eancia m\u00e9dica - Blog de Medcof: conte\u00fados, editais, revalida e mais!<\/title>\n<meta name=\"description\" content=\"Est\u00e1 se preparando para a pr\u00f3xima edi\u00e7\u00e3o da PUC-PR? Ent\u00e3o este post \u00e9 para voc\u00ea! Confira e fique por dentro!\" \/>\n<meta name=\"robots\" content=\"index, follow, max-snippet:-1, max-image-preview:large, max-video-preview:-1\" \/>\n<link rel=\"canonical\" href=\"https:\/\/www.grupomedcof.com.br\/blog\/residencia-medica-puc-pr-temas-quentes\/\" \/>\n<meta property=\"og:locale\" content=\"pt_BR\" \/>\n<meta property=\"og:type\" content=\"article\" \/>\n<meta property=\"og:title\" content=\"PUC-PR 2025: Temas quentes da resid\u00eancia m\u00e9dica\" \/>\n<meta property=\"og:description\" content=\"Est\u00e1 se preparando para a pr\u00f3xima edi\u00e7\u00e3o da PUC-PR? Ent\u00e3o este post \u00e9 para voc\u00ea! Confira e fique por dentro!\" \/>\n<meta property=\"og:url\" content=\"https:\/\/www.grupomedcof.com.br\/blog\/residencia-medica-puc-pr-temas-quentes\/\" \/>\n<meta property=\"og:site_name\" content=\"Blog de Medcof: conte\u00fados, editais, revalida e mais!\" \/>\n<meta property=\"article:publisher\" content=\"https:\/\/www.facebook.com\/MedCofQbank\/\" \/>\n<meta property=\"article:published_time\" content=\"2025-03-19T14:39:33+00:00\" \/>\n<meta property=\"article:modified_time\" content=\"2025-04-22T19:58:40+00:00\" \/>\n<meta property=\"og:image\" content=\"https:\/\/www.grupomedcof.com.br\/blog\/wp-content\/uploads\/2024\/07\/Modelo-instituicoes-2025-03-19T113629.558.jpg\" \/>\n\t<meta property=\"og:image:width\" content=\"1920\" \/>\n\t<meta property=\"og:image:height\" content=\"1080\" \/>\n\t<meta property=\"og:image:type\" content=\"image\/jpeg\" \/>\n<meta name=\"author\" content=\"Leila Menzel\" \/>\n<meta name=\"twitter:card\" content=\"summary_large_image\" \/>\n<meta name=\"twitter:label1\" content=\"Escrito por\" \/>\n\t<meta name=\"twitter:data1\" content=\"Leila Menzel\" \/>\n\t<meta name=\"twitter:label2\" content=\"Est. tempo de leitura\" \/>\n\t<meta name=\"twitter:data2\" content=\"4 minutos\" \/>\n<script type=\"application\/ld+json\" class=\"yoast-schema-graph\">{\"@context\":\"https:\\\/\\\/schema.org\",\"@graph\":[{\"@type\":\"Article\",\"@id\":\"https:\\\/\\\/www.grupomedcof.com.br\\\/blog\\\/residencia-medica-puc-pr-temas-quentes\\\/#article\",\"isPartOf\":{\"@id\":\"https:\\\/\\\/www.grupomedcof.com.br\\\/blog\\\/residencia-medica-puc-pr-temas-quentes\\\/\"},\"author\":{\"name\":\"Leila Menzel\",\"@id\":\"https:\\\/\\\/www.grupomedcof.com.br\\\/blog\\\/#\\\/schema\\\/person\\\/9a44c2184a836bf5ae6967fdb3a1451e\"},\"headline\":\"PUC-PR 2025: Temas quentes da resid\u00eancia m\u00e9dica\",\"datePublished\":\"2025-03-19T14:39:33+00:00\",\"dateModified\":\"2025-04-22T19:58:40+00:00\",\"mainEntityOfPage\":{\"@id\":\"https:\\\/\\\/www.grupomedcof.com.br\\\/blog\\\/residencia-medica-puc-pr-temas-quentes\\\/\"},\"wordCount\":483,\"commentCount\":0,\"publisher\":{\"@id\":\"https:\\\/\\\/www.grupomedcof.com.br\\\/blog\\\/#organization\"},\"image\":{\"@id\":\"https:\\\/\\\/www.grupomedcof.com.br\\\/blog\\\/residencia-medica-puc-pr-temas-quentes\\\/#primaryimage\"},\"thumbnailUrl\":\"https:\\\/\\\/www.grupomedcof.com.br\\\/blog\\\/wp-content\\\/uploads\\\/2024\\\/07\\\/Modelo-instituicoes-2025-03-19T113629.558.jpg\",\"keywords\":[\"Especialidades m\u00e9dicas\",\"Provas de Resid\u00eancia\",\"PUC-PR\",\"Resid\u00eancia M\u00e9dica\",\"Temas quentes\"],\"articleSection\":[\"Resid\u00eancia m\u00e9dica: editais, resultados, temas quentes e mais\"],\"inLanguage\":\"pt-BR\"},{\"@type\":\"WebPage\",\"@id\":\"https:\\\/\\\/www.grupomedcof.com.br\\\/blog\\\/residencia-medica-puc-pr-temas-quentes\\\/\",\"url\":\"https:\\\/\\\/www.grupomedcof.com.br\\\/blog\\\/residencia-medica-puc-pr-temas-quentes\\\/\",\"name\":\"PUC-PR 2025: Temas quentes da resid\u00eancia m\u00e9dica - Blog de Medcof: conte\u00fados, editais, revalida e mais!\",\"isPartOf\":{\"@id\":\"https:\\\/\\\/www.grupomedcof.com.br\\\/blog\\\/#website\"},\"primaryImageOfPage\":{\"@id\":\"https:\\\/\\\/www.grupomedcof.com.br\\\/blog\\\/residencia-medica-puc-pr-temas-quentes\\\/#primaryimage\"},\"image\":{\"@id\":\"https:\\\/\\\/www.grupomedcof.com.br\\\/blog\\\/residencia-medica-puc-pr-temas-quentes\\\/#primaryimage\"},\"thumbnailUrl\":\"https:\\\/\\\/www.grupomedcof.com.br\\\/blog\\\/wp-content\\\/uploads\\\/2024\\\/07\\\/Modelo-instituicoes-2025-03-19T113629.558.jpg\",\"datePublished\":\"2025-03-19T14:39:33+00:00\",\"dateModified\":\"2025-04-22T19:58:40+00:00\",\"description\":\"Est\u00e1 se preparando para a pr\u00f3xima edi\u00e7\u00e3o da PUC-PR? Ent\u00e3o este post \u00e9 para voc\u00ea! Confira e fique por dentro!\",\"breadcrumb\":{\"@id\":\"https:\\\/\\\/www.grupomedcof.com.br\\\/blog\\\/residencia-medica-puc-pr-temas-quentes\\\/#breadcrumb\"},\"inLanguage\":\"pt-BR\",\"potentialAction\":[{\"@type\":\"ReadAction\",\"target\":[\"https:\\\/\\\/www.grupomedcof.com.br\\\/blog\\\/residencia-medica-puc-pr-temas-quentes\\\/\"]}]},{\"@type\":\"ImageObject\",\"inLanguage\":\"pt-BR\",\"@id\":\"https:\\\/\\\/www.grupomedcof.com.br\\\/blog\\\/residencia-medica-puc-pr-temas-quentes\\\/#primaryimage\",\"url\":\"https:\\\/\\\/www.grupomedcof.com.br\\\/blog\\\/wp-content\\\/uploads\\\/2024\\\/07\\\/Modelo-instituicoes-2025-03-19T113629.558.jpg\",\"contentUrl\":\"https:\\\/\\\/www.grupomedcof.com.br\\\/blog\\\/wp-content\\\/uploads\\\/2024\\\/07\\\/Modelo-instituicoes-2025-03-19T113629.558.jpg\",\"width\":1920,\"height\":1080},{\"@type\":\"BreadcrumbList\",\"@id\":\"https:\\\/\\\/www.grupomedcof.com.br\\\/blog\\\/residencia-medica-puc-pr-temas-quentes\\\/#breadcrumb\",\"itemListElement\":[{\"@type\":\"ListItem\",\"position\":1,\"name\":\"In\u00edcio\",\"item\":\"https:\\\/\\\/www.grupomedcof.com.br\\\/blog\\\/\"},{\"@type\":\"ListItem\",\"position\":2,\"name\":\"PUC-PR 2025: Temas quentes da resid\u00eancia m\u00e9dica\"}]},{\"@type\":\"WebSite\",\"@id\":\"https:\\\/\\\/www.grupomedcof.com.br\\\/blog\\\/#website\",\"url\":\"https:\\\/\\\/www.grupomedcof.com.br\\\/blog\\\/\",\"name\":\"Blog de Medcof: conte\u00fados, editais, revalida e mais!\",\"description\":\"Acesso o blog de MedCof! Seu portal de conte\u00fados sobre resid\u00eancia m\u00e9dica, an\u00e1lise e editais e muito mais. Clique e confira!\",\"publisher\":{\"@id\":\"https:\\\/\\\/www.grupomedcof.com.br\\\/blog\\\/#organization\"},\"alternateName\":\"Blog de Medcof: conte\u00fados, editais, revalida e mais!\",\"potentialAction\":[{\"@type\":\"SearchAction\",\"target\":{\"@type\":\"EntryPoint\",\"urlTemplate\":\"https:\\\/\\\/www.grupomedcof.com.br\\\/blog\\\/?s={search_term_string}\"},\"query-input\":{\"@type\":\"PropertyValueSpecification\",\"valueRequired\":true,\"valueName\":\"search_term_string\"}}],\"inLanguage\":\"pt-BR\"},{\"@type\":\"Organization\",\"@id\":\"https:\\\/\\\/www.grupomedcof.com.br\\\/blog\\\/#organization\",\"name\":\"Grupo MedCof\",\"url\":\"https:\\\/\\\/www.grupomedcof.com.br\\\/blog\\\/\",\"logo\":{\"@type\":\"ImageObject\",\"inLanguage\":\"pt-BR\",\"@id\":\"https:\\\/\\\/www.grupomedcof.com.br\\\/blog\\\/#\\\/schema\\\/logo\\\/image\\\/\",\"url\":\"https:\\\/\\\/www.grupomedcof.com.br\\\/blog\\\/wp-content\\\/uploads\\\/2022\\\/01\\\/logo-medcof.png\",\"contentUrl\":\"https:\\\/\\\/www.grupomedcof.com.br\\\/blog\\\/wp-content\\\/uploads\\\/2022\\\/01\\\/logo-medcof.png\",\"width\":768,\"height\":269,\"caption\":\"Grupo MedCof\"},\"image\":{\"@id\":\"https:\\\/\\\/www.grupomedcof.com.br\\\/blog\\\/#\\\/schema\\\/logo\\\/image\\\/\"},\"sameAs\":[\"https:\\\/\\\/www.facebook.com\\\/MedCofQbank\\\/\",\"https:\\\/\\\/www.instagram.com\\\/grupomedcof\\\/\",\"https:\\\/\\\/br.linkedin.com\\\/company\\\/medcof\",\"https:\\\/\\\/www.youtube.com\\\/channel\\\/UCdHMuOHKICxcHwecxN8P-AA\"]},{\"@type\":\"Person\",\"@id\":\"https:\\\/\\\/www.grupomedcof.com.br\\\/blog\\\/#\\\/schema\\\/person\\\/9a44c2184a836bf5ae6967fdb3a1451e\",\"name\":\"Leila Menzel\",\"image\":{\"@type\":\"ImageObject\",\"inLanguage\":\"pt-BR\",\"@id\":\"https:\\\/\\\/www.grupomedcof.com.br\\\/blog\\\/wp-content\\\/uploads\\\/2025\\\/09\\\/cropped-eu-96x96.jpeg19a74936d997c0a8b3031618467fa1d0\",\"url\":\"https:\\\/\\\/www.grupomedcof.com.br\\\/blog\\\/wp-content\\\/uploads\\\/2025\\\/09\\\/cropped-eu-96x96.jpeg\",\"contentUrl\":\"https:\\\/\\\/www.grupomedcof.com.br\\\/blog\\\/wp-content\\\/uploads\\\/2025\\\/09\\\/cropped-eu-96x96.jpeg\",\"caption\":\"Leila Menzel\"},\"description\":\"Estudante do 6\u00b0 semestre de jornalismo, amo e escrevo poesias e viajo em livros de romances clich\u00eas.\",\"url\":\"https:\\\/\\\/www.grupomedcof.com.br\\\/blog\\\/author\\\/leila-menzel\\\/\"}]}<\/script>\n<!-- \/ Yoast SEO Premium plugin. -->","yoast_head_json":{"title":"PUC-PR 2025: Temas quentes da resid\u00eancia m\u00e9dica - Blog de Medcof: conte\u00fados, editais, revalida e mais!","description":"Est\u00e1 se preparando para a pr\u00f3xima edi\u00e7\u00e3o da PUC-PR? Ent\u00e3o este post \u00e9 para voc\u00ea! Confira e fique por dentro!","robots":{"index":"index","follow":"follow","max-snippet":"max-snippet:-1","max-image-preview":"max-image-preview:large","max-video-preview":"max-video-preview:-1"},"canonical":"https:\/\/www.grupomedcof.com.br\/blog\/residencia-medica-puc-pr-temas-quentes\/","og_locale":"pt_BR","og_type":"article","og_title":"PUC-PR 2025: Temas quentes da resid\u00eancia m\u00e9dica","og_description":"Est\u00e1 se preparando para a pr\u00f3xima edi\u00e7\u00e3o da PUC-PR? Ent\u00e3o este post \u00e9 para voc\u00ea! Confira e fique por dentro!","og_url":"https:\/\/www.grupomedcof.com.br\/blog\/residencia-medica-puc-pr-temas-quentes\/","og_site_name":"Blog de Medcof: conte\u00fados, editais, revalida e mais!","article_publisher":"https:\/\/www.facebook.com\/MedCofQbank\/","article_published_time":"2025-03-19T14:39:33+00:00","article_modified_time":"2025-04-22T19:58:40+00:00","og_image":[{"width":1920,"height":1080,"url":"https:\/\/www.grupomedcof.com.br\/blog\/wp-content\/uploads\/2024\/07\/Modelo-instituicoes-2025-03-19T113629.558.jpg","type":"image\/jpeg"}],"author":"Leila Menzel","twitter_card":"summary_large_image","twitter_misc":{"Escrito por":"Leila Menzel","Est. tempo de leitura":"4 minutos"},"schema":{"@context":"https:\/\/schema.org","@graph":[{"@type":"Article","@id":"https:\/\/www.grupomedcof.com.br\/blog\/residencia-medica-puc-pr-temas-quentes\/#article","isPartOf":{"@id":"https:\/\/www.grupomedcof.com.br\/blog\/residencia-medica-puc-pr-temas-quentes\/"},"author":{"name":"Leila Menzel","@id":"https:\/\/www.grupomedcof.com.br\/blog\/#\/schema\/person\/9a44c2184a836bf5ae6967fdb3a1451e"},"headline":"PUC-PR 2025: Temas quentes da resid\u00eancia m\u00e9dica","datePublished":"2025-03-19T14:39:33+00:00","dateModified":"2025-04-22T19:58:40+00:00","mainEntityOfPage":{"@id":"https:\/\/www.grupomedcof.com.br\/blog\/residencia-medica-puc-pr-temas-quentes\/"},"wordCount":483,"commentCount":0,"publisher":{"@id":"https:\/\/www.grupomedcof.com.br\/blog\/#organization"},"image":{"@id":"https:\/\/www.grupomedcof.com.br\/blog\/residencia-medica-puc-pr-temas-quentes\/#primaryimage"},"thumbnailUrl":"https:\/\/www.grupomedcof.com.br\/blog\/wp-content\/uploads\/2024\/07\/Modelo-instituicoes-2025-03-19T113629.558.jpg","keywords":["Especialidades m\u00e9dicas","Provas de Resid\u00eancia","PUC-PR","Resid\u00eancia M\u00e9dica","Temas quentes"],"articleSection":["Resid\u00eancia m\u00e9dica: editais, resultados, temas quentes e mais"],"inLanguage":"pt-BR"},{"@type":"WebPage","@id":"https:\/\/www.grupomedcof.com.br\/blog\/residencia-medica-puc-pr-temas-quentes\/","url":"https:\/\/www.grupomedcof.com.br\/blog\/residencia-medica-puc-pr-temas-quentes\/","name":"PUC-PR 2025: Temas quentes da resid\u00eancia m\u00e9dica - Blog de Medcof: conte\u00fados, editais, revalida e mais!","isPartOf":{"@id":"https:\/\/www.grupomedcof.com.br\/blog\/#website"},"primaryImageOfPage":{"@id":"https:\/\/www.grupomedcof.com.br\/blog\/residencia-medica-puc-pr-temas-quentes\/#primaryimage"},"image":{"@id":"https:\/\/www.grupomedcof.com.br\/blog\/residencia-medica-puc-pr-temas-quentes\/#primaryimage"},"thumbnailUrl":"https:\/\/www.grupomedcof.com.br\/blog\/wp-content\/uploads\/2024\/07\/Modelo-instituicoes-2025-03-19T113629.558.jpg","datePublished":"2025-03-19T14:39:33+00:00","dateModified":"2025-04-22T19:58:40+00:00","description":"Est\u00e1 se preparando para a pr\u00f3xima edi\u00e7\u00e3o da PUC-PR? Ent\u00e3o este post \u00e9 para voc\u00ea! Confira e fique por dentro!","breadcrumb":{"@id":"https:\/\/www.grupomedcof.com.br\/blog\/residencia-medica-puc-pr-temas-quentes\/#breadcrumb"},"inLanguage":"pt-BR","potentialAction":[{"@type":"ReadAction","target":["https:\/\/www.grupomedcof.com.br\/blog\/residencia-medica-puc-pr-temas-quentes\/"]}]},{"@type":"ImageObject","inLanguage":"pt-BR","@id":"https:\/\/www.grupomedcof.com.br\/blog\/residencia-medica-puc-pr-temas-quentes\/#primaryimage","url":"https:\/\/www.grupomedcof.com.br\/blog\/wp-content\/uploads\/2024\/07\/Modelo-instituicoes-2025-03-19T113629.558.jpg","contentUrl":"https:\/\/www.grupomedcof.com.br\/blog\/wp-content\/uploads\/2024\/07\/Modelo-instituicoes-2025-03-19T113629.558.jpg","width":1920,"height":1080},{"@type":"BreadcrumbList","@id":"https:\/\/www.grupomedcof.com.br\/blog\/residencia-medica-puc-pr-temas-quentes\/#breadcrumb","itemListElement":[{"@type":"ListItem","position":1,"name":"In\u00edcio","item":"https:\/\/www.grupomedcof.com.br\/blog\/"},{"@type":"ListItem","position":2,"name":"PUC-PR 2025: Temas quentes da resid\u00eancia m\u00e9dica"}]},{"@type":"WebSite","@id":"https:\/\/www.grupomedcof.com.br\/blog\/#website","url":"https:\/\/www.grupomedcof.com.br\/blog\/","name":"Blog de Medcof: conte\u00fados, editais, revalida e mais!","description":"Acesso o blog de MedCof! Seu portal de conte\u00fados sobre resid\u00eancia m\u00e9dica, an\u00e1lise e editais e muito mais. Clique e confira!","publisher":{"@id":"https:\/\/www.grupomedcof.com.br\/blog\/#organization"},"alternateName":"Blog de Medcof: conte\u00fados, editais, revalida e mais!","potentialAction":[{"@type":"SearchAction","target":{"@type":"EntryPoint","urlTemplate":"https:\/\/www.grupomedcof.com.br\/blog\/?s={search_term_string}"},"query-input":{"@type":"PropertyValueSpecification","valueRequired":true,"valueName":"search_term_string"}}],"inLanguage":"pt-BR"},{"@type":"Organization","@id":"https:\/\/www.grupomedcof.com.br\/blog\/#organization","name":"Grupo MedCof","url":"https:\/\/www.grupomedcof.com.br\/blog\/","logo":{"@type":"ImageObject","inLanguage":"pt-BR","@id":"https:\/\/www.grupomedcof.com.br\/blog\/#\/schema\/logo\/image\/","url":"https:\/\/www.grupomedcof.com.br\/blog\/wp-content\/uploads\/2022\/01\/logo-medcof.png","contentUrl":"https:\/\/www.grupomedcof.com.br\/blog\/wp-content\/uploads\/2022\/01\/logo-medcof.png","width":768,"height":269,"caption":"Grupo MedCof"},"image":{"@id":"https:\/\/www.grupomedcof.com.br\/blog\/#\/schema\/logo\/image\/"},"sameAs":["https:\/\/www.facebook.com\/MedCofQbank\/","https:\/\/www.instagram.com\/grupomedcof\/","https:\/\/br.linkedin.com\/company\/medcof","https:\/\/www.youtube.com\/channel\/UCdHMuOHKICxcHwecxN8P-AA"]},{"@type":"Person","@id":"https:\/\/www.grupomedcof.com.br\/blog\/#\/schema\/person\/9a44c2184a836bf5ae6967fdb3a1451e","name":"Leila Menzel","image":{"@type":"ImageObject","inLanguage":"pt-BR","@id":"https:\/\/www.grupomedcof.com.br\/blog\/wp-content\/uploads\/2025\/09\/cropped-eu-96x96.jpeg19a74936d997c0a8b3031618467fa1d0","url":"https:\/\/www.grupomedcof.com.br\/blog\/wp-content\/uploads\/2025\/09\/cropped-eu-96x96.jpeg","contentUrl":"https:\/\/www.grupomedcof.com.br\/blog\/wp-content\/uploads\/2025\/09\/cropped-eu-96x96.jpeg","caption":"Leila Menzel"},"description":"Estudante do 6\u00b0 semestre de jornalismo, amo e escrevo poesias e viajo em livros de romances clich\u00eas.","url":"https:\/\/www.grupomedcof.com.br\/blog\/author\/leila-menzel\/"}]}},"authors":[{"term_id":3616,"user_id":20,"is_guest":0,"slug":"leila-menzel","display_name":"Leila Menzel","avatar_url":"https:\/\/www.grupomedcof.com.br\/blog\/wp-content\/uploads\/2025\/09\/cropped-eu-96x96.jpeg","0":null,"1":"","2":"","3":"","4":"","5":"","6":"","7":"","8":""}],"_links":{"self":[{"href":"https:\/\/www.grupomedcof.com.br\/blog\/wp-json\/wp\/v2\/posts\/28047","targetHints":{"allow":["GET"]}}],"collection":[{"href":"https:\/\/www.grupomedcof.com.br\/blog\/wp-json\/wp\/v2\/posts"}],"about":[{"href":"https:\/\/www.grupomedcof.com.br\/blog\/wp-json\/wp\/v2\/types\/post"}],"author":[{"embeddable":true,"href":"https:\/\/www.grupomedcof.com.br\/blog\/wp-json\/wp\/v2\/users\/20"}],"replies":[{"embeddable":true,"href":"https:\/\/www.grupomedcof.com.br\/blog\/wp-json\/wp\/v2\/comments?post=28047"}],"version-history":[{"count":0,"href":"https:\/\/www.grupomedcof.com.br\/blog\/wp-json\/wp\/v2\/posts\/28047\/revisions"}],"wp:featuredmedia":[{"embeddable":true,"href":"https:\/\/www.grupomedcof.com.br\/blog\/wp-json\/wp\/v2\/media\/34597"}],"wp:attachment":[{"href":"https:\/\/www.grupomedcof.com.br\/blog\/wp-json\/wp\/v2\/media?parent=28047"}],"wp:term":[{"taxonomy":"category","embeddable":true,"href":"https:\/\/www.grupomedcof.com.br\/blog\/wp-json\/wp\/v2\/categories?post=28047"},{"taxonomy":"post_tag","embeddable":true,"href":"https:\/\/www.grupomedcof.com.br\/blog\/wp-json\/wp\/v2\/tags?post=28047"},{"taxonomy":"author","embeddable":true,"href":"https:\/\/www.grupomedcof.com.br\/blog\/wp-json\/wp\/v2\/ppma_author?post=28047"}],"curies":[{"name":"wp","href":"https:\/\/api.w.org\/{rel}","templated":true}]}}