{"id":28055,"date":"2024-07-25T09:54:52","date_gmt":"2024-07-25T12:54:52","guid":{"rendered":"https:\/\/www.grupomedcof.com.br\/blog\/?p=28055"},"modified":"2024-07-25T15:57:29","modified_gmt":"2024-07-25T18:57:29","slug":"desmame-de-corticoide","status":"publish","type":"post","link":"https:\/\/www.grupomedcof.com.br\/blog\/desmame-de-corticoide\/","title":{"rendered":"Desmame de cortic\u00f3ide"},"content":{"rendered":"<div id=\"ez-toc-container\" class=\"ez-toc-v2_0_74 counter-hierarchy ez-toc-counter ez-toc-transparent ez-toc-container-direction\">\n<div class=\"ez-toc-title-container\">\n<p class=\"ez-toc-title\" style=\"cursor:inherit\">Sum\u00e1rio<\/p>\n<span class=\"ez-toc-title-toggle\"><a href=\"#\" class=\"ez-toc-pull-right ez-toc-btn ez-toc-btn-xs ez-toc-btn-default ez-toc-toggle\" aria-label=\"Alternar tabela de conte\u00fado\"><span class=\"ez-toc-js-icon-con\"><span class=\"\"><span class=\"eztoc-hide\" style=\"display:none;\">Toggle<\/span><span class=\"ez-toc-icon-toggle-span\"><svg style=\"fill: #999;color:#999\" xmlns=\"http:\/\/www.w3.org\/2000\/svg\" class=\"list-377408\" width=\"20px\" height=\"20px\" viewBox=\"0 0 24 24\" fill=\"none\"><path d=\"M6 6H4v2h2V6zm14 0H8v2h12V6zM4 11h2v2H4v-2zm16 0H8v2h12v-2zM4 16h2v2H4v-2zm16 0H8v2h12v-2z\" fill=\"currentColor\"><\/path><\/svg><svg style=\"fill: #999;color:#999\" class=\"arrow-unsorted-368013\" xmlns=\"http:\/\/www.w3.org\/2000\/svg\" width=\"10px\" height=\"10px\" viewBox=\"0 0 24 24\" version=\"1.2\" baseProfile=\"tiny\"><path d=\"M18.2 9.3l-6.2-6.3-6.2 6.3c-.2.2-.3.4-.3.7s.1.5.3.7c.2.2.4.3.7.3h11c.3 0 .5-.1.7-.3.2-.2.3-.5.3-.7s-.1-.5-.3-.7zM5.8 14.7l6.2 6.3 6.2-6.3c.2-.2.3-.5.3-.7s-.1-.5-.3-.7c-.2-.2-.4-.3-.7-.3h-11c-.3 0-.5.1-.7.3-.2.2-.3.5-.3.7s.1.5.3.7z\"\/><\/svg><\/span><\/span><\/span><\/a><\/span><\/div>\n<nav><ul class='ez-toc-list ez-toc-list-level-1 ' ><li class='ez-toc-page-1 ez-toc-heading-level-2'><a class=\"ez-toc-link ez-toc-heading-1\" href=\"https:\/\/www.grupomedcof.com.br\/blog\/desmame-de-corticoide\/#Novo_guideline_pela_European_Society\" >Novo guideline pela European Society<\/a><\/li><li class='ez-toc-page-1 ez-toc-heading-level-2'><a class=\"ez-toc-link ez-toc-heading-2\" href=\"https:\/\/www.grupomedcof.com.br\/blog\/desmame-de-corticoide\/#Quando_realizar_o_desmame_do_glicocorticoide\" >Quando realizar o desmame do glicocorticoide<\/a><\/li><li class='ez-toc-page-1 ez-toc-heading-level-2'><a class=\"ez-toc-link ez-toc-heading-3\" href=\"https:\/\/www.grupomedcof.com.br\/blog\/desmame-de-corticoide\/#Aspectos_Fisiologicos\" >Aspectos Fisiol\u00f3gicos<\/a><\/li><li class='ez-toc-page-1 ez-toc-heading-level-2'><a class=\"ez-toc-link ez-toc-heading-4\" href=\"https:\/\/www.grupomedcof.com.br\/blog\/desmame-de-corticoide\/#Classificacao_de_risco_desenvolvimento_de_insuficiencia_adrenal\" >Classifica\u00e7\u00e3o de risco desenvolvimento de insufici\u00eancia adrenal<\/a><\/li><li class='ez-toc-page-1 ez-toc-heading-level-2'><a class=\"ez-toc-link ez-toc-heading-5\" href=\"https:\/\/www.grupomedcof.com.br\/blog\/desmame-de-corticoide\/#Como_recomenda-se_que_se_faca_a_suspensao\" >Como recomenda-se que se fa\u00e7a a suspens\u00e3o<\/a><\/li><li class='ez-toc-page-1 ez-toc-heading-level-2'><a class=\"ez-toc-link ez-toc-heading-6\" href=\"https:\/\/www.grupomedcof.com.br\/blog\/desmame-de-corticoide\/#Exames_laboratoriais\" >Exames laboratoriais<\/a><\/li><li class='ez-toc-page-1 ez-toc-heading-level-2'><a class=\"ez-toc-link ez-toc-heading-7\" href=\"https:\/\/www.grupomedcof.com.br\/blog\/desmame-de-corticoide\/#Tratamento\" >Tratamento<\/a><\/li><li class='ez-toc-page-1 ez-toc-heading-level-2'><a class=\"ez-toc-link ez-toc-heading-8\" href=\"https:\/\/www.grupomedcof.com.br\/blog\/desmame-de-corticoide\/#Concluindo\" >Concluindo<\/a><\/li><li class='ez-toc-page-1 ez-toc-heading-level-2'><a class=\"ez-toc-link ez-toc-heading-9\" href=\"https:\/\/www.grupomedcof.com.br\/blog\/desmame-de-corticoide\/#O_metodo_que_te_aprova\" >O m\u00e9todo que te aprova<\/a><\/li><\/ul><\/nav><\/div>\n\n<figure class=\"wp-block-image size-large\"><img loading=\"lazy\" decoding=\"async\" width=\"1024\" height=\"576\" src=\"https:\/\/www.grupomedcof.com.br\/blog\/wp-content\/uploads\/2024\/07\/Blog-MedCof-33-1-1024x576.png\" alt=\"\" class=\"wp-image-28059\" srcset=\"https:\/\/www.grupomedcof.com.br\/blog\/wp-content\/uploads\/2024\/07\/Blog-MedCof-33-1-1024x576.png 1024w, https:\/\/www.grupomedcof.com.br\/blog\/wp-content\/uploads\/2024\/07\/Blog-MedCof-33-1-300x169.png 300w, https:\/\/www.grupomedcof.com.br\/blog\/wp-content\/uploads\/2024\/07\/Blog-MedCof-33-1-768x432.png 768w, https:\/\/www.grupomedcof.com.br\/blog\/wp-content\/uploads\/2024\/07\/Blog-MedCof-33-1-1536x864.png 1536w, https:\/\/www.grupomedcof.com.br\/blog\/wp-content\/uploads\/2024\/07\/Blog-MedCof-33-1-747x420.png 747w, https:\/\/www.grupomedcof.com.br\/blog\/wp-content\/uploads\/2024\/07\/Blog-MedCof-33-1-150x84.png 150w, https:\/\/www.grupomedcof.com.br\/blog\/wp-content\/uploads\/2024\/07\/Blog-MedCof-33-1-696x392.png 696w, https:\/\/www.grupomedcof.com.br\/blog\/wp-content\/uploads\/2024\/07\/Blog-MedCof-33-1-1068x601.png 1068w, https:\/\/www.grupomedcof.com.br\/blog\/wp-content\/uploads\/2024\/07\/Blog-MedCof-33-1.png 1920w\" sizes=\"auto, (max-width: 1024px) 100vw, 1024px\" \/><\/figure>\n\n\n\n<p>Dificuldade ou d\u00favidas quanto ao desmame de corticoide? N\u00e3o mais! A publica\u00e7\u00e3o que trazemos hoje \u00e9 de fato muito relevante para a pr\u00e1tica cl\u00ednica.<\/p>\n\n\n\n<p><strong><em>Texto por: Leonardo Tavares, endocrinologista com t\u00edtulo de especialista pela SBEM (ex-medcoffer) e atualmente fellow em endocrinologia na FMUSP.<\/em><\/strong><\/p>\n\n\n\n<h2 class=\"wp-block-heading\" id=\"h-novo-guideline-pela-european-society\"><span class=\"ez-toc-section\" id=\"Novo_guideline_pela_European_Society\"><\/span><strong>Novo guideline pela European Society<\/strong><span class=\"ez-toc-section-end\"><\/span><\/h2>\n\n\n\n<p>No m\u00eas de maio foi apresentado um novo guideline pela European Society sobre uso de corticoterapia e desenvolvimento de insufici\u00eancia adrenal ap\u00f3s seu uso. Historicamente, v\u00e1rias sociedades e documentos se posicionam sobre o tema de forma heterog\u00eanea, e esse documento \u00e9 uma tentativa de padroniza\u00e7\u00e3o.<\/p>\n\n\n\n<p>O mais interessante, \u00e9 destacar que a publica\u00e7\u00e3o tenta englobar todos os profissionais m\u00e9dicos, e n\u00e3o apenas os especialistas, visto que diversas \u00e1reas apresentam os corticoides como protagonistas de suas prescri\u00e7\u00f5es.<\/p>\n\n\n\n<p>Logicamente, um guideline requer uma leitura atenciosa, visando entender e interpretar os detalhes, por\u00e9m, tentaremos englobar os novos pontos e recomenda\u00e7\u00f5es, a fim de facilitar e ser um material de consulta\/acesso a nossos alunos e leitores.<\/p>\n\n\n\n<h2 class=\"wp-block-heading\" id=\"h-quando-realizar-o-desmame-do-glicocorticoide\"><span class=\"ez-toc-section\" id=\"Quando_realizar_o_desmame_do_glicocorticoide\"><\/span><strong>Quando<\/strong> <strong>realizar<\/strong> <strong>o<\/strong> <strong>desmame<\/strong> <strong>do<\/strong> <strong>glicocorticoide<\/strong><span class=\"ez-toc-section-end\"><\/span><\/h2>\n\n\n\n<p>Constatou-se que, se usado por<strong> menos de 3-4 semanas, independentemente da dose, \u00e9 poss\u00edvel que ocorra a interrup\u00e7\u00e3o<\/strong> sem testes diagn\u00f3sticos ou desmame.&nbsp;<\/p>\n\n\n\n<p>Entendido este passo, surge a d\u00favida: <strong>quando ser\u00e1&nbsp;necess\u00e1rio realizar o desmame?<\/strong> \u00c9 aconselh\u00e1vel que a avalia\u00e7\u00e3o seja <strong>multidisciplinar<\/strong> para entendimento dos benef\u00edcios e real necessidade do uso dessa classe medicamentosa de forma individual.<\/p>\n\n\n\n<p>Ap\u00f3s ter as respostas acima e, caso a dura\u00e7\u00e3o do tratamento seja <strong>superior a 4 semanas<\/strong>, os glicocorticoides ser\u00e3o gradualmente reduzidos at\u00e9 a dose di\u00e1ria fisiol\u00f3gica. O racional se d\u00e1 pela explica\u00e7\u00e3o do gr\u00e1fico a seguir:<\/p>\n\n\n\n<p><img loading=\"lazy\" decoding=\"async\" src=\"https:\/\/lh7-rt.googleusercontent.com\/docsz\/AD_4nXe82ap0DIGT7dMsfGYLC39kJEag3jJepZNAoR-E5iWLOnRiEBifweIjAVXRTR7xvOAwmBDJkBy8HrlnVbfXB_dVo2CNro0aRP43n5uDZ8D5ZoR4LCv3cpIlRWa8SgGeVzCcBrGUkdE6iRxwODejlQjL8vaFRoEe24XevY_30pifCv6DTVN8lwc?key=CsUGrYb2FPdIH9-xM-gA1w\" width=\"602\" height=\"289\"><\/p>\n\n\n\n<h2 class=\"wp-block-heading\" id=\"h-aspectos-fisiologicos\"><span class=\"ez-toc-section\" id=\"Aspectos_Fisiologicos\"><\/span><strong>Aspectos Fisiol\u00f3gicos<\/strong><span class=\"ez-toc-section-end\"><\/span><\/h2>\n\n\n\n<ul class=\"wp-block-list\">\n<li>Inicialmente temos a avalia\u00e7\u00e3o dos n\u00edveis circulantes de cortisol e ACTH.&nbsp;<\/li>\n\n\n\n<li>O ACTH \u00e9 um horm\u00f4nio hipofis\u00e1rio, o qual ser\u00e1 respons\u00e1vel pela estimula\u00e7\u00e3o da esteroidog\u00eanese nas gl\u00e2ndulas adrenais.&nbsp;<\/li>\n\n\n\n<li>Logo no in\u00edcio do uso, temos uma manuten\u00e7\u00e3o dos valores de cortisol e ACTH, sem interferentes, mesmo que haja uso de doses suprafisiol\u00f3gicas.&nbsp;<\/li>\n\n\n\n<li>A partir de 3-4 semanas, h\u00e1 uma descorrela\u00e7\u00e3o dos valores s\u00e9ricos, isto \u00e9, uma supress\u00e3o fisiol\u00f3gica de seus n\u00edveis, sendo necess\u00e1rio o desmame gradual.&nbsp;<\/li>\n\n\n\n<li>Esta segunda parte, \u00e9 explicada por uma resposta inapropriada do eixo hipot\u00e1lamo-hip\u00f3fise demandando um per\u00edodo de recupera\u00e7\u00e3o de sua funcionalidade.&nbsp;<\/li>\n\n\n\n<li>Este intervalo corresponde a um aumento inicial do ACTH, para, futuramente, ser respons\u00e1vel pelo est\u00edmulo adrenal e eleva\u00e7\u00e3o futura de n\u00edveis s\u00e9ricos do cortisol.&nbsp;<\/li>\n<\/ul>\n\n\n\n<h2 class=\"wp-block-heading\" id=\"h-classificacao-de-risco-desenvolvimento-de-insuficiencia-adrenal\"><span class=\"ez-toc-section\" id=\"Classificacao_de_risco_desenvolvimento_de_insuficiencia_adrenal\"><\/span><strong>Classifica\u00e7\u00e3o de risco desenvolvimento de insufici\u00eancia adrenal<\/strong><span class=\"ez-toc-section-end\"><\/span><\/h2>\n\n\n\n<ol class=\"wp-block-list\">\n<li><strong>Baixo risco<\/strong>: pacientes que utilizaram drogas de baixa pot\u00eancia; qualquer dose em at\u00e9 4 semanas; adultos e jovens eutr\u00f3ficos (e obesos\/sobrepeso) em todas as situa\u00e7\u00f5es e vias t\u00f3picas, nasais ou oftalmol\u00f3gicas em baixas doses.<\/li>\n\n\n\n<li><strong>Risco moderado<\/strong>: uso de medica\u00e7\u00e3o de pot\u00eancia moderada; uso de corticoterapia por via inalat\u00f3ria; dose m\u00e9dia de tempo de uso entre 4 semanas e 3 meses e pacientes com presen\u00e7a de sobrepeso.<\/li>\n\n\n\n<li><strong>Alto risco<\/strong>: uso de corticoides de alta pot\u00eancia; prefer\u00eancia por via sist\u00eamica ou intra-articular e tempo de uso superior a 03 meses; al\u00e9m de idosos e pessoas com obesidade.<\/li>\n<\/ol>\n\n\n\n<h2 class=\"wp-block-heading\" id=\"h-como-recomenda-se-que-se-faca-a-suspensao\"><span class=\"ez-toc-section\" id=\"Como_recomenda-se_que_se_faca_a_suspensao\"><\/span><strong>Como recomenda-se que se fa\u00e7a a suspens\u00e3o<\/strong><span class=\"ez-toc-section-end\"><\/span><\/h2>\n\n\n\n<p>Para in\u00edcio de conversa, deve-se ter em mente a tabela que demonstra a equival\u00eancia de doses e tipos de glicocorticoide.<\/p>\n\n\n\n<p><img loading=\"lazy\" decoding=\"async\" src=\"https:\/\/lh7-rt.googleusercontent.com\/docsz\/AD_4nXdJAGF04gIVGOGCE1NQpUs59Lcdp0jZnhcM3suWx3hwWExD4cC5R22OX5BeG-TYfGbd2ONIHqcoraRDnn91hlc9tHLQ8oGXlZ9S9cVsSJyJLlfkNkVF2bnqssJzFHm_n4cTrNxxbhr6Ss3kNifHcqC5RlfWLLFEj_GJgvqNtnFAnW5PaiW6Qg?key=CsUGrYb2FPdIH9-xM-gA1w\" width=\"510\" height=\"483\"><\/p>\n\n\n\n<p>O pr\u00f3ximo passo \u00e9 a padroniza\u00e7\u00e3o do racioc\u00ednio para doses de prednisona. Traduzimos a tabela apresentada na diretriz para melhor entendimento e consulta r\u00e1pida no dia a dia.<\/p>\n\n\n\n<figure class=\"wp-block-image size-full\"><img loading=\"lazy\" decoding=\"async\" width=\"775\" height=\"361\" src=\"https:\/\/www.grupomedcof.com.br\/blog\/wp-content\/uploads\/2024\/07\/Captura-de-tela-2024-07-24-124658.png\" alt=\"\" class=\"wp-image-28057\" srcset=\"https:\/\/www.grupomedcof.com.br\/blog\/wp-content\/uploads\/2024\/07\/Captura-de-tela-2024-07-24-124658.png 775w, https:\/\/www.grupomedcof.com.br\/blog\/wp-content\/uploads\/2024\/07\/Captura-de-tela-2024-07-24-124658-300x140.png 300w, https:\/\/www.grupomedcof.com.br\/blog\/wp-content\/uploads\/2024\/07\/Captura-de-tela-2024-07-24-124658-768x358.png 768w, https:\/\/www.grupomedcof.com.br\/blog\/wp-content\/uploads\/2024\/07\/Captura-de-tela-2024-07-24-124658-150x70.png 150w, https:\/\/www.grupomedcof.com.br\/blog\/wp-content\/uploads\/2024\/07\/Captura-de-tela-2024-07-24-124658-696x324.png 696w\" sizes=\"auto, (max-width: 775px) 100vw, 775px\" \/><\/figure>\n\n\n\n<h2 class=\"wp-block-heading\" id=\"h-exames-laboratoriais\"><span class=\"ez-toc-section\" id=\"Exames_laboratoriais\"><\/span><strong>Exames laboratoriais<\/strong><span class=\"ez-toc-section-end\"><\/span><\/h2>\n\n\n\n<p>Outra d\u00favida pertinente diz respeito \u00e0 <strong>necessidade (ou n\u00e3o), de solicita\u00e7\u00e3o de exames laboratoriais<\/strong>. Aqui, retornaremos conceitos desenvolvidos previamente e daremos prefer\u00eancia aos pacientes que apresentavam <strong>alto risco de desenvolvimento de insufici\u00eancia adrenal ap\u00f3s suspens\u00e3o de corticoterapia<\/strong>.<\/p>\n\n\n\n<p>O primeiro passo \u00e9 a solicita\u00e7\u00e3o de <strong>cortisol basal pela manh\u00e3<\/strong>, somente quando apresentar-se em doses fisiol\u00f3gicas. Encontrados valores inferiores a 5.0 nmol\/L, \u00e9 sugerido a manuten\u00e7\u00e3o de doses fisiol\u00f3gicas e uma testagem dentro de alguns meses. Se valores intermedi\u00e1rios (5.0-10.0 nmol\/L), sugere-se uma nova coleta breve com manuten\u00e7\u00e3o da dose utilizada do glicocorticoide.<\/p>\n\n\n\n<p>Por\u00e9m, se <strong>valores &gt; 10 nmol\/L, est\u00e1 autorizada a suspens\u00e3o da medica\u00e7\u00e3o<\/strong>. Em situa\u00e7\u00f5es de indisponibilidade da dosagem do cortisol, o desmame \u00e9 sugerido de forma gradual com acompanhamento rotineiro de sintomas cl\u00ednicos do paciente, buscando altera\u00e7\u00f5es sugestivas de hipocortisolismo.<\/p>\n\n\n\n<h2 class=\"wp-block-heading\" id=\"h-tratamento\"><span class=\"ez-toc-section\" id=\"Tratamento\"><\/span><strong>Tratamento<\/strong><span class=\"ez-toc-section-end\"><\/span><\/h2>\n\n\n\n<p>Por fim, quando abordamos o tratamento, temos pontos referentes a situa\u00e7\u00f5es agudas e emerg\u00eancias, quanto a tratamento cr\u00f4nico por defici\u00eancia do eixo Adrenal-Hip\u00f3fise-Hipot\u00e1lamo.<\/p>\n\n\n\n<p>Primeiramente, o reconhecimento dos <strong>sintomas<\/strong> <strong>de<\/strong> <strong>hipocortisolismo<\/strong>, juntamente com a hist\u00f3ria de uso pr\u00e9vio de doses suprafisiol\u00f3gicas, nos remete a quadro agudos. O tratamento inicial baseia-se na <strong>hidrata\u00e7\u00e3o venosa vigorosa, seguida de 100mg de Hidrocortisona EV<\/strong> no momento de suspeita diagn\u00f3stica. Doses de manuten\u00e7\u00e3o s\u00e3o necess\u00e1rias (200 mg nas pr\u00f3ximas 24h), juntamente de avalia\u00e7\u00e3o e julgamento cl\u00ednico de sintomas. Caso este paciente esteja em uso superior a 10mg\/dia, n\u00e3o \u00e9 aconselh\u00e1vel a administra\u00e7\u00e3o de novas drogas endovenosas e atentar para suspeita de s\u00edndrome de retirada de corticoterapia.<\/p>\n\n\n\n<p>J\u00e1 o tratamento cr\u00f4nico deve respeitar as doses fisiol\u00f3gicas de corticoterapia, <strong>n\u00e3o sendo necess\u00e1rio a associa\u00e7\u00e3o com fludrocortisona<\/strong>. Momentos de estresse costumam ser rotineiros na rotina destes pacientes, sendo sugerido a procura de um servi\u00e7o de emerg\u00eancia para avaliar a necessidade de doses endovenosas e fluidoterapia. Al\u00e9m de aumento da dose da corticoterapia para um per\u00edodo curto (n\u00e3o mais que 5 dias).<\/p>\n\n\n\n<p>Outro ponto interessante mencionado, \u00e9 o fato da presen\u00e7a de <strong>estigmas sugestivos de cushing<\/strong> como crit\u00e9rio de diagn\u00f3stico de insufici\u00eancia adrenal induzida pelo uso de <strong>doses suprafisiol\u00f3gicas de corticoide<\/strong>.<\/p>\n\n\n\n<h2 class=\"wp-block-heading\" id=\"h-concluindo\"><span class=\"ez-toc-section\" id=\"Concluindo\"><\/span><strong>Concluindo<\/strong><span class=\"ez-toc-section-end\"><\/span><\/h2>\n\n\n\n<p>Como conclus\u00e3o, acreditamos ser uma publica\u00e7\u00e3o de grande relev\u00e2ncia, com tentativa de padronizar condutas de uma situa\u00e7\u00e3o, sem d\u00favidas, subdiagnosticada no meio m\u00e9dico-cl\u00ednico. Por mais que muitas recomenda\u00e7\u00f5es n\u00e3o apresentem evid\u00eancias sustent\u00e1veis, com embasamento em opini\u00e3o do especialista, o m\u00e9dico generalista e o cl\u00ednico ter\u00e3o uma literatura ampla e importante para seguir suas condutas.<\/p>\n\n\n\n<p>N\u00f3s, como especialistas, adotamos algumas condutas diferentes. Principalmente no intervalo de tempo da retirada da corticoterapia, sendo a s\u00edndrome de retirada uma condi\u00e7\u00e3o muito infrequente na pr\u00e1tica cl\u00ednica. Al\u00e9m do maior intervalo de tempo do uso da corticoterapia, que a cada ano mostra que se n\u00e3o indicada clinicamente apresenta diversos efeitos delet\u00e9rios, principalmente no aspecto end\u00f3crino-metab\u00f3lico. Por\u00e9m, de uma forma geral o guideline traz mais respostas do que d\u00favidas no manejo dos pacientes com uso de corticoterapia.<\/p>\n\n\n\n<div data-wp-interactive=\"core\/file\" class=\"wp-block-file\"><object data-wp-bind--hidden=\"!state.hasPdfPreview\" hidden class=\"wp-block-file__embed\" data=\"https:\/\/www.grupomedcof.com.br\/blog\/wp-content\/uploads\/2024\/07\/Newsletter-desmame-de-corticoide.docx.pdf\" type=\"application\/pdf\" style=\"width:100%;height:600px\" aria-label=\"Incorporado de Newsletter - desmame de corticoide.docx.\"><\/object><a id=\"wp-block-file--media-71fa2af7-2253-4f17-9dec-51d2d931e9c9\" href=\"https:\/\/www.grupomedcof.com.br\/blog\/wp-content\/uploads\/2024\/07\/Newsletter-desmame-de-corticoide.docx.pdf\">Newsletter &#8211; desmame de corticoide.docx<\/a><a href=\"https:\/\/www.grupomedcof.com.br\/blog\/wp-content\/uploads\/2024\/07\/Newsletter-desmame-de-corticoide.docx.pdf\" class=\"wp-block-file__button wp-element-button\" download aria-describedby=\"wp-block-file--media-71fa2af7-2253-4f17-9dec-51d2d931e9c9\">Baixar<\/a><\/div>\n\n\n\n<h2 class=\"wp-block-heading\" id=\"h-o-metodo-que-te-aprova\"><span class=\"ez-toc-section\" id=\"O_metodo_que_te_aprova\"><\/span><strong>O m\u00e9todo que te aprova<\/strong><span class=\"ez-toc-section-end\"><\/span><\/h2>\n\n\n\n<p>Se voc\u00ea quer garantir a sua aprova\u00e7\u00e3o nas provas de resid\u00eancia m\u00e9dica, conhe\u00e7a o grupo MedCof e a metodologia que j\u00e1 aprovou&nbsp;<a href=\"https:\/\/www.grupomedcof.com.br\/blog\/presenca-da-medcof-nas-aprovacoes-em-residencia-medica-no-brasil\/\"><strong>mais de 10 mil<\/strong><\/a>&nbsp;residentes pelo pa\u00eds. Confira abaixo uma das aulas exclusivas do nosso&nbsp;<strong><a href=\"https:\/\/youtu.be\/0lAzIDf7df0?si=xQ6tJf3s3xcd17xI\">Curso Extensivo<\/a><\/strong>:<\/p>\n\n\n\n<figure class=\"wp-block-embed is-type-video is-provider-youtube wp-block-embed-youtube wp-embed-aspect-16-9 wp-has-aspect-ratio\"><div class=\"wp-block-embed__wrapper\">\n<iframe loading=\"lazy\" title=\"Tudo o que voc\u00ea precisa saber sobre Insufici\u00eancia Adrenal. Com Dra. Mariana Ramos\" width=\"696\" height=\"392\" src=\"https:\/\/www.youtube.com\/embed\/0lAzIDf7df0?feature=oembed\" frameborder=\"0\" allow=\"accelerometer; autoplay; clipboard-write; encrypted-media; gyroscope; picture-in-picture; web-share\" referrerpolicy=\"strict-origin-when-cross-origin\" allowfullscreen><\/iframe>\n<\/div><\/figure>\n","protected":false},"excerpt":{"rendered":"<p>Dificuldade ou d\u00favidas quanto ao desmame de corticoide? N\u00e3o mais! A publica\u00e7\u00e3o que trazemos hoje \u00e9 de fato muito relevante para a pr\u00e1tica cl\u00ednica.<\/p>\n","protected":false},"author":16,"featured_media":28059,"comment_status":"open","ping_status":"open","sticky":false,"template":"","format":"standard","meta":{"footnotes":""},"categories":[1679],"tags":[236,1411],"ppma_author":[3614],"class_list":{"0":"post-28055","1":"post","2":"type-post","3":"status-publish","4":"format-standard","5":"has-post-thumbnail","7":"category-medcof-endocrino","8":"tag-endocrinologia","9":"tag-teem"},"yoast_head":"<!-- This site is optimized with the Yoast SEO Premium plugin v24.3 (Yoast SEO v27.4) - https:\/\/yoast.com\/product\/yoast-seo-premium-wordpress\/ -->\n<title>Desmame de cortic\u00f3ide - Blog de Medcof: conte\u00fados, editais, revalida e mais!<\/title>\n<meta name=\"description\" content=\"Dificuldade ou d\u00favidas quanto ao desmame de corticoide? N\u00e3o mais! A publica\u00e7\u00e3o que trazemos hoje \u00e9 de fato muito relevante para a pr\u00e1tica...\" \/>\n<meta name=\"robots\" content=\"index, follow, max-snippet:-1, max-image-preview:large, max-video-preview:-1\" \/>\n<link rel=\"canonical\" href=\"https:\/\/www.grupomedcof.com.br\/blog\/desmame-de-corticoide\/\" \/>\n<meta property=\"og:locale\" content=\"pt_BR\" \/>\n<meta property=\"og:type\" content=\"article\" \/>\n<meta property=\"og:title\" content=\"Desmame de cortic\u00f3ide\" \/>\n<meta property=\"og:description\" content=\"Dificuldade ou d\u00favidas quanto ao desmame de corticoide? N\u00e3o mais! A publica\u00e7\u00e3o que trazemos hoje \u00e9 de fato muito relevante para a pr\u00e1tica...\" \/>\n<meta property=\"og:url\" content=\"https:\/\/www.grupomedcof.com.br\/blog\/desmame-de-corticoide\/\" \/>\n<meta property=\"og:site_name\" content=\"Blog de Medcof: conte\u00fados, editais, revalida e mais!\" \/>\n<meta property=\"article:publisher\" content=\"https:\/\/www.facebook.com\/MedCofQbank\/\" \/>\n<meta property=\"article:published_time\" content=\"2024-07-25T12:54:52+00:00\" \/>\n<meta property=\"article:modified_time\" content=\"2024-07-25T18:57:29+00:00\" \/>\n<meta property=\"og:image\" content=\"https:\/\/www.grupomedcof.com.br\/blog\/wp-content\/uploads\/2024\/07\/Blog-MedCof-33-1.png\" \/>\n\t<meta property=\"og:image:width\" content=\"1920\" \/>\n\t<meta property=\"og:image:height\" content=\"1080\" \/>\n\t<meta property=\"og:image:type\" content=\"image\/png\" \/>\n<meta name=\"author\" content=\"Luisa\" \/>\n<meta name=\"twitter:card\" content=\"summary_large_image\" \/>\n<meta name=\"twitter:label1\" content=\"Escrito por\" \/>\n\t<meta name=\"twitter:data1\" content=\"Luisa\" \/>\n\t<meta name=\"twitter:label2\" content=\"Est. tempo de leitura\" \/>\n\t<meta name=\"twitter:data2\" content=\"7 minutos\" \/>\n<script type=\"application\/ld+json\" class=\"yoast-schema-graph\">{\"@context\":\"https:\\\/\\\/schema.org\",\"@graph\":[{\"@type\":\"Article\",\"@id\":\"https:\\\/\\\/www.grupomedcof.com.br\\\/blog\\\/desmame-de-corticoide\\\/#article\",\"isPartOf\":{\"@id\":\"https:\\\/\\\/www.grupomedcof.com.br\\\/blog\\\/desmame-de-corticoide\\\/\"},\"author\":{\"name\":\"Luisa\",\"@id\":\"https:\\\/\\\/www.grupomedcof.com.br\\\/blog\\\/#\\\/schema\\\/person\\\/4c7d7a4858c43110d649051e29b62140\"},\"headline\":\"Desmame de cortic\u00f3ide\",\"datePublished\":\"2024-07-25T12:54:52+00:00\",\"dateModified\":\"2024-07-25T18:57:29+00:00\",\"mainEntityOfPage\":{\"@id\":\"https:\\\/\\\/www.grupomedcof.com.br\\\/blog\\\/desmame-de-corticoide\\\/\"},\"wordCount\":1234,\"commentCount\":0,\"publisher\":{\"@id\":\"https:\\\/\\\/www.grupomedcof.com.br\\\/blog\\\/#organization\"},\"image\":{\"@id\":\"https:\\\/\\\/www.grupomedcof.com.br\\\/blog\\\/desmame-de-corticoide\\\/#primaryimage\"},\"thumbnailUrl\":\"https:\\\/\\\/www.grupomedcof.com.br\\\/blog\\\/wp-content\\\/uploads\\\/2024\\\/07\\\/Blog-MedCof-33-1.png\",\"keywords\":[\"Endocrinologia\",\"TEEM\"],\"articleSection\":[\"Medcof Endocrino\"],\"inLanguage\":\"pt-BR\"},{\"@type\":\"WebPage\",\"@id\":\"https:\\\/\\\/www.grupomedcof.com.br\\\/blog\\\/desmame-de-corticoide\\\/\",\"url\":\"https:\\\/\\\/www.grupomedcof.com.br\\\/blog\\\/desmame-de-corticoide\\\/\",\"name\":\"Desmame de cortic\u00f3ide - Blog de Medcof: conte\u00fados, editais, revalida e mais!\",\"isPartOf\":{\"@id\":\"https:\\\/\\\/www.grupomedcof.com.br\\\/blog\\\/#website\"},\"primaryImageOfPage\":{\"@id\":\"https:\\\/\\\/www.grupomedcof.com.br\\\/blog\\\/desmame-de-corticoide\\\/#primaryimage\"},\"image\":{\"@id\":\"https:\\\/\\\/www.grupomedcof.com.br\\\/blog\\\/desmame-de-corticoide\\\/#primaryimage\"},\"thumbnailUrl\":\"https:\\\/\\\/www.grupomedcof.com.br\\\/blog\\\/wp-content\\\/uploads\\\/2024\\\/07\\\/Blog-MedCof-33-1.png\",\"datePublished\":\"2024-07-25T12:54:52+00:00\",\"dateModified\":\"2024-07-25T18:57:29+00:00\",\"description\":\"Dificuldade ou d\u00favidas quanto ao desmame de corticoide? N\u00e3o mais! A publica\u00e7\u00e3o que trazemos hoje \u00e9 de fato muito relevante para a pr\u00e1tica...\",\"breadcrumb\":{\"@id\":\"https:\\\/\\\/www.grupomedcof.com.br\\\/blog\\\/desmame-de-corticoide\\\/#breadcrumb\"},\"inLanguage\":\"pt-BR\",\"potentialAction\":[{\"@type\":\"ReadAction\",\"target\":[\"https:\\\/\\\/www.grupomedcof.com.br\\\/blog\\\/desmame-de-corticoide\\\/\"]}]},{\"@type\":\"ImageObject\",\"inLanguage\":\"pt-BR\",\"@id\":\"https:\\\/\\\/www.grupomedcof.com.br\\\/blog\\\/desmame-de-corticoide\\\/#primaryimage\",\"url\":\"https:\\\/\\\/www.grupomedcof.com.br\\\/blog\\\/wp-content\\\/uploads\\\/2024\\\/07\\\/Blog-MedCof-33-1.png\",\"contentUrl\":\"https:\\\/\\\/www.grupomedcof.com.br\\\/blog\\\/wp-content\\\/uploads\\\/2024\\\/07\\\/Blog-MedCof-33-1.png\",\"width\":1920,\"height\":1080},{\"@type\":\"BreadcrumbList\",\"@id\":\"https:\\\/\\\/www.grupomedcof.com.br\\\/blog\\\/desmame-de-corticoide\\\/#breadcrumb\",\"itemListElement\":[{\"@type\":\"ListItem\",\"position\":1,\"name\":\"In\u00edcio\",\"item\":\"https:\\\/\\\/www.grupomedcof.com.br\\\/blog\\\/\"},{\"@type\":\"ListItem\",\"position\":2,\"name\":\"Desmame de cortic\u00f3ide\"}]},{\"@type\":\"WebSite\",\"@id\":\"https:\\\/\\\/www.grupomedcof.com.br\\\/blog\\\/#website\",\"url\":\"https:\\\/\\\/www.grupomedcof.com.br\\\/blog\\\/\",\"name\":\"Blog de Medcof: conte\u00fados, editais, revalida e mais!\",\"description\":\"Acesso o blog de MedCof! Seu portal de conte\u00fados sobre resid\u00eancia m\u00e9dica, an\u00e1lise e editais e muito mais. Clique e confira!\",\"publisher\":{\"@id\":\"https:\\\/\\\/www.grupomedcof.com.br\\\/blog\\\/#organization\"},\"alternateName\":\"Blog de Medcof: conte\u00fados, editais, revalida e mais!\",\"potentialAction\":[{\"@type\":\"SearchAction\",\"target\":{\"@type\":\"EntryPoint\",\"urlTemplate\":\"https:\\\/\\\/www.grupomedcof.com.br\\\/blog\\\/?s={search_term_string}\"},\"query-input\":{\"@type\":\"PropertyValueSpecification\",\"valueRequired\":true,\"valueName\":\"search_term_string\"}}],\"inLanguage\":\"pt-BR\"},{\"@type\":\"Organization\",\"@id\":\"https:\\\/\\\/www.grupomedcof.com.br\\\/blog\\\/#organization\",\"name\":\"Grupo MedCof\",\"url\":\"https:\\\/\\\/www.grupomedcof.com.br\\\/blog\\\/\",\"logo\":{\"@type\":\"ImageObject\",\"inLanguage\":\"pt-BR\",\"@id\":\"https:\\\/\\\/www.grupomedcof.com.br\\\/blog\\\/#\\\/schema\\\/logo\\\/image\\\/\",\"url\":\"https:\\\/\\\/www.grupomedcof.com.br\\\/blog\\\/wp-content\\\/uploads\\\/2022\\\/01\\\/logo-medcof.png\",\"contentUrl\":\"https:\\\/\\\/www.grupomedcof.com.br\\\/blog\\\/wp-content\\\/uploads\\\/2022\\\/01\\\/logo-medcof.png\",\"width\":768,\"height\":269,\"caption\":\"Grupo MedCof\"},\"image\":{\"@id\":\"https:\\\/\\\/www.grupomedcof.com.br\\\/blog\\\/#\\\/schema\\\/logo\\\/image\\\/\"},\"sameAs\":[\"https:\\\/\\\/www.facebook.com\\\/MedCofQbank\\\/\",\"https:\\\/\\\/www.instagram.com\\\/grupomedcof\\\/\",\"https:\\\/\\\/br.linkedin.com\\\/company\\\/medcof\",\"https:\\\/\\\/www.youtube.com\\\/channel\\\/UCdHMuOHKICxcHwecxN8P-AA\"]},{\"@type\":\"Person\",\"@id\":\"https:\\\/\\\/www.grupomedcof.com.br\\\/blog\\\/#\\\/schema\\\/person\\\/4c7d7a4858c43110d649051e29b62140\",\"name\":\"Luisa\",\"image\":{\"@type\":\"ImageObject\",\"inLanguage\":\"pt-BR\",\"@id\":\"https:\\\/\\\/www.grupomedcof.com.br\\\/blog\\\/wp-content\\\/uploads\\\/2023\\\/04\\\/cropped-cropped-logo-96x96.pngbf641d3e6e1c71567638b2546d5f72c9\",\"url\":\"https:\\\/\\\/www.grupomedcof.com.br\\\/blog\\\/wp-content\\\/uploads\\\/2023\\\/04\\\/cropped-cropped-logo-96x96.png\",\"contentUrl\":\"https:\\\/\\\/www.grupomedcof.com.br\\\/blog\\\/wp-content\\\/uploads\\\/2023\\\/04\\\/cropped-cropped-logo-96x96.png\",\"caption\":\"Luisa\"},\"url\":\"https:\\\/\\\/www.grupomedcof.com.br\\\/blog\\\/author\\\/luisa\\\/\"}]}<\/script>\n<!-- \/ Yoast SEO Premium plugin. -->","yoast_head_json":{"title":"Desmame de cortic\u00f3ide - Blog de Medcof: conte\u00fados, editais, revalida e mais!","description":"Dificuldade ou d\u00favidas quanto ao desmame de corticoide? N\u00e3o mais! A publica\u00e7\u00e3o que trazemos hoje \u00e9 de fato muito relevante para a pr\u00e1tica...","robots":{"index":"index","follow":"follow","max-snippet":"max-snippet:-1","max-image-preview":"max-image-preview:large","max-video-preview":"max-video-preview:-1"},"canonical":"https:\/\/www.grupomedcof.com.br\/blog\/desmame-de-corticoide\/","og_locale":"pt_BR","og_type":"article","og_title":"Desmame de cortic\u00f3ide","og_description":"Dificuldade ou d\u00favidas quanto ao desmame de corticoide? N\u00e3o mais! A publica\u00e7\u00e3o que trazemos hoje \u00e9 de fato muito relevante para a pr\u00e1tica...","og_url":"https:\/\/www.grupomedcof.com.br\/blog\/desmame-de-corticoide\/","og_site_name":"Blog de Medcof: conte\u00fados, editais, revalida e mais!","article_publisher":"https:\/\/www.facebook.com\/MedCofQbank\/","article_published_time":"2024-07-25T12:54:52+00:00","article_modified_time":"2024-07-25T18:57:29+00:00","og_image":[{"width":1920,"height":1080,"url":"https:\/\/www.grupomedcof.com.br\/blog\/wp-content\/uploads\/2024\/07\/Blog-MedCof-33-1.png","type":"image\/png"}],"author":"Luisa","twitter_card":"summary_large_image","twitter_misc":{"Escrito por":"Luisa","Est. tempo de leitura":"7 minutos"},"schema":{"@context":"https:\/\/schema.org","@graph":[{"@type":"Article","@id":"https:\/\/www.grupomedcof.com.br\/blog\/desmame-de-corticoide\/#article","isPartOf":{"@id":"https:\/\/www.grupomedcof.com.br\/blog\/desmame-de-corticoide\/"},"author":{"name":"Luisa","@id":"https:\/\/www.grupomedcof.com.br\/blog\/#\/schema\/person\/4c7d7a4858c43110d649051e29b62140"},"headline":"Desmame de cortic\u00f3ide","datePublished":"2024-07-25T12:54:52+00:00","dateModified":"2024-07-25T18:57:29+00:00","mainEntityOfPage":{"@id":"https:\/\/www.grupomedcof.com.br\/blog\/desmame-de-corticoide\/"},"wordCount":1234,"commentCount":0,"publisher":{"@id":"https:\/\/www.grupomedcof.com.br\/blog\/#organization"},"image":{"@id":"https:\/\/www.grupomedcof.com.br\/blog\/desmame-de-corticoide\/#primaryimage"},"thumbnailUrl":"https:\/\/www.grupomedcof.com.br\/blog\/wp-content\/uploads\/2024\/07\/Blog-MedCof-33-1.png","keywords":["Endocrinologia","TEEM"],"articleSection":["Medcof Endocrino"],"inLanguage":"pt-BR"},{"@type":"WebPage","@id":"https:\/\/www.grupomedcof.com.br\/blog\/desmame-de-corticoide\/","url":"https:\/\/www.grupomedcof.com.br\/blog\/desmame-de-corticoide\/","name":"Desmame de cortic\u00f3ide - Blog de Medcof: conte\u00fados, editais, revalida e mais!","isPartOf":{"@id":"https:\/\/www.grupomedcof.com.br\/blog\/#website"},"primaryImageOfPage":{"@id":"https:\/\/www.grupomedcof.com.br\/blog\/desmame-de-corticoide\/#primaryimage"},"image":{"@id":"https:\/\/www.grupomedcof.com.br\/blog\/desmame-de-corticoide\/#primaryimage"},"thumbnailUrl":"https:\/\/www.grupomedcof.com.br\/blog\/wp-content\/uploads\/2024\/07\/Blog-MedCof-33-1.png","datePublished":"2024-07-25T12:54:52+00:00","dateModified":"2024-07-25T18:57:29+00:00","description":"Dificuldade ou d\u00favidas quanto ao desmame de corticoide? N\u00e3o mais! A publica\u00e7\u00e3o que trazemos hoje \u00e9 de fato muito relevante para a pr\u00e1tica...","breadcrumb":{"@id":"https:\/\/www.grupomedcof.com.br\/blog\/desmame-de-corticoide\/#breadcrumb"},"inLanguage":"pt-BR","potentialAction":[{"@type":"ReadAction","target":["https:\/\/www.grupomedcof.com.br\/blog\/desmame-de-corticoide\/"]}]},{"@type":"ImageObject","inLanguage":"pt-BR","@id":"https:\/\/www.grupomedcof.com.br\/blog\/desmame-de-corticoide\/#primaryimage","url":"https:\/\/www.grupomedcof.com.br\/blog\/wp-content\/uploads\/2024\/07\/Blog-MedCof-33-1.png","contentUrl":"https:\/\/www.grupomedcof.com.br\/blog\/wp-content\/uploads\/2024\/07\/Blog-MedCof-33-1.png","width":1920,"height":1080},{"@type":"BreadcrumbList","@id":"https:\/\/www.grupomedcof.com.br\/blog\/desmame-de-corticoide\/#breadcrumb","itemListElement":[{"@type":"ListItem","position":1,"name":"In\u00edcio","item":"https:\/\/www.grupomedcof.com.br\/blog\/"},{"@type":"ListItem","position":2,"name":"Desmame de cortic\u00f3ide"}]},{"@type":"WebSite","@id":"https:\/\/www.grupomedcof.com.br\/blog\/#website","url":"https:\/\/www.grupomedcof.com.br\/blog\/","name":"Blog de Medcof: conte\u00fados, editais, revalida e mais!","description":"Acesso o blog de MedCof! Seu portal de conte\u00fados sobre resid\u00eancia m\u00e9dica, an\u00e1lise e editais e muito mais. Clique e confira!","publisher":{"@id":"https:\/\/www.grupomedcof.com.br\/blog\/#organization"},"alternateName":"Blog de Medcof: conte\u00fados, editais, revalida e mais!","potentialAction":[{"@type":"SearchAction","target":{"@type":"EntryPoint","urlTemplate":"https:\/\/www.grupomedcof.com.br\/blog\/?s={search_term_string}"},"query-input":{"@type":"PropertyValueSpecification","valueRequired":true,"valueName":"search_term_string"}}],"inLanguage":"pt-BR"},{"@type":"Organization","@id":"https:\/\/www.grupomedcof.com.br\/blog\/#organization","name":"Grupo MedCof","url":"https:\/\/www.grupomedcof.com.br\/blog\/","logo":{"@type":"ImageObject","inLanguage":"pt-BR","@id":"https:\/\/www.grupomedcof.com.br\/blog\/#\/schema\/logo\/image\/","url":"https:\/\/www.grupomedcof.com.br\/blog\/wp-content\/uploads\/2022\/01\/logo-medcof.png","contentUrl":"https:\/\/www.grupomedcof.com.br\/blog\/wp-content\/uploads\/2022\/01\/logo-medcof.png","width":768,"height":269,"caption":"Grupo MedCof"},"image":{"@id":"https:\/\/www.grupomedcof.com.br\/blog\/#\/schema\/logo\/image\/"},"sameAs":["https:\/\/www.facebook.com\/MedCofQbank\/","https:\/\/www.instagram.com\/grupomedcof\/","https:\/\/br.linkedin.com\/company\/medcof","https:\/\/www.youtube.com\/channel\/UCdHMuOHKICxcHwecxN8P-AA"]},{"@type":"Person","@id":"https:\/\/www.grupomedcof.com.br\/blog\/#\/schema\/person\/4c7d7a4858c43110d649051e29b62140","name":"Luisa","image":{"@type":"ImageObject","inLanguage":"pt-BR","@id":"https:\/\/www.grupomedcof.com.br\/blog\/wp-content\/uploads\/2023\/04\/cropped-cropped-logo-96x96.pngbf641d3e6e1c71567638b2546d5f72c9","url":"https:\/\/www.grupomedcof.com.br\/blog\/wp-content\/uploads\/2023\/04\/cropped-cropped-logo-96x96.png","contentUrl":"https:\/\/www.grupomedcof.com.br\/blog\/wp-content\/uploads\/2023\/04\/cropped-cropped-logo-96x96.png","caption":"Luisa"},"url":"https:\/\/www.grupomedcof.com.br\/blog\/author\/luisa\/"}]}},"authors":[{"term_id":3614,"user_id":16,"is_guest":0,"slug":"luisa","display_name":"Luisa","avatar_url":"https:\/\/www.grupomedcof.com.br\/blog\/wp-content\/uploads\/2023\/04\/cropped-cropped-logo-96x96.png","0":null,"1":"","2":"","3":"","4":"","5":"","6":"","7":"","8":""}],"_links":{"self":[{"href":"https:\/\/www.grupomedcof.com.br\/blog\/wp-json\/wp\/v2\/posts\/28055","targetHints":{"allow":["GET"]}}],"collection":[{"href":"https:\/\/www.grupomedcof.com.br\/blog\/wp-json\/wp\/v2\/posts"}],"about":[{"href":"https:\/\/www.grupomedcof.com.br\/blog\/wp-json\/wp\/v2\/types\/post"}],"author":[{"embeddable":true,"href":"https:\/\/www.grupomedcof.com.br\/blog\/wp-json\/wp\/v2\/users\/16"}],"replies":[{"embeddable":true,"href":"https:\/\/www.grupomedcof.com.br\/blog\/wp-json\/wp\/v2\/comments?post=28055"}],"version-history":[{"count":0,"href":"https:\/\/www.grupomedcof.com.br\/blog\/wp-json\/wp\/v2\/posts\/28055\/revisions"}],"wp:featuredmedia":[{"embeddable":true,"href":"https:\/\/www.grupomedcof.com.br\/blog\/wp-json\/wp\/v2\/media\/28059"}],"wp:attachment":[{"href":"https:\/\/www.grupomedcof.com.br\/blog\/wp-json\/wp\/v2\/media?parent=28055"}],"wp:term":[{"taxonomy":"category","embeddable":true,"href":"https:\/\/www.grupomedcof.com.br\/blog\/wp-json\/wp\/v2\/categories?post=28055"},{"taxonomy":"post_tag","embeddable":true,"href":"https:\/\/www.grupomedcof.com.br\/blog\/wp-json\/wp\/v2\/tags?post=28055"},{"taxonomy":"author","embeddable":true,"href":"https:\/\/www.grupomedcof.com.br\/blog\/wp-json\/wp\/v2\/ppma_author?post=28055"}],"curies":[{"name":"wp","href":"https:\/\/api.w.org\/{rel}","templated":true}]}}