{"id":28078,"date":"2024-11-06T12:47:12","date_gmt":"2024-11-06T15:47:12","guid":{"rendered":"https:\/\/www.grupomedcof.com.br\/blog\/?p=28078"},"modified":"2024-11-06T12:47:39","modified_gmt":"2024-11-06T15:47:39","slug":"uel-2025-edital-e-divulgado","status":"publish","type":"post","link":"https:\/\/www.grupomedcof.com.br\/blog\/uel-2025-edital-e-divulgado\/","title":{"rendered":"Ap\u00f3s anula\u00e7\u00e3o do anterior, UEL publica um novo edital para resid\u00eancia m\u00e9dica 2024\/2025"},"content":{"rendered":"<div id=\"ez-toc-container\" class=\"ez-toc-v2_0_74 counter-hierarchy ez-toc-counter ez-toc-transparent ez-toc-container-direction\">\n<div class=\"ez-toc-title-container\">\n<p class=\"ez-toc-title\" style=\"cursor:inherit\">Sum\u00e1rio<\/p>\n<span class=\"ez-toc-title-toggle\"><a href=\"#\" class=\"ez-toc-pull-right ez-toc-btn ez-toc-btn-xs ez-toc-btn-default ez-toc-toggle\" aria-label=\"Alternar tabela de conte\u00fado\"><span class=\"ez-toc-js-icon-con\"><span class=\"\"><span class=\"eztoc-hide\" style=\"display:none;\">Toggle<\/span><span class=\"ez-toc-icon-toggle-span\"><svg style=\"fill: #999;color:#999\" xmlns=\"http:\/\/www.w3.org\/2000\/svg\" class=\"list-377408\" width=\"20px\" height=\"20px\" viewBox=\"0 0 24 24\" fill=\"none\"><path d=\"M6 6H4v2h2V6zm14 0H8v2h12V6zM4 11h2v2H4v-2zm16 0H8v2h12v-2zM4 16h2v2H4v-2zm16 0H8v2h12v-2z\" fill=\"currentColor\"><\/path><\/svg><svg style=\"fill: #999;color:#999\" class=\"arrow-unsorted-368013\" xmlns=\"http:\/\/www.w3.org\/2000\/svg\" width=\"10px\" height=\"10px\" viewBox=\"0 0 24 24\" version=\"1.2\" baseProfile=\"tiny\"><path d=\"M18.2 9.3l-6.2-6.3-6.2 6.3c-.2.2-.3.4-.3.7s.1.5.3.7c.2.2.4.3.7.3h11c.3 0 .5-.1.7-.3.2-.2.3-.5.3-.7s-.1-.5-.3-.7zM5.8 14.7l6.2 6.3 6.2-6.3c.2-.2.3-.5.3-.7s-.1-.5-.3-.7c-.2-.2-.4-.3-.7-.3h-11c-.3 0-.5.1-.7.3-.2.2-.3.5-.3.7s.1.5.3.7z\"\/><\/svg><\/span><\/span><\/span><\/a><\/span><\/div>\n<nav><ul class='ez-toc-list ez-toc-list-level-1 ' ><li class='ez-toc-page-1 ez-toc-heading-level-2'><a class=\"ez-toc-link ez-toc-heading-1\" href=\"https:\/\/www.grupomedcof.com.br\/blog\/uel-2025-edital-e-divulgado\/#Resumo_Edital_UEL_2025\" >Resumo Edital UEL 2025<\/a><\/li><li class='ez-toc-page-1 ez-toc-heading-level-2'><a class=\"ez-toc-link ez-toc-heading-2\" href=\"https:\/\/www.grupomedcof.com.br\/blog\/uel-2025-edital-e-divulgado\/#Processo_Seletivo_UEL_2025\" >Processo Seletivo UEL 2025<\/a><\/li><li class='ez-toc-page-1 ez-toc-heading-level-2'><a class=\"ez-toc-link ez-toc-heading-3\" href=\"https:\/\/www.grupomedcof.com.br\/blog\/uel-2025-edital-e-divulgado\/#Cronograma_Edital_UEL_2025\" >Cronograma Edital UEL 2025<\/a><\/li><li class='ez-toc-page-1 ez-toc-heading-level-2'><a class=\"ez-toc-link ez-toc-heading-4\" href=\"https:\/\/www.grupomedcof.com.br\/blog\/uel-2025-edital-e-divulgado\/#Vagas_ofertadas\" >Vagas ofertadas<\/a><\/li><li class='ez-toc-page-1 ez-toc-heading-level-2'><a class=\"ez-toc-link ez-toc-heading-5\" href=\"https:\/\/www.grupomedcof.com.br\/blog\/uel-2025-edital-e-divulgado\/#Edital_UEL_2025\" >Edital UEL 2025<\/a><\/li><li class='ez-toc-page-1 ez-toc-heading-level-2'><a class=\"ez-toc-link ez-toc-heading-6\" href=\"https:\/\/www.grupomedcof.com.br\/blog\/uel-2025-edital-e-divulgado\/#Prepare-se_para_a_UEL_2025\" >Prepare-se para a UEL 2025!<\/a><\/li><\/ul><\/nav><\/div>\n\n<figure class=\"wp-block-image size-large\"><img loading=\"lazy\" decoding=\"async\" width=\"1024\" height=\"576\" src=\"https:\/\/www.grupomedcof.com.br\/blog\/wp-content\/uploads\/2024\/07\/Modelo-instituicoes-37-1024x576.png\" alt=\"\" class=\"wp-image-28080\" srcset=\"https:\/\/www.grupomedcof.com.br\/blog\/wp-content\/uploads\/2024\/07\/Modelo-instituicoes-37-1024x576.png 1024w, https:\/\/www.grupomedcof.com.br\/blog\/wp-content\/uploads\/2024\/07\/Modelo-instituicoes-37-300x169.png 300w, https:\/\/www.grupomedcof.com.br\/blog\/wp-content\/uploads\/2024\/07\/Modelo-instituicoes-37-768x432.png 768w, https:\/\/www.grupomedcof.com.br\/blog\/wp-content\/uploads\/2024\/07\/Modelo-instituicoes-37-1536x864.png 1536w, https:\/\/www.grupomedcof.com.br\/blog\/wp-content\/uploads\/2024\/07\/Modelo-instituicoes-37-2048x1152.png 2048w, https:\/\/www.grupomedcof.com.br\/blog\/wp-content\/uploads\/2024\/07\/Modelo-instituicoes-37-747x420.png 747w, https:\/\/www.grupomedcof.com.br\/blog\/wp-content\/uploads\/2024\/07\/Modelo-instituicoes-37-150x84.png 150w, https:\/\/www.grupomedcof.com.br\/blog\/wp-content\/uploads\/2024\/07\/Modelo-instituicoes-37-696x392.png 696w, https:\/\/www.grupomedcof.com.br\/blog\/wp-content\/uploads\/2024\/07\/Modelo-instituicoes-37-1068x601.png 1068w, https:\/\/www.grupomedcof.com.br\/blog\/wp-content\/uploads\/2024\/07\/Modelo-instituicoes-37-1920x1080.png 1920w\" sizes=\"auto, (max-width: 1024px) 100vw, 1024px\" \/><\/figure>\n\n\n\n<p>Ap\u00f3s destinar\u00a0<strong>100% das vagas de resid\u00eancia m\u00e9dica para cotas<\/strong>, a <strong>Universidade Federal de Londrina (UEL)<\/strong> decidiu, por meio de uma reuni\u00e3o,\u00a0<strong>anular o edital anterior<\/strong>. Assim, um novo foi publicado no dia 05 de novembro de 2024. As inscri\u00e7\u00f5es ser\u00e3o entre \u00e0s\u00a0<strong>17h do dia 19 at\u00e9 \u00e0s 23:59 de 25 de novembro de 2024<\/strong>. Confira os detalhes!<\/p>\n\n\n\n<h2 class=\"wp-block-heading\" id=\"h-resumo-edital-uel-2025\"><span class=\"ez-toc-section\" id=\"Resumo_Edital_UEL_2025\"><\/span><strong>Resumo Edital UEL 2025<\/strong><span class=\"ez-toc-section-end\"><\/span><\/h2>\n\n\n\n<p>Veja as principais informa\u00e7\u00f5es do edital da UEL:<\/p>\n\n\n\n<ul class=\"wp-block-list\">\n<li>Vagas: <strong>104 vagas<\/strong>, sendo apenas\u00a0<strong>20% reservadas para cotas<\/strong>, apenas em programas com mais de 6 vagas.\u00a0<\/li>\n\n\n\n<li>Taxa de inscri\u00e7\u00e3o: <strong>R$692,00;<\/strong><\/li>\n\n\n\n<li>Local de prova:<strong> Londrina\/PR.<\/strong><\/li>\n<\/ul>\n\n\n\n<h2 class=\"wp-block-heading\" id=\"h-processo-seletivo-uel-2025\"><span class=\"ez-toc-section\" id=\"Processo_Seletivo_UEL_2025\"><\/span><strong>Processo Seletivo UEL 2025<\/strong><span class=\"ez-toc-section-end\"><\/span><\/h2>\n\n\n\n<p>A prova objetiva que aconteceria no dia 10 de novembro de 2024, agora acontecer\u00e1 no dia <strong>12 de janeiro de 2025.<\/strong> A prova consistir\u00e1 em <strong>100 quest\u00f5es<\/strong> de m\u00faltipla escolha para <strong>Acesso Direto<\/strong>, <strong>270 quest\u00f5es<\/strong> para <strong>Pr\u00e9-Requsito<\/strong> e <strong>120 quest\u00f5es<\/strong> para <strong>\u00c1rea de Atua\u00e7\u00e3o.<\/strong> <\/p>\n\n\n\n<p>Al\u00e9m disso, os candidatos dever\u00e3o enviar os curr\u00edculos no momento da inscri\u00e7\u00e3o.<\/p>\n\n\n\n<figure class=\"wp-block-image size-large\"><a href=\"https:\/\/www.grupomedcof.com.br\/cofletters\/\"><img loading=\"lazy\" decoding=\"async\" width=\"1024\" height=\"366\" src=\"https:\/\/www.grupomedcof.com.br\/blog\/wp-content\/uploads\/2024\/10\/Capa-Eventos-MedCof-Plus-1-1024x366.png\" alt=\"\" class=\"wp-image-30896\" srcset=\"https:\/\/www.grupomedcof.com.br\/blog\/wp-content\/uploads\/2024\/10\/Capa-Eventos-MedCof-Plus-1-1024x366.png 1024w, https:\/\/www.grupomedcof.com.br\/blog\/wp-content\/uploads\/2024\/10\/Capa-Eventos-MedCof-Plus-1-300x107.png 300w, https:\/\/www.grupomedcof.com.br\/blog\/wp-content\/uploads\/2024\/10\/Capa-Eventos-MedCof-Plus-1-768x275.png 768w, https:\/\/www.grupomedcof.com.br\/blog\/wp-content\/uploads\/2024\/10\/Capa-Eventos-MedCof-Plus-1-1536x549.png 1536w, https:\/\/www.grupomedcof.com.br\/blog\/wp-content\/uploads\/2024\/10\/Capa-Eventos-MedCof-Plus-1-2048x732.png 2048w, https:\/\/www.grupomedcof.com.br\/blog\/wp-content\/uploads\/2024\/10\/Capa-Eventos-MedCof-Plus-1-1175x420.png 1175w, https:\/\/www.grupomedcof.com.br\/blog\/wp-content\/uploads\/2024\/10\/Capa-Eventos-MedCof-Plus-1-150x54.png 150w, https:\/\/www.grupomedcof.com.br\/blog\/wp-content\/uploads\/2024\/10\/Capa-Eventos-MedCof-Plus-1-696x249.png 696w, https:\/\/www.grupomedcof.com.br\/blog\/wp-content\/uploads\/2024\/10\/Capa-Eventos-MedCof-Plus-1-1068x382.png 1068w, https:\/\/www.grupomedcof.com.br\/blog\/wp-content\/uploads\/2024\/10\/Capa-Eventos-MedCof-Plus-1-1920x686.png 1920w\" sizes=\"auto, (max-width: 1024px) 100vw, 1024px\" \/><\/a><\/figure>\n\n\n\n<h2 class=\"wp-block-heading\" id=\"h-cronograma-edital-uel-2025\"><span class=\"ez-toc-section\" id=\"Cronograma_Edital_UEL_2025\"><\/span><strong>Cronograma Edital UEL 2025<\/strong><span class=\"ez-toc-section-end\"><\/span><\/h2>\n\n\n\n<figure class=\"wp-block-table\"><table class=\"has-fixed-layout\"><tbody><tr><td><strong>Solicita\u00e7\u00e3o de Isen\u00e7\u00e3o<\/strong><\/td><td>11 e 12\/11\/2024<\/td><\/tr><tr><td><strong>Per\u00edodo de Inscri\u00e7\u00f5es<\/strong><\/td><td>19\/11 a 25\/11\/2024<\/td><\/tr><tr><td><strong>1\u00aa Etapa: Prova Objetiva + Entrega do Curr\u00edculo <\/strong><\/td><td>12\/01\/2025 \u2013 14h<\/td><\/tr><tr><td><strong>Gabarito Preliminar<\/strong><\/td><td>12\/01\/2025 \u2013 20h<\/td><\/tr><tr><td><strong>Recursos contra a Prova Objetiva<\/strong><\/td><td>13 e 14\/01\/2025<\/td><\/tr><tr><td><strong>Entrevista presencial para candidatos negros (pretos e pardos)<\/strong><\/td><td>13\/01\/2025<\/td><\/tr><tr><td><strong>Resultado da An\u00e1lise dos pedidos de a\u00e7\u00f5es afirmativas<\/strong><\/td><td>15\/01\/2025<\/td><\/tr><tr><td><strong>Recursos contra An\u00e1lise<\/strong><\/td><td>16\/01\/2025<\/td><\/tr><tr><td><strong>Resultado da An\u00e1lise<\/strong><\/td><td>21\/01\/2025<\/td><\/tr><tr><td><strong>Gabarito Definitivo<\/strong><\/td><td>29\/01\/2025 \u2013 17h<\/td><\/tr><tr><td><strong>Resultado da 1\u00aa Etapa&nbsp;<\/strong><\/td><td>30\/01\/2025 \u2013 17h<\/td><\/tr><tr><td><strong>Resultado Final Preliminar&nbsp;<\/strong><\/td><td>31\/01\/2025 \u2013 at\u00e9 20h<\/td><\/tr><tr><td><strong>Recursos<\/strong><\/td><td>01 a 02\/02\/2025<\/td><\/tr><tr><td><strong>Resultado Final<\/strong><\/td><td>03\/02\/2025 \u2013 20h<\/td><\/tr><tr><td><strong>Matr\u00edculas 1\u00aa Chamada<\/strong><\/td><td>7 a 10\/02\/2025 at\u00e9 23h59<\/td><\/tr><tr><td><strong>In\u00edcio dos Programas<\/strong><\/td><td>01\/03\/2025<\/td><\/tr><\/tbody><\/table><\/figure>\n\n\n\n<h2 class=\"wp-block-heading\" id=\"h-vagas-ofertadas\"><span class=\"ez-toc-section\" id=\"Vagas_ofertadas\"><\/span><strong>Vagas ofertadas<\/strong><span class=\"ez-toc-section-end\"><\/span><\/h2>\n\n\n\n<figure class=\"wp-block-table\"><table class=\"has-fixed-layout\"><thead><tr><th>Especialidades Acesso Direto<\/th><th>Vagas<\/th><th>Ampla Concorr\u00eancia<\/th><th>PPI<\/th><th>PCD<\/th><\/tr><\/thead><tbody><tr><td>Anestesiologia<\/td><td>5<\/td><td>3<\/td><td>1<\/td><td>1<\/td><\/tr><tr><td>Cirurgia Geral<\/td><td>5<\/td><td>3<\/td><td>1<\/td><td>1<\/td><\/tr><tr><td>Cl\u00ednica M\u00e9dica<\/td><td>16<\/td><td>13<\/td><td>2<\/td><td>1<\/td><\/tr><tr><td>Dermatologia<\/td><td>3<\/td><td>3<\/td><td>0<\/td><td>0<\/td><\/tr><tr><td>Infectologia<\/td><td>2<\/td><td>0<\/td><td>0<\/td><td>0<\/td><\/tr><tr><td>Ginecologia e Obstetr\u00edcia<\/td><td>10<\/td><td>8<\/td><td>1<\/td><td>1<\/td><\/tr><tr><td>Medicina de Fam\u00edlia e Comunidade<\/td><td>6<\/td><td>4<\/td><td>1<\/td><td>1<\/td><\/tr><tr><td>Medicina Intensiva<\/td><td>5<\/td><td>3<\/td><td>1<\/td><td>1<\/td><\/tr><tr><td>Neurocirurgia<\/td><td>1<\/td><td>1<\/td><td>0<\/td><td>0<\/td><\/tr><tr><td>Neurologia<\/td><td>2<\/td><td>2<\/td><td>0<\/td><td>0<\/td><\/tr><tr><td>Oftalmologia<\/td><td>2<\/td><td>2<\/td><td>0<\/td><td>0<\/td><\/tr><tr><td>Ortopedia e Traumatologia<\/td><td>4<\/td><td>4<\/td><td>0<\/td><td>0<\/td><\/tr><tr><td>Otorrinolaringologia<\/td><td>2<\/td><td>2<\/td><td>0<\/td><td>0<\/td><\/tr><tr><td>Patologia<\/td><td>1<\/td><td>1<\/td><td>0<\/td><td>0<\/td><\/tr><tr><td>Pediatria<\/td><td>12<\/td><td>10<\/td><td>1<\/td><td>1<\/td><\/tr><tr><td>Psiquiatria<\/td><td>3<\/td><td>3<\/td><td>0<\/td><td>0<\/td><\/tr><\/tbody><\/table><\/figure>\n\n\n\n<figure class=\"wp-block-table\"><table class=\"has-fixed-layout\"><thead><tr><th>Especialidades Pr\u00e9-Requisito<\/th><th>Vagas <\/th><th>Ampla Concorr\u00eancia<\/th><\/tr><\/thead><tbody><tr><td>Cardiologia<\/td><td>3<\/td><td>3<\/td><\/tr><tr><td>Cirurgia do Aparelho Digestivo<\/td><td>1<\/td><td>1<\/td><\/tr><tr><td>Cirurgia Pedi\u00e1trica<\/td><td>1<\/td><td>1<\/td><\/tr><tr><td>Cirurgia Vascular<\/td><td>1<\/td><td>1<\/td><\/tr><tr><td>Endocrinologia e Metabologia<\/td><td>2<\/td><td>2<\/td><\/tr><tr><td>Gastroenterologia<\/td><td>1<\/td><td>1<\/td><\/tr><tr><td>Pneumologia<\/td><td>2<\/td><td>2<\/td><\/tr><tr><td>Reumatologia<\/td><td>2<\/td><td>2<\/td><\/tr><tr><td>Urologia<\/td><td>1<\/td><td>1<\/td><\/tr><\/tbody><\/table><\/figure>\n\n\n\n<figure class=\"wp-block-table\"><table class=\"has-fixed-layout\"><thead><tr><th>Especialidades \u00c1rea de Atua\u00e7\u00e3o<\/th><th>Vagas<\/th><th>Ampla Concorr\u00eancia<\/th><\/tr><\/thead><tbody><tr><td>Angiorradiologia e Cirurgia Endovascular<\/td><td>1<\/td><td>1<\/td><\/tr><tr><td>Ecografia Vascular com Doppler<\/td><td>1<\/td><td>1<\/td><\/tr><tr><td>Infectologia Pedi\u00e1trica<\/td><td>3<\/td><td>3<\/td><\/tr><tr><td>Medicina Intensiva Pedi\u00e1trica<\/td><td>2<\/td><td>2<\/td><\/tr><tr><td>Neonatologia<\/td><td>3<\/td><td>3<\/td><\/tr><tr><td>Transplante de C\u00f3rnea<\/td><td>1<\/td><td>1<\/td><\/tr><\/tbody><\/table><\/figure>\n\n\n\n<h2 class=\"wp-block-heading\" id=\"h-edital-uel-2025\"><span class=\"ez-toc-section\" id=\"Edital_UEL_2025\"><\/span><strong>Edital UEL 2025<\/strong><span class=\"ez-toc-section-end\"><\/span><\/h2>\n\n\n\n<div data-wp-interactive=\"core\/file\" class=\"wp-block-file\"><object data-wp-bind--hidden=\"!state.hasPdfPreview\" hidden class=\"wp-block-file__embed\" data=\"https:\/\/www.grupomedcof.com.br\/blog\/wp-content\/uploads\/2024\/09\/Novo-edital-UEL-2025.pdf\" type=\"application\/pdf\" style=\"width:100%;height:600px\" aria-label=\"Incorporado de Novo edital UEL 2025.\"><\/object><a id=\"wp-block-file--media-92703ca0-bd9c-4f15-9641-cb7b515ee98c\" href=\"https:\/\/www.grupomedcof.com.br\/blog\/wp-content\/uploads\/2024\/09\/Novo-edital-UEL-2025.pdf\">Novo edital UEL 2025<\/a><a href=\"https:\/\/www.grupomedcof.com.br\/blog\/wp-content\/uploads\/2024\/09\/Novo-edital-UEL-2025.pdf\" class=\"wp-block-file__button wp-element-button\" download aria-describedby=\"wp-block-file--media-92703ca0-bd9c-4f15-9641-cb7b515ee98c\">Baixar<\/a><\/div>\n\n\n\n<p>Confira tudo sobre o processo seletivo de <a href=\"https:\/\/www.grupomedcof.com.br\/blog\/residencia-medica-uel-2024\/\">resid\u00eancia m\u00e9dica da edi\u00e7\u00e3o anterior da UEL!<\/a><\/p>\n\n\n\n<p>Veja tamb\u00e9m nossos posts de <a href=\"https:\/\/www.grupomedcof.com.br\/blog\/uel-2024-temas-quentes\/\" target=\"_blank\" rel=\"noreferrer noopener\">temas quentes<\/a> e <a href=\"https:\/\/www.grupomedcof.com.br\/blog\/uel-2024-provas-similares\/\" target=\"_blank\" rel=\"noreferrer noopener\">provas similares!<\/a><\/p>\n\n\n\n<h2 class=\"wp-block-heading\" id=\"h-prepare-se-para-a-uel-2025\"><span class=\"ez-toc-section\" id=\"Prepare-se_para_a_UEL_2025\"><\/span><strong>Prepare-se para a UEL 2025!<\/strong><span class=\"ez-toc-section-end\"><\/span><\/h2>\n\n\n\n<p>Quer alcan\u00e7ar a aprova\u00e7\u00e3o na prova de resid\u00eancia m\u00e9dica da UEL? Ent\u00e3o seja um&nbsp;<a href=\"https:\/\/www.grupomedcof.com.br\/home\/\" target=\"_blank\" rel=\"noreferrer noopener\">MedCoffer<\/a>! Aqui te ajudaremos na busca da aprova\u00e7\u00e3o com conte\u00fados de qualidade e uma metodologia que j\u00e1 aprovou mais de 10 mil residentes no pa\u00eds! Por fim, acesse o nosso<a href=\"https:\/\/www.youtube.com\/@GrupoMedcof\/featured\" target=\"_blank\" rel=\"noreferrer noopener\">&nbsp;<strong>canal do youtube&nbsp;<\/strong><\/a>para ver o nosso material de revis\u00e3o e corre\u00e7\u00e3o.<\/p>\n\n\n\n<figure class=\"wp-block-embed is-type-video is-provider-youtube wp-block-embed-youtube wp-embed-aspect-16-9 wp-has-aspect-ratio\"><div class=\"wp-block-embed__wrapper\">\n<div class=\"youtube-embed\" data-video_id=\"TNAjYBWbSe0\"><iframe loading=\"lazy\" title=\"Entendendo os Bloqueios de Ramo: Causas e Tratamentos. Com Dr. Guilherme Pizzeta\" width=\"696\" height=\"392\" src=\"https:\/\/www.youtube.com\/embed\/TNAjYBWbSe0?feature=oembed&#038;enablejsapi=1\" frameborder=\"0\" allow=\"accelerometer; autoplay; clipboard-write; encrypted-media; gyroscope; picture-in-picture; web-share\" referrerpolicy=\"strict-origin-when-cross-origin\" allowfullscreen><\/iframe><\/div>\n<\/div><\/figure>\n","protected":false},"excerpt":{"rendered":"<p>Aqui voc\u00ea encontra o edital da UEL 2025 para resid\u00eancia m\u00e9dica e todas as atualiza\u00e7\u00f5es do processo seletivo. Confira o cronograma completo no Blog MedCof!<\/p>\n","protected":false},"author":20,"featured_media":28080,"comment_status":"open","ping_status":"open","sticky":false,"template":"","format":"standard","meta":{"footnotes":""},"categories":[287,2023],"tags":[1568,1666,117,68,237,1504],"ppma_author":[3616],"class_list":{"0":"post-28078","1":"post","2":"type-post","3":"status-publish","4":"format-standard","5":"has-post-thumbnail","7":"category-destaques-medcof","8":"category-editais","9":"tag-edital","10":"tag-edital-uel","11":"tag-provas-de-residencia","12":"tag-residencia-medica","13":"tag-uel","14":"tag-uel-2025"},"yoast_head":"<!-- This site is optimized with the Yoast SEO Premium plugin v24.3 (Yoast SEO v27.5) - https:\/\/yoast.com\/product\/yoast-seo-premium-wordpress\/ -->\n<title>Edital UEL 2025 Resid\u00eancia M\u00e9dica: Confira!<\/title>\n<meta name=\"description\" content=\"Aqui voc\u00ea encontra o edital da UEL 2025 para resid\u00eancia m\u00e9dica e todas as atualiza\u00e7\u00f5es do processo seletivo. Confira o cronograma completo no Blog MedCof!\" \/>\n<meta name=\"robots\" content=\"index, follow, max-snippet:-1, max-image-preview:large, max-video-preview:-1\" \/>\n<link rel=\"canonical\" href=\"https:\/\/www.grupomedcof.com.br\/blog\/uel-2025-edital-e-divulgado\/\" \/>\n<meta property=\"og:locale\" content=\"pt_BR\" \/>\n<meta property=\"og:type\" content=\"article\" \/>\n<meta property=\"og:title\" content=\"Ap\u00f3s anula\u00e7\u00e3o do anterior, UEL publica um novo edital para resid\u00eancia m\u00e9dica 2024\/2025\" \/>\n<meta property=\"og:description\" content=\"Aqui voc\u00ea encontra o edital da UEL 2025 para resid\u00eancia m\u00e9dica e todas as atualiza\u00e7\u00f5es do processo seletivo. Confira o cronograma completo no Blog MedCof!\" \/>\n<meta property=\"og:url\" content=\"https:\/\/www.grupomedcof.com.br\/blog\/uel-2025-edital-e-divulgado\/\" \/>\n<meta property=\"og:site_name\" content=\"Blog de Medcof: conte\u00fados, editais, revalida e mais!\" \/>\n<meta property=\"article:publisher\" content=\"https:\/\/www.facebook.com\/MedCofQbank\/\" \/>\n<meta property=\"article:published_time\" content=\"2024-11-06T15:47:12+00:00\" \/>\n<meta property=\"article:modified_time\" content=\"2024-11-06T15:47:39+00:00\" \/>\n<meta property=\"og:image\" content=\"https:\/\/www.grupomedcof.com.br\/blog\/wp-content\/uploads\/2024\/07\/Modelo-instituicoes-37.png\" \/>\n\t<meta property=\"og:image:width\" content=\"2560\" \/>\n\t<meta property=\"og:image:height\" content=\"1440\" \/>\n\t<meta property=\"og:image:type\" content=\"image\/png\" \/>\n<meta name=\"author\" content=\"Leila Menzel\" \/>\n<meta name=\"twitter:card\" content=\"summary_large_image\" \/>\n<meta name=\"twitter:label1\" content=\"Escrito por\" \/>\n\t<meta name=\"twitter:data1\" content=\"Leila Menzel\" \/>\n\t<meta name=\"twitter:label2\" content=\"Est. tempo de leitura\" \/>\n\t<meta name=\"twitter:data2\" content=\"4 minutos\" \/>\n<script type=\"application\/ld+json\" class=\"yoast-schema-graph\">{\"@context\":\"https:\\\/\\\/schema.org\",\"@graph\":[{\"@type\":\"Article\",\"@id\":\"https:\\\/\\\/www.grupomedcof.com.br\\\/blog\\\/uel-2025-edital-e-divulgado\\\/#article\",\"isPartOf\":{\"@id\":\"https:\\\/\\\/www.grupomedcof.com.br\\\/blog\\\/uel-2025-edital-e-divulgado\\\/\"},\"author\":{\"name\":\"Leila Menzel\",\"@id\":\"https:\\\/\\\/www.grupomedcof.com.br\\\/blog\\\/#\\\/schema\\\/person\\\/9a44c2184a836bf5ae6967fdb3a1451e\"},\"headline\":\"Ap\u00f3s anula\u00e7\u00e3o do anterior, UEL publica um novo edital para resid\u00eancia m\u00e9dica 2024\\\/2025\",\"datePublished\":\"2024-11-06T15:47:12+00:00\",\"dateModified\":\"2024-11-06T15:47:39+00:00\",\"mainEntityOfPage\":{\"@id\":\"https:\\\/\\\/www.grupomedcof.com.br\\\/blog\\\/uel-2025-edital-e-divulgado\\\/\"},\"wordCount\":467,\"commentCount\":0,\"publisher\":{\"@id\":\"https:\\\/\\\/www.grupomedcof.com.br\\\/blog\\\/#organization\"},\"image\":{\"@id\":\"https:\\\/\\\/www.grupomedcof.com.br\\\/blog\\\/uel-2025-edital-e-divulgado\\\/#primaryimage\"},\"thumbnailUrl\":\"https:\\\/\\\/www.grupomedcof.com.br\\\/blog\\\/wp-content\\\/uploads\\\/2024\\\/07\\\/Modelo-instituicoes-37.png\",\"keywords\":[\"Edital\",\"Edital UEL\",\"Provas de Resid\u00eancia\",\"Resid\u00eancia M\u00e9dica\",\"UEL\",\"UEL 2025\"],\"articleSection\":[\"Destaques MedCof\",\"Editais\"],\"inLanguage\":\"pt-BR\"},{\"@type\":\"WebPage\",\"@id\":\"https:\\\/\\\/www.grupomedcof.com.br\\\/blog\\\/uel-2025-edital-e-divulgado\\\/\",\"url\":\"https:\\\/\\\/www.grupomedcof.com.br\\\/blog\\\/uel-2025-edital-e-divulgado\\\/\",\"name\":\"Edital UEL 2025 Resid\u00eancia M\u00e9dica: Confira!\",\"isPartOf\":{\"@id\":\"https:\\\/\\\/www.grupomedcof.com.br\\\/blog\\\/#website\"},\"primaryImageOfPage\":{\"@id\":\"https:\\\/\\\/www.grupomedcof.com.br\\\/blog\\\/uel-2025-edital-e-divulgado\\\/#primaryimage\"},\"image\":{\"@id\":\"https:\\\/\\\/www.grupomedcof.com.br\\\/blog\\\/uel-2025-edital-e-divulgado\\\/#primaryimage\"},\"thumbnailUrl\":\"https:\\\/\\\/www.grupomedcof.com.br\\\/blog\\\/wp-content\\\/uploads\\\/2024\\\/07\\\/Modelo-instituicoes-37.png\",\"datePublished\":\"2024-11-06T15:47:12+00:00\",\"dateModified\":\"2024-11-06T15:47:39+00:00\",\"description\":\"Aqui voc\u00ea encontra o edital da UEL 2025 para resid\u00eancia m\u00e9dica e todas as atualiza\u00e7\u00f5es do processo seletivo. Confira o cronograma completo no Blog MedCof!\",\"breadcrumb\":{\"@id\":\"https:\\\/\\\/www.grupomedcof.com.br\\\/blog\\\/uel-2025-edital-e-divulgado\\\/#breadcrumb\"},\"inLanguage\":\"pt-BR\",\"potentialAction\":[{\"@type\":\"ReadAction\",\"target\":[\"https:\\\/\\\/www.grupomedcof.com.br\\\/blog\\\/uel-2025-edital-e-divulgado\\\/\"]}]},{\"@type\":\"ImageObject\",\"inLanguage\":\"pt-BR\",\"@id\":\"https:\\\/\\\/www.grupomedcof.com.br\\\/blog\\\/uel-2025-edital-e-divulgado\\\/#primaryimage\",\"url\":\"https:\\\/\\\/www.grupomedcof.com.br\\\/blog\\\/wp-content\\\/uploads\\\/2024\\\/07\\\/Modelo-instituicoes-37.png\",\"contentUrl\":\"https:\\\/\\\/www.grupomedcof.com.br\\\/blog\\\/wp-content\\\/uploads\\\/2024\\\/07\\\/Modelo-instituicoes-37.png\",\"width\":2560,\"height\":1440},{\"@type\":\"BreadcrumbList\",\"@id\":\"https:\\\/\\\/www.grupomedcof.com.br\\\/blog\\\/uel-2025-edital-e-divulgado\\\/#breadcrumb\",\"itemListElement\":[{\"@type\":\"ListItem\",\"position\":1,\"name\":\"In\u00edcio\",\"item\":\"https:\\\/\\\/www.grupomedcof.com.br\\\/blog\\\/\"},{\"@type\":\"ListItem\",\"position\":2,\"name\":\"Ap\u00f3s anula\u00e7\u00e3o do anterior, UEL publica um novo edital para resid\u00eancia m\u00e9dica 2024\\\/2025\"}]},{\"@type\":\"WebSite\",\"@id\":\"https:\\\/\\\/www.grupomedcof.com.br\\\/blog\\\/#website\",\"url\":\"https:\\\/\\\/www.grupomedcof.com.br\\\/blog\\\/\",\"name\":\"Blog de Medcof: conte\u00fados, editais, revalida e mais!\",\"description\":\"Acesso o blog de MedCof! Seu portal de conte\u00fados sobre resid\u00eancia m\u00e9dica, an\u00e1lise e editais e muito mais. Clique e confira!\",\"publisher\":{\"@id\":\"https:\\\/\\\/www.grupomedcof.com.br\\\/blog\\\/#organization\"},\"alternateName\":\"Blog de Medcof: conte\u00fados, editais, revalida e mais!\",\"potentialAction\":[{\"@type\":\"SearchAction\",\"target\":{\"@type\":\"EntryPoint\",\"urlTemplate\":\"https:\\\/\\\/www.grupomedcof.com.br\\\/blog\\\/?s={search_term_string}\"},\"query-input\":{\"@type\":\"PropertyValueSpecification\",\"valueRequired\":true,\"valueName\":\"search_term_string\"}}],\"inLanguage\":\"pt-BR\"},{\"@type\":\"Organization\",\"@id\":\"https:\\\/\\\/www.grupomedcof.com.br\\\/blog\\\/#organization\",\"name\":\"Grupo MedCof\",\"url\":\"https:\\\/\\\/www.grupomedcof.com.br\\\/blog\\\/\",\"logo\":{\"@type\":\"ImageObject\",\"inLanguage\":\"pt-BR\",\"@id\":\"https:\\\/\\\/www.grupomedcof.com.br\\\/blog\\\/#\\\/schema\\\/logo\\\/image\\\/\",\"url\":\"https:\\\/\\\/www.grupomedcof.com.br\\\/blog\\\/wp-content\\\/uploads\\\/2022\\\/01\\\/logo-medcof.png\",\"contentUrl\":\"https:\\\/\\\/www.grupomedcof.com.br\\\/blog\\\/wp-content\\\/uploads\\\/2022\\\/01\\\/logo-medcof.png\",\"width\":768,\"height\":269,\"caption\":\"Grupo MedCof\"},\"image\":{\"@id\":\"https:\\\/\\\/www.grupomedcof.com.br\\\/blog\\\/#\\\/schema\\\/logo\\\/image\\\/\"},\"sameAs\":[\"https:\\\/\\\/www.facebook.com\\\/MedCofQbank\\\/\",\"https:\\\/\\\/www.instagram.com\\\/grupomedcof\\\/\",\"https:\\\/\\\/br.linkedin.com\\\/company\\\/medcof\",\"https:\\\/\\\/www.youtube.com\\\/channel\\\/UCdHMuOHKICxcHwecxN8P-AA\"]},{\"@type\":\"Person\",\"@id\":\"https:\\\/\\\/www.grupomedcof.com.br\\\/blog\\\/#\\\/schema\\\/person\\\/9a44c2184a836bf5ae6967fdb3a1451e\",\"name\":\"Leila Menzel\",\"image\":{\"@type\":\"ImageObject\",\"inLanguage\":\"pt-BR\",\"@id\":\"https:\\\/\\\/www.grupomedcof.com.br\\\/blog\\\/wp-content\\\/uploads\\\/2025\\\/09\\\/cropped-eu-96x96.jpeg19a74936d997c0a8b3031618467fa1d0\",\"url\":\"https:\\\/\\\/www.grupomedcof.com.br\\\/blog\\\/wp-content\\\/uploads\\\/2025\\\/09\\\/cropped-eu-96x96.jpeg\",\"contentUrl\":\"https:\\\/\\\/www.grupomedcof.com.br\\\/blog\\\/wp-content\\\/uploads\\\/2025\\\/09\\\/cropped-eu-96x96.jpeg\",\"caption\":\"Leila Menzel\"},\"description\":\"Estudante do 6\u00b0 semestre de jornalismo, amo e escrevo poesias e viajo em livros de romances clich\u00eas.\",\"url\":\"https:\\\/\\\/www.grupomedcof.com.br\\\/blog\\\/author\\\/leila-menzel\\\/\"}]}<\/script>\n<!-- \/ Yoast SEO Premium plugin. -->","yoast_head_json":{"title":"Edital UEL 2025 Resid\u00eancia M\u00e9dica: Confira!","description":"Aqui voc\u00ea encontra o edital da UEL 2025 para resid\u00eancia m\u00e9dica e todas as atualiza\u00e7\u00f5es do processo seletivo. Confira o cronograma completo no Blog MedCof!","robots":{"index":"index","follow":"follow","max-snippet":"max-snippet:-1","max-image-preview":"max-image-preview:large","max-video-preview":"max-video-preview:-1"},"canonical":"https:\/\/www.grupomedcof.com.br\/blog\/uel-2025-edital-e-divulgado\/","og_locale":"pt_BR","og_type":"article","og_title":"Ap\u00f3s anula\u00e7\u00e3o do anterior, UEL publica um novo edital para resid\u00eancia m\u00e9dica 2024\/2025","og_description":"Aqui voc\u00ea encontra o edital da UEL 2025 para resid\u00eancia m\u00e9dica e todas as atualiza\u00e7\u00f5es do processo seletivo. Confira o cronograma completo no Blog MedCof!","og_url":"https:\/\/www.grupomedcof.com.br\/blog\/uel-2025-edital-e-divulgado\/","og_site_name":"Blog de Medcof: conte\u00fados, editais, revalida e mais!","article_publisher":"https:\/\/www.facebook.com\/MedCofQbank\/","article_published_time":"2024-11-06T15:47:12+00:00","article_modified_time":"2024-11-06T15:47:39+00:00","og_image":[{"width":2560,"height":1440,"url":"https:\/\/www.grupomedcof.com.br\/blog\/wp-content\/uploads\/2024\/07\/Modelo-instituicoes-37.png","type":"image\/png"}],"author":"Leila Menzel","twitter_card":"summary_large_image","twitter_misc":{"Escrito por":"Leila Menzel","Est. tempo de leitura":"4 minutos"},"schema":{"@context":"https:\/\/schema.org","@graph":[{"@type":"Article","@id":"https:\/\/www.grupomedcof.com.br\/blog\/uel-2025-edital-e-divulgado\/#article","isPartOf":{"@id":"https:\/\/www.grupomedcof.com.br\/blog\/uel-2025-edital-e-divulgado\/"},"author":{"name":"Leila Menzel","@id":"https:\/\/www.grupomedcof.com.br\/blog\/#\/schema\/person\/9a44c2184a836bf5ae6967fdb3a1451e"},"headline":"Ap\u00f3s anula\u00e7\u00e3o do anterior, UEL publica um novo edital para resid\u00eancia m\u00e9dica 2024\/2025","datePublished":"2024-11-06T15:47:12+00:00","dateModified":"2024-11-06T15:47:39+00:00","mainEntityOfPage":{"@id":"https:\/\/www.grupomedcof.com.br\/blog\/uel-2025-edital-e-divulgado\/"},"wordCount":467,"commentCount":0,"publisher":{"@id":"https:\/\/www.grupomedcof.com.br\/blog\/#organization"},"image":{"@id":"https:\/\/www.grupomedcof.com.br\/blog\/uel-2025-edital-e-divulgado\/#primaryimage"},"thumbnailUrl":"https:\/\/www.grupomedcof.com.br\/blog\/wp-content\/uploads\/2024\/07\/Modelo-instituicoes-37.png","keywords":["Edital","Edital UEL","Provas de Resid\u00eancia","Resid\u00eancia M\u00e9dica","UEL","UEL 2025"],"articleSection":["Destaques MedCof","Editais"],"inLanguage":"pt-BR"},{"@type":"WebPage","@id":"https:\/\/www.grupomedcof.com.br\/blog\/uel-2025-edital-e-divulgado\/","url":"https:\/\/www.grupomedcof.com.br\/blog\/uel-2025-edital-e-divulgado\/","name":"Edital UEL 2025 Resid\u00eancia M\u00e9dica: Confira!","isPartOf":{"@id":"https:\/\/www.grupomedcof.com.br\/blog\/#website"},"primaryImageOfPage":{"@id":"https:\/\/www.grupomedcof.com.br\/blog\/uel-2025-edital-e-divulgado\/#primaryimage"},"image":{"@id":"https:\/\/www.grupomedcof.com.br\/blog\/uel-2025-edital-e-divulgado\/#primaryimage"},"thumbnailUrl":"https:\/\/www.grupomedcof.com.br\/blog\/wp-content\/uploads\/2024\/07\/Modelo-instituicoes-37.png","datePublished":"2024-11-06T15:47:12+00:00","dateModified":"2024-11-06T15:47:39+00:00","description":"Aqui voc\u00ea encontra o edital da UEL 2025 para resid\u00eancia m\u00e9dica e todas as atualiza\u00e7\u00f5es do processo seletivo. Confira o cronograma completo no Blog MedCof!","breadcrumb":{"@id":"https:\/\/www.grupomedcof.com.br\/blog\/uel-2025-edital-e-divulgado\/#breadcrumb"},"inLanguage":"pt-BR","potentialAction":[{"@type":"ReadAction","target":["https:\/\/www.grupomedcof.com.br\/blog\/uel-2025-edital-e-divulgado\/"]}]},{"@type":"ImageObject","inLanguage":"pt-BR","@id":"https:\/\/www.grupomedcof.com.br\/blog\/uel-2025-edital-e-divulgado\/#primaryimage","url":"https:\/\/www.grupomedcof.com.br\/blog\/wp-content\/uploads\/2024\/07\/Modelo-instituicoes-37.png","contentUrl":"https:\/\/www.grupomedcof.com.br\/blog\/wp-content\/uploads\/2024\/07\/Modelo-instituicoes-37.png","width":2560,"height":1440},{"@type":"BreadcrumbList","@id":"https:\/\/www.grupomedcof.com.br\/blog\/uel-2025-edital-e-divulgado\/#breadcrumb","itemListElement":[{"@type":"ListItem","position":1,"name":"In\u00edcio","item":"https:\/\/www.grupomedcof.com.br\/blog\/"},{"@type":"ListItem","position":2,"name":"Ap\u00f3s anula\u00e7\u00e3o do anterior, UEL publica um novo edital para resid\u00eancia m\u00e9dica 2024\/2025"}]},{"@type":"WebSite","@id":"https:\/\/www.grupomedcof.com.br\/blog\/#website","url":"https:\/\/www.grupomedcof.com.br\/blog\/","name":"Blog de Medcof: conte\u00fados, editais, revalida e mais!","description":"Acesso o blog de MedCof! Seu portal de conte\u00fados sobre resid\u00eancia m\u00e9dica, an\u00e1lise e editais e muito mais. Clique e confira!","publisher":{"@id":"https:\/\/www.grupomedcof.com.br\/blog\/#organization"},"alternateName":"Blog de Medcof: conte\u00fados, editais, revalida e mais!","potentialAction":[{"@type":"SearchAction","target":{"@type":"EntryPoint","urlTemplate":"https:\/\/www.grupomedcof.com.br\/blog\/?s={search_term_string}"},"query-input":{"@type":"PropertyValueSpecification","valueRequired":true,"valueName":"search_term_string"}}],"inLanguage":"pt-BR"},{"@type":"Organization","@id":"https:\/\/www.grupomedcof.com.br\/blog\/#organization","name":"Grupo MedCof","url":"https:\/\/www.grupomedcof.com.br\/blog\/","logo":{"@type":"ImageObject","inLanguage":"pt-BR","@id":"https:\/\/www.grupomedcof.com.br\/blog\/#\/schema\/logo\/image\/","url":"https:\/\/www.grupomedcof.com.br\/blog\/wp-content\/uploads\/2022\/01\/logo-medcof.png","contentUrl":"https:\/\/www.grupomedcof.com.br\/blog\/wp-content\/uploads\/2022\/01\/logo-medcof.png","width":768,"height":269,"caption":"Grupo MedCof"},"image":{"@id":"https:\/\/www.grupomedcof.com.br\/blog\/#\/schema\/logo\/image\/"},"sameAs":["https:\/\/www.facebook.com\/MedCofQbank\/","https:\/\/www.instagram.com\/grupomedcof\/","https:\/\/br.linkedin.com\/company\/medcof","https:\/\/www.youtube.com\/channel\/UCdHMuOHKICxcHwecxN8P-AA"]},{"@type":"Person","@id":"https:\/\/www.grupomedcof.com.br\/blog\/#\/schema\/person\/9a44c2184a836bf5ae6967fdb3a1451e","name":"Leila Menzel","image":{"@type":"ImageObject","inLanguage":"pt-BR","@id":"https:\/\/www.grupomedcof.com.br\/blog\/wp-content\/uploads\/2025\/09\/cropped-eu-96x96.jpeg19a74936d997c0a8b3031618467fa1d0","url":"https:\/\/www.grupomedcof.com.br\/blog\/wp-content\/uploads\/2025\/09\/cropped-eu-96x96.jpeg","contentUrl":"https:\/\/www.grupomedcof.com.br\/blog\/wp-content\/uploads\/2025\/09\/cropped-eu-96x96.jpeg","caption":"Leila Menzel"},"description":"Estudante do 6\u00b0 semestre de jornalismo, amo e escrevo poesias e viajo em livros de romances clich\u00eas.","url":"https:\/\/www.grupomedcof.com.br\/blog\/author\/leila-menzel\/"}]}},"authors":[{"term_id":3616,"user_id":20,"is_guest":0,"slug":"leila-menzel","display_name":"Leila Menzel","avatar_url":"https:\/\/www.grupomedcof.com.br\/blog\/wp-content\/uploads\/2025\/09\/cropped-eu-96x96.jpeg","0":null,"1":"","2":"","3":"","4":"","5":"","6":"","7":"","8":""}],"_links":{"self":[{"href":"https:\/\/www.grupomedcof.com.br\/blog\/wp-json\/wp\/v2\/posts\/28078","targetHints":{"allow":["GET"]}}],"collection":[{"href":"https:\/\/www.grupomedcof.com.br\/blog\/wp-json\/wp\/v2\/posts"}],"about":[{"href":"https:\/\/www.grupomedcof.com.br\/blog\/wp-json\/wp\/v2\/types\/post"}],"author":[{"embeddable":true,"href":"https:\/\/www.grupomedcof.com.br\/blog\/wp-json\/wp\/v2\/users\/20"}],"replies":[{"embeddable":true,"href":"https:\/\/www.grupomedcof.com.br\/blog\/wp-json\/wp\/v2\/comments?post=28078"}],"version-history":[{"count":0,"href":"https:\/\/www.grupomedcof.com.br\/blog\/wp-json\/wp\/v2\/posts\/28078\/revisions"}],"wp:featuredmedia":[{"embeddable":true,"href":"https:\/\/www.grupomedcof.com.br\/blog\/wp-json\/wp\/v2\/media\/28080"}],"wp:attachment":[{"href":"https:\/\/www.grupomedcof.com.br\/blog\/wp-json\/wp\/v2\/media?parent=28078"}],"wp:term":[{"taxonomy":"category","embeddable":true,"href":"https:\/\/www.grupomedcof.com.br\/blog\/wp-json\/wp\/v2\/categories?post=28078"},{"taxonomy":"post_tag","embeddable":true,"href":"https:\/\/www.grupomedcof.com.br\/blog\/wp-json\/wp\/v2\/tags?post=28078"},{"taxonomy":"author","embeddable":true,"href":"https:\/\/www.grupomedcof.com.br\/blog\/wp-json\/wp\/v2\/ppma_author?post=28078"}],"curies":[{"name":"wp","href":"https:\/\/api.w.org\/{rel}","templated":true}]}}