{"id":28095,"date":"2024-07-25T11:52:56","date_gmt":"2024-07-25T14:52:56","guid":{"rendered":"https:\/\/www.grupomedcof.com.br\/blog\/?p=28095"},"modified":"2024-07-25T11:52:57","modified_gmt":"2024-07-25T14:52:57","slug":"residencia-medica-ufrn-2024","status":"publish","type":"post","link":"https:\/\/www.grupomedcof.com.br\/blog\/residencia-medica-ufrn-2024\/","title":{"rendered":"Resid\u00eancia M\u00e9dica: UFRN 2024"},"content":{"rendered":"<div id=\"ez-toc-container\" class=\"ez-toc-v2_0_74 counter-hierarchy ez-toc-counter ez-toc-transparent ez-toc-container-direction\">\n<div class=\"ez-toc-title-container\">\n<p class=\"ez-toc-title\" style=\"cursor:inherit\">Sum\u00e1rio<\/p>\n<span class=\"ez-toc-title-toggle\"><a href=\"#\" class=\"ez-toc-pull-right ez-toc-btn ez-toc-btn-xs ez-toc-btn-default ez-toc-toggle\" aria-label=\"Alternar tabela de conte\u00fado\"><span class=\"ez-toc-js-icon-con\"><span class=\"\"><span class=\"eztoc-hide\" style=\"display:none;\">Toggle<\/span><span class=\"ez-toc-icon-toggle-span\"><svg style=\"fill: #999;color:#999\" xmlns=\"http:\/\/www.w3.org\/2000\/svg\" class=\"list-377408\" width=\"20px\" height=\"20px\" viewBox=\"0 0 24 24\" fill=\"none\"><path d=\"M6 6H4v2h2V6zm14 0H8v2h12V6zM4 11h2v2H4v-2zm16 0H8v2h12v-2zM4 16h2v2H4v-2zm16 0H8v2h12v-2z\" fill=\"currentColor\"><\/path><\/svg><svg style=\"fill: #999;color:#999\" class=\"arrow-unsorted-368013\" xmlns=\"http:\/\/www.w3.org\/2000\/svg\" width=\"10px\" height=\"10px\" viewBox=\"0 0 24 24\" version=\"1.2\" baseProfile=\"tiny\"><path d=\"M18.2 9.3l-6.2-6.3-6.2 6.3c-.2.2-.3.4-.3.7s.1.5.3.7c.2.2.4.3.7.3h11c.3 0 .5-.1.7-.3.2-.2.3-.5.3-.7s-.1-.5-.3-.7zM5.8 14.7l6.2 6.3 6.2-6.3c.2-.2.3-.5.3-.7s-.1-.5-.3-.7c-.2-.2-.4-.3-.7-.3h-11c-.3 0-.5.1-.7.3-.2.2-.3.5-.3.7s.1.5.3.7z\"\/><\/svg><\/span><\/span><\/span><\/a><\/span><\/div>\n<nav><ul class='ez-toc-list ez-toc-list-level-1 ' ><li class='ez-toc-page-1 ez-toc-heading-level-2'><a class=\"ez-toc-link ez-toc-heading-1\" href=\"https:\/\/www.grupomedcof.com.br\/blog\/residencia-medica-ufrn-2024\/#Sobre_a_UFRN\" >Sobre a UFRN<\/a><\/li><li class='ez-toc-page-1 ez-toc-heading-level-2'><a class=\"ez-toc-link ez-toc-heading-2\" href=\"https:\/\/www.grupomedcof.com.br\/blog\/residencia-medica-ufrn-2024\/#O_Processo_seletivo\" >O Processo seletivo<\/a><\/li><li class='ez-toc-page-1 ez-toc-heading-level-2'><a class=\"ez-toc-link ez-toc-heading-3\" href=\"https:\/\/www.grupomedcof.com.br\/blog\/residencia-medica-ufrn-2024\/#Vagas_ofertadas\" >Vagas ofertadas<\/a><\/li><li class='ez-toc-page-1 ez-toc-heading-level-2'><a class=\"ez-toc-link ez-toc-heading-4\" href=\"https:\/\/www.grupomedcof.com.br\/blog\/residencia-medica-ufrn-2024\/#Nota_de_corte_UFRN_2024\" >Nota de corte UFRN 2024<\/a><\/li><li class='ez-toc-page-1 ez-toc-heading-level-2'><a class=\"ez-toc-link ez-toc-heading-5\" href=\"https:\/\/www.grupomedcof.com.br\/blog\/residencia-medica-ufrn-2024\/#O_metodo_que_te_aprova\" >O metodo que te aprova!<\/a><\/li><\/ul><\/nav><\/div>\n\n<figure class=\"wp-block-image size-large\"><img loading=\"lazy\" decoding=\"async\" width=\"1024\" height=\"576\" src=\"https:\/\/www.grupomedcof.com.br\/blog\/wp-content\/uploads\/2024\/07\/Modelo-instituicoes-40-1024x576.png\" alt=\"\" class=\"wp-image-28097\" srcset=\"https:\/\/www.grupomedcof.com.br\/blog\/wp-content\/uploads\/2024\/07\/Modelo-instituicoes-40-1024x576.png 1024w, https:\/\/www.grupomedcof.com.br\/blog\/wp-content\/uploads\/2024\/07\/Modelo-instituicoes-40-300x169.png 300w, https:\/\/www.grupomedcof.com.br\/blog\/wp-content\/uploads\/2024\/07\/Modelo-instituicoes-40-768x432.png 768w, https:\/\/www.grupomedcof.com.br\/blog\/wp-content\/uploads\/2024\/07\/Modelo-instituicoes-40-1536x864.png 1536w, https:\/\/www.grupomedcof.com.br\/blog\/wp-content\/uploads\/2024\/07\/Modelo-instituicoes-40-2048x1152.png 2048w, https:\/\/www.grupomedcof.com.br\/blog\/wp-content\/uploads\/2024\/07\/Modelo-instituicoes-40-747x420.png 747w, https:\/\/www.grupomedcof.com.br\/blog\/wp-content\/uploads\/2024\/07\/Modelo-instituicoes-40-150x84.png 150w, https:\/\/www.grupomedcof.com.br\/blog\/wp-content\/uploads\/2024\/07\/Modelo-instituicoes-40-696x392.png 696w, https:\/\/www.grupomedcof.com.br\/blog\/wp-content\/uploads\/2024\/07\/Modelo-instituicoes-40-1068x601.png 1068w, https:\/\/www.grupomedcof.com.br\/blog\/wp-content\/uploads\/2024\/07\/Modelo-instituicoes-40-1920x1080.png 1920w\" sizes=\"auto, (max-width: 1024px) 100vw, 1024px\" \/><\/figure>\n\n\n\n<p>Relembre como foi a \u00faltima edi\u00e7\u00e3o da prova de resid\u00eancia m\u00e9dica da\u00a0<strong>Universidade Federal do Rio Grande do Norte<\/strong>, tamb\u00e9m conhecida como\u00a0<strong>UFRN<\/strong>, e se prepare para a pr\u00f3xima prova! <\/p>\n\n\n\n<h2 class=\"wp-block-heading\" id=\"h-sobre-a-ufrn\"><span class=\"ez-toc-section\" id=\"Sobre_a_UFRN\"><\/span><strong>Sobre a UFRN<\/strong><span class=\"ez-toc-section-end\"><\/span><\/h2>\n\n\n\n<p>A <strong>Universidade Federal do Rio Grande do Norte (UFRN)<\/strong> foi criada em 1958 e \u00e9 um \u00f3rg\u00e3o p\u00fablico de ensino superior. Seu processo seletivo \u00e9 a principal porta de entrada para os futuros residentes interessados em atuar no\u00a0<strong>Hospital Universit\u00e1rio Onofre Lopes (HUOL)<\/strong>,\u00a0<strong>Hospital Universit\u00e1rio Ana Bezerra (HUAB)<\/strong>\u00a0ou na\u00a0<strong>Maternidade Escola Janu\u00e1rio Cicco (MEJC)<\/strong>.<\/p>\n\n\n\n<h2 class=\"wp-block-heading\" id=\"h-o-processo-seletivo\"><span class=\"ez-toc-section\" id=\"O_Processo_seletivo\"><\/span><strong>O Processo seletivo<\/strong><span class=\"ez-toc-section-end\"><\/span><\/h2>\n\n\n\n<p>A inscri\u00e7\u00e3o para o processo seletivo ocorre pela internet. Na edi\u00e7\u00e3o anterior os candidatos tiveram o per\u00edodo entre o dia<strong> 23 de agosto e 14 de setembro de 2023<\/strong> para preencher o formul\u00e1rio e realizar o pagamento da taxa no valor de <strong>R$ 310,00<\/strong>.<\/p>\n\n\n\n<p>Dessa forma, o processo possui duas etapas, sendo elas a prova objetiva e an\u00e1lise curricular. Na UFRN 2024, a prova ocorreu no dia 29 de outubro de 2023 e possuiu <strong>100 quest\u00f5es<\/strong> de m\u00faltipla escolha. J\u00e1 para a prova para as especialidades com Pr\u00e9-Requisito contou com\u00a0<strong>80 quest\u00f5es<\/strong>. Al\u00e9m disso, vale lembrar que o processo da UFRN 2024 foi realizado pelo ENARE.<\/p>\n\n\n\n<h2 class=\"wp-block-heading\" id=\"h-vagas-ofertadas\"><span class=\"ez-toc-section\" id=\"Vagas_ofertadas\"><\/span><strong>Vagas ofertadas<\/strong><span class=\"ez-toc-section-end\"><\/span><\/h2>\n\n\n\n<p>Sendo assim, confira as vagas ofertadas e concorr\u00eancia:<\/p>\n\n\n\n<figure class=\"wp-block-table\"><table class=\"has-fixed-layout\"><thead><tr><th>Especialidades<\/th><th>Vagas<\/th><th>Concorr\u00eancia<\/th><\/tr><\/thead><tbody><tr><td>ANESTESIOLOGIA<\/td><td>4<\/td><td>29,50<\/td><\/tr><tr><td>CARDIOLOGIA<\/td><td>4<\/td><td>1,25<\/td><\/tr><tr><td>CIRURGIA DO APARELHO DIGESTIVO<\/td><td>2<\/td><td>6,50<\/td><\/tr><tr><td>CIRURGIA GERAL<\/td><td>5<\/td><td>13,00<\/td><\/tr><tr><td>CL\u00cdNICA M\u00c9DICA<\/td><td>15<\/td><td>7,53<\/td><\/tr><tr><td>DERMATOLOGIA<\/td><td>2<\/td><td>25,00<\/td><\/tr><tr><td>ECOCARDIOGRAFIA<\/td><td>2<\/td><td>1,00<\/td><\/tr><tr><td>ENDOCRINOLOGIA E METEBOLOGIA<\/td><td>2<\/td><td>4,00<\/td><\/tr><tr><td>ENDOCRINOLOGIA PEDI\u00c1TRICA<\/td><td>2<\/td><td>1,00<\/td><\/tr><tr><td>ENDOSCOPIA DIGESTIVA<\/td><td>2<\/td><td>2,00<\/td><\/tr><tr><td>GASTROENTEROLOGIA<\/td><td>2<\/td><td>1,50<\/td><\/tr><tr><td>GASTROENTEROLOGIA PEDI\u00c1TRICA<\/td><td>2<\/td><td>1,00<\/td><\/tr><tr><td>INFECTOLOGIA<\/td><td>3<\/td><td>3,33<\/td><\/tr><tr><td>MEDICINA DE FAM\u00cdLIA E COMUNIDADE<\/td><td>13<\/td><td>2,62<\/td><\/tr><tr><td>MEDICINA INTENSIVA<\/td><td>2<\/td><td>2,50<\/td><\/tr><tr><td>NEFROLOGIA<\/td><td>2<\/td><td>4,00<\/td><\/tr><tr><td>NEUROCIRURGIA<\/td><td>1<\/td><td>14,00<\/td><\/tr><tr><td>NEUROLOGIA<\/td><td>2<\/td><td>14,50<\/td><\/tr><tr><td>OFTALMOLOGIA<\/td><td>3<\/td><td>11,67<\/td><\/tr><tr><td>OTORRINOLARINGOLOGIA<\/td><td>2<\/td><td>16,00<\/td><\/tr><tr><td>PATOLOGIA<\/td><td>4<\/td><td>1,25<\/td><\/tr><tr><td>PEDIATRIA<\/td><td>10<\/td><td>5,90<\/td><\/tr><tr><td>PSIQUIATRIA<\/td><td>4<\/td><td>24,25<\/td><\/tr><tr><td>RADIOLOGIA<\/td><td>4<\/td><td>7,50<\/td><\/tr><tr><td>UROLOGIA<\/td><td>2<\/td><td>6,00<\/td><\/tr><\/tbody><\/table><\/figure>\n\n\n\n<h2 class=\"wp-block-heading\" id=\"h-nota-de-corte-ufrn-2024\"><span class=\"ez-toc-section\" id=\"Nota_de_corte_UFRN_2024\"><\/span><strong>Nota de corte UFRN 2024<\/strong><span class=\"ez-toc-section-end\"><\/span><\/h2>\n\n\n\n<p>Veja a seguir a nota de corte da UFRN da edi\u00e7\u00e3o anterior:<\/p>\n\n\n\n<figure class=\"wp-block-table\"><table class=\"has-fixed-layout\"><thead><tr><th>Especialidades<\/th><th>Nota de corte<\/th><\/tr><\/thead><tbody><tr><td>ANESTESIOLOGIA<\/td><td>7,27<\/td><\/tr><tr><td>CARDIOLOGIA<\/td><td>7,16<\/td><\/tr><tr><td>CIRURGIA DO APARELHO DIGESTIVO<\/td><td>6,59<\/td><\/tr><tr><td>CIRURGIA GERAL<\/td><td>6,65<\/td><\/tr><tr><td>CL\u00cdNICA M\u00c9DICA<\/td><td>7,06<\/td><\/tr><tr><td>DERMATOLOGIA<\/td><td>7,56<\/td><\/tr><tr><td>ECOCARDIOGRAFIA<\/td><td>5,22<\/td><\/tr><tr><td>ENDOCRINOLOGIA E METABOLOGIA<\/td><td>7,02<\/td><\/tr><tr><td>ENDOCRINOLOGIA PEDI\u00c1TRICA<\/td><td>7,25<\/td><\/tr><tr><td>ENDOSCOPIA DIGESTIVA<\/td><td>7,75<\/td><\/tr><tr><td>GASTROENTEROLOGIA<\/td><td>6,59<\/td><\/tr><tr><td>GASTROENTEROLOGIA PEDI\u00c1TRICA<\/td><td>7,05<\/td><\/tr><tr><td>INFECTOLOGIA<\/td><td>6,15<\/td><\/tr><tr><td>MEDICINA DE FAM\u00cdLIA E COMUNIDADE<\/td><td>5,73<\/td><\/tr><tr><td>MEDICINA INTENSIVA<\/td><td>4,64<\/td><\/tr><tr><td>NEFROLOGIA<\/td><td>6,58<\/td><\/tr><tr><td>NEUROCIRURGIA<\/td><td>7,48<\/td><\/tr><tr><td>NEUROLOGIA<\/td><td>7,05<\/td><\/tr><tr><td>OFTALMOLOGIA<\/td><td>7,30<\/td><\/tr><tr><td>OTORRINOLARINGOLOGIA<\/td><td>7,22<\/td><\/tr><tr><td>PATOLOGIA<\/td><td>4,98<\/td><\/tr><tr><td>PEDIATRIA<\/td><td>6,46<\/td><\/tr><tr><td>PSIQUIATRIA<\/td><td>7,41<\/td><\/tr><tr><td>RADIOLOGIA<\/td><td>6,34<\/td><\/tr><tr><td>UROLOGIA<\/td><td>6,93<\/td><\/tr><\/tbody><\/table><\/figure>\n\n\n\n<h2 class=\"wp-block-heading\" id=\"o-metodo-que-te-aprova\"><span class=\"ez-toc-section\" id=\"O_metodo_que_te_aprova\"><\/span><strong>O metodo que te aprova!<\/strong><span class=\"ez-toc-section-end\"><\/span><\/h2>\n\n\n\n<p>Quer alcan\u00e7ar a aprova\u00e7\u00e3o nas provas de resid\u00eancia m\u00e9dica? Ent\u00e3o seja um\u00a0<a href=\"https:\/\/www.grupomedcof.com.br\/home\/\" target=\"_blank\" rel=\"noreferrer noopener\">MedCoffer<\/a>! Aqui te ajudaremos na busca da aprova\u00e7\u00e3o com conte\u00fados de qualidade e uma metodologia que j\u00e1 aprovou mais de 10 mil residentes no pa\u00eds! Por fim, acesse o nosso<a href=\"https:\/\/www.youtube.com\/@GrupoMedcof\/featured\" target=\"_blank\" rel=\"noreferrer noopener\">\u00a0<strong>canal do youtube\u00a0<\/strong><\/a>para ver o nosso material de revis\u00e3o e corre\u00e7\u00e3o.<\/p>\n","protected":false},"excerpt":{"rendered":"<p>Relembre como foi a \u00faltima edi\u00e7\u00e3o da prova de resid\u00eancia m\u00e9dica da\u00a0Universidade Federal do Rio Grande do Norte.<\/p>\n","protected":false},"author":18,"featured_media":28097,"comment_status":"open","ping_status":"open","sticky":false,"template":"","format":"standard","meta":{"footnotes":""},"categories":[10],"tags":[29,93,117,1660,980,68,1677],"ppma_author":[3611],"class_list":{"0":"post-28095","1":"post","2":"type-post","3":"status-publish","4":"format-standard","5":"has-post-thumbnail","7":"category-raio-x-editais","8":"tag-enare","9":"tag-especialidades-medicas","10":"tag-provas-de-residencia","11":"tag-raio-x-2024","12":"tag-raio-x-editais","13":"tag-residencia-medica","14":"tag-ufrn"},"yoast_head":"<!-- This site is optimized with the Yoast SEO Premium plugin v24.3 (Yoast SEO v27.4) - https:\/\/yoast.com\/product\/yoast-seo-premium-wordpress\/ -->\n<title>Resid\u00eancia M\u00e9dica: UFRN 2024 - Blog de Medcof: conte\u00fados, editais, revalida e mais!<\/title>\n<meta name=\"description\" content=\"Relembre como foi a \u00faltima edi\u00e7\u00e3o da prova de resid\u00eancia m\u00e9dica da\u00a0Universidade Federal do Rio Grande do Norte.\" \/>\n<meta name=\"robots\" content=\"index, follow, max-snippet:-1, max-image-preview:large, max-video-preview:-1\" \/>\n<link rel=\"canonical\" href=\"https:\/\/www.grupomedcof.com.br\/blog\/residencia-medica-ufrn-2024\/\" \/>\n<meta property=\"og:locale\" content=\"pt_BR\" \/>\n<meta property=\"og:type\" content=\"article\" \/>\n<meta property=\"og:title\" content=\"Resid\u00eancia M\u00e9dica: UFRN 2024\" \/>\n<meta property=\"og:description\" content=\"Relembre como foi a \u00faltima edi\u00e7\u00e3o da prova de resid\u00eancia m\u00e9dica da\u00a0Universidade Federal do Rio Grande do Norte.\" \/>\n<meta property=\"og:url\" content=\"https:\/\/www.grupomedcof.com.br\/blog\/residencia-medica-ufrn-2024\/\" \/>\n<meta property=\"og:site_name\" content=\"Blog de Medcof: conte\u00fados, editais, revalida e mais!\" \/>\n<meta property=\"article:publisher\" content=\"https:\/\/www.facebook.com\/MedCofQbank\/\" \/>\n<meta property=\"article:published_time\" content=\"2024-07-25T14:52:56+00:00\" \/>\n<meta property=\"article:modified_time\" content=\"2024-07-25T14:52:57+00:00\" \/>\n<meta property=\"og:image\" content=\"https:\/\/www.grupomedcof.com.br\/blog\/wp-content\/uploads\/2024\/07\/Modelo-instituicoes-40-1024x576.png\" \/>\n\t<meta property=\"og:image:width\" content=\"1024\" \/>\n\t<meta property=\"og:image:height\" content=\"576\" \/>\n\t<meta property=\"og:image:type\" content=\"image\/png\" \/>\n<meta name=\"author\" content=\"Leila Menzel\" \/>\n<meta name=\"twitter:card\" content=\"summary_large_image\" \/>\n<meta name=\"twitter:label1\" content=\"Escrito por\" \/>\n\t<meta name=\"twitter:data1\" content=\"Leila Menzel\" \/>\n\t<meta name=\"twitter:label2\" content=\"Est. tempo de leitura\" \/>\n\t<meta name=\"twitter:data2\" content=\"3 minutos\" \/>\n<script type=\"application\/ld+json\" class=\"yoast-schema-graph\">{\"@context\":\"https:\\\/\\\/schema.org\",\"@graph\":[{\"@type\":\"Article\",\"@id\":\"https:\\\/\\\/www.grupomedcof.com.br\\\/blog\\\/residencia-medica-ufrn-2024\\\/#article\",\"isPartOf\":{\"@id\":\"https:\\\/\\\/www.grupomedcof.com.br\\\/blog\\\/residencia-medica-ufrn-2024\\\/\"},\"author\":{\"name\":\"Leila Menzel\",\"@id\":\"https:\\\/\\\/www.grupomedcof.com.br\\\/blog\\\/#\\\/schema\\\/person\\\/2a5527209c17e7eb35bd6a4ebd5c7956\"},\"headline\":\"Resid\u00eancia M\u00e9dica: UFRN 2024\",\"datePublished\":\"2024-07-25T14:52:56+00:00\",\"dateModified\":\"2024-07-25T14:52:57+00:00\",\"mainEntityOfPage\":{\"@id\":\"https:\\\/\\\/www.grupomedcof.com.br\\\/blog\\\/residencia-medica-ufrn-2024\\\/\"},\"wordCount\":403,\"commentCount\":0,\"publisher\":{\"@id\":\"https:\\\/\\\/www.grupomedcof.com.br\\\/blog\\\/#organization\"},\"image\":{\"@id\":\"https:\\\/\\\/www.grupomedcof.com.br\\\/blog\\\/residencia-medica-ufrn-2024\\\/#primaryimage\"},\"thumbnailUrl\":\"https:\\\/\\\/www.grupomedcof.com.br\\\/blog\\\/wp-content\\\/uploads\\\/2024\\\/07\\\/Modelo-instituicoes-40.png\",\"keywords\":[\"ENARE\",\"Especialidades m\u00e9dicas\",\"Provas de Resid\u00eancia\",\"Raio-X 2024\",\"Raio-X Editais\",\"Resid\u00eancia M\u00e9dica\",\"UFRN\"],\"articleSection\":[\"Raio-X Editais\"],\"inLanguage\":\"pt-BR\"},{\"@type\":\"WebPage\",\"@id\":\"https:\\\/\\\/www.grupomedcof.com.br\\\/blog\\\/residencia-medica-ufrn-2024\\\/\",\"url\":\"https:\\\/\\\/www.grupomedcof.com.br\\\/blog\\\/residencia-medica-ufrn-2024\\\/\",\"name\":\"Resid\u00eancia M\u00e9dica: UFRN 2024 - Blog de Medcof: conte\u00fados, editais, revalida e mais!\",\"isPartOf\":{\"@id\":\"https:\\\/\\\/www.grupomedcof.com.br\\\/blog\\\/#website\"},\"primaryImageOfPage\":{\"@id\":\"https:\\\/\\\/www.grupomedcof.com.br\\\/blog\\\/residencia-medica-ufrn-2024\\\/#primaryimage\"},\"image\":{\"@id\":\"https:\\\/\\\/www.grupomedcof.com.br\\\/blog\\\/residencia-medica-ufrn-2024\\\/#primaryimage\"},\"thumbnailUrl\":\"https:\\\/\\\/www.grupomedcof.com.br\\\/blog\\\/wp-content\\\/uploads\\\/2024\\\/07\\\/Modelo-instituicoes-40.png\",\"datePublished\":\"2024-07-25T14:52:56+00:00\",\"dateModified\":\"2024-07-25T14:52:57+00:00\",\"description\":\"Relembre como foi a \u00faltima edi\u00e7\u00e3o da prova de resid\u00eancia m\u00e9dica da\u00a0Universidade Federal do Rio Grande do Norte.\",\"breadcrumb\":{\"@id\":\"https:\\\/\\\/www.grupomedcof.com.br\\\/blog\\\/residencia-medica-ufrn-2024\\\/#breadcrumb\"},\"inLanguage\":\"pt-BR\",\"potentialAction\":[{\"@type\":\"ReadAction\",\"target\":[\"https:\\\/\\\/www.grupomedcof.com.br\\\/blog\\\/residencia-medica-ufrn-2024\\\/\"]}]},{\"@type\":\"ImageObject\",\"inLanguage\":\"pt-BR\",\"@id\":\"https:\\\/\\\/www.grupomedcof.com.br\\\/blog\\\/residencia-medica-ufrn-2024\\\/#primaryimage\",\"url\":\"https:\\\/\\\/www.grupomedcof.com.br\\\/blog\\\/wp-content\\\/uploads\\\/2024\\\/07\\\/Modelo-instituicoes-40.png\",\"contentUrl\":\"https:\\\/\\\/www.grupomedcof.com.br\\\/blog\\\/wp-content\\\/uploads\\\/2024\\\/07\\\/Modelo-instituicoes-40.png\",\"width\":2560,\"height\":1440},{\"@type\":\"BreadcrumbList\",\"@id\":\"https:\\\/\\\/www.grupomedcof.com.br\\\/blog\\\/residencia-medica-ufrn-2024\\\/#breadcrumb\",\"itemListElement\":[{\"@type\":\"ListItem\",\"position\":1,\"name\":\"In\u00edcio\",\"item\":\"https:\\\/\\\/www.grupomedcof.com.br\\\/blog\\\/\"},{\"@type\":\"ListItem\",\"position\":2,\"name\":\"Resid\u00eancia M\u00e9dica: UFRN 2024\"}]},{\"@type\":\"WebSite\",\"@id\":\"https:\\\/\\\/www.grupomedcof.com.br\\\/blog\\\/#website\",\"url\":\"https:\\\/\\\/www.grupomedcof.com.br\\\/blog\\\/\",\"name\":\"Blog de Medcof: conte\u00fados, editais, revalida e mais!\",\"description\":\"Acesso o blog de MedCof! Seu portal de conte\u00fados sobre resid\u00eancia m\u00e9dica, an\u00e1lise e editais e muito mais. Clique e confira!\",\"publisher\":{\"@id\":\"https:\\\/\\\/www.grupomedcof.com.br\\\/blog\\\/#organization\"},\"alternateName\":\"Blog de Medcof: conte\u00fados, editais, revalida e mais!\",\"potentialAction\":[{\"@type\":\"SearchAction\",\"target\":{\"@type\":\"EntryPoint\",\"urlTemplate\":\"https:\\\/\\\/www.grupomedcof.com.br\\\/blog\\\/?s={search_term_string}\"},\"query-input\":{\"@type\":\"PropertyValueSpecification\",\"valueRequired\":true,\"valueName\":\"search_term_string\"}}],\"inLanguage\":\"pt-BR\"},{\"@type\":\"Organization\",\"@id\":\"https:\\\/\\\/www.grupomedcof.com.br\\\/blog\\\/#organization\",\"name\":\"Grupo MedCof\",\"url\":\"https:\\\/\\\/www.grupomedcof.com.br\\\/blog\\\/\",\"logo\":{\"@type\":\"ImageObject\",\"inLanguage\":\"pt-BR\",\"@id\":\"https:\\\/\\\/www.grupomedcof.com.br\\\/blog\\\/#\\\/schema\\\/logo\\\/image\\\/\",\"url\":\"https:\\\/\\\/www.grupomedcof.com.br\\\/blog\\\/wp-content\\\/uploads\\\/2022\\\/01\\\/logo-medcof.png\",\"contentUrl\":\"https:\\\/\\\/www.grupomedcof.com.br\\\/blog\\\/wp-content\\\/uploads\\\/2022\\\/01\\\/logo-medcof.png\",\"width\":768,\"height\":269,\"caption\":\"Grupo MedCof\"},\"image\":{\"@id\":\"https:\\\/\\\/www.grupomedcof.com.br\\\/blog\\\/#\\\/schema\\\/logo\\\/image\\\/\"},\"sameAs\":[\"https:\\\/\\\/www.facebook.com\\\/MedCofQbank\\\/\",\"https:\\\/\\\/www.instagram.com\\\/grupomedcof\\\/\",\"https:\\\/\\\/br.linkedin.com\\\/company\\\/medcof\",\"https:\\\/\\\/www.youtube.com\\\/channel\\\/UCdHMuOHKICxcHwecxN8P-AA\"]},{\"@type\":\"Person\",\"@id\":\"https:\\\/\\\/www.grupomedcof.com.br\\\/blog\\\/#\\\/schema\\\/person\\\/2a5527209c17e7eb35bd6a4ebd5c7956\",\"name\":\"Leila Menzel\",\"image\":{\"@type\":\"ImageObject\",\"inLanguage\":\"pt-BR\",\"@id\":\"https:\\\/\\\/www.grupomedcof.com.br\\\/blog\\\/wp-content\\\/uploads\\\/2023\\\/04\\\/cropped-cropped-cropped-logo-96x96.png15459389df217b605b4f0cce419ac81a\",\"url\":\"https:\\\/\\\/www.grupomedcof.com.br\\\/blog\\\/wp-content\\\/uploads\\\/2023\\\/04\\\/cropped-cropped-cropped-logo-96x96.png\",\"contentUrl\":\"https:\\\/\\\/www.grupomedcof.com.br\\\/blog\\\/wp-content\\\/uploads\\\/2023\\\/04\\\/cropped-cropped-cropped-logo-96x96.png\",\"caption\":\"Leila Menzel\"},\"description\":\"Estudante do 6\u00b0 semestre de jornalismo, amo e escrevo poesias e viajo em livros de romances clich\u00eas.\",\"url\":\"https:\\\/\\\/www.grupomedcof.com.br\\\/blog\\\/author\\\/leila\\\/\"}]}<\/script>\n<!-- \/ Yoast SEO Premium plugin. -->","yoast_head_json":{"title":"Resid\u00eancia M\u00e9dica: UFRN 2024 - Blog de Medcof: conte\u00fados, editais, revalida e mais!","description":"Relembre como foi a \u00faltima edi\u00e7\u00e3o da prova de resid\u00eancia m\u00e9dica da\u00a0Universidade Federal do Rio Grande do Norte.","robots":{"index":"index","follow":"follow","max-snippet":"max-snippet:-1","max-image-preview":"max-image-preview:large","max-video-preview":"max-video-preview:-1"},"canonical":"https:\/\/www.grupomedcof.com.br\/blog\/residencia-medica-ufrn-2024\/","og_locale":"pt_BR","og_type":"article","og_title":"Resid\u00eancia M\u00e9dica: UFRN 2024","og_description":"Relembre como foi a \u00faltima edi\u00e7\u00e3o da prova de resid\u00eancia m\u00e9dica da\u00a0Universidade Federal do Rio Grande do Norte.","og_url":"https:\/\/www.grupomedcof.com.br\/blog\/residencia-medica-ufrn-2024\/","og_site_name":"Blog de Medcof: conte\u00fados, editais, revalida e mais!","article_publisher":"https:\/\/www.facebook.com\/MedCofQbank\/","article_published_time":"2024-07-25T14:52:56+00:00","article_modified_time":"2024-07-25T14:52:57+00:00","og_image":[{"width":1024,"height":576,"url":"https:\/\/www.grupomedcof.com.br\/blog\/wp-content\/uploads\/2024\/07\/Modelo-instituicoes-40-1024x576.png","type":"image\/png"}],"author":"Leila Menzel","twitter_card":"summary_large_image","twitter_misc":{"Escrito por":"Leila Menzel","Est. tempo de leitura":"3 minutos"},"schema":{"@context":"https:\/\/schema.org","@graph":[{"@type":"Article","@id":"https:\/\/www.grupomedcof.com.br\/blog\/residencia-medica-ufrn-2024\/#article","isPartOf":{"@id":"https:\/\/www.grupomedcof.com.br\/blog\/residencia-medica-ufrn-2024\/"},"author":{"name":"Leila Menzel","@id":"https:\/\/www.grupomedcof.com.br\/blog\/#\/schema\/person\/2a5527209c17e7eb35bd6a4ebd5c7956"},"headline":"Resid\u00eancia M\u00e9dica: UFRN 2024","datePublished":"2024-07-25T14:52:56+00:00","dateModified":"2024-07-25T14:52:57+00:00","mainEntityOfPage":{"@id":"https:\/\/www.grupomedcof.com.br\/blog\/residencia-medica-ufrn-2024\/"},"wordCount":403,"commentCount":0,"publisher":{"@id":"https:\/\/www.grupomedcof.com.br\/blog\/#organization"},"image":{"@id":"https:\/\/www.grupomedcof.com.br\/blog\/residencia-medica-ufrn-2024\/#primaryimage"},"thumbnailUrl":"https:\/\/www.grupomedcof.com.br\/blog\/wp-content\/uploads\/2024\/07\/Modelo-instituicoes-40.png","keywords":["ENARE","Especialidades m\u00e9dicas","Provas de Resid\u00eancia","Raio-X 2024","Raio-X Editais","Resid\u00eancia M\u00e9dica","UFRN"],"articleSection":["Raio-X Editais"],"inLanguage":"pt-BR"},{"@type":"WebPage","@id":"https:\/\/www.grupomedcof.com.br\/blog\/residencia-medica-ufrn-2024\/","url":"https:\/\/www.grupomedcof.com.br\/blog\/residencia-medica-ufrn-2024\/","name":"Resid\u00eancia M\u00e9dica: UFRN 2024 - Blog de Medcof: conte\u00fados, editais, revalida e mais!","isPartOf":{"@id":"https:\/\/www.grupomedcof.com.br\/blog\/#website"},"primaryImageOfPage":{"@id":"https:\/\/www.grupomedcof.com.br\/blog\/residencia-medica-ufrn-2024\/#primaryimage"},"image":{"@id":"https:\/\/www.grupomedcof.com.br\/blog\/residencia-medica-ufrn-2024\/#primaryimage"},"thumbnailUrl":"https:\/\/www.grupomedcof.com.br\/blog\/wp-content\/uploads\/2024\/07\/Modelo-instituicoes-40.png","datePublished":"2024-07-25T14:52:56+00:00","dateModified":"2024-07-25T14:52:57+00:00","description":"Relembre como foi a \u00faltima edi\u00e7\u00e3o da prova de resid\u00eancia m\u00e9dica da\u00a0Universidade Federal do Rio Grande do Norte.","breadcrumb":{"@id":"https:\/\/www.grupomedcof.com.br\/blog\/residencia-medica-ufrn-2024\/#breadcrumb"},"inLanguage":"pt-BR","potentialAction":[{"@type":"ReadAction","target":["https:\/\/www.grupomedcof.com.br\/blog\/residencia-medica-ufrn-2024\/"]}]},{"@type":"ImageObject","inLanguage":"pt-BR","@id":"https:\/\/www.grupomedcof.com.br\/blog\/residencia-medica-ufrn-2024\/#primaryimage","url":"https:\/\/www.grupomedcof.com.br\/blog\/wp-content\/uploads\/2024\/07\/Modelo-instituicoes-40.png","contentUrl":"https:\/\/www.grupomedcof.com.br\/blog\/wp-content\/uploads\/2024\/07\/Modelo-instituicoes-40.png","width":2560,"height":1440},{"@type":"BreadcrumbList","@id":"https:\/\/www.grupomedcof.com.br\/blog\/residencia-medica-ufrn-2024\/#breadcrumb","itemListElement":[{"@type":"ListItem","position":1,"name":"In\u00edcio","item":"https:\/\/www.grupomedcof.com.br\/blog\/"},{"@type":"ListItem","position":2,"name":"Resid\u00eancia M\u00e9dica: UFRN 2024"}]},{"@type":"WebSite","@id":"https:\/\/www.grupomedcof.com.br\/blog\/#website","url":"https:\/\/www.grupomedcof.com.br\/blog\/","name":"Blog de Medcof: conte\u00fados, editais, revalida e mais!","description":"Acesso o blog de MedCof! Seu portal de conte\u00fados sobre resid\u00eancia m\u00e9dica, an\u00e1lise e editais e muito mais. Clique e confira!","publisher":{"@id":"https:\/\/www.grupomedcof.com.br\/blog\/#organization"},"alternateName":"Blog de Medcof: conte\u00fados, editais, revalida e mais!","potentialAction":[{"@type":"SearchAction","target":{"@type":"EntryPoint","urlTemplate":"https:\/\/www.grupomedcof.com.br\/blog\/?s={search_term_string}"},"query-input":{"@type":"PropertyValueSpecification","valueRequired":true,"valueName":"search_term_string"}}],"inLanguage":"pt-BR"},{"@type":"Organization","@id":"https:\/\/www.grupomedcof.com.br\/blog\/#organization","name":"Grupo MedCof","url":"https:\/\/www.grupomedcof.com.br\/blog\/","logo":{"@type":"ImageObject","inLanguage":"pt-BR","@id":"https:\/\/www.grupomedcof.com.br\/blog\/#\/schema\/logo\/image\/","url":"https:\/\/www.grupomedcof.com.br\/blog\/wp-content\/uploads\/2022\/01\/logo-medcof.png","contentUrl":"https:\/\/www.grupomedcof.com.br\/blog\/wp-content\/uploads\/2022\/01\/logo-medcof.png","width":768,"height":269,"caption":"Grupo MedCof"},"image":{"@id":"https:\/\/www.grupomedcof.com.br\/blog\/#\/schema\/logo\/image\/"},"sameAs":["https:\/\/www.facebook.com\/MedCofQbank\/","https:\/\/www.instagram.com\/grupomedcof\/","https:\/\/br.linkedin.com\/company\/medcof","https:\/\/www.youtube.com\/channel\/UCdHMuOHKICxcHwecxN8P-AA"]},{"@type":"Person","@id":"https:\/\/www.grupomedcof.com.br\/blog\/#\/schema\/person\/2a5527209c17e7eb35bd6a4ebd5c7956","name":"Leila Menzel","image":{"@type":"ImageObject","inLanguage":"pt-BR","@id":"https:\/\/www.grupomedcof.com.br\/blog\/wp-content\/uploads\/2023\/04\/cropped-cropped-cropped-logo-96x96.png15459389df217b605b4f0cce419ac81a","url":"https:\/\/www.grupomedcof.com.br\/blog\/wp-content\/uploads\/2023\/04\/cropped-cropped-cropped-logo-96x96.png","contentUrl":"https:\/\/www.grupomedcof.com.br\/blog\/wp-content\/uploads\/2023\/04\/cropped-cropped-cropped-logo-96x96.png","caption":"Leila Menzel"},"description":"Estudante do 6\u00b0 semestre de jornalismo, amo e escrevo poesias e viajo em livros de romances clich\u00eas.","url":"https:\/\/www.grupomedcof.com.br\/blog\/author\/leila\/"}]}},"authors":[{"term_id":3611,"user_id":18,"is_guest":0,"slug":"leila","display_name":"Leila Menzel","avatar_url":"https:\/\/www.grupomedcof.com.br\/blog\/wp-content\/uploads\/2023\/04\/cropped-cropped-cropped-logo-96x96.png","0":null,"1":"","2":"","3":"","4":"","5":"","6":"","7":"","8":""}],"_links":{"self":[{"href":"https:\/\/www.grupomedcof.com.br\/blog\/wp-json\/wp\/v2\/posts\/28095","targetHints":{"allow":["GET"]}}],"collection":[{"href":"https:\/\/www.grupomedcof.com.br\/blog\/wp-json\/wp\/v2\/posts"}],"about":[{"href":"https:\/\/www.grupomedcof.com.br\/blog\/wp-json\/wp\/v2\/types\/post"}],"author":[{"embeddable":true,"href":"https:\/\/www.grupomedcof.com.br\/blog\/wp-json\/wp\/v2\/users\/18"}],"replies":[{"embeddable":true,"href":"https:\/\/www.grupomedcof.com.br\/blog\/wp-json\/wp\/v2\/comments?post=28095"}],"version-history":[{"count":0,"href":"https:\/\/www.grupomedcof.com.br\/blog\/wp-json\/wp\/v2\/posts\/28095\/revisions"}],"wp:featuredmedia":[{"embeddable":true,"href":"https:\/\/www.grupomedcof.com.br\/blog\/wp-json\/wp\/v2\/media\/28097"}],"wp:attachment":[{"href":"https:\/\/www.grupomedcof.com.br\/blog\/wp-json\/wp\/v2\/media?parent=28095"}],"wp:term":[{"taxonomy":"category","embeddable":true,"href":"https:\/\/www.grupomedcof.com.br\/blog\/wp-json\/wp\/v2\/categories?post=28095"},{"taxonomy":"post_tag","embeddable":true,"href":"https:\/\/www.grupomedcof.com.br\/blog\/wp-json\/wp\/v2\/tags?post=28095"},{"taxonomy":"author","embeddable":true,"href":"https:\/\/www.grupomedcof.com.br\/blog\/wp-json\/wp\/v2\/ppma_author?post=28095"}],"curies":[{"name":"wp","href":"https:\/\/api.w.org\/{rel}","templated":true}]}}