{"id":28111,"date":"2024-11-30T15:22:17","date_gmt":"2024-11-30T18:22:17","guid":{"rendered":"https:\/\/www.grupomedcof.com.br\/blog\/?p=28111"},"modified":"2024-12-06T16:03:50","modified_gmt":"2024-12-06T19:03:50","slug":"instituicoes-do-ses-pb-aderem-ao-enare-2025","status":"publish","type":"post","link":"https:\/\/www.grupomedcof.com.br\/blog\/instituicoes-do-ses-pb-aderem-ao-enare-2025\/","title":{"rendered":"Institui\u00e7\u00f5es do SES-PB aderem ao ENARE 2025"},"content":{"rendered":"<div id=\"ez-toc-container\" class=\"ez-toc-v2_0_74 counter-hierarchy ez-toc-counter ez-toc-transparent ez-toc-container-direction\">\n<div class=\"ez-toc-title-container\">\n<p class=\"ez-toc-title\" style=\"cursor:inherit\">Sum\u00e1rio<\/p>\n<span class=\"ez-toc-title-toggle\"><a href=\"#\" class=\"ez-toc-pull-right ez-toc-btn ez-toc-btn-xs ez-toc-btn-default ez-toc-toggle\" aria-label=\"Alternar tabela de conte\u00fado\"><span class=\"ez-toc-js-icon-con\"><span class=\"\"><span class=\"eztoc-hide\" style=\"display:none;\">Toggle<\/span><span class=\"ez-toc-icon-toggle-span\"><svg style=\"fill: #999;color:#999\" xmlns=\"http:\/\/www.w3.org\/2000\/svg\" class=\"list-377408\" width=\"20px\" height=\"20px\" viewBox=\"0 0 24 24\" fill=\"none\"><path d=\"M6 6H4v2h2V6zm14 0H8v2h12V6zM4 11h2v2H4v-2zm16 0H8v2h12v-2zM4 16h2v2H4v-2zm16 0H8v2h12v-2z\" fill=\"currentColor\"><\/path><\/svg><svg style=\"fill: #999;color:#999\" class=\"arrow-unsorted-368013\" xmlns=\"http:\/\/www.w3.org\/2000\/svg\" width=\"10px\" height=\"10px\" viewBox=\"0 0 24 24\" version=\"1.2\" baseProfile=\"tiny\"><path d=\"M18.2 9.3l-6.2-6.3-6.2 6.3c-.2.2-.3.4-.3.7s.1.5.3.7c.2.2.4.3.7.3h11c.3 0 .5-.1.7-.3.2-.2.3-.5.3-.7s-.1-.5-.3-.7zM5.8 14.7l6.2 6.3 6.2-6.3c.2-.2.3-.5.3-.7s-.1-.5-.3-.7c-.2-.2-.4-.3-.7-.3h-11c-.3 0-.5.1-.7.3-.2.2-.3.5-.3.7s.1.5.3.7z\"\/><\/svg><\/span><\/span><\/span><\/a><\/span><\/div>\n<nav><ul class='ez-toc-list ez-toc-list-level-1 ' ><li class='ez-toc-page-1 ez-toc-heading-level-2'><a class=\"ez-toc-link ez-toc-heading-1\" href=\"https:\/\/www.grupomedcof.com.br\/blog\/instituicoes-do-ses-pb-aderem-ao-enare-2025\/#O_que_e_o_ENARE\" >O que \u00e9 o ENARE<\/a><\/li><li class='ez-toc-page-1 ez-toc-heading-level-2'><a class=\"ez-toc-link ez-toc-heading-2\" href=\"https:\/\/www.grupomedcof.com.br\/blog\/instituicoes-do-ses-pb-aderem-ao-enare-2025\/#Importancia_e_beneficios_para_os_candidatos_da_adesao_as_instituicoes_do_SES-PB_ao_ENARE\" >Import\u00e2ncia e benef\u00edcios para os candidatos da ades\u00e3o \u00e0s institui\u00e7\u00f5es do SES-PB ao ENARE<\/a><\/li><li class='ez-toc-page-1 ez-toc-heading-level-2'><a class=\"ez-toc-link ez-toc-heading-3\" href=\"https:\/\/www.grupomedcof.com.br\/blog\/instituicoes-do-ses-pb-aderem-ao-enare-2025\/#Instituicoes_do_SES-PB_que_realizaram_a_adesao_ao_ENARE\" >Institui\u00e7\u00f5es do SES-PB que realizaram a ades\u00e3o ao ENARE<\/a><\/li><li class='ez-toc-page-1 ez-toc-heading-level-2'><a class=\"ez-toc-link ez-toc-heading-4\" href=\"https:\/\/www.grupomedcof.com.br\/blog\/instituicoes-do-ses-pb-aderem-ao-enare-2025\/#Prepare-se_conosco\" >Prepare-se conosco!<\/a><\/li><\/ul><\/nav><\/div>\n\n<figure class=\"wp-block-image size-large\"><img loading=\"lazy\" decoding=\"async\" width=\"1024\" height=\"576\" src=\"https:\/\/www.grupomedcof.com.br\/blog\/wp-content\/uploads\/2024\/07\/Modelo-instituicoes-42-1024x576.png\" alt=\"\" class=\"wp-image-28113\" srcset=\"https:\/\/www.grupomedcof.com.br\/blog\/wp-content\/uploads\/2024\/07\/Modelo-instituicoes-42-1024x576.png 1024w, https:\/\/www.grupomedcof.com.br\/blog\/wp-content\/uploads\/2024\/07\/Modelo-instituicoes-42-300x169.png 300w, https:\/\/www.grupomedcof.com.br\/blog\/wp-content\/uploads\/2024\/07\/Modelo-instituicoes-42-768x432.png 768w, https:\/\/www.grupomedcof.com.br\/blog\/wp-content\/uploads\/2024\/07\/Modelo-instituicoes-42-1536x864.png 1536w, https:\/\/www.grupomedcof.com.br\/blog\/wp-content\/uploads\/2024\/07\/Modelo-instituicoes-42-2048x1152.png 2048w, https:\/\/www.grupomedcof.com.br\/blog\/wp-content\/uploads\/2024\/07\/Modelo-instituicoes-42-747x420.png 747w, https:\/\/www.grupomedcof.com.br\/blog\/wp-content\/uploads\/2024\/07\/Modelo-instituicoes-42-150x84.png 150w, https:\/\/www.grupomedcof.com.br\/blog\/wp-content\/uploads\/2024\/07\/Modelo-instituicoes-42-696x392.png 696w, https:\/\/www.grupomedcof.com.br\/blog\/wp-content\/uploads\/2024\/07\/Modelo-instituicoes-42-1068x601.png 1068w, https:\/\/www.grupomedcof.com.br\/blog\/wp-content\/uploads\/2024\/07\/Modelo-instituicoes-42-1920x1080.png 1920w\" sizes=\"auto, (max-width: 1024px) 100vw, 1024px\" \/><\/figure>\n\n\n\n<h2 class=\"wp-block-heading\" id=\"h-o-que-e-o-enare\"><span class=\"ez-toc-section\" id=\"O_que_e_o_ENARE\"><\/span><strong>O que \u00e9 o ENARE<\/strong><span class=\"ez-toc-section-end\"><\/span><\/h2>\n\n\n\n<p>Conhecido como \u201co ENEM da resid\u00eancia m\u00e9dica\u201d, o <a href=\"https:\/\/www.grupomedcof.com.br\/blog\/o-que-e-enare\/\">ENARE<\/a> possui um sistema semelhante ao Exame Nacional do Ensino M\u00e9dio (ENEM), unificando diversas institui\u00e7\u00f5es a um mesmo processo seletivo. Assim, seu funcionamento permite que os candidatos realizem a prova em diversas localidades do pa\u00eds, podendo se candidatar \u00e0s vagas de acordo com sua prefer\u00eancia.\u00a0<\/p>\n\n\n\n<h2 class=\"wp-block-heading\" id=\"h-importancia-e-beneficios-para-os-candidatos-da-adesao-as-instituicoes-do-ses-pb-ao-enare\"><span class=\"ez-toc-section\" id=\"Importancia_e_beneficios_para_os_candidatos_da_adesao_as_instituicoes_do_SES-PB_ao_ENARE\"><\/span><strong>Import\u00e2ncia e benef\u00edcios para os candidatos da ades\u00e3o \u00e0s institui\u00e7\u00f5es do SES-PB ao ENARE<\/strong><span class=\"ez-toc-section-end\"><\/span><\/h2>\n\n\n\n<p>Com a ades\u00e3o do processo seletivo do SES-PB ao ENARE, os candidatos tiveram a vantagem de preparar-se apenas uma vez para a sele\u00e7\u00e3o. Al\u00e9m disso, os participantes tamb\u00e9m tiveram uma escolha de institui\u00e7\u00e3o ainda mais abrangente.\u00a0<\/p>\n\n\n\n<p><\/p>\n\n\n\n<p>Com base no edital do ENARE 2025 publicado dia 17 de julho, temos a informa\u00e7\u00e3o de que a SES-PB disponibilizar\u00e1 suas vagas atr\u00e1ves do Exame Nacional de Resid\u00eancia M\u00e9dica (ENARE). <\/p>\n\n\n\n<p>Anteriormente, as institui\u00e7\u00f5es faziam parte do processo seletivo da<strong> Secretaria de Estado da Sa\u00fade da Para\u00edba (SES-PB)<\/strong>. Por\u00e9m, ap\u00f3s divulga\u00e7\u00e3o do edital, elas passaram a ficar sob responsabilidade do ENARE. <\/p>\n\n\n\n<h2 class=\"wp-block-heading\" id=\"h-instituicoes-do-ses-pb-que-realizaram-a-adesao-ao-enare\"><span class=\"ez-toc-section\" id=\"Instituicoes_do_SES-PB_que_realizaram_a_adesao_ao_ENARE\"><\/span><strong>Institui\u00e7\u00f5es do SES-PB que realizaram a ades\u00e3o ao ENARE<\/strong><span class=\"ez-toc-section-end\"><\/span><\/h2>\n\n\n\n<p>Desse modo, confira quais institui\u00e7\u00f5es do nordeste participar\u00e3o do ENARE:<\/p>\n\n\n\n<figure class=\"wp-block-table\"><table class=\"has-fixed-layout\"><thead><tr><th>UF<\/th><th>Institui\u00e7\u00e3o<\/th><th>Vagas<\/th><\/tr><\/thead><tbody><tr><td>SE<\/td><td>Associa\u00e7\u00e3o Aracajuana de Benefic\u00eancia<\/td><td>11<\/td><\/tr><tr><td>CE<\/td><td>Associa\u00e7\u00e3o Igreja Adventista Mission\u00e1ria<\/td><td>13<\/td><\/tr><tr><td>PI<\/td><td>Associa\u00e7\u00e3o Piauiense de Combate ao C\u00e2ncer Alcenor Almeida<\/td><td>6<\/td><\/tr><tr><td>CE<\/td><td>Complexo Hospital da Universidade Federal do Cear\u00e1<\/td><td>168<\/td><\/tr><tr><td>PB<\/td><td>Escola de Sa\u00fade P\u00fablica da Para\u00edba ESP-PB<\/td><td>76<\/td><\/tr><tr><td>CE<\/td><td>Escola de Sa\u00fade P\u00fablica do Cear\u00e1<\/td><td>68<\/td><\/tr><tr><td>CE<\/td><td>FUNCIPE \u2013 Funda\u00e7\u00e3o de Ci\u00eancias e Pesquisa Maria Ione Xerez Vasconcelos<\/td><td>2<\/td><\/tr><tr><td>SE<\/td><td>Funda\u00e7\u00e3o de Benefic\u00eancia Hospital de Cirurgia<\/td><td>35<\/td><\/tr><tr><td>CE<\/td><td>Funda\u00e7\u00e3o Edson Queiroz \u2013 Universidade de Fortaleza<\/td><td>2<\/td><\/tr><tr><td>BA<\/td><td>Funda\u00e7\u00e3o Estatal de Sa\u00fade da Fam\u00edlia<\/td><td>25<\/td><\/tr><tr><td>PB<\/td><td>Fundo Municipal de Sa\u00fade de Cabedelo<\/td><td>4<\/td><\/tr><tr><td>PE<\/td><td>Hospital das Cl\u00ednicas da Universidade Federal de Pernambuco Professor Romero Marques<\/td><td>132<\/td><\/tr><tr><td>AL<\/td><td>Hospital de Emerg\u00eancia Dr Daniel Houly<\/td><td>12<\/td><\/tr><tr><td>MA<\/td><td>Hosp\u00edtal Dr. Carlos Macieira<\/td><td>24<\/td><\/tr><tr><td>CE<\/td><td>Hospital e Maternidade S\u00e3o Francisco de Assis<\/td><td>6<\/td><\/tr><tr><td>BA<\/td><td>Hospital Geral do Estado \u2013 HGE BAHIA<\/td><td>4<\/td><\/tr><tr><td>AL<\/td><td>Hospital Geral do Estado Prof. Osvaldo Brand\u00e3o Vilela<\/td><td>20<\/td><\/tr><tr><td>MA<\/td><td>Hospital Infantil Dr. Juv\u00eancio Matos<\/td><td>5<\/td><\/tr><tr><td>MA<\/td><td>Hospital Macrorregional Dra.Ruth Noleto<\/td><td>3<\/td><\/tr><tr><td>AL<\/td><td>Hospital Metropolitano de Alagoas<\/td><td>9<\/td><\/tr><tr><td>MA<\/td><td>Hospital Nina Rodrigues<\/td><td>5<\/td><\/tr><tr><td>MA<\/td><td>Hospital Oncologia do Maranh\u00e3o Dr. Tarqu\u00ednio Lopes Filho<\/td><td>3<\/td><\/tr><tr><td>PB<\/td><td>Hospital Universit\u00e1rio Alcides Carneiro<\/td><td>31<\/td><\/tr><tr><td>RN<\/td><td>Hospital Universit\u00e1rio Ana Bezerra<\/td><td>17<\/td><\/tr><tr><td>SE<\/td><td>Hospital Universit\u00e1rio da Universidade Federal de Sergipe<\/td><td>72<\/td><\/tr><tr><td>MA<\/td><td>Hospital Universit\u00e1rio da Universidade Federal do Maranh\u00e3o<\/td><td>107<\/td><\/tr><tr><td>SE<\/td><td>Hospital Universit\u00e1rio de Lagarto<\/td><td>11<\/td><\/tr><tr><td>PI<\/td><td>Hospital Universit\u00e1rio do Piau\u00ed<\/td><td>71<\/td><\/tr><tr><td>PB<\/td><td>Hospital Universit\u00e1rio Julio Bandeira<\/td><td>12<\/td><\/tr><tr><td>RN<\/td><td>Hospital Universit\u00e1rio Onofre Lopes<\/td><td>91<\/td><\/tr><tr><td>CE<\/td><td>Instituto Dr Jose Frota<\/td><td>25<\/td><\/tr><tr><td>CE<\/td><td>Instituto Madre Teresa de Apoio a Vida<\/td><td>2<\/td><\/tr><tr><td>CE<\/td><td>Irmandade da Santa Casa de Miseric\u00f3rdia de Fortaleza<\/td><td>12<\/td><\/tr><tr><td>RN<\/td><td>Liga Norte RioGrandense Contra o C\u00e2ncer<\/td><td>14<\/td><\/tr><tr><td>MA<\/td><td>Maternidade de Alta Complexidade do Maranh\u00e3o<\/td><td>6<\/td><\/tr><tr><td>MA<\/td><td>Maternidade de Alto Risco de Imperatriz<\/td><td>5<\/td><\/tr><tr><td>RN<\/td><td>Maternidade Escola Janu\u00e1rio Cicco<\/td><td>13<\/td><\/tr><tr><td>CE<\/td><td>Santa Casa de Miseric\u00f3rdia de Sobral\/ Universidade Federal do Cear\u00e1<\/td><td>35<\/td><\/tr><tr><td>CE<\/td><td>Secretaria da Sa\u00fade do Estado do Cear\u00e1<\/td><td>292<\/td><\/tr><tr><td>CE<\/td><td>Secretaria Municipal de Sa\u00fade de Fortaleza<\/td><td>33<\/td><\/tr><tr><td>CE<\/td><td>Secretaria Municipal de Sa\u00fade de Sobral<\/td><td>5<\/td><\/tr><tr><td>RN<\/td><td>Sociedade Professor Heitor Carrilho<\/td><td>3<\/td><\/tr><tr><td>AL<\/td><td>Universidade Estadual de Ci\u00eancias da Sa\u00fade de Alagoas<\/td><td>25<\/td><\/tr><tr><td>PB<\/td><td>Universidade Federal da Para\u00edba<\/td><td>78<\/td><\/tr><tr><td>AL<\/td><td>Universidade Federal de Alagoas<\/td><td>70<\/td><\/tr><tr><td>CE<\/td><td>Universidade Federal do Cariri<\/td><td>29<\/td><\/tr><tr><td>RN<\/td><td>Universidade Federal do Rio Grande do Norte<\/td><td>18<\/td><\/tr><tr><td>PE<\/td><td>Universidade Federal do Vale do S\u00e3o Francisco \u2013 UNIVASF<\/td><td>13<\/td><\/tr><\/tbody><\/table><\/figure>\n\n\n\n<p>Saiba mais a partir do edital:<\/p>\n\n\n\n<div class=\"wp-block-buttons is-content-justification-center is-layout-flex wp-container-core-buttons-is-layout-16018d1d wp-block-buttons-is-layout-flex\">\n<div class=\"wp-block-button\"><a class=\"wp-block-button__link wp-element-button\" href=\"https:\/\/www.gov.br\/ebserh\/pt-br\/ensino-e-pesquisa\/exame-nacional-de-residencia-enare\/anexos-residencia-medica\/edital_01_enare_24_25_res_medica_v-f-17-07-24.pdf\">Edital ENARE 2025<\/a><\/div>\n<\/div>\n\n\n\n<h2 class=\"wp-block-heading\" id=\"h-prepare-se-conosco\"><span class=\"ez-toc-section\" id=\"Prepare-se_conosco\"><\/span><strong>Prepare-se conosco!<\/strong><span class=\"ez-toc-section-end\"><\/span><\/h2>\n\n\n\n<p>Prepare-se para as provas de resid\u00eancia m\u00e9dica com o <a href=\"https:\/\/www.grupomedcof.com.br\/home\/\" target=\"_blank\" rel=\"noreferrer noopener\">Grupo MedCof!<\/a> Aqui temos uma metodologia que j\u00e1 aprovou mais de 10 mil residentes por todo o pa\u00eds. Por fim, confira nossa aula de corre\u00e7\u00e3o p\u00f3s-prova do ENARE e fique preparado:<\/p>\n\n\n\n<figure class=\"wp-block-embed is-type-video is-provider-youtube wp-block-embed-youtube wp-embed-aspect-16-9 wp-has-aspect-ratio\"><div class=\"wp-block-embed__wrapper\">\n<div class=\"youtube-embed\" data-video_id=\"sKiSNAvKraw\"><iframe loading=\"lazy\" title=\"Gabarito Resid\u00eancia M\u00e9dica ENARE 2024 - Corre\u00e7\u00e3o P\u00f3s-Prova - Ao Vivo\" width=\"696\" height=\"392\" src=\"https:\/\/www.youtube.com\/embed\/sKiSNAvKraw?feature=oembed&#038;enablejsapi=1\" frameborder=\"0\" allow=\"accelerometer; autoplay; clipboard-write; encrypted-media; gyroscope; picture-in-picture; web-share\" referrerpolicy=\"strict-origin-when-cross-origin\" allowfullscreen><\/iframe><\/div>\n<\/div><\/figure>\n\n\n\n<p><\/p>\n","protected":false},"excerpt":{"rendered":"<p>Com base no edital do ENARE 2025 publicado dia 17 de julho, temos a informa\u00e7\u00e3o de que a SES-PB disponibilizar\u00e1 suas vagas atr\u00e1ves do ENARE.<\/p>\n","protected":false},"author":18,"featured_media":28113,"comment_status":"open","ping_status":"open","sticky":false,"template":"","format":"standard","meta":{"footnotes":""},"categories":[287,174],"tags":[29,1431,117,68,292],"ppma_author":[3611],"class_list":{"0":"post-28111","1":"post","2":"type-post","3":"status-publish","4":"format-standard","5":"has-post-thumbnail","7":"category-destaques-medcof","8":"category-residencia-medica","9":"tag-enare","10":"tag-enare-2025","11":"tag-provas-de-residencia","12":"tag-residencia-medica","13":"tag-ses-pb"},"yoast_head":"<!-- This site is optimized with the Yoast SEO Premium plugin v24.3 (Yoast SEO v27.4) - https:\/\/yoast.com\/product\/yoast-seo-premium-wordpress\/ -->\n<title>Institui\u00e7\u00f5es do SES-PB aderem ao ENARE 2025 - Blog de Medcof: conte\u00fados, editais, revalida e mais!<\/title>\n<meta name=\"description\" content=\"Com base no edital do ENARE 2025 publicado dia 17 de julho, temos a informa\u00e7\u00e3o de que a SES-PB disponibilizar\u00e1 suas vagas atr\u00e1ves do ENARE.\" \/>\n<meta name=\"robots\" content=\"index, follow, max-snippet:-1, max-image-preview:large, max-video-preview:-1\" \/>\n<link rel=\"canonical\" href=\"https:\/\/www.grupomedcof.com.br\/blog\/instituicoes-do-ses-pb-aderem-ao-enare-2025\/\" \/>\n<meta property=\"og:locale\" content=\"pt_BR\" \/>\n<meta property=\"og:type\" content=\"article\" \/>\n<meta property=\"og:title\" content=\"Institui\u00e7\u00f5es do SES-PB aderem ao ENARE 2025\" \/>\n<meta property=\"og:description\" content=\"Com base no edital do ENARE 2025 publicado dia 17 de julho, temos a informa\u00e7\u00e3o de que a SES-PB disponibilizar\u00e1 suas vagas atr\u00e1ves do ENARE.\" \/>\n<meta property=\"og:url\" content=\"https:\/\/www.grupomedcof.com.br\/blog\/instituicoes-do-ses-pb-aderem-ao-enare-2025\/\" \/>\n<meta property=\"og:site_name\" content=\"Blog de Medcof: conte\u00fados, editais, revalida e mais!\" \/>\n<meta property=\"article:publisher\" content=\"https:\/\/www.facebook.com\/MedCofQbank\/\" \/>\n<meta property=\"article:published_time\" content=\"2024-11-30T18:22:17+00:00\" \/>\n<meta property=\"article:modified_time\" content=\"2024-12-06T19:03:50+00:00\" \/>\n<meta property=\"og:image\" content=\"https:\/\/www.grupomedcof.com.br\/blog\/wp-content\/uploads\/2024\/07\/Modelo-instituicoes-42.png\" \/>\n\t<meta property=\"og:image:width\" content=\"2560\" \/>\n\t<meta property=\"og:image:height\" content=\"1440\" \/>\n\t<meta property=\"og:image:type\" content=\"image\/png\" \/>\n<meta name=\"author\" content=\"Leila Menzel\" \/>\n<meta name=\"twitter:card\" content=\"summary_large_image\" \/>\n<meta name=\"twitter:label1\" content=\"Escrito por\" \/>\n\t<meta name=\"twitter:data1\" content=\"Leila Menzel\" \/>\n\t<meta name=\"twitter:label2\" content=\"Est. tempo de leitura\" \/>\n\t<meta name=\"twitter:data2\" content=\"4 minutos\" \/>\n<script type=\"application\/ld+json\" class=\"yoast-schema-graph\">{\"@context\":\"https:\\\/\\\/schema.org\",\"@graph\":[{\"@type\":\"Article\",\"@id\":\"https:\\\/\\\/www.grupomedcof.com.br\\\/blog\\\/instituicoes-do-ses-pb-aderem-ao-enare-2025\\\/#article\",\"isPartOf\":{\"@id\":\"https:\\\/\\\/www.grupomedcof.com.br\\\/blog\\\/instituicoes-do-ses-pb-aderem-ao-enare-2025\\\/\"},\"author\":{\"name\":\"Leila Menzel\",\"@id\":\"https:\\\/\\\/www.grupomedcof.com.br\\\/blog\\\/#\\\/schema\\\/person\\\/2a5527209c17e7eb35bd6a4ebd5c7956\"},\"headline\":\"Institui\u00e7\u00f5es do SES-PB aderem ao ENARE 2025\",\"datePublished\":\"2024-11-30T18:22:17+00:00\",\"dateModified\":\"2024-12-06T19:03:50+00:00\",\"mainEntityOfPage\":{\"@id\":\"https:\\\/\\\/www.grupomedcof.com.br\\\/blog\\\/instituicoes-do-ses-pb-aderem-ao-enare-2025\\\/\"},\"wordCount\":666,\"commentCount\":0,\"publisher\":{\"@id\":\"https:\\\/\\\/www.grupomedcof.com.br\\\/blog\\\/#organization\"},\"image\":{\"@id\":\"https:\\\/\\\/www.grupomedcof.com.br\\\/blog\\\/instituicoes-do-ses-pb-aderem-ao-enare-2025\\\/#primaryimage\"},\"thumbnailUrl\":\"https:\\\/\\\/www.grupomedcof.com.br\\\/blog\\\/wp-content\\\/uploads\\\/2024\\\/07\\\/Modelo-instituicoes-42.png\",\"keywords\":[\"ENARE\",\"ENARE 2025\",\"Provas de Resid\u00eancia\",\"Resid\u00eancia M\u00e9dica\",\"SES-PB\"],\"articleSection\":[\"Destaques MedCof\",\"Resid\u00eancia m\u00e9dica: editais, resultados, temas quentes e mais\"],\"inLanguage\":\"pt-BR\"},{\"@type\":\"WebPage\",\"@id\":\"https:\\\/\\\/www.grupomedcof.com.br\\\/blog\\\/instituicoes-do-ses-pb-aderem-ao-enare-2025\\\/\",\"url\":\"https:\\\/\\\/www.grupomedcof.com.br\\\/blog\\\/instituicoes-do-ses-pb-aderem-ao-enare-2025\\\/\",\"name\":\"Institui\u00e7\u00f5es do SES-PB aderem ao ENARE 2025 - Blog de Medcof: conte\u00fados, editais, revalida e mais!\",\"isPartOf\":{\"@id\":\"https:\\\/\\\/www.grupomedcof.com.br\\\/blog\\\/#website\"},\"primaryImageOfPage\":{\"@id\":\"https:\\\/\\\/www.grupomedcof.com.br\\\/blog\\\/instituicoes-do-ses-pb-aderem-ao-enare-2025\\\/#primaryimage\"},\"image\":{\"@id\":\"https:\\\/\\\/www.grupomedcof.com.br\\\/blog\\\/instituicoes-do-ses-pb-aderem-ao-enare-2025\\\/#primaryimage\"},\"thumbnailUrl\":\"https:\\\/\\\/www.grupomedcof.com.br\\\/blog\\\/wp-content\\\/uploads\\\/2024\\\/07\\\/Modelo-instituicoes-42.png\",\"datePublished\":\"2024-11-30T18:22:17+00:00\",\"dateModified\":\"2024-12-06T19:03:50+00:00\",\"description\":\"Com base no edital do ENARE 2025 publicado dia 17 de julho, temos a informa\u00e7\u00e3o de que a SES-PB disponibilizar\u00e1 suas vagas atr\u00e1ves do ENARE.\",\"breadcrumb\":{\"@id\":\"https:\\\/\\\/www.grupomedcof.com.br\\\/blog\\\/instituicoes-do-ses-pb-aderem-ao-enare-2025\\\/#breadcrumb\"},\"inLanguage\":\"pt-BR\",\"potentialAction\":[{\"@type\":\"ReadAction\",\"target\":[\"https:\\\/\\\/www.grupomedcof.com.br\\\/blog\\\/instituicoes-do-ses-pb-aderem-ao-enare-2025\\\/\"]}]},{\"@type\":\"ImageObject\",\"inLanguage\":\"pt-BR\",\"@id\":\"https:\\\/\\\/www.grupomedcof.com.br\\\/blog\\\/instituicoes-do-ses-pb-aderem-ao-enare-2025\\\/#primaryimage\",\"url\":\"https:\\\/\\\/www.grupomedcof.com.br\\\/blog\\\/wp-content\\\/uploads\\\/2024\\\/07\\\/Modelo-instituicoes-42.png\",\"contentUrl\":\"https:\\\/\\\/www.grupomedcof.com.br\\\/blog\\\/wp-content\\\/uploads\\\/2024\\\/07\\\/Modelo-instituicoes-42.png\",\"width\":2560,\"height\":1440},{\"@type\":\"BreadcrumbList\",\"@id\":\"https:\\\/\\\/www.grupomedcof.com.br\\\/blog\\\/instituicoes-do-ses-pb-aderem-ao-enare-2025\\\/#breadcrumb\",\"itemListElement\":[{\"@type\":\"ListItem\",\"position\":1,\"name\":\"In\u00edcio\",\"item\":\"https:\\\/\\\/www.grupomedcof.com.br\\\/blog\\\/\"},{\"@type\":\"ListItem\",\"position\":2,\"name\":\"Institui\u00e7\u00f5es do SES-PB aderem ao ENARE 2025\"}]},{\"@type\":\"WebSite\",\"@id\":\"https:\\\/\\\/www.grupomedcof.com.br\\\/blog\\\/#website\",\"url\":\"https:\\\/\\\/www.grupomedcof.com.br\\\/blog\\\/\",\"name\":\"Blog de Medcof: conte\u00fados, editais, revalida e mais!\",\"description\":\"Acesso o blog de MedCof! Seu portal de conte\u00fados sobre resid\u00eancia m\u00e9dica, an\u00e1lise e editais e muito mais. Clique e confira!\",\"publisher\":{\"@id\":\"https:\\\/\\\/www.grupomedcof.com.br\\\/blog\\\/#organization\"},\"alternateName\":\"Blog de Medcof: conte\u00fados, editais, revalida e mais!\",\"potentialAction\":[{\"@type\":\"SearchAction\",\"target\":{\"@type\":\"EntryPoint\",\"urlTemplate\":\"https:\\\/\\\/www.grupomedcof.com.br\\\/blog\\\/?s={search_term_string}\"},\"query-input\":{\"@type\":\"PropertyValueSpecification\",\"valueRequired\":true,\"valueName\":\"search_term_string\"}}],\"inLanguage\":\"pt-BR\"},{\"@type\":\"Organization\",\"@id\":\"https:\\\/\\\/www.grupomedcof.com.br\\\/blog\\\/#organization\",\"name\":\"Grupo MedCof\",\"url\":\"https:\\\/\\\/www.grupomedcof.com.br\\\/blog\\\/\",\"logo\":{\"@type\":\"ImageObject\",\"inLanguage\":\"pt-BR\",\"@id\":\"https:\\\/\\\/www.grupomedcof.com.br\\\/blog\\\/#\\\/schema\\\/logo\\\/image\\\/\",\"url\":\"https:\\\/\\\/www.grupomedcof.com.br\\\/blog\\\/wp-content\\\/uploads\\\/2022\\\/01\\\/logo-medcof.png\",\"contentUrl\":\"https:\\\/\\\/www.grupomedcof.com.br\\\/blog\\\/wp-content\\\/uploads\\\/2022\\\/01\\\/logo-medcof.png\",\"width\":768,\"height\":269,\"caption\":\"Grupo MedCof\"},\"image\":{\"@id\":\"https:\\\/\\\/www.grupomedcof.com.br\\\/blog\\\/#\\\/schema\\\/logo\\\/image\\\/\"},\"sameAs\":[\"https:\\\/\\\/www.facebook.com\\\/MedCofQbank\\\/\",\"https:\\\/\\\/www.instagram.com\\\/grupomedcof\\\/\",\"https:\\\/\\\/br.linkedin.com\\\/company\\\/medcof\",\"https:\\\/\\\/www.youtube.com\\\/channel\\\/UCdHMuOHKICxcHwecxN8P-AA\"]},{\"@type\":\"Person\",\"@id\":\"https:\\\/\\\/www.grupomedcof.com.br\\\/blog\\\/#\\\/schema\\\/person\\\/2a5527209c17e7eb35bd6a4ebd5c7956\",\"name\":\"Leila Menzel\",\"image\":{\"@type\":\"ImageObject\",\"inLanguage\":\"pt-BR\",\"@id\":\"https:\\\/\\\/www.grupomedcof.com.br\\\/blog\\\/wp-content\\\/uploads\\\/2023\\\/04\\\/cropped-cropped-cropped-logo-96x96.png15459389df217b605b4f0cce419ac81a\",\"url\":\"https:\\\/\\\/www.grupomedcof.com.br\\\/blog\\\/wp-content\\\/uploads\\\/2023\\\/04\\\/cropped-cropped-cropped-logo-96x96.png\",\"contentUrl\":\"https:\\\/\\\/www.grupomedcof.com.br\\\/blog\\\/wp-content\\\/uploads\\\/2023\\\/04\\\/cropped-cropped-cropped-logo-96x96.png\",\"caption\":\"Leila Menzel\"},\"description\":\"Estudante do 6\u00b0 semestre de jornalismo, amo e escrevo poesias e viajo em livros de romances clich\u00eas.\",\"url\":\"https:\\\/\\\/www.grupomedcof.com.br\\\/blog\\\/author\\\/leila\\\/\"}]}<\/script>\n<!-- \/ Yoast SEO Premium plugin. -->","yoast_head_json":{"title":"Institui\u00e7\u00f5es do SES-PB aderem ao ENARE 2025 - Blog de Medcof: conte\u00fados, editais, revalida e mais!","description":"Com base no edital do ENARE 2025 publicado dia 17 de julho, temos a informa\u00e7\u00e3o de que a SES-PB disponibilizar\u00e1 suas vagas atr\u00e1ves do ENARE.","robots":{"index":"index","follow":"follow","max-snippet":"max-snippet:-1","max-image-preview":"max-image-preview:large","max-video-preview":"max-video-preview:-1"},"canonical":"https:\/\/www.grupomedcof.com.br\/blog\/instituicoes-do-ses-pb-aderem-ao-enare-2025\/","og_locale":"pt_BR","og_type":"article","og_title":"Institui\u00e7\u00f5es do SES-PB aderem ao ENARE 2025","og_description":"Com base no edital do ENARE 2025 publicado dia 17 de julho, temos a informa\u00e7\u00e3o de que a SES-PB disponibilizar\u00e1 suas vagas atr\u00e1ves do ENARE.","og_url":"https:\/\/www.grupomedcof.com.br\/blog\/instituicoes-do-ses-pb-aderem-ao-enare-2025\/","og_site_name":"Blog de Medcof: conte\u00fados, editais, revalida e mais!","article_publisher":"https:\/\/www.facebook.com\/MedCofQbank\/","article_published_time":"2024-11-30T18:22:17+00:00","article_modified_time":"2024-12-06T19:03:50+00:00","og_image":[{"width":2560,"height":1440,"url":"https:\/\/www.grupomedcof.com.br\/blog\/wp-content\/uploads\/2024\/07\/Modelo-instituicoes-42.png","type":"image\/png"}],"author":"Leila Menzel","twitter_card":"summary_large_image","twitter_misc":{"Escrito por":"Leila Menzel","Est. tempo de leitura":"4 minutos"},"schema":{"@context":"https:\/\/schema.org","@graph":[{"@type":"Article","@id":"https:\/\/www.grupomedcof.com.br\/blog\/instituicoes-do-ses-pb-aderem-ao-enare-2025\/#article","isPartOf":{"@id":"https:\/\/www.grupomedcof.com.br\/blog\/instituicoes-do-ses-pb-aderem-ao-enare-2025\/"},"author":{"name":"Leila Menzel","@id":"https:\/\/www.grupomedcof.com.br\/blog\/#\/schema\/person\/2a5527209c17e7eb35bd6a4ebd5c7956"},"headline":"Institui\u00e7\u00f5es do SES-PB aderem ao ENARE 2025","datePublished":"2024-11-30T18:22:17+00:00","dateModified":"2024-12-06T19:03:50+00:00","mainEntityOfPage":{"@id":"https:\/\/www.grupomedcof.com.br\/blog\/instituicoes-do-ses-pb-aderem-ao-enare-2025\/"},"wordCount":666,"commentCount":0,"publisher":{"@id":"https:\/\/www.grupomedcof.com.br\/blog\/#organization"},"image":{"@id":"https:\/\/www.grupomedcof.com.br\/blog\/instituicoes-do-ses-pb-aderem-ao-enare-2025\/#primaryimage"},"thumbnailUrl":"https:\/\/www.grupomedcof.com.br\/blog\/wp-content\/uploads\/2024\/07\/Modelo-instituicoes-42.png","keywords":["ENARE","ENARE 2025","Provas de Resid\u00eancia","Resid\u00eancia M\u00e9dica","SES-PB"],"articleSection":["Destaques MedCof","Resid\u00eancia m\u00e9dica: editais, resultados, temas quentes e mais"],"inLanguage":"pt-BR"},{"@type":"WebPage","@id":"https:\/\/www.grupomedcof.com.br\/blog\/instituicoes-do-ses-pb-aderem-ao-enare-2025\/","url":"https:\/\/www.grupomedcof.com.br\/blog\/instituicoes-do-ses-pb-aderem-ao-enare-2025\/","name":"Institui\u00e7\u00f5es do SES-PB aderem ao ENARE 2025 - Blog de Medcof: conte\u00fados, editais, revalida e mais!","isPartOf":{"@id":"https:\/\/www.grupomedcof.com.br\/blog\/#website"},"primaryImageOfPage":{"@id":"https:\/\/www.grupomedcof.com.br\/blog\/instituicoes-do-ses-pb-aderem-ao-enare-2025\/#primaryimage"},"image":{"@id":"https:\/\/www.grupomedcof.com.br\/blog\/instituicoes-do-ses-pb-aderem-ao-enare-2025\/#primaryimage"},"thumbnailUrl":"https:\/\/www.grupomedcof.com.br\/blog\/wp-content\/uploads\/2024\/07\/Modelo-instituicoes-42.png","datePublished":"2024-11-30T18:22:17+00:00","dateModified":"2024-12-06T19:03:50+00:00","description":"Com base no edital do ENARE 2025 publicado dia 17 de julho, temos a informa\u00e7\u00e3o de que a SES-PB disponibilizar\u00e1 suas vagas atr\u00e1ves do ENARE.","breadcrumb":{"@id":"https:\/\/www.grupomedcof.com.br\/blog\/instituicoes-do-ses-pb-aderem-ao-enare-2025\/#breadcrumb"},"inLanguage":"pt-BR","potentialAction":[{"@type":"ReadAction","target":["https:\/\/www.grupomedcof.com.br\/blog\/instituicoes-do-ses-pb-aderem-ao-enare-2025\/"]}]},{"@type":"ImageObject","inLanguage":"pt-BR","@id":"https:\/\/www.grupomedcof.com.br\/blog\/instituicoes-do-ses-pb-aderem-ao-enare-2025\/#primaryimage","url":"https:\/\/www.grupomedcof.com.br\/blog\/wp-content\/uploads\/2024\/07\/Modelo-instituicoes-42.png","contentUrl":"https:\/\/www.grupomedcof.com.br\/blog\/wp-content\/uploads\/2024\/07\/Modelo-instituicoes-42.png","width":2560,"height":1440},{"@type":"BreadcrumbList","@id":"https:\/\/www.grupomedcof.com.br\/blog\/instituicoes-do-ses-pb-aderem-ao-enare-2025\/#breadcrumb","itemListElement":[{"@type":"ListItem","position":1,"name":"In\u00edcio","item":"https:\/\/www.grupomedcof.com.br\/blog\/"},{"@type":"ListItem","position":2,"name":"Institui\u00e7\u00f5es do SES-PB aderem ao ENARE 2025"}]},{"@type":"WebSite","@id":"https:\/\/www.grupomedcof.com.br\/blog\/#website","url":"https:\/\/www.grupomedcof.com.br\/blog\/","name":"Blog de Medcof: conte\u00fados, editais, revalida e mais!","description":"Acesso o blog de MedCof! Seu portal de conte\u00fados sobre resid\u00eancia m\u00e9dica, an\u00e1lise e editais e muito mais. Clique e confira!","publisher":{"@id":"https:\/\/www.grupomedcof.com.br\/blog\/#organization"},"alternateName":"Blog de Medcof: conte\u00fados, editais, revalida e mais!","potentialAction":[{"@type":"SearchAction","target":{"@type":"EntryPoint","urlTemplate":"https:\/\/www.grupomedcof.com.br\/blog\/?s={search_term_string}"},"query-input":{"@type":"PropertyValueSpecification","valueRequired":true,"valueName":"search_term_string"}}],"inLanguage":"pt-BR"},{"@type":"Organization","@id":"https:\/\/www.grupomedcof.com.br\/blog\/#organization","name":"Grupo MedCof","url":"https:\/\/www.grupomedcof.com.br\/blog\/","logo":{"@type":"ImageObject","inLanguage":"pt-BR","@id":"https:\/\/www.grupomedcof.com.br\/blog\/#\/schema\/logo\/image\/","url":"https:\/\/www.grupomedcof.com.br\/blog\/wp-content\/uploads\/2022\/01\/logo-medcof.png","contentUrl":"https:\/\/www.grupomedcof.com.br\/blog\/wp-content\/uploads\/2022\/01\/logo-medcof.png","width":768,"height":269,"caption":"Grupo MedCof"},"image":{"@id":"https:\/\/www.grupomedcof.com.br\/blog\/#\/schema\/logo\/image\/"},"sameAs":["https:\/\/www.facebook.com\/MedCofQbank\/","https:\/\/www.instagram.com\/grupomedcof\/","https:\/\/br.linkedin.com\/company\/medcof","https:\/\/www.youtube.com\/channel\/UCdHMuOHKICxcHwecxN8P-AA"]},{"@type":"Person","@id":"https:\/\/www.grupomedcof.com.br\/blog\/#\/schema\/person\/2a5527209c17e7eb35bd6a4ebd5c7956","name":"Leila Menzel","image":{"@type":"ImageObject","inLanguage":"pt-BR","@id":"https:\/\/www.grupomedcof.com.br\/blog\/wp-content\/uploads\/2023\/04\/cropped-cropped-cropped-logo-96x96.png15459389df217b605b4f0cce419ac81a","url":"https:\/\/www.grupomedcof.com.br\/blog\/wp-content\/uploads\/2023\/04\/cropped-cropped-cropped-logo-96x96.png","contentUrl":"https:\/\/www.grupomedcof.com.br\/blog\/wp-content\/uploads\/2023\/04\/cropped-cropped-cropped-logo-96x96.png","caption":"Leila Menzel"},"description":"Estudante do 6\u00b0 semestre de jornalismo, amo e escrevo poesias e viajo em livros de romances clich\u00eas.","url":"https:\/\/www.grupomedcof.com.br\/blog\/author\/leila\/"}]}},"authors":[{"term_id":3611,"user_id":18,"is_guest":0,"slug":"leila","display_name":"Leila Menzel","avatar_url":"https:\/\/www.grupomedcof.com.br\/blog\/wp-content\/uploads\/2023\/04\/cropped-cropped-cropped-logo-96x96.png","0":null,"1":"","2":"","3":"","4":"","5":"","6":"","7":"","8":""}],"_links":{"self":[{"href":"https:\/\/www.grupomedcof.com.br\/blog\/wp-json\/wp\/v2\/posts\/28111","targetHints":{"allow":["GET"]}}],"collection":[{"href":"https:\/\/www.grupomedcof.com.br\/blog\/wp-json\/wp\/v2\/posts"}],"about":[{"href":"https:\/\/www.grupomedcof.com.br\/blog\/wp-json\/wp\/v2\/types\/post"}],"author":[{"embeddable":true,"href":"https:\/\/www.grupomedcof.com.br\/blog\/wp-json\/wp\/v2\/users\/18"}],"replies":[{"embeddable":true,"href":"https:\/\/www.grupomedcof.com.br\/blog\/wp-json\/wp\/v2\/comments?post=28111"}],"version-history":[{"count":0,"href":"https:\/\/www.grupomedcof.com.br\/blog\/wp-json\/wp\/v2\/posts\/28111\/revisions"}],"wp:featuredmedia":[{"embeddable":true,"href":"https:\/\/www.grupomedcof.com.br\/blog\/wp-json\/wp\/v2\/media\/28113"}],"wp:attachment":[{"href":"https:\/\/www.grupomedcof.com.br\/blog\/wp-json\/wp\/v2\/media?parent=28111"}],"wp:term":[{"taxonomy":"category","embeddable":true,"href":"https:\/\/www.grupomedcof.com.br\/blog\/wp-json\/wp\/v2\/categories?post=28111"},{"taxonomy":"post_tag","embeddable":true,"href":"https:\/\/www.grupomedcof.com.br\/blog\/wp-json\/wp\/v2\/tags?post=28111"},{"taxonomy":"author","embeddable":true,"href":"https:\/\/www.grupomedcof.com.br\/blog\/wp-json\/wp\/v2\/ppma_author?post=28111"}],"curies":[{"name":"wp","href":"https:\/\/api.w.org\/{rel}","templated":true}]}}