{"id":28115,"date":"2024-07-25T16:42:36","date_gmt":"2024-07-25T19:42:36","guid":{"rendered":"https:\/\/www.grupomedcof.com.br\/blog\/?p=28115"},"modified":"2024-07-25T16:42:37","modified_gmt":"2024-07-25T19:42:37","slug":"puc-rs-adere-a-amrigs-2024-2025","status":"publish","type":"post","link":"https:\/\/www.grupomedcof.com.br\/blog\/puc-rs-adere-a-amrigs-2024-2025\/","title":{"rendered":"PUC-RS adere a AMRIGS 2024\/2025"},"content":{"rendered":"<div id=\"ez-toc-container\" class=\"ez-toc-v2_0_74 counter-hierarchy ez-toc-counter ez-toc-transparent ez-toc-container-direction\">\n<div class=\"ez-toc-title-container\">\n<p class=\"ez-toc-title\" style=\"cursor:inherit\">Sum\u00e1rio<\/p>\n<span class=\"ez-toc-title-toggle\"><a href=\"#\" class=\"ez-toc-pull-right ez-toc-btn ez-toc-btn-xs ez-toc-btn-default ez-toc-toggle\" aria-label=\"Alternar tabela de conte\u00fado\"><span class=\"ez-toc-js-icon-con\"><span class=\"\"><span class=\"eztoc-hide\" style=\"display:none;\">Toggle<\/span><span class=\"ez-toc-icon-toggle-span\"><svg style=\"fill: #999;color:#999\" xmlns=\"http:\/\/www.w3.org\/2000\/svg\" class=\"list-377408\" width=\"20px\" height=\"20px\" viewBox=\"0 0 24 24\" fill=\"none\"><path d=\"M6 6H4v2h2V6zm14 0H8v2h12V6zM4 11h2v2H4v-2zm16 0H8v2h12v-2zM4 16h2v2H4v-2zm16 0H8v2h12v-2z\" fill=\"currentColor\"><\/path><\/svg><svg style=\"fill: #999;color:#999\" class=\"arrow-unsorted-368013\" xmlns=\"http:\/\/www.w3.org\/2000\/svg\" width=\"10px\" height=\"10px\" viewBox=\"0 0 24 24\" version=\"1.2\" baseProfile=\"tiny\"><path d=\"M18.2 9.3l-6.2-6.3-6.2 6.3c-.2.2-.3.4-.3.7s.1.5.3.7c.2.2.4.3.7.3h11c.3 0 .5-.1.7-.3.2-.2.3-.5.3-.7s-.1-.5-.3-.7zM5.8 14.7l6.2 6.3 6.2-6.3c.2-.2.3-.5.3-.7s-.1-.5-.3-.7c-.2-.2-.4-.3-.7-.3h-11c-.3 0-.5.1-.7.3-.2.2-.3.5-.3.7s.1.5.3.7z\"\/><\/svg><\/span><\/span><\/span><\/a><\/span><\/div>\n<nav><ul class='ez-toc-list ez-toc-list-level-1 ' ><li class='ez-toc-page-1 ez-toc-heading-level-2'><a class=\"ez-toc-link ez-toc-heading-1\" href=\"https:\/\/www.grupomedcof.com.br\/blog\/puc-rs-adere-a-amrigs-2024-2025\/#AMRIGS_20242025\" >AMRIGS 2024\/2025<\/a><\/li><li class='ez-toc-page-1 ez-toc-heading-level-2'><a class=\"ez-toc-link ez-toc-heading-2\" href=\"https:\/\/www.grupomedcof.com.br\/blog\/puc-rs-adere-a-amrigs-2024-2025\/#Sobre_a_PUC-RS\" >Sobre a PUC-RS<\/a><\/li><li class='ez-toc-page-1 ez-toc-heading-level-2'><a class=\"ez-toc-link ez-toc-heading-3\" href=\"https:\/\/www.grupomedcof.com.br\/blog\/puc-rs-adere-a-amrigs-2024-2025\/#Vagas_PUC-RS_2024\" >Vagas PUC-RS 2024<\/a><\/li><li class='ez-toc-page-1 ez-toc-heading-level-2'><a class=\"ez-toc-link ez-toc-heading-4\" href=\"https:\/\/www.grupomedcof.com.br\/blog\/puc-rs-adere-a-amrigs-2024-2025\/#Prepare-se_conosco\" >Prepare-se conosco!<\/a><\/li><\/ul><\/nav><\/div>\n\n<figure class=\"wp-block-image size-large\"><img loading=\"lazy\" decoding=\"async\" width=\"1024\" height=\"576\" src=\"https:\/\/www.grupomedcof.com.br\/blog\/wp-content\/uploads\/2024\/07\/Modelo-instituicoes-43-1024x576.png\" alt=\"\" class=\"wp-image-28120\" srcset=\"https:\/\/www.grupomedcof.com.br\/blog\/wp-content\/uploads\/2024\/07\/Modelo-instituicoes-43-1024x576.png 1024w, https:\/\/www.grupomedcof.com.br\/blog\/wp-content\/uploads\/2024\/07\/Modelo-instituicoes-43-300x169.png 300w, https:\/\/www.grupomedcof.com.br\/blog\/wp-content\/uploads\/2024\/07\/Modelo-instituicoes-43-768x432.png 768w, https:\/\/www.grupomedcof.com.br\/blog\/wp-content\/uploads\/2024\/07\/Modelo-instituicoes-43-1536x864.png 1536w, https:\/\/www.grupomedcof.com.br\/blog\/wp-content\/uploads\/2024\/07\/Modelo-instituicoes-43-2048x1152.png 2048w, https:\/\/www.grupomedcof.com.br\/blog\/wp-content\/uploads\/2024\/07\/Modelo-instituicoes-43-747x420.png 747w, https:\/\/www.grupomedcof.com.br\/blog\/wp-content\/uploads\/2024\/07\/Modelo-instituicoes-43-150x84.png 150w, https:\/\/www.grupomedcof.com.br\/blog\/wp-content\/uploads\/2024\/07\/Modelo-instituicoes-43-696x392.png 696w, https:\/\/www.grupomedcof.com.br\/blog\/wp-content\/uploads\/2024\/07\/Modelo-instituicoes-43-1068x601.png 1068w, https:\/\/www.grupomedcof.com.br\/blog\/wp-content\/uploads\/2024\/07\/Modelo-instituicoes-43-1920x1080.png 1920w\" sizes=\"auto, (max-width: 1024px) 100vw, 1024px\" \/><\/figure>\n\n\n\n<p>Conforme divulga\u00e7\u00e3o da <strong>Associa\u00e7\u00e3o M\u00e9dica do Rio Grande do Sul (AMRIGS)<\/strong>, a <strong>Pontif\u00edcia Universidade Cat\u00f3lica do Rio Grande do Sul (PUC-RS)<\/strong> far\u00e1 parte das institui\u00e7\u00f5es aderentes ao\u00a0<strong>exame unificado da AMRIGS 2024\/2025<\/strong>.\u00a0<\/p>\n\n\n\n<p>Anteriormente, a<strong> PUC-RS <\/strong>promovia o processo seletivo pr\u00f3prio para ingresso em resid\u00eancia m\u00e9dica. Por\u00e9m, de acordo com o coordenador da prova, Dr. Antonio Carlos Weston, o formato da prova permanecer\u00e1 o mesmo, mas foram agregados\u00a0<strong>novos profissionais na banca de sele\u00e7\u00e3o da prova<\/strong>.<\/p>\n\n\n\n<h2 class=\"wp-block-heading\" id=\"h-amrigs-2024-2025\"><span class=\"ez-toc-section\" id=\"AMRIGS_20242025\"><\/span><strong>AMRIGS 2024\/2025<\/strong><span class=\"ez-toc-section-end\"><\/span><\/h2>\n\n\n\n<p>O edital do AMIRGS 2025 ainda n\u00e3o foi divulgado, por\u00e9m a pr\u00f3pria AMRIGS <a href=\"https:\/\/www.grupomedcof.com.br\/blog\/amrigs-confirma-datas-para-o-processo-seletivo-de-2024-2025\/\">confirmou as datas do pr\u00f3ximo processo seletivo<\/a> com a equipe MedCof, confira: <\/p>\n\n\n\n<pre class=\"wp-block-preformatted\"><strong>Edital:<\/strong>\u00a003\/09\/24;<br><strong>Inscri\u00e7\u00f5es:<\/strong>\u00a005\/09 a 18\/10;<br><strong>Prova Objetiva:<\/strong>\u00a017\/11\/24. <\/pre>\n\n\n\n<h2 class=\"wp-block-heading\" id=\"h-sobre-a-puc-rs\"><span class=\"ez-toc-section\" id=\"Sobre_a_PUC-RS\"><\/span><strong>Sobre a PUC-RS<\/strong><span class=\"ez-toc-section-end\"><\/span><\/h2>\n\n\n\n<p>A<a href=\"https:\/\/portal.pucrs.br\/\" target=\"_blank\" rel=\"noreferrer noopener nofollow\">\u00a0<strong>Pontif\u00edcia Universidade Cat\u00f3lica do Rio Grande do Sul<\/strong><\/a><strong> (PUC-RS)<\/strong> \u00e9 uma faculdade \u00a0privada e cat\u00f3lica, e \u00e9 uma das mais tradicionais de ensino superior do Brasil. Al\u00e9m disso, \u00a0\u00e9 uma entidade privada sem fins lucrativos, que mant\u00e9m v\u00ednculo jur\u00eddico com sua mantenedora, a Uni\u00e3o Brasileira de Educa\u00e7\u00e3o e Assist\u00eancia \u2013 UBEA, institui\u00e7\u00e3o filantr\u00f3pica que comp\u00f5e a Rede Marista.\u00a0Seu campus central\u00a0fica na cidade de\u00a0Porto Alegre, mas tamb\u00e9m possui outra unidade do\u00a0Tecnopuc\u00a0em\u00a0Viam\u00e3o, na regi\u00e3o metropolitana. <\/p>\n\n\n\n<h2 class=\"wp-block-heading\" id=\"h-vagas-puc-rs-2024\"><span class=\"ez-toc-section\" id=\"Vagas_PUC-RS_2024\"><\/span><strong>Vagas PUC-RS 2024<\/strong><span class=\"ez-toc-section-end\"><\/span><\/h2>\n\n\n\n<p>Confira as vagas oferecidas pela PUC-RS na \u00faltima edi\u00e7\u00e3o:<\/p>\n\n\n\n<h4 class=\"wp-block-heading\" id=\"h-acesso-direto\"><strong>Acesso Direto<\/strong><\/h4>\n\n\n\n<figure class=\"wp-block-table\"><table class=\"has-fixed-layout\"><thead><tr><th>Especialidades<\/th><th>Vagas<\/th><\/tr><\/thead><tbody><tr><td>Anestesiologia<\/td><td>2<\/td><\/tr><tr><td>Cl\u00ednica M\u00e9dica<\/td><td>11<\/td><\/tr><tr><td>Cirurgia Cardiovascular<\/td><td>1<\/td><\/tr><tr><td>Cirurgia Geral<\/td><td>4<\/td><\/tr><tr><td>Dermatologia<\/td><td>2<\/td><\/tr><tr><td>Infectologia<\/td><td>1<\/td><\/tr><tr><td>Medicina Intensiva<\/td><td>2<\/td><\/tr><tr><td>Medicina da Fam\u00edlia e Comunidade<\/td><td>2<\/td><\/tr><tr><td>Medicina de Emerg\u00eancia<\/td><td>2<\/td><\/tr><tr><td>Medicina F\u00edsica e Reabilita\u00e7\u00e3o<\/td><td>1<\/td><\/tr><tr><td>Neurocirurgia<\/td><td>1<\/td><\/tr><tr><td>Neurologia<\/td><td>5<\/td><\/tr><tr><td>Ortopedia e Traumatologia<\/td><td>4<\/td><\/tr><tr><td>Otorrinolaringologia<\/td><td>1<\/td><\/tr><tr><td>Obstetr\u00edcia e Ginecologia<\/td><td>4<\/td><\/tr><tr><td>Psiquiatria<\/td><td>1<\/td><\/tr><\/tbody><\/table><\/figure>\n\n\n\n<h4 class=\"wp-block-heading\" id=\"h-especialidades-clinicas\"><strong>Especialidades Cl\u00ednicas<\/strong><\/h4>\n\n\n\n<figure class=\"wp-block-table\"><table class=\"has-fixed-layout\"><thead><tr><th>Especialidades<\/th><th>Vagas<\/th><\/tr><\/thead><tbody><tr><td>Cardiologia<\/td><td>6<\/td><\/tr><tr><td>Endocrinologia e Metabologia<\/td><td>2<\/td><\/tr><tr><td>Gastroenterologia<\/td><td>2<\/td><\/tr><tr><td>Geriatria<\/td><td>3<\/td><\/tr><tr><td>Nefrologia<\/td><td>3<\/td><\/tr><tr><td>Oncologia Cl\u00ednica<\/td><td>3<\/td><\/tr><tr><td>Pneumologia<\/td><td>2<\/td><\/tr><tr><td>Reumatologia<\/td><td>2<\/td><\/tr><\/tbody><\/table><\/figure>\n\n\n\n<h4 class=\"wp-block-heading\" id=\"h-especialidades-cirurgicas\"><strong>Especialidades Cir\u00fargicas<\/strong><\/h4>\n\n\n\n<figure class=\"wp-block-table\"><table class=\"has-fixed-layout\"><thead><tr><th>Especialidades<\/th><th>Vagas<\/th><\/tr><\/thead><tbody><tr><td>Cirurgia do Aparelho Digestivo<\/td><td>2<\/td><\/tr><tr><td>Cirurgia Tor\u00e1cica<\/td><td>1<\/td><\/tr><tr><td>Cirurgia Vascular<\/td><td>1<\/td><\/tr><tr><td>Coloproctologia<\/td><td>1<\/td><\/tr><tr><td>Urologia<\/td><td>2<\/td><\/tr><\/tbody><\/table><\/figure>\n\n\n\n<h4 class=\"wp-block-heading\" id=\"h-especialidades-com-pre-requisitos-especificos\"><strong>Especialidades com Pr\u00e9-Requisitos Espec\u00edficos<\/strong><\/h4>\n\n\n\n<figure class=\"wp-block-table\"><table class=\"has-fixed-layout\"><thead><tr><th>Especialidades<\/th><th>Vagas<\/th><\/tr><\/thead><tbody><tr><td>Hemodin\u00e2mica e Cardiologia Intervencionista<\/td><td>1<\/td><\/tr><tr><td>Cirurgia Tor\u00e1cica \u2013 3\u00b0 ano opcional<\/td><td>1<\/td><\/tr><tr><td>Mastologia<\/td><td>1<\/td><\/tr><tr><td>Transplante Renal Cl\u00ednico<\/td><td>1<\/td><\/tr><\/tbody><\/table><\/figure>\n\n\n\n<h2 class=\"wp-block-heading\" id=\"h-prepare-se-conosco\"><span class=\"ez-toc-section\" id=\"Prepare-se_conosco\"><\/span><strong>Prepare-se conosco!<\/strong><span class=\"ez-toc-section-end\"><\/span><\/h2>\n\n\n\n<p>Quer se preparar paras as provas de resid\u00eancia m\u00e9dica de 2025? Ent\u00e3o confira o v\u00eddeo no qual nossos especialistas tiram d\u00favidas sobre as\u00a0<a href=\"https:\/\/www.grupomedcof.com.br\/blog\/presenca-da-medcof-nas-aprovacoes-em-residencia-medica-no-brasil\/\" target=\"_blank\" rel=\"noreferrer noopener\">principais resid\u00eancias!<\/a> <\/p>\n\n\n\n<figure class=\"wp-block-embed is-type-video is-provider-youtube wp-block-embed-youtube wp-embed-aspect-16-9 wp-has-aspect-ratio\"><div class=\"wp-block-embed__wrapper\">\n<iframe loading=\"lazy\" title=\"#6 Raio-X - Melhore seus resultados dominando as quest\u00f5es multim\u00eddias\" width=\"696\" height=\"392\" src=\"https:\/\/www.youtube.com\/embed\/7cbAsAHy5pA?feature=oembed\" frameborder=\"0\" allow=\"accelerometer; autoplay; clipboard-write; encrypted-media; gyroscope; picture-in-picture; web-share\" referrerpolicy=\"strict-origin-when-cross-origin\" allowfullscreen><\/iframe>\n<\/div><\/figure>\n","protected":false},"excerpt":{"rendered":"<p>Conforme divulga\u00e7\u00e3o da AMRIGS, a PUC-RS far\u00e1 parte das institui\u00e7\u00f5es aderentes ao\u00a0exame unificado da AMRIGS 2024\/2025.\u00a0<\/p>\n","protected":false},"author":18,"featured_media":28120,"comment_status":"open","ping_status":"open","sticky":false,"template":"","format":"standard","meta":{"footnotes":""},"categories":[287,174],"tags":[41,1452,117,1606,68],"ppma_author":[3611],"class_list":{"0":"post-28115","1":"post","2":"type-post","3":"status-publish","4":"format-standard","5":"has-post-thumbnail","7":"category-destaques-medcof","8":"category-residencia-medica","9":"tag-amrigs","10":"tag-provas","11":"tag-provas-de-residencia","12":"tag-puc-rs","13":"tag-residencia-medica"},"yoast_head":"<!-- This site is optimized with the Yoast SEO Premium plugin v24.3 (Yoast SEO v27.4) - https:\/\/yoast.com\/product\/yoast-seo-premium-wordpress\/ -->\n<title>PUC-RS adere a AMRIGS 2024\/2025 - Blog de Medcof: conte\u00fados, editais, revalida e mais!<\/title>\n<meta name=\"description\" content=\"Conforme divulga\u00e7\u00e3o da AMRIGS, a PUC-RS far\u00e1 parte das institui\u00e7\u00f5es aderentes ao\u00a0exame unificado da AMRIGS 2024\/2025.\u00a0\" \/>\n<meta name=\"robots\" content=\"index, follow, max-snippet:-1, max-image-preview:large, max-video-preview:-1\" \/>\n<link rel=\"canonical\" href=\"https:\/\/www.grupomedcof.com.br\/blog\/puc-rs-adere-a-amrigs-2024-2025\/\" \/>\n<meta property=\"og:locale\" content=\"pt_BR\" \/>\n<meta property=\"og:type\" content=\"article\" \/>\n<meta property=\"og:title\" content=\"PUC-RS adere a AMRIGS 2024\/2025\" \/>\n<meta property=\"og:description\" content=\"Conforme divulga\u00e7\u00e3o da AMRIGS, a PUC-RS far\u00e1 parte das institui\u00e7\u00f5es aderentes ao\u00a0exame unificado da AMRIGS 2024\/2025.\u00a0\" \/>\n<meta property=\"og:url\" content=\"https:\/\/www.grupomedcof.com.br\/blog\/puc-rs-adere-a-amrigs-2024-2025\/\" \/>\n<meta property=\"og:site_name\" content=\"Blog de Medcof: conte\u00fados, editais, revalida e mais!\" \/>\n<meta property=\"article:publisher\" content=\"https:\/\/www.facebook.com\/MedCofQbank\/\" \/>\n<meta property=\"article:published_time\" content=\"2024-07-25T19:42:36+00:00\" \/>\n<meta property=\"article:modified_time\" content=\"2024-07-25T19:42:37+00:00\" \/>\n<meta property=\"og:image\" content=\"https:\/\/www.grupomedcof.com.br\/blog\/wp-content\/uploads\/2024\/07\/Modelo-instituicoes-43.png\" \/>\n\t<meta property=\"og:image:width\" content=\"2560\" \/>\n\t<meta property=\"og:image:height\" content=\"1440\" \/>\n\t<meta property=\"og:image:type\" content=\"image\/png\" \/>\n<meta name=\"author\" content=\"Leila Menzel\" \/>\n<meta name=\"twitter:card\" content=\"summary_large_image\" \/>\n<meta name=\"twitter:label1\" content=\"Escrito por\" \/>\n\t<meta name=\"twitter:data1\" content=\"Leila Menzel\" \/>\n\t<meta name=\"twitter:label2\" content=\"Est. tempo de leitura\" \/>\n\t<meta name=\"twitter:data2\" content=\"3 minutos\" \/>\n<script type=\"application\/ld+json\" class=\"yoast-schema-graph\">{\"@context\":\"https:\\\/\\\/schema.org\",\"@graph\":[{\"@type\":\"Article\",\"@id\":\"https:\\\/\\\/www.grupomedcof.com.br\\\/blog\\\/puc-rs-adere-a-amrigs-2024-2025\\\/#article\",\"isPartOf\":{\"@id\":\"https:\\\/\\\/www.grupomedcof.com.br\\\/blog\\\/puc-rs-adere-a-amrigs-2024-2025\\\/\"},\"author\":{\"name\":\"Leila Menzel\",\"@id\":\"https:\\\/\\\/www.grupomedcof.com.br\\\/blog\\\/#\\\/schema\\\/person\\\/2a5527209c17e7eb35bd6a4ebd5c7956\"},\"headline\":\"PUC-RS adere a AMRIGS 2024\\\/2025\",\"datePublished\":\"2024-07-25T19:42:36+00:00\",\"dateModified\":\"2024-07-25T19:42:37+00:00\",\"mainEntityOfPage\":{\"@id\":\"https:\\\/\\\/www.grupomedcof.com.br\\\/blog\\\/puc-rs-adere-a-amrigs-2024-2025\\\/\"},\"wordCount\":362,\"commentCount\":0,\"publisher\":{\"@id\":\"https:\\\/\\\/www.grupomedcof.com.br\\\/blog\\\/#organization\"},\"image\":{\"@id\":\"https:\\\/\\\/www.grupomedcof.com.br\\\/blog\\\/puc-rs-adere-a-amrigs-2024-2025\\\/#primaryimage\"},\"thumbnailUrl\":\"https:\\\/\\\/www.grupomedcof.com.br\\\/blog\\\/wp-content\\\/uploads\\\/2024\\\/07\\\/Modelo-instituicoes-43.png\",\"keywords\":[\"AMRIGS\",\"Provas\",\"Provas de Resid\u00eancia\",\"PUC-RS\",\"Resid\u00eancia M\u00e9dica\"],\"articleSection\":[\"Destaques MedCof\",\"Resid\u00eancia m\u00e9dica: editais, resultados, temas quentes e mais\"],\"inLanguage\":\"pt-BR\"},{\"@type\":\"WebPage\",\"@id\":\"https:\\\/\\\/www.grupomedcof.com.br\\\/blog\\\/puc-rs-adere-a-amrigs-2024-2025\\\/\",\"url\":\"https:\\\/\\\/www.grupomedcof.com.br\\\/blog\\\/puc-rs-adere-a-amrigs-2024-2025\\\/\",\"name\":\"PUC-RS adere a AMRIGS 2024\\\/2025 - Blog de Medcof: conte\u00fados, editais, revalida e mais!\",\"isPartOf\":{\"@id\":\"https:\\\/\\\/www.grupomedcof.com.br\\\/blog\\\/#website\"},\"primaryImageOfPage\":{\"@id\":\"https:\\\/\\\/www.grupomedcof.com.br\\\/blog\\\/puc-rs-adere-a-amrigs-2024-2025\\\/#primaryimage\"},\"image\":{\"@id\":\"https:\\\/\\\/www.grupomedcof.com.br\\\/blog\\\/puc-rs-adere-a-amrigs-2024-2025\\\/#primaryimage\"},\"thumbnailUrl\":\"https:\\\/\\\/www.grupomedcof.com.br\\\/blog\\\/wp-content\\\/uploads\\\/2024\\\/07\\\/Modelo-instituicoes-43.png\",\"datePublished\":\"2024-07-25T19:42:36+00:00\",\"dateModified\":\"2024-07-25T19:42:37+00:00\",\"description\":\"Conforme divulga\u00e7\u00e3o da AMRIGS, a PUC-RS far\u00e1 parte das institui\u00e7\u00f5es aderentes ao\u00a0exame unificado da AMRIGS 2024\\\/2025.\u00a0\",\"breadcrumb\":{\"@id\":\"https:\\\/\\\/www.grupomedcof.com.br\\\/blog\\\/puc-rs-adere-a-amrigs-2024-2025\\\/#breadcrumb\"},\"inLanguage\":\"pt-BR\",\"potentialAction\":[{\"@type\":\"ReadAction\",\"target\":[\"https:\\\/\\\/www.grupomedcof.com.br\\\/blog\\\/puc-rs-adere-a-amrigs-2024-2025\\\/\"]}]},{\"@type\":\"ImageObject\",\"inLanguage\":\"pt-BR\",\"@id\":\"https:\\\/\\\/www.grupomedcof.com.br\\\/blog\\\/puc-rs-adere-a-amrigs-2024-2025\\\/#primaryimage\",\"url\":\"https:\\\/\\\/www.grupomedcof.com.br\\\/blog\\\/wp-content\\\/uploads\\\/2024\\\/07\\\/Modelo-instituicoes-43.png\",\"contentUrl\":\"https:\\\/\\\/www.grupomedcof.com.br\\\/blog\\\/wp-content\\\/uploads\\\/2024\\\/07\\\/Modelo-instituicoes-43.png\",\"width\":2560,\"height\":1440},{\"@type\":\"BreadcrumbList\",\"@id\":\"https:\\\/\\\/www.grupomedcof.com.br\\\/blog\\\/puc-rs-adere-a-amrigs-2024-2025\\\/#breadcrumb\",\"itemListElement\":[{\"@type\":\"ListItem\",\"position\":1,\"name\":\"In\u00edcio\",\"item\":\"https:\\\/\\\/www.grupomedcof.com.br\\\/blog\\\/\"},{\"@type\":\"ListItem\",\"position\":2,\"name\":\"PUC-RS adere a AMRIGS 2024\\\/2025\"}]},{\"@type\":\"WebSite\",\"@id\":\"https:\\\/\\\/www.grupomedcof.com.br\\\/blog\\\/#website\",\"url\":\"https:\\\/\\\/www.grupomedcof.com.br\\\/blog\\\/\",\"name\":\"Blog de Medcof: conte\u00fados, editais, revalida e mais!\",\"description\":\"Acesso o blog de MedCof! Seu portal de conte\u00fados sobre resid\u00eancia m\u00e9dica, an\u00e1lise e editais e muito mais. Clique e confira!\",\"publisher\":{\"@id\":\"https:\\\/\\\/www.grupomedcof.com.br\\\/blog\\\/#organization\"},\"alternateName\":\"Blog de Medcof: conte\u00fados, editais, revalida e mais!\",\"potentialAction\":[{\"@type\":\"SearchAction\",\"target\":{\"@type\":\"EntryPoint\",\"urlTemplate\":\"https:\\\/\\\/www.grupomedcof.com.br\\\/blog\\\/?s={search_term_string}\"},\"query-input\":{\"@type\":\"PropertyValueSpecification\",\"valueRequired\":true,\"valueName\":\"search_term_string\"}}],\"inLanguage\":\"pt-BR\"},{\"@type\":\"Organization\",\"@id\":\"https:\\\/\\\/www.grupomedcof.com.br\\\/blog\\\/#organization\",\"name\":\"Grupo MedCof\",\"url\":\"https:\\\/\\\/www.grupomedcof.com.br\\\/blog\\\/\",\"logo\":{\"@type\":\"ImageObject\",\"inLanguage\":\"pt-BR\",\"@id\":\"https:\\\/\\\/www.grupomedcof.com.br\\\/blog\\\/#\\\/schema\\\/logo\\\/image\\\/\",\"url\":\"https:\\\/\\\/www.grupomedcof.com.br\\\/blog\\\/wp-content\\\/uploads\\\/2022\\\/01\\\/logo-medcof.png\",\"contentUrl\":\"https:\\\/\\\/www.grupomedcof.com.br\\\/blog\\\/wp-content\\\/uploads\\\/2022\\\/01\\\/logo-medcof.png\",\"width\":768,\"height\":269,\"caption\":\"Grupo MedCof\"},\"image\":{\"@id\":\"https:\\\/\\\/www.grupomedcof.com.br\\\/blog\\\/#\\\/schema\\\/logo\\\/image\\\/\"},\"sameAs\":[\"https:\\\/\\\/www.facebook.com\\\/MedCofQbank\\\/\",\"https:\\\/\\\/www.instagram.com\\\/grupomedcof\\\/\",\"https:\\\/\\\/br.linkedin.com\\\/company\\\/medcof\",\"https:\\\/\\\/www.youtube.com\\\/channel\\\/UCdHMuOHKICxcHwecxN8P-AA\"]},{\"@type\":\"Person\",\"@id\":\"https:\\\/\\\/www.grupomedcof.com.br\\\/blog\\\/#\\\/schema\\\/person\\\/2a5527209c17e7eb35bd6a4ebd5c7956\",\"name\":\"Leila Menzel\",\"image\":{\"@type\":\"ImageObject\",\"inLanguage\":\"pt-BR\",\"@id\":\"https:\\\/\\\/www.grupomedcof.com.br\\\/blog\\\/wp-content\\\/uploads\\\/2023\\\/04\\\/cropped-cropped-cropped-logo-96x96.png15459389df217b605b4f0cce419ac81a\",\"url\":\"https:\\\/\\\/www.grupomedcof.com.br\\\/blog\\\/wp-content\\\/uploads\\\/2023\\\/04\\\/cropped-cropped-cropped-logo-96x96.png\",\"contentUrl\":\"https:\\\/\\\/www.grupomedcof.com.br\\\/blog\\\/wp-content\\\/uploads\\\/2023\\\/04\\\/cropped-cropped-cropped-logo-96x96.png\",\"caption\":\"Leila Menzel\"},\"description\":\"Estudante do 6\u00b0 semestre de jornalismo, amo e escrevo poesias e viajo em livros de romances clich\u00eas.\",\"url\":\"https:\\\/\\\/www.grupomedcof.com.br\\\/blog\\\/author\\\/leila\\\/\"}]}<\/script>\n<!-- \/ Yoast SEO Premium plugin. -->","yoast_head_json":{"title":"PUC-RS adere a AMRIGS 2024\/2025 - Blog de Medcof: conte\u00fados, editais, revalida e mais!","description":"Conforme divulga\u00e7\u00e3o da AMRIGS, a PUC-RS far\u00e1 parte das institui\u00e7\u00f5es aderentes ao\u00a0exame unificado da AMRIGS 2024\/2025.\u00a0","robots":{"index":"index","follow":"follow","max-snippet":"max-snippet:-1","max-image-preview":"max-image-preview:large","max-video-preview":"max-video-preview:-1"},"canonical":"https:\/\/www.grupomedcof.com.br\/blog\/puc-rs-adere-a-amrigs-2024-2025\/","og_locale":"pt_BR","og_type":"article","og_title":"PUC-RS adere a AMRIGS 2024\/2025","og_description":"Conforme divulga\u00e7\u00e3o da AMRIGS, a PUC-RS far\u00e1 parte das institui\u00e7\u00f5es aderentes ao\u00a0exame unificado da AMRIGS 2024\/2025.\u00a0","og_url":"https:\/\/www.grupomedcof.com.br\/blog\/puc-rs-adere-a-amrigs-2024-2025\/","og_site_name":"Blog de Medcof: conte\u00fados, editais, revalida e mais!","article_publisher":"https:\/\/www.facebook.com\/MedCofQbank\/","article_published_time":"2024-07-25T19:42:36+00:00","article_modified_time":"2024-07-25T19:42:37+00:00","og_image":[{"width":2560,"height":1440,"url":"https:\/\/www.grupomedcof.com.br\/blog\/wp-content\/uploads\/2024\/07\/Modelo-instituicoes-43.png","type":"image\/png"}],"author":"Leila Menzel","twitter_card":"summary_large_image","twitter_misc":{"Escrito por":"Leila Menzel","Est. tempo de leitura":"3 minutos"},"schema":{"@context":"https:\/\/schema.org","@graph":[{"@type":"Article","@id":"https:\/\/www.grupomedcof.com.br\/blog\/puc-rs-adere-a-amrigs-2024-2025\/#article","isPartOf":{"@id":"https:\/\/www.grupomedcof.com.br\/blog\/puc-rs-adere-a-amrigs-2024-2025\/"},"author":{"name":"Leila Menzel","@id":"https:\/\/www.grupomedcof.com.br\/blog\/#\/schema\/person\/2a5527209c17e7eb35bd6a4ebd5c7956"},"headline":"PUC-RS adere a AMRIGS 2024\/2025","datePublished":"2024-07-25T19:42:36+00:00","dateModified":"2024-07-25T19:42:37+00:00","mainEntityOfPage":{"@id":"https:\/\/www.grupomedcof.com.br\/blog\/puc-rs-adere-a-amrigs-2024-2025\/"},"wordCount":362,"commentCount":0,"publisher":{"@id":"https:\/\/www.grupomedcof.com.br\/blog\/#organization"},"image":{"@id":"https:\/\/www.grupomedcof.com.br\/blog\/puc-rs-adere-a-amrigs-2024-2025\/#primaryimage"},"thumbnailUrl":"https:\/\/www.grupomedcof.com.br\/blog\/wp-content\/uploads\/2024\/07\/Modelo-instituicoes-43.png","keywords":["AMRIGS","Provas","Provas de Resid\u00eancia","PUC-RS","Resid\u00eancia M\u00e9dica"],"articleSection":["Destaques MedCof","Resid\u00eancia m\u00e9dica: editais, resultados, temas quentes e mais"],"inLanguage":"pt-BR"},{"@type":"WebPage","@id":"https:\/\/www.grupomedcof.com.br\/blog\/puc-rs-adere-a-amrigs-2024-2025\/","url":"https:\/\/www.grupomedcof.com.br\/blog\/puc-rs-adere-a-amrigs-2024-2025\/","name":"PUC-RS adere a AMRIGS 2024\/2025 - Blog de Medcof: conte\u00fados, editais, revalida e mais!","isPartOf":{"@id":"https:\/\/www.grupomedcof.com.br\/blog\/#website"},"primaryImageOfPage":{"@id":"https:\/\/www.grupomedcof.com.br\/blog\/puc-rs-adere-a-amrigs-2024-2025\/#primaryimage"},"image":{"@id":"https:\/\/www.grupomedcof.com.br\/blog\/puc-rs-adere-a-amrigs-2024-2025\/#primaryimage"},"thumbnailUrl":"https:\/\/www.grupomedcof.com.br\/blog\/wp-content\/uploads\/2024\/07\/Modelo-instituicoes-43.png","datePublished":"2024-07-25T19:42:36+00:00","dateModified":"2024-07-25T19:42:37+00:00","description":"Conforme divulga\u00e7\u00e3o da AMRIGS, a PUC-RS far\u00e1 parte das institui\u00e7\u00f5es aderentes ao\u00a0exame unificado da AMRIGS 2024\/2025.\u00a0","breadcrumb":{"@id":"https:\/\/www.grupomedcof.com.br\/blog\/puc-rs-adere-a-amrigs-2024-2025\/#breadcrumb"},"inLanguage":"pt-BR","potentialAction":[{"@type":"ReadAction","target":["https:\/\/www.grupomedcof.com.br\/blog\/puc-rs-adere-a-amrigs-2024-2025\/"]}]},{"@type":"ImageObject","inLanguage":"pt-BR","@id":"https:\/\/www.grupomedcof.com.br\/blog\/puc-rs-adere-a-amrigs-2024-2025\/#primaryimage","url":"https:\/\/www.grupomedcof.com.br\/blog\/wp-content\/uploads\/2024\/07\/Modelo-instituicoes-43.png","contentUrl":"https:\/\/www.grupomedcof.com.br\/blog\/wp-content\/uploads\/2024\/07\/Modelo-instituicoes-43.png","width":2560,"height":1440},{"@type":"BreadcrumbList","@id":"https:\/\/www.grupomedcof.com.br\/blog\/puc-rs-adere-a-amrigs-2024-2025\/#breadcrumb","itemListElement":[{"@type":"ListItem","position":1,"name":"In\u00edcio","item":"https:\/\/www.grupomedcof.com.br\/blog\/"},{"@type":"ListItem","position":2,"name":"PUC-RS adere a AMRIGS 2024\/2025"}]},{"@type":"WebSite","@id":"https:\/\/www.grupomedcof.com.br\/blog\/#website","url":"https:\/\/www.grupomedcof.com.br\/blog\/","name":"Blog de Medcof: conte\u00fados, editais, revalida e mais!","description":"Acesso o blog de MedCof! Seu portal de conte\u00fados sobre resid\u00eancia m\u00e9dica, an\u00e1lise e editais e muito mais. Clique e confira!","publisher":{"@id":"https:\/\/www.grupomedcof.com.br\/blog\/#organization"},"alternateName":"Blog de Medcof: conte\u00fados, editais, revalida e mais!","potentialAction":[{"@type":"SearchAction","target":{"@type":"EntryPoint","urlTemplate":"https:\/\/www.grupomedcof.com.br\/blog\/?s={search_term_string}"},"query-input":{"@type":"PropertyValueSpecification","valueRequired":true,"valueName":"search_term_string"}}],"inLanguage":"pt-BR"},{"@type":"Organization","@id":"https:\/\/www.grupomedcof.com.br\/blog\/#organization","name":"Grupo MedCof","url":"https:\/\/www.grupomedcof.com.br\/blog\/","logo":{"@type":"ImageObject","inLanguage":"pt-BR","@id":"https:\/\/www.grupomedcof.com.br\/blog\/#\/schema\/logo\/image\/","url":"https:\/\/www.grupomedcof.com.br\/blog\/wp-content\/uploads\/2022\/01\/logo-medcof.png","contentUrl":"https:\/\/www.grupomedcof.com.br\/blog\/wp-content\/uploads\/2022\/01\/logo-medcof.png","width":768,"height":269,"caption":"Grupo MedCof"},"image":{"@id":"https:\/\/www.grupomedcof.com.br\/blog\/#\/schema\/logo\/image\/"},"sameAs":["https:\/\/www.facebook.com\/MedCofQbank\/","https:\/\/www.instagram.com\/grupomedcof\/","https:\/\/br.linkedin.com\/company\/medcof","https:\/\/www.youtube.com\/channel\/UCdHMuOHKICxcHwecxN8P-AA"]},{"@type":"Person","@id":"https:\/\/www.grupomedcof.com.br\/blog\/#\/schema\/person\/2a5527209c17e7eb35bd6a4ebd5c7956","name":"Leila Menzel","image":{"@type":"ImageObject","inLanguage":"pt-BR","@id":"https:\/\/www.grupomedcof.com.br\/blog\/wp-content\/uploads\/2023\/04\/cropped-cropped-cropped-logo-96x96.png15459389df217b605b4f0cce419ac81a","url":"https:\/\/www.grupomedcof.com.br\/blog\/wp-content\/uploads\/2023\/04\/cropped-cropped-cropped-logo-96x96.png","contentUrl":"https:\/\/www.grupomedcof.com.br\/blog\/wp-content\/uploads\/2023\/04\/cropped-cropped-cropped-logo-96x96.png","caption":"Leila Menzel"},"description":"Estudante do 6\u00b0 semestre de jornalismo, amo e escrevo poesias e viajo em livros de romances clich\u00eas.","url":"https:\/\/www.grupomedcof.com.br\/blog\/author\/leila\/"}]}},"authors":[{"term_id":3611,"user_id":18,"is_guest":0,"slug":"leila","display_name":"Leila Menzel","avatar_url":"https:\/\/www.grupomedcof.com.br\/blog\/wp-content\/uploads\/2023\/04\/cropped-cropped-cropped-logo-96x96.png","0":null,"1":"","2":"","3":"","4":"","5":"","6":"","7":"","8":""}],"_links":{"self":[{"href":"https:\/\/www.grupomedcof.com.br\/blog\/wp-json\/wp\/v2\/posts\/28115","targetHints":{"allow":["GET"]}}],"collection":[{"href":"https:\/\/www.grupomedcof.com.br\/blog\/wp-json\/wp\/v2\/posts"}],"about":[{"href":"https:\/\/www.grupomedcof.com.br\/blog\/wp-json\/wp\/v2\/types\/post"}],"author":[{"embeddable":true,"href":"https:\/\/www.grupomedcof.com.br\/blog\/wp-json\/wp\/v2\/users\/18"}],"replies":[{"embeddable":true,"href":"https:\/\/www.grupomedcof.com.br\/blog\/wp-json\/wp\/v2\/comments?post=28115"}],"version-history":[{"count":0,"href":"https:\/\/www.grupomedcof.com.br\/blog\/wp-json\/wp\/v2\/posts\/28115\/revisions"}],"wp:featuredmedia":[{"embeddable":true,"href":"https:\/\/www.grupomedcof.com.br\/blog\/wp-json\/wp\/v2\/media\/28120"}],"wp:attachment":[{"href":"https:\/\/www.grupomedcof.com.br\/blog\/wp-json\/wp\/v2\/media?parent=28115"}],"wp:term":[{"taxonomy":"category","embeddable":true,"href":"https:\/\/www.grupomedcof.com.br\/blog\/wp-json\/wp\/v2\/categories?post=28115"},{"taxonomy":"post_tag","embeddable":true,"href":"https:\/\/www.grupomedcof.com.br\/blog\/wp-json\/wp\/v2\/tags?post=28115"},{"taxonomy":"author","embeddable":true,"href":"https:\/\/www.grupomedcof.com.br\/blog\/wp-json\/wp\/v2\/ppma_author?post=28115"}],"curies":[{"name":"wp","href":"https:\/\/api.w.org\/{rel}","templated":true}]}}