{"id":28123,"date":"2024-07-26T09:27:11","date_gmt":"2024-07-26T12:27:11","guid":{"rendered":"https:\/\/www.grupomedcof.com.br\/blog\/?p=28123"},"modified":"2024-07-26T09:27:12","modified_gmt":"2024-07-26T12:27:12","slug":"febre-oropouche-duas-mortes-no-brasil-confirmadas","status":"publish","type":"post","link":"https:\/\/www.grupomedcof.com.br\/blog\/febre-oropouche-duas-mortes-no-brasil-confirmadas\/","title":{"rendered":"Febre Oropouche: duas mortes no Brasil confirmadas"},"content":{"rendered":"<div id=\"ez-toc-container\" class=\"ez-toc-v2_0_74 counter-hierarchy ez-toc-counter ez-toc-transparent ez-toc-container-direction\">\n<div class=\"ez-toc-title-container\">\n<p class=\"ez-toc-title\" style=\"cursor:inherit\">Sum\u00e1rio<\/p>\n<span class=\"ez-toc-title-toggle\"><a href=\"#\" class=\"ez-toc-pull-right ez-toc-btn ez-toc-btn-xs ez-toc-btn-default ez-toc-toggle\" aria-label=\"Alternar tabela de conte\u00fado\"><span class=\"ez-toc-js-icon-con\"><span class=\"\"><span class=\"eztoc-hide\" style=\"display:none;\">Toggle<\/span><span class=\"ez-toc-icon-toggle-span\"><svg style=\"fill: #999;color:#999\" xmlns=\"http:\/\/www.w3.org\/2000\/svg\" class=\"list-377408\" width=\"20px\" height=\"20px\" viewBox=\"0 0 24 24\" fill=\"none\"><path d=\"M6 6H4v2h2V6zm14 0H8v2h12V6zM4 11h2v2H4v-2zm16 0H8v2h12v-2zM4 16h2v2H4v-2zm16 0H8v2h12v-2z\" fill=\"currentColor\"><\/path><\/svg><svg style=\"fill: #999;color:#999\" class=\"arrow-unsorted-368013\" xmlns=\"http:\/\/www.w3.org\/2000\/svg\" width=\"10px\" height=\"10px\" viewBox=\"0 0 24 24\" version=\"1.2\" baseProfile=\"tiny\"><path d=\"M18.2 9.3l-6.2-6.3-6.2 6.3c-.2.2-.3.4-.3.7s.1.5.3.7c.2.2.4.3.7.3h11c.3 0 .5-.1.7-.3.2-.2.3-.5.3-.7s-.1-.5-.3-.7zM5.8 14.7l6.2 6.3 6.2-6.3c.2-.2.3-.5.3-.7s-.1-.5-.3-.7c-.2-.2-.4-.3-.7-.3h-11c-.3 0-.5.1-.7.3-.2.2-.3.5-.3.7s.1.5.3.7z\"\/><\/svg><\/span><\/span><\/span><\/a><\/span><\/div>\n<nav><ul class='ez-toc-list ez-toc-list-level-1 ' ><li class='ez-toc-page-1 ez-toc-heading-level-2'><a class=\"ez-toc-link ez-toc-heading-1\" href=\"https:\/\/www.grupomedcof.com.br\/blog\/febre-oropouche-duas-mortes-no-brasil-confirmadas\/#O_que_se_sabe\" >O que se sabe?<\/a><\/li><li class='ez-toc-page-1 ez-toc-heading-level-2'><a class=\"ez-toc-link ez-toc-heading-2\" href=\"https:\/\/www.grupomedcof.com.br\/blog\/febre-oropouche-duas-mortes-no-brasil-confirmadas\/#Sobre_a_Febre_Oropouche\" >Sobre a Febre Oropouche<\/a><ul class='ez-toc-list-level-3' ><li class='ez-toc-heading-level-3'><a class=\"ez-toc-link ez-toc-heading-3\" href=\"https:\/\/www.grupomedcof.com.br\/blog\/febre-oropouche-duas-mortes-no-brasil-confirmadas\/#Virus\" >V\u00edrus<\/a><\/li><li class='ez-toc-page-1 ez-toc-heading-level-3'><a class=\"ez-toc-link ez-toc-heading-4\" href=\"https:\/\/www.grupomedcof.com.br\/blog\/febre-oropouche-duas-mortes-no-brasil-confirmadas\/#Sintomas\" >Sintomas<\/a><\/li><li class='ez-toc-page-1 ez-toc-heading-level-3'><a class=\"ez-toc-link ez-toc-heading-5\" href=\"https:\/\/www.grupomedcof.com.br\/blog\/febre-oropouche-duas-mortes-no-brasil-confirmadas\/#Diagnostico\" >Diagn\u00f3stico<\/a><\/li><li class='ez-toc-page-1 ez-toc-heading-level-3'><a class=\"ez-toc-link ez-toc-heading-6\" href=\"https:\/\/www.grupomedcof.com.br\/blog\/febre-oropouche-duas-mortes-no-brasil-confirmadas\/#Tratamento\" >Tratamento<\/a><\/li><li class='ez-toc-page-1 ez-toc-heading-level-3'><a class=\"ez-toc-link ez-toc-heading-7\" href=\"https:\/\/www.grupomedcof.com.br\/blog\/febre-oropouche-duas-mortes-no-brasil-confirmadas\/#Prevencao\" >Preven\u00e7\u00e3o<\/a><\/li><\/ul><\/li><li class='ez-toc-page-1 ez-toc-heading-level-2'><a class=\"ez-toc-link ez-toc-heading-8\" href=\"https:\/\/www.grupomedcof.com.br\/blog\/febre-oropouche-duas-mortes-no-brasil-confirmadas\/#Casos_de_Microcefalia\" >Casos de Microcefalia<\/a><\/li><li class='ez-toc-page-1 ez-toc-heading-level-2'><a class=\"ez-toc-link ez-toc-heading-9\" href=\"https:\/\/www.grupomedcof.com.br\/blog\/febre-oropouche-duas-mortes-no-brasil-confirmadas\/#Conheca_o_fluxo_de_estudos_MedCof\" >Conhe\u00e7a o fluxo de estudos MedCof!<\/a><\/li><\/ul><\/nav><\/div>\n\n<figure class=\"wp-block-image size-large\"><img loading=\"lazy\" decoding=\"async\" width=\"1024\" height=\"576\" src=\"https:\/\/www.grupomedcof.com.br\/blog\/wp-content\/uploads\/2024\/07\/Blog-MedCof-9-1024x576.jpg\" alt=\"\" class=\"wp-image-28127\" srcset=\"https:\/\/www.grupomedcof.com.br\/blog\/wp-content\/uploads\/2024\/07\/Blog-MedCof-9-1024x576.jpg 1024w, https:\/\/www.grupomedcof.com.br\/blog\/wp-content\/uploads\/2024\/07\/Blog-MedCof-9-300x169.jpg 300w, https:\/\/www.grupomedcof.com.br\/blog\/wp-content\/uploads\/2024\/07\/Blog-MedCof-9-768x432.jpg 768w, https:\/\/www.grupomedcof.com.br\/blog\/wp-content\/uploads\/2024\/07\/Blog-MedCof-9-1536x864.jpg 1536w, https:\/\/www.grupomedcof.com.br\/blog\/wp-content\/uploads\/2024\/07\/Blog-MedCof-9-747x420.jpg 747w, https:\/\/www.grupomedcof.com.br\/blog\/wp-content\/uploads\/2024\/07\/Blog-MedCof-9-150x84.jpg 150w, https:\/\/www.grupomedcof.com.br\/blog\/wp-content\/uploads\/2024\/07\/Blog-MedCof-9-696x392.jpg 696w, https:\/\/www.grupomedcof.com.br\/blog\/wp-content\/uploads\/2024\/07\/Blog-MedCof-9-1068x601.jpg 1068w, https:\/\/www.grupomedcof.com.br\/blog\/wp-content\/uploads\/2024\/07\/Blog-MedCof-9.jpg 1920w\" sizes=\"auto, (max-width: 1024px) 100vw, 1024px\" \/><\/figure>\n\n\n\n<p><\/p>\n\n\n\n<p>O Brasil se tornou o primeiro pa\u00eds a registrar morte pela febre Oropouche no mundo. Foram  dois \u00f3bitos registrados no estado da Bahia e um segue sendo investigado em Santa Catarina.<\/p>\n\n\n\n<h2 class=\"wp-block-heading\" id=\"h-o-que-se-sabe\"><span class=\"ez-toc-section\" id=\"O_que_se_sabe\"><\/span><strong>O que se sabe?<\/strong><span class=\"ez-toc-section-end\"><\/span><\/h2>\n\n\n\n<p>Na \u00faltima quinta-feira, dia 25, foram confirmadas duas mortes pela febre Oropouche no estado da Bahia, entretanto, uma segue em investiga\u00e7\u00e3o pelo <strong><a href=\"https:\/\/www.gov.br\/saude\/pt-br\/canais-de-atendimento\/sala-de-imprensa\/notas-a-imprensa\/2024\/ministerio-da-saude-confirma-dois-obitos-por-oropouche-no-pais\">Minist\u00e9rio da Sa\u00fade<\/a><\/strong> em Santa Catarina. As duas v\u00edtimas, que viviam no interior do estado, tinham menos de 30 anos e n\u00e3o possu\u00edam comorbidades. Contudo, de acordo com <strong>Secretaria de Estado da Sa\u00fade da Bahia<\/strong>, as duas ocorr\u00eancias foram, antes de um diagn\u00f3stico final, tratadas como um caso de dengue grave.<br><\/p>\n\n\n\n<h2 class=\"wp-block-heading\" id=\"h-sobre-a-febre-oropouche\"><span class=\"ez-toc-section\" id=\"Sobre_a_Febre_Oropouche\"><\/span><strong>Sobre a Febre Oropouche<\/strong><span class=\"ez-toc-section-end\"><\/span><\/h2>\n\n\n\n<h3 class=\"wp-block-heading\" id=\"h-virus\"><span class=\"ez-toc-section\" id=\"Virus\"><\/span><strong>V\u00edrus<\/strong><span class=\"ez-toc-section-end\"><\/span><\/h3>\n\n\n\n<p>A doen\u00e7a \u00e9 causada por um arbov\u00edrus do g\u00eanero chamado <em><strong>Orthobunyavirus oropoucheense<\/strong><\/em>, que tem como principal transmissor o mosquito-p\u00f3lvora, por\u00e9m n\u00e3o se limita a esta esp\u00e9cie, havendo outros mosquitos que podem disseminar o v\u00edrus. <\/p>\n\n\n\n<h3 class=\"wp-block-heading\" id=\"h-sintomas\"><span class=\"ez-toc-section\" id=\"Sintomas\"><\/span><strong>Sintomas<\/strong><span class=\"ez-toc-section-end\"><\/span><\/h3>\n\n\n\n<p>Como mencionado anteriormente, os sintomas, muitas vezes, s\u00e3o semelhantes aos da <a href=\"https:\/\/www.grupomedcof.com.br\/blog\/atualizacao-pni-2024-vacina-da-dengue\/\">dengue <\/a>e tamb\u00e9m a <em><strong>chikungunya<\/strong><\/em>. Dessa forma, quando infectado, o paciente pode apresentar: dor de cabe\u00e7a, dor muscular, dor nas articula\u00e7\u00f5es, n\u00e1usea e diarreia. Portanto, \u00e9 de necessidade que o profissional saiba fazer a identifica\u00e7\u00e3o atrav\u00e9s processos cl\u00ednicos.<\/p>\n\n\n\n<h3 class=\"wp-block-heading\" id=\"h-diagnostico\"><span class=\"ez-toc-section\" id=\"Diagnostico\"><\/span><strong>Diagn\u00f3stico <\/strong><span class=\"ez-toc-section-end\"><\/span><\/h3>\n\n\n\n<p>Assim como outras doen\u00e7as, o diagn\u00f3stico de Febre Oropouche \u00e9 feito de maneira cl\u00ednica, epidemiol\u00f3gica e laboratorial. Quando confirmado, a notifica\u00e7\u00e3o deve ser imediata, pois possui um alto potencial epid\u00eamico e altas chances de muta\u00e7\u00e3o no v\u00edrus.<\/p>\n\n\n\n<h3 class=\"wp-block-heading\" id=\"h-tratamento\"><span class=\"ez-toc-section\" id=\"Tratamento\"><\/span><strong>Tratamento<\/strong><span class=\"ez-toc-section-end\"><\/span><\/h3>\n\n\n\n<p>Atualmente, n\u00e3o h\u00e1 um tratamento espec\u00edfico para a doen\u00e7a, sendo indicado a perman\u00eancia em repouso seguindo com acompanhamento m\u00e9dico.<\/p>\n\n\n\n<h3 class=\"wp-block-heading\" id=\"h-prevencao\"><span class=\"ez-toc-section\" id=\"Prevencao\"><\/span><strong>Preven\u00e7\u00e3o<\/strong><span class=\"ez-toc-section-end\"><\/span><\/h3>\n\n\n\n<figure class=\"wp-block-table\"><table class=\"has-fixed-layout\"><tbody><tr><td>Evitar \u00e1reas com grande manifesta\u00e7\u00f5es de mosquitos.<\/td><\/tr><tr><td>Ao frequentar \u00e1reas com alta presen\u00e7a de mosquitos, usar roupas que cubram a maior parte do corpo e aplicar, constantemente, repelente.<\/td><\/tr><tr><td>Manter a limpeza das resid\u00eancias, eliminando poss\u00edveis focos de cria\u00e7\u00e3o de mosquitos.<\/td><\/tr><tr><td>Siga orienta\u00e7\u00f5es de institui\u00e7\u00f5es de sa\u00fade para um melhor acompanhamento da doen\u00e7a.<\/td><\/tr><tr><td>Em caso de sintomas suspeitos, procurar ajuda m\u00e9dica imediatamente.<\/td><\/tr><\/tbody><\/table><\/figure>\n\n\n\n<h2 class=\"wp-block-heading\" id=\"h-casos-de-microcefalia\"><span class=\"ez-toc-section\" id=\"Casos_de_Microcefalia\"><\/span><strong>Casos de Microcefalia<\/strong><span class=\"ez-toc-section-end\"><\/span><\/h2>\n\n\n\n<p>O <strong>Minist\u00e9rio da Sa\u00fade<\/strong> est\u00e1 investigando, ao todo, 6 casos de transmiss\u00e3o vertical. Por fim, dois casos acabaram em \u00f3bito fetal e outros tr\u00eas apresentaram um quadro de evolu\u00e7\u00e3o para anomalias cong\u00eanitas, com \u00eanfase em casos de <strong>microcefalia<\/strong>. <\/p>\n\n\n\n<p>Entretanto, secretarias estaduais de sa\u00fade seguem com pesquisas para verificar se h\u00e1 rela\u00e7\u00e3o da febre Oropouche com quadros de m\u00e1-forma\u00e7\u00e3o cong\u00eanita. \u00c9 recomendado a gestantes medidas de prote\u00e7\u00e3o intensificadas e o uso de repelentes. <\/p>\n\n\n\n<p><\/p>\n\n\n\n<h2 class=\"wp-block-heading\" id=\"h-conheca-o-fluxo-de-estudos-medcof\"><span class=\"ez-toc-section\" id=\"Conheca_o_fluxo_de_estudos_MedCof\"><\/span><strong>Conhe\u00e7a o fluxo de estudos MedCof! <\/strong><span class=\"ez-toc-section-end\"><\/span><\/h2>\n\n\n\n<p>O <a href=\"https:\/\/www.youtube.com\/@GrupoMedcof\/videos\">Grupo MedCof<\/a> possui uma metodologia \u00fanica para passar a seus estudantes. As provas est\u00e3o chegando e n\u00f3s podemos te ajudar nos estudos! <\/p>\n\n\n\n<figure class=\"wp-block-embed is-type-video is-provider-youtube wp-block-embed-youtube wp-embed-aspect-16-9 wp-has-aspect-ratio\"><div class=\"wp-block-embed__wrapper\">\n<div class=\"youtube-embed\" data-video_id=\"DH0YqpA2LBc\"><iframe loading=\"lazy\" title=\"Como funciona o fluxo de estudo da MedCof?\" width=\"696\" height=\"392\" src=\"https:\/\/www.youtube.com\/embed\/DH0YqpA2LBc?feature=oembed&#038;enablejsapi=1\" frameborder=\"0\" allow=\"accelerometer; autoplay; clipboard-write; encrypted-media; gyroscope; picture-in-picture; web-share\" referrerpolicy=\"strict-origin-when-cross-origin\" allowfullscreen><\/iframe><\/div>\n<\/div><\/figure>\n\n\n\n<p> <\/p>\n","protected":false},"excerpt":{"rendered":"<p>O Brasil se tornou o primeiro pa\u00eds a registrar morte pela febre Oropouche no mundo. Foram  dois \u00f3bitos registrados no estado da Bahia.<\/p>\n","protected":false},"author":18,"featured_media":28127,"comment_status":"open","ping_status":"open","sticky":false,"template":"","format":"standard","meta":{"footnotes":""},"categories":[195,240,173],"tags":[1489,868,1068,65,246,196,1304],"ppma_author":[3611],"class_list":{"0":"post-28123","1":"post","2":"type-post","3":"status-publish","4":"format-standard","5":"has-post-thumbnail","7":"category-infectologia","8":"category-noticias","9":"category-novidades","10":"tag-brasil","11":"tag-clinica-medica-2","12":"tag-doenca-viral","13":"tag-doencas-infectocontagiosas","14":"tag-febre","15":"tag-infectologia","16":"tag-virus"},"yoast_head":"<!-- This site is optimized with the Yoast SEO Premium plugin v24.3 (Yoast SEO v27.4) - https:\/\/yoast.com\/product\/yoast-seo-premium-wordpress\/ -->\n<title>Febre Oropouche: duas mortes no Brasil confirmadas - Blog de Medcof: conte\u00fados, editais, revalida e mais!<\/title>\n<meta name=\"description\" content=\"O Brasil se tornou o primeiro pa\u00eds a registrar morte pela febre Oropouche no mundo. Foram dois \u00f3bitos registrados no estado da Bahia...\" \/>\n<meta name=\"robots\" content=\"index, follow, max-snippet:-1, max-image-preview:large, max-video-preview:-1\" \/>\n<link rel=\"canonical\" href=\"https:\/\/www.grupomedcof.com.br\/blog\/febre-oropouche-duas-mortes-no-brasil-confirmadas\/\" \/>\n<meta property=\"og:locale\" content=\"pt_BR\" \/>\n<meta property=\"og:type\" content=\"article\" \/>\n<meta property=\"og:title\" content=\"Febre Oropouche: duas mortes no Brasil confirmadas\" \/>\n<meta property=\"og:description\" content=\"O Brasil se tornou o primeiro pa\u00eds a registrar morte pela febre Oropouche no mundo. Foram dois \u00f3bitos registrados no estado da Bahia...\" \/>\n<meta property=\"og:url\" content=\"https:\/\/www.grupomedcof.com.br\/blog\/febre-oropouche-duas-mortes-no-brasil-confirmadas\/\" \/>\n<meta property=\"og:site_name\" content=\"Blog de Medcof: conte\u00fados, editais, revalida e mais!\" \/>\n<meta property=\"article:publisher\" content=\"https:\/\/www.facebook.com\/MedCofQbank\/\" \/>\n<meta property=\"article:published_time\" content=\"2024-07-26T12:27:11+00:00\" \/>\n<meta property=\"article:modified_time\" content=\"2024-07-26T12:27:12+00:00\" \/>\n<meta property=\"og:image\" content=\"https:\/\/www.grupomedcof.com.br\/blog\/wp-content\/uploads\/2024\/07\/Blog-MedCof-9.jpg\" \/>\n\t<meta property=\"og:image:width\" content=\"1920\" \/>\n\t<meta property=\"og:image:height\" content=\"1080\" \/>\n\t<meta property=\"og:image:type\" content=\"image\/jpeg\" \/>\n<meta name=\"author\" content=\"Leila Menzel\" \/>\n<meta name=\"twitter:card\" content=\"summary_large_image\" \/>\n<meta name=\"twitter:label1\" content=\"Escrito por\" \/>\n\t<meta name=\"twitter:data1\" content=\"Leila Menzel\" \/>\n\t<meta name=\"twitter:label2\" content=\"Est. tempo de leitura\" \/>\n\t<meta name=\"twitter:data2\" content=\"3 minutos\" \/>\n<script type=\"application\/ld+json\" class=\"yoast-schema-graph\">{\"@context\":\"https:\\\/\\\/schema.org\",\"@graph\":[{\"@type\":\"Article\",\"@id\":\"https:\\\/\\\/www.grupomedcof.com.br\\\/blog\\\/febre-oropouche-duas-mortes-no-brasil-confirmadas\\\/#article\",\"isPartOf\":{\"@id\":\"https:\\\/\\\/www.grupomedcof.com.br\\\/blog\\\/febre-oropouche-duas-mortes-no-brasil-confirmadas\\\/\"},\"author\":{\"name\":\"Leila Menzel\",\"@id\":\"https:\\\/\\\/www.grupomedcof.com.br\\\/blog\\\/#\\\/schema\\\/person\\\/2a5527209c17e7eb35bd6a4ebd5c7956\"},\"headline\":\"Febre Oropouche: duas mortes no Brasil confirmadas\",\"datePublished\":\"2024-07-26T12:27:11+00:00\",\"dateModified\":\"2024-07-26T12:27:12+00:00\",\"mainEntityOfPage\":{\"@id\":\"https:\\\/\\\/www.grupomedcof.com.br\\\/blog\\\/febre-oropouche-duas-mortes-no-brasil-confirmadas\\\/\"},\"wordCount\":497,\"commentCount\":0,\"publisher\":{\"@id\":\"https:\\\/\\\/www.grupomedcof.com.br\\\/blog\\\/#organization\"},\"image\":{\"@id\":\"https:\\\/\\\/www.grupomedcof.com.br\\\/blog\\\/febre-oropouche-duas-mortes-no-brasil-confirmadas\\\/#primaryimage\"},\"thumbnailUrl\":\"https:\\\/\\\/www.grupomedcof.com.br\\\/blog\\\/wp-content\\\/uploads\\\/2024\\\/07\\\/Blog-MedCof-9.jpg\",\"keywords\":[\"Brasil\",\"clinica medica\",\"doen\u00e7a viral\",\"Doen\u00e7as Infectocontagiosas\",\"Febre\",\"Infectologia\",\"v\u00edrus\"],\"articleSection\":[\"Infectologia\",\"Not\u00edcias\",\"Novidades\"],\"inLanguage\":\"pt-BR\"},{\"@type\":\"WebPage\",\"@id\":\"https:\\\/\\\/www.grupomedcof.com.br\\\/blog\\\/febre-oropouche-duas-mortes-no-brasil-confirmadas\\\/\",\"url\":\"https:\\\/\\\/www.grupomedcof.com.br\\\/blog\\\/febre-oropouche-duas-mortes-no-brasil-confirmadas\\\/\",\"name\":\"Febre Oropouche: duas mortes no Brasil confirmadas - Blog de Medcof: conte\u00fados, editais, revalida e mais!\",\"isPartOf\":{\"@id\":\"https:\\\/\\\/www.grupomedcof.com.br\\\/blog\\\/#website\"},\"primaryImageOfPage\":{\"@id\":\"https:\\\/\\\/www.grupomedcof.com.br\\\/blog\\\/febre-oropouche-duas-mortes-no-brasil-confirmadas\\\/#primaryimage\"},\"image\":{\"@id\":\"https:\\\/\\\/www.grupomedcof.com.br\\\/blog\\\/febre-oropouche-duas-mortes-no-brasil-confirmadas\\\/#primaryimage\"},\"thumbnailUrl\":\"https:\\\/\\\/www.grupomedcof.com.br\\\/blog\\\/wp-content\\\/uploads\\\/2024\\\/07\\\/Blog-MedCof-9.jpg\",\"datePublished\":\"2024-07-26T12:27:11+00:00\",\"dateModified\":\"2024-07-26T12:27:12+00:00\",\"description\":\"O Brasil se tornou o primeiro pa\u00eds a registrar morte pela febre Oropouche no mundo. Foram dois \u00f3bitos registrados no estado da Bahia...\",\"breadcrumb\":{\"@id\":\"https:\\\/\\\/www.grupomedcof.com.br\\\/blog\\\/febre-oropouche-duas-mortes-no-brasil-confirmadas\\\/#breadcrumb\"},\"inLanguage\":\"pt-BR\",\"potentialAction\":[{\"@type\":\"ReadAction\",\"target\":[\"https:\\\/\\\/www.grupomedcof.com.br\\\/blog\\\/febre-oropouche-duas-mortes-no-brasil-confirmadas\\\/\"]}]},{\"@type\":\"ImageObject\",\"inLanguage\":\"pt-BR\",\"@id\":\"https:\\\/\\\/www.grupomedcof.com.br\\\/blog\\\/febre-oropouche-duas-mortes-no-brasil-confirmadas\\\/#primaryimage\",\"url\":\"https:\\\/\\\/www.grupomedcof.com.br\\\/blog\\\/wp-content\\\/uploads\\\/2024\\\/07\\\/Blog-MedCof-9.jpg\",\"contentUrl\":\"https:\\\/\\\/www.grupomedcof.com.br\\\/blog\\\/wp-content\\\/uploads\\\/2024\\\/07\\\/Blog-MedCof-9.jpg\",\"width\":1920,\"height\":1080,\"caption\":\"imagem mostra uma m\u00e3o com um mosquito picando um dedo\"},{\"@type\":\"BreadcrumbList\",\"@id\":\"https:\\\/\\\/www.grupomedcof.com.br\\\/blog\\\/febre-oropouche-duas-mortes-no-brasil-confirmadas\\\/#breadcrumb\",\"itemListElement\":[{\"@type\":\"ListItem\",\"position\":1,\"name\":\"In\u00edcio\",\"item\":\"https:\\\/\\\/www.grupomedcof.com.br\\\/blog\\\/\"},{\"@type\":\"ListItem\",\"position\":2,\"name\":\"Febre Oropouche: duas mortes no Brasil confirmadas\"}]},{\"@type\":\"WebSite\",\"@id\":\"https:\\\/\\\/www.grupomedcof.com.br\\\/blog\\\/#website\",\"url\":\"https:\\\/\\\/www.grupomedcof.com.br\\\/blog\\\/\",\"name\":\"Blog de Medcof: conte\u00fados, editais, revalida e mais!\",\"description\":\"Acesso o blog de MedCof! Seu portal de conte\u00fados sobre resid\u00eancia m\u00e9dica, an\u00e1lise e editais e muito mais. Clique e confira!\",\"publisher\":{\"@id\":\"https:\\\/\\\/www.grupomedcof.com.br\\\/blog\\\/#organization\"},\"alternateName\":\"Blog de Medcof: conte\u00fados, editais, revalida e mais!\",\"potentialAction\":[{\"@type\":\"SearchAction\",\"target\":{\"@type\":\"EntryPoint\",\"urlTemplate\":\"https:\\\/\\\/www.grupomedcof.com.br\\\/blog\\\/?s={search_term_string}\"},\"query-input\":{\"@type\":\"PropertyValueSpecification\",\"valueRequired\":true,\"valueName\":\"search_term_string\"}}],\"inLanguage\":\"pt-BR\"},{\"@type\":\"Organization\",\"@id\":\"https:\\\/\\\/www.grupomedcof.com.br\\\/blog\\\/#organization\",\"name\":\"Grupo MedCof\",\"url\":\"https:\\\/\\\/www.grupomedcof.com.br\\\/blog\\\/\",\"logo\":{\"@type\":\"ImageObject\",\"inLanguage\":\"pt-BR\",\"@id\":\"https:\\\/\\\/www.grupomedcof.com.br\\\/blog\\\/#\\\/schema\\\/logo\\\/image\\\/\",\"url\":\"https:\\\/\\\/www.grupomedcof.com.br\\\/blog\\\/wp-content\\\/uploads\\\/2022\\\/01\\\/logo-medcof.png\",\"contentUrl\":\"https:\\\/\\\/www.grupomedcof.com.br\\\/blog\\\/wp-content\\\/uploads\\\/2022\\\/01\\\/logo-medcof.png\",\"width\":768,\"height\":269,\"caption\":\"Grupo MedCof\"},\"image\":{\"@id\":\"https:\\\/\\\/www.grupomedcof.com.br\\\/blog\\\/#\\\/schema\\\/logo\\\/image\\\/\"},\"sameAs\":[\"https:\\\/\\\/www.facebook.com\\\/MedCofQbank\\\/\",\"https:\\\/\\\/www.instagram.com\\\/grupomedcof\\\/\",\"https:\\\/\\\/br.linkedin.com\\\/company\\\/medcof\",\"https:\\\/\\\/www.youtube.com\\\/channel\\\/UCdHMuOHKICxcHwecxN8P-AA\"]},{\"@type\":\"Person\",\"@id\":\"https:\\\/\\\/www.grupomedcof.com.br\\\/blog\\\/#\\\/schema\\\/person\\\/2a5527209c17e7eb35bd6a4ebd5c7956\",\"name\":\"Leila Menzel\",\"image\":{\"@type\":\"ImageObject\",\"inLanguage\":\"pt-BR\",\"@id\":\"https:\\\/\\\/www.grupomedcof.com.br\\\/blog\\\/wp-content\\\/uploads\\\/2023\\\/04\\\/cropped-cropped-cropped-logo-96x96.png15459389df217b605b4f0cce419ac81a\",\"url\":\"https:\\\/\\\/www.grupomedcof.com.br\\\/blog\\\/wp-content\\\/uploads\\\/2023\\\/04\\\/cropped-cropped-cropped-logo-96x96.png\",\"contentUrl\":\"https:\\\/\\\/www.grupomedcof.com.br\\\/blog\\\/wp-content\\\/uploads\\\/2023\\\/04\\\/cropped-cropped-cropped-logo-96x96.png\",\"caption\":\"Leila Menzel\"},\"description\":\"Estudante do 6\u00b0 semestre de jornalismo, amo e escrevo poesias e viajo em livros de romances clich\u00eas.\",\"url\":\"https:\\\/\\\/www.grupomedcof.com.br\\\/blog\\\/author\\\/leila\\\/\"}]}<\/script>\n<!-- \/ Yoast SEO Premium plugin. -->","yoast_head_json":{"title":"Febre Oropouche: duas mortes no Brasil confirmadas - Blog de Medcof: conte\u00fados, editais, revalida e mais!","description":"O Brasil se tornou o primeiro pa\u00eds a registrar morte pela febre Oropouche no mundo. Foram dois \u00f3bitos registrados no estado da Bahia...","robots":{"index":"index","follow":"follow","max-snippet":"max-snippet:-1","max-image-preview":"max-image-preview:large","max-video-preview":"max-video-preview:-1"},"canonical":"https:\/\/www.grupomedcof.com.br\/blog\/febre-oropouche-duas-mortes-no-brasil-confirmadas\/","og_locale":"pt_BR","og_type":"article","og_title":"Febre Oropouche: duas mortes no Brasil confirmadas","og_description":"O Brasil se tornou o primeiro pa\u00eds a registrar morte pela febre Oropouche no mundo. Foram dois \u00f3bitos registrados no estado da Bahia...","og_url":"https:\/\/www.grupomedcof.com.br\/blog\/febre-oropouche-duas-mortes-no-brasil-confirmadas\/","og_site_name":"Blog de Medcof: conte\u00fados, editais, revalida e mais!","article_publisher":"https:\/\/www.facebook.com\/MedCofQbank\/","article_published_time":"2024-07-26T12:27:11+00:00","article_modified_time":"2024-07-26T12:27:12+00:00","og_image":[{"width":1920,"height":1080,"url":"https:\/\/www.grupomedcof.com.br\/blog\/wp-content\/uploads\/2024\/07\/Blog-MedCof-9.jpg","type":"image\/jpeg"}],"author":"Leila Menzel","twitter_card":"summary_large_image","twitter_misc":{"Escrito por":"Leila Menzel","Est. tempo de leitura":"3 minutos"},"schema":{"@context":"https:\/\/schema.org","@graph":[{"@type":"Article","@id":"https:\/\/www.grupomedcof.com.br\/blog\/febre-oropouche-duas-mortes-no-brasil-confirmadas\/#article","isPartOf":{"@id":"https:\/\/www.grupomedcof.com.br\/blog\/febre-oropouche-duas-mortes-no-brasil-confirmadas\/"},"author":{"name":"Leila Menzel","@id":"https:\/\/www.grupomedcof.com.br\/blog\/#\/schema\/person\/2a5527209c17e7eb35bd6a4ebd5c7956"},"headline":"Febre Oropouche: duas mortes no Brasil confirmadas","datePublished":"2024-07-26T12:27:11+00:00","dateModified":"2024-07-26T12:27:12+00:00","mainEntityOfPage":{"@id":"https:\/\/www.grupomedcof.com.br\/blog\/febre-oropouche-duas-mortes-no-brasil-confirmadas\/"},"wordCount":497,"commentCount":0,"publisher":{"@id":"https:\/\/www.grupomedcof.com.br\/blog\/#organization"},"image":{"@id":"https:\/\/www.grupomedcof.com.br\/blog\/febre-oropouche-duas-mortes-no-brasil-confirmadas\/#primaryimage"},"thumbnailUrl":"https:\/\/www.grupomedcof.com.br\/blog\/wp-content\/uploads\/2024\/07\/Blog-MedCof-9.jpg","keywords":["Brasil","clinica medica","doen\u00e7a viral","Doen\u00e7as Infectocontagiosas","Febre","Infectologia","v\u00edrus"],"articleSection":["Infectologia","Not\u00edcias","Novidades"],"inLanguage":"pt-BR"},{"@type":"WebPage","@id":"https:\/\/www.grupomedcof.com.br\/blog\/febre-oropouche-duas-mortes-no-brasil-confirmadas\/","url":"https:\/\/www.grupomedcof.com.br\/blog\/febre-oropouche-duas-mortes-no-brasil-confirmadas\/","name":"Febre Oropouche: duas mortes no Brasil confirmadas - Blog de Medcof: conte\u00fados, editais, revalida e mais!","isPartOf":{"@id":"https:\/\/www.grupomedcof.com.br\/blog\/#website"},"primaryImageOfPage":{"@id":"https:\/\/www.grupomedcof.com.br\/blog\/febre-oropouche-duas-mortes-no-brasil-confirmadas\/#primaryimage"},"image":{"@id":"https:\/\/www.grupomedcof.com.br\/blog\/febre-oropouche-duas-mortes-no-brasil-confirmadas\/#primaryimage"},"thumbnailUrl":"https:\/\/www.grupomedcof.com.br\/blog\/wp-content\/uploads\/2024\/07\/Blog-MedCof-9.jpg","datePublished":"2024-07-26T12:27:11+00:00","dateModified":"2024-07-26T12:27:12+00:00","description":"O Brasil se tornou o primeiro pa\u00eds a registrar morte pela febre Oropouche no mundo. Foram dois \u00f3bitos registrados no estado da Bahia...","breadcrumb":{"@id":"https:\/\/www.grupomedcof.com.br\/blog\/febre-oropouche-duas-mortes-no-brasil-confirmadas\/#breadcrumb"},"inLanguage":"pt-BR","potentialAction":[{"@type":"ReadAction","target":["https:\/\/www.grupomedcof.com.br\/blog\/febre-oropouche-duas-mortes-no-brasil-confirmadas\/"]}]},{"@type":"ImageObject","inLanguage":"pt-BR","@id":"https:\/\/www.grupomedcof.com.br\/blog\/febre-oropouche-duas-mortes-no-brasil-confirmadas\/#primaryimage","url":"https:\/\/www.grupomedcof.com.br\/blog\/wp-content\/uploads\/2024\/07\/Blog-MedCof-9.jpg","contentUrl":"https:\/\/www.grupomedcof.com.br\/blog\/wp-content\/uploads\/2024\/07\/Blog-MedCof-9.jpg","width":1920,"height":1080,"caption":"imagem mostra uma m\u00e3o com um mosquito picando um dedo"},{"@type":"BreadcrumbList","@id":"https:\/\/www.grupomedcof.com.br\/blog\/febre-oropouche-duas-mortes-no-brasil-confirmadas\/#breadcrumb","itemListElement":[{"@type":"ListItem","position":1,"name":"In\u00edcio","item":"https:\/\/www.grupomedcof.com.br\/blog\/"},{"@type":"ListItem","position":2,"name":"Febre Oropouche: duas mortes no Brasil confirmadas"}]},{"@type":"WebSite","@id":"https:\/\/www.grupomedcof.com.br\/blog\/#website","url":"https:\/\/www.grupomedcof.com.br\/blog\/","name":"Blog de Medcof: conte\u00fados, editais, revalida e mais!","description":"Acesso o blog de MedCof! Seu portal de conte\u00fados sobre resid\u00eancia m\u00e9dica, an\u00e1lise e editais e muito mais. Clique e confira!","publisher":{"@id":"https:\/\/www.grupomedcof.com.br\/blog\/#organization"},"alternateName":"Blog de Medcof: conte\u00fados, editais, revalida e mais!","potentialAction":[{"@type":"SearchAction","target":{"@type":"EntryPoint","urlTemplate":"https:\/\/www.grupomedcof.com.br\/blog\/?s={search_term_string}"},"query-input":{"@type":"PropertyValueSpecification","valueRequired":true,"valueName":"search_term_string"}}],"inLanguage":"pt-BR"},{"@type":"Organization","@id":"https:\/\/www.grupomedcof.com.br\/blog\/#organization","name":"Grupo MedCof","url":"https:\/\/www.grupomedcof.com.br\/blog\/","logo":{"@type":"ImageObject","inLanguage":"pt-BR","@id":"https:\/\/www.grupomedcof.com.br\/blog\/#\/schema\/logo\/image\/","url":"https:\/\/www.grupomedcof.com.br\/blog\/wp-content\/uploads\/2022\/01\/logo-medcof.png","contentUrl":"https:\/\/www.grupomedcof.com.br\/blog\/wp-content\/uploads\/2022\/01\/logo-medcof.png","width":768,"height":269,"caption":"Grupo MedCof"},"image":{"@id":"https:\/\/www.grupomedcof.com.br\/blog\/#\/schema\/logo\/image\/"},"sameAs":["https:\/\/www.facebook.com\/MedCofQbank\/","https:\/\/www.instagram.com\/grupomedcof\/","https:\/\/br.linkedin.com\/company\/medcof","https:\/\/www.youtube.com\/channel\/UCdHMuOHKICxcHwecxN8P-AA"]},{"@type":"Person","@id":"https:\/\/www.grupomedcof.com.br\/blog\/#\/schema\/person\/2a5527209c17e7eb35bd6a4ebd5c7956","name":"Leila Menzel","image":{"@type":"ImageObject","inLanguage":"pt-BR","@id":"https:\/\/www.grupomedcof.com.br\/blog\/wp-content\/uploads\/2023\/04\/cropped-cropped-cropped-logo-96x96.png15459389df217b605b4f0cce419ac81a","url":"https:\/\/www.grupomedcof.com.br\/blog\/wp-content\/uploads\/2023\/04\/cropped-cropped-cropped-logo-96x96.png","contentUrl":"https:\/\/www.grupomedcof.com.br\/blog\/wp-content\/uploads\/2023\/04\/cropped-cropped-cropped-logo-96x96.png","caption":"Leila Menzel"},"description":"Estudante do 6\u00b0 semestre de jornalismo, amo e escrevo poesias e viajo em livros de romances clich\u00eas.","url":"https:\/\/www.grupomedcof.com.br\/blog\/author\/leila\/"}]}},"authors":[{"term_id":3611,"user_id":18,"is_guest":0,"slug":"leila","display_name":"Leila Menzel","avatar_url":"https:\/\/www.grupomedcof.com.br\/blog\/wp-content\/uploads\/2023\/04\/cropped-cropped-cropped-logo-96x96.png","0":null,"1":"","2":"","3":"","4":"","5":"","6":"","7":"","8":""}],"_links":{"self":[{"href":"https:\/\/www.grupomedcof.com.br\/blog\/wp-json\/wp\/v2\/posts\/28123","targetHints":{"allow":["GET"]}}],"collection":[{"href":"https:\/\/www.grupomedcof.com.br\/blog\/wp-json\/wp\/v2\/posts"}],"about":[{"href":"https:\/\/www.grupomedcof.com.br\/blog\/wp-json\/wp\/v2\/types\/post"}],"author":[{"embeddable":true,"href":"https:\/\/www.grupomedcof.com.br\/blog\/wp-json\/wp\/v2\/users\/18"}],"replies":[{"embeddable":true,"href":"https:\/\/www.grupomedcof.com.br\/blog\/wp-json\/wp\/v2\/comments?post=28123"}],"version-history":[{"count":0,"href":"https:\/\/www.grupomedcof.com.br\/blog\/wp-json\/wp\/v2\/posts\/28123\/revisions"}],"wp:featuredmedia":[{"embeddable":true,"href":"https:\/\/www.grupomedcof.com.br\/blog\/wp-json\/wp\/v2\/media\/28127"}],"wp:attachment":[{"href":"https:\/\/www.grupomedcof.com.br\/blog\/wp-json\/wp\/v2\/media?parent=28123"}],"wp:term":[{"taxonomy":"category","embeddable":true,"href":"https:\/\/www.grupomedcof.com.br\/blog\/wp-json\/wp\/v2\/categories?post=28123"},{"taxonomy":"post_tag","embeddable":true,"href":"https:\/\/www.grupomedcof.com.br\/blog\/wp-json\/wp\/v2\/tags?post=28123"},{"taxonomy":"author","embeddable":true,"href":"https:\/\/www.grupomedcof.com.br\/blog\/wp-json\/wp\/v2\/ppma_author?post=28123"}],"curies":[{"name":"wp","href":"https:\/\/api.w.org\/{rel}","templated":true}]}}