{"id":28136,"date":"2026-01-16T08:59:12","date_gmt":"2026-01-16T11:59:12","guid":{"rendered":"https:\/\/www.grupomedcof.com.br\/blog\/?p=28136"},"modified":"2026-01-16T08:59:14","modified_gmt":"2026-01-16T11:59:14","slug":"medidas-e-indicadores-de-saude","status":"publish","type":"post","link":"https:\/\/www.grupomedcof.com.br\/blog\/medidas-e-indicadores-de-saude\/","title":{"rendered":"Indicadores de sa\u00fade: conceitos fundamentais e aplica\u00e7\u00f5es pr\u00e1ticas"},"content":{"rendered":"<div id=\"ez-toc-container\" class=\"ez-toc-v2_0_74 counter-hierarchy ez-toc-counter ez-toc-transparent ez-toc-container-direction\">\n<div class=\"ez-toc-title-container\">\n<p class=\"ez-toc-title\" style=\"cursor:inherit\">Sum\u00e1rio<\/p>\n<span class=\"ez-toc-title-toggle\"><a href=\"#\" class=\"ez-toc-pull-right ez-toc-btn ez-toc-btn-xs ez-toc-btn-default ez-toc-toggle\" aria-label=\"Alternar tabela de conte\u00fado\"><span class=\"ez-toc-js-icon-con\"><span class=\"\"><span class=\"eztoc-hide\" style=\"display:none;\">Toggle<\/span><span class=\"ez-toc-icon-toggle-span\"><svg style=\"fill: #999;color:#999\" xmlns=\"http:\/\/www.w3.org\/2000\/svg\" class=\"list-377408\" width=\"20px\" height=\"20px\" viewBox=\"0 0 24 24\" fill=\"none\"><path d=\"M6 6H4v2h2V6zm14 0H8v2h12V6zM4 11h2v2H4v-2zm16 0H8v2h12v-2zM4 16h2v2H4v-2zm16 0H8v2h12v-2z\" fill=\"currentColor\"><\/path><\/svg><svg style=\"fill: #999;color:#999\" class=\"arrow-unsorted-368013\" xmlns=\"http:\/\/www.w3.org\/2000\/svg\" width=\"10px\" height=\"10px\" viewBox=\"0 0 24 24\" version=\"1.2\" baseProfile=\"tiny\"><path d=\"M18.2 9.3l-6.2-6.3-6.2 6.3c-.2.2-.3.4-.3.7s.1.5.3.7c.2.2.4.3.7.3h11c.3 0 .5-.1.7-.3.2-.2.3-.5.3-.7s-.1-.5-.3-.7zM5.8 14.7l6.2 6.3 6.2-6.3c.2-.2.3-.5.3-.7s-.1-.5-.3-.7c-.2-.2-.4-.3-.7-.3h-11c-.3 0-.5.1-.7.3-.2.2-.3.5-.3.7s.1.5.3.7z\"\/><\/svg><\/span><\/span><\/span><\/a><\/span><\/div>\n<nav><ul class='ez-toc-list ez-toc-list-level-1 ' ><li class='ez-toc-page-1 ez-toc-heading-level-2'><a class=\"ez-toc-link ez-toc-heading-1\" href=\"https:\/\/www.grupomedcof.com.br\/blog\/medidas-e-indicadores-de-saude\/#O_que_sao_indicadores_de_saude\" >O que s\u00e3o indicadores de sa\u00fade?<\/a><\/li><li class='ez-toc-page-1 ez-toc-heading-level-2'><a class=\"ez-toc-link ez-toc-heading-2\" href=\"https:\/\/www.grupomedcof.com.br\/blog\/medidas-e-indicadores-de-saude\/#Classificacao_dos_indicadores_de_saude_matriz_IDB\" >Classifica\u00e7\u00e3o dos indicadores de sa\u00fade: matriz IDB<\/a><ul class='ez-toc-list-level-3' ><li class='ez-toc-heading-level-3'><a class=\"ez-toc-link ez-toc-heading-3\" href=\"https:\/\/www.grupomedcof.com.br\/blog\/medidas-e-indicadores-de-saude\/#Indicadores_demograficos\" >Indicadores demogr\u00e1ficos<\/a><\/li><li class='ez-toc-page-1 ez-toc-heading-level-3'><a class=\"ez-toc-link ez-toc-heading-4\" href=\"https:\/\/www.grupomedcof.com.br\/blog\/medidas-e-indicadores-de-saude\/#Indicadores_de_mortalidade\" >Indicadores de mortalidade<\/a><\/li><li class='ez-toc-page-1 ez-toc-heading-level-3'><a class=\"ez-toc-link ez-toc-heading-5\" href=\"https:\/\/www.grupomedcof.com.br\/blog\/medidas-e-indicadores-de-saude\/#Indicadores_de_morbidade_e_estado_de_saude\" >Indicadores de morbidade e estado de sa\u00fade<\/a><\/li><li class='ez-toc-page-1 ez-toc-heading-level-3'><a class=\"ez-toc-link ez-toc-heading-6\" href=\"https:\/\/www.grupomedcof.com.br\/blog\/medidas-e-indicadores-de-saude\/#Indicadores_socioeconomicos_em_saude\" >Indicadores socioecon\u00f4micos em sa\u00fade<\/a><\/li><li class='ez-toc-page-1 ez-toc-heading-level-3'><a class=\"ez-toc-link ez-toc-heading-7\" href=\"https:\/\/www.grupomedcof.com.br\/blog\/medidas-e-indicadores-de-saude\/#_Indicadores_de_recursos_e_cobertura\" >\u00a0Indicadores de recursos e cobertura<\/a><\/li><\/ul><\/li><li class='ez-toc-page-1 ez-toc-heading-level-2'><a class=\"ez-toc-link ez-toc-heading-8\" href=\"https:\/\/www.grupomedcof.com.br\/blog\/medidas-e-indicadores-de-saude\/#Como_os_indicadores_de_saude_sao_utilizados_na_pratica\" >Como os indicadores de sa\u00fade s\u00e3o utilizados na pr\u00e1tica<\/a><\/li><li class='ez-toc-page-1 ez-toc-heading-level-2'><a class=\"ez-toc-link ez-toc-heading-9\" href=\"https:\/\/www.grupomedcof.com.br\/blog\/medidas-e-indicadores-de-saude\/#Fontes_de_dados_para_indicadores_de_saude_no_Brasil\" >Fontes de dados para indicadores de sa\u00fade no Brasil<\/a><\/li><li class='ez-toc-page-1 ez-toc-heading-level-2'><a class=\"ez-toc-link ez-toc-heading-10\" href=\"https:\/\/www.grupomedcof.com.br\/blog\/medidas-e-indicadores-de-saude\/#Indicadores_de_saude_nas_provas_de_residencia_medica\" >Indicadores de sa\u00fade nas provas de resid\u00eancia m\u00e9dica<\/a><\/li><li class='ez-toc-page-1 ez-toc-heading-level-2'><a class=\"ez-toc-link ez-toc-heading-11\" href=\"https:\/\/www.grupomedcof.com.br\/blog\/medidas-e-indicadores-de-saude\/#Transicao_demografica_e_epidemiologica_no_Brasil\" >Transi\u00e7\u00e3o demogr\u00e1fica e epidemiol\u00f3gica no Brasil<\/a><\/li><li class='ez-toc-page-1 ez-toc-heading-level-2'><a class=\"ez-toc-link ez-toc-heading-12\" href=\"https:\/\/www.grupomedcof.com.br\/blog\/medidas-e-indicadores-de-saude\/#Qualidade_e_confiabilidade_dos_indicadores\" >Qualidade e confiabilidade dos indicadores<\/a><\/li><li class='ez-toc-page-1 ez-toc-heading-level-2'><a class=\"ez-toc-link ez-toc-heading-13\" href=\"https:\/\/www.grupomedcof.com.br\/blog\/medidas-e-indicadores-de-saude\/#Dominando_indicadores_de_saude_para_a_residencia_com_a_MedCof\" >Dominando indicadores de sa\u00fade para a resid\u00eancia com a MedCof<\/a><\/li><\/ul><\/nav><\/div>\n\n<figure class=\"wp-block-image size-large\"><img loading=\"lazy\" decoding=\"async\" width=\"1024\" height=\"576\" src=\"https:\/\/www.grupomedcof.com.br\/blog\/wp-content\/uploads\/2024\/07\/Blog-MedCof-35-1-1024x576.png\" alt=\"\" class=\"wp-image-28140\" srcset=\"https:\/\/www.grupomedcof.com.br\/blog\/wp-content\/uploads\/2024\/07\/Blog-MedCof-35-1-1024x576.png 1024w, https:\/\/www.grupomedcof.com.br\/blog\/wp-content\/uploads\/2024\/07\/Blog-MedCof-35-1-300x169.png 300w, https:\/\/www.grupomedcof.com.br\/blog\/wp-content\/uploads\/2024\/07\/Blog-MedCof-35-1-768x432.png 768w, https:\/\/www.grupomedcof.com.br\/blog\/wp-content\/uploads\/2024\/07\/Blog-MedCof-35-1-1536x864.png 1536w, https:\/\/www.grupomedcof.com.br\/blog\/wp-content\/uploads\/2024\/07\/Blog-MedCof-35-1-747x420.png 747w, https:\/\/www.grupomedcof.com.br\/blog\/wp-content\/uploads\/2024\/07\/Blog-MedCof-35-1-150x84.png 150w, https:\/\/www.grupomedcof.com.br\/blog\/wp-content\/uploads\/2024\/07\/Blog-MedCof-35-1-696x392.png 696w, https:\/\/www.grupomedcof.com.br\/blog\/wp-content\/uploads\/2024\/07\/Blog-MedCof-35-1-1068x601.png 1068w, https:\/\/www.grupomedcof.com.br\/blog\/wp-content\/uploads\/2024\/07\/Blog-MedCof-35-1.png 1920w\" sizes=\"auto, (max-width: 1024px) 100vw, 1024px\" \/><\/figure>\n\n\n\n<p>Baseado no IDB-Ripsa, esse guia definitivo sobre indicadores de sa\u00fade foi desenvolvido para candidatos \u00e0 resid\u00eancia m\u00e9dica e estudantes de medicina no geral, enfatizando a import\u00e2ncia do conhecimento desses t\u00f3picos para a aprova\u00e7\u00e3o e pr\u00e1tica m\u00e9dica.<\/p>\n\n\n\n<h2 class=\"wp-block-heading\" id=\"h-o-que-sao-indicadores-de-saude\"><span class=\"ez-toc-section\" id=\"O_que_sao_indicadores_de_saude\"><\/span><strong><strong>O que s\u00e3o indicadores de sa\u00fade?<\/strong><\/strong><span class=\"ez-toc-section-end\"><\/span><\/h2>\n\n\n\n<p>Em termos gerais, os indicadores s\u00e3o medidas-s\u00edntese que cont\u00e9m informa\u00e7\u00f5es relevantes sobre determinados atributos e dimens\u00f5es do estado de sa\u00fade, bem como do desempenho do sistema de sa\u00fade. Visto em conjunto, devem refletir a situa\u00e7\u00e3o sanit\u00e1ria de uma popula\u00e7\u00e3o e servir para a <a href=\"https:\/\/www.grupomedcof.com.br\/blog\/treine-com-questoes-sobre-vigilancia-epidemiologica\/\" target=\"_blank\" rel=\"noreferrer noopener\">vigil\u00e2ncia <\/a>das condi\u00e7\u00f5es de sa\u00fade.<\/p>\n\n\n\n<p>Essa medida busca conservar o estado de sa\u00fade da popula\u00e7\u00e3o, tornando esse processo com uma atividade central para garantir a compreens\u00e3o de como, quando e onde atuar para o favorecimento da qualidade de vida de cada cidad\u00e3o.<\/p>\n\n\n\n<p>A constru\u00e7\u00e3o de um indicador \u00e9 um processo cuja complexidade pode variar desde simples contagem direta de casos de determinada doen\u00e7a, at\u00e9 o c\u00e1lculo de propor\u00e7\u00f5es, raz\u00f5es, taxas ou \u00edndices mais sofisticados, como a esperan\u00e7a de vida ao nascer.<\/p>\n\n\n\n<p>A qualidade de um indicador depende das propriedades dos componentes utilizados em sua formula\u00e7\u00e3o (frequ\u00eancia de casos, tamanho da popula\u00e7\u00e3o em risco) e da precis\u00e3o dos sistemas de informa\u00e7\u00e3o empregados (registros, coleta, transmiss\u00e3o de dados).<\/p>\n\n\n\n<p>O grau de excel\u00eancia de um indicador deve ser definido por sua validade (capacidade de medir o que se pretende) e confiabilidade (reproduzindo os mesmos resultados quando aplicado em condi\u00e7\u00f5es similares). Para assegurar a confian\u00e7a dos usu\u00e1rios na informa\u00e7\u00e3o produzida \u00e9 preciso monitorar a qualidade dos indicadores, revisar periodicamente a consist\u00eancia da s\u00e9rie hist\u00f3rica de dados, e disseminar a informa\u00e7\u00e3o com oportunidade e regularidade.<\/p>\n\n\n\n<p>A estrat\u00e9gia de coopera\u00e7\u00e3o centrou-se na cria\u00e7\u00e3o da Rede Interagencial de Informa\u00e7\u00f5es para a Sa\u00fade (Ripsa), concebida por um grupo de trabalho ad hoc. O primeiro produto final\u00edstico da Ripsa \u00e9 a publica\u00e7\u00e3o regular de Indicadores e Dados B\u00e1sicos (IDB), por isso a import\u00e2ncia dos estudantes de <a href=\"https:\/\/www.grupomedcof.com.br\/blog\/categorias\/residencia-medica\/\" target=\"_blank\" rel=\"noreferrer noopener\"><strong>resid\u00eancia <\/strong><\/a>e m\u00e9dicos especialistas de se manterem atualizados aos documentos expostos por essa rede.<\/p>\n\n\n\n<h2 class=\"wp-block-heading\" id=\"h-classificacao-dos-indicadores-de-saude-matriz-idb\"><span class=\"ez-toc-section\" id=\"Classificacao_dos_indicadores_de_saude_matriz_IDB\"><\/span><strong><strong>Classifica\u00e7\u00e3o dos indicadores de sa\u00fade: matriz IDB<\/strong><\/strong><span class=\"ez-toc-section-end\"><\/span><\/h2>\n\n\n\n<p>Os<strong> Indicadores e Dados B\u00e1sicos para a Sa\u00fade (IDB)<\/strong> \u00e9 um documento criado em 2002 o qual consta um abrangente conjunto de de indicadores desenvolvidos a partir de dados coletados em territ\u00f3rio nacional, envolvendo aspectos e \u00e1reas que envolvam a sa\u00fade integralmente.<\/p>\n\n\n\n<p>Sua fun\u00e7\u00e3o, segundo a matriz oficial estabelecida no IDB e na <strong>Ripsa<\/strong>, \u00e9 abranger e acompanhar informa\u00e7\u00f5es sobre diversos aspectos do estado de sa\u00fade nacional, para que dessa forma sejam identificados problemas, resolu\u00e7\u00f5es e an\u00e1lises necess\u00e1rias para a melhoria do sistema de sa\u00fade nacional.<\/p>\n\n\n\n<p>Para que esse trabalho seja efetivo e abrangente, s\u00e3o determinadas 7 categorias de an\u00e1lise, facilitando a separa\u00e7\u00e3o e organiza\u00e7\u00e3o dos dados para essa interpreta\u00e7\u00e3o. Os indicadores s\u00e3o:&nbsp;<\/p>\n\n\n\n<p>Confira abaixo os t\u00f3picos referentes a cada uma das categorias no IDB.<\/p>\n\n\n\n<h3 class=\"wp-block-heading\" id=\"h-indicadores-demograficos\"><span class=\"ez-toc-section\" id=\"Indicadores_demograficos\"><\/span><strong><strong>Indicadores demogr\u00e1ficos<\/strong><\/strong><span class=\"ez-toc-section-end\"><\/span><\/h3>\n\n\n\n<p>Essa classifica\u00e7\u00e3o corresponde ao acompanhamento dos dados populacionais, sendo aplicado diretamente conceitos o \u201cn\u00famero total de pessoas residentes e sua estrutura relativa, em determinado espa\u00e7o geogr\u00e1fico, no ano considerado\u201d, segundo o documento oficial.<\/p>\n\n\n\n<p>Esses aspectos ajudam no reconhecimento das dimens\u00f5es da popula\u00e7\u00e3o-alvo dos servi\u00e7os e a\u00e7\u00f5es de sa\u00fade prestados pelo estado, contribuindo para o <strong>planejamento, valida\u00e7\u00e3o e avalia\u00e7\u00f5es objetivas de pol\u00edticas p\u00fablicas direcionadas \u00e0 sa\u00fade<\/strong>. Veja abaixo quais s\u00e3o os indicadores:<\/p>\n\n\n\n<ul class=\"wp-block-list\">\n<li>Popula\u00e7\u00e3o total (importante para reconhecer qual o tamanho da equipe de sa\u00fade que deve cuidar da \u00e1rea);<\/li>\n\n\n\n<li>Raz\u00e3o dos sexos (pois cada um requer diferentes cuidados);<\/li>\n\n\n\n<li>Taxa de crescimento da popula\u00e7\u00e3o (elucida qual a idade predominante da popula\u00e7\u00e3o);<\/li>\n\n\n\n<li>Grau de urbaniza\u00e7\u00e3o (revela condi\u00e7\u00f5es de moradia e deslocamento da popula\u00e7\u00e3o);<\/li>\n\n\n\n<li>Propor\u00e7\u00e3o de menores de anos de idade da popula\u00e7\u00e3o;<\/li>\n\n\n\n<li>Propor\u00e7\u00e3o de idosos;<\/li>\n\n\n\n<li>\u00cdndice de envelhecimento;<\/li>\n\n\n\n<li>Raz\u00e3o de depend\u00eancia;<\/li>\n\n\n\n<li>Taxa de fecundidade total;<\/li>\n\n\n\n<li>Taxa espec\u00edfica de fecundidade;<\/li>\n\n\n\n<li>Taxa bruta de natalidade;<\/li>\n\n\n\n<li>Mortalidade proporcional por idade;<\/li>\n\n\n\n<li>Mortalidade proporcional por idade em menores de 1 ano de idade;<\/li>\n\n\n\n<li>Taxa bruta de mortalidade;<\/li>\n\n\n\n<li>Esperan\u00e7a de vida ao nascer;<\/li>\n\n\n\n<li>Esperan\u00e7a de vida aos 60 anos de idade.<\/li>\n<\/ul>\n\n\n\n<h3 class=\"wp-block-heading\" id=\"h-indicadores-de-mortalidade\"><span class=\"ez-toc-section\" id=\"Indicadores_de_mortalidade\"><\/span><strong><strong>Indicadores de mortalidade<\/strong><\/strong><span class=\"ez-toc-section-end\"><\/span><\/h3>\n\n\n\n<p>Considera o n\u00famero de \u00f3bitos registrados no ano correspondente ao \u00edndice, colaborando para a compreens\u00e3o das principais causas acerca das mortes. Por meio de classifica\u00e7\u00f5es espec\u00edficas, esses indicadores possibilitam a avalia\u00e7\u00e3o de aspectos que atingem diretamente a sa\u00fade no geral. Dessa forma, s\u00e3o direcionadas medidas na tentativa de conten\u00e7\u00e3o de qualquer problema poss\u00edvel.<\/p>\n\n\n\n<p>Se destacam as como indicadores:<\/p>\n\n\n\n<ul class=\"wp-block-list\">\n<li>Taxa de mortalidade infantil;<\/li>\n\n\n\n<li>Neonatal precoce;<\/li>\n\n\n\n<li>Neonatal tardia;<\/li>\n\n\n\n<li>P\u00f3s-neonatal;<\/li>\n\n\n\n<li>Perinatal;<\/li>\n\n\n\n<li>Em menos de anos;<\/li>\n\n\n\n<li>Raz\u00e3o de mortalidade materna;<\/li>\n\n\n\n<li>Mortalidade proporcional por grupos de causa;<\/li>\n\n\n\n<li>Mortalidade proporcional por causas mal definidas;<\/li>\n\n\n\n<li>Mortalidade proporcional por doen\u00e7a diarreica aguda em menores de 5 anos de idade;<\/li>\n\n\n\n<li>Mortalidade proporcional espec\u00edfica por doen\u00e7a do aparelho circulat\u00f3rio;<\/li>\n\n\n\n<li>Mortalidade proporcional por causas externas;<\/li>\n\n\n\n<li>Mortalidade proporcional por neoplasias malignas;<\/li>\n\n\n\n<li>Mortalidade proporcional por acidentes de trabalho;<\/li>\n\n\n\n<li>Mortalidade proporcional por diabete mellitus;<\/li>\n\n\n\n<li>Mortalidade proporcional por AIDS;<\/li>\n\n\n\n<li>Mortalidade proporcional por afec\u00e7\u00f5es originadas no per\u00edodo perinatal;<\/li>\n\n\n\n<li>Mortalidade proporcional por doen\u00e7as transmiss\u00edveis.<\/li>\n<\/ul>\n\n\n\n<h3 class=\"wp-block-heading\" id=\"h-indicadores-de-morbidade-e-estado-de-saude\"><span class=\"ez-toc-section\" id=\"Indicadores_de_morbidade_e_estado_de_saude\"><\/span><strong><strong>Indicadores de morbidade e estado de sa\u00fade<\/strong><\/strong><span class=\"ez-toc-section-end\"><\/span><\/h3>\n\n\n\n<p>Categoria que avalia e mede <strong>casos de <\/strong><a href=\"https:\/\/www.grupomedcof.com.br\/blog\/processo-saude-doenca\/\" target=\"_blank\" rel=\"noreferrer noopener\"><strong>doen\u00e7as<\/strong><\/a>, quantificando incid\u00eancias e analisando as causas e fatores para o desenvolvimento. Por meio do coeficiente de morbidade geral, \u00e9 poss\u00edvel identificar e estudar a popula\u00e7\u00e3o afetada. Confira abaixo quais s\u00e3o os \u00edndices:<\/p>\n\n\n\n<ul class=\"wp-block-list\">\n<li>Incid\u00eancia de sarampo;<\/li>\n\n\n\n<li>Incid\u00eancia de difteria;<\/li>\n\n\n\n<li>Incid\u00eancia de coqueluche;<\/li>\n\n\n\n<li>\u00a0Incid\u00eancia de t\u00e9tano neonatal;<\/li>\n\n\n\n<li>Incid\u00eancia de t\u00e9tano (exceto o neonatal);<\/li>\n\n\n\n<li>Incid\u00eancia de febre amarela;<\/li>\n\n\n\n<li>Incid\u00eancia de raiva humana;<\/li>\n\n\n\n<li>Incid\u00eancia de hepatite B;<\/li>\n\n\n\n<li>Incid\u00eancia de hepatite C;<\/li>\n\n\n\n<li>Incid\u00eancia de c\u00f3lera;<\/li>\n\n\n\n<li>Incid\u00eancia de febre hemorr\u00e1gica da dengue;<\/li>\n\n\n\n<li>Incid\u00eancia de s\u00edfilis cong\u00eanita;<\/li>\n\n\n\n<li>Incid\u00eancia de rub\u00e9ola;<\/li>\n\n\n\n<li>Incid\u00eancia de s\u00edndrome da rub\u00e9ola cong\u00eanita;<\/li>\n\n\n\n<li>Incid\u00eancia de doen\u00e7a meningoc\u00f3cica;<\/li>\n\n\n\n<li>Taxa de incid\u00eancia de aids;<\/li>\n\n\n\n<li>Taxa de incid\u00eancia de tuberculose;<\/li>\n\n\n\n<li>Taxa de incid\u00eancia de dengue;<\/li>\n\n\n\n<li>Taxa de incid\u00eancia de leishmaniose tegumentar americana;<\/li>\n\n\n\n<li>Taxa de incid\u00eancia de leishmaniose visceral;<\/li>\n\n\n\n<li>Taxa de detec\u00e7\u00e3o de hansen\u00edase;<\/li>\n\n\n\n<li>\u00cdndice parasit\u00e1rio anual (IPA) de mal\u00e1ria;<\/li>\n\n\n\n<li>Taxa de incid\u00eancia de neoplasias malignas;<\/li>\n\n\n\n<li>Taxa de incid\u00eancia de doen\u00e7as relacionadas ao trabalho;<\/li>\n\n\n\n<li>Taxa de incid\u00eancia de acidentes do trabalho t\u00edpicos;<\/li>\n\n\n\n<li>Taxa de incid\u00eancia de acidentes do trabalho de trajeto;<\/li>\n\n\n\n<li>Taxa de preval\u00eancia de hansen\u00edase;<\/li>\n\n\n\n<li>Taxa de preval\u00eancia de diabete melito;<\/li>\n\n\n\n<li>\u00cdndice CPO-D;<\/li>\n\n\n\n<li>Propor\u00e7\u00e3o de crian\u00e7as de 5 \u2013 6 anos de idade com \u00edndice ceo-d = 0;<\/li>\n\n\n\n<li>Propor\u00e7\u00e3o de interna\u00e7\u00f5es hospitalares (SUS) por grupos de causas;<\/li>\n\n\n\n<li>Propor\u00e7\u00e3o de interna\u00e7\u00f5es hospitalares (SUS) por causas externas;<\/li>\n\n\n\n<li>Propor\u00e7\u00e3o de interna\u00e7\u00f5es hospitalares (SUS) por afec\u00e7\u00f5es originadas no per\u00edodo perinatal;<\/li>\n\n\n\n<li>Taxa de preval\u00eancia de pacientes em di\u00e1lise (SUS);<\/li>\n\n\n\n<li>Propor\u00e7\u00e3o de nascidos vivos por idade materna;<\/li>\n\n\n\n<li>Propor\u00e7\u00e3o de nascidos vivos de baixo peso ao nascer;<\/li>\n\n\n\n<li>Taxa de preval\u00eancia de d\u00e9ficit ponderal para a idade em crian\u00e7as menores de cinco anos de idade;<\/li>\n\n\n\n<li>Taxa de preval\u00eancia de aleitamento materno;<\/li>\n\n\n\n<li>Taxa de preval\u00eancia de aleitamento materno exclusivo;<\/li>\n\n\n\n<li>Taxa de preval\u00eancia de fumantes regulares de cigarros;<\/li>\n\n\n\n<li>Taxa de preval\u00eancia de excesso de peso;<\/li>\n\n\n\n<li>Taxa de preval\u00eancia de consumo excessivo de \u00e1lcool;<\/li>\n\n\n\n<li>Taxa de preval\u00eancia de atividade f\u00edsica insuficiente;<\/li>\n\n\n\n<li>Taxa de preval\u00eancia de hipertens\u00e3o arterial.<\/li>\n<\/ul>\n\n\n\n<h3 class=\"wp-block-heading\" id=\"h-indicadores-socioeconomicos-em-saude\"><span class=\"ez-toc-section\" id=\"Indicadores_socioeconomicos_em_saude\"><\/span><strong><strong>Indicadores socioecon\u00f4micos em sa\u00fade<\/strong><\/strong><span class=\"ez-toc-section-end\"><\/span><\/h3>\n\n\n\n<p>Possui como principal direcionamento o estudo e an\u00e1lise socioecon\u00f4micas de uma popula\u00e7\u00e3o e como isso reflete na qualidade de vida e sa\u00fade do indiv\u00edduo como um todo, coletando dados referentes \u00e0 <strong>desigualdade, educa\u00e7\u00e3o, condi\u00e7\u00e3o financeira, empregabilidade e mais<\/strong>. Veja quais s\u00e3o as medidas:<\/p>\n\n\n\n<ul class=\"wp-block-list\">\n<li>Taxa de trabalho infantil;<\/li>\n\n\n\n<li>Taxa de analfabetismo;<\/li>\n\n\n\n<li>N\u00edveis de escolaridade;<\/li>\n\n\n\n<li>Produto Interno Bruto (PIB) per capita;<\/li>\n\n\n\n<li>Raz\u00e3o de renda;<\/li>\n\n\n\n<li>Propor\u00e7\u00e3o de pobres;<\/li>\n\n\n\n<li>Taxa de desemprego.<\/li>\n<\/ul>\n\n\n\n<h3 class=\"wp-block-heading\" id=\"h-indicadores-de-recursos-e-cobertura\"><span class=\"ez-toc-section\" id=\"_Indicadores_de_recursos_e_cobertura\"><\/span><strong>\u00a0<strong>Indicadores de recursos e cobertura<\/strong><\/strong><span class=\"ez-toc-section-end\"><\/span><\/h3>\n\n\n\n<p>Indicam quais recursos atribu\u00eddos uma certa popula\u00e7\u00e3o possui cobertura e quais meios s\u00e3o utilizados para que haja a garantia da sa\u00fade desse p\u00fablico. S\u00e3o medidos ent\u00e3o n\u00famero de hospitais, de leitos, de profissionais por habitantes e mais.<\/p>\n\n\n\n<ul class=\"wp-block-list\">\n<li>N\u00famero de profissionais de sa\u00fade por habitante;<\/li>\n\n\n\n<li>N\u00famero de leitos hospitalares por habitante;<\/li>\n\n\n\n<li>N\u00famero de leitos hospitalares (SUS) por habitante;<\/li>\n\n\n\n<li>Gasto p\u00fablico com sa\u00fade como propor\u00e7\u00e3o do PIB;<\/li>\n\n\n\n<li>Gasto p\u00fablico com sa\u00fade per capita;<\/li>\n\n\n\n<li>Gasto federal com sa\u00fade como propor\u00e7\u00e3o do PIB;<\/li>\n\n\n\n<li>Gasto federal com sa\u00fade como propor\u00e7\u00e3o do gasto federal total;<\/li>\n\n\n\n<li>Despesa familiar com sa\u00fade como propor\u00e7\u00e3o da renda familiar;<\/li>\n\n\n\n<li>Gasto m\u00e9dio (SUS) por atendimento ambulatorial;<\/li>\n\n\n\n<li>Valor m\u00e9dio pago por interna\u00e7\u00e3o hospitalar no SUS (AIH);<\/li>\n\n\n\n<li>\u00a0Gasto p\u00fablico com saneamento como propor\u00e7\u00e3o do PIB;<\/li>\n\n\n\n<li>Gasto federal com saneamento como propor\u00e7\u00e3o do PIB;<\/li>\n\n\n\n<li>Gasto federal com saneamento como propor\u00e7\u00e3o do gasto federal total;<\/li>\n\n\n\n<li>N\u00famero de concluintes de cursos de gradua\u00e7\u00e3o em sa\u00fade;<\/li>\n\n\n\n<li>Distribui\u00e7\u00e3o dos postos de trabalho de n\u00edvel superior em estabelecimentos de sa\u00fade;<\/li>\n\n\n\n<li>N\u00famero de enfermeiros por leito hospitalar;<\/li>\n\n\n\n<li>\u00a0Anexo I \u2013 Conceito de gasto p\u00fablico com sa\u00fade;<\/li>\n\n\n\n<li>Anexo II \u2013 Conceito de gasto federal com sa\u00fade;<\/li>\n\n\n\n<li>Anexo III \u2013 Conceito de gasto p\u00fablico com saneamento;<\/li>\n\n\n\n<li>Anexo IV \u2013 Conceito de gasto federal com saneamento;<\/li>\n\n\n\n<li>N\u00famero de consultas m\u00e9dicas (SUS) por habitante;<\/li>\n\n\n\n<li>N\u00famero de procedimentos diagn\u00f3sticos por consulta m\u00e9dica (SUS);<\/li>\n\n\n\n<li>N\u00famero de interna\u00e7\u00f5es hospitalares (SUS) por habitante;<\/li>\n\n\n\n<li>Propor\u00e7\u00e3o de interna\u00e7\u00f5es hospitalares (SUS) por especialidade;<\/li>\n\n\n\n<li>Cobertura de consultas de pr\u00e9-natal;<\/li>\n\n\n\n<li>Propor\u00e7\u00e3o de partos hospitalares;<\/li>\n\n\n\n<li>Propor\u00e7\u00e3o de partos ces\u00e1reos;<\/li>\n\n\n\n<li>Raz\u00e3o entre nascidos vivos informados e estimados;<\/li>\n\n\n\n<li>Raz\u00e3o entre \u00f3bitos informados e estimados;<\/li>\n\n\n\n<li>Cobertura vacinal;<\/li>\n\n\n\n<li>Propor\u00e7\u00e3o da popula\u00e7\u00e3o feminina em uso de m\u00e9todos anticonceptivos;<\/li>\n\n\n\n<li>Cobertura de planos de sa\u00fade;<\/li>\n\n\n\n<li>Cobertura de planos privados de sa\u00fade;<\/li>\n\n\n\n<li>Cobertura de redes de abastecimento de \u00e1gua;<\/li>\n\n\n\n<li>Cobertura de esgotamento sanit\u00e1rio;<\/li>\n\n\n\n<li>Cobertura de coleta de lixo;<\/li>\n\n\n\n<li>Anexo I \u2013 Procedimentos considerados como consulta m\u00e9dica;<\/li>\n\n\n\n<li>Anexo II \u2013 Procedimentos complementares SUS;<\/li>\n\n\n\n<li>Anexo III \u2013 Popula\u00e7\u00e3o-alvo para o c\u00e1lculo da cobertura vacinal.<\/li>\n<\/ul>\n\n\n\n<h2 class=\"wp-block-heading\" id=\"h-como-os-indicadores-de-saude-sao-utilizados-na-pratica\"><span class=\"ez-toc-section\" id=\"Como_os_indicadores_de_saude_sao_utilizados_na_pratica\"><\/span><strong><strong>Como os indicadores de sa\u00fade s\u00e3o utilizados na pr\u00e1tica<\/strong><\/strong><span class=\"ez-toc-section-end\"><\/span><\/h2>\n\n\n\n<p>Como j\u00e1 mencionado, esses \u00edndices colaboram para o planejamento, estudo, an\u00e1lise e implementa\u00e7\u00e3o de pol\u00edticas p\u00fablicas voltadas \u00e0 <a href=\"https:\/\/www.grupomedcof.com.br\/blog\/descubra-o-que-esta-inserido-na-saude-suplementar-brasileira\/\" target=\"_blank\" rel=\"noreferrer noopener\">sa\u00fade de uma popula\u00e7\u00e3o<\/a>, favorecendo a cria\u00e7\u00e3o de estrat\u00e9gias para melhorias no atendimento, recursos, pesquisas e na qualidade de vida dos indiv\u00edduos.<\/p>\n\n\n\n<p>Um grande exemplo que vale ser ressaltado \u00e9 o em rela\u00e7\u00e3o a queda na taxa de mortalidade infantil no Brasil ao longo dos anos. Esse m\u00e9rito \u00e9 atribu\u00eddo a diversos fatores que, por vezes, surgiram de pol\u00edticas desenvolvidas com esses indicadores, evidenciando assim a import\u00e2ncia desses dados e segmentos.<\/p>\n\n\n\n<figure class=\"wp-block-image size-large\"><a href=\"https:\/\/www.grupomedcof.com.br\/cofletters\/?clientId=&amp;utm_campaign=newsletter&amp;utm_medium=banner&amp;utm_source=blog&amp;utm_content=inscricao#https:\/\/www.grupomedcof.com.br\/blog\/\" target=\"_blank\" rel=\" noreferrer noopener\"><img loading=\"lazy\" decoding=\"async\" width=\"1024\" height=\"320\" src=\"https:\/\/www.grupomedcof.com.br\/blog\/wp-content\/uploads\/2025\/11\/Banner-MedCof-Plus-2200x460-11-1343x420-1-1024x320.png\" alt=\"\" class=\"wp-image-39227\" srcset=\"https:\/\/www.grupomedcof.com.br\/blog\/wp-content\/uploads\/2025\/11\/Banner-MedCof-Plus-2200x460-11-1343x420-1-1024x320.png 1024w, https:\/\/www.grupomedcof.com.br\/blog\/wp-content\/uploads\/2025\/11\/Banner-MedCof-Plus-2200x460-11-1343x420-1-300x94.png 300w, https:\/\/www.grupomedcof.com.br\/blog\/wp-content\/uploads\/2025\/11\/Banner-MedCof-Plus-2200x460-11-1343x420-1-768x240.png 768w, https:\/\/www.grupomedcof.com.br\/blog\/wp-content\/uploads\/2025\/11\/Banner-MedCof-Plus-2200x460-11-1343x420-1-150x47.png 150w, https:\/\/www.grupomedcof.com.br\/blog\/wp-content\/uploads\/2025\/11\/Banner-MedCof-Plus-2200x460-11-1343x420-1-696x218.png 696w, https:\/\/www.grupomedcof.com.br\/blog\/wp-content\/uploads\/2025\/11\/Banner-MedCof-Plus-2200x460-11-1343x420-1-1068x334.png 1068w, https:\/\/www.grupomedcof.com.br\/blog\/wp-content\/uploads\/2025\/11\/Banner-MedCof-Plus-2200x460-11-1343x420-1.png 1343w\" sizes=\"auto, (max-width: 1024px) 100vw, 1024px\" \/><\/a><\/figure>\n\n\n\n<h2 class=\"wp-block-heading\" id=\"h-fontes-de-dados-para-indicadores-de-saude-no-brasil\"><span class=\"ez-toc-section\" id=\"Fontes_de_dados_para_indicadores_de_saude_no_Brasil\"><\/span><strong><strong>Fontes de dados para indicadores de sa\u00fade no Brasil<\/strong><\/strong><span class=\"ez-toc-section-end\"><\/span><\/h2>\n\n\n\n<p>Para que todo esse trabalho seja desenvolvido da melhor maneira, a Organiza\u00e7\u00e3o Pan-Americana de Sa\u00fade, juntamente ao Minist\u00e9rio da Sa\u00fade, realizam sua capta\u00e7\u00e3o de dados por meio de portais centrais que apresentam informa\u00e7\u00f5es que se relacionam diretamente com o estado de sa\u00fade de uma determinada popula\u00e7\u00e3o. Dessa maneira, a relev\u00e2ncia desse servi\u00e7o se torna ainda mais presente.<\/p>\n\n\n\n<p>Confira abaixa quais as principais fontes de dados para o IDB:<\/p>\n\n\n\n<p><strong>IBGE<\/strong>: sendo o principal \u00f3rg\u00e3o para a coleta, an\u00e1lise e divulga\u00e7\u00e3o de dados no pa\u00eds, o Instituto Brasileiro de Geografia e Estat\u00edstica contribui diretamente para a formula\u00e7\u00e3o de pol\u00edticas p\u00fablicas, tomadas de decis\u00f5es governamentais e abrang\u00eancia de informa\u00e7\u00f5es no pa\u00eds.\u00a0<\/p>\n\n\n\n<p><strong>DataSUS<\/strong>: O <strong>Departamento de Informa\u00e7\u00e3o e Inform\u00e1tica do SUS (DataSUS)<\/strong> \u00e9 respons\u00e1vel por gerenciar os sistemas de informa\u00e7\u00e3o que abrangem todo o SUS, provendo assim dados sobre sa\u00fade para haja o planejamento, organiza\u00e7\u00e3o, centraliza\u00e7\u00e3o e a\u00e7\u00e3o de pol\u00edticas nessa categoria.<\/p>\n\n\n\n<p><strong>SIM<\/strong>: O <strong>Sistema de Informa\u00e7\u00e3o sobre Mortalidade<\/strong> \u00e9 uma ferramenta desenvolvida pelo Minist\u00e9rio da Sa\u00fade para a coleta e acompanhamento sobre mortalidade no pa\u00eds. Por meio do SIM \u00e9 poss\u00edvel construir indicadores sobre a causa mortis no Brasil e identificar os agentes dos casos.<\/p>\n\n\n\n<p><strong>SINASC<\/strong>: Sigla para <strong>Sistema de Informa\u00e7\u00f5es sobre Nascidos Vivos<\/strong> faz o acompanhamento de dados dos nascidos vivos em todo o territ\u00f3rio nacional, apresentando informa\u00e7\u00f5es sobre natalidade, controle dos conte\u00fados sobre rec\u00e9m- nascidos e an\u00e1lise demogr\u00e1fica por meio disso.<\/p>\n\n\n\n<p><strong>SINAN<\/strong>: Sistema de Informa\u00e7\u00e3o de Agravos de Notifica\u00e7\u00e3o apresenta dados relacionados \u00e0 investiga\u00e7\u00e3o de casos de doen\u00e7as e agravos presentes na lista nacional de doen\u00e7as compuls\u00f3rias, contribuindo para a an\u00e1lise epidemiol\u00f3gica e notifica\u00e7\u00e3o.<\/p>\n\n\n\n<h2 class=\"wp-block-heading\" id=\"h-indicadores-de-saude-nas-provas-de-residencia-medica\"><span class=\"ez-toc-section\" id=\"Indicadores_de_saude_nas_provas_de_residencia_medica\"><\/span><strong>Indicadores de sa\u00fade nas provas de resid\u00eancia m\u00e9dica<\/strong><span class=\"ez-toc-section-end\"><\/span><\/h2>\n\n\n\n<p>Muito al\u00e9m da pr\u00e1tica m\u00e9dica, a import\u00e2ncia do conhecimento dos indicadores de sa\u00fade se estende \u00e0s <a href=\"https:\/\/www.grupomedcof.com.br\/blog\/prova-de-residencia-entenda-como-funciona\/\" target=\"_blank\" rel=\"noreferrer noopener\"><strong>provas de resid\u00eancia<\/strong><\/a>, as quais adicionam como conte\u00fados importantes temas relacionados ao IDB. Veja abaixo alguns temas que se tornam refer\u00eancias para essas avalia\u00e7\u00f5es:<\/p>\n\n\n\n<ul class=\"wp-block-list\">\n<li>Taxa de mortalidade infantil (TMI);<\/li>\n\n\n\n<li>Transi\u00e7\u00e3o demogr\u00e1fica;<\/li>\n\n\n\n<li>Cobertura vacinal;<\/li>\n\n\n\n<li>Determinantes sociais;<\/li>\n\n\n\n<li>\u00cdndice de envelhecimento;<\/li>\n\n\n\n<li>Raz\u00e3o de sexos;<\/li>\n\n\n\n<li>Raz\u00e3o de mortalidade materna;<\/li>\n\n\n\n<li>Incid\u00eancia de sarampo;<\/li>\n\n\n\n<li>Pir\u00e2mide et\u00e1ria.<\/li>\n<\/ul>\n\n\n\n<h2 class=\"wp-block-heading\" id=\"h-transicao-demografica-e-epidemiologica-no-brasil\"><span class=\"ez-toc-section\" id=\"Transicao_demografica_e_epidemiologica_no_Brasil\"><\/span><strong>Transi\u00e7\u00e3o demogr\u00e1fica e epidemiol\u00f3gica no Brasil<\/strong><span class=\"ez-toc-section-end\"><\/span><\/h2>\n\n\n\n<p>Atualmente no pa\u00eds, s\u00e3o percebidos processos de mudan\u00e7as em todo o contexto populacional.<\/p>\n\n\n\n<p>&nbsp;Um deles pode ser denominado como <strong>Transi\u00e7\u00e3o Demogr\u00e1fica<\/strong>, que <strong>corresponde \u00e0 mudan\u00e7a nas taxas de natalidade e mortalidade de uma popula\u00e7\u00e3o<\/strong> que, aplicada no cen\u00e1rio brasileiro, se mostra um decl\u00ednio progressivo na quantidade de menores de cinco anos de idade, evidenciando&nbsp; uma redu\u00e7\u00e3o na fecundidade, enquanto a propor\u00e7\u00e3o de pessoas com 60 anos ou mais se mostra crescente, segundo o documento oficial de <strong>Indicadores B\u00e1sicos para a Sa\u00fade no Brasil<\/strong>.&nbsp;<\/p>\n\n\n\n<p>A <strong>Transi\u00e7\u00e3o Epidemiol\u00f3gica<\/strong> complementa essas mudan\u00e7as, referindo assim \u00e0s <strong>altera\u00e7\u00f5es nos padr\u00f5es de doen\u00e7as de um pa\u00eds<\/strong>,&nbsp; a qual, teoricamente, \u00e9 dominado por doen\u00e7as infecciosas e passa a ser, majoritariamente, doen\u00e7as cr\u00f4nicas, isso por conta da amplia\u00e7\u00e3o de pesquisas, atendimentos, tratamentos e cura dessas enfermidades.&nbsp;&nbsp;<\/p>\n\n\n\n<h2 class=\"wp-block-heading\" id=\"h-qualidade-e-confiabilidade-dos-indicadores\"><span class=\"ez-toc-section\" id=\"Qualidade_e_confiabilidade_dos_indicadores\"><\/span><strong>Qualidade e confiabilidade dos indicadores<\/strong><span class=\"ez-toc-section-end\"><\/span><\/h2>\n\n\n\n<p>Segundo o documento oficial do IDB, s\u00e3o estabelecidos crit\u00e9rios <a href=\"https:\/\/www.grupomedcof.com.br\/blog\/atendimento-primario-a-saude-mental-sus\/\" target=\"_blank\" rel=\"noreferrer noopener\"><strong>prim\u00e1rios <\/strong><\/a>para que sejam considerados tais indicadores. Quesitos como Validade, Confiabilidade, Sensibilidade e Especificidade s\u00e3o primordiais para a considera\u00e7\u00e3o. Veja abaixo a explica\u00e7\u00e3o de cada um:<\/p>\n\n\n\n<ul class=\"wp-block-list\">\n<li><strong>Validade<\/strong>: capacidade que este indicador tem de medir o que est\u00e1 sendo analisado.<\/li>\n\n\n\n<li><strong>Confiabilidade<\/strong>: apresenta\u00e7\u00e3o de resultados similares nas mesmas condi\u00e7\u00f5es estudadas, abrangendo o objeto de an\u00e1lise como um todo e perante a realidade.<\/li>\n\n\n\n<li><strong>Sensibilidade<\/strong>: percep\u00e7\u00e3o e capacidade de identificar os casos a serem analisados, diferenciando \u00e0quilo que deve ou n\u00e3o ser estudado.<\/li>\n\n\n\n<li><strong>Especificidade<\/strong>: capacidade de detectar somente o que precisa para o fornecimento de dados de um fen\u00f4meno espec\u00edfico.<\/li>\n<\/ul>\n\n\n\n<h2 class=\"wp-block-heading\" id=\"h-dominando-indicadores-de-saude-para-a-residencia-com-a-medcof\"><span class=\"ez-toc-section\" id=\"Dominando_indicadores_de_saude_para_a_residencia_com_a_MedCof\"><\/span><strong><strong>Dominando indicadores de sa\u00fade para a resid\u00eancia com a MedCof<\/strong><\/strong><span class=\"ez-toc-section-end\"><\/span><\/h2>\n\n\n\n<p>Com conte\u00fado dos materiais do<a href=\"https:\/\/www.grupomedcof.com.br\/home\/?page=sobre-nos\" target=\"_blank\" rel=\"noreferrer noopener\"> <strong>Grupo MedCof<\/strong><\/a><strong> <\/strong>voc\u00ea garante um conhecimento profundo sobre os Indicadores de Sa\u00fade e tamb\u00e9m aborda os das provas de<strong> <\/strong><a href=\"https:\/\/www.grupomedcof.com.br\/blog\/o-que-e-residencia-medica\/\" target=\"_blank\" rel=\"noreferrer noopener\"><strong>resid\u00eancia <\/strong><\/a>m\u00e9dica de todo o pa\u00eds. Al\u00e9m disso, voc\u00ea tamb\u00e9m \u00e9 exposto a conte\u00fados espec\u00edficos de pol\u00edticas de sa\u00fade. Venha fazer parte disso!<\/p>\n\n\n\n<figure class=\"wp-block-embed is-type-video is-provider-youtube wp-block-embed-youtube wp-embed-aspect-16-9 wp-has-aspect-ratio\"><div class=\"wp-block-embed__wrapper\">\n<iframe loading=\"lazy\" title=\"COFEXPRESS - Endoscopia: Gastroparesia. Com Dr. Paulo Mega\" width=\"696\" height=\"392\" src=\"https:\/\/www.youtube.com\/embed\/LeeryqFzoaM?feature=oembed\" frameborder=\"0\" allow=\"accelerometer; autoplay; clipboard-write; encrypted-media; gyroscope; picture-in-picture; web-share\" referrerpolicy=\"strict-origin-when-cross-origin\" allowfullscreen><\/iframe>\n<\/div><\/figure>\n","protected":false},"excerpt":{"rendered":"<p>Nesta edi\u00e7\u00e3o do nosso Blog, nos dedicamos \u00e0s Medidas e Indicadores da Sa\u00fade explicitados no Livro Indicadores e Dados B\u00e1sicos para a Sa\u00fade- IDB, dispon\u00edvel pela Organiza\u00e7\u00e3o Pan-Americana de Sa\u00fade em parceria com o Minist\u00e9rio da Sa\u00fade. Esse conjunto de indicadores foi constru\u00eddo a partir de bases de dados e pesquisas de \u00e2mbito nacional, cobrindo diversos aspectos de sa\u00fade.<\/p>\n","protected":false},"author":22,"featured_media":28140,"comment_status":"open","ping_status":"open","sticky":false,"template":"","format":"standard","meta":{"footnotes":""},"categories":[174],"tags":[253,3387,3388,805],"ppma_author":[3621],"class_list":{"0":"post-28136","1":"post","2":"type-post","3":"status-publish","4":"format-standard","5":"has-post-thumbnail","7":"category-residencia-medica","8":"tag-medicina-de-familia-e-comunidade","9":"tag-mortalidade","10":"tag-saude-coletiva","11":"tag-sus"},"yoast_head":"<!-- This site is optimized with the Yoast SEO Premium plugin v24.3 (Yoast SEO v27.4) - https:\/\/yoast.com\/product\/yoast-seo-premium-wordpress\/ -->\n<title>Indicadores de Sa\u00fade: tipos e impacto na gest\u00e3o cl\u00ednica<\/title>\n<meta name=\"description\" content=\"Domine os Indicadores de Sa\u00fade (Mortalidade, Morbidade e Demogr\u00e1ficos) cruciais para a Sa\u00fade Coletiva e Resid\u00eancia M\u00e9dica. Essencial para futuros m\u00e9dicos.\" \/>\n<meta name=\"robots\" content=\"index, follow, max-snippet:-1, max-image-preview:large, max-video-preview:-1\" \/>\n<link rel=\"canonical\" href=\"https:\/\/www.grupomedcof.com.br\/blog\/medidas-e-indicadores-de-saude\/\" \/>\n<meta property=\"og:locale\" content=\"pt_BR\" \/>\n<meta property=\"og:type\" content=\"article\" \/>\n<meta property=\"og:title\" content=\"Indicadores de sa\u00fade: conceitos fundamentais e aplica\u00e7\u00f5es pr\u00e1ticas\" \/>\n<meta property=\"og:description\" content=\"Domine os Indicadores de Sa\u00fade (Mortalidade, Morbidade e Demogr\u00e1ficos) cruciais para a Sa\u00fade Coletiva e Resid\u00eancia M\u00e9dica. Essencial para futuros m\u00e9dicos.\" \/>\n<meta property=\"og:url\" content=\"https:\/\/www.grupomedcof.com.br\/blog\/medidas-e-indicadores-de-saude\/\" \/>\n<meta property=\"og:site_name\" content=\"Blog de Medcof: conte\u00fados, editais, revalida e mais!\" \/>\n<meta property=\"article:publisher\" content=\"https:\/\/www.facebook.com\/MedCofQbank\/\" \/>\n<meta property=\"article:published_time\" content=\"2026-01-16T11:59:12+00:00\" \/>\n<meta property=\"article:modified_time\" content=\"2026-01-16T11:59:14+00:00\" \/>\n<meta property=\"og:image\" content=\"https:\/\/www.grupomedcof.com.br\/blog\/wp-content\/uploads\/2024\/07\/Blog-MedCof-35-1.png\" \/>\n\t<meta property=\"og:image:width\" content=\"1920\" \/>\n\t<meta property=\"og:image:height\" content=\"1080\" \/>\n\t<meta property=\"og:image:type\" content=\"image\/png\" \/>\n<meta name=\"author\" content=\"Ettore Falcone\" \/>\n<meta name=\"twitter:card\" content=\"summary_large_image\" \/>\n<meta name=\"twitter:label1\" content=\"Escrito por\" \/>\n\t<meta name=\"twitter:data1\" content=\"Ettore Falcone\" \/>\n\t<meta name=\"twitter:label2\" content=\"Est. tempo de leitura\" \/>\n\t<meta name=\"twitter:data2\" content=\"14 minutos\" \/>\n<script type=\"application\/ld+json\" class=\"yoast-schema-graph\">{\"@context\":\"https:\\\/\\\/schema.org\",\"@graph\":[{\"@type\":\"Article\",\"@id\":\"https:\\\/\\\/www.grupomedcof.com.br\\\/blog\\\/medidas-e-indicadores-de-saude\\\/#article\",\"isPartOf\":{\"@id\":\"https:\\\/\\\/www.grupomedcof.com.br\\\/blog\\\/medidas-e-indicadores-de-saude\\\/\"},\"author\":{\"name\":\"Ettore Falcone\",\"@id\":\"https:\\\/\\\/www.grupomedcof.com.br\\\/blog\\\/#\\\/schema\\\/person\\\/ad0add4bd130988a15b8256e3db09359\"},\"headline\":\"Indicadores de sa\u00fade: conceitos fundamentais e aplica\u00e7\u00f5es pr\u00e1ticas\",\"datePublished\":\"2026-01-16T11:59:12+00:00\",\"dateModified\":\"2026-01-16T11:59:14+00:00\",\"mainEntityOfPage\":{\"@id\":\"https:\\\/\\\/www.grupomedcof.com.br\\\/blog\\\/medidas-e-indicadores-de-saude\\\/\"},\"wordCount\":2674,\"commentCount\":0,\"publisher\":{\"@id\":\"https:\\\/\\\/www.grupomedcof.com.br\\\/blog\\\/#organization\"},\"image\":{\"@id\":\"https:\\\/\\\/www.grupomedcof.com.br\\\/blog\\\/medidas-e-indicadores-de-saude\\\/#primaryimage\"},\"thumbnailUrl\":\"https:\\\/\\\/www.grupomedcof.com.br\\\/blog\\\/wp-content\\\/uploads\\\/2024\\\/07\\\/Blog-MedCof-35-1.png\",\"keywords\":[\"Medicina de Fam\u00edlia e Comunidade\",\"Mortalidade\",\"Sa\u00fade Coletiva\",\"SUS\"],\"articleSection\":[\"Resid\u00eancia m\u00e9dica: editais, resultados, temas quentes e mais\"],\"inLanguage\":\"pt-BR\"},{\"@type\":\"WebPage\",\"@id\":\"https:\\\/\\\/www.grupomedcof.com.br\\\/blog\\\/medidas-e-indicadores-de-saude\\\/\",\"url\":\"https:\\\/\\\/www.grupomedcof.com.br\\\/blog\\\/medidas-e-indicadores-de-saude\\\/\",\"name\":\"Indicadores de Sa\u00fade: tipos e impacto na gest\u00e3o cl\u00ednica\",\"isPartOf\":{\"@id\":\"https:\\\/\\\/www.grupomedcof.com.br\\\/blog\\\/#website\"},\"primaryImageOfPage\":{\"@id\":\"https:\\\/\\\/www.grupomedcof.com.br\\\/blog\\\/medidas-e-indicadores-de-saude\\\/#primaryimage\"},\"image\":{\"@id\":\"https:\\\/\\\/www.grupomedcof.com.br\\\/blog\\\/medidas-e-indicadores-de-saude\\\/#primaryimage\"},\"thumbnailUrl\":\"https:\\\/\\\/www.grupomedcof.com.br\\\/blog\\\/wp-content\\\/uploads\\\/2024\\\/07\\\/Blog-MedCof-35-1.png\",\"datePublished\":\"2026-01-16T11:59:12+00:00\",\"dateModified\":\"2026-01-16T11:59:14+00:00\",\"description\":\"Domine os Indicadores de Sa\u00fade (Mortalidade, Morbidade e Demogr\u00e1ficos) cruciais para a Sa\u00fade Coletiva e Resid\u00eancia M\u00e9dica. Essencial para futuros m\u00e9dicos.\",\"breadcrumb\":{\"@id\":\"https:\\\/\\\/www.grupomedcof.com.br\\\/blog\\\/medidas-e-indicadores-de-saude\\\/#breadcrumb\"},\"inLanguage\":\"pt-BR\",\"potentialAction\":[{\"@type\":\"ReadAction\",\"target\":[\"https:\\\/\\\/www.grupomedcof.com.br\\\/blog\\\/medidas-e-indicadores-de-saude\\\/\"]}]},{\"@type\":\"ImageObject\",\"inLanguage\":\"pt-BR\",\"@id\":\"https:\\\/\\\/www.grupomedcof.com.br\\\/blog\\\/medidas-e-indicadores-de-saude\\\/#primaryimage\",\"url\":\"https:\\\/\\\/www.grupomedcof.com.br\\\/blog\\\/wp-content\\\/uploads\\\/2024\\\/07\\\/Blog-MedCof-35-1.png\",\"contentUrl\":\"https:\\\/\\\/www.grupomedcof.com.br\\\/blog\\\/wp-content\\\/uploads\\\/2024\\\/07\\\/Blog-MedCof-35-1.png\",\"width\":1920,\"height\":1080},{\"@type\":\"BreadcrumbList\",\"@id\":\"https:\\\/\\\/www.grupomedcof.com.br\\\/blog\\\/medidas-e-indicadores-de-saude\\\/#breadcrumb\",\"itemListElement\":[{\"@type\":\"ListItem\",\"position\":1,\"name\":\"In\u00edcio\",\"item\":\"https:\\\/\\\/www.grupomedcof.com.br\\\/blog\\\/\"},{\"@type\":\"ListItem\",\"position\":2,\"name\":\"Indicadores de sa\u00fade: conceitos fundamentais e aplica\u00e7\u00f5es pr\u00e1ticas\"}]},{\"@type\":\"WebSite\",\"@id\":\"https:\\\/\\\/www.grupomedcof.com.br\\\/blog\\\/#website\",\"url\":\"https:\\\/\\\/www.grupomedcof.com.br\\\/blog\\\/\",\"name\":\"Blog de Medcof: conte\u00fados, editais, revalida e mais!\",\"description\":\"Acesso o blog de MedCof! Seu portal de conte\u00fados sobre resid\u00eancia m\u00e9dica, an\u00e1lise e editais e muito mais. Clique e confira!\",\"publisher\":{\"@id\":\"https:\\\/\\\/www.grupomedcof.com.br\\\/blog\\\/#organization\"},\"alternateName\":\"Blog de Medcof: conte\u00fados, editais, revalida e mais!\",\"potentialAction\":[{\"@type\":\"SearchAction\",\"target\":{\"@type\":\"EntryPoint\",\"urlTemplate\":\"https:\\\/\\\/www.grupomedcof.com.br\\\/blog\\\/?s={search_term_string}\"},\"query-input\":{\"@type\":\"PropertyValueSpecification\",\"valueRequired\":true,\"valueName\":\"search_term_string\"}}],\"inLanguage\":\"pt-BR\"},{\"@type\":\"Organization\",\"@id\":\"https:\\\/\\\/www.grupomedcof.com.br\\\/blog\\\/#organization\",\"name\":\"Grupo MedCof\",\"url\":\"https:\\\/\\\/www.grupomedcof.com.br\\\/blog\\\/\",\"logo\":{\"@type\":\"ImageObject\",\"inLanguage\":\"pt-BR\",\"@id\":\"https:\\\/\\\/www.grupomedcof.com.br\\\/blog\\\/#\\\/schema\\\/logo\\\/image\\\/\",\"url\":\"https:\\\/\\\/www.grupomedcof.com.br\\\/blog\\\/wp-content\\\/uploads\\\/2022\\\/01\\\/logo-medcof.png\",\"contentUrl\":\"https:\\\/\\\/www.grupomedcof.com.br\\\/blog\\\/wp-content\\\/uploads\\\/2022\\\/01\\\/logo-medcof.png\",\"width\":768,\"height\":269,\"caption\":\"Grupo MedCof\"},\"image\":{\"@id\":\"https:\\\/\\\/www.grupomedcof.com.br\\\/blog\\\/#\\\/schema\\\/logo\\\/image\\\/\"},\"sameAs\":[\"https:\\\/\\\/www.facebook.com\\\/MedCofQbank\\\/\",\"https:\\\/\\\/www.instagram.com\\\/grupomedcof\\\/\",\"https:\\\/\\\/br.linkedin.com\\\/company\\\/medcof\",\"https:\\\/\\\/www.youtube.com\\\/channel\\\/UCdHMuOHKICxcHwecxN8P-AA\"]},{\"@type\":\"Person\",\"@id\":\"https:\\\/\\\/www.grupomedcof.com.br\\\/blog\\\/#\\\/schema\\\/person\\\/ad0add4bd130988a15b8256e3db09359\",\"name\":\"Ettore Falcone\",\"image\":{\"@type\":\"ImageObject\",\"inLanguage\":\"pt-BR\",\"@id\":\"https:\\\/\\\/www.grupomedcof.com.br\\\/blog\\\/wp-content\\\/uploads\\\/2025\\\/11\\\/cropped-Imagem-do-WhatsApp-de-2025-11-27-as-10.40.59_de7ecb99-96x96.jpgcf2a84df9a5145806f5b1e554c54b779\",\"url\":\"https:\\\/\\\/www.grupomedcof.com.br\\\/blog\\\/wp-content\\\/uploads\\\/2025\\\/11\\\/cropped-Imagem-do-WhatsApp-de-2025-11-27-as-10.40.59_de7ecb99-96x96.jpg\",\"contentUrl\":\"https:\\\/\\\/www.grupomedcof.com.br\\\/blog\\\/wp-content\\\/uploads\\\/2025\\\/11\\\/cropped-Imagem-do-WhatsApp-de-2025-11-27-as-10.40.59_de7ecb99-96x96.jpg\",\"caption\":\"Ettore Falcone\"},\"description\":\"Jornalista formado, apaixonado por gastronomia, cinema e literatura. Sempre interessado em aprender algo novo e descobrir coisas novas todos os dias.\",\"url\":\"https:\\\/\\\/www.grupomedcof.com.br\\\/blog\\\/author\\\/ettore-falcone\\\/\"}]}<\/script>\n<!-- \/ Yoast SEO Premium plugin. -->","yoast_head_json":{"title":"Indicadores de Sa\u00fade: tipos e impacto na gest\u00e3o cl\u00ednica","description":"Domine os Indicadores de Sa\u00fade (Mortalidade, Morbidade e Demogr\u00e1ficos) cruciais para a Sa\u00fade Coletiva e Resid\u00eancia M\u00e9dica. Essencial para futuros m\u00e9dicos.","robots":{"index":"index","follow":"follow","max-snippet":"max-snippet:-1","max-image-preview":"max-image-preview:large","max-video-preview":"max-video-preview:-1"},"canonical":"https:\/\/www.grupomedcof.com.br\/blog\/medidas-e-indicadores-de-saude\/","og_locale":"pt_BR","og_type":"article","og_title":"Indicadores de sa\u00fade: conceitos fundamentais e aplica\u00e7\u00f5es pr\u00e1ticas","og_description":"Domine os Indicadores de Sa\u00fade (Mortalidade, Morbidade e Demogr\u00e1ficos) cruciais para a Sa\u00fade Coletiva e Resid\u00eancia M\u00e9dica. Essencial para futuros m\u00e9dicos.","og_url":"https:\/\/www.grupomedcof.com.br\/blog\/medidas-e-indicadores-de-saude\/","og_site_name":"Blog de Medcof: conte\u00fados, editais, revalida e mais!","article_publisher":"https:\/\/www.facebook.com\/MedCofQbank\/","article_published_time":"2026-01-16T11:59:12+00:00","article_modified_time":"2026-01-16T11:59:14+00:00","og_image":[{"width":1920,"height":1080,"url":"https:\/\/www.grupomedcof.com.br\/blog\/wp-content\/uploads\/2024\/07\/Blog-MedCof-35-1.png","type":"image\/png"}],"author":"Ettore Falcone","twitter_card":"summary_large_image","twitter_misc":{"Escrito por":"Ettore Falcone","Est. tempo de leitura":"14 minutos"},"schema":{"@context":"https:\/\/schema.org","@graph":[{"@type":"Article","@id":"https:\/\/www.grupomedcof.com.br\/blog\/medidas-e-indicadores-de-saude\/#article","isPartOf":{"@id":"https:\/\/www.grupomedcof.com.br\/blog\/medidas-e-indicadores-de-saude\/"},"author":{"name":"Ettore Falcone","@id":"https:\/\/www.grupomedcof.com.br\/blog\/#\/schema\/person\/ad0add4bd130988a15b8256e3db09359"},"headline":"Indicadores de sa\u00fade: conceitos fundamentais e aplica\u00e7\u00f5es pr\u00e1ticas","datePublished":"2026-01-16T11:59:12+00:00","dateModified":"2026-01-16T11:59:14+00:00","mainEntityOfPage":{"@id":"https:\/\/www.grupomedcof.com.br\/blog\/medidas-e-indicadores-de-saude\/"},"wordCount":2674,"commentCount":0,"publisher":{"@id":"https:\/\/www.grupomedcof.com.br\/blog\/#organization"},"image":{"@id":"https:\/\/www.grupomedcof.com.br\/blog\/medidas-e-indicadores-de-saude\/#primaryimage"},"thumbnailUrl":"https:\/\/www.grupomedcof.com.br\/blog\/wp-content\/uploads\/2024\/07\/Blog-MedCof-35-1.png","keywords":["Medicina de Fam\u00edlia e Comunidade","Mortalidade","Sa\u00fade Coletiva","SUS"],"articleSection":["Resid\u00eancia m\u00e9dica: editais, resultados, temas quentes e mais"],"inLanguage":"pt-BR"},{"@type":"WebPage","@id":"https:\/\/www.grupomedcof.com.br\/blog\/medidas-e-indicadores-de-saude\/","url":"https:\/\/www.grupomedcof.com.br\/blog\/medidas-e-indicadores-de-saude\/","name":"Indicadores de Sa\u00fade: tipos e impacto na gest\u00e3o cl\u00ednica","isPartOf":{"@id":"https:\/\/www.grupomedcof.com.br\/blog\/#website"},"primaryImageOfPage":{"@id":"https:\/\/www.grupomedcof.com.br\/blog\/medidas-e-indicadores-de-saude\/#primaryimage"},"image":{"@id":"https:\/\/www.grupomedcof.com.br\/blog\/medidas-e-indicadores-de-saude\/#primaryimage"},"thumbnailUrl":"https:\/\/www.grupomedcof.com.br\/blog\/wp-content\/uploads\/2024\/07\/Blog-MedCof-35-1.png","datePublished":"2026-01-16T11:59:12+00:00","dateModified":"2026-01-16T11:59:14+00:00","description":"Domine os Indicadores de Sa\u00fade (Mortalidade, Morbidade e Demogr\u00e1ficos) cruciais para a Sa\u00fade Coletiva e Resid\u00eancia M\u00e9dica. Essencial para futuros m\u00e9dicos.","breadcrumb":{"@id":"https:\/\/www.grupomedcof.com.br\/blog\/medidas-e-indicadores-de-saude\/#breadcrumb"},"inLanguage":"pt-BR","potentialAction":[{"@type":"ReadAction","target":["https:\/\/www.grupomedcof.com.br\/blog\/medidas-e-indicadores-de-saude\/"]}]},{"@type":"ImageObject","inLanguage":"pt-BR","@id":"https:\/\/www.grupomedcof.com.br\/blog\/medidas-e-indicadores-de-saude\/#primaryimage","url":"https:\/\/www.grupomedcof.com.br\/blog\/wp-content\/uploads\/2024\/07\/Blog-MedCof-35-1.png","contentUrl":"https:\/\/www.grupomedcof.com.br\/blog\/wp-content\/uploads\/2024\/07\/Blog-MedCof-35-1.png","width":1920,"height":1080},{"@type":"BreadcrumbList","@id":"https:\/\/www.grupomedcof.com.br\/blog\/medidas-e-indicadores-de-saude\/#breadcrumb","itemListElement":[{"@type":"ListItem","position":1,"name":"In\u00edcio","item":"https:\/\/www.grupomedcof.com.br\/blog\/"},{"@type":"ListItem","position":2,"name":"Indicadores de sa\u00fade: conceitos fundamentais e aplica\u00e7\u00f5es pr\u00e1ticas"}]},{"@type":"WebSite","@id":"https:\/\/www.grupomedcof.com.br\/blog\/#website","url":"https:\/\/www.grupomedcof.com.br\/blog\/","name":"Blog de Medcof: conte\u00fados, editais, revalida e mais!","description":"Acesso o blog de MedCof! Seu portal de conte\u00fados sobre resid\u00eancia m\u00e9dica, an\u00e1lise e editais e muito mais. Clique e confira!","publisher":{"@id":"https:\/\/www.grupomedcof.com.br\/blog\/#organization"},"alternateName":"Blog de Medcof: conte\u00fados, editais, revalida e mais!","potentialAction":[{"@type":"SearchAction","target":{"@type":"EntryPoint","urlTemplate":"https:\/\/www.grupomedcof.com.br\/blog\/?s={search_term_string}"},"query-input":{"@type":"PropertyValueSpecification","valueRequired":true,"valueName":"search_term_string"}}],"inLanguage":"pt-BR"},{"@type":"Organization","@id":"https:\/\/www.grupomedcof.com.br\/blog\/#organization","name":"Grupo MedCof","url":"https:\/\/www.grupomedcof.com.br\/blog\/","logo":{"@type":"ImageObject","inLanguage":"pt-BR","@id":"https:\/\/www.grupomedcof.com.br\/blog\/#\/schema\/logo\/image\/","url":"https:\/\/www.grupomedcof.com.br\/blog\/wp-content\/uploads\/2022\/01\/logo-medcof.png","contentUrl":"https:\/\/www.grupomedcof.com.br\/blog\/wp-content\/uploads\/2022\/01\/logo-medcof.png","width":768,"height":269,"caption":"Grupo MedCof"},"image":{"@id":"https:\/\/www.grupomedcof.com.br\/blog\/#\/schema\/logo\/image\/"},"sameAs":["https:\/\/www.facebook.com\/MedCofQbank\/","https:\/\/www.instagram.com\/grupomedcof\/","https:\/\/br.linkedin.com\/company\/medcof","https:\/\/www.youtube.com\/channel\/UCdHMuOHKICxcHwecxN8P-AA"]},{"@type":"Person","@id":"https:\/\/www.grupomedcof.com.br\/blog\/#\/schema\/person\/ad0add4bd130988a15b8256e3db09359","name":"Ettore Falcone","image":{"@type":"ImageObject","inLanguage":"pt-BR","@id":"https:\/\/www.grupomedcof.com.br\/blog\/wp-content\/uploads\/2025\/11\/cropped-Imagem-do-WhatsApp-de-2025-11-27-as-10.40.59_de7ecb99-96x96.jpgcf2a84df9a5145806f5b1e554c54b779","url":"https:\/\/www.grupomedcof.com.br\/blog\/wp-content\/uploads\/2025\/11\/cropped-Imagem-do-WhatsApp-de-2025-11-27-as-10.40.59_de7ecb99-96x96.jpg","contentUrl":"https:\/\/www.grupomedcof.com.br\/blog\/wp-content\/uploads\/2025\/11\/cropped-Imagem-do-WhatsApp-de-2025-11-27-as-10.40.59_de7ecb99-96x96.jpg","caption":"Ettore Falcone"},"description":"Jornalista formado, apaixonado por gastronomia, cinema e literatura. Sempre interessado em aprender algo novo e descobrir coisas novas todos os dias.","url":"https:\/\/www.grupomedcof.com.br\/blog\/author\/ettore-falcone\/"}]}},"authors":[{"term_id":3621,"user_id":22,"is_guest":0,"slug":"ettore-falcone","display_name":"Ettore Falcone","avatar_url":"https:\/\/www.grupomedcof.com.br\/blog\/wp-content\/uploads\/2025\/11\/cropped-Imagem-do-WhatsApp-de-2025-11-27-as-10.40.59_de7ecb99-96x96.jpg","0":null,"1":"","2":"","3":"","4":"","5":"","6":"","7":"","8":""}],"_links":{"self":[{"href":"https:\/\/www.grupomedcof.com.br\/blog\/wp-json\/wp\/v2\/posts\/28136","targetHints":{"allow":["GET"]}}],"collection":[{"href":"https:\/\/www.grupomedcof.com.br\/blog\/wp-json\/wp\/v2\/posts"}],"about":[{"href":"https:\/\/www.grupomedcof.com.br\/blog\/wp-json\/wp\/v2\/types\/post"}],"author":[{"embeddable":true,"href":"https:\/\/www.grupomedcof.com.br\/blog\/wp-json\/wp\/v2\/users\/22"}],"replies":[{"embeddable":true,"href":"https:\/\/www.grupomedcof.com.br\/blog\/wp-json\/wp\/v2\/comments?post=28136"}],"version-history":[{"count":1,"href":"https:\/\/www.grupomedcof.com.br\/blog\/wp-json\/wp\/v2\/posts\/28136\/revisions"}],"predecessor-version":[{"id":40717,"href":"https:\/\/www.grupomedcof.com.br\/blog\/wp-json\/wp\/v2\/posts\/28136\/revisions\/40717"}],"wp:featuredmedia":[{"embeddable":true,"href":"https:\/\/www.grupomedcof.com.br\/blog\/wp-json\/wp\/v2\/media\/28140"}],"wp:attachment":[{"href":"https:\/\/www.grupomedcof.com.br\/blog\/wp-json\/wp\/v2\/media?parent=28136"}],"wp:term":[{"taxonomy":"category","embeddable":true,"href":"https:\/\/www.grupomedcof.com.br\/blog\/wp-json\/wp\/v2\/categories?post=28136"},{"taxonomy":"post_tag","embeddable":true,"href":"https:\/\/www.grupomedcof.com.br\/blog\/wp-json\/wp\/v2\/tags?post=28136"},{"taxonomy":"author","embeddable":true,"href":"https:\/\/www.grupomedcof.com.br\/blog\/wp-json\/wp\/v2\/ppma_author?post=28136"}],"curies":[{"name":"wp","href":"https:\/\/api.w.org\/{rel}","templated":true}]}}