{"id":28145,"date":"2025-08-06T14:20:19","date_gmt":"2025-08-06T17:20:19","guid":{"rendered":"https:\/\/www.grupomedcof.com.br\/blog\/?p=28145"},"modified":"2025-08-06T14:20:48","modified_gmt":"2025-08-06T17:20:48","slug":"hos-bos-edital-divulgado","status":"publish","type":"post","link":"https:\/\/www.grupomedcof.com.br\/blog\/hos-bos-edital-divulgado\/","title":{"rendered":"HOS\/BOS publica edital para Resid\u00eancia M\u00e9dica 2026"},"content":{"rendered":"<div id=\"ez-toc-container\" class=\"ez-toc-v2_0_74 counter-hierarchy ez-toc-counter ez-toc-transparent ez-toc-container-direction\">\n<div class=\"ez-toc-title-container\">\n<p class=\"ez-toc-title\" style=\"cursor:inherit\">Sum\u00e1rio<\/p>\n<span class=\"ez-toc-title-toggle\"><a href=\"#\" class=\"ez-toc-pull-right ez-toc-btn ez-toc-btn-xs ez-toc-btn-default ez-toc-toggle\" aria-label=\"Alternar tabela de conte\u00fado\"><span class=\"ez-toc-js-icon-con\"><span class=\"\"><span class=\"eztoc-hide\" style=\"display:none;\">Toggle<\/span><span class=\"ez-toc-icon-toggle-span\"><svg style=\"fill: #999;color:#999\" xmlns=\"http:\/\/www.w3.org\/2000\/svg\" class=\"list-377408\" width=\"20px\" height=\"20px\" viewBox=\"0 0 24 24\" fill=\"none\"><path d=\"M6 6H4v2h2V6zm14 0H8v2h12V6zM4 11h2v2H4v-2zm16 0H8v2h12v-2zM4 16h2v2H4v-2zm16 0H8v2h12v-2z\" fill=\"currentColor\"><\/path><\/svg><svg style=\"fill: #999;color:#999\" class=\"arrow-unsorted-368013\" xmlns=\"http:\/\/www.w3.org\/2000\/svg\" width=\"10px\" height=\"10px\" viewBox=\"0 0 24 24\" version=\"1.2\" baseProfile=\"tiny\"><path d=\"M18.2 9.3l-6.2-6.3-6.2 6.3c-.2.2-.3.4-.3.7s.1.5.3.7c.2.2.4.3.7.3h11c.3 0 .5-.1.7-.3.2-.2.3-.5.3-.7s-.1-.5-.3-.7zM5.8 14.7l6.2 6.3 6.2-6.3c.2-.2.3-.5.3-.7s-.1-.5-.3-.7c-.2-.2-.4-.3-.7-.3h-11c-.3 0-.5.1-.7.3-.2.2-.3.5-.3.7s.1.5.3.7z\"\/><\/svg><\/span><\/span><\/span><\/a><\/span><\/div>\n<nav><ul class='ez-toc-list ez-toc-list-level-1 ' ><li class='ez-toc-page-1 ez-toc-heading-level-2'><a class=\"ez-toc-link ez-toc-heading-1\" href=\"https:\/\/www.grupomedcof.com.br\/blog\/hos-bos-edital-divulgado\/#Informacoes_edital_HOSBOS_2026\" >Informa\u00e7\u00f5es edital HOS\/BOS 2026<\/a><ul class='ez-toc-list-level-3' ><li class='ez-toc-heading-level-3'><a class=\"ez-toc-link ez-toc-heading-2\" href=\"https:\/\/www.grupomedcof.com.br\/blog\/hos-bos-edital-divulgado\/#Inscricoes_HOSBOS_20252026\" >Inscri\u00e7\u00f5es HOS\/BOS 2025\/2026<\/a><\/li><li class='ez-toc-page-1 ez-toc-heading-level-3'><a class=\"ez-toc-link ez-toc-heading-3\" href=\"https:\/\/www.grupomedcof.com.br\/blog\/hos-bos-edital-divulgado\/#Processo_Seletivo\" >Processo Seletivo<\/a><\/li><\/ul><\/li><li class='ez-toc-page-1 ez-toc-heading-level-2'><a class=\"ez-toc-link ez-toc-heading-4\" href=\"https:\/\/www.grupomedcof.com.br\/blog\/hos-bos-edital-divulgado\/#Vagas_HOSBOS_20252026\" >Vagas HOS\/BOS 2025\/2026<\/a><\/li><li class='ez-toc-page-1 ez-toc-heading-level-2'><a class=\"ez-toc-link ez-toc-heading-5\" href=\"https:\/\/www.grupomedcof.com.br\/blog\/hos-bos-edital-divulgado\/#Edital_HOSBOS_2025\" >Edital HOS\/BOS 2025<\/a><\/li><li class='ez-toc-page-1 ez-toc-heading-level-2'><a class=\"ez-toc-link ez-toc-heading-6\" href=\"https:\/\/www.grupomedcof.com.br\/blog\/hos-bos-edital-divulgado\/#Cronograma_HOSBOS_2026\" >Cronograma HOS\/BOS 2026<\/a><\/li><li class='ez-toc-page-1 ez-toc-heading-level-2'><a class=\"ez-toc-link ez-toc-heading-7\" href=\"https:\/\/www.grupomedcof.com.br\/blog\/hos-bos-edital-divulgado\/#Sobre_o_BOS\" >Sobre o BOS<\/a><\/li><li class='ez-toc-page-1 ez-toc-heading-level-2'><a class=\"ez-toc-link ez-toc-heading-8\" href=\"https:\/\/www.grupomedcof.com.br\/blog\/hos-bos-edital-divulgado\/#Prepare-se_conosco\" >Prepare-se conosco!<\/a><\/li><\/ul><\/nav><\/div>\n\n<figure class=\"wp-block-image size-large\"><img loading=\"lazy\" decoding=\"async\" width=\"1024\" height=\"576\" src=\"https:\/\/www.grupomedcof.com.br\/blog\/wp-content\/uploads\/2024\/07\/Modelo-instituicoes-44-1024x576.png\" alt=\"\" class=\"wp-image-28147\" srcset=\"https:\/\/www.grupomedcof.com.br\/blog\/wp-content\/uploads\/2024\/07\/Modelo-instituicoes-44-1024x576.png 1024w, https:\/\/www.grupomedcof.com.br\/blog\/wp-content\/uploads\/2024\/07\/Modelo-instituicoes-44-300x169.png 300w, https:\/\/www.grupomedcof.com.br\/blog\/wp-content\/uploads\/2024\/07\/Modelo-instituicoes-44-768x432.png 768w, https:\/\/www.grupomedcof.com.br\/blog\/wp-content\/uploads\/2024\/07\/Modelo-instituicoes-44-1536x864.png 1536w, https:\/\/www.grupomedcof.com.br\/blog\/wp-content\/uploads\/2024\/07\/Modelo-instituicoes-44-2048x1152.png 2048w, https:\/\/www.grupomedcof.com.br\/blog\/wp-content\/uploads\/2024\/07\/Modelo-instituicoes-44-747x420.png 747w, https:\/\/www.grupomedcof.com.br\/blog\/wp-content\/uploads\/2024\/07\/Modelo-instituicoes-44-150x84.png 150w, https:\/\/www.grupomedcof.com.br\/blog\/wp-content\/uploads\/2024\/07\/Modelo-instituicoes-44-696x392.png 696w, https:\/\/www.grupomedcof.com.br\/blog\/wp-content\/uploads\/2024\/07\/Modelo-instituicoes-44-1068x601.png 1068w, https:\/\/www.grupomedcof.com.br\/blog\/wp-content\/uploads\/2024\/07\/Modelo-instituicoes-44-1920x1080.png 1920w\" sizes=\"auto, (max-width: 1024px) 100vw, 1024px\" \/><\/figure>\n\n\n\n<p>O&nbsp;<strong>Hospital Oftalmol\u00f3gico de Sorocaba (HOS)<\/strong>, do Banco de Olhos de Sorocaba (BOS), divulgou, por meio da Funda\u00e7\u00e3o Vunesp, o <strong>edital<\/strong> de seu processo seletivo para ingresso<strong> <\/strong>na<strong> resid\u00eancia m\u00e9dica<\/strong>&nbsp;de 2026.<\/p>\n\n\n\n<h2 class=\"wp-block-heading\" id=\"h-informacoes-edital-hos-bos-2026\"><span class=\"ez-toc-section\" id=\"Informacoes_edital_HOSBOS_2026\"><\/span><strong>Informa\u00e7\u00f5es edital HOS\/BOS 2026<\/strong><span class=\"ez-toc-section-end\"><\/span><\/h2>\n\n\n\n<p>Com <strong>11 vagas<\/strong> ofertadas no total, divididas entre as especialidades de<strong> Oftalmologia e Otorrinolaringologia<\/strong>, o seletivo ser\u00e1 composto por duas fases: <strong>prova objetiva e an\u00e1lise curricular<\/strong>. <\/p>\n\n\n\n<h3 class=\"wp-block-heading\" id=\"h-inscricoes-hos-bos-2025-2026\"><span class=\"ez-toc-section\" id=\"Inscricoes_HOSBOS_20252026\"><\/span><strong>Inscri\u00e7\u00f5es HOS\/BOS 2025\/2026<\/strong><span class=\"ez-toc-section-end\"><\/span><\/h3>\n\n\n\n<p>Al\u00e9m disso, as <strong>inscri\u00e7\u00f5es<\/strong> ocorrem a partir do dia <strong>19 de agosto de 2025<\/strong>, mediante pagamento da taxa no valor de <strong>R$620,00<\/strong>.<\/p>\n\n\n\n<h3 class=\"wp-block-heading\" id=\"h-processo-seletivo\"><span class=\"ez-toc-section\" id=\"Processo_Seletivo\"><\/span><strong>Processo Seletivo<\/strong><span class=\"ez-toc-section-end\"><\/span><\/h3>\n\n\n\n<p>A primeira etapa possui car\u00e1ter classificat\u00f3rio e eliminat\u00f3rio, constitu\u00edda por uma <strong>prova de 100 quest\u00f5es de m\u00faltipla escolha<\/strong>, baseadas nas cinco grandes \u00e1reas da medicina, marcada para o dia <strong>26 de outubro de 2025<\/strong>. <\/p>\n\n\n\n<p>J\u00e1 na segunda etapa, os candidatos que forem classificados na etapa anterior, realizam a <strong>an\u00e1lise curricular<\/strong>. Para isso, os candidatos enviar\u00e3o os documentos entre os dias <strong>02 e 04 de dezembro<\/strong>, para serem avaliados no dia <strong>12 do mesmo m\u00eas.<\/strong><\/p>\n\n\n\n<h2 class=\"wp-block-heading\" id=\"h-vagas-hos-bos-2025-2026\"><span class=\"ez-toc-section\" id=\"Vagas_HOSBOS_20252026\"><\/span><strong>Vagas HOS\/BOS 2025\/2026<\/strong><span class=\"ez-toc-section-end\"><\/span><\/h2>\n\n\n\n<figure class=\"wp-block-table\"><table class=\"has-fixed-layout\"><tbody><tr><td><strong>Especialidade<\/strong><\/td><td><strong>N\u00ba de vagas<\/strong><\/td><\/tr><tr><td>Oftalmologia<\/td><td>8<\/td><\/tr><tr><td>Otorrinolaringologia<\/td><td>3<\/td><\/tr><\/tbody><\/table><\/figure>\n\n\n\n<h2 class=\"wp-block-heading\" id=\"h-edital-hos-bos-2025\"><span class=\"ez-toc-section\" id=\"Edital_HOSBOS_2025\"><\/span><strong>Edital HOS\/BOS 2025<\/strong><span class=\"ez-toc-section-end\"><\/span><\/h2>\n\n\n\n<p>Confira abaixo o edital completo para o processo seletivo de resid\u00eancia m\u00e9dica do HOS\/BOS 2026:<\/p>\n\n\n\n<div class=\"wp-block-buttons is-layout-flex wp-block-buttons-is-layout-flex\">\n<div class=\"wp-block-button\"><a class=\"wp-block-button__link wp-element-button\" href=\"https:\/\/www.grupomedcof.com.br\/blog\/wp-content\/uploads\/2024\/07\/BOSO2501_224_20250805124350.pdf.pdf\" target=\"_blank\" rel=\"noreferrer noopener\">Edital HOS\/BOS 2026<\/a><\/div>\n<\/div>\n\n\n\n<h2 class=\"wp-block-heading\" id=\"h-cronograma-hos-bos-2026\"><span class=\"ez-toc-section\" id=\"Cronograma_HOSBOS_2026\"><\/span><strong>Cronograma HOS\/BOS 2026<\/strong><span class=\"ez-toc-section-end\"><\/span><\/h2>\n\n\n\n<figure class=\"wp-block-table\"><table class=\"has-fixed-layout\"><tbody><tr><td><strong>Inscri\u00e7\u00f5es<\/strong><\/td><td>19\/08 a 17\/09\/2025<\/td><\/tr><tr><td><strong>Data da prova<\/strong><\/td><td>26\/10\/2025<\/td><\/tr><tr><td><strong>Gabarito oficial da prova<\/strong><\/td><td>27\/10\/2025<\/td><\/tr><tr><td><strong>Per\u00edodo para interposi\u00e7\u00e3o de recurso contra o gabarito<\/strong><\/td><td>28 e 29\/10\/2025<\/td><\/tr><tr><td><strong>Per\u00edodo para envio do curr\u00edculo lattes para an\u00e1lise e argui\u00e7\u00e3o curricular<\/strong><\/td><td>02 a 04\/12\/2025<\/td><\/tr><tr><td><strong>An\u00e1lise e argui\u00e7\u00e3o curricular<\/strong><\/td><td>12\/12\/2025<\/td><\/tr><tr><td><strong>Resultado final do processo seletivo<\/strong><\/td><td>19\/12\/2025<\/td><\/tr><\/tbody><\/table><\/figure>\n\n\n\n<h2 class=\"wp-block-heading\" id=\"h-sobre-o-bos\"><span class=\"ez-toc-section\" id=\"Sobre_o_BOS\"><\/span><strong>Sobre o BOS<\/strong><span class=\"ez-toc-section-end\"><\/span><\/h2>\n\n\n\n<p>Em 1979 iniciou-se as primeiras atividades o que viria a ser o Banco de Olhos de Sorocaba (BOS), atualmente a maior refer\u00eancia em capta\u00e7\u00e3o e transplantes de c\u00f3rneas em toda a Am\u00e9rica Latina. <\/p>\n\n\n\n<p>\u00c9 uma institui\u00e7\u00e3o filantr\u00f3pica, cuja atividade inicial era a capta\u00e7\u00e3o de c\u00f3rneas gratuitamente para beneficiar pessoas que aguardavam na fila de espera pelo t\u00e3o sonhado transplante, podemos dizer que j\u00e1 nascemos de uma nobre responsabilidade social.&nbsp;Ao longo dos anos, no entanto, a atua\u00e7\u00e3o social acompanhou o crescimento do Grupo, tornando cada vez mais relevantes para a sociedade. Do Hospital Oftalmol\u00f3gico de Sorocaba (HOS) surgiu a assist\u00eancia m\u00e9dica especializada em Oftalmologia para atender \u00e0 demanda da cidade e da regi\u00e3o, principalmente do SUS. Como complemento dessa atividade, investem em a\u00e7\u00f5es preventivas de sa\u00fade visual e pesquisa cient\u00edfica.&nbsp;<\/p>\n\n\n\n<h2 class=\"wp-block-heading\" id=\"h-prepare-se-conosco\"><span class=\"ez-toc-section\" id=\"Prepare-se_conosco\"><\/span><strong>Prepare-se conosco!<\/strong><span class=\"ez-toc-section-end\"><\/span><\/h2>\n\n\n\n<p>Quer se preparar para as provas de resid\u00eancia m\u00e9dica de 2026? Ent\u00e3o prepare-se com o <a href=\"https:\/\/www.grupomedcof.com.br\/home\/\" target=\"_blank\" rel=\"noreferrer noopener\">Grupo MedCof<\/a> e confira o v\u00eddeo no qual nossos especialistas tiram d\u00favidas sobre as&nbsp;<a href=\"https:\/\/www.grupomedcof.com.br\/blog\/presenca-da-medcof-nas-aprovacoes-em-residencia-medica-no-brasil\/\" target=\"_blank\" rel=\"noreferrer noopener\">principais resid\u00eancias!<\/a><\/p>\n\n\n\n<figure class=\"wp-block-embed is-type-video is-provider-youtube wp-block-embed-youtube wp-embed-aspect-16-9 wp-has-aspect-ratio\"><div class=\"wp-block-embed__wrapper\">\n<div class=\"youtube-embed\" data-video_id=\"\"><iframe loading=\"lazy\" title=\"Como ser aprovado na resid\u00eancia m\u00e9dica com um cronograma de 12 semanas\" width=\"696\" height=\"392\" src=\"https:\/\/www.youtube.com\/embed\/HCU-onaiagc?feature=oembed&#038;enablejsapi=1\" frameborder=\"0\" allow=\"accelerometer; autoplay; clipboard-write; encrypted-media; gyroscope; picture-in-picture; web-share\" referrerpolicy=\"strict-origin-when-cross-origin\" allowfullscreen><\/iframe><\/div>\n<\/div><\/figure>\n","protected":false},"excerpt":{"rendered":"<p>Aqui voc\u00ea encontra informa\u00e7\u00f5es atualizadas sobre o processo seletivo da resid\u00eancia HOS\/BOS 2026. Confira datas, temas quentes, notas de corte e mais!<\/p>\n","protected":false},"author":23,"featured_media":28147,"comment_status":"open","ping_status":"open","sticky":false,"template":"","format":"standard","meta":{"footnotes":""},"categories":[287,2023,174],"tags":[1681,1568,1680,1610,117,68],"ppma_author":[3618],"class_list":{"0":"post-28145","1":"post","2":"type-post","3":"status-publish","4":"format-standard","5":"has-post-thumbnail","7":"category-destaques-medcof","8":"category-editais","9":"category-residencia-medica","10":"tag-bos","11":"tag-edital","12":"tag-edital-hos","13":"tag-hos","14":"tag-provas-de-residencia","15":"tag-residencia-medica"},"yoast_head":"<!-- This site is optimized with the Yoast SEO Premium plugin v24.3 (Yoast SEO v27.4) - https:\/\/yoast.com\/product\/yoast-seo-premium-wordpress\/ -->\n<title>HOS\/BOS 2026: edital divulgado - confira o cronograma e mais<\/title>\n<meta name=\"description\" content=\"Aqui voc\u00ea encontra informa\u00e7\u00f5es atualizadas sobre o processo seletivo da resid\u00eancia HOS\/BOS 2026. Confira datas, temas quentes, notas de corte e mais!\" \/>\n<meta name=\"robots\" content=\"index, follow, max-snippet:-1, max-image-preview:large, max-video-preview:-1\" \/>\n<link rel=\"canonical\" href=\"https:\/\/www.grupomedcof.com.br\/blog\/hos-bos-edital-divulgado\/\" \/>\n<meta property=\"og:locale\" content=\"pt_BR\" \/>\n<meta property=\"og:type\" content=\"article\" \/>\n<meta property=\"og:title\" content=\"HOS\/BOS publica edital para Resid\u00eancia M\u00e9dica 2026\" \/>\n<meta property=\"og:description\" content=\"Aqui voc\u00ea encontra informa\u00e7\u00f5es atualizadas sobre o processo seletivo da resid\u00eancia HOS\/BOS 2026. Confira datas, temas quentes, notas de corte e mais!\" \/>\n<meta property=\"og:url\" content=\"https:\/\/www.grupomedcof.com.br\/blog\/hos-bos-edital-divulgado\/\" \/>\n<meta property=\"og:site_name\" content=\"Blog de Medcof: conte\u00fados, editais, revalida e mais!\" \/>\n<meta property=\"article:publisher\" content=\"https:\/\/www.facebook.com\/MedCofQbank\/\" \/>\n<meta property=\"article:published_time\" content=\"2025-08-06T17:20:19+00:00\" \/>\n<meta property=\"article:modified_time\" content=\"2025-08-06T17:20:48+00:00\" \/>\n<meta property=\"og:image\" content=\"https:\/\/www.grupomedcof.com.br\/blog\/wp-content\/uploads\/2024\/07\/Modelo-instituicoes-44.png\" \/>\n\t<meta property=\"og:image:width\" content=\"2560\" \/>\n\t<meta property=\"og:image:height\" content=\"1440\" \/>\n\t<meta property=\"og:image:type\" content=\"image\/png\" \/>\n<meta name=\"author\" content=\"Lu\u00edsa Porto\" \/>\n<meta name=\"twitter:card\" content=\"summary_large_image\" \/>\n<meta name=\"twitter:label1\" content=\"Escrito por\" \/>\n\t<meta name=\"twitter:data1\" content=\"Lu\u00edsa Porto\" \/>\n\t<meta name=\"twitter:label2\" content=\"Est. tempo de leitura\" \/>\n\t<meta name=\"twitter:data2\" content=\"3 minutos\" \/>\n<script type=\"application\/ld+json\" class=\"yoast-schema-graph\">{\"@context\":\"https:\\\/\\\/schema.org\",\"@graph\":[{\"@type\":\"Article\",\"@id\":\"https:\\\/\\\/www.grupomedcof.com.br\\\/blog\\\/hos-bos-edital-divulgado\\\/#article\",\"isPartOf\":{\"@id\":\"https:\\\/\\\/www.grupomedcof.com.br\\\/blog\\\/hos-bos-edital-divulgado\\\/\"},\"author\":{\"name\":\"Lu\u00edsa Porto\",\"@id\":\"https:\\\/\\\/www.grupomedcof.com.br\\\/blog\\\/#\\\/schema\\\/person\\\/d755ffce500bd0766bbf0e4e6572518f\"},\"headline\":\"HOS\\\/BOS publica edital para Resid\u00eancia M\u00e9dica 2026\",\"datePublished\":\"2025-08-06T17:20:19+00:00\",\"dateModified\":\"2025-08-06T17:20:48+00:00\",\"mainEntityOfPage\":{\"@id\":\"https:\\\/\\\/www.grupomedcof.com.br\\\/blog\\\/hos-bos-edital-divulgado\\\/\"},\"wordCount\":463,\"commentCount\":0,\"publisher\":{\"@id\":\"https:\\\/\\\/www.grupomedcof.com.br\\\/blog\\\/#organization\"},\"image\":{\"@id\":\"https:\\\/\\\/www.grupomedcof.com.br\\\/blog\\\/hos-bos-edital-divulgado\\\/#primaryimage\"},\"thumbnailUrl\":\"https:\\\/\\\/www.grupomedcof.com.br\\\/blog\\\/wp-content\\\/uploads\\\/2024\\\/07\\\/Modelo-instituicoes-44.png\",\"keywords\":[\"BOS\",\"Edital\",\"Edital HOS\",\"HOS\",\"Provas de Resid\u00eancia\",\"Resid\u00eancia M\u00e9dica\"],\"articleSection\":[\"Destaques MedCof\",\"Editais\",\"Resid\u00eancia m\u00e9dica: editais, resultados, temas quentes e mais\"],\"inLanguage\":\"pt-BR\"},{\"@type\":\"WebPage\",\"@id\":\"https:\\\/\\\/www.grupomedcof.com.br\\\/blog\\\/hos-bos-edital-divulgado\\\/\",\"url\":\"https:\\\/\\\/www.grupomedcof.com.br\\\/blog\\\/hos-bos-edital-divulgado\\\/\",\"name\":\"HOS\\\/BOS 2026: edital divulgado - confira o cronograma e mais\",\"isPartOf\":{\"@id\":\"https:\\\/\\\/www.grupomedcof.com.br\\\/blog\\\/#website\"},\"primaryImageOfPage\":{\"@id\":\"https:\\\/\\\/www.grupomedcof.com.br\\\/blog\\\/hos-bos-edital-divulgado\\\/#primaryimage\"},\"image\":{\"@id\":\"https:\\\/\\\/www.grupomedcof.com.br\\\/blog\\\/hos-bos-edital-divulgado\\\/#primaryimage\"},\"thumbnailUrl\":\"https:\\\/\\\/www.grupomedcof.com.br\\\/blog\\\/wp-content\\\/uploads\\\/2024\\\/07\\\/Modelo-instituicoes-44.png\",\"datePublished\":\"2025-08-06T17:20:19+00:00\",\"dateModified\":\"2025-08-06T17:20:48+00:00\",\"description\":\"Aqui voc\u00ea encontra informa\u00e7\u00f5es atualizadas sobre o processo seletivo da resid\u00eancia HOS\\\/BOS 2026. Confira datas, temas quentes, notas de corte e mais!\",\"breadcrumb\":{\"@id\":\"https:\\\/\\\/www.grupomedcof.com.br\\\/blog\\\/hos-bos-edital-divulgado\\\/#breadcrumb\"},\"inLanguage\":\"pt-BR\",\"potentialAction\":[{\"@type\":\"ReadAction\",\"target\":[\"https:\\\/\\\/www.grupomedcof.com.br\\\/blog\\\/hos-bos-edital-divulgado\\\/\"]}]},{\"@type\":\"ImageObject\",\"inLanguage\":\"pt-BR\",\"@id\":\"https:\\\/\\\/www.grupomedcof.com.br\\\/blog\\\/hos-bos-edital-divulgado\\\/#primaryimage\",\"url\":\"https:\\\/\\\/www.grupomedcof.com.br\\\/blog\\\/wp-content\\\/uploads\\\/2024\\\/07\\\/Modelo-instituicoes-44.png\",\"contentUrl\":\"https:\\\/\\\/www.grupomedcof.com.br\\\/blog\\\/wp-content\\\/uploads\\\/2024\\\/07\\\/Modelo-instituicoes-44.png\",\"width\":2560,\"height\":1440},{\"@type\":\"BreadcrumbList\",\"@id\":\"https:\\\/\\\/www.grupomedcof.com.br\\\/blog\\\/hos-bos-edital-divulgado\\\/#breadcrumb\",\"itemListElement\":[{\"@type\":\"ListItem\",\"position\":1,\"name\":\"In\u00edcio\",\"item\":\"https:\\\/\\\/www.grupomedcof.com.br\\\/blog\\\/\"},{\"@type\":\"ListItem\",\"position\":2,\"name\":\"HOS\\\/BOS publica edital para Resid\u00eancia M\u00e9dica 2026\"}]},{\"@type\":\"WebSite\",\"@id\":\"https:\\\/\\\/www.grupomedcof.com.br\\\/blog\\\/#website\",\"url\":\"https:\\\/\\\/www.grupomedcof.com.br\\\/blog\\\/\",\"name\":\"Blog de Medcof: conte\u00fados, editais, revalida e mais!\",\"description\":\"Acesso o blog de MedCof! Seu portal de conte\u00fados sobre resid\u00eancia m\u00e9dica, an\u00e1lise e editais e muito mais. Clique e confira!\",\"publisher\":{\"@id\":\"https:\\\/\\\/www.grupomedcof.com.br\\\/blog\\\/#organization\"},\"alternateName\":\"Blog de Medcof: conte\u00fados, editais, revalida e mais!\",\"potentialAction\":[{\"@type\":\"SearchAction\",\"target\":{\"@type\":\"EntryPoint\",\"urlTemplate\":\"https:\\\/\\\/www.grupomedcof.com.br\\\/blog\\\/?s={search_term_string}\"},\"query-input\":{\"@type\":\"PropertyValueSpecification\",\"valueRequired\":true,\"valueName\":\"search_term_string\"}}],\"inLanguage\":\"pt-BR\"},{\"@type\":\"Organization\",\"@id\":\"https:\\\/\\\/www.grupomedcof.com.br\\\/blog\\\/#organization\",\"name\":\"Grupo MedCof\",\"url\":\"https:\\\/\\\/www.grupomedcof.com.br\\\/blog\\\/\",\"logo\":{\"@type\":\"ImageObject\",\"inLanguage\":\"pt-BR\",\"@id\":\"https:\\\/\\\/www.grupomedcof.com.br\\\/blog\\\/#\\\/schema\\\/logo\\\/image\\\/\",\"url\":\"https:\\\/\\\/www.grupomedcof.com.br\\\/blog\\\/wp-content\\\/uploads\\\/2022\\\/01\\\/logo-medcof.png\",\"contentUrl\":\"https:\\\/\\\/www.grupomedcof.com.br\\\/blog\\\/wp-content\\\/uploads\\\/2022\\\/01\\\/logo-medcof.png\",\"width\":768,\"height\":269,\"caption\":\"Grupo MedCof\"},\"image\":{\"@id\":\"https:\\\/\\\/www.grupomedcof.com.br\\\/blog\\\/#\\\/schema\\\/logo\\\/image\\\/\"},\"sameAs\":[\"https:\\\/\\\/www.facebook.com\\\/MedCofQbank\\\/\",\"https:\\\/\\\/www.instagram.com\\\/grupomedcof\\\/\",\"https:\\\/\\\/br.linkedin.com\\\/company\\\/medcof\",\"https:\\\/\\\/www.youtube.com\\\/channel\\\/UCdHMuOHKICxcHwecxN8P-AA\"]},{\"@type\":\"Person\",\"@id\":\"https:\\\/\\\/www.grupomedcof.com.br\\\/blog\\\/#\\\/schema\\\/person\\\/d755ffce500bd0766bbf0e4e6572518f\",\"name\":\"Lu\u00edsa Porto\",\"image\":{\"@type\":\"ImageObject\",\"inLanguage\":\"pt-BR\",\"@id\":\"https:\\\/\\\/www.grupomedcof.com.br\\\/blog\\\/wp-content\\\/uploads\\\/2025\\\/05\\\/cropped-WhatsApp-Image-2025-05-05-at-19.22.15-96x96.jpegd989589e3fd3e4fb9efe9268a95bbcc4\",\"url\":\"https:\\\/\\\/www.grupomedcof.com.br\\\/blog\\\/wp-content\\\/uploads\\\/2025\\\/05\\\/cropped-WhatsApp-Image-2025-05-05-at-19.22.15-96x96.jpeg\",\"contentUrl\":\"https:\\\/\\\/www.grupomedcof.com.br\\\/blog\\\/wp-content\\\/uploads\\\/2025\\\/05\\\/cropped-WhatsApp-Image-2025-05-05-at-19.22.15-96x96.jpeg\",\"caption\":\"Lu\u00edsa Porto\"},\"description\":\"Estudante de Jornalismo do 6\u00ba semestre, encantada pela \u00e1rea da comunica\u00e7\u00e3o e f\u00e3 de automobilismo\",\"url\":\"https:\\\/\\\/www.grupomedcof.com.br\\\/blog\\\/author\\\/porto\\\/\"}]}<\/script>\n<!-- \/ Yoast SEO Premium plugin. -->","yoast_head_json":{"title":"HOS\/BOS 2026: edital divulgado - confira o cronograma e mais","description":"Aqui voc\u00ea encontra informa\u00e7\u00f5es atualizadas sobre o processo seletivo da resid\u00eancia HOS\/BOS 2026. Confira datas, temas quentes, notas de corte e mais!","robots":{"index":"index","follow":"follow","max-snippet":"max-snippet:-1","max-image-preview":"max-image-preview:large","max-video-preview":"max-video-preview:-1"},"canonical":"https:\/\/www.grupomedcof.com.br\/blog\/hos-bos-edital-divulgado\/","og_locale":"pt_BR","og_type":"article","og_title":"HOS\/BOS publica edital para Resid\u00eancia M\u00e9dica 2026","og_description":"Aqui voc\u00ea encontra informa\u00e7\u00f5es atualizadas sobre o processo seletivo da resid\u00eancia HOS\/BOS 2026. Confira datas, temas quentes, notas de corte e mais!","og_url":"https:\/\/www.grupomedcof.com.br\/blog\/hos-bos-edital-divulgado\/","og_site_name":"Blog de Medcof: conte\u00fados, editais, revalida e mais!","article_publisher":"https:\/\/www.facebook.com\/MedCofQbank\/","article_published_time":"2025-08-06T17:20:19+00:00","article_modified_time":"2025-08-06T17:20:48+00:00","og_image":[{"width":2560,"height":1440,"url":"https:\/\/www.grupomedcof.com.br\/blog\/wp-content\/uploads\/2024\/07\/Modelo-instituicoes-44.png","type":"image\/png"}],"author":"Lu\u00edsa Porto","twitter_card":"summary_large_image","twitter_misc":{"Escrito por":"Lu\u00edsa Porto","Est. tempo de leitura":"3 minutos"},"schema":{"@context":"https:\/\/schema.org","@graph":[{"@type":"Article","@id":"https:\/\/www.grupomedcof.com.br\/blog\/hos-bos-edital-divulgado\/#article","isPartOf":{"@id":"https:\/\/www.grupomedcof.com.br\/blog\/hos-bos-edital-divulgado\/"},"author":{"name":"Lu\u00edsa Porto","@id":"https:\/\/www.grupomedcof.com.br\/blog\/#\/schema\/person\/d755ffce500bd0766bbf0e4e6572518f"},"headline":"HOS\/BOS publica edital para Resid\u00eancia M\u00e9dica 2026","datePublished":"2025-08-06T17:20:19+00:00","dateModified":"2025-08-06T17:20:48+00:00","mainEntityOfPage":{"@id":"https:\/\/www.grupomedcof.com.br\/blog\/hos-bos-edital-divulgado\/"},"wordCount":463,"commentCount":0,"publisher":{"@id":"https:\/\/www.grupomedcof.com.br\/blog\/#organization"},"image":{"@id":"https:\/\/www.grupomedcof.com.br\/blog\/hos-bos-edital-divulgado\/#primaryimage"},"thumbnailUrl":"https:\/\/www.grupomedcof.com.br\/blog\/wp-content\/uploads\/2024\/07\/Modelo-instituicoes-44.png","keywords":["BOS","Edital","Edital HOS","HOS","Provas de Resid\u00eancia","Resid\u00eancia M\u00e9dica"],"articleSection":["Destaques MedCof","Editais","Resid\u00eancia m\u00e9dica: editais, resultados, temas quentes e mais"],"inLanguage":"pt-BR"},{"@type":"WebPage","@id":"https:\/\/www.grupomedcof.com.br\/blog\/hos-bos-edital-divulgado\/","url":"https:\/\/www.grupomedcof.com.br\/blog\/hos-bos-edital-divulgado\/","name":"HOS\/BOS 2026: edital divulgado - confira o cronograma e mais","isPartOf":{"@id":"https:\/\/www.grupomedcof.com.br\/blog\/#website"},"primaryImageOfPage":{"@id":"https:\/\/www.grupomedcof.com.br\/blog\/hos-bos-edital-divulgado\/#primaryimage"},"image":{"@id":"https:\/\/www.grupomedcof.com.br\/blog\/hos-bos-edital-divulgado\/#primaryimage"},"thumbnailUrl":"https:\/\/www.grupomedcof.com.br\/blog\/wp-content\/uploads\/2024\/07\/Modelo-instituicoes-44.png","datePublished":"2025-08-06T17:20:19+00:00","dateModified":"2025-08-06T17:20:48+00:00","description":"Aqui voc\u00ea encontra informa\u00e7\u00f5es atualizadas sobre o processo seletivo da resid\u00eancia HOS\/BOS 2026. Confira datas, temas quentes, notas de corte e mais!","breadcrumb":{"@id":"https:\/\/www.grupomedcof.com.br\/blog\/hos-bos-edital-divulgado\/#breadcrumb"},"inLanguage":"pt-BR","potentialAction":[{"@type":"ReadAction","target":["https:\/\/www.grupomedcof.com.br\/blog\/hos-bos-edital-divulgado\/"]}]},{"@type":"ImageObject","inLanguage":"pt-BR","@id":"https:\/\/www.grupomedcof.com.br\/blog\/hos-bos-edital-divulgado\/#primaryimage","url":"https:\/\/www.grupomedcof.com.br\/blog\/wp-content\/uploads\/2024\/07\/Modelo-instituicoes-44.png","contentUrl":"https:\/\/www.grupomedcof.com.br\/blog\/wp-content\/uploads\/2024\/07\/Modelo-instituicoes-44.png","width":2560,"height":1440},{"@type":"BreadcrumbList","@id":"https:\/\/www.grupomedcof.com.br\/blog\/hos-bos-edital-divulgado\/#breadcrumb","itemListElement":[{"@type":"ListItem","position":1,"name":"In\u00edcio","item":"https:\/\/www.grupomedcof.com.br\/blog\/"},{"@type":"ListItem","position":2,"name":"HOS\/BOS publica edital para Resid\u00eancia M\u00e9dica 2026"}]},{"@type":"WebSite","@id":"https:\/\/www.grupomedcof.com.br\/blog\/#website","url":"https:\/\/www.grupomedcof.com.br\/blog\/","name":"Blog de Medcof: conte\u00fados, editais, revalida e mais!","description":"Acesso o blog de MedCof! Seu portal de conte\u00fados sobre resid\u00eancia m\u00e9dica, an\u00e1lise e editais e muito mais. Clique e confira!","publisher":{"@id":"https:\/\/www.grupomedcof.com.br\/blog\/#organization"},"alternateName":"Blog de Medcof: conte\u00fados, editais, revalida e mais!","potentialAction":[{"@type":"SearchAction","target":{"@type":"EntryPoint","urlTemplate":"https:\/\/www.grupomedcof.com.br\/blog\/?s={search_term_string}"},"query-input":{"@type":"PropertyValueSpecification","valueRequired":true,"valueName":"search_term_string"}}],"inLanguage":"pt-BR"},{"@type":"Organization","@id":"https:\/\/www.grupomedcof.com.br\/blog\/#organization","name":"Grupo MedCof","url":"https:\/\/www.grupomedcof.com.br\/blog\/","logo":{"@type":"ImageObject","inLanguage":"pt-BR","@id":"https:\/\/www.grupomedcof.com.br\/blog\/#\/schema\/logo\/image\/","url":"https:\/\/www.grupomedcof.com.br\/blog\/wp-content\/uploads\/2022\/01\/logo-medcof.png","contentUrl":"https:\/\/www.grupomedcof.com.br\/blog\/wp-content\/uploads\/2022\/01\/logo-medcof.png","width":768,"height":269,"caption":"Grupo MedCof"},"image":{"@id":"https:\/\/www.grupomedcof.com.br\/blog\/#\/schema\/logo\/image\/"},"sameAs":["https:\/\/www.facebook.com\/MedCofQbank\/","https:\/\/www.instagram.com\/grupomedcof\/","https:\/\/br.linkedin.com\/company\/medcof","https:\/\/www.youtube.com\/channel\/UCdHMuOHKICxcHwecxN8P-AA"]},{"@type":"Person","@id":"https:\/\/www.grupomedcof.com.br\/blog\/#\/schema\/person\/d755ffce500bd0766bbf0e4e6572518f","name":"Lu\u00edsa Porto","image":{"@type":"ImageObject","inLanguage":"pt-BR","@id":"https:\/\/www.grupomedcof.com.br\/blog\/wp-content\/uploads\/2025\/05\/cropped-WhatsApp-Image-2025-05-05-at-19.22.15-96x96.jpegd989589e3fd3e4fb9efe9268a95bbcc4","url":"https:\/\/www.grupomedcof.com.br\/blog\/wp-content\/uploads\/2025\/05\/cropped-WhatsApp-Image-2025-05-05-at-19.22.15-96x96.jpeg","contentUrl":"https:\/\/www.grupomedcof.com.br\/blog\/wp-content\/uploads\/2025\/05\/cropped-WhatsApp-Image-2025-05-05-at-19.22.15-96x96.jpeg","caption":"Lu\u00edsa Porto"},"description":"Estudante de Jornalismo do 6\u00ba semestre, encantada pela \u00e1rea da comunica\u00e7\u00e3o e f\u00e3 de automobilismo","url":"https:\/\/www.grupomedcof.com.br\/blog\/author\/porto\/"}]}},"authors":[{"term_id":3618,"user_id":23,"is_guest":0,"slug":"porto","display_name":"Lu\u00edsa Porto","avatar_url":"https:\/\/www.grupomedcof.com.br\/blog\/wp-content\/uploads\/2025\/05\/cropped-WhatsApp-Image-2025-05-05-at-19.22.15-96x96.jpeg","0":null,"1":"","2":"","3":"","4":"","5":"","6":"","7":"","8":""}],"_links":{"self":[{"href":"https:\/\/www.grupomedcof.com.br\/blog\/wp-json\/wp\/v2\/posts\/28145","targetHints":{"allow":["GET"]}}],"collection":[{"href":"https:\/\/www.grupomedcof.com.br\/blog\/wp-json\/wp\/v2\/posts"}],"about":[{"href":"https:\/\/www.grupomedcof.com.br\/blog\/wp-json\/wp\/v2\/types\/post"}],"author":[{"embeddable":true,"href":"https:\/\/www.grupomedcof.com.br\/blog\/wp-json\/wp\/v2\/users\/23"}],"replies":[{"embeddable":true,"href":"https:\/\/www.grupomedcof.com.br\/blog\/wp-json\/wp\/v2\/comments?post=28145"}],"version-history":[{"count":5,"href":"https:\/\/www.grupomedcof.com.br\/blog\/wp-json\/wp\/v2\/posts\/28145\/revisions"}],"predecessor-version":[{"id":36893,"href":"https:\/\/www.grupomedcof.com.br\/blog\/wp-json\/wp\/v2\/posts\/28145\/revisions\/36893"}],"wp:featuredmedia":[{"embeddable":true,"href":"https:\/\/www.grupomedcof.com.br\/blog\/wp-json\/wp\/v2\/media\/28147"}],"wp:attachment":[{"href":"https:\/\/www.grupomedcof.com.br\/blog\/wp-json\/wp\/v2\/media?parent=28145"}],"wp:term":[{"taxonomy":"category","embeddable":true,"href":"https:\/\/www.grupomedcof.com.br\/blog\/wp-json\/wp\/v2\/categories?post=28145"},{"taxonomy":"post_tag","embeddable":true,"href":"https:\/\/www.grupomedcof.com.br\/blog\/wp-json\/wp\/v2\/tags?post=28145"},{"taxonomy":"author","embeddable":true,"href":"https:\/\/www.grupomedcof.com.br\/blog\/wp-json\/wp\/v2\/ppma_author?post=28145"}],"curies":[{"name":"wp","href":"https:\/\/api.w.org\/{rel}","templated":true}]}}