{"id":28145,"date":"2026-08-17T14:41:30","date_gmt":"2026-08-17T17:41:30","guid":{"rendered":"https:\/\/www.grupomedcof.com.br\/blog\/?p=28145"},"modified":"2026-08-18T08:26:42","modified_gmt":"2026-08-18T11:26:42","slug":"hos-bos-edital-divulgado","status":"publish","type":"post","link":"https:\/\/www.grupomedcof.com.br\/blog\/hos-bos-edital-divulgado\/","title":{"rendered":"Edital HOS\/BOS 2026\/2027: inscri\u00e7\u00f5es para resid\u00eancia m\u00e9dica abertas!"},"content":{"rendered":"\n<figure class=\"wp-block-image size-large\"><img loading=\"lazy\" decoding=\"async\" width=\"1024\" height=\"576\" src=\"https:\/\/www.grupomedcof.com.br\/blog\/wp-content\/uploads\/2024\/08\/Modelo-instituicoes-58-1024x576.png\" alt=\"\" class=\"wp-image-28418\" srcset=\"https:\/\/www.grupomedcof.com.br\/blog\/wp-content\/uploads\/2024\/08\/Modelo-instituicoes-58-1024x576.png 1024w, https:\/\/www.grupomedcof.com.br\/blog\/wp-content\/uploads\/2024\/08\/Modelo-instituicoes-58-300x169.png 300w, https:\/\/www.grupomedcof.com.br\/blog\/wp-content\/uploads\/2024\/08\/Modelo-instituicoes-58-768x432.png 768w, https:\/\/www.grupomedcof.com.br\/blog\/wp-content\/uploads\/2024\/08\/Modelo-instituicoes-58-1536x864.png 1536w, https:\/\/www.grupomedcof.com.br\/blog\/wp-content\/uploads\/2024\/08\/Modelo-instituicoes-58-2048x1152.png 2048w, https:\/\/www.grupomedcof.com.br\/blog\/wp-content\/uploads\/2024\/08\/Modelo-instituicoes-58-747x420.png 747w, https:\/\/www.grupomedcof.com.br\/blog\/wp-content\/uploads\/2024\/08\/Modelo-instituicoes-58-150x84.png 150w, https:\/\/www.grupomedcof.com.br\/blog\/wp-content\/uploads\/2024\/08\/Modelo-instituicoes-58-696x392.png 696w, https:\/\/www.grupomedcof.com.br\/blog\/wp-content\/uploads\/2024\/08\/Modelo-instituicoes-58-1068x601.png 1068w, https:\/\/www.grupomedcof.com.br\/blog\/wp-content\/uploads\/2024\/08\/Modelo-instituicoes-58-1920x1080.png 1920w\" sizes=\"auto, (max-width: 1024px) 100vw, 1024px\" \/><\/figure>\n\n\n\n<p class=\"wp-block-paragraph\">Foi publicado o <strong>Edital HOS\/BOS 2027<\/strong> para Resid\u00eancia M\u00e9dica do Hospital Oftalmol\u00f3gico de Sorocaba.<\/p>\n\n\n\n<p class=\"wp-block-paragraph\">A sele\u00e7\u00e3o oferece <strong>11 vagas de acesso direto<\/strong> para Oftalmologia e Otorrinolaringologia. O processo ser\u00e1 organizado pela Funda\u00e7\u00e3o Vunesp e contar\u00e1 com uma \u00fanica etapa, composta por prova objetiva.<\/p>\n\n\n\n<p class=\"wp-block-paragraph\">Confira as principais informa\u00e7\u00f5es.<\/p>\n\n\n\n<h2 id=\"h-resumo-do-edital-hos-bos-2027\" class=\"wp-block-heading\"><strong>Resumo do edital HOS\/BOS 2027<\/strong><\/h2>\n\n\n\n<figure class=\"wp-block-table\"><table class=\"has-fixed-layout\"><tbody><tr><td><strong>Institui\u00e7\u00e3o<\/strong><\/td><td>Hospital Oftalmol\u00f3gico de Sorocaba<\/td><\/tr><tr><td><strong>Banca organizadora<\/strong><\/td><td>Funda\u00e7\u00e3o Vunesp<\/td><\/tr><tr><td><strong>Inscri\u00e7\u00f5es<\/strong><\/td><td>17\/08 a 08\/09\/2026<\/td><\/tr><tr><td><strong>Taxa<\/strong><\/td><td>R$ 620,00<\/td><\/tr><tr><td><strong>Data da prova<\/strong><\/td><td>18\/10\/2026<\/td><\/tr><tr><td><strong>Local<\/strong><\/td><td>Sorocaba\/SP<\/td><\/tr><tr><td><strong>Resultado final<\/strong><\/td><td>08\/12\/2026<\/td><\/tr><tr><td><strong>Matr\u00edcula<\/strong><\/td><td>14 a 18\/12\/2026<\/td><\/tr><\/tbody><\/table><\/figure>\n\n\n\n<h2 id=\"h-vagas-oferecidas-hos-bos-2027\" class=\"wp-block-heading\"><strong>Vagas oferecidas<\/strong> <strong>HOS\/BOS 2027<\/strong><\/h2>\n\n\n\n<p class=\"wp-block-paragraph\">O edital disponibiliza 11 vagas, distribu\u00eddas da seguinte forma:<\/p>\n\n\n\n<figure class=\"wp-block-table\"><table class=\"has-fixed-layout\"><thead><tr><th>Especialidade<\/th><th>Vagas<\/th><\/tr><\/thead><tbody><tr><td>Oftalmologia<\/td><td>8<\/td><\/tr><tr><td>Otorrinolaringologia<\/td><td>3<\/td><\/tr><tr><td><strong>Total<\/strong><\/td><td><strong>11<\/strong><\/td><\/tr><\/tbody><\/table><\/figure>\n\n\n\n<h2 id=\"h-inscricoes-hos-bos-2027\" class=\"wp-block-heading\"><strong>Inscri\u00e7\u00f5es HOS\/BOS 2027<\/strong><\/h2>\n\n\n\n<p class=\"wp-block-paragraph\">As inscri\u00e7\u00f5es dever\u00e3o ser realizadas exclusivamente pelo site da <a href=\"https:\/\/www.vunesp.com.br\/\">Funda\u00e7\u00e3o Vunesp<\/a>, entre 17 de agosto a 8 de setembro de 2026.<\/p>\n\n\n\n<p class=\"wp-block-paragraph\">A taxa de inscri\u00e7\u00e3o \u00e9 de <strong>R$ 620,00<\/strong>.<\/p>\n\n\n\n<figure class=\"wp-block-image size-large\"><a href=\"https:\/\/www.grupomedcof.com.br\/cofletters\/?clientId=&amp;utm_campaign=newsletter&amp;utm_medium=banner&amp;utm_source=blog&amp;utm_content=inscricao#https:\/\/www.grupomedcof.com.br\/blog\/\" target=\"_blank\" rel=\" noreferrer noopener\"><img loading=\"lazy\" decoding=\"async\" width=\"1024\" height=\"320\" src=\"https:\/\/www.grupomedcof.com.br\/blog\/wp-content\/uploads\/2025\/02\/Banner-MedCof-Plus-2200x460-11-1024x320.png\" alt=\"Banner de inscri\u00e7\u00e3o para recebimento da newsletter do Grupo MedCof, a Cofletter. Ela traz as principais not\u00edcias da \u00e1rea da sa\u00fade e dos processos seletivos para resid\u00eancia m\u00e9dica.\" class=\"wp-image-33723\" srcset=\"https:\/\/www.grupomedcof.com.br\/blog\/wp-content\/uploads\/2025\/02\/Banner-MedCof-Plus-2200x460-11-1024x320.png 1024w, https:\/\/www.grupomedcof.com.br\/blog\/wp-content\/uploads\/2025\/02\/Banner-MedCof-Plus-2200x460-11-300x94.png 300w, https:\/\/www.grupomedcof.com.br\/blog\/wp-content\/uploads\/2025\/02\/Banner-MedCof-Plus-2200x460-11-768x240.png 768w, https:\/\/www.grupomedcof.com.br\/blog\/wp-content\/uploads\/2025\/02\/Banner-MedCof-Plus-2200x460-11-1536x480.png 1536w, https:\/\/www.grupomedcof.com.br\/blog\/wp-content\/uploads\/2025\/02\/Banner-MedCof-Plus-2200x460-11-2048x640.png 2048w, https:\/\/www.grupomedcof.com.br\/blog\/wp-content\/uploads\/2025\/02\/Banner-MedCof-Plus-2200x460-11-1343x420.png 1343w, https:\/\/www.grupomedcof.com.br\/blog\/wp-content\/uploads\/2025\/02\/Banner-MedCof-Plus-2200x460-11-150x47.png 150w, https:\/\/www.grupomedcof.com.br\/blog\/wp-content\/uploads\/2025\/02\/Banner-MedCof-Plus-2200x460-11-696x218.png 696w, https:\/\/www.grupomedcof.com.br\/blog\/wp-content\/uploads\/2025\/02\/Banner-MedCof-Plus-2200x460-11-1068x334.png 1068w, https:\/\/www.grupomedcof.com.br\/blog\/wp-content\/uploads\/2025\/02\/Banner-MedCof-Plus-2200x460-11-1920x600.png 1920w\" sizes=\"auto, (max-width: 1024px) 100vw, 1024px\" \/><\/a><\/figure>\n\n\n\n<h2 id=\"h-prova-hos-bos-2027\" class=\"wp-block-heading\"><strong>Prova HOS\/BOS 2027<\/strong><\/h2>\n\n\n\n<p class=\"wp-block-paragraph\">A sele\u00e7\u00e3o ser\u00e1 realizada em <strong>fase \u00fanica<\/strong>, sem an\u00e1lise curricular.<\/p>\n\n\n\n<p class=\"wp-block-paragraph\">A prova objetiva ser\u00e1 composta por <strong>100 quest\u00f5es de m\u00faltipla escolha<\/strong>, com cinco alternativas cada. A distribui\u00e7\u00e3o ser\u00e1 igual entre as cinco grandes \u00e1reas:<\/p>\n\n\n\n<ul class=\"wp-block-list\">\n<li>Cirurgia Geral: 20 quest\u00f5es;<\/li>\n\n\n\n<li>Cl\u00ednica M\u00e9dica: 20 quest\u00f5es;<\/li>\n\n\n\n<li>Obstetr\u00edcia e Ginecologia: 20 quest\u00f5es;<\/li>\n\n\n\n<li>Pediatria: 20 quest\u00f5es;<\/li>\n\n\n\n<li>Medicina Preventiva, Medicina de Fam\u00edlia e Comunidade e Sa\u00fade Coletiva: 20 quest\u00f5es.<\/li>\n<\/ul>\n\n\n\n<p class=\"wp-block-paragraph\">A avalia\u00e7\u00e3o est\u00e1 prevista para <strong>18 de outubro de 2026<\/strong>, no per\u00edodo da tarde, em Sorocaba. A dura\u00e7\u00e3o ser\u00e1 de quatro horas.<\/p>\n\n\n\n<h2 id=\"h-bonificacao-mfc\" class=\"wp-block-heading\"><strong>Bonifica\u00e7\u00e3o MFC<\/strong><\/h2>\n\n\n\n<p class=\"wp-block-paragraph\">Candidatos que conclu\u00edram um Programa de Resid\u00eancia M\u00e9dica em Medicina de Fam\u00edlia e Comunidade credenciado pela CNRM poder\u00e3o solicitar <strong>bonifica\u00e7\u00e3o de 10% na nota final<\/strong>.<\/p>\n\n\n\n<p class=\"wp-block-paragraph\">A solicita\u00e7\u00e3o e o envio da documenta\u00e7\u00e3o dever\u00e3o ser realizados durante o per\u00edodo de inscri\u00e7\u00f5es. O benef\u00edcio poder\u00e1 ser utilizado apenas uma vez pelo candidato.<\/p>\n\n\n\n<h2 id=\"h-cronograma-hos-bos-2027\" class=\"wp-block-heading\"><strong>Cronograma HOS\/BOS 2027<\/strong><\/h2>\n\n\n\n<figure class=\"wp-block-table\"><table class=\"has-fixed-layout\"><tbody><tr><td><strong>Inscri\u00e7\u00f5es<\/strong><\/td><td>17\/08 a 08\/09\/2026<\/td><\/tr><tr><td><strong>Pagamento da taxa<\/strong><\/td><td>At\u00e9 09\/09\/2026<\/td><\/tr><tr><td><strong>Prova objetiva<\/strong><\/td><td>18\/10\/2026<\/td><\/tr><tr><td><strong>Divulga\u00e7\u00e3o do gabarito<\/strong><\/td><td>19\/10\/2026<\/td><\/tr><tr><td><strong>Classifica\u00e7\u00e3o pr\u00e9via<\/strong><\/td><td>24\/11\/2026<\/td><\/tr><tr><td><strong>Resultado final<\/strong><\/td><td>08\/12\/2026<\/td><\/tr><tr><td><strong>Matr\u00edcula<\/strong><\/td><td>14 a 18\/12\/2026<\/td><\/tr><\/tbody><\/table><\/figure>\n\n\n\n<h2 id=\"h-edital-hos-bos-2027\" class=\"wp-block-heading\"><strong>Edital HOS\/BOS 2027<\/strong><\/h2>\n\n\n\n<p class=\"wp-block-paragraph\">Antes de realizar a inscri\u00e7\u00e3o, leia o documento oficial para consultar todas as regras sobre atendimento especial, aplica\u00e7\u00e3o da prova, bonifica\u00e7\u00e3o, recursos, classifica\u00e7\u00e3o e matr\u00edcula.<\/p>\n\n\n\n<div class=\"wp-block-buttons is-layout-flex wp-block-buttons-is-layout-flex\">\n<div class=\"wp-block-button\"><a class=\"wp-block-button__link wp-element-button\" href=\"https:\/\/www.grupomedcof.com.br\/blog\/wp-content\/uploads\/2026\/05\/hos_bos_edital2027.pdf\">Baixar o edital HOS\/BOS 2027<\/a><\/div>\n<\/div>\n\n\n\n<h2 id=\"h-sobre-o-bos\" class=\"wp-block-heading\"><strong>Sobre o BOS<\/strong><\/h2>\n\n\n\n<p class=\"wp-block-paragraph\">Em 1979 iniciou-se as primeiras atividades o que viria a ser o Banco de Olhos de Sorocaba (BOS), atualmente a maior refer\u00eancia em capta\u00e7\u00e3o e transplantes de c\u00f3rneas em toda a Am\u00e9rica Latina. <\/p>\n\n\n\n<p class=\"wp-block-paragraph\">\u00c9 uma institui\u00e7\u00e3o filantr\u00f3pica, cuja atividade inicial era a capta\u00e7\u00e3o de c\u00f3rneas gratuitamente para beneficiar pessoas que aguardavam na fila de espera pelo t\u00e3o sonhado transplante, podemos dizer que j\u00e1 nascemos de uma nobre responsabilidade social.&nbsp;Ao longo dos anos, no entanto, a atua\u00e7\u00e3o social acompanhou o crescimento do Grupo, tornando cada vez mais relevantes para a sociedade. Do Hospital Oftalmol\u00f3gico de Sorocaba (HOS) surgiu a assist\u00eancia m\u00e9dica especializada em Oftalmologia para atender \u00e0 demanda da cidade e da regi\u00e3o, principalmente do SUS. Como complemento dessa atividade, investem em a\u00e7\u00f5es preventivas de sa\u00fade visual e pesquisa cient\u00edfica.&nbsp;<\/p>\n\n\n\n<h2 id=\"h-como-se-preparar-para-o-hos-bos\" class=\"wp-block-heading\"><strong>Como se preparar para o HOS\/BOS?<\/strong><\/h2>\n\n\n\n<p class=\"wp-block-paragraph\">Como todas as cinco grandes \u00e1reas possuem o mesmo n\u00famero de quest\u00f5es, a prepara\u00e7\u00e3o deve ser equilibrada e incluir teoria, resolu\u00e7\u00e3o de quest\u00f5es, revis\u00f5es e simulados.<\/p>\n\n\n\n<p class=\"wp-block-paragraph\">Na MedCof, voc\u00ea encontra uma prepara\u00e7\u00e3o direcionada para as principais provas de Resid\u00eancia M\u00e9dica do pa\u00eds, com banco de quest\u00f5es, cronograma de estudos e acompanhamento de desempenho.<\/p>\n\n\n\n<div class=\"wp-block-buttons is-layout-flex wp-block-buttons-is-layout-flex\">\n<div class=\"wp-block-button\"><a class=\"wp-block-button__link wp-element-button\" href=\"https:\/\/mcf.onl\/r\/blog-edital-hos-bos-2027-home-medcof\">Conhe\u00e7a a prepara\u00e7\u00e3o MedCof para Resid\u00eancia M\u00e9dica<\/a><\/div>\n<\/div>\n\n\n\n<p class=\"wp-block-paragraph\"><\/p>\n","protected":false},"excerpt":{"rendered":"<p>Confira o edital HOS\/BOS 2027, com 11 vagas em Oftalmologia e Otorrinolaringologia. Veja inscri\u00e7\u00f5es, taxa, prova e cronograma.<\/p>\n","protected":false},"author":35,"featured_media":28418,"comment_status":"open","ping_status":"open","sticky":false,"template":"","format":"standard","meta":{"footnotes":""},"categories":[287,2023],"tags":[1681,1568,1680,1610,117,68],"ppma_author":[3619],"class_list":["post-28145","post","type-post","status-publish","format-standard","has-post-thumbnail","category-destaques-medcof","category-editais","tag-bos","tag-edital","tag-edital-hos","tag-hos","tag-provas-de-residencia","tag-residencia-medica"],"yoast_head":"<!-- This site is optimized with the Yoast SEO Premium plugin v28.1 (Yoast SEO v28.4) - https:\/\/yoast.com\/product\/yoast-seo-premium-wordpress\/ -->\n<title>Edital HOS\/BOS 2027: vagas, inscri\u00e7\u00f5es e prova<\/title>\n<meta name=\"description\" content=\"Confira o edital HOS\/BOS 2027, com 11 vagas em Oftalmologia e Otorrinolaringologia. Veja inscri\u00e7\u00f5es, taxa, prova e cronograma.\" \/>\n<meta name=\"robots\" content=\"index, follow, max-snippet:-1, max-image-preview:large, max-video-preview:-1\" \/>\n<link rel=\"canonical\" href=\"https:\/\/www.grupomedcof.com.br\/blog\/hos-bos-edital-divulgado\/\" \/>\n<meta property=\"og:locale\" content=\"pt_BR\" \/>\n<meta property=\"og:type\" content=\"article\" \/>\n<meta property=\"og:title\" content=\"Edital HOS\/BOS 2026\/2027: inscri\u00e7\u00f5es para resid\u00eancia m\u00e9dica abertas!\" \/>\n<meta property=\"og:description\" content=\"Confira o edital HOS\/BOS 2027, com 11 vagas em Oftalmologia e Otorrinolaringologia. Veja inscri\u00e7\u00f5es, taxa, prova e cronograma.\" \/>\n<meta property=\"og:url\" content=\"https:\/\/www.grupomedcof.com.br\/blog\/hos-bos-edital-divulgado\/\" \/>\n<meta property=\"og:site_name\" content=\"Blog de Medcof: conte\u00fados, editais, revalida e mais!\" \/>\n<meta property=\"article:publisher\" content=\"https:\/\/www.facebook.com\/MedCofQbank\/\" \/>\n<meta property=\"article:published_time\" content=\"2026-08-17T17:41:30+00:00\" \/>\n<meta property=\"article:modified_time\" content=\"2026-08-18T11:26:42+00:00\" \/>\n<meta property=\"og:image\" content=\"https:\/\/www.grupomedcof.com.br\/blog\/wp-content\/uploads\/2024\/08\/Modelo-instituicoes-58.png\" \/>\n\t<meta property=\"og:image:width\" content=\"2560\" \/>\n\t<meta property=\"og:image:height\" content=\"1440\" \/>\n\t<meta property=\"og:image:type\" content=\"image\/png\" \/>\n<meta name=\"author\" content=\"Laura Fernandes - Jornalista\" \/>\n<meta name=\"twitter:card\" content=\"summary_large_image\" \/>\n<meta name=\"twitter:label1\" content=\"Escrito por\" \/>\n\t<meta name=\"twitter:data1\" content=\"Laura Fernandes - Jornalista\" \/>\n\t<meta name=\"twitter:label2\" content=\"Est. tempo de leitura\" \/>\n\t<meta name=\"twitter:data2\" content=\"4 minutos\" \/>\n<script type=\"application\/ld+json\" class=\"yoast-schema-graph\">{\"@context\":\"https:\\\/\\\/schema.org\",\"@graph\":[{\"@type\":\"Article\",\"@id\":\"https:\\\/\\\/www.grupomedcof.com.br\\\/blog\\\/hos-bos-edital-divulgado\\\/#article\",\"isPartOf\":{\"@id\":\"https:\\\/\\\/www.grupomedcof.com.br\\\/blog\\\/hos-bos-edital-divulgado\\\/\"},\"author\":{\"name\":\"Laura Fernandes - Jornalista\",\"@id\":\"https:\\\/\\\/www.grupomedcof.com.br\\\/blog\\\/#\\\/schema\\\/person\\\/ce6d0d444602a2695b12716bda933402\"},\"headline\":\"Edital HOS\\\/BOS 2026\\\/2027: inscri\u00e7\u00f5es para resid\u00eancia m\u00e9dica abertas!\",\"datePublished\":\"2026-08-17T17:41:30+00:00\",\"dateModified\":\"2026-08-18T11:26:42+00:00\",\"mainEntityOfPage\":{\"@id\":\"https:\\\/\\\/www.grupomedcof.com.br\\\/blog\\\/hos-bos-edital-divulgado\\\/\"},\"wordCount\":601,\"commentCount\":0,\"publisher\":{\"@id\":\"https:\\\/\\\/www.grupomedcof.com.br\\\/blog\\\/#organization\"},\"image\":{\"@id\":\"https:\\\/\\\/www.grupomedcof.com.br\\\/blog\\\/hos-bos-edital-divulgado\\\/#primaryimage\"},\"thumbnailUrl\":\"https:\\\/\\\/www.grupomedcof.com.br\\\/blog\\\/wp-content\\\/uploads\\\/2024\\\/08\\\/Modelo-instituicoes-58.png\",\"keywords\":[\"BOS\",\"Edital\",\"Edital HOS\",\"HOS\",\"Provas de Resid\u00eancia\",\"Resid\u00eancia M\u00e9dica\"],\"articleSection\":[\"Destaques MedCof\",\"Editais\"],\"inLanguage\":\"pt-BR\"},{\"@type\":\"WebPage\",\"@id\":\"https:\\\/\\\/www.grupomedcof.com.br\\\/blog\\\/hos-bos-edital-divulgado\\\/\",\"url\":\"https:\\\/\\\/www.grupomedcof.com.br\\\/blog\\\/hos-bos-edital-divulgado\\\/\",\"name\":\"Edital HOS\\\/BOS 2027: vagas, inscri\u00e7\u00f5es e prova\",\"isPartOf\":{\"@id\":\"https:\\\/\\\/www.grupomedcof.com.br\\\/blog\\\/#website\"},\"primaryImageOfPage\":{\"@id\":\"https:\\\/\\\/www.grupomedcof.com.br\\\/blog\\\/hos-bos-edital-divulgado\\\/#primaryimage\"},\"image\":{\"@id\":\"https:\\\/\\\/www.grupomedcof.com.br\\\/blog\\\/hos-bos-edital-divulgado\\\/#primaryimage\"},\"thumbnailUrl\":\"https:\\\/\\\/www.grupomedcof.com.br\\\/blog\\\/wp-content\\\/uploads\\\/2024\\\/08\\\/Modelo-instituicoes-58.png\",\"datePublished\":\"2026-08-17T17:41:30+00:00\",\"dateModified\":\"2026-08-18T11:26:42+00:00\",\"description\":\"Confira o edital HOS\\\/BOS 2027, com 11 vagas em Oftalmologia e Otorrinolaringologia. Veja inscri\u00e7\u00f5es, taxa, prova e cronograma.\",\"breadcrumb\":{\"@id\":\"https:\\\/\\\/www.grupomedcof.com.br\\\/blog\\\/hos-bos-edital-divulgado\\\/#breadcrumb\"},\"inLanguage\":\"pt-BR\",\"potentialAction\":[{\"@type\":\"ReadAction\",\"target\":[\"https:\\\/\\\/www.grupomedcof.com.br\\\/blog\\\/hos-bos-edital-divulgado\\\/\"]}]},{\"@type\":\"ImageObject\",\"inLanguage\":\"pt-BR\",\"@id\":\"https:\\\/\\\/www.grupomedcof.com.br\\\/blog\\\/hos-bos-edital-divulgado\\\/#primaryimage\",\"url\":\"https:\\\/\\\/www.grupomedcof.com.br\\\/blog\\\/wp-content\\\/uploads\\\/2024\\\/08\\\/Modelo-instituicoes-58.png\",\"contentUrl\":\"https:\\\/\\\/www.grupomedcof.com.br\\\/blog\\\/wp-content\\\/uploads\\\/2024\\\/08\\\/Modelo-instituicoes-58.png\",\"width\":2560,\"height\":1440},{\"@type\":\"BreadcrumbList\",\"@id\":\"https:\\\/\\\/www.grupomedcof.com.br\\\/blog\\\/hos-bos-edital-divulgado\\\/#breadcrumb\",\"itemListElement\":[{\"@type\":\"ListItem\",\"position\":1,\"name\":\"In\u00edcio\",\"item\":\"https:\\\/\\\/www.grupomedcof.com.br\\\/blog\\\/\"},{\"@type\":\"ListItem\",\"position\":2,\"name\":\"Edital HOS\\\/BOS 2026\\\/2027: inscri\u00e7\u00f5es para resid\u00eancia m\u00e9dica abertas!\"}]},{\"@type\":\"WebSite\",\"@id\":\"https:\\\/\\\/www.grupomedcof.com.br\\\/blog\\\/#website\",\"url\":\"https:\\\/\\\/www.grupomedcof.com.br\\\/blog\\\/\",\"name\":\"Blog de Medcof: conte\u00fados, editais, revalida e mais!\",\"description\":\"Acesso o blog de MedCof! Seu portal de conte\u00fados sobre resid\u00eancia m\u00e9dica, an\u00e1lise e editais e muito mais. Clique e confira!\",\"publisher\":{\"@id\":\"https:\\\/\\\/www.grupomedcof.com.br\\\/blog\\\/#organization\"},\"alternateName\":\"Blog de Medcof: conte\u00fados, editais, revalida e mais!\",\"potentialAction\":[{\"@type\":\"SearchAction\",\"target\":{\"@type\":\"EntryPoint\",\"urlTemplate\":\"https:\\\/\\\/www.grupomedcof.com.br\\\/blog\\\/?s={search_term_string}\"},\"query-input\":{\"@type\":\"PropertyValueSpecification\",\"valueRequired\":true,\"valueName\":\"search_term_string\"}}],\"inLanguage\":\"pt-BR\"},{\"@type\":\"Organization\",\"@id\":\"https:\\\/\\\/www.grupomedcof.com.br\\\/blog\\\/#organization\",\"name\":\"Grupo MedCof\",\"url\":\"https:\\\/\\\/www.grupomedcof.com.br\\\/blog\\\/\",\"logo\":{\"@type\":\"ImageObject\",\"inLanguage\":\"pt-BR\",\"@id\":\"https:\\\/\\\/www.grupomedcof.com.br\\\/blog\\\/#\\\/schema\\\/logo\\\/image\\\/\",\"url\":\"https:\\\/\\\/www.grupomedcof.com.br\\\/blog\\\/wp-content\\\/uploads\\\/2022\\\/01\\\/logo-medcof.png\",\"contentUrl\":\"https:\\\/\\\/www.grupomedcof.com.br\\\/blog\\\/wp-content\\\/uploads\\\/2022\\\/01\\\/logo-medcof.png\",\"width\":768,\"height\":269,\"caption\":\"Grupo MedCof\"},\"image\":{\"@id\":\"https:\\\/\\\/www.grupomedcof.com.br\\\/blog\\\/#\\\/schema\\\/logo\\\/image\\\/\"},\"sameAs\":[\"https:\\\/\\\/www.facebook.com\\\/MedCofQbank\\\/\",\"https:\\\/\\\/www.instagram.com\\\/grupomedcof\\\/\",\"https:\\\/\\\/br.linkedin.com\\\/company\\\/medcof\",\"https:\\\/\\\/www.youtube.com\\\/channel\\\/UCdHMuOHKICxcHwecxN8P-AA\"]},{\"@type\":\"Person\",\"@id\":\"https:\\\/\\\/www.grupomedcof.com.br\\\/blog\\\/#\\\/schema\\\/person\\\/ce6d0d444602a2695b12716bda933402\",\"name\":\"Laura Fernandes - Jornalista\",\"image\":{\"@type\":\"ImageObject\",\"inLanguage\":\"pt-BR\",\"@id\":\"https:\\\/\\\/www.grupomedcof.com.br\\\/blog\\\/wp-content\\\/uploads\\\/2025\\\/09\\\/cropped-equipe-96x96.jpegaa171aa213b4913d9406ab69d274aa2a\",\"url\":\"https:\\\/\\\/www.grupomedcof.com.br\\\/blog\\\/wp-content\\\/uploads\\\/2025\\\/09\\\/cropped-equipe-96x96.jpeg\",\"contentUrl\":\"https:\\\/\\\/www.grupomedcof.com.br\\\/blog\\\/wp-content\\\/uploads\\\/2025\\\/09\\\/cropped-equipe-96x96.jpeg\",\"caption\":\"Laura Fernandes - Jornalista\"},\"description\":\"Laura Fernandes \u00e9 jornalista formada pela Universidade Federal de Ouro Preto (UFOP), com experi\u00eancia na produ\u00e7\u00e3o de conte\u00fado jornal\u00edstico sobre sa\u00fade e educa\u00e7\u00e3o m\u00e9dica. Na MedCof, atua na produ\u00e7\u00e3o e atualiza\u00e7\u00e3o de conte\u00fados relacionados \u00e0 resid\u00eancia m\u00e9dica, especialidades e carreira m\u00e9dica, acompanhando informa\u00e7\u00f5es relevantes para estudantes e m\u00e9dicos em prepara\u00e7\u00e3o para processos seletivos.\",\"url\":\"https:\\\/\\\/www.grupomedcof.com.br\\\/blog\\\/author\\\/laura\\\/\"}]}<\/script>\n<!-- \/ Yoast SEO Premium plugin. -->","yoast_head_json":{"title":"Edital HOS\/BOS 2027: vagas, inscri\u00e7\u00f5es e prova","description":"Confira o edital HOS\/BOS 2027, com 11 vagas em Oftalmologia e Otorrinolaringologia. Veja inscri\u00e7\u00f5es, taxa, prova e cronograma.","robots":{"index":"index","follow":"follow","max-snippet":"max-snippet:-1","max-image-preview":"max-image-preview:large","max-video-preview":"max-video-preview:-1"},"canonical":"https:\/\/www.grupomedcof.com.br\/blog\/hos-bos-edital-divulgado\/","og_locale":"pt_BR","og_type":"article","og_title":"Edital HOS\/BOS 2026\/2027: inscri\u00e7\u00f5es para resid\u00eancia m\u00e9dica abertas!","og_description":"Confira o edital HOS\/BOS 2027, com 11 vagas em Oftalmologia e Otorrinolaringologia. Veja inscri\u00e7\u00f5es, taxa, prova e cronograma.","og_url":"https:\/\/www.grupomedcof.com.br\/blog\/hos-bos-edital-divulgado\/","og_site_name":"Blog de Medcof: conte\u00fados, editais, revalida e mais!","article_publisher":"https:\/\/www.facebook.com\/MedCofQbank\/","article_published_time":"2026-08-17T17:41:30+00:00","article_modified_time":"2026-08-18T11:26:42+00:00","og_image":[{"width":2560,"height":1440,"url":"https:\/\/www.grupomedcof.com.br\/blog\/wp-content\/uploads\/2024\/08\/Modelo-instituicoes-58.png","type":"image\/png"}],"author":"Laura Fernandes - Jornalista","twitter_card":"summary_large_image","twitter_misc":{"Escrito por":"Laura Fernandes - Jornalista","Est. tempo de leitura":"4 minutos"},"schema":{"@context":"https:\/\/schema.org","@graph":[{"@type":"Article","@id":"https:\/\/www.grupomedcof.com.br\/blog\/hos-bos-edital-divulgado\/#article","isPartOf":{"@id":"https:\/\/www.grupomedcof.com.br\/blog\/hos-bos-edital-divulgado\/"},"author":{"name":"Laura Fernandes - Jornalista","@id":"https:\/\/www.grupomedcof.com.br\/blog\/#\/schema\/person\/ce6d0d444602a2695b12716bda933402"},"headline":"Edital HOS\/BOS 2026\/2027: inscri\u00e7\u00f5es para resid\u00eancia m\u00e9dica abertas!","datePublished":"2026-08-17T17:41:30+00:00","dateModified":"2026-08-18T11:26:42+00:00","mainEntityOfPage":{"@id":"https:\/\/www.grupomedcof.com.br\/blog\/hos-bos-edital-divulgado\/"},"wordCount":601,"commentCount":0,"publisher":{"@id":"https:\/\/www.grupomedcof.com.br\/blog\/#organization"},"image":{"@id":"https:\/\/www.grupomedcof.com.br\/blog\/hos-bos-edital-divulgado\/#primaryimage"},"thumbnailUrl":"https:\/\/www.grupomedcof.com.br\/blog\/wp-content\/uploads\/2024\/08\/Modelo-instituicoes-58.png","keywords":["BOS","Edital","Edital HOS","HOS","Provas de Resid\u00eancia","Resid\u00eancia M\u00e9dica"],"articleSection":["Destaques MedCof","Editais"],"inLanguage":"pt-BR"},{"@type":"WebPage","@id":"https:\/\/www.grupomedcof.com.br\/blog\/hos-bos-edital-divulgado\/","url":"https:\/\/www.grupomedcof.com.br\/blog\/hos-bos-edital-divulgado\/","name":"Edital HOS\/BOS 2027: vagas, inscri\u00e7\u00f5es e prova","isPartOf":{"@id":"https:\/\/www.grupomedcof.com.br\/blog\/#website"},"primaryImageOfPage":{"@id":"https:\/\/www.grupomedcof.com.br\/blog\/hos-bos-edital-divulgado\/#primaryimage"},"image":{"@id":"https:\/\/www.grupomedcof.com.br\/blog\/hos-bos-edital-divulgado\/#primaryimage"},"thumbnailUrl":"https:\/\/www.grupomedcof.com.br\/blog\/wp-content\/uploads\/2024\/08\/Modelo-instituicoes-58.png","datePublished":"2026-08-17T17:41:30+00:00","dateModified":"2026-08-18T11:26:42+00:00","description":"Confira o edital HOS\/BOS 2027, com 11 vagas em Oftalmologia e Otorrinolaringologia. Veja inscri\u00e7\u00f5es, taxa, prova e cronograma.","breadcrumb":{"@id":"https:\/\/www.grupomedcof.com.br\/blog\/hos-bos-edital-divulgado\/#breadcrumb"},"inLanguage":"pt-BR","potentialAction":[{"@type":"ReadAction","target":["https:\/\/www.grupomedcof.com.br\/blog\/hos-bos-edital-divulgado\/"]}]},{"@type":"ImageObject","inLanguage":"pt-BR","@id":"https:\/\/www.grupomedcof.com.br\/blog\/hos-bos-edital-divulgado\/#primaryimage","url":"https:\/\/www.grupomedcof.com.br\/blog\/wp-content\/uploads\/2024\/08\/Modelo-instituicoes-58.png","contentUrl":"https:\/\/www.grupomedcof.com.br\/blog\/wp-content\/uploads\/2024\/08\/Modelo-instituicoes-58.png","width":2560,"height":1440},{"@type":"BreadcrumbList","@id":"https:\/\/www.grupomedcof.com.br\/blog\/hos-bos-edital-divulgado\/#breadcrumb","itemListElement":[{"@type":"ListItem","position":1,"name":"In\u00edcio","item":"https:\/\/www.grupomedcof.com.br\/blog\/"},{"@type":"ListItem","position":2,"name":"Edital HOS\/BOS 2026\/2027: inscri\u00e7\u00f5es para resid\u00eancia m\u00e9dica abertas!"}]},{"@type":"WebSite","@id":"https:\/\/www.grupomedcof.com.br\/blog\/#website","url":"https:\/\/www.grupomedcof.com.br\/blog\/","name":"Blog de Medcof: conte\u00fados, editais, revalida e mais!","description":"Acesso o blog de MedCof! Seu portal de conte\u00fados sobre resid\u00eancia m\u00e9dica, an\u00e1lise e editais e muito mais. Clique e confira!","publisher":{"@id":"https:\/\/www.grupomedcof.com.br\/blog\/#organization"},"alternateName":"Blog de Medcof: conte\u00fados, editais, revalida e mais!","potentialAction":[{"@type":"SearchAction","target":{"@type":"EntryPoint","urlTemplate":"https:\/\/www.grupomedcof.com.br\/blog\/?s={search_term_string}"},"query-input":{"@type":"PropertyValueSpecification","valueRequired":true,"valueName":"search_term_string"}}],"inLanguage":"pt-BR"},{"@type":"Organization","@id":"https:\/\/www.grupomedcof.com.br\/blog\/#organization","name":"Grupo MedCof","url":"https:\/\/www.grupomedcof.com.br\/blog\/","logo":{"@type":"ImageObject","inLanguage":"pt-BR","@id":"https:\/\/www.grupomedcof.com.br\/blog\/#\/schema\/logo\/image\/","url":"https:\/\/www.grupomedcof.com.br\/blog\/wp-content\/uploads\/2022\/01\/logo-medcof.png","contentUrl":"https:\/\/www.grupomedcof.com.br\/blog\/wp-content\/uploads\/2022\/01\/logo-medcof.png","width":768,"height":269,"caption":"Grupo MedCof"},"image":{"@id":"https:\/\/www.grupomedcof.com.br\/blog\/#\/schema\/logo\/image\/"},"sameAs":["https:\/\/www.facebook.com\/MedCofQbank\/","https:\/\/www.instagram.com\/grupomedcof\/","https:\/\/br.linkedin.com\/company\/medcof","https:\/\/www.youtube.com\/channel\/UCdHMuOHKICxcHwecxN8P-AA"]},{"@type":"Person","@id":"https:\/\/www.grupomedcof.com.br\/blog\/#\/schema\/person\/ce6d0d444602a2695b12716bda933402","name":"Laura Fernandes - Jornalista","image":{"@type":"ImageObject","inLanguage":"pt-BR","@id":"https:\/\/www.grupomedcof.com.br\/blog\/wp-content\/uploads\/2025\/09\/cropped-equipe-96x96.jpegaa171aa213b4913d9406ab69d274aa2a","url":"https:\/\/www.grupomedcof.com.br\/blog\/wp-content\/uploads\/2025\/09\/cropped-equipe-96x96.jpeg","contentUrl":"https:\/\/www.grupomedcof.com.br\/blog\/wp-content\/uploads\/2025\/09\/cropped-equipe-96x96.jpeg","caption":"Laura Fernandes - Jornalista"},"description":"Laura Fernandes \u00e9 jornalista formada pela Universidade Federal de Ouro Preto (UFOP), com experi\u00eancia na produ\u00e7\u00e3o de conte\u00fado jornal\u00edstico sobre sa\u00fade e educa\u00e7\u00e3o m\u00e9dica. Na MedCof, atua na produ\u00e7\u00e3o e atualiza\u00e7\u00e3o de conte\u00fados relacionados \u00e0 resid\u00eancia m\u00e9dica, especialidades e carreira m\u00e9dica, acompanhando informa\u00e7\u00f5es relevantes para estudantes e m\u00e9dicos em prepara\u00e7\u00e3o para processos seletivos.","url":"https:\/\/www.grupomedcof.com.br\/blog\/author\/laura\/"}]}},"authors":[{"term_id":3619,"user_id":35,"is_guest":0,"slug":"laura","display_name":"Laura Fernandes - Jornalista","avatar_url":"https:\/\/www.grupomedcof.com.br\/blog\/wp-content\/uploads\/2025\/09\/cropped-equipe-96x96.jpeg","0":null,"1":"","2":"","3":"","4":"","5":"","6":"","7":"","8":""}],"_links":{"self":[{"href":"https:\/\/www.grupomedcof.com.br\/blog\/wp-json\/wp\/v2\/posts\/28145","targetHints":{"allow":["GET"]}}],"collection":[{"href":"https:\/\/www.grupomedcof.com.br\/blog\/wp-json\/wp\/v2\/posts"}],"about":[{"href":"https:\/\/www.grupomedcof.com.br\/blog\/wp-json\/wp\/v2\/types\/post"}],"author":[{"embeddable":true,"href":"https:\/\/www.grupomedcof.com.br\/blog\/wp-json\/wp\/v2\/users\/35"}],"replies":[{"embeddable":true,"href":"https:\/\/www.grupomedcof.com.br\/blog\/wp-json\/wp\/v2\/comments?post=28145"}],"version-history":[{"count":10,"href":"https:\/\/www.grupomedcof.com.br\/blog\/wp-json\/wp\/v2\/posts\/28145\/revisions"}],"predecessor-version":[{"id":48397,"href":"https:\/\/www.grupomedcof.com.br\/blog\/wp-json\/wp\/v2\/posts\/28145\/revisions\/48397"}],"wp:featuredmedia":[{"embeddable":true,"href":"https:\/\/www.grupomedcof.com.br\/blog\/wp-json\/wp\/v2\/media\/28418"}],"wp:attachment":[{"href":"https:\/\/www.grupomedcof.com.br\/blog\/wp-json\/wp\/v2\/media?parent=28145"}],"wp:term":[{"taxonomy":"category","embeddable":true,"href":"https:\/\/www.grupomedcof.com.br\/blog\/wp-json\/wp\/v2\/categories?post=28145"},{"taxonomy":"post_tag","embeddable":true,"href":"https:\/\/www.grupomedcof.com.br\/blog\/wp-json\/wp\/v2\/tags?post=28145"},{"taxonomy":"author","embeddable":true,"href":"https:\/\/www.grupomedcof.com.br\/blog\/wp-json\/wp\/v2\/ppma_author?post=28145"}],"curies":[{"name":"wp","href":"https:\/\/api.w.org\/{rel}","templated":true}]}}