{"id":28149,"date":"2026-02-04T08:24:02","date_gmt":"2026-02-04T11:24:02","guid":{"rendered":"https:\/\/www.grupomedcof.com.br\/blog\/?p=28149"},"modified":"2026-02-05T15:38:40","modified_gmt":"2026-02-05T18:38:40","slug":"residencia-medica-ses-df","status":"publish","type":"post","link":"https:\/\/www.grupomedcof.com.br\/blog\/residencia-medica-ses-df\/","title":{"rendered":"Resid\u00eancia M\u00e9dica SES-DF 2025\/2026: confira o resultado final!"},"content":{"rendered":"<div id=\"ez-toc-container\" class=\"ez-toc-v2_0_74 counter-hierarchy ez-toc-counter ez-toc-transparent ez-toc-container-direction\">\n<div class=\"ez-toc-title-container\">\n<p class=\"ez-toc-title\" style=\"cursor:inherit\">Sum\u00e1rio<\/p>\n<span class=\"ez-toc-title-toggle\"><a href=\"#\" class=\"ez-toc-pull-right ez-toc-btn ez-toc-btn-xs ez-toc-btn-default ez-toc-toggle\" aria-label=\"Alternar tabela de conte\u00fado\"><span class=\"ez-toc-js-icon-con\"><span class=\"\"><span class=\"eztoc-hide\" style=\"display:none;\">Toggle<\/span><span class=\"ez-toc-icon-toggle-span\"><svg style=\"fill: #999;color:#999\" xmlns=\"http:\/\/www.w3.org\/2000\/svg\" class=\"list-377408\" width=\"20px\" height=\"20px\" viewBox=\"0 0 24 24\" fill=\"none\"><path d=\"M6 6H4v2h2V6zm14 0H8v2h12V6zM4 11h2v2H4v-2zm16 0H8v2h12v-2zM4 16h2v2H4v-2zm16 0H8v2h12v-2z\" fill=\"currentColor\"><\/path><\/svg><svg style=\"fill: #999;color:#999\" class=\"arrow-unsorted-368013\" xmlns=\"http:\/\/www.w3.org\/2000\/svg\" width=\"10px\" height=\"10px\" viewBox=\"0 0 24 24\" version=\"1.2\" baseProfile=\"tiny\"><path d=\"M18.2 9.3l-6.2-6.3-6.2 6.3c-.2.2-.3.4-.3.7s.1.5.3.7c.2.2.4.3.7.3h11c.3 0 .5-.1.7-.3.2-.2.3-.5.3-.7s-.1-.5-.3-.7zM5.8 14.7l6.2 6.3 6.2-6.3c.2-.2.3-.5.3-.7s-.1-.5-.3-.7c-.2-.2-.4-.3-.7-.3h-11c-.3 0-.5.1-.7.3-.2.2-.3.5-.3.7s.1.5.3.7z\"\/><\/svg><\/span><\/span><\/span><\/a><\/span><\/div>\n<nav><ul class='ez-toc-list ez-toc-list-level-1 ' ><li class='ez-toc-page-1 ez-toc-heading-level-2'><a class=\"ez-toc-link ez-toc-heading-1\" href=\"https:\/\/www.grupomedcof.com.br\/blog\/residencia-medica-ses-df\/#O_que_e_SES-DF\" >O que \u00e9 SES-DF?<\/a><\/li><li class='ez-toc-page-1 ez-toc-heading-level-2'><a class=\"ez-toc-link ez-toc-heading-2\" href=\"https:\/\/www.grupomedcof.com.br\/blog\/residencia-medica-ses-df\/#Edital_SES-DF_20252026\" >Edital SES-DF 2025\/2026<\/a><\/li><li class='ez-toc-page-1 ez-toc-heading-level-2'><a class=\"ez-toc-link ez-toc-heading-3\" href=\"https:\/\/www.grupomedcof.com.br\/blog\/residencia-medica-ses-df\/#Cronograma_SES-DF_20252026\" >Cronograma SES-DF 2025\/2026<\/a><\/li><li class='ez-toc-page-1 ez-toc-heading-level-2'><a class=\"ez-toc-link ez-toc-heading-4\" href=\"https:\/\/www.grupomedcof.com.br\/blog\/residencia-medica-ses-df\/#Data_da_selecao_da_residencia_medica_SES-DF_20252026\" >Data da sele\u00e7\u00e3o da resid\u00eancia m\u00e9dica SES-DF 2025\/2026<\/a><\/li><li class='ez-toc-page-1 ez-toc-heading-level-2'><a class=\"ez-toc-link ez-toc-heading-5\" href=\"https:\/\/www.grupomedcof.com.br\/blog\/residencia-medica-ses-df\/#Como_e_o_processo_seletivo_da_SES-DF\" >Como \u00e9 o processo seletivo da SES-DF?<\/a><ul class='ez-toc-list-level-3' ><li class='ez-toc-heading-level-3'><a class=\"ez-toc-link ez-toc-heading-6\" href=\"https:\/\/www.grupomedcof.com.br\/blog\/residencia-medica-ses-df\/#Prova_objetiva_SES-DF\" >Prova objetiva SES-DF<\/a><\/li><li class='ez-toc-page-1 ez-toc-heading-level-3'><a class=\"ez-toc-link ez-toc-heading-7\" href=\"https:\/\/www.grupomedcof.com.br\/blog\/residencia-medica-ses-df\/#Analise_Curricular\" >An\u00e1lise Curricular<\/a><\/li><\/ul><\/li><li class='ez-toc-page-1 ez-toc-heading-level-2'><a class=\"ez-toc-link ez-toc-heading-8\" href=\"https:\/\/www.grupomedcof.com.br\/blog\/residencia-medica-ses-df\/#Vagas_ofertadas_por_especialidades_no_SES-DF_20252026\" >Vagas ofertadas por especialidades no SES-DF 2025\/2026<\/a><\/li><li class='ez-toc-page-1 ez-toc-heading-level-2'><a class=\"ez-toc-link ez-toc-heading-9\" href=\"https:\/\/www.grupomedcof.com.br\/blog\/residencia-medica-ses-df\/#Vagas_SES-DF_20252026\" >Vagas SES-DF 2025\/2026<\/a><ul class='ez-toc-list-level-3' ><li class='ez-toc-heading-level-3'><a class=\"ez-toc-link ez-toc-heading-10\" href=\"https:\/\/www.grupomedcof.com.br\/blog\/residencia-medica-ses-df\/#Acupuntura\" >Acupuntura<\/a><\/li><li class='ez-toc-page-1 ez-toc-heading-level-3'><a class=\"ez-toc-link ez-toc-heading-11\" href=\"https:\/\/www.grupomedcof.com.br\/blog\/residencia-medica-ses-df\/#Anestesiologia\" >Anestesiologia<\/a><\/li><li class='ez-toc-page-1 ez-toc-heading-level-3'><a class=\"ez-toc-link ez-toc-heading-12\" href=\"https:\/\/www.grupomedcof.com.br\/blog\/residencia-medica-ses-df\/#Cirurgia_Geral\" >Cirurgia Geral<\/a><\/li><li class='ez-toc-page-1 ez-toc-heading-level-3'><a class=\"ez-toc-link ez-toc-heading-13\" href=\"https:\/\/www.grupomedcof.com.br\/blog\/residencia-medica-ses-df\/#CLINICA_MEDICA\" >CL\u00cdNICA M\u00c9DICA<\/a><\/li><li class='ez-toc-page-1 ez-toc-heading-level-3'><a class=\"ez-toc-link ez-toc-heading-14\" href=\"https:\/\/www.grupomedcof.com.br\/blog\/residencia-medica-ses-df\/#Dermatologia\" >Dermatologia<\/a><\/li><li class='ez-toc-page-1 ez-toc-heading-level-3'><a class=\"ez-toc-link ez-toc-heading-15\" href=\"https:\/\/www.grupomedcof.com.br\/blog\/residencia-medica-ses-df\/#GENETICA_MEDICA\" >GEN\u00c9TICA M\u00c9DICA<\/a><\/li><li class='ez-toc-page-1 ez-toc-heading-level-3'><a class=\"ez-toc-link ez-toc-heading-16\" href=\"https:\/\/www.grupomedcof.com.br\/blog\/residencia-medica-ses-df\/#INFECTOLOGIA\" >INFECTOLOGIA<\/a><\/li><li class='ez-toc-page-1 ez-toc-heading-level-3'><a class=\"ez-toc-link ez-toc-heading-17\" href=\"https:\/\/www.grupomedcof.com.br\/blog\/residencia-medica-ses-df\/#_MEDICINA_DE_EMERGENCIA\" >&nbsp;MEDICINA DE EMERG\u00caNCIA<\/a><\/li><li class='ez-toc-page-1 ez-toc-heading-level-3'><a class=\"ez-toc-link ez-toc-heading-18\" href=\"https:\/\/www.grupomedcof.com.br\/blog\/residencia-medica-ses-df\/#MEDICINA_DE_FAMILIA_E_COMUNIDADE\" >MEDICINA DE FAM\u00cdLIA E COMUNIDADE<\/a><\/li><li class='ez-toc-page-1 ez-toc-heading-level-3'><a class=\"ez-toc-link ez-toc-heading-19\" href=\"https:\/\/www.grupomedcof.com.br\/blog\/residencia-medica-ses-df\/#MEDICINA_DO_TRABALHO\" >MEDICINA DO TRABALHO<\/a><\/li><li class='ez-toc-page-1 ez-toc-heading-level-3'><a class=\"ez-toc-link ez-toc-heading-20\" href=\"https:\/\/www.grupomedcof.com.br\/blog\/residencia-medica-ses-df\/#MEDICINA_PREVENTIVA_E_SOCIAL\" >MEDICINA PREVENTIVA E SOCIAL<\/a><\/li><li class='ez-toc-page-1 ez-toc-heading-level-3'><a class=\"ez-toc-link ez-toc-heading-21\" href=\"https:\/\/www.grupomedcof.com.br\/blog\/residencia-medica-ses-df\/#NEUROCIRURGIA\" >NEUROCIRURGIA<\/a><\/li><li class='ez-toc-page-1 ez-toc-heading-level-3'><a class=\"ez-toc-link ez-toc-heading-22\" href=\"https:\/\/www.grupomedcof.com.br\/blog\/residencia-medica-ses-df\/#NEUROLOGIA\" >NEUROLOGIA<\/a><\/li><li class='ez-toc-page-1 ez-toc-heading-level-3'><a class=\"ez-toc-link ez-toc-heading-23\" href=\"https:\/\/www.grupomedcof.com.br\/blog\/residencia-medica-ses-df\/#OBSTETRICIA_E_GINECOLOGIA\" >OBSTETR\u00cdCIA E GINECOLOGIA<\/a><\/li><li class='ez-toc-page-1 ez-toc-heading-level-3'><a class=\"ez-toc-link ez-toc-heading-24\" href=\"https:\/\/www.grupomedcof.com.br\/blog\/residencia-medica-ses-df\/#OFTALMOLOGIA\" >OFTALMOLOGIA<\/a><\/li><li class='ez-toc-page-1 ez-toc-heading-level-3'><a class=\"ez-toc-link ez-toc-heading-25\" href=\"https:\/\/www.grupomedcof.com.br\/blog\/residencia-medica-ses-df\/#ORTOPEDIA_E_TRAUMATOLOGIA\" >ORTOPEDIA E TRAUMATOLOGIA<\/a><\/li><li class='ez-toc-page-1 ez-toc-heading-level-3'><a class=\"ez-toc-link ez-toc-heading-26\" href=\"https:\/\/www.grupomedcof.com.br\/blog\/residencia-medica-ses-df\/#_OTORRINOLARINGOLOGIA\" >&nbsp;OTORRINOLARINGOLOGIA<\/a><\/li><li class='ez-toc-page-1 ez-toc-heading-level-3'><a class=\"ez-toc-link ez-toc-heading-27\" href=\"https:\/\/www.grupomedcof.com.br\/blog\/residencia-medica-ses-df\/#PATOLOGIA\" >PATOLOGIA<\/a><\/li><li class='ez-toc-page-1 ez-toc-heading-level-3'><a class=\"ez-toc-link ez-toc-heading-28\" href=\"https:\/\/www.grupomedcof.com.br\/blog\/residencia-medica-ses-df\/#PEDIATRIA\" >PEDIATRIA<\/a><\/li><li class='ez-toc-page-1 ez-toc-heading-level-3'><a class=\"ez-toc-link ez-toc-heading-29\" href=\"https:\/\/www.grupomedcof.com.br\/blog\/residencia-medica-ses-df\/#PSIQUIATRIA\" >PSIQUIATRIA&nbsp;<\/a><\/li><li class='ez-toc-page-1 ez-toc-heading-level-3'><a class=\"ez-toc-link ez-toc-heading-30\" href=\"https:\/\/www.grupomedcof.com.br\/blog\/residencia-medica-ses-df\/#RADIOLOGIA_E_DIAGNOSTICO_POR_IMAGEM\" >RADIOLOGIA E DIAGN\u00d3STICO POR IMAGEM<\/a><\/li><li class='ez-toc-page-1 ez-toc-heading-level-3'><a class=\"ez-toc-link ez-toc-heading-31\" href=\"https:\/\/www.grupomedcof.com.br\/blog\/residencia-medica-ses-df\/#MEDICINA_INTENSIVA\" >MEDICINA INTENSIVA<\/a><\/li><li class='ez-toc-page-1 ez-toc-heading-level-3'><a class=\"ez-toc-link ez-toc-heading-32\" href=\"https:\/\/www.grupomedcof.com.br\/blog\/residencia-medica-ses-df\/#ONCOLOGIA_CLINICA\" >ONCOLOGIA CL\u00cdNICA<\/a><\/li><li class='ez-toc-page-1 ez-toc-heading-level-3'><a class=\"ez-toc-link ez-toc-heading-33\" href=\"https:\/\/www.grupomedcof.com.br\/blog\/residencia-medica-ses-df\/#ONCOLOGIA_PEDIATRICA\" >ONCOLOGIA PEDI\u00c1TRICA<\/a><\/li><li class='ez-toc-page-1 ez-toc-heading-level-3'><a class=\"ez-toc-link ez-toc-heading-34\" href=\"https:\/\/www.grupomedcof.com.br\/blog\/residencia-medica-ses-df\/#CARDIOLOGIA\" >CARDIOLOGIA<\/a><\/li><li class='ez-toc-page-1 ez-toc-heading-level-3'><a class=\"ez-toc-link ez-toc-heading-35\" href=\"https:\/\/www.grupomedcof.com.br\/blog\/residencia-medica-ses-df\/#CIRURGIA_DO_APARELHO_DIGESTIVO\" >CIRURGIA DO APARELHO DIGESTIVO&nbsp;<\/a><\/li><li class='ez-toc-page-1 ez-toc-heading-level-3'><a class=\"ez-toc-link ez-toc-heading-36\" href=\"https:\/\/www.grupomedcof.com.br\/blog\/residencia-medica-ses-df\/#CIRURGIA_ONCOLOGICA\" >CIRURGIA ONCOL\u00d3GICA&nbsp;<\/a><\/li><li class='ez-toc-page-1 ez-toc-heading-level-3'><a class=\"ez-toc-link ez-toc-heading-37\" href=\"https:\/\/www.grupomedcof.com.br\/blog\/residencia-medica-ses-df\/#CIRURGIA_PEDIATRICA\" >CIRURGIA PEDI\u00c1TRICA<\/a><\/li><li class='ez-toc-page-1 ez-toc-heading-level-3'><a class=\"ez-toc-link ez-toc-heading-38\" href=\"https:\/\/www.grupomedcof.com.br\/blog\/residencia-medica-ses-df\/#CIRURGIA_PLASTICA\" >CIRURGIA PL\u00c1STICA<\/a><\/li><li class='ez-toc-page-1 ez-toc-heading-level-3'><a class=\"ez-toc-link ez-toc-heading-39\" href=\"https:\/\/www.grupomedcof.com.br\/blog\/residencia-medica-ses-df\/#CIRURGIA_TORACICA\" >CIRURGIA TOR\u00c1CICA<\/a><\/li><li class='ez-toc-page-1 ez-toc-heading-level-3'><a class=\"ez-toc-link ez-toc-heading-40\" href=\"https:\/\/www.grupomedcof.com.br\/blog\/residencia-medica-ses-df\/#CIRURGIA_VASCULAR\" >CIRURGIA VASCULAR<\/a><\/li><li class='ez-toc-page-1 ez-toc-heading-level-3'><a class=\"ez-toc-link ez-toc-heading-41\" href=\"https:\/\/www.grupomedcof.com.br\/blog\/residencia-medica-ses-df\/#COLOPROCTOLOGIA\" >COLOPROCTOLOGIA<\/a><\/li><li class='ez-toc-page-1 ez-toc-heading-level-3'><a class=\"ez-toc-link ez-toc-heading-42\" href=\"https:\/\/www.grupomedcof.com.br\/blog\/residencia-medica-ses-df\/#ENDOCRINOLOGIA\" >ENDOCRINOLOGIA<\/a><\/li><li class='ez-toc-page-1 ez-toc-heading-level-3'><a class=\"ez-toc-link ez-toc-heading-43\" href=\"https:\/\/www.grupomedcof.com.br\/blog\/residencia-medica-ses-df\/#GASTROENTEROLOGIA\" >GASTROENTEROLOGIA<\/a><\/li><li class='ez-toc-page-1 ez-toc-heading-level-3'><a class=\"ez-toc-link ez-toc-heading-44\" href=\"https:\/\/www.grupomedcof.com.br\/blog\/residencia-medica-ses-df\/#HEMATOLOGIA_E_HEMOTERAPIA\" >HEMATOLOGIA E HEMOTERAPIA&nbsp;<\/a><\/li><li class='ez-toc-page-1 ez-toc-heading-level-3'><a class=\"ez-toc-link ez-toc-heading-45\" href=\"https:\/\/www.grupomedcof.com.br\/blog\/residencia-medica-ses-df\/#MASTOLOGIA\" >MASTOLOGIA<\/a><\/li><li class='ez-toc-page-1 ez-toc-heading-level-3'><a class=\"ez-toc-link ez-toc-heading-46\" href=\"https:\/\/www.grupomedcof.com.br\/blog\/residencia-medica-ses-df\/#NEFROLOGIA\" >NEFROLOGIA<\/a><\/li><li class='ez-toc-page-1 ez-toc-heading-level-3'><a class=\"ez-toc-link ez-toc-heading-47\" href=\"https:\/\/www.grupomedcof.com.br\/blog\/residencia-medica-ses-df\/#PNEUMOLOGIA\" >PNEUMOLOGIA<\/a><\/li><li class='ez-toc-page-1 ez-toc-heading-level-3'><a class=\"ez-toc-link ez-toc-heading-48\" href=\"https:\/\/www.grupomedcof.com.br\/blog\/residencia-medica-ses-df\/#REUMATOLOGIA\" >REUMATOLOGIA<\/a><\/li><li class='ez-toc-page-1 ez-toc-heading-level-3'><a class=\"ez-toc-link ez-toc-heading-49\" href=\"https:\/\/www.grupomedcof.com.br\/blog\/residencia-medica-ses-df\/#UROLOGIA\" >UROLOGIA<\/a><\/li><li class='ez-toc-page-1 ez-toc-heading-level-3'><a class=\"ez-toc-link ez-toc-heading-50\" href=\"https:\/\/www.grupomedcof.com.br\/blog\/residencia-medica-ses-df\/#REPRODUCAO_ASSISTIDA\" >REPRODU\u00c7\u00c3O ASSISTIDA<\/a><\/li><li class='ez-toc-page-1 ez-toc-heading-level-3'><a class=\"ez-toc-link ez-toc-heading-51\" href=\"https:\/\/www.grupomedcof.com.br\/blog\/residencia-medica-ses-df\/#ENDOSCOPIA\" >ENDOSCOPIA<\/a><\/li><li class='ez-toc-page-1 ez-toc-heading-level-3'><a class=\"ez-toc-link ez-toc-heading-52\" href=\"https:\/\/www.grupomedcof.com.br\/blog\/residencia-medica-ses-df\/#CIRURGIA_ONCOLOGICA-2\" >CIRURGIA ONCOL\u00d3GICA<\/a><\/li><li class='ez-toc-page-1 ez-toc-heading-level-3'><a class=\"ez-toc-link ez-toc-heading-53\" href=\"https:\/\/www.grupomedcof.com.br\/blog\/residencia-medica-ses-df\/#GERIATRIA\" >GERIATRIA<\/a><\/li><li class='ez-toc-page-1 ez-toc-heading-level-3'><a class=\"ez-toc-link ez-toc-heading-54\" href=\"https:\/\/www.grupomedcof.com.br\/blog\/residencia-medica-ses-df\/#ALERGIA_E_IMUNOLOGIA_PEDIATRICA\" >ALERGIA E IMUNOLOGIA PEDI\u00c1TRICA<\/a><\/li><li class='ez-toc-page-1 ez-toc-heading-level-3'><a class=\"ez-toc-link ez-toc-heading-55\" href=\"https:\/\/www.grupomedcof.com.br\/blog\/residencia-medica-ses-df\/#CIRURGIA_DO_TRAUMA\" >CIRURGIA DO TRAUMA<\/a><\/li><li class='ez-toc-page-1 ez-toc-heading-level-3'><a class=\"ez-toc-link ez-toc-heading-56\" href=\"https:\/\/www.grupomedcof.com.br\/blog\/residencia-medica-ses-df\/#ECOCARDIOGRAFIA\" >ECOCARDIOGRAFIA<\/a><\/li><li class='ez-toc-page-1 ez-toc-heading-level-3'><a class=\"ez-toc-link ez-toc-heading-57\" href=\"https:\/\/www.grupomedcof.com.br\/blog\/residencia-medica-ses-df\/#ELETROFISIOLOGIA_CLINICA_INVASIVA\" >ELETROFISIOLOGIA CL\u00cdNICA INVASIVA<\/a><\/li><li class='ez-toc-page-1 ez-toc-heading-level-3'><a class=\"ez-toc-link ez-toc-heading-58\" href=\"https:\/\/www.grupomedcof.com.br\/blog\/residencia-medica-ses-df\/#ENDOCRINOLOGIA_PEDIATRICA\" >ENDOCRINOLOGIA PEDI\u00c1TRICA<\/a><\/li><li class='ez-toc-page-1 ez-toc-heading-level-3'><a class=\"ez-toc-link ez-toc-heading-59\" href=\"https:\/\/www.grupomedcof.com.br\/blog\/residencia-medica-ses-df\/#ENDOSCOPIA_GINECOLOGICA\" >ENDOSCOPIA GINECOL\u00d3GICA&nbsp;<\/a><\/li><li class='ez-toc-page-1 ez-toc-heading-level-3'><a class=\"ez-toc-link ez-toc-heading-60\" href=\"https:\/\/www.grupomedcof.com.br\/blog\/residencia-medica-ses-df\/#ENDOSCOPIA_RESPIRATORIA_I\" >ENDOSCOPIA RESPIRAT\u00d3RIA I<\/a><\/li><li class='ez-toc-page-1 ez-toc-heading-level-3'><a class=\"ez-toc-link ez-toc-heading-61\" href=\"https:\/\/www.grupomedcof.com.br\/blog\/residencia-medica-ses-df\/#i\" >&nbsp;<\/a><\/li><li class='ez-toc-page-1 ez-toc-heading-level-3'><a class=\"ez-toc-link ez-toc-heading-62\" href=\"https:\/\/www.grupomedcof.com.br\/blog\/residencia-medica-ses-df\/#ENDOSCOPIA_RESPIRATORIA_II\" >ENDOSCOPIA RESPIRAT\u00d3RIA II<\/a><\/li><li class='ez-toc-page-1 ez-toc-heading-level-3'><a class=\"ez-toc-link ez-toc-heading-63\" href=\"https:\/\/www.grupomedcof.com.br\/blog\/residencia-medica-ses-df\/#GASTROENTEROLOGIA_PEDIATRICA\" >GASTROENTEROLOGIA PEDI\u00c1TRICA<\/a><\/li><li class='ez-toc-page-1 ez-toc-heading-level-3'><a class=\"ez-toc-link ez-toc-heading-64\" href=\"https:\/\/www.grupomedcof.com.br\/blog\/residencia-medica-ses-df\/#HEMATOLOGIA_E_HEMOTERAPIA_PEDIATRICA\" >HEMATOLOGIA E HEMOTERAPIA PEDI\u00c1TRICA<\/a><\/li><li class='ez-toc-page-1 ez-toc-heading-level-3'><a class=\"ez-toc-link ez-toc-heading-65\" href=\"https:\/\/www.grupomedcof.com.br\/blog\/residencia-medica-ses-df\/#HEPATOLOGIA\" >HEPATOLOGIA<\/a><\/li><li class='ez-toc-page-1 ez-toc-heading-level-3'><a class=\"ez-toc-link ez-toc-heading-66\" href=\"https:\/\/www.grupomedcof.com.br\/blog\/residencia-medica-ses-df\/#INFECTOLOGIA_PEDIATRICA\" >INFECTOLOGIA PEDI\u00c1TRICA<\/a><\/li><li class='ez-toc-page-1 ez-toc-heading-level-3'><a class=\"ez-toc-link ez-toc-heading-67\" href=\"https:\/\/www.grupomedcof.com.br\/blog\/residencia-medica-ses-df\/#MEDICINA_FETAL\" >MEDICINA FETAL<\/a><\/li><li class='ez-toc-page-1 ez-toc-heading-level-3'><a class=\"ez-toc-link ez-toc-heading-68\" href=\"https:\/\/www.grupomedcof.com.br\/blog\/residencia-medica-ses-df\/#MEDICINA_INTENSIVA_PEDIATRICA\" >MEDICINA INTENSIVA PEDI\u00c1TRICA<\/a><\/li><li class='ez-toc-page-1 ez-toc-heading-level-3'><a class=\"ez-toc-link ez-toc-heading-69\" href=\"https:\/\/www.grupomedcof.com.br\/blog\/residencia-medica-ses-df\/#MEDICINA_PALIATIVA\" >MEDICINA PALIATIVA<\/a><\/li><li class='ez-toc-page-1 ez-toc-heading-level-3'><a class=\"ez-toc-link ez-toc-heading-70\" href=\"https:\/\/www.grupomedcof.com.br\/blog\/residencia-medica-ses-df\/#NEFROLOGIA_PEDIATRICA\" >NEFROLOGIA PEDI\u00c1TRICA<\/a><\/li><li class='ez-toc-page-1 ez-toc-heading-level-3'><a class=\"ez-toc-link ez-toc-heading-71\" href=\"https:\/\/www.grupomedcof.com.br\/blog\/residencia-medica-ses-df\/#NEONATOLOGIA\" >NEONATOLOGIA<\/a><\/li><li class='ez-toc-page-1 ez-toc-heading-level-3'><a class=\"ez-toc-link ez-toc-heading-72\" href=\"https:\/\/www.grupomedcof.com.br\/blog\/residencia-medica-ses-df\/#NEUROLOGIA_PEDIATRICA\" >NEUROLOGIA PEDI\u00c1TRICA<\/a><\/li><li class='ez-toc-page-1 ez-toc-heading-level-3'><a class=\"ez-toc-link ez-toc-heading-73\" href=\"https:\/\/www.grupomedcof.com.br\/blog\/residencia-medica-ses-df\/#PNEUMOLOGIA_PEDIATRICA\" >PNEUMOLOGIA PEDI\u00c1TRICA&nbsp;<\/a><\/li><li class='ez-toc-page-1 ez-toc-heading-level-3'><a class=\"ez-toc-link ez-toc-heading-74\" href=\"https:\/\/www.grupomedcof.com.br\/blog\/residencia-medica-ses-df\/#PSICOGERIATRIA\" >PSICOGERIATRIA<\/a><\/li><li class='ez-toc-page-1 ez-toc-heading-level-3'><a class=\"ez-toc-link ez-toc-heading-75\" href=\"https:\/\/www.grupomedcof.com.br\/blog\/residencia-medica-ses-df\/#_PSICOTERAPIA\" >&nbsp;PSICOTERAPIA<\/a><\/li><li class='ez-toc-page-1 ez-toc-heading-level-3'><a class=\"ez-toc-link ez-toc-heading-76\" href=\"https:\/\/www.grupomedcof.com.br\/blog\/residencia-medica-ses-df\/#PSIQUIATRIA_DA_INFANCIA_E_ADOLESCENCIA\" >PSIQUIATRIA DA INF\u00c2NCIA E ADOLESC\u00caNCIA<\/a><\/li><li class='ez-toc-page-1 ez-toc-heading-level-3'><a class=\"ez-toc-link ez-toc-heading-77\" href=\"https:\/\/www.grupomedcof.com.br\/blog\/residencia-medica-ses-df\/#REUMATOLOGIA_PEDIATRICA\" >REUMATOLOGIA PEDI\u00c1TRICA<\/a><\/li><li class='ez-toc-page-1 ez-toc-heading-level-3'><a class=\"ez-toc-link ez-toc-heading-78\" href=\"https:\/\/www.grupomedcof.com.br\/blog\/residencia-medica-ses-df\/#TRANSPLANTE_RENAL\" >TRANSPLANTE RENAL<\/a><\/li><li class='ez-toc-page-1 ez-toc-heading-level-3'><a class=\"ez-toc-link ez-toc-heading-79\" href=\"https:\/\/www.grupomedcof.com.br\/blog\/residencia-medica-ses-df\/#MEDICINA_DO_SONO\" >MEDICINA DO SONO<\/a><\/li><li class='ez-toc-page-1 ez-toc-heading-level-3'><a class=\"ez-toc-link ez-toc-heading-80\" href=\"https:\/\/www.grupomedcof.com.br\/blog\/residencia-medica-ses-df\/#ORTOPEDIA_E_TRAUMATOLOGIA_%E2%80%93_R4_CIRURGIA_DA_COLUNA\" >ORTOPEDIA E TRAUMATOLOGIA \u2013 R4 CIRURGIA DA COLUNA<\/a><\/li><\/ul><\/li><li class='ez-toc-page-1 ez-toc-heading-level-2'><a class=\"ez-toc-link ez-toc-heading-81\" href=\"https:\/\/www.grupomedcof.com.br\/blog\/residencia-medica-ses-df\/#Vagas_oferecidas_pelas_instituicoes_participantes_do_SES-DF\" >Vagas oferecidas pelas institui\u00e7\u00f5es participantes do SES-DF<\/a><\/li><li class='ez-toc-page-1 ez-toc-heading-level-2'><a class=\"ez-toc-link ez-toc-heading-82\" href=\"https:\/\/www.grupomedcof.com.br\/blog\/residencia-medica-ses-df\/#Resultado_Preliminar_1a_fase_SES-DF_2025\" >Resultado Preliminar 1\u00aa fase SES-DF 2025<\/a><\/li><li class='ez-toc-page-1 ez-toc-heading-level-2'><a class=\"ez-toc-link ez-toc-heading-83\" href=\"https:\/\/www.grupomedcof.com.br\/blog\/residencia-medica-ses-df\/#Resultado_Final_SES-DF_2026\" >Resultado Final SES-DF 2026<\/a><\/li><li class='ez-toc-page-1 ez-toc-heading-level-2'><a class=\"ez-toc-link ez-toc-heading-84\" href=\"https:\/\/www.grupomedcof.com.br\/blog\/residencia-medica-ses-df\/#Escolha_dos_cenarios_de_ensino\" >Escolha dos cen\u00e1rios de ensino<\/a><\/li><li class='ez-toc-page-1 ez-toc-heading-level-2'><a class=\"ez-toc-link ez-toc-heading-85\" href=\"https:\/\/www.grupomedcof.com.br\/blog\/residencia-medica-ses-df\/#Quantidade_de_opcoes_e_definicao_de_cenario_de_ensino\" >Quantidade de op\u00e7\u00f5es e defini\u00e7\u00e3o de cen\u00e1rio de ensino<\/a><\/li><li class='ez-toc-page-1 ez-toc-heading-level-2'><a class=\"ez-toc-link ez-toc-heading-86\" href=\"https:\/\/www.grupomedcof.com.br\/blog\/residencia-medica-ses-df\/#Selecao_final_e_divulgacao_dos_resultados\" >Sele\u00e7\u00e3o final e divulga\u00e7\u00e3o dos resultados<\/a><\/li><li class='ez-toc-page-1 ez-toc-heading-level-2'><a class=\"ez-toc-link ez-toc-heading-87\" href=\"https:\/\/www.grupomedcof.com.br\/blog\/residencia-medica-ses-df\/#Concorrencia_SES-DF_2026\" >Concorr\u00eancia SES-DF 2026<\/a><\/li><li class='ez-toc-page-1 ez-toc-heading-level-2'><a class=\"ez-toc-link ez-toc-heading-88\" href=\"https:\/\/www.grupomedcof.com.br\/blog\/residencia-medica-ses-df\/#Nota_de_corte_SES-DF_2025\" >Nota de corte SES-DF 2025<\/a><\/li><li class='ez-toc-page-1 ez-toc-heading-level-2'><a class=\"ez-toc-link ez-toc-heading-89\" href=\"https:\/\/www.grupomedcof.com.br\/blog\/residencia-medica-ses-df\/#Seja_um_MedCofer\" >Seja um MedCofer!<\/a><\/li><\/ul><\/nav><\/div>\n\n<figure class=\"wp-block-image size-large\"><img loading=\"lazy\" decoding=\"async\" width=\"1024\" height=\"576\" src=\"https:\/\/www.grupomedcof.com.br\/blog\/wp-content\/uploads\/2024\/07\/Modelo-instituicoes-45-1024x576.png\" alt=\"\" class=\"wp-image-28151\" srcset=\"https:\/\/www.grupomedcof.com.br\/blog\/wp-content\/uploads\/2024\/07\/Modelo-instituicoes-45-1024x576.png 1024w, https:\/\/www.grupomedcof.com.br\/blog\/wp-content\/uploads\/2024\/07\/Modelo-instituicoes-45-300x169.png 300w, https:\/\/www.grupomedcof.com.br\/blog\/wp-content\/uploads\/2024\/07\/Modelo-instituicoes-45-768x432.png 768w, https:\/\/www.grupomedcof.com.br\/blog\/wp-content\/uploads\/2024\/07\/Modelo-instituicoes-45-1536x864.png 1536w, https:\/\/www.grupomedcof.com.br\/blog\/wp-content\/uploads\/2024\/07\/Modelo-instituicoes-45-2048x1152.png 2048w, https:\/\/www.grupomedcof.com.br\/blog\/wp-content\/uploads\/2024\/07\/Modelo-instituicoes-45-747x420.png 747w, https:\/\/www.grupomedcof.com.br\/blog\/wp-content\/uploads\/2024\/07\/Modelo-instituicoes-45-150x84.png 150w, https:\/\/www.grupomedcof.com.br\/blog\/wp-content\/uploads\/2024\/07\/Modelo-instituicoes-45-696x392.png 696w, https:\/\/www.grupomedcof.com.br\/blog\/wp-content\/uploads\/2024\/07\/Modelo-instituicoes-45-1068x601.png 1068w, https:\/\/www.grupomedcof.com.br\/blog\/wp-content\/uploads\/2024\/07\/Modelo-instituicoes-45-1920x1080.png 1920w\" sizes=\"auto, (max-width: 1024px) 100vw, 1024px\" \/><\/figure>\n\n\n\n<p>Confira todas as informa\u00e7\u00f5es do processo seletivo do SES-DF 2025 e prepare-se para a pr\u00f3xima edi\u00e7\u00e3o!<\/p>\n\n\n\n<h2 class=\"wp-block-heading\" id=\"h-o-que-e-ses-df\"><span class=\"ez-toc-section\" id=\"O_que_e_SES-DF\"><\/span><strong>O que \u00e9 SES-DF?<\/strong><span class=\"ez-toc-section-end\"><\/span><\/h2>\n\n\n\n<p>A <strong>Secret\u00e1ria de Estado de Sa\u00fade do Distrito Federal (SES-DF)<\/strong> \u00e9 uma organiza\u00e7\u00e3o pertencente ao <strong>Poder Executivo do Distrito Federal<\/strong>, criada para a elabora\u00e7\u00e3o e organiza\u00e7\u00e3o de servi\u00e7os p\u00fablicos que visam a promo\u00e7\u00e3o, preven\u00e7\u00e3o e a assist\u00eancia \u00e0 sa\u00fade.<\/p>\n\n\n\n<p>O principal direcionamento do <strong>SES-DF<\/strong>, al\u00e9m dos citados acima, \u00e9 dispor de condi\u00e7\u00f5es para assegurar e acessibilizar um servi\u00e7o de sa\u00fade \u00e0 popula\u00e7\u00e3o, garantindo uma melhor qualidade de vida no Distrito Federal.<\/p>\n\n\n\n<h2 class=\"wp-block-heading\" id=\"h-edital-ses-df-2025-2026\"><span class=\"ez-toc-section\" id=\"Edital_SES-DF_20252026\"><\/span><strong>Edital SES-DF 2025\/2026<\/strong><span class=\"ez-toc-section-end\"><\/span><\/h2>\n\n\n\n<p>O <a href=\"https:\/\/www.grupomedcof.com.br\/blog\/edital-residencia-medica-ses-df\/\" target=\"_blank\" rel=\"noreferrer noopener\">edital <\/a>da sele\u00e7\u00e3o atual foi divulgado em outubro de 2025, contendo informa\u00e7\u00f5es sobre inscri\u00e7\u00f5es, composi\u00e7\u00e3o do processo seletivo, vagas e mais!<\/p>\n\n\n\n<h2 class=\"wp-block-heading\" id=\"h-cronograma-ses-df-2025-2026\"><span class=\"ez-toc-section\" id=\"Cronograma_SES-DF_20252026\"><\/span><strong>Cronograma SES-DF 2025\/2026<\/strong><span class=\"ez-toc-section-end\"><\/span><\/h2>\n\n\n\n<figure class=\"wp-block-table\"><table class=\"has-fixed-layout\"><tbody><tr><td><strong>Per\u00edodo de impugna\u00e7\u00e3o ao edital<\/strong><\/td><td>22\/10\/25 a 27\/10\/25<\/td><\/tr><tr><td><strong>Per\u00edodo de inscri\u00e7\u00f5es<\/strong><\/td><td>05\/11\/25 a 11\/12\/25*<\/td><\/tr><tr><td><strong>Envio da documenta\u00e7\u00e3o para avalia\u00e7\u00e3o de curr\u00edculo<\/strong><\/td><td>05\/11\/25 a 30\/11\/25<\/td><\/tr><tr><td><strong>Divulga\u00e7\u00e3o dos locais de prova objetiva<\/strong><\/td><td>a partir de 15\/12\/25<\/td><\/tr><tr><td><strong>Prova objetiva<\/strong><\/td><td>21\/12\/25<\/td><\/tr><tr><td><strong>Divulga\u00e7\u00e3o do gabarito preliminar<\/strong><\/td><td>21\/12\/25 (ap\u00f3s 22h)<\/td><\/tr><tr><td><strong>Procedimento de heteroidentifica\u00e7\u00e3o (candidatos negros)<\/strong><\/td><td>10\/01\/26 a 12\/01\/26<\/td><\/tr><tr><td><strong>Resultado preliminar da heteroidentifica\u00e7\u00e3o<\/strong><\/td><td>14\/01\/26<\/td><\/tr><tr><td><strong>Recurso contra resultado da heteroidentifica\u00e7\u00e3o<\/strong><\/td><td>15\/01\/26 e 16\/01\/26<\/td><\/tr><tr><td><strong>Resultado final da heteroidentifica\u00e7\u00e3o<\/strong><\/td><td>20\/01\/26<\/td><\/tr><tr><td><strong>Aferi\u00e7\u00e3o multiprofissional (candidatos com defici\u00eancia)<\/strong><\/td><td>08\/01\/26<\/td><\/tr><tr><td><strong>Resultado preliminar da aferi\u00e7\u00e3o multiprofissional<\/strong><\/td><td>14\/01\/26<\/td><\/tr><tr><td><strong>Recurso contra aferi\u00e7\u00e3o multiprofissional<\/strong><\/td><td>15\/01\/26 e 16\/01\/26<\/td><\/tr><tr><td><strong>Resultado final da 1\u00aa fase (prova objetiva + curr\u00edculo)<\/strong><\/td><td>20\/01\/26<\/td><\/tr><tr><td><strong>Per\u00edodo de recursos contra resultado da 1\u00aa fase<\/strong><\/td><td>21\/01\/26 e 22\/01\/26<\/td><\/tr><tr><td><strong>Divulga\u00e7\u00e3o final da 1\u00aa fase<\/strong><\/td><td>26\/01\/26<\/td><\/tr><tr><td><strong>Escolha dos cen\u00e1rios de ensino (2\u00aa fase)<\/strong><\/td><td>29\/01\/26 a 31\/01\/26<\/td><\/tr><tr><td><strong>Prazo final para matr\u00edcula dos residentes (SisCNRM\/MEC)<\/strong><\/td><td>at\u00e9 31\/03\/26<\/td><\/tr><\/tbody><\/table><\/figure>\n\n\n\n<h2 class=\"wp-block-heading\" id=\"h-data-da-selecao-da-residencia-medica-ses-df-2025-2026\"><span class=\"ez-toc-section\" id=\"Data_da_selecao_da_residencia_medica_SES-DF_20252026\"><\/span><strong>Data da sele\u00e7\u00e3o da resid\u00eancia m\u00e9dica SES-DF 2025\/2026<\/strong><span class=\"ez-toc-section-end\"><\/span><\/h2>\n\n\n\n<p>Na edi\u00e7\u00e3o de 2025\/2026, a sele\u00e7\u00e3o para a resid\u00eancia m\u00e9dica do SES-DF iniciou com as inscri\u00e7\u00f5es, as quais aconteceram no per\u00edodo de <strong>05 a 11 de dezembro de 2025<\/strong>. Al\u00e9m disso, para serem deferidas, foi necess\u00e1ria a realiza\u00e7\u00e3o do pagamento da taxa de inscri\u00e7\u00e3o, que, nesta edi\u00e7\u00e3o, teve seu valor estabelecido em <strong>R$120,00.<\/strong><\/p>\n\n\n\n<h2 class=\"wp-block-heading\" id=\"h-como-e-o-processo-seletivo-da-ses-df\"><span class=\"ez-toc-section\" id=\"Como_e_o_processo_seletivo_da_SES-DF\"><\/span><strong>Como \u00e9 o processo seletivo da SES-DF?<\/strong><span class=\"ez-toc-section-end\"><\/span><\/h2>\n\n\n\n<p>O processo \u00e9 composto por duas fases de responsabilidade do SES-DF: <a href=\"https:\/\/www.grupomedcof.com.br\/blog\/ses-df-2024-provas-similares\/\"><strong>prova objetiva<\/strong><\/a> e <strong>an\u00e1lise curricular<\/strong>. Ainda, h\u00e1 uma outra etapa, que consiste na <strong>escolha de cen\u00e1rio de ensino<\/strong>, por\u00e9m, \u00e9 definida pela escolha da <strong>COREME<\/strong>.<\/p>\n\n\n\n<p>Para a an\u00e1lise curricular, o candidato teve o prazo de <strong>05 a 30 de novembro de 2025<\/strong> para o envio do <em>curriculum vitae<\/em> que ser\u00e1 analisado.<\/p>\n\n\n\n<h3 class=\"wp-block-heading\" id=\"h-prova-objetiva-ses-df\"><span class=\"ez-toc-section\" id=\"Prova_objetiva_SES-DF\"><\/span><strong>Prova objetiva SES-DF<\/strong><span class=\"ez-toc-section-end\"><\/span><\/h3>\n\n\n\n<p>A prova objetiva ocorreu no dia <strong>21 de dezembro de 2025<\/strong>, e teve car\u00e1ter classificat\u00f3rio e eliminat\u00f3rio. Essa fase contou com <strong>80 quest\u00f5es de m\u00faltipla escolha<\/strong> que valer\u00e1 <strong>100 pontos ao total<\/strong>. Deste modo, os candidatos tiveram o tempo total de 4h para a realiza\u00e7\u00e3o da prova.<\/p>\n\n\n\n<p>Em rela\u00e7\u00e3o ao <a href=\"https:\/\/www.grupomedcof.com.br\/blog\/ses-df-2024-temas-quentes\/\"><strong>conte\u00fado <\/strong><\/a>abordado na prova, os candidatos se depararam com quest\u00f5es sobre as <strong>cinco grandes \u00e1reas m\u00e9dicas<\/strong>, distribu\u00eddas em todas as perguntas da avalia\u00e7\u00e3o.<\/p>\n\n\n\n<h3 class=\"wp-block-heading\" id=\"h-analise-curricular\"><span class=\"ez-toc-section\" id=\"Analise_Curricular\"><\/span><strong>An\u00e1lise Curricular<\/strong><span class=\"ez-toc-section-end\"><\/span><\/h3>\n\n\n\n<p>A <strong>an\u00e1lise curricular<\/strong> da <strong>SES-DF<\/strong>, conforme apresentada no edital, possui 13 requisitos a serem seguidos pelo candidato, sendo estes com uma pontua\u00e7\u00e3o pr\u00f3pria para a composi\u00e7\u00e3o da nota m\u00e1xima de <strong>10 pontos<\/strong>. <\/p>\n\n\n\n<figure class=\"wp-block-image\"><img decoding=\"async\" src=\"https:\/\/lh7-rt.googleusercontent.com\/docsz\/AD_4nXfIKfIUnS30pEelgIVLPxrop1ZqWMLyQBchHnkiMsxV8AXgiviVKMVOrLiw_xI0t8s0Rh2XLHLiTBNWEbjDXmqSiBnDwFCPU-WL_NTeBkV65xhknLWb1pOHRBo9TOG7BxN5sN9zHw?key=5M6HMUbRdAFkc96JpH0M7w\" alt=\"\"\/><\/figure>\n\n\n\n<h2 class=\"wp-block-heading\" id=\"h-vagas-ofertadas-por-especialidades-no-ses-df-2025-2026\"><span class=\"ez-toc-section\" id=\"Vagas_ofertadas_por_especialidades_no_SES-DF_20252026\"><\/span><strong>Vagas ofertadas por especialidades no SES-DF 2025\/2026<\/strong><span class=\"ez-toc-section-end\"><\/span><\/h2>\n\n\n\n<h2 class=\"wp-block-heading\" id=\"h-vagas-ses-df-2025-2026\"><span class=\"ez-toc-section\" id=\"Vagas_SES-DF_20252026\"><\/span><strong>Vagas SES-DF 2025\/2026<\/strong><span class=\"ez-toc-section-end\"><\/span><\/h2>\n\n\n\n<h3 class=\"wp-block-heading\"><span class=\"ez-toc-section\" id=\"Acupuntura\"><\/span><strong>Acupuntura<\/strong><span class=\"ez-toc-section-end\"><\/span><\/h3>\n\n\n\n<figure class=\"wp-block-table\"><table class=\"has-fixed-layout\"><tbody><tr><td><strong>Institui\u00e7\u00e3o<\/strong><\/td><td><strong>Vagas AC<\/strong><\/td><td><strong>Vagas PCD<\/strong><\/td><\/tr><tr><td>Hospital de Base do Distrito Federal (HBDF)<\/td><td>1<\/td><td>1<\/td><\/tr><\/tbody><\/table><\/figure>\n\n\n\n<h3 class=\"wp-block-heading\"><span class=\"ez-toc-section\" id=\"Anestesiologia\"><\/span><strong>Anestesiologia<\/strong><span class=\"ez-toc-section-end\"><\/span><\/h3>\n\n\n\n<figure class=\"wp-block-table\"><table class=\"has-fixed-layout\"><tbody><tr><td><strong>Institui\u00e7\u00e3o<\/strong><\/td><td><strong>Vagas AC<\/strong><\/td><td><strong>Vagas Servi\u00e7o Militar<\/strong><\/td><td><strong>Vagas PCD<\/strong><\/td><td><strong>Vagas Negros<\/strong><\/td><\/tr><tr><td>Hospital de Base do Distrito Federal (HBDF)<\/td><td>3<\/td><td>\u2013<\/td><td>1<\/td><td>\u2013<\/td><\/tr><tr><td>Hospital Regional da Asa Norte (HRAN)<\/td><td>3<\/td><td>\u2013<\/td><td>1<\/td><td>1<\/td><\/tr><tr><td>Hospital Regional do Gama (HRG)<\/td><td>1<\/td><td>\u2013<\/td><td>1<\/td><td>\u2013<\/td><\/tr><tr><td>Hospital Regional de Taguatinga (HRT)&nbsp;<\/td><td>1<\/td><td>1<\/td><td>1<\/td><td>1<\/td><\/tr><tr><td>Resid\u00eancia Integrada(COREME ESPDF\/SES)(*)<\/td><td>2<\/td><td>1<\/td><td>1<\/td><td>1\u2019<\/td><\/tr><\/tbody><\/table><\/figure>\n\n\n\n<h3 class=\"wp-block-heading\"><span class=\"ez-toc-section\" id=\"Cirurgia_Geral\"><\/span><strong>Cirurgia Geral<\/strong><span class=\"ez-toc-section-end\"><\/span><\/h3>\n\n\n\n<figure class=\"wp-block-table\"><table class=\"has-fixed-layout\"><tbody><tr><td><strong>Institui\u00e7\u00e3o<\/strong><\/td><td><strong>Vagas AC<\/strong><\/td><td><strong>Vagas Servi\u00e7o Militar<\/strong><\/td><td><strong>Vagas PCD<\/strong><\/td><td><strong>Vagas Negros<\/strong><\/td><\/tr><tr><td>Hospital de Base do Distrito Federal (HBDF)<\/td><td>3<\/td><td>1<\/td><td>1<\/td><td>1<\/td><\/tr><tr><td>Hospital Regional da Asa Norte (HRAN)<\/td><td>3<\/td><td>\u2013<\/td><td>1<\/td><td>1<\/td><\/tr><tr><td>Hospital Regional de Ceil\u00e2ndia (HRC)<\/td><td>2<\/td><td>\u2013<\/td><td>1<\/td><td>1<\/td><\/tr><tr><td>Hospital Regional do Gama (HRG)<\/td><td>2<\/td><td>\u2013<\/td><td>1<\/td><td>1<\/td><\/tr><tr><td>Hospital Regional de Sobradinho (HRS)<\/td><td>1<\/td><td>\u2013<\/td><td>1<\/td><td>1<\/td><\/tr><tr><td>Hospital Regional de Taguatinga (HRT)<\/td><td>4<\/td><td>\u2013<\/td><td>\u2013<\/td><td>0<\/td><\/tr><tr><td>Resid\u00eancia Integrada (COREME ESPDF\/SES)(*)<\/td><td>1<\/td><td>1<\/td><td>1<\/td><td>1<\/td><\/tr><\/tbody><\/table><\/figure>\n\n\n\n<h3 class=\"wp-block-heading\"><span class=\"ez-toc-section\" id=\"CLINICA_MEDICA\"><\/span><strong>CL\u00cdNICA M\u00c9DICA<\/strong><span class=\"ez-toc-section-end\"><\/span><\/h3>\n\n\n\n<figure class=\"wp-block-table\"><table class=\"has-fixed-layout\"><tbody><tr><td><strong>Institui\u00e7\u00e3o<\/strong><\/td><td><strong>Vagas AC<\/strong><\/td><td><strong>Vagas PCD<\/strong><\/td><\/tr><tr><td>Hospital de Base do Distrito Federal (HBDF)<\/td><td>5<\/td><td><\/td><\/tr><tr><td>Hospital Regional da Asa Norte (HRAN)&nbsp;<\/td><td>6<\/td><td><\/td><\/tr><tr><td>Hospital Regional do Gama (HRG)<\/td><td>6<\/td><td><\/td><\/tr><tr><td>Hospital Regional da Regi\u00e3o Leste (HRPa)<\/td><td>2<\/td><td><\/td><\/tr><tr><td>Hospital Regional de Sobradinho (HRS)<\/td><td>6<\/td><td><\/td><\/tr><tr><td>Hospital Regional de Taguatinga (HRT)<\/td><td>4<\/td><td><\/td><\/tr><tr><td>Resid\u00eancia Integrada(COREME ESPDF\/SES)(*)<\/td><td>2<\/td><td><\/td><\/tr><\/tbody><\/table><\/figure>\n\n\n\n<h3 class=\"wp-block-heading\"><span class=\"ez-toc-section\" id=\"Dermatologia\"><\/span><strong>Dermatologia<\/strong><span class=\"ez-toc-section-end\"><\/span><\/h3>\n\n\n\n<figure class=\"wp-block-table\"><table class=\"has-fixed-layout\"><tbody><tr><td><strong>Hospital<\/strong><\/td><td><strong>Ampla<\/strong><\/td><td><strong>PCD<\/strong><\/td><td><strong>Negros<\/strong><\/td><td><strong>Total<\/strong><\/td><\/tr><tr><td>HRAN<\/td><td>2<\/td><td>1<\/td><td>1<\/td><td>4<\/td><\/tr><\/tbody><\/table><\/figure>\n\n\n\n<h3 class=\"wp-block-heading\"><span class=\"ez-toc-section\" id=\"GENETICA_MEDICA\"><\/span><strong>GEN\u00c9TICA M\u00c9DICA<\/strong><span class=\"ez-toc-section-end\"><\/span><\/h3>\n\n\n\n<figure class=\"wp-block-table\"><table class=\"has-fixed-layout\"><tbody><tr><td><strong>Hospital<\/strong><\/td><td><strong>Ampla<\/strong><\/td><\/tr><tr><td>COREME ESPDF\/SES<\/td><td>1<\/td><\/tr><\/tbody><\/table><\/figure>\n\n\n\n<h3 class=\"wp-block-heading\"><span class=\"ez-toc-section\" id=\"INFECTOLOGIA\"><\/span><strong>INFECTOLOGIA<\/strong><span class=\"ez-toc-section-end\"><\/span><\/h3>\n\n\n\n<figure class=\"wp-block-table\"><table class=\"has-fixed-layout\"><tbody><tr><td><strong>Hospital<\/strong><\/td><td><strong>Ampla<\/strong><\/td><\/tr><tr><td>COREME SES-DF<\/td><td>1<\/td><\/tr><tr><td>HBDF<\/td><td>1<\/td><\/tr><\/tbody><\/table><\/figure>\n\n\n\n<h3 class=\"wp-block-heading\"><span class=\"ez-toc-section\" id=\"_MEDICINA_DE_EMERGENCIA\"><\/span><strong>&nbsp;MEDICINA DE EMERG\u00caNCIA<\/strong><span class=\"ez-toc-section-end\"><\/span><\/h3>\n\n\n\n<figure class=\"wp-block-table\"><table class=\"has-fixed-layout\"><tbody><tr><td><strong>Hospital<\/strong><\/td><td><strong>Ampla<\/strong><\/td><td><strong>PCD<\/strong><\/td><td><strong>Negros<\/strong><\/td><td><strong>Hipo<\/strong><\/td><td><strong>Total<\/strong><\/td><\/tr><tr><td>COREME ESPDF\/SES<\/td><td>7<\/td><td>10<\/td><td>5<\/td><td>2<\/td><td><strong>24<\/strong><\/td><\/tr><\/tbody><\/table><\/figure>\n\n\n\n<h3 class=\"wp-block-heading\"><span class=\"ez-toc-section\" id=\"MEDICINA_DE_FAMILIA_E_COMUNIDADE\"><\/span><strong>MEDICINA DE FAM\u00cdLIA E COMUNIDADE<\/strong><span class=\"ez-toc-section-end\"><\/span><\/h3>\n\n\n\n<figure class=\"wp-block-table\"><table class=\"has-fixed-layout\"><tbody><tr><td><strong>Hospital<\/strong><\/td><td><strong>Ampla<\/strong><\/td><td><strong>AC Mil<\/strong><\/td><\/tr><tr><td>COREME ESPDF\/SES<\/td><td>20<\/td><td>1<\/td><\/tr><tr><td>FIOCRUZ<\/td><td>3<\/td><td>0<\/td><\/tr><tr><td><\/td><td><\/td><td><\/td><\/tr><\/tbody><\/table><\/figure>\n\n\n\n<h3 class=\"wp-block-heading\"><span class=\"ez-toc-section\" id=\"MEDICINA_DO_TRABALHO\"><\/span><strong>MEDICINA DO TRABALHO<\/strong><span class=\"ez-toc-section-end\"><\/span><\/h3>\n\n\n\n<figure class=\"wp-block-table\"><table class=\"has-fixed-layout\"><tbody><tr><td><strong>Institui\u00e7\u00e3o<\/strong><\/td><td><strong>Vagas AC<\/strong><\/td><td><strong>Vagas Servi\u00e7o Militar<\/strong><\/td><\/tr><tr><td>Resid\u00eancia Integrada(COREME ESPDF\/SES)<\/td><td>1<\/td><td>1<\/td><\/tr><\/tbody><\/table><\/figure>\n\n\n\n<h3 class=\"wp-block-heading\"><span class=\"ez-toc-section\" id=\"MEDICINA_PREVENTIVA_E_SOCIAL\"><\/span><strong>MEDICINA PREVENTIVA E SOCIAL<\/strong><span class=\"ez-toc-section-end\"><\/span><\/h3>\n\n\n\n<figure class=\"wp-block-table\"><table class=\"has-fixed-layout\"><tbody><tr><td><strong>Institui\u00e7\u00e3o<\/strong><\/td><td><strong>Vagas AC<\/strong><\/td><td><strong>Vagas Negros<\/strong><\/td><\/tr><tr><td>Resid\u00eancia Integrada(COREME ESPDF\/SES)<\/td><td>1<\/td><td>1<\/td><\/tr><\/tbody><\/table><\/figure>\n\n\n\n<h3 class=\"wp-block-heading\"><span class=\"ez-toc-section\" id=\"NEUROCIRURGIA\"><\/span><strong>NEUROCIRURGIA<\/strong><span class=\"ez-toc-section-end\"><\/span><\/h3>\n\n\n\n<figure class=\"wp-block-table\"><table class=\"has-fixed-layout\"><tbody><tr><td><strong>Institui\u00e7\u00e3o<\/strong><\/td><td><strong>Vagas AC<\/strong><\/td><td><strong>Vagas Negros<\/strong><\/td><\/tr><tr><td>Hospital de Base do Distrito Federal(HBDF)<\/td><td>1<\/td><td>1<\/td><\/tr><\/tbody><\/table><\/figure>\n\n\n\n<h3 class=\"wp-block-heading\"><span class=\"ez-toc-section\" id=\"NEUROLOGIA\"><\/span><strong>NEUROLOGIA<\/strong><span class=\"ez-toc-section-end\"><\/span><\/h3>\n\n\n\n<figure class=\"wp-block-table\"><table class=\"has-fixed-layout\"><tbody><tr><td><strong>Institui\u00e7\u00e3o<\/strong><\/td><td><strong>Vagas AC<\/strong><\/td><td><strong>Vagas PCD<\/strong><\/td><\/tr><tr><td>Hospital de Base do Distrito Federal(HBDF)<\/td><td>3<\/td><td>2<\/td><\/tr><\/tbody><\/table><\/figure>\n\n\n\n<h3 class=\"wp-block-heading\"><span class=\"ez-toc-section\" id=\"OBSTETRICIA_E_GINECOLOGIA\"><\/span><strong>OBSTETR\u00cdCIA E GINECOLOGIA<\/strong><span class=\"ez-toc-section-end\"><\/span><\/h3>\n\n\n\n<figure class=\"wp-block-table\"><table class=\"has-fixed-layout\"><tbody><tr><td><strong>Institui\u00e7\u00e3o<\/strong><\/td><td><strong>Vagas AC<\/strong><\/td><td><strong>Vagas PCD<\/strong><\/td><\/tr><tr><td>Hospital Materno-Infantil de Bras\u00edlia (HMIB)<\/td><td>2<\/td><td>1<\/td><\/tr><tr><td>Hospital Regional da Asa Norte (HRAN)<\/td><td>2<\/td><td>1<\/td><\/tr><tr><td>Hospital Regional de Ceil\u00e2ndia (HRC)&nbsp;<\/td><td>2<\/td><td>1<\/td><\/tr><tr><td>Hospital Regional do Gama (HRG)<\/td><td>2<\/td><td>1<\/td><\/tr><tr><td>Hospital Regional da Regi\u00e3o Leste (HRPa)&nbsp;<\/td><td>1<\/td><td>1<\/td><\/tr><tr><td>Hospital Regional de Sobradinho (HRS)<\/td><td>2<\/td><td>1<\/td><\/tr><tr><td>Hospital Regional de Taguatinga (HRT)&nbsp;<\/td><td>2<\/td><td>1<\/td><\/tr><\/tbody><\/table><\/figure>\n\n\n\n<h3 class=\"wp-block-heading\"><span class=\"ez-toc-section\" id=\"OFTALMOLOGIA\"><\/span><strong>OFTALMOLOGIA<\/strong><span class=\"ez-toc-section-end\"><\/span><\/h3>\n\n\n\n<figure class=\"wp-block-table\"><table class=\"has-fixed-layout\"><tbody><tr><td><strong>Institui\u00e7\u00e3o<\/strong><\/td><td><strong>Vagas AC<\/strong><\/td><td><strong>Vagas PCD<\/strong><\/td><\/tr><tr><td>Hospital de Base do Distrito Federal(HBDF)<\/td><td>3<\/td><td>1<\/td><\/tr><tr><td>Resid\u00eancia Integrada (COREME ESPDF\/SES)<\/td><td>2<\/td><td>1<\/td><\/tr><\/tbody><\/table><\/figure>\n\n\n\n<h3 class=\"wp-block-heading\"><span class=\"ez-toc-section\" id=\"ORTOPEDIA_E_TRAUMATOLOGIA\"><\/span><strong>ORTOPEDIA E TRAUMATOLOGIA<\/strong><span class=\"ez-toc-section-end\"><\/span><\/h3>\n\n\n\n<figure class=\"wp-block-table\"><table class=\"has-fixed-layout\"><tbody><tr><td><strong>Institui\u00e7\u00e3o<\/strong><\/td><td><strong>Vagas AC<\/strong><\/td><td><strong>Vagas Servi\u00e7o Militar<\/strong><\/td><td><strong>Vagas PCD<\/strong><\/td><\/tr><tr><td>Hospital de Base do Distrito Federal(HBDF)<\/td><td>3<\/td><td>\u2013<\/td><td>1<\/td><\/tr><tr><td>Hospital Regional de Ceil\u00e2ndia (HRC)&nbsp;<\/td><td>2<\/td><td>\u2013<\/td><td>1<\/td><\/tr><tr><td>Hospital Regional do Gama (HRG)<\/td><td>2<\/td><td>1<\/td><td>1<\/td><\/tr><tr><td>Hospital Regional do Parano\u00e1 (HRPa)<\/td><td>1<\/td><td>3<\/td><td>\u2013<\/td><\/tr><tr><td>Hospital Regional de Santa Maria(HRSM)<\/td><td>2<\/td><td>\u2013<\/td><td>1<\/td><\/tr><tr><td>Hospital Regional de Sobradinho (HRS)&nbsp;<\/td><td>2<\/td><td>\u2013<\/td><td>1<\/td><\/tr><tr><td>Hospital Regional de Taguatinga(HRT)<\/td><td>2<\/td><td>\u2013<\/td><td>1<\/td><\/tr><\/tbody><\/table><\/figure>\n\n\n\n<h3 class=\"wp-block-heading\"><span class=\"ez-toc-section\" id=\"_OTORRINOLARINGOLOGIA\"><\/span><strong>&nbsp;OTORRINOLARINGOLOGIA<\/strong><span class=\"ez-toc-section-end\"><\/span><\/h3>\n\n\n\n<figure class=\"wp-block-table\"><table class=\"has-fixed-layout\"><tbody><tr><td><strong>Institui\u00e7\u00e3o<\/strong><\/td><td><strong>Vagas AC<\/strong><\/td><td><strong>Vagas PCD<\/strong><\/td><\/tr><tr><td>Hospital de Base do Distrito Federal (HBDF)&nbsp;<\/td><td>2<\/td><td>\u2013<\/td><\/tr><\/tbody><\/table><\/figure>\n\n\n\n<h3 class=\"wp-block-heading\"><span class=\"ez-toc-section\" id=\"PATOLOGIA\"><\/span><strong>PATOLOGIA<\/strong><span class=\"ez-toc-section-end\"><\/span><\/h3>\n\n\n\n<figure class=\"wp-block-table\"><table class=\"has-fixed-layout\"><tbody><tr><td><strong>Institui\u00e7\u00e3o<\/strong><\/td><td><strong>Vagas AC<\/strong><\/td><td><strong>Vagas Negros<\/strong><\/td><\/tr><tr><td>Hospital de Base do Distrito Federal (HBDF)<\/td><td>1<\/td><td>1<\/td><\/tr><\/tbody><\/table><\/figure>\n\n\n\n<h3 class=\"wp-block-heading\"><span class=\"ez-toc-section\" id=\"PEDIATRIA\"><\/span><strong>PEDIATRIA<\/strong><span class=\"ez-toc-section-end\"><\/span><\/h3>\n\n\n\n<figure class=\"wp-block-table\"><table class=\"has-fixed-layout\"><tbody><tr><td><strong>Institui\u00e7\u00e3o<\/strong><\/td><td><strong>Vagas AC<\/strong><\/td><td><strong>Vagas PCD<\/strong><\/td><\/tr><tr><td>Hospital Materno-Infantil de Bras\u00edlia (HMIB)&nbsp;<\/td><td>8<\/td><td>3<\/td><\/tr><tr><td>Hospital Regional de Ceil\u00e2ndia (HRC)&nbsp;<\/td><td>3<\/td><td>2<\/td><\/tr><tr><td>Hospital Regional da Regi\u00e3o Leste (HRPa)<\/td><td>2<\/td><td>1<\/td><\/tr><tr><td>Hospital Regional de Sobradinho (HRS)&nbsp;<\/td><td>2<\/td><td>1<\/td><\/tr><tr><td>Hospital Regional de Taguatinga (HRT)&nbsp;<\/td><td>6<\/td><td>3<\/td><\/tr><\/tbody><\/table><\/figure>\n\n\n\n<h3 class=\"wp-block-heading\"><span class=\"ez-toc-section\" id=\"PSIQUIATRIA\"><\/span><strong>PSIQUIATRIA&nbsp;<\/strong><span class=\"ez-toc-section-end\"><\/span><\/h3>\n\n\n\n<figure class=\"wp-block-table\"><table class=\"has-fixed-layout\"><tbody><tr><td><strong>Institui\u00e7\u00e3o<\/strong><\/td><td><strong>Vagas AC<\/strong><\/td><td><strong>Vagas PCD<\/strong><\/td><\/tr><tr><td>Hospital de Base do Distrito Federal (HBDF)&nbsp;<\/td><td>1<\/td><td>1<\/td><\/tr><tr><td>Hospital S\u00e3o Vicente de Paulo (HSVP)&nbsp;<\/td><td>3<\/td><td>2<\/td><\/tr><tr><td>Resid\u00eancia Integrada(COREME ESPDF\/SES)<\/td><td>1<\/td><td>1<\/td><\/tr><\/tbody><\/table><\/figure>\n\n\n\n<h3 class=\"wp-block-heading\"><span class=\"ez-toc-section\" id=\"RADIOLOGIA_E_DIAGNOSTICO_POR_IMAGEM\"><\/span><strong>RADIOLOGIA E DIAGN\u00d3STICO POR IMAGEM<\/strong><span class=\"ez-toc-section-end\"><\/span><\/h3>\n\n\n\n<figure class=\"wp-block-table\"><table class=\"has-fixed-layout\"><tbody><tr><td><strong>Institui\u00e7\u00e3o<\/strong><\/td><td><strong>Vagas AC<\/strong><\/td><td><strong>Vagas PCD<\/strong><\/td><\/tr><tr><td>Hospital de Base do Distrito Federal (HBDF)<\/td><td>1<\/td><td>1<\/td><\/tr><tr><td>Hospital Regional de Taguatinga (HRT)&nbsp;<\/td><td>3<\/td><td>2<\/td><\/tr><\/tbody><\/table><\/figure>\n\n\n\n<h3 class=\"wp-block-heading\"><span class=\"ez-toc-section\" id=\"MEDICINA_INTENSIVA\"><\/span><strong>MEDICINA INTENSIVA<\/strong><span class=\"ez-toc-section-end\"><\/span><\/h3>\n\n\n\n<figure class=\"wp-block-table\"><table class=\"has-fixed-layout\"><tbody><tr><td><strong>Institui\u00e7\u00e3o<\/strong><\/td><td><strong>Vagas AC<\/strong><\/td><td><strong>Vagas PCD<\/strong><\/td><\/tr><tr><td>Hospital \/ COREME<\/td><td>4<\/td><td>2<\/td><\/tr><tr><td>Resid\u00eancia Integrada(COREMEESPDF\/SES-DF)(*)<\/td><td>4<\/td><td>2<\/td><\/tr><\/tbody><\/table><\/figure>\n\n\n\n<h3 class=\"wp-block-heading\"><span class=\"ez-toc-section\" id=\"ONCOLOGIA_CLINICA\"><\/span><strong>ONCOLOGIA CL\u00cdNICA<\/strong><span class=\"ez-toc-section-end\"><\/span><\/h3>\n\n\n\n<figure class=\"wp-block-table\"><table class=\"has-fixed-layout\"><tbody><tr><td><strong>Institui\u00e7\u00e3o<\/strong><\/td><td><strong>Vagas AC<\/strong><\/td><td><strong>Vagas PCD<\/strong><\/td><\/tr><tr><td>Hospital de Base do Distrito Federal(IGESDF)<\/td><td>1<\/td><td>\u2013<\/td><\/tr><tr><td>Resid\u00eancia Integrada(COREME ESPDF\/SES)<\/td><td>2<\/td><td>1<\/td><\/tr><\/tbody><\/table><\/figure>\n\n\n\n<h3 class=\"wp-block-heading\"><span class=\"ez-toc-section\" id=\"ONCOLOGIA_PEDIATRICA\"><\/span><strong>ONCOLOGIA PEDI\u00c1TRICA<\/strong><span class=\"ez-toc-section-end\"><\/span><\/h3>\n\n\n\n<figure class=\"wp-block-table\"><table class=\"has-fixed-layout\"><tbody><tr><td><strong>Institui\u00e7\u00e3o<\/strong><\/td><td><strong>Vagas AC<\/strong><\/td><td><strong>Vagas Negros<\/strong><\/td><\/tr><tr><td>Hospital da Crian\u00e7a de Bras\u00edlia Jos\u00e9 Alencar (HCB)&nbsp;<\/td><td>1<\/td><td>1<\/td><\/tr><\/tbody><\/table><\/figure>\n\n\n\n<h3 class=\"wp-block-heading\"><span class=\"ez-toc-section\" id=\"CARDIOLOGIA\"><\/span><strong>CARDIOLOGIA<\/strong><span class=\"ez-toc-section-end\"><\/span><\/h3>\n\n\n\n<figure class=\"wp-block-table\"><table class=\"has-fixed-layout\"><tbody><tr><td><strong>Institui\u00e7\u00e3o<\/strong><\/td><td><strong>Vagas AC<\/strong><\/td><td><strong>Vagas PCD<\/strong><\/td><\/tr><tr><td>Hospital de Base do Distrito Federal (HBDF)<\/td><td>4<\/td><td>2<\/td><\/tr><\/tbody><\/table><\/figure>\n\n\n\n<h3 class=\"wp-block-heading\"><span class=\"ez-toc-section\" id=\"CIRURGIA_DO_APARELHO_DIGESTIVO\"><\/span><strong>CIRURGIA DO APARELHO DIGESTIVO&nbsp;<\/strong><span class=\"ez-toc-section-end\"><\/span><\/h3>\n\n\n\n<figure class=\"wp-block-table\"><table class=\"has-fixed-layout\"><tbody><tr><td><strong>Institui\u00e7\u00e3o<\/strong><\/td><td><strong>Vagas AC<\/strong><\/td><\/tr><tr><td>Hospital de Base do Distrito Federal (IGESDF)<\/td><td>2<\/td><\/tr><tr><td>Hospital Regional da Asa Norte (HRAN)<\/td><td>1<\/td><\/tr><\/tbody><\/table><\/figure>\n\n\n\n<h3 class=\"wp-block-heading\"><span class=\"ez-toc-section\" id=\"CIRURGIA_ONCOLOGICA\"><\/span><strong>CIRURGIA ONCOL\u00d3GICA&nbsp;<\/strong><span class=\"ez-toc-section-end\"><\/span><\/h3>\n\n\n\n<figure class=\"wp-block-table\"><table class=\"has-fixed-layout\"><tbody><tr><td><strong>Institui\u00e7\u00e3o<\/strong><\/td><td><strong>Vagas AC<\/strong><\/td><\/tr><tr><td>Hospital de Base do Distrito Federal (IGESDF)<\/td><td>1<\/td><\/tr><\/tbody><\/table><\/figure>\n\n\n\n<h3 class=\"wp-block-heading\"><span class=\"ez-toc-section\" id=\"CIRURGIA_PEDIATRICA\"><\/span><strong>CIRURGIA PEDI\u00c1TRICA<\/strong><span class=\"ez-toc-section-end\"><\/span><\/h3>\n\n\n\n<figure class=\"wp-block-table\"><table class=\"has-fixed-layout\"><tbody><tr><td><strong>Institui\u00e7\u00e3o<\/strong><\/td><td><strong>Vagas AC<\/strong><\/td><\/tr><tr><td>Hospital da Crian\u00e7a de Bras\u00edlia Jos\u00e9Alencar (HCB)<\/td><td>1<\/td><\/tr><tr><td>Hospital Materno-Infantil de Bras\u00edlia(HMIB)<\/td><td>1<\/td><\/tr><\/tbody><\/table><\/figure>\n\n\n\n<h3 class=\"wp-block-heading\"><span class=\"ez-toc-section\" id=\"CIRURGIA_PLASTICA\"><\/span><strong>CIRURGIA PL\u00c1STICA<\/strong><span class=\"ez-toc-section-end\"><\/span><\/h3>\n\n\n\n<figure class=\"wp-block-table\"><table class=\"has-fixed-layout\"><tbody><tr><td><strong>Institui\u00e7\u00e3o<\/strong><\/td><td><strong>Vagas AC<\/strong><\/td><\/tr><tr><td>Hospital Regional da Asa Norte(HRAN)<\/td><td>2<\/td><\/tr><\/tbody><\/table><\/figure>\n\n\n\n<h3 class=\"wp-block-heading\"><span class=\"ez-toc-section\" id=\"CIRURGIA_TORACICA\"><\/span><strong>CIRURGIA TOR\u00c1CICA<\/strong><span class=\"ez-toc-section-end\"><\/span><\/h3>\n\n\n\n<figure class=\"wp-block-table\"><table class=\"has-fixed-layout\"><tbody><tr><td><strong>Institui\u00e7\u00e3o<\/strong><\/td><td><strong>Vagas AC<\/strong><\/td><\/tr><tr><td>Hospital de Base do Distrito Federal (HBDF)<\/td><td>1<\/td><\/tr><\/tbody><\/table><\/figure>\n\n\n\n<h3 class=\"wp-block-heading\"><span class=\"ez-toc-section\" id=\"CIRURGIA_VASCULAR\"><\/span><strong>CIRURGIA VASCULAR<\/strong><span class=\"ez-toc-section-end\"><\/span><\/h3>\n\n\n\n<figure class=\"wp-block-table\"><table class=\"has-fixed-layout\"><tbody><tr><td><strong>Institui\u00e7\u00e3o<\/strong><\/td><td><strong>Vagas AC<\/strong><\/td><td><strong>Vagas PCD<\/strong><\/td><td><strong>Vagas Negros<\/strong><\/td><\/tr><tr><td>Hospital de Base do Distrito Federal (HBDF)<\/td><td>1<\/td><td>1<\/td><td>1<\/td><\/tr><\/tbody><\/table><\/figure>\n\n\n\n<h3 class=\"wp-block-heading\"><span class=\"ez-toc-section\" id=\"COLOPROCTOLOGIA\"><\/span><strong>COLOPROCTOLOGIA<\/strong><span class=\"ez-toc-section-end\"><\/span><\/h3>\n\n\n\n<figure class=\"wp-block-table\"><table class=\"has-fixed-layout\"><tbody><tr><td><strong>Institui\u00e7\u00e3o<\/strong><\/td><td><strong>Vagas AC<\/strong><\/td><\/tr><tr><td>Hospital de Base do Distrito Federal (HBDF)<\/td><td>2<\/td><\/tr><\/tbody><\/table><\/figure>\n\n\n\n<h3 class=\"wp-block-heading\"><span class=\"ez-toc-section\" id=\"ENDOCRINOLOGIA\"><\/span><strong>ENDOCRINOLOGIA<\/strong><span class=\"ez-toc-section-end\"><\/span><\/h3>\n\n\n\n<figure class=\"wp-block-table\"><table class=\"has-fixed-layout\"><tbody><tr><td><strong>Institui\u00e7\u00e3o<\/strong><\/td><td><strong>Vagas AC<\/strong><\/td><td><strong>Vagas PCD<\/strong><\/td><\/tr><tr><td>Hospital de Base do Distrito Federal (HBDF)<\/td><td>1<\/td><td>1<\/td><\/tr><tr><td>Hospital Regional de Taguatinga(HRT)<\/td><td>1<\/td><td>1<\/td><\/tr><tr><td>Resid\u00eancia Integrada(COREME ESPDF\/SES)(*)<\/td><td>1<\/td><td>\u2013<\/td><\/tr><\/tbody><\/table><\/figure>\n\n\n\n<h3 class=\"wp-block-heading\"><span class=\"ez-toc-section\" id=\"GASTROENTEROLOGIA\"><\/span><strong>GASTROENTEROLOGIA<\/strong><span class=\"ez-toc-section-end\"><\/span><\/h3>\n\n\n\n<figure class=\"wp-block-table\"><table class=\"has-fixed-layout\"><tbody><tr><td><strong>Institui\u00e7\u00e3o<\/strong><\/td><td><strong>Vagas AC<\/strong><\/td><td><strong>Vagas PCD<\/strong><\/td><\/tr><tr><td>Hospital de Base do Distrito Federal (HBDF)<\/td><td>2<\/td><td>1<\/td><\/tr><\/tbody><\/table><\/figure>\n\n\n\n<h3 class=\"wp-block-heading\"><span class=\"ez-toc-section\" id=\"HEMATOLOGIA_E_HEMOTERAPIA\"><\/span><strong>HEMATOLOGIA E HEMOTERAPIA&nbsp;<\/strong><span class=\"ez-toc-section-end\"><\/span><\/h3>\n\n\n\n<figure class=\"wp-block-table\"><table class=\"has-fixed-layout\"><tbody><tr><td><strong>Institui\u00e7\u00e3o<\/strong><\/td><td><strong>Vagas AC<\/strong><\/td><\/tr><tr><td>Hospital de Base do Distrito Federal (HBDF)<\/td><td>2<\/td><\/tr><\/tbody><\/table><\/figure>\n\n\n\n<h3 class=\"wp-block-heading\"><span class=\"ez-toc-section\" id=\"MASTOLOGIA\"><\/span><strong>MASTOLOGIA<\/strong><span class=\"ez-toc-section-end\"><\/span><\/h3>\n\n\n\n<figure class=\"wp-block-table\"><table class=\"has-fixed-layout\"><tbody><tr><td><strong>Institui\u00e7\u00e3o<\/strong><\/td><td><strong>Vagas AC<\/strong><\/td><\/tr><tr><td>Hospital de Base do Distrito Federal (HBDF)<\/td><td>2<\/td><\/tr><\/tbody><\/table><\/figure>\n\n\n\n<h3 class=\"wp-block-heading\"><span class=\"ez-toc-section\" id=\"NEFROLOGIA\"><\/span><strong>NEFROLOGIA<\/strong><span class=\"ez-toc-section-end\"><\/span><\/h3>\n\n\n\n<figure class=\"wp-block-table\"><table class=\"has-fixed-layout\"><tbody><tr><td><strong>Institui\u00e7\u00e3o<\/strong><\/td><td><strong>Vagas AC<\/strong><\/td><td><strong>Vagas PCD<\/strong><\/td><\/tr><tr><td>Hospital de Base do Distrito Federal (HBDF)<\/td><td>3<\/td><td>1<\/td><\/tr><tr><td>Hospital Regional de Sobradinho (HRS)&nbsp;<\/td><td>2<\/td><td>\u2013<\/td><\/tr><tr><td>Hospital Regional de Taguatinga (HRT)<\/td><td>2<\/td><td>\u2013<\/td><\/tr><\/tbody><\/table><\/figure>\n\n\n\n<h3 class=\"wp-block-heading\"><span class=\"ez-toc-section\" id=\"PNEUMOLOGIA\"><\/span><strong>PNEUMOLOGIA<\/strong><span class=\"ez-toc-section-end\"><\/span><\/h3>\n\n\n\n<figure class=\"wp-block-table\"><table class=\"has-fixed-layout\"><tbody><tr><td><strong>Institui\u00e7\u00e3o<\/strong><\/td><td><strong>Vagas AC<\/strong><\/td><\/tr><tr><td>Hospital de Base do Distrito Federal (HBDF)<\/td><td>2<\/td><\/tr><tr><td>Hospital Regional da Asa Norte (HRAN)<\/td><td>2<\/td><\/tr><\/tbody><\/table><\/figure>\n\n\n\n<h3 class=\"wp-block-heading\"><span class=\"ez-toc-section\" id=\"REUMATOLOGIA\"><\/span><strong>REUMATOLOGIA<\/strong><span class=\"ez-toc-section-end\"><\/span><\/h3>\n\n\n\n<figure class=\"wp-block-table\"><table class=\"has-fixed-layout\"><tbody><tr><td><strong>Institui\u00e7\u00e3o<\/strong><\/td><td><strong>Vagas AC<\/strong><\/td><td><strong>Vagas PCD<\/strong><\/td><\/tr><tr><td>Hospital de Base do Distrito Federal (HBDF)<\/td><td>1<\/td><td>1<\/td><\/tr><\/tbody><\/table><\/figure>\n\n\n\n<h3 class=\"wp-block-heading\"><span class=\"ez-toc-section\" id=\"UROLOGIA\"><\/span><strong>UROLOGIA<\/strong><span class=\"ez-toc-section-end\"><\/span><\/h3>\n\n\n\n<figure class=\"wp-block-table\"><table class=\"has-fixed-layout\"><tbody><tr><td><strong>Institui\u00e7\u00e3o<\/strong><\/td><td><strong>Vagas AC<\/strong><\/td><td><strong>Vagas PCD<\/strong><\/td><\/tr><tr><td>Hospital de Base do Distrito Federal (HBDF)<\/td><td>1<\/td><td>1<\/td><\/tr><tr><td>Hospital Regional da Asa Norte (HRAN)<\/td><td>1<\/td><td>1<\/td><\/tr><\/tbody><\/table><\/figure>\n\n\n\n<h3 class=\"wp-block-heading\"><span class=\"ez-toc-section\" id=\"REPRODUCAO_ASSISTIDA\"><\/span><strong><br><\/strong><strong>REPRODU\u00c7\u00c3O ASSISTIDA<\/strong><span class=\"ez-toc-section-end\"><\/span><\/h3>\n\n\n\n<figure class=\"wp-block-table\"><table class=\"has-fixed-layout\"><tbody><tr><td><strong>Institui\u00e7\u00e3o<\/strong><\/td><td><strong>Vagas AC<\/strong><\/td><td><strong>Vagas PCD<\/strong><\/td><\/tr><tr><td>Hospital Materno-Infantil de Bras\u00edlia(HMIB)<\/td><td>1<\/td><td>1<\/td><\/tr><\/tbody><\/table><\/figure>\n\n\n\n<h3 class=\"wp-block-heading\"><span class=\"ez-toc-section\" id=\"ENDOSCOPIA\"><\/span><strong>ENDOSCOPIA<\/strong><span class=\"ez-toc-section-end\"><\/span><\/h3>\n\n\n\n<figure class=\"wp-block-table\"><table class=\"has-fixed-layout\"><tbody><tr><td><strong>Institui\u00e7\u00e3o<\/strong><\/td><td><strong>Vagas AC<\/strong><\/td><\/tr><tr><td>Hospital de Base do Distrito Federal (HBDF)&nbsp;<\/td><td>1<\/td><\/tr><\/tbody><\/table><\/figure>\n\n\n\n<h3 class=\"wp-block-heading\"><span class=\"ez-toc-section\" id=\"CIRURGIA_ONCOLOGICA-2\"><\/span><strong>CIRURGIA ONCOL\u00d3GICA<\/strong><span class=\"ez-toc-section-end\"><\/span><\/h3>\n\n\n\n<figure class=\"wp-block-table\"><table class=\"has-fixed-layout\"><tbody><tr><td><strong>Institui\u00e7\u00e3o<\/strong><\/td><td><strong>Vagas AC<\/strong><\/td><\/tr><tr><td>Hospital de Base do Distrito Federal (HBDF)&nbsp;<\/td><td>1<\/td><\/tr><\/tbody><\/table><\/figure>\n\n\n\n<h3 class=\"wp-block-heading\"><span class=\"ez-toc-section\" id=\"GERIATRIA\"><\/span><strong>GERIATRIA<\/strong><span class=\"ez-toc-section-end\"><\/span><\/h3>\n\n\n\n<figure class=\"wp-block-table\"><table class=\"has-fixed-layout\"><tbody><tr><td><strong>Institui\u00e7\u00e3o<\/strong><\/td><td><strong>Vagas AC<\/strong><\/td><td><strong>Vagas PCD<\/strong><\/td><\/tr><tr><td>Hospital de Base do Distrito Federal (HBDF)&nbsp;<\/td><td>2<\/td><td><\/td><\/tr><\/tbody><\/table><\/figure>\n\n\n\n<h3 class=\"wp-block-heading\"><span class=\"ez-toc-section\" id=\"ALERGIA_E_IMUNOLOGIA_PEDIATRICA\"><\/span><strong>ALERGIA E IMUNOLOGIA PEDI\u00c1TRICA<\/strong><span class=\"ez-toc-section-end\"><\/span><\/h3>\n\n\n\n<figure class=\"wp-block-table\"><table class=\"has-fixed-layout\"><tbody><tr><td><strong>Institui\u00e7\u00e3o<\/strong><\/td><td><strong>Vagas AC<\/strong><\/td><td><strong>Vagas PCD<\/strong><\/td><\/tr><tr><td>Hospital da Crian\u00e7a de Bras\u00edlia Jos\u00e9Alencar (HCB)<\/td><td>2<\/td><td>1<\/td><\/tr><tr><td>Hospital Materno-Infantil de Bras\u00edlia (HMIB)&nbsp;<\/td><td>2<\/td><td>\u2013<\/td><\/tr><\/tbody><\/table><\/figure>\n\n\n\n<h3 class=\"wp-block-heading\"><span class=\"ez-toc-section\" id=\"CIRURGIA_DO_TRAUMA\"><\/span><strong>CIRURGIA DO TRAUMA<\/strong><span class=\"ez-toc-section-end\"><\/span><\/h3>\n\n\n\n<figure class=\"wp-block-table\"><table class=\"has-fixed-layout\"><tbody><tr><td><strong>Institui\u00e7\u00e3o<\/strong><\/td><td><strong>Vagas AC<\/strong><\/td><\/tr><tr><td>Hospital de Base do Distrito Federal (HBDF)&nbsp;<\/td><td>2<\/td><\/tr><\/tbody><\/table><\/figure>\n\n\n\n<h3 class=\"wp-block-heading\"><span class=\"ez-toc-section\" id=\"ECOCARDIOGRAFIA\"><\/span><strong>ECOCARDIOGRAFIA<\/strong><span class=\"ez-toc-section-end\"><\/span><\/h3>\n\n\n\n<figure class=\"wp-block-table\"><table class=\"has-fixed-layout\"><tbody><tr><td><strong>Institui\u00e7\u00e3o<\/strong><\/td><td><strong>Vagas AC<\/strong><\/td><\/tr><tr><td>Hospital de Base do Distrito Federal (HBDF)<\/td><td>1<\/td><\/tr><\/tbody><\/table><\/figure>\n\n\n\n<h3 class=\"wp-block-heading\"><span class=\"ez-toc-section\" id=\"ELETROFISIOLOGIA_CLINICA_INVASIVA\"><\/span><strong>ELETROFISIOLOGIA CL\u00cdNICA INVASIVA<\/strong><span class=\"ez-toc-section-end\"><\/span><\/h3>\n\n\n\n<figure class=\"wp-block-table\"><table class=\"has-fixed-layout\"><tbody><tr><td><strong>Institui\u00e7\u00e3o<\/strong><\/td><td><strong>Vagas AC<\/strong><\/td><\/tr><tr><td>Hospital de Base do Distrito Federal (HBDF)<\/td><td>1<\/td><\/tr><\/tbody><\/table><\/figure>\n\n\n\n<h3 class=\"wp-block-heading\"><span class=\"ez-toc-section\" id=\"ENDOCRINOLOGIA_PEDIATRICA\"><\/span><strong>ENDOCRINOLOGIA PEDI\u00c1TRICA<\/strong><span class=\"ez-toc-section-end\"><\/span><\/h3>\n\n\n\n<figure class=\"wp-block-table\"><table class=\"has-fixed-layout\"><tbody><tr><td><strong>Institui\u00e7\u00e3o<\/strong><\/td><td><strong>Vagas AC<\/strong><\/td><td><strong>Vagas PCD<\/strong><\/td><\/tr><tr><td>Hospital da Crian\u00e7a de Bras\u00edlia Jos\u00e9 Alencar (HCB)<\/td><td>1<\/td><td>1<\/td><\/tr><\/tbody><\/table><\/figure>\n\n\n\n<h3 class=\"wp-block-heading\"><span class=\"ez-toc-section\" id=\"ENDOSCOPIA_GINECOLOGICA\"><\/span><strong>ENDOSCOPIA GINECOL\u00d3GICA&nbsp;<\/strong><span class=\"ez-toc-section-end\"><\/span><\/h3>\n\n\n\n<figure class=\"wp-block-table\"><table class=\"has-fixed-layout\"><tbody><tr><td><strong>Institui\u00e7\u00e3o<\/strong><\/td><td><strong>Vagas AC<\/strong><\/td><\/tr><tr><td>Hospital Materno-Infantil de Bras\u00edlia (HMIB)<\/td><td>2<\/td><\/tr><\/tbody><\/table><\/figure>\n\n\n\n<h3 class=\"wp-block-heading\"><span class=\"ez-toc-section\" id=\"ENDOSCOPIA_RESPIRATORIA_I\"><\/span><strong>ENDOSCOPIA RESPIRAT\u00d3RIA I<\/strong><span class=\"ez-toc-section-end\"><\/span><\/h3>\n\n\n\n<figure class=\"wp-block-table\"><table class=\"has-fixed-layout\"><tbody><tr><td><strong>Institui\u00e7\u00e3o<\/strong><\/td><td><strong>Vagas AC<\/strong><\/td><\/tr><tr><td>Hospital de Base do Distrito Federal (HBDF)<\/td><td>1<\/td><\/tr><\/tbody><\/table><\/figure>\n\n\n\n<h3 class=\"wp-block-heading\"><span class=\"ez-toc-section\" id=\"i\"><\/span>&nbsp;<span class=\"ez-toc-section-end\"><\/span><\/h3>\n\n\n\n<h3 class=\"wp-block-heading\"><span class=\"ez-toc-section\" id=\"ENDOSCOPIA_RESPIRATORIA_II\"><\/span><strong>ENDOSCOPIA RESPIRAT\u00d3RIA II<\/strong><span class=\"ez-toc-section-end\"><\/span><\/h3>\n\n\n\n<figure class=\"wp-block-table\"><table class=\"has-fixed-layout\"><tbody><tr><td><strong>Institui\u00e7\u00e3o<\/strong><\/td><td><strong>Vagas AC<\/strong><\/td><\/tr><tr><td>Hospital de Base do Distrito Federal (HBDF)<\/td><td>1<\/td><\/tr><\/tbody><\/table><\/figure>\n\n\n\n<h3 class=\"wp-block-heading\"><span class=\"ez-toc-section\" id=\"GASTROENTEROLOGIA_PEDIATRICA\"><\/span><strong>GASTROENTEROLOGIA PEDI\u00c1TRICA<\/strong><span class=\"ez-toc-section-end\"><\/span><\/h3>\n\n\n\n<figure class=\"wp-block-table\"><table class=\"has-fixed-layout\"><tbody><tr><td><strong>Institui\u00e7\u00e3o<\/strong><\/td><td><strong>Vagas AC<\/strong><\/td><td><strong>Vagas PCD<\/strong><\/td><\/tr><tr><td>Hospital da Crian\u00e7a de Bras\u00edlia Jos\u00e9 Alencar (HCB)&nbsp;<\/td><td>1<\/td><td>1<\/td><\/tr><\/tbody><\/table><\/figure>\n\n\n\n<h3 class=\"wp-block-heading\"><span class=\"ez-toc-section\" id=\"HEMATOLOGIA_E_HEMOTERAPIA_PEDIATRICA\"><\/span><strong>HEMATOLOGIA E HEMOTERAPIA PEDI\u00c1TRICA<\/strong><span class=\"ez-toc-section-end\"><\/span><\/h3>\n\n\n\n<figure class=\"wp-block-table\"><table class=\"has-fixed-layout\"><tbody><tr><td><strong>Institui\u00e7\u00e3o<\/strong><\/td><td><strong>Vagas AC<\/strong><\/td><td><strong>Vagas Negros<\/strong><\/td><\/tr><tr><td>Hospital da Crian\u00e7a de Bras\u00edlia Jos\u00e9 Alencar (HCB)&nbsp;<\/td><td>1<\/td><td>1<\/td><\/tr><\/tbody><\/table><\/figure>\n\n\n\n<h3 class=\"wp-block-heading\"><span class=\"ez-toc-section\" id=\"HEPATOLOGIA\"><\/span><strong>HEPATOLOGIA<\/strong><span class=\"ez-toc-section-end\"><\/span><\/h3>\n\n\n\n<figure class=\"wp-block-table\"><table class=\"has-fixed-layout\"><tbody><tr><td><strong>Institui\u00e7\u00e3o<\/strong><\/td><td><strong>Vagas AC<\/strong><\/td><\/tr><tr><td>Hospital \/ COREME<\/td><td>1<\/td><\/tr><\/tbody><\/table><\/figure>\n\n\n\n<h3 class=\"wp-block-heading\"><span class=\"ez-toc-section\" id=\"INFECTOLOGIA_PEDIATRICA\"><\/span><strong>INFECTOLOGIA PEDI\u00c1TRICA<\/strong><span class=\"ez-toc-section-end\"><\/span><\/h3>\n\n\n\n<figure class=\"wp-block-table\"><table class=\"has-fixed-layout\"><tbody><tr><td><strong>Institui\u00e7\u00e3o<\/strong><\/td><td><strong>Vagas AC<\/strong><\/td><\/tr><tr><td>Hospital Materno-Infantil de Bras\u00edlia (HMIB)<\/td><td>2<\/td><\/tr><\/tbody><\/table><\/figure>\n\n\n\n<h3 class=\"wp-block-heading\"><span class=\"ez-toc-section\" id=\"MEDICINA_FETAL\"><\/span><strong>MEDICINA FETAL<\/strong><span class=\"ez-toc-section-end\"><\/span><\/h3>\n\n\n\n<figure class=\"wp-block-table\"><table class=\"has-fixed-layout\"><tbody><tr><td><strong>Institui\u00e7\u00e3o<\/strong><\/td><td><strong>Vagas AC<\/strong><\/td><td><strong>Vagas PCD<\/strong><\/td><td><strong>Vagas Negros<\/strong><\/td><\/tr><tr><td>Hospital Materno-Infantil de Bras\u00edlia (HMIB<\/td><td>2<\/td><td>2<\/td><td>1<\/td><\/tr><\/tbody><\/table><\/figure>\n\n\n\n<h3 class=\"wp-block-heading\"><span class=\"ez-toc-section\" id=\"MEDICINA_INTENSIVA_PEDIATRICA\"><\/span><strong>MEDICINA INTENSIVA PEDI\u00c1TRICA<\/strong><span class=\"ez-toc-section-end\"><\/span><\/h3>\n\n\n\n<figure class=\"wp-block-table\"><table class=\"has-fixed-layout\"><tbody><tr><td><strong>Institui\u00e7\u00e3o<\/strong><\/td><td><strong>Vagas AC<\/strong><\/td><td><strong>Vagas PCD<\/strong><\/td><\/tr><tr><td>Hospital de Base do Distrito Federal (IGESDF)&nbsp;<\/td><td>2<\/td><td>\u2013<\/td><\/tr><tr><td>Hospital Materno-Infantil de Bras\u00edlia (HMIB)&nbsp;<\/td><td>2<\/td><td>1<\/td><\/tr><tr><td>Hospital da Crian\u00e7a de Bras\u00edlia Jos\u00e9 Alencar (HCB)&nbsp;<\/td><td>2<\/td><td>\u2013<\/td><\/tr><tr><td>Resid\u00eancia Integrada(COREME ESPDF\/SES)(*)<\/td><td>2<\/td><td>\u2013<\/td><\/tr><\/tbody><\/table><\/figure>\n\n\n\n<h3 class=\"wp-block-heading\"><span class=\"ez-toc-section\" id=\"MEDICINA_PALIATIVA\"><\/span><strong>MEDICINA PALIATIVA<\/strong><span class=\"ez-toc-section-end\"><\/span><\/h3>\n\n\n\n<figure class=\"wp-block-table\"><table class=\"has-fixed-layout\"><tbody><tr><td><strong>Institui\u00e7\u00e3o<\/strong><\/td><td><strong>Vagas AC<\/strong><\/td><td><strong>Vagas PCD<\/strong><\/td><\/tr><tr><td>Resid\u00eancia Integrada(COREME\/SES- DF)(*)<\/td><td>1<\/td><td>1<\/td><\/tr><\/tbody><\/table><\/figure>\n\n\n\n<h3 class=\"wp-block-heading\"><span class=\"ez-toc-section\" id=\"NEFROLOGIA_PEDIATRICA\"><\/span><strong>NEFROLOGIA PEDI\u00c1TRICA<\/strong><span class=\"ez-toc-section-end\"><\/span><\/h3>\n\n\n\n<figure class=\"wp-block-table\"><table class=\"has-fixed-layout\"><tbody><tr><td><strong>Institui\u00e7\u00e3o<\/strong><\/td><td><strong>Vagas AC<\/strong><\/td><td><strong>Vagas Negros<\/strong><\/td><\/tr><tr><td>Hospital da Crian\u00e7a de Bras\u00edlia Jos\u00e9 Alencar (HCB)<\/td><td>1<\/td><td>1<\/td><\/tr><\/tbody><\/table><\/figure>\n\n\n\n<h3 class=\"wp-block-heading\"><span class=\"ez-toc-section\" id=\"NEONATOLOGIA\"><\/span><strong>NEONATOLOGIA<\/strong><span class=\"ez-toc-section-end\"><\/span><\/h3>\n\n\n\n<figure class=\"wp-block-table\"><table class=\"has-fixed-layout\"><tbody><tr><td><strong>Institui\u00e7\u00e3o<\/strong><\/td><td><strong>Vagas AC<\/strong><\/td><td><strong>Vagas PCD<\/strong><\/td><\/tr><tr><td>Hospital Materno-Infantil de Bras\u00edlia (HMIB)<\/td><td>4<\/td><td>1<\/td><\/tr><tr><td>Hospital Regional de Taguatinga (HRT)<\/td><td>1<\/td><td>1<\/td><\/tr><\/tbody><\/table><\/figure>\n\n\n\n<h3 class=\"wp-block-heading\"><span class=\"ez-toc-section\" id=\"NEUROLOGIA_PEDIATRICA\"><\/span><strong>NEUROLOGIA PEDI\u00c1TRICA<\/strong><span class=\"ez-toc-section-end\"><\/span><\/h3>\n\n\n\n<figure class=\"wp-block-table\"><table class=\"has-fixed-layout\"><tbody><tr><td><strong>Institui\u00e7\u00e3o<\/strong><\/td><td><strong>Vagas AC<\/strong><\/td><td><strong>Vagas PCD<\/strong><\/td><\/tr><tr><td>Hospital da Crian\u00e7a de Bras\u00edlia Jos\u00e9 Alencar (HCB)<\/td><td>1<\/td><td>1<\/td><\/tr><\/tbody><\/table><\/figure>\n\n\n\n<h3 class=\"wp-block-heading\"><span class=\"ez-toc-section\" id=\"PNEUMOLOGIA_PEDIATRICA\"><\/span><strong>PNEUMOLOGIA PEDI\u00c1TRICA&nbsp;<\/strong><span class=\"ez-toc-section-end\"><\/span><\/h3>\n\n\n\n<figure class=\"wp-block-table\"><table class=\"has-fixed-layout\"><tbody><tr><td><strong>Institui\u00e7\u00e3o<\/strong><\/td><td><strong>Vagas AC<\/strong><\/td><td><strong>Vagas Negros<\/strong><\/td><\/tr><tr><td>Hospital da Crian\u00e7a de Bras\u00edlia Jos\u00e9 Alencar (HCB)<\/td><td>1<\/td><td>1<\/td><\/tr><\/tbody><\/table><\/figure>\n\n\n\n<h3 class=\"wp-block-heading\"><span class=\"ez-toc-section\" id=\"PSICOGERIATRIA\"><\/span><strong>PSICOGERIATRIA<\/strong><span class=\"ez-toc-section-end\"><\/span><\/h3>\n\n\n\n<figure class=\"wp-block-table\"><table class=\"has-fixed-layout\"><tbody><tr><td><strong>Institui\u00e7\u00e3o<\/strong><\/td><td><strong>Vagas AC<\/strong><\/td><td><strong>Vagas PCD<\/strong><\/td><td><strong>Vagas Negros<\/strong><\/td><\/tr><tr><td>Resid\u00eancia Integrada(COREME ESPDF\/SES)(*)<\/td><td>1<\/td><td>1<\/td><td>1<\/td><\/tr><\/tbody><\/table><\/figure>\n\n\n\n<h3 class=\"wp-block-heading\"><span class=\"ez-toc-section\" id=\"_PSICOTERAPIA\"><\/span><strong>&nbsp;PSICOTERAPIA<\/strong><span class=\"ez-toc-section-end\"><\/span><\/h3>\n\n\n\n<figure class=\"wp-block-table\"><table class=\"has-fixed-layout\"><tbody><tr><td><strong>Institui\u00e7\u00e3o<\/strong><\/td><td><strong>Vagas AC<\/strong><\/td><\/tr><tr><td>Hospital S\u00e3o Vicente de Paulo (HSVP)<\/td><td>1<\/td><\/tr><\/tbody><\/table><\/figure>\n\n\n\n<h3 class=\"wp-block-heading\"><span class=\"ez-toc-section\" id=\"PSIQUIATRIA_DA_INFANCIA_E_ADOLESCENCIA\"><\/span><strong>PSIQUIATRIA DA INF\u00c2NCIA E ADOLESC\u00caNCIA<\/strong><span class=\"ez-toc-section-end\"><\/span><\/h3>\n\n\n\n<figure class=\"wp-block-table\"><table class=\"has-fixed-layout\"><tbody><tr><td><strong>Institui\u00e7\u00e3o<\/strong><\/td><td><strong>Vagas AC<\/strong><\/td><td><strong>Vagas PCD<\/strong><\/td><td><strong>Vagas Negros<\/strong><\/td><\/tr><tr><td>Resid\u00eancia Integrada(COREME\/SES- DF)(*)<\/td><td>1<\/td><td>1<\/td><td>1<\/td><\/tr><\/tbody><\/table><\/figure>\n\n\n\n<h3 class=\"wp-block-heading\"><span class=\"ez-toc-section\" id=\"REUMATOLOGIA_PEDIATRICA\"><\/span><strong>REUMATOLOGIA PEDI\u00c1TRICA<\/strong><span class=\"ez-toc-section-end\"><\/span><\/h3>\n\n\n\n<figure class=\"wp-block-table\"><table class=\"has-fixed-layout\"><tbody><tr><td><strong>Institui\u00e7\u00e3o<\/strong><\/td><td><strong>Vagas AC<\/strong><\/td><td><strong>Vagas Negros<\/strong><\/td><\/tr><tr><td>Hospital da Crian\u00e7a de Bras\u00edlia Jos\u00e9 Alencar (HCB)<\/td><td>1<\/td><td>1<\/td><\/tr><\/tbody><\/table><\/figure>\n\n\n\n<h3 class=\"wp-block-heading\"><span class=\"ez-toc-section\" id=\"TRANSPLANTE_RENAL\"><\/span><strong>TRANSPLANTE RENAL<\/strong><span class=\"ez-toc-section-end\"><\/span><\/h3>\n\n\n\n<figure class=\"wp-block-table\"><table class=\"has-fixed-layout\"><tbody><tr><td><strong>Institui\u00e7\u00e3o<\/strong><\/td><td><strong>Vagas AC<\/strong><\/td><\/tr><tr><td>Hospital de Base do Distrito Federal (HBDF)<\/td><td>2<\/td><\/tr><\/tbody><\/table><\/figure>\n\n\n\n<h3 class=\"wp-block-heading\"><span class=\"ez-toc-section\" id=\"MEDICINA_DO_SONO\"><\/span><strong>MEDICINA DO SONO<\/strong><span class=\"ez-toc-section-end\"><\/span><\/h3>\n\n\n\n<figure class=\"wp-block-table\"><table class=\"has-fixed-layout\"><tbody><tr><td><strong>Institui\u00e7\u00e3o<\/strong><\/td><td><strong>Vagas AC<\/strong><\/td><\/tr><tr><td>Hospital de Base do Distrito Federal (HBDF)<\/td><td>1<\/td><\/tr><\/tbody><\/table><\/figure>\n\n\n\n<h3 class=\"wp-block-heading\"><span class=\"ez-toc-section\" id=\"ORTOPEDIA_E_TRAUMATOLOGIA_%E2%80%93_R4_CIRURGIA_DA_COLUNA\"><\/span><strong>ORTOPEDIA E TRAUMATOLOGIA \u2013 R4 CIRURGIA DA COLUNA<\/strong><span class=\"ez-toc-section-end\"><\/span><\/h3>\n\n\n\n<figure class=\"wp-block-table\"><table class=\"has-fixed-layout\"><tbody><tr><td><strong>Institui\u00e7\u00e3o<\/strong><\/td><td><strong>Vagas AC<\/strong><\/td><\/tr><tr><td>Hospital Regional da Asa Norte(HRAN)<\/td><td>1<\/td><\/tr><\/tbody><\/table><\/figure>\n\n\n\n<h2 class=\"wp-block-heading\" id=\"h-vagas-oferecidas-pelas-instituicoes-participantes-do-ses-df\"><span class=\"ez-toc-section\" id=\"Vagas_oferecidas_pelas_instituicoes_participantes_do_SES-DF\"><\/span><strong>Vagas oferecidas pelas institui\u00e7\u00f5es participantes do SES-DF<\/strong><span class=\"ez-toc-section-end\"><\/span><\/h2>\n\n\n\n<ul class=\"wp-block-list\">\n<li>Escola de Governo (FIOCRUZ Bras\u00edlia);<\/li>\n\n\n\n<li>Hospital da Regi\u00e3o Leste;<\/li>\n\n\n\n<li>Hospital Materno-Infantil de Bras\u00edlia (HMIB);<\/li>\n\n\n\n<li>Hospital Regional da Asa Norte (HRAN);<\/li>\n\n\n\n<li>Hospital Regional de Taguatinga (HRT);<\/li>\n\n\n\n<li>Hospital Regional de Sobradinho (HRS);<\/li>\n\n\n\n<li>Hospital Regional do Gama (HRG);<\/li>\n\n\n\n<li>Hospital Regional de Ceil\u00e2ndia (HRC);<\/li>\n\n\n\n<li>Hospital Regional do Parano\u00e1 (HRPa);<\/li>\n\n\n\n<li>Hospital Regional de Santa Maria (HRSM);<\/li>\n\n\n\n<li>Hospital S\u00e3o Vicente de Paulo (HSVP);<\/li>\n\n\n\n<li>Hospital da Crian\u00e7a de Bras\u00edlia Jos\u00e9 Alencar (HCB);<\/li>\n\n\n\n<li>Hospital de Base do Distrito Federal (IGESDF); e<\/li>\n\n\n\n<li>COREME da SES-DF (Resid\u00eancia M\u00e9dica Integrada).<\/li>\n<\/ul>\n\n\n\n<h2 class=\"wp-block-heading\" id=\"h-resultado-preliminar-1\u00aa-fase-ses-df-2025\"><span class=\"ez-toc-section\" id=\"Resultado_Preliminar_1a_fase_SES-DF_2025\"><\/span><strong>Resultado Preliminar 1\u00aa fase<\/strong> <strong>SES-DF 2025<\/strong><span class=\"ez-toc-section-end\"><\/span><\/h2>\n\n\n\n<p>A <strong>Secretaria de Estado de Sa\u00fade do Distrito Federal (SES-DF)<\/strong> divulgou no dia 22 de janeiro, o <strong>resultado preliminar<\/strong> <strong>da primeira fase<\/strong> do processo seletivo. Veja:<\/p>\n\n\n\n<div class=\"wp-block-buttons is-layout-flex wp-block-buttons-is-layout-flex\">\n<div class=\"wp-block-button\"><a class=\"wp-block-button__link wp-element-button\" href=\"https:\/\/www.grupomedcof.com.br\/blog\/wp-content\/uploads\/2025\/12\/Resultado-SES-DF-2026.pdf\" target=\"_blank\" rel=\"noreferrer noopener\">Resultado Preliminar 1\u00aa fase &#8211; SES-DF 2026 <\/a><\/div>\n<\/div>\n\n\n\n<p>Os candidatos puderam&nbsp;<strong>interpor recursos<\/strong>&nbsp;contra o resultado preliminar a partir das&nbsp;<strong>13h do dia 22 at\u00e9 \u00e0s 18h de 23 de janeiro de 2026<\/strong>, atrav\u00e9s do site do <a href=\"https:\/\/www.iades.com.br\/inscricao\/ProcessoSeletivo.aspx?id=b9aea88e84\" target=\"_blank\" rel=\"noreferrer noopener\">IADES.<\/a> <\/p>\n\n\n\n<h2 class=\"wp-block-heading\" id=\"h-resultado-final-ses-df-2026\"><span class=\"ez-toc-section\" id=\"Resultado_Final_SES-DF_2026\"><\/span><strong>Resultado Final SES-DF 2026<\/strong><span class=\"ez-toc-section-end\"><\/span><\/h2>\n\n\n\n<p>O resultado final da primeira fase foi divulgado no dia <strong>26 de janeiro de 2026.<\/strong> Essa fase foi composta pela <strong>prova objetiva<\/strong>&nbsp;e pela&nbsp;<strong>avalia\u00e7\u00e3o curricular<\/strong>.<\/p>\n\n\n\n<div class=\"wp-block-buttons is-layout-flex wp-block-buttons-is-layout-flex\">\n<div class=\"wp-block-button\"><a class=\"wp-block-button__link wp-element-button\" href=\"https:\/\/www.grupomedcof.com.br\/blog\/wp-content\/uploads\/2026\/01\/Resultado-1a-fase-SES-DF-2026_compressed.pdf\" target=\"_blank\" rel=\"noreferrer noopener\">Resultado <strong>1\u00aa fase<\/strong><\/a><\/div>\n\n\n\n<div class=\"wp-block-button\"><a class=\"wp-block-button__link wp-element-button\" href=\"https:\/\/www.grupomedcof.com.br\/blog\/wp-content\/uploads\/2026\/01\/2026012742527341.pdf\" target=\"_blank\" rel=\"noreferrer noopener\">Comunicado Escolha dos cen\u00e1rios<\/a><\/div>\n<\/div>\n\n\n\n<p>Na segunda fase, os candidatos aprovados poder\u00e3o&nbsp;<strong>escolher a institui\u00e7\u00e3o<\/strong>&nbsp;entre os dias&nbsp;<strong>29 e 31 de janeiro de 2026<\/strong>. A&nbsp;<strong>rela\u00e7\u00e3o final<\/strong>&nbsp;dos candidatos classificados ser\u00e1 divulgada no dia&nbsp;<strong>3 de fevereiro de 2026<\/strong>.<\/p>\n\n\n\n<h2 class=\"wp-block-heading\" id=\"h-escolha-dos-cenarios-de-ensino\"><span class=\"ez-toc-section\" id=\"Escolha_dos_cenarios_de_ensino\"><\/span><strong>Escolha dos cen\u00e1rios de ensino<\/strong><span class=\"ez-toc-section-end\"><\/span><\/h2>\n\n\n\n<p>Na segunda fase, os candidatos aprovados poder\u00e3o&nbsp;<strong>escolher a institui\u00e7\u00e3o<\/strong>&nbsp;entre os dias&nbsp;<strong>29 e 31 de janeiro de 2026<\/strong>. <\/p>\n\n\n\n<div class=\"wp-block-buttons is-content-justification-center is-layout-flex wp-container-core-buttons-is-layout-16018d1d wp-block-buttons-is-layout-flex\">\n<div class=\"wp-block-button\"><a class=\"wp-block-button__link wp-element-button\" href=\"https:\/\/www.iades.com.br\/inscricao\/Login.aspx\" target=\"_blank\" rel=\"noreferrer noopener\">\u00c1rea do Candidato<\/a><\/div>\n<\/div>\n\n\n\n<h2 class=\"wp-block-heading\" id=\"h-quantidade-de-opcoes-e-definicao-de-cenario-de-ensino\"><span class=\"ez-toc-section\" id=\"Quantidade_de_opcoes_e_definicao_de_cenario_de_ensino\"><\/span><strong>Quantidade de op\u00e7\u00f5es e defini\u00e7\u00e3o de cen\u00e1rio de ensino<\/strong><span class=\"ez-toc-section-end\"><\/span><\/h2>\n\n\n\n<p>Cada candidato poder\u00e1 escolher <strong>duas op\u00e7\u00f5es de cen\u00e1rio de ensino<\/strong>, de acordo com o programa escolhido no ato da inscri\u00e7\u00e3o e conforme a disponibilidade de vagas.<\/p>\n\n\n\n<p>\u00c9 considerado como cen\u00e1rio de ensino a&nbsp;<strong>COREME<\/strong>, o&nbsp;<strong>hospital<\/strong>&nbsp;ou a&nbsp;<strong>unidade de sa\u00fade<\/strong>&nbsp;onde se encontra inserido o programa de resid\u00eancia m\u00e9dica, conforme os subitens 2.4 e 2.5 do edital. <\/p>\n\n\n\n<h2 class=\"wp-block-heading\" id=\"h-selecao-final-e-divulgacao-dos-resultados\"><span class=\"ez-toc-section\" id=\"Selecao_final_e_divulgacao_dos_resultados\"><\/span><strong>Sele\u00e7\u00e3o final e divulga\u00e7\u00e3o dos resultados<\/strong><span class=\"ez-toc-section-end\"><\/span><\/h2>\n\n\n\n<p>O&nbsp;sistema selecionou automaticamente os candidatos&nbsp;<strong>mais bem classificados<\/strong>&nbsp;em cada programa de resid\u00eancia m\u00e9dica ou COREME, com base na pontua\u00e7\u00e3o final e nas escolhas de cen\u00e1rio, incluindo a pontua\u00e7\u00e3o adicional referente ao PRMGFC.<\/p>\n\n\n\n<p>A&nbsp;<strong>lista final de classificados<\/strong>&nbsp;foi divulgada no&nbsp;<strong>dia 3 de fevereiro de 2026<\/strong>, no site do&nbsp;<strong>IADES<\/strong>.&nbsp;<\/p>\n\n\n\n<div class=\"wp-block-buttons is-layout-flex wp-block-buttons-is-layout-flex\">\n<div class=\"wp-block-button\"><a class=\"wp-block-button__link wp-element-button\" href=\"https:\/\/www.grupomedcof.com.br\/blog\/wp-content\/uploads\/2026\/01\/Resultado-Final-SES-DF-2026.pdf\" target=\"_blank\" rel=\"noreferrer noopener\">Resultado Final SES-DF 2026<\/a><\/div>\n<\/div>\n\n\n\n<h2 class=\"wp-block-heading\" id=\"h-concorrencia-ses-df-2026\"><span class=\"ez-toc-section\" id=\"Concorrencia_SES-DF_2026\"><\/span><strong>Concorr\u00eancia SES-DF 2026<\/strong><span class=\"ez-toc-section-end\"><\/span><\/h2>\n\n\n\n<p>Nesta edi\u00e7\u00e3o, o processo seletivo da SES-DF contou com <strong>6.570 candidatos<\/strong> para <strong>574 vagas ofertadas<\/strong>, acarretando em uma rela\u00e7\u00e3o geral de <strong>11,44<\/strong>. <\/p>\n\n\n\n<figure class=\"wp-block-table\"><table class=\"has-fixed-layout\"><tbody><tr><td class=\"has-text-align-center\" data-align=\"center\"><strong>Especialidades<\/strong><\/td><td class=\"has-text-align-right\" data-align=\"right\"><strong>Inscritos<\/strong><\/td><td class=\"has-text-align-right\" data-align=\"right\"><strong>Vagas<\/strong><\/td><td class=\"has-text-align-right\" data-align=\"right\"><strong>Concorr\u00eancia 2026<\/strong><\/td><\/tr><tr><td>Acupuntura<\/td><td class=\"has-text-align-right\" data-align=\"right\">6<\/td><td class=\"has-text-align-right\" data-align=\"right\">2<\/td><td class=\"has-text-align-right\" data-align=\"right\">3<\/td><\/tr><tr><td>Anestesiologia<\/td><td class=\"has-text-align-right\" data-align=\"right\">475<\/td><td class=\"has-text-align-right\" data-align=\"right\">23<\/td><td class=\"has-text-align-right\" data-align=\"right\">20,65<\/td><\/tr><tr><td>Cirurgia Geral<\/td><td class=\"has-text-align-right\" data-align=\"right\">759<\/td><td class=\"has-text-align-right\" data-align=\"right\">36<\/td><td class=\"has-text-align-right\" data-align=\"right\">21,08<\/td><\/tr><tr><td>Cl\u00ednica M\u00e9dica<\/td><td class=\"has-text-align-right\" data-align=\"right\">830<\/td><td class=\"has-text-align-right\" data-align=\"right\">77<\/td><td class=\"has-text-align-right\" data-align=\"right\">10,78<\/td><\/tr><tr><td>Dermatologia<\/td><td class=\"has-text-align-right\" data-align=\"right\">230<\/td><td class=\"has-text-align-right\" data-align=\"right\">4<\/td><td class=\"has-text-align-right\" data-align=\"right\">57,5<\/td><\/tr><tr><td>Gen\u00e9tica M\u00e9dica<\/td><td class=\"has-text-align-right\" data-align=\"right\">21<\/td><td class=\"has-text-align-right\" data-align=\"right\">2<\/td><td class=\"has-text-align-right\" data-align=\"right\">10,5<\/td><\/tr><tr><td>Infectologia<\/td><td class=\"has-text-align-right\" data-align=\"right\">37<\/td><td class=\"has-text-align-right\" data-align=\"right\">4<\/td><td class=\"has-text-align-right\" data-align=\"right\">9,25<\/td><\/tr><tr><td>Medicina de Fam\u00edlia e Comunidade<\/td><td class=\"has-text-align-right\" data-align=\"right\">430<\/td><td class=\"has-text-align-right\" data-align=\"right\">56<\/td><td class=\"has-text-align-right\" data-align=\"right\">7,68<\/td><\/tr><tr><td>Medicina do Trabalho<\/td><td class=\"has-text-align-right\" data-align=\"right\">28<\/td><td class=\"has-text-align-right\" data-align=\"right\">2<\/td><td class=\"has-text-align-right\" data-align=\"right\">14<\/td><\/tr><tr><td>Neurocirurgia<\/td><td class=\"has-text-align-right\" data-align=\"right\">93<\/td><td class=\"has-text-align-right\" data-align=\"right\">3<\/td><td class=\"has-text-align-right\" data-align=\"right\">31<\/td><\/tr><tr><td>Neurologia<\/td><td class=\"has-text-align-right\" data-align=\"right\">159<\/td><td class=\"has-text-align-right\" data-align=\"right\">8<\/td><td class=\"has-text-align-right\" data-align=\"right\">19,88<\/td><\/tr><tr><td>Obstetr\u00edcia e Ginecologia<\/td><td class=\"has-text-align-right\" data-align=\"right\">610<\/td><td class=\"has-text-align-right\" data-align=\"right\">35<\/td><td class=\"has-text-align-right\" data-align=\"right\">17,43<\/td><\/tr><tr><td>Oftalmologia<\/td><td class=\"has-text-align-right\" data-align=\"right\">302<\/td><td class=\"has-text-align-right\" data-align=\"right\">10<\/td><td class=\"has-text-align-right\" data-align=\"right\">30,2<\/td><\/tr><tr><td>Ortopedia e Traumatologia<\/td><td class=\"has-text-align-right\" data-align=\"right\">388<\/td><td class=\"has-text-align-right\" data-align=\"right\">32<\/td><td class=\"has-text-align-right\" data-align=\"right\">12,13<\/td><\/tr><tr><td>Otorrinolaringologia<\/td><td class=\"has-text-align-right\" data-align=\"right\">143<\/td><td class=\"has-text-align-right\" data-align=\"right\">2<\/td><td class=\"has-text-align-right\" data-align=\"right\">71,5<\/td><\/tr><tr><td>Patologia<\/td><td class=\"has-text-align-right\" data-align=\"right\">44<\/td><td class=\"has-text-align-right\" data-align=\"right\">3<\/td><td class=\"has-text-align-right\" data-align=\"right\">14,67<\/td><\/tr><tr><td>Pediatria<\/td><td class=\"has-text-align-right\" data-align=\"right\">576<\/td><td class=\"has-text-align-right\" data-align=\"right\">49<\/td><td class=\"has-text-align-right\" data-align=\"right\">11,76<\/td><\/tr><tr><td>Psiquiatria<\/td><td class=\"has-text-align-right\" data-align=\"right\">419<\/td><td class=\"has-text-align-right\" data-align=\"right\">16<\/td><td class=\"has-text-align-right\" data-align=\"right\">26,19<\/td><\/tr><tr><td>Radiologia e Diagn\u00f3stico por Imagem<\/td><td class=\"has-text-align-right\" data-align=\"right\">156<\/td><td class=\"has-text-align-right\" data-align=\"right\">8<\/td><td class=\"has-text-align-right\" data-align=\"right\">19,5<\/td><\/tr><tr><td>Medicina de Emerg\u00eancia<\/td><td class=\"has-text-align-right\" data-align=\"right\">52<\/td><td class=\"has-text-align-right\" data-align=\"right\">24<\/td><td class=\"has-text-align-right\" data-align=\"right\">2,17<\/td><\/tr><tr><td>Medicina F\u00edsica e Reabilita\u00e7\u00e3o<\/td><td class=\"has-text-align-right\" data-align=\"right\">15<\/td><td class=\"has-text-align-right\" data-align=\"right\">2<\/td><td class=\"has-text-align-right\" data-align=\"right\">7,5<\/td><\/tr><tr><td>Medicina Preventiva e Social<\/td><td class=\"has-text-align-right\" data-align=\"right\">5<\/td><td class=\"has-text-align-right\" data-align=\"right\">2<\/td><td class=\"has-text-align-right\" data-align=\"right\">2,5<\/td><\/tr><tr><td>Medicina Intensiva<\/td><td class=\"has-text-align-right\" data-align=\"right\">76<\/td><td class=\"has-text-align-right\" data-align=\"right\">8<\/td><td class=\"has-text-align-right\" data-align=\"right\">9,5<\/td><\/tr><tr><td>Cirurgia Card\u00edaca<\/td><td class=\"has-text-align-right\" data-align=\"right\">11<\/td><td class=\"has-text-align-right\" data-align=\"right\">1<\/td><td class=\"has-text-align-right\" data-align=\"right\">11<\/td><\/tr><tr><td>Oncologia Cl\u00ednica<\/td><td class=\"has-text-align-right\" data-align=\"right\">35<\/td><td class=\"has-text-align-right\" data-align=\"right\">9<\/td><td class=\"has-text-align-right\" data-align=\"right\">3,89<\/td><\/tr><tr><td>Oncologia Pedi\u00e1trica<\/td><td class=\"has-text-align-right\" data-align=\"right\">1<\/td><td class=\"has-text-align-right\" data-align=\"right\">2<\/td><td class=\"has-text-align-right\" data-align=\"right\">0,5<\/td><\/tr><tr><td>Cardiologia<\/td><td class=\"has-text-align-right\" data-align=\"right\">44<\/td><td class=\"has-text-align-right\" data-align=\"right\">14<\/td><td class=\"has-text-align-right\" data-align=\"right\">3,14<\/td><\/tr><tr><td>Cirurgia do Aparelho Digestivo<\/td><td class=\"has-text-align-right\" data-align=\"right\">11<\/td><td class=\"has-text-align-right\" data-align=\"right\">3<\/td><td class=\"has-text-align-right\" data-align=\"right\">3,67<\/td><\/tr><tr><td>Cirurgia Pedi\u00e1trica<\/td><td class=\"has-text-align-right\" data-align=\"right\">16<\/td><td class=\"has-text-align-right\" data-align=\"right\">2<\/td><td class=\"has-text-align-right\" data-align=\"right\">8<\/td><\/tr><tr><td>Cirurgia Pl\u00e1stica<\/td><td class=\"has-text-align-right\" data-align=\"right\">70<\/td><td class=\"has-text-align-right\" data-align=\"right\">2<\/td><td class=\"has-text-align-right\" data-align=\"right\">35<\/td><\/tr><tr><td>Cirurgia Tor\u00e1cica<\/td><td class=\"has-text-align-right\" data-align=\"right\">5<\/td><td class=\"has-text-align-right\" data-align=\"right\">1<\/td><td class=\"has-text-align-right\" data-align=\"right\">5<\/td><\/tr><tr><td>Cirurgia Vascular<\/td><td class=\"has-text-align-right\" data-align=\"right\">24<\/td><td class=\"has-text-align-right\" data-align=\"right\">3<\/td><td class=\"has-text-align-right\" data-align=\"right\">8<\/td><\/tr><tr><td>Coloproctologia<\/td><td class=\"has-text-align-right\" data-align=\"right\">21<\/td><td class=\"has-text-align-right\" data-align=\"right\">2<\/td><td class=\"has-text-align-right\" data-align=\"right\">10,5<\/td><\/tr><tr><td>Endocrinologia<\/td><td class=\"has-text-align-right\" data-align=\"right\">85<\/td><td class=\"has-text-align-right\" data-align=\"right\">8<\/td><td class=\"has-text-align-right\" data-align=\"right\">10,63<\/td><\/tr><tr><td>Gastroenterologia<\/td><td class=\"has-text-align-right\" data-align=\"right\">41<\/td><td class=\"has-text-align-right\" data-align=\"right\">5<\/td><td class=\"has-text-align-right\" data-align=\"right\">8,2<\/td><\/tr><tr><td>Hematologia e Hemoterapia<\/td><td class=\"has-text-align-right\" data-align=\"right\">12<\/td><td class=\"has-text-align-right\" data-align=\"right\">2<\/td><td class=\"has-text-align-right\" data-align=\"right\">6<\/td><\/tr><tr><td>Mastologia<\/td><td class=\"has-text-align-right\" data-align=\"right\">5<\/td><td class=\"has-text-align-right\" data-align=\"right\">2<\/td><td class=\"has-text-align-right\" data-align=\"right\">2,5<\/td><\/tr><tr><td>Nefrologia<\/td><td class=\"has-text-align-right\" data-align=\"right\">18<\/td><td class=\"has-text-align-right\" data-align=\"right\">10<\/td><td class=\"has-text-align-right\" data-align=\"right\">1,8<\/td><\/tr><tr><td>Pneumologia<\/td><td class=\"has-text-align-right\" data-align=\"right\">19<\/td><td class=\"has-text-align-right\" data-align=\"right\">6<\/td><td class=\"has-text-align-right\" data-align=\"right\">3,17<\/td><\/tr><tr><td>Reumatologia<\/td><td class=\"has-text-align-right\" data-align=\"right\">6<\/td><td class=\"has-text-align-right\" data-align=\"right\">3<\/td><td class=\"has-text-align-right\" data-align=\"right\">2<\/td><\/tr><tr><td>Urologia<\/td><td class=\"has-text-align-right\" data-align=\"right\">16<\/td><td class=\"has-text-align-right\" data-align=\"right\">4<\/td><td class=\"has-text-align-right\" data-align=\"right\">4<\/td><\/tr><tr><td>Reprodu\u00e7\u00e3o Assistida<\/td><td class=\"has-text-align-right\" data-align=\"right\">14<\/td><td class=\"has-text-align-right\" data-align=\"right\">4<\/td><td class=\"has-text-align-right\" data-align=\"right\">3,5<\/td><\/tr><tr><td>Endoscopia<\/td><td class=\"has-text-align-right\" data-align=\"right\">12<\/td><td class=\"has-text-align-right\" data-align=\"right\">2<\/td><td class=\"has-text-align-right\" data-align=\"right\">6<\/td><\/tr><tr><td>Cirurgia Oncol\u00f3gica<\/td><td class=\"has-text-align-right\" data-align=\"right\">2<\/td><td class=\"has-text-align-right\" data-align=\"right\">2<\/td><td class=\"has-text-align-right\" data-align=\"right\">1<\/td><\/tr><tr><td>Geriatria<\/td><td class=\"has-text-align-right\" data-align=\"right\">33<\/td><td class=\"has-text-align-right\" data-align=\"right\">2<\/td><td class=\"has-text-align-right\" data-align=\"right\">16,5<\/td><\/tr><tr><td>Alergia e Imunologia Pedi\u00e1trica<\/td><td class=\"has-text-align-right\" data-align=\"right\">12<\/td><td class=\"has-text-align-right\" data-align=\"right\">6<\/td><td class=\"has-text-align-right\" data-align=\"right\">2<\/td><\/tr><tr><td>Cirurgia do Trauma<\/td><td class=\"has-text-align-right\" data-align=\"right\">1<\/td><td class=\"has-text-align-right\" data-align=\"right\">2<\/td><td class=\"has-text-align-right\" data-align=\"right\">0,5<\/td><\/tr><tr><td>Ecocardiografia<\/td><td class=\"has-text-align-right\" data-align=\"right\">9<\/td><td class=\"has-text-align-right\" data-align=\"right\">3<\/td><td class=\"has-text-align-right\" data-align=\"right\">3<\/td><\/tr><tr><td>Eletrofisiologia Cl\u00ednica Invasiva<\/td><td class=\"has-text-align-right\" data-align=\"right\">3<\/td><td class=\"has-text-align-right\" data-align=\"right\">1<\/td><td class=\"has-text-align-right\" data-align=\"right\">3<\/td><\/tr><tr><td>Endocrinologia Pedi\u00e1trica<\/td><td class=\"has-text-align-right\" data-align=\"right\">19<\/td><td class=\"has-text-align-right\" data-align=\"right\">3<\/td><td class=\"has-text-align-right\" data-align=\"right\">6,33<\/td><\/tr><tr><td>Endoscopia Ginecol\u00f3gica<\/td><td class=\"has-text-align-right\" data-align=\"right\">9<\/td><td class=\"has-text-align-right\" data-align=\"right\">2<\/td><td class=\"has-text-align-right\" data-align=\"right\">4,5<\/td><\/tr><tr><td>Endoscopia Respirat\u00f3ria I<\/td><td class=\"has-text-align-right\" data-align=\"right\">3<\/td><td class=\"has-text-align-right\" data-align=\"right\">1<\/td><td class=\"has-text-align-right\" data-align=\"right\">3<\/td><\/tr><tr><td>Endoscopia Respirat\u00f3ria II<\/td><td class=\"has-text-align-right\" data-align=\"right\">1<\/td><td class=\"has-text-align-right\" data-align=\"right\">1<\/td><td class=\"has-text-align-right\" data-align=\"right\">1<\/td><\/tr><tr><td>Gastroenterologia Pedi\u00e1trica<\/td><td class=\"has-text-align-right\" data-align=\"right\">12<\/td><td class=\"has-text-align-right\" data-align=\"right\">3<\/td><td class=\"has-text-align-right\" data-align=\"right\">4<\/td><\/tr><tr><td>Hematologia e Hemoterapia Pedi\u00e1trica<\/td><td class=\"has-text-align-right\" data-align=\"right\">4<\/td><td class=\"has-text-align-right\" data-align=\"right\">2<\/td><td class=\"has-text-align-right\" data-align=\"right\">2<\/td><\/tr><tr><td>Hepatologia<\/td><td class=\"has-text-align-right\" data-align=\"right\">3<\/td><td class=\"has-text-align-right\" data-align=\"right\">1<\/td><td class=\"has-text-align-right\" data-align=\"right\">3<\/td><\/tr><tr><td>Infectologia Pedi\u00e1trica<\/td><td class=\"has-text-align-right\" data-align=\"right\">1<\/td><td class=\"has-text-align-right\" data-align=\"right\">2<\/td><td class=\"has-text-align-right\" data-align=\"right\">0,5<\/td><\/tr><tr><td>Medicina Fetal<\/td><td class=\"has-text-align-right\" data-align=\"right\">7<\/td><td class=\"has-text-align-right\" data-align=\"right\">4<\/td><td class=\"has-text-align-right\" data-align=\"right\">1,75<\/td><\/tr><tr><td>Medicina Intensiva Pedi\u00e1trica<\/td><td class=\"has-text-align-right\" data-align=\"right\">6<\/td><td class=\"has-text-align-right\" data-align=\"right\">10<\/td><td class=\"has-text-align-right\" data-align=\"right\">0,6<\/td><\/tr><tr><td>Medicina Paliativa<\/td><td class=\"has-text-align-right\" data-align=\"right\">25<\/td><td class=\"has-text-align-right\" data-align=\"right\">3<\/td><td class=\"has-text-align-right\" data-align=\"right\">8,33<\/td><\/tr><tr><td>Nefrologia Pedi\u00e1trica<\/td><td class=\"has-text-align-right\" data-align=\"right\">3<\/td><td class=\"has-text-align-right\" data-align=\"right\">2<\/td><td class=\"has-text-align-right\" data-align=\"right\">1,5<\/td><\/tr><tr><td>Neonatologia<\/td><td class=\"has-text-align-right\" data-align=\"right\">12<\/td><td class=\"has-text-align-right\" data-align=\"right\">10<\/td><td class=\"has-text-align-right\" data-align=\"right\">1,2<\/td><\/tr><tr><td>Neurologia Pedi\u00e1trica<\/td><td class=\"has-text-align-right\" data-align=\"right\">35<\/td><td class=\"has-text-align-right\" data-align=\"right\">3<\/td><td class=\"has-text-align-right\" data-align=\"right\">11,67<\/td><\/tr><tr><td>Pneumologia Pedi\u00e1trica<\/td><td class=\"has-text-align-right\" data-align=\"right\">3<\/td><td class=\"has-text-align-right\" data-align=\"right\">2<\/td><td class=\"has-text-align-right\" data-align=\"right\">1,5<\/td><\/tr><tr><td>Psiquiatria da Inf\u00e2ncia e Adolesc\u00eancia<\/td><td class=\"has-text-align-right\" data-align=\"right\">13<\/td><td class=\"has-text-align-right\" data-align=\"right\">3<\/td><td class=\"has-text-align-right\" data-align=\"right\">4,33<\/td><\/tr><tr><td>Reumatologia Pedi\u00e1trica<\/td><td class=\"has-text-align-right\" data-align=\"right\">0<\/td><td class=\"has-text-align-right\" data-align=\"right\">2<\/td><td class=\"has-text-align-right\" data-align=\"right\">0<\/td><\/tr><tr><td>Transplante Renal<\/td><td class=\"has-text-align-right\" data-align=\"right\">2<\/td><td class=\"has-text-align-right\" data-align=\"right\">2<\/td><td class=\"has-text-align-right\" data-align=\"right\">1<\/td><\/tr><tr><td>Psicogeriatria<\/td><td class=\"has-text-align-right\" data-align=\"right\">1<\/td><td class=\"has-text-align-right\" data-align=\"right\">3<\/td><td class=\"has-text-align-right\" data-align=\"right\">0,33<\/td><\/tr><tr><td>Psicoterapia<\/td><td class=\"has-text-align-right\" data-align=\"right\">5<\/td><td class=\"has-text-align-right\" data-align=\"right\">2<\/td><td class=\"has-text-align-right\" data-align=\"right\">2,5<\/td><\/tr><tr><td>Medicina do Sono<\/td><td class=\"has-text-align-right\" data-align=\"right\">7<\/td><td class=\"has-text-align-right\" data-align=\"right\">2<\/td><td class=\"has-text-align-right\" data-align=\"right\">3,5<\/td><\/tr><tr><td>Infectologia Hospitalar R4<\/td><td class=\"has-text-align-right\" data-align=\"right\">2<\/td><td class=\"has-text-align-right\" data-align=\"right\">1<\/td><td class=\"has-text-align-right\" data-align=\"right\">2<\/td><\/tr><tr><td>Ortopedia e Traumatologia R4 (Cirurgia da Coluna)<\/td><td class=\"has-text-align-right\" data-align=\"right\">17<\/td><td class=\"has-text-align-right\" data-align=\"right\">1<\/td><td class=\"has-text-align-right\" data-align=\"right\">17<\/td><\/tr><\/tbody><\/table><\/figure>\n\n\n\n<div class=\"wp-block-buttons is-layout-flex wp-block-buttons-is-layout-flex\">\n<div class=\"wp-block-button\"><a class=\"wp-block-button__link wp-element-button\" href=\"https:\/\/www.grupomedcof.com.br\/blog\/wp-content\/uploads\/2025\/07\/Inscricoes-SES-DF-2026.pdf\" target=\"_blank\" rel=\"noreferrer noopener\">Inscri\u00e7\u00f5es homologadas<\/a><\/div>\n<\/div>\n\n\n\n<h2 class=\"wp-block-heading\" id=\"h-nota-de-corte-ses-df-2025\"><span class=\"ez-toc-section\" id=\"Nota_de_corte_SES-DF_2025\"><\/span><strong>Nota de corte SES-DF 2025<\/strong><span class=\"ez-toc-section-end\"><\/span><\/h2>\n\n\n\n<h4 class=\"wp-block-heading\" id=\"h-hospital-de-base-do-df-hbdf-igesdf-ampla-concorrencia\"><strong>Hospital de Base do DF (HBDF\/IGESDF) \u2013 Ampla Concorr\u00eancia<\/strong><\/h4>\n\n\n\n<figure class=\"wp-block-table\"><table class=\"has-fixed-layout\"><tbody><tr><td><strong>Especialidade<\/strong><\/td><td><strong>Nota de Corte<\/strong><\/td><\/tr><tr><td>Anestesiologia<\/td><td>94.19<\/td><\/tr><tr><td>Cirurgia Geral<\/td><td>91.94<\/td><\/tr><tr><td>Cl\u00ednica M\u00e9dica<\/td><td>90.53<\/td><\/tr><tr><td>Neurocirurgia<\/td><td>92.64<\/td><\/tr><tr><td>Oftalmologia<\/td><td>89.33<\/td><\/tr><tr><td>Otorrinolaringologia<\/td><td>91.96<\/td><\/tr><tr><td>Psiquiatria<\/td><td>92.02<\/td><\/tr><tr><td>Radiologia<\/td><td>90.71<\/td><\/tr><tr><td>&#8230;<\/td><td>&#8230;<\/td><\/tr><\/tbody><\/table><\/figure>\n\n\n\n<h4 class=\"wp-block-heading\" id=\"h-hospital-regional-da-asa-norte-hran\"><strong>Hospital Regional da Asa Norte (HRAN)<\/strong><\/h4>\n\n\n\n<figure class=\"wp-block-table\"><table class=\"has-fixed-layout\"><tbody><tr><td><strong>Especialidade<\/strong><\/td><td><strong>Nota de Corte<\/strong><\/td><\/tr><tr><td>Medicina Intensiva<\/td><td>80.00<\/td><\/tr><\/tbody><\/table><\/figure>\n\n\n\n<h4 class=\"wp-block-heading\" id=\"h-hospital-regional-da-ceilandia-hrc\"><strong>Hospital Regional da Ceil\u00e2ndia (HRC)<\/strong><\/h4>\n\n\n\n<figure class=\"wp-block-table\"><table class=\"has-fixed-layout\"><tbody><tr><td><strong>Especialidade<\/strong><\/td><td><strong>Nota de Corte<\/strong><\/td><\/tr><tr><td>Medicina de Fam\u00edlia e Comunidade<\/td><td>79.00<\/td><\/tr><\/tbody><\/table><\/figure>\n\n\n\n<h4 class=\"wp-block-heading\" id=\"h-hospital-regional-de-santa-maria-hrsm\"><strong>Hospital Regional de Santa Maria (HRSM)<\/strong><\/h4>\n\n\n\n<figure class=\"wp-block-table\"><table class=\"has-fixed-layout\"><tbody><tr><td><strong>Especialidade<\/strong><\/td><td><strong>Nota de Corte<\/strong><\/td><\/tr><tr><td>Cirurgia Geral<\/td><td>87.00<\/td><\/tr><tr><td>Cl\u00ednica M\u00e9dica<\/td><td>86.00<\/td><\/tr><\/tbody><\/table><\/figure>\n\n\n\n<h4 class=\"wp-block-heading\" id=\"h-hospital-regional-de-taguatinga-hrt\"><strong>Hospital Regional de Taguatinga (HRT)<\/strong><\/h4>\n\n\n\n<figure class=\"wp-block-table\"><table class=\"has-fixed-layout\"><tbody><tr><td><strong>Especialidade<\/strong><\/td><td><strong>Nota de Corte<\/strong><\/td><\/tr><tr><td>Cl\u00ednica M\u00e9dica<\/td><td>84.00<\/td><\/tr><\/tbody><\/table><\/figure>\n\n\n\n<h4 class=\"wp-block-heading\" id=\"h-hospital-regional-da-regiao-leste-hrpa\"><strong>Hospital Regional da Regi\u00e3o Leste (HRPa)<\/strong><\/h4>\n\n\n\n<figure class=\"wp-block-table\"><table class=\"has-fixed-layout\"><tbody><tr><td><strong>Especialidade<\/strong><\/td><td><strong>Nota de Corte<\/strong><\/td><\/tr><tr><td>Medicina de Fam\u00edlia e Comunidade<\/td><td>77.00<\/td><\/tr><\/tbody><\/table><\/figure>\n\n\n\n<h4 class=\"wp-block-heading\" id=\"h-igesdf-instituto-de-gestao-estrategica-de-saude-do-df\"><strong>IGESDF (Instituto de Gest\u00e3o Estrat\u00e9gica de Sa\u00fade do DF)<\/strong><\/h4>\n\n\n\n<figure class=\"wp-block-table\"><table class=\"has-fixed-layout\"><tbody><tr><td><strong>Especialidade<\/strong><\/td><td><strong>Nota de Corte<\/strong><\/td><\/tr><tr><td>Oncologia Cl\u00ednica<\/td><td>91.00<\/td><\/tr><\/tbody><\/table><\/figure>\n\n\n\n<figure class=\"wp-block-image\"><img decoding=\"async\" src=\"https:\/\/lh7-rt.googleusercontent.com\/docsz\/AD_4nXf2X2K9qaQI8kLcqafrKg778rsjQwZtz_ZdEkzUwlQ_JuQ7-U_5dDbbDNkt_M9KktuBfrkq9wkby-l7-5_BJslPUpYMaEpQprVgMqHPtMkVVYgdTYRoXJ0fFOHWCJ1nO8_6k9v-HA?key=5M6HMUbRdAFkc96JpH0M7w\" alt=\"medcof qbank, medcof aulas, grupo medcof, aulas medcof, qbank, banco de questoes medcof, medcof banco de questoes\"\/><\/figure>\n\n\n\n<h2 class=\"wp-block-heading\" id=\"seja-um-medcofer\"><span class=\"ez-toc-section\" id=\"Seja_um_MedCofer\"><\/span><strong>Seja um MedCofer!<\/strong><span class=\"ez-toc-section-end\"><\/span><\/h2>\n\n\n\n<p>Quer alcan\u00e7ar a aprova\u00e7\u00e3o nas provas de resid\u00eancia m\u00e9dica? Ent\u00e3o seja um&nbsp;<a href=\"https:\/\/www.grupomedcof.com.br\/home\/\"><strong>MedCofer<\/strong><\/a>! Aqui te ajudaremos na busca da aprova\u00e7\u00e3o com conte\u00fados de qualidade e uma metodologia que j\u00e1 aprovou mais de 35 mil residentes no pa\u00eds! Por fim, acesse o nosso<a href=\"https:\/\/www.youtube.com\/@GrupoMedcof\/featured\">&nbsp;<strong>canal do youtube&nbsp;<\/strong><\/a>para ver o nosso material.<\/p>\n\n\n\n<figure class=\"wp-block-embed is-type-video is-provider-youtube wp-block-embed-youtube wp-embed-aspect-16-9 wp-has-aspect-ratio\"><div class=\"wp-block-embed__wrapper\">\n<div class=\"youtube-embed\" data-video_id=\"b77a3k14lEY\"><iframe loading=\"lazy\" title=\"Onboarding #01 | Boas Vindas\" width=\"696\" height=\"392\" src=\"https:\/\/www.youtube.com\/embed\/b77a3k14lEY?feature=oembed&#038;enablejsapi=1\" frameborder=\"0\" allow=\"accelerometer; autoplay; clipboard-write; encrypted-media; gyroscope; picture-in-picture; web-share\" referrerpolicy=\"strict-origin-when-cross-origin\" allowfullscreen><\/iframe><\/div>\n<\/div><\/figure>\n","protected":false},"excerpt":{"rendered":"<p>Fique por dentro da resid\u00eancia m\u00e9dica da SES-DF: veja editais, vagas, etapas do processo seletivo e as \u00faltimas atualiza\u00e7\u00f5es para 2025\/2026. Confira!<\/p>\n","protected":false},"author":20,"featured_media":28151,"comment_status":"open","ping_status":"open","sticky":false,"template":"","format":"standard","meta":{"footnotes":""},"categories":[287,10],"tags":[1568,93,117,68,2491],"ppma_author":[3616],"class_list":{"0":"post-28149","1":"post","2":"type-post","3":"status-publish","4":"format-standard","5":"has-post-thumbnail","7":"category-destaques-medcof","8":"category-raio-x-editais","9":"tag-edital","10":"tag-especialidades-medicas","11":"tag-provas-de-residencia","12":"tag-residencia-medica","13":"tag-ses-df-2025"},"yoast_head":"<!-- This site is optimized with the Yoast SEO Premium plugin v24.3 (Yoast SEO v27.5) - https:\/\/yoast.com\/product\/yoast-seo-premium-wordpress\/ -->\n<title>Resid\u00eancia M\u00e9dica SES-DF 2025\/2026: edital, vagas e provas<\/title>\n<meta name=\"description\" content=\"Fique por dentro da resid\u00eancia m\u00e9dica da SES-DF: veja editais, vagas, etapas do processo seletivo e as \u00faltimas atualiza\u00e7\u00f5es para 2025\/2026. Confira!\" \/>\n<meta name=\"robots\" content=\"index, follow, max-snippet:-1, max-image-preview:large, max-video-preview:-1\" \/>\n<link rel=\"canonical\" href=\"https:\/\/www.grupomedcof.com.br\/blog\/residencia-medica-ses-df\/\" \/>\n<meta property=\"og:locale\" content=\"pt_BR\" \/>\n<meta property=\"og:type\" content=\"article\" \/>\n<meta property=\"og:title\" content=\"Resid\u00eancia M\u00e9dica SES-DF 2025\/2026: confira o resultado final!\" \/>\n<meta property=\"og:description\" content=\"Fique por dentro da resid\u00eancia m\u00e9dica da SES-DF: veja editais, vagas, etapas do processo seletivo e as \u00faltimas atualiza\u00e7\u00f5es para 2025\/2026. Confira!\" \/>\n<meta property=\"og:url\" content=\"https:\/\/www.grupomedcof.com.br\/blog\/residencia-medica-ses-df\/\" \/>\n<meta property=\"og:site_name\" content=\"Blog de Medcof: conte\u00fados, editais, revalida e mais!\" \/>\n<meta property=\"article:publisher\" content=\"https:\/\/www.facebook.com\/MedCofQbank\/\" \/>\n<meta property=\"article:published_time\" content=\"2026-02-04T11:24:02+00:00\" \/>\n<meta property=\"article:modified_time\" content=\"2026-02-05T18:38:40+00:00\" \/>\n<meta property=\"og:image\" content=\"https:\/\/www.grupomedcof.com.br\/blog\/wp-content\/uploads\/2024\/07\/Modelo-instituicoes-45.png\" \/>\n\t<meta property=\"og:image:width\" content=\"2560\" \/>\n\t<meta property=\"og:image:height\" content=\"1440\" \/>\n\t<meta property=\"og:image:type\" content=\"image\/png\" \/>\n<meta name=\"author\" content=\"Leila Menzel\" \/>\n<meta name=\"twitter:card\" content=\"summary_large_image\" \/>\n<meta name=\"twitter:label1\" content=\"Escrito por\" \/>\n\t<meta name=\"twitter:data1\" content=\"Leila Menzel\" \/>\n\t<meta name=\"twitter:label2\" content=\"Est. tempo de leitura\" \/>\n\t<meta name=\"twitter:data2\" content=\"17 minutos\" \/>\n<script type=\"application\/ld+json\" class=\"yoast-schema-graph\">{\"@context\":\"https:\\\/\\\/schema.org\",\"@graph\":[{\"@type\":\"Article\",\"@id\":\"https:\\\/\\\/www.grupomedcof.com.br\\\/blog\\\/residencia-medica-ses-df\\\/#article\",\"isPartOf\":{\"@id\":\"https:\\\/\\\/www.grupomedcof.com.br\\\/blog\\\/residencia-medica-ses-df\\\/\"},\"author\":{\"name\":\"Leila Menzel\",\"@id\":\"https:\\\/\\\/www.grupomedcof.com.br\\\/blog\\\/#\\\/schema\\\/person\\\/9a44c2184a836bf5ae6967fdb3a1451e\"},\"headline\":\"Resid\u00eancia M\u00e9dica SES-DF 2025\\\/2026: confira o resultado final!\",\"datePublished\":\"2026-02-04T11:24:02+00:00\",\"dateModified\":\"2026-02-05T18:38:40+00:00\",\"mainEntityOfPage\":{\"@id\":\"https:\\\/\\\/www.grupomedcof.com.br\\\/blog\\\/residencia-medica-ses-df\\\/\"},\"wordCount\":2744,\"commentCount\":0,\"publisher\":{\"@id\":\"https:\\\/\\\/www.grupomedcof.com.br\\\/blog\\\/#organization\"},\"image\":{\"@id\":\"https:\\\/\\\/www.grupomedcof.com.br\\\/blog\\\/residencia-medica-ses-df\\\/#primaryimage\"},\"thumbnailUrl\":\"https:\\\/\\\/www.grupomedcof.com.br\\\/blog\\\/wp-content\\\/uploads\\\/2024\\\/07\\\/Modelo-instituicoes-45.png\",\"keywords\":[\"Edital\",\"Especialidades m\u00e9dicas\",\"Provas de Resid\u00eancia\",\"Resid\u00eancia M\u00e9dica\",\"SES-DF 2025\"],\"articleSection\":[\"Destaques MedCof\",\"Raio-X Editais\"],\"inLanguage\":\"pt-BR\"},{\"@type\":\"WebPage\",\"@id\":\"https:\\\/\\\/www.grupomedcof.com.br\\\/blog\\\/residencia-medica-ses-df\\\/\",\"url\":\"https:\\\/\\\/www.grupomedcof.com.br\\\/blog\\\/residencia-medica-ses-df\\\/\",\"name\":\"Resid\u00eancia M\u00e9dica SES-DF 2025\\\/2026: edital, vagas e provas\",\"isPartOf\":{\"@id\":\"https:\\\/\\\/www.grupomedcof.com.br\\\/blog\\\/#website\"},\"primaryImageOfPage\":{\"@id\":\"https:\\\/\\\/www.grupomedcof.com.br\\\/blog\\\/residencia-medica-ses-df\\\/#primaryimage\"},\"image\":{\"@id\":\"https:\\\/\\\/www.grupomedcof.com.br\\\/blog\\\/residencia-medica-ses-df\\\/#primaryimage\"},\"thumbnailUrl\":\"https:\\\/\\\/www.grupomedcof.com.br\\\/blog\\\/wp-content\\\/uploads\\\/2024\\\/07\\\/Modelo-instituicoes-45.png\",\"datePublished\":\"2026-02-04T11:24:02+00:00\",\"dateModified\":\"2026-02-05T18:38:40+00:00\",\"description\":\"Fique por dentro da resid\u00eancia m\u00e9dica da SES-DF: veja editais, vagas, etapas do processo seletivo e as \u00faltimas atualiza\u00e7\u00f5es para 2025\\\/2026. Confira!\",\"breadcrumb\":{\"@id\":\"https:\\\/\\\/www.grupomedcof.com.br\\\/blog\\\/residencia-medica-ses-df\\\/#breadcrumb\"},\"inLanguage\":\"pt-BR\",\"potentialAction\":[{\"@type\":\"ReadAction\",\"target\":[\"https:\\\/\\\/www.grupomedcof.com.br\\\/blog\\\/residencia-medica-ses-df\\\/\"]}]},{\"@type\":\"ImageObject\",\"inLanguage\":\"pt-BR\",\"@id\":\"https:\\\/\\\/www.grupomedcof.com.br\\\/blog\\\/residencia-medica-ses-df\\\/#primaryimage\",\"url\":\"https:\\\/\\\/www.grupomedcof.com.br\\\/blog\\\/wp-content\\\/uploads\\\/2024\\\/07\\\/Modelo-instituicoes-45.png\",\"contentUrl\":\"https:\\\/\\\/www.grupomedcof.com.br\\\/blog\\\/wp-content\\\/uploads\\\/2024\\\/07\\\/Modelo-instituicoes-45.png\",\"width\":2560,\"height\":1440},{\"@type\":\"BreadcrumbList\",\"@id\":\"https:\\\/\\\/www.grupomedcof.com.br\\\/blog\\\/residencia-medica-ses-df\\\/#breadcrumb\",\"itemListElement\":[{\"@type\":\"ListItem\",\"position\":1,\"name\":\"In\u00edcio\",\"item\":\"https:\\\/\\\/www.grupomedcof.com.br\\\/blog\\\/\"},{\"@type\":\"ListItem\",\"position\":2,\"name\":\"Resid\u00eancia M\u00e9dica SES-DF 2025\\\/2026: confira o resultado final!\"}]},{\"@type\":\"WebSite\",\"@id\":\"https:\\\/\\\/www.grupomedcof.com.br\\\/blog\\\/#website\",\"url\":\"https:\\\/\\\/www.grupomedcof.com.br\\\/blog\\\/\",\"name\":\"Blog de Medcof: conte\u00fados, editais, revalida e mais!\",\"description\":\"Acesso o blog de MedCof! Seu portal de conte\u00fados sobre resid\u00eancia m\u00e9dica, an\u00e1lise e editais e muito mais. Clique e confira!\",\"publisher\":{\"@id\":\"https:\\\/\\\/www.grupomedcof.com.br\\\/blog\\\/#organization\"},\"alternateName\":\"Blog de Medcof: conte\u00fados, editais, revalida e mais!\",\"potentialAction\":[{\"@type\":\"SearchAction\",\"target\":{\"@type\":\"EntryPoint\",\"urlTemplate\":\"https:\\\/\\\/www.grupomedcof.com.br\\\/blog\\\/?s={search_term_string}\"},\"query-input\":{\"@type\":\"PropertyValueSpecification\",\"valueRequired\":true,\"valueName\":\"search_term_string\"}}],\"inLanguage\":\"pt-BR\"},{\"@type\":\"Organization\",\"@id\":\"https:\\\/\\\/www.grupomedcof.com.br\\\/blog\\\/#organization\",\"name\":\"Grupo MedCof\",\"url\":\"https:\\\/\\\/www.grupomedcof.com.br\\\/blog\\\/\",\"logo\":{\"@type\":\"ImageObject\",\"inLanguage\":\"pt-BR\",\"@id\":\"https:\\\/\\\/www.grupomedcof.com.br\\\/blog\\\/#\\\/schema\\\/logo\\\/image\\\/\",\"url\":\"https:\\\/\\\/www.grupomedcof.com.br\\\/blog\\\/wp-content\\\/uploads\\\/2022\\\/01\\\/logo-medcof.png\",\"contentUrl\":\"https:\\\/\\\/www.grupomedcof.com.br\\\/blog\\\/wp-content\\\/uploads\\\/2022\\\/01\\\/logo-medcof.png\",\"width\":768,\"height\":269,\"caption\":\"Grupo MedCof\"},\"image\":{\"@id\":\"https:\\\/\\\/www.grupomedcof.com.br\\\/blog\\\/#\\\/schema\\\/logo\\\/image\\\/\"},\"sameAs\":[\"https:\\\/\\\/www.facebook.com\\\/MedCofQbank\\\/\",\"https:\\\/\\\/www.instagram.com\\\/grupomedcof\\\/\",\"https:\\\/\\\/br.linkedin.com\\\/company\\\/medcof\",\"https:\\\/\\\/www.youtube.com\\\/channel\\\/UCdHMuOHKICxcHwecxN8P-AA\"]},{\"@type\":\"Person\",\"@id\":\"https:\\\/\\\/www.grupomedcof.com.br\\\/blog\\\/#\\\/schema\\\/person\\\/9a44c2184a836bf5ae6967fdb3a1451e\",\"name\":\"Leila Menzel\",\"image\":{\"@type\":\"ImageObject\",\"inLanguage\":\"pt-BR\",\"@id\":\"https:\\\/\\\/www.grupomedcof.com.br\\\/blog\\\/wp-content\\\/uploads\\\/2025\\\/09\\\/cropped-eu-96x96.jpeg19a74936d997c0a8b3031618467fa1d0\",\"url\":\"https:\\\/\\\/www.grupomedcof.com.br\\\/blog\\\/wp-content\\\/uploads\\\/2025\\\/09\\\/cropped-eu-96x96.jpeg\",\"contentUrl\":\"https:\\\/\\\/www.grupomedcof.com.br\\\/blog\\\/wp-content\\\/uploads\\\/2025\\\/09\\\/cropped-eu-96x96.jpeg\",\"caption\":\"Leila Menzel\"},\"description\":\"Estudante do 6\u00b0 semestre de jornalismo, amo e escrevo poesias e viajo em livros de romances clich\u00eas.\",\"url\":\"https:\\\/\\\/www.grupomedcof.com.br\\\/blog\\\/author\\\/leila-menzel\\\/\"}]}<\/script>\n<!-- \/ Yoast SEO Premium plugin. -->","yoast_head_json":{"title":"Resid\u00eancia M\u00e9dica SES-DF 2025\/2026: edital, vagas e provas","description":"Fique por dentro da resid\u00eancia m\u00e9dica da SES-DF: veja editais, vagas, etapas do processo seletivo e as \u00faltimas atualiza\u00e7\u00f5es para 2025\/2026. Confira!","robots":{"index":"index","follow":"follow","max-snippet":"max-snippet:-1","max-image-preview":"max-image-preview:large","max-video-preview":"max-video-preview:-1"},"canonical":"https:\/\/www.grupomedcof.com.br\/blog\/residencia-medica-ses-df\/","og_locale":"pt_BR","og_type":"article","og_title":"Resid\u00eancia M\u00e9dica SES-DF 2025\/2026: confira o resultado final!","og_description":"Fique por dentro da resid\u00eancia m\u00e9dica da SES-DF: veja editais, vagas, etapas do processo seletivo e as \u00faltimas atualiza\u00e7\u00f5es para 2025\/2026. Confira!","og_url":"https:\/\/www.grupomedcof.com.br\/blog\/residencia-medica-ses-df\/","og_site_name":"Blog de Medcof: conte\u00fados, editais, revalida e mais!","article_publisher":"https:\/\/www.facebook.com\/MedCofQbank\/","article_published_time":"2026-02-04T11:24:02+00:00","article_modified_time":"2026-02-05T18:38:40+00:00","og_image":[{"width":2560,"height":1440,"url":"https:\/\/www.grupomedcof.com.br\/blog\/wp-content\/uploads\/2024\/07\/Modelo-instituicoes-45.png","type":"image\/png"}],"author":"Leila Menzel","twitter_card":"summary_large_image","twitter_misc":{"Escrito por":"Leila Menzel","Est. tempo de leitura":"17 minutos"},"schema":{"@context":"https:\/\/schema.org","@graph":[{"@type":"Article","@id":"https:\/\/www.grupomedcof.com.br\/blog\/residencia-medica-ses-df\/#article","isPartOf":{"@id":"https:\/\/www.grupomedcof.com.br\/blog\/residencia-medica-ses-df\/"},"author":{"name":"Leila Menzel","@id":"https:\/\/www.grupomedcof.com.br\/blog\/#\/schema\/person\/9a44c2184a836bf5ae6967fdb3a1451e"},"headline":"Resid\u00eancia M\u00e9dica SES-DF 2025\/2026: confira o resultado final!","datePublished":"2026-02-04T11:24:02+00:00","dateModified":"2026-02-05T18:38:40+00:00","mainEntityOfPage":{"@id":"https:\/\/www.grupomedcof.com.br\/blog\/residencia-medica-ses-df\/"},"wordCount":2744,"commentCount":0,"publisher":{"@id":"https:\/\/www.grupomedcof.com.br\/blog\/#organization"},"image":{"@id":"https:\/\/www.grupomedcof.com.br\/blog\/residencia-medica-ses-df\/#primaryimage"},"thumbnailUrl":"https:\/\/www.grupomedcof.com.br\/blog\/wp-content\/uploads\/2024\/07\/Modelo-instituicoes-45.png","keywords":["Edital","Especialidades m\u00e9dicas","Provas de Resid\u00eancia","Resid\u00eancia M\u00e9dica","SES-DF 2025"],"articleSection":["Destaques MedCof","Raio-X Editais"],"inLanguage":"pt-BR"},{"@type":"WebPage","@id":"https:\/\/www.grupomedcof.com.br\/blog\/residencia-medica-ses-df\/","url":"https:\/\/www.grupomedcof.com.br\/blog\/residencia-medica-ses-df\/","name":"Resid\u00eancia M\u00e9dica SES-DF 2025\/2026: edital, vagas e provas","isPartOf":{"@id":"https:\/\/www.grupomedcof.com.br\/blog\/#website"},"primaryImageOfPage":{"@id":"https:\/\/www.grupomedcof.com.br\/blog\/residencia-medica-ses-df\/#primaryimage"},"image":{"@id":"https:\/\/www.grupomedcof.com.br\/blog\/residencia-medica-ses-df\/#primaryimage"},"thumbnailUrl":"https:\/\/www.grupomedcof.com.br\/blog\/wp-content\/uploads\/2024\/07\/Modelo-instituicoes-45.png","datePublished":"2026-02-04T11:24:02+00:00","dateModified":"2026-02-05T18:38:40+00:00","description":"Fique por dentro da resid\u00eancia m\u00e9dica da SES-DF: veja editais, vagas, etapas do processo seletivo e as \u00faltimas atualiza\u00e7\u00f5es para 2025\/2026. Confira!","breadcrumb":{"@id":"https:\/\/www.grupomedcof.com.br\/blog\/residencia-medica-ses-df\/#breadcrumb"},"inLanguage":"pt-BR","potentialAction":[{"@type":"ReadAction","target":["https:\/\/www.grupomedcof.com.br\/blog\/residencia-medica-ses-df\/"]}]},{"@type":"ImageObject","inLanguage":"pt-BR","@id":"https:\/\/www.grupomedcof.com.br\/blog\/residencia-medica-ses-df\/#primaryimage","url":"https:\/\/www.grupomedcof.com.br\/blog\/wp-content\/uploads\/2024\/07\/Modelo-instituicoes-45.png","contentUrl":"https:\/\/www.grupomedcof.com.br\/blog\/wp-content\/uploads\/2024\/07\/Modelo-instituicoes-45.png","width":2560,"height":1440},{"@type":"BreadcrumbList","@id":"https:\/\/www.grupomedcof.com.br\/blog\/residencia-medica-ses-df\/#breadcrumb","itemListElement":[{"@type":"ListItem","position":1,"name":"In\u00edcio","item":"https:\/\/www.grupomedcof.com.br\/blog\/"},{"@type":"ListItem","position":2,"name":"Resid\u00eancia M\u00e9dica SES-DF 2025\/2026: confira o resultado final!"}]},{"@type":"WebSite","@id":"https:\/\/www.grupomedcof.com.br\/blog\/#website","url":"https:\/\/www.grupomedcof.com.br\/blog\/","name":"Blog de Medcof: conte\u00fados, editais, revalida e mais!","description":"Acesso o blog de MedCof! Seu portal de conte\u00fados sobre resid\u00eancia m\u00e9dica, an\u00e1lise e editais e muito mais. Clique e confira!","publisher":{"@id":"https:\/\/www.grupomedcof.com.br\/blog\/#organization"},"alternateName":"Blog de Medcof: conte\u00fados, editais, revalida e mais!","potentialAction":[{"@type":"SearchAction","target":{"@type":"EntryPoint","urlTemplate":"https:\/\/www.grupomedcof.com.br\/blog\/?s={search_term_string}"},"query-input":{"@type":"PropertyValueSpecification","valueRequired":true,"valueName":"search_term_string"}}],"inLanguage":"pt-BR"},{"@type":"Organization","@id":"https:\/\/www.grupomedcof.com.br\/blog\/#organization","name":"Grupo MedCof","url":"https:\/\/www.grupomedcof.com.br\/blog\/","logo":{"@type":"ImageObject","inLanguage":"pt-BR","@id":"https:\/\/www.grupomedcof.com.br\/blog\/#\/schema\/logo\/image\/","url":"https:\/\/www.grupomedcof.com.br\/blog\/wp-content\/uploads\/2022\/01\/logo-medcof.png","contentUrl":"https:\/\/www.grupomedcof.com.br\/blog\/wp-content\/uploads\/2022\/01\/logo-medcof.png","width":768,"height":269,"caption":"Grupo MedCof"},"image":{"@id":"https:\/\/www.grupomedcof.com.br\/blog\/#\/schema\/logo\/image\/"},"sameAs":["https:\/\/www.facebook.com\/MedCofQbank\/","https:\/\/www.instagram.com\/grupomedcof\/","https:\/\/br.linkedin.com\/company\/medcof","https:\/\/www.youtube.com\/channel\/UCdHMuOHKICxcHwecxN8P-AA"]},{"@type":"Person","@id":"https:\/\/www.grupomedcof.com.br\/blog\/#\/schema\/person\/9a44c2184a836bf5ae6967fdb3a1451e","name":"Leila Menzel","image":{"@type":"ImageObject","inLanguage":"pt-BR","@id":"https:\/\/www.grupomedcof.com.br\/blog\/wp-content\/uploads\/2025\/09\/cropped-eu-96x96.jpeg19a74936d997c0a8b3031618467fa1d0","url":"https:\/\/www.grupomedcof.com.br\/blog\/wp-content\/uploads\/2025\/09\/cropped-eu-96x96.jpeg","contentUrl":"https:\/\/www.grupomedcof.com.br\/blog\/wp-content\/uploads\/2025\/09\/cropped-eu-96x96.jpeg","caption":"Leila Menzel"},"description":"Estudante do 6\u00b0 semestre de jornalismo, amo e escrevo poesias e viajo em livros de romances clich\u00eas.","url":"https:\/\/www.grupomedcof.com.br\/blog\/author\/leila-menzel\/"}]}},"authors":[{"term_id":3616,"user_id":20,"is_guest":0,"slug":"leila-menzel","display_name":"Leila Menzel","avatar_url":"https:\/\/www.grupomedcof.com.br\/blog\/wp-content\/uploads\/2025\/09\/cropped-eu-96x96.jpeg","0":null,"1":"","2":"","3":"","4":"","5":"","6":"","7":"","8":""}],"_links":{"self":[{"href":"https:\/\/www.grupomedcof.com.br\/blog\/wp-json\/wp\/v2\/posts\/28149","targetHints":{"allow":["GET"]}}],"collection":[{"href":"https:\/\/www.grupomedcof.com.br\/blog\/wp-json\/wp\/v2\/posts"}],"about":[{"href":"https:\/\/www.grupomedcof.com.br\/blog\/wp-json\/wp\/v2\/types\/post"}],"author":[{"embeddable":true,"href":"https:\/\/www.grupomedcof.com.br\/blog\/wp-json\/wp\/v2\/users\/20"}],"replies":[{"embeddable":true,"href":"https:\/\/www.grupomedcof.com.br\/blog\/wp-json\/wp\/v2\/comments?post=28149"}],"version-history":[{"count":12,"href":"https:\/\/www.grupomedcof.com.br\/blog\/wp-json\/wp\/v2\/posts\/28149\/revisions"}],"predecessor-version":[{"id":41557,"href":"https:\/\/www.grupomedcof.com.br\/blog\/wp-json\/wp\/v2\/posts\/28149\/revisions\/41557"}],"wp:featuredmedia":[{"embeddable":true,"href":"https:\/\/www.grupomedcof.com.br\/blog\/wp-json\/wp\/v2\/media\/28151"}],"wp:attachment":[{"href":"https:\/\/www.grupomedcof.com.br\/blog\/wp-json\/wp\/v2\/media?parent=28149"}],"wp:term":[{"taxonomy":"category","embeddable":true,"href":"https:\/\/www.grupomedcof.com.br\/blog\/wp-json\/wp\/v2\/categories?post=28149"},{"taxonomy":"post_tag","embeddable":true,"href":"https:\/\/www.grupomedcof.com.br\/blog\/wp-json\/wp\/v2\/tags?post=28149"},{"taxonomy":"author","embeddable":true,"href":"https:\/\/www.grupomedcof.com.br\/blog\/wp-json\/wp\/v2\/ppma_author?post=28149"}],"curies":[{"name":"wp","href":"https:\/\/api.w.org\/{rel}","templated":true}]}}