{"id":28153,"date":"2024-07-29T14:47:12","date_gmt":"2024-07-29T17:47:12","guid":{"rendered":"https:\/\/www.grupomedcof.com.br\/blog\/?p=28153"},"modified":"2024-07-29T14:47:15","modified_gmt":"2024-07-29T17:47:15","slug":"residencia-medica-ses-rj-2024","status":"publish","type":"post","link":"https:\/\/www.grupomedcof.com.br\/blog\/residencia-medica-ses-rj-2024\/","title":{"rendered":"Resid\u00eancia M\u00e9dica: SES-RJ 2024"},"content":{"rendered":"<div id=\"ez-toc-container\" class=\"ez-toc-v2_0_74 counter-hierarchy ez-toc-counter ez-toc-transparent ez-toc-container-direction\">\n<div class=\"ez-toc-title-container\">\n<p class=\"ez-toc-title\" style=\"cursor:inherit\">Sum\u00e1rio<\/p>\n<span class=\"ez-toc-title-toggle\"><a href=\"#\" class=\"ez-toc-pull-right ez-toc-btn ez-toc-btn-xs ez-toc-btn-default ez-toc-toggle\" aria-label=\"Alternar tabela de conte\u00fado\"><span class=\"ez-toc-js-icon-con\"><span class=\"\"><span class=\"eztoc-hide\" style=\"display:none;\">Toggle<\/span><span class=\"ez-toc-icon-toggle-span\"><svg style=\"fill: #999;color:#999\" xmlns=\"http:\/\/www.w3.org\/2000\/svg\" class=\"list-377408\" width=\"20px\" height=\"20px\" viewBox=\"0 0 24 24\" fill=\"none\"><path d=\"M6 6H4v2h2V6zm14 0H8v2h12V6zM4 11h2v2H4v-2zm16 0H8v2h12v-2zM4 16h2v2H4v-2zm16 0H8v2h12v-2z\" fill=\"currentColor\"><\/path><\/svg><svg style=\"fill: #999;color:#999\" class=\"arrow-unsorted-368013\" xmlns=\"http:\/\/www.w3.org\/2000\/svg\" width=\"10px\" height=\"10px\" viewBox=\"0 0 24 24\" version=\"1.2\" baseProfile=\"tiny\"><path d=\"M18.2 9.3l-6.2-6.3-6.2 6.3c-.2.2-.3.4-.3.7s.1.5.3.7c.2.2.4.3.7.3h11c.3 0 .5-.1.7-.3.2-.2.3-.5.3-.7s-.1-.5-.3-.7zM5.8 14.7l6.2 6.3 6.2-6.3c.2-.2.3-.5.3-.7s-.1-.5-.3-.7c-.2-.2-.4-.3-.7-.3h-11c-.3 0-.5.1-.7.3-.2.2-.3.5-.3.7s.1.5.3.7z\"\/><\/svg><\/span><\/span><\/span><\/a><\/span><\/div>\n<nav><ul class='ez-toc-list ez-toc-list-level-1 ' ><li class='ez-toc-page-1 ez-toc-heading-level-2'><a class=\"ez-toc-link ez-toc-heading-1\" href=\"https:\/\/www.grupomedcof.com.br\/blog\/residencia-medica-ses-rj-2024\/#O_processo_seletivo\" >O processo seletivo<\/a><\/li><li class='ez-toc-page-1 ez-toc-heading-level-2'><a class=\"ez-toc-link ez-toc-heading-2\" href=\"https:\/\/www.grupomedcof.com.br\/blog\/residencia-medica-ses-rj-2024\/#Vagas_e_concorrencia\" >Vagas e concorr\u00eancia<\/a><ul class='ez-toc-list-level-3' ><li class='ez-toc-heading-level-3'><a class=\"ez-toc-link ez-toc-heading-3\" href=\"https:\/\/www.grupomedcof.com.br\/blog\/residencia-medica-ses-rj-2024\/#Prepare-se_conosco\" >Prepare-se conosco!<\/a><\/li><\/ul><\/li><\/ul><\/nav><\/div>\n\n<figure class=\"wp-block-image size-large\"><img loading=\"lazy\" decoding=\"async\" width=\"1024\" height=\"576\" src=\"https:\/\/www.grupomedcof.com.br\/blog\/wp-content\/uploads\/2024\/07\/Modelo-instituicoes-46-1024x576.png\" alt=\"\" class=\"wp-image-28159\" srcset=\"https:\/\/www.grupomedcof.com.br\/blog\/wp-content\/uploads\/2024\/07\/Modelo-instituicoes-46-1024x576.png 1024w, https:\/\/www.grupomedcof.com.br\/blog\/wp-content\/uploads\/2024\/07\/Modelo-instituicoes-46-300x169.png 300w, https:\/\/www.grupomedcof.com.br\/blog\/wp-content\/uploads\/2024\/07\/Modelo-instituicoes-46-768x432.png 768w, https:\/\/www.grupomedcof.com.br\/blog\/wp-content\/uploads\/2024\/07\/Modelo-instituicoes-46-1536x864.png 1536w, https:\/\/www.grupomedcof.com.br\/blog\/wp-content\/uploads\/2024\/07\/Modelo-instituicoes-46-2048x1152.png 2048w, https:\/\/www.grupomedcof.com.br\/blog\/wp-content\/uploads\/2024\/07\/Modelo-instituicoes-46-747x420.png 747w, https:\/\/www.grupomedcof.com.br\/blog\/wp-content\/uploads\/2024\/07\/Modelo-instituicoes-46-150x84.png 150w, https:\/\/www.grupomedcof.com.br\/blog\/wp-content\/uploads\/2024\/07\/Modelo-instituicoes-46-696x392.png 696w, https:\/\/www.grupomedcof.com.br\/blog\/wp-content\/uploads\/2024\/07\/Modelo-instituicoes-46-1068x601.png 1068w, https:\/\/www.grupomedcof.com.br\/blog\/wp-content\/uploads\/2024\/07\/Modelo-instituicoes-46-1920x1080.png 1920w\" sizes=\"auto, (max-width: 1024px) 100vw, 1024px\" \/><\/figure>\n\n\n\n<p>Relembre como foi a \u00faltima edi\u00e7\u00e3o da prova de resid\u00eancia m\u00e9dica da\u00a0<strong><strong>Secretaria de Estado de Sa\u00fade do Rio de Janeiro<\/strong><\/strong>, tamb\u00e9m conhecida como\u00a0<strong>SES-RJ<\/strong>, e ent\u00e3o, se prepare para a pr\u00f3xima prova!<\/p>\n\n\n\n<h2 class=\"wp-block-heading\" id=\"h-o-processo-seletivo\"><span class=\"ez-toc-section\" id=\"O_processo_seletivo\"><\/span><strong>O processo seletivo<\/strong><span class=\"ez-toc-section-end\"><\/span><\/h2>\n\n\n\n<p>Na edi\u00e7\u00e3o anterior do processo seletivo para resid\u00eancia m\u00e9dica da SES-RJ, o edital foi divulgado no dia <strong>5 de dezembro de 2023.<\/strong> As inscri\u00e7\u00f5es ocorreram entre os dias<strong> 5 e 19 de dezembro de 2023,<\/strong> mediante pagamento da taxa no valor de <strong>R$300,00<\/strong>.<\/p>\n\n\n\n<p>Al\u00e9m disso, o processo seletivo da SES-RJ possui <strong>composi\u00e7\u00e3o de apenas uma fase, a prova objetiva<\/strong>, que ocorreu no dia <strong>14 de janeiro de 2024.<\/strong> <\/p>\n\n\n\n<h2 class=\"wp-block-heading\" id=\"h-vagas-e-concorrencia\"><span class=\"ez-toc-section\" id=\"Vagas_e_concorrencia\"><\/span><strong>Vagas e concorr\u00eancia<\/strong><span class=\"ez-toc-section-end\"><\/span><\/h2>\n\n\n\n<p>Desse modo, confira a seguir as vagas e concorr\u00eancia:<\/p>\n\n\n\n<figure class=\"wp-block-table\"><table class=\"has-fixed-layout\"><thead><tr><th>Especialidade\/hospital<\/th><th>Vagas<\/th><th>Concorr\u00eancia<\/th><\/tr><\/thead><tbody><tr><td>1 \u2013 Anestesiologia \u2013 Hospital Estadual Azevedo Lima<\/td><td>3<\/td><td>15,67<\/td><\/tr><tr><td>2 \u2013 Anestesiologia \u2013 Hospital Estadual Get\u00falio Vargas<\/td><td>2<\/td><td>20,5<\/td><\/tr><tr><td>3 \u2013 Anestesiologia \u2013 Hospital Municipal Moacyr Rodrigues do Carmo<\/td><td>2<\/td><td>7,5<\/td><\/tr><tr><td>4 \u2013 Anestesiologia \u2013 Hospital Municipalizado Ad\u00e3o Pereira Nunes<\/td><td>2<\/td><td>22,5<\/td><\/tr><tr><td>5 \u2013 Cirurgia Cardiovascular \u2013 Instituto Estadual de Cardiologia Aloysio de Castro<\/td><td>CR*<\/td><td>0<\/td><\/tr><tr><td>6 \u2013 Cirurgia Geral \u2013 Hospital Estadual Get\u00falio Vargas<\/td><td>4<\/td><td>23,5<\/td><\/tr><tr><td>7 \u2013 Cirurgia Geral \u2013 Hospital Municipal Moacyr Rodrigues do Carmo<\/td><td>4<\/td><td>8,75<\/td><\/tr><tr><td>8 \u2013 Cirurgia Geral \u2013 Hospital Municipalizado Ad\u00e3o Pereira Nunes<\/td><td>3<\/td><td>17,33<\/td><\/tr><tr><td>9 \u2013 Cirurgia Geral \u2013 Hospital Or\u00eancio de Freitas<\/td><td>5<\/td><td>11,2<\/td><\/tr><tr><td>10 \u2013 Cl\u00ednica M\u00e9dica \u2013 Hospital Municipal Moacyr Rodrigues do Carmo<\/td><td>4<\/td><td>6,5<\/td><\/tr><tr><td>11 \u2013 Ginecologia e Obstetr\u00edcia \u2013 Hospital da Mulher Heloneida Studart<\/td><td>4<\/td><td>11,75<\/td><\/tr><tr><td>12 \u2013 Ginecologia e Obstetr\u00edcia \u2013 Hospital Municipalizado Ad\u00e3o Pereira Nunes<\/td><td>2<\/td><td>17<\/td><\/tr><tr><td>13 \u2013 Medicina Intensiva \u2013 Hospital Estadual Alberto Torres<\/td><td>2<\/td><td>2,5<\/td><\/tr><tr><td>14 \u2013 Medicina Intensiva \u2013 Hospital Estadual Azevedo Lima<\/td><td>2<\/td><td>1<\/td><\/tr><tr><td>15 \u2013 Medicina Intensiva \u2013 Hospital Estadual Get\u00falio Vargas<\/td><td>2<\/td><td>1<\/td><\/tr><tr><td>16 \u2013 Neurocirurgia \u2013 Instituto Estadual do C\u00e9rebro Paulo Niemeyer<\/td><td>3<\/td><td>23,67<\/td><\/tr><tr><td>17 \u2013 Ortopedia \u2013 Hospital Estadual Get\u00falio Vargas<\/td><td>4<\/td><td>1,5<\/td><\/tr><tr><td>18 \u2013 Ortopedia e Traumatologia \u2013 Hospital Estadual Alberto Torres<\/td><td>2<\/td><td>1<\/td><\/tr><tr><td>19 \u2013 Ortopedia e Traumatologia \u2013 Hospital Estadual Azevedo Lima<\/td><td>2<\/td><td>1,5<\/td><\/tr><tr><td>20 \u2013 Ortopedia e Traumatologia \u2013 Hospital Estadual de Traumato Ortopedia Dona Lindu<\/td><td>6<\/td><td>2,83<\/td><\/tr><tr><td>21 \u2013 Ortopedia e Traumatologia \u2013 Hospital Municipalizado Ad\u00e3o Pereira Nunes<\/td><td>2<\/td><td>1,5<\/td><\/tr><tr><td>22 \u2013 Pediatria \u2013 Hospital Municipalizado Ad\u00e3o Pereira Nunes<\/td><td>6<\/td><td>4,33<\/td><\/tr><tr><td>23 \u2013 Psiquiatria \u2013 Centro Psiqui\u00e1trico do Rio de Janeiro<\/td><td>3<\/td><td>26,33<\/td><\/tr><tr><td>24 \u2013 Psiquiatria \u2013 Hospital Psiqui\u00e1trico da Jurujuba<\/td><td>4<\/td><td>13,25<\/td><\/tr><tr><td>25 \u2013 Cardiologia \u2013 Instituto Estadual de Cardiologia Aloysio de Castro<\/td><td>5<\/td><td>0,8<\/td><\/tr><tr><td>26 \u2013 Cirurgia Pedi\u00e1trica \u2013 Hospital Municipalizado Ad\u00e3o Pereira Nunes<\/td><td>2<\/td><td>1<\/td><\/tr><tr><td>27 \u2013 Cirurgia Vascular \u2013 Instituto Estadual de Cardiologia Aloysio de Castro<\/td><td>1<\/td><td>5<\/td><\/tr><tr><td>28 \u2013 Endocrinologia e Metabologia \u2013 Instituto Estadual de Diabetes e Endocrinologia Lu\u00eds Capriglione<\/td><td>10<\/td><td>4,6<\/td><\/tr><tr><td>29 \u2013 Hematologia e Hemoterapia \u2013 Instituto Estadual de Hematologia Arthur de Siqueira Cavalcanti<\/td><td>6<\/td><td>1,33<\/td><\/tr><tr><td>30 \u2013 Angiorradiologia e Cirurgia Endovascular \u2013 Instituto Estadual de Cardiologia Aloysio de Castro<\/td><td>1<\/td><td>2<\/td><\/tr><tr><td>31 \u2013 Cardiologia Pedi\u00e1trica \u2013 Instituto Estadual de Cardiologia Aloysio de Castro<\/td><td>1<\/td><td>0<\/td><\/tr><tr><td>32 \u2013 Ecocardiografia \u2013 Instituto Estadual de Cardiologia Aloysio de Castro<\/td><td>2<\/td><td>0,5<\/td><\/tr><tr><td>33 \u2013 Eletrofisiologia Cl\u00ednica Invasiva \u2013 Instituto Estadual de Cardiologia Aloysio de Castro<\/td><td>1<\/td><td>1<\/td><\/tr><tr><td>34 \u2013 Endocrinologia Pedi\u00e1trica \u2013 Instituto Estadual de Diabetes e Endocrinologia Lu\u00eds Capriglione<\/td><td>2<\/td><td>1<\/td><\/tr><tr><td>35 \u2013 Ergometria \u2013 Instituto Estadual de Cardiologia Aloysio de Castro<\/td><td>1<\/td><td>0<\/td><\/tr><tr><td>36 \u2013 Hemodin\u00e2mica e Cardiologia Intervencionista \u2013 Instituto Estadual de Cardiologia Aloysio de Castro<\/td><td>2<\/td><td>0,5<\/td><\/tr><tr><td>37 \u2013 Hematologia e Hemoterapia Pedi\u00e1trica \u2013 Instituto Estadual de Hematologia Arthur de Siqueira Cavalcanti<\/td><td>3<\/td><td>0<\/td><\/tr><tr><td>38 \u2013 Medicina Intensiva Pedi\u00e1trica \u2013 Hospital Municipalizado Ad\u00e3o Pereira Nunes<\/td><td>2<\/td><td>2,5<\/td><\/tr><\/tbody><\/table><\/figure>\n\n\n\n<h3 class=\"wp-block-heading\" id=\"h-prepare-se-conosco\"><span class=\"ez-toc-section\" id=\"Prepare-se_conosco\"><\/span><strong>Prepare-se conosco!<\/strong><span class=\"ez-toc-section-end\"><\/span><\/h3>\n\n\n\n<p>Quer se preparar para a SES-RJ 2025? Ent\u00e3o prepare-se com o MedCof! Aqui temos aulas e conte\u00fados de <a href=\"https:\/\/www.grupomedcof.com.br\/blog\/presenca-da-medcof-nas-aprovacoes-em-residencia-medica-no-brasil\/\" target=\"_blank\" rel=\"noreferrer noopener\">qualidade<\/a> para voc\u00ea! Sendo assim, confira nossa <a href=\"https:\/\/www.youtube.com\/@GrupoMedcof\/featured\" target=\"_blank\" rel=\"noreferrer noopener\">aula<\/a> de corre\u00e7\u00e3o p\u00f3s-prova.<\/p>\n\n\n\n<figure class=\"wp-block-embed\"><div class=\"wp-block-embed__wrapper\">\n<div class=\"youtube-embed\" data-video_id=\"gd7w7qmuKJ4\"><iframe loading=\"lazy\" title=\"Gabarito Resid\u00eancia M\u00e9dica SES-RJ 2024 - Corre\u00e7\u00e3o P\u00f3s-Prova - Ao Vivo\" width=\"696\" height=\"392\" src=\"https:\/\/www.youtube.com\/embed\/gd7w7qmuKJ4?feature=oembed&#038;enablejsapi=1\" frameborder=\"0\" allow=\"accelerometer; autoplay; clipboard-write; encrypted-media; gyroscope; picture-in-picture; web-share\" referrerpolicy=\"strict-origin-when-cross-origin\" allowfullscreen><\/iframe><\/div>\n<\/div><\/figure>\n","protected":false},"excerpt":{"rendered":"<p>Relembre como foi a \u00faltima edi\u00e7\u00e3o da prova de resid\u00eancia m\u00e9dica da SES-RJ, e ent\u00e3o, se prepare para a pr\u00f3xima prova!<\/p>\n","protected":false},"author":18,"featured_media":28159,"comment_status":"open","ping_status":"open","sticky":false,"template":"","format":"standard","meta":{"footnotes":""},"categories":[10],"tags":[93,117,980,68,294,1683],"ppma_author":[3611],"class_list":{"0":"post-28153","1":"post","2":"type-post","3":"status-publish","4":"format-standard","5":"has-post-thumbnail","7":"category-raio-x-editais","8":"tag-especialidades-medicas","9":"tag-provas-de-residencia","10":"tag-raio-x-editais","11":"tag-residencia-medica","12":"tag-ses-rj","13":"tag-ses-rj-2024"},"yoast_head":"<!-- This site is optimized with the Yoast SEO Premium plugin v24.3 (Yoast SEO v27.4) - https:\/\/yoast.com\/product\/yoast-seo-premium-wordpress\/ -->\n<title>Resid\u00eancia M\u00e9dica: SES-RJ 2024 - Blog de Medcof: conte\u00fados, editais, revalida e mais!<\/title>\n<meta name=\"description\" content=\"Relembre como foi a \u00faltima edi\u00e7\u00e3o da prova de resid\u00eancia m\u00e9dica da SES-RJ, e ent\u00e3o, se prepare para a pr\u00f3xima prova!\" \/>\n<meta name=\"robots\" content=\"index, follow, max-snippet:-1, max-image-preview:large, max-video-preview:-1\" \/>\n<link rel=\"canonical\" href=\"https:\/\/www.grupomedcof.com.br\/blog\/residencia-medica-ses-rj-2024\/\" \/>\n<meta property=\"og:locale\" content=\"pt_BR\" \/>\n<meta property=\"og:type\" content=\"article\" \/>\n<meta property=\"og:title\" content=\"Resid\u00eancia M\u00e9dica: SES-RJ 2024\" \/>\n<meta property=\"og:description\" content=\"Relembre como foi a \u00faltima edi\u00e7\u00e3o da prova de resid\u00eancia m\u00e9dica da SES-RJ, e ent\u00e3o, se prepare para a pr\u00f3xima prova!\" \/>\n<meta property=\"og:url\" content=\"https:\/\/www.grupomedcof.com.br\/blog\/residencia-medica-ses-rj-2024\/\" \/>\n<meta property=\"og:site_name\" content=\"Blog de Medcof: conte\u00fados, editais, revalida e mais!\" \/>\n<meta property=\"article:publisher\" content=\"https:\/\/www.facebook.com\/MedCofQbank\/\" \/>\n<meta property=\"article:published_time\" content=\"2024-07-29T17:47:12+00:00\" \/>\n<meta property=\"article:modified_time\" content=\"2024-07-29T17:47:15+00:00\" \/>\n<meta property=\"og:image\" content=\"https:\/\/www.grupomedcof.com.br\/blog\/wp-content\/uploads\/2024\/07\/Modelo-instituicoes-46.png\" \/>\n\t<meta property=\"og:image:width\" content=\"2560\" \/>\n\t<meta property=\"og:image:height\" content=\"1440\" \/>\n\t<meta property=\"og:image:type\" content=\"image\/png\" \/>\n<meta name=\"author\" content=\"Leila Menzel\" \/>\n<meta name=\"twitter:card\" content=\"summary_large_image\" \/>\n<meta name=\"twitter:label1\" content=\"Escrito por\" \/>\n\t<meta name=\"twitter:data1\" content=\"Leila Menzel\" \/>\n\t<meta name=\"twitter:label2\" content=\"Est. tempo de leitura\" \/>\n\t<meta name=\"twitter:data2\" content=\"4 minutos\" \/>\n<script type=\"application\/ld+json\" class=\"yoast-schema-graph\">{\"@context\":\"https:\\\/\\\/schema.org\",\"@graph\":[{\"@type\":\"Article\",\"@id\":\"https:\\\/\\\/www.grupomedcof.com.br\\\/blog\\\/residencia-medica-ses-rj-2024\\\/#article\",\"isPartOf\":{\"@id\":\"https:\\\/\\\/www.grupomedcof.com.br\\\/blog\\\/residencia-medica-ses-rj-2024\\\/\"},\"author\":{\"name\":\"Leila Menzel\",\"@id\":\"https:\\\/\\\/www.grupomedcof.com.br\\\/blog\\\/#\\\/schema\\\/person\\\/2a5527209c17e7eb35bd6a4ebd5c7956\"},\"headline\":\"Resid\u00eancia M\u00e9dica: SES-RJ 2024\",\"datePublished\":\"2024-07-29T17:47:12+00:00\",\"dateModified\":\"2024-07-29T17:47:15+00:00\",\"mainEntityOfPage\":{\"@id\":\"https:\\\/\\\/www.grupomedcof.com.br\\\/blog\\\/residencia-medica-ses-rj-2024\\\/\"},\"wordCount\":502,\"commentCount\":0,\"publisher\":{\"@id\":\"https:\\\/\\\/www.grupomedcof.com.br\\\/blog\\\/#organization\"},\"image\":{\"@id\":\"https:\\\/\\\/www.grupomedcof.com.br\\\/blog\\\/residencia-medica-ses-rj-2024\\\/#primaryimage\"},\"thumbnailUrl\":\"https:\\\/\\\/www.grupomedcof.com.br\\\/blog\\\/wp-content\\\/uploads\\\/2024\\\/07\\\/Modelo-instituicoes-46.png\",\"keywords\":[\"Especialidades m\u00e9dicas\",\"Provas de Resid\u00eancia\",\"Raio-X Editais\",\"Resid\u00eancia M\u00e9dica\",\"SES-RJ\",\"SES-RJ 2024\"],\"articleSection\":[\"Raio-X Editais\"],\"inLanguage\":\"pt-BR\"},{\"@type\":\"WebPage\",\"@id\":\"https:\\\/\\\/www.grupomedcof.com.br\\\/blog\\\/residencia-medica-ses-rj-2024\\\/\",\"url\":\"https:\\\/\\\/www.grupomedcof.com.br\\\/blog\\\/residencia-medica-ses-rj-2024\\\/\",\"name\":\"Resid\u00eancia M\u00e9dica: SES-RJ 2024 - Blog de Medcof: conte\u00fados, editais, revalida e mais!\",\"isPartOf\":{\"@id\":\"https:\\\/\\\/www.grupomedcof.com.br\\\/blog\\\/#website\"},\"primaryImageOfPage\":{\"@id\":\"https:\\\/\\\/www.grupomedcof.com.br\\\/blog\\\/residencia-medica-ses-rj-2024\\\/#primaryimage\"},\"image\":{\"@id\":\"https:\\\/\\\/www.grupomedcof.com.br\\\/blog\\\/residencia-medica-ses-rj-2024\\\/#primaryimage\"},\"thumbnailUrl\":\"https:\\\/\\\/www.grupomedcof.com.br\\\/blog\\\/wp-content\\\/uploads\\\/2024\\\/07\\\/Modelo-instituicoes-46.png\",\"datePublished\":\"2024-07-29T17:47:12+00:00\",\"dateModified\":\"2024-07-29T17:47:15+00:00\",\"description\":\"Relembre como foi a \u00faltima edi\u00e7\u00e3o da prova de resid\u00eancia m\u00e9dica da SES-RJ, e ent\u00e3o, se prepare para a pr\u00f3xima prova!\",\"breadcrumb\":{\"@id\":\"https:\\\/\\\/www.grupomedcof.com.br\\\/blog\\\/residencia-medica-ses-rj-2024\\\/#breadcrumb\"},\"inLanguage\":\"pt-BR\",\"potentialAction\":[{\"@type\":\"ReadAction\",\"target\":[\"https:\\\/\\\/www.grupomedcof.com.br\\\/blog\\\/residencia-medica-ses-rj-2024\\\/\"]}]},{\"@type\":\"ImageObject\",\"inLanguage\":\"pt-BR\",\"@id\":\"https:\\\/\\\/www.grupomedcof.com.br\\\/blog\\\/residencia-medica-ses-rj-2024\\\/#primaryimage\",\"url\":\"https:\\\/\\\/www.grupomedcof.com.br\\\/blog\\\/wp-content\\\/uploads\\\/2024\\\/07\\\/Modelo-instituicoes-46.png\",\"contentUrl\":\"https:\\\/\\\/www.grupomedcof.com.br\\\/blog\\\/wp-content\\\/uploads\\\/2024\\\/07\\\/Modelo-instituicoes-46.png\",\"width\":2560,\"height\":1440},{\"@type\":\"BreadcrumbList\",\"@id\":\"https:\\\/\\\/www.grupomedcof.com.br\\\/blog\\\/residencia-medica-ses-rj-2024\\\/#breadcrumb\",\"itemListElement\":[{\"@type\":\"ListItem\",\"position\":1,\"name\":\"In\u00edcio\",\"item\":\"https:\\\/\\\/www.grupomedcof.com.br\\\/blog\\\/\"},{\"@type\":\"ListItem\",\"position\":2,\"name\":\"Resid\u00eancia M\u00e9dica: SES-RJ 2024\"}]},{\"@type\":\"WebSite\",\"@id\":\"https:\\\/\\\/www.grupomedcof.com.br\\\/blog\\\/#website\",\"url\":\"https:\\\/\\\/www.grupomedcof.com.br\\\/blog\\\/\",\"name\":\"Blog de Medcof: conte\u00fados, editais, revalida e mais!\",\"description\":\"Acesso o blog de MedCof! Seu portal de conte\u00fados sobre resid\u00eancia m\u00e9dica, an\u00e1lise e editais e muito mais. Clique e confira!\",\"publisher\":{\"@id\":\"https:\\\/\\\/www.grupomedcof.com.br\\\/blog\\\/#organization\"},\"alternateName\":\"Blog de Medcof: conte\u00fados, editais, revalida e mais!\",\"potentialAction\":[{\"@type\":\"SearchAction\",\"target\":{\"@type\":\"EntryPoint\",\"urlTemplate\":\"https:\\\/\\\/www.grupomedcof.com.br\\\/blog\\\/?s={search_term_string}\"},\"query-input\":{\"@type\":\"PropertyValueSpecification\",\"valueRequired\":true,\"valueName\":\"search_term_string\"}}],\"inLanguage\":\"pt-BR\"},{\"@type\":\"Organization\",\"@id\":\"https:\\\/\\\/www.grupomedcof.com.br\\\/blog\\\/#organization\",\"name\":\"Grupo MedCof\",\"url\":\"https:\\\/\\\/www.grupomedcof.com.br\\\/blog\\\/\",\"logo\":{\"@type\":\"ImageObject\",\"inLanguage\":\"pt-BR\",\"@id\":\"https:\\\/\\\/www.grupomedcof.com.br\\\/blog\\\/#\\\/schema\\\/logo\\\/image\\\/\",\"url\":\"https:\\\/\\\/www.grupomedcof.com.br\\\/blog\\\/wp-content\\\/uploads\\\/2022\\\/01\\\/logo-medcof.png\",\"contentUrl\":\"https:\\\/\\\/www.grupomedcof.com.br\\\/blog\\\/wp-content\\\/uploads\\\/2022\\\/01\\\/logo-medcof.png\",\"width\":768,\"height\":269,\"caption\":\"Grupo MedCof\"},\"image\":{\"@id\":\"https:\\\/\\\/www.grupomedcof.com.br\\\/blog\\\/#\\\/schema\\\/logo\\\/image\\\/\"},\"sameAs\":[\"https:\\\/\\\/www.facebook.com\\\/MedCofQbank\\\/\",\"https:\\\/\\\/www.instagram.com\\\/grupomedcof\\\/\",\"https:\\\/\\\/br.linkedin.com\\\/company\\\/medcof\",\"https:\\\/\\\/www.youtube.com\\\/channel\\\/UCdHMuOHKICxcHwecxN8P-AA\"]},{\"@type\":\"Person\",\"@id\":\"https:\\\/\\\/www.grupomedcof.com.br\\\/blog\\\/#\\\/schema\\\/person\\\/2a5527209c17e7eb35bd6a4ebd5c7956\",\"name\":\"Leila Menzel\",\"image\":{\"@type\":\"ImageObject\",\"inLanguage\":\"pt-BR\",\"@id\":\"https:\\\/\\\/www.grupomedcof.com.br\\\/blog\\\/wp-content\\\/uploads\\\/2023\\\/04\\\/cropped-cropped-cropped-logo-96x96.png15459389df217b605b4f0cce419ac81a\",\"url\":\"https:\\\/\\\/www.grupomedcof.com.br\\\/blog\\\/wp-content\\\/uploads\\\/2023\\\/04\\\/cropped-cropped-cropped-logo-96x96.png\",\"contentUrl\":\"https:\\\/\\\/www.grupomedcof.com.br\\\/blog\\\/wp-content\\\/uploads\\\/2023\\\/04\\\/cropped-cropped-cropped-logo-96x96.png\",\"caption\":\"Leila Menzel\"},\"description\":\"Estudante do 6\u00b0 semestre de jornalismo, amo e escrevo poesias e viajo em livros de romances clich\u00eas.\",\"url\":\"https:\\\/\\\/www.grupomedcof.com.br\\\/blog\\\/author\\\/leila\\\/\"}]}<\/script>\n<!-- \/ Yoast SEO Premium plugin. -->","yoast_head_json":{"title":"Resid\u00eancia M\u00e9dica: SES-RJ 2024 - Blog de Medcof: conte\u00fados, editais, revalida e mais!","description":"Relembre como foi a \u00faltima edi\u00e7\u00e3o da prova de resid\u00eancia m\u00e9dica da SES-RJ, e ent\u00e3o, se prepare para a pr\u00f3xima prova!","robots":{"index":"index","follow":"follow","max-snippet":"max-snippet:-1","max-image-preview":"max-image-preview:large","max-video-preview":"max-video-preview:-1"},"canonical":"https:\/\/www.grupomedcof.com.br\/blog\/residencia-medica-ses-rj-2024\/","og_locale":"pt_BR","og_type":"article","og_title":"Resid\u00eancia M\u00e9dica: SES-RJ 2024","og_description":"Relembre como foi a \u00faltima edi\u00e7\u00e3o da prova de resid\u00eancia m\u00e9dica da SES-RJ, e ent\u00e3o, se prepare para a pr\u00f3xima prova!","og_url":"https:\/\/www.grupomedcof.com.br\/blog\/residencia-medica-ses-rj-2024\/","og_site_name":"Blog de Medcof: conte\u00fados, editais, revalida e mais!","article_publisher":"https:\/\/www.facebook.com\/MedCofQbank\/","article_published_time":"2024-07-29T17:47:12+00:00","article_modified_time":"2024-07-29T17:47:15+00:00","og_image":[{"width":2560,"height":1440,"url":"https:\/\/www.grupomedcof.com.br\/blog\/wp-content\/uploads\/2024\/07\/Modelo-instituicoes-46.png","type":"image\/png"}],"author":"Leila Menzel","twitter_card":"summary_large_image","twitter_misc":{"Escrito por":"Leila Menzel","Est. tempo de leitura":"4 minutos"},"schema":{"@context":"https:\/\/schema.org","@graph":[{"@type":"Article","@id":"https:\/\/www.grupomedcof.com.br\/blog\/residencia-medica-ses-rj-2024\/#article","isPartOf":{"@id":"https:\/\/www.grupomedcof.com.br\/blog\/residencia-medica-ses-rj-2024\/"},"author":{"name":"Leila Menzel","@id":"https:\/\/www.grupomedcof.com.br\/blog\/#\/schema\/person\/2a5527209c17e7eb35bd6a4ebd5c7956"},"headline":"Resid\u00eancia M\u00e9dica: SES-RJ 2024","datePublished":"2024-07-29T17:47:12+00:00","dateModified":"2024-07-29T17:47:15+00:00","mainEntityOfPage":{"@id":"https:\/\/www.grupomedcof.com.br\/blog\/residencia-medica-ses-rj-2024\/"},"wordCount":502,"commentCount":0,"publisher":{"@id":"https:\/\/www.grupomedcof.com.br\/blog\/#organization"},"image":{"@id":"https:\/\/www.grupomedcof.com.br\/blog\/residencia-medica-ses-rj-2024\/#primaryimage"},"thumbnailUrl":"https:\/\/www.grupomedcof.com.br\/blog\/wp-content\/uploads\/2024\/07\/Modelo-instituicoes-46.png","keywords":["Especialidades m\u00e9dicas","Provas de Resid\u00eancia","Raio-X Editais","Resid\u00eancia M\u00e9dica","SES-RJ","SES-RJ 2024"],"articleSection":["Raio-X Editais"],"inLanguage":"pt-BR"},{"@type":"WebPage","@id":"https:\/\/www.grupomedcof.com.br\/blog\/residencia-medica-ses-rj-2024\/","url":"https:\/\/www.grupomedcof.com.br\/blog\/residencia-medica-ses-rj-2024\/","name":"Resid\u00eancia M\u00e9dica: SES-RJ 2024 - Blog de Medcof: conte\u00fados, editais, revalida e mais!","isPartOf":{"@id":"https:\/\/www.grupomedcof.com.br\/blog\/#website"},"primaryImageOfPage":{"@id":"https:\/\/www.grupomedcof.com.br\/blog\/residencia-medica-ses-rj-2024\/#primaryimage"},"image":{"@id":"https:\/\/www.grupomedcof.com.br\/blog\/residencia-medica-ses-rj-2024\/#primaryimage"},"thumbnailUrl":"https:\/\/www.grupomedcof.com.br\/blog\/wp-content\/uploads\/2024\/07\/Modelo-instituicoes-46.png","datePublished":"2024-07-29T17:47:12+00:00","dateModified":"2024-07-29T17:47:15+00:00","description":"Relembre como foi a \u00faltima edi\u00e7\u00e3o da prova de resid\u00eancia m\u00e9dica da SES-RJ, e ent\u00e3o, se prepare para a pr\u00f3xima prova!","breadcrumb":{"@id":"https:\/\/www.grupomedcof.com.br\/blog\/residencia-medica-ses-rj-2024\/#breadcrumb"},"inLanguage":"pt-BR","potentialAction":[{"@type":"ReadAction","target":["https:\/\/www.grupomedcof.com.br\/blog\/residencia-medica-ses-rj-2024\/"]}]},{"@type":"ImageObject","inLanguage":"pt-BR","@id":"https:\/\/www.grupomedcof.com.br\/blog\/residencia-medica-ses-rj-2024\/#primaryimage","url":"https:\/\/www.grupomedcof.com.br\/blog\/wp-content\/uploads\/2024\/07\/Modelo-instituicoes-46.png","contentUrl":"https:\/\/www.grupomedcof.com.br\/blog\/wp-content\/uploads\/2024\/07\/Modelo-instituicoes-46.png","width":2560,"height":1440},{"@type":"BreadcrumbList","@id":"https:\/\/www.grupomedcof.com.br\/blog\/residencia-medica-ses-rj-2024\/#breadcrumb","itemListElement":[{"@type":"ListItem","position":1,"name":"In\u00edcio","item":"https:\/\/www.grupomedcof.com.br\/blog\/"},{"@type":"ListItem","position":2,"name":"Resid\u00eancia M\u00e9dica: SES-RJ 2024"}]},{"@type":"WebSite","@id":"https:\/\/www.grupomedcof.com.br\/blog\/#website","url":"https:\/\/www.grupomedcof.com.br\/blog\/","name":"Blog de Medcof: conte\u00fados, editais, revalida e mais!","description":"Acesso o blog de MedCof! Seu portal de conte\u00fados sobre resid\u00eancia m\u00e9dica, an\u00e1lise e editais e muito mais. Clique e confira!","publisher":{"@id":"https:\/\/www.grupomedcof.com.br\/blog\/#organization"},"alternateName":"Blog de Medcof: conte\u00fados, editais, revalida e mais!","potentialAction":[{"@type":"SearchAction","target":{"@type":"EntryPoint","urlTemplate":"https:\/\/www.grupomedcof.com.br\/blog\/?s={search_term_string}"},"query-input":{"@type":"PropertyValueSpecification","valueRequired":true,"valueName":"search_term_string"}}],"inLanguage":"pt-BR"},{"@type":"Organization","@id":"https:\/\/www.grupomedcof.com.br\/blog\/#organization","name":"Grupo MedCof","url":"https:\/\/www.grupomedcof.com.br\/blog\/","logo":{"@type":"ImageObject","inLanguage":"pt-BR","@id":"https:\/\/www.grupomedcof.com.br\/blog\/#\/schema\/logo\/image\/","url":"https:\/\/www.grupomedcof.com.br\/blog\/wp-content\/uploads\/2022\/01\/logo-medcof.png","contentUrl":"https:\/\/www.grupomedcof.com.br\/blog\/wp-content\/uploads\/2022\/01\/logo-medcof.png","width":768,"height":269,"caption":"Grupo MedCof"},"image":{"@id":"https:\/\/www.grupomedcof.com.br\/blog\/#\/schema\/logo\/image\/"},"sameAs":["https:\/\/www.facebook.com\/MedCofQbank\/","https:\/\/www.instagram.com\/grupomedcof\/","https:\/\/br.linkedin.com\/company\/medcof","https:\/\/www.youtube.com\/channel\/UCdHMuOHKICxcHwecxN8P-AA"]},{"@type":"Person","@id":"https:\/\/www.grupomedcof.com.br\/blog\/#\/schema\/person\/2a5527209c17e7eb35bd6a4ebd5c7956","name":"Leila Menzel","image":{"@type":"ImageObject","inLanguage":"pt-BR","@id":"https:\/\/www.grupomedcof.com.br\/blog\/wp-content\/uploads\/2023\/04\/cropped-cropped-cropped-logo-96x96.png15459389df217b605b4f0cce419ac81a","url":"https:\/\/www.grupomedcof.com.br\/blog\/wp-content\/uploads\/2023\/04\/cropped-cropped-cropped-logo-96x96.png","contentUrl":"https:\/\/www.grupomedcof.com.br\/blog\/wp-content\/uploads\/2023\/04\/cropped-cropped-cropped-logo-96x96.png","caption":"Leila Menzel"},"description":"Estudante do 6\u00b0 semestre de jornalismo, amo e escrevo poesias e viajo em livros de romances clich\u00eas.","url":"https:\/\/www.grupomedcof.com.br\/blog\/author\/leila\/"}]}},"authors":[{"term_id":3611,"user_id":18,"is_guest":0,"slug":"leila","display_name":"Leila Menzel","avatar_url":"https:\/\/www.grupomedcof.com.br\/blog\/wp-content\/uploads\/2023\/04\/cropped-cropped-cropped-logo-96x96.png","0":null,"1":"","2":"","3":"","4":"","5":"","6":"","7":"","8":""}],"_links":{"self":[{"href":"https:\/\/www.grupomedcof.com.br\/blog\/wp-json\/wp\/v2\/posts\/28153","targetHints":{"allow":["GET"]}}],"collection":[{"href":"https:\/\/www.grupomedcof.com.br\/blog\/wp-json\/wp\/v2\/posts"}],"about":[{"href":"https:\/\/www.grupomedcof.com.br\/blog\/wp-json\/wp\/v2\/types\/post"}],"author":[{"embeddable":true,"href":"https:\/\/www.grupomedcof.com.br\/blog\/wp-json\/wp\/v2\/users\/18"}],"replies":[{"embeddable":true,"href":"https:\/\/www.grupomedcof.com.br\/blog\/wp-json\/wp\/v2\/comments?post=28153"}],"version-history":[{"count":0,"href":"https:\/\/www.grupomedcof.com.br\/blog\/wp-json\/wp\/v2\/posts\/28153\/revisions"}],"wp:featuredmedia":[{"embeddable":true,"href":"https:\/\/www.grupomedcof.com.br\/blog\/wp-json\/wp\/v2\/media\/28159"}],"wp:attachment":[{"href":"https:\/\/www.grupomedcof.com.br\/blog\/wp-json\/wp\/v2\/media?parent=28153"}],"wp:term":[{"taxonomy":"category","embeddable":true,"href":"https:\/\/www.grupomedcof.com.br\/blog\/wp-json\/wp\/v2\/categories?post=28153"},{"taxonomy":"post_tag","embeddable":true,"href":"https:\/\/www.grupomedcof.com.br\/blog\/wp-json\/wp\/v2\/tags?post=28153"},{"taxonomy":"author","embeddable":true,"href":"https:\/\/www.grupomedcof.com.br\/blog\/wp-json\/wp\/v2\/ppma_author?post=28153"}],"curies":[{"name":"wp","href":"https:\/\/api.w.org\/{rel}","templated":true}]}}