{"id":28161,"date":"2024-07-29T16:22:00","date_gmt":"2024-07-29T19:22:00","guid":{"rendered":"https:\/\/www.grupomedcof.com.br\/blog\/?p=28161"},"modified":"2024-08-13T13:16:44","modified_gmt":"2024-08-13T16:16:44","slug":"uso-de-fenol-cfm-pede-a-revogacao-da-resolucao-de-proibicao-a-anvisa","status":"publish","type":"post","link":"https:\/\/www.grupomedcof.com.br\/blog\/uso-de-fenol-cfm-pede-a-revogacao-da-resolucao-de-proibicao-a-anvisa\/","title":{"rendered":"Uso de fenol: CFM pede a revoga\u00e7\u00e3o da resolu\u00e7\u00e3o de proibi\u00e7\u00e3o \u00e0 Anvisa"},"content":{"rendered":"<div id=\"ez-toc-container\" class=\"ez-toc-v2_0_74 counter-hierarchy ez-toc-counter ez-toc-transparent ez-toc-container-direction\">\n<div class=\"ez-toc-title-container\">\n<p class=\"ez-toc-title\" style=\"cursor:inherit\">Sum\u00e1rio<\/p>\n<span class=\"ez-toc-title-toggle\"><a href=\"#\" class=\"ez-toc-pull-right ez-toc-btn ez-toc-btn-xs ez-toc-btn-default ez-toc-toggle\" aria-label=\"Alternar tabela de conte\u00fado\"><span class=\"ez-toc-js-icon-con\"><span class=\"\"><span class=\"eztoc-hide\" style=\"display:none;\">Toggle<\/span><span class=\"ez-toc-icon-toggle-span\"><svg style=\"fill: #999;color:#999\" xmlns=\"http:\/\/www.w3.org\/2000\/svg\" class=\"list-377408\" width=\"20px\" height=\"20px\" viewBox=\"0 0 24 24\" fill=\"none\"><path d=\"M6 6H4v2h2V6zm14 0H8v2h12V6zM4 11h2v2H4v-2zm16 0H8v2h12v-2zM4 16h2v2H4v-2zm16 0H8v2h12v-2z\" fill=\"currentColor\"><\/path><\/svg><svg style=\"fill: #999;color:#999\" class=\"arrow-unsorted-368013\" xmlns=\"http:\/\/www.w3.org\/2000\/svg\" width=\"10px\" height=\"10px\" viewBox=\"0 0 24 24\" version=\"1.2\" baseProfile=\"tiny\"><path d=\"M18.2 9.3l-6.2-6.3-6.2 6.3c-.2.2-.3.4-.3.7s.1.5.3.7c.2.2.4.3.7.3h11c.3 0 .5-.1.7-.3.2-.2.3-.5.3-.7s-.1-.5-.3-.7zM5.8 14.7l6.2 6.3 6.2-6.3c.2-.2.3-.5.3-.7s-.1-.5-.3-.7c-.2-.2-.4-.3-.7-.3h-11c-.3 0-.5.1-.7.3-.2.2-.3.5-.3.7s.1.5.3.7z\"\/><\/svg><\/span><\/span><\/span><\/a><\/span><\/div>\n<nav><ul class='ez-toc-list ez-toc-list-level-1 ' ><li class='ez-toc-page-1 ez-toc-heading-level-2'><a class=\"ez-toc-link ez-toc-heading-1\" href=\"https:\/\/www.grupomedcof.com.br\/blog\/uso-de-fenol-cfm-pede-a-revogacao-da-resolucao-de-proibicao-a-anvisa\/#Evidencias_cientificas_apresentadas_a_Anvisa\" >Evid\u00eancias cient\u00edficas apresentadas \u00e0 Anvisa<\/a><\/li><li class='ez-toc-page-1 ez-toc-heading-level-2'><a class=\"ez-toc-link ez-toc-heading-2\" href=\"https:\/\/www.grupomedcof.com.br\/blog\/uso-de-fenol-cfm-pede-a-revogacao-da-resolucao-de-proibicao-a-anvisa\/#Os_usos_medicos_do_fenol\" >Os usos m\u00e9dicos do fenol<\/a><ul class='ez-toc-list-level-3' ><li class='ez-toc-heading-level-3'><a class=\"ez-toc-link ez-toc-heading-3\" href=\"https:\/\/www.grupomedcof.com.br\/blog\/uso-de-fenol-cfm-pede-a-revogacao-da-resolucao-de-proibicao-a-anvisa\/#Urologia\" >Urologia<\/a><\/li><li class='ez-toc-page-1 ez-toc-heading-level-3'><a class=\"ez-toc-link ez-toc-heading-4\" href=\"https:\/\/www.grupomedcof.com.br\/blog\/uso-de-fenol-cfm-pede-a-revogacao-da-resolucao-de-proibicao-a-anvisa\/#Neurologia\" >Neurologia<\/a><\/li><li class='ez-toc-page-1 ez-toc-heading-level-3'><a class=\"ez-toc-link ez-toc-heading-5\" href=\"https:\/\/www.grupomedcof.com.br\/blog\/uso-de-fenol-cfm-pede-a-revogacao-da-resolucao-de-proibicao-a-anvisa\/#Otorrinolaringologia\" >Otorrinolaringologia<\/a><\/li><li class='ez-toc-page-1 ez-toc-heading-level-3'><a class=\"ez-toc-link ez-toc-heading-6\" href=\"https:\/\/www.grupomedcof.com.br\/blog\/uso-de-fenol-cfm-pede-a-revogacao-da-resolucao-de-proibicao-a-anvisa\/#Coloproctologia\" >Coloproctologia<\/a><\/li><li class='ez-toc-page-1 ez-toc-heading-level-3'><a class=\"ez-toc-link ez-toc-heading-7\" href=\"https:\/\/www.grupomedcof.com.br\/blog\/uso-de-fenol-cfm-pede-a-revogacao-da-resolucao-de-proibicao-a-anvisa\/#Oncologia\" >Oncologia<\/a><\/li><li class='ez-toc-page-1 ez-toc-heading-level-3'><a class=\"ez-toc-link ez-toc-heading-8\" href=\"https:\/\/www.grupomedcof.com.br\/blog\/uso-de-fenol-cfm-pede-a-revogacao-da-resolucao-de-proibicao-a-anvisa\/#Dermatologia\" >Dermatologia<\/a><\/li><\/ul><\/li><li class='ez-toc-page-1 ez-toc-heading-level-2'><a class=\"ez-toc-link ez-toc-heading-9\" href=\"https:\/\/www.grupomedcof.com.br\/blog\/uso-de-fenol-cfm-pede-a-revogacao-da-resolucao-de-proibicao-a-anvisa\/#Prepare-se_conosco\" >Prepare-se conosco!<\/a><\/li><\/ul><\/nav><\/div>\n\n<figure class=\"wp-block-image size-large\"><img loading=\"lazy\" decoding=\"async\" width=\"1024\" height=\"576\" src=\"https:\/\/www.grupomedcof.com.br\/blog\/wp-content\/uploads\/2024\/07\/Modelo-instituicoes-47-1024x576.png\" alt=\"\" class=\"wp-image-28171\" srcset=\"https:\/\/www.grupomedcof.com.br\/blog\/wp-content\/uploads\/2024\/07\/Modelo-instituicoes-47-1024x576.png 1024w, https:\/\/www.grupomedcof.com.br\/blog\/wp-content\/uploads\/2024\/07\/Modelo-instituicoes-47-300x169.png 300w, https:\/\/www.grupomedcof.com.br\/blog\/wp-content\/uploads\/2024\/07\/Modelo-instituicoes-47-768x432.png 768w, https:\/\/www.grupomedcof.com.br\/blog\/wp-content\/uploads\/2024\/07\/Modelo-instituicoes-47-1536x864.png 1536w, https:\/\/www.grupomedcof.com.br\/blog\/wp-content\/uploads\/2024\/07\/Modelo-instituicoes-47-2048x1152.png 2048w, https:\/\/www.grupomedcof.com.br\/blog\/wp-content\/uploads\/2024\/07\/Modelo-instituicoes-47-747x420.png 747w, https:\/\/www.grupomedcof.com.br\/blog\/wp-content\/uploads\/2024\/07\/Modelo-instituicoes-47-150x84.png 150w, https:\/\/www.grupomedcof.com.br\/blog\/wp-content\/uploads\/2024\/07\/Modelo-instituicoes-47-696x392.png 696w, https:\/\/www.grupomedcof.com.br\/blog\/wp-content\/uploads\/2024\/07\/Modelo-instituicoes-47-1068x601.png 1068w, https:\/\/www.grupomedcof.com.br\/blog\/wp-content\/uploads\/2024\/07\/Modelo-instituicoes-47-1920x1080.png 1920w\" sizes=\"auto, (max-width: 1024px) 100vw, 1024px\" \/><\/figure>\n\n\n\n<p>O uso do fenol \u00e9 seguro e eficaz no tratamento de diversos tipos de c\u00e2ncer, incluindo tumores \u00f3sseos e met\u00e1stases \u00f3sseas. Por isso, ap\u00f3s a <strong><a href=\"https:\/\/www.grupomedcof.com.br\/blog\/uso-de-fenol-e-proibido-pela-anvisa\/\">proibi\u00e7\u00e3o do uso e da venda de fenol pela Anvisa<\/a><\/strong>, o Conselho Federal de Medicina (CFM), a Sociedade Brasileira de Dermatologia (SBD) e a Sociedade Brasileira de Cirurgia Pl\u00e1stica (SBCP)\u00a0acusam a necessidade de revoga\u00e7\u00e3o urgente da resolu\u00e7\u00e3o de proibi\u00e7\u00e3o (2.384\/2024). <\/p>\n\n\n\n<h2 class=\"wp-block-heading\" id=\"h-evidencias-cientificas-apresentadas-a-anvisa\"><span class=\"ez-toc-section\" id=\"Evidencias_cientificas_apresentadas_a_Anvisa\"><\/span><strong>Evid\u00eancias cient\u00edficas apresentadas \u00e0 Anvisa<\/strong><span class=\"ez-toc-section-end\"><\/span><\/h2>\n\n\n\n<p>A conclus\u00e3o enviada por meio de um of\u00edcio \u00e0 Anvisa, apresenta estudos que atestam que o problema n\u00e3o reside na subst\u00e2ncia em si, mas que possui efic\u00e1cia e seguran\u00e7a em procedimentos, desde que prescrita por m\u00e9dicos e submetida a protocolos espec\u00edficos, assim como aplica\u00e7\u00e3o em locais adequados. Assim, o documento fornece um pedido para que a Anvisa <strong>suspenda a<\/strong> <strong>Resolu\u00e7\u00e3o<\/strong>, que pro\u00edbe a venda e o uso de produtos \u00e0 base de fenol no Pa\u00eds.\u00a0E em substitui\u00e7\u00e3o a essa norma, as entidades pedem que seja definida a regra que condicione o acesso e manejo da subst\u00e2ncia \u00e0 exig\u00eancia de prescri\u00e7\u00e3o m\u00e9dica.<\/p>\n\n\n\n<p>De acordo com o trabalho das tr\u00eas entidades, o fenol tem v\u00e1rios usos na medicina, especialmente devido \u00e0s suas propriedades antiss\u00e9pticas e cauterizantes, e \u00e9, inclusive, utilizado no Sistema \u00danico de Sa\u00fade (SUS). Al\u00e9m disso, o fenol tem desempenhado um papel crucial em tratamentos dermatol\u00f3gicos e de outras \u00e1reas da medicina, proporcionando resultados eficazes e seguros quando administrado por m\u00e9dicos especialistas. V\u00e1rios estudos e revis\u00f5es de literatura demonstram que, quando utilizado adequadamente, o produto \u00e9 seguro e eficaz para o tratamento de<strong> patologias, c\u00e2ncer, analgesia, cirurgias ou interven\u00e7\u00f5es est\u00e9ticas.<\/strong><\/p>\n\n\n\n<p>E assim, depois de quase um m\u00eas ap\u00f3s a publica\u00e7\u00e3o das regras, a avalia\u00e7\u00e3o das entidades \u00e9 de que a Resolu\u00e7\u00e3o tem causado impacto negativo \u00e0 assist\u00eancia m\u00e9dica no Brasil. Assim, prejudicando tratamentos que est\u00e3o sendo postergados ou adiados para que o profissional respons\u00e1vel n\u00e3o incorra em transgress\u00e3o da norma imposta.<\/p>\n\n\n\n<h2 class=\"wp-block-heading\" id=\"h-os-usos-medicos-do-fenol\"><span class=\"ez-toc-section\" id=\"Os_usos_medicos_do_fenol\"><\/span><strong>Os usos m\u00e9dicos do fenol<\/strong><span class=\"ez-toc-section-end\"><\/span><\/h2>\n\n\n\n<h3 class=\"wp-block-heading\" id=\"h-urologia\"><span class=\"ez-toc-section\" id=\"Urologia\"><\/span><strong>Urologia<\/strong><span class=\"ez-toc-section-end\"><\/span><\/h3>\n\n\n\n<p>Utilizado em diversas condi\u00e7\u00f5es incluindo cistite hemorr\u00e1gica severa, bexiga hiperativa, tumores vesicais, hiperplasia prost\u00e1tica benigna e hidrocele. Suas aplica\u00e7\u00f5es envolvem instila\u00e7\u00e3o intravesical para controlar sangramentos, inje\u00e7\u00f5es subtrigonais para reduzir a hiperatividade do detrusor, e escleroterapia para tratar hidrocele.<\/p>\n\n\n\n<h3 class=\"wp-block-heading\" id=\"h-neurologia\"><span class=\"ez-toc-section\" id=\"Neurologia\"><\/span><strong>Neurologia<\/strong><span class=\"ez-toc-section-end\"><\/span><\/h3>\n\n\n\n<p>A neuroabla\u00e7\u00e3o com fenol \u00e9 uma abordagem terap\u00eautica eficaz para o manejo de dores cr\u00f4nicas n\u00e3o malignas refrat\u00e1rias. Desse modo, aplicada em diversas condi\u00e7\u00f5es cl\u00ednicas, como dor de membro fantasma, neuralgia do trig\u00eameo, dor lombar cr\u00f4nica e dor oncol\u00f3gica, a neuroabla\u00e7\u00e3o com fenol oferece uma alternativa valiosa quando os tratamentos convencionais s\u00e3o insuficientes, melhorando significativamente a qualidade de vida dos pacientes afetados.<\/p>\n\n\n\n<h3 class=\"wp-block-heading\" id=\"h-otorrinolaringologia\"><span class=\"ez-toc-section\" id=\"Otorrinolaringologia\"><\/span><strong>Otorrinolaringologia<\/strong><span class=\"ez-toc-section-end\"><\/span><\/h3>\n\n\n\n<p>O fenol \u00e9 \u00fatil em miringotomia, inser\u00e7\u00e3o de tubos de ventila\u00e7\u00e3o, no manejo da dor associada \u00e0 otite m\u00e9dia purulenta e no tratamento de otalgia refrat\u00e1ria.<\/p>\n\n\n\n<h3 class=\"wp-block-heading\" id=\"h-coloproctologia\"><span class=\"ez-toc-section\" id=\"Coloproctologia\"><\/span><strong>Coloproctologia<\/strong><span class=\"ez-toc-section-end\"><\/span><\/h3>\n\n\n\n<p>Amplamente utilizado na coloproctologia para tratar condi\u00e7\u00f5es como hemorroidas internas, f\u00edstulas anorretais e fissuras anais cr\u00f4nicas.<\/p>\n\n\n\n<h3 class=\"wp-block-heading\" id=\"h-oncologia\"><span class=\"ez-toc-section\" id=\"Oncologia\"><\/span><strong>Oncologia<\/strong><span class=\"ez-toc-section-end\"><\/span><\/h3>\n\n\n\n<p>O fenol \u00e9 um agente adjuvante no tratamento de diversos tipos de c\u00e2ncer, incluindo tumores \u00f3sseos e met\u00e1stases \u00f3sseas. E assim, \u00e9 utilizado para promover a necrose tumoral e reduzir a recidiva.<\/p>\n\n\n\n<h3 class=\"wp-block-heading\" id=\"h-dermatologia\"><span class=\"ez-toc-section\" id=\"Dermatologia\"><\/span><strong>Dermatologia<\/strong><span class=\"ez-toc-section-end\"><\/span><\/h3>\n\n\n\n<p>Na dermatologia, o fenol ocupa um lugar importante. Para algumas doen\u00e7as, como o tratamento do campo de canceriza\u00e7\u00e3o, seu uso \u00e9 imperativo. Em unhas, a fenoliza\u00e7\u00e3o da matriz unguel \u00e9 a \u00fanica terapia efetiva em pacientes com onicocriptose.<\/p>\n\n\n\n<h2 class=\"wp-block-heading\" id=\"h-prepare-se-conosco\"><span class=\"ez-toc-section\" id=\"Prepare-se_conosco\"><\/span><strong>Prepare-se conosco!<\/strong><span class=\"ez-toc-section-end\"><\/span><\/h2>\n\n\n\n<p>Quer se preparar para as provas de resid\u00eancia m\u00e9dica? Ent\u00e3o prepare-se com o\u00a0<a href=\"https:\/\/www.grupomedcof.com.br\/home\/\" target=\"_blank\" rel=\"noreferrer noopener\">Grupo MedCof!<\/a>\u00a0Aqui temos uma metodologia que j\u00e1 aprovou mais de 10 mil residentes por todo o pa\u00eds. Por fim, confira o v\u00eddeo no qual nossos especialistas tiram d\u00favidas sobre as\u00a0<a href=\"https:\/\/www.grupomedcof.com.br\/blog\/presenca-da-medcof-nas-aprovacoes-em-residencia-medica-no-brasil\/\" target=\"_blank\" rel=\"noreferrer noopener\">principais resid\u00eancias!<\/a><\/p>\n\n\n\n<figure class=\"wp-block-embed is-type-video is-provider-youtube wp-block-embed-youtube wp-embed-aspect-16-9 wp-has-aspect-ratio\"><div class=\"wp-block-embed__wrapper\">\n<iframe loading=\"lazy\" title=\"#6 Raio-X - Melhore seus resultados dominando as quest\u00f5es multim\u00eddias\" width=\"696\" height=\"392\" src=\"https:\/\/www.youtube.com\/embed\/7cbAsAHy5pA?feature=oembed\" frameborder=\"0\" allow=\"accelerometer; autoplay; clipboard-write; encrypted-media; gyroscope; picture-in-picture; web-share\" referrerpolicy=\"strict-origin-when-cross-origin\" allowfullscreen><\/iframe>\n<\/div><\/figure>\n","protected":false},"excerpt":{"rendered":"<p>O uso do fenol \u00e9 seguro e eficaz no tratamento de diversos tipos de c\u00e2ncer, incluindo tumores \u00f3sseos e met\u00e1stases \u00f3sseas.<\/p>\n","protected":false},"author":20,"featured_media":28171,"comment_status":"open","ping_status":"open","sticky":false,"template":"","format":"standard","meta":{"footnotes":""},"categories":[1802,203,173],"tags":[1685,264,204,160,1684,117,68,1687],"ppma_author":[3616],"class_list":{"0":"post-28161","1":"post","2":"type-post","3":"status-publish","4":"format-standard","5":"has-post-thumbnail","7":"category-cfm","8":"category-dermatologia","9":"category-novidades","10":"tag-anvisa","11":"tag-cfm","12":"tag-dermatologia","13":"tag-especialidades-cirurgicas","14":"tag-fenol","15":"tag-provas-de-residencia","16":"tag-residencia-medica","17":"tag-usos-medicos-do-fenol"},"yoast_head":"<!-- This site is optimized with the Yoast SEO Premium plugin v24.3 (Yoast SEO v27.4) - https:\/\/yoast.com\/product\/yoast-seo-premium-wordpress\/ -->\n<title>Uso de fenol: CFM pede a revoga\u00e7\u00e3o da resolu\u00e7\u00e3o de proibi\u00e7\u00e3o \u00e0 Anvisa - Blog de Medcof: conte\u00fados, editais, revalida e mais!<\/title>\n<meta name=\"description\" content=\"O uso do fenol \u00e9 seguro e eficaz no tratamento de diversos tipos de c\u00e2ncer, incluindo tumores \u00f3sseos e met\u00e1stases \u00f3sseas.\" \/>\n<meta name=\"robots\" content=\"index, follow, max-snippet:-1, max-image-preview:large, max-video-preview:-1\" \/>\n<link rel=\"canonical\" href=\"https:\/\/www.grupomedcof.com.br\/blog\/uso-de-fenol-cfm-pede-a-revogacao-da-resolucao-de-proibicao-a-anvisa\/\" \/>\n<meta property=\"og:locale\" content=\"pt_BR\" \/>\n<meta property=\"og:type\" content=\"article\" \/>\n<meta property=\"og:title\" content=\"Uso de fenol: CFM pede a revoga\u00e7\u00e3o da resolu\u00e7\u00e3o de proibi\u00e7\u00e3o \u00e0 Anvisa\" \/>\n<meta property=\"og:description\" content=\"O uso do fenol \u00e9 seguro e eficaz no tratamento de diversos tipos de c\u00e2ncer, incluindo tumores \u00f3sseos e met\u00e1stases \u00f3sseas.\" \/>\n<meta property=\"og:url\" content=\"https:\/\/www.grupomedcof.com.br\/blog\/uso-de-fenol-cfm-pede-a-revogacao-da-resolucao-de-proibicao-a-anvisa\/\" \/>\n<meta property=\"og:site_name\" content=\"Blog de Medcof: conte\u00fados, editais, revalida e mais!\" \/>\n<meta property=\"article:publisher\" content=\"https:\/\/www.facebook.com\/MedCofQbank\/\" \/>\n<meta property=\"article:published_time\" content=\"2024-07-29T19:22:00+00:00\" \/>\n<meta property=\"article:modified_time\" content=\"2024-08-13T16:16:44+00:00\" \/>\n<meta property=\"og:image\" content=\"https:\/\/www.grupomedcof.com.br\/blog\/wp-content\/uploads\/2024\/07\/Modelo-instituicoes-47.png\" \/>\n\t<meta property=\"og:image:width\" content=\"2560\" \/>\n\t<meta property=\"og:image:height\" content=\"1440\" \/>\n\t<meta property=\"og:image:type\" content=\"image\/png\" \/>\n<meta name=\"author\" content=\"Leila Menzel\" \/>\n<meta name=\"twitter:card\" content=\"summary_large_image\" \/>\n<meta name=\"twitter:label1\" content=\"Escrito por\" \/>\n\t<meta name=\"twitter:data1\" content=\"Leila Menzel\" \/>\n\t<meta name=\"twitter:label2\" content=\"Est. tempo de leitura\" \/>\n\t<meta name=\"twitter:data2\" content=\"4 minutos\" \/>\n<script type=\"application\/ld+json\" class=\"yoast-schema-graph\">{\"@context\":\"https:\\\/\\\/schema.org\",\"@graph\":[{\"@type\":\"Article\",\"@id\":\"https:\\\/\\\/www.grupomedcof.com.br\\\/blog\\\/uso-de-fenol-cfm-pede-a-revogacao-da-resolucao-de-proibicao-a-anvisa\\\/#article\",\"isPartOf\":{\"@id\":\"https:\\\/\\\/www.grupomedcof.com.br\\\/blog\\\/uso-de-fenol-cfm-pede-a-revogacao-da-resolucao-de-proibicao-a-anvisa\\\/\"},\"author\":{\"name\":\"Leila Menzel\",\"@id\":\"https:\\\/\\\/www.grupomedcof.com.br\\\/blog\\\/#\\\/schema\\\/person\\\/9a44c2184a836bf5ae6967fdb3a1451e\"},\"headline\":\"Uso de fenol: CFM pede a revoga\u00e7\u00e3o da resolu\u00e7\u00e3o de proibi\u00e7\u00e3o \u00e0 Anvisa\",\"datePublished\":\"2024-07-29T19:22:00+00:00\",\"dateModified\":\"2024-08-13T16:16:44+00:00\",\"mainEntityOfPage\":{\"@id\":\"https:\\\/\\\/www.grupomedcof.com.br\\\/blog\\\/uso-de-fenol-cfm-pede-a-revogacao-da-resolucao-de-proibicao-a-anvisa\\\/\"},\"wordCount\":674,\"commentCount\":0,\"publisher\":{\"@id\":\"https:\\\/\\\/www.grupomedcof.com.br\\\/blog\\\/#organization\"},\"image\":{\"@id\":\"https:\\\/\\\/www.grupomedcof.com.br\\\/blog\\\/uso-de-fenol-cfm-pede-a-revogacao-da-resolucao-de-proibicao-a-anvisa\\\/#primaryimage\"},\"thumbnailUrl\":\"https:\\\/\\\/www.grupomedcof.com.br\\\/blog\\\/wp-content\\\/uploads\\\/2024\\\/07\\\/Modelo-instituicoes-47.png\",\"keywords\":[\"Anvisa\",\"CFM\",\"Dermatologia\",\"Especialidades cir\u00fargicas\",\"Fenol\",\"Provas de Resid\u00eancia\",\"Resid\u00eancia M\u00e9dica\",\"Usos m\u00e9dicos do fenol\"],\"articleSection\":[\"CFM\",\"Dermatologia\",\"Novidades\"],\"inLanguage\":\"pt-BR\"},{\"@type\":\"WebPage\",\"@id\":\"https:\\\/\\\/www.grupomedcof.com.br\\\/blog\\\/uso-de-fenol-cfm-pede-a-revogacao-da-resolucao-de-proibicao-a-anvisa\\\/\",\"url\":\"https:\\\/\\\/www.grupomedcof.com.br\\\/blog\\\/uso-de-fenol-cfm-pede-a-revogacao-da-resolucao-de-proibicao-a-anvisa\\\/\",\"name\":\"Uso de fenol: CFM pede a revoga\u00e7\u00e3o da resolu\u00e7\u00e3o de proibi\u00e7\u00e3o \u00e0 Anvisa - Blog de Medcof: conte\u00fados, editais, revalida e mais!\",\"isPartOf\":{\"@id\":\"https:\\\/\\\/www.grupomedcof.com.br\\\/blog\\\/#website\"},\"primaryImageOfPage\":{\"@id\":\"https:\\\/\\\/www.grupomedcof.com.br\\\/blog\\\/uso-de-fenol-cfm-pede-a-revogacao-da-resolucao-de-proibicao-a-anvisa\\\/#primaryimage\"},\"image\":{\"@id\":\"https:\\\/\\\/www.grupomedcof.com.br\\\/blog\\\/uso-de-fenol-cfm-pede-a-revogacao-da-resolucao-de-proibicao-a-anvisa\\\/#primaryimage\"},\"thumbnailUrl\":\"https:\\\/\\\/www.grupomedcof.com.br\\\/blog\\\/wp-content\\\/uploads\\\/2024\\\/07\\\/Modelo-instituicoes-47.png\",\"datePublished\":\"2024-07-29T19:22:00+00:00\",\"dateModified\":\"2024-08-13T16:16:44+00:00\",\"description\":\"O uso do fenol \u00e9 seguro e eficaz no tratamento de diversos tipos de c\u00e2ncer, incluindo tumores \u00f3sseos e met\u00e1stases \u00f3sseas.\",\"breadcrumb\":{\"@id\":\"https:\\\/\\\/www.grupomedcof.com.br\\\/blog\\\/uso-de-fenol-cfm-pede-a-revogacao-da-resolucao-de-proibicao-a-anvisa\\\/#breadcrumb\"},\"inLanguage\":\"pt-BR\",\"potentialAction\":[{\"@type\":\"ReadAction\",\"target\":[\"https:\\\/\\\/www.grupomedcof.com.br\\\/blog\\\/uso-de-fenol-cfm-pede-a-revogacao-da-resolucao-de-proibicao-a-anvisa\\\/\"]}]},{\"@type\":\"ImageObject\",\"inLanguage\":\"pt-BR\",\"@id\":\"https:\\\/\\\/www.grupomedcof.com.br\\\/blog\\\/uso-de-fenol-cfm-pede-a-revogacao-da-resolucao-de-proibicao-a-anvisa\\\/#primaryimage\",\"url\":\"https:\\\/\\\/www.grupomedcof.com.br\\\/blog\\\/wp-content\\\/uploads\\\/2024\\\/07\\\/Modelo-instituicoes-47.png\",\"contentUrl\":\"https:\\\/\\\/www.grupomedcof.com.br\\\/blog\\\/wp-content\\\/uploads\\\/2024\\\/07\\\/Modelo-instituicoes-47.png\",\"width\":2560,\"height\":1440},{\"@type\":\"BreadcrumbList\",\"@id\":\"https:\\\/\\\/www.grupomedcof.com.br\\\/blog\\\/uso-de-fenol-cfm-pede-a-revogacao-da-resolucao-de-proibicao-a-anvisa\\\/#breadcrumb\",\"itemListElement\":[{\"@type\":\"ListItem\",\"position\":1,\"name\":\"In\u00edcio\",\"item\":\"https:\\\/\\\/www.grupomedcof.com.br\\\/blog\\\/\"},{\"@type\":\"ListItem\",\"position\":2,\"name\":\"Uso de fenol: CFM pede a revoga\u00e7\u00e3o da resolu\u00e7\u00e3o de proibi\u00e7\u00e3o \u00e0 Anvisa\"}]},{\"@type\":\"WebSite\",\"@id\":\"https:\\\/\\\/www.grupomedcof.com.br\\\/blog\\\/#website\",\"url\":\"https:\\\/\\\/www.grupomedcof.com.br\\\/blog\\\/\",\"name\":\"Blog de Medcof: conte\u00fados, editais, revalida e mais!\",\"description\":\"Acesso o blog de MedCof! Seu portal de conte\u00fados sobre resid\u00eancia m\u00e9dica, an\u00e1lise e editais e muito mais. Clique e confira!\",\"publisher\":{\"@id\":\"https:\\\/\\\/www.grupomedcof.com.br\\\/blog\\\/#organization\"},\"alternateName\":\"Blog de Medcof: conte\u00fados, editais, revalida e mais!\",\"potentialAction\":[{\"@type\":\"SearchAction\",\"target\":{\"@type\":\"EntryPoint\",\"urlTemplate\":\"https:\\\/\\\/www.grupomedcof.com.br\\\/blog\\\/?s={search_term_string}\"},\"query-input\":{\"@type\":\"PropertyValueSpecification\",\"valueRequired\":true,\"valueName\":\"search_term_string\"}}],\"inLanguage\":\"pt-BR\"},{\"@type\":\"Organization\",\"@id\":\"https:\\\/\\\/www.grupomedcof.com.br\\\/blog\\\/#organization\",\"name\":\"Grupo MedCof\",\"url\":\"https:\\\/\\\/www.grupomedcof.com.br\\\/blog\\\/\",\"logo\":{\"@type\":\"ImageObject\",\"inLanguage\":\"pt-BR\",\"@id\":\"https:\\\/\\\/www.grupomedcof.com.br\\\/blog\\\/#\\\/schema\\\/logo\\\/image\\\/\",\"url\":\"https:\\\/\\\/www.grupomedcof.com.br\\\/blog\\\/wp-content\\\/uploads\\\/2022\\\/01\\\/logo-medcof.png\",\"contentUrl\":\"https:\\\/\\\/www.grupomedcof.com.br\\\/blog\\\/wp-content\\\/uploads\\\/2022\\\/01\\\/logo-medcof.png\",\"width\":768,\"height\":269,\"caption\":\"Grupo MedCof\"},\"image\":{\"@id\":\"https:\\\/\\\/www.grupomedcof.com.br\\\/blog\\\/#\\\/schema\\\/logo\\\/image\\\/\"},\"sameAs\":[\"https:\\\/\\\/www.facebook.com\\\/MedCofQbank\\\/\",\"https:\\\/\\\/www.instagram.com\\\/grupomedcof\\\/\",\"https:\\\/\\\/br.linkedin.com\\\/company\\\/medcof\",\"https:\\\/\\\/www.youtube.com\\\/channel\\\/UCdHMuOHKICxcHwecxN8P-AA\"]},{\"@type\":\"Person\",\"@id\":\"https:\\\/\\\/www.grupomedcof.com.br\\\/blog\\\/#\\\/schema\\\/person\\\/9a44c2184a836bf5ae6967fdb3a1451e\",\"name\":\"Leila Menzel\",\"image\":{\"@type\":\"ImageObject\",\"inLanguage\":\"pt-BR\",\"@id\":\"https:\\\/\\\/www.grupomedcof.com.br\\\/blog\\\/wp-content\\\/uploads\\\/2025\\\/09\\\/cropped-eu-96x96.jpeg19a74936d997c0a8b3031618467fa1d0\",\"url\":\"https:\\\/\\\/www.grupomedcof.com.br\\\/blog\\\/wp-content\\\/uploads\\\/2025\\\/09\\\/cropped-eu-96x96.jpeg\",\"contentUrl\":\"https:\\\/\\\/www.grupomedcof.com.br\\\/blog\\\/wp-content\\\/uploads\\\/2025\\\/09\\\/cropped-eu-96x96.jpeg\",\"caption\":\"Leila Menzel\"},\"description\":\"Estudante do 6\u00b0 semestre de jornalismo, amo e escrevo poesias e viajo em livros de romances clich\u00eas.\",\"url\":\"https:\\\/\\\/www.grupomedcof.com.br\\\/blog\\\/author\\\/leila-menzel\\\/\"}]}<\/script>\n<!-- \/ Yoast SEO Premium plugin. -->","yoast_head_json":{"title":"Uso de fenol: CFM pede a revoga\u00e7\u00e3o da resolu\u00e7\u00e3o de proibi\u00e7\u00e3o \u00e0 Anvisa - Blog de Medcof: conte\u00fados, editais, revalida e mais!","description":"O uso do fenol \u00e9 seguro e eficaz no tratamento de diversos tipos de c\u00e2ncer, incluindo tumores \u00f3sseos e met\u00e1stases \u00f3sseas.","robots":{"index":"index","follow":"follow","max-snippet":"max-snippet:-1","max-image-preview":"max-image-preview:large","max-video-preview":"max-video-preview:-1"},"canonical":"https:\/\/www.grupomedcof.com.br\/blog\/uso-de-fenol-cfm-pede-a-revogacao-da-resolucao-de-proibicao-a-anvisa\/","og_locale":"pt_BR","og_type":"article","og_title":"Uso de fenol: CFM pede a revoga\u00e7\u00e3o da resolu\u00e7\u00e3o de proibi\u00e7\u00e3o \u00e0 Anvisa","og_description":"O uso do fenol \u00e9 seguro e eficaz no tratamento de diversos tipos de c\u00e2ncer, incluindo tumores \u00f3sseos e met\u00e1stases \u00f3sseas.","og_url":"https:\/\/www.grupomedcof.com.br\/blog\/uso-de-fenol-cfm-pede-a-revogacao-da-resolucao-de-proibicao-a-anvisa\/","og_site_name":"Blog de Medcof: conte\u00fados, editais, revalida e mais!","article_publisher":"https:\/\/www.facebook.com\/MedCofQbank\/","article_published_time":"2024-07-29T19:22:00+00:00","article_modified_time":"2024-08-13T16:16:44+00:00","og_image":[{"width":2560,"height":1440,"url":"https:\/\/www.grupomedcof.com.br\/blog\/wp-content\/uploads\/2024\/07\/Modelo-instituicoes-47.png","type":"image\/png"}],"author":"Leila Menzel","twitter_card":"summary_large_image","twitter_misc":{"Escrito por":"Leila Menzel","Est. tempo de leitura":"4 minutos"},"schema":{"@context":"https:\/\/schema.org","@graph":[{"@type":"Article","@id":"https:\/\/www.grupomedcof.com.br\/blog\/uso-de-fenol-cfm-pede-a-revogacao-da-resolucao-de-proibicao-a-anvisa\/#article","isPartOf":{"@id":"https:\/\/www.grupomedcof.com.br\/blog\/uso-de-fenol-cfm-pede-a-revogacao-da-resolucao-de-proibicao-a-anvisa\/"},"author":{"name":"Leila Menzel","@id":"https:\/\/www.grupomedcof.com.br\/blog\/#\/schema\/person\/9a44c2184a836bf5ae6967fdb3a1451e"},"headline":"Uso de fenol: CFM pede a revoga\u00e7\u00e3o da resolu\u00e7\u00e3o de proibi\u00e7\u00e3o \u00e0 Anvisa","datePublished":"2024-07-29T19:22:00+00:00","dateModified":"2024-08-13T16:16:44+00:00","mainEntityOfPage":{"@id":"https:\/\/www.grupomedcof.com.br\/blog\/uso-de-fenol-cfm-pede-a-revogacao-da-resolucao-de-proibicao-a-anvisa\/"},"wordCount":674,"commentCount":0,"publisher":{"@id":"https:\/\/www.grupomedcof.com.br\/blog\/#organization"},"image":{"@id":"https:\/\/www.grupomedcof.com.br\/blog\/uso-de-fenol-cfm-pede-a-revogacao-da-resolucao-de-proibicao-a-anvisa\/#primaryimage"},"thumbnailUrl":"https:\/\/www.grupomedcof.com.br\/blog\/wp-content\/uploads\/2024\/07\/Modelo-instituicoes-47.png","keywords":["Anvisa","CFM","Dermatologia","Especialidades cir\u00fargicas","Fenol","Provas de Resid\u00eancia","Resid\u00eancia M\u00e9dica","Usos m\u00e9dicos do fenol"],"articleSection":["CFM","Dermatologia","Novidades"],"inLanguage":"pt-BR"},{"@type":"WebPage","@id":"https:\/\/www.grupomedcof.com.br\/blog\/uso-de-fenol-cfm-pede-a-revogacao-da-resolucao-de-proibicao-a-anvisa\/","url":"https:\/\/www.grupomedcof.com.br\/blog\/uso-de-fenol-cfm-pede-a-revogacao-da-resolucao-de-proibicao-a-anvisa\/","name":"Uso de fenol: CFM pede a revoga\u00e7\u00e3o da resolu\u00e7\u00e3o de proibi\u00e7\u00e3o \u00e0 Anvisa - Blog de Medcof: conte\u00fados, editais, revalida e mais!","isPartOf":{"@id":"https:\/\/www.grupomedcof.com.br\/blog\/#website"},"primaryImageOfPage":{"@id":"https:\/\/www.grupomedcof.com.br\/blog\/uso-de-fenol-cfm-pede-a-revogacao-da-resolucao-de-proibicao-a-anvisa\/#primaryimage"},"image":{"@id":"https:\/\/www.grupomedcof.com.br\/blog\/uso-de-fenol-cfm-pede-a-revogacao-da-resolucao-de-proibicao-a-anvisa\/#primaryimage"},"thumbnailUrl":"https:\/\/www.grupomedcof.com.br\/blog\/wp-content\/uploads\/2024\/07\/Modelo-instituicoes-47.png","datePublished":"2024-07-29T19:22:00+00:00","dateModified":"2024-08-13T16:16:44+00:00","description":"O uso do fenol \u00e9 seguro e eficaz no tratamento de diversos tipos de c\u00e2ncer, incluindo tumores \u00f3sseos e met\u00e1stases \u00f3sseas.","breadcrumb":{"@id":"https:\/\/www.grupomedcof.com.br\/blog\/uso-de-fenol-cfm-pede-a-revogacao-da-resolucao-de-proibicao-a-anvisa\/#breadcrumb"},"inLanguage":"pt-BR","potentialAction":[{"@type":"ReadAction","target":["https:\/\/www.grupomedcof.com.br\/blog\/uso-de-fenol-cfm-pede-a-revogacao-da-resolucao-de-proibicao-a-anvisa\/"]}]},{"@type":"ImageObject","inLanguage":"pt-BR","@id":"https:\/\/www.grupomedcof.com.br\/blog\/uso-de-fenol-cfm-pede-a-revogacao-da-resolucao-de-proibicao-a-anvisa\/#primaryimage","url":"https:\/\/www.grupomedcof.com.br\/blog\/wp-content\/uploads\/2024\/07\/Modelo-instituicoes-47.png","contentUrl":"https:\/\/www.grupomedcof.com.br\/blog\/wp-content\/uploads\/2024\/07\/Modelo-instituicoes-47.png","width":2560,"height":1440},{"@type":"BreadcrumbList","@id":"https:\/\/www.grupomedcof.com.br\/blog\/uso-de-fenol-cfm-pede-a-revogacao-da-resolucao-de-proibicao-a-anvisa\/#breadcrumb","itemListElement":[{"@type":"ListItem","position":1,"name":"In\u00edcio","item":"https:\/\/www.grupomedcof.com.br\/blog\/"},{"@type":"ListItem","position":2,"name":"Uso de fenol: CFM pede a revoga\u00e7\u00e3o da resolu\u00e7\u00e3o de proibi\u00e7\u00e3o \u00e0 Anvisa"}]},{"@type":"WebSite","@id":"https:\/\/www.grupomedcof.com.br\/blog\/#website","url":"https:\/\/www.grupomedcof.com.br\/blog\/","name":"Blog de Medcof: conte\u00fados, editais, revalida e mais!","description":"Acesso o blog de MedCof! Seu portal de conte\u00fados sobre resid\u00eancia m\u00e9dica, an\u00e1lise e editais e muito mais. Clique e confira!","publisher":{"@id":"https:\/\/www.grupomedcof.com.br\/blog\/#organization"},"alternateName":"Blog de Medcof: conte\u00fados, editais, revalida e mais!","potentialAction":[{"@type":"SearchAction","target":{"@type":"EntryPoint","urlTemplate":"https:\/\/www.grupomedcof.com.br\/blog\/?s={search_term_string}"},"query-input":{"@type":"PropertyValueSpecification","valueRequired":true,"valueName":"search_term_string"}}],"inLanguage":"pt-BR"},{"@type":"Organization","@id":"https:\/\/www.grupomedcof.com.br\/blog\/#organization","name":"Grupo MedCof","url":"https:\/\/www.grupomedcof.com.br\/blog\/","logo":{"@type":"ImageObject","inLanguage":"pt-BR","@id":"https:\/\/www.grupomedcof.com.br\/blog\/#\/schema\/logo\/image\/","url":"https:\/\/www.grupomedcof.com.br\/blog\/wp-content\/uploads\/2022\/01\/logo-medcof.png","contentUrl":"https:\/\/www.grupomedcof.com.br\/blog\/wp-content\/uploads\/2022\/01\/logo-medcof.png","width":768,"height":269,"caption":"Grupo MedCof"},"image":{"@id":"https:\/\/www.grupomedcof.com.br\/blog\/#\/schema\/logo\/image\/"},"sameAs":["https:\/\/www.facebook.com\/MedCofQbank\/","https:\/\/www.instagram.com\/grupomedcof\/","https:\/\/br.linkedin.com\/company\/medcof","https:\/\/www.youtube.com\/channel\/UCdHMuOHKICxcHwecxN8P-AA"]},{"@type":"Person","@id":"https:\/\/www.grupomedcof.com.br\/blog\/#\/schema\/person\/9a44c2184a836bf5ae6967fdb3a1451e","name":"Leila Menzel","image":{"@type":"ImageObject","inLanguage":"pt-BR","@id":"https:\/\/www.grupomedcof.com.br\/blog\/wp-content\/uploads\/2025\/09\/cropped-eu-96x96.jpeg19a74936d997c0a8b3031618467fa1d0","url":"https:\/\/www.grupomedcof.com.br\/blog\/wp-content\/uploads\/2025\/09\/cropped-eu-96x96.jpeg","contentUrl":"https:\/\/www.grupomedcof.com.br\/blog\/wp-content\/uploads\/2025\/09\/cropped-eu-96x96.jpeg","caption":"Leila Menzel"},"description":"Estudante do 6\u00b0 semestre de jornalismo, amo e escrevo poesias e viajo em livros de romances clich\u00eas.","url":"https:\/\/www.grupomedcof.com.br\/blog\/author\/leila-menzel\/"}]}},"authors":[{"term_id":3616,"user_id":20,"is_guest":0,"slug":"leila-menzel","display_name":"Leila Menzel","avatar_url":"https:\/\/www.grupomedcof.com.br\/blog\/wp-content\/uploads\/2025\/09\/cropped-eu-96x96.jpeg","0":null,"1":"","2":"","3":"","4":"","5":"","6":"","7":"","8":""}],"_links":{"self":[{"href":"https:\/\/www.grupomedcof.com.br\/blog\/wp-json\/wp\/v2\/posts\/28161","targetHints":{"allow":["GET"]}}],"collection":[{"href":"https:\/\/www.grupomedcof.com.br\/blog\/wp-json\/wp\/v2\/posts"}],"about":[{"href":"https:\/\/www.grupomedcof.com.br\/blog\/wp-json\/wp\/v2\/types\/post"}],"author":[{"embeddable":true,"href":"https:\/\/www.grupomedcof.com.br\/blog\/wp-json\/wp\/v2\/users\/20"}],"replies":[{"embeddable":true,"href":"https:\/\/www.grupomedcof.com.br\/blog\/wp-json\/wp\/v2\/comments?post=28161"}],"version-history":[{"count":0,"href":"https:\/\/www.grupomedcof.com.br\/blog\/wp-json\/wp\/v2\/posts\/28161\/revisions"}],"wp:featuredmedia":[{"embeddable":true,"href":"https:\/\/www.grupomedcof.com.br\/blog\/wp-json\/wp\/v2\/media\/28171"}],"wp:attachment":[{"href":"https:\/\/www.grupomedcof.com.br\/blog\/wp-json\/wp\/v2\/media?parent=28161"}],"wp:term":[{"taxonomy":"category","embeddable":true,"href":"https:\/\/www.grupomedcof.com.br\/blog\/wp-json\/wp\/v2\/categories?post=28161"},{"taxonomy":"post_tag","embeddable":true,"href":"https:\/\/www.grupomedcof.com.br\/blog\/wp-json\/wp\/v2\/tags?post=28161"},{"taxonomy":"author","embeddable":true,"href":"https:\/\/www.grupomedcof.com.br\/blog\/wp-json\/wp\/v2\/ppma_author?post=28161"}],"curies":[{"name":"wp","href":"https:\/\/api.w.org\/{rel}","templated":true}]}}