{"id":28166,"date":"2024-07-29T18:16:46","date_gmt":"2024-07-29T21:16:46","guid":{"rendered":"https:\/\/www.grupomedcof.com.br\/blog\/?p=28166"},"modified":"2024-07-29T18:16:47","modified_gmt":"2024-07-29T21:16:47","slug":"atualizacoes-infeccoes-nas-vias-aereas-superiores-em-criancas","status":"publish","type":"post","link":"https:\/\/www.grupomedcof.com.br\/blog\/atualizacoes-infeccoes-nas-vias-aereas-superiores-em-criancas\/","title":{"rendered":"Atualiza\u00e7\u00f5es: Infec\u00e7\u00f5es nas vias a\u00e9reas superiores em crian\u00e7as"},"content":{"rendered":"<div id=\"ez-toc-container\" class=\"ez-toc-v2_0_74 counter-hierarchy ez-toc-counter ez-toc-transparent ez-toc-container-direction\">\n<div class=\"ez-toc-title-container\">\n<p class=\"ez-toc-title\" style=\"cursor:inherit\">Sum\u00e1rio<\/p>\n<span class=\"ez-toc-title-toggle\"><a href=\"#\" class=\"ez-toc-pull-right ez-toc-btn ez-toc-btn-xs ez-toc-btn-default ez-toc-toggle\" aria-label=\"Alternar tabela de conte\u00fado\"><span class=\"ez-toc-js-icon-con\"><span class=\"\"><span class=\"eztoc-hide\" style=\"display:none;\">Toggle<\/span><span class=\"ez-toc-icon-toggle-span\"><svg style=\"fill: #999;color:#999\" xmlns=\"http:\/\/www.w3.org\/2000\/svg\" class=\"list-377408\" width=\"20px\" height=\"20px\" viewBox=\"0 0 24 24\" fill=\"none\"><path d=\"M6 6H4v2h2V6zm14 0H8v2h12V6zM4 11h2v2H4v-2zm16 0H8v2h12v-2zM4 16h2v2H4v-2zm16 0H8v2h12v-2z\" fill=\"currentColor\"><\/path><\/svg><svg style=\"fill: #999;color:#999\" class=\"arrow-unsorted-368013\" xmlns=\"http:\/\/www.w3.org\/2000\/svg\" width=\"10px\" height=\"10px\" viewBox=\"0 0 24 24\" version=\"1.2\" baseProfile=\"tiny\"><path d=\"M18.2 9.3l-6.2-6.3-6.2 6.3c-.2.2-.3.4-.3.7s.1.5.3.7c.2.2.4.3.7.3h11c.3 0 .5-.1.7-.3.2-.2.3-.5.3-.7s-.1-.5-.3-.7zM5.8 14.7l6.2 6.3 6.2-6.3c.2-.2.3-.5.3-.7s-.1-.5-.3-.7c-.2-.2-.4-.3-.7-.3h-11c-.3 0-.5.1-.7.3-.2.2-.3.5-.3.7s.1.5.3.7z\"\/><\/svg><\/span><\/span><\/span><\/a><\/span><\/div>\n<nav><ul class='ez-toc-list ez-toc-list-level-1 ' ><li class='ez-toc-page-1 ez-toc-heading-level-2'><a class=\"ez-toc-link ez-toc-heading-1\" href=\"https:\/\/www.grupomedcof.com.br\/blog\/atualizacoes-infeccoes-nas-vias-aereas-superiores-em-criancas\/#Contextualizacao\" >Contextualiza\u00e7\u00e3o<\/a><\/li><li class='ez-toc-page-1 ez-toc-heading-level-2'><a class=\"ez-toc-link ez-toc-heading-2\" href=\"https:\/\/www.grupomedcof.com.br\/blog\/atualizacoes-infeccoes-nas-vias-aereas-superiores-em-criancas\/#Conceitos\" >Conceitos<\/a><\/li><li class='ez-toc-page-1 ez-toc-heading-level-2'><a class=\"ez-toc-link ez-toc-heading-3\" href=\"https:\/\/www.grupomedcof.com.br\/blog\/atualizacoes-infeccoes-nas-vias-aereas-superiores-em-criancas\/#Patologias_Associadas_e_Diagnostico\" >Patologias Associadas e Diagn\u00f3stico<\/a><ul class='ez-toc-list-level-3' ><li class='ez-toc-heading-level-3'><a class=\"ez-toc-link ez-toc-heading-4\" href=\"https:\/\/www.grupomedcof.com.br\/blog\/atualizacoes-infeccoes-nas-vias-aereas-superiores-em-criancas\/#Faringite_Aguda\" >Faringite Aguda<\/a><\/li><li class='ez-toc-page-1 ez-toc-heading-level-3'><a class=\"ez-toc-link ez-toc-heading-5\" href=\"https:\/\/www.grupomedcof.com.br\/blog\/atualizacoes-infeccoes-nas-vias-aereas-superiores-em-criancas\/#Nasofaringite_Viral\" >Nasofaringite Viral<\/a><\/li><li class='ez-toc-page-1 ez-toc-heading-level-3'><a class=\"ez-toc-link ez-toc-heading-6\" href=\"https:\/\/www.grupomedcof.com.br\/blog\/atualizacoes-infeccoes-nas-vias-aereas-superiores-em-criancas\/#Faringite_Bacteriana\" >Faringite Bacteriana<\/a><\/li><li class='ez-toc-page-1 ez-toc-heading-level-3'><a class=\"ez-toc-link ez-toc-heading-7\" href=\"https:\/\/www.grupomedcof.com.br\/blog\/atualizacoes-infeccoes-nas-vias-aereas-superiores-em-criancas\/#Rinossinusite_Bacteriana_Aguda\" >Rinossinusite Bacteriana Aguda<\/a><\/li><li class='ez-toc-page-1 ez-toc-heading-level-3'><a class=\"ez-toc-link ez-toc-heading-8\" href=\"https:\/\/www.grupomedcof.com.br\/blog\/atualizacoes-infeccoes-nas-vias-aereas-superiores-em-criancas\/#Epiglotite\" >Epiglotite<\/a><\/li><li class='ez-toc-page-1 ez-toc-heading-level-3'><a class=\"ez-toc-link ez-toc-heading-9\" href=\"https:\/\/www.grupomedcof.com.br\/blog\/atualizacoes-infeccoes-nas-vias-aereas-superiores-em-criancas\/#Infeccao_Aguda_do_ouvido\" >Infec\u00e7\u00e3o Aguda do ouvido<\/a><\/li><\/ul><\/li><li class='ez-toc-page-1 ez-toc-heading-level-2'><a class=\"ez-toc-link ez-toc-heading-10\" href=\"https:\/\/www.grupomedcof.com.br\/blog\/atualizacoes-infeccoes-nas-vias-aereas-superiores-em-criancas\/#Testes_Clinicos\" >Testes Cl\u00ednicos<\/a><\/li><li class='ez-toc-page-1 ez-toc-heading-level-2'><a class=\"ez-toc-link ez-toc-heading-11\" href=\"https:\/\/www.grupomedcof.com.br\/blog\/atualizacoes-infeccoes-nas-vias-aereas-superiores-em-criancas\/#Tratamento_das_IVAS\" >Tratamento das IVAS<\/a><\/li><li class='ez-toc-page-1 ez-toc-heading-level-2'><a class=\"ez-toc-link ez-toc-heading-12\" href=\"https:\/\/www.grupomedcof.com.br\/blog\/atualizacoes-infeccoes-nas-vias-aereas-superiores-em-criancas\/#O_metodo_que_te_aprova\" >O m\u00e9todo que te aprova<\/a><\/li><\/ul><\/nav><\/div>\n\n<figure class=\"wp-block-image size-large\"><img loading=\"lazy\" decoding=\"async\" width=\"1024\" height=\"576\" src=\"https:\/\/www.grupomedcof.com.br\/blog\/wp-content\/uploads\/2024\/07\/Blog-MedCof-37-1-1024x576.png\" alt=\"\" class=\"wp-image-28175\" srcset=\"https:\/\/www.grupomedcof.com.br\/blog\/wp-content\/uploads\/2024\/07\/Blog-MedCof-37-1-1024x576.png 1024w, https:\/\/www.grupomedcof.com.br\/blog\/wp-content\/uploads\/2024\/07\/Blog-MedCof-37-1-300x169.png 300w, https:\/\/www.grupomedcof.com.br\/blog\/wp-content\/uploads\/2024\/07\/Blog-MedCof-37-1-768x432.png 768w, https:\/\/www.grupomedcof.com.br\/blog\/wp-content\/uploads\/2024\/07\/Blog-MedCof-37-1-1536x864.png 1536w, https:\/\/www.grupomedcof.com.br\/blog\/wp-content\/uploads\/2024\/07\/Blog-MedCof-37-1-747x420.png 747w, https:\/\/www.grupomedcof.com.br\/blog\/wp-content\/uploads\/2024\/07\/Blog-MedCof-37-1-150x84.png 150w, https:\/\/www.grupomedcof.com.br\/blog\/wp-content\/uploads\/2024\/07\/Blog-MedCof-37-1-696x392.png 696w, https:\/\/www.grupomedcof.com.br\/blog\/wp-content\/uploads\/2024\/07\/Blog-MedCof-37-1-1068x601.png 1068w, https:\/\/www.grupomedcof.com.br\/blog\/wp-content\/uploads\/2024\/07\/Blog-MedCof-37-1.png 1920w\" sizes=\"auto, (max-width: 1024px) 100vw, 1024px\" \/><\/figure>\n\n\n\n<p>Na prepara\u00e7\u00e3o para a resid\u00eancia em Pediatria, \u00e9 sum\u00e1rio aos alunos dominarem as enfermidades\u00a0que podem ser amea\u00e7as a vida dos neonatos, assim como dos tratamentos e modos de preven\u00e7\u00e3o para esses quadros. Nesse texto, aprofundaremos as atualiza\u00e7\u00f5es de tratamento nas infec\u00e7\u00f5es de vias a\u00e9reas superiores que podem ser cobradas em quest\u00f5es e provas, assim como prepararemos os profissionais em sua pr\u00e1tica m\u00e9dica.<\/p>\n\n\n\n<p><em><strong>Texto escrito por Kiara Adelino Pinto &#8211; Medicina Facisc Quixeramobim<\/strong>.<\/em><\/p>\n\n\n\n<h2 class=\"wp-block-heading\" id=\"h-contextualizacao\"><span class=\"ez-toc-section\" id=\"Contextualizacao\"><\/span><strong>Contextualiza\u00e7\u00e3o<\/strong><span class=\"ez-toc-section-end\"><\/span><\/h2>\n\n\n\n<p>As infec\u00e7\u00f5es podem localizar-se no trato respirat\u00f3rio superior e inferior. O trato superior consiste nas vias a\u00e9reas das narinas at\u00e9 as cordas vocais da laringe, incluindo os seios paranasais e o ouvido m\u00e9dio. O trato respirat\u00f3rio inferior sobre a continua\u00e7\u00e3o das vias a\u00e9reas desde a traqueia e br\u00f4nquios at\u00e9 os bronqu\u00edolos e alv\u00e9olos.\u00a0As infec\u00e7\u00f5es n\u00e3o se limitam ao trato respirat\u00f3rio e tem efeitos sist\u00eamicos, devido \u00e0 poss\u00edvel extens\u00e3o da infec\u00e7\u00e3o ou toxinas microbianas, inflama\u00e7\u00f5es e redu\u00e7\u00e3o da fun\u00e7\u00e3o pulmonar.<\/p>\n\n\n\n<p>Exceto durante o per\u00edodo neonatal, as infec\u00e7\u00f5es respirat\u00f3rias agudas s\u00e3o as mais comuns causas de doen\u00e7a e mortalidade em crian\u00e7as menores de 5 anos. Dentre essas infec\u00e7\u00f5es, s\u00e3o as mais comuns as doen\u00e7as agudas avaliadas em ambulat\u00f3rios, variando desde um resfriado comum at\u00e9 doen\u00e7as com risco de vida. Essas atingem p\u00fablicos de alta e baixa renda, mas a disponibilidade de tratamento e preven\u00e7\u00e3o pode ocasionar gravidade e diferentes dessas infec\u00e7\u00f5es.<\/p>\n\n\n\n<h2 class=\"wp-block-heading\" id=\"h-conceitos\"><span class=\"ez-toc-section\" id=\"Conceitos\"><\/span><strong>Conceitos<\/strong><span class=\"ez-toc-section-end\"><\/span><\/h2>\n\n\n\n<p>As doen\u00e7as de vias superiores s\u00e3o as doen\u00e7as infecciosas mais comuns. Essas abrangem rinite (o resfriado comum), sinusite, infec\u00e7\u00f5es de ouvido, faringe aguda ou amigdalofaringite, epiglotite e laringite &#8211; das quais infec\u00e7\u00f5es de ouvido e faringe causam complica\u00e7\u00f5es mais graves (surdez e febre reum\u00e1tica aguda, respectivamente)<\/p>\n\n\n\n<p>Como a maioria das Infec\u00e7\u00f5es de Vias A\u00e9reas Superiores s\u00e3o autolimitadas, as implica\u00e7\u00f5es s\u00e3o mais importantes do que as infec\u00e7\u00f5es. As infec\u00e7\u00f5es virais agudas predisp\u00f5em crian\u00e7as a infec\u00e7\u00f5es bacterianas dos seios paranasais e do ouvido m\u00e9dio, e a aspira\u00e7\u00e3o de secre\u00e7\u00f5es e c\u00e9lulas infectadas pode resultar em infec\u00e7\u00f5es do trato respirat\u00f3rio inferior.<\/p>\n\n\n\n<h2 class=\"wp-block-heading\" id=\"h-patologias-associadas-e-diagnostico\"><span class=\"ez-toc-section\" id=\"Patologias_Associadas_e_Diagnostico\"><\/span><strong>Patologias Associadas e Diagn\u00f3stico<\/strong><span class=\"ez-toc-section-end\"><\/span><\/h2>\n\n\n\n<p>Para as discuss\u00f5es iniciarem, necessita-se entender quais enfermidades est\u00e3o associadas e como identific\u00e1-las.<\/p>\n\n\n\n<h3 class=\"wp-block-heading\" id=\"h-faringite-aguda\"><span class=\"ez-toc-section\" id=\"Faringite_Aguda\"><\/span><strong>Faringite Aguda<\/strong><span class=\"ez-toc-section-end\"><\/span><\/h3>\n\n\n\n<p>Causada por v\u00edrus na maioria dos casos infantis, ocasiona leve vermelhid\u00e3o e edema faringeo e aumento das am\u00edgdalas. A infec\u00e7\u00e3o bacteriana \u00e9 mais comum em crian\u00e7as de maior idade. Em pa\u00edses com piores condi\u00e7\u00f5es de vida, \u00e9 mais comum sequelas pos-estretococicas, com febre reum\u00e1tica aguda e cardite. A vacina\u00e7\u00e3o quase universal de lactantes com a vacina DTP (Difteria-tetano-coqueluche) \u00e9,&nbsp;no entanto, rara, mas primordial para a sa\u00fade das crian\u00e7as e m\u00e3es.<\/p>\n\n\n\n<h3 class=\"wp-block-heading\" id=\"h-nasofaringite-viral\"><span class=\"ez-toc-section\" id=\"Nasofaringite_Viral\"><\/span><strong>Nasofaringite Viral<\/strong><span class=\"ez-toc-section-end\"><\/span><\/h3>\n\n\n\n<p>Pacientes com resfriado comum podem apresentar uma escassez de achados cl\u00ednicos, apesar do not\u00e1vel desconforto subjetivo. Alguns sintomas comuns s\u00e3o: secre\u00e7\u00e3o nasal, eritema e edema da mucosa nasal, febre e eritmema faringeo.<\/p>\n\n\n\n<h3 class=\"wp-block-heading\" id=\"h-faringite-bacteriana\"><span class=\"ez-toc-section\" id=\"Faringite_Bacteriana\"><\/span><strong>Faringite Bacteriana<\/strong><span class=\"ez-toc-section-end\"><\/span><\/h3>\n\n\n\n<p>Pode ser dif\u00edcil de distinguir da faringite viral. A avalia\u00e7\u00e3o da infec\u00e7\u00e3o estreptococica do grupo A merece aten\u00e7\u00e3o especial. Os achados f\u00edsicos sugerem um alto risco para doen\u00e7a estreptococica do grupo A: eritema, incha\u00e7o ou exsutados das amigdalas ou faringe, temperatura superior a 38,3\u00baC, n\u00f3dulos cervicais dolorosos, aus\u00eancia de conjuntivite e tosse (o que pode sugerir doen\u00e7a viral) e, menos comumente, petequias do palato e erup\u00e7\u00e3o cut\u00e2nea.<\/p>\n\n\n\n<h3 class=\"wp-block-heading\" id=\"h-rinossinusite-bacteriana-aguda\"><span class=\"ez-toc-section\" id=\"Rinossinusite_Bacteriana_Aguda\"><\/span><strong>Rinossinusite Bacteriana Aguda<\/strong><span class=\"ez-toc-section-end\"><\/span><\/h3>\n\n\n\n<p>Em crian\u00e7as, apresenta-se com corrimento nasal persistente, tosse com dura\u00e7\u00e3o de 10 dias ou mais e dor no seio nasal afetado em crian\u00e7as mais velhas. Geralmente essas condi\u00e7\u00f5es possuem origem viral, no entanto, h\u00e1 tamb\u00e9m casos bacterianos, e diferenci\u00e1-los \u00e9 um desafio que ainda deve ser superado em cl\u00ednica. Ocasionalmente, os pacientes com sinusite bacteriana aguda apresentam sintomas graves, como dor facial unilateral e dor no maxilar. Pode notar-se mau h\u00e1lito, porque a flora residente processa os produtos da inflama\u00e7\u00e3o.<\/p>\n\n\n\n<h3 class=\"wp-block-heading\" id=\"h-epiglotite\"><span class=\"ez-toc-section\" id=\"Epiglotite\"><\/span><strong>Epiglotite<\/strong><span class=\"ez-toc-section-end\"><\/span><\/h3>\n\n\n\n<p>Condi\u00e7\u00e3o inflamat\u00f3ria da epiglote ou das estruturas pr\u00f3ximas simultaneamente, incluindo as aritenoides, pregas arieploticas e valeculas. Essa condi\u00e7\u00e3o p\u00f5e em risco a vida da crian\u00e7a ao causar incha\u00e7o ofundo das vias a\u00e9reas superiores, o que pode levar a asfixia e parada respirat\u00f3ria. O inicio \u00e9 s\u00fabito com os seguintes sintomas: dor de garganta, baba e dificuldade de degluti\u00e7\u00e3o, disfonia abafada, tosse seca, febre e fadiga. A tr\u00edade cl\u00ednica sialorreia, disfagia e ang\u00fastia \u00e9 apresenta\u00e7\u00e3o cl\u00e1ssica.<\/p>\n\n\n\n<h3 class=\"wp-block-heading\" id=\"h-infeccao-aguda-do-ouvido\"><span class=\"ez-toc-section\" id=\"Infeccao_Aguda_do_ouvido\"><\/span><strong>Infec\u00e7\u00e3o Aguda do ouvido<\/strong><span class=\"ez-toc-section-end\"><\/span><\/h3>\n\n\n\n<p>Em pa\u00edses com cuidados m\u00e9dicos inadequados, pode levar a t\u00edmpanos perfurados e secre\u00e7\u00e3o cr\u00f4nica no ouvido mais tarde na inf\u00e2ncia, com fim em defici\u00eancia auditiva ou surdez. Infec\u00e7\u00f5es de ouvido repetidas podem levar a mastoidite, que, por sua vez,\u00a0pode espalhar a infec\u00e7\u00e3o para as meninges. A mastodite e outras complica\u00e7\u00f5es das IVAS s\u00e3o respons\u00e1veis por quase 5% de todas as mortes por Infec\u00e7\u00f5es Respirat\u00f3rias Agudas em todo o mundo.<\/p>\n\n\n\n<h2 class=\"wp-block-heading\" id=\"h-testes-clinicos\"><span class=\"ez-toc-section\" id=\"Testes_Clinicos\"><\/span><strong>Testes Cl\u00ednicos<\/strong><span class=\"ez-toc-section-end\"><\/span><\/h2>\n\n\n\n<p>Os testes para os pat\u00f3genos espec\u00edficos s\u00e3o \u00fateis quando a terapia direcionada depende de resultados (por exemplo: gonococo e coqueluche). Testes bacterianos ou virais espec\u00edficos tamb\u00e9m s\u00e3o necess\u00e1rios em outras situa\u00e7\u00f5es selecionadas, como quando os pacientes s\u00e3o imunossuprimidos durante certos surtos ou para fornecer terapia espec\u00edfica.\u00a0A terapia direcionada n\u00e3o est\u00e1 dispon\u00edvel para a maioria dos virus que causam ITRS. Portanto, o teste viral raramente indica-se para IVAS virais n\u00e3o complicadas em ambiente ambulat\u00f3rio. No entanto, a confirma\u00e7\u00e3o de uma condi\u00e7\u00e3o viral, como gripe, pode reduzir o uso inapropriado de antibi\u00f3ticos. O teste tamb\u00e9m \u00e9 indicado se a avalia\u00e7\u00e3o cl\u00ednica sugerir doen\u00e7as orofaringeas relacionadas a doen\u00e7as sexualmente transmiss\u00edveis.<\/p>\n\n\n\n<p>A cultura de swabs de garganta e lavagens nasais continuam sendo o padr\u00e3o para confirmar patogenos bacterianos de IVAS. As amostras devem ser retiradas da faringe posterior ou das am\u00edgdalas,nao da cavidade oral. Para confirmar a infec\u00e7\u00e3o nasofaringea viral, as culturas virais continuam sendo o padr\u00e3o, para ent\u00e3o detectar v\u00edrus influenza, v\u00edrus parainfluenza (PIV), adenovirus, RSV e outros v\u00edrus.<\/p>\n\n\n\n<p>No hemograma completo (CBC) com diferencial, os pacientes com IVAS podem apresentar contagem aumentada de gl\u00f3bulos brancos com desvio a esquerda. Linf\u00f3citos at\u00edpicos, linfocitose ou linfopenia podem observar-se em algumas infec\u00e7\u00f5es virais. Linfocitose tamb\u00e9m pode observar-se na Coqueluche. Contudo, um hemograma provavelmente n\u00e3o ser\u00e1 \u00fatil na diferencia\u00e7\u00e3o do agente infeccioso ou no direcionamento da terapia em IVAS n\u00e3o complicadas em ambientes ambulat\u00f3rios.<\/p>\n\n\n\n<p>Os exames de imagens s\u00f3 devem ser requeridos em condi\u00e7\u00f5es com suspeitas de anomalias estruturais ou complica\u00e7\u00f5es complexas teciduais.<\/p>\n\n\n\n<h2 class=\"wp-block-heading\" id=\"h-tratamento-das-ivas\"><span class=\"ez-toc-section\" id=\"Tratamento_das_IVAS\"><\/span><strong>Tratamento das IVAS<\/strong><span class=\"ez-toc-section-end\"><\/span><\/h2>\n\n\n\n<p>A maioria \u00e9 autodiagnosticada e tratada em casa. Os pacientes que apresentam IVAS geralemente se beneficiam de tranquiliza\u00e7\u00e3o, educa\u00e7\u00e3o e instru\u00e7\u00e3o\u00a0para tratamentos sintom\u00e1ticos em casa.<\/p>\n\n\n\n<p>Em novembro de 2013, a Academia de Pediatria divulgou um conjunto de 3 princ\u00edpios b\u00e1sicos para o uso eficaz de antibi\u00f3ticos no tratamento de IVAS, incluindo otite m\u00e9dia aguda,\u00a0sinusite bacteriana aguda e faringite estretococica. Os principais s\u00e3o os seguintes: Diagn\u00f3stico preciso de uma infec\u00e7\u00e3o bacteriana; considera\u00e7\u00e3o dos riscos versus benef\u00edcios do tratamento com antibioticose; implementa\u00e7\u00e3o de estrat\u00e9gias criteriosas de prescri\u00e7\u00e3o, incluindo sele\u00e7\u00e3o do antibi\u00f3tico mais eficaz, prescri\u00e7\u00e3o de uma dose apropriada e tratamento pela menor dura\u00e7\u00e3o poss\u00edvel.<\/p>\n\n\n\n<p>Por fim, \u00e9 preciso pontuar que as IVAS s\u00e3o as motiva\u00e7\u00f5es mais comuns do atendimento pedi\u00e1trico, raz\u00e3o para a import\u00e2ncia do m\u00e9dico dessa \u00e1rea, ou aspirante, dominar os conhecimentos referentes aos diagn\u00f3sticos diferenciais e condutas que devem tomar-se em cada caso.<\/p>\n\n\n\n<h2 class=\"wp-block-heading\" id=\"h-o-metodo-que-te-aprova\"><span class=\"ez-toc-section\" id=\"O_metodo_que_te_aprova\"><\/span><strong>O m\u00e9todo que te aprova<\/strong><span class=\"ez-toc-section-end\"><\/span><\/h2>\n\n\n\n<p>Contudo, se voc\u00ea quer garantir a sua aprova\u00e7\u00e3o nas provas de resid\u00eancia m\u00e9dica, ent\u00e3o conhe\u00e7a o grupo MedCof e a metodologia que j\u00e1 aprovou\u00a0<a href=\"https:\/\/www.grupomedcof.com.br\/blog\/presenca-da-medcof-nas-aprovacoes-em-residencia-medica-no-brasil\/\"><strong>mais de 10 mil<\/strong><\/a>\u00a0residentes pelo pa\u00eds. Confira abaixo uma das aulas exclusivas do nosso\u00a0<strong><a href=\"https:\/\/youtu.be\/01S0XwHLUwk?si=w16RPh7B2ewhXOz_\">Curso Extensivo<\/a><\/strong>:<\/p>\n\n\n\n<figure class=\"wp-block-embed is-type-video is-provider-youtube wp-block-embed-youtube wp-embed-aspect-16-9 wp-has-aspect-ratio\"><div class=\"wp-block-embed__wrapper\">\n<iframe loading=\"lazy\" title=\"Infectologia: Entendendo a Bronquiolite e Coqueluche. Com Dra. Giovanna Tardin\" width=\"696\" height=\"392\" src=\"https:\/\/www.youtube.com\/embed\/01S0XwHLUwk?feature=oembed\" frameborder=\"0\" allow=\"accelerometer; autoplay; clipboard-write; encrypted-media; gyroscope; picture-in-picture; web-share\" referrerpolicy=\"strict-origin-when-cross-origin\" allowfullscreen><\/iframe>\n<\/div><\/figure>\n","protected":false},"excerpt":{"rendered":"<p>Na prepara\u00e7\u00e3o para a resid\u00eancia em Pediatria, \u00e9 sum\u00e1rio aos alunos dominarem as enfermidades\u00a0que podem ser amea\u00e7as a vida dos neonatos, assim como dos tratamentos e modos de preven\u00e7\u00e3o para esses quadros. Nesse texto, aprofundaremos as atualiza\u00e7\u00f5es de tratamento nas infec\u00e7\u00f5es de vias a\u00e9reas superiores que podem ser cobradas em quest\u00f5es e provas, assim como prepararemos os profissionais em sua pr\u00e1tica m\u00e9dica.<\/p>\n","protected":false},"author":16,"featured_media":28175,"comment_status":"open","ping_status":"open","sticky":false,"template":"","format":"standard","meta":{"footnotes":""},"categories":[258,120],"tags":[1308,109],"ppma_author":[3614],"class_list":{"0":"post-28166","1":"post","2":"type-post","3":"status-publish","4":"format-standard","5":"has-post-thumbnail","7":"category-atualizacoes","8":"category-pediatria","9":"tag-infeccoes","10":"tag-pediatria"},"yoast_head":"<!-- This site is optimized with the Yoast SEO Premium plugin v24.3 (Yoast SEO v27.4) - https:\/\/yoast.com\/product\/yoast-seo-premium-wordpress\/ -->\n<title>Atualiza\u00e7\u00f5es: Infec\u00e7\u00f5es nas vias a\u00e9reas superiores em crian\u00e7as - Blog de Medcof: conte\u00fados, editais, revalida e mais!<\/title>\n<meta name=\"description\" content=\"Nesse texto, aprofundaremos as atualiza\u00e7\u00f5es de tratamento nas infec\u00e7\u00f5es de vias a\u00e9reas superiores que podem ser...\" \/>\n<meta name=\"robots\" content=\"index, follow, max-snippet:-1, max-image-preview:large, max-video-preview:-1\" \/>\n<link rel=\"canonical\" href=\"https:\/\/www.grupomedcof.com.br\/blog\/atualizacoes-infeccoes-nas-vias-aereas-superiores-em-criancas\/\" \/>\n<meta property=\"og:locale\" content=\"pt_BR\" \/>\n<meta property=\"og:type\" content=\"article\" \/>\n<meta property=\"og:title\" content=\"Atualiza\u00e7\u00f5es: Infec\u00e7\u00f5es nas vias a\u00e9reas superiores em crian\u00e7as\" \/>\n<meta property=\"og:description\" content=\"Nesse texto, aprofundaremos as atualiza\u00e7\u00f5es de tratamento nas infec\u00e7\u00f5es de vias a\u00e9reas superiores que podem ser...\" \/>\n<meta property=\"og:url\" content=\"https:\/\/www.grupomedcof.com.br\/blog\/atualizacoes-infeccoes-nas-vias-aereas-superiores-em-criancas\/\" \/>\n<meta property=\"og:site_name\" content=\"Blog de Medcof: conte\u00fados, editais, revalida e mais!\" \/>\n<meta property=\"article:publisher\" content=\"https:\/\/www.facebook.com\/MedCofQbank\/\" \/>\n<meta property=\"article:published_time\" content=\"2024-07-29T21:16:46+00:00\" \/>\n<meta property=\"article:modified_time\" content=\"2024-07-29T21:16:47+00:00\" \/>\n<meta property=\"og:image\" content=\"https:\/\/www.grupomedcof.com.br\/blog\/wp-content\/uploads\/2024\/07\/Blog-MedCof-37-1-1024x576.png\" \/>\n\t<meta property=\"og:image:width\" content=\"1024\" \/>\n\t<meta property=\"og:image:height\" content=\"576\" \/>\n\t<meta property=\"og:image:type\" content=\"image\/png\" \/>\n<meta name=\"author\" content=\"Luisa\" \/>\n<meta name=\"twitter:card\" content=\"summary_large_image\" \/>\n<meta name=\"twitter:label1\" content=\"Escrito por\" \/>\n\t<meta name=\"twitter:data1\" content=\"Luisa\" \/>\n\t<meta name=\"twitter:label2\" content=\"Est. tempo de leitura\" \/>\n\t<meta name=\"twitter:data2\" content=\"7 minutos\" \/>\n<script type=\"application\/ld+json\" class=\"yoast-schema-graph\">{\"@context\":\"https:\\\/\\\/schema.org\",\"@graph\":[{\"@type\":\"Article\",\"@id\":\"https:\\\/\\\/www.grupomedcof.com.br\\\/blog\\\/atualizacoes-infeccoes-nas-vias-aereas-superiores-em-criancas\\\/#article\",\"isPartOf\":{\"@id\":\"https:\\\/\\\/www.grupomedcof.com.br\\\/blog\\\/atualizacoes-infeccoes-nas-vias-aereas-superiores-em-criancas\\\/\"},\"author\":{\"name\":\"Luisa\",\"@id\":\"https:\\\/\\\/www.grupomedcof.com.br\\\/blog\\\/#\\\/schema\\\/person\\\/4c7d7a4858c43110d649051e29b62140\"},\"headline\":\"Atualiza\u00e7\u00f5es: Infec\u00e7\u00f5es nas vias a\u00e9reas superiores em crian\u00e7as\",\"datePublished\":\"2024-07-29T21:16:46+00:00\",\"dateModified\":\"2024-07-29T21:16:47+00:00\",\"mainEntityOfPage\":{\"@id\":\"https:\\\/\\\/www.grupomedcof.com.br\\\/blog\\\/atualizacoes-infeccoes-nas-vias-aereas-superiores-em-criancas\\\/\"},\"wordCount\":1419,\"commentCount\":0,\"publisher\":{\"@id\":\"https:\\\/\\\/www.grupomedcof.com.br\\\/blog\\\/#organization\"},\"image\":{\"@id\":\"https:\\\/\\\/www.grupomedcof.com.br\\\/blog\\\/atualizacoes-infeccoes-nas-vias-aereas-superiores-em-criancas\\\/#primaryimage\"},\"thumbnailUrl\":\"https:\\\/\\\/www.grupomedcof.com.br\\\/blog\\\/wp-content\\\/uploads\\\/2024\\\/07\\\/Blog-MedCof-37-1.png\",\"keywords\":[\"infec\u00e7\u00f5es\",\"Pediatria\"],\"articleSection\":[\"Atualiza\u00e7\u00f5es\",\"Pediatria\"],\"inLanguage\":\"pt-BR\"},{\"@type\":\"WebPage\",\"@id\":\"https:\\\/\\\/www.grupomedcof.com.br\\\/blog\\\/atualizacoes-infeccoes-nas-vias-aereas-superiores-em-criancas\\\/\",\"url\":\"https:\\\/\\\/www.grupomedcof.com.br\\\/blog\\\/atualizacoes-infeccoes-nas-vias-aereas-superiores-em-criancas\\\/\",\"name\":\"Atualiza\u00e7\u00f5es: Infec\u00e7\u00f5es nas vias a\u00e9reas superiores em crian\u00e7as - Blog de Medcof: conte\u00fados, editais, revalida e mais!\",\"isPartOf\":{\"@id\":\"https:\\\/\\\/www.grupomedcof.com.br\\\/blog\\\/#website\"},\"primaryImageOfPage\":{\"@id\":\"https:\\\/\\\/www.grupomedcof.com.br\\\/blog\\\/atualizacoes-infeccoes-nas-vias-aereas-superiores-em-criancas\\\/#primaryimage\"},\"image\":{\"@id\":\"https:\\\/\\\/www.grupomedcof.com.br\\\/blog\\\/atualizacoes-infeccoes-nas-vias-aereas-superiores-em-criancas\\\/#primaryimage\"},\"thumbnailUrl\":\"https:\\\/\\\/www.grupomedcof.com.br\\\/blog\\\/wp-content\\\/uploads\\\/2024\\\/07\\\/Blog-MedCof-37-1.png\",\"datePublished\":\"2024-07-29T21:16:46+00:00\",\"dateModified\":\"2024-07-29T21:16:47+00:00\",\"description\":\"Nesse texto, aprofundaremos as atualiza\u00e7\u00f5es de tratamento nas infec\u00e7\u00f5es de vias a\u00e9reas superiores que podem ser...\",\"breadcrumb\":{\"@id\":\"https:\\\/\\\/www.grupomedcof.com.br\\\/blog\\\/atualizacoes-infeccoes-nas-vias-aereas-superiores-em-criancas\\\/#breadcrumb\"},\"inLanguage\":\"pt-BR\",\"potentialAction\":[{\"@type\":\"ReadAction\",\"target\":[\"https:\\\/\\\/www.grupomedcof.com.br\\\/blog\\\/atualizacoes-infeccoes-nas-vias-aereas-superiores-em-criancas\\\/\"]}]},{\"@type\":\"ImageObject\",\"inLanguage\":\"pt-BR\",\"@id\":\"https:\\\/\\\/www.grupomedcof.com.br\\\/blog\\\/atualizacoes-infeccoes-nas-vias-aereas-superiores-em-criancas\\\/#primaryimage\",\"url\":\"https:\\\/\\\/www.grupomedcof.com.br\\\/blog\\\/wp-content\\\/uploads\\\/2024\\\/07\\\/Blog-MedCof-37-1.png\",\"contentUrl\":\"https:\\\/\\\/www.grupomedcof.com.br\\\/blog\\\/wp-content\\\/uploads\\\/2024\\\/07\\\/Blog-MedCof-37-1.png\",\"width\":1920,\"height\":1080},{\"@type\":\"BreadcrumbList\",\"@id\":\"https:\\\/\\\/www.grupomedcof.com.br\\\/blog\\\/atualizacoes-infeccoes-nas-vias-aereas-superiores-em-criancas\\\/#breadcrumb\",\"itemListElement\":[{\"@type\":\"ListItem\",\"position\":1,\"name\":\"In\u00edcio\",\"item\":\"https:\\\/\\\/www.grupomedcof.com.br\\\/blog\\\/\"},{\"@type\":\"ListItem\",\"position\":2,\"name\":\"Atualiza\u00e7\u00f5es: Infec\u00e7\u00f5es nas vias a\u00e9reas superiores em crian\u00e7as\"}]},{\"@type\":\"WebSite\",\"@id\":\"https:\\\/\\\/www.grupomedcof.com.br\\\/blog\\\/#website\",\"url\":\"https:\\\/\\\/www.grupomedcof.com.br\\\/blog\\\/\",\"name\":\"Blog de Medcof: conte\u00fados, editais, revalida e mais!\",\"description\":\"Acesso o blog de MedCof! Seu portal de conte\u00fados sobre resid\u00eancia m\u00e9dica, an\u00e1lise e editais e muito mais. Clique e confira!\",\"publisher\":{\"@id\":\"https:\\\/\\\/www.grupomedcof.com.br\\\/blog\\\/#organization\"},\"alternateName\":\"Blog de Medcof: conte\u00fados, editais, revalida e mais!\",\"potentialAction\":[{\"@type\":\"SearchAction\",\"target\":{\"@type\":\"EntryPoint\",\"urlTemplate\":\"https:\\\/\\\/www.grupomedcof.com.br\\\/blog\\\/?s={search_term_string}\"},\"query-input\":{\"@type\":\"PropertyValueSpecification\",\"valueRequired\":true,\"valueName\":\"search_term_string\"}}],\"inLanguage\":\"pt-BR\"},{\"@type\":\"Organization\",\"@id\":\"https:\\\/\\\/www.grupomedcof.com.br\\\/blog\\\/#organization\",\"name\":\"Grupo MedCof\",\"url\":\"https:\\\/\\\/www.grupomedcof.com.br\\\/blog\\\/\",\"logo\":{\"@type\":\"ImageObject\",\"inLanguage\":\"pt-BR\",\"@id\":\"https:\\\/\\\/www.grupomedcof.com.br\\\/blog\\\/#\\\/schema\\\/logo\\\/image\\\/\",\"url\":\"https:\\\/\\\/www.grupomedcof.com.br\\\/blog\\\/wp-content\\\/uploads\\\/2022\\\/01\\\/logo-medcof.png\",\"contentUrl\":\"https:\\\/\\\/www.grupomedcof.com.br\\\/blog\\\/wp-content\\\/uploads\\\/2022\\\/01\\\/logo-medcof.png\",\"width\":768,\"height\":269,\"caption\":\"Grupo MedCof\"},\"image\":{\"@id\":\"https:\\\/\\\/www.grupomedcof.com.br\\\/blog\\\/#\\\/schema\\\/logo\\\/image\\\/\"},\"sameAs\":[\"https:\\\/\\\/www.facebook.com\\\/MedCofQbank\\\/\",\"https:\\\/\\\/www.instagram.com\\\/grupomedcof\\\/\",\"https:\\\/\\\/br.linkedin.com\\\/company\\\/medcof\",\"https:\\\/\\\/www.youtube.com\\\/channel\\\/UCdHMuOHKICxcHwecxN8P-AA\"]},{\"@type\":\"Person\",\"@id\":\"https:\\\/\\\/www.grupomedcof.com.br\\\/blog\\\/#\\\/schema\\\/person\\\/4c7d7a4858c43110d649051e29b62140\",\"name\":\"Luisa\",\"image\":{\"@type\":\"ImageObject\",\"inLanguage\":\"pt-BR\",\"@id\":\"https:\\\/\\\/www.grupomedcof.com.br\\\/blog\\\/wp-content\\\/uploads\\\/2023\\\/04\\\/cropped-cropped-logo-96x96.pngbf641d3e6e1c71567638b2546d5f72c9\",\"url\":\"https:\\\/\\\/www.grupomedcof.com.br\\\/blog\\\/wp-content\\\/uploads\\\/2023\\\/04\\\/cropped-cropped-logo-96x96.png\",\"contentUrl\":\"https:\\\/\\\/www.grupomedcof.com.br\\\/blog\\\/wp-content\\\/uploads\\\/2023\\\/04\\\/cropped-cropped-logo-96x96.png\",\"caption\":\"Luisa\"},\"url\":\"https:\\\/\\\/www.grupomedcof.com.br\\\/blog\\\/author\\\/luisa\\\/\"}]}<\/script>\n<!-- \/ Yoast SEO Premium plugin. -->","yoast_head_json":{"title":"Atualiza\u00e7\u00f5es: Infec\u00e7\u00f5es nas vias a\u00e9reas superiores em crian\u00e7as - Blog de Medcof: conte\u00fados, editais, revalida e mais!","description":"Nesse texto, aprofundaremos as atualiza\u00e7\u00f5es de tratamento nas infec\u00e7\u00f5es de vias a\u00e9reas superiores que podem ser...","robots":{"index":"index","follow":"follow","max-snippet":"max-snippet:-1","max-image-preview":"max-image-preview:large","max-video-preview":"max-video-preview:-1"},"canonical":"https:\/\/www.grupomedcof.com.br\/blog\/atualizacoes-infeccoes-nas-vias-aereas-superiores-em-criancas\/","og_locale":"pt_BR","og_type":"article","og_title":"Atualiza\u00e7\u00f5es: Infec\u00e7\u00f5es nas vias a\u00e9reas superiores em crian\u00e7as","og_description":"Nesse texto, aprofundaremos as atualiza\u00e7\u00f5es de tratamento nas infec\u00e7\u00f5es de vias a\u00e9reas superiores que podem ser...","og_url":"https:\/\/www.grupomedcof.com.br\/blog\/atualizacoes-infeccoes-nas-vias-aereas-superiores-em-criancas\/","og_site_name":"Blog de Medcof: conte\u00fados, editais, revalida e mais!","article_publisher":"https:\/\/www.facebook.com\/MedCofQbank\/","article_published_time":"2024-07-29T21:16:46+00:00","article_modified_time":"2024-07-29T21:16:47+00:00","og_image":[{"width":1024,"height":576,"url":"https:\/\/www.grupomedcof.com.br\/blog\/wp-content\/uploads\/2024\/07\/Blog-MedCof-37-1-1024x576.png","type":"image\/png"}],"author":"Luisa","twitter_card":"summary_large_image","twitter_misc":{"Escrito por":"Luisa","Est. tempo de leitura":"7 minutos"},"schema":{"@context":"https:\/\/schema.org","@graph":[{"@type":"Article","@id":"https:\/\/www.grupomedcof.com.br\/blog\/atualizacoes-infeccoes-nas-vias-aereas-superiores-em-criancas\/#article","isPartOf":{"@id":"https:\/\/www.grupomedcof.com.br\/blog\/atualizacoes-infeccoes-nas-vias-aereas-superiores-em-criancas\/"},"author":{"name":"Luisa","@id":"https:\/\/www.grupomedcof.com.br\/blog\/#\/schema\/person\/4c7d7a4858c43110d649051e29b62140"},"headline":"Atualiza\u00e7\u00f5es: Infec\u00e7\u00f5es nas vias a\u00e9reas superiores em crian\u00e7as","datePublished":"2024-07-29T21:16:46+00:00","dateModified":"2024-07-29T21:16:47+00:00","mainEntityOfPage":{"@id":"https:\/\/www.grupomedcof.com.br\/blog\/atualizacoes-infeccoes-nas-vias-aereas-superiores-em-criancas\/"},"wordCount":1419,"commentCount":0,"publisher":{"@id":"https:\/\/www.grupomedcof.com.br\/blog\/#organization"},"image":{"@id":"https:\/\/www.grupomedcof.com.br\/blog\/atualizacoes-infeccoes-nas-vias-aereas-superiores-em-criancas\/#primaryimage"},"thumbnailUrl":"https:\/\/www.grupomedcof.com.br\/blog\/wp-content\/uploads\/2024\/07\/Blog-MedCof-37-1.png","keywords":["infec\u00e7\u00f5es","Pediatria"],"articleSection":["Atualiza\u00e7\u00f5es","Pediatria"],"inLanguage":"pt-BR"},{"@type":"WebPage","@id":"https:\/\/www.grupomedcof.com.br\/blog\/atualizacoes-infeccoes-nas-vias-aereas-superiores-em-criancas\/","url":"https:\/\/www.grupomedcof.com.br\/blog\/atualizacoes-infeccoes-nas-vias-aereas-superiores-em-criancas\/","name":"Atualiza\u00e7\u00f5es: Infec\u00e7\u00f5es nas vias a\u00e9reas superiores em crian\u00e7as - Blog de Medcof: conte\u00fados, editais, revalida e mais!","isPartOf":{"@id":"https:\/\/www.grupomedcof.com.br\/blog\/#website"},"primaryImageOfPage":{"@id":"https:\/\/www.grupomedcof.com.br\/blog\/atualizacoes-infeccoes-nas-vias-aereas-superiores-em-criancas\/#primaryimage"},"image":{"@id":"https:\/\/www.grupomedcof.com.br\/blog\/atualizacoes-infeccoes-nas-vias-aereas-superiores-em-criancas\/#primaryimage"},"thumbnailUrl":"https:\/\/www.grupomedcof.com.br\/blog\/wp-content\/uploads\/2024\/07\/Blog-MedCof-37-1.png","datePublished":"2024-07-29T21:16:46+00:00","dateModified":"2024-07-29T21:16:47+00:00","description":"Nesse texto, aprofundaremos as atualiza\u00e7\u00f5es de tratamento nas infec\u00e7\u00f5es de vias a\u00e9reas superiores que podem ser...","breadcrumb":{"@id":"https:\/\/www.grupomedcof.com.br\/blog\/atualizacoes-infeccoes-nas-vias-aereas-superiores-em-criancas\/#breadcrumb"},"inLanguage":"pt-BR","potentialAction":[{"@type":"ReadAction","target":["https:\/\/www.grupomedcof.com.br\/blog\/atualizacoes-infeccoes-nas-vias-aereas-superiores-em-criancas\/"]}]},{"@type":"ImageObject","inLanguage":"pt-BR","@id":"https:\/\/www.grupomedcof.com.br\/blog\/atualizacoes-infeccoes-nas-vias-aereas-superiores-em-criancas\/#primaryimage","url":"https:\/\/www.grupomedcof.com.br\/blog\/wp-content\/uploads\/2024\/07\/Blog-MedCof-37-1.png","contentUrl":"https:\/\/www.grupomedcof.com.br\/blog\/wp-content\/uploads\/2024\/07\/Blog-MedCof-37-1.png","width":1920,"height":1080},{"@type":"BreadcrumbList","@id":"https:\/\/www.grupomedcof.com.br\/blog\/atualizacoes-infeccoes-nas-vias-aereas-superiores-em-criancas\/#breadcrumb","itemListElement":[{"@type":"ListItem","position":1,"name":"In\u00edcio","item":"https:\/\/www.grupomedcof.com.br\/blog\/"},{"@type":"ListItem","position":2,"name":"Atualiza\u00e7\u00f5es: Infec\u00e7\u00f5es nas vias a\u00e9reas superiores em crian\u00e7as"}]},{"@type":"WebSite","@id":"https:\/\/www.grupomedcof.com.br\/blog\/#website","url":"https:\/\/www.grupomedcof.com.br\/blog\/","name":"Blog de Medcof: conte\u00fados, editais, revalida e mais!","description":"Acesso o blog de MedCof! Seu portal de conte\u00fados sobre resid\u00eancia m\u00e9dica, an\u00e1lise e editais e muito mais. Clique e confira!","publisher":{"@id":"https:\/\/www.grupomedcof.com.br\/blog\/#organization"},"alternateName":"Blog de Medcof: conte\u00fados, editais, revalida e mais!","potentialAction":[{"@type":"SearchAction","target":{"@type":"EntryPoint","urlTemplate":"https:\/\/www.grupomedcof.com.br\/blog\/?s={search_term_string}"},"query-input":{"@type":"PropertyValueSpecification","valueRequired":true,"valueName":"search_term_string"}}],"inLanguage":"pt-BR"},{"@type":"Organization","@id":"https:\/\/www.grupomedcof.com.br\/blog\/#organization","name":"Grupo MedCof","url":"https:\/\/www.grupomedcof.com.br\/blog\/","logo":{"@type":"ImageObject","inLanguage":"pt-BR","@id":"https:\/\/www.grupomedcof.com.br\/blog\/#\/schema\/logo\/image\/","url":"https:\/\/www.grupomedcof.com.br\/blog\/wp-content\/uploads\/2022\/01\/logo-medcof.png","contentUrl":"https:\/\/www.grupomedcof.com.br\/blog\/wp-content\/uploads\/2022\/01\/logo-medcof.png","width":768,"height":269,"caption":"Grupo MedCof"},"image":{"@id":"https:\/\/www.grupomedcof.com.br\/blog\/#\/schema\/logo\/image\/"},"sameAs":["https:\/\/www.facebook.com\/MedCofQbank\/","https:\/\/www.instagram.com\/grupomedcof\/","https:\/\/br.linkedin.com\/company\/medcof","https:\/\/www.youtube.com\/channel\/UCdHMuOHKICxcHwecxN8P-AA"]},{"@type":"Person","@id":"https:\/\/www.grupomedcof.com.br\/blog\/#\/schema\/person\/4c7d7a4858c43110d649051e29b62140","name":"Luisa","image":{"@type":"ImageObject","inLanguage":"pt-BR","@id":"https:\/\/www.grupomedcof.com.br\/blog\/wp-content\/uploads\/2023\/04\/cropped-cropped-logo-96x96.pngbf641d3e6e1c71567638b2546d5f72c9","url":"https:\/\/www.grupomedcof.com.br\/blog\/wp-content\/uploads\/2023\/04\/cropped-cropped-logo-96x96.png","contentUrl":"https:\/\/www.grupomedcof.com.br\/blog\/wp-content\/uploads\/2023\/04\/cropped-cropped-logo-96x96.png","caption":"Luisa"},"url":"https:\/\/www.grupomedcof.com.br\/blog\/author\/luisa\/"}]}},"authors":[{"term_id":3614,"user_id":16,"is_guest":0,"slug":"luisa","display_name":"Luisa","avatar_url":"https:\/\/www.grupomedcof.com.br\/blog\/wp-content\/uploads\/2023\/04\/cropped-cropped-logo-96x96.png","0":null,"1":"","2":"","3":"","4":"","5":"","6":"","7":"","8":""}],"_links":{"self":[{"href":"https:\/\/www.grupomedcof.com.br\/blog\/wp-json\/wp\/v2\/posts\/28166","targetHints":{"allow":["GET"]}}],"collection":[{"href":"https:\/\/www.grupomedcof.com.br\/blog\/wp-json\/wp\/v2\/posts"}],"about":[{"href":"https:\/\/www.grupomedcof.com.br\/blog\/wp-json\/wp\/v2\/types\/post"}],"author":[{"embeddable":true,"href":"https:\/\/www.grupomedcof.com.br\/blog\/wp-json\/wp\/v2\/users\/16"}],"replies":[{"embeddable":true,"href":"https:\/\/www.grupomedcof.com.br\/blog\/wp-json\/wp\/v2\/comments?post=28166"}],"version-history":[{"count":0,"href":"https:\/\/www.grupomedcof.com.br\/blog\/wp-json\/wp\/v2\/posts\/28166\/revisions"}],"wp:featuredmedia":[{"embeddable":true,"href":"https:\/\/www.grupomedcof.com.br\/blog\/wp-json\/wp\/v2\/media\/28175"}],"wp:attachment":[{"href":"https:\/\/www.grupomedcof.com.br\/blog\/wp-json\/wp\/v2\/media?parent=28166"}],"wp:term":[{"taxonomy":"category","embeddable":true,"href":"https:\/\/www.grupomedcof.com.br\/blog\/wp-json\/wp\/v2\/categories?post=28166"},{"taxonomy":"post_tag","embeddable":true,"href":"https:\/\/www.grupomedcof.com.br\/blog\/wp-json\/wp\/v2\/tags?post=28166"},{"taxonomy":"author","embeddable":true,"href":"https:\/\/www.grupomedcof.com.br\/blog\/wp-json\/wp\/v2\/ppma_author?post=28166"}],"curies":[{"name":"wp","href":"https:\/\/api.w.org\/{rel}","templated":true}]}}