{"id":28211,"date":"2026-04-10T17:17:57","date_gmt":"2026-04-10T20:17:57","guid":{"rendered":"https:\/\/www.grupomedcof.com.br\/blog\/?p=28211"},"modified":"2026-04-10T17:18:00","modified_gmt":"2026-04-10T20:18:00","slug":"residencia-medica-famema","status":"publish","type":"post","link":"https:\/\/www.grupomedcof.com.br\/blog\/residencia-medica-famema\/","title":{"rendered":"Resid\u00eancia M\u00e9dica FAMEMA 2025\/2026: edital, vagas, processo seletivo e resultado final!"},"content":{"rendered":"<div id=\"ez-toc-container\" class=\"ez-toc-v2_0_74 counter-hierarchy ez-toc-counter ez-toc-transparent ez-toc-container-direction\">\n<div class=\"ez-toc-title-container\">\n<p class=\"ez-toc-title\" style=\"cursor:inherit\">Sum\u00e1rio<\/p>\n<span class=\"ez-toc-title-toggle\"><a href=\"#\" class=\"ez-toc-pull-right ez-toc-btn ez-toc-btn-xs ez-toc-btn-default ez-toc-toggle\" aria-label=\"Alternar tabela de conte\u00fado\"><span class=\"ez-toc-js-icon-con\"><span class=\"\"><span class=\"eztoc-hide\" style=\"display:none;\">Toggle<\/span><span class=\"ez-toc-icon-toggle-span\"><svg style=\"fill: #999;color:#999\" xmlns=\"http:\/\/www.w3.org\/2000\/svg\" class=\"list-377408\" width=\"20px\" height=\"20px\" viewBox=\"0 0 24 24\" fill=\"none\"><path d=\"M6 6H4v2h2V6zm14 0H8v2h12V6zM4 11h2v2H4v-2zm16 0H8v2h12v-2zM4 16h2v2H4v-2zm16 0H8v2h12v-2z\" fill=\"currentColor\"><\/path><\/svg><svg style=\"fill: #999;color:#999\" class=\"arrow-unsorted-368013\" xmlns=\"http:\/\/www.w3.org\/2000\/svg\" width=\"10px\" height=\"10px\" viewBox=\"0 0 24 24\" version=\"1.2\" baseProfile=\"tiny\"><path d=\"M18.2 9.3l-6.2-6.3-6.2 6.3c-.2.2-.3.4-.3.7s.1.5.3.7c.2.2.4.3.7.3h11c.3 0 .5-.1.7-.3.2-.2.3-.5.3-.7s-.1-.5-.3-.7zM5.8 14.7l6.2 6.3 6.2-6.3c.2-.2.3-.5.3-.7s-.1-.5-.3-.7c-.2-.2-.4-.3-.7-.3h-11c-.3 0-.5.1-.7.3-.2.2-.3.5-.3.7s.1.5.3.7z\"\/><\/svg><\/span><\/span><\/span><\/a><\/span><\/div>\n<nav><ul class='ez-toc-list ez-toc-list-level-1 ' ><li class='ez-toc-page-1 ez-toc-heading-level-2'><a class=\"ez-toc-link ez-toc-heading-1\" href=\"https:\/\/www.grupomedcof.com.br\/blog\/residencia-medica-famema\/#Edital_FAMEMA_2026\" >Edital FAMEMA 2026<\/a><ul class='ez-toc-list-level-3' ><li class='ez-toc-heading-level-3'><a class=\"ez-toc-link ez-toc-heading-2\" href=\"https:\/\/www.grupomedcof.com.br\/blog\/residencia-medica-famema\/#Inscricoes\" >Inscri\u00e7\u00f5es<\/a><\/li><li class='ez-toc-page-1 ez-toc-heading-level-3'><a class=\"ez-toc-link ez-toc-heading-3\" href=\"https:\/\/www.grupomedcof.com.br\/blog\/residencia-medica-famema\/#Prova_objetiva\" >Prova objetiva<\/a><\/li><\/ul><\/li><li class='ez-toc-page-1 ez-toc-heading-level-2'><a class=\"ez-toc-link ez-toc-heading-4\" href=\"https:\/\/www.grupomedcof.com.br\/blog\/residencia-medica-famema\/#Vagas_disponiveis\" >Vagas dispon\u00edveis<\/a><ul class='ez-toc-list-level-3' ><li class='ez-toc-heading-level-3'><a class=\"ez-toc-link ez-toc-heading-5\" href=\"https:\/\/www.grupomedcof.com.br\/blog\/residencia-medica-famema\/#Acesso_direto\" >Acesso direto<\/a><\/li><li class='ez-toc-page-1 ez-toc-heading-level-3'><a class=\"ez-toc-link ez-toc-heading-6\" href=\"https:\/\/www.grupomedcof.com.br\/blog\/residencia-medica-famema\/#Pre-requisito\" >Pr\u00e9-requisito<\/a><\/li><li class='ez-toc-page-1 ez-toc-heading-level-3'><a class=\"ez-toc-link ez-toc-heading-7\" href=\"https:\/\/www.grupomedcof.com.br\/blog\/residencia-medica-famema\/#Areas_de_atuacao\" >\u00c1reas de atua\u00e7\u00e3o<\/a><\/li><\/ul><\/li><li class='ez-toc-page-1 ez-toc-heading-level-2'><a class=\"ez-toc-link ez-toc-heading-8\" href=\"https:\/\/www.grupomedcof.com.br\/blog\/residencia-medica-famema\/#Cronograma_FAMEMA_20252026\" >Cronograma FAMEMA 2025\/2026<\/a><\/li><li class='ez-toc-page-1 ez-toc-heading-level-2'><a class=\"ez-toc-link ez-toc-heading-9\" href=\"https:\/\/www.grupomedcof.com.br\/blog\/residencia-medica-famema\/#Relacao_CandidatoVaga_e_Concorrencia_FAMEMA\" >Rela\u00e7\u00e3o Candidato\/Vaga e Concorr\u00eancia FAMEMA<\/a><\/li><li class='ez-toc-page-1 ez-toc-heading-level-2'><a class=\"ez-toc-link ez-toc-heading-10\" href=\"https:\/\/www.grupomedcof.com.br\/blog\/residencia-medica-famema\/#Gabarito_Preliminar\" >Gabarito Preliminar<\/a><\/li><li class='ez-toc-page-1 ez-toc-heading-level-2'><a class=\"ez-toc-link ez-toc-heading-11\" href=\"https:\/\/www.grupomedcof.com.br\/blog\/residencia-medica-famema\/#Nota_da_prova_objetiva_e_classificacao_previa\" >Nota da prova objetiva e classifica\u00e7\u00e3o pr\u00e9via<\/a><\/li><li class='ez-toc-page-1 ez-toc-heading-level-2'><a class=\"ez-toc-link ez-toc-heading-12\" href=\"https:\/\/www.grupomedcof.com.br\/blog\/residencia-medica-famema\/#Resultado_Final_FAMEMA_20252026\" >Resultado Final FAMEMA 2025\/2026<\/a><\/li><li class='ez-toc-page-1 ez-toc-heading-level-2'><a class=\"ez-toc-link ez-toc-heading-13\" href=\"https:\/\/www.grupomedcof.com.br\/blog\/residencia-medica-famema\/#Nota_de_corte_de_residencia_medica_FAMEMA_20252026\" >Nota de corte de resid\u00eancia m\u00e9dica FAMEMA 2025\/2026<\/a><\/li><li class='ez-toc-page-1 ez-toc-heading-level-2'><a class=\"ez-toc-link ez-toc-heading-14\" href=\"https:\/\/www.grupomedcof.com.br\/blog\/residencia-medica-famema\/#Prepare-se_para_a_FAMEMA_2027\" >Prepare-se para a FAMEMA 2027<\/a><\/li><\/ul><\/nav><\/div>\n\n<figure class=\"wp-block-image size-large\"><img loading=\"lazy\" decoding=\"async\" width=\"1024\" height=\"576\" src=\"https:\/\/www.grupomedcof.com.br\/blog\/wp-content\/uploads\/2024\/07\/Modelo-instituicoes-16-1-1024x576.png\" alt=\"\" class=\"wp-image-28213\" srcset=\"https:\/\/www.grupomedcof.com.br\/blog\/wp-content\/uploads\/2024\/07\/Modelo-instituicoes-16-1-1024x576.png 1024w, https:\/\/www.grupomedcof.com.br\/blog\/wp-content\/uploads\/2024\/07\/Modelo-instituicoes-16-1-300x169.png 300w, https:\/\/www.grupomedcof.com.br\/blog\/wp-content\/uploads\/2024\/07\/Modelo-instituicoes-16-1-768x432.png 768w, https:\/\/www.grupomedcof.com.br\/blog\/wp-content\/uploads\/2024\/07\/Modelo-instituicoes-16-1-1536x864.png 1536w, https:\/\/www.grupomedcof.com.br\/blog\/wp-content\/uploads\/2024\/07\/Modelo-instituicoes-16-1-747x420.png 747w, https:\/\/www.grupomedcof.com.br\/blog\/wp-content\/uploads\/2024\/07\/Modelo-instituicoes-16-1-150x84.png 150w, https:\/\/www.grupomedcof.com.br\/blog\/wp-content\/uploads\/2024\/07\/Modelo-instituicoes-16-1-696x392.png 696w, https:\/\/www.grupomedcof.com.br\/blog\/wp-content\/uploads\/2024\/07\/Modelo-instituicoes-16-1-1068x601.png 1068w, https:\/\/www.grupomedcof.com.br\/blog\/wp-content\/uploads\/2024\/07\/Modelo-instituicoes-16-1.png 1920w\" sizes=\"auto, (max-width: 1024px) 100vw, 1024px\" \/><\/figure>\n\n\n\n<p>Confira todas as informa\u00e7\u00f5es do processo seletivo da <strong>Faculdade de Medicina de Mar\u00edlia (FAMEMA)<\/strong>&nbsp;de 2025!<\/p>\n\n\n\n<h2 class=\"wp-block-heading\" id=\"h-edital-famema-2026\"><span class=\"ez-toc-section\" id=\"Edital_FAMEMA_2026\"><\/span><strong>Edital FAMEMA 2026<\/strong><span class=\"ez-toc-section-end\"><\/span><\/h2>\n\n\n\n<p>O <a href=\"https:\/\/www.grupomedcof.com.br\/blog\/edital-residencia-medica-famema\/\" target=\"_blank\" rel=\"noreferrer noopener\">edital da FAMEMA<\/a> foi divulgado no dia 1\u00b0 de outubro de 2025, ofertando 105 vagas! &nbsp;As inscri\u00e7\u00f5es ser\u00e3o entre os dias&nbsp;<strong>16 de outubro e 04 de novembro de 2025<\/strong>.<\/p>\n\n\n\n<h3 class=\"wp-block-heading\" id=\"inscri\u00e7\u00f5es\"><span class=\"ez-toc-section\" id=\"Inscricoes\"><\/span><strong>Inscri\u00e7\u00f5es<\/strong><span class=\"ez-toc-section-end\"><\/span><\/h3>\n\n\n\n<p>Como j\u00e1 apresentado, as inscri\u00e7\u00f5es para o processo seletivo da FAMEMA ocorreram entre os dias&nbsp;<strong><strong>16 de outubro e 04 de novembro de 2025<\/strong><\/strong>, sendo esse processo efetivado ap\u00f3s o pagamento da taxa de inscri\u00e7\u00e3o, estabelecida em&nbsp;<strong>R$510,00<\/strong>.<\/p>\n\n\n\n<h3 class=\"wp-block-heading\" id=\"prova-objetiva\"><span class=\"ez-toc-section\" id=\"Prova_objetiva\"><\/span><strong>Prova objetiva<\/strong><span class=\"ez-toc-section-end\"><\/span><\/h3>\n\n\n\n<p>A prova objetiva foi aplicada no dia&nbsp;<strong>08 de dezembro de 2025,<\/strong> com dura\u00e7\u00e3o de<strong>&nbsp;5 horas para as \u00e1reas b\u00e1sicas e especialidades com Acesso Direto<\/strong>&nbsp;e&nbsp;<strong>3 horas para as especialidades com exig\u00eancia de Pr\u00e9-Requisito e \u00c1rea de Atua\u00e7\u00e3o<\/strong>. A composi\u00e7\u00e3o da prova \u00e9 de&nbsp;<a href=\"https:\/\/www.grupomedcof.com.br\/blog\/famema-2024-temas-quentes\/\">100 quest\u00f5es<\/a>&nbsp;para Acesso Direto e 50 quest\u00f5es para Pr\u00e9-Requisito e \u00c1rea de Atua\u00e7\u00e3o.<\/p>\n\n\n\n<h2 class=\"wp-block-heading\" id=\"h-vagas-disponiveis\"><span class=\"ez-toc-section\" id=\"Vagas_disponiveis\"><\/span><strong>Vagas dispon\u00edveis<\/strong><span class=\"ez-toc-section-end\"><\/span><\/h2>\n\n\n\n<h3 class=\"wp-block-heading\" id=\"h-acesso-direto\"><span class=\"ez-toc-section\" id=\"Acesso_direto\"><\/span><strong>Acesso direto<\/strong><span class=\"ez-toc-section-end\"><\/span><\/h3>\n\n\n\n<figure class=\"wp-block-table\"><table class=\"has-fixed-layout\"><tbody><tr><td><strong>Especialidades<\/strong><\/td><td><strong>Vagas<\/strong><\/td><\/tr><tr><td>Cl\u00ednica M\u00e9dica<\/td><td>12<\/td><\/tr><tr><td>Cirurgia Geral<\/td><td>7<\/td><\/tr><tr><td>Ginecologia e Obstetr\u00edcia<\/td><td>7<\/td><\/tr><tr><td>Medicina da Fam\u00edlia e Comunidade<\/td><td>10<\/td><\/tr><tr><td>Pediatria<\/td><td>6<\/td><\/tr><tr><td>Anestesiologia<\/td><td>4<\/td><\/tr><tr><td>Dermatologia<\/td><td>2<\/td><\/tr><tr><td>Infectologia<\/td><td>1<\/td><\/tr><tr><td>Medicina de Emerg\u00eancia<\/td><td>3<\/td><\/tr><tr><td>Medicina Intensiva<\/td><td>2<\/td><\/tr><tr><td>Medicina F\u00edsica e Reabilita\u00e7\u00e3o<\/td><td>2<\/td><\/tr><tr><td>Neurologia<\/td><td>3<\/td><\/tr><tr><td>Oftalmologia<\/td><td>5<\/td><\/tr><tr><td>Ortopedia e Traumatologia<\/td><td>8<\/td><\/tr><tr><td>Otorrinolaringologia<\/td><td>2<\/td><\/tr><tr><td>Psiquiatria<\/td><td>4<\/td><\/tr><tr><td>Radiologia e Diagn\u00f3stico por Imagem<\/td><td>3<\/td><\/tr><\/tbody><\/table><\/figure>\n\n\n\n<h3 class=\"wp-block-heading\" id=\"h-pre-requisito\"><span class=\"ez-toc-section\" id=\"Pre-requisito\"><\/span><strong>Pr\u00e9-requisito<\/strong><span class=\"ez-toc-section-end\"><\/span><\/h3>\n\n\n\n<figure class=\"wp-block-table\"><table class=\"has-fixed-layout\"><tbody><tr><td><strong>Especialidades<\/strong><\/td><td><strong>Vagas<\/strong><\/td><\/tr><tr><td>Cardiologia<\/td><td>2<\/td><\/tr><tr><td>Endocrinologia e Metabologia<\/td><td>3<\/td><\/tr><tr><td>Geriatria<\/td><td>2<\/td><\/tr><tr><td>Hematologia e Hemoterapia<\/td><td>2<\/td><\/tr><tr><td>Reumatologia<\/td><td>2<\/td><\/tr><tr><td>Cirurgia do Aparelho Digestivo<\/td><td>2<\/td><\/tr><tr><td>Cirurgia Pl\u00e1stica<\/td><td>2<\/td><\/tr><tr><td>Cirurgia Vascular<\/td><td>2<\/td><\/tr><tr><td>Urologia<\/td><td>2<\/td><\/tr><tr><td>Oncologia Pedi\u00e1trica<\/td><td>1<\/td><\/tr><\/tbody><\/table><\/figure>\n\n\n\n<h3 class=\"wp-block-heading\" id=\"h-areas-de-atuacao\"><span class=\"ez-toc-section\" id=\"Areas_de_atuacao\"><\/span><strong>\u00c1reas de atua\u00e7\u00e3o<\/strong><span class=\"ez-toc-section-end\"><\/span><\/h3>\n\n\n\n<figure class=\"wp-block-table\"><table class=\"has-fixed-layout\"><tbody><tr><td><strong>Especialidades<\/strong><\/td><td><strong>Vagas<\/strong><\/td><\/tr><tr><td>Medicina Intensiva Pedi\u00e1trica<\/td><td>2<\/td><\/tr><tr><td>Angiorradiologia e Cirurgia Endovascular<\/td><td>2<\/td><\/tr><\/tbody><\/table><\/figure>\n\n\n\n<h2 class=\"wp-block-heading\" id=\"h-cronograma-famema-2025-2026\"><span class=\"ez-toc-section\" id=\"Cronograma_FAMEMA_20252026\"><\/span><strong>Cronograma FAMEMA 2025\/2026<\/strong><span class=\"ez-toc-section-end\"><\/span><\/h2>\n\n\n\n<figure class=\"wp-block-table\"><table class=\"has-fixed-layout\"><tbody><tr><td><strong>Inscri\u00e7\u00f5es<\/strong><\/td><td>16\/10\/2025 a 04\/11\/2025<\/td><\/tr><tr><td><strong>Aplica\u00e7\u00e3o da prova objetiva<\/strong><\/td><td>08\/12\/2025<\/td><\/tr><tr><td><strong>Gabarito preliminar<\/strong><\/td><td>09\/12\/2025<\/td><\/tr><tr><td><strong>Nota da prova e classifica\u00e7\u00e3o pr\u00e9via<\/strong><\/td><td>12\/01\/2026<\/td><\/tr><tr><td><strong>Resultado final e classifica\u00e7\u00e3o definitiva<\/strong><\/td><td>06\/02\/2026<\/td><\/tr><tr><td><strong>Declara\u00e7\u00e3o de interesse de vaga<\/strong><\/td><td>09\/02 e 10\/02\/2026<\/td><\/tr><tr><td><strong>In\u00edcio dos programas<\/strong><\/td><td>02\/03\/2026<\/td><\/tr><\/tbody><\/table><\/figure>\n\n\n\n<h2 class=\"wp-block-heading\" id=\"rela\u00e7\u00e3o-candidato-vaga-e-concorr\u00eancia-famema\"><span class=\"ez-toc-section\" id=\"Relacao_CandidatoVaga_e_Concorrencia_FAMEMA\"><\/span><strong>Rela\u00e7\u00e3o Candidato\/Vaga e Concorr\u00eancia FAMEMA<\/strong><span class=\"ez-toc-section-end\"><\/span><\/h2>\n\n\n\n<p>Na \u00faltima edi\u00e7\u00e3o, a institui\u00e7\u00e3o teve um total de&nbsp;<strong>2.140&nbsp;candidatos inscritos<\/strong>, para&nbsp;<strong>105<\/strong>&nbsp;<strong>vagas&nbsp;<\/strong>ofertadas, acarretando em uma<strong>&nbsp;concorr\u00eancia geral de&nbsp;20,38&nbsp;candidatos por vaga<\/strong>.<\/p>\n\n\n\n<div class=\"wp-block-buttons is-layout-flex wp-block-buttons-is-layout-flex\">\n<div class=\"wp-block-button\"><a class=\"wp-block-button__link wp-element-button\" href=\"https:\/\/www.grupomedcof.com.br\/blog\/confira-a-relacao-candidato-vaga-da-famema-2024-2025\/\" target=\"_blank\" rel=\"noreferrer noopener\">Veja aqui a Rela\u00e7\u00e3o Candidato\/Vaga da FAMEMA 2025<\/a><\/div>\n<\/div>\n\n\n\n<h2 class=\"wp-block-heading\" id=\"h-gabarito-preliminar\"><span class=\"ez-toc-section\" id=\"Gabarito_Preliminar\"><\/span><strong>Gabarito Preliminar<\/strong><span class=\"ez-toc-section-end\"><\/span><\/h2>\n\n\n\n<p>O gabarito teve divulga\u00e7\u00e3o logo ap\u00f3s e os candidatos poder\u00e3o&nbsp;<strong>interpor recursos<\/strong>&nbsp;entre os dias&nbsp;<strong>10 e 11 de dezembro<\/strong>.<\/p>\n\n\n\n<div class=\"wp-block-buttons is-layout-flex wp-block-buttons-is-layout-flex\">\n<div class=\"wp-block-button\"><a class=\"wp-block-button__link wp-element-button\" href=\"https:\/\/www.grupomedcof.com.br\/blog\/gabarito-famema\/\" target=\"_blank\" rel=\"noreferrer noopener\">Clique e veja o gabarito preliminar!<\/a><\/div>\n<\/div>\n\n\n\n<h2 class=\"wp-block-heading\" id=\"h-nota-da-prova-objetiva-e-classificacao-previa\"><span class=\"ez-toc-section\" id=\"Nota_da_prova_objetiva_e_classificacao_previa\"><\/span><strong>Nota da prova objetiva e classifica\u00e7\u00e3o pr\u00e9via<\/strong><span class=\"ez-toc-section-end\"><\/span><\/h2>\n\n\n\n<p>No dia 12 de janeiro de 2026, foi publicado, no site oficial da <strong><a href=\"https:\/\/www.vunesp.com.br\/\">Funda\u00e7\u00e3o Vunesp<\/a><\/strong>, a nota da prova objetiva ap\u00f3s o per\u00edodo de recursos e o resultado preliminar do processo seletivo de resid\u00eancia m\u00e9dica com in\u00edcio em 2026 da FAMEMA. Confira o documento oficial abaixo:<\/p>\n\n\n\n<div class=\"wp-block-buttons is-content-justification-center is-layout-flex wp-container-core-buttons-is-layout-16018d1d wp-block-buttons-is-layout-flex\">\n<div class=\"wp-block-button\"><a class=\"wp-block-button__link wp-element-button\" href=\"https:\/\/www.grupomedcof.com.br\/blog\/wp-content\/uploads\/2025\/01\/Nota-prova-objetiva-FAMEMA-2026.pdf\" target=\"_blank\" rel=\"noreferrer noopener\">Confira aqui!<\/a><\/div>\n<\/div>\n\n\n\n<p>Os candidatos puderam apresentar&nbsp;<strong>recursos<\/strong>&nbsp;referentes \u00e0&nbsp;<strong>nota da prova objetiva<\/strong>,&nbsp;<strong>nota final<\/strong>&nbsp;e&nbsp;<strong>classifica\u00e7\u00e3o pr\u00e9via<\/strong>&nbsp;nos dias&nbsp;<strong>13 e 14 de janeiro de 2026<\/strong>.<\/p>\n\n\n\n<p>N\u00e3o deixe de conferir os <a href=\"https:\/\/www.grupomedcof.com.br\/blog\/residencia-medica-famema-temas-quentes\/\" target=\"_blank\" rel=\"noreferrer noopener\">temas quentes<\/a> da FAMEMA para ficar preparado para o pr\u00f3ximo processo seletivo!<\/p>\n\n\n\n<h2 class=\"wp-block-heading\" id=\"h-resultado-final-famema-2025-2026\"><span class=\"ez-toc-section\" id=\"Resultado_Final_FAMEMA_20252026\"><\/span><strong>Resultado Final FAMEMA 2025\/2026<\/strong><span class=\"ez-toc-section-end\"><\/span><\/h2>\n\n\n\n<p>O documento foi divulgado no dia 06 de fevereiro de 2026, atrav\u00e9s da Funda\u00e7\u00e3o Vunesp. O resultado inclui as notas finais e a classifica\u00e7\u00e3o definitiva dos candidatos. Veja:<\/p>\n\n\n\n<div class=\"wp-block-buttons is-layout-flex wp-block-buttons-is-layout-flex\">\n<div class=\"wp-block-button\"><a class=\"wp-block-button__link wp-element-button\" href=\"https:\/\/www.grupomedcof.com.br\/blog\/wp-content\/uploads\/2026\/01\/Resultado-Final-FAMEMA-2026.pdf\" target=\"_blank\" rel=\"noreferrer noopener\">Resultado Final FAMEMA 2026<\/a><\/div>\n<\/div>\n\n\n\n<p>A&nbsp;<strong>declara\u00e7\u00e3o de interesse pela vaga<\/strong>&nbsp;deve ser realizada por meio da Vunesp nos dias <strong>09 e 10 de fevereiro de 2026.<\/strong> A convoca\u00e7\u00e3o para matr\u00edcula da 1\u00aa chamada est\u00e1 prevista para 11 de fevereiro, com as matr\u00edculas nos dias 12 e 13 de fevereiro.&nbsp;<\/p>\n\n\n\n<h2 class=\"wp-block-heading\" id=\"h-nota-de-corte-de-residencia-medica-famema-2025-2026\"><span class=\"ez-toc-section\" id=\"Nota_de_corte_de_residencia_medica_FAMEMA_20252026\"><\/span><strong>Nota de corte de resid\u00eancia m\u00e9dica FAMEMA 2025\/2026<\/strong><span class=\"ez-toc-section-end\"><\/span><\/h2>\n\n\n\n<figure class=\"wp-block-table\"><table class=\"has-fixed-layout\"><tbody><tr><td><strong>Especialidades<\/strong><\/td><td><strong>Nota de corte 2025<\/strong><\/td><td><strong>Nota de corte 2026<\/strong><\/td><\/tr><tr><td>Anestesiologia<\/td><td>82,00<\/td><td>90,00<\/td><\/tr><tr><td>Angiorradiologia e Cirurgia Endovascular<\/td><td>33,00<\/td><td>\u2013<\/td><\/tr><tr><td>Cardiologia<\/td><td>37,00<\/td><td>50,00<\/td><\/tr><tr><td>Cirurgia de Cabe\u00e7a e Pesco\u00e7o<\/td><td>&#8211;<\/td><td>\u2013<\/td><\/tr><tr><td>Cirurgia do Aparelho Digestivo<\/td><td>41,00<\/td><td>35,00<\/td><\/tr><tr><td>Cirurgia Geral<\/td><td>79,00<\/td><td>89,00<\/td><\/tr><tr><td>Cirurgia Pl\u00e1stica<\/td><td>88,00<\/td><td>46,00<\/td><\/tr><tr><td>Cirurgia Vascular<\/td><td>44,00<\/td><td>37,00<\/td><\/tr><tr><td>Cl\u00ednica M\u00e9dica<\/td><td>79,00<\/td><td>87,00<\/td><\/tr><tr><td>Dermatologia<\/td><td>84,00<\/td><td>92,00<\/td><\/tr><tr><td>Endocrinologia e Metabologia<\/td><td>41,00<\/td><td>49,00<\/td><\/tr><tr><td>Geriatria<\/td><td>38,00<\/td><td>47,00<\/td><\/tr><tr><td>Ginecologia e Obstetr\u00edcia<\/td><td>78,00<\/td><td>88,00<\/td><\/tr><tr><td>Hematologia e Hemoterapia<\/td><td>35,00<\/td><td>47,00<\/td><\/tr><tr><td>Infectologia<\/td><td>73,00<\/td><td>77,00<\/td><\/tr><tr><td>Medicina de Emerg\u00eancia<\/td><td>71,00<\/td><td>83,00<\/td><\/tr><tr><td>Medicina de Fam\u00edlia e Comunidade<\/td><td>59,00<\/td><td>77,00<\/td><\/tr><tr><td>Medicina F\u00edsica e Reabilita\u00e7\u00e3o<\/td><td>63,00<\/td><td>81,00<\/td><\/tr><tr><td>Medicina Intensiva<\/td><td>74,00<\/td><td>84,00<\/td><\/tr><tr><td>Medicina Intensiva Pedi\u00e1trica<\/td><td>\u2013<\/td><td>34,00<\/td><\/tr><tr><td>Neurocirurgia<\/td><td>\u2013<\/td><td>\u2013<\/td><\/tr><tr><td>Neurologia<\/td><td>82,00<\/td><td>90,00<\/td><\/tr><tr><td>Oftalmologia<\/td><td>82,00<\/td><td>83,00<\/td><\/tr><tr><td>Oncologia Pedi\u00e1trica<\/td><td>20,00<\/td><td>30,00<\/td><\/tr><tr><td>Ortopedia e Traumatologia<\/td><td>70,00<\/td><td>84,00<\/td><\/tr><tr><td>Otorrinolaringologia<\/td><td>84,00<\/td><td>89,00<\/td><\/tr><tr><td>Pediatria<\/td><td>75,00<\/td><td>87,00<\/td><\/tr><tr><td>Psiquiatria<\/td><td>82,00<\/td><td>83,00<\/td><\/tr><tr><td>Radiologia e Diagn\u00f3stico por Imagem<\/td><td>80,00<\/td><td>81,00<\/td><\/tr><tr><td>Reumatologia<\/td><td>39,00<\/td><td>49,00<\/td><\/tr><tr><td>Urologia<\/td><td>45,00<\/td><td>41,00<\/td><\/tr><\/tbody><\/table><\/figure>\n\n\n\n<h2 class=\"wp-block-heading\" id=\"h-prepare-se-para-a-famema-2027\"><span class=\"ez-toc-section\" id=\"Prepare-se_para_a_FAMEMA_2027\"><\/span><strong>Prepare-se para a FAMEMA 2027<\/strong><span class=\"ez-toc-section-end\"><\/span><\/h2>\n\n\n\n<p>Portanto, se voc\u00ea quer mandar bem a pr\u00f3xima prova da FAMEMA, a&nbsp;<strong><a href=\"https:\/\/www.grupomedcof.com.br\/home\/?page=cursos\">Medcof<\/a>&nbsp;<\/strong>te ajudar\u00e1 com isso! Com o nosso cat\u00e1logo repleto de cursos, te guiaremos na jornada \u00e0&nbsp;Resid\u00eancia M\u00e9dica&nbsp;dos sonhos! Confira os nossos&nbsp;cursos e&nbsp;<a href=\"https:\/\/www.grupomedcof.com.br\/blog\/presenca-da-medcof-nas-aprovacoes-em-residencia-medica-no-brasil\/\" target=\"_blank\" rel=\"noreferrer noopener\"><strong>seja mais um aprovado<\/strong><\/a>&nbsp;nas melhores institui\u00e7\u00f5es do pa\u00eds!<\/p>\n\n\n\n<figure class=\"wp-block-embed is-type-video is-provider-youtube wp-block-embed-youtube wp-embed-aspect-16-9 wp-has-aspect-ratio\"><div class=\"wp-block-embed__wrapper\">\n<iframe loading=\"lazy\" title=\"FAMEMA 2024 - R1 (Acesso Direto) - Revis\u00e3o de V\u00e9spera Dominada - Domine a prova de resid\u00eancia m\u00e9dica\" width=\"696\" height=\"392\" src=\"https:\/\/www.youtube.com\/embed\/3yf4ZM569QI?feature=oembed\" frameborder=\"0\" allow=\"accelerometer; autoplay; clipboard-write; encrypted-media; gyroscope; picture-in-picture; web-share\" referrerpolicy=\"strict-origin-when-cross-origin\" allowfullscreen><\/iframe>\n<\/div><\/figure>\n","protected":false},"excerpt":{"rendered":"<p>Confira todas as informa\u00e7\u00f5es do processo seletivo da Faculdade de Medicina de Mar\u00edlia (FAMEMA)\u00a0de 2025!<\/p>\n","protected":false},"author":20,"featured_media":28213,"comment_status":"open","ping_status":"open","sticky":false,"template":"","format":"standard","meta":{"footnotes":""},"categories":[10],"tags":[1568,1707,1918,1452,1494,68],"ppma_author":[3616],"class_list":{"0":"post-28211","1":"post","2":"type-post","3":"status-publish","4":"format-standard","5":"has-post-thumbnail","7":"category-raio-x-editais","8":"tag-edital","9":"tag-famema","10":"tag-gabarito","11":"tag-provas","12":"tag-raio-x","13":"tag-residencia-medica"},"yoast_head":"<!-- This site is optimized with the Yoast SEO Premium plugin v24.3 (Yoast SEO v27.4) - https:\/\/yoast.com\/product\/yoast-seo-premium-wordpress\/ -->\n<title>Resid\u00eancia M\u00e9dica FAMEMA 2025\/2026: edital, vagas, processo seletivo e resultado final! - Blog de Medcof: conte\u00fados, editais, revalida e mais!<\/title>\n<meta name=\"description\" content=\"Confira todas as informa\u00e7\u00f5es do processo seletivo da Faculdade de Medicina de Mar\u00edlia (FAMEMA)\u00a0de 2025!\" \/>\n<meta name=\"robots\" content=\"index, follow, max-snippet:-1, max-image-preview:large, max-video-preview:-1\" \/>\n<link rel=\"canonical\" href=\"https:\/\/www.grupomedcof.com.br\/blog\/residencia-medica-famema\/\" \/>\n<meta property=\"og:locale\" content=\"pt_BR\" \/>\n<meta property=\"og:type\" content=\"article\" \/>\n<meta property=\"og:title\" content=\"Resid\u00eancia M\u00e9dica FAMEMA 2025\/2026: edital, vagas, processo seletivo e resultado final!\" \/>\n<meta property=\"og:description\" content=\"Confira todas as informa\u00e7\u00f5es do processo seletivo da Faculdade de Medicina de Mar\u00edlia (FAMEMA)\u00a0de 2025!\" \/>\n<meta property=\"og:url\" content=\"https:\/\/www.grupomedcof.com.br\/blog\/residencia-medica-famema\/\" \/>\n<meta property=\"og:site_name\" content=\"Blog de Medcof: conte\u00fados, editais, revalida e mais!\" \/>\n<meta property=\"article:publisher\" content=\"https:\/\/www.facebook.com\/MedCofQbank\/\" \/>\n<meta property=\"article:published_time\" content=\"2026-04-10T20:17:57+00:00\" \/>\n<meta property=\"article:modified_time\" content=\"2026-04-10T20:18:00+00:00\" \/>\n<meta property=\"og:image\" content=\"https:\/\/www.grupomedcof.com.br\/blog\/wp-content\/uploads\/2024\/07\/Modelo-instituicoes-16-1.png\" \/>\n\t<meta property=\"og:image:width\" content=\"1920\" \/>\n\t<meta property=\"og:image:height\" content=\"1080\" \/>\n\t<meta property=\"og:image:type\" content=\"image\/png\" \/>\n<meta name=\"author\" content=\"Leila Menzel\" \/>\n<meta name=\"twitter:card\" content=\"summary_large_image\" \/>\n<meta name=\"twitter:label1\" content=\"Escrito por\" \/>\n\t<meta name=\"twitter:data1\" content=\"Leila Menzel\" \/>\n\t<meta name=\"twitter:label2\" content=\"Est. tempo de leitura\" \/>\n\t<meta name=\"twitter:data2\" content=\"5 minutos\" \/>\n<script type=\"application\/ld+json\" class=\"yoast-schema-graph\">{\"@context\":\"https:\\\/\\\/schema.org\",\"@graph\":[{\"@type\":\"Article\",\"@id\":\"https:\\\/\\\/www.grupomedcof.com.br\\\/blog\\\/residencia-medica-famema\\\/#article\",\"isPartOf\":{\"@id\":\"https:\\\/\\\/www.grupomedcof.com.br\\\/blog\\\/residencia-medica-famema\\\/\"},\"author\":{\"name\":\"Leila Menzel\",\"@id\":\"https:\\\/\\\/www.grupomedcof.com.br\\\/blog\\\/#\\\/schema\\\/person\\\/9a44c2184a836bf5ae6967fdb3a1451e\"},\"headline\":\"Resid\u00eancia M\u00e9dica FAMEMA 2025\\\/2026: edital, vagas, processo seletivo e resultado final!\",\"datePublished\":\"2026-04-10T20:17:57+00:00\",\"dateModified\":\"2026-04-10T20:18:00+00:00\",\"mainEntityOfPage\":{\"@id\":\"https:\\\/\\\/www.grupomedcof.com.br\\\/blog\\\/residencia-medica-famema\\\/\"},\"wordCount\":748,\"commentCount\":0,\"publisher\":{\"@id\":\"https:\\\/\\\/www.grupomedcof.com.br\\\/blog\\\/#organization\"},\"image\":{\"@id\":\"https:\\\/\\\/www.grupomedcof.com.br\\\/blog\\\/residencia-medica-famema\\\/#primaryimage\"},\"thumbnailUrl\":\"https:\\\/\\\/www.grupomedcof.com.br\\\/blog\\\/wp-content\\\/uploads\\\/2024\\\/07\\\/Modelo-instituicoes-16-1.png\",\"keywords\":[\"Edital\",\"FAMEMA\",\"Gabarito\",\"Provas\",\"Raio-X\",\"Resid\u00eancia M\u00e9dica\"],\"articleSection\":[\"Raio-X Editais\"],\"inLanguage\":\"pt-BR\"},{\"@type\":\"WebPage\",\"@id\":\"https:\\\/\\\/www.grupomedcof.com.br\\\/blog\\\/residencia-medica-famema\\\/\",\"url\":\"https:\\\/\\\/www.grupomedcof.com.br\\\/blog\\\/residencia-medica-famema\\\/\",\"name\":\"Resid\u00eancia M\u00e9dica FAMEMA 2025\\\/2026: edital, vagas, processo seletivo e resultado final! - Blog de Medcof: conte\u00fados, editais, revalida e mais!\",\"isPartOf\":{\"@id\":\"https:\\\/\\\/www.grupomedcof.com.br\\\/blog\\\/#website\"},\"primaryImageOfPage\":{\"@id\":\"https:\\\/\\\/www.grupomedcof.com.br\\\/blog\\\/residencia-medica-famema\\\/#primaryimage\"},\"image\":{\"@id\":\"https:\\\/\\\/www.grupomedcof.com.br\\\/blog\\\/residencia-medica-famema\\\/#primaryimage\"},\"thumbnailUrl\":\"https:\\\/\\\/www.grupomedcof.com.br\\\/blog\\\/wp-content\\\/uploads\\\/2024\\\/07\\\/Modelo-instituicoes-16-1.png\",\"datePublished\":\"2026-04-10T20:17:57+00:00\",\"dateModified\":\"2026-04-10T20:18:00+00:00\",\"description\":\"Confira todas as informa\u00e7\u00f5es do processo seletivo da Faculdade de Medicina de Mar\u00edlia (FAMEMA)\u00a0de 2025!\",\"breadcrumb\":{\"@id\":\"https:\\\/\\\/www.grupomedcof.com.br\\\/blog\\\/residencia-medica-famema\\\/#breadcrumb\"},\"inLanguage\":\"pt-BR\",\"potentialAction\":[{\"@type\":\"ReadAction\",\"target\":[\"https:\\\/\\\/www.grupomedcof.com.br\\\/blog\\\/residencia-medica-famema\\\/\"]}]},{\"@type\":\"ImageObject\",\"inLanguage\":\"pt-BR\",\"@id\":\"https:\\\/\\\/www.grupomedcof.com.br\\\/blog\\\/residencia-medica-famema\\\/#primaryimage\",\"url\":\"https:\\\/\\\/www.grupomedcof.com.br\\\/blog\\\/wp-content\\\/uploads\\\/2024\\\/07\\\/Modelo-instituicoes-16-1.png\",\"contentUrl\":\"https:\\\/\\\/www.grupomedcof.com.br\\\/blog\\\/wp-content\\\/uploads\\\/2024\\\/07\\\/Modelo-instituicoes-16-1.png\",\"width\":1920,\"height\":1080},{\"@type\":\"BreadcrumbList\",\"@id\":\"https:\\\/\\\/www.grupomedcof.com.br\\\/blog\\\/residencia-medica-famema\\\/#breadcrumb\",\"itemListElement\":[{\"@type\":\"ListItem\",\"position\":1,\"name\":\"In\u00edcio\",\"item\":\"https:\\\/\\\/www.grupomedcof.com.br\\\/blog\\\/\"},{\"@type\":\"ListItem\",\"position\":2,\"name\":\"Resid\u00eancia M\u00e9dica FAMEMA 2025\\\/2026: edital, vagas, processo seletivo e resultado final!\"}]},{\"@type\":\"WebSite\",\"@id\":\"https:\\\/\\\/www.grupomedcof.com.br\\\/blog\\\/#website\",\"url\":\"https:\\\/\\\/www.grupomedcof.com.br\\\/blog\\\/\",\"name\":\"Blog de Medcof: conte\u00fados, editais, revalida e mais!\",\"description\":\"Acesso o blog de MedCof! Seu portal de conte\u00fados sobre resid\u00eancia m\u00e9dica, an\u00e1lise e editais e muito mais. Clique e confira!\",\"publisher\":{\"@id\":\"https:\\\/\\\/www.grupomedcof.com.br\\\/blog\\\/#organization\"},\"alternateName\":\"Blog de Medcof: conte\u00fados, editais, revalida e mais!\",\"potentialAction\":[{\"@type\":\"SearchAction\",\"target\":{\"@type\":\"EntryPoint\",\"urlTemplate\":\"https:\\\/\\\/www.grupomedcof.com.br\\\/blog\\\/?s={search_term_string}\"},\"query-input\":{\"@type\":\"PropertyValueSpecification\",\"valueRequired\":true,\"valueName\":\"search_term_string\"}}],\"inLanguage\":\"pt-BR\"},{\"@type\":\"Organization\",\"@id\":\"https:\\\/\\\/www.grupomedcof.com.br\\\/blog\\\/#organization\",\"name\":\"Grupo MedCof\",\"url\":\"https:\\\/\\\/www.grupomedcof.com.br\\\/blog\\\/\",\"logo\":{\"@type\":\"ImageObject\",\"inLanguage\":\"pt-BR\",\"@id\":\"https:\\\/\\\/www.grupomedcof.com.br\\\/blog\\\/#\\\/schema\\\/logo\\\/image\\\/\",\"url\":\"https:\\\/\\\/www.grupomedcof.com.br\\\/blog\\\/wp-content\\\/uploads\\\/2022\\\/01\\\/logo-medcof.png\",\"contentUrl\":\"https:\\\/\\\/www.grupomedcof.com.br\\\/blog\\\/wp-content\\\/uploads\\\/2022\\\/01\\\/logo-medcof.png\",\"width\":768,\"height\":269,\"caption\":\"Grupo MedCof\"},\"image\":{\"@id\":\"https:\\\/\\\/www.grupomedcof.com.br\\\/blog\\\/#\\\/schema\\\/logo\\\/image\\\/\"},\"sameAs\":[\"https:\\\/\\\/www.facebook.com\\\/MedCofQbank\\\/\",\"https:\\\/\\\/www.instagram.com\\\/grupomedcof\\\/\",\"https:\\\/\\\/br.linkedin.com\\\/company\\\/medcof\",\"https:\\\/\\\/www.youtube.com\\\/channel\\\/UCdHMuOHKICxcHwecxN8P-AA\"]},{\"@type\":\"Person\",\"@id\":\"https:\\\/\\\/www.grupomedcof.com.br\\\/blog\\\/#\\\/schema\\\/person\\\/9a44c2184a836bf5ae6967fdb3a1451e\",\"name\":\"Leila Menzel\",\"image\":{\"@type\":\"ImageObject\",\"inLanguage\":\"pt-BR\",\"@id\":\"https:\\\/\\\/www.grupomedcof.com.br\\\/blog\\\/wp-content\\\/uploads\\\/2025\\\/09\\\/cropped-eu-96x96.jpeg19a74936d997c0a8b3031618467fa1d0\",\"url\":\"https:\\\/\\\/www.grupomedcof.com.br\\\/blog\\\/wp-content\\\/uploads\\\/2025\\\/09\\\/cropped-eu-96x96.jpeg\",\"contentUrl\":\"https:\\\/\\\/www.grupomedcof.com.br\\\/blog\\\/wp-content\\\/uploads\\\/2025\\\/09\\\/cropped-eu-96x96.jpeg\",\"caption\":\"Leila Menzel\"},\"description\":\"Estudante do 6\u00b0 semestre de jornalismo, amo e escrevo poesias e viajo em livros de romances clich\u00eas.\",\"url\":\"https:\\\/\\\/www.grupomedcof.com.br\\\/blog\\\/author\\\/leila-menzel\\\/\"}]}<\/script>\n<!-- \/ Yoast SEO Premium plugin. -->","yoast_head_json":{"title":"Resid\u00eancia M\u00e9dica FAMEMA 2025\/2026: edital, vagas, processo seletivo e resultado final! - Blog de Medcof: conte\u00fados, editais, revalida e mais!","description":"Confira todas as informa\u00e7\u00f5es do processo seletivo da Faculdade de Medicina de Mar\u00edlia (FAMEMA)\u00a0de 2025!","robots":{"index":"index","follow":"follow","max-snippet":"max-snippet:-1","max-image-preview":"max-image-preview:large","max-video-preview":"max-video-preview:-1"},"canonical":"https:\/\/www.grupomedcof.com.br\/blog\/residencia-medica-famema\/","og_locale":"pt_BR","og_type":"article","og_title":"Resid\u00eancia M\u00e9dica FAMEMA 2025\/2026: edital, vagas, processo seletivo e resultado final!","og_description":"Confira todas as informa\u00e7\u00f5es do processo seletivo da Faculdade de Medicina de Mar\u00edlia (FAMEMA)\u00a0de 2025!","og_url":"https:\/\/www.grupomedcof.com.br\/blog\/residencia-medica-famema\/","og_site_name":"Blog de Medcof: conte\u00fados, editais, revalida e mais!","article_publisher":"https:\/\/www.facebook.com\/MedCofQbank\/","article_published_time":"2026-04-10T20:17:57+00:00","article_modified_time":"2026-04-10T20:18:00+00:00","og_image":[{"width":1920,"height":1080,"url":"https:\/\/www.grupomedcof.com.br\/blog\/wp-content\/uploads\/2024\/07\/Modelo-instituicoes-16-1.png","type":"image\/png"}],"author":"Leila Menzel","twitter_card":"summary_large_image","twitter_misc":{"Escrito por":"Leila Menzel","Est. tempo de leitura":"5 minutos"},"schema":{"@context":"https:\/\/schema.org","@graph":[{"@type":"Article","@id":"https:\/\/www.grupomedcof.com.br\/blog\/residencia-medica-famema\/#article","isPartOf":{"@id":"https:\/\/www.grupomedcof.com.br\/blog\/residencia-medica-famema\/"},"author":{"name":"Leila Menzel","@id":"https:\/\/www.grupomedcof.com.br\/blog\/#\/schema\/person\/9a44c2184a836bf5ae6967fdb3a1451e"},"headline":"Resid\u00eancia M\u00e9dica FAMEMA 2025\/2026: edital, vagas, processo seletivo e resultado final!","datePublished":"2026-04-10T20:17:57+00:00","dateModified":"2026-04-10T20:18:00+00:00","mainEntityOfPage":{"@id":"https:\/\/www.grupomedcof.com.br\/blog\/residencia-medica-famema\/"},"wordCount":748,"commentCount":0,"publisher":{"@id":"https:\/\/www.grupomedcof.com.br\/blog\/#organization"},"image":{"@id":"https:\/\/www.grupomedcof.com.br\/blog\/residencia-medica-famema\/#primaryimage"},"thumbnailUrl":"https:\/\/www.grupomedcof.com.br\/blog\/wp-content\/uploads\/2024\/07\/Modelo-instituicoes-16-1.png","keywords":["Edital","FAMEMA","Gabarito","Provas","Raio-X","Resid\u00eancia M\u00e9dica"],"articleSection":["Raio-X Editais"],"inLanguage":"pt-BR"},{"@type":"WebPage","@id":"https:\/\/www.grupomedcof.com.br\/blog\/residencia-medica-famema\/","url":"https:\/\/www.grupomedcof.com.br\/blog\/residencia-medica-famema\/","name":"Resid\u00eancia M\u00e9dica FAMEMA 2025\/2026: edital, vagas, processo seletivo e resultado final! - Blog de Medcof: conte\u00fados, editais, revalida e mais!","isPartOf":{"@id":"https:\/\/www.grupomedcof.com.br\/blog\/#website"},"primaryImageOfPage":{"@id":"https:\/\/www.grupomedcof.com.br\/blog\/residencia-medica-famema\/#primaryimage"},"image":{"@id":"https:\/\/www.grupomedcof.com.br\/blog\/residencia-medica-famema\/#primaryimage"},"thumbnailUrl":"https:\/\/www.grupomedcof.com.br\/blog\/wp-content\/uploads\/2024\/07\/Modelo-instituicoes-16-1.png","datePublished":"2026-04-10T20:17:57+00:00","dateModified":"2026-04-10T20:18:00+00:00","description":"Confira todas as informa\u00e7\u00f5es do processo seletivo da Faculdade de Medicina de Mar\u00edlia (FAMEMA)\u00a0de 2025!","breadcrumb":{"@id":"https:\/\/www.grupomedcof.com.br\/blog\/residencia-medica-famema\/#breadcrumb"},"inLanguage":"pt-BR","potentialAction":[{"@type":"ReadAction","target":["https:\/\/www.grupomedcof.com.br\/blog\/residencia-medica-famema\/"]}]},{"@type":"ImageObject","inLanguage":"pt-BR","@id":"https:\/\/www.grupomedcof.com.br\/blog\/residencia-medica-famema\/#primaryimage","url":"https:\/\/www.grupomedcof.com.br\/blog\/wp-content\/uploads\/2024\/07\/Modelo-instituicoes-16-1.png","contentUrl":"https:\/\/www.grupomedcof.com.br\/blog\/wp-content\/uploads\/2024\/07\/Modelo-instituicoes-16-1.png","width":1920,"height":1080},{"@type":"BreadcrumbList","@id":"https:\/\/www.grupomedcof.com.br\/blog\/residencia-medica-famema\/#breadcrumb","itemListElement":[{"@type":"ListItem","position":1,"name":"In\u00edcio","item":"https:\/\/www.grupomedcof.com.br\/blog\/"},{"@type":"ListItem","position":2,"name":"Resid\u00eancia M\u00e9dica FAMEMA 2025\/2026: edital, vagas, processo seletivo e resultado final!"}]},{"@type":"WebSite","@id":"https:\/\/www.grupomedcof.com.br\/blog\/#website","url":"https:\/\/www.grupomedcof.com.br\/blog\/","name":"Blog de Medcof: conte\u00fados, editais, revalida e mais!","description":"Acesso o blog de MedCof! Seu portal de conte\u00fados sobre resid\u00eancia m\u00e9dica, an\u00e1lise e editais e muito mais. Clique e confira!","publisher":{"@id":"https:\/\/www.grupomedcof.com.br\/blog\/#organization"},"alternateName":"Blog de Medcof: conte\u00fados, editais, revalida e mais!","potentialAction":[{"@type":"SearchAction","target":{"@type":"EntryPoint","urlTemplate":"https:\/\/www.grupomedcof.com.br\/blog\/?s={search_term_string}"},"query-input":{"@type":"PropertyValueSpecification","valueRequired":true,"valueName":"search_term_string"}}],"inLanguage":"pt-BR"},{"@type":"Organization","@id":"https:\/\/www.grupomedcof.com.br\/blog\/#organization","name":"Grupo MedCof","url":"https:\/\/www.grupomedcof.com.br\/blog\/","logo":{"@type":"ImageObject","inLanguage":"pt-BR","@id":"https:\/\/www.grupomedcof.com.br\/blog\/#\/schema\/logo\/image\/","url":"https:\/\/www.grupomedcof.com.br\/blog\/wp-content\/uploads\/2022\/01\/logo-medcof.png","contentUrl":"https:\/\/www.grupomedcof.com.br\/blog\/wp-content\/uploads\/2022\/01\/logo-medcof.png","width":768,"height":269,"caption":"Grupo MedCof"},"image":{"@id":"https:\/\/www.grupomedcof.com.br\/blog\/#\/schema\/logo\/image\/"},"sameAs":["https:\/\/www.facebook.com\/MedCofQbank\/","https:\/\/www.instagram.com\/grupomedcof\/","https:\/\/br.linkedin.com\/company\/medcof","https:\/\/www.youtube.com\/channel\/UCdHMuOHKICxcHwecxN8P-AA"]},{"@type":"Person","@id":"https:\/\/www.grupomedcof.com.br\/blog\/#\/schema\/person\/9a44c2184a836bf5ae6967fdb3a1451e","name":"Leila Menzel","image":{"@type":"ImageObject","inLanguage":"pt-BR","@id":"https:\/\/www.grupomedcof.com.br\/blog\/wp-content\/uploads\/2025\/09\/cropped-eu-96x96.jpeg19a74936d997c0a8b3031618467fa1d0","url":"https:\/\/www.grupomedcof.com.br\/blog\/wp-content\/uploads\/2025\/09\/cropped-eu-96x96.jpeg","contentUrl":"https:\/\/www.grupomedcof.com.br\/blog\/wp-content\/uploads\/2025\/09\/cropped-eu-96x96.jpeg","caption":"Leila Menzel"},"description":"Estudante do 6\u00b0 semestre de jornalismo, amo e escrevo poesias e viajo em livros de romances clich\u00eas.","url":"https:\/\/www.grupomedcof.com.br\/blog\/author\/leila-menzel\/"}]}},"authors":[{"term_id":3616,"user_id":20,"is_guest":0,"slug":"leila-menzel","display_name":"Leila Menzel","avatar_url":"https:\/\/www.grupomedcof.com.br\/blog\/wp-content\/uploads\/2025\/09\/cropped-eu-96x96.jpeg","0":null,"1":"","2":"","3":"","4":"","5":"","6":"","7":"","8":""}],"_links":{"self":[{"href":"https:\/\/www.grupomedcof.com.br\/blog\/wp-json\/wp\/v2\/posts\/28211","targetHints":{"allow":["GET"]}}],"collection":[{"href":"https:\/\/www.grupomedcof.com.br\/blog\/wp-json\/wp\/v2\/posts"}],"about":[{"href":"https:\/\/www.grupomedcof.com.br\/blog\/wp-json\/wp\/v2\/types\/post"}],"author":[{"embeddable":true,"href":"https:\/\/www.grupomedcof.com.br\/blog\/wp-json\/wp\/v2\/users\/20"}],"replies":[{"embeddable":true,"href":"https:\/\/www.grupomedcof.com.br\/blog\/wp-json\/wp\/v2\/comments?post=28211"}],"version-history":[{"count":5,"href":"https:\/\/www.grupomedcof.com.br\/blog\/wp-json\/wp\/v2\/posts\/28211\/revisions"}],"predecessor-version":[{"id":42956,"href":"https:\/\/www.grupomedcof.com.br\/blog\/wp-json\/wp\/v2\/posts\/28211\/revisions\/42956"}],"wp:featuredmedia":[{"embeddable":true,"href":"https:\/\/www.grupomedcof.com.br\/blog\/wp-json\/wp\/v2\/media\/28213"}],"wp:attachment":[{"href":"https:\/\/www.grupomedcof.com.br\/blog\/wp-json\/wp\/v2\/media?parent=28211"}],"wp:term":[{"taxonomy":"category","embeddable":true,"href":"https:\/\/www.grupomedcof.com.br\/blog\/wp-json\/wp\/v2\/categories?post=28211"},{"taxonomy":"post_tag","embeddable":true,"href":"https:\/\/www.grupomedcof.com.br\/blog\/wp-json\/wp\/v2\/tags?post=28211"},{"taxonomy":"author","embeddable":true,"href":"https:\/\/www.grupomedcof.com.br\/blog\/wp-json\/wp\/v2\/ppma_author?post=28211"}],"curies":[{"name":"wp","href":"https:\/\/api.w.org\/{rel}","templated":true}]}}