{"id":28234,"date":"2025-03-11T16:44:30","date_gmt":"2025-03-11T19:44:30","guid":{"rendered":"https:\/\/www.grupomedcof.com.br\/blog\/?p=28234"},"modified":"2025-03-11T16:45:01","modified_gmt":"2025-03-11T19:45:01","slug":"revalida-inep-cartao-de-confirmacao","status":"publish","type":"post","link":"https:\/\/www.grupomedcof.com.br\/blog\/revalida-inep-cartao-de-confirmacao\/","title":{"rendered":"Revalida Inep 2025.1 disponibiliza cart\u00e3o de confirma\u00e7\u00e3o"},"content":{"rendered":"<div id=\"ez-toc-container\" class=\"ez-toc-v2_0_74 counter-hierarchy ez-toc-counter ez-toc-transparent ez-toc-container-direction\">\n<div class=\"ez-toc-title-container\">\n<p class=\"ez-toc-title\" style=\"cursor:inherit\">Sum\u00e1rio<\/p>\n<span class=\"ez-toc-title-toggle\"><a href=\"#\" class=\"ez-toc-pull-right ez-toc-btn ez-toc-btn-xs ez-toc-btn-default ez-toc-toggle\" aria-label=\"Alternar tabela de conte\u00fado\"><span class=\"ez-toc-js-icon-con\"><span class=\"\"><span class=\"eztoc-hide\" style=\"display:none;\">Toggle<\/span><span class=\"ez-toc-icon-toggle-span\"><svg style=\"fill: #999;color:#999\" xmlns=\"http:\/\/www.w3.org\/2000\/svg\" class=\"list-377408\" width=\"20px\" height=\"20px\" viewBox=\"0 0 24 24\" fill=\"none\"><path d=\"M6 6H4v2h2V6zm14 0H8v2h12V6zM4 11h2v2H4v-2zm16 0H8v2h12v-2zM4 16h2v2H4v-2zm16 0H8v2h12v-2z\" fill=\"currentColor\"><\/path><\/svg><svg style=\"fill: #999;color:#999\" class=\"arrow-unsorted-368013\" xmlns=\"http:\/\/www.w3.org\/2000\/svg\" width=\"10px\" height=\"10px\" viewBox=\"0 0 24 24\" version=\"1.2\" baseProfile=\"tiny\"><path d=\"M18.2 9.3l-6.2-6.3-6.2 6.3c-.2.2-.3.4-.3.7s.1.5.3.7c.2.2.4.3.7.3h11c.3 0 .5-.1.7-.3.2-.2.3-.5.3-.7s-.1-.5-.3-.7zM5.8 14.7l6.2 6.3 6.2-6.3c.2-.2.3-.5.3-.7s-.1-.5-.3-.7c-.2-.2-.4-.3-.7-.3h-11c-.3 0-.5.1-.7.3-.2.2-.3.5-.3.7s.1.5.3.7z\"\/><\/svg><\/span><\/span><\/span><\/a><\/span><\/div>\n<nav><ul class='ez-toc-list ez-toc-list-level-1 ' ><li class='ez-toc-page-1 ez-toc-heading-level-2'><a class=\"ez-toc-link ez-toc-heading-1\" href=\"https:\/\/www.grupomedcof.com.br\/blog\/revalida-inep-cartao-de-confirmacao\/#Como_e_a_1a_etapa_do_Revalida_Inep\" >Como \u00e9 a 1\u00aa etapa do Revalida Inep<\/a><\/li><li class='ez-toc-page-1 ez-toc-heading-level-2'><a class=\"ez-toc-link ez-toc-heading-2\" href=\"https:\/\/www.grupomedcof.com.br\/blog\/revalida-inep-cartao-de-confirmacao\/#Cronograma_Revalida_INEP_20251\" >Cronograma Revalida INEP 2025.1<\/a><\/li><li class='ez-toc-page-1 ez-toc-heading-level-2'><a class=\"ez-toc-link ez-toc-heading-3\" href=\"https:\/\/www.grupomedcof.com.br\/blog\/revalida-inep-cartao-de-confirmacao\/#Prepare-se_para_o_Revalida_Inep_20251\" >Prepare-se para o Revalida Inep 2025.1<\/a><\/li><\/ul><\/nav><\/div>\n\n<figure class=\"wp-block-image size-large\"><img loading=\"lazy\" decoding=\"async\" width=\"1024\" height=\"576\" src=\"https:\/\/www.grupomedcof.com.br\/blog\/wp-content\/uploads\/2024\/07\/Revalida-7-1024x576.jpg\" alt=\"\" class=\"wp-image-34384\" srcset=\"https:\/\/www.grupomedcof.com.br\/blog\/wp-content\/uploads\/2024\/07\/Revalida-7-1024x576.jpg 1024w, https:\/\/www.grupomedcof.com.br\/blog\/wp-content\/uploads\/2024\/07\/Revalida-7-300x169.jpg 300w, https:\/\/www.grupomedcof.com.br\/blog\/wp-content\/uploads\/2024\/07\/Revalida-7-768x432.jpg 768w, https:\/\/www.grupomedcof.com.br\/blog\/wp-content\/uploads\/2024\/07\/Revalida-7-1536x864.jpg 1536w, https:\/\/www.grupomedcof.com.br\/blog\/wp-content\/uploads\/2024\/07\/Revalida-7-747x420.jpg 747w, https:\/\/www.grupomedcof.com.br\/blog\/wp-content\/uploads\/2024\/07\/Revalida-7-150x84.jpg 150w, https:\/\/www.grupomedcof.com.br\/blog\/wp-content\/uploads\/2024\/07\/Revalida-7-696x392.jpg 696w, https:\/\/www.grupomedcof.com.br\/blog\/wp-content\/uploads\/2024\/07\/Revalida-7-1068x601.jpg 1068w, https:\/\/www.grupomedcof.com.br\/blog\/wp-content\/uploads\/2024\/07\/Revalida-7.jpg 1920w\" sizes=\"auto, (max-width: 1024px) 100vw, 1024px\" \/><\/figure>\n\n\n\n<p>Os candidatos inscritos no processo de revalida\u00e7\u00e3o de diplomas em medicina do Instituto Nacional de Pesquisas Educacionais An\u00edsio Teixeira (Inep), o\u00a0<strong>Revalida INEP 2025.1<\/strong>,\u00a0podem conferir o cart\u00e3o de confirma\u00e7\u00e3o da inscri\u00e7\u00e3o para a 1\u00aa etapa atrav\u00e9s do <a href=\"https:\/\/revalida.inep.gov.br\/revalida\/\">Sistema Revalida<\/a>.<\/p>\n\n\n\n<h2 class=\"wp-block-heading\" id=\"h-como-e-a-1\u00aa-etapa-do-revalida-inep\"><span class=\"ez-toc-section\" id=\"Como_e_a_1a_etapa_do_Revalida_Inep\"><\/span><strong>Como \u00e9 a 1\u00aa etapa do Revalida Inep<\/strong><span class=\"ez-toc-section-end\"><\/span><\/h2>\n\n\n\n<p>A primeira etapa do Revalida Inep 2025.1 possui duas provas te\u00f3ricas:<strong> a prova objetiva e a prova discursiva,<\/strong> que ser\u00e3o aplicadas no dia<strong> 23 de mar\u00e7o de 2025. <\/strong><\/p>\n\n\n\n<p>Sendo assim, a prova objetiva conta com 100 quest\u00f5es de m\u00faltipla escolha, valendo 1 ponto cada. J\u00e1 a prova discursiva conta com 5 quest\u00f5es discursivas, valendo 10 pontos cada. <\/p>\n\n\n\n<h2 class=\"wp-block-heading\" id=\"h-cronograma-revalida-inep-2025-1\"><span class=\"ez-toc-section\" id=\"Cronograma_Revalida_INEP_20251\"><\/span><strong>Cronograma Revalida INEP 2025.1<\/strong><span class=\"ez-toc-section-end\"><\/span><\/h2>\n\n\n\n<figure class=\"wp-block-table\"><table class=\"has-fixed-layout\"><tbody><tr><td><strong>Inscri\u00e7\u00e3o<\/strong><\/td><td>27 a 31\/01\/2025<\/td><\/tr><tr><td><strong>Solicita\u00e7\u00e3o de atendimento especializado<\/strong><\/td><td>27 a 31\/01\/2025<\/td><\/tr><tr><td><strong>Pagamento da taxa de inscri\u00e7\u00e3o<\/strong><\/td><td>at\u00e9 05\/02\/2025<\/td><\/tr><tr><td><strong>Divulga\u00e7\u00e3o da nota de corte da 1\u00aa Etapa<\/strong><\/td><td>20\/02\/2025<\/td><\/tr><tr><td><strong>Divulga\u00e7\u00e3o do cart\u00e3o de confirma\u00e7\u00e3o de inscri\u00e7\u00e3o<\/strong><\/td><td>10\/03\/2025<\/td><\/tr><tr><td><strong>Aplica\u00e7\u00e3o<\/strong>&nbsp;<strong>da prova<\/strong><\/td><td>23\/03\/2025<\/td><\/tr><tr><td><strong>Envio da Documenta\u00e7\u00e3o comprobat\u00f3ria de conclus\u00e3o de curso (Diploma, Certificado ou Declara\u00e7\u00e3o)<\/strong><\/td><td>24 a 29\/03\/2025<\/td><\/tr><tr><td><strong>Resultado da Documenta\u00e7\u00e3o comprobat\u00f3ria de conclus\u00e3o de curso<\/strong><\/td><td>23\/04\/2025<\/td><\/tr><tr><td><strong>Recurso contra Resultado<\/strong><\/td><td>23 a 27\/04\/2025<\/td><\/tr><tr><td><strong>Resultado do Recurso<\/strong><\/td><td>03\/06\/2025<\/td><\/tr><tr><td><strong>Gabarito preliminar da prova objetiva objetiva (P1) e do padr\u00e3o de resposta da prova escrita discursiva (P2)<\/strong><\/td><td>26\/03\/2025<\/td><\/tr><tr><td><strong>Recurso ao gabarito preliminar<\/strong><\/td><td>26\/03 a 01\/04\/2025<\/td><\/tr><tr><td><strong>Resultados do recurso e gabarito definitivo<\/strong><\/td><td>09\/05\/2025<\/td><\/tr><tr><td><strong>Resultado Definitivo Prova Objetiva (P1)<\/strong><\/td><td>09\/05\/2025<\/td><\/tr><tr><td><strong>Resultado preliminar Prova Escrita Discursiva (P2)<\/strong><\/td><td>09\/05\/2025<\/td><\/tr><tr><td><strong>Recurso contra Resultado preliminar (P2)<\/strong><\/td><td>12 a 15\/05\/2025<\/td><\/tr><tr><td><strong>Divulga\u00e7\u00e3o dos resultados finais da 1\u00aa Etapa<\/strong><\/td><td>03\/06\/2025<\/td><\/tr><\/tbody><\/table><\/figure>\n\n\n\n<h2 class=\"wp-block-heading\" id=\"h-prepare-se-para-o-revalida-inep-2025-1\"><span class=\"ez-toc-section\" id=\"Prepare-se_para_o_Revalida_Inep_20251\"><\/span><strong>Prepare-se para o Revalida Inep 2025.1<\/strong><span class=\"ez-toc-section-end\"><\/span><\/h2>\n\n\n\n<p>Quer se sentir preparado para o Revalida Inep 2024.2? Ent\u00e3o venha <a href=\"https:\/\/www.grupomedcof.com.br\/home\/\" target=\"_blank\" rel=\"noreferrer noopener\">preparar-se conosco! <\/a>Aqui temos uma metodologia que j\u00e1 aprovou<a href=\"https:\/\/www.grupomedcof.com.br\/blog\/presenca-da-medcof-nas-aprovacoes-em-residencia-medica-no-brasil\/\" target=\"_blank\" rel=\"noreferrer noopener\"> mais de 10 mil residentes por todo o pa\u00eds.<\/a> Confira nossas <a href=\"https:\/\/www.youtube.com\/@GrupoMedcof\/featured\" target=\"_blank\" rel=\"noreferrer noopener\">aulas de revis\u00e3o no youtube,<\/a> como a aula a seguir:<\/p>\n\n\n\n<figure class=\"wp-block-embed is-type-video is-provider-youtube wp-block-embed-youtube wp-embed-aspect-16-9 wp-has-aspect-ratio\"><div class=\"wp-block-embed__wrapper\">\n<div class=\"youtube-embed\" data-video_id=\"MngW-ze9P2I\"><iframe loading=\"lazy\" title=\"REVALIDA INEP - Semana Revalida - Ginecologia e Obstetr\u00edcia\" width=\"696\" height=\"392\" src=\"https:\/\/www.youtube.com\/embed\/MngW-ze9P2I?feature=oembed&#038;enablejsapi=1\" frameborder=\"0\" allow=\"accelerometer; autoplay; clipboard-write; encrypted-media; gyroscope; picture-in-picture; web-share\" referrerpolicy=\"strict-origin-when-cross-origin\" allowfullscreen><\/iframe><\/div>\n<\/div><\/figure>\n","protected":false},"excerpt":{"rendered":"<p>Os candidatos inscritos no\u00a0Revalida INEP 2025.1,\u00a0podem conferir o cart\u00e3o de confirma\u00e7\u00e3o da inscri\u00e7\u00e3o para a 1\u00aa etapa.<\/p>\n","protected":false},"author":20,"featured_media":34384,"comment_status":"open","ping_status":"open","sticky":false,"template":"","format":"standard","meta":{"footnotes":""},"categories":[221],"tags":[1706,1705,809,1434],"ppma_author":[3616],"class_list":{"0":"post-28234","1":"post","2":"type-post","3":"status-publish","4":"format-standard","5":"has-post-thumbnail","7":"category-revalida","8":"tag-1a-etapa-revalida-inep","9":"tag-cartao-de-confirmacao","10":"tag-revalida","11":"tag-revalida-inep"},"yoast_head":"<!-- This site is optimized with the Yoast SEO Premium plugin v24.3 (Yoast SEO v27.4) - https:\/\/yoast.com\/product\/yoast-seo-premium-wordpress\/ -->\n<title>Revalida Inep 2025.1 disponibiliza cart\u00e3o de confirma\u00e7\u00e3o - Blog de Medcof: conte\u00fados, editais, revalida e mais!<\/title>\n<meta name=\"description\" content=\"Os candidatos inscritos no\u00a0Revalida INEP 2025.1,\u00a0podem conferir o cart\u00e3o de confirma\u00e7\u00e3o da inscri\u00e7\u00e3o para a 1\u00aa etapa.\" \/>\n<meta name=\"robots\" content=\"index, follow, max-snippet:-1, max-image-preview:large, max-video-preview:-1\" \/>\n<link rel=\"canonical\" href=\"https:\/\/www.grupomedcof.com.br\/blog\/revalida-inep-cartao-de-confirmacao\/\" \/>\n<meta property=\"og:locale\" content=\"pt_BR\" \/>\n<meta property=\"og:type\" content=\"article\" \/>\n<meta property=\"og:title\" content=\"Revalida Inep 2025.1 disponibiliza cart\u00e3o de confirma\u00e7\u00e3o\" \/>\n<meta property=\"og:description\" content=\"Os candidatos inscritos no\u00a0Revalida INEP 2025.1,\u00a0podem conferir o cart\u00e3o de confirma\u00e7\u00e3o da inscri\u00e7\u00e3o para a 1\u00aa etapa.\" \/>\n<meta property=\"og:url\" content=\"https:\/\/www.grupomedcof.com.br\/blog\/revalida-inep-cartao-de-confirmacao\/\" \/>\n<meta property=\"og:site_name\" content=\"Blog de Medcof: conte\u00fados, editais, revalida e mais!\" \/>\n<meta property=\"article:publisher\" content=\"https:\/\/www.facebook.com\/MedCofQbank\/\" \/>\n<meta property=\"article:published_time\" content=\"2025-03-11T19:44:30+00:00\" \/>\n<meta property=\"article:modified_time\" content=\"2025-03-11T19:45:01+00:00\" \/>\n<meta property=\"og:image\" content=\"https:\/\/www.grupomedcof.com.br\/blog\/wp-content\/uploads\/2024\/07\/Revalida-7.jpg\" \/>\n\t<meta property=\"og:image:width\" content=\"1920\" \/>\n\t<meta property=\"og:image:height\" content=\"1080\" \/>\n\t<meta property=\"og:image:type\" content=\"image\/jpeg\" \/>\n<meta name=\"author\" content=\"Leila Menzel\" \/>\n<meta name=\"twitter:card\" content=\"summary_large_image\" \/>\n<meta name=\"twitter:label1\" content=\"Escrito por\" \/>\n\t<meta name=\"twitter:data1\" content=\"Leila Menzel\" \/>\n\t<meta name=\"twitter:label2\" content=\"Est. tempo de leitura\" \/>\n\t<meta name=\"twitter:data2\" content=\"3 minutos\" \/>\n<script type=\"application\/ld+json\" class=\"yoast-schema-graph\">{\"@context\":\"https:\\\/\\\/schema.org\",\"@graph\":[{\"@type\":\"Article\",\"@id\":\"https:\\\/\\\/www.grupomedcof.com.br\\\/blog\\\/revalida-inep-cartao-de-confirmacao\\\/#article\",\"isPartOf\":{\"@id\":\"https:\\\/\\\/www.grupomedcof.com.br\\\/blog\\\/revalida-inep-cartao-de-confirmacao\\\/\"},\"author\":{\"name\":\"Leila Menzel\",\"@id\":\"https:\\\/\\\/www.grupomedcof.com.br\\\/blog\\\/#\\\/schema\\\/person\\\/9a44c2184a836bf5ae6967fdb3a1451e\"},\"headline\":\"Revalida Inep 2025.1 disponibiliza cart\u00e3o de confirma\u00e7\u00e3o\",\"datePublished\":\"2025-03-11T19:44:30+00:00\",\"dateModified\":\"2025-03-11T19:45:01+00:00\",\"mainEntityOfPage\":{\"@id\":\"https:\\\/\\\/www.grupomedcof.com.br\\\/blog\\\/revalida-inep-cartao-de-confirmacao\\\/\"},\"wordCount\":301,\"commentCount\":0,\"publisher\":{\"@id\":\"https:\\\/\\\/www.grupomedcof.com.br\\\/blog\\\/#organization\"},\"image\":{\"@id\":\"https:\\\/\\\/www.grupomedcof.com.br\\\/blog\\\/revalida-inep-cartao-de-confirmacao\\\/#primaryimage\"},\"thumbnailUrl\":\"https:\\\/\\\/www.grupomedcof.com.br\\\/blog\\\/wp-content\\\/uploads\\\/2024\\\/07\\\/Revalida-7.jpg\",\"keywords\":[\"1a etapa Revalida Inep\",\"Cart\u00e3o de confirma\u00e7\u00e3o\",\"revalida\",\"Revalida Inep\"],\"articleSection\":[\"Revalida: informa\u00e7\u00f5es confi\u00e1veis e atualizadas\"],\"inLanguage\":\"pt-BR\"},{\"@type\":\"WebPage\",\"@id\":\"https:\\\/\\\/www.grupomedcof.com.br\\\/blog\\\/revalida-inep-cartao-de-confirmacao\\\/\",\"url\":\"https:\\\/\\\/www.grupomedcof.com.br\\\/blog\\\/revalida-inep-cartao-de-confirmacao\\\/\",\"name\":\"Revalida Inep 2025.1 disponibiliza cart\u00e3o de confirma\u00e7\u00e3o - Blog de Medcof: conte\u00fados, editais, revalida e mais!\",\"isPartOf\":{\"@id\":\"https:\\\/\\\/www.grupomedcof.com.br\\\/blog\\\/#website\"},\"primaryImageOfPage\":{\"@id\":\"https:\\\/\\\/www.grupomedcof.com.br\\\/blog\\\/revalida-inep-cartao-de-confirmacao\\\/#primaryimage\"},\"image\":{\"@id\":\"https:\\\/\\\/www.grupomedcof.com.br\\\/blog\\\/revalida-inep-cartao-de-confirmacao\\\/#primaryimage\"},\"thumbnailUrl\":\"https:\\\/\\\/www.grupomedcof.com.br\\\/blog\\\/wp-content\\\/uploads\\\/2024\\\/07\\\/Revalida-7.jpg\",\"datePublished\":\"2025-03-11T19:44:30+00:00\",\"dateModified\":\"2025-03-11T19:45:01+00:00\",\"description\":\"Os candidatos inscritos no\u00a0Revalida INEP 2025.1,\u00a0podem conferir o cart\u00e3o de confirma\u00e7\u00e3o da inscri\u00e7\u00e3o para a 1\u00aa etapa.\",\"breadcrumb\":{\"@id\":\"https:\\\/\\\/www.grupomedcof.com.br\\\/blog\\\/revalida-inep-cartao-de-confirmacao\\\/#breadcrumb\"},\"inLanguage\":\"pt-BR\",\"potentialAction\":[{\"@type\":\"ReadAction\",\"target\":[\"https:\\\/\\\/www.grupomedcof.com.br\\\/blog\\\/revalida-inep-cartao-de-confirmacao\\\/\"]}]},{\"@type\":\"ImageObject\",\"inLanguage\":\"pt-BR\",\"@id\":\"https:\\\/\\\/www.grupomedcof.com.br\\\/blog\\\/revalida-inep-cartao-de-confirmacao\\\/#primaryimage\",\"url\":\"https:\\\/\\\/www.grupomedcof.com.br\\\/blog\\\/wp-content\\\/uploads\\\/2024\\\/07\\\/Revalida-7.jpg\",\"contentUrl\":\"https:\\\/\\\/www.grupomedcof.com.br\\\/blog\\\/wp-content\\\/uploads\\\/2024\\\/07\\\/Revalida-7.jpg\",\"width\":1920,\"height\":1080},{\"@type\":\"BreadcrumbList\",\"@id\":\"https:\\\/\\\/www.grupomedcof.com.br\\\/blog\\\/revalida-inep-cartao-de-confirmacao\\\/#breadcrumb\",\"itemListElement\":[{\"@type\":\"ListItem\",\"position\":1,\"name\":\"In\u00edcio\",\"item\":\"https:\\\/\\\/www.grupomedcof.com.br\\\/blog\\\/\"},{\"@type\":\"ListItem\",\"position\":2,\"name\":\"Revalida Inep 2025.1 disponibiliza cart\u00e3o de confirma\u00e7\u00e3o\"}]},{\"@type\":\"WebSite\",\"@id\":\"https:\\\/\\\/www.grupomedcof.com.br\\\/blog\\\/#website\",\"url\":\"https:\\\/\\\/www.grupomedcof.com.br\\\/blog\\\/\",\"name\":\"Blog de Medcof: conte\u00fados, editais, revalida e mais!\",\"description\":\"Acesso o blog de MedCof! Seu portal de conte\u00fados sobre resid\u00eancia m\u00e9dica, an\u00e1lise e editais e muito mais. Clique e confira!\",\"publisher\":{\"@id\":\"https:\\\/\\\/www.grupomedcof.com.br\\\/blog\\\/#organization\"},\"alternateName\":\"Blog de Medcof: conte\u00fados, editais, revalida e mais!\",\"potentialAction\":[{\"@type\":\"SearchAction\",\"target\":{\"@type\":\"EntryPoint\",\"urlTemplate\":\"https:\\\/\\\/www.grupomedcof.com.br\\\/blog\\\/?s={search_term_string}\"},\"query-input\":{\"@type\":\"PropertyValueSpecification\",\"valueRequired\":true,\"valueName\":\"search_term_string\"}}],\"inLanguage\":\"pt-BR\"},{\"@type\":\"Organization\",\"@id\":\"https:\\\/\\\/www.grupomedcof.com.br\\\/blog\\\/#organization\",\"name\":\"Grupo MedCof\",\"url\":\"https:\\\/\\\/www.grupomedcof.com.br\\\/blog\\\/\",\"logo\":{\"@type\":\"ImageObject\",\"inLanguage\":\"pt-BR\",\"@id\":\"https:\\\/\\\/www.grupomedcof.com.br\\\/blog\\\/#\\\/schema\\\/logo\\\/image\\\/\",\"url\":\"https:\\\/\\\/www.grupomedcof.com.br\\\/blog\\\/wp-content\\\/uploads\\\/2022\\\/01\\\/logo-medcof.png\",\"contentUrl\":\"https:\\\/\\\/www.grupomedcof.com.br\\\/blog\\\/wp-content\\\/uploads\\\/2022\\\/01\\\/logo-medcof.png\",\"width\":768,\"height\":269,\"caption\":\"Grupo MedCof\"},\"image\":{\"@id\":\"https:\\\/\\\/www.grupomedcof.com.br\\\/blog\\\/#\\\/schema\\\/logo\\\/image\\\/\"},\"sameAs\":[\"https:\\\/\\\/www.facebook.com\\\/MedCofQbank\\\/\",\"https:\\\/\\\/www.instagram.com\\\/grupomedcof\\\/\",\"https:\\\/\\\/br.linkedin.com\\\/company\\\/medcof\",\"https:\\\/\\\/www.youtube.com\\\/channel\\\/UCdHMuOHKICxcHwecxN8P-AA\"]},{\"@type\":\"Person\",\"@id\":\"https:\\\/\\\/www.grupomedcof.com.br\\\/blog\\\/#\\\/schema\\\/person\\\/9a44c2184a836bf5ae6967fdb3a1451e\",\"name\":\"Leila Menzel\",\"image\":{\"@type\":\"ImageObject\",\"inLanguage\":\"pt-BR\",\"@id\":\"https:\\\/\\\/www.grupomedcof.com.br\\\/blog\\\/wp-content\\\/uploads\\\/2025\\\/09\\\/cropped-eu-96x96.jpeg19a74936d997c0a8b3031618467fa1d0\",\"url\":\"https:\\\/\\\/www.grupomedcof.com.br\\\/blog\\\/wp-content\\\/uploads\\\/2025\\\/09\\\/cropped-eu-96x96.jpeg\",\"contentUrl\":\"https:\\\/\\\/www.grupomedcof.com.br\\\/blog\\\/wp-content\\\/uploads\\\/2025\\\/09\\\/cropped-eu-96x96.jpeg\",\"caption\":\"Leila Menzel\"},\"description\":\"Estudante do 6\u00b0 semestre de jornalismo, amo e escrevo poesias e viajo em livros de romances clich\u00eas.\",\"url\":\"https:\\\/\\\/www.grupomedcof.com.br\\\/blog\\\/author\\\/leila-menzel\\\/\"}]}<\/script>\n<!-- \/ Yoast SEO Premium plugin. -->","yoast_head_json":{"title":"Revalida Inep 2025.1 disponibiliza cart\u00e3o de confirma\u00e7\u00e3o - Blog de Medcof: conte\u00fados, editais, revalida e mais!","description":"Os candidatos inscritos no\u00a0Revalida INEP 2025.1,\u00a0podem conferir o cart\u00e3o de confirma\u00e7\u00e3o da inscri\u00e7\u00e3o para a 1\u00aa etapa.","robots":{"index":"index","follow":"follow","max-snippet":"max-snippet:-1","max-image-preview":"max-image-preview:large","max-video-preview":"max-video-preview:-1"},"canonical":"https:\/\/www.grupomedcof.com.br\/blog\/revalida-inep-cartao-de-confirmacao\/","og_locale":"pt_BR","og_type":"article","og_title":"Revalida Inep 2025.1 disponibiliza cart\u00e3o de confirma\u00e7\u00e3o","og_description":"Os candidatos inscritos no\u00a0Revalida INEP 2025.1,\u00a0podem conferir o cart\u00e3o de confirma\u00e7\u00e3o da inscri\u00e7\u00e3o para a 1\u00aa etapa.","og_url":"https:\/\/www.grupomedcof.com.br\/blog\/revalida-inep-cartao-de-confirmacao\/","og_site_name":"Blog de Medcof: conte\u00fados, editais, revalida e mais!","article_publisher":"https:\/\/www.facebook.com\/MedCofQbank\/","article_published_time":"2025-03-11T19:44:30+00:00","article_modified_time":"2025-03-11T19:45:01+00:00","og_image":[{"width":1920,"height":1080,"url":"https:\/\/www.grupomedcof.com.br\/blog\/wp-content\/uploads\/2024\/07\/Revalida-7.jpg","type":"image\/jpeg"}],"author":"Leila Menzel","twitter_card":"summary_large_image","twitter_misc":{"Escrito por":"Leila Menzel","Est. tempo de leitura":"3 minutos"},"schema":{"@context":"https:\/\/schema.org","@graph":[{"@type":"Article","@id":"https:\/\/www.grupomedcof.com.br\/blog\/revalida-inep-cartao-de-confirmacao\/#article","isPartOf":{"@id":"https:\/\/www.grupomedcof.com.br\/blog\/revalida-inep-cartao-de-confirmacao\/"},"author":{"name":"Leila Menzel","@id":"https:\/\/www.grupomedcof.com.br\/blog\/#\/schema\/person\/9a44c2184a836bf5ae6967fdb3a1451e"},"headline":"Revalida Inep 2025.1 disponibiliza cart\u00e3o de confirma\u00e7\u00e3o","datePublished":"2025-03-11T19:44:30+00:00","dateModified":"2025-03-11T19:45:01+00:00","mainEntityOfPage":{"@id":"https:\/\/www.grupomedcof.com.br\/blog\/revalida-inep-cartao-de-confirmacao\/"},"wordCount":301,"commentCount":0,"publisher":{"@id":"https:\/\/www.grupomedcof.com.br\/blog\/#organization"},"image":{"@id":"https:\/\/www.grupomedcof.com.br\/blog\/revalida-inep-cartao-de-confirmacao\/#primaryimage"},"thumbnailUrl":"https:\/\/www.grupomedcof.com.br\/blog\/wp-content\/uploads\/2024\/07\/Revalida-7.jpg","keywords":["1a etapa Revalida Inep","Cart\u00e3o de confirma\u00e7\u00e3o","revalida","Revalida Inep"],"articleSection":["Revalida: informa\u00e7\u00f5es confi\u00e1veis e atualizadas"],"inLanguage":"pt-BR"},{"@type":"WebPage","@id":"https:\/\/www.grupomedcof.com.br\/blog\/revalida-inep-cartao-de-confirmacao\/","url":"https:\/\/www.grupomedcof.com.br\/blog\/revalida-inep-cartao-de-confirmacao\/","name":"Revalida Inep 2025.1 disponibiliza cart\u00e3o de confirma\u00e7\u00e3o - Blog de Medcof: conte\u00fados, editais, revalida e mais!","isPartOf":{"@id":"https:\/\/www.grupomedcof.com.br\/blog\/#website"},"primaryImageOfPage":{"@id":"https:\/\/www.grupomedcof.com.br\/blog\/revalida-inep-cartao-de-confirmacao\/#primaryimage"},"image":{"@id":"https:\/\/www.grupomedcof.com.br\/blog\/revalida-inep-cartao-de-confirmacao\/#primaryimage"},"thumbnailUrl":"https:\/\/www.grupomedcof.com.br\/blog\/wp-content\/uploads\/2024\/07\/Revalida-7.jpg","datePublished":"2025-03-11T19:44:30+00:00","dateModified":"2025-03-11T19:45:01+00:00","description":"Os candidatos inscritos no\u00a0Revalida INEP 2025.1,\u00a0podem conferir o cart\u00e3o de confirma\u00e7\u00e3o da inscri\u00e7\u00e3o para a 1\u00aa etapa.","breadcrumb":{"@id":"https:\/\/www.grupomedcof.com.br\/blog\/revalida-inep-cartao-de-confirmacao\/#breadcrumb"},"inLanguage":"pt-BR","potentialAction":[{"@type":"ReadAction","target":["https:\/\/www.grupomedcof.com.br\/blog\/revalida-inep-cartao-de-confirmacao\/"]}]},{"@type":"ImageObject","inLanguage":"pt-BR","@id":"https:\/\/www.grupomedcof.com.br\/blog\/revalida-inep-cartao-de-confirmacao\/#primaryimage","url":"https:\/\/www.grupomedcof.com.br\/blog\/wp-content\/uploads\/2024\/07\/Revalida-7.jpg","contentUrl":"https:\/\/www.grupomedcof.com.br\/blog\/wp-content\/uploads\/2024\/07\/Revalida-7.jpg","width":1920,"height":1080},{"@type":"BreadcrumbList","@id":"https:\/\/www.grupomedcof.com.br\/blog\/revalida-inep-cartao-de-confirmacao\/#breadcrumb","itemListElement":[{"@type":"ListItem","position":1,"name":"In\u00edcio","item":"https:\/\/www.grupomedcof.com.br\/blog\/"},{"@type":"ListItem","position":2,"name":"Revalida Inep 2025.1 disponibiliza cart\u00e3o de confirma\u00e7\u00e3o"}]},{"@type":"WebSite","@id":"https:\/\/www.grupomedcof.com.br\/blog\/#website","url":"https:\/\/www.grupomedcof.com.br\/blog\/","name":"Blog de Medcof: conte\u00fados, editais, revalida e mais!","description":"Acesso o blog de MedCof! Seu portal de conte\u00fados sobre resid\u00eancia m\u00e9dica, an\u00e1lise e editais e muito mais. Clique e confira!","publisher":{"@id":"https:\/\/www.grupomedcof.com.br\/blog\/#organization"},"alternateName":"Blog de Medcof: conte\u00fados, editais, revalida e mais!","potentialAction":[{"@type":"SearchAction","target":{"@type":"EntryPoint","urlTemplate":"https:\/\/www.grupomedcof.com.br\/blog\/?s={search_term_string}"},"query-input":{"@type":"PropertyValueSpecification","valueRequired":true,"valueName":"search_term_string"}}],"inLanguage":"pt-BR"},{"@type":"Organization","@id":"https:\/\/www.grupomedcof.com.br\/blog\/#organization","name":"Grupo MedCof","url":"https:\/\/www.grupomedcof.com.br\/blog\/","logo":{"@type":"ImageObject","inLanguage":"pt-BR","@id":"https:\/\/www.grupomedcof.com.br\/blog\/#\/schema\/logo\/image\/","url":"https:\/\/www.grupomedcof.com.br\/blog\/wp-content\/uploads\/2022\/01\/logo-medcof.png","contentUrl":"https:\/\/www.grupomedcof.com.br\/blog\/wp-content\/uploads\/2022\/01\/logo-medcof.png","width":768,"height":269,"caption":"Grupo MedCof"},"image":{"@id":"https:\/\/www.grupomedcof.com.br\/blog\/#\/schema\/logo\/image\/"},"sameAs":["https:\/\/www.facebook.com\/MedCofQbank\/","https:\/\/www.instagram.com\/grupomedcof\/","https:\/\/br.linkedin.com\/company\/medcof","https:\/\/www.youtube.com\/channel\/UCdHMuOHKICxcHwecxN8P-AA"]},{"@type":"Person","@id":"https:\/\/www.grupomedcof.com.br\/blog\/#\/schema\/person\/9a44c2184a836bf5ae6967fdb3a1451e","name":"Leila Menzel","image":{"@type":"ImageObject","inLanguage":"pt-BR","@id":"https:\/\/www.grupomedcof.com.br\/blog\/wp-content\/uploads\/2025\/09\/cropped-eu-96x96.jpeg19a74936d997c0a8b3031618467fa1d0","url":"https:\/\/www.grupomedcof.com.br\/blog\/wp-content\/uploads\/2025\/09\/cropped-eu-96x96.jpeg","contentUrl":"https:\/\/www.grupomedcof.com.br\/blog\/wp-content\/uploads\/2025\/09\/cropped-eu-96x96.jpeg","caption":"Leila Menzel"},"description":"Estudante do 6\u00b0 semestre de jornalismo, amo e escrevo poesias e viajo em livros de romances clich\u00eas.","url":"https:\/\/www.grupomedcof.com.br\/blog\/author\/leila-menzel\/"}]}},"authors":[{"term_id":3616,"user_id":20,"is_guest":0,"slug":"leila-menzel","display_name":"Leila Menzel","avatar_url":"https:\/\/www.grupomedcof.com.br\/blog\/wp-content\/uploads\/2025\/09\/cropped-eu-96x96.jpeg","0":null,"1":"","2":"","3":"","4":"","5":"","6":"","7":"","8":""}],"_links":{"self":[{"href":"https:\/\/www.grupomedcof.com.br\/blog\/wp-json\/wp\/v2\/posts\/28234","targetHints":{"allow":["GET"]}}],"collection":[{"href":"https:\/\/www.grupomedcof.com.br\/blog\/wp-json\/wp\/v2\/posts"}],"about":[{"href":"https:\/\/www.grupomedcof.com.br\/blog\/wp-json\/wp\/v2\/types\/post"}],"author":[{"embeddable":true,"href":"https:\/\/www.grupomedcof.com.br\/blog\/wp-json\/wp\/v2\/users\/20"}],"replies":[{"embeddable":true,"href":"https:\/\/www.grupomedcof.com.br\/blog\/wp-json\/wp\/v2\/comments?post=28234"}],"version-history":[{"count":0,"href":"https:\/\/www.grupomedcof.com.br\/blog\/wp-json\/wp\/v2\/posts\/28234\/revisions"}],"wp:featuredmedia":[{"embeddable":true,"href":"https:\/\/www.grupomedcof.com.br\/blog\/wp-json\/wp\/v2\/media\/34384"}],"wp:attachment":[{"href":"https:\/\/www.grupomedcof.com.br\/blog\/wp-json\/wp\/v2\/media?parent=28234"}],"wp:term":[{"taxonomy":"category","embeddable":true,"href":"https:\/\/www.grupomedcof.com.br\/blog\/wp-json\/wp\/v2\/categories?post=28234"},{"taxonomy":"post_tag","embeddable":true,"href":"https:\/\/www.grupomedcof.com.br\/blog\/wp-json\/wp\/v2\/tags?post=28234"},{"taxonomy":"author","embeddable":true,"href":"https:\/\/www.grupomedcof.com.br\/blog\/wp-json\/wp\/v2\/ppma_author?post=28234"}],"curies":[{"name":"wp","href":"https:\/\/api.w.org\/{rel}","templated":true}]}}