{"id":28293,"date":"2024-08-01T09:24:45","date_gmt":"2024-08-01T12:24:45","guid":{"rendered":"https:\/\/www.grupomedcof.com.br\/blog\/?p=28293"},"modified":"2024-08-01T10:23:20","modified_gmt":"2024-08-01T13:23:20","slug":"diabetes-sintomas-sinais-e-diagnostico","status":"publish","type":"post","link":"https:\/\/www.grupomedcof.com.br\/blog\/diabetes-sintomas-sinais-e-diagnostico\/","title":{"rendered":"Diabetes: sintomas, sinais e diagn\u00f3stico"},"content":{"rendered":"<div id=\"ez-toc-container\" class=\"ez-toc-v2_0_74 counter-hierarchy ez-toc-counter ez-toc-transparent ez-toc-container-direction\">\n<div class=\"ez-toc-title-container\">\n<p class=\"ez-toc-title\" style=\"cursor:inherit\">Sum\u00e1rio<\/p>\n<span class=\"ez-toc-title-toggle\"><a href=\"#\" class=\"ez-toc-pull-right ez-toc-btn ez-toc-btn-xs ez-toc-btn-default ez-toc-toggle\" aria-label=\"Alternar tabela de conte\u00fado\"><span class=\"ez-toc-js-icon-con\"><span class=\"\"><span class=\"eztoc-hide\" style=\"display:none;\">Toggle<\/span><span class=\"ez-toc-icon-toggle-span\"><svg style=\"fill: #999;color:#999\" xmlns=\"http:\/\/www.w3.org\/2000\/svg\" class=\"list-377408\" width=\"20px\" height=\"20px\" viewBox=\"0 0 24 24\" fill=\"none\"><path d=\"M6 6H4v2h2V6zm14 0H8v2h12V6zM4 11h2v2H4v-2zm16 0H8v2h12v-2zM4 16h2v2H4v-2zm16 0H8v2h12v-2z\" fill=\"currentColor\"><\/path><\/svg><svg style=\"fill: #999;color:#999\" class=\"arrow-unsorted-368013\" xmlns=\"http:\/\/www.w3.org\/2000\/svg\" width=\"10px\" height=\"10px\" viewBox=\"0 0 24 24\" version=\"1.2\" baseProfile=\"tiny\"><path d=\"M18.2 9.3l-6.2-6.3-6.2 6.3c-.2.2-.3.4-.3.7s.1.5.3.7c.2.2.4.3.7.3h11c.3 0 .5-.1.7-.3.2-.2.3-.5.3-.7s-.1-.5-.3-.7zM5.8 14.7l6.2 6.3 6.2-6.3c.2-.2.3-.5.3-.7s-.1-.5-.3-.7c-.2-.2-.4-.3-.7-.3h-11c-.3 0-.5.1-.7.3-.2.2-.3.5-.3.7s.1.5.3.7z\"\/><\/svg><\/span><\/span><\/span><\/a><\/span><\/div>\n<nav><ul class='ez-toc-list ez-toc-list-level-1 ' ><li class='ez-toc-page-1 ez-toc-heading-level-2'><a class=\"ez-toc-link ez-toc-heading-1\" href=\"https:\/\/www.grupomedcof.com.br\/blog\/diabetes-sintomas-sinais-e-diagnostico\/#Etiologia\" >Etiologia<\/a><\/li><li class='ez-toc-page-1 ez-toc-heading-level-2'><a class=\"ez-toc-link ez-toc-heading-2\" href=\"https:\/\/www.grupomedcof.com.br\/blog\/diabetes-sintomas-sinais-e-diagnostico\/#Sinais_e_sintomas\" >Sinais e sintomas<\/a><ul class='ez-toc-list-level-3' ><li class='ez-toc-heading-level-3'><a class=\"ez-toc-link ez-toc-heading-3\" href=\"https:\/\/www.grupomedcof.com.br\/blog\/diabetes-sintomas-sinais-e-diagnostico\/#Diabetes_tipo_1\" >Diabetes tipo 1<\/a><\/li><li class='ez-toc-page-1 ez-toc-heading-level-3'><a class=\"ez-toc-link ez-toc-heading-4\" href=\"https:\/\/www.grupomedcof.com.br\/blog\/diabetes-sintomas-sinais-e-diagnostico\/#Diabetes_tipo_2\" >Diabetes tipo 2<\/a><\/li><\/ul><\/li><li class='ez-toc-page-1 ez-toc-heading-level-2'><a class=\"ez-toc-link ez-toc-heading-5\" href=\"https:\/\/www.grupomedcof.com.br\/blog\/diabetes-sintomas-sinais-e-diagnostico\/#O_metodo_que_te_aprova\" >O m\u00e9todo que te aprova!<\/a><\/li><\/ul><\/nav><\/div>\n\n<figure class=\"wp-block-image size-large\"><img loading=\"lazy\" decoding=\"async\" width=\"1024\" height=\"576\" src=\"https:\/\/www.grupomedcof.com.br\/blog\/wp-content\/uploads\/2024\/08\/Blog-MedCof-76-1024x576.png\" alt=\"\" class=\"wp-image-28294\" srcset=\"https:\/\/www.grupomedcof.com.br\/blog\/wp-content\/uploads\/2024\/08\/Blog-MedCof-76-1024x576.png 1024w, https:\/\/www.grupomedcof.com.br\/blog\/wp-content\/uploads\/2024\/08\/Blog-MedCof-76-300x169.png 300w, https:\/\/www.grupomedcof.com.br\/blog\/wp-content\/uploads\/2024\/08\/Blog-MedCof-76-768x432.png 768w, https:\/\/www.grupomedcof.com.br\/blog\/wp-content\/uploads\/2024\/08\/Blog-MedCof-76-1536x864.png 1536w, https:\/\/www.grupomedcof.com.br\/blog\/wp-content\/uploads\/2024\/08\/Blog-MedCof-76-2048x1152.png 2048w, https:\/\/www.grupomedcof.com.br\/blog\/wp-content\/uploads\/2024\/08\/Blog-MedCof-76-747x420.png 747w, https:\/\/www.grupomedcof.com.br\/blog\/wp-content\/uploads\/2024\/08\/Blog-MedCof-76-150x84.png 150w, https:\/\/www.grupomedcof.com.br\/blog\/wp-content\/uploads\/2024\/08\/Blog-MedCof-76-696x392.png 696w, https:\/\/www.grupomedcof.com.br\/blog\/wp-content\/uploads\/2024\/08\/Blog-MedCof-76-1068x601.png 1068w, https:\/\/www.grupomedcof.com.br\/blog\/wp-content\/uploads\/2024\/08\/Blog-MedCof-76-1920x1080.png 1920w\" sizes=\"auto, (max-width: 1024px) 100vw, 1024px\" \/><\/figure>\n\n\n\n<p><em>Texto escrito por Kiara Adelino, estudante de medicina da UECE.<\/em><\/p>\n\n\n\n<p>Caro estudante MedCoffer, em outra mat\u00e9ria, j\u00e1 discutimos um pouco das novidades acerca do <a href=\"https:\/\/www.grupomedcof.com.br\/blog\/novidades-no-diagnostico-de-diabetes-mellitus\/\">Diagn\u00f3stico da Diabetes Mellitus<\/a> e do Tratamento do mesmo. Contudo, precisamos aprofundar, tamb\u00e9m, nossos conhecimentos acerca dos sinais e sintomas e, sobretudo, como esses conte\u00fados podem ser cobrados em prova de resid\u00eancia. Por esse ser um dos assuntos mais cobrados em <strong>Resid\u00eancia para Endocrinologia<\/strong>, \u00e9 de suma import\u00e2ncia dominar os conceitos e manifesta\u00e7\u00f5es da Diabetes Mellitus.&nbsp;Ent\u00e3o confira o post!<\/p>\n\n\n\n<h2 class=\"wp-block-heading\" id=\"h-etiologia\"><span class=\"ez-toc-section\" id=\"Etiologia\"><\/span><strong>Etiologia<\/strong><span class=\"ez-toc-section-end\"><\/span><\/h2>\n\n\n\n<p>De acordo com o <strong>Manual MSD para Profissionais de Sa\u00fade,<\/strong> essa condi\u00e7\u00e3o se caracteriza pela altera\u00e7\u00e3o da secre\u00e7\u00e3o de insulina e at\u00e9, de graus vari\u00e1veis de resist\u00eancia perif\u00e9rica \u00e0 insulina. Essa situa\u00e7\u00e3o ocasiona em <strong>Hiperglicemia,<\/strong> o que reflete nos primeiros sintomas manifestados pelo paciente, tais como <strong>polidipsia, polifagia, poli\u00faria e vis\u00e3o ofuscada.<\/strong> Molecularmente, a Hiperglicemia ocorre pela n\u00e3o inclus\u00e3o das mol\u00e9culas de glicose extracelulares nas c\u00e9lulas corporais. Tal disformidade se d\u00e1 por diferentes meios, o que as qualifica as categorias dessa condi\u00e7\u00e3o cr\u00f4nica: <strong>Tipo 1, Tipo 2, Gestacional e Tipos espec\u00edficos <\/strong>(como neonatal ou advindo de doen\u00e7as no p\u00e2ncreas). <\/p>\n\n\n\n<p>A <strong>Diabetes Mellitus Tipo 1<\/strong> se relaciona a destrui\u00e7\u00e3o autoimune das c\u00e9lulas beta-pancre\u00e1ticas, levando a defici\u00eancia completa em insulina, uma vez que essas c\u00e9lulas s\u00e3o respons\u00e1veis pela libera\u00e7\u00e3o dessa \u00faltima quando sensibilizadas pela alta concentra\u00e7\u00e3o de glicose extracelular. <\/p>\n\n\n\n<p>A <strong>Diabetes Mellitus Tipo 2<\/strong> se d\u00e1 com a perda progressiva e n\u00e3o autoimune dos receptores extracelulares de glicose nas c\u00e9lulas beta-pancre\u00e1ticas, reduzindo a secre\u00e7\u00e3o adequada de insulina e frequente no contexto de resist\u00eancia \u00e0 insulina e s\u00edndrome metab\u00f3lica. <\/p>\n\n\n\n<p>A de <strong>tipo Gestacional, <\/strong>diagnosticada no segundo ou terceiro trimestre de gravidez, \u00e9 uma condi\u00e7\u00e3o que surge nessa condi\u00e7\u00e3o e tamb\u00e9m est\u00e1 relacionada \u00e0 hiperglicemia da paciente. <\/p>\n\n\n\n<p>Por fim, a de <strong>Tipos espec\u00edficos <\/strong>pode se associar a s\u00edndromes monog\u00eanicas (relacionada a irregularidades gen\u00e9ticas e diagnosticadas em per\u00edodo neonatal ou no in\u00edcio na maturidade do jovem), a doen\u00e7as da parte ex\u00f3crina do p\u00e2ncreas (como fibrose c\u00edstica e pancreatite, que desregulam a libera\u00e7\u00e3o de insulina no sangue) ou, ent\u00e3o, induzida por medicamentos e produtos qu\u00edmicos ( como o uso de glicocortic\u00f3ides, no tratamento de HIV e AIDS ou ap\u00f3s transplante de \u00f3rg\u00e3os).<br><\/p>\n\n\n\n<h2 class=\"wp-block-heading\" id=\"h-sinais-e-sintomas\"><span class=\"ez-toc-section\" id=\"Sinais_e_sintomas\"><\/span><strong>Sinais e sintomas<\/strong><span class=\"ez-toc-section-end\"><\/span><\/h2>\n\n\n\n<p>Existem alguns sinais e sintomas comuns aos tipos de Diabetes, embora outros somente vigorem em cada diferente tipo. A hiperglicemia \u00e9 o principal sintoma relacionado \u00e0s condi\u00e7\u00f5es. Em modo leve, a hiperglicemia pode ser assintom\u00e1tica, atrasando o diagn\u00f3stico. Por\u00e9m, se for mais significativa, causa glicos\u00faria e, assim, diurese osm\u00f3tica, levando a aumento da frequ\u00eancia urin\u00e1ria e polidipsia. <\/p>\n\n\n\n<h3 class=\"wp-block-heading\" id=\"h-diabetes-tipo-1\"><span class=\"ez-toc-section\" id=\"Diabetes_tipo_1\"><\/span><strong>Diabetes tipo 1<\/strong><span class=\"ez-toc-section-end\"><\/span><\/h3>\n\n\n\n<p>Como j\u00e1 dito, esse tipo de diabetes est\u00e1 relacionado a <strong>destrui\u00e7\u00e3o autoimune das c\u00e9lulas beta pancre\u00e1ticas<\/strong> e, ent\u00e3o, <strong>aus\u00eancia da produ\u00e7\u00e3o de insulina.<\/strong> Esse tipo afeta  cerca de 10% dos pacientes, classificados como dependentes de insulina. A destrui\u00e7\u00e3o evolui de forma subcl\u00ednica ao longo dos meses ou anos, at\u00e9 que a quantidade de c\u00e9lulas beta reduza at\u00e9 as concentra\u00e7\u00f5es de insulina serem totalmente inadequadas para controlar a glicemia. Normalmente, possui diagn\u00f3stico na inf\u00e2ncia, por\u00e9m, na atualidade, existem muitos casos de diagn\u00f3stico em adultos (condi\u00e7\u00e3o em que a progress\u00e3o da doen\u00e7a \u00e9 mais desacelerada). <\/p>\n\n\n\n<p>Os <strong>principais sinais e sintomas<\/strong> associados a esse tipo s\u00e3o causas prim\u00e1rias da hiperglicemia, como a <strong>glicos\u00faria<\/strong> (presen\u00e7a de glicose na urina, muitas vezes relacionada a presen\u00e7a de formigas em busca da urina do paciente), <strong>poli\u00faria<\/strong> (quando o paciente vai exageradamente ao banheiro, o que pode causar desidrata\u00e7\u00e3o do paciente) e <strong>polidipsia<\/strong> (sede em excesso devido a mic\u00e7\u00e3o excessiva). Como \u00e9 eliminada muita urina e, ent\u00e3o, muita caloria, os pacientes normalmente emagrecem, apesar de sentir fome exagerada. <\/p>\n\n\n\n<p>A diabetes Tipo 1 tem como caracter\u00edstica importante o come\u00e7o brusco dos sintomas. Nele, h\u00e1 um quadro cl\u00ednico de cetoacidose diab\u00e9tica, no qual o organismo produz \u00e1cido em excesso, o que pode ocasionar momentos de n\u00e1usea, sonol\u00eancia, vis\u00e3o emba\u00e7ada e diminui\u00e7\u00e3o da resist\u00eancia \u00e0 atividade f\u00edsica. Nesses momentos, o paciente tende a respirar mais profundamente como tentativa do organismo de corrigir a acidose. O desenvolvimento da diabetes ocorre em est\u00e1gios: o primeiro versa sobre a presen\u00e7a no sangue de anticorpos espec\u00edficos em pessoas com n\u00edveis normais de glicose no sangue, por\u00e9m sem sintomas. No segundo est\u00e1gio, os n\u00edveis de glicose ficam acima do normal, mas o paciente permanece sem sintomas. No terceiro, os reais sintomas se manifestam.&nbsp;<\/p>\n\n\n\n<h3 class=\"wp-block-heading\" id=\"h-diabetes-tipo-2\"><span class=\"ez-toc-section\" id=\"Diabetes_tipo_2\"><\/span><strong>Diabetes tipo 2<\/strong><span class=\"ez-toc-section-end\"><\/span><\/h3>\n\n\n\n<p>Possivelmente os pacientes n\u00e3o apresentam os sintomas durante anos ou d\u00e9cadas antes de serem diagnosticados, uma vez que os sintomas podem ser sutis nesse caso. O aumento da mic\u00e7\u00e3o e da sede \u00e9 moderado inicialmente, contudo piora gradativamente com o passar das semanas e meses. O paciente, ent\u00e3o, apresenta-se extremamente cansado, com vis\u00e3o turva e com desidrata\u00e7\u00e3o (estado hiperglic\u00eamico hiperosmolar). <\/p>\n\n\n\n<p>Como j\u00e1 mencionado, os acometidos com diabetes Tipo 2 produzem insulina, contudo o organismo \u00e9 resistente \u00e0 a\u00e7\u00e3o dela. Por isso, tamb\u00e9m ocorre <strong>hiperglicemia<\/strong>. Essa mesma pode alterar a secre\u00e7\u00e3o de insulina, pois as altas concentra\u00e7\u00f5es de glicose podem dessensibilizar e causar disfun\u00e7\u00e3o das c\u00e9lulas beta (toxicidade \u00e0 glicose). A obesidade e o ganho de peso s\u00e3o determinantes significativos da resist\u00eancia \u00e0 insulina no tipo 2. Essa condi\u00e7\u00e3o possuem alguns determinantes gen\u00e9ticos, mas tamb\u00e9m refletem a dieta, os exerc\u00edcios e o estilo de vida (uma vez que a incapacidade de suprimir a lip\u00f3lise no tecido adiposo aumenta as concentra\u00e7\u00f5es plasm\u00e1ticas de \u00e1cidos graxos livres, que podem alterar o transporte de insulina estimulado por glicose e atividade da glicog\u00eanio sintase muscular.&nbsp;<\/p>\n\n\n\n<p><img loading=\"lazy\" decoding=\"async\" src=\"https:\/\/lh7-rt.googleusercontent.com\/docsz\/AD_4nXdcHHdv37O6ddn3x5qa4iRw_UEKv2LNlFkxPvRSIk3dsMYvaOUkc8h5kjuWNMY77PocmLlQ1i1_9Ifak_SVYz388uxpKqh-t7HNuslHbEImQxYQMdFcHvD721ZoEO2l6-oACXwVNjk3REoHs0JQ_Esta_4K?key=KNDzPBaCCLvJk7kfJdBQLQ\" width=\"614\" height=\"346\"><\/p>\n\n\n\n<p>Diante dos sinais e sintomas acima citados, podemos saber as diferen\u00e7as entre os tipos para o diagn\u00f3stico por meio do fluxograma resumido. Com isso, n\u00e3o esque\u00e7a de revisar nossas mat\u00e9rias sobre esse tema para se preparar melhor para as provas de <strong>resid\u00eancia m\u00e9dica com ajuda do MedCof.&nbsp;<\/strong><\/p>\n\n\n\n<h2 class=\"wp-block-heading\" id=\"h-o-metodo-que-te-aprova\"><span class=\"ez-toc-section\" id=\"O_metodo_que_te_aprova\"><\/span><strong>O m\u00e9todo que te aprova!<\/strong><span class=\"ez-toc-section-end\"><\/span><\/h2>\n\n\n\n<p>Prepare-se com o\u00a0<a href=\"https:\/\/www.grupomedcof.com.br\/home\/\" target=\"_blank\" rel=\"noreferrer noopener\">MedCof<\/a>\u00a0para as provas de resid\u00eancia m\u00e9dica, com uma metodologia que j\u00e1\u00a0<a href=\"https:\/\/www.grupomedcof.com.br\/blog\/presenca-da-medcof-nas-aprovacoes-em-residencia-medica-no-brasil\/\" target=\"_blank\" rel=\"noreferrer noopener\">aprovou mais de 10 mil residentes pelo pa\u00eds.<\/a>\u00a0Confira nosso <a href=\"https:\/\/www.youtube.com\/@GrupoMedcof\">youtube <\/a>e assista nossos conte\u00fados! <span id=\"docs-internal-guid-e3044c62-7fff-e03e-8696-2b9fcb3f20fb\"><div><span style=\"font-size: 10pt; font-family: &quot;Source Code Pro&quot;, monospace; color: rgb(66, 66, 66); background-color: transparent; font-variant-numeric: normal; font-variant-east-asian: normal; font-variant-alternates: normal; font-variant-position: normal; vertical-align: baseline;\"><\/span><\/div><\/span><\/p>\n","protected":false},"excerpt":{"rendered":"<p>Caro estudante MedCoffer, em outra mat\u00e9ria, j\u00e1 discutimos um pouco das novidades acerca do Diagn\u00f3stico da Diabetes Mellitus e do Tratamento do mesmo.<\/p>\n","protected":false},"author":18,"featured_media":28294,"comment_status":"open","ping_status":"open","sticky":false,"template":"","format":"standard","meta":{"footnotes":""},"categories":[115],"tags":[241,1719,93,117,68],"ppma_author":[3611],"class_list":{"0":"post-28293","1":"post","2":"type-post","3":"status-publish","4":"format-standard","5":"has-post-thumbnail","7":"category-clinica-medica","8":"tag-diabetes","9":"tag-diabetes-mellittus","10":"tag-especialidades-medicas","11":"tag-provas-de-residencia","12":"tag-residencia-medica"},"yoast_head":"<!-- This site is optimized with the Yoast SEO Premium plugin v24.3 (Yoast SEO v27.4) - https:\/\/yoast.com\/product\/yoast-seo-premium-wordpress\/ -->\n<title>Diabetes: sintomas, sinais e diagn\u00f3stico - Blog de Medcof: conte\u00fados, editais, revalida e mais!<\/title>\n<meta name=\"description\" content=\"Caro estudante MedCoffer, em outra mat\u00e9ria, j\u00e1 discutimos um pouco das novidades acerca do Diagn\u00f3stico da Diabetes Mellitus e do Tratamento do mesmo.\" \/>\n<meta name=\"robots\" content=\"index, follow, max-snippet:-1, max-image-preview:large, max-video-preview:-1\" \/>\n<link rel=\"canonical\" href=\"https:\/\/www.grupomedcof.com.br\/blog\/diabetes-sintomas-sinais-e-diagnostico\/\" \/>\n<meta property=\"og:locale\" content=\"pt_BR\" \/>\n<meta property=\"og:type\" content=\"article\" \/>\n<meta property=\"og:title\" content=\"Diabetes: sintomas, sinais e diagn\u00f3stico\" \/>\n<meta property=\"og:description\" content=\"Caro estudante MedCoffer, em outra mat\u00e9ria, j\u00e1 discutimos um pouco das novidades acerca do Diagn\u00f3stico da Diabetes Mellitus e do Tratamento do mesmo.\" \/>\n<meta property=\"og:url\" content=\"https:\/\/www.grupomedcof.com.br\/blog\/diabetes-sintomas-sinais-e-diagnostico\/\" \/>\n<meta property=\"og:site_name\" content=\"Blog de Medcof: conte\u00fados, editais, revalida e mais!\" \/>\n<meta property=\"article:publisher\" content=\"https:\/\/www.facebook.com\/MedCofQbank\/\" \/>\n<meta property=\"article:published_time\" content=\"2024-08-01T12:24:45+00:00\" \/>\n<meta property=\"article:modified_time\" content=\"2024-08-01T13:23:20+00:00\" \/>\n<meta property=\"og:image\" content=\"https:\/\/www.grupomedcof.com.br\/blog\/wp-content\/uploads\/2024\/08\/Blog-MedCof-76-1024x576.png\" \/>\n\t<meta property=\"og:image:width\" content=\"1024\" \/>\n\t<meta property=\"og:image:height\" content=\"576\" \/>\n\t<meta property=\"og:image:type\" content=\"image\/png\" \/>\n<meta name=\"author\" content=\"Leila Menzel\" \/>\n<meta name=\"twitter:card\" content=\"summary_large_image\" \/>\n<meta name=\"twitter:label1\" content=\"Escrito por\" \/>\n\t<meta name=\"twitter:data1\" content=\"Leila Menzel\" \/>\n\t<meta name=\"twitter:label2\" content=\"Est. tempo de leitura\" \/>\n\t<meta name=\"twitter:data2\" content=\"6 minutos\" \/>\n<script type=\"application\/ld+json\" class=\"yoast-schema-graph\">{\"@context\":\"https:\\\/\\\/schema.org\",\"@graph\":[{\"@type\":\"Article\",\"@id\":\"https:\\\/\\\/www.grupomedcof.com.br\\\/blog\\\/diabetes-sintomas-sinais-e-diagnostico\\\/#article\",\"isPartOf\":{\"@id\":\"https:\\\/\\\/www.grupomedcof.com.br\\\/blog\\\/diabetes-sintomas-sinais-e-diagnostico\\\/\"},\"author\":{\"name\":\"Leila Menzel\",\"@id\":\"https:\\\/\\\/www.grupomedcof.com.br\\\/blog\\\/#\\\/schema\\\/person\\\/2a5527209c17e7eb35bd6a4ebd5c7956\"},\"headline\":\"Diabetes: sintomas, sinais e diagn\u00f3stico\",\"datePublished\":\"2024-08-01T12:24:45+00:00\",\"dateModified\":\"2024-08-01T13:23:20+00:00\",\"mainEntityOfPage\":{\"@id\":\"https:\\\/\\\/www.grupomedcof.com.br\\\/blog\\\/diabetes-sintomas-sinais-e-diagnostico\\\/\"},\"wordCount\":1110,\"commentCount\":0,\"publisher\":{\"@id\":\"https:\\\/\\\/www.grupomedcof.com.br\\\/blog\\\/#organization\"},\"image\":{\"@id\":\"https:\\\/\\\/www.grupomedcof.com.br\\\/blog\\\/diabetes-sintomas-sinais-e-diagnostico\\\/#primaryimage\"},\"thumbnailUrl\":\"https:\\\/\\\/www.grupomedcof.com.br\\\/blog\\\/wp-content\\\/uploads\\\/2024\\\/08\\\/Blog-MedCof-76.png\",\"keywords\":[\"Diabetes\",\"Diabetes Mellittus\",\"Especialidades m\u00e9dicas\",\"Provas de Resid\u00eancia\",\"Resid\u00eancia M\u00e9dica\"],\"articleSection\":[\"Cl\u00ednica M\u00e9dica\"],\"inLanguage\":\"pt-BR\"},{\"@type\":\"WebPage\",\"@id\":\"https:\\\/\\\/www.grupomedcof.com.br\\\/blog\\\/diabetes-sintomas-sinais-e-diagnostico\\\/\",\"url\":\"https:\\\/\\\/www.grupomedcof.com.br\\\/blog\\\/diabetes-sintomas-sinais-e-diagnostico\\\/\",\"name\":\"Diabetes: sintomas, sinais e diagn\u00f3stico - Blog de Medcof: conte\u00fados, editais, revalida e mais!\",\"isPartOf\":{\"@id\":\"https:\\\/\\\/www.grupomedcof.com.br\\\/blog\\\/#website\"},\"primaryImageOfPage\":{\"@id\":\"https:\\\/\\\/www.grupomedcof.com.br\\\/blog\\\/diabetes-sintomas-sinais-e-diagnostico\\\/#primaryimage\"},\"image\":{\"@id\":\"https:\\\/\\\/www.grupomedcof.com.br\\\/blog\\\/diabetes-sintomas-sinais-e-diagnostico\\\/#primaryimage\"},\"thumbnailUrl\":\"https:\\\/\\\/www.grupomedcof.com.br\\\/blog\\\/wp-content\\\/uploads\\\/2024\\\/08\\\/Blog-MedCof-76.png\",\"datePublished\":\"2024-08-01T12:24:45+00:00\",\"dateModified\":\"2024-08-01T13:23:20+00:00\",\"description\":\"Caro estudante MedCoffer, em outra mat\u00e9ria, j\u00e1 discutimos um pouco das novidades acerca do Diagn\u00f3stico da Diabetes Mellitus e do Tratamento do mesmo.\",\"breadcrumb\":{\"@id\":\"https:\\\/\\\/www.grupomedcof.com.br\\\/blog\\\/diabetes-sintomas-sinais-e-diagnostico\\\/#breadcrumb\"},\"inLanguage\":\"pt-BR\",\"potentialAction\":[{\"@type\":\"ReadAction\",\"target\":[\"https:\\\/\\\/www.grupomedcof.com.br\\\/blog\\\/diabetes-sintomas-sinais-e-diagnostico\\\/\"]}]},{\"@type\":\"ImageObject\",\"inLanguage\":\"pt-BR\",\"@id\":\"https:\\\/\\\/www.grupomedcof.com.br\\\/blog\\\/diabetes-sintomas-sinais-e-diagnostico\\\/#primaryimage\",\"url\":\"https:\\\/\\\/www.grupomedcof.com.br\\\/blog\\\/wp-content\\\/uploads\\\/2024\\\/08\\\/Blog-MedCof-76.png\",\"contentUrl\":\"https:\\\/\\\/www.grupomedcof.com.br\\\/blog\\\/wp-content\\\/uploads\\\/2024\\\/08\\\/Blog-MedCof-76.png\",\"width\":2560,\"height\":1440},{\"@type\":\"BreadcrumbList\",\"@id\":\"https:\\\/\\\/www.grupomedcof.com.br\\\/blog\\\/diabetes-sintomas-sinais-e-diagnostico\\\/#breadcrumb\",\"itemListElement\":[{\"@type\":\"ListItem\",\"position\":1,\"name\":\"In\u00edcio\",\"item\":\"https:\\\/\\\/www.grupomedcof.com.br\\\/blog\\\/\"},{\"@type\":\"ListItem\",\"position\":2,\"name\":\"Diabetes: sintomas, sinais e diagn\u00f3stico\"}]},{\"@type\":\"WebSite\",\"@id\":\"https:\\\/\\\/www.grupomedcof.com.br\\\/blog\\\/#website\",\"url\":\"https:\\\/\\\/www.grupomedcof.com.br\\\/blog\\\/\",\"name\":\"Blog de Medcof: conte\u00fados, editais, revalida e mais!\",\"description\":\"Acesso o blog de MedCof! Seu portal de conte\u00fados sobre resid\u00eancia m\u00e9dica, an\u00e1lise e editais e muito mais. Clique e confira!\",\"publisher\":{\"@id\":\"https:\\\/\\\/www.grupomedcof.com.br\\\/blog\\\/#organization\"},\"alternateName\":\"Blog de Medcof: conte\u00fados, editais, revalida e mais!\",\"potentialAction\":[{\"@type\":\"SearchAction\",\"target\":{\"@type\":\"EntryPoint\",\"urlTemplate\":\"https:\\\/\\\/www.grupomedcof.com.br\\\/blog\\\/?s={search_term_string}\"},\"query-input\":{\"@type\":\"PropertyValueSpecification\",\"valueRequired\":true,\"valueName\":\"search_term_string\"}}],\"inLanguage\":\"pt-BR\"},{\"@type\":\"Organization\",\"@id\":\"https:\\\/\\\/www.grupomedcof.com.br\\\/blog\\\/#organization\",\"name\":\"Grupo MedCof\",\"url\":\"https:\\\/\\\/www.grupomedcof.com.br\\\/blog\\\/\",\"logo\":{\"@type\":\"ImageObject\",\"inLanguage\":\"pt-BR\",\"@id\":\"https:\\\/\\\/www.grupomedcof.com.br\\\/blog\\\/#\\\/schema\\\/logo\\\/image\\\/\",\"url\":\"https:\\\/\\\/www.grupomedcof.com.br\\\/blog\\\/wp-content\\\/uploads\\\/2022\\\/01\\\/logo-medcof.png\",\"contentUrl\":\"https:\\\/\\\/www.grupomedcof.com.br\\\/blog\\\/wp-content\\\/uploads\\\/2022\\\/01\\\/logo-medcof.png\",\"width\":768,\"height\":269,\"caption\":\"Grupo MedCof\"},\"image\":{\"@id\":\"https:\\\/\\\/www.grupomedcof.com.br\\\/blog\\\/#\\\/schema\\\/logo\\\/image\\\/\"},\"sameAs\":[\"https:\\\/\\\/www.facebook.com\\\/MedCofQbank\\\/\",\"https:\\\/\\\/www.instagram.com\\\/grupomedcof\\\/\",\"https:\\\/\\\/br.linkedin.com\\\/company\\\/medcof\",\"https:\\\/\\\/www.youtube.com\\\/channel\\\/UCdHMuOHKICxcHwecxN8P-AA\"]},{\"@type\":\"Person\",\"@id\":\"https:\\\/\\\/www.grupomedcof.com.br\\\/blog\\\/#\\\/schema\\\/person\\\/2a5527209c17e7eb35bd6a4ebd5c7956\",\"name\":\"Leila Menzel\",\"image\":{\"@type\":\"ImageObject\",\"inLanguage\":\"pt-BR\",\"@id\":\"https:\\\/\\\/www.grupomedcof.com.br\\\/blog\\\/wp-content\\\/uploads\\\/2023\\\/04\\\/cropped-cropped-cropped-logo-96x96.png15459389df217b605b4f0cce419ac81a\",\"url\":\"https:\\\/\\\/www.grupomedcof.com.br\\\/blog\\\/wp-content\\\/uploads\\\/2023\\\/04\\\/cropped-cropped-cropped-logo-96x96.png\",\"contentUrl\":\"https:\\\/\\\/www.grupomedcof.com.br\\\/blog\\\/wp-content\\\/uploads\\\/2023\\\/04\\\/cropped-cropped-cropped-logo-96x96.png\",\"caption\":\"Leila Menzel\"},\"description\":\"Estudante do 6\u00b0 semestre de jornalismo, amo e escrevo poesias e viajo em livros de romances clich\u00eas.\",\"url\":\"https:\\\/\\\/www.grupomedcof.com.br\\\/blog\\\/author\\\/leila\\\/\"}]}<\/script>\n<!-- \/ Yoast SEO Premium plugin. -->","yoast_head_json":{"title":"Diabetes: sintomas, sinais e diagn\u00f3stico - Blog de Medcof: conte\u00fados, editais, revalida e mais!","description":"Caro estudante MedCoffer, em outra mat\u00e9ria, j\u00e1 discutimos um pouco das novidades acerca do Diagn\u00f3stico da Diabetes Mellitus e do Tratamento do mesmo.","robots":{"index":"index","follow":"follow","max-snippet":"max-snippet:-1","max-image-preview":"max-image-preview:large","max-video-preview":"max-video-preview:-1"},"canonical":"https:\/\/www.grupomedcof.com.br\/blog\/diabetes-sintomas-sinais-e-diagnostico\/","og_locale":"pt_BR","og_type":"article","og_title":"Diabetes: sintomas, sinais e diagn\u00f3stico","og_description":"Caro estudante MedCoffer, em outra mat\u00e9ria, j\u00e1 discutimos um pouco das novidades acerca do Diagn\u00f3stico da Diabetes Mellitus e do Tratamento do mesmo.","og_url":"https:\/\/www.grupomedcof.com.br\/blog\/diabetes-sintomas-sinais-e-diagnostico\/","og_site_name":"Blog de Medcof: conte\u00fados, editais, revalida e mais!","article_publisher":"https:\/\/www.facebook.com\/MedCofQbank\/","article_published_time":"2024-08-01T12:24:45+00:00","article_modified_time":"2024-08-01T13:23:20+00:00","og_image":[{"width":1024,"height":576,"url":"https:\/\/www.grupomedcof.com.br\/blog\/wp-content\/uploads\/2024\/08\/Blog-MedCof-76-1024x576.png","type":"image\/png"}],"author":"Leila Menzel","twitter_card":"summary_large_image","twitter_misc":{"Escrito por":"Leila Menzel","Est. tempo de leitura":"6 minutos"},"schema":{"@context":"https:\/\/schema.org","@graph":[{"@type":"Article","@id":"https:\/\/www.grupomedcof.com.br\/blog\/diabetes-sintomas-sinais-e-diagnostico\/#article","isPartOf":{"@id":"https:\/\/www.grupomedcof.com.br\/blog\/diabetes-sintomas-sinais-e-diagnostico\/"},"author":{"name":"Leila Menzel","@id":"https:\/\/www.grupomedcof.com.br\/blog\/#\/schema\/person\/2a5527209c17e7eb35bd6a4ebd5c7956"},"headline":"Diabetes: sintomas, sinais e diagn\u00f3stico","datePublished":"2024-08-01T12:24:45+00:00","dateModified":"2024-08-01T13:23:20+00:00","mainEntityOfPage":{"@id":"https:\/\/www.grupomedcof.com.br\/blog\/diabetes-sintomas-sinais-e-diagnostico\/"},"wordCount":1110,"commentCount":0,"publisher":{"@id":"https:\/\/www.grupomedcof.com.br\/blog\/#organization"},"image":{"@id":"https:\/\/www.grupomedcof.com.br\/blog\/diabetes-sintomas-sinais-e-diagnostico\/#primaryimage"},"thumbnailUrl":"https:\/\/www.grupomedcof.com.br\/blog\/wp-content\/uploads\/2024\/08\/Blog-MedCof-76.png","keywords":["Diabetes","Diabetes Mellittus","Especialidades m\u00e9dicas","Provas de Resid\u00eancia","Resid\u00eancia M\u00e9dica"],"articleSection":["Cl\u00ednica M\u00e9dica"],"inLanguage":"pt-BR"},{"@type":"WebPage","@id":"https:\/\/www.grupomedcof.com.br\/blog\/diabetes-sintomas-sinais-e-diagnostico\/","url":"https:\/\/www.grupomedcof.com.br\/blog\/diabetes-sintomas-sinais-e-diagnostico\/","name":"Diabetes: sintomas, sinais e diagn\u00f3stico - Blog de Medcof: conte\u00fados, editais, revalida e mais!","isPartOf":{"@id":"https:\/\/www.grupomedcof.com.br\/blog\/#website"},"primaryImageOfPage":{"@id":"https:\/\/www.grupomedcof.com.br\/blog\/diabetes-sintomas-sinais-e-diagnostico\/#primaryimage"},"image":{"@id":"https:\/\/www.grupomedcof.com.br\/blog\/diabetes-sintomas-sinais-e-diagnostico\/#primaryimage"},"thumbnailUrl":"https:\/\/www.grupomedcof.com.br\/blog\/wp-content\/uploads\/2024\/08\/Blog-MedCof-76.png","datePublished":"2024-08-01T12:24:45+00:00","dateModified":"2024-08-01T13:23:20+00:00","description":"Caro estudante MedCoffer, em outra mat\u00e9ria, j\u00e1 discutimos um pouco das novidades acerca do Diagn\u00f3stico da Diabetes Mellitus e do Tratamento do mesmo.","breadcrumb":{"@id":"https:\/\/www.grupomedcof.com.br\/blog\/diabetes-sintomas-sinais-e-diagnostico\/#breadcrumb"},"inLanguage":"pt-BR","potentialAction":[{"@type":"ReadAction","target":["https:\/\/www.grupomedcof.com.br\/blog\/diabetes-sintomas-sinais-e-diagnostico\/"]}]},{"@type":"ImageObject","inLanguage":"pt-BR","@id":"https:\/\/www.grupomedcof.com.br\/blog\/diabetes-sintomas-sinais-e-diagnostico\/#primaryimage","url":"https:\/\/www.grupomedcof.com.br\/blog\/wp-content\/uploads\/2024\/08\/Blog-MedCof-76.png","contentUrl":"https:\/\/www.grupomedcof.com.br\/blog\/wp-content\/uploads\/2024\/08\/Blog-MedCof-76.png","width":2560,"height":1440},{"@type":"BreadcrumbList","@id":"https:\/\/www.grupomedcof.com.br\/blog\/diabetes-sintomas-sinais-e-diagnostico\/#breadcrumb","itemListElement":[{"@type":"ListItem","position":1,"name":"In\u00edcio","item":"https:\/\/www.grupomedcof.com.br\/blog\/"},{"@type":"ListItem","position":2,"name":"Diabetes: sintomas, sinais e diagn\u00f3stico"}]},{"@type":"WebSite","@id":"https:\/\/www.grupomedcof.com.br\/blog\/#website","url":"https:\/\/www.grupomedcof.com.br\/blog\/","name":"Blog de Medcof: conte\u00fados, editais, revalida e mais!","description":"Acesso o blog de MedCof! Seu portal de conte\u00fados sobre resid\u00eancia m\u00e9dica, an\u00e1lise e editais e muito mais. Clique e confira!","publisher":{"@id":"https:\/\/www.grupomedcof.com.br\/blog\/#organization"},"alternateName":"Blog de Medcof: conte\u00fados, editais, revalida e mais!","potentialAction":[{"@type":"SearchAction","target":{"@type":"EntryPoint","urlTemplate":"https:\/\/www.grupomedcof.com.br\/blog\/?s={search_term_string}"},"query-input":{"@type":"PropertyValueSpecification","valueRequired":true,"valueName":"search_term_string"}}],"inLanguage":"pt-BR"},{"@type":"Organization","@id":"https:\/\/www.grupomedcof.com.br\/blog\/#organization","name":"Grupo MedCof","url":"https:\/\/www.grupomedcof.com.br\/blog\/","logo":{"@type":"ImageObject","inLanguage":"pt-BR","@id":"https:\/\/www.grupomedcof.com.br\/blog\/#\/schema\/logo\/image\/","url":"https:\/\/www.grupomedcof.com.br\/blog\/wp-content\/uploads\/2022\/01\/logo-medcof.png","contentUrl":"https:\/\/www.grupomedcof.com.br\/blog\/wp-content\/uploads\/2022\/01\/logo-medcof.png","width":768,"height":269,"caption":"Grupo MedCof"},"image":{"@id":"https:\/\/www.grupomedcof.com.br\/blog\/#\/schema\/logo\/image\/"},"sameAs":["https:\/\/www.facebook.com\/MedCofQbank\/","https:\/\/www.instagram.com\/grupomedcof\/","https:\/\/br.linkedin.com\/company\/medcof","https:\/\/www.youtube.com\/channel\/UCdHMuOHKICxcHwecxN8P-AA"]},{"@type":"Person","@id":"https:\/\/www.grupomedcof.com.br\/blog\/#\/schema\/person\/2a5527209c17e7eb35bd6a4ebd5c7956","name":"Leila Menzel","image":{"@type":"ImageObject","inLanguage":"pt-BR","@id":"https:\/\/www.grupomedcof.com.br\/blog\/wp-content\/uploads\/2023\/04\/cropped-cropped-cropped-logo-96x96.png15459389df217b605b4f0cce419ac81a","url":"https:\/\/www.grupomedcof.com.br\/blog\/wp-content\/uploads\/2023\/04\/cropped-cropped-cropped-logo-96x96.png","contentUrl":"https:\/\/www.grupomedcof.com.br\/blog\/wp-content\/uploads\/2023\/04\/cropped-cropped-cropped-logo-96x96.png","caption":"Leila Menzel"},"description":"Estudante do 6\u00b0 semestre de jornalismo, amo e escrevo poesias e viajo em livros de romances clich\u00eas.","url":"https:\/\/www.grupomedcof.com.br\/blog\/author\/leila\/"}]}},"authors":[{"term_id":3611,"user_id":18,"is_guest":0,"slug":"leila","display_name":"Leila Menzel","avatar_url":"https:\/\/www.grupomedcof.com.br\/blog\/wp-content\/uploads\/2023\/04\/cropped-cropped-cropped-logo-96x96.png","0":null,"1":"","2":"","3":"","4":"","5":"","6":"","7":"","8":""}],"_links":{"self":[{"href":"https:\/\/www.grupomedcof.com.br\/blog\/wp-json\/wp\/v2\/posts\/28293","targetHints":{"allow":["GET"]}}],"collection":[{"href":"https:\/\/www.grupomedcof.com.br\/blog\/wp-json\/wp\/v2\/posts"}],"about":[{"href":"https:\/\/www.grupomedcof.com.br\/blog\/wp-json\/wp\/v2\/types\/post"}],"author":[{"embeddable":true,"href":"https:\/\/www.grupomedcof.com.br\/blog\/wp-json\/wp\/v2\/users\/18"}],"replies":[{"embeddable":true,"href":"https:\/\/www.grupomedcof.com.br\/blog\/wp-json\/wp\/v2\/comments?post=28293"}],"version-history":[{"count":0,"href":"https:\/\/www.grupomedcof.com.br\/blog\/wp-json\/wp\/v2\/posts\/28293\/revisions"}],"wp:featuredmedia":[{"embeddable":true,"href":"https:\/\/www.grupomedcof.com.br\/blog\/wp-json\/wp\/v2\/media\/28294"}],"wp:attachment":[{"href":"https:\/\/www.grupomedcof.com.br\/blog\/wp-json\/wp\/v2\/media?parent=28293"}],"wp:term":[{"taxonomy":"category","embeddable":true,"href":"https:\/\/www.grupomedcof.com.br\/blog\/wp-json\/wp\/v2\/categories?post=28293"},{"taxonomy":"post_tag","embeddable":true,"href":"https:\/\/www.grupomedcof.com.br\/blog\/wp-json\/wp\/v2\/tags?post=28293"},{"taxonomy":"author","embeddable":true,"href":"https:\/\/www.grupomedcof.com.br\/blog\/wp-json\/wp\/v2\/ppma_author?post=28293"}],"curies":[{"name":"wp","href":"https:\/\/api.w.org\/{rel}","templated":true}]}}