{"id":28298,"date":"2024-08-01T15:39:22","date_gmt":"2024-08-01T18:39:22","guid":{"rendered":"https:\/\/www.grupomedcof.com.br\/blog\/?p=28298"},"modified":"2026-04-24T11:58:30","modified_gmt":"2026-04-24T14:58:30","slug":"pni-ministerio-da-saude","status":"publish","type":"post","link":"https:\/\/www.grupomedcof.com.br\/blog\/pni-ministerio-da-saude\/","title":{"rendered":"Em meio a comemora\u00e7\u00e3o dos 50 anos do PNI, Minist\u00e9rio da Sa\u00fade lan\u00e7a tr\u00eas notas t\u00e9cnicas"},"content":{"rendered":"<div id=\"ez-toc-container\" class=\"ez-toc-v2_0_74 counter-hierarchy ez-toc-counter ez-toc-transparent ez-toc-container-direction\">\n<div class=\"ez-toc-title-container\">\n<p class=\"ez-toc-title\" style=\"cursor:inherit\">Sum\u00e1rio<\/p>\n<span class=\"ez-toc-title-toggle\"><a href=\"#\" class=\"ez-toc-pull-right ez-toc-btn ez-toc-btn-xs ez-toc-btn-default ez-toc-toggle\" aria-label=\"Alternar tabela de conte\u00fado\"><span class=\"ez-toc-js-icon-con\"><span class=\"\"><span class=\"eztoc-hide\" style=\"display:none;\">Toggle<\/span><span class=\"ez-toc-icon-toggle-span\"><svg style=\"fill: #999;color:#999\" xmlns=\"http:\/\/www.w3.org\/2000\/svg\" class=\"list-377408\" width=\"20px\" height=\"20px\" viewBox=\"0 0 24 24\" fill=\"none\"><path d=\"M6 6H4v2h2V6zm14 0H8v2h12V6zM4 11h2v2H4v-2zm16 0H8v2h12v-2zM4 16h2v2H4v-2zm16 0H8v2h12v-2z\" fill=\"currentColor\"><\/path><\/svg><svg style=\"fill: #999;color:#999\" class=\"arrow-unsorted-368013\" xmlns=\"http:\/\/www.w3.org\/2000\/svg\" width=\"10px\" height=\"10px\" viewBox=\"0 0 24 24\" version=\"1.2\" baseProfile=\"tiny\"><path d=\"M18.2 9.3l-6.2-6.3-6.2 6.3c-.2.2-.3.4-.3.7s.1.5.3.7c.2.2.4.3.7.3h11c.3 0 .5-.1.7-.3.2-.2.3-.5.3-.7s-.1-.5-.3-.7zM5.8 14.7l6.2 6.3 6.2-6.3c.2-.2.3-.5.3-.7s-.1-.5-.3-.7c-.2-.2-.4-.3-.7-.3h-11c-.3 0-.5.1-.7.3-.2.2-.3.5-.3.7s.1.5.3.7z\"\/><\/svg><\/span><\/span><\/span><\/a><\/span><\/div>\n<nav><ul class='ez-toc-list ez-toc-list-level-1 ' ><li class='ez-toc-page-1 ez-toc-heading-level-2'><a class=\"ez-toc-link ez-toc-heading-1\" href=\"https:\/\/www.grupomedcof.com.br\/blog\/pni-ministerio-da-saude\/#Cobertura_vacinal_contra_a_COVID-19\" >Cobertura vacinal contra a COVID-19<\/a><ul class='ez-toc-list-level-3' ><li class='ez-toc-heading-level-3'><a class=\"ez-toc-link ez-toc-heading-2\" href=\"https:\/\/www.grupomedcof.com.br\/blog\/pni-ministerio-da-saude\/#Publico_considerado_para_o_calculo_de_cobertura_vacinal\" >P\u00fablico considerado para o c\u00e1lculo de cobertura vacinal<\/a><\/li><li class='ez-toc-page-1 ez-toc-heading-level-3'><a class=\"ez-toc-link ez-toc-heading-3\" href=\"https:\/\/www.grupomedcof.com.br\/blog\/pni-ministerio-da-saude\/#Publico_considerado_para_doses_aplicadas\" >P\u00fablico considerado para doses aplicadas<\/a><\/li><li class='ez-toc-page-1 ez-toc-heading-level-3'><a class=\"ez-toc-link ez-toc-heading-4\" href=\"https:\/\/www.grupomedcof.com.br\/blog\/pni-ministerio-da-saude\/#Como_funciona_o_calculo_da_cobertura_vacinal\" >Como funciona o c\u00e1lculo da cobertura vacinal<\/a><\/li><\/ul><\/li><li class='ez-toc-page-1 ez-toc-heading-level-2'><a class=\"ez-toc-link ez-toc-heading-5\" href=\"https:\/\/www.grupomedcof.com.br\/blog\/pni-ministerio-da-saude\/#Alerta_de_vacinacao_para_a_populacao_residente_em_regioes_fronteiricas\" >Alerta de vacina\u00e7\u00e3o para a popula\u00e7\u00e3o residente em regi\u00f5es fronteiri\u00e7as<\/a><ul class='ez-toc-list-level-3' ><li class='ez-toc-heading-level-3'><a class=\"ez-toc-link ez-toc-heading-6\" href=\"https:\/\/www.grupomedcof.com.br\/blog\/pni-ministerio-da-saude\/#Algumas_doencas_imunopreveniveis_em_paises_de_fronteira_com_o_Brasil\" >Algumas doen\u00e7as imunopreven\u00edveis em pa\u00edses de fronteira com o Brasil<\/a><\/li><li class='ez-toc-page-1 ez-toc-heading-level-3'><a class=\"ez-toc-link ez-toc-heading-7\" href=\"https:\/\/www.grupomedcof.com.br\/blog\/pni-ministerio-da-saude\/#A_vacinacao_no_Brasil\" >A vacina\u00e7\u00e3o no Brasil<\/a><\/li><\/ul><\/li><li class='ez-toc-page-1 ez-toc-heading-level-2'><a class=\"ez-toc-link ez-toc-heading-8\" href=\"https:\/\/www.grupomedcof.com.br\/blog\/pni-ministerio-da-saude\/#Monitoramento_das_Estrategias_de_Vacinacao_em_municipios_com_populacao_indigena\" >Monitoramento das Estrat\u00e9gias de Vacina\u00e7\u00e3o em munic\u00edpios com popula\u00e7\u00e3o ind\u00edgena<\/a><ul class='ez-toc-list-level-3' ><li class='ez-toc-heading-level-3'><a class=\"ez-toc-link ez-toc-heading-9\" href=\"https:\/\/www.grupomedcof.com.br\/blog\/pni-ministerio-da-saude\/#Amostragem_e_setorizacao\" >Amostragem e setoriza\u00e7\u00e3o<\/a><\/li><\/ul><\/li><li class='ez-toc-page-1 ez-toc-heading-level-2'><a class=\"ez-toc-link ez-toc-heading-10\" href=\"https:\/\/www.grupomedcof.com.br\/blog\/pni-ministerio-da-saude\/#O_metodo_que_te_aprova\" >O m\u00e9todo que te aprova!<\/a><\/li><\/ul><\/nav><\/div>\n\n<figure class=\"wp-block-image size-large\"><img loading=\"lazy\" decoding=\"async\" width=\"1024\" height=\"576\" src=\"https:\/\/www.grupomedcof.com.br\/blog\/wp-content\/uploads\/2024\/08\/Blog-MedCof-77-1024x576.png\" alt=\"\" class=\"wp-image-28321\" srcset=\"https:\/\/www.grupomedcof.com.br\/blog\/wp-content\/uploads\/2024\/08\/Blog-MedCof-77-1024x576.png 1024w, https:\/\/www.grupomedcof.com.br\/blog\/wp-content\/uploads\/2024\/08\/Blog-MedCof-77-300x169.png 300w, https:\/\/www.grupomedcof.com.br\/blog\/wp-content\/uploads\/2024\/08\/Blog-MedCof-77-768x432.png 768w, https:\/\/www.grupomedcof.com.br\/blog\/wp-content\/uploads\/2024\/08\/Blog-MedCof-77-1536x864.png 1536w, https:\/\/www.grupomedcof.com.br\/blog\/wp-content\/uploads\/2024\/08\/Blog-MedCof-77-2048x1152.png 2048w, https:\/\/www.grupomedcof.com.br\/blog\/wp-content\/uploads\/2024\/08\/Blog-MedCof-77-747x420.png 747w, https:\/\/www.grupomedcof.com.br\/blog\/wp-content\/uploads\/2024\/08\/Blog-MedCof-77-150x84.png 150w, https:\/\/www.grupomedcof.com.br\/blog\/wp-content\/uploads\/2024\/08\/Blog-MedCof-77-696x392.png 696w, https:\/\/www.grupomedcof.com.br\/blog\/wp-content\/uploads\/2024\/08\/Blog-MedCof-77-1068x601.png 1068w, https:\/\/www.grupomedcof.com.br\/blog\/wp-content\/uploads\/2024\/08\/Blog-MedCof-77-1920x1080.png 1920w\" sizes=\"auto, (max-width: 1024px) 100vw, 1024px\" \/><\/figure>\n\n\n\n<p>O Programa Nacional de Imuniza\u00e7\u00f5es do Brasil (PNI), \u00e9 uma iniciativa do Governo Federal vinculada ao Minist\u00e9rio da Sa\u00fade e \u00e9 um dos maiores programas do mundo. Nos \u00faltimos 50 anos, as a\u00e7\u00f5es realizadas levaram o Brasil \u00e0 elimina\u00e7\u00e3o e ao controle de v\u00e1rias doen\u00e7as<br>imunopreven\u00edveis. Alcan\u00e7ou a erradica\u00e7\u00e3o de diversas doen\u00e7as, como a var\u00edola, rub\u00e9ola e poliomelite. Al\u00e9m disso, \u00e9 respons\u00e1vel tamb\u00e9m pela redu\u00e7\u00e3o dos casos e \u00f3bitos pela COVID-19.<\/p>\n\n\n\n<p>Ap\u00f3s tantas vit\u00f3rias alcan\u00e7adas, o Programa Nacional de Imuniza\u00e7\u00f5es do Brasil comemora seus 50 anos de hist\u00f3ria, promovendo a prote\u00e7\u00e3o dos brasileiros. E em meio a isso, o Minist\u00e9rio da Sa\u00fade lan\u00e7ou tr\u00eas notas t\u00e9cnicas sobre vacina\u00e7\u00e3o. Confira o post para saber mais!<\/p>\n\n\n\n<h2 class=\"wp-block-heading\" id=\"h-cobertura-vacinal-contra-a-covid-19\"><span class=\"ez-toc-section\" id=\"Cobertura_vacinal_contra_a_COVID-19\"><\/span><strong>Cobertura vacinal contra a COVID-19<\/strong><span class=\"ez-toc-section-end\"><\/span><\/h2>\n\n\n\n<p>Diante do cen\u00e1rio de novas variantes do v\u00edrus, a Ag\u00eancia Nacional de Vigil\u00e2ncia Sanit\u00e1ria (ANVISA) <strong>aprovou o <a href=\"https:\/\/www.gov.br\/saude\/pt-br\/centrais-de-conteudo\/publicacoes\/notas-tecnicas\/2024\/nota-tecnica-no-101-2024-dpni-svsa-ms\" target=\"_blank\" rel=\"noreferrer noopener\">registro definitivo da vacina<\/a> monovalente contra a covid-19 atualizada para a variante XBB 1.5<\/strong>. \u00c9 Indicada para imuniza\u00e7\u00e3o ativa na preven\u00e7\u00e3o das formas graves da doen\u00e7a na popula\u00e7\u00e3o a partir de 6 meses de idade. Segundo estudos  que avaliaram a imunogenicidade e a seguran\u00e7a da vacina em 101 participantes divididos em dois grupos (50 receberam XBB.1.5 e 51 receberam XBB.1.5 + BA.4\/BA.5 Spike), foi demonstrado evid\u00eancias que a vacina em ambos os grupos produziu uma resposta imune contra a subvariante \u00f4micron XBB.1.5 e outras variantes, como a XBB.1.165.<\/p>\n\n\n\n<h3 class=\"wp-block-heading\" id=\"h-publico-considerado-para-o-calculo-de-cobertura-vacinal\"><span class=\"ez-toc-section\" id=\"Publico_considerado_para_o_calculo_de_cobertura_vacinal\"><\/span><strong>P\u00fablico considerado para o c\u00e1lculo de cobertura vacinal <\/strong><span class=\"ez-toc-section-end\"><\/span><\/h3>\n\n\n\n<p>O p\u00fablico considerado inclui crian\u00e7as de 6 meses a menores de 1 ano ou entre 1 ano a menores de 5 anos, pessoas de 60 anos de idade ou mais, gestantes e puerp\u00e9ras.<\/p>\n\n\n\n<h3 class=\"wp-block-heading\" id=\"h-publico-considerado-para-doses-aplicadas\"><span class=\"ez-toc-section\" id=\"Publico_considerado_para_doses_aplicadas\"><\/span><strong>P\u00fablico considerado para doses aplicadas<\/strong> <span class=\"ez-toc-section-end\"><\/span><\/h3>\n\n\n\n<p>O p\u00fablico considerado para doses aplicadas inclui os demais grupos priorit\u00e1rios, pessoas imunocomprometidas, ind\u00edgenas, ribeirinhos, quilombolas, trabalhadores da sa\u00fade, pessoas com defici\u00eancia permanente e pessoas com comorbidades.<\/p>\n\n\n\n<h3 class=\"wp-block-heading\" id=\"h-como-funciona-o-calculo-da-cobertura-vacinal\"><span class=\"ez-toc-section\" id=\"Como_funciona_o_calculo_da_cobertura_vacinal\"><\/span><strong>Como funciona o c\u00e1lculo da cobertura vacinal<\/strong><span class=\"ez-toc-section-end\"><\/span><\/h3>\n\n\n\n<p>Desse modo, o c\u00e1lculo da cobertura vacinal ocorre pela divis\u00e3o do n\u00famero de indiv\u00edduos vacinados pelo total de pessoas eleg\u00edveis para vacina\u00e7\u00e3o, multiplicado por 100. Considera-se como esquema para c\u00e1lculos de cobertura vacinal a 1\u00b0 e 2\u00b0 dose para <strong>crian\u00e7as de 6 meses a menor de 1 ano de idade, crian\u00e7as entre 1 ano a menores de 5 anos e indiv\u00edduos a partir de 5 anos de idade do grupo priorit\u00e1rio.<\/strong> <\/p>\n\n\n\n<p>Desse modo, vale ressaltar que o registro adequado dos imunobiol\u00f3gicos e<br>dissemina\u00e7\u00e3o dos indicadores \u00e9 fundamental para que a informa\u00e7\u00e3o seja uma<br>ferramenta de tomada de decis\u00e3o e desencadeamento do processo de informa\u00e7\u00e3o-decis\u00e3o-a\u00e7\u00e3o.<\/p>\n\n\n\n<figure class=\"wp-block-image size-large\"><a href=\"https:\/\/www.grupomedcof.com.br\/cofletters\/\"><img loading=\"lazy\" decoding=\"async\" width=\"1024\" height=\"366\" src=\"https:\/\/www.grupomedcof.com.br\/blog\/wp-content\/uploads\/2024\/08\/Capa-Eventos-MedCof-Plus-14-3-1024x366.png\" alt=\"\" class=\"wp-image-28960\" srcset=\"https:\/\/www.grupomedcof.com.br\/blog\/wp-content\/uploads\/2024\/08\/Capa-Eventos-MedCof-Plus-14-3-1024x366.png 1024w, https:\/\/www.grupomedcof.com.br\/blog\/wp-content\/uploads\/2024\/08\/Capa-Eventos-MedCof-Plus-14-3-300x107.png 300w, https:\/\/www.grupomedcof.com.br\/blog\/wp-content\/uploads\/2024\/08\/Capa-Eventos-MedCof-Plus-14-3-768x275.png 768w, https:\/\/www.grupomedcof.com.br\/blog\/wp-content\/uploads\/2024\/08\/Capa-Eventos-MedCof-Plus-14-3-1536x549.png 1536w, https:\/\/www.grupomedcof.com.br\/blog\/wp-content\/uploads\/2024\/08\/Capa-Eventos-MedCof-Plus-14-3-2048x732.png 2048w, https:\/\/www.grupomedcof.com.br\/blog\/wp-content\/uploads\/2024\/08\/Capa-Eventos-MedCof-Plus-14-3-1174x420.png 1174w, https:\/\/www.grupomedcof.com.br\/blog\/wp-content\/uploads\/2024\/08\/Capa-Eventos-MedCof-Plus-14-3-150x54.png 150w, https:\/\/www.grupomedcof.com.br\/blog\/wp-content\/uploads\/2024\/08\/Capa-Eventos-MedCof-Plus-14-3-696x249.png 696w, https:\/\/www.grupomedcof.com.br\/blog\/wp-content\/uploads\/2024\/08\/Capa-Eventos-MedCof-Plus-14-3-1068x382.png 1068w, https:\/\/www.grupomedcof.com.br\/blog\/wp-content\/uploads\/2024\/08\/Capa-Eventos-MedCof-Plus-14-3-1920x687.png 1920w\" sizes=\"auto, (max-width: 1024px) 100vw, 1024px\" \/><\/a><\/figure>\n\n\n\n<h2 class=\"wp-block-heading\" id=\"h-alerta-de-vacinacao-para-a-populacao-residente-em-regioes-fronteiricas\"><span class=\"ez-toc-section\" id=\"Alerta_de_vacinacao_para_a_populacao_residente_em_regioes_fronteiricas\"><\/span><strong>Alerta de vacina\u00e7\u00e3o para a popula\u00e7\u00e3o residente em regi\u00f5es<\/strong> <strong>fronteiri\u00e7as<\/strong><span class=\"ez-toc-section-end\"><\/span><\/h2>\n\n\n\n<p>O Minist\u00e9rio da Sa\u00fade, por interm\u00e9dio da Secretaria de Vigil\u00e2ncia em Sa\u00fade e Ambiente (SVSA) e do Departamento de Doen\u00e7as Transmiss\u00edveis (DEDT), alerta a necessidade e import\u00e2ncia da vacina\u00e7\u00e3o da popula\u00e7\u00e3o residente em regi\u00f5es fronteiri\u00e7as do Brasil, diante dos<strong> surtos de sarampo, rub\u00e9ola, coqueluche, influenza e covid-19 <\/strong>em v\u00e1rias regi\u00f5es da Europa, al\u00e9m do <strong>aumento de casos de meningites bacterianas no Brasil.<\/strong> Assim, a vacina\u00e7\u00e3o em regi\u00f5es de fronteiras visa garantir a assist\u00eancia integral \u00e0 sa\u00fade das pessoas que transitam nesses territ\u00f3rios. <\/p>\n\n\n\n<h3 class=\"wp-block-heading\" id=\"h-algumas-doencas-imunopreveniveis-em-paises-de-fronteira-com-o-brasil\"><span class=\"ez-toc-section\" id=\"Algumas_doencas_imunopreveniveis_em_paises_de_fronteira_com_o_Brasil\"><\/span><strong>Algumas doen\u00e7as imunopreven\u00edveis em pa\u00edses de fronteira com o Brasil<\/strong><span class=\"ez-toc-section-end\"><\/span><\/h3>\n\n\n\n<h4 class=\"wp-block-heading\" id=\"h-sarampo\"><strong>Sarampo<\/strong><\/h4>\n\n\n\n<p>O sarampo, uma doen\u00e7a viral infecciosa aguda, foi reintroduzido no Brasil em 2018, ap\u00f3s surto na Venezuela, um pa\u00eds vizinho. Isso ocorreu devido a entrada de venezuelanos doentes no territ\u00f3rio brasileiro, associados \u00e0s baixas coberturas da vacina tr\u00edplice viral no pa\u00eds. Assim, o v\u00edrus espalhou-se gerando novas cadeias de transmiss\u00e3o culminando na perda da certifica\u00e7\u00e3o de elimina\u00e7\u00e3o do v\u00edrus em 2019.<\/p>\n\n\n\n<h4 class=\"wp-block-heading\" id=\"h-coqueluche\"><strong>Coqueluche<\/strong><\/h4>\n\n\n\n<p>No Brasil, em 2023, a coqueluche, conhecida como tosse comprida, registrou 247 casos confirmados, e em 2024, entre janeiro e 29 de junho, registrou 339 casos em 13 estados brasileiros, dos quais: <strong>194 em S\u00e3o Paulo, 35 em Minas Gerais, 13 no Rio de Janeiro, 11 em Pernambuco, 09 no Distrito Federal e 07 em Goi\u00e1s<\/strong>. Nos estados fronteiri\u00e7os, um caso teve confirma\u00e7\u00e3o no Amazonas, um em Rond\u00f4nia, 02 no Mato Grosso, 12 no Rio Grande do Sul, 14 em Santa Catarina e 36 no Paran\u00e1. <\/p>\n\n\n\n<p>Sendo assim, o Departamento do Programa Nacional de Imuniza\u00e7\u00f5es (DPNI\/SVSA\/MS) publicou a <strong>Nota T\u00e9cnica Conjunta n\u00ba 70\/2024-DPNI\/SVSA\/MS<\/strong>, considerando o alerta sobre o aumento global de casos de coqueluche e recomendando o fortalecimento das a\u00e7\u00f5es de vigil\u00e2ncia epidemiol\u00f3gica da doen\u00e7a no Brasil e amplia\u00e7\u00e3o da recomenda\u00e7\u00e3o de uso, em car\u00e1ter excepcional, da vacina DTPA. <\/p>\n\n\n\n<h4 class=\"wp-block-heading\" id=\"h-meningite\"><strong>Meningite<\/strong><\/h4>\n\n\n\n<p>No Brasil, a meningite \u00e9 considerada uma doen\u00e7a end\u00eamica, com casos esperados ao longo de todo o ano e ocorr\u00eancia de surtos espor\u00e1dicos. Apesar da maioria dos casos de meningite serem de origem viral, estes casos s\u00e3o menos graves. J\u00e1 a meningite bacteriana,  \u00e9 extremamente grave. <\/p>\n\n\n\n<p>Em 2023, 16.437 casos de meningite foram notificados e confirmados no pa\u00eds, sendo a maioria de origem viral. Al\u00e9m disso, os resultados da avalia\u00e7\u00e3o de risco revelaram que os pa\u00edses com<strong> maior risco foram<\/strong> <strong>Haiti, Rep\u00fablica Dominicana, Guatemala, Bol\u00edvia, Honduras, Venezuela e Paraguai,<\/strong> enquanto <strong>Brasil e Argentina foram classificados com risco intermedi\u00e1rio.<\/strong> Ou seja, <strong>pa\u00edses fronteiri\u00e7os com o Brasil<\/strong>, como Paraguai e Bol\u00edvia, est\u00e3o entre os mais vulner\u00e1veis \u00e0 meningite. Essas regi\u00f5es compartilham n\u00e3o apenas fronteiras geogr\u00e1ficas, mas tamb\u00e9m <strong>desafios comuns em sa\u00fade p\u00fablica, como acesso limitado a servi\u00e7os de sa\u00fade e varia\u00e7\u00f5es na cobertura vacinal.<\/strong><\/p>\n\n\n\n<h3 class=\"wp-block-heading\" id=\"h-a-vacinacao-no-brasil\"><span class=\"ez-toc-section\" id=\"A_vacinacao_no_Brasil\"><\/span><strong>A vacina\u00e7\u00e3o no Brasil<\/strong><span class=\"ez-toc-section-end\"><\/span><\/h3>\n\n\n\n<p>Devido o aumento de casos dessas doen\u00e7as no mundo todo, o Minist\u00e9rio da Sa\u00fade ressalta \u00e0 popula\u00e7\u00e3o residente em regi\u00f5es de fronteiri\u00e7as do Brasil, a import\u00e2ncia da atualiza\u00e7\u00e3o da situa\u00e7\u00e3o vacinal, em conformidade \u00e0s recomenda\u00e7\u00f5es do Calend\u00e1rio Nacional de Vacina\u00e7\u00e3o.<\/p>\n\n\n\n<h4 class=\"wp-block-heading\" id=\"h-vacinacao-contra-o-sarampo-e-a-rubeola\"><strong>Vacina\u00e7\u00e3o contra o sarampo e a rub\u00e9ola<\/strong><\/h4>\n\n\n\n<p>Possui indica\u00e7\u00e3o de duas doses de vacina para pessoas de 12 meses a 29 anos. Al\u00e9m disso, uma dose tr\u00edplice viral para pessoas de 30 a 59 anos.<\/p>\n\n\n\n<h4 class=\"wp-block-heading\" id=\"h-vacinacao-contra-as-meningites\"><strong>Vacina\u00e7\u00e3o contra as meningites<\/strong><\/h4>\n\n\n\n<p>O calend\u00e1rio de vacina\u00e7\u00e3o do pa\u00eds contempla as seguintes vacinas contra a <strong>meningite: <\/strong>BCG; vacina adsorvida difteria, t\u00e9tano, pertussis, hepatite B (recombinante) e Haemophilus influenzae B (Penta); vacina pneumoc\u00f3cica 10-valente (Conjugada); vacina meningoc\u00f3cica C (Conjugada) e vacina meningoc\u00f3cica ACWY (Conjugada).<\/p>\n\n\n\n<h4 class=\"wp-block-heading\" id=\"h-vacinacao-contra-influenza\"><strong>Vacina\u00e7\u00e3o contra influenza<\/strong><\/h4>\n\n\n\n<p>Realizada anualmente, a Campanha de Vacina\u00e7\u00e3o contra a Influenza \u00e9 a melhor estrat\u00e9gia de preven\u00e7\u00e3o adotada contra o v\u00edrus. No entanto, como a vacina\u00e7\u00e3o teve amplia\u00e7\u00e3o para toda a popula\u00e7\u00e3o a partir de 6 meses de idade n\u00e3o vacinada, conforme<strong> Of\u00edcio N\u00ba 1008\/2024\/SVSA\/MS,<\/strong> recomenda-se que as Unidades Federadas (UF) continuem vacinando enquanto durarem os estoques da vacina influenza nos servi\u00e7os de sa\u00fade.<\/p>\n\n\n\n<h4 class=\"wp-block-heading\" id=\"h-vacinacao-contra-a-febre-amarela\"><strong>Vacina\u00e7\u00e3o contra a febre amarela<\/strong><\/h4>\n\n\n\n<p>A vacina\u00e7\u00e3o contra a febre amarela tem indica\u00e7\u00e3o para pessoas entre nove meses de vida a  59 anos de idade. Por\u00e9m, A VFA est\u00e1 contraindicada para as gestantes. No entanto, na impossibilidade de adiar a vacina\u00e7\u00e3o, como em situa\u00e7\u00f5es de emerg\u00eancia epidemiol\u00f3gica, vig\u00eancia de surtos ou epidemias, o servi\u00e7o de sa\u00fade dever\u00e1 avaliar o risco X benef\u00edcio da vacina\u00e7\u00e3o.<\/p>\n\n\n\n<p>Sendo assim, confira o arquivo completo para mais informa\u00e7\u00f5es: <\/p>\n\n\n\n<div class=\"wp-block-buttons is-content-justification-center is-layout-flex wp-container-core-buttons-is-layout-16018d1d wp-block-buttons-is-layout-flex\">\n<div class=\"wp-block-button\"><a class=\"wp-block-button__link wp-element-button\" href=\"https:\/\/www.gov.br\/saude\/pt-br\/centrais-de-conteudo\/publicacoes\/notas-tecnicas\/2024\/nota-tecnica-conjunta-no-114-2024-dpni-dedt-svsa-ms\">Nota t\u00e9cnica N\u00ba 114\/2024<\/a><\/div>\n<\/div>\n\n\n\n<h2 class=\"wp-block-heading\" id=\"h-monitoramento-das-estrategias-de-vacinacao-em-municipios-com-populacao-indigena\"><span class=\"ez-toc-section\" id=\"Monitoramento_das_Estrategias_de_Vacinacao_em_municipios_com_populacao_indigena\"><\/span><strong>Monitoramento das Estrat\u00e9gias de Vacina\u00e7\u00e3o em munic\u00edpios com popula\u00e7\u00e3o ind\u00edgena<\/strong><span class=\"ez-toc-section-end\"><\/span><\/h2>\n\n\n\n<p>O <a href=\"https:\/\/www.gov.br\/saude\/pt-br\/centrais-de-conteudo\/publicacoes\/notas-tecnicas\/2024\/nota-tecnica-conjunta-no-102-2024-cgici-dpni-svsa-ms.pdf\" target=\"_blank\" rel=\"noreferrer noopener\">Monitoramento das Estrat\u00e9gias de Vacina\u00e7\u00e3o<\/a> (MEV) foi adotado pela Secretaria de Vigil\u00e2ncia em Sa\u00fade e Ambiente, como umas das estrat\u00e9gias para avaliar a situa\u00e7\u00e3o vacinal das crian\u00e7as menores de 5 anos de idade contra a poliomielite e o sarampo. <\/p>\n\n\n\n<p>Sendo assim, sabe-se que o Brasil agrupa um conjunto de diversidades demogr\u00e1ficas, \u00e9tnicas, raciais e culturais que desafiam o planejamento e a organiza\u00e7\u00e3o das equipes de sa\u00fade para executar as estrat\u00e9gias de vacina\u00e7\u00e3o na totalidade da sua extens\u00e3o. Assim, no contexto da MEV, <strong>a nota t\u00e9cnica<\/strong> lan\u00e7ada apresenta <strong>orienta\u00e7\u00f5es para a realiza\u00e7\u00e3o coordenada das a\u00e7\u00f5es do monitoramento estrat\u00e9giconos munic\u00edpios com popula\u00e7\u00e3o ind\u00edgena aldeada. <\/strong><\/p>\n\n\n\n<h3 class=\"wp-block-heading\" id=\"h-amostragem-e-setorizacao\"><span class=\"ez-toc-section\" id=\"Amostragem_e_setorizacao\"><\/span><strong>Amostragem e setoriza\u00e7\u00e3o<\/strong><span class=\"ez-toc-section-end\"><\/span><\/h3>\n\n\n\n<p>O c\u00e1lculo da <strong>amostra<\/strong> do p\u00fablico-alvo monitorado, considera todas as salas de vacina p\u00fablica e ativas de um munic\u00edpio incluindo as salas de vacina do territ\u00f3rio ind\u00edgena ou UBSI ou polo base de refer\u00eancia da equipe de vacinadores da sa\u00fade ind\u00edgena. Para o MEV, o grupo-alvo s\u00e3o as crian\u00e7as de &gt;= 6 meses a menores de 5 anos de idade (4 anos 11 meses e 29 dias). Assim, a quantidade de crian\u00e7as avaliadas depender\u00e1 do tamanho da popula\u00e7\u00e3o-alvo e do n\u00famero de salas de vacina p\u00fablicas e ativas no munic\u00edpio, e o quantitativo populacional de ind\u00edgenas aldeados atendidos multidisciplinares de sa\u00fade ind\u00edgena dos Distritos Sanit\u00e1rios Especiais Ind\u00edgenas (Dsei), ou seja, n\u00e3o existem c\u00e1lculos distintos para a popula\u00e7\u00e3o ind\u00edgena aldeada e para os demais mun\u00edcipios.<\/p>\n\n\n\n<p>Para a<strong> setoriza\u00e7\u00e3o<\/strong> no MEV, as equipes devem monitorar o p\u00fablico alvo em toda a extens\u00e3o territorial do munic\u00edpio, dividindo o quantitativo de crian\u00e7as por setor, a partir da realidade de cada territ\u00f3rio: densidade demogr\u00e1fica de cada \u00e1rea a ser monitorada, dispers\u00e3o e organiza\u00e7\u00e3o populacional, tamanho e perfil da comunidade e, indispensavelmente, a exist\u00eancia ou n\u00e3o de popula\u00e7\u00e3o ind\u00edgena aldeada no munic\u00edpio. <\/p>\n\n\n\n<p>Ademais, a setoriza\u00e7\u00e3o do territ\u00f3rio ind\u00edgena <strong>levar\u00e1 em considera\u00e7\u00e3o o quantitativo de aldeias atendidas de cada sala de vacina,<\/strong> <strong>UBSI ou Polo base<\/strong>, de modo que se consiga atingir o total de crian\u00e7as obtidas durante o planejamento.<\/p>\n\n\n\n<h2 class=\"wp-block-heading\" id=\"h-o-metodo-que-te-aprova\"><span class=\"ez-toc-section\" id=\"O_metodo_que_te_aprova\"><\/span><strong>O m\u00e9todo que te aprova! <\/strong><span class=\"ez-toc-section-end\"><\/span><\/h2>\n\n\n\n<p>Quer alcan\u00e7ar a aprova\u00e7\u00e3o nas provas de resid\u00eancia m\u00e9dica? Ent\u00e3o seja um&nbsp;<a href=\"https:\/\/www.grupomedcof.com.br\/home\/\" target=\"_blank\" rel=\"noreferrer noopener\">MedCoffer<\/a>! Aqui possu\u00edmos uma <strong><a href=\"https:\/\/www.grupomedcof.com.br\/blog\/presenca-da-medcof-nas-aprovacoes-em-residencia-medica-no-brasil\/\">metodologia que j\u00e1 aprovou mais de 10 mil residentes no pa\u00eds!<\/a><\/strong> Por fim, acesse o nosso<a href=\"https:\/\/www.youtube.com\/@GrupoMedcof\/featured\" target=\"_blank\" rel=\"noreferrer noopener\">&nbsp;<strong>canal do youtube&nbsp;<\/strong><\/a>para ver o nosso material de revis\u00e3o e corre\u00e7\u00e3o.<\/p>\n","protected":false},"excerpt":{"rendered":"<p> E em meio a isso, o Minist\u00e9rio da Sa\u00fade lan\u00e7ou tr\u00eas notas t\u00e9cnicas sobre vacina\u00e7\u00e3o. Confira o post para saber mais!<\/p>\n","protected":false},"author":20,"featured_media":28321,"comment_status":"open","ping_status":"open","sticky":false,"template":"","format":"standard","meta":{"footnotes":""},"categories":[173],"tags":[1724,1725,1565,1563,1209,235,68,64,975],"ppma_author":[3616],"class_list":{"0":"post-28298","1":"post","2":"type-post","3":"status-publish","4":"format-standard","5":"has-post-thumbnail","7":"category-novidades","8":"tag-coqueluche","9":"tag-covid-19","10":"tag-febre-amarela","11":"tag-influenza","12":"tag-meningite","13":"tag-ministerio-da-saude","14":"tag-residencia-medica","15":"tag-sarampo","16":"tag-vacinacao"},"yoast_head":"<!-- This site is optimized with the Yoast SEO Premium plugin v24.3 (Yoast SEO v27.4) - https:\/\/yoast.com\/product\/yoast-seo-premium-wordpress\/ -->\n<title>50 Anos do PNI: 3 Notas T\u00e9cnicas do Minist\u00e9rio | MedCof<\/title>\n<meta name=\"description\" content=\"E em meio a isso, o Minist\u00e9rio da Sa\u00fade lan\u00e7ou tr\u00eas notas t\u00e9cnicas sobre vacina\u00e7\u00e3o. Confira o post para saber mais!\" \/>\n<meta name=\"robots\" content=\"index, follow, max-snippet:-1, max-image-preview:large, max-video-preview:-1\" \/>\n<link rel=\"canonical\" href=\"https:\/\/www.grupomedcof.com.br\/blog\/pni-ministerio-da-saude\/\" \/>\n<meta property=\"og:locale\" content=\"pt_BR\" \/>\n<meta property=\"og:type\" content=\"article\" \/>\n<meta property=\"og:title\" content=\"Em meio a comemora\u00e7\u00e3o dos 50 anos do PNI, Minist\u00e9rio da Sa\u00fade lan\u00e7a tr\u00eas notas t\u00e9cnicas\" \/>\n<meta property=\"og:description\" content=\"E em meio a isso, o Minist\u00e9rio da Sa\u00fade lan\u00e7ou tr\u00eas notas t\u00e9cnicas sobre vacina\u00e7\u00e3o. Confira o post para saber mais!\" \/>\n<meta property=\"og:url\" content=\"https:\/\/www.grupomedcof.com.br\/blog\/pni-ministerio-da-saude\/\" \/>\n<meta property=\"og:site_name\" content=\"Blog de Medcof: conte\u00fados, editais, revalida e mais!\" \/>\n<meta property=\"article:publisher\" content=\"https:\/\/www.facebook.com\/MedCofQbank\/\" \/>\n<meta property=\"article:published_time\" content=\"2024-08-01T18:39:22+00:00\" \/>\n<meta property=\"article:modified_time\" content=\"2026-04-24T14:58:30+00:00\" \/>\n<meta property=\"og:image\" content=\"https:\/\/www.grupomedcof.com.br\/blog\/wp-content\/uploads\/2024\/08\/Blog-MedCof-77-1024x576.png\" \/>\n\t<meta property=\"og:image:width\" content=\"1024\" \/>\n\t<meta property=\"og:image:height\" content=\"576\" \/>\n\t<meta property=\"og:image:type\" content=\"image\/png\" \/>\n<meta name=\"author\" content=\"Leila Menzel\" \/>\n<meta name=\"twitter:card\" content=\"summary_large_image\" \/>\n<meta name=\"twitter:label1\" content=\"Escrito por\" \/>\n\t<meta name=\"twitter:data1\" content=\"Leila Menzel\" \/>\n\t<meta name=\"twitter:label2\" content=\"Est. tempo de leitura\" \/>\n\t<meta name=\"twitter:data2\" content=\"9 minutos\" \/>\n<script type=\"application\/ld+json\" class=\"yoast-schema-graph\">{\"@context\":\"https:\\\/\\\/schema.org\",\"@graph\":[{\"@type\":\"Article\",\"@id\":\"https:\\\/\\\/www.grupomedcof.com.br\\\/blog\\\/pni-ministerio-da-saude\\\/#article\",\"isPartOf\":{\"@id\":\"https:\\\/\\\/www.grupomedcof.com.br\\\/blog\\\/pni-ministerio-da-saude\\\/\"},\"author\":{\"name\":\"Leila Menzel\",\"@id\":\"https:\\\/\\\/www.grupomedcof.com.br\\\/blog\\\/#\\\/schema\\\/person\\\/9a44c2184a836bf5ae6967fdb3a1451e\"},\"headline\":\"Em meio a comemora\u00e7\u00e3o dos 50 anos do PNI, Minist\u00e9rio da Sa\u00fade lan\u00e7a tr\u00eas notas t\u00e9cnicas\",\"datePublished\":\"2024-08-01T18:39:22+00:00\",\"dateModified\":\"2026-04-24T14:58:30+00:00\",\"mainEntityOfPage\":{\"@id\":\"https:\\\/\\\/www.grupomedcof.com.br\\\/blog\\\/pni-ministerio-da-saude\\\/\"},\"wordCount\":1753,\"commentCount\":0,\"publisher\":{\"@id\":\"https:\\\/\\\/www.grupomedcof.com.br\\\/blog\\\/#organization\"},\"image\":{\"@id\":\"https:\\\/\\\/www.grupomedcof.com.br\\\/blog\\\/pni-ministerio-da-saude\\\/#primaryimage\"},\"thumbnailUrl\":\"https:\\\/\\\/www.grupomedcof.com.br\\\/blog\\\/wp-content\\\/uploads\\\/2024\\\/08\\\/Blog-MedCof-77.png\",\"keywords\":[\"Coqueluche\",\"COVID-19\",\"Febre Amarela\",\"Influenza\",\"meningite\",\"Minist\u00e9rio da Sa\u00fade\",\"Resid\u00eancia M\u00e9dica\",\"Sarampo\",\"vacina\u00e7\u00e3o\"],\"articleSection\":[\"Novidades\"],\"inLanguage\":\"pt-BR\"},{\"@type\":\"WebPage\",\"@id\":\"https:\\\/\\\/www.grupomedcof.com.br\\\/blog\\\/pni-ministerio-da-saude\\\/\",\"url\":\"https:\\\/\\\/www.grupomedcof.com.br\\\/blog\\\/pni-ministerio-da-saude\\\/\",\"name\":\"50 Anos do PNI: 3 Notas T\u00e9cnicas do Minist\u00e9rio | MedCof\",\"isPartOf\":{\"@id\":\"https:\\\/\\\/www.grupomedcof.com.br\\\/blog\\\/#website\"},\"primaryImageOfPage\":{\"@id\":\"https:\\\/\\\/www.grupomedcof.com.br\\\/blog\\\/pni-ministerio-da-saude\\\/#primaryimage\"},\"image\":{\"@id\":\"https:\\\/\\\/www.grupomedcof.com.br\\\/blog\\\/pni-ministerio-da-saude\\\/#primaryimage\"},\"thumbnailUrl\":\"https:\\\/\\\/www.grupomedcof.com.br\\\/blog\\\/wp-content\\\/uploads\\\/2024\\\/08\\\/Blog-MedCof-77.png\",\"datePublished\":\"2024-08-01T18:39:22+00:00\",\"dateModified\":\"2026-04-24T14:58:30+00:00\",\"description\":\"E em meio a isso, o Minist\u00e9rio da Sa\u00fade lan\u00e7ou tr\u00eas notas t\u00e9cnicas sobre vacina\u00e7\u00e3o. Confira o post para saber mais!\",\"breadcrumb\":{\"@id\":\"https:\\\/\\\/www.grupomedcof.com.br\\\/blog\\\/pni-ministerio-da-saude\\\/#breadcrumb\"},\"inLanguage\":\"pt-BR\",\"potentialAction\":[{\"@type\":\"ReadAction\",\"target\":[\"https:\\\/\\\/www.grupomedcof.com.br\\\/blog\\\/pni-ministerio-da-saude\\\/\"]}]},{\"@type\":\"ImageObject\",\"inLanguage\":\"pt-BR\",\"@id\":\"https:\\\/\\\/www.grupomedcof.com.br\\\/blog\\\/pni-ministerio-da-saude\\\/#primaryimage\",\"url\":\"https:\\\/\\\/www.grupomedcof.com.br\\\/blog\\\/wp-content\\\/uploads\\\/2024\\\/08\\\/Blog-MedCof-77.png\",\"contentUrl\":\"https:\\\/\\\/www.grupomedcof.com.br\\\/blog\\\/wp-content\\\/uploads\\\/2024\\\/08\\\/Blog-MedCof-77.png\",\"width\":2560,\"height\":1440},{\"@type\":\"BreadcrumbList\",\"@id\":\"https:\\\/\\\/www.grupomedcof.com.br\\\/blog\\\/pni-ministerio-da-saude\\\/#breadcrumb\",\"itemListElement\":[{\"@type\":\"ListItem\",\"position\":1,\"name\":\"In\u00edcio\",\"item\":\"https:\\\/\\\/www.grupomedcof.com.br\\\/blog\\\/\"},{\"@type\":\"ListItem\",\"position\":2,\"name\":\"Em meio a comemora\u00e7\u00e3o dos 50 anos do PNI, Minist\u00e9rio da Sa\u00fade lan\u00e7a tr\u00eas notas t\u00e9cnicas\"}]},{\"@type\":\"WebSite\",\"@id\":\"https:\\\/\\\/www.grupomedcof.com.br\\\/blog\\\/#website\",\"url\":\"https:\\\/\\\/www.grupomedcof.com.br\\\/blog\\\/\",\"name\":\"Blog de Medcof: conte\u00fados, editais, revalida e mais!\",\"description\":\"Acesso o blog de MedCof! Seu portal de conte\u00fados sobre resid\u00eancia m\u00e9dica, an\u00e1lise e editais e muito mais. Clique e confira!\",\"publisher\":{\"@id\":\"https:\\\/\\\/www.grupomedcof.com.br\\\/blog\\\/#organization\"},\"alternateName\":\"Blog de Medcof: conte\u00fados, editais, revalida e mais!\",\"potentialAction\":[{\"@type\":\"SearchAction\",\"target\":{\"@type\":\"EntryPoint\",\"urlTemplate\":\"https:\\\/\\\/www.grupomedcof.com.br\\\/blog\\\/?s={search_term_string}\"},\"query-input\":{\"@type\":\"PropertyValueSpecification\",\"valueRequired\":true,\"valueName\":\"search_term_string\"}}],\"inLanguage\":\"pt-BR\"},{\"@type\":\"Organization\",\"@id\":\"https:\\\/\\\/www.grupomedcof.com.br\\\/blog\\\/#organization\",\"name\":\"Grupo MedCof\",\"url\":\"https:\\\/\\\/www.grupomedcof.com.br\\\/blog\\\/\",\"logo\":{\"@type\":\"ImageObject\",\"inLanguage\":\"pt-BR\",\"@id\":\"https:\\\/\\\/www.grupomedcof.com.br\\\/blog\\\/#\\\/schema\\\/logo\\\/image\\\/\",\"url\":\"https:\\\/\\\/www.grupomedcof.com.br\\\/blog\\\/wp-content\\\/uploads\\\/2022\\\/01\\\/logo-medcof.png\",\"contentUrl\":\"https:\\\/\\\/www.grupomedcof.com.br\\\/blog\\\/wp-content\\\/uploads\\\/2022\\\/01\\\/logo-medcof.png\",\"width\":768,\"height\":269,\"caption\":\"Grupo MedCof\"},\"image\":{\"@id\":\"https:\\\/\\\/www.grupomedcof.com.br\\\/blog\\\/#\\\/schema\\\/logo\\\/image\\\/\"},\"sameAs\":[\"https:\\\/\\\/www.facebook.com\\\/MedCofQbank\\\/\",\"https:\\\/\\\/www.instagram.com\\\/grupomedcof\\\/\",\"https:\\\/\\\/br.linkedin.com\\\/company\\\/medcof\",\"https:\\\/\\\/www.youtube.com\\\/channel\\\/UCdHMuOHKICxcHwecxN8P-AA\"]},{\"@type\":\"Person\",\"@id\":\"https:\\\/\\\/www.grupomedcof.com.br\\\/blog\\\/#\\\/schema\\\/person\\\/9a44c2184a836bf5ae6967fdb3a1451e\",\"name\":\"Leila Menzel\",\"image\":{\"@type\":\"ImageObject\",\"inLanguage\":\"pt-BR\",\"@id\":\"https:\\\/\\\/www.grupomedcof.com.br\\\/blog\\\/wp-content\\\/uploads\\\/2025\\\/09\\\/cropped-eu-96x96.jpeg19a74936d997c0a8b3031618467fa1d0\",\"url\":\"https:\\\/\\\/www.grupomedcof.com.br\\\/blog\\\/wp-content\\\/uploads\\\/2025\\\/09\\\/cropped-eu-96x96.jpeg\",\"contentUrl\":\"https:\\\/\\\/www.grupomedcof.com.br\\\/blog\\\/wp-content\\\/uploads\\\/2025\\\/09\\\/cropped-eu-96x96.jpeg\",\"caption\":\"Leila Menzel\"},\"description\":\"Estudante do 6\u00b0 semestre de jornalismo, amo e escrevo poesias e viajo em livros de romances clich\u00eas.\",\"url\":\"https:\\\/\\\/www.grupomedcof.com.br\\\/blog\\\/author\\\/leila-menzel\\\/\"}]}<\/script>\n<!-- \/ Yoast SEO Premium plugin. -->","yoast_head_json":{"title":"50 Anos do PNI: 3 Notas T\u00e9cnicas do Minist\u00e9rio | MedCof","description":"E em meio a isso, o Minist\u00e9rio da Sa\u00fade lan\u00e7ou tr\u00eas notas t\u00e9cnicas sobre vacina\u00e7\u00e3o. Confira o post para saber mais!","robots":{"index":"index","follow":"follow","max-snippet":"max-snippet:-1","max-image-preview":"max-image-preview:large","max-video-preview":"max-video-preview:-1"},"canonical":"https:\/\/www.grupomedcof.com.br\/blog\/pni-ministerio-da-saude\/","og_locale":"pt_BR","og_type":"article","og_title":"Em meio a comemora\u00e7\u00e3o dos 50 anos do PNI, Minist\u00e9rio da Sa\u00fade lan\u00e7a tr\u00eas notas t\u00e9cnicas","og_description":"E em meio a isso, o Minist\u00e9rio da Sa\u00fade lan\u00e7ou tr\u00eas notas t\u00e9cnicas sobre vacina\u00e7\u00e3o. Confira o post para saber mais!","og_url":"https:\/\/www.grupomedcof.com.br\/blog\/pni-ministerio-da-saude\/","og_site_name":"Blog de Medcof: conte\u00fados, editais, revalida e mais!","article_publisher":"https:\/\/www.facebook.com\/MedCofQbank\/","article_published_time":"2024-08-01T18:39:22+00:00","article_modified_time":"2026-04-24T14:58:30+00:00","og_image":[{"width":1024,"height":576,"url":"https:\/\/www.grupomedcof.com.br\/blog\/wp-content\/uploads\/2024\/08\/Blog-MedCof-77-1024x576.png","type":"image\/png"}],"author":"Leila Menzel","twitter_card":"summary_large_image","twitter_misc":{"Escrito por":"Leila Menzel","Est. tempo de leitura":"9 minutos"},"schema":{"@context":"https:\/\/schema.org","@graph":[{"@type":"Article","@id":"https:\/\/www.grupomedcof.com.br\/blog\/pni-ministerio-da-saude\/#article","isPartOf":{"@id":"https:\/\/www.grupomedcof.com.br\/blog\/pni-ministerio-da-saude\/"},"author":{"name":"Leila Menzel","@id":"https:\/\/www.grupomedcof.com.br\/blog\/#\/schema\/person\/9a44c2184a836bf5ae6967fdb3a1451e"},"headline":"Em meio a comemora\u00e7\u00e3o dos 50 anos do PNI, Minist\u00e9rio da Sa\u00fade lan\u00e7a tr\u00eas notas t\u00e9cnicas","datePublished":"2024-08-01T18:39:22+00:00","dateModified":"2026-04-24T14:58:30+00:00","mainEntityOfPage":{"@id":"https:\/\/www.grupomedcof.com.br\/blog\/pni-ministerio-da-saude\/"},"wordCount":1753,"commentCount":0,"publisher":{"@id":"https:\/\/www.grupomedcof.com.br\/blog\/#organization"},"image":{"@id":"https:\/\/www.grupomedcof.com.br\/blog\/pni-ministerio-da-saude\/#primaryimage"},"thumbnailUrl":"https:\/\/www.grupomedcof.com.br\/blog\/wp-content\/uploads\/2024\/08\/Blog-MedCof-77.png","keywords":["Coqueluche","COVID-19","Febre Amarela","Influenza","meningite","Minist\u00e9rio da Sa\u00fade","Resid\u00eancia M\u00e9dica","Sarampo","vacina\u00e7\u00e3o"],"articleSection":["Novidades"],"inLanguage":"pt-BR"},{"@type":"WebPage","@id":"https:\/\/www.grupomedcof.com.br\/blog\/pni-ministerio-da-saude\/","url":"https:\/\/www.grupomedcof.com.br\/blog\/pni-ministerio-da-saude\/","name":"50 Anos do PNI: 3 Notas T\u00e9cnicas do Minist\u00e9rio | MedCof","isPartOf":{"@id":"https:\/\/www.grupomedcof.com.br\/blog\/#website"},"primaryImageOfPage":{"@id":"https:\/\/www.grupomedcof.com.br\/blog\/pni-ministerio-da-saude\/#primaryimage"},"image":{"@id":"https:\/\/www.grupomedcof.com.br\/blog\/pni-ministerio-da-saude\/#primaryimage"},"thumbnailUrl":"https:\/\/www.grupomedcof.com.br\/blog\/wp-content\/uploads\/2024\/08\/Blog-MedCof-77.png","datePublished":"2024-08-01T18:39:22+00:00","dateModified":"2026-04-24T14:58:30+00:00","description":"E em meio a isso, o Minist\u00e9rio da Sa\u00fade lan\u00e7ou tr\u00eas notas t\u00e9cnicas sobre vacina\u00e7\u00e3o. Confira o post para saber mais!","breadcrumb":{"@id":"https:\/\/www.grupomedcof.com.br\/blog\/pni-ministerio-da-saude\/#breadcrumb"},"inLanguage":"pt-BR","potentialAction":[{"@type":"ReadAction","target":["https:\/\/www.grupomedcof.com.br\/blog\/pni-ministerio-da-saude\/"]}]},{"@type":"ImageObject","inLanguage":"pt-BR","@id":"https:\/\/www.grupomedcof.com.br\/blog\/pni-ministerio-da-saude\/#primaryimage","url":"https:\/\/www.grupomedcof.com.br\/blog\/wp-content\/uploads\/2024\/08\/Blog-MedCof-77.png","contentUrl":"https:\/\/www.grupomedcof.com.br\/blog\/wp-content\/uploads\/2024\/08\/Blog-MedCof-77.png","width":2560,"height":1440},{"@type":"BreadcrumbList","@id":"https:\/\/www.grupomedcof.com.br\/blog\/pni-ministerio-da-saude\/#breadcrumb","itemListElement":[{"@type":"ListItem","position":1,"name":"In\u00edcio","item":"https:\/\/www.grupomedcof.com.br\/blog\/"},{"@type":"ListItem","position":2,"name":"Em meio a comemora\u00e7\u00e3o dos 50 anos do PNI, Minist\u00e9rio da Sa\u00fade lan\u00e7a tr\u00eas notas t\u00e9cnicas"}]},{"@type":"WebSite","@id":"https:\/\/www.grupomedcof.com.br\/blog\/#website","url":"https:\/\/www.grupomedcof.com.br\/blog\/","name":"Blog de Medcof: conte\u00fados, editais, revalida e mais!","description":"Acesso o blog de MedCof! Seu portal de conte\u00fados sobre resid\u00eancia m\u00e9dica, an\u00e1lise e editais e muito mais. Clique e confira!","publisher":{"@id":"https:\/\/www.grupomedcof.com.br\/blog\/#organization"},"alternateName":"Blog de Medcof: conte\u00fados, editais, revalida e mais!","potentialAction":[{"@type":"SearchAction","target":{"@type":"EntryPoint","urlTemplate":"https:\/\/www.grupomedcof.com.br\/blog\/?s={search_term_string}"},"query-input":{"@type":"PropertyValueSpecification","valueRequired":true,"valueName":"search_term_string"}}],"inLanguage":"pt-BR"},{"@type":"Organization","@id":"https:\/\/www.grupomedcof.com.br\/blog\/#organization","name":"Grupo MedCof","url":"https:\/\/www.grupomedcof.com.br\/blog\/","logo":{"@type":"ImageObject","inLanguage":"pt-BR","@id":"https:\/\/www.grupomedcof.com.br\/blog\/#\/schema\/logo\/image\/","url":"https:\/\/www.grupomedcof.com.br\/blog\/wp-content\/uploads\/2022\/01\/logo-medcof.png","contentUrl":"https:\/\/www.grupomedcof.com.br\/blog\/wp-content\/uploads\/2022\/01\/logo-medcof.png","width":768,"height":269,"caption":"Grupo MedCof"},"image":{"@id":"https:\/\/www.grupomedcof.com.br\/blog\/#\/schema\/logo\/image\/"},"sameAs":["https:\/\/www.facebook.com\/MedCofQbank\/","https:\/\/www.instagram.com\/grupomedcof\/","https:\/\/br.linkedin.com\/company\/medcof","https:\/\/www.youtube.com\/channel\/UCdHMuOHKICxcHwecxN8P-AA"]},{"@type":"Person","@id":"https:\/\/www.grupomedcof.com.br\/blog\/#\/schema\/person\/9a44c2184a836bf5ae6967fdb3a1451e","name":"Leila Menzel","image":{"@type":"ImageObject","inLanguage":"pt-BR","@id":"https:\/\/www.grupomedcof.com.br\/blog\/wp-content\/uploads\/2025\/09\/cropped-eu-96x96.jpeg19a74936d997c0a8b3031618467fa1d0","url":"https:\/\/www.grupomedcof.com.br\/blog\/wp-content\/uploads\/2025\/09\/cropped-eu-96x96.jpeg","contentUrl":"https:\/\/www.grupomedcof.com.br\/blog\/wp-content\/uploads\/2025\/09\/cropped-eu-96x96.jpeg","caption":"Leila Menzel"},"description":"Estudante do 6\u00b0 semestre de jornalismo, amo e escrevo poesias e viajo em livros de romances clich\u00eas.","url":"https:\/\/www.grupomedcof.com.br\/blog\/author\/leila-menzel\/"}]}},"authors":[{"term_id":3616,"user_id":20,"is_guest":0,"slug":"leila-menzel","display_name":"Leila Menzel","avatar_url":"https:\/\/www.grupomedcof.com.br\/blog\/wp-content\/uploads\/2025\/09\/cropped-eu-96x96.jpeg","0":null,"1":"","2":"","3":"","4":"","5":"","6":"","7":"","8":""}],"_links":{"self":[{"href":"https:\/\/www.grupomedcof.com.br\/blog\/wp-json\/wp\/v2\/posts\/28298","targetHints":{"allow":["GET"]}}],"collection":[{"href":"https:\/\/www.grupomedcof.com.br\/blog\/wp-json\/wp\/v2\/posts"}],"about":[{"href":"https:\/\/www.grupomedcof.com.br\/blog\/wp-json\/wp\/v2\/types\/post"}],"author":[{"embeddable":true,"href":"https:\/\/www.grupomedcof.com.br\/blog\/wp-json\/wp\/v2\/users\/20"}],"replies":[{"embeddable":true,"href":"https:\/\/www.grupomedcof.com.br\/blog\/wp-json\/wp\/v2\/comments?post=28298"}],"version-history":[{"count":1,"href":"https:\/\/www.grupomedcof.com.br\/blog\/wp-json\/wp\/v2\/posts\/28298\/revisions"}],"predecessor-version":[{"id":43356,"href":"https:\/\/www.grupomedcof.com.br\/blog\/wp-json\/wp\/v2\/posts\/28298\/revisions\/43356"}],"wp:featuredmedia":[{"embeddable":true,"href":"https:\/\/www.grupomedcof.com.br\/blog\/wp-json\/wp\/v2\/media\/28321"}],"wp:attachment":[{"href":"https:\/\/www.grupomedcof.com.br\/blog\/wp-json\/wp\/v2\/media?parent=28298"}],"wp:term":[{"taxonomy":"category","embeddable":true,"href":"https:\/\/www.grupomedcof.com.br\/blog\/wp-json\/wp\/v2\/categories?post=28298"},{"taxonomy":"post_tag","embeddable":true,"href":"https:\/\/www.grupomedcof.com.br\/blog\/wp-json\/wp\/v2\/tags?post=28298"},{"taxonomy":"author","embeddable":true,"href":"https:\/\/www.grupomedcof.com.br\/blog\/wp-json\/wp\/v2\/ppma_author?post=28298"}],"curies":[{"name":"wp","href":"https:\/\/api.w.org\/{rel}","templated":true}]}}