{"id":28323,"date":"2024-08-02T11:50:40","date_gmt":"2024-08-02T14:50:40","guid":{"rendered":"https:\/\/www.grupomedcof.com.br\/blog\/?p=28323"},"modified":"2024-08-02T12:08:44","modified_gmt":"2024-08-02T15:08:44","slug":"grandes-marcos-da-vacinacao-no-brasil","status":"publish","type":"post","link":"https:\/\/www.grupomedcof.com.br\/blog\/grandes-marcos-da-vacinacao-no-brasil\/","title":{"rendered":"Grandes marcos da vacina\u00e7\u00e3o no Brasil"},"content":{"rendered":"<div id=\"ez-toc-container\" class=\"ez-toc-v2_0_74 counter-hierarchy ez-toc-counter ez-toc-transparent ez-toc-container-direction\">\n<div class=\"ez-toc-title-container\">\n<p class=\"ez-toc-title\" style=\"cursor:inherit\">Sum\u00e1rio<\/p>\n<span class=\"ez-toc-title-toggle\"><a href=\"#\" class=\"ez-toc-pull-right ez-toc-btn ez-toc-btn-xs ez-toc-btn-default ez-toc-toggle\" aria-label=\"Alternar tabela de conte\u00fado\"><span class=\"ez-toc-js-icon-con\"><span class=\"\"><span class=\"eztoc-hide\" style=\"display:none;\">Toggle<\/span><span class=\"ez-toc-icon-toggle-span\"><svg style=\"fill: #999;color:#999\" xmlns=\"http:\/\/www.w3.org\/2000\/svg\" class=\"list-377408\" width=\"20px\" height=\"20px\" viewBox=\"0 0 24 24\" fill=\"none\"><path d=\"M6 6H4v2h2V6zm14 0H8v2h12V6zM4 11h2v2H4v-2zm16 0H8v2h12v-2zM4 16h2v2H4v-2zm16 0H8v2h12v-2z\" fill=\"currentColor\"><\/path><\/svg><svg style=\"fill: #999;color:#999\" class=\"arrow-unsorted-368013\" xmlns=\"http:\/\/www.w3.org\/2000\/svg\" width=\"10px\" height=\"10px\" viewBox=\"0 0 24 24\" version=\"1.2\" baseProfile=\"tiny\"><path d=\"M18.2 9.3l-6.2-6.3-6.2 6.3c-.2.2-.3.4-.3.7s.1.5.3.7c.2.2.4.3.7.3h11c.3 0 .5-.1.7-.3.2-.2.3-.5.3-.7s-.1-.5-.3-.7zM5.8 14.7l6.2 6.3 6.2-6.3c.2-.2.3-.5.3-.7s-.1-.5-.3-.7c-.2-.2-.4-.3-.7-.3h-11c-.3 0-.5.1-.7.3-.2.2-.3.5-.3.7s.1.5.3.7z\"\/><\/svg><\/span><\/span><\/span><\/a><\/span><\/div>\n<nav><ul class='ez-toc-list ez-toc-list-level-1 ' ><li class='ez-toc-page-1 ez-toc-heading-level-2'><a class=\"ez-toc-link ez-toc-heading-1\" href=\"https:\/\/www.grupomedcof.com.br\/blog\/grandes-marcos-da-vacinacao-no-brasil\/#Vacinacao_no_Brasil\" >Vacina\u00e7\u00e3o no Brasil<\/a><ul class='ez-toc-list-level-3' ><li class='ez-toc-heading-level-3'><a class=\"ez-toc-link ez-toc-heading-2\" href=\"https:\/\/www.grupomedcof.com.br\/blog\/grandes-marcos-da-vacinacao-no-brasil\/#Criacao_da_vacina_contra_Variola\" >Cria\u00e7\u00e3o da vacina contra Var\u00edola<\/a><\/li><li class='ez-toc-page-1 ez-toc-heading-level-3'><a class=\"ez-toc-link ez-toc-heading-3\" href=\"https:\/\/www.grupomedcof.com.br\/blog\/grandes-marcos-da-vacinacao-no-brasil\/#Criacao_da_vacina_contra_febre_amarela\" >Cria\u00e7\u00e3o da vacina contra febre amarela<\/a><\/li><li class='ez-toc-page-1 ez-toc-heading-level-3'><a class=\"ez-toc-link ez-toc-heading-4\" href=\"https:\/\/www.grupomedcof.com.br\/blog\/grandes-marcos-da-vacinacao-no-brasil\/#Instituicoes_fundadas\" >Institui\u00e7\u00f5es fundadas<\/a><\/li><li class='ez-toc-page-1 ez-toc-heading-level-3'><a class=\"ez-toc-link ez-toc-heading-5\" href=\"https:\/\/www.grupomedcof.com.br\/blog\/grandes-marcos-da-vacinacao-no-brasil\/#A_revolta_da_vacina\" >A revolta da vacina<\/a><\/li><li class='ez-toc-page-1 ez-toc-heading-level-3'><a class=\"ez-toc-link ez-toc-heading-6\" href=\"https:\/\/www.grupomedcof.com.br\/blog\/grandes-marcos-da-vacinacao-no-brasil\/#Carlos_Chagas_e_a_direcao_da_instituicao\" >Carlos Chagas e a dire\u00e7\u00e3o da institui\u00e7\u00e3o<\/a><\/li><li class='ez-toc-page-1 ez-toc-heading-level-3'><a class=\"ez-toc-link ez-toc-heading-7\" href=\"https:\/\/www.grupomedcof.com.br\/blog\/grandes-marcos-da-vacinacao-no-brasil\/#Vacinacao_contra_a_tuberculose\" >Vacina\u00e7\u00e3o contra a tuberculose<\/a><\/li><li class='ez-toc-page-1 ez-toc-heading-level-3'><a class=\"ez-toc-link ez-toc-heading-8\" href=\"https:\/\/www.grupomedcof.com.br\/blog\/grandes-marcos-da-vacinacao-no-brasil\/#Febre_amarela_erradicada\" >Febre amarela erradicada<\/a><\/li><li class='ez-toc-page-1 ez-toc-heading-level-3'><a class=\"ez-toc-link ez-toc-heading-9\" href=\"https:\/\/www.grupomedcof.com.br\/blog\/grandes-marcos-da-vacinacao-no-brasil\/#Ministerio_da_Saude_no_Brasil\" >Minist\u00e9rio da Sa\u00fade no Brasil<\/a><\/li><li class='ez-toc-page-1 ez-toc-heading-level-3'><a class=\"ez-toc-link ez-toc-heading-10\" href=\"https:\/\/www.grupomedcof.com.br\/blog\/grandes-marcos-da-vacinacao-no-brasil\/#Campanha_contra_a_variola\" >Campanha contra a var\u00edola<\/a><\/li><li class='ez-toc-page-1 ez-toc-heading-level-3'><a class=\"ez-toc-link ez-toc-heading-11\" href=\"https:\/\/www.grupomedcof.com.br\/blog\/grandes-marcos-da-vacinacao-no-brasil\/#Campanha_contra_a_poliomelite\" >Campanha contra a poliomelite<\/a><\/li><li class='ez-toc-page-1 ez-toc-heading-level-3'><a class=\"ez-toc-link ez-toc-heading-12\" href=\"https:\/\/www.grupomedcof.com.br\/blog\/grandes-marcos-da-vacinacao-no-brasil\/#Criacao_do_PNI\" >Cria\u00e7\u00e3o do PNI<\/a><\/li><li class='ez-toc-page-1 ez-toc-heading-level-3'><a class=\"ez-toc-link ez-toc-heading-13\" href=\"https:\/\/www.grupomedcof.com.br\/blog\/grandes-marcos-da-vacinacao-no-brasil\/#Vacinas_obrigatorias_para_o_primeiro_ano_de_vida\" >Vacinas obrigat\u00f3rias para o primeiro ano de vida<\/a><\/li><li class='ez-toc-page-1 ez-toc-heading-level-3'><a class=\"ez-toc-link ez-toc-heading-14\" href=\"https:\/\/www.grupomedcof.com.br\/blog\/grandes-marcos-da-vacinacao-no-brasil\/#Criacao_do_Ze_Gotinha\" >Cria\u00e7\u00e3o do Z\u00e9 Gotinha<\/a><\/li><li class='ez-toc-page-1 ez-toc-heading-level-3'><a class=\"ez-toc-link ez-toc-heading-15\" href=\"https:\/\/www.grupomedcof.com.br\/blog\/grandes-marcos-da-vacinacao-no-brasil\/#Criacao_do_SUS\" >Cria\u00e7\u00e3o do SUS<\/a><\/li><li class='ez-toc-page-1 ez-toc-heading-level-3'><a class=\"ez-toc-link ez-toc-heading-16\" href=\"https:\/\/www.grupomedcof.com.br\/blog\/grandes-marcos-da-vacinacao-no-brasil\/#O_ano_em_que_o_Brasil_registrou_o_ultimo_caso_de_poliomelite\" >O ano em que o Brasil registrou o \u00faltimo caso de poliomelite<\/a><\/li><li class='ez-toc-page-1 ez-toc-heading-level-3'><a class=\"ez-toc-link ez-toc-heading-17\" href=\"https:\/\/www.grupomedcof.com.br\/blog\/grandes-marcos-da-vacinacao-no-brasil\/#Campanha_contra_o_sarampo\" >Campanha contra o sarampo<\/a><\/li><li class='ez-toc-page-1 ez-toc-heading-level-3'><a class=\"ez-toc-link ez-toc-heading-18\" href=\"https:\/\/www.grupomedcof.com.br\/blog\/grandes-marcos-da-vacinacao-no-brasil\/#Abrangencia_do_calendario_de_vacinacao\" >Abrang\u00eancia do calend\u00e1rio de vacina\u00e7\u00e3o<\/a><\/li><li class='ez-toc-page-1 ez-toc-heading-level-3'><a class=\"ez-toc-link ez-toc-heading-19\" href=\"https:\/\/www.grupomedcof.com.br\/blog\/grandes-marcos-da-vacinacao-no-brasil\/#Outras_vacinas_introduzidas_no_calendario_de_vacinacao\" >Outras vacinas introduzidas no calend\u00e1rio de vacina\u00e7\u00e3o<\/a><\/li><li class='ez-toc-page-1 ez-toc-heading-level-3'><a class=\"ez-toc-link ez-toc-heading-20\" href=\"https:\/\/www.grupomedcof.com.br\/blog\/grandes-marcos-da-vacinacao-no-brasil\/#Perda_do_certificado_de_erradicacao_do_sarampo\" >Perda do certificado de erradica\u00e7\u00e3o do sarampo<\/a><\/li><li class='ez-toc-page-1 ez-toc-heading-level-3'><a class=\"ez-toc-link ez-toc-heading-21\" href=\"https:\/\/www.grupomedcof.com.br\/blog\/grandes-marcos-da-vacinacao-no-brasil\/#Pandemia_do_coronavirus\" >Pandemia do coronav\u00edrus<\/a><\/li><\/ul><\/li><li class='ez-toc-page-1 ez-toc-heading-level-2'><a class=\"ez-toc-link ez-toc-heading-22\" href=\"https:\/\/www.grupomedcof.com.br\/blog\/grandes-marcos-da-vacinacao-no-brasil\/#O_metodo_que_te_aprova\" >O m\u00e9todo que te aprova!<\/a><\/li><\/ul><\/nav><\/div>\n\n<figure class=\"wp-block-image size-full\"><img loading=\"lazy\" decoding=\"async\" width=\"903\" height=\"745\" src=\"https:\/\/www.grupomedcof.com.br\/blog\/wp-content\/uploads\/2024\/08\/gotinha_blog-1-1.webp\" alt=\"\" class=\"wp-image-28352\" srcset=\"https:\/\/www.grupomedcof.com.br\/blog\/wp-content\/uploads\/2024\/08\/gotinha_blog-1-1.webp 903w, https:\/\/www.grupomedcof.com.br\/blog\/wp-content\/uploads\/2024\/08\/gotinha_blog-1-1-300x248.webp 300w, https:\/\/www.grupomedcof.com.br\/blog\/wp-content\/uploads\/2024\/08\/gotinha_blog-1-1-768x634.webp 768w, https:\/\/www.grupomedcof.com.br\/blog\/wp-content\/uploads\/2024\/08\/gotinha_blog-1-1-509x420.webp 509w, https:\/\/www.grupomedcof.com.br\/blog\/wp-content\/uploads\/2024\/08\/gotinha_blog-1-1-150x124.webp 150w, https:\/\/www.grupomedcof.com.br\/blog\/wp-content\/uploads\/2024\/08\/gotinha_blog-1-1-696x574.webp 696w\" sizes=\"auto, (max-width: 903px) 100vw, 903px\" \/><\/figure>\n\n\n\n<p>O Programa Nacional de Imuniza\u00e7\u00f5es do Brasil (PNI), \u00e9 uma iniciativa do Governo Federal vinculada ao Minist\u00e9rio da Sa\u00fade e \u00e9 um dos maiores programas do mundo. Nos \u00faltimos 50 anos, as a\u00e7\u00f5es realizadas levaram o Brasil \u00e0 elimina\u00e7\u00e3o e ao controle de v\u00e1rias doen\u00e7as<br>imunopreven\u00edveis. Alcan\u00e7ou a erradica\u00e7\u00e3o de diversas doen\u00e7as, como a var\u00edola, rub\u00e9ola e poliomelite. Al\u00e9m disso, \u00e9 respons\u00e1vel tamb\u00e9m pela redu\u00e7\u00e3o dos casos e \u00f3bitos pela COVID-19.<\/p>\n\n\n\n<p>Por isso, em comemora\u00e7\u00e3o de seus 50 anos, separamos para voc\u00ea os maiores marcos da vacina\u00e7\u00e3o no Brasil! Confira o post para saber mais!<\/p>\n\n\n\n<h2 class=\"wp-block-heading\" id=\"h-vacinacao-no-brasil\"><span class=\"ez-toc-section\" id=\"Vacinacao_no_Brasil\"><\/span><strong>Vacina\u00e7\u00e3o no Brasil<\/strong><span class=\"ez-toc-section-end\"><\/span><\/h2>\n\n\n\n<p>Confira abaixo alguns marcos da vacina\u00e7\u00e3o no pa\u00eds, como a cria\u00e7\u00e3o da vacina, a primeira chegada dos insumos nos pa\u00eds e dias de hoje!<\/p>\n\n\n\n<h3 class=\"wp-block-heading\" id=\"h-criacao-da-vacina-contra-variola\"><span class=\"ez-toc-section\" id=\"Criacao_da_vacina_contra_Variola\"><\/span><strong>Cria\u00e7\u00e3o da vacina contra Var\u00edola<\/strong><span class=\"ez-toc-section-end\"><\/span><\/h3>\n\n\n\n<p>Edward Jenner, m\u00e9dico e naturalista franco-ingl\u00eas, \u00e9 o respons\u00e1vel pela cria\u00e7\u00e3o da vacina contra a var\u00edola em <strong>1798<\/strong>, a primeira vacina do mundo. Mas chegou no Brasil somente em <strong>1804.<\/strong><\/p>\n\n\n\n<p>Al\u00e9m disso, os <strong>termos vacina e vacina\u00e7\u00e3o derivam de Variolae vaccinae,<\/strong> o termo criado por Jenner para denotar a var\u00edola bovina.<\/p>\n\n\n\n<h3 class=\"wp-block-heading\" id=\"h-criacao-da-vacina-contra-febre-amarela\"><span class=\"ez-toc-section\" id=\"Criacao_da_vacina_contra_febre_amarela\"><\/span><strong>Cria\u00e7\u00e3o da vacina contra febre amarela<\/strong><span class=\"ez-toc-section-end\"><\/span><\/h3>\n\n\n\n<p>Em <strong>1883<\/strong>, o m\u00e9dico e professor da Faculdade de Medicina do Rio de Janeiro, Domingos Jos\u00e9 Freire, deu um passo radical em seu prop\u00f3sito de criar uma vacina contra a febre amarela. O primeiro surto da doen\u00e7a ocorreu em <strong>1849<\/strong>, na sede da Corte.<\/p>\n\n\n\n<h3 class=\"wp-block-heading\" id=\"h-instituicoes-fundadas\"><span class=\"ez-toc-section\" id=\"Instituicoes_fundadas\"><\/span><strong>Institui\u00e7\u00f5es fundadas<\/strong><span class=\"ez-toc-section-end\"><\/span><\/h3>\n\n\n\n<p>Em <strong>1900, <\/strong>fundam o Instituto Soroter\u00e1pico do Rio de Janeiro, que futuramente vir\u00e1 a se tornar a Fiocruz. J\u00e1 em <strong>1901<\/strong>, ocorre a funda\u00e7\u00e3o o Instituto Serumtherapico, embri\u00e3o do futuro Instituto Butantan.<\/p>\n\n\n\n<h3 class=\"wp-block-heading\" id=\"h-a-revolta-da-vacina\"><span class=\"ez-toc-section\" id=\"A_revolta_da_vacina\"><\/span><strong>A revolta da vacina<\/strong><span class=\"ez-toc-section-end\"><\/span><\/h3>\n\n\n\n<p>Em <strong>1904 <\/strong>ocorre a revolta da vacina no Rio de Janeiro, um motim organizado pela popula\u00e7\u00e3o diante da obrigatoriedade, por lei, da vacina\u00e7\u00e3o contra a var\u00edola.<\/p>\n\n\n\n<figure class=\"wp-block-image size-full is-resized\"><img loading=\"lazy\" decoding=\"async\" width=\"600\" height=\"338\" src=\"https:\/\/www.grupomedcof.com.br\/blog\/wp-content\/uploads\/2024\/08\/bonde-virado-pela-populacao-na-praca-da-republica-durante-a-revolta-da-vacina.webp\" alt=\"\" class=\"wp-image-28356\" style=\"width:728px;height:auto\" srcset=\"https:\/\/www.grupomedcof.com.br\/blog\/wp-content\/uploads\/2024\/08\/bonde-virado-pela-populacao-na-praca-da-republica-durante-a-revolta-da-vacina.webp 600w, https:\/\/www.grupomedcof.com.br\/blog\/wp-content\/uploads\/2024\/08\/bonde-virado-pela-populacao-na-praca-da-republica-durante-a-revolta-da-vacina-300x169.webp 300w, https:\/\/www.grupomedcof.com.br\/blog\/wp-content\/uploads\/2024\/08\/bonde-virado-pela-populacao-na-praca-da-republica-durante-a-revolta-da-vacina-150x85.webp 150w\" sizes=\"auto, (max-width: 600px) 100vw, 600px\" \/><figcaption class=\"wp-element-caption\">Bonde tombado pela popula\u00e7\u00e3o na Pra\u00e7a da Rep\u00fablica durante a revolta da vacina. Casa de Oswaldo Cruz (Ag\u00eancia Senado)<\/figcaption><\/figure>\n\n\n\n<h3 class=\"wp-block-heading\" id=\"h-carlos-chagas-e-a-direcao-da-instituicao\"><span class=\"ez-toc-section\" id=\"Carlos_Chagas_e_a_direcao_da_instituicao\"><\/span><strong>Carlos Chagas e a dire\u00e7\u00e3o da institui\u00e7\u00e3o<\/strong><span class=\"ez-toc-section-end\"><\/span><\/h3>\n\n\n\n<p>Em <strong>1917<\/strong>, Carlos Chagas assume a dire\u00e7\u00e3o da institui\u00e7\u00e3o Oswaldo Cruz. Al\u00e9m disso, conduz uma reforma em <strong>1920<\/strong> que reorganiza os Servi\u00e7os de Sa\u00fade P\u00fablica, o que constitui um marco importante da evolu\u00e7\u00e3o sanit\u00e1ria brasileira. E logo ap\u00f3s, em 1921, ocorre a institui\u00e7\u00e3o da &#8220;Reforma Carlos Chagas&#8221;, que amplia as atividades de coopera\u00e7\u00e3o com estados, por meio da Diretoria de Saneamento e Profilaxia Rural.<\/p>\n\n\n\n<h3 class=\"wp-block-heading\" id=\"h-vacinacao-contra-a-tuberculose\"><span class=\"ez-toc-section\" id=\"Vacinacao_contra_a_tuberculose\"><\/span><strong>Vacina\u00e7\u00e3o contra a tuberculose<\/strong><span class=\"ez-toc-section-end\"><\/span><\/h3>\n\n\n\n<p>A vacina\u00e7\u00e3o contra a tuberculose inicia-se em <strong>1927<\/strong>, mas somente em <strong>1942,<\/strong> a BCG come\u00e7a a ser administrada. E apenas em <strong>1977<\/strong>, a vacina incorpora-se no calend\u00e1rio nacional de vacina\u00e7\u00e3o, tornando obrigat\u00f3rio para as crian\u00e7as.  <\/p>\n\n\n\n<h3 class=\"wp-block-heading\" id=\"h-febre-amarela-erradicada\"><span class=\"ez-toc-section\" id=\"Febre_amarela_erradicada\"><\/span><strong>Febre amarela erradicada<\/strong><span class=\"ez-toc-section-end\"><\/span><\/h3>\n\n\n\n<p>Devido \u00e0 cobertura vacinal, em <strong>1942<\/strong> a febre amarela \u00e9 eliminada. Al\u00e9m disso, no mesmo ano inicia-se a campanha da vacina BCG.<\/p>\n\n\n\n<h3 class=\"wp-block-heading\" id=\"h-ministerio-da-saude-no-brasil\"><span class=\"ez-toc-section\" id=\"Ministerio_da_Saude_no_Brasil\"><\/span><strong>Minist\u00e9rio da Sa\u00fade no Brasil<\/strong><span class=\"ez-toc-section-end\"><\/span><\/h3>\n\n\n\n<p>Ap\u00f3s a aprova\u00e7\u00e3o da decis\u00e3o da Assembleia Mundial da Sa\u00fade de promover o controle da var\u00edola em todo o mundo em <strong>1951<\/strong>, ocorre a cria\u00e7\u00e3o do Minist\u00e9rio da Sa\u00fade no Brasil em 1953. <\/p>\n\n\n\n<h3 class=\"wp-block-heading\" id=\"h-campanha-contra-a-variola\"><span class=\"ez-toc-section\" id=\"Campanha_contra_a_variola\"><\/span><strong>Campanha contra a var\u00edola<\/strong><span class=\"ez-toc-section-end\"><\/span><\/h3>\n\n\n\n<p>A campanha nacional contra a var\u00edola foi institu\u00edda no ano de <strong>1962<\/strong>, pelo Departamento Nacional de Sa\u00fade. E logo ap\u00f3s, em <strong>1966<\/strong>, cria-se a campanha de erradica\u00e7\u00e3o pelo Minist\u00e9rio da Sa\u00fade. Em <strong>1978<\/strong> ocorre a campanha de erradica\u00e7\u00e3o, e finalmente em <strong>1980<\/strong>,  extingue-se a obrigatoriedade da vacina\u00e7\u00e3o contra a var\u00edola, ap\u00f3s a certifica\u00e7\u00e3o de erradica\u00e7\u00e3o da doen\u00e7a. <\/p>\n\n\n\n<h3 class=\"wp-block-heading\" id=\"h-campanha-contra-a-poliomelite\"><span class=\"ez-toc-section\" id=\"Campanha_contra_a_poliomelite\"><\/span><strong>Campanha contra a poliomelite<\/strong><span class=\"ez-toc-section-end\"><\/span><\/h3>\n\n\n\n<p>Em <strong>1971<\/strong>, ocorre a institui\u00e7\u00e3o do <strong>Plano Nacional de Controle da Poliomielite,<\/strong> importante marco para as atividades de vacina\u00e7\u00e3o no pa\u00eds. O projeto piloto, no estado do Esp\u00edrito Santo, inclui um estudo para avaliar a resposta sorol\u00f3gica \u00e0 vacina e introduzir a metodologia de campanhas estaduais realizadas em um s\u00f3 dia. Al\u00e9m disso, a Presid\u00eancia da Rep\u00fablica, cria no mesmo ano, a <strong>Central de Medicamentos <\/strong>(CEME), respons\u00e1vel pela organiza\u00e7\u00e3o da produ\u00e7\u00e3o nacional de vacinas e medicamentos. <\/p>\n\n\n\n<h3 class=\"wp-block-heading\" id=\"h-criacao-do-pni\"><span class=\"ez-toc-section\" id=\"Criacao_do_PNI\"><\/span><strong>Cria\u00e7\u00e3o do PNI<\/strong><span class=\"ez-toc-section-end\"><\/span><\/h3>\n\n\n\n<p>O Minist\u00e9rio da Sa\u00fade cria, <strong>em 1973<\/strong>, o Programa Nacional de Imuniza\u00e7\u00f5es (PNI). E j\u00e1 como atividades do PNI, s\u00e3o realizadas campanhas de vacina\u00e7\u00e3o contra o sarampo em diversos estados do Brasil. Al\u00e9m disso, o pa\u00eds recebe a <strong>certifica\u00e7\u00e3o internacional da erradica\u00e7\u00e3o da var\u00edola. <\/strong><\/p>\n\n\n\n<h3 class=\"wp-block-heading\" id=\"h-vacinas-obrigatorias-para-o-primeiro-ano-de-vida\"><span class=\"ez-toc-section\" id=\"Vacinas_obrigatorias_para_o_primeiro_ano_de_vida\"><\/span><strong>Vacinas obrigat\u00f3rias para o primeiro ano de vida<\/strong><span class=\"ez-toc-section-end\"><\/span><\/h3>\n\n\n\n<p>\u00c9 institu\u00eddo pela Portaria Ministerial n.\u00b0 452\/1977, em <strong>1977<\/strong>, a Pol\u00edtica P\u00fablica de Universaliza\u00e7\u00e3o da Vacina\u00e7\u00e3o no Brasil que torna obrigat\u00f3rio a vacina\u00e7\u00e3o de quatro imunizantes no primeiro ano de vida da crian\u00e7a, sendo elas: BCG, Sarampo, Poliomelite oral e Tr\u00edplice bacteriana. <\/p>\n\n\n\n<h3 class=\"wp-block-heading\" id=\"h-criacao-do-ze-gotinha\"><span class=\"ez-toc-section\" id=\"Criacao_do_Ze_Gotinha\"><\/span><strong>Cria\u00e7\u00e3o do Z\u00e9 Gotinha<\/strong><span class=\"ez-toc-section-end\"><\/span><\/h3>\n\n\n\n<p>Em <strong>1986<\/strong>, o artista mineiro Darlan Rosa cria o<strong> Z\u00e9 Gotinha<\/strong>, o mascote oficial das campanhas de vacina\u00e7\u00e3o do Brasil. Crian\u00e7as do pa\u00eds todo participaram da escolha do nome, enviando cartas com sugest\u00f5es. <\/p>\n\n\n\n<figure class=\"wp-block-image size-full\"><img loading=\"lazy\" decoding=\"async\" width=\"750\" height=\"500\" src=\"https:\/\/www.grupomedcof.com.br\/blog\/wp-content\/uploads\/2024\/08\/Interna3_DarlanRosa-2a2706754905682d.jpg\" alt=\"\" class=\"wp-image-28357\" srcset=\"https:\/\/www.grupomedcof.com.br\/blog\/wp-content\/uploads\/2024\/08\/Interna3_DarlanRosa-2a2706754905682d.jpg 750w, https:\/\/www.grupomedcof.com.br\/blog\/wp-content\/uploads\/2024\/08\/Interna3_DarlanRosa-2a2706754905682d-300x200.jpg 300w, https:\/\/www.grupomedcof.com.br\/blog\/wp-content\/uploads\/2024\/08\/Interna3_DarlanRosa-2a2706754905682d-630x420.jpg 630w, https:\/\/www.grupomedcof.com.br\/blog\/wp-content\/uploads\/2024\/08\/Interna3_DarlanRosa-2a2706754905682d-150x100.jpg 150w, https:\/\/www.grupomedcof.com.br\/blog\/wp-content\/uploads\/2024\/08\/Interna3_DarlanRosa-2a2706754905682d-696x464.jpg 696w\" sizes=\"auto, (max-width: 750px) 100vw, 750px\" \/><figcaption class=\"wp-element-caption\">Imagem: Darlan Souza\/Arquivo pessoal<\/figcaption><\/figure>\n\n\n\n<h3 class=\"wp-block-heading\" id=\"h-criacao-do-sus\"><span class=\"ez-toc-section\" id=\"Criacao_do_SUS\"><\/span><strong>Cria\u00e7\u00e3o do SUS<\/strong><span class=\"ez-toc-section-end\"><\/span><\/h3>\n\n\n\n<p>Em <strong>1988<\/strong>, ocorre a cria\u00e7\u00e3o do Sistema \u00danico de Sa\u00fade, o SUS, no Brasil. Vacinar-se no SUS passa a ser um direito de todo cidad\u00e3o e um dever do Estado.<\/p>\n\n\n\n<h3 class=\"wp-block-heading\" id=\"h-o-ano-em-que-o-brasil-registrou-o-ultimo-caso-de-poliomelite\"><span class=\"ez-toc-section\" id=\"O_ano_em_que_o_Brasil_registrou_o_ultimo_caso_de_poliomelite\"><\/span><strong>O ano em que o Brasil registrou o \u00faltimo caso de poliomelite <\/strong><span class=\"ez-toc-section-end\"><\/span><\/h3>\n\n\n\n<p>Foi em <strong>1989<\/strong> que o Brasil teve o \u00faltimo caso de poliomelite registrado. Al\u00e9m disso, inicia-se o controle da hepatite B, com a realiza\u00e7\u00e3o da vacina\u00e7\u00e3o na Amaz\u00f4nia.<\/p>\n\n\n\n<h3 class=\"wp-block-heading\" id=\"h-campanha-contra-o-sarampo\"><span class=\"ez-toc-section\" id=\"Campanha_contra_o_sarampo\"><\/span><strong>Campanha contra o sarampo<\/strong><span class=\"ez-toc-section-end\"><\/span><\/h3>\n\n\n\n<p>Realiza-se a campanha contra o sarampo em <strong>1992<\/strong>, para a popula\u00e7\u00e3o de at\u00e9 14 anos de idade. Em <strong>1995<\/strong>, ocorre a substitui\u00e7\u00e3o da vacina monovalente pela Tr\u00edplice viral (sarampo, caxumba e rube\u00f3la).<\/p>\n\n\n\n<h3 class=\"wp-block-heading\" id=\"h-abrangencia-do-calendario-de-vacinacao\"><span class=\"ez-toc-section\" id=\"Abrangencia_do_calendario_de_vacinacao\"><\/span><strong>Abrang\u00eancia do calend\u00e1rio de vacina\u00e7\u00e3o<\/strong><span class=\"ez-toc-section-end\"><\/span><\/h3>\n\n\n\n<p>Em <strong>1999<\/strong> implanta-se a vacina contra influenza para idosos a partir de 65 anos de idade. E assim, em <strong>2004<\/strong>, h\u00e1 a publica\u00e7\u00e3o da <strong>Portaria GM n.\u00ba 597\/2004<\/strong>, inovando no aspecto da abrang\u00eancia do calend\u00e1rio de vacina\u00e7\u00e3o por ciclo de vida, ao beneficiar, al\u00e9m das crian\u00e7as, os adolescentes, adultos e idosos. Da publica\u00e7\u00e3o dessa Portaria at\u00e9 o ano de 2016, s\u00e3o publicadas outras sete Portarias, al\u00e9m de Notas Informativas regulamentando a amplia\u00e7\u00e3o da utiliza\u00e7\u00e3o das vacinas j\u00e1existentes no Calend\u00e1rio Nacional de Vacina\u00e7\u00e3o para outros grupospriorit\u00e1rios ou a introdu\u00e7\u00e3ode novas vacinas no PNI.<\/p>\n\n\n\n<h3 class=\"wp-block-heading\" id=\"h-outras-vacinas-introduzidas-no-calendario-de-vacinacao\"><span class=\"ez-toc-section\" id=\"Outras_vacinas_introduzidas_no_calendario_de_vacinacao\"><\/span><strong>Outras vacinas introduzidas no calend\u00e1rio de vacina\u00e7\u00e3o<\/strong><span class=\"ez-toc-section-end\"><\/span><\/h3>\n\n\n\n<p>Em <strong>2010<\/strong>, as vacinas Meningoc\u00f3cica C s\u00e3o introduzidas no calend\u00e1rio. Al\u00e9m disso, inicia-se a campanha de vacina\u00e7\u00e3o contra a H1N1. Em <strong>2014<\/strong> ocorre a introdu\u00e7\u00e3o da vacina contra o HPV para meninas, e s\u00f3 em <strong>2017 <\/strong>introduz-se tamb\u00e9m para os meninos. A vacina Meningoc\u00f3cica ACWY tamb\u00e9m \u00e9 introduzida no calend\u00e1rio para adolescentes de 11 a 12 anos, em <strong>2019.<\/strong><\/p>\n\n\n\n<h3 class=\"wp-block-heading\" id=\"h-perda-do-certificado-de-erradicacao-do-sarampo\"><span class=\"ez-toc-section\" id=\"Perda_do_certificado_de_erradicacao_do_sarampo\"><\/span><strong>Perda do certificado de erradica\u00e7\u00e3o do sarampo<\/strong><span class=\"ez-toc-section-end\"><\/span><\/h3>\n\n\n\n<p>A certifica\u00e7\u00e3o da erradica\u00e7\u00e3o do sarampo no Brasil foi documentada em <strong>2015<\/strong>, mas em <strong>2018<\/strong> o pa\u00eds enfrenta a reintrodu\u00e7\u00e3o do v\u00edrus. E assim, em <strong>2019<\/strong>, perde-se o certificado da elimina\u00e7\u00e3o do sarampo. <\/p>\n\n\n\n<h3 class=\"wp-block-heading\" id=\"h-pandemia-do-coronavirus\"><span class=\"ez-toc-section\" id=\"Pandemia_do_coronavirus\"><\/span><strong>Pandemia do coronav\u00edrus<\/strong><span class=\"ez-toc-section-end\"><\/span><\/h3>\n\n\n\n<p>A OMS declara oficialmente a situa\u00e7\u00e3o de pandemia devido \u00e0 Sars-CoV-2, causadora<br>da covid-19, no final do ano de <strong>2019.<\/strong> Al\u00e9m disso, h\u00e1 a cria\u00e7\u00e3o do <strong>Certificado de Vacina\u00e7\u00e3o Digital. <\/strong><\/p>\n\n\n\n<p>Em <strong>2021<\/strong>, inicia-se a vacina\u00e7\u00e3o contra a COVID-19 no Brasil. E com isso, o pa\u00eds enfrenta desafios para a vacina\u00e7\u00e3o, como a propaga\u00e7\u00e3o de not\u00edcias falsas e dificuldade de obtens\u00e3o de vacinas. Institui\u00e7\u00f5es de pesquisas como a Fiocruz e o Butantan, profissionais da sa\u00fade e imprensa se juntam contra a desinforma\u00e7\u00e3o e pela produ\u00e7\u00e3o e aplica\u00e7\u00e3o das vacinas em toda a popula\u00e7\u00e3o brasileira. <\/p>\n\n\n\n<p>Ademais, em <strong>2023<\/strong>, ocorre a cria\u00e7\u00e3o do<strong> Departamento de Imuniza\u00e7\u00f5es e Doen\u00e7as Imunopreven\u00edveis (DPNI)<\/strong> para o Brasil recuperar as altas coberturas vacinais e voltar a ser refer\u00eancia mundial. <\/p>\n\n\n\n<figure class=\"wp-block-image size-full\"><img loading=\"lazy\" decoding=\"async\" width=\"768\" height=\"354\" src=\"https:\/\/www.grupomedcof.com.br\/blog\/wp-content\/uploads\/2024\/08\/abf7a2bb-d731-486c-939b-161897608714.jpeg\" alt=\"\" class=\"wp-image-28358\" srcset=\"https:\/\/www.grupomedcof.com.br\/blog\/wp-content\/uploads\/2024\/08\/abf7a2bb-d731-486c-939b-161897608714.jpeg 768w, https:\/\/www.grupomedcof.com.br\/blog\/wp-content\/uploads\/2024\/08\/abf7a2bb-d731-486c-939b-161897608714-300x138.jpeg 300w, https:\/\/www.grupomedcof.com.br\/blog\/wp-content\/uploads\/2024\/08\/abf7a2bb-d731-486c-939b-161897608714-150x69.jpeg 150w, https:\/\/www.grupomedcof.com.br\/blog\/wp-content\/uploads\/2024\/08\/abf7a2bb-d731-486c-939b-161897608714-696x321.jpeg 696w\" sizes=\"auto, (max-width: 768px) 100vw, 768px\" \/><figcaption class=\"wp-element-caption\">Imagem: Myke Sena\/MS<\/figcaption><\/figure>\n\n\n\n<p>Saiba mais a partir do arquivo completo disponibilizado pelo Minist\u00e9rio da Sa\u00fade:<\/p>\n\n\n\n<div class=\"wp-block-buttons is-content-justification-center is-layout-flex wp-container-core-buttons-is-layout-16018d1d wp-block-buttons-is-layout-flex\">\n<div class=\"wp-block-button\"><a class=\"wp-block-button__link wp-element-button\" href=\"https:\/\/www.gov.br\/saude\/pt-br\/centrais-de-conteudo\/publicacoes\/svsa\/vacinacao-imunizacao-pni\/programa-nacional-de-imunizacoes-50-anos.pdf\">Programa Nacional de Imuniza\u00e7\u00f5es no Brasil<\/a><\/div>\n<\/div>\n\n\n\n<h2 class=\"wp-block-heading\" id=\"o-m\u00e9todo-que-te-aprova\"><span class=\"ez-toc-section\" id=\"O_metodo_que_te_aprova\"><\/span><strong>O m\u00e9todo que te aprova!<\/strong><span class=\"ez-toc-section-end\"><\/span><\/h2>\n\n\n\n<p>Quer garantir a sua aprova\u00e7\u00e3o nas provas de resid\u00eancia m\u00e9dica? Ent\u00e3o conhe\u00e7a o&nbsp;<a href=\"https:\/\/www.grupomedcof.com.br\/home\/\">Grupo MedCof&nbsp;<\/a>e a metodologia que j\u00e1 aprovou<a href=\"https:\/\/www.grupomedcof.com.br\/blog\/presenca-da-medcof-nas-aprovacoes-em-residencia-medica-no-brasil\/\" target=\"_blank\" rel=\"noreferrer noopener\">&nbsp;<strong>mais de 10 mil residentes<\/strong>&nbsp;<\/a>pelo pa\u00eds. Por fim, voc\u00ea pode acessar o nosso<a href=\"https:\/\/www.youtube.com\/@GrupoMedcof\/featured\" target=\"_blank\" rel=\"noreferrer noopener\">&nbsp;<strong>canal do youtube&nbsp;<\/strong><\/a>e ver todo nosso material.<\/p>\n","protected":false},"excerpt":{"rendered":"<p>O Programa Nacional de Imuniza\u00e7\u00f5es do Brasil (PNI), \u00e9 uma iniciativa do Governo Federal vinculada ao Minist\u00e9rio da Sa\u00fade e \u00e9 um dos maiores programas do mundo. Nos \u00faltimos 50 anos, as a\u00e7\u00f5es realizadas levaram o Brasil \u00e0 elimina\u00e7\u00e3o e ao controle de v\u00e1rias doen\u00e7asimunopreven\u00edveis. Alcan\u00e7ou a erradica\u00e7\u00e3o de diversas doen\u00e7as, como a var\u00edola, rub\u00e9ola [&hellip;]<\/p>\n","protected":false},"author":20,"featured_media":28352,"comment_status":"open","ping_status":"open","sticky":false,"template":"","format":"standard","meta":{"footnotes":""},"categories":[21],"tags":[1731,1727,1565,235,1728,1729,806,64,975,1730],"ppma_author":[3616],"class_list":{"0":"post-28323","1":"post","2":"type-post","3":"status-publish","4":"format-standard","5":"has-post-thumbnail","7":"category-historia-cultura-comportamento","8":"tag-campanha-vacinal","9":"tag-covid","10":"tag-febre-amarela","11":"tag-ministerio-da-saude","12":"tag-poliomelite","13":"tag-programa-nacional-de-imunizacoes","14":"tag-rubeola","15":"tag-sarampo","16":"tag-vacinacao","17":"tag-vacinacoes-no-brasil"},"yoast_head":"<!-- This site is optimized with the Yoast SEO Premium plugin v24.3 (Yoast SEO v27.4) - https:\/\/yoast.com\/product\/yoast-seo-premium-wordpress\/ -->\n<title>Grandes marcos da vacina\u00e7\u00e3o no Brasil - Blog de Medcof: conte\u00fados, editais, revalida e mais!<\/title>\n<meta name=\"description\" content=\"Em comemora\u00e7\u00e3o de seus 50 anos, separamos para voc\u00ea os maiores marcos da vacina\u00e7\u00e3o no Brasil! Confira o post para saber mais!\" \/>\n<meta name=\"robots\" content=\"index, follow, max-snippet:-1, max-image-preview:large, max-video-preview:-1\" \/>\n<link rel=\"canonical\" href=\"https:\/\/www.grupomedcof.com.br\/blog\/grandes-marcos-da-vacinacao-no-brasil\/\" \/>\n<meta property=\"og:locale\" content=\"pt_BR\" \/>\n<meta property=\"og:type\" content=\"article\" \/>\n<meta property=\"og:title\" content=\"Grandes marcos da vacina\u00e7\u00e3o no Brasil\" \/>\n<meta property=\"og:description\" content=\"Em comemora\u00e7\u00e3o de seus 50 anos, separamos para voc\u00ea os maiores marcos da vacina\u00e7\u00e3o no Brasil! Confira o post para saber mais!\" \/>\n<meta property=\"og:url\" content=\"https:\/\/www.grupomedcof.com.br\/blog\/grandes-marcos-da-vacinacao-no-brasil\/\" \/>\n<meta property=\"og:site_name\" content=\"Blog de Medcof: conte\u00fados, editais, revalida e mais!\" \/>\n<meta property=\"article:publisher\" content=\"https:\/\/www.facebook.com\/MedCofQbank\/\" \/>\n<meta property=\"article:published_time\" content=\"2024-08-02T14:50:40+00:00\" \/>\n<meta property=\"article:modified_time\" content=\"2024-08-02T15:08:44+00:00\" \/>\n<meta property=\"og:image\" content=\"https:\/\/www.grupomedcof.com.br\/blog\/wp-content\/uploads\/2024\/08\/gotinha_blog-1-1.webp\" \/>\n\t<meta property=\"og:image:width\" content=\"903\" \/>\n\t<meta property=\"og:image:height\" content=\"745\" \/>\n\t<meta property=\"og:image:type\" content=\"image\/webp\" \/>\n<meta name=\"author\" content=\"Leila Menzel\" \/>\n<meta name=\"twitter:card\" content=\"summary_large_image\" \/>\n<meta name=\"twitter:label1\" content=\"Escrito por\" \/>\n\t<meta name=\"twitter:data1\" content=\"Leila Menzel\" \/>\n\t<meta name=\"twitter:label2\" content=\"Est. tempo de leitura\" \/>\n\t<meta name=\"twitter:data2\" content=\"9 minutos\" \/>\n<script type=\"application\/ld+json\" class=\"yoast-schema-graph\">{\"@context\":\"https:\\\/\\\/schema.org\",\"@graph\":[{\"@type\":\"Article\",\"@id\":\"https:\\\/\\\/www.grupomedcof.com.br\\\/blog\\\/grandes-marcos-da-vacinacao-no-brasil\\\/#article\",\"isPartOf\":{\"@id\":\"https:\\\/\\\/www.grupomedcof.com.br\\\/blog\\\/grandes-marcos-da-vacinacao-no-brasil\\\/\"},\"author\":{\"name\":\"Leila Menzel\",\"@id\":\"https:\\\/\\\/www.grupomedcof.com.br\\\/blog\\\/#\\\/schema\\\/person\\\/9a44c2184a836bf5ae6967fdb3a1451e\"},\"headline\":\"Grandes marcos da vacina\u00e7\u00e3o no Brasil\",\"datePublished\":\"2024-08-02T14:50:40+00:00\",\"dateModified\":\"2024-08-02T15:08:44+00:00\",\"mainEntityOfPage\":{\"@id\":\"https:\\\/\\\/www.grupomedcof.com.br\\\/blog\\\/grandes-marcos-da-vacinacao-no-brasil\\\/\"},\"wordCount\":1435,\"commentCount\":0,\"publisher\":{\"@id\":\"https:\\\/\\\/www.grupomedcof.com.br\\\/blog\\\/#organization\"},\"image\":{\"@id\":\"https:\\\/\\\/www.grupomedcof.com.br\\\/blog\\\/grandes-marcos-da-vacinacao-no-brasil\\\/#primaryimage\"},\"thumbnailUrl\":\"https:\\\/\\\/www.grupomedcof.com.br\\\/blog\\\/wp-content\\\/uploads\\\/2024\\\/08\\\/gotinha_blog-1-1.webp\",\"keywords\":[\"Campanha vacinal\",\"Covid\",\"Febre Amarela\",\"Minist\u00e9rio da Sa\u00fade\",\"Poliomelite\",\"Programa Nacional de Imuniza\u00e7\u00f5es\",\"Rub\u00e9ola\",\"Sarampo\",\"vacina\u00e7\u00e3o\",\"Vacina\u00e7\u00f5es no Brasil\"],\"articleSection\":[\"Hist\u00f3ria\\\/Cultura\\\/Comportamento\"],\"inLanguage\":\"pt-BR\"},{\"@type\":\"WebPage\",\"@id\":\"https:\\\/\\\/www.grupomedcof.com.br\\\/blog\\\/grandes-marcos-da-vacinacao-no-brasil\\\/\",\"url\":\"https:\\\/\\\/www.grupomedcof.com.br\\\/blog\\\/grandes-marcos-da-vacinacao-no-brasil\\\/\",\"name\":\"Grandes marcos da vacina\u00e7\u00e3o no Brasil - Blog de Medcof: conte\u00fados, editais, revalida e mais!\",\"isPartOf\":{\"@id\":\"https:\\\/\\\/www.grupomedcof.com.br\\\/blog\\\/#website\"},\"primaryImageOfPage\":{\"@id\":\"https:\\\/\\\/www.grupomedcof.com.br\\\/blog\\\/grandes-marcos-da-vacinacao-no-brasil\\\/#primaryimage\"},\"image\":{\"@id\":\"https:\\\/\\\/www.grupomedcof.com.br\\\/blog\\\/grandes-marcos-da-vacinacao-no-brasil\\\/#primaryimage\"},\"thumbnailUrl\":\"https:\\\/\\\/www.grupomedcof.com.br\\\/blog\\\/wp-content\\\/uploads\\\/2024\\\/08\\\/gotinha_blog-1-1.webp\",\"datePublished\":\"2024-08-02T14:50:40+00:00\",\"dateModified\":\"2024-08-02T15:08:44+00:00\",\"description\":\"Em comemora\u00e7\u00e3o de seus 50 anos, separamos para voc\u00ea os maiores marcos da vacina\u00e7\u00e3o no Brasil! Confira o post para saber mais!\",\"breadcrumb\":{\"@id\":\"https:\\\/\\\/www.grupomedcof.com.br\\\/blog\\\/grandes-marcos-da-vacinacao-no-brasil\\\/#breadcrumb\"},\"inLanguage\":\"pt-BR\",\"potentialAction\":[{\"@type\":\"ReadAction\",\"target\":[\"https:\\\/\\\/www.grupomedcof.com.br\\\/blog\\\/grandes-marcos-da-vacinacao-no-brasil\\\/\"]}]},{\"@type\":\"ImageObject\",\"inLanguage\":\"pt-BR\",\"@id\":\"https:\\\/\\\/www.grupomedcof.com.br\\\/blog\\\/grandes-marcos-da-vacinacao-no-brasil\\\/#primaryimage\",\"url\":\"https:\\\/\\\/www.grupomedcof.com.br\\\/blog\\\/wp-content\\\/uploads\\\/2024\\\/08\\\/gotinha_blog-1-1.webp\",\"contentUrl\":\"https:\\\/\\\/www.grupomedcof.com.br\\\/blog\\\/wp-content\\\/uploads\\\/2024\\\/08\\\/gotinha_blog-1-1.webp\",\"width\":903,\"height\":745},{\"@type\":\"BreadcrumbList\",\"@id\":\"https:\\\/\\\/www.grupomedcof.com.br\\\/blog\\\/grandes-marcos-da-vacinacao-no-brasil\\\/#breadcrumb\",\"itemListElement\":[{\"@type\":\"ListItem\",\"position\":1,\"name\":\"In\u00edcio\",\"item\":\"https:\\\/\\\/www.grupomedcof.com.br\\\/blog\\\/\"},{\"@type\":\"ListItem\",\"position\":2,\"name\":\"Grandes marcos da vacina\u00e7\u00e3o no Brasil\"}]},{\"@type\":\"WebSite\",\"@id\":\"https:\\\/\\\/www.grupomedcof.com.br\\\/blog\\\/#website\",\"url\":\"https:\\\/\\\/www.grupomedcof.com.br\\\/blog\\\/\",\"name\":\"Blog de Medcof: conte\u00fados, editais, revalida e mais!\",\"description\":\"Acesso o blog de MedCof! Seu portal de conte\u00fados sobre resid\u00eancia m\u00e9dica, an\u00e1lise e editais e muito mais. Clique e confira!\",\"publisher\":{\"@id\":\"https:\\\/\\\/www.grupomedcof.com.br\\\/blog\\\/#organization\"},\"alternateName\":\"Blog de Medcof: conte\u00fados, editais, revalida e mais!\",\"potentialAction\":[{\"@type\":\"SearchAction\",\"target\":{\"@type\":\"EntryPoint\",\"urlTemplate\":\"https:\\\/\\\/www.grupomedcof.com.br\\\/blog\\\/?s={search_term_string}\"},\"query-input\":{\"@type\":\"PropertyValueSpecification\",\"valueRequired\":true,\"valueName\":\"search_term_string\"}}],\"inLanguage\":\"pt-BR\"},{\"@type\":\"Organization\",\"@id\":\"https:\\\/\\\/www.grupomedcof.com.br\\\/blog\\\/#organization\",\"name\":\"Grupo MedCof\",\"url\":\"https:\\\/\\\/www.grupomedcof.com.br\\\/blog\\\/\",\"logo\":{\"@type\":\"ImageObject\",\"inLanguage\":\"pt-BR\",\"@id\":\"https:\\\/\\\/www.grupomedcof.com.br\\\/blog\\\/#\\\/schema\\\/logo\\\/image\\\/\",\"url\":\"https:\\\/\\\/www.grupomedcof.com.br\\\/blog\\\/wp-content\\\/uploads\\\/2022\\\/01\\\/logo-medcof.png\",\"contentUrl\":\"https:\\\/\\\/www.grupomedcof.com.br\\\/blog\\\/wp-content\\\/uploads\\\/2022\\\/01\\\/logo-medcof.png\",\"width\":768,\"height\":269,\"caption\":\"Grupo MedCof\"},\"image\":{\"@id\":\"https:\\\/\\\/www.grupomedcof.com.br\\\/blog\\\/#\\\/schema\\\/logo\\\/image\\\/\"},\"sameAs\":[\"https:\\\/\\\/www.facebook.com\\\/MedCofQbank\\\/\",\"https:\\\/\\\/www.instagram.com\\\/grupomedcof\\\/\",\"https:\\\/\\\/br.linkedin.com\\\/company\\\/medcof\",\"https:\\\/\\\/www.youtube.com\\\/channel\\\/UCdHMuOHKICxcHwecxN8P-AA\"]},{\"@type\":\"Person\",\"@id\":\"https:\\\/\\\/www.grupomedcof.com.br\\\/blog\\\/#\\\/schema\\\/person\\\/9a44c2184a836bf5ae6967fdb3a1451e\",\"name\":\"Leila Menzel\",\"image\":{\"@type\":\"ImageObject\",\"inLanguage\":\"pt-BR\",\"@id\":\"https:\\\/\\\/www.grupomedcof.com.br\\\/blog\\\/wp-content\\\/uploads\\\/2025\\\/09\\\/cropped-eu-96x96.jpeg19a74936d997c0a8b3031618467fa1d0\",\"url\":\"https:\\\/\\\/www.grupomedcof.com.br\\\/blog\\\/wp-content\\\/uploads\\\/2025\\\/09\\\/cropped-eu-96x96.jpeg\",\"contentUrl\":\"https:\\\/\\\/www.grupomedcof.com.br\\\/blog\\\/wp-content\\\/uploads\\\/2025\\\/09\\\/cropped-eu-96x96.jpeg\",\"caption\":\"Leila Menzel\"},\"description\":\"Estudante do 6\u00b0 semestre de jornalismo, amo e escrevo poesias e viajo em livros de romances clich\u00eas.\",\"url\":\"https:\\\/\\\/www.grupomedcof.com.br\\\/blog\\\/author\\\/leila-menzel\\\/\"}]}<\/script>\n<!-- \/ Yoast SEO Premium plugin. -->","yoast_head_json":{"title":"Grandes marcos da vacina\u00e7\u00e3o no Brasil - Blog de Medcof: conte\u00fados, editais, revalida e mais!","description":"Em comemora\u00e7\u00e3o de seus 50 anos, separamos para voc\u00ea os maiores marcos da vacina\u00e7\u00e3o no Brasil! Confira o post para saber mais!","robots":{"index":"index","follow":"follow","max-snippet":"max-snippet:-1","max-image-preview":"max-image-preview:large","max-video-preview":"max-video-preview:-1"},"canonical":"https:\/\/www.grupomedcof.com.br\/blog\/grandes-marcos-da-vacinacao-no-brasil\/","og_locale":"pt_BR","og_type":"article","og_title":"Grandes marcos da vacina\u00e7\u00e3o no Brasil","og_description":"Em comemora\u00e7\u00e3o de seus 50 anos, separamos para voc\u00ea os maiores marcos da vacina\u00e7\u00e3o no Brasil! Confira o post para saber mais!","og_url":"https:\/\/www.grupomedcof.com.br\/blog\/grandes-marcos-da-vacinacao-no-brasil\/","og_site_name":"Blog de Medcof: conte\u00fados, editais, revalida e mais!","article_publisher":"https:\/\/www.facebook.com\/MedCofQbank\/","article_published_time":"2024-08-02T14:50:40+00:00","article_modified_time":"2024-08-02T15:08:44+00:00","og_image":[{"width":903,"height":745,"url":"https:\/\/www.grupomedcof.com.br\/blog\/wp-content\/uploads\/2024\/08\/gotinha_blog-1-1.webp","type":"image\/webp"}],"author":"Leila Menzel","twitter_card":"summary_large_image","twitter_misc":{"Escrito por":"Leila Menzel","Est. tempo de leitura":"9 minutos"},"schema":{"@context":"https:\/\/schema.org","@graph":[{"@type":"Article","@id":"https:\/\/www.grupomedcof.com.br\/blog\/grandes-marcos-da-vacinacao-no-brasil\/#article","isPartOf":{"@id":"https:\/\/www.grupomedcof.com.br\/blog\/grandes-marcos-da-vacinacao-no-brasil\/"},"author":{"name":"Leila Menzel","@id":"https:\/\/www.grupomedcof.com.br\/blog\/#\/schema\/person\/9a44c2184a836bf5ae6967fdb3a1451e"},"headline":"Grandes marcos da vacina\u00e7\u00e3o no Brasil","datePublished":"2024-08-02T14:50:40+00:00","dateModified":"2024-08-02T15:08:44+00:00","mainEntityOfPage":{"@id":"https:\/\/www.grupomedcof.com.br\/blog\/grandes-marcos-da-vacinacao-no-brasil\/"},"wordCount":1435,"commentCount":0,"publisher":{"@id":"https:\/\/www.grupomedcof.com.br\/blog\/#organization"},"image":{"@id":"https:\/\/www.grupomedcof.com.br\/blog\/grandes-marcos-da-vacinacao-no-brasil\/#primaryimage"},"thumbnailUrl":"https:\/\/www.grupomedcof.com.br\/blog\/wp-content\/uploads\/2024\/08\/gotinha_blog-1-1.webp","keywords":["Campanha vacinal","Covid","Febre Amarela","Minist\u00e9rio da Sa\u00fade","Poliomelite","Programa Nacional de Imuniza\u00e7\u00f5es","Rub\u00e9ola","Sarampo","vacina\u00e7\u00e3o","Vacina\u00e7\u00f5es no Brasil"],"articleSection":["Hist\u00f3ria\/Cultura\/Comportamento"],"inLanguage":"pt-BR"},{"@type":"WebPage","@id":"https:\/\/www.grupomedcof.com.br\/blog\/grandes-marcos-da-vacinacao-no-brasil\/","url":"https:\/\/www.grupomedcof.com.br\/blog\/grandes-marcos-da-vacinacao-no-brasil\/","name":"Grandes marcos da vacina\u00e7\u00e3o no Brasil - Blog de Medcof: conte\u00fados, editais, revalida e mais!","isPartOf":{"@id":"https:\/\/www.grupomedcof.com.br\/blog\/#website"},"primaryImageOfPage":{"@id":"https:\/\/www.grupomedcof.com.br\/blog\/grandes-marcos-da-vacinacao-no-brasil\/#primaryimage"},"image":{"@id":"https:\/\/www.grupomedcof.com.br\/blog\/grandes-marcos-da-vacinacao-no-brasil\/#primaryimage"},"thumbnailUrl":"https:\/\/www.grupomedcof.com.br\/blog\/wp-content\/uploads\/2024\/08\/gotinha_blog-1-1.webp","datePublished":"2024-08-02T14:50:40+00:00","dateModified":"2024-08-02T15:08:44+00:00","description":"Em comemora\u00e7\u00e3o de seus 50 anos, separamos para voc\u00ea os maiores marcos da vacina\u00e7\u00e3o no Brasil! Confira o post para saber mais!","breadcrumb":{"@id":"https:\/\/www.grupomedcof.com.br\/blog\/grandes-marcos-da-vacinacao-no-brasil\/#breadcrumb"},"inLanguage":"pt-BR","potentialAction":[{"@type":"ReadAction","target":["https:\/\/www.grupomedcof.com.br\/blog\/grandes-marcos-da-vacinacao-no-brasil\/"]}]},{"@type":"ImageObject","inLanguage":"pt-BR","@id":"https:\/\/www.grupomedcof.com.br\/blog\/grandes-marcos-da-vacinacao-no-brasil\/#primaryimage","url":"https:\/\/www.grupomedcof.com.br\/blog\/wp-content\/uploads\/2024\/08\/gotinha_blog-1-1.webp","contentUrl":"https:\/\/www.grupomedcof.com.br\/blog\/wp-content\/uploads\/2024\/08\/gotinha_blog-1-1.webp","width":903,"height":745},{"@type":"BreadcrumbList","@id":"https:\/\/www.grupomedcof.com.br\/blog\/grandes-marcos-da-vacinacao-no-brasil\/#breadcrumb","itemListElement":[{"@type":"ListItem","position":1,"name":"In\u00edcio","item":"https:\/\/www.grupomedcof.com.br\/blog\/"},{"@type":"ListItem","position":2,"name":"Grandes marcos da vacina\u00e7\u00e3o no Brasil"}]},{"@type":"WebSite","@id":"https:\/\/www.grupomedcof.com.br\/blog\/#website","url":"https:\/\/www.grupomedcof.com.br\/blog\/","name":"Blog de Medcof: conte\u00fados, editais, revalida e mais!","description":"Acesso o blog de MedCof! Seu portal de conte\u00fados sobre resid\u00eancia m\u00e9dica, an\u00e1lise e editais e muito mais. Clique e confira!","publisher":{"@id":"https:\/\/www.grupomedcof.com.br\/blog\/#organization"},"alternateName":"Blog de Medcof: conte\u00fados, editais, revalida e mais!","potentialAction":[{"@type":"SearchAction","target":{"@type":"EntryPoint","urlTemplate":"https:\/\/www.grupomedcof.com.br\/blog\/?s={search_term_string}"},"query-input":{"@type":"PropertyValueSpecification","valueRequired":true,"valueName":"search_term_string"}}],"inLanguage":"pt-BR"},{"@type":"Organization","@id":"https:\/\/www.grupomedcof.com.br\/blog\/#organization","name":"Grupo MedCof","url":"https:\/\/www.grupomedcof.com.br\/blog\/","logo":{"@type":"ImageObject","inLanguage":"pt-BR","@id":"https:\/\/www.grupomedcof.com.br\/blog\/#\/schema\/logo\/image\/","url":"https:\/\/www.grupomedcof.com.br\/blog\/wp-content\/uploads\/2022\/01\/logo-medcof.png","contentUrl":"https:\/\/www.grupomedcof.com.br\/blog\/wp-content\/uploads\/2022\/01\/logo-medcof.png","width":768,"height":269,"caption":"Grupo MedCof"},"image":{"@id":"https:\/\/www.grupomedcof.com.br\/blog\/#\/schema\/logo\/image\/"},"sameAs":["https:\/\/www.facebook.com\/MedCofQbank\/","https:\/\/www.instagram.com\/grupomedcof\/","https:\/\/br.linkedin.com\/company\/medcof","https:\/\/www.youtube.com\/channel\/UCdHMuOHKICxcHwecxN8P-AA"]},{"@type":"Person","@id":"https:\/\/www.grupomedcof.com.br\/blog\/#\/schema\/person\/9a44c2184a836bf5ae6967fdb3a1451e","name":"Leila Menzel","image":{"@type":"ImageObject","inLanguage":"pt-BR","@id":"https:\/\/www.grupomedcof.com.br\/blog\/wp-content\/uploads\/2025\/09\/cropped-eu-96x96.jpeg19a74936d997c0a8b3031618467fa1d0","url":"https:\/\/www.grupomedcof.com.br\/blog\/wp-content\/uploads\/2025\/09\/cropped-eu-96x96.jpeg","contentUrl":"https:\/\/www.grupomedcof.com.br\/blog\/wp-content\/uploads\/2025\/09\/cropped-eu-96x96.jpeg","caption":"Leila Menzel"},"description":"Estudante do 6\u00b0 semestre de jornalismo, amo e escrevo poesias e viajo em livros de romances clich\u00eas.","url":"https:\/\/www.grupomedcof.com.br\/blog\/author\/leila-menzel\/"}]}},"authors":[{"term_id":3616,"user_id":20,"is_guest":0,"slug":"leila-menzel","display_name":"Leila Menzel","avatar_url":"https:\/\/www.grupomedcof.com.br\/blog\/wp-content\/uploads\/2025\/09\/cropped-eu-96x96.jpeg","0":null,"1":"","2":"","3":"","4":"","5":"","6":"","7":"","8":""}],"_links":{"self":[{"href":"https:\/\/www.grupomedcof.com.br\/blog\/wp-json\/wp\/v2\/posts\/28323","targetHints":{"allow":["GET"]}}],"collection":[{"href":"https:\/\/www.grupomedcof.com.br\/blog\/wp-json\/wp\/v2\/posts"}],"about":[{"href":"https:\/\/www.grupomedcof.com.br\/blog\/wp-json\/wp\/v2\/types\/post"}],"author":[{"embeddable":true,"href":"https:\/\/www.grupomedcof.com.br\/blog\/wp-json\/wp\/v2\/users\/20"}],"replies":[{"embeddable":true,"href":"https:\/\/www.grupomedcof.com.br\/blog\/wp-json\/wp\/v2\/comments?post=28323"}],"version-history":[{"count":0,"href":"https:\/\/www.grupomedcof.com.br\/blog\/wp-json\/wp\/v2\/posts\/28323\/revisions"}],"wp:featuredmedia":[{"embeddable":true,"href":"https:\/\/www.grupomedcof.com.br\/blog\/wp-json\/wp\/v2\/media\/28352"}],"wp:attachment":[{"href":"https:\/\/www.grupomedcof.com.br\/blog\/wp-json\/wp\/v2\/media?parent=28323"}],"wp:term":[{"taxonomy":"category","embeddable":true,"href":"https:\/\/www.grupomedcof.com.br\/blog\/wp-json\/wp\/v2\/categories?post=28323"},{"taxonomy":"post_tag","embeddable":true,"href":"https:\/\/www.grupomedcof.com.br\/blog\/wp-json\/wp\/v2\/tags?post=28323"},{"taxonomy":"author","embeddable":true,"href":"https:\/\/www.grupomedcof.com.br\/blog\/wp-json\/wp\/v2\/ppma_author?post=28323"}],"curies":[{"name":"wp","href":"https:\/\/api.w.org\/{rel}","templated":true}]}}