{"id":28360,"date":"2024-08-02T15:31:43","date_gmt":"2024-08-02T18:31:43","guid":{"rendered":"https:\/\/www.grupomedcof.com.br\/blog\/?p=28360"},"modified":"2024-08-02T15:31:44","modified_gmt":"2024-08-02T18:31:44","slug":"principais-residencias-medicas-na-regiao-nordeste","status":"publish","type":"post","link":"https:\/\/www.grupomedcof.com.br\/blog\/principais-residencias-medicas-na-regiao-nordeste\/","title":{"rendered":"Principais Resid\u00eancias M\u00e9dicas na regi\u00e3o Nordeste"},"content":{"rendered":"<div id=\"ez-toc-container\" class=\"ez-toc-v2_0_74 counter-hierarchy ez-toc-counter ez-toc-transparent ez-toc-container-direction\">\n<div class=\"ez-toc-title-container\">\n<p class=\"ez-toc-title\" style=\"cursor:inherit\">Sum\u00e1rio<\/p>\n<span class=\"ez-toc-title-toggle\"><a href=\"#\" class=\"ez-toc-pull-right ez-toc-btn ez-toc-btn-xs ez-toc-btn-default ez-toc-toggle\" aria-label=\"Alternar tabela de conte\u00fado\"><span class=\"ez-toc-js-icon-con\"><span class=\"\"><span class=\"eztoc-hide\" style=\"display:none;\">Toggle<\/span><span class=\"ez-toc-icon-toggle-span\"><svg style=\"fill: #999;color:#999\" xmlns=\"http:\/\/www.w3.org\/2000\/svg\" class=\"list-377408\" width=\"20px\" height=\"20px\" viewBox=\"0 0 24 24\" fill=\"none\"><path d=\"M6 6H4v2h2V6zm14 0H8v2h12V6zM4 11h2v2H4v-2zm16 0H8v2h12v-2zM4 16h2v2H4v-2zm16 0H8v2h12v-2z\" fill=\"currentColor\"><\/path><\/svg><svg style=\"fill: #999;color:#999\" class=\"arrow-unsorted-368013\" xmlns=\"http:\/\/www.w3.org\/2000\/svg\" width=\"10px\" height=\"10px\" viewBox=\"0 0 24 24\" version=\"1.2\" baseProfile=\"tiny\"><path d=\"M18.2 9.3l-6.2-6.3-6.2 6.3c-.2.2-.3.4-.3.7s.1.5.3.7c.2.2.4.3.7.3h11c.3 0 .5-.1.7-.3.2-.2.3-.5.3-.7s-.1-.5-.3-.7zM5.8 14.7l6.2 6.3 6.2-6.3c.2-.2.3-.5.3-.7s-.1-.5-.3-.7c-.2-.2-.4-.3-.7-.3h-11c-.3 0-.5.1-.7.3-.2.2-.3.5-.3.7s.1.5.3.7z\"\/><\/svg><\/span><\/span><\/span><\/a><\/span><\/div>\n<nav><ul class='ez-toc-list ez-toc-list-level-1 ' ><li class='ez-toc-page-1 ez-toc-heading-level-2'><a class=\"ez-toc-link ez-toc-heading-1\" href=\"https:\/\/www.grupomedcof.com.br\/blog\/principais-residencias-medicas-na-regiao-nordeste\/#Principais_cidades_e_suas_residencias\" >Principais cidades e suas resid\u00eancias<\/a><ul class='ez-toc-list-level-3' ><li class='ez-toc-heading-level-3'><a class=\"ez-toc-link ez-toc-heading-2\" href=\"https:\/\/www.grupomedcof.com.br\/blog\/principais-residencias-medicas-na-regiao-nordeste\/#Alagoas\" >Alagoas<\/a><\/li><li class='ez-toc-page-1 ez-toc-heading-level-3'><a class=\"ez-toc-link ez-toc-heading-3\" href=\"https:\/\/www.grupomedcof.com.br\/blog\/principais-residencias-medicas-na-regiao-nordeste\/#Bahia\" >Bahia<\/a><\/li><li class='ez-toc-page-1 ez-toc-heading-level-3'><a class=\"ez-toc-link ez-toc-heading-4\" href=\"https:\/\/www.grupomedcof.com.br\/blog\/principais-residencias-medicas-na-regiao-nordeste\/#Ceara\" >Cear\u00e1<\/a><\/li><li class='ez-toc-page-1 ez-toc-heading-level-3'><a class=\"ez-toc-link ez-toc-heading-5\" href=\"https:\/\/www.grupomedcof.com.br\/blog\/principais-residencias-medicas-na-regiao-nordeste\/#Paraiba\" >Para\u00edba<\/a><\/li><li class='ez-toc-page-1 ez-toc-heading-level-3'><a class=\"ez-toc-link ez-toc-heading-6\" href=\"https:\/\/www.grupomedcof.com.br\/blog\/principais-residencias-medicas-na-regiao-nordeste\/#Pernambuco\" >Pernambuco<\/a><\/li><li class='ez-toc-page-1 ez-toc-heading-level-3'><a class=\"ez-toc-link ez-toc-heading-7\" href=\"https:\/\/www.grupomedcof.com.br\/blog\/principais-residencias-medicas-na-regiao-nordeste\/#Rio_Grande_do_Norte\" >Rio Grande do Norte<\/a><\/li><\/ul><\/li><li class='ez-toc-page-1 ez-toc-heading-level-2'><a class=\"ez-toc-link ez-toc-heading-8\" href=\"https:\/\/www.grupomedcof.com.br\/blog\/principais-residencias-medicas-na-regiao-nordeste\/#O_metodo_que_te_aprova\" >O met\u00f3do que te aprova!<\/a><\/li><\/ul><\/nav><\/div>\n\n<figure class=\"wp-block-image size-large\"><img loading=\"lazy\" decoding=\"async\" width=\"1024\" height=\"576\" src=\"https:\/\/www.grupomedcof.com.br\/blog\/wp-content\/uploads\/2024\/08\/Blog-MedCof-79-1024x576.png\" alt=\"\" class=\"wp-image-28371\" srcset=\"https:\/\/www.grupomedcof.com.br\/blog\/wp-content\/uploads\/2024\/08\/Blog-MedCof-79-1024x576.png 1024w, https:\/\/www.grupomedcof.com.br\/blog\/wp-content\/uploads\/2024\/08\/Blog-MedCof-79-300x169.png 300w, https:\/\/www.grupomedcof.com.br\/blog\/wp-content\/uploads\/2024\/08\/Blog-MedCof-79-768x432.png 768w, https:\/\/www.grupomedcof.com.br\/blog\/wp-content\/uploads\/2024\/08\/Blog-MedCof-79-1536x864.png 1536w, https:\/\/www.grupomedcof.com.br\/blog\/wp-content\/uploads\/2024\/08\/Blog-MedCof-79-2048x1152.png 2048w, https:\/\/www.grupomedcof.com.br\/blog\/wp-content\/uploads\/2024\/08\/Blog-MedCof-79-747x420.png 747w, https:\/\/www.grupomedcof.com.br\/blog\/wp-content\/uploads\/2024\/08\/Blog-MedCof-79-150x84.png 150w, https:\/\/www.grupomedcof.com.br\/blog\/wp-content\/uploads\/2024\/08\/Blog-MedCof-79-696x392.png 696w, https:\/\/www.grupomedcof.com.br\/blog\/wp-content\/uploads\/2024\/08\/Blog-MedCof-79-1068x601.png 1068w, https:\/\/www.grupomedcof.com.br\/blog\/wp-content\/uploads\/2024\/08\/Blog-MedCof-79-1920x1080.png 1920w\" sizes=\"auto, (max-width: 1024px) 100vw, 1024px\" \/><\/figure>\n\n\n\n<p>Assim como outras regi\u00f5es do pa\u00eds, o nordeste \u00e9 uma \u00e1rea rica de oportunidades de resid\u00eancias. Por isso, o MedCof tamb\u00e9m pontua as melhores resid\u00eancias ofertadas nesta Regi\u00e3o!<\/p>\n\n\n\n<h2 class=\"wp-block-heading\" id=\"h-principais-cidades-e-suas-residencias\"><span class=\"ez-toc-section\" id=\"Principais_cidades_e_suas_residencias\"><\/span><strong>Principais cidades e suas resid\u00eancias<\/strong><span class=\"ez-toc-section-end\"><\/span><\/h2>\n\n\n\n<p>O nordeste, al\u00e9m das in\u00fameras belezas naturais e rica cultura, tamb\u00e9m possui Institui\u00e7\u00f5es\u00a0 Hospitalares com qualidades reconhecidas internacionalmente, como a UFPB (uma das\u00a0 melhores em Impacto Cient\u00edfico da Am\u00e9rica Latina de acordo com CWTS Leiden Ranking). Abaixo citaremos os principais Hospitais para Resid\u00eancia e os Editais avaliativos adotados por\u00a0cada um.\u00a0<\/p>\n\n\n\n<h3 class=\"wp-block-heading\" id=\"h-alagoas\"><span class=\"ez-toc-section\" id=\"Alagoas\"><\/span><strong>Alagoas<\/strong><span class=\"ez-toc-section-end\"><\/span><\/h3>\n\n\n\n<p>Nesse belo estado encontramos o <strong>PSU-AL<\/strong> <strong>(Processo Seletivo Unificado de Alagoas). <\/strong>Importantes hospitais dessa cidade participam, com as devidas vagas, como o Hospital de Emergencia do Agreste Dr. Daniel Houly (com especialidades m\u00e9dicas em cirurgia geral, cl\u00ednica m\u00e9dica, traumato ortopedia e outras).<\/p>\n\n\n\n<h3 class=\"wp-block-heading\" id=\"h-bahia\"><span class=\"ez-toc-section\" id=\"Bahia\"><\/span><strong>Bahia<\/strong><span class=\"ez-toc-section-end\"><\/span><\/h3>\n\n\n\n<p>Esse estado t\u00e3o rico culturalmente e historicamente para o pa\u00eds, oferta o <strong><a href=\"https:\/\/www.grupomedcof.com.br\/blog\/residencia-medica-sus-ba-2024\/\" target=\"_blank\" rel=\"noreferrer noopener\">SUS-BA (Sistema \u00danico de Sa\u00fade da Bahia)<\/a>.<\/strong> Sendo um dos mais concorridos do estado, o exame organizado oferta acesso a mais de 50 institui\u00e7\u00f5es, incluindo o Hospital Santa Izabel (com destaque para as \u00e1reas de Cardiologia, Neurologia, Oncologia, Ortopedia e Pediatria).<\/p>\n\n\n\n<h3 class=\"wp-block-heading\" id=\"h-ceara\"><span class=\"ez-toc-section\" id=\"Ceara\"><\/span><strong>Cear\u00e1<\/strong><span class=\"ez-toc-section-end\"><\/span><\/h3>\n\n\n\n<p>Com a capital sendo um dos principais pontos tur\u00edsticos do pa\u00eds, esse estado oferece acesso ao processo de resid\u00eancia m\u00e9dica por meio da <strong><a href=\"https:\/\/www.grupomedcof.com.br\/blog\/residencia-medica-surce-2024\/\" target=\"_blank\" rel=\"noreferrer noopener\">SURCE (Sele\u00e7\u00e3o Unificada para Resid\u00eancia M\u00e9dica no Estado do Cear\u00e1)<\/a><\/strong>. Assim, dentre as carreiras oferecidas nas 13 institui\u00e7\u00f5es dispon\u00edveis, encontramos a Anestesiologia, Medicina Intensiva e Neurologia entre as de acesso direto, e as de Cancerologia Cir\u00fargica e Nefrologia entre as que merecem destaque entre as com pr\u00e9-requisitos.<\/p>\n\n\n\n<h3 class=\"wp-block-heading\" id=\"h-paraiba\"><span class=\"ez-toc-section\" id=\"Paraiba\"><\/span><strong>Para\u00edba<\/strong><span class=\"ez-toc-section-end\"><\/span><\/h3>\n\n\n\n<p>Como j\u00e1 citado, o estado det\u00e9m uma das melhores Universidades da Am\u00e9rica Latina, a <strong>UFPB, <\/strong>com sede em Jo\u00e3o Pessoa e outros 3 campi no interior do Estado. Desse modo, o Hospital Arlinda Marques \u00e9 uma das principais institui\u00e7\u00f5es na resid\u00eancia de Pediatria do Pa\u00eds, que tamb\u00e9m trabalha de forma Multiprofissional.\u00a0<\/p>\n\n\n\n<h3 class=\"wp-block-heading\" id=\"h-pernambuco\"><span class=\"ez-toc-section\" id=\"Pernambuco\"><\/span><strong>Pernambuco<\/strong><span class=\"ez-toc-section-end\"><\/span><\/h3>\n\n\n\n<p>O rico estado de Pernambuco possui como \u00f3rg\u00e3o respons\u00e1vel pela sele\u00e7\u00e3o de residentes, a <strong><a href=\"https:\/\/www.grupomedcof.com.br\/blog\/residencia-medica-ses-pe-2024\/\" target=\"_blank\" rel=\"noreferrer noopener\">SES-PE (Secretaria do Estado de Sa\u00fade de Pernambuco).<\/a><\/strong> Esse \u00f3rg\u00e3o \u00e9 o segundo maior em servi\u00e7os de sa\u00fade do pa\u00eds, conforme dados fornecidos pelo SUS. Al\u00e9m disso, conta com mais de 30 institui\u00e7\u00f5es participantes das vagas classificat\u00f3rias. Uma das principais institui\u00e7\u00f5es nesse estado \u00e9 o<strong> Hospital das Cl\u00ednicas da UFPE, <\/strong>destacando as carreiras em Medicina da Fam\u00edlia e Comunidade e em Pediatria.\u00a0<\/p>\n\n\n\n<h3 class=\"wp-block-heading\" id=\"h-rio-grande-do-norte\"><span class=\"ez-toc-section\" id=\"Rio_Grande_do_Norte\"><\/span><strong>Rio Grande do Norte<\/strong><span class=\"ez-toc-section-end\"><\/span><\/h3>\n\n\n\n<p>Estado com enorme potencial tur\u00edstico e econ\u00f4mico, conta com duas principais institui\u00e7\u00f5es que organizam a resid\u00eancia M\u00e9dica, sendo eles o <strong>Hospital Universit\u00e1rio Onofre Lopes (HUOL) e o Hospital Universit\u00e1rio Ana Bezerra (HUAB)<\/strong>, coordenados pela <strong><a href=\"https:\/\/www.grupomedcof.com.br\/blog\/residencia-medica-ufrn-2024\/\" target=\"_blank\" rel=\"noreferrer noopener\">Universidade Federal do Rio Grande do Norte (UFRN)<\/a>.<\/strong> Assim, dentre as diversas op\u00e7\u00f5es de Resid\u00eancia ofertadas, tanto de acesso direto, quanto as com pr\u00e9-requisitos, destacan-se a de Cirurgia Geral, Pediatria e Oncologia.<\/p>\n\n\n\n<h2 class=\"wp-block-heading\" id=\"h-o-metodo-que-te-aprova\"><span class=\"ez-toc-section\" id=\"O_metodo_que_te_aprova\"><\/span><strong>O met\u00f3do que te aprova!<\/strong><span class=\"ez-toc-section-end\"><\/span><\/h2>\n\n\n\n<p>Por isso, se voc\u00ea deseja se graduar em alguma resid\u00eancia no Nordeste, n\u00e3o se preocupe em abandonar sua terra natal para seguir esse sonho! O <a href=\"https:\/\/www.grupomedcof.com.br\/home\/\">MedCof<\/a> tamb\u00e9m pode te ajudar nessa caminhada! Seja qual for a institui\u00e7\u00e3o que voc\u00ea escolher, na regi\u00e3o mais conveniente e na carreira que mais combina com voc\u00ea!<span id=\"docs-internal-guid-98acaaa3-7fff-32d0-421a-cded4ccb25eb\"><div><span style=\"font-size: 11pt; font-family: &quot;Droid Serif&quot;, serif; color: rgb(102, 102, 102); background-color: transparent; font-variant-numeric: normal; font-variant-east-asian: normal; font-variant-alternates: normal; font-variant-position: normal; vertical-align: baseline;\"><\/span><span style=\"font-size: 11pt; font-family: &quot;Droid Serif&quot;, serif; color: rgb(102, 102, 102); background-color: transparent; font-variant-numeric: normal; font-variant-east-asian: normal; font-variant-alternates: normal; font-variant-position: normal; vertical-align: baseline;\"><\/span><\/div><\/span><\/p>\n","protected":false},"excerpt":{"rendered":"<p>Abaixo citaremos os principais Hospitais para Resid\u00eancia e os Editais avaliativos adotados da regi\u00e3o nordeste. Saiba mais&#8230;<\/p>\n","protected":false},"author":21,"featured_media":28371,"comment_status":"open","ping_status":"open","sticky":false,"template":"","format":"standard","meta":{"footnotes":""},"categories":[174],"tags":[160,93,1451,1732,117,68],"ppma_author":[3617],"class_list":{"0":"post-28360","1":"post","2":"type-post","3":"status-publish","4":"format-standard","5":"has-post-thumbnail","7":"category-residencia-medica","8":"tag-especialidades-cirurgicas","9":"tag-especialidades-medicas","10":"tag-instituicoes","11":"tag-nordeste","12":"tag-provas-de-residencia","13":"tag-residencia-medica"},"yoast_head":"<!-- This site is optimized with the Yoast SEO Premium plugin v24.3 (Yoast SEO v27.4) - https:\/\/yoast.com\/product\/yoast-seo-premium-wordpress\/ -->\n<title>Principais Resid\u00eancias M\u00e9dicas na regi\u00e3o Nordeste - Blog de Medcof: conte\u00fados, editais, revalida e mais!<\/title>\n<meta name=\"description\" content=\"Abaixo citaremos os principais Hospitais para Resid\u00eancia e os Editais avaliativos adotados da regi\u00e3o nordeste. Saiba mais...\" \/>\n<meta name=\"robots\" content=\"index, follow, max-snippet:-1, max-image-preview:large, max-video-preview:-1\" \/>\n<link rel=\"canonical\" href=\"https:\/\/www.grupomedcof.com.br\/blog\/principais-residencias-medicas-na-regiao-nordeste\/\" \/>\n<meta property=\"og:locale\" content=\"pt_BR\" \/>\n<meta property=\"og:type\" content=\"article\" \/>\n<meta property=\"og:title\" content=\"Principais Resid\u00eancias M\u00e9dicas na regi\u00e3o Nordeste\" \/>\n<meta property=\"og:description\" content=\"Abaixo citaremos os principais Hospitais para Resid\u00eancia e os Editais avaliativos adotados da regi\u00e3o nordeste. Saiba mais...\" \/>\n<meta property=\"og:url\" content=\"https:\/\/www.grupomedcof.com.br\/blog\/principais-residencias-medicas-na-regiao-nordeste\/\" \/>\n<meta property=\"og:site_name\" content=\"Blog de Medcof: conte\u00fados, editais, revalida e mais!\" \/>\n<meta property=\"article:publisher\" content=\"https:\/\/www.facebook.com\/MedCofQbank\/\" \/>\n<meta property=\"article:published_time\" content=\"2024-08-02T18:31:43+00:00\" \/>\n<meta property=\"article:modified_time\" content=\"2024-08-02T18:31:44+00:00\" \/>\n<meta property=\"og:image\" content=\"https:\/\/www.grupomedcof.com.br\/blog\/wp-content\/uploads\/2024\/08\/Blog-MedCof-79-1024x576.png\" \/>\n\t<meta property=\"og:image:width\" content=\"1024\" \/>\n\t<meta property=\"og:image:height\" content=\"576\" \/>\n\t<meta property=\"og:image:type\" content=\"image\/png\" \/>\n<meta name=\"author\" content=\"Kiara Adelino\" \/>\n<meta name=\"twitter:card\" content=\"summary_large_image\" \/>\n<meta name=\"twitter:label1\" content=\"Escrito por\" \/>\n\t<meta name=\"twitter:data1\" content=\"Kiara Adelino\" \/>\n\t<meta name=\"twitter:label2\" content=\"Est. tempo de leitura\" \/>\n\t<meta name=\"twitter:data2\" content=\"4 minutos\" \/>\n<script type=\"application\/ld+json\" class=\"yoast-schema-graph\">{\"@context\":\"https:\\\/\\\/schema.org\",\"@graph\":[{\"@type\":\"Article\",\"@id\":\"https:\\\/\\\/www.grupomedcof.com.br\\\/blog\\\/principais-residencias-medicas-na-regiao-nordeste\\\/#article\",\"isPartOf\":{\"@id\":\"https:\\\/\\\/www.grupomedcof.com.br\\\/blog\\\/principais-residencias-medicas-na-regiao-nordeste\\\/\"},\"author\":{\"name\":\"Kiara Adelino\",\"@id\":\"https:\\\/\\\/www.grupomedcof.com.br\\\/blog\\\/#\\\/schema\\\/person\\\/db19a651f86c5fc202d6eee744fd3292\"},\"headline\":\"Principais Resid\u00eancias M\u00e9dicas na regi\u00e3o Nordeste\",\"datePublished\":\"2024-08-02T18:31:43+00:00\",\"dateModified\":\"2024-08-02T18:31:44+00:00\",\"mainEntityOfPage\":{\"@id\":\"https:\\\/\\\/www.grupomedcof.com.br\\\/blog\\\/principais-residencias-medicas-na-regiao-nordeste\\\/\"},\"wordCount\":579,\"commentCount\":0,\"publisher\":{\"@id\":\"https:\\\/\\\/www.grupomedcof.com.br\\\/blog\\\/#organization\"},\"image\":{\"@id\":\"https:\\\/\\\/www.grupomedcof.com.br\\\/blog\\\/principais-residencias-medicas-na-regiao-nordeste\\\/#primaryimage\"},\"thumbnailUrl\":\"https:\\\/\\\/www.grupomedcof.com.br\\\/blog\\\/wp-content\\\/uploads\\\/2024\\\/08\\\/Blog-MedCof-79.png\",\"keywords\":[\"Especialidades cir\u00fargicas\",\"Especialidades m\u00e9dicas\",\"Institui\u00e7\u00f5es\",\"Nordeste\",\"Provas de Resid\u00eancia\",\"Resid\u00eancia M\u00e9dica\"],\"articleSection\":[\"Resid\u00eancia m\u00e9dica: editais, resultados, temas quentes e mais\"],\"inLanguage\":\"pt-BR\"},{\"@type\":\"WebPage\",\"@id\":\"https:\\\/\\\/www.grupomedcof.com.br\\\/blog\\\/principais-residencias-medicas-na-regiao-nordeste\\\/\",\"url\":\"https:\\\/\\\/www.grupomedcof.com.br\\\/blog\\\/principais-residencias-medicas-na-regiao-nordeste\\\/\",\"name\":\"Principais Resid\u00eancias M\u00e9dicas na regi\u00e3o Nordeste - Blog de Medcof: conte\u00fados, editais, revalida e mais!\",\"isPartOf\":{\"@id\":\"https:\\\/\\\/www.grupomedcof.com.br\\\/blog\\\/#website\"},\"primaryImageOfPage\":{\"@id\":\"https:\\\/\\\/www.grupomedcof.com.br\\\/blog\\\/principais-residencias-medicas-na-regiao-nordeste\\\/#primaryimage\"},\"image\":{\"@id\":\"https:\\\/\\\/www.grupomedcof.com.br\\\/blog\\\/principais-residencias-medicas-na-regiao-nordeste\\\/#primaryimage\"},\"thumbnailUrl\":\"https:\\\/\\\/www.grupomedcof.com.br\\\/blog\\\/wp-content\\\/uploads\\\/2024\\\/08\\\/Blog-MedCof-79.png\",\"datePublished\":\"2024-08-02T18:31:43+00:00\",\"dateModified\":\"2024-08-02T18:31:44+00:00\",\"description\":\"Abaixo citaremos os principais Hospitais para Resid\u00eancia e os Editais avaliativos adotados da regi\u00e3o nordeste. Saiba mais...\",\"breadcrumb\":{\"@id\":\"https:\\\/\\\/www.grupomedcof.com.br\\\/blog\\\/principais-residencias-medicas-na-regiao-nordeste\\\/#breadcrumb\"},\"inLanguage\":\"pt-BR\",\"potentialAction\":[{\"@type\":\"ReadAction\",\"target\":[\"https:\\\/\\\/www.grupomedcof.com.br\\\/blog\\\/principais-residencias-medicas-na-regiao-nordeste\\\/\"]}]},{\"@type\":\"ImageObject\",\"inLanguage\":\"pt-BR\",\"@id\":\"https:\\\/\\\/www.grupomedcof.com.br\\\/blog\\\/principais-residencias-medicas-na-regiao-nordeste\\\/#primaryimage\",\"url\":\"https:\\\/\\\/www.grupomedcof.com.br\\\/blog\\\/wp-content\\\/uploads\\\/2024\\\/08\\\/Blog-MedCof-79.png\",\"contentUrl\":\"https:\\\/\\\/www.grupomedcof.com.br\\\/blog\\\/wp-content\\\/uploads\\\/2024\\\/08\\\/Blog-MedCof-79.png\",\"width\":2560,\"height\":1440},{\"@type\":\"BreadcrumbList\",\"@id\":\"https:\\\/\\\/www.grupomedcof.com.br\\\/blog\\\/principais-residencias-medicas-na-regiao-nordeste\\\/#breadcrumb\",\"itemListElement\":[{\"@type\":\"ListItem\",\"position\":1,\"name\":\"In\u00edcio\",\"item\":\"https:\\\/\\\/www.grupomedcof.com.br\\\/blog\\\/\"},{\"@type\":\"ListItem\",\"position\":2,\"name\":\"Principais Resid\u00eancias M\u00e9dicas na regi\u00e3o Nordeste\"}]},{\"@type\":\"WebSite\",\"@id\":\"https:\\\/\\\/www.grupomedcof.com.br\\\/blog\\\/#website\",\"url\":\"https:\\\/\\\/www.grupomedcof.com.br\\\/blog\\\/\",\"name\":\"Blog de Medcof: conte\u00fados, editais, revalida e mais!\",\"description\":\"Acesso o blog de MedCof! Seu portal de conte\u00fados sobre resid\u00eancia m\u00e9dica, an\u00e1lise e editais e muito mais. Clique e confira!\",\"publisher\":{\"@id\":\"https:\\\/\\\/www.grupomedcof.com.br\\\/blog\\\/#organization\"},\"alternateName\":\"Blog de Medcof: conte\u00fados, editais, revalida e mais!\",\"potentialAction\":[{\"@type\":\"SearchAction\",\"target\":{\"@type\":\"EntryPoint\",\"urlTemplate\":\"https:\\\/\\\/www.grupomedcof.com.br\\\/blog\\\/?s={search_term_string}\"},\"query-input\":{\"@type\":\"PropertyValueSpecification\",\"valueRequired\":true,\"valueName\":\"search_term_string\"}}],\"inLanguage\":\"pt-BR\"},{\"@type\":\"Organization\",\"@id\":\"https:\\\/\\\/www.grupomedcof.com.br\\\/blog\\\/#organization\",\"name\":\"Grupo MedCof\",\"url\":\"https:\\\/\\\/www.grupomedcof.com.br\\\/blog\\\/\",\"logo\":{\"@type\":\"ImageObject\",\"inLanguage\":\"pt-BR\",\"@id\":\"https:\\\/\\\/www.grupomedcof.com.br\\\/blog\\\/#\\\/schema\\\/logo\\\/image\\\/\",\"url\":\"https:\\\/\\\/www.grupomedcof.com.br\\\/blog\\\/wp-content\\\/uploads\\\/2022\\\/01\\\/logo-medcof.png\",\"contentUrl\":\"https:\\\/\\\/www.grupomedcof.com.br\\\/blog\\\/wp-content\\\/uploads\\\/2022\\\/01\\\/logo-medcof.png\",\"width\":768,\"height\":269,\"caption\":\"Grupo MedCof\"},\"image\":{\"@id\":\"https:\\\/\\\/www.grupomedcof.com.br\\\/blog\\\/#\\\/schema\\\/logo\\\/image\\\/\"},\"sameAs\":[\"https:\\\/\\\/www.facebook.com\\\/MedCofQbank\\\/\",\"https:\\\/\\\/www.instagram.com\\\/grupomedcof\\\/\",\"https:\\\/\\\/br.linkedin.com\\\/company\\\/medcof\",\"https:\\\/\\\/www.youtube.com\\\/channel\\\/UCdHMuOHKICxcHwecxN8P-AA\"]},{\"@type\":\"Person\",\"@id\":\"https:\\\/\\\/www.grupomedcof.com.br\\\/blog\\\/#\\\/schema\\\/person\\\/db19a651f86c5fc202d6eee744fd3292\",\"name\":\"Kiara Adelino\",\"image\":{\"@type\":\"ImageObject\",\"inLanguage\":\"pt-BR\",\"@id\":\"https:\\\/\\\/www.grupomedcof.com.br\\\/blog\\\/wp-content\\\/uploads\\\/2024\\\/08\\\/cropped-Kiara-Adelino2-96x96.jpega85663bdda67261f8f06f86e555e1e49\",\"url\":\"https:\\\/\\\/www.grupomedcof.com.br\\\/blog\\\/wp-content\\\/uploads\\\/2024\\\/08\\\/cropped-Kiara-Adelino2-96x96.jpeg\",\"contentUrl\":\"https:\\\/\\\/www.grupomedcof.com.br\\\/blog\\\/wp-content\\\/uploads\\\/2024\\\/08\\\/cropped-Kiara-Adelino2-96x96.jpeg\",\"caption\":\"Kiara Adelino\"},\"description\":\"Estudante do 5\u00b0 semestre de Medicina. Gosto bastante de aprender coisas novas, principalmente na \u00e1rea de Neurologia e Anatomia humana.\",\"url\":\"https:\\\/\\\/www.grupomedcof.com.br\\\/blog\\\/author\\\/kiara-adelino\\\/\"}]}<\/script>\n<!-- \/ Yoast SEO Premium plugin. -->","yoast_head_json":{"title":"Principais Resid\u00eancias M\u00e9dicas na regi\u00e3o Nordeste - Blog de Medcof: conte\u00fados, editais, revalida e mais!","description":"Abaixo citaremos os principais Hospitais para Resid\u00eancia e os Editais avaliativos adotados da regi\u00e3o nordeste. Saiba mais...","robots":{"index":"index","follow":"follow","max-snippet":"max-snippet:-1","max-image-preview":"max-image-preview:large","max-video-preview":"max-video-preview:-1"},"canonical":"https:\/\/www.grupomedcof.com.br\/blog\/principais-residencias-medicas-na-regiao-nordeste\/","og_locale":"pt_BR","og_type":"article","og_title":"Principais Resid\u00eancias M\u00e9dicas na regi\u00e3o Nordeste","og_description":"Abaixo citaremos os principais Hospitais para Resid\u00eancia e os Editais avaliativos adotados da regi\u00e3o nordeste. Saiba mais...","og_url":"https:\/\/www.grupomedcof.com.br\/blog\/principais-residencias-medicas-na-regiao-nordeste\/","og_site_name":"Blog de Medcof: conte\u00fados, editais, revalida e mais!","article_publisher":"https:\/\/www.facebook.com\/MedCofQbank\/","article_published_time":"2024-08-02T18:31:43+00:00","article_modified_time":"2024-08-02T18:31:44+00:00","og_image":[{"width":1024,"height":576,"url":"https:\/\/www.grupomedcof.com.br\/blog\/wp-content\/uploads\/2024\/08\/Blog-MedCof-79-1024x576.png","type":"image\/png"}],"author":"Kiara Adelino","twitter_card":"summary_large_image","twitter_misc":{"Escrito por":"Kiara Adelino","Est. tempo de leitura":"4 minutos"},"schema":{"@context":"https:\/\/schema.org","@graph":[{"@type":"Article","@id":"https:\/\/www.grupomedcof.com.br\/blog\/principais-residencias-medicas-na-regiao-nordeste\/#article","isPartOf":{"@id":"https:\/\/www.grupomedcof.com.br\/blog\/principais-residencias-medicas-na-regiao-nordeste\/"},"author":{"name":"Kiara Adelino","@id":"https:\/\/www.grupomedcof.com.br\/blog\/#\/schema\/person\/db19a651f86c5fc202d6eee744fd3292"},"headline":"Principais Resid\u00eancias M\u00e9dicas na regi\u00e3o Nordeste","datePublished":"2024-08-02T18:31:43+00:00","dateModified":"2024-08-02T18:31:44+00:00","mainEntityOfPage":{"@id":"https:\/\/www.grupomedcof.com.br\/blog\/principais-residencias-medicas-na-regiao-nordeste\/"},"wordCount":579,"commentCount":0,"publisher":{"@id":"https:\/\/www.grupomedcof.com.br\/blog\/#organization"},"image":{"@id":"https:\/\/www.grupomedcof.com.br\/blog\/principais-residencias-medicas-na-regiao-nordeste\/#primaryimage"},"thumbnailUrl":"https:\/\/www.grupomedcof.com.br\/blog\/wp-content\/uploads\/2024\/08\/Blog-MedCof-79.png","keywords":["Especialidades cir\u00fargicas","Especialidades m\u00e9dicas","Institui\u00e7\u00f5es","Nordeste","Provas de Resid\u00eancia","Resid\u00eancia M\u00e9dica"],"articleSection":["Resid\u00eancia m\u00e9dica: editais, resultados, temas quentes e mais"],"inLanguage":"pt-BR"},{"@type":"WebPage","@id":"https:\/\/www.grupomedcof.com.br\/blog\/principais-residencias-medicas-na-regiao-nordeste\/","url":"https:\/\/www.grupomedcof.com.br\/blog\/principais-residencias-medicas-na-regiao-nordeste\/","name":"Principais Resid\u00eancias M\u00e9dicas na regi\u00e3o Nordeste - Blog de Medcof: conte\u00fados, editais, revalida e mais!","isPartOf":{"@id":"https:\/\/www.grupomedcof.com.br\/blog\/#website"},"primaryImageOfPage":{"@id":"https:\/\/www.grupomedcof.com.br\/blog\/principais-residencias-medicas-na-regiao-nordeste\/#primaryimage"},"image":{"@id":"https:\/\/www.grupomedcof.com.br\/blog\/principais-residencias-medicas-na-regiao-nordeste\/#primaryimage"},"thumbnailUrl":"https:\/\/www.grupomedcof.com.br\/blog\/wp-content\/uploads\/2024\/08\/Blog-MedCof-79.png","datePublished":"2024-08-02T18:31:43+00:00","dateModified":"2024-08-02T18:31:44+00:00","description":"Abaixo citaremos os principais Hospitais para Resid\u00eancia e os Editais avaliativos adotados da regi\u00e3o nordeste. Saiba mais...","breadcrumb":{"@id":"https:\/\/www.grupomedcof.com.br\/blog\/principais-residencias-medicas-na-regiao-nordeste\/#breadcrumb"},"inLanguage":"pt-BR","potentialAction":[{"@type":"ReadAction","target":["https:\/\/www.grupomedcof.com.br\/blog\/principais-residencias-medicas-na-regiao-nordeste\/"]}]},{"@type":"ImageObject","inLanguage":"pt-BR","@id":"https:\/\/www.grupomedcof.com.br\/blog\/principais-residencias-medicas-na-regiao-nordeste\/#primaryimage","url":"https:\/\/www.grupomedcof.com.br\/blog\/wp-content\/uploads\/2024\/08\/Blog-MedCof-79.png","contentUrl":"https:\/\/www.grupomedcof.com.br\/blog\/wp-content\/uploads\/2024\/08\/Blog-MedCof-79.png","width":2560,"height":1440},{"@type":"BreadcrumbList","@id":"https:\/\/www.grupomedcof.com.br\/blog\/principais-residencias-medicas-na-regiao-nordeste\/#breadcrumb","itemListElement":[{"@type":"ListItem","position":1,"name":"In\u00edcio","item":"https:\/\/www.grupomedcof.com.br\/blog\/"},{"@type":"ListItem","position":2,"name":"Principais Resid\u00eancias M\u00e9dicas na regi\u00e3o Nordeste"}]},{"@type":"WebSite","@id":"https:\/\/www.grupomedcof.com.br\/blog\/#website","url":"https:\/\/www.grupomedcof.com.br\/blog\/","name":"Blog de Medcof: conte\u00fados, editais, revalida e mais!","description":"Acesso o blog de MedCof! Seu portal de conte\u00fados sobre resid\u00eancia m\u00e9dica, an\u00e1lise e editais e muito mais. Clique e confira!","publisher":{"@id":"https:\/\/www.grupomedcof.com.br\/blog\/#organization"},"alternateName":"Blog de Medcof: conte\u00fados, editais, revalida e mais!","potentialAction":[{"@type":"SearchAction","target":{"@type":"EntryPoint","urlTemplate":"https:\/\/www.grupomedcof.com.br\/blog\/?s={search_term_string}"},"query-input":{"@type":"PropertyValueSpecification","valueRequired":true,"valueName":"search_term_string"}}],"inLanguage":"pt-BR"},{"@type":"Organization","@id":"https:\/\/www.grupomedcof.com.br\/blog\/#organization","name":"Grupo MedCof","url":"https:\/\/www.grupomedcof.com.br\/blog\/","logo":{"@type":"ImageObject","inLanguage":"pt-BR","@id":"https:\/\/www.grupomedcof.com.br\/blog\/#\/schema\/logo\/image\/","url":"https:\/\/www.grupomedcof.com.br\/blog\/wp-content\/uploads\/2022\/01\/logo-medcof.png","contentUrl":"https:\/\/www.grupomedcof.com.br\/blog\/wp-content\/uploads\/2022\/01\/logo-medcof.png","width":768,"height":269,"caption":"Grupo MedCof"},"image":{"@id":"https:\/\/www.grupomedcof.com.br\/blog\/#\/schema\/logo\/image\/"},"sameAs":["https:\/\/www.facebook.com\/MedCofQbank\/","https:\/\/www.instagram.com\/grupomedcof\/","https:\/\/br.linkedin.com\/company\/medcof","https:\/\/www.youtube.com\/channel\/UCdHMuOHKICxcHwecxN8P-AA"]},{"@type":"Person","@id":"https:\/\/www.grupomedcof.com.br\/blog\/#\/schema\/person\/db19a651f86c5fc202d6eee744fd3292","name":"Kiara Adelino","image":{"@type":"ImageObject","inLanguage":"pt-BR","@id":"https:\/\/www.grupomedcof.com.br\/blog\/wp-content\/uploads\/2024\/08\/cropped-Kiara-Adelino2-96x96.jpega85663bdda67261f8f06f86e555e1e49","url":"https:\/\/www.grupomedcof.com.br\/blog\/wp-content\/uploads\/2024\/08\/cropped-Kiara-Adelino2-96x96.jpeg","contentUrl":"https:\/\/www.grupomedcof.com.br\/blog\/wp-content\/uploads\/2024\/08\/cropped-Kiara-Adelino2-96x96.jpeg","caption":"Kiara Adelino"},"description":"Estudante do 5\u00b0 semestre de Medicina. Gosto bastante de aprender coisas novas, principalmente na \u00e1rea de Neurologia e Anatomia humana.","url":"https:\/\/www.grupomedcof.com.br\/blog\/author\/kiara-adelino\/"}]}},"authors":[{"term_id":3617,"user_id":21,"is_guest":0,"slug":"kiara-adelino","display_name":"Kiara Adelino","avatar_url":"https:\/\/www.grupomedcof.com.br\/blog\/wp-content\/uploads\/2024\/08\/cropped-Kiara-Adelino2-96x96.jpeg","0":null,"1":"","2":"","3":"","4":"","5":"","6":"","7":"","8":""}],"_links":{"self":[{"href":"https:\/\/www.grupomedcof.com.br\/blog\/wp-json\/wp\/v2\/posts\/28360","targetHints":{"allow":["GET"]}}],"collection":[{"href":"https:\/\/www.grupomedcof.com.br\/blog\/wp-json\/wp\/v2\/posts"}],"about":[{"href":"https:\/\/www.grupomedcof.com.br\/blog\/wp-json\/wp\/v2\/types\/post"}],"author":[{"embeddable":true,"href":"https:\/\/www.grupomedcof.com.br\/blog\/wp-json\/wp\/v2\/users\/21"}],"replies":[{"embeddable":true,"href":"https:\/\/www.grupomedcof.com.br\/blog\/wp-json\/wp\/v2\/comments?post=28360"}],"version-history":[{"count":0,"href":"https:\/\/www.grupomedcof.com.br\/blog\/wp-json\/wp\/v2\/posts\/28360\/revisions"}],"wp:featuredmedia":[{"embeddable":true,"href":"https:\/\/www.grupomedcof.com.br\/blog\/wp-json\/wp\/v2\/media\/28371"}],"wp:attachment":[{"href":"https:\/\/www.grupomedcof.com.br\/blog\/wp-json\/wp\/v2\/media?parent=28360"}],"wp:term":[{"taxonomy":"category","embeddable":true,"href":"https:\/\/www.grupomedcof.com.br\/blog\/wp-json\/wp\/v2\/categories?post=28360"},{"taxonomy":"post_tag","embeddable":true,"href":"https:\/\/www.grupomedcof.com.br\/blog\/wp-json\/wp\/v2\/tags?post=28360"},{"taxonomy":"author","embeddable":true,"href":"https:\/\/www.grupomedcof.com.br\/blog\/wp-json\/wp\/v2\/ppma_author?post=28360"}],"curies":[{"name":"wp","href":"https:\/\/api.w.org\/{rel}","templated":true}]}}