{"id":28397,"date":"2024-08-05T10:19:16","date_gmt":"2024-08-05T13:19:16","guid":{"rendered":"https:\/\/www.grupomedcof.com.br\/blog\/?p=28397"},"modified":"2024-09-17T17:19:41","modified_gmt":"2024-09-17T20:19:41","slug":"ufsc-retira-vagas-do-enare-2024-2025","status":"publish","type":"post","link":"https:\/\/www.grupomedcof.com.br\/blog\/ufsc-retira-vagas-do-enare-2024-2025\/","title":{"rendered":"UFSC retira vagas do ENARE 2024\/2025"},"content":{"rendered":"<div id=\"ez-toc-container\" class=\"ez-toc-v2_0_74 counter-hierarchy ez-toc-counter ez-toc-transparent ez-toc-container-direction\">\n<div class=\"ez-toc-title-container\">\n<p class=\"ez-toc-title\" style=\"cursor:inherit\">Sum\u00e1rio<\/p>\n<span class=\"ez-toc-title-toggle\"><a href=\"#\" class=\"ez-toc-pull-right ez-toc-btn ez-toc-btn-xs ez-toc-btn-default ez-toc-toggle\" aria-label=\"Alternar tabela de conte\u00fado\"><span class=\"ez-toc-js-icon-con\"><span class=\"\"><span class=\"eztoc-hide\" style=\"display:none;\">Toggle<\/span><span class=\"ez-toc-icon-toggle-span\"><svg style=\"fill: #999;color:#999\" xmlns=\"http:\/\/www.w3.org\/2000\/svg\" class=\"list-377408\" width=\"20px\" height=\"20px\" viewBox=\"0 0 24 24\" fill=\"none\"><path d=\"M6 6H4v2h2V6zm14 0H8v2h12V6zM4 11h2v2H4v-2zm16 0H8v2h12v-2zM4 16h2v2H4v-2zm16 0H8v2h12v-2z\" fill=\"currentColor\"><\/path><\/svg><svg style=\"fill: #999;color:#999\" class=\"arrow-unsorted-368013\" xmlns=\"http:\/\/www.w3.org\/2000\/svg\" width=\"10px\" height=\"10px\" viewBox=\"0 0 24 24\" version=\"1.2\" baseProfile=\"tiny\"><path d=\"M18.2 9.3l-6.2-6.3-6.2 6.3c-.2.2-.3.4-.3.7s.1.5.3.7c.2.2.4.3.7.3h11c.3 0 .5-.1.7-.3.2-.2.3-.5.3-.7s-.1-.5-.3-.7zM5.8 14.7l6.2 6.3 6.2-6.3c.2-.2.3-.5.3-.7s-.1-.5-.3-.7c-.2-.2-.4-.3-.7-.3h-11c-.3 0-.5.1-.7.3-.2.2-.3.5-.3.7s.1.5.3.7z\"\/><\/svg><\/span><\/span><\/span><\/a><\/span><\/div>\n<nav><ul class='ez-toc-list ez-toc-list-level-1 ' ><li class='ez-toc-page-1 ez-toc-heading-level-2'><a class=\"ez-toc-link ez-toc-heading-1\" href=\"https:\/\/www.grupomedcof.com.br\/blog\/ufsc-retira-vagas-do-enare-2024-2025\/#Vagas_UFSC_2025\" >Vagas UFSC 2025<\/a><\/li><li class='ez-toc-page-1 ez-toc-heading-level-2'><a class=\"ez-toc-link ez-toc-heading-2\" href=\"https:\/\/www.grupomedcof.com.br\/blog\/ufsc-retira-vagas-do-enare-2024-2025\/#Sobre_a_UFSC\" >Sobre a UFSC<\/a><\/li><li class='ez-toc-page-1 ez-toc-heading-level-2'><a class=\"ez-toc-link ez-toc-heading-3\" href=\"https:\/\/www.grupomedcof.com.br\/blog\/ufsc-retira-vagas-do-enare-2024-2025\/#Prepare-se_para_a_UFSC\" >Prepare-se para a UFSC!<\/a><\/li><\/ul><\/nav><\/div>\n\n<figure class=\"wp-block-image size-large\"><img loading=\"lazy\" decoding=\"async\" width=\"1024\" height=\"576\" src=\"https:\/\/www.grupomedcof.com.br\/blog\/wp-content\/uploads\/2024\/08\/Blog-MedCof-81-1024x576.png\" alt=\"\" class=\"wp-image-28402\" srcset=\"https:\/\/www.grupomedcof.com.br\/blog\/wp-content\/uploads\/2024\/08\/Blog-MedCof-81-1024x576.png 1024w, https:\/\/www.grupomedcof.com.br\/blog\/wp-content\/uploads\/2024\/08\/Blog-MedCof-81-300x169.png 300w, https:\/\/www.grupomedcof.com.br\/blog\/wp-content\/uploads\/2024\/08\/Blog-MedCof-81-768x432.png 768w, https:\/\/www.grupomedcof.com.br\/blog\/wp-content\/uploads\/2024\/08\/Blog-MedCof-81-1536x864.png 1536w, https:\/\/www.grupomedcof.com.br\/blog\/wp-content\/uploads\/2024\/08\/Blog-MedCof-81-2048x1152.png 2048w, https:\/\/www.grupomedcof.com.br\/blog\/wp-content\/uploads\/2024\/08\/Blog-MedCof-81-747x420.png 747w, https:\/\/www.grupomedcof.com.br\/blog\/wp-content\/uploads\/2024\/08\/Blog-MedCof-81-150x84.png 150w, https:\/\/www.grupomedcof.com.br\/blog\/wp-content\/uploads\/2024\/08\/Blog-MedCof-81-696x392.png 696w, https:\/\/www.grupomedcof.com.br\/blog\/wp-content\/uploads\/2024\/08\/Blog-MedCof-81-1068x601.png 1068w, https:\/\/www.grupomedcof.com.br\/blog\/wp-content\/uploads\/2024\/08\/Blog-MedCof-81-1920x1080.png 1920w\" sizes=\"auto, (max-width: 1024px) 100vw, 1024px\" \/><\/figure>\n\n\n\n<p>Na \u00faltima sexta-feira (02), a Empresa Brasileira de Servi\u00e7os Hospitalares (Ebserh) divulgou a primeira retifica\u00e7\u00e3o do edital do Exame Nacional de Resid\u00eancia (ENARE).<\/p>\n\n\n\n<p>O documento traz a atualiza\u00e7\u00e3o&nbsp;com&nbsp;<strong>ajustes no n\u00famero de vagas ofertadas<\/strong>&nbsp;em algumas especialidades, bem como a&nbsp;<strong>retirada de programas<\/strong>&nbsp;de resid\u00eancia m\u00e9dica da edi\u00e7\u00e3o. A principal mudan\u00e7a foi a<strong>&nbsp;retirada de todos os programas ofertados pela Universidade Federal de Santa Catarina (UFSC) e suas 43 vagas<\/strong>. Al\u00e9m disso, a Associa\u00e7\u00e3o Hospitalar de Caridade Santa Rosa \u2013 Hospital Vida e Sa\u00fade, do Rio Grande do Sul, tamb\u00e9m deixa a edi\u00e7\u00e3o, que&nbsp;<strong>agora conta com a participa\u00e7\u00e3o de 127 institui\u00e7\u00f5es<\/strong>&nbsp;e&nbsp;<strong>4.875 vagas ofertadas.<\/strong> <\/p>\n\n\n\n<p>At\u00e9 o momento, a UFSC n\u00e3o disponibilizou mais informa\u00e7\u00f5es sobre o retorno ao exame da AMRIGS ou realiza\u00e7\u00e3o de processo seletivo pr\u00f3prio. <\/p>\n\n\n\n<h2 class=\"wp-block-heading\" id=\"h-vagas-ufsc-2025\"><span class=\"ez-toc-section\" id=\"Vagas_UFSC_2025\"><\/span><strong>Vagas UFSC 2025<\/strong><span class=\"ez-toc-section-end\"><\/span><\/h2>\n\n\n\n<p>Sendo assim, confira abaixo as vagas ofertadas pela UFSC que deixam o ENARE 2024\/2025:<\/p>\n\n\n\n<figure class=\"wp-block-table\"><table class=\"has-fixed-layout\"><thead><tr><th>Especialidades<\/th><th>Vagas<\/th><\/tr><\/thead><tbody><tr><td>ACUPUNTURA<\/td><td>2<\/td><\/tr><tr><td>ANESTESIOLOGIA<\/td><td>2<\/td><\/tr><tr><td>CIRURGIA GERAL<\/td><td>4<\/td><\/tr><tr><td>CL\u00cdNICA M\u00c9DICA<\/td><td>8<\/td><\/tr><tr><td>DERMATOLOGIA<\/td><td>2<\/td><\/tr><tr><td>GINECOLOGIA E OBSTETR\u00cdCIA<\/td><td>4<\/td><\/tr><tr><td>ENDOCRINOLOGIA E METABOLOGIA<\/td><td>2<\/td><\/tr><tr><td>GASTROENTEROLOGIA<\/td><td>2<\/td><\/tr><tr><td>MEDICINA INTENSIVA<\/td><td>4<\/td><\/tr><tr><td>NEUROLOGIA<\/td><td>2<\/td><\/tr><tr><td>HEMATOLOGIA E HEMOTERAPIA<\/td><td>1<\/td><\/tr><tr><td>PATOLOGIA<\/td><td>2<\/td><\/tr><tr><td>REUMATOLOGIA<\/td><td>1<\/td><\/tr><tr><td>PEDIATRIA<\/td><td>4<\/td><\/tr><tr><td>RADIOLOGIA E DIAGN\u00d3STICO POR IMAGEM<\/td><td>3<\/td><\/tr><\/tbody><\/table><\/figure>\n\n\n\n<h2 class=\"wp-block-heading\" id=\"h-sobre-a-ufsc\"><span class=\"ez-toc-section\" id=\"Sobre_a_UFSC\"><\/span><strong>Sobre a UFSC<\/strong><span class=\"ez-toc-section-end\"><\/span><\/h2>\n\n\n\n<p>A Universidade Federal de Santa Catarina \u00e9 uma universidade p\u00fablica em Florian\u00f3polis. Foi fundada em 1960, com o objetivo de promover ensino, pesquisa e extens\u00e3o. A UFSC oferece educa\u00e7\u00e3o p\u00fablica e gratuita e est\u00e1 entre as melhores universidades do pa\u00eds e da Am\u00e9rica Latina.<\/p>\n\n\n\n<p>A partir de 2009, a Universidade expandiu para o interior do estado, criando quatro novos&nbsp;<em>campi<\/em>&nbsp;nas cidades de Ararangu\u00e1, Blumenau, Curitibanos e Joinville. Sua comunidade universit\u00e1ria \u00e9 constitu\u00edda por cerca de 40 mil pessoas, incluindo aproximadamente 5.500 servidores docentes e t\u00e9cnico-administrativos.&nbsp;&nbsp;Em n\u00edvel de gradua\u00e7\u00e3o, a UFSC possui cerca de 26 mil estudantes matriculados em mais de 100 cursos presenciais e 10 cursos de educa\u00e7\u00e3o \u00e0 dist\u00e2ncia. A institui\u00e7\u00e3o oferece tamb\u00e9m p\u00f3s-gradua\u00e7\u00e3o.<\/p>\n\n\n\n<h2 class=\"wp-block-heading\" id=\"h-prepare-se-para-a-ufsc\"><span class=\"ez-toc-section\" id=\"Prepare-se_para_a_UFSC\"><\/span><strong>Prepare-se para a UFSC!<\/strong><span class=\"ez-toc-section-end\"><\/span><\/h2>\n\n\n\n<p>Quer garantir a sua aprova\u00e7\u00e3o na prova da UFSC? Ent\u00e3o conhe\u00e7a o&nbsp;<a href=\"https:\/\/www.grupomedcof.com.br\/home\/\">Grupo MedCof&nbsp;<\/a>e a metodologia que j\u00e1 aprovou<a href=\"https:\/\/www.grupomedcof.com.br\/blog\/presenca-da-medcof-nas-aprovacoes-em-residencia-medica-no-brasil\/\" target=\"_blank\" rel=\"noreferrer noopener\">&nbsp;<strong>mais de 10 mil residentes<\/strong>&nbsp;<\/a>pelo pa\u00eds. Por fim, voc\u00ea pode acessar o nosso<a href=\"https:\/\/www.youtube.com\/@GrupoMedcof\/featured\" target=\"_blank\" rel=\"noreferrer noopener\">&nbsp;<strong>canal do youtube&nbsp;<\/strong><\/a>e ver todo nosso materia, como esse COFEXPRESS:<\/p>\n\n\n\n<figure class=\"wp-block-embed is-type-video is-provider-youtube wp-block-embed-youtube wp-embed-aspect-16-9 wp-has-aspect-ratio\"><div class=\"wp-block-embed__wrapper\">\n<div class=\"youtube-embed\" data-video_id=\"RsNrcKsi4Vg\"><iframe loading=\"lazy\" title=\"COFEXPRESS - Corrimentos vaginais. Com Dra. Nicole Kemberly\" width=\"696\" height=\"392\" src=\"https:\/\/www.youtube.com\/embed\/RsNrcKsi4Vg?feature=oembed&#038;enablejsapi=1\" frameborder=\"0\" allow=\"accelerometer; autoplay; clipboard-write; encrypted-media; gyroscope; picture-in-picture; web-share\" referrerpolicy=\"strict-origin-when-cross-origin\" allowfullscreen><\/iframe><\/div>\n<\/div><\/figure>\n","protected":false},"excerpt":{"rendered":"<p>Na \u00faltima sexta-feira (02), a Ebserh divulgou a primeira retifica\u00e7\u00e3o do edital do Exame Nacional de Resid\u00eancia (ENARE).<\/p>\n","protected":false},"author":20,"featured_media":28402,"comment_status":"open","ping_status":"open","sticky":false,"template":"","format":"standard","meta":{"footnotes":""},"categories":[287,2023,174],"tags":[29,93,117,68,263,1738],"ppma_author":[3616],"class_list":{"0":"post-28397","1":"post","2":"type-post","3":"status-publish","4":"format-standard","5":"has-post-thumbnail","7":"category-destaques-medcof","8":"category-editais","9":"category-residencia-medica","10":"tag-enare","11":"tag-especialidades-medicas","12":"tag-provas-de-residencia","13":"tag-residencia-medica","14":"tag-ufsc","15":"tag-vagas-ufsc"},"yoast_head":"<!-- This site is optimized with the Yoast SEO Premium plugin v24.3 (Yoast SEO v27.4) - https:\/\/yoast.com\/product\/yoast-seo-premium-wordpress\/ -->\n<title>UFSC retira vagas do ENARE 2024\/2025 - Blog de Medcof: conte\u00fados, editais, revalida e mais!<\/title>\n<meta name=\"description\" content=\"Na \u00faltima sexta-feira (02), a Ebserh divulgou a primeira retifica\u00e7\u00e3o do edital do Exame Nacional de Resid\u00eancia (ENARE).\" \/>\n<meta name=\"robots\" content=\"index, follow, max-snippet:-1, max-image-preview:large, max-video-preview:-1\" \/>\n<link rel=\"canonical\" href=\"https:\/\/www.grupomedcof.com.br\/blog\/ufsc-retira-vagas-do-enare-2024-2025\/\" \/>\n<meta property=\"og:locale\" content=\"pt_BR\" \/>\n<meta property=\"og:type\" content=\"article\" \/>\n<meta property=\"og:title\" content=\"UFSC retira vagas do ENARE 2024\/2025\" \/>\n<meta property=\"og:description\" content=\"Na \u00faltima sexta-feira (02), a Ebserh divulgou a primeira retifica\u00e7\u00e3o do edital do Exame Nacional de Resid\u00eancia (ENARE).\" \/>\n<meta property=\"og:url\" content=\"https:\/\/www.grupomedcof.com.br\/blog\/ufsc-retira-vagas-do-enare-2024-2025\/\" \/>\n<meta property=\"og:site_name\" content=\"Blog de Medcof: conte\u00fados, editais, revalida e mais!\" \/>\n<meta property=\"article:publisher\" content=\"https:\/\/www.facebook.com\/MedCofQbank\/\" \/>\n<meta property=\"article:published_time\" content=\"2024-08-05T13:19:16+00:00\" \/>\n<meta property=\"article:modified_time\" content=\"2024-09-17T20:19:41+00:00\" \/>\n<meta property=\"og:image\" content=\"https:\/\/www.grupomedcof.com.br\/blog\/wp-content\/uploads\/2024\/08\/Blog-MedCof-81-1024x576.png\" \/>\n\t<meta property=\"og:image:width\" content=\"1024\" \/>\n\t<meta property=\"og:image:height\" content=\"576\" \/>\n\t<meta property=\"og:image:type\" content=\"image\/png\" \/>\n<meta name=\"author\" content=\"Leila Menzel\" \/>\n<meta name=\"twitter:card\" content=\"summary_large_image\" \/>\n<meta name=\"twitter:label1\" content=\"Escrito por\" \/>\n\t<meta name=\"twitter:data1\" content=\"Leila Menzel\" \/>\n\t<meta name=\"twitter:label2\" content=\"Est. tempo de leitura\" \/>\n\t<meta name=\"twitter:data2\" content=\"3 minutos\" \/>\n<script type=\"application\/ld+json\" class=\"yoast-schema-graph\">{\"@context\":\"https:\\\/\\\/schema.org\",\"@graph\":[{\"@type\":\"Article\",\"@id\":\"https:\\\/\\\/www.grupomedcof.com.br\\\/blog\\\/ufsc-retira-vagas-do-enare-2024-2025\\\/#article\",\"isPartOf\":{\"@id\":\"https:\\\/\\\/www.grupomedcof.com.br\\\/blog\\\/ufsc-retira-vagas-do-enare-2024-2025\\\/\"},\"author\":{\"name\":\"Leila Menzel\",\"@id\":\"https:\\\/\\\/www.grupomedcof.com.br\\\/blog\\\/#\\\/schema\\\/person\\\/9a44c2184a836bf5ae6967fdb3a1451e\"},\"headline\":\"UFSC retira vagas do ENARE 2024\\\/2025\",\"datePublished\":\"2024-08-05T13:19:16+00:00\",\"dateModified\":\"2024-09-17T20:19:41+00:00\",\"mainEntityOfPage\":{\"@id\":\"https:\\\/\\\/www.grupomedcof.com.br\\\/blog\\\/ufsc-retira-vagas-do-enare-2024-2025\\\/\"},\"wordCount\":405,\"commentCount\":0,\"publisher\":{\"@id\":\"https:\\\/\\\/www.grupomedcof.com.br\\\/blog\\\/#organization\"},\"image\":{\"@id\":\"https:\\\/\\\/www.grupomedcof.com.br\\\/blog\\\/ufsc-retira-vagas-do-enare-2024-2025\\\/#primaryimage\"},\"thumbnailUrl\":\"https:\\\/\\\/www.grupomedcof.com.br\\\/blog\\\/wp-content\\\/uploads\\\/2024\\\/08\\\/Blog-MedCof-81.png\",\"keywords\":[\"ENARE\",\"Especialidades m\u00e9dicas\",\"Provas de Resid\u00eancia\",\"Resid\u00eancia M\u00e9dica\",\"UFSC\",\"Vagas UFSC\"],\"articleSection\":[\"Destaques MedCof\",\"Editais\",\"Resid\u00eancia m\u00e9dica: editais, resultados, temas quentes e mais\"],\"inLanguage\":\"pt-BR\"},{\"@type\":\"WebPage\",\"@id\":\"https:\\\/\\\/www.grupomedcof.com.br\\\/blog\\\/ufsc-retira-vagas-do-enare-2024-2025\\\/\",\"url\":\"https:\\\/\\\/www.grupomedcof.com.br\\\/blog\\\/ufsc-retira-vagas-do-enare-2024-2025\\\/\",\"name\":\"UFSC retira vagas do ENARE 2024\\\/2025 - Blog de Medcof: conte\u00fados, editais, revalida e mais!\",\"isPartOf\":{\"@id\":\"https:\\\/\\\/www.grupomedcof.com.br\\\/blog\\\/#website\"},\"primaryImageOfPage\":{\"@id\":\"https:\\\/\\\/www.grupomedcof.com.br\\\/blog\\\/ufsc-retira-vagas-do-enare-2024-2025\\\/#primaryimage\"},\"image\":{\"@id\":\"https:\\\/\\\/www.grupomedcof.com.br\\\/blog\\\/ufsc-retira-vagas-do-enare-2024-2025\\\/#primaryimage\"},\"thumbnailUrl\":\"https:\\\/\\\/www.grupomedcof.com.br\\\/blog\\\/wp-content\\\/uploads\\\/2024\\\/08\\\/Blog-MedCof-81.png\",\"datePublished\":\"2024-08-05T13:19:16+00:00\",\"dateModified\":\"2024-09-17T20:19:41+00:00\",\"description\":\"Na \u00faltima sexta-feira (02), a Ebserh divulgou a primeira retifica\u00e7\u00e3o do edital do Exame Nacional de Resid\u00eancia (ENARE).\",\"breadcrumb\":{\"@id\":\"https:\\\/\\\/www.grupomedcof.com.br\\\/blog\\\/ufsc-retira-vagas-do-enare-2024-2025\\\/#breadcrumb\"},\"inLanguage\":\"pt-BR\",\"potentialAction\":[{\"@type\":\"ReadAction\",\"target\":[\"https:\\\/\\\/www.grupomedcof.com.br\\\/blog\\\/ufsc-retira-vagas-do-enare-2024-2025\\\/\"]}]},{\"@type\":\"ImageObject\",\"inLanguage\":\"pt-BR\",\"@id\":\"https:\\\/\\\/www.grupomedcof.com.br\\\/blog\\\/ufsc-retira-vagas-do-enare-2024-2025\\\/#primaryimage\",\"url\":\"https:\\\/\\\/www.grupomedcof.com.br\\\/blog\\\/wp-content\\\/uploads\\\/2024\\\/08\\\/Blog-MedCof-81.png\",\"contentUrl\":\"https:\\\/\\\/www.grupomedcof.com.br\\\/blog\\\/wp-content\\\/uploads\\\/2024\\\/08\\\/Blog-MedCof-81.png\",\"width\":2560,\"height\":1440},{\"@type\":\"BreadcrumbList\",\"@id\":\"https:\\\/\\\/www.grupomedcof.com.br\\\/blog\\\/ufsc-retira-vagas-do-enare-2024-2025\\\/#breadcrumb\",\"itemListElement\":[{\"@type\":\"ListItem\",\"position\":1,\"name\":\"In\u00edcio\",\"item\":\"https:\\\/\\\/www.grupomedcof.com.br\\\/blog\\\/\"},{\"@type\":\"ListItem\",\"position\":2,\"name\":\"UFSC retira vagas do ENARE 2024\\\/2025\"}]},{\"@type\":\"WebSite\",\"@id\":\"https:\\\/\\\/www.grupomedcof.com.br\\\/blog\\\/#website\",\"url\":\"https:\\\/\\\/www.grupomedcof.com.br\\\/blog\\\/\",\"name\":\"Blog de Medcof: conte\u00fados, editais, revalida e mais!\",\"description\":\"Acesso o blog de MedCof! Seu portal de conte\u00fados sobre resid\u00eancia m\u00e9dica, an\u00e1lise e editais e muito mais. Clique e confira!\",\"publisher\":{\"@id\":\"https:\\\/\\\/www.grupomedcof.com.br\\\/blog\\\/#organization\"},\"alternateName\":\"Blog de Medcof: conte\u00fados, editais, revalida e mais!\",\"potentialAction\":[{\"@type\":\"SearchAction\",\"target\":{\"@type\":\"EntryPoint\",\"urlTemplate\":\"https:\\\/\\\/www.grupomedcof.com.br\\\/blog\\\/?s={search_term_string}\"},\"query-input\":{\"@type\":\"PropertyValueSpecification\",\"valueRequired\":true,\"valueName\":\"search_term_string\"}}],\"inLanguage\":\"pt-BR\"},{\"@type\":\"Organization\",\"@id\":\"https:\\\/\\\/www.grupomedcof.com.br\\\/blog\\\/#organization\",\"name\":\"Grupo MedCof\",\"url\":\"https:\\\/\\\/www.grupomedcof.com.br\\\/blog\\\/\",\"logo\":{\"@type\":\"ImageObject\",\"inLanguage\":\"pt-BR\",\"@id\":\"https:\\\/\\\/www.grupomedcof.com.br\\\/blog\\\/#\\\/schema\\\/logo\\\/image\\\/\",\"url\":\"https:\\\/\\\/www.grupomedcof.com.br\\\/blog\\\/wp-content\\\/uploads\\\/2022\\\/01\\\/logo-medcof.png\",\"contentUrl\":\"https:\\\/\\\/www.grupomedcof.com.br\\\/blog\\\/wp-content\\\/uploads\\\/2022\\\/01\\\/logo-medcof.png\",\"width\":768,\"height\":269,\"caption\":\"Grupo MedCof\"},\"image\":{\"@id\":\"https:\\\/\\\/www.grupomedcof.com.br\\\/blog\\\/#\\\/schema\\\/logo\\\/image\\\/\"},\"sameAs\":[\"https:\\\/\\\/www.facebook.com\\\/MedCofQbank\\\/\",\"https:\\\/\\\/www.instagram.com\\\/grupomedcof\\\/\",\"https:\\\/\\\/br.linkedin.com\\\/company\\\/medcof\",\"https:\\\/\\\/www.youtube.com\\\/channel\\\/UCdHMuOHKICxcHwecxN8P-AA\"]},{\"@type\":\"Person\",\"@id\":\"https:\\\/\\\/www.grupomedcof.com.br\\\/blog\\\/#\\\/schema\\\/person\\\/9a44c2184a836bf5ae6967fdb3a1451e\",\"name\":\"Leila Menzel\",\"image\":{\"@type\":\"ImageObject\",\"inLanguage\":\"pt-BR\",\"@id\":\"https:\\\/\\\/www.grupomedcof.com.br\\\/blog\\\/wp-content\\\/uploads\\\/2025\\\/09\\\/cropped-eu-96x96.jpeg19a74936d997c0a8b3031618467fa1d0\",\"url\":\"https:\\\/\\\/www.grupomedcof.com.br\\\/blog\\\/wp-content\\\/uploads\\\/2025\\\/09\\\/cropped-eu-96x96.jpeg\",\"contentUrl\":\"https:\\\/\\\/www.grupomedcof.com.br\\\/blog\\\/wp-content\\\/uploads\\\/2025\\\/09\\\/cropped-eu-96x96.jpeg\",\"caption\":\"Leila Menzel\"},\"description\":\"Estudante do 6\u00b0 semestre de jornalismo, amo e escrevo poesias e viajo em livros de romances clich\u00eas.\",\"url\":\"https:\\\/\\\/www.grupomedcof.com.br\\\/blog\\\/author\\\/leila-menzel\\\/\"}]}<\/script>\n<!-- \/ Yoast SEO Premium plugin. -->","yoast_head_json":{"title":"UFSC retira vagas do ENARE 2024\/2025 - Blog de Medcof: conte\u00fados, editais, revalida e mais!","description":"Na \u00faltima sexta-feira (02), a Ebserh divulgou a primeira retifica\u00e7\u00e3o do edital do Exame Nacional de Resid\u00eancia (ENARE).","robots":{"index":"index","follow":"follow","max-snippet":"max-snippet:-1","max-image-preview":"max-image-preview:large","max-video-preview":"max-video-preview:-1"},"canonical":"https:\/\/www.grupomedcof.com.br\/blog\/ufsc-retira-vagas-do-enare-2024-2025\/","og_locale":"pt_BR","og_type":"article","og_title":"UFSC retira vagas do ENARE 2024\/2025","og_description":"Na \u00faltima sexta-feira (02), a Ebserh divulgou a primeira retifica\u00e7\u00e3o do edital do Exame Nacional de Resid\u00eancia (ENARE).","og_url":"https:\/\/www.grupomedcof.com.br\/blog\/ufsc-retira-vagas-do-enare-2024-2025\/","og_site_name":"Blog de Medcof: conte\u00fados, editais, revalida e mais!","article_publisher":"https:\/\/www.facebook.com\/MedCofQbank\/","article_published_time":"2024-08-05T13:19:16+00:00","article_modified_time":"2024-09-17T20:19:41+00:00","og_image":[{"width":1024,"height":576,"url":"https:\/\/www.grupomedcof.com.br\/blog\/wp-content\/uploads\/2024\/08\/Blog-MedCof-81-1024x576.png","type":"image\/png"}],"author":"Leila Menzel","twitter_card":"summary_large_image","twitter_misc":{"Escrito por":"Leila Menzel","Est. tempo de leitura":"3 minutos"},"schema":{"@context":"https:\/\/schema.org","@graph":[{"@type":"Article","@id":"https:\/\/www.grupomedcof.com.br\/blog\/ufsc-retira-vagas-do-enare-2024-2025\/#article","isPartOf":{"@id":"https:\/\/www.grupomedcof.com.br\/blog\/ufsc-retira-vagas-do-enare-2024-2025\/"},"author":{"name":"Leila Menzel","@id":"https:\/\/www.grupomedcof.com.br\/blog\/#\/schema\/person\/9a44c2184a836bf5ae6967fdb3a1451e"},"headline":"UFSC retira vagas do ENARE 2024\/2025","datePublished":"2024-08-05T13:19:16+00:00","dateModified":"2024-09-17T20:19:41+00:00","mainEntityOfPage":{"@id":"https:\/\/www.grupomedcof.com.br\/blog\/ufsc-retira-vagas-do-enare-2024-2025\/"},"wordCount":405,"commentCount":0,"publisher":{"@id":"https:\/\/www.grupomedcof.com.br\/blog\/#organization"},"image":{"@id":"https:\/\/www.grupomedcof.com.br\/blog\/ufsc-retira-vagas-do-enare-2024-2025\/#primaryimage"},"thumbnailUrl":"https:\/\/www.grupomedcof.com.br\/blog\/wp-content\/uploads\/2024\/08\/Blog-MedCof-81.png","keywords":["ENARE","Especialidades m\u00e9dicas","Provas de Resid\u00eancia","Resid\u00eancia M\u00e9dica","UFSC","Vagas UFSC"],"articleSection":["Destaques MedCof","Editais","Resid\u00eancia m\u00e9dica: editais, resultados, temas quentes e mais"],"inLanguage":"pt-BR"},{"@type":"WebPage","@id":"https:\/\/www.grupomedcof.com.br\/blog\/ufsc-retira-vagas-do-enare-2024-2025\/","url":"https:\/\/www.grupomedcof.com.br\/blog\/ufsc-retira-vagas-do-enare-2024-2025\/","name":"UFSC retira vagas do ENARE 2024\/2025 - Blog de Medcof: conte\u00fados, editais, revalida e mais!","isPartOf":{"@id":"https:\/\/www.grupomedcof.com.br\/blog\/#website"},"primaryImageOfPage":{"@id":"https:\/\/www.grupomedcof.com.br\/blog\/ufsc-retira-vagas-do-enare-2024-2025\/#primaryimage"},"image":{"@id":"https:\/\/www.grupomedcof.com.br\/blog\/ufsc-retira-vagas-do-enare-2024-2025\/#primaryimage"},"thumbnailUrl":"https:\/\/www.grupomedcof.com.br\/blog\/wp-content\/uploads\/2024\/08\/Blog-MedCof-81.png","datePublished":"2024-08-05T13:19:16+00:00","dateModified":"2024-09-17T20:19:41+00:00","description":"Na \u00faltima sexta-feira (02), a Ebserh divulgou a primeira retifica\u00e7\u00e3o do edital do Exame Nacional de Resid\u00eancia (ENARE).","breadcrumb":{"@id":"https:\/\/www.grupomedcof.com.br\/blog\/ufsc-retira-vagas-do-enare-2024-2025\/#breadcrumb"},"inLanguage":"pt-BR","potentialAction":[{"@type":"ReadAction","target":["https:\/\/www.grupomedcof.com.br\/blog\/ufsc-retira-vagas-do-enare-2024-2025\/"]}]},{"@type":"ImageObject","inLanguage":"pt-BR","@id":"https:\/\/www.grupomedcof.com.br\/blog\/ufsc-retira-vagas-do-enare-2024-2025\/#primaryimage","url":"https:\/\/www.grupomedcof.com.br\/blog\/wp-content\/uploads\/2024\/08\/Blog-MedCof-81.png","contentUrl":"https:\/\/www.grupomedcof.com.br\/blog\/wp-content\/uploads\/2024\/08\/Blog-MedCof-81.png","width":2560,"height":1440},{"@type":"BreadcrumbList","@id":"https:\/\/www.grupomedcof.com.br\/blog\/ufsc-retira-vagas-do-enare-2024-2025\/#breadcrumb","itemListElement":[{"@type":"ListItem","position":1,"name":"In\u00edcio","item":"https:\/\/www.grupomedcof.com.br\/blog\/"},{"@type":"ListItem","position":2,"name":"UFSC retira vagas do ENARE 2024\/2025"}]},{"@type":"WebSite","@id":"https:\/\/www.grupomedcof.com.br\/blog\/#website","url":"https:\/\/www.grupomedcof.com.br\/blog\/","name":"Blog de Medcof: conte\u00fados, editais, revalida e mais!","description":"Acesso o blog de MedCof! Seu portal de conte\u00fados sobre resid\u00eancia m\u00e9dica, an\u00e1lise e editais e muito mais. Clique e confira!","publisher":{"@id":"https:\/\/www.grupomedcof.com.br\/blog\/#organization"},"alternateName":"Blog de Medcof: conte\u00fados, editais, revalida e mais!","potentialAction":[{"@type":"SearchAction","target":{"@type":"EntryPoint","urlTemplate":"https:\/\/www.grupomedcof.com.br\/blog\/?s={search_term_string}"},"query-input":{"@type":"PropertyValueSpecification","valueRequired":true,"valueName":"search_term_string"}}],"inLanguage":"pt-BR"},{"@type":"Organization","@id":"https:\/\/www.grupomedcof.com.br\/blog\/#organization","name":"Grupo MedCof","url":"https:\/\/www.grupomedcof.com.br\/blog\/","logo":{"@type":"ImageObject","inLanguage":"pt-BR","@id":"https:\/\/www.grupomedcof.com.br\/blog\/#\/schema\/logo\/image\/","url":"https:\/\/www.grupomedcof.com.br\/blog\/wp-content\/uploads\/2022\/01\/logo-medcof.png","contentUrl":"https:\/\/www.grupomedcof.com.br\/blog\/wp-content\/uploads\/2022\/01\/logo-medcof.png","width":768,"height":269,"caption":"Grupo MedCof"},"image":{"@id":"https:\/\/www.grupomedcof.com.br\/blog\/#\/schema\/logo\/image\/"},"sameAs":["https:\/\/www.facebook.com\/MedCofQbank\/","https:\/\/www.instagram.com\/grupomedcof\/","https:\/\/br.linkedin.com\/company\/medcof","https:\/\/www.youtube.com\/channel\/UCdHMuOHKICxcHwecxN8P-AA"]},{"@type":"Person","@id":"https:\/\/www.grupomedcof.com.br\/blog\/#\/schema\/person\/9a44c2184a836bf5ae6967fdb3a1451e","name":"Leila Menzel","image":{"@type":"ImageObject","inLanguage":"pt-BR","@id":"https:\/\/www.grupomedcof.com.br\/blog\/wp-content\/uploads\/2025\/09\/cropped-eu-96x96.jpeg19a74936d997c0a8b3031618467fa1d0","url":"https:\/\/www.grupomedcof.com.br\/blog\/wp-content\/uploads\/2025\/09\/cropped-eu-96x96.jpeg","contentUrl":"https:\/\/www.grupomedcof.com.br\/blog\/wp-content\/uploads\/2025\/09\/cropped-eu-96x96.jpeg","caption":"Leila Menzel"},"description":"Estudante do 6\u00b0 semestre de jornalismo, amo e escrevo poesias e viajo em livros de romances clich\u00eas.","url":"https:\/\/www.grupomedcof.com.br\/blog\/author\/leila-menzel\/"}]}},"authors":[{"term_id":3616,"user_id":20,"is_guest":0,"slug":"leila-menzel","display_name":"Leila Menzel","avatar_url":"https:\/\/www.grupomedcof.com.br\/blog\/wp-content\/uploads\/2025\/09\/cropped-eu-96x96.jpeg","0":null,"1":"","2":"","3":"","4":"","5":"","6":"","7":"","8":""}],"_links":{"self":[{"href":"https:\/\/www.grupomedcof.com.br\/blog\/wp-json\/wp\/v2\/posts\/28397","targetHints":{"allow":["GET"]}}],"collection":[{"href":"https:\/\/www.grupomedcof.com.br\/blog\/wp-json\/wp\/v2\/posts"}],"about":[{"href":"https:\/\/www.grupomedcof.com.br\/blog\/wp-json\/wp\/v2\/types\/post"}],"author":[{"embeddable":true,"href":"https:\/\/www.grupomedcof.com.br\/blog\/wp-json\/wp\/v2\/users\/20"}],"replies":[{"embeddable":true,"href":"https:\/\/www.grupomedcof.com.br\/blog\/wp-json\/wp\/v2\/comments?post=28397"}],"version-history":[{"count":0,"href":"https:\/\/www.grupomedcof.com.br\/blog\/wp-json\/wp\/v2\/posts\/28397\/revisions"}],"wp:featuredmedia":[{"embeddable":true,"href":"https:\/\/www.grupomedcof.com.br\/blog\/wp-json\/wp\/v2\/media\/28402"}],"wp:attachment":[{"href":"https:\/\/www.grupomedcof.com.br\/blog\/wp-json\/wp\/v2\/media?parent=28397"}],"wp:term":[{"taxonomy":"category","embeddable":true,"href":"https:\/\/www.grupomedcof.com.br\/blog\/wp-json\/wp\/v2\/categories?post=28397"},{"taxonomy":"post_tag","embeddable":true,"href":"https:\/\/www.grupomedcof.com.br\/blog\/wp-json\/wp\/v2\/tags?post=28397"},{"taxonomy":"author","embeddable":true,"href":"https:\/\/www.grupomedcof.com.br\/blog\/wp-json\/wp\/v2\/ppma_author?post=28397"}],"curies":[{"name":"wp","href":"https:\/\/api.w.org\/{rel}","templated":true}]}}