{"id":28449,"date":"2024-08-06T09:48:46","date_gmt":"2024-08-06T12:48:46","guid":{"rendered":"https:\/\/www.grupomedcof.com.br\/blog\/?p=28449"},"modified":"2024-08-06T10:55:52","modified_gmt":"2024-08-06T13:55:52","slug":"ministerio-da-saude-confirma-obito-fetal-por-febre-oropouche","status":"publish","type":"post","link":"https:\/\/www.grupomedcof.com.br\/blog\/ministerio-da-saude-confirma-obito-fetal-por-febre-oropouche\/","title":{"rendered":"Minist\u00e9rio da Sa\u00fade confirma \u00f3bito fetal por febre Oropouche"},"content":{"rendered":"<div id=\"ez-toc-container\" class=\"ez-toc-v2_0_74 counter-hierarchy ez-toc-counter ez-toc-transparent ez-toc-container-direction\">\n<div class=\"ez-toc-title-container\">\n<p class=\"ez-toc-title\" style=\"cursor:inherit\">Sum\u00e1rio<\/p>\n<span class=\"ez-toc-title-toggle\"><a href=\"#\" class=\"ez-toc-pull-right ez-toc-btn ez-toc-btn-xs ez-toc-btn-default ez-toc-toggle\" aria-label=\"Alternar tabela de conte\u00fado\"><span class=\"ez-toc-js-icon-con\"><span class=\"\"><span class=\"eztoc-hide\" style=\"display:none;\">Toggle<\/span><span class=\"ez-toc-icon-toggle-span\"><svg style=\"fill: #999;color:#999\" xmlns=\"http:\/\/www.w3.org\/2000\/svg\" class=\"list-377408\" width=\"20px\" height=\"20px\" viewBox=\"0 0 24 24\" fill=\"none\"><path d=\"M6 6H4v2h2V6zm14 0H8v2h12V6zM4 11h2v2H4v-2zm16 0H8v2h12v-2zM4 16h2v2H4v-2zm16 0H8v2h12v-2z\" fill=\"currentColor\"><\/path><\/svg><svg style=\"fill: #999;color:#999\" class=\"arrow-unsorted-368013\" xmlns=\"http:\/\/www.w3.org\/2000\/svg\" width=\"10px\" height=\"10px\" viewBox=\"0 0 24 24\" version=\"1.2\" baseProfile=\"tiny\"><path d=\"M18.2 9.3l-6.2-6.3-6.2 6.3c-.2.2-.3.4-.3.7s.1.5.3.7c.2.2.4.3.7.3h11c.3 0 .5-.1.7-.3.2-.2.3-.5.3-.7s-.1-.5-.3-.7zM5.8 14.7l6.2 6.3 6.2-6.3c.2-.2.3-.5.3-.7s-.1-.5-.3-.7c-.2-.2-.4-.3-.7-.3h-11c-.3 0-.5.1-.7.3-.2.2-.3.5-.3.7s.1.5.3.7z\"\/><\/svg><\/span><\/span><\/span><\/a><\/span><\/div>\n<nav><ul class='ez-toc-list ez-toc-list-level-1 ' ><li class='ez-toc-page-1 ez-toc-heading-level-2'><a class=\"ez-toc-link ez-toc-heading-1\" href=\"https:\/\/www.grupomedcof.com.br\/blog\/ministerio-da-saude-confirma-obito-fetal-por-febre-oropouche\/#Investigacao_de_outros_casos_de_transmissao_vertical\" >Investiga\u00e7\u00e3o de outros casos de transmiss\u00e3o vertical<\/a><\/li><li class='ez-toc-page-1 ez-toc-heading-level-2'><a class=\"ez-toc-link ez-toc-heading-2\" href=\"https:\/\/www.grupomedcof.com.br\/blog\/ministerio-da-saude-confirma-obito-fetal-por-febre-oropouche\/#Aumento_de_casos_de_Oropouche\" >Aumento de casos de Oropouche<\/a><ul class='ez-toc-list-level-3' ><li class='ez-toc-heading-level-3'><a class=\"ez-toc-link ez-toc-heading-3\" href=\"https:\/\/www.grupomedcof.com.br\/blog\/ministerio-da-saude-confirma-obito-fetal-por-febre-oropouche\/#Sintomas_e_prevencao\" >Sintomas e preven\u00e7\u00e3o<\/a><\/li><\/ul><\/li><li class='ez-toc-page-1 ez-toc-heading-level-2'><a class=\"ez-toc-link ez-toc-heading-4\" href=\"https:\/\/www.grupomedcof.com.br\/blog\/ministerio-da-saude-confirma-obito-fetal-por-febre-oropouche\/#Pesquisas_sobre_Oropouche\" >Pesquisas sobre Oropouche<\/a><\/li><li class='ez-toc-page-1 ez-toc-heading-level-2'><a class=\"ez-toc-link ez-toc-heading-5\" href=\"https:\/\/www.grupomedcof.com.br\/blog\/ministerio-da-saude-confirma-obito-fetal-por-febre-oropouche\/#Seja_um_MedCoffer\" >Seja um MedCoffer!<\/a><\/li><\/ul><\/nav><\/div>\n\n<figure class=\"wp-block-image size-large\"><img loading=\"lazy\" decoding=\"async\" width=\"1024\" height=\"576\" src=\"https:\/\/www.grupomedcof.com.br\/blog\/wp-content\/uploads\/2024\/08\/Blog-MedCof-85-1024x576.png\" alt=\"\" class=\"wp-image-28452\" srcset=\"https:\/\/www.grupomedcof.com.br\/blog\/wp-content\/uploads\/2024\/08\/Blog-MedCof-85-1024x576.png 1024w, https:\/\/www.grupomedcof.com.br\/blog\/wp-content\/uploads\/2024\/08\/Blog-MedCof-85-300x169.png 300w, https:\/\/www.grupomedcof.com.br\/blog\/wp-content\/uploads\/2024\/08\/Blog-MedCof-85-768x432.png 768w, https:\/\/www.grupomedcof.com.br\/blog\/wp-content\/uploads\/2024\/08\/Blog-MedCof-85-1536x864.png 1536w, https:\/\/www.grupomedcof.com.br\/blog\/wp-content\/uploads\/2024\/08\/Blog-MedCof-85-2048x1152.png 2048w, https:\/\/www.grupomedcof.com.br\/blog\/wp-content\/uploads\/2024\/08\/Blog-MedCof-85-747x420.png 747w, https:\/\/www.grupomedcof.com.br\/blog\/wp-content\/uploads\/2024\/08\/Blog-MedCof-85-150x84.png 150w, https:\/\/www.grupomedcof.com.br\/blog\/wp-content\/uploads\/2024\/08\/Blog-MedCof-85-696x392.png 696w, https:\/\/www.grupomedcof.com.br\/blog\/wp-content\/uploads\/2024\/08\/Blog-MedCof-85-1068x601.png 1068w, https:\/\/www.grupomedcof.com.br\/blog\/wp-content\/uploads\/2024\/08\/Blog-MedCof-85-1920x1080.png 1920w\" sizes=\"auto, (max-width: 1024px) 100vw, 1024px\" \/><\/figure>\n\n\n\n<p>O Minist\u00e9rio da Sa\u00fade <a href=\"https:\/\/www.gov.br\/saude\/pt-br\/assuntos\/noticias\/2024\/agosto\/saude-confirma-um-obito-fetal-por-oropouche-em-pernambuco\" target=\"_blank\" rel=\"noreferrer noopener\">confirmou na \u00faltima sexta-feira<\/a> (2) <strong>o primeiro caso de \u00f3bito fetal por febre Oropouche. <\/strong>A gestante, de 28 anos, estava na 30\u00aa semana de gesta\u00e7\u00e3o, e o \u00f3bito ocorreu por transmiss\u00e3o vertical, no estado de Pernambuco. <\/p>\n\n\n\n<p>O Minist\u00e9rio da Sa\u00fade enviar\u00e1 uma nota t\u00e9cnica com orienta\u00e7\u00f5es para a metodologia de an\u00e1lise laboratorial, vigil\u00e2ncia e a assist\u00eancia em sa\u00fade sobre condutas recomendadas para gestantes e rec\u00e9m-nascidos com sintomas compat\u00edveis com Oropouche. Esse documento tamb\u00e9m apresentar\u00e1 informa\u00e7\u00f5es sobre medidas de prote\u00e7\u00e3o individual para prevenir a doen\u00e7a. <\/p>\n\n\n\n<h2 class=\"wp-block-heading\" id=\"h-investigacao-de-outros-casos-de-transmissao-vertical\"><span class=\"ez-toc-section\" id=\"Investigacao_de_outros_casos_de_transmissao_vertical\"><\/span><strong>Investiga\u00e7\u00e3o de outros casos de transmiss\u00e3o vertical<\/strong><span class=\"ez-toc-section-end\"><\/span><\/h2>\n\n\n\n<p>Outros oito casos de transmiss\u00e3o vertical por febre Oropouche s\u00e3o investigados, sendo <strong>quatro casos em Pernambuco, um na Bahia e tr\u00eas no Acre.<\/strong> Sendo assim, <strong>metade dos casos evolu\u00edram para \u00f3bito fetal<\/strong> e quatro casos apresentaram anomalias cong\u00eanitas, como a microcefalia.<\/p>\n\n\n\n<p>As an\u00e1lises est\u00e3o sendo feitas pelas secretarias estaduais de sa\u00fade e especialistas, com o acompanhamento do Minist\u00e9rio da Sa\u00fade, para concluir se h\u00e1 <strong>rela\u00e7\u00e3o entre Oropouche e casos de malforma\u00e7\u00e3o ou abortamento.<\/strong><\/p>\n\n\n\n<p>A detec\u00e7\u00e3o de casos de Oropouche aumentou no pa\u00eds em decorr\u00eancia da <strong>estrat\u00e9gia do Minist\u00e9rio da Sa\u00fade de enviar testes diagn\u00f3sticos<\/strong> para todos os Laborat\u00f3rios Centrais de Sa\u00fade P\u00fablica (Lacen) do pa\u00eds, que passaram a testar para Oropouche os casos negativos para<strong> dengue, Zika e chikungunya.<\/strong> Anteriormente, <strong>esse tipo de exame<\/strong> <strong>ocorria apenas nos estados da regi\u00e3o Amaz\u00f4nica.<\/strong><\/p>\n\n\n\n<p>O Minist\u00e9rio da Sa\u00fade vem monitorando a situa\u00e7\u00e3o do Oropouche no Brasil em tempo real, por meio da Sala Nacional de Arboviroses. Ser\u00e1 publicado, nos pr\u00f3ximos dias, o <strong>Plano Nacional de Enfrentamento \u00e0s Arboviroses, incluindo dengue, Zika, chikungunya, <a href=\"https:\/\/www.gov.br\/saude\/pt-br\/assuntos\/saude-de-a-a-z\/o\/oropouche\" target=\"_blank\" rel=\"noreferrer noopener\">Oropouche.<\/a><\/strong><\/p>\n\n\n\n<h2 class=\"wp-block-heading\" id=\"h-aumento-de-casos-de-oropouche\"><span class=\"ez-toc-section\" id=\"Aumento_de_casos_de_Oropouche\"><\/span><strong>Aumento de casos de Oropouche<\/strong><span class=\"ez-toc-section-end\"><\/span><\/h2>\n\n\n\n<p>Registraram-se 7.286 casos de Oropouche, em 21 estados brasileiros, segundo dados at\u00e9 o dia 28 de julho de 2024. A maior parte dos casos ocorreram no Amazonas e em Rond\u00f4nia. A t\u00edtulo de compara\u00e7\u00e3o, em 2023 confirmaram-se 832 casos, ou seja, este ano j\u00e1 contabiliza um aumento de mais de 700%.<\/p>\n\n\n\n<p>Na semana passada, foram <strong>confirmados os primeiros dois \u00f3bitos pela doen\u00e7a no pa\u00eds<\/strong>. Os casos s\u00e3o de mulheres do interior do estado da Bahia, com menos de 30 anos, sem comorbidades, mas que tiveram <strong>sinais e sintomas semelhantes a um quadro de dengue grave.<\/strong><\/p>\n\n\n\n<h3 class=\"wp-block-heading\" id=\"h-sintomas-e-prevencao\"><span class=\"ez-toc-section\" id=\"Sintomas_e_prevencao\"><\/span><strong>Sintomas e preven\u00e7\u00e3o<\/strong><span class=\"ez-toc-section-end\"><\/span><\/h3>\n\n\n\n<p>O v\u00edrus \u00e9 transmitido por mosquitos infectados, do g\u00eanero <strong><em>Culicoides<\/em><\/strong>, conhecido como <strong>maruins e borrachudos<\/strong>. Os sintomas surgem tr\u00eas a oito dias ap\u00f3s a picada e, embora a maioria das pessoas tenha uma evolu\u00e7\u00e3o&nbsp;<strong>benigna e sem sequelas<\/strong>, parte dos pacientes pode apresentar&nbsp;<strong>recorr\u00eancia dos sintomas ap\u00f3s 1 a 2 semanas<\/strong>. Dentre os sintomas, podemos citar: <strong>febre, dor de cabe\u00e7a intensa, dor muscular, n\u00e1usea e diarreia.<\/strong><\/p>\n\n\n\n<p>Contudo, ainda n\u00e3o existem <strong>terapias espec\u00edficas ou vacinas para a doen\u00e7a. <\/strong>O tratamento \u00e9 focado em aliviar os sintomas e na preven\u00e7\u00e3o atrav\u00e9s da redu\u00e7\u00e3o das popula\u00e7\u00f5es de vetores e uso de repelentes. <\/p>\n\n\n\n<p>Al\u00e9m disso, existem algumas <strong>formas de preven\u00e7\u00e3o<\/strong>, como: <\/p>\n\n\n\n<ul class=\"wp-block-list\">\n<li>Uso de telas de malha fina em janelas;<\/li>\n\n\n\n<li>Recolhimento de folhas e frutos que caem no solo;<\/li>\n\n\n\n<li>Limpeza de terrenos e locais de cria\u00e7\u00e3o de animais;<\/li>\n\n\n\n<li>Usar roupas que cubram a maior parte do corpo;<\/li>\n\n\n\n<li>Aplica\u00e7\u00e3o de repelentes;<\/li>\n\n\n\n<li>Evitar o contato com \u00e1reas de ocorr\u00eancia e\/ou minimizar a exposi\u00e7\u00e3o \u00e0s picadas dos vetores.<\/li>\n<\/ul>\n\n\n\n<h2 class=\"wp-block-heading\" id=\"h-pesquisas-sobre-oropouche\"><span class=\"ez-toc-section\" id=\"Pesquisas_sobre_Oropouche\"><\/span><strong>Pesquisas sobre Oropouche<\/strong><span class=\"ez-toc-section-end\"><\/span><\/h2>\n\n\n\n<p>Na \u00faltima quinta-feira (1), o Minist\u00e9rio da Sa\u00fade em conjunto com a Secretaria Estadual de Sa\u00fade de Pernambuco, realizaram um semin\u00e1rio em Recife com a participa\u00e7\u00e3o de t\u00e9cnicos e gestores de diferentes estados, especialistas e cientistas. <\/p>\n\n\n\n<p>O Minist\u00e9rio da Sa\u00fade montou tr\u00eas grupos de pesquisa sobre Oropouche com objetivo de aprofundar o conhecimento sobre o transmissor da doen\u00e7a e o comportamento do v\u00edrus no organismo, al\u00e9m do acompanhamento de estudos cient\u00edficos em andamento. Sendo assim, esses estudos est\u00e3o sendo realizados em parceria com a <strong>Fiocruz, Instituto Evandro Chagas (IEC) e Funda\u00e7\u00e3o de Medicina Tropical Dr. Heitor Vieira Dourado<\/strong> do Amazonas.<\/p>\n\n\n\n<p>Um dos grupos de pesquisa est\u00e1 <strong>focado em informa\u00e7\u00f5es laboratoriais<\/strong>, tais como a linhagem do v\u00edrus e caracter\u00edsticas gen\u00f4micas. Outro grupo acompanha <strong>as manifesta\u00e7\u00f5es cl\u00ednicas dos pacientes<\/strong> e o terceiro <strong>investiga qual o ciclo da doen\u00e7a nos insetos transmissores.<\/strong><\/p>\n\n\n\n<h2 class=\"wp-block-heading\" id=\"h-seja-um-medcoffer\"><span class=\"ez-toc-section\" id=\"Seja_um_MedCoffer\"><\/span><strong>Seja um MedCoffer! <\/strong><span class=\"ez-toc-section-end\"><\/span><\/h2>\n\n\n\n<p>Quer alcan\u00e7ar a aprova\u00e7\u00e3o nas provas de resid\u00eancia m\u00e9dica? Ent\u00e3o seja um&nbsp;<a href=\"https:\/\/www.grupomedcof.com.br\/home\/\" target=\"_blank\" rel=\"noreferrer noopener\">MedCoffer<\/a>! Aqui te ajudaremos na busca da aprova\u00e7\u00e3o com conte\u00fados de qualidade e uma&nbsp;<a href=\"https:\/\/www.grupomedcof.com.br\/blog\/presenca-da-medcof-nas-aprovacoes-em-residencia-medica-no-brasil\/\" target=\"_blank\" rel=\"noreferrer noopener\">metodologia que j\u00e1 aprovou mais de 10 mil residentes no pa\u00eds!&nbsp;<\/a>Por fim, acesse o nosso<a href=\"https:\/\/www.youtube.com\/@GrupoMedcof\/featured\" target=\"_blank\" rel=\"noreferrer noopener\">&nbsp;<strong>canal do youtube&nbsp;<\/strong><\/a>para ver o nosso material.<\/p>\n\n\n\n<figure class=\"wp-block-embed is-type-video is-provider-youtube wp-block-embed-youtube wp-embed-aspect-16-9 wp-has-aspect-ratio\"><div class=\"wp-block-embed__wrapper\">\n<iframe loading=\"lazy\" title=\"Intensivo resid\u00eancia m\u00e9dica - MedCof HIIT Documento Confidencial\" width=\"696\" height=\"392\" src=\"https:\/\/www.youtube.com\/embed\/8h8e6sGkdko?feature=oembed\" frameborder=\"0\" allow=\"accelerometer; autoplay; clipboard-write; encrypted-media; gyroscope; picture-in-picture; web-share\" referrerpolicy=\"strict-origin-when-cross-origin\" allowfullscreen><\/iframe>\n<\/div><\/figure>\n","protected":false},"excerpt":{"rendered":"<p>O Minist\u00e9rio da Sa\u00fade confirmou na \u00faltima sexta-feira (2) o primeiro caso de \u00f3bito fetal por febre Oropouche.<\/p>\n","protected":false},"author":20,"featured_media":28452,"comment_status":"open","ping_status":"open","sticky":false,"template":"","format":"standard","meta":{"footnotes":""},"categories":[287,240],"tags":[804,1748,235,1749,1751],"ppma_author":[3616],"class_list":{"0":"post-28449","1":"post","2":"type-post","3":"status-publish","4":"format-standard","5":"has-post-thumbnail","7":"category-destaques-medcof","8":"category-noticias","9":"tag-dengue","10":"tag-febre-oropouche","11":"tag-ministerio-da-saude","12":"tag-obito-fetal","13":"tag-transmissao-vertical"},"yoast_head":"<!-- This site is optimized with the Yoast SEO Premium plugin v24.3 (Yoast SEO v27.4) - https:\/\/yoast.com\/product\/yoast-seo-premium-wordpress\/ -->\n<title>Minist\u00e9rio da Sa\u00fade confirma \u00f3bito fetal por febre Oropouche - Blog de Medcof: conte\u00fados, editais, revalida e mais!<\/title>\n<meta name=\"description\" content=\"O Minist\u00e9rio da Sa\u00fade confirmou na \u00faltima sexta-feira (2) o primeiro caso de \u00f3bito fetal por febre Oropouche.\" \/>\n<meta name=\"robots\" content=\"index, follow, max-snippet:-1, max-image-preview:large, max-video-preview:-1\" \/>\n<link rel=\"canonical\" href=\"https:\/\/www.grupomedcof.com.br\/blog\/ministerio-da-saude-confirma-obito-fetal-por-febre-oropouche\/\" \/>\n<meta property=\"og:locale\" content=\"pt_BR\" \/>\n<meta property=\"og:type\" content=\"article\" \/>\n<meta property=\"og:title\" content=\"Minist\u00e9rio da Sa\u00fade confirma \u00f3bito fetal por febre Oropouche\" \/>\n<meta property=\"og:description\" content=\"O Minist\u00e9rio da Sa\u00fade confirmou na \u00faltima sexta-feira (2) o primeiro caso de \u00f3bito fetal por febre Oropouche.\" \/>\n<meta property=\"og:url\" content=\"https:\/\/www.grupomedcof.com.br\/blog\/ministerio-da-saude-confirma-obito-fetal-por-febre-oropouche\/\" \/>\n<meta property=\"og:site_name\" content=\"Blog de Medcof: conte\u00fados, editais, revalida e mais!\" \/>\n<meta property=\"article:publisher\" content=\"https:\/\/www.facebook.com\/MedCofQbank\/\" \/>\n<meta property=\"article:published_time\" content=\"2024-08-06T12:48:46+00:00\" \/>\n<meta property=\"article:modified_time\" content=\"2024-08-06T13:55:52+00:00\" \/>\n<meta property=\"og:image\" content=\"https:\/\/www.grupomedcof.com.br\/blog\/wp-content\/uploads\/2024\/08\/Blog-MedCof-85-1024x576.png\" \/>\n\t<meta property=\"og:image:width\" content=\"1024\" \/>\n\t<meta property=\"og:image:height\" content=\"576\" \/>\n\t<meta property=\"og:image:type\" content=\"image\/png\" \/>\n<meta name=\"author\" content=\"Leila Menzel\" \/>\n<meta name=\"twitter:card\" content=\"summary_large_image\" \/>\n<meta name=\"twitter:label1\" content=\"Escrito por\" \/>\n\t<meta name=\"twitter:data1\" content=\"Leila Menzel\" \/>\n\t<meta name=\"twitter:label2\" content=\"Est. tempo de leitura\" \/>\n\t<meta name=\"twitter:data2\" content=\"5 minutos\" \/>\n<script type=\"application\/ld+json\" class=\"yoast-schema-graph\">{\"@context\":\"https:\\\/\\\/schema.org\",\"@graph\":[{\"@type\":\"Article\",\"@id\":\"https:\\\/\\\/www.grupomedcof.com.br\\\/blog\\\/ministerio-da-saude-confirma-obito-fetal-por-febre-oropouche\\\/#article\",\"isPartOf\":{\"@id\":\"https:\\\/\\\/www.grupomedcof.com.br\\\/blog\\\/ministerio-da-saude-confirma-obito-fetal-por-febre-oropouche\\\/\"},\"author\":{\"name\":\"Leila Menzel\",\"@id\":\"https:\\\/\\\/www.grupomedcof.com.br\\\/blog\\\/#\\\/schema\\\/person\\\/9a44c2184a836bf5ae6967fdb3a1451e\"},\"headline\":\"Minist\u00e9rio da Sa\u00fade confirma \u00f3bito fetal por febre Oropouche\",\"datePublished\":\"2024-08-06T12:48:46+00:00\",\"dateModified\":\"2024-08-06T13:55:52+00:00\",\"mainEntityOfPage\":{\"@id\":\"https:\\\/\\\/www.grupomedcof.com.br\\\/blog\\\/ministerio-da-saude-confirma-obito-fetal-por-febre-oropouche\\\/\"},\"wordCount\":839,\"commentCount\":0,\"publisher\":{\"@id\":\"https:\\\/\\\/www.grupomedcof.com.br\\\/blog\\\/#organization\"},\"image\":{\"@id\":\"https:\\\/\\\/www.grupomedcof.com.br\\\/blog\\\/ministerio-da-saude-confirma-obito-fetal-por-febre-oropouche\\\/#primaryimage\"},\"thumbnailUrl\":\"https:\\\/\\\/www.grupomedcof.com.br\\\/blog\\\/wp-content\\\/uploads\\\/2024\\\/08\\\/Blog-MedCof-85.png\",\"keywords\":[\"Dengue\",\"Febre Oropouche\",\"Minist\u00e9rio da Sa\u00fade\",\"\u00d3bito fetal\",\"Transmiss\u00e3o vertical\"],\"articleSection\":[\"Destaques MedCof\",\"Not\u00edcias\"],\"inLanguage\":\"pt-BR\"},{\"@type\":\"WebPage\",\"@id\":\"https:\\\/\\\/www.grupomedcof.com.br\\\/blog\\\/ministerio-da-saude-confirma-obito-fetal-por-febre-oropouche\\\/\",\"url\":\"https:\\\/\\\/www.grupomedcof.com.br\\\/blog\\\/ministerio-da-saude-confirma-obito-fetal-por-febre-oropouche\\\/\",\"name\":\"Minist\u00e9rio da Sa\u00fade confirma \u00f3bito fetal por febre Oropouche - Blog de Medcof: conte\u00fados, editais, revalida e mais!\",\"isPartOf\":{\"@id\":\"https:\\\/\\\/www.grupomedcof.com.br\\\/blog\\\/#website\"},\"primaryImageOfPage\":{\"@id\":\"https:\\\/\\\/www.grupomedcof.com.br\\\/blog\\\/ministerio-da-saude-confirma-obito-fetal-por-febre-oropouche\\\/#primaryimage\"},\"image\":{\"@id\":\"https:\\\/\\\/www.grupomedcof.com.br\\\/blog\\\/ministerio-da-saude-confirma-obito-fetal-por-febre-oropouche\\\/#primaryimage\"},\"thumbnailUrl\":\"https:\\\/\\\/www.grupomedcof.com.br\\\/blog\\\/wp-content\\\/uploads\\\/2024\\\/08\\\/Blog-MedCof-85.png\",\"datePublished\":\"2024-08-06T12:48:46+00:00\",\"dateModified\":\"2024-08-06T13:55:52+00:00\",\"description\":\"O Minist\u00e9rio da Sa\u00fade confirmou na \u00faltima sexta-feira (2) o primeiro caso de \u00f3bito fetal por febre Oropouche.\",\"breadcrumb\":{\"@id\":\"https:\\\/\\\/www.grupomedcof.com.br\\\/blog\\\/ministerio-da-saude-confirma-obito-fetal-por-febre-oropouche\\\/#breadcrumb\"},\"inLanguage\":\"pt-BR\",\"potentialAction\":[{\"@type\":\"ReadAction\",\"target\":[\"https:\\\/\\\/www.grupomedcof.com.br\\\/blog\\\/ministerio-da-saude-confirma-obito-fetal-por-febre-oropouche\\\/\"]}]},{\"@type\":\"ImageObject\",\"inLanguage\":\"pt-BR\",\"@id\":\"https:\\\/\\\/www.grupomedcof.com.br\\\/blog\\\/ministerio-da-saude-confirma-obito-fetal-por-febre-oropouche\\\/#primaryimage\",\"url\":\"https:\\\/\\\/www.grupomedcof.com.br\\\/blog\\\/wp-content\\\/uploads\\\/2024\\\/08\\\/Blog-MedCof-85.png\",\"contentUrl\":\"https:\\\/\\\/www.grupomedcof.com.br\\\/blog\\\/wp-content\\\/uploads\\\/2024\\\/08\\\/Blog-MedCof-85.png\",\"width\":2560,\"height\":1440},{\"@type\":\"BreadcrumbList\",\"@id\":\"https:\\\/\\\/www.grupomedcof.com.br\\\/blog\\\/ministerio-da-saude-confirma-obito-fetal-por-febre-oropouche\\\/#breadcrumb\",\"itemListElement\":[{\"@type\":\"ListItem\",\"position\":1,\"name\":\"In\u00edcio\",\"item\":\"https:\\\/\\\/www.grupomedcof.com.br\\\/blog\\\/\"},{\"@type\":\"ListItem\",\"position\":2,\"name\":\"Minist\u00e9rio da Sa\u00fade confirma \u00f3bito fetal por febre Oropouche\"}]},{\"@type\":\"WebSite\",\"@id\":\"https:\\\/\\\/www.grupomedcof.com.br\\\/blog\\\/#website\",\"url\":\"https:\\\/\\\/www.grupomedcof.com.br\\\/blog\\\/\",\"name\":\"Blog de Medcof: conte\u00fados, editais, revalida e mais!\",\"description\":\"Acesso o blog de MedCof! Seu portal de conte\u00fados sobre resid\u00eancia m\u00e9dica, an\u00e1lise e editais e muito mais. Clique e confira!\",\"publisher\":{\"@id\":\"https:\\\/\\\/www.grupomedcof.com.br\\\/blog\\\/#organization\"},\"alternateName\":\"Blog de Medcof: conte\u00fados, editais, revalida e mais!\",\"potentialAction\":[{\"@type\":\"SearchAction\",\"target\":{\"@type\":\"EntryPoint\",\"urlTemplate\":\"https:\\\/\\\/www.grupomedcof.com.br\\\/blog\\\/?s={search_term_string}\"},\"query-input\":{\"@type\":\"PropertyValueSpecification\",\"valueRequired\":true,\"valueName\":\"search_term_string\"}}],\"inLanguage\":\"pt-BR\"},{\"@type\":\"Organization\",\"@id\":\"https:\\\/\\\/www.grupomedcof.com.br\\\/blog\\\/#organization\",\"name\":\"Grupo MedCof\",\"url\":\"https:\\\/\\\/www.grupomedcof.com.br\\\/blog\\\/\",\"logo\":{\"@type\":\"ImageObject\",\"inLanguage\":\"pt-BR\",\"@id\":\"https:\\\/\\\/www.grupomedcof.com.br\\\/blog\\\/#\\\/schema\\\/logo\\\/image\\\/\",\"url\":\"https:\\\/\\\/www.grupomedcof.com.br\\\/blog\\\/wp-content\\\/uploads\\\/2022\\\/01\\\/logo-medcof.png\",\"contentUrl\":\"https:\\\/\\\/www.grupomedcof.com.br\\\/blog\\\/wp-content\\\/uploads\\\/2022\\\/01\\\/logo-medcof.png\",\"width\":768,\"height\":269,\"caption\":\"Grupo MedCof\"},\"image\":{\"@id\":\"https:\\\/\\\/www.grupomedcof.com.br\\\/blog\\\/#\\\/schema\\\/logo\\\/image\\\/\"},\"sameAs\":[\"https:\\\/\\\/www.facebook.com\\\/MedCofQbank\\\/\",\"https:\\\/\\\/www.instagram.com\\\/grupomedcof\\\/\",\"https:\\\/\\\/br.linkedin.com\\\/company\\\/medcof\",\"https:\\\/\\\/www.youtube.com\\\/channel\\\/UCdHMuOHKICxcHwecxN8P-AA\"]},{\"@type\":\"Person\",\"@id\":\"https:\\\/\\\/www.grupomedcof.com.br\\\/blog\\\/#\\\/schema\\\/person\\\/9a44c2184a836bf5ae6967fdb3a1451e\",\"name\":\"Leila Menzel\",\"image\":{\"@type\":\"ImageObject\",\"inLanguage\":\"pt-BR\",\"@id\":\"https:\\\/\\\/www.grupomedcof.com.br\\\/blog\\\/wp-content\\\/uploads\\\/2025\\\/09\\\/cropped-eu-96x96.jpeg19a74936d997c0a8b3031618467fa1d0\",\"url\":\"https:\\\/\\\/www.grupomedcof.com.br\\\/blog\\\/wp-content\\\/uploads\\\/2025\\\/09\\\/cropped-eu-96x96.jpeg\",\"contentUrl\":\"https:\\\/\\\/www.grupomedcof.com.br\\\/blog\\\/wp-content\\\/uploads\\\/2025\\\/09\\\/cropped-eu-96x96.jpeg\",\"caption\":\"Leila Menzel\"},\"description\":\"Estudante do 6\u00b0 semestre de jornalismo, amo e escrevo poesias e viajo em livros de romances clich\u00eas.\",\"url\":\"https:\\\/\\\/www.grupomedcof.com.br\\\/blog\\\/author\\\/leila-menzel\\\/\"}]}<\/script>\n<!-- \/ Yoast SEO Premium plugin. -->","yoast_head_json":{"title":"Minist\u00e9rio da Sa\u00fade confirma \u00f3bito fetal por febre Oropouche - Blog de Medcof: conte\u00fados, editais, revalida e mais!","description":"O Minist\u00e9rio da Sa\u00fade confirmou na \u00faltima sexta-feira (2) o primeiro caso de \u00f3bito fetal por febre Oropouche.","robots":{"index":"index","follow":"follow","max-snippet":"max-snippet:-1","max-image-preview":"max-image-preview:large","max-video-preview":"max-video-preview:-1"},"canonical":"https:\/\/www.grupomedcof.com.br\/blog\/ministerio-da-saude-confirma-obito-fetal-por-febre-oropouche\/","og_locale":"pt_BR","og_type":"article","og_title":"Minist\u00e9rio da Sa\u00fade confirma \u00f3bito fetal por febre Oropouche","og_description":"O Minist\u00e9rio da Sa\u00fade confirmou na \u00faltima sexta-feira (2) o primeiro caso de \u00f3bito fetal por febre Oropouche.","og_url":"https:\/\/www.grupomedcof.com.br\/blog\/ministerio-da-saude-confirma-obito-fetal-por-febre-oropouche\/","og_site_name":"Blog de Medcof: conte\u00fados, editais, revalida e mais!","article_publisher":"https:\/\/www.facebook.com\/MedCofQbank\/","article_published_time":"2024-08-06T12:48:46+00:00","article_modified_time":"2024-08-06T13:55:52+00:00","og_image":[{"width":1024,"height":576,"url":"https:\/\/www.grupomedcof.com.br\/blog\/wp-content\/uploads\/2024\/08\/Blog-MedCof-85-1024x576.png","type":"image\/png"}],"author":"Leila Menzel","twitter_card":"summary_large_image","twitter_misc":{"Escrito por":"Leila Menzel","Est. tempo de leitura":"5 minutos"},"schema":{"@context":"https:\/\/schema.org","@graph":[{"@type":"Article","@id":"https:\/\/www.grupomedcof.com.br\/blog\/ministerio-da-saude-confirma-obito-fetal-por-febre-oropouche\/#article","isPartOf":{"@id":"https:\/\/www.grupomedcof.com.br\/blog\/ministerio-da-saude-confirma-obito-fetal-por-febre-oropouche\/"},"author":{"name":"Leila Menzel","@id":"https:\/\/www.grupomedcof.com.br\/blog\/#\/schema\/person\/9a44c2184a836bf5ae6967fdb3a1451e"},"headline":"Minist\u00e9rio da Sa\u00fade confirma \u00f3bito fetal por febre Oropouche","datePublished":"2024-08-06T12:48:46+00:00","dateModified":"2024-08-06T13:55:52+00:00","mainEntityOfPage":{"@id":"https:\/\/www.grupomedcof.com.br\/blog\/ministerio-da-saude-confirma-obito-fetal-por-febre-oropouche\/"},"wordCount":839,"commentCount":0,"publisher":{"@id":"https:\/\/www.grupomedcof.com.br\/blog\/#organization"},"image":{"@id":"https:\/\/www.grupomedcof.com.br\/blog\/ministerio-da-saude-confirma-obito-fetal-por-febre-oropouche\/#primaryimage"},"thumbnailUrl":"https:\/\/www.grupomedcof.com.br\/blog\/wp-content\/uploads\/2024\/08\/Blog-MedCof-85.png","keywords":["Dengue","Febre Oropouche","Minist\u00e9rio da Sa\u00fade","\u00d3bito fetal","Transmiss\u00e3o vertical"],"articleSection":["Destaques MedCof","Not\u00edcias"],"inLanguage":"pt-BR"},{"@type":"WebPage","@id":"https:\/\/www.grupomedcof.com.br\/blog\/ministerio-da-saude-confirma-obito-fetal-por-febre-oropouche\/","url":"https:\/\/www.grupomedcof.com.br\/blog\/ministerio-da-saude-confirma-obito-fetal-por-febre-oropouche\/","name":"Minist\u00e9rio da Sa\u00fade confirma \u00f3bito fetal por febre Oropouche - Blog de Medcof: conte\u00fados, editais, revalida e mais!","isPartOf":{"@id":"https:\/\/www.grupomedcof.com.br\/blog\/#website"},"primaryImageOfPage":{"@id":"https:\/\/www.grupomedcof.com.br\/blog\/ministerio-da-saude-confirma-obito-fetal-por-febre-oropouche\/#primaryimage"},"image":{"@id":"https:\/\/www.grupomedcof.com.br\/blog\/ministerio-da-saude-confirma-obito-fetal-por-febre-oropouche\/#primaryimage"},"thumbnailUrl":"https:\/\/www.grupomedcof.com.br\/blog\/wp-content\/uploads\/2024\/08\/Blog-MedCof-85.png","datePublished":"2024-08-06T12:48:46+00:00","dateModified":"2024-08-06T13:55:52+00:00","description":"O Minist\u00e9rio da Sa\u00fade confirmou na \u00faltima sexta-feira (2) o primeiro caso de \u00f3bito fetal por febre Oropouche.","breadcrumb":{"@id":"https:\/\/www.grupomedcof.com.br\/blog\/ministerio-da-saude-confirma-obito-fetal-por-febre-oropouche\/#breadcrumb"},"inLanguage":"pt-BR","potentialAction":[{"@type":"ReadAction","target":["https:\/\/www.grupomedcof.com.br\/blog\/ministerio-da-saude-confirma-obito-fetal-por-febre-oropouche\/"]}]},{"@type":"ImageObject","inLanguage":"pt-BR","@id":"https:\/\/www.grupomedcof.com.br\/blog\/ministerio-da-saude-confirma-obito-fetal-por-febre-oropouche\/#primaryimage","url":"https:\/\/www.grupomedcof.com.br\/blog\/wp-content\/uploads\/2024\/08\/Blog-MedCof-85.png","contentUrl":"https:\/\/www.grupomedcof.com.br\/blog\/wp-content\/uploads\/2024\/08\/Blog-MedCof-85.png","width":2560,"height":1440},{"@type":"BreadcrumbList","@id":"https:\/\/www.grupomedcof.com.br\/blog\/ministerio-da-saude-confirma-obito-fetal-por-febre-oropouche\/#breadcrumb","itemListElement":[{"@type":"ListItem","position":1,"name":"In\u00edcio","item":"https:\/\/www.grupomedcof.com.br\/blog\/"},{"@type":"ListItem","position":2,"name":"Minist\u00e9rio da Sa\u00fade confirma \u00f3bito fetal por febre Oropouche"}]},{"@type":"WebSite","@id":"https:\/\/www.grupomedcof.com.br\/blog\/#website","url":"https:\/\/www.grupomedcof.com.br\/blog\/","name":"Blog de Medcof: conte\u00fados, editais, revalida e mais!","description":"Acesso o blog de MedCof! Seu portal de conte\u00fados sobre resid\u00eancia m\u00e9dica, an\u00e1lise e editais e muito mais. Clique e confira!","publisher":{"@id":"https:\/\/www.grupomedcof.com.br\/blog\/#organization"},"alternateName":"Blog de Medcof: conte\u00fados, editais, revalida e mais!","potentialAction":[{"@type":"SearchAction","target":{"@type":"EntryPoint","urlTemplate":"https:\/\/www.grupomedcof.com.br\/blog\/?s={search_term_string}"},"query-input":{"@type":"PropertyValueSpecification","valueRequired":true,"valueName":"search_term_string"}}],"inLanguage":"pt-BR"},{"@type":"Organization","@id":"https:\/\/www.grupomedcof.com.br\/blog\/#organization","name":"Grupo MedCof","url":"https:\/\/www.grupomedcof.com.br\/blog\/","logo":{"@type":"ImageObject","inLanguage":"pt-BR","@id":"https:\/\/www.grupomedcof.com.br\/blog\/#\/schema\/logo\/image\/","url":"https:\/\/www.grupomedcof.com.br\/blog\/wp-content\/uploads\/2022\/01\/logo-medcof.png","contentUrl":"https:\/\/www.grupomedcof.com.br\/blog\/wp-content\/uploads\/2022\/01\/logo-medcof.png","width":768,"height":269,"caption":"Grupo MedCof"},"image":{"@id":"https:\/\/www.grupomedcof.com.br\/blog\/#\/schema\/logo\/image\/"},"sameAs":["https:\/\/www.facebook.com\/MedCofQbank\/","https:\/\/www.instagram.com\/grupomedcof\/","https:\/\/br.linkedin.com\/company\/medcof","https:\/\/www.youtube.com\/channel\/UCdHMuOHKICxcHwecxN8P-AA"]},{"@type":"Person","@id":"https:\/\/www.grupomedcof.com.br\/blog\/#\/schema\/person\/9a44c2184a836bf5ae6967fdb3a1451e","name":"Leila Menzel","image":{"@type":"ImageObject","inLanguage":"pt-BR","@id":"https:\/\/www.grupomedcof.com.br\/blog\/wp-content\/uploads\/2025\/09\/cropped-eu-96x96.jpeg19a74936d997c0a8b3031618467fa1d0","url":"https:\/\/www.grupomedcof.com.br\/blog\/wp-content\/uploads\/2025\/09\/cropped-eu-96x96.jpeg","contentUrl":"https:\/\/www.grupomedcof.com.br\/blog\/wp-content\/uploads\/2025\/09\/cropped-eu-96x96.jpeg","caption":"Leila Menzel"},"description":"Estudante do 6\u00b0 semestre de jornalismo, amo e escrevo poesias e viajo em livros de romances clich\u00eas.","url":"https:\/\/www.grupomedcof.com.br\/blog\/author\/leila-menzel\/"}]}},"authors":[{"term_id":3616,"user_id":20,"is_guest":0,"slug":"leila-menzel","display_name":"Leila Menzel","avatar_url":"https:\/\/www.grupomedcof.com.br\/blog\/wp-content\/uploads\/2025\/09\/cropped-eu-96x96.jpeg","0":null,"1":"","2":"","3":"","4":"","5":"","6":"","7":"","8":""}],"_links":{"self":[{"href":"https:\/\/www.grupomedcof.com.br\/blog\/wp-json\/wp\/v2\/posts\/28449","targetHints":{"allow":["GET"]}}],"collection":[{"href":"https:\/\/www.grupomedcof.com.br\/blog\/wp-json\/wp\/v2\/posts"}],"about":[{"href":"https:\/\/www.grupomedcof.com.br\/blog\/wp-json\/wp\/v2\/types\/post"}],"author":[{"embeddable":true,"href":"https:\/\/www.grupomedcof.com.br\/blog\/wp-json\/wp\/v2\/users\/20"}],"replies":[{"embeddable":true,"href":"https:\/\/www.grupomedcof.com.br\/blog\/wp-json\/wp\/v2\/comments?post=28449"}],"version-history":[{"count":0,"href":"https:\/\/www.grupomedcof.com.br\/blog\/wp-json\/wp\/v2\/posts\/28449\/revisions"}],"wp:featuredmedia":[{"embeddable":true,"href":"https:\/\/www.grupomedcof.com.br\/blog\/wp-json\/wp\/v2\/media\/28452"}],"wp:attachment":[{"href":"https:\/\/www.grupomedcof.com.br\/blog\/wp-json\/wp\/v2\/media?parent=28449"}],"wp:term":[{"taxonomy":"category","embeddable":true,"href":"https:\/\/www.grupomedcof.com.br\/blog\/wp-json\/wp\/v2\/categories?post=28449"},{"taxonomy":"post_tag","embeddable":true,"href":"https:\/\/www.grupomedcof.com.br\/blog\/wp-json\/wp\/v2\/tags?post=28449"},{"taxonomy":"author","embeddable":true,"href":"https:\/\/www.grupomedcof.com.br\/blog\/wp-json\/wp\/v2\/ppma_author?post=28449"}],"curies":[{"name":"wp","href":"https:\/\/api.w.org\/{rel}","templated":true}]}}