{"id":28454,"date":"2025-09-08T07:46:16","date_gmt":"2025-09-08T10:46:16","guid":{"rendered":"https:\/\/www.grupomedcof.com.br\/blog\/?p=28454"},"modified":"2025-09-08T09:10:34","modified_gmt":"2025-09-08T12:10:34","slug":"edital-residencia-medica-fundacao-pio-xii","status":"publish","type":"post","link":"https:\/\/www.grupomedcof.com.br\/blog\/edital-residencia-medica-fundacao-pio-xii\/","title":{"rendered":"Edital Hospital de Amor de Barretos para resid\u00eancia m\u00e9dica 2025\/2026"},"content":{"rendered":"<div id=\"ez-toc-container\" class=\"ez-toc-v2_0_74 counter-hierarchy ez-toc-counter ez-toc-transparent ez-toc-container-direction\">\n<div class=\"ez-toc-title-container\">\n<p class=\"ez-toc-title\" style=\"cursor:inherit\">Sum\u00e1rio<\/p>\n<span class=\"ez-toc-title-toggle\"><a href=\"#\" class=\"ez-toc-pull-right ez-toc-btn ez-toc-btn-xs ez-toc-btn-default ez-toc-toggle\" aria-label=\"Alternar tabela de conte\u00fado\"><span class=\"ez-toc-js-icon-con\"><span class=\"\"><span class=\"eztoc-hide\" style=\"display:none;\">Toggle<\/span><span class=\"ez-toc-icon-toggle-span\"><svg style=\"fill: #999;color:#999\" xmlns=\"http:\/\/www.w3.org\/2000\/svg\" class=\"list-377408\" width=\"20px\" height=\"20px\" viewBox=\"0 0 24 24\" fill=\"none\"><path d=\"M6 6H4v2h2V6zm14 0H8v2h12V6zM4 11h2v2H4v-2zm16 0H8v2h12v-2zM4 16h2v2H4v-2zm16 0H8v2h12v-2z\" fill=\"currentColor\"><\/path><\/svg><svg style=\"fill: #999;color:#999\" class=\"arrow-unsorted-368013\" xmlns=\"http:\/\/www.w3.org\/2000\/svg\" width=\"10px\" height=\"10px\" viewBox=\"0 0 24 24\" version=\"1.2\" baseProfile=\"tiny\"><path d=\"M18.2 9.3l-6.2-6.3-6.2 6.3c-.2.2-.3.4-.3.7s.1.5.3.7c.2.2.4.3.7.3h11c.3 0 .5-.1.7-.3.2-.2.3-.5.3-.7s-.1-.5-.3-.7zM5.8 14.7l6.2 6.3 6.2-6.3c.2-.2.3-.5.3-.7s-.1-.5-.3-.7c-.2-.2-.4-.3-.7-.3h-11c-.3 0-.5.1-.7.3-.2.2-.3.5-.3.7s.1.5.3.7z\"\/><\/svg><\/span><\/span><\/span><\/a><\/span><\/div>\n<nav><ul class='ez-toc-list ez-toc-list-level-1 ' ><li class='ez-toc-page-1 ez-toc-heading-level-2'><a class=\"ez-toc-link ez-toc-heading-1\" href=\"https:\/\/www.grupomedcof.com.br\/blog\/edital-residencia-medica-fundacao-pio-xii\/#Informacoes_edital_Fundacao_Pio_XII_20252026\" >Informa\u00e7\u00f5es edital Funda\u00e7\u00e3o Pio XII 2025\/2026<\/a><\/li><li class='ez-toc-page-1 ez-toc-heading-level-2'><a class=\"ez-toc-link ez-toc-heading-2\" href=\"https:\/\/www.grupomedcof.com.br\/blog\/edital-residencia-medica-fundacao-pio-xii\/#Cronograma_Fundacao_Pio_XII_2025\" >Cronograma Funda\u00e7\u00e3o Pio XII 2025<\/a><\/li><li class='ez-toc-page-1 ez-toc-heading-level-2'><a class=\"ez-toc-link ez-toc-heading-3\" href=\"https:\/\/www.grupomedcof.com.br\/blog\/edital-residencia-medica-fundacao-pio-xii\/#Vagas_Hospital_de_Amor_de_Barretos_2026\" >Vagas Hospital de Amor de Barretos 2026<\/a><\/li><li class='ez-toc-page-1 ez-toc-heading-level-2'><a class=\"ez-toc-link ez-toc-heading-4\" href=\"https:\/\/www.grupomedcof.com.br\/blog\/edital-residencia-medica-fundacao-pio-xii\/#Edital_Fundacao_Pio_XII_2026\" >Edital Funda\u00e7\u00e3o Pio XII 2026<\/a><\/li><li class='ez-toc-page-1 ez-toc-heading-level-2'><a class=\"ez-toc-link ez-toc-heading-5\" href=\"https:\/\/www.grupomedcof.com.br\/blog\/edital-residencia-medica-fundacao-pio-xii\/#O_Hospital_de_Amor_de_Barretos\" >O Hospital de Amor de Barretos<\/a><\/li><li class='ez-toc-page-1 ez-toc-heading-level-2'><a class=\"ez-toc-link ez-toc-heading-6\" href=\"https:\/\/www.grupomedcof.com.br\/blog\/edital-residencia-medica-fundacao-pio-xii\/#Seja_um_MedCofer\" >Seja um MedCofer!<\/a><\/li><\/ul><\/nav><\/div>\n\n<figure class=\"wp-block-image size-large\"><img loading=\"lazy\" decoding=\"async\" width=\"1024\" height=\"576\" src=\"https:\/\/www.grupomedcof.com.br\/blog\/wp-content\/uploads\/2024\/08\/Modelo-instituicoes-62-1024x576.png\" alt=\"\" class=\"wp-image-28457\" srcset=\"https:\/\/www.grupomedcof.com.br\/blog\/wp-content\/uploads\/2024\/08\/Modelo-instituicoes-62-1024x576.png 1024w, https:\/\/www.grupomedcof.com.br\/blog\/wp-content\/uploads\/2024\/08\/Modelo-instituicoes-62-300x169.png 300w, https:\/\/www.grupomedcof.com.br\/blog\/wp-content\/uploads\/2024\/08\/Modelo-instituicoes-62-768x432.png 768w, https:\/\/www.grupomedcof.com.br\/blog\/wp-content\/uploads\/2024\/08\/Modelo-instituicoes-62-1536x864.png 1536w, https:\/\/www.grupomedcof.com.br\/blog\/wp-content\/uploads\/2024\/08\/Modelo-instituicoes-62-2048x1152.png 2048w, https:\/\/www.grupomedcof.com.br\/blog\/wp-content\/uploads\/2024\/08\/Modelo-instituicoes-62-747x420.png 747w, https:\/\/www.grupomedcof.com.br\/blog\/wp-content\/uploads\/2024\/08\/Modelo-instituicoes-62-150x84.png 150w, https:\/\/www.grupomedcof.com.br\/blog\/wp-content\/uploads\/2024\/08\/Modelo-instituicoes-62-696x392.png 696w, https:\/\/www.grupomedcof.com.br\/blog\/wp-content\/uploads\/2024\/08\/Modelo-instituicoes-62-1068x601.png 1068w, https:\/\/www.grupomedcof.com.br\/blog\/wp-content\/uploads\/2024\/08\/Modelo-instituicoes-62-1920x1080.png 1920w\" sizes=\"auto, (max-width: 1024px) 100vw, 1024px\" \/><\/figure>\n\n\n\n<p>A <strong>Funda\u00e7\u00e3o Pio XII&nbsp;<\/strong>&#8211; <strong>Hospital de Amor de Barretos<\/strong>, conhecido como Hospital do C\u00e2ncer de Barretos, divulgou na sexta-feira (5) o edital do processo seletivo para resid\u00eancia m\u00e9dica 2026. O processo ser\u00e1 organizado pela <strong>CONSESP<\/strong> e contar\u00e1 com 5 vagas para Endoscopia. <\/p>\n\n\n\n<h2 class=\"wp-block-heading\" id=\"h-informacoes-edital-fundacao-pio-xii-2025-2026\"><span class=\"ez-toc-section\" id=\"Informacoes_edital_Fundacao_Pio_XII_20252026\"><\/span><strong>Informa\u00e7\u00f5es edital Funda\u00e7\u00e3o Pio XII 2025\/2026<\/strong><span class=\"ez-toc-section-end\"><\/span><\/h2>\n\n\n\n<p>As inscri\u00e7\u00f5es come\u00e7am no dia <strong>21 de setembro <\/strong>e v\u00e3o at\u00e9 o dia <strong>30 de novembro de 2025<\/strong>, mediante pagamento da taxa no valor de <strong>R$ 600,00<\/strong>. O processo possui<strong> apenas uma etapa, a prova objetiva,<\/strong> que ocorrer\u00e1 no dia <strong>14 de dezembro de 2025<\/strong> em Barretos-SP, Presidente Prudente-SP e S\u00e3o Paulo capital.<\/p>\n\n\n\n<h2 class=\"wp-block-heading\" id=\"h-cronograma-fundacao-pio-xii-2025\"><span class=\"ez-toc-section\" id=\"Cronograma_Fundacao_Pio_XII_2025\"><\/span><strong>Cronograma Funda\u00e7\u00e3o Pio XII 2025<\/strong><span class=\"ez-toc-section-end\"><\/span><\/h2>\n\n\n\n<p>Sendo assim, confira outras informa\u00e7\u00f5es divulgadas pelo edital:<\/p>\n\n\n\n<figure class=\"wp-block-table\"><table class=\"has-fixed-layout\"><tbody><tr><td><strong>Vagas ofertadas<\/strong><\/td><td>5<\/td><\/tr><tr><td><strong>Inscri\u00e7\u00f5es<\/strong><\/td><td>21\/09 a 30\/11\/2025<\/td><\/tr><tr><td><strong>Taxa de inscri\u00e7\u00e3o<\/strong><\/td><td>R$600,00<\/td><\/tr><tr><td><strong>\u00daltimo dia para pagamento da Taxa de Inscri\u00e7\u00e3o \u2013 PIX<\/strong>&nbsp;|&nbsp;<strong>Boleto<\/strong><\/td><td>01\/12\/2025<\/td><\/tr><tr><td><strong>Composi\u00e7\u00e3o do processo seletivo<\/strong><\/td><td>Fase \u00fanica: Prova Objetiva<\/td><\/tr><tr><td><strong>Local de prova<\/strong><\/td><td>Barretos\/SP, Presidente Prudente\/SP e S\u00e3o Paulo (capital)<\/td><\/tr><tr><td><strong>Aplica\u00e7\u00e3o da Prova Objetiva<\/strong><\/td><td>14\/12\/2025<\/td><\/tr><tr><td><strong>Gabarito Preliminar<\/strong><\/td><td>15\/12\/2025 ap\u00f3s as 14h<\/td><\/tr><tr><td><strong>Recursos sobre o Gabarito Preliminar<\/strong><\/td><td>Ap\u00f3s as 14h do dia 15 at\u00e9 as 14h do dia<br>17\/12\/2025<\/td><\/tr><tr><td><strong>Resultado do Recursos<\/strong>&nbsp;<strong>e Resultado Preliminar<\/strong><\/td><td>30\/12\/2025 ap\u00f3s as 14h<\/td><\/tr><tr><td><strong>Recursos sobre Resultado Preliminar<\/strong><\/td><td>Ap\u00f3s as 14h do dia 30\/12\/2025 at\u00e9 as 14h<br>do dia 01\/01\/2026<\/td><\/tr><tr><td><strong>Resultado Final e Convoca\u00e7\u00e3o para Matr\u00edculas<\/strong><\/td><td>10 e 11\/02\/2026<\/td><\/tr><\/tbody><\/table><\/figure>\n\n\n\n<h2 class=\"wp-block-heading\" id=\"h-vagas-hospital-de-amor-de-barretos-2026\"><span class=\"ez-toc-section\" id=\"Vagas_Hospital_de_Amor_de_Barretos_2026\"><\/span><strong>Vagas Hospital de Amor de Barretos 2026<\/strong><span class=\"ez-toc-section-end\"><\/span><\/h2>\n\n\n\n<figure class=\"wp-block-table\"><table class=\"has-fixed-layout\"><tbody><tr><td><strong>Especialidades<\/strong><\/td><td><strong>Vagas<\/strong><\/td><\/tr><tr><td>Endoscopia<\/td><td>5<\/td><\/tr><\/tbody><\/table><\/figure>\n\n\n\n<h2 class=\"wp-block-heading\" id=\"h-edital-fundacao-pio-xii-2026\"><span class=\"ez-toc-section\" id=\"Edital_Fundacao_Pio_XII_2026\"><\/span><strong>Edital Funda\u00e7\u00e3o Pio XII 2026<\/strong><span class=\"ez-toc-section-end\"><\/span><\/h2>\n\n\n\n<p>Confira abaixo o edital divulgado pelo site do <strong>CONSESP<\/strong>:<\/p>\n\n\n\n<div class=\"wp-block-buttons is-layout-flex wp-block-buttons-is-layout-flex\">\n<div class=\"wp-block-button\"><a class=\"wp-block-button__link wp-element-button\" href=\"https:\/\/www.grupomedcof.com.br\/blog\/wp-content\/uploads\/2024\/08\/Edital-Fundacao-Pio-XII-2026.pdf\" target=\"_blank\" rel=\"noreferrer noopener\">Edital Pio XII 2026<\/a><\/div>\n<\/div>\n\n\n\n<h2 class=\"wp-block-heading\" id=\"h-o-hospital-de-amor-de-barretos\"><span class=\"ez-toc-section\" id=\"O_Hospital_de_Amor_de_Barretos\"><\/span><strong>O Hospital de Amor de Barretos <\/strong><span class=\"ez-toc-section-end\"><\/span><\/h2>\n\n\n\n<p>O Hospital de Amor de Barretos possui sede em Barretos e foi fundado em 1967. Anteriormente, era conhecido como Hospital do C\u00e2ncer de Barretos, e possui uma grande&nbsp;divulga\u00e7\u00e3o cient\u00edfica de ensino e pesquisa.<br>A institui\u00e7\u00e3o possui especializa\u00e7\u00e3o no&nbsp;tratamento e preven\u00e7\u00e3o do c\u00e2ncer, por\u00e9m tamb\u00e9m possui  o&nbsp;gerenciamento de importantes centros n\u00e3o oncol\u00f3gicos. <\/p>\n\n\n\n<h2 class=\"wp-block-heading\" id=\"h-seja-um-medcofer\"><span class=\"ez-toc-section\" id=\"Seja_um_MedCofer\"><\/span><strong>Seja um MedCofer! <\/strong><span class=\"ez-toc-section-end\"><\/span><\/h2>\n\n\n\n<p>Quer alcan\u00e7ar a aprova\u00e7\u00e3o nas provas de resid\u00eancia m\u00e9dica? Ent\u00e3o seja um&nbsp;<a href=\"https:\/\/www.grupomedcof.com.br\/home\/\" target=\"_blank\" rel=\"noreferrer noopener\">MedCofer<\/a>! Aqui te ajudaremos na busca da aprova\u00e7\u00e3o com conte\u00fados de qualidade e uma&nbsp;<a href=\"https:\/\/www.grupomedcof.com.br\/blog\/presenca-da-medcof-nas-aprovacoes-em-residencia-medica-no-brasil\/\" target=\"_blank\" rel=\"noreferrer noopener\">metodologia que j\u00e1 aprovou mais de 20 mil residentes no pa\u00eds!&nbsp;<\/a>Por fim, acesse o nosso<a href=\"https:\/\/www.youtube.com\/@GrupoMedcof\/featured\" target=\"_blank\" rel=\"noreferrer noopener\">&nbsp;<strong>canal do youtube&nbsp;<\/strong><\/a>para ver o nosso material.<\/p>\n\n\n\n<figure class=\"wp-block-embed is-type-video is-provider-youtube wp-block-embed-youtube wp-embed-aspect-16-9 wp-has-aspect-ratio\"><div class=\"wp-block-embed__wrapper\">\n<div class=\"youtube-embed\" data-video_id=\"2SgnxVeR3qY\"><iframe loading=\"lazy\" title=\"Desvendando a Endoscopia: Anatomia e Colangiografia em Detalhes. Com Dr. Felipe Nunes\" width=\"696\" height=\"392\" src=\"https:\/\/www.youtube.com\/embed\/2SgnxVeR3qY?feature=oembed&#038;enablejsapi=1\" frameborder=\"0\" allow=\"accelerometer; autoplay; clipboard-write; encrypted-media; gyroscope; picture-in-picture; web-share\" referrerpolicy=\"strict-origin-when-cross-origin\" allowfullscreen><\/iframe><\/div>\n<\/div><\/figure>\n","protected":false},"excerpt":{"rendered":"<p>A Funda\u00e7\u00e3o Pio XII divulgou o edital do processo seletivo para resid\u00eancia m\u00e9dica 2026. Confira as datas, fases, cronograma e mais!<\/p>\n","protected":false},"author":20,"featured_media":28457,"comment_status":"open","ping_status":"open","sticky":false,"template":"","format":"standard","meta":{"footnotes":""},"categories":[2023],"tags":[1466,93,1752,1753,1754,117,68],"ppma_author":[3616],"class_list":{"0":"post-28454","1":"post","2":"type-post","3":"status-publish","4":"format-standard","5":"has-post-thumbnail","7":"category-editais","8":"tag-edital-publicado","9":"tag-especialidades-medicas","10":"tag-fundacao-pio-xii","11":"tag-hospital-de-amor-de-barretos","12":"tag-hospital-do-cancer-de-barretos","13":"tag-provas-de-residencia","14":"tag-residencia-medica"},"yoast_head":"<!-- This site is optimized with the Yoast SEO Premium plugin v24.3 (Yoast SEO v27.4) - https:\/\/yoast.com\/product\/yoast-seo-premium-wordpress\/ -->\n<title>Edital Hospital de Amor de Barretos para resid\u00eancia m\u00e9dica 2025\/2026 - Blog de Medcof: conte\u00fados, editais, revalida e mais!<\/title>\n<meta name=\"description\" content=\"A Funda\u00e7\u00e3o Pio XII divulgou o edital do processo seletivo para resid\u00eancia m\u00e9dica 2026. Confira as datas, fases, cronograma e mais!\" \/>\n<meta name=\"robots\" content=\"index, follow, max-snippet:-1, max-image-preview:large, max-video-preview:-1\" \/>\n<link rel=\"canonical\" href=\"https:\/\/www.grupomedcof.com.br\/blog\/edital-residencia-medica-fundacao-pio-xii\/\" \/>\n<meta property=\"og:locale\" content=\"pt_BR\" \/>\n<meta property=\"og:type\" content=\"article\" \/>\n<meta property=\"og:title\" content=\"Edital Hospital de Amor de Barretos para resid\u00eancia m\u00e9dica 2025\/2026\" \/>\n<meta property=\"og:description\" content=\"A Funda\u00e7\u00e3o Pio XII divulgou o edital do processo seletivo para resid\u00eancia m\u00e9dica 2026. Confira as datas, fases, cronograma e mais!\" \/>\n<meta property=\"og:url\" content=\"https:\/\/www.grupomedcof.com.br\/blog\/edital-residencia-medica-fundacao-pio-xii\/\" \/>\n<meta property=\"og:site_name\" content=\"Blog de Medcof: conte\u00fados, editais, revalida e mais!\" \/>\n<meta property=\"article:publisher\" content=\"https:\/\/www.facebook.com\/MedCofQbank\/\" \/>\n<meta property=\"article:published_time\" content=\"2025-09-08T10:46:16+00:00\" \/>\n<meta property=\"article:modified_time\" content=\"2025-09-08T12:10:34+00:00\" \/>\n<meta property=\"og:image\" content=\"https:\/\/www.grupomedcof.com.br\/blog\/wp-content\/uploads\/2024\/08\/Modelo-instituicoes-62.png\" \/>\n\t<meta property=\"og:image:width\" content=\"2560\" \/>\n\t<meta property=\"og:image:height\" content=\"1440\" \/>\n\t<meta property=\"og:image:type\" content=\"image\/png\" \/>\n<meta name=\"author\" content=\"Leila Menzel\" \/>\n<meta name=\"twitter:card\" content=\"summary_large_image\" \/>\n<meta name=\"twitter:label1\" content=\"Escrito por\" \/>\n\t<meta name=\"twitter:data1\" content=\"Leila Menzel\" \/>\n\t<meta name=\"twitter:label2\" content=\"Est. tempo de leitura\" \/>\n\t<meta name=\"twitter:data2\" content=\"3 minutos\" \/>\n<script type=\"application\/ld+json\" class=\"yoast-schema-graph\">{\"@context\":\"https:\\\/\\\/schema.org\",\"@graph\":[{\"@type\":\"Article\",\"@id\":\"https:\\\/\\\/www.grupomedcof.com.br\\\/blog\\\/edital-residencia-medica-fundacao-pio-xii\\\/#article\",\"isPartOf\":{\"@id\":\"https:\\\/\\\/www.grupomedcof.com.br\\\/blog\\\/edital-residencia-medica-fundacao-pio-xii\\\/\"},\"author\":{\"name\":\"Leila Menzel\",\"@id\":\"https:\\\/\\\/www.grupomedcof.com.br\\\/blog\\\/#\\\/schema\\\/person\\\/9a44c2184a836bf5ae6967fdb3a1451e\"},\"headline\":\"Edital Hospital de Amor de Barretos para resid\u00eancia m\u00e9dica 2025\\\/2026\",\"datePublished\":\"2025-09-08T10:46:16+00:00\",\"dateModified\":\"2025-09-08T12:10:34+00:00\",\"mainEntityOfPage\":{\"@id\":\"https:\\\/\\\/www.grupomedcof.com.br\\\/blog\\\/edital-residencia-medica-fundacao-pio-xii\\\/\"},\"wordCount\":406,\"commentCount\":0,\"publisher\":{\"@id\":\"https:\\\/\\\/www.grupomedcof.com.br\\\/blog\\\/#organization\"},\"image\":{\"@id\":\"https:\\\/\\\/www.grupomedcof.com.br\\\/blog\\\/edital-residencia-medica-fundacao-pio-xii\\\/#primaryimage\"},\"thumbnailUrl\":\"https:\\\/\\\/www.grupomedcof.com.br\\\/blog\\\/wp-content\\\/uploads\\\/2024\\\/08\\\/Modelo-instituicoes-62.png\",\"keywords\":[\"Edital publicado\",\"Especialidades m\u00e9dicas\",\"Funda\u00e7\u00e3o Pio XII\",\"Hospital de Amor de Barretos\",\"Hospital do C\u00e2ncer de Barretos\",\"Provas de Resid\u00eancia\",\"Resid\u00eancia M\u00e9dica\"],\"articleSection\":[\"Editais\"],\"inLanguage\":\"pt-BR\"},{\"@type\":\"WebPage\",\"@id\":\"https:\\\/\\\/www.grupomedcof.com.br\\\/blog\\\/edital-residencia-medica-fundacao-pio-xii\\\/\",\"url\":\"https:\\\/\\\/www.grupomedcof.com.br\\\/blog\\\/edital-residencia-medica-fundacao-pio-xii\\\/\",\"name\":\"Edital Hospital de Amor de Barretos para resid\u00eancia m\u00e9dica 2025\\\/2026 - Blog de Medcof: conte\u00fados, editais, revalida e mais!\",\"isPartOf\":{\"@id\":\"https:\\\/\\\/www.grupomedcof.com.br\\\/blog\\\/#website\"},\"primaryImageOfPage\":{\"@id\":\"https:\\\/\\\/www.grupomedcof.com.br\\\/blog\\\/edital-residencia-medica-fundacao-pio-xii\\\/#primaryimage\"},\"image\":{\"@id\":\"https:\\\/\\\/www.grupomedcof.com.br\\\/blog\\\/edital-residencia-medica-fundacao-pio-xii\\\/#primaryimage\"},\"thumbnailUrl\":\"https:\\\/\\\/www.grupomedcof.com.br\\\/blog\\\/wp-content\\\/uploads\\\/2024\\\/08\\\/Modelo-instituicoes-62.png\",\"datePublished\":\"2025-09-08T10:46:16+00:00\",\"dateModified\":\"2025-09-08T12:10:34+00:00\",\"description\":\"A Funda\u00e7\u00e3o Pio XII divulgou o edital do processo seletivo para resid\u00eancia m\u00e9dica 2026. Confira as datas, fases, cronograma e mais!\",\"breadcrumb\":{\"@id\":\"https:\\\/\\\/www.grupomedcof.com.br\\\/blog\\\/edital-residencia-medica-fundacao-pio-xii\\\/#breadcrumb\"},\"inLanguage\":\"pt-BR\",\"potentialAction\":[{\"@type\":\"ReadAction\",\"target\":[\"https:\\\/\\\/www.grupomedcof.com.br\\\/blog\\\/edital-residencia-medica-fundacao-pio-xii\\\/\"]}]},{\"@type\":\"ImageObject\",\"inLanguage\":\"pt-BR\",\"@id\":\"https:\\\/\\\/www.grupomedcof.com.br\\\/blog\\\/edital-residencia-medica-fundacao-pio-xii\\\/#primaryimage\",\"url\":\"https:\\\/\\\/www.grupomedcof.com.br\\\/blog\\\/wp-content\\\/uploads\\\/2024\\\/08\\\/Modelo-instituicoes-62.png\",\"contentUrl\":\"https:\\\/\\\/www.grupomedcof.com.br\\\/blog\\\/wp-content\\\/uploads\\\/2024\\\/08\\\/Modelo-instituicoes-62.png\",\"width\":2560,\"height\":1440},{\"@type\":\"BreadcrumbList\",\"@id\":\"https:\\\/\\\/www.grupomedcof.com.br\\\/blog\\\/edital-residencia-medica-fundacao-pio-xii\\\/#breadcrumb\",\"itemListElement\":[{\"@type\":\"ListItem\",\"position\":1,\"name\":\"In\u00edcio\",\"item\":\"https:\\\/\\\/www.grupomedcof.com.br\\\/blog\\\/\"},{\"@type\":\"ListItem\",\"position\":2,\"name\":\"Edital Hospital de Amor de Barretos para resid\u00eancia m\u00e9dica 2025\\\/2026\"}]},{\"@type\":\"WebSite\",\"@id\":\"https:\\\/\\\/www.grupomedcof.com.br\\\/blog\\\/#website\",\"url\":\"https:\\\/\\\/www.grupomedcof.com.br\\\/blog\\\/\",\"name\":\"Blog de Medcof: conte\u00fados, editais, revalida e mais!\",\"description\":\"Acesso o blog de MedCof! Seu portal de conte\u00fados sobre resid\u00eancia m\u00e9dica, an\u00e1lise e editais e muito mais. Clique e confira!\",\"publisher\":{\"@id\":\"https:\\\/\\\/www.grupomedcof.com.br\\\/blog\\\/#organization\"},\"alternateName\":\"Blog de Medcof: conte\u00fados, editais, revalida e mais!\",\"potentialAction\":[{\"@type\":\"SearchAction\",\"target\":{\"@type\":\"EntryPoint\",\"urlTemplate\":\"https:\\\/\\\/www.grupomedcof.com.br\\\/blog\\\/?s={search_term_string}\"},\"query-input\":{\"@type\":\"PropertyValueSpecification\",\"valueRequired\":true,\"valueName\":\"search_term_string\"}}],\"inLanguage\":\"pt-BR\"},{\"@type\":\"Organization\",\"@id\":\"https:\\\/\\\/www.grupomedcof.com.br\\\/blog\\\/#organization\",\"name\":\"Grupo MedCof\",\"url\":\"https:\\\/\\\/www.grupomedcof.com.br\\\/blog\\\/\",\"logo\":{\"@type\":\"ImageObject\",\"inLanguage\":\"pt-BR\",\"@id\":\"https:\\\/\\\/www.grupomedcof.com.br\\\/blog\\\/#\\\/schema\\\/logo\\\/image\\\/\",\"url\":\"https:\\\/\\\/www.grupomedcof.com.br\\\/blog\\\/wp-content\\\/uploads\\\/2022\\\/01\\\/logo-medcof.png\",\"contentUrl\":\"https:\\\/\\\/www.grupomedcof.com.br\\\/blog\\\/wp-content\\\/uploads\\\/2022\\\/01\\\/logo-medcof.png\",\"width\":768,\"height\":269,\"caption\":\"Grupo MedCof\"},\"image\":{\"@id\":\"https:\\\/\\\/www.grupomedcof.com.br\\\/blog\\\/#\\\/schema\\\/logo\\\/image\\\/\"},\"sameAs\":[\"https:\\\/\\\/www.facebook.com\\\/MedCofQbank\\\/\",\"https:\\\/\\\/www.instagram.com\\\/grupomedcof\\\/\",\"https:\\\/\\\/br.linkedin.com\\\/company\\\/medcof\",\"https:\\\/\\\/www.youtube.com\\\/channel\\\/UCdHMuOHKICxcHwecxN8P-AA\"]},{\"@type\":\"Person\",\"@id\":\"https:\\\/\\\/www.grupomedcof.com.br\\\/blog\\\/#\\\/schema\\\/person\\\/9a44c2184a836bf5ae6967fdb3a1451e\",\"name\":\"Leila Menzel\",\"image\":{\"@type\":\"ImageObject\",\"inLanguage\":\"pt-BR\",\"@id\":\"https:\\\/\\\/www.grupomedcof.com.br\\\/blog\\\/wp-content\\\/uploads\\\/2025\\\/09\\\/cropped-eu-96x96.jpeg19a74936d997c0a8b3031618467fa1d0\",\"url\":\"https:\\\/\\\/www.grupomedcof.com.br\\\/blog\\\/wp-content\\\/uploads\\\/2025\\\/09\\\/cropped-eu-96x96.jpeg\",\"contentUrl\":\"https:\\\/\\\/www.grupomedcof.com.br\\\/blog\\\/wp-content\\\/uploads\\\/2025\\\/09\\\/cropped-eu-96x96.jpeg\",\"caption\":\"Leila Menzel\"},\"description\":\"Estudante do 6\u00b0 semestre de jornalismo, amo e escrevo poesias e viajo em livros de romances clich\u00eas.\",\"url\":\"https:\\\/\\\/www.grupomedcof.com.br\\\/blog\\\/author\\\/leila-menzel\\\/\"}]}<\/script>\n<!-- \/ Yoast SEO Premium plugin. -->","yoast_head_json":{"title":"Edital Hospital de Amor de Barretos para resid\u00eancia m\u00e9dica 2025\/2026 - Blog de Medcof: conte\u00fados, editais, revalida e mais!","description":"A Funda\u00e7\u00e3o Pio XII divulgou o edital do processo seletivo para resid\u00eancia m\u00e9dica 2026. Confira as datas, fases, cronograma e mais!","robots":{"index":"index","follow":"follow","max-snippet":"max-snippet:-1","max-image-preview":"max-image-preview:large","max-video-preview":"max-video-preview:-1"},"canonical":"https:\/\/www.grupomedcof.com.br\/blog\/edital-residencia-medica-fundacao-pio-xii\/","og_locale":"pt_BR","og_type":"article","og_title":"Edital Hospital de Amor de Barretos para resid\u00eancia m\u00e9dica 2025\/2026","og_description":"A Funda\u00e7\u00e3o Pio XII divulgou o edital do processo seletivo para resid\u00eancia m\u00e9dica 2026. Confira as datas, fases, cronograma e mais!","og_url":"https:\/\/www.grupomedcof.com.br\/blog\/edital-residencia-medica-fundacao-pio-xii\/","og_site_name":"Blog de Medcof: conte\u00fados, editais, revalida e mais!","article_publisher":"https:\/\/www.facebook.com\/MedCofQbank\/","article_published_time":"2025-09-08T10:46:16+00:00","article_modified_time":"2025-09-08T12:10:34+00:00","og_image":[{"width":2560,"height":1440,"url":"https:\/\/www.grupomedcof.com.br\/blog\/wp-content\/uploads\/2024\/08\/Modelo-instituicoes-62.png","type":"image\/png"}],"author":"Leila Menzel","twitter_card":"summary_large_image","twitter_misc":{"Escrito por":"Leila Menzel","Est. tempo de leitura":"3 minutos"},"schema":{"@context":"https:\/\/schema.org","@graph":[{"@type":"Article","@id":"https:\/\/www.grupomedcof.com.br\/blog\/edital-residencia-medica-fundacao-pio-xii\/#article","isPartOf":{"@id":"https:\/\/www.grupomedcof.com.br\/blog\/edital-residencia-medica-fundacao-pio-xii\/"},"author":{"name":"Leila Menzel","@id":"https:\/\/www.grupomedcof.com.br\/blog\/#\/schema\/person\/9a44c2184a836bf5ae6967fdb3a1451e"},"headline":"Edital Hospital de Amor de Barretos para resid\u00eancia m\u00e9dica 2025\/2026","datePublished":"2025-09-08T10:46:16+00:00","dateModified":"2025-09-08T12:10:34+00:00","mainEntityOfPage":{"@id":"https:\/\/www.grupomedcof.com.br\/blog\/edital-residencia-medica-fundacao-pio-xii\/"},"wordCount":406,"commentCount":0,"publisher":{"@id":"https:\/\/www.grupomedcof.com.br\/blog\/#organization"},"image":{"@id":"https:\/\/www.grupomedcof.com.br\/blog\/edital-residencia-medica-fundacao-pio-xii\/#primaryimage"},"thumbnailUrl":"https:\/\/www.grupomedcof.com.br\/blog\/wp-content\/uploads\/2024\/08\/Modelo-instituicoes-62.png","keywords":["Edital publicado","Especialidades m\u00e9dicas","Funda\u00e7\u00e3o Pio XII","Hospital de Amor de Barretos","Hospital do C\u00e2ncer de Barretos","Provas de Resid\u00eancia","Resid\u00eancia M\u00e9dica"],"articleSection":["Editais"],"inLanguage":"pt-BR"},{"@type":"WebPage","@id":"https:\/\/www.grupomedcof.com.br\/blog\/edital-residencia-medica-fundacao-pio-xii\/","url":"https:\/\/www.grupomedcof.com.br\/blog\/edital-residencia-medica-fundacao-pio-xii\/","name":"Edital Hospital de Amor de Barretos para resid\u00eancia m\u00e9dica 2025\/2026 - Blog de Medcof: conte\u00fados, editais, revalida e mais!","isPartOf":{"@id":"https:\/\/www.grupomedcof.com.br\/blog\/#website"},"primaryImageOfPage":{"@id":"https:\/\/www.grupomedcof.com.br\/blog\/edital-residencia-medica-fundacao-pio-xii\/#primaryimage"},"image":{"@id":"https:\/\/www.grupomedcof.com.br\/blog\/edital-residencia-medica-fundacao-pio-xii\/#primaryimage"},"thumbnailUrl":"https:\/\/www.grupomedcof.com.br\/blog\/wp-content\/uploads\/2024\/08\/Modelo-instituicoes-62.png","datePublished":"2025-09-08T10:46:16+00:00","dateModified":"2025-09-08T12:10:34+00:00","description":"A Funda\u00e7\u00e3o Pio XII divulgou o edital do processo seletivo para resid\u00eancia m\u00e9dica 2026. Confira as datas, fases, cronograma e mais!","breadcrumb":{"@id":"https:\/\/www.grupomedcof.com.br\/blog\/edital-residencia-medica-fundacao-pio-xii\/#breadcrumb"},"inLanguage":"pt-BR","potentialAction":[{"@type":"ReadAction","target":["https:\/\/www.grupomedcof.com.br\/blog\/edital-residencia-medica-fundacao-pio-xii\/"]}]},{"@type":"ImageObject","inLanguage":"pt-BR","@id":"https:\/\/www.grupomedcof.com.br\/blog\/edital-residencia-medica-fundacao-pio-xii\/#primaryimage","url":"https:\/\/www.grupomedcof.com.br\/blog\/wp-content\/uploads\/2024\/08\/Modelo-instituicoes-62.png","contentUrl":"https:\/\/www.grupomedcof.com.br\/blog\/wp-content\/uploads\/2024\/08\/Modelo-instituicoes-62.png","width":2560,"height":1440},{"@type":"BreadcrumbList","@id":"https:\/\/www.grupomedcof.com.br\/blog\/edital-residencia-medica-fundacao-pio-xii\/#breadcrumb","itemListElement":[{"@type":"ListItem","position":1,"name":"In\u00edcio","item":"https:\/\/www.grupomedcof.com.br\/blog\/"},{"@type":"ListItem","position":2,"name":"Edital Hospital de Amor de Barretos para resid\u00eancia m\u00e9dica 2025\/2026"}]},{"@type":"WebSite","@id":"https:\/\/www.grupomedcof.com.br\/blog\/#website","url":"https:\/\/www.grupomedcof.com.br\/blog\/","name":"Blog de Medcof: conte\u00fados, editais, revalida e mais!","description":"Acesso o blog de MedCof! Seu portal de conte\u00fados sobre resid\u00eancia m\u00e9dica, an\u00e1lise e editais e muito mais. Clique e confira!","publisher":{"@id":"https:\/\/www.grupomedcof.com.br\/blog\/#organization"},"alternateName":"Blog de Medcof: conte\u00fados, editais, revalida e mais!","potentialAction":[{"@type":"SearchAction","target":{"@type":"EntryPoint","urlTemplate":"https:\/\/www.grupomedcof.com.br\/blog\/?s={search_term_string}"},"query-input":{"@type":"PropertyValueSpecification","valueRequired":true,"valueName":"search_term_string"}}],"inLanguage":"pt-BR"},{"@type":"Organization","@id":"https:\/\/www.grupomedcof.com.br\/blog\/#organization","name":"Grupo MedCof","url":"https:\/\/www.grupomedcof.com.br\/blog\/","logo":{"@type":"ImageObject","inLanguage":"pt-BR","@id":"https:\/\/www.grupomedcof.com.br\/blog\/#\/schema\/logo\/image\/","url":"https:\/\/www.grupomedcof.com.br\/blog\/wp-content\/uploads\/2022\/01\/logo-medcof.png","contentUrl":"https:\/\/www.grupomedcof.com.br\/blog\/wp-content\/uploads\/2022\/01\/logo-medcof.png","width":768,"height":269,"caption":"Grupo MedCof"},"image":{"@id":"https:\/\/www.grupomedcof.com.br\/blog\/#\/schema\/logo\/image\/"},"sameAs":["https:\/\/www.facebook.com\/MedCofQbank\/","https:\/\/www.instagram.com\/grupomedcof\/","https:\/\/br.linkedin.com\/company\/medcof","https:\/\/www.youtube.com\/channel\/UCdHMuOHKICxcHwecxN8P-AA"]},{"@type":"Person","@id":"https:\/\/www.grupomedcof.com.br\/blog\/#\/schema\/person\/9a44c2184a836bf5ae6967fdb3a1451e","name":"Leila Menzel","image":{"@type":"ImageObject","inLanguage":"pt-BR","@id":"https:\/\/www.grupomedcof.com.br\/blog\/wp-content\/uploads\/2025\/09\/cropped-eu-96x96.jpeg19a74936d997c0a8b3031618467fa1d0","url":"https:\/\/www.grupomedcof.com.br\/blog\/wp-content\/uploads\/2025\/09\/cropped-eu-96x96.jpeg","contentUrl":"https:\/\/www.grupomedcof.com.br\/blog\/wp-content\/uploads\/2025\/09\/cropped-eu-96x96.jpeg","caption":"Leila Menzel"},"description":"Estudante do 6\u00b0 semestre de jornalismo, amo e escrevo poesias e viajo em livros de romances clich\u00eas.","url":"https:\/\/www.grupomedcof.com.br\/blog\/author\/leila-menzel\/"}]}},"authors":[{"term_id":3616,"user_id":20,"is_guest":0,"slug":"leila-menzel","display_name":"Leila Menzel","avatar_url":"https:\/\/www.grupomedcof.com.br\/blog\/wp-content\/uploads\/2025\/09\/cropped-eu-96x96.jpeg","0":null,"1":"","2":"","3":"","4":"","5":"","6":"","7":"","8":""}],"_links":{"self":[{"href":"https:\/\/www.grupomedcof.com.br\/blog\/wp-json\/wp\/v2\/posts\/28454","targetHints":{"allow":["GET"]}}],"collection":[{"href":"https:\/\/www.grupomedcof.com.br\/blog\/wp-json\/wp\/v2\/posts"}],"about":[{"href":"https:\/\/www.grupomedcof.com.br\/blog\/wp-json\/wp\/v2\/types\/post"}],"author":[{"embeddable":true,"href":"https:\/\/www.grupomedcof.com.br\/blog\/wp-json\/wp\/v2\/users\/20"}],"replies":[{"embeddable":true,"href":"https:\/\/www.grupomedcof.com.br\/blog\/wp-json\/wp\/v2\/comments?post=28454"}],"version-history":[{"count":2,"href":"https:\/\/www.grupomedcof.com.br\/blog\/wp-json\/wp\/v2\/posts\/28454\/revisions"}],"predecessor-version":[{"id":37655,"href":"https:\/\/www.grupomedcof.com.br\/blog\/wp-json\/wp\/v2\/posts\/28454\/revisions\/37655"}],"wp:featuredmedia":[{"embeddable":true,"href":"https:\/\/www.grupomedcof.com.br\/blog\/wp-json\/wp\/v2\/media\/28457"}],"wp:attachment":[{"href":"https:\/\/www.grupomedcof.com.br\/blog\/wp-json\/wp\/v2\/media?parent=28454"}],"wp:term":[{"taxonomy":"category","embeddable":true,"href":"https:\/\/www.grupomedcof.com.br\/blog\/wp-json\/wp\/v2\/categories?post=28454"},{"taxonomy":"post_tag","embeddable":true,"href":"https:\/\/www.grupomedcof.com.br\/blog\/wp-json\/wp\/v2\/tags?post=28454"},{"taxonomy":"author","embeddable":true,"href":"https:\/\/www.grupomedcof.com.br\/blog\/wp-json\/wp\/v2\/ppma_author?post=28454"}],"curies":[{"name":"wp","href":"https:\/\/api.w.org\/{rel}","templated":true}]}}